{"id":38378,"date":"2025-03-28T18:41:59","date_gmt":"2025-03-28T15:41:59","guid":{"rendered":"https:\/\/denizcankizil.tr\/uncategorized-tr\/sevcan-demirin-davasina-iskenderunda-destek\/"},"modified":"2025-03-28T18:41:59","modified_gmt":"2025-03-28T15:41:59","slug":"sevcan-demirin-davasina-iskenderunda-destek","status":"publish","type":"post","link":"https:\/\/denizcankizil.tr\/de\/haberler\/gundem\/sevcan-demirin-davasina-iskenderunda-destek\/","title":{"rendered":"Sevcan Demir\u2019in Davas\u0131na \u0130skenderun\u2019da destek\u2026"},"content":{"rendered":"<p>Sevcan Demir\u2019in ailesi, yak\u0131nlar\u0131, davan\u0131n takip\u00e7ileri, avukatlar\u0131 ve \u00e7e\u015fitli siyasi parti temsilcileri, kad\u0131na y\u00f6nelik \u015fiddetle m\u00fccadelede kararl\u0131 olduklar\u0131n\u0131 vurgulamak i\u00e7in bir araya geldi. Bas\u0131n a\u00e7\u0131klamas\u0131na, CHP Hatay Milletvekili Nermin Y\u0131ld\u0131r\u0131m Kara, CHP \u0130skenderun \u0130l\u00e7e Ba\u015fkan\u0131 Av. H\u00fcseyin Derin, DEM Parti \u0130skenderun E\u015f Ba\u015fkan\u0131 Fidan Durmu\u015f, Emek Partisi ve bir\u00e7ok sivil toplum kurulu\u015fu temsilcisi destek verdi.<\/p>\n<p>Sevcan Demir\u2019in katledilmesinin ard\u0131ndan, kad\u0131na y\u00f6nelik cinayetlerin durdurulmas\u0131 ve hukuki olarak en a\u011f\u0131r cezalar\u0131n uygulanmas\u0131 gerekti\u011fine vurgu yap\u0131lan bas\u0131n a\u00e7\u0131klamas\u0131n\u0131 \u0130HD \u0130skenderun \u015eube E\u015f Ba\u015fkan\u0131 Ayten K\u0131l\u0131n\u00e7 kamuoyu ile payla\u015ft\u0131.<\/p>\n<p>Bas\u0131n a\u00e7\u0131klamas\u0131nda \u2018Kad\u0131n cinayetlerinin h\u0131z kesmeden devam etti\u011fi\u2019ne dikkat \u00e7eken Ayten K\u0131l\u0131n\u00e7 \u201cHer g\u00fcn en az 2-3 kad\u0131n \u00f6ld\u00fcr\u00fcl\u00fcyor. Bug\u00fcn burada, 15 g\u00fcn \u00f6nce Antalya\u2019da e\u015fi taraf\u0131ndan \u00f6ld\u00fcr\u00fclen Sevcan Demir\u2019in yan\u0131nda oldu\u011fumuzu ve davan\u0131n takip\u00e7isi olaca\u011f\u0131m\u0131z\u0131 s\u00f6ylemek i\u00e7in topland\u0131k. Kad\u0131n cinayetlerinin durdurulamamas\u0131n\u0131n sorumlular\u0131, kad\u0131n-erkek e\u015fitli\u011fine kar\u015f\u0131 \u00e7\u0131kanlar, 6284 Say\u0131l\u0131 Kad\u0131na Kar\u015f\u0131 \u015eiddetle M\u00fccadele Yasas\u0131\u2019na sald\u0131ranlar ve \u0130stanbul S\u00f6zle\u015fmesi\u2019ni hukuksuz bir \u015fekilde feshedenlerdir. Yarg\u0131 sistemindeki cezai yapt\u0131r\u0131mlar\u0131n yetersizli\u011fi, kad\u0131nlar\u0131n ya\u015fam\u0131n\u0131 tehlikeye atmaktad\u0131r\u201d dedi.<\/p>\n<p>&#8220;KADIN C\u0130NAYETLER\u0130NDE CEZA<\/p>\n<p>\u0130ND\u0130R\u0130M\u0130NE SON VER\u0130LS\u0130N&#8221;<\/p>\n<p>Kad\u0131n cinayetlerinin bir\u00e7o\u011funda &#8220;haks\u0131z tahrik&#8221; ve &#8220;iyi hal&#8221; indirimlerinin \u00f6ne \u00e7\u0131kt\u0131\u011f\u0131n\u0131 belirten K\u0131l\u0131n\u00e7, bu uygulamalara kar\u015f\u0131 olduklar\u0131na vurgu yaparak \u201cKad\u0131n cinayetlerinde ceza indirim gerek\u00e7eleri, \u00f6zellikle \u2018haks\u0131z tahrik\u2019 ve \u2018takdiri indirim nedenleri\u2019 ile s\u0131k\u00e7a kar\u015f\u0131la\u015f\u0131yoruz. Sevcan Demir davas\u0131nda, \u2018iyi hal\u2019, \u2018haks\u0131z tahrik\u2019 ve \u2018ak\u0131l sa\u011fl\u0131\u011f\u0131 yerinde de\u011fildir\u2019 gibi gerek\u00e7elerden uzak durulmas\u0131n\u0131 bekliyoruz. Bu t\u00fcr indirimlerin, cinayetlerin \u00f6nlenmesi i\u00e7in bir engel olu\u015fturdu\u011funu d\u00fc\u015f\u00fcn\u00fcyoruz. H\u00fck\u00fcmete bir kez daha kad\u0131na kar\u015f\u0131 \u015fiddetle m\u00fccadelede etkin ad\u0131mlar atma \u00e7a\u011fr\u0131s\u0131 yap\u0131yoruz: \u201cKad\u0131na Kar\u015f\u0131 \u015eiddetin \u00d6nlenmesine dair 6284 say\u0131l\u0131 Kanun\u2019un etkin \u015fekilde uygulanmas\u0131n\u0131 talep ediyoruz. Ayr\u0131ca, iyi hal ve haks\u0131z tahrik indirimlerinden vazge\u00e7ilmesini, her semtte kad\u0131n dan\u0131\u015fma merkezlerinin a\u00e7\u0131lmas\u0131n\u0131 ve \u015fiddet ma\u011fdurlar\u0131 i\u00e7in Alo \u015eiddet Hatt\u0131&#8217;n\u0131n daha etkin kullan\u0131lmas\u0131n\u0131 istiyoruz\u201d diye konu\u015ftu.<\/p>\n<p>CHP Hatay Milletvekili Nermin Y\u0131ld\u0131r\u0131m Kara da \u015funlar\u0131 kaydetti: &#8220;Kad\u0131na y\u00f6nelik \u015fiddet, taciz ve tecav\u00fczler ile m\u00fccadeleye kararl\u0131l\u0131kla devam edece\u011fiz. 2025 y\u0131l\u0131 \u2018Aile Y\u0131l\u0131\u2019 olarak ilan edilmi\u015fken, kad\u0131na y\u00f6nelik \u015fiddet ve cinayetlerin artmaya devam etmesi kabul edilemez. Bu davalar\u0131n takip\u00e7isi olaca\u011f\u0131m\u0131z\u0131 bir kez daha ifade ediyorum\u2026&#8221;<\/p>\n<p>\u200bAntalya\u2019da e\u015fi taraf\u0131ndan \u00f6ld\u00fcr\u00fclen Sevcan Demir\u2019in davas\u0131, \u0130HD (\u0130nsan Haklar\u0131 Derne\u011fi) \u0130skenderun \u015eubesi taraf\u0131ndan d\u00fczenlenen bas\u0131n a\u00e7\u0131klamas\u0131yla g\u00fcndeme getirildi.\u00a0<\/p>\n<p>\u200bHaberin Al\u0131nt\u0131land\u0131\u011f\u0131 Kaynak: www.iskenderun.org<\/p>","protected":false},"excerpt":{"rendered":"<p>Sevcan Demir\u2019in ailesi, yak\u0131nlar\u0131, davan\u0131n takip\u00e7ileri, avukatlar\u0131 ve \u00e7e\u015fitli siyasi parti temsilcileri, kad\u0131na y\u00f6nelik \u015fiddetle m\u00fccadelede kararl\u0131 olduklar\u0131n\u0131 vurgulamak i\u00e7in bir araya geldi. Bas\u0131n a\u00e7\u0131klamas\u0131na, CHP Hatay Milletvekili Nermin Y\u0131ld\u0131r\u0131m Kara, CHP \u0130skenderun \u0130l\u00e7e Ba\u015fkan\u0131 Av. H\u00fcseyin Derin, DEM Parti \u0130skenderun E\u015f Ba\u015fkan\u0131 Fidan Durmu\u015f, Emek Partisi ve bir\u00e7ok sivil toplum kurulu\u015fu temsilcisi destek verdi. Sevcan Demir\u2019in katledilmesinin ard\u0131ndan, kad\u0131na y\u00f6nelik cinayetlerin durdurulmas\u0131 ve hukuki olarak en a\u011f\u0131r cezalar\u0131n uygulanmas\u0131 gerekti\u011fine vurgu yap\u0131lan bas\u0131n a\u00e7\u0131klamas\u0131n\u0131 \u0130HD \u0130skenderun \u015eube E\u015f Ba\u015fkan\u0131 Ayten K\u0131l\u0131n\u00e7 kamuoyu ile payla\u015ft\u0131. Bas\u0131n a\u00e7\u0131klamas\u0131nda \u2018Kad\u0131n cinayetlerinin h\u0131z kesmeden devam etti\u011fi\u2019ne dikkat \u00e7eken Ayten K\u0131l\u0131n\u00e7 \u201cHer g\u00fcn en az 2-3 kad\u0131n \u00f6ld\u00fcr\u00fcl\u00fcyor. Bug\u00fcn burada, 15 g\u00fcn \u00f6nce Antalya\u2019da e\u015fi taraf\u0131ndan \u00f6ld\u00fcr\u00fclen Sevcan Demir\u2019in yan\u0131nda oldu\u011fumuzu ve davan\u0131n takip\u00e7isi olaca\u011f\u0131m\u0131z\u0131 s\u00f6ylemek i\u00e7in topland\u0131k. Kad\u0131n cinayetlerinin durdurulamamas\u0131n\u0131n sorumlular\u0131, kad\u0131n-erkek e\u015fitli\u011fine kar\u015f\u0131 \u00e7\u0131kanlar, 6284 Say\u0131l\u0131 Kad\u0131na Kar\u015f\u0131 \u015eiddetle M\u00fccadele Yasas\u0131\u2019na sald\u0131ranlar ve \u0130stanbul S\u00f6zle\u015fmesi\u2019ni hukuksuz bir \u015fekilde feshedenlerdir. Yarg\u0131 sistemindeki cezai yapt\u0131r\u0131mlar\u0131n yetersizli\u011fi, kad\u0131nlar\u0131n ya\u015fam\u0131n\u0131 tehlikeye atmaktad\u0131r\u201d dedi. &#8220;KADIN C\u0130NAYETLER\u0130NDE CEZA \u0130ND\u0130R\u0130M\u0130NE SON VER\u0130LS\u0130N&#8221; Kad\u0131n cinayetlerinin bir\u00e7o\u011funda &#8220;haks\u0131z tahrik&#8221; ve &#8220;iyi hal&#8221; indirimlerinin \u00f6ne \u00e7\u0131kt\u0131\u011f\u0131n\u0131 belirten K\u0131l\u0131n\u00e7, bu uygulamalara kar\u015f\u0131 olduklar\u0131na vurgu yaparak \u201cKad\u0131n cinayetlerinde ceza indirim gerek\u00e7eleri, \u00f6zellikle \u2018haks\u0131z tahrik\u2019 ve \u2018takdiri indirim nedenleri\u2019 ile s\u0131k\u00e7a kar\u015f\u0131la\u015f\u0131yoruz. Sevcan Demir davas\u0131nda, &hellip;<\/p>","protected":false},"author":1,"featured_media":0,"comment_status":"","ping_status":"open","sticky":false,"template":"","format":"standard","meta":{"_acf_changed":false,"footnotes":""},"categories":[24],"tags":[],"class_list":["post-38378","post","type-post","status-publish","format-standard","has-post-thumbnail","hentry","category-gundem"],"acf":[],"yoast_head":"<!-- This site is optimized with the Yoast SEO Premium plugin v26.6 (Yoast SEO v27.1.1) - https:\/\/yoast.com\/product\/yoast-seo-premium-wordpress\/ -->\n<title>Sevcan Demir\u2019in Davas\u0131na \u0130skenderun\u2019da destek\u2026 - Av. Deniz Can K\u0131z\u0131l<\/title>\n<meta name=\"robots\" content=\"index, follow, max-snippet:-1, max-image-preview:large, max-video-preview:-1\" \/>\n<link rel=\"canonical\" href=\"https:\/\/denizcankizil.tr\/de\/haberler\/gundem\/sevcan-demirin-davasina-iskenderunda-destek\/\" \/>\n<meta property=\"og:locale\" content=\"de_DE\" \/>\n<meta property=\"og:type\" content=\"article\" \/>\n<meta property=\"og:title\" content=\"Sevcan Demir\u2019in Davas\u0131na \u0130skenderun\u2019da destek\u2026\" \/>\n<meta property=\"og:description\" content=\"Sevcan Demir\u2019in ailesi, yak\u0131nlar\u0131, davan\u0131n takip\u00e7ileri, avukatlar\u0131 ve \u00e7e\u015fitli siyasi parti temsilcileri, kad\u0131na y\u00f6nelik \u015fiddetle m\u00fccadelede kararl\u0131 olduklar\u0131n\u0131 vurgulamak i\u00e7in bir araya geldi. Bas\u0131n a\u00e7\u0131klamas\u0131na, CHP Hatay Milletvekili Nermin Y\u0131ld\u0131r\u0131m Kara, CHP \u0130skenderun \u0130l\u00e7e Ba\u015fkan\u0131 Av. H\u00fcseyin Derin, DEM Parti \u0130skenderun E\u015f Ba\u015fkan\u0131 Fidan Durmu\u015f, Emek Partisi ve bir\u00e7ok sivil toplum kurulu\u015fu temsilcisi destek verdi. Sevcan Demir\u2019in katledilmesinin ard\u0131ndan, kad\u0131na y\u00f6nelik cinayetlerin durdurulmas\u0131 ve hukuki olarak en a\u011f\u0131r cezalar\u0131n uygulanmas\u0131 gerekti\u011fine vurgu yap\u0131lan bas\u0131n a\u00e7\u0131klamas\u0131n\u0131 \u0130HD \u0130skenderun \u015eube E\u015f Ba\u015fkan\u0131 Ayten K\u0131l\u0131n\u00e7 kamuoyu ile payla\u015ft\u0131. Bas\u0131n a\u00e7\u0131klamas\u0131nda \u2018Kad\u0131n cinayetlerinin h\u0131z kesmeden devam etti\u011fi\u2019ne dikkat \u00e7eken Ayten K\u0131l\u0131n\u00e7 \u201cHer g\u00fcn en az 2-3 kad\u0131n \u00f6ld\u00fcr\u00fcl\u00fcyor. Bug\u00fcn burada, 15 g\u00fcn \u00f6nce Antalya\u2019da e\u015fi taraf\u0131ndan \u00f6ld\u00fcr\u00fclen Sevcan Demir\u2019in yan\u0131nda oldu\u011fumuzu ve davan\u0131n takip\u00e7isi olaca\u011f\u0131m\u0131z\u0131 s\u00f6ylemek i\u00e7in topland\u0131k. Kad\u0131n cinayetlerinin durdurulamamas\u0131n\u0131n sorumlular\u0131, kad\u0131n-erkek e\u015fitli\u011fine kar\u015f\u0131 \u00e7\u0131kanlar, 6284 Say\u0131l\u0131 Kad\u0131na Kar\u015f\u0131 \u015eiddetle M\u00fccadele Yasas\u0131\u2019na sald\u0131ranlar ve \u0130stanbul S\u00f6zle\u015fmesi\u2019ni hukuksuz bir \u015fekilde feshedenlerdir. Yarg\u0131 sistemindeki cezai yapt\u0131r\u0131mlar\u0131n yetersizli\u011fi, kad\u0131nlar\u0131n ya\u015fam\u0131n\u0131 tehlikeye atmaktad\u0131r\u201d dedi. &#8220;KADIN C\u0130NAYETLER\u0130NDE CEZA \u0130ND\u0130R\u0130M\u0130NE SON VER\u0130LS\u0130N&#8221; Kad\u0131n cinayetlerinin bir\u00e7o\u011funda &#8220;haks\u0131z tahrik&#8221; ve &#8220;iyi hal&#8221; indirimlerinin \u00f6ne \u00e7\u0131kt\u0131\u011f\u0131n\u0131 belirten K\u0131l\u0131n\u00e7, bu uygulamalara kar\u015f\u0131 olduklar\u0131na vurgu yaparak \u201cKad\u0131n cinayetlerinde ceza indirim gerek\u00e7eleri, \u00f6zellikle \u2018haks\u0131z tahrik\u2019 ve \u2018takdiri indirim nedenleri\u2019 ile s\u0131k\u00e7a kar\u015f\u0131la\u015f\u0131yoruz. Sevcan Demir davas\u0131nda, &hellip;\" \/>\n<meta property=\"og:url\" content=\"https:\/\/denizcankizil.tr\/de\/haberler\/gundem\/sevcan-demirin-davasina-iskenderunda-destek\/\" \/>\n<meta property=\"og:site_name\" content=\"Av. Deniz Can K\u0131z\u0131l\" \/>\n<meta property=\"article:published_time\" content=\"2025-03-28T15:41:59+00:00\" \/>\n<meta name=\"author\" content=\"admin\" \/>\n<meta name=\"twitter:card\" content=\"summary_large_image\" \/>\n<meta name=\"twitter:label1\" content=\"Verfasst von\" \/>\n\t<meta name=\"twitter:data1\" content=\"admin\" \/>\n\t<meta name=\"twitter:label2\" content=\"Gesch\u00e4tzte Lesezeit\" \/>\n\t<meta name=\"twitter:data2\" content=\"3\u00a0Minuten\" \/>\n<script type=\"application\/ld+json\" class=\"yoast-schema-graph\">{\"@context\":\"https:\/\/schema.org\",\"@graph\":[{\"@type\":\"Article\",\"@id\":\"https:\/\/denizcankizil.tr\/de\/haberler\/gundem\/sevcan-demirin-davasina-iskenderunda-destek\/#article\",\"isPartOf\":{\"@id\":\"https:\/\/denizcankizil.tr\/de\/haberler\/gundem\/sevcan-demirin-davasina-iskenderunda-destek\/\"},\"author\":{\"name\":\"admin\",\"@id\":\"https:\/\/denizcankizil.tr\/de\/#\/schema\/person\/be3c05fe6a12686905512445d8185489\"},\"headline\":\"Sevcan Demir\u2019in Davas\u0131na \u0130skenderun\u2019da destek\u2026\",\"datePublished\":\"2025-03-28T15:41:59+00:00\",\"mainEntityOfPage\":{\"@id\":\"https:\/\/denizcankizil.tr\/de\/haberler\/gundem\/sevcan-demirin-davasina-iskenderunda-destek\/\"},\"wordCount\":538,\"publisher\":{\"@id\":\"https:\/\/denizcankizil.tr\/de\/#organization\"},\"articleSection\":[\"G\u00fcndem\"],\"inLanguage\":\"de\"},{\"@type\":\"WebPage\",\"@id\":\"https:\/\/denizcankizil.tr\/de\/haberler\/gundem\/sevcan-demirin-davasina-iskenderunda-destek\/\",\"url\":\"https:\/\/denizcankizil.tr\/de\/haberler\/gundem\/sevcan-demirin-davasina-iskenderunda-destek\/\",\"name\":\"Sevcan Demir\u2019in Davas\u0131na \u0130skenderun\u2019da destek\u2026 - Av. Deniz Can K\u0131z\u0131l\",\"isPartOf\":{\"@id\":\"https:\/\/denizcankizil.tr\/de\/#website\"},\"datePublished\":\"2025-03-28T15:41:59+00:00\",\"breadcrumb\":{\"@id\":\"https:\/\/denizcankizil.tr\/de\/haberler\/gundem\/sevcan-demirin-davasina-iskenderunda-destek\/#breadcrumb\"},\"inLanguage\":\"de\",\"potentialAction\":[{\"@type\":\"ReadAction\",\"target\":[\"https:\/\/denizcankizil.tr\/de\/haberler\/gundem\/sevcan-demirin-davasina-iskenderunda-destek\/\"]}]},{\"@type\":\"BreadcrumbList\",\"@id\":\"https:\/\/denizcankizil.tr\/de\/haberler\/gundem\/sevcan-demirin-davasina-iskenderunda-destek\/#breadcrumb\",\"itemListElement\":[{\"@type\":\"ListItem\",\"position\":1,\"name\":\"Home\",\"item\":\"https:\/\/denizcankizil.tr\/de\/\"},{\"@type\":\"ListItem\",\"position\":2,\"name\":\"Sevcan Demir\u2019in Davas\u0131na \u0130skenderun\u2019da destek\u2026\"}]},{\"@type\":\"WebSite\",\"@id\":\"https:\/\/denizcankizil.tr\/de\/#website\",\"url\":\"https:\/\/denizcankizil.tr\/de\/\",\"name\":\"Av. Deniz Can K\u0131z\u0131l\",\"description\":\"Avukat Deniz Can K\u0131z\u0131l Antalya Barosu\",\"publisher\":{\"@id\":\"https:\/\/denizcankizil.tr\/de\/#organization\"},\"potentialAction\":[{\"@type\":\"SearchAction\",\"target\":{\"@type\":\"EntryPoint\",\"urlTemplate\":\"https:\/\/denizcankizil.tr\/de\/?s={search_term_string}\"},\"query-input\":{\"@type\":\"PropertyValueSpecification\",\"valueRequired\":true,\"valueName\":\"search_term_string\"}}],\"inLanguage\":\"de\"},{\"@type\":\"Organization\",\"@id\":\"https:\/\/denizcankizil.tr\/de\/#organization\",\"name\":\"Av. Deniz Can K\u0131z\u0131l\",\"url\":\"https:\/\/denizcankizil.tr\/de\/\",\"logo\":{\"@type\":\"ImageObject\",\"inLanguage\":\"de\",\"@id\":\"https:\/\/denizcankizil.tr\/de\/#\/schema\/logo\/image\/\",\"url\":\"https:\/\/denizcankizil.tr\/wp-content\/uploads\/2024\/10\/siyah-logo-svg.svg\",\"contentUrl\":\"https:\/\/denizcankizil.tr\/wp-content\/uploads\/2024\/10\/siyah-logo-svg.svg\",\"width\":1080,\"height\":1080,\"caption\":\"Av. Deniz Can K\u0131z\u0131l\"},\"image\":{\"@id\":\"https:\/\/denizcankizil.tr\/de\/#\/schema\/logo\/image\/\"}},{\"@type\":\"Person\",\"@id\":\"https:\/\/denizcankizil.tr\/de\/#\/schema\/person\/be3c05fe6a12686905512445d8185489\",\"name\":\"admin\",\"image\":{\"@type\":\"ImageObject\",\"inLanguage\":\"de\",\"@id\":\"https:\/\/denizcankizil.tr\/de\/#\/schema\/person\/image\/\",\"url\":\"https:\/\/secure.gravatar.com\/avatar\/c1fce94c830dc79107e174f890d7210541c4a63e8e5d816341794a2151c9d58c?s=96&d=mm&r=g\",\"contentUrl\":\"https:\/\/secure.gravatar.com\/avatar\/c1fce94c830dc79107e174f890d7210541c4a63e8e5d816341794a2151c9d58c?s=96&d=mm&r=g\",\"caption\":\"admin\"},\"sameAs\":[\"http:\/\/denizcankizil.tr\"],\"url\":\"https:\/\/www.iskenderun.org\/sevcan-demirin-davasina-iskenderunda-destek\"}]}<\/script>\n<!-- \/ Yoast SEO Premium plugin. -->","yoast_head_json":{"title":"Sevcan Demir\u2019in Davas\u0131na \u0130skenderun\u2019da destek\u2026 - Av. Deniz Can K\u0131z\u0131l","robots":{"index":"index","follow":"follow","max-snippet":"max-snippet:-1","max-image-preview":"max-image-preview:large","max-video-preview":"max-video-preview:-1"},"canonical":"https:\/\/denizcankizil.tr\/de\/haberler\/gundem\/sevcan-demirin-davasina-iskenderunda-destek\/","og_locale":"de_DE","og_type":"article","og_title":"Sevcan Demir\u2019in Davas\u0131na \u0130skenderun\u2019da destek\u2026","og_description":"Sevcan Demir\u2019in ailesi, yak\u0131nlar\u0131, davan\u0131n takip\u00e7ileri, avukatlar\u0131 ve \u00e7e\u015fitli siyasi parti temsilcileri, kad\u0131na y\u00f6nelik \u015fiddetle m\u00fccadelede kararl\u0131 olduklar\u0131n\u0131 vurgulamak i\u00e7in bir araya geldi. Bas\u0131n a\u00e7\u0131klamas\u0131na, CHP Hatay Milletvekili Nermin Y\u0131ld\u0131r\u0131m Kara, CHP \u0130skenderun \u0130l\u00e7e Ba\u015fkan\u0131 Av. H\u00fcseyin Derin, DEM Parti \u0130skenderun E\u015f Ba\u015fkan\u0131 Fidan Durmu\u015f, Emek Partisi ve bir\u00e7ok sivil toplum kurulu\u015fu temsilcisi destek verdi. Sevcan Demir\u2019in katledilmesinin ard\u0131ndan, kad\u0131na y\u00f6nelik cinayetlerin durdurulmas\u0131 ve hukuki olarak en a\u011f\u0131r cezalar\u0131n uygulanmas\u0131 gerekti\u011fine vurgu yap\u0131lan bas\u0131n a\u00e7\u0131klamas\u0131n\u0131 \u0130HD \u0130skenderun \u015eube E\u015f Ba\u015fkan\u0131 Ayten K\u0131l\u0131n\u00e7 kamuoyu ile payla\u015ft\u0131. Bas\u0131n a\u00e7\u0131klamas\u0131nda \u2018Kad\u0131n cinayetlerinin h\u0131z kesmeden devam etti\u011fi\u2019ne dikkat \u00e7eken Ayten K\u0131l\u0131n\u00e7 \u201cHer g\u00fcn en az 2-3 kad\u0131n \u00f6ld\u00fcr\u00fcl\u00fcyor. Bug\u00fcn burada, 15 g\u00fcn \u00f6nce Antalya\u2019da e\u015fi taraf\u0131ndan \u00f6ld\u00fcr\u00fclen Sevcan Demir\u2019in yan\u0131nda oldu\u011fumuzu ve davan\u0131n takip\u00e7isi olaca\u011f\u0131m\u0131z\u0131 s\u00f6ylemek i\u00e7in topland\u0131k. Kad\u0131n cinayetlerinin durdurulamamas\u0131n\u0131n sorumlular\u0131, kad\u0131n-erkek e\u015fitli\u011fine kar\u015f\u0131 \u00e7\u0131kanlar, 6284 Say\u0131l\u0131 Kad\u0131na Kar\u015f\u0131 \u015eiddetle M\u00fccadele Yasas\u0131\u2019na sald\u0131ranlar ve \u0130stanbul S\u00f6zle\u015fmesi\u2019ni hukuksuz bir \u015fekilde feshedenlerdir. Yarg\u0131 sistemindeki cezai yapt\u0131r\u0131mlar\u0131n yetersizli\u011fi, kad\u0131nlar\u0131n ya\u015fam\u0131n\u0131 tehlikeye atmaktad\u0131r\u201d dedi. &#8220;KADIN C\u0130NAYETLER\u0130NDE CEZA \u0130ND\u0130R\u0130M\u0130NE SON VER\u0130LS\u0130N&#8221; Kad\u0131n cinayetlerinin bir\u00e7o\u011funda &#8220;haks\u0131z tahrik&#8221; ve &#8220;iyi hal&#8221; indirimlerinin \u00f6ne \u00e7\u0131kt\u0131\u011f\u0131n\u0131 belirten K\u0131l\u0131n\u00e7, bu uygulamalara kar\u015f\u0131 olduklar\u0131na vurgu yaparak \u201cKad\u0131n cinayetlerinde ceza indirim gerek\u00e7eleri, \u00f6zellikle \u2018haks\u0131z tahrik\u2019 ve \u2018takdiri indirim nedenleri\u2019 ile s\u0131k\u00e7a kar\u015f\u0131la\u015f\u0131yoruz. Sevcan Demir davas\u0131nda, &hellip;","og_url":"https:\/\/denizcankizil.tr\/de\/haberler\/gundem\/sevcan-demirin-davasina-iskenderunda-destek\/","og_site_name":"Av. Deniz Can K\u0131z\u0131l","article_published_time":"2025-03-28T15:41:59+00:00","author":"admin","twitter_card":"summary_large_image","twitter_misc":{"Verfasst von":"admin","Gesch\u00e4tzte Lesezeit":"3\u00a0Minuten"},"schema":{"@context":"https:\/\/schema.org","@graph":[{"@type":"Article","@id":"https:\/\/denizcankizil.tr\/de\/haberler\/gundem\/sevcan-demirin-davasina-iskenderunda-destek\/#article","isPartOf":{"@id":"https:\/\/denizcankizil.tr\/de\/haberler\/gundem\/sevcan-demirin-davasina-iskenderunda-destek\/"},"author":{"name":"admin","@id":"https:\/\/denizcankizil.tr\/de\/#\/schema\/person\/be3c05fe6a12686905512445d8185489"},"headline":"Sevcan Demir\u2019in Davas\u0131na \u0130skenderun\u2019da destek\u2026","datePublished":"2025-03-28T15:41:59+00:00","mainEntityOfPage":{"@id":"https:\/\/denizcankizil.tr\/de\/haberler\/gundem\/sevcan-demirin-davasina-iskenderunda-destek\/"},"wordCount":538,"publisher":{"@id":"https:\/\/denizcankizil.tr\/de\/#organization"},"articleSection":["G\u00fcndem"],"inLanguage":"de"},{"@type":"WebPage","@id":"https:\/\/denizcankizil.tr\/de\/haberler\/gundem\/sevcan-demirin-davasina-iskenderunda-destek\/","url":"https:\/\/denizcankizil.tr\/de\/haberler\/gundem\/sevcan-demirin-davasina-iskenderunda-destek\/","name":"Sevcan Demir\u2019in Davas\u0131na \u0130skenderun\u2019da destek\u2026 - Av. Deniz Can K\u0131z\u0131l","isPartOf":{"@id":"https:\/\/denizcankizil.tr\/de\/#website"},"datePublished":"2025-03-28T15:41:59+00:00","breadcrumb":{"@id":"https:\/\/denizcankizil.tr\/de\/haberler\/gundem\/sevcan-demirin-davasina-iskenderunda-destek\/#breadcrumb"},"inLanguage":"de","potentialAction":[{"@type":"ReadAction","target":["https:\/\/denizcankizil.tr\/de\/haberler\/gundem\/sevcan-demirin-davasina-iskenderunda-destek\/"]}]},{"@type":"BreadcrumbList","@id":"https:\/\/denizcankizil.tr\/de\/haberler\/gundem\/sevcan-demirin-davasina-iskenderunda-destek\/#breadcrumb","itemListElement":[{"@type":"ListItem","position":1,"name":"Home","item":"https:\/\/denizcankizil.tr\/de\/"},{"@type":"ListItem","position":2,"name":"Sevcan Demir\u2019in Davas\u0131na \u0130skenderun\u2019da destek\u2026"}]},{"@type":"WebSite","@id":"https:\/\/denizcankizil.tr\/de\/#website","url":"https:\/\/denizcankizil.tr\/de\/","name":"Av. Deniz Can K\u0131z\u0131l","description":"Avukat Deniz Can K\u0131z\u0131l Antalya Barosu","publisher":{"@id":"https:\/\/denizcankizil.tr\/de\/#organization"},"potentialAction":[{"@type":"SearchAction","target":{"@type":"EntryPoint","urlTemplate":"https:\/\/denizcankizil.tr\/de\/?s={search_term_string}"},"query-input":{"@type":"PropertyValueSpecification","valueRequired":true,"valueName":"search_term_string"}}],"inLanguage":"de"},{"@type":"Organization","@id":"https:\/\/denizcankizil.tr\/de\/#organization","name":"Av. Deniz Can K\u0131z\u0131l","url":"https:\/\/denizcankizil.tr\/de\/","logo":{"@type":"ImageObject","inLanguage":"de","@id":"https:\/\/denizcankizil.tr\/de\/#\/schema\/logo\/image\/","url":"https:\/\/denizcankizil.tr\/wp-content\/uploads\/2024\/10\/siyah-logo-svg.svg","contentUrl":"https:\/\/denizcankizil.tr\/wp-content\/uploads\/2024\/10\/siyah-logo-svg.svg","width":1080,"height":1080,"caption":"Av. Deniz Can K\u0131z\u0131l"},"image":{"@id":"https:\/\/denizcankizil.tr\/de\/#\/schema\/logo\/image\/"}},{"@type":"Person","@id":"https:\/\/denizcankizil.tr\/de\/#\/schema\/person\/be3c05fe6a12686905512445d8185489","name":"Administrator","image":{"@type":"ImageObject","inLanguage":"de","@id":"https:\/\/denizcankizil.tr\/de\/#\/schema\/person\/image\/","url":"https:\/\/secure.gravatar.com\/avatar\/c1fce94c830dc79107e174f890d7210541c4a63e8e5d816341794a2151c9d58c?s=96&d=mm&r=g","contentUrl":"https:\/\/secure.gravatar.com\/avatar\/c1fce94c830dc79107e174f890d7210541c4a63e8e5d816341794a2151c9d58c?s=96&d=mm&r=g","caption":"admin"},"sameAs":["http:\/\/denizcankizil.tr"],"url":"https:\/\/www.iskenderun.org\/sevcan-demirin-davasina-iskenderunda-destek"}]}},"_links":{"self":[{"href":"https:\/\/denizcankizil.tr\/de\/wp-json\/wp\/v2\/posts\/38378","targetHints":{"allow":["GET"]}}],"collection":[{"href":"https:\/\/denizcankizil.tr\/de\/wp-json\/wp\/v2\/posts"}],"about":[{"href":"https:\/\/denizcankizil.tr\/de\/wp-json\/wp\/v2\/types\/post"}],"author":[{"embeddable":true,"href":"https:\/\/denizcankizil.tr\/de\/wp-json\/wp\/v2\/users\/1"}],"replies":[{"embeddable":true,"href":"https:\/\/denizcankizil.tr\/de\/wp-json\/wp\/v2\/comments?post=38378"}],"version-history":[{"count":0,"href":"https:\/\/denizcankizil.tr\/de\/wp-json\/wp\/v2\/posts\/38378\/revisions"}],"wp:attachment":[{"href":"https:\/\/denizcankizil.tr\/de\/wp-json\/wp\/v2\/media?parent=38378"}],"wp:term":[{"taxonomy":"category","embeddable":true,"href":"https:\/\/denizcankizil.tr\/de\/wp-json\/wp\/v2\/categories?post=38378"},{"taxonomy":"post_tag","embeddable":true,"href":"https:\/\/denizcankizil.tr\/de\/wp-json\/wp\/v2\/tags?post=38378"}],"curies":[{"name":"wp","href":"https:\/\/api.w.org\/{rel}","templated":true}]}}