{"id":37462,"date":"2025-03-27T18:41:17","date_gmt":"2025-03-27T15:41:17","guid":{"rendered":"https:\/\/denizcankizil.tr\/uncategorized-tr\/egitim-senden-19-mart-darbesine-tepki-sendikal-mucadelemizden-vazgecmeyecegiz\/"},"modified":"2025-03-27T18:41:17","modified_gmt":"2025-03-27T15:41:17","slug":"egitim-senden-19-mart-darbesine-tepki-sendikal-mucadelemizden-vazgecmeyecegiz","status":"publish","type":"post","link":"https:\/\/denizcankizil.tr\/de\/haberler\/gundem\/egitim-senden-19-mart-darbesine-tepki-sendikal-mucadelemizden-vazgecmeyecegiz\/","title":{"rendered":"E\u011fitim Sen\u2019den \u201919 Mart Darbesine\u2019 tepki: \u201cSendikal m\u00fccadelemizden vazge\u00e7meyece\u011fiz\u201d"},"content":{"rendered":"<p>E\u011fitim-Sen, \u00fcniversitelerde ger\u00e7ekle\u015ftirilen boykotun ard\u0131ndan sendikal faaliyetleri nedeniyle hedef g\u00f6sterildi\u011fini ve yarg\u0131 sopas\u0131yla bask\u0131 alt\u0131na al\u0131nmaya \u00e7al\u0131\u015f\u0131ld\u0131\u011f\u0131n\u0131 belirterek sert bir a\u00e7\u0131klama yapt\u0131.<\/p>\n<p>\u201cBU, B\u0130R S\u0130YAS\u0130 OPERASYONDUR\u201d<\/p>\n<p>E\u011fitim-Sen Antalya \u015eube Ba\u015fkan\u0131 Kadir \u00d6zt\u00fcrk, \u00fcniversite \u00f6\u011frencilerinin 19 Mart darbesine kar\u015f\u0131 ger\u00e7ekle\u015ftirdi\u011fi boykotun, yaln\u0131zca adalet talebiyle de\u011fil, iktidar\u0131n bask\u0131c\u0131 politikalar\u0131na kar\u015f\u0131 geni\u015f bir tepkinin sonucu olarak ortaya \u00e7\u0131kt\u0131\u011f\u0131n\u0131 belirtti. \u00d6zt\u00fcrk, \u201cBu bir ki\u015finin iste\u011fiyle onlarca insan\u0131n diplomas\u0131n\u0131n iptal edildi\u011fi bir ortamda, gen\u00e7ler boyun e\u011fmeyeceklerini g\u00f6sterdi. \u00dcniversite \u00f6\u011frencilerinin eylemleri, bar\u0131nma, ge\u00e7im; bilimsel \u00f6zerklik ve ifade \u00f6zg\u00fcrl\u00fc\u011f\u00fc taleplerini de kaps\u0131yor\u201d dedi.\u00a0<\/p>\n<p>Ayr\u0131ca \u00d6zt\u00fcrk, 24 Mart\u2019ta Merkez Y\u00fcr\u00fctme Kurulu (MYK) taraf\u0131ndan al\u0131nan \u201chizmet \u00fcretmeme\u201d karar\u0131n\u0131n, \u00f6\u011frencilerin anayasal haklar\u0131n\u0131 savunmak ad\u0131na oldu\u011funu vurgulad\u0131. \u00d6zt\u00fcrk, 25 Mart\u2019ta bir g\u00fcn boyunca hizmet \u00fcretmeyen \u00fcyelerine y\u00f6nelik hukuki s\u00fcrecin tamamen siyasi bir operasyon oldu\u011fu ifade etti.\u00a0<\/p>\n<p>MYK \u00dcYELER\u0130NE EV HAPS\u0130<\/p>\n<p>Ba\u015fkan \u00d6zt\u00fcrk, \u0130stanbul Cumhuriyet Ba\u015fsavc\u0131l\u0131\u011f\u0131\u2019n\u0131n yetkisiz olmas\u0131na ra\u011fmen \u201cSu\u00e7 i\u015flemeye alenen tahrik etme\u201d gerek\u00e7esiyle sendika hakk\u0131nda soru\u015fturma a\u00e7t\u0131\u011f\u0131n\u0131 belirterek, \u201cBu hukuki dayanaktan yoksun bir yakla\u015f\u0131md\u0131r\u201d dedi. \u00d6zt\u00fcrk, ayn\u0131 gerek\u00e7eyle Ankara Cumhuriyet Ba\u015fsavc\u0131l\u0131\u011f\u0131 taraf\u0131ndan da soru\u015fturma ba\u015flat\u0131ld\u0131\u011f\u0131n\u0131, MYK \u00fcyelerinin ifadeye \u00e7a\u011fr\u0131ld\u0131ktan sonra ev hapsi talebiyle mahkemeye sevk edildi\u011fini a\u00e7\u0131klad\u0131.<\/p>\n<p>&#8220;BAKAN TEHD\u0130T EDEMEZ, \u00d6NCE MESEM\u2019DE \u00d6LEN \u00c7OCUKLARIN HESABINI VERS\u0130N\u201d<\/p>\n<p>Milli E\u011fitim Bakan\u0131 Yusuf Tekin\u2019in E\u011fitim-Sen\u2019i hedef alan a\u00e7\u0131klamalar\u0131na da tepki g\u00f6steren \u00d6zt\u00fcrk,\u00a0 \u201cE\u011fitim Bakan\u0131 Yusuf Tekin, y\u0131llard\u0131r ayaklar alt\u0131na almaktan \u00e7ekinmedi\u011fi insan haklar\u0131na konusunda sendikam\u0131za ders vermeye kalkm\u0131\u015ft\u0131r. Bakan Tekin\u2019in bizim 100 y\u0131l\u0131 a\u015fan insan haklar\u0131 ve demokratik toplum m\u00fccadelemizden haberi yoktur. Ald\u0131\u011f\u0131 talimatlarla haddini a\u015farak bizlere yapt\u0131r\u0131m tehditleri savurmas\u0131 ise su\u00e7tur. Tehditler bizlere v\u0131z gelir. Say\u0131n Bakan ilk \u00f6nce e\u011fitimden kopar\u0131larak g\u00f6nderildi\u011fi MESEM\u2019lerde can veren \u00e7ocuklar\u0131n hesab\u0131n\u0131 vermelidir\u201d dedi.<\/p>\n<p>\u201cM\u00dcCADELEYE DEVAM EDECE\u011e\u0130Z\u201d<\/p>\n<p>\u00d6zt\u00fcrk son olarak m\u00fccadeleye devam edecek \u015fu s\u00f6zlerle ifade etti:<\/p>\n<p>\u201cE\u011fitim Sen olarak bir kez daha hayk\u0131r\u0131yoruz: Bask\u0131, tehdit, \u015fiddet ve s\u00f6m\u00fcr\u00fcye kar\u015f\u0131 birlikte m\u00fccadele edecek, birlikte kazanaca\u011f\u0131z! Sadece kendi haklar\u0131m\u0131z i\u00e7in de\u011fil; \u00e7ocuklar\u0131n, \u00f6\u011frencilerin, toplumun gelece\u011fi i\u00e7in m\u00fccadele etmeyi s\u00fcrd\u00fcrece\u011fiz. Laik, bilimsel e\u011fitim; insan, toplum, do\u011fa yarar\u0131na \u00fcniversite istiyoruz.\u201d<\/p>\n<p>\u200bE\u011fitim-Sen, Antalya \u015eube Ba\u015fkan\u0131 Kadir \u00d6zt\u00fcrk, \u201cBask\u0131, tehdit ve yarg\u0131 sopas\u0131na boyun e\u011fmeyece\u011fiz\u201d dedi. MYK \u00fcyelerine verilen ev hapsi karar\u0131n\u0131 hukuksuz olarak nitelendiren \u00d6zt\u00fcrk, m\u00fccadeleyi s\u00fcrd\u00fcreceklerini vurgulad\u0131.\u00a0<\/p>\n<p>\u200bHaberin Al\u0131nt\u0131land\u0131\u011f\u0131 Kaynak: www.antalyakorfez.com<\/p>","protected":false},"excerpt":{"rendered":"<p>E\u011fitim-Sen, \u00fcniversitelerde ger\u00e7ekle\u015ftirilen boykotun ard\u0131ndan sendikal faaliyetleri nedeniyle hedef g\u00f6sterildi\u011fini ve yarg\u0131 sopas\u0131yla bask\u0131 alt\u0131na al\u0131nmaya \u00e7al\u0131\u015f\u0131ld\u0131\u011f\u0131n\u0131 belirterek sert bir a\u00e7\u0131klama yapt\u0131. \u201cBU, B\u0130R S\u0130YAS\u0130 OPERASYONDUR\u201d E\u011fitim-Sen Antalya \u015eube Ba\u015fkan\u0131 Kadir \u00d6zt\u00fcrk, \u00fcniversite \u00f6\u011frencilerinin 19 Mart darbesine kar\u015f\u0131 ger\u00e7ekle\u015ftirdi\u011fi boykotun, yaln\u0131zca adalet talebiyle de\u011fil, iktidar\u0131n bask\u0131c\u0131 politikalar\u0131na kar\u015f\u0131 geni\u015f bir tepkinin sonucu olarak ortaya \u00e7\u0131kt\u0131\u011f\u0131n\u0131 belirtti. \u00d6zt\u00fcrk, \u201cBu bir ki\u015finin iste\u011fiyle onlarca insan\u0131n diplomas\u0131n\u0131n iptal edildi\u011fi bir ortamda, gen\u00e7ler boyun e\u011fmeyeceklerini g\u00f6sterdi. \u00dcniversite \u00f6\u011frencilerinin eylemleri, bar\u0131nma, ge\u00e7im; bilimsel \u00f6zerklik ve ifade \u00f6zg\u00fcrl\u00fc\u011f\u00fc taleplerini de kaps\u0131yor\u201d dedi.\u00a0 Ayr\u0131ca \u00d6zt\u00fcrk, 24 Mart\u2019ta Merkez Y\u00fcr\u00fctme Kurulu (MYK) taraf\u0131ndan al\u0131nan \u201chizmet \u00fcretmeme\u201d karar\u0131n\u0131n, \u00f6\u011frencilerin anayasal haklar\u0131n\u0131 savunmak ad\u0131na oldu\u011funu vurgulad\u0131. \u00d6zt\u00fcrk, 25 Mart\u2019ta bir g\u00fcn boyunca hizmet \u00fcretmeyen \u00fcyelerine y\u00f6nelik hukuki s\u00fcrecin tamamen siyasi bir operasyon oldu\u011fu ifade etti.\u00a0 MYK \u00dcYELER\u0130NE EV HAPS\u0130 Ba\u015fkan \u00d6zt\u00fcrk, \u0130stanbul Cumhuriyet Ba\u015fsavc\u0131l\u0131\u011f\u0131\u2019n\u0131n yetkisiz olmas\u0131na ra\u011fmen \u201cSu\u00e7 i\u015flemeye alenen tahrik etme\u201d gerek\u00e7esiyle sendika hakk\u0131nda soru\u015fturma a\u00e7t\u0131\u011f\u0131n\u0131 belirterek, \u201cBu hukuki dayanaktan yoksun bir yakla\u015f\u0131md\u0131r\u201d dedi. \u00d6zt\u00fcrk, ayn\u0131 gerek\u00e7eyle Ankara Cumhuriyet Ba\u015fsavc\u0131l\u0131\u011f\u0131 taraf\u0131ndan da soru\u015fturma ba\u015flat\u0131ld\u0131\u011f\u0131n\u0131, MYK \u00fcyelerinin ifadeye \u00e7a\u011fr\u0131ld\u0131ktan sonra ev hapsi talebiyle mahkemeye sevk edildi\u011fini a\u00e7\u0131klad\u0131. &#8220;BAKAN TEHD\u0130T EDEMEZ, \u00d6NCE MESEM\u2019DE \u00d6LEN \u00c7OCUKLARIN HESABINI VERS\u0130N\u201d Milli E\u011fitim Bakan\u0131 Yusuf Tekin\u2019in E\u011fitim-Sen\u2019i hedef alan a\u00e7\u0131klamalar\u0131na da tepki g\u00f6steren \u00d6zt\u00fcrk,\u00a0 \u201cE\u011fitim &hellip;<\/p>","protected":false},"author":5,"featured_media":0,"comment_status":"","ping_status":"open","sticky":false,"template":"","format":"standard","meta":{"_acf_changed":false,"footnotes":""},"categories":[24],"tags":[],"class_list":["post-37462","post","type-post","status-publish","format-standard","has-post-thumbnail","hentry","category-gundem"],"acf":[],"yoast_head":"<!-- This site is optimized with the Yoast SEO Premium plugin v26.6 (Yoast SEO v27.1.1) - https:\/\/yoast.com\/product\/yoast-seo-premium-wordpress\/ -->\n<title>E\u011fitim Sen\u2019den \u201919 Mart Darbesine\u2019 tepki: \u201cSendikal m\u00fccadelemizden vazge\u00e7meyece\u011fiz\u201d - Av. Deniz Can K\u0131z\u0131l<\/title>\n<meta name=\"robots\" content=\"index, follow, max-snippet:-1, max-image-preview:large, max-video-preview:-1\" \/>\n<link rel=\"canonical\" href=\"http:\/\/denizcankizil.tr\/de\/haberler\/gundem\/egitim-senden-19-mart-darbesine-tepki-sendikal-mucadelemizden-vazgecmeyecegiz\/\" \/>\n<meta property=\"og:locale\" content=\"de_DE\" \/>\n<meta property=\"og:type\" content=\"article\" \/>\n<meta property=\"og:title\" content=\"E\u011fitim Sen\u2019den \u201919 Mart Darbesine\u2019 tepki: \u201cSendikal m\u00fccadelemizden vazge\u00e7meyece\u011fiz\u201d\" \/>\n<meta property=\"og:description\" content=\"E\u011fitim-Sen, \u00fcniversitelerde ger\u00e7ekle\u015ftirilen boykotun ard\u0131ndan sendikal faaliyetleri nedeniyle hedef g\u00f6sterildi\u011fini ve yarg\u0131 sopas\u0131yla bask\u0131 alt\u0131na al\u0131nmaya \u00e7al\u0131\u015f\u0131ld\u0131\u011f\u0131n\u0131 belirterek sert bir a\u00e7\u0131klama yapt\u0131. \u201cBU, B\u0130R S\u0130YAS\u0130 OPERASYONDUR\u201d E\u011fitim-Sen Antalya \u015eube Ba\u015fkan\u0131 Kadir \u00d6zt\u00fcrk, \u00fcniversite \u00f6\u011frencilerinin 19 Mart darbesine kar\u015f\u0131 ger\u00e7ekle\u015ftirdi\u011fi boykotun, yaln\u0131zca adalet talebiyle de\u011fil, iktidar\u0131n bask\u0131c\u0131 politikalar\u0131na kar\u015f\u0131 geni\u015f bir tepkinin sonucu olarak ortaya \u00e7\u0131kt\u0131\u011f\u0131n\u0131 belirtti. \u00d6zt\u00fcrk, \u201cBu bir ki\u015finin iste\u011fiyle onlarca insan\u0131n diplomas\u0131n\u0131n iptal edildi\u011fi bir ortamda, gen\u00e7ler boyun e\u011fmeyeceklerini g\u00f6sterdi. \u00dcniversite \u00f6\u011frencilerinin eylemleri, bar\u0131nma, ge\u00e7im; bilimsel \u00f6zerklik ve ifade \u00f6zg\u00fcrl\u00fc\u011f\u00fc taleplerini de kaps\u0131yor\u201d dedi.\u00a0 Ayr\u0131ca \u00d6zt\u00fcrk, 24 Mart\u2019ta Merkez Y\u00fcr\u00fctme Kurulu (MYK) taraf\u0131ndan al\u0131nan \u201chizmet \u00fcretmeme\u201d karar\u0131n\u0131n, \u00f6\u011frencilerin anayasal haklar\u0131n\u0131 savunmak ad\u0131na oldu\u011funu vurgulad\u0131. \u00d6zt\u00fcrk, 25 Mart\u2019ta bir g\u00fcn boyunca hizmet \u00fcretmeyen \u00fcyelerine y\u00f6nelik hukuki s\u00fcrecin tamamen siyasi bir operasyon oldu\u011fu ifade etti.\u00a0 MYK \u00dcYELER\u0130NE EV HAPS\u0130 Ba\u015fkan \u00d6zt\u00fcrk, \u0130stanbul Cumhuriyet Ba\u015fsavc\u0131l\u0131\u011f\u0131\u2019n\u0131n yetkisiz olmas\u0131na ra\u011fmen \u201cSu\u00e7 i\u015flemeye alenen tahrik etme\u201d gerek\u00e7esiyle sendika hakk\u0131nda soru\u015fturma a\u00e7t\u0131\u011f\u0131n\u0131 belirterek, \u201cBu hukuki dayanaktan yoksun bir yakla\u015f\u0131md\u0131r\u201d dedi. \u00d6zt\u00fcrk, ayn\u0131 gerek\u00e7eyle Ankara Cumhuriyet Ba\u015fsavc\u0131l\u0131\u011f\u0131 taraf\u0131ndan da soru\u015fturma ba\u015flat\u0131ld\u0131\u011f\u0131n\u0131, MYK \u00fcyelerinin ifadeye \u00e7a\u011fr\u0131ld\u0131ktan sonra ev hapsi talebiyle mahkemeye sevk edildi\u011fini a\u00e7\u0131klad\u0131. &#8220;BAKAN TEHD\u0130T EDEMEZ, \u00d6NCE MESEM\u2019DE \u00d6LEN \u00c7OCUKLARIN HESABINI VERS\u0130N\u201d Milli E\u011fitim Bakan\u0131 Yusuf Tekin\u2019in E\u011fitim-Sen\u2019i hedef alan a\u00e7\u0131klamalar\u0131na da tepki g\u00f6steren \u00d6zt\u00fcrk,\u00a0 \u201cE\u011fitim &hellip;\" \/>\n<meta property=\"og:url\" content=\"http:\/\/denizcankizil.tr\/de\/haberler\/gundem\/egitim-senden-19-mart-darbesine-tepki-sendikal-mucadelemizden-vazgecmeyecegiz\/\" \/>\n<meta property=\"og:site_name\" content=\"Av. Deniz Can K\u0131z\u0131l\" \/>\n<meta property=\"article:published_time\" content=\"2025-03-27T15:41:17+00:00\" \/>\n<meta name=\"author\" content=\"Antalya K\u00f6rfez\" \/>\n<meta name=\"twitter:card\" content=\"summary_large_image\" \/>\n<meta name=\"twitter:label1\" content=\"Verfasst von\" \/>\n\t<meta name=\"twitter:data1\" content=\"Antalya K\u00f6rfez\" \/>\n\t<meta name=\"twitter:label2\" content=\"Gesch\u00e4tzte Lesezeit\" \/>\n\t<meta name=\"twitter:data2\" content=\"3\u00a0Minuten\" \/>\n<script type=\"application\/ld+json\" class=\"yoast-schema-graph\">{\"@context\":\"https:\/\/schema.org\",\"@graph\":[{\"@type\":\"Article\",\"@id\":\"http:\/\/denizcankizil.tr\/ru\/haberler\/gundem\/egitim-senden-19-mart-darbesine-tepki-sendikal-mucadelemizden-vazgecmeyecegiz\/#article\",\"isPartOf\":{\"@id\":\"http:\/\/denizcankizil.tr\/ru\/haberler\/gundem\/egitim-senden-19-mart-darbesine-tepki-sendikal-mucadelemizden-vazgecmeyecegiz\/\"},\"author\":{\"name\":\"Antalya K\u00f6rfez\",\"@id\":\"https:\/\/denizcankizil.tr\/de\/#\/schema\/person\/e1eb71bb4dd684d46563f0af307e1234\"},\"headline\":\"E\u011fitim Sen\u2019den \u201919 Mart Darbesine\u2019 tepki: \u201cSendikal m\u00fccadelemizden vazge\u00e7meyece\u011fiz\u201d\",\"datePublished\":\"2025-03-27T15:41:17+00:00\",\"mainEntityOfPage\":{\"@id\":\"http:\/\/denizcankizil.tr\/ru\/haberler\/gundem\/egitim-senden-19-mart-darbesine-tepki-sendikal-mucadelemizden-vazgecmeyecegiz\/\"},\"wordCount\":518,\"publisher\":{\"@id\":\"https:\/\/denizcankizil.tr\/de\/#organization\"},\"articleSection\":[\"G\u00fcndem\"],\"inLanguage\":\"de\"},{\"@type\":\"WebPage\",\"@id\":\"http:\/\/denizcankizil.tr\/ru\/haberler\/gundem\/egitim-senden-19-mart-darbesine-tepki-sendikal-mucadelemizden-vazgecmeyecegiz\/\",\"url\":\"http:\/\/denizcankizil.tr\/ru\/haberler\/gundem\/egitim-senden-19-mart-darbesine-tepki-sendikal-mucadelemizden-vazgecmeyecegiz\/\",\"name\":\"E\u011fitim Sen\u2019den \u201919 Mart Darbesine\u2019 tepki: \u201cSendikal m\u00fccadelemizden vazge\u00e7meyece\u011fiz\u201d - Av. Deniz Can K\u0131z\u0131l\",\"isPartOf\":{\"@id\":\"https:\/\/denizcankizil.tr\/de\/#website\"},\"datePublished\":\"2025-03-27T15:41:17+00:00\",\"breadcrumb\":{\"@id\":\"http:\/\/denizcankizil.tr\/ru\/haberler\/gundem\/egitim-senden-19-mart-darbesine-tepki-sendikal-mucadelemizden-vazgecmeyecegiz\/#breadcrumb\"},\"inLanguage\":\"de\",\"potentialAction\":[{\"@type\":\"ReadAction\",\"target\":[\"http:\/\/denizcankizil.tr\/ru\/haberler\/gundem\/egitim-senden-19-mart-darbesine-tepki-sendikal-mucadelemizden-vazgecmeyecegiz\/\"]}]},{\"@type\":\"BreadcrumbList\",\"@id\":\"http:\/\/denizcankizil.tr\/ru\/haberler\/gundem\/egitim-senden-19-mart-darbesine-tepki-sendikal-mucadelemizden-vazgecmeyecegiz\/#breadcrumb\",\"itemListElement\":[{\"@type\":\"ListItem\",\"position\":1,\"name\":\"Home\",\"item\":\"https:\/\/denizcankizil.tr\/de\/\"},{\"@type\":\"ListItem\",\"position\":2,\"name\":\"E\u011fitim Sen\u2019den \u201919 Mart Darbesine\u2019 tepki: \u201cSendikal m\u00fccadelemizden vazge\u00e7meyece\u011fiz\u201d\"}]},{\"@type\":\"WebSite\",\"@id\":\"https:\/\/denizcankizil.tr\/de\/#website\",\"url\":\"https:\/\/denizcankizil.tr\/de\/\",\"name\":\"Av. Deniz Can K\u0131z\u0131l\",\"description\":\"Avukat Deniz Can K\u0131z\u0131l Antalya Barosu\",\"publisher\":{\"@id\":\"https:\/\/denizcankizil.tr\/de\/#organization\"},\"potentialAction\":[{\"@type\":\"SearchAction\",\"target\":{\"@type\":\"EntryPoint\",\"urlTemplate\":\"https:\/\/denizcankizil.tr\/de\/?s={search_term_string}\"},\"query-input\":{\"@type\":\"PropertyValueSpecification\",\"valueRequired\":true,\"valueName\":\"search_term_string\"}}],\"inLanguage\":\"de\"},{\"@type\":\"Organization\",\"@id\":\"https:\/\/denizcankizil.tr\/de\/#organization\",\"name\":\"Av. Deniz Can K\u0131z\u0131l\",\"url\":\"https:\/\/denizcankizil.tr\/de\/\",\"logo\":{\"@type\":\"ImageObject\",\"inLanguage\":\"de\",\"@id\":\"https:\/\/denizcankizil.tr\/de\/#\/schema\/logo\/image\/\",\"url\":\"https:\/\/denizcankizil.tr\/wp-content\/uploads\/2024\/10\/siyah-logo-svg.svg\",\"contentUrl\":\"https:\/\/denizcankizil.tr\/wp-content\/uploads\/2024\/10\/siyah-logo-svg.svg\",\"width\":1080,\"height\":1080,\"caption\":\"Av. Deniz Can K\u0131z\u0131l\"},\"image\":{\"@id\":\"https:\/\/denizcankizil.tr\/de\/#\/schema\/logo\/image\/\"}},{\"@type\":\"Person\",\"@id\":\"https:\/\/denizcankizil.tr\/de\/#\/schema\/person\/e1eb71bb4dd684d46563f0af307e1234\",\"name\":\"Antalya K\u00f6rfez\",\"image\":{\"@type\":\"ImageObject\",\"inLanguage\":\"de\",\"@id\":\"https:\/\/denizcankizil.tr\/de\/#\/schema\/person\/image\/\",\"url\":\"https:\/\/secure.gravatar.com\/avatar\/42b01982558a48a0b501fdcab6a408d3717ea5919095ee2e67b0e521799c5905?s=96&d=mm&r=g\",\"contentUrl\":\"https:\/\/secure.gravatar.com\/avatar\/42b01982558a48a0b501fdcab6a408d3717ea5919095ee2e67b0e521799c5905?s=96&d=mm&r=g\",\"caption\":\"Antalya K\u00f6rfez\"},\"sameAs\":[\"http:\/\/www.antalyakorfez.com\"],\"url\":\"https:\/\/www.antalyakorfez.com\/egitim-senden-19-mart-darbesine-tepki-sendikal-mucadelemizden-vazgecmeyecegiz\"}]}<\/script>\n<!-- \/ Yoast SEO Premium plugin. -->","yoast_head_json":{"title":"E\u011fitim Sen\u2019den \u201919 Mart Darbesine\u2019 tepki: \u201cSendikal m\u00fccadelemizden vazge\u00e7meyece\u011fiz\u201d - Av. Deniz Can K\u0131z\u0131l","robots":{"index":"index","follow":"follow","max-snippet":"max-snippet:-1","max-image-preview":"max-image-preview:large","max-video-preview":"max-video-preview:-1"},"canonical":"http:\/\/denizcankizil.tr\/de\/haberler\/gundem\/egitim-senden-19-mart-darbesine-tepki-sendikal-mucadelemizden-vazgecmeyecegiz\/","og_locale":"de_DE","og_type":"article","og_title":"E\u011fitim Sen\u2019den \u201919 Mart Darbesine\u2019 tepki: \u201cSendikal m\u00fccadelemizden vazge\u00e7meyece\u011fiz\u201d","og_description":"E\u011fitim-Sen, \u00fcniversitelerde ger\u00e7ekle\u015ftirilen boykotun ard\u0131ndan sendikal faaliyetleri nedeniyle hedef g\u00f6sterildi\u011fini ve yarg\u0131 sopas\u0131yla bask\u0131 alt\u0131na al\u0131nmaya \u00e7al\u0131\u015f\u0131ld\u0131\u011f\u0131n\u0131 belirterek sert bir a\u00e7\u0131klama yapt\u0131. \u201cBU, B\u0130R S\u0130YAS\u0130 OPERASYONDUR\u201d E\u011fitim-Sen Antalya \u015eube Ba\u015fkan\u0131 Kadir \u00d6zt\u00fcrk, \u00fcniversite \u00f6\u011frencilerinin 19 Mart darbesine kar\u015f\u0131 ger\u00e7ekle\u015ftirdi\u011fi boykotun, yaln\u0131zca adalet talebiyle de\u011fil, iktidar\u0131n bask\u0131c\u0131 politikalar\u0131na kar\u015f\u0131 geni\u015f bir tepkinin sonucu olarak ortaya \u00e7\u0131kt\u0131\u011f\u0131n\u0131 belirtti. \u00d6zt\u00fcrk, \u201cBu bir ki\u015finin iste\u011fiyle onlarca insan\u0131n diplomas\u0131n\u0131n iptal edildi\u011fi bir ortamda, gen\u00e7ler boyun e\u011fmeyeceklerini g\u00f6sterdi. \u00dcniversite \u00f6\u011frencilerinin eylemleri, bar\u0131nma, ge\u00e7im; bilimsel \u00f6zerklik ve ifade \u00f6zg\u00fcrl\u00fc\u011f\u00fc taleplerini de kaps\u0131yor\u201d dedi.\u00a0 Ayr\u0131ca \u00d6zt\u00fcrk, 24 Mart\u2019ta Merkez Y\u00fcr\u00fctme Kurulu (MYK) taraf\u0131ndan al\u0131nan \u201chizmet \u00fcretmeme\u201d karar\u0131n\u0131n, \u00f6\u011frencilerin anayasal haklar\u0131n\u0131 savunmak ad\u0131na oldu\u011funu vurgulad\u0131. \u00d6zt\u00fcrk, 25 Mart\u2019ta bir g\u00fcn boyunca hizmet \u00fcretmeyen \u00fcyelerine y\u00f6nelik hukuki s\u00fcrecin tamamen siyasi bir operasyon oldu\u011fu ifade etti.\u00a0 MYK \u00dcYELER\u0130NE EV HAPS\u0130 Ba\u015fkan \u00d6zt\u00fcrk, \u0130stanbul Cumhuriyet Ba\u015fsavc\u0131l\u0131\u011f\u0131\u2019n\u0131n yetkisiz olmas\u0131na ra\u011fmen \u201cSu\u00e7 i\u015flemeye alenen tahrik etme\u201d gerek\u00e7esiyle sendika hakk\u0131nda soru\u015fturma a\u00e7t\u0131\u011f\u0131n\u0131 belirterek, \u201cBu hukuki dayanaktan yoksun bir yakla\u015f\u0131md\u0131r\u201d dedi. \u00d6zt\u00fcrk, ayn\u0131 gerek\u00e7eyle Ankara Cumhuriyet Ba\u015fsavc\u0131l\u0131\u011f\u0131 taraf\u0131ndan da soru\u015fturma ba\u015flat\u0131ld\u0131\u011f\u0131n\u0131, MYK \u00fcyelerinin ifadeye \u00e7a\u011fr\u0131ld\u0131ktan sonra ev hapsi talebiyle mahkemeye sevk edildi\u011fini a\u00e7\u0131klad\u0131. &#8220;BAKAN TEHD\u0130T EDEMEZ, \u00d6NCE MESEM\u2019DE \u00d6LEN \u00c7OCUKLARIN HESABINI VERS\u0130N\u201d Milli E\u011fitim Bakan\u0131 Yusuf Tekin\u2019in E\u011fitim-Sen\u2019i hedef alan a\u00e7\u0131klamalar\u0131na da tepki g\u00f6steren \u00d6zt\u00fcrk,\u00a0 \u201cE\u011fitim &hellip;","og_url":"http:\/\/denizcankizil.tr\/de\/haberler\/gundem\/egitim-senden-19-mart-darbesine-tepki-sendikal-mucadelemizden-vazgecmeyecegiz\/","og_site_name":"Av. Deniz Can K\u0131z\u0131l","article_published_time":"2025-03-27T15:41:17+00:00","author":"Antalya K\u00f6rfez","twitter_card":"summary_large_image","twitter_misc":{"Verfasst von":"Antalya K\u00f6rfez","Gesch\u00e4tzte Lesezeit":"3\u00a0Minuten"},"schema":{"@context":"https:\/\/schema.org","@graph":[{"@type":"Article","@id":"http:\/\/denizcankizil.tr\/ru\/haberler\/gundem\/egitim-senden-19-mart-darbesine-tepki-sendikal-mucadelemizden-vazgecmeyecegiz\/#article","isPartOf":{"@id":"http:\/\/denizcankizil.tr\/ru\/haberler\/gundem\/egitim-senden-19-mart-darbesine-tepki-sendikal-mucadelemizden-vazgecmeyecegiz\/"},"author":{"name":"Antalya K\u00f6rfez","@id":"https:\/\/denizcankizil.tr\/de\/#\/schema\/person\/e1eb71bb4dd684d46563f0af307e1234"},"headline":"E\u011fitim Sen\u2019den \u201919 Mart Darbesine\u2019 tepki: \u201cSendikal m\u00fccadelemizden vazge\u00e7meyece\u011fiz\u201d","datePublished":"2025-03-27T15:41:17+00:00","mainEntityOfPage":{"@id":"http:\/\/denizcankizil.tr\/ru\/haberler\/gundem\/egitim-senden-19-mart-darbesine-tepki-sendikal-mucadelemizden-vazgecmeyecegiz\/"},"wordCount":518,"publisher":{"@id":"https:\/\/denizcankizil.tr\/de\/#organization"},"articleSection":["G\u00fcndem"],"inLanguage":"de"},{"@type":"WebPage","@id":"http:\/\/denizcankizil.tr\/ru\/haberler\/gundem\/egitim-senden-19-mart-darbesine-tepki-sendikal-mucadelemizden-vazgecmeyecegiz\/","url":"http:\/\/denizcankizil.tr\/ru\/haberler\/gundem\/egitim-senden-19-mart-darbesine-tepki-sendikal-mucadelemizden-vazgecmeyecegiz\/","name":"E\u011fitim Sen\u2019den \u201919 Mart Darbesine\u2019 tepki: \u201cSendikal m\u00fccadelemizden vazge\u00e7meyece\u011fiz\u201d - Av. Deniz Can K\u0131z\u0131l","isPartOf":{"@id":"https:\/\/denizcankizil.tr\/de\/#website"},"datePublished":"2025-03-27T15:41:17+00:00","breadcrumb":{"@id":"http:\/\/denizcankizil.tr\/ru\/haberler\/gundem\/egitim-senden-19-mart-darbesine-tepki-sendikal-mucadelemizden-vazgecmeyecegiz\/#breadcrumb"},"inLanguage":"de","potentialAction":[{"@type":"ReadAction","target":["http:\/\/denizcankizil.tr\/ru\/haberler\/gundem\/egitim-senden-19-mart-darbesine-tepki-sendikal-mucadelemizden-vazgecmeyecegiz\/"]}]},{"@type":"BreadcrumbList","@id":"http:\/\/denizcankizil.tr\/ru\/haberler\/gundem\/egitim-senden-19-mart-darbesine-tepki-sendikal-mucadelemizden-vazgecmeyecegiz\/#breadcrumb","itemListElement":[{"@type":"ListItem","position":1,"name":"Home","item":"https:\/\/denizcankizil.tr\/de\/"},{"@type":"ListItem","position":2,"name":"E\u011fitim Sen\u2019den \u201919 Mart Darbesine\u2019 tepki: \u201cSendikal m\u00fccadelemizden vazge\u00e7meyece\u011fiz\u201d"}]},{"@type":"WebSite","@id":"https:\/\/denizcankizil.tr\/de\/#website","url":"https:\/\/denizcankizil.tr\/de\/","name":"Av. Deniz Can K\u0131z\u0131l","description":"Avukat Deniz Can K\u0131z\u0131l Antalya Barosu","publisher":{"@id":"https:\/\/denizcankizil.tr\/de\/#organization"},"potentialAction":[{"@type":"SearchAction","target":{"@type":"EntryPoint","urlTemplate":"https:\/\/denizcankizil.tr\/de\/?s={search_term_string}"},"query-input":{"@type":"PropertyValueSpecification","valueRequired":true,"valueName":"search_term_string"}}],"inLanguage":"de"},{"@type":"Organization","@id":"https:\/\/denizcankizil.tr\/de\/#organization","name":"Av. Deniz Can K\u0131z\u0131l","url":"https:\/\/denizcankizil.tr\/de\/","logo":{"@type":"ImageObject","inLanguage":"de","@id":"https:\/\/denizcankizil.tr\/de\/#\/schema\/logo\/image\/","url":"https:\/\/denizcankizil.tr\/wp-content\/uploads\/2024\/10\/siyah-logo-svg.svg","contentUrl":"https:\/\/denizcankizil.tr\/wp-content\/uploads\/2024\/10\/siyah-logo-svg.svg","width":1080,"height":1080,"caption":"Av. Deniz Can K\u0131z\u0131l"},"image":{"@id":"https:\/\/denizcankizil.tr\/de\/#\/schema\/logo\/image\/"}},{"@type":"Person","@id":"https:\/\/denizcankizil.tr\/de\/#\/schema\/person\/e1eb71bb4dd684d46563f0af307e1234","name":"Antalya K\u00f6rfez","image":{"@type":"ImageObject","inLanguage":"de","@id":"https:\/\/denizcankizil.tr\/de\/#\/schema\/person\/image\/","url":"https:\/\/secure.gravatar.com\/avatar\/42b01982558a48a0b501fdcab6a408d3717ea5919095ee2e67b0e521799c5905?s=96&d=mm&r=g","contentUrl":"https:\/\/secure.gravatar.com\/avatar\/42b01982558a48a0b501fdcab6a408d3717ea5919095ee2e67b0e521799c5905?s=96&d=mm&r=g","caption":"Antalya K\u00f6rfez"},"sameAs":["http:\/\/www.antalyakorfez.com"],"url":"https:\/\/www.antalyakorfez.com\/egitim-senden-19-mart-darbesine-tepki-sendikal-mucadelemizden-vazgecmeyecegiz"}]}},"_links":{"self":[{"href":"https:\/\/denizcankizil.tr\/de\/wp-json\/wp\/v2\/posts\/37462","targetHints":{"allow":["GET"]}}],"collection":[{"href":"https:\/\/denizcankizil.tr\/de\/wp-json\/wp\/v2\/posts"}],"about":[{"href":"https:\/\/denizcankizil.tr\/de\/wp-json\/wp\/v2\/types\/post"}],"author":[{"embeddable":true,"href":"https:\/\/denizcankizil.tr\/de\/wp-json\/wp\/v2\/users\/5"}],"replies":[{"embeddable":true,"href":"https:\/\/denizcankizil.tr\/de\/wp-json\/wp\/v2\/comments?post=37462"}],"version-history":[{"count":0,"href":"https:\/\/denizcankizil.tr\/de\/wp-json\/wp\/v2\/posts\/37462\/revisions"}],"wp:attachment":[{"href":"https:\/\/denizcankizil.tr\/de\/wp-json\/wp\/v2\/media?parent=37462"}],"wp:term":[{"taxonomy":"category","embeddable":true,"href":"https:\/\/denizcankizil.tr\/de\/wp-json\/wp\/v2\/categories?post=37462"},{"taxonomy":"post_tag","embeddable":true,"href":"https:\/\/denizcankizil.tr\/de\/wp-json\/wp\/v2\/tags?post=37462"}],"curies":[{"name":"wp","href":"https:\/\/api.w.org\/{rel}","templated":true}]}}