{"id":3718,"date":"2024-10-17T13:01:46","date_gmt":"2024-10-17T10:01:46","guid":{"rendered":"https:\/\/denizcankizil.tr\/uncategorized\/duzcede-kaza-2-yarali\/"},"modified":"2024-10-17T13:01:46","modified_gmt":"2024-10-17T10:01:46","slug":"duzcede-kaza-2-yarali","status":"publish","type":"post","link":"https:\/\/denizcankizil.tr\/de\/haberler\/gundem\/duzcede-kaza-2-yarali\/","title":{"rendered":"D\u00fczce\u2019de kaza: 2 yaral\u0131"},"content":{"rendered":"<p>D\u00fczce&#8217;de meydana gelen trafik kazas\u0131nda 2 ki\u015fi yaraland\u0131.Sefer DEM\u0130R \/ D\u00dcZCE (\u0130GFA) &#8211; D\u00fczce- \u0130stanbul D-100 Karayolu D\u00f6ngelli k\u00f6y\u00fc kav\u015fa\u011f\u0131nda meydana gelen kazada \u0130stanbul istikametine seyirhalinde olan \u015e.K. idaresindeki otomobil s\u00fcr\u00fcc\u00fcs\u00fc ayn\u0131 istikamete gitmekte giden\u00a0kamyona arkadan \u00e7arpt\u0131.\u00a0<br \/>\n\u00c7arp\u0131\u015fman\u0131n etkisiyle 2 ki\u015fi yaraland\u0131.\u00a0<br \/>\nKazay\u0131 g\u00f6renlerin ihbar\u0131 \u00fczerine olay yerine sa\u011fl\u0131k ve polis ekipleri sevk edildi.\u00a0<br \/>\nYaralanan 2 ki\u015finin olay yerinde yap\u0131lan ilk m\u00fcdahalenin ard\u0131ndan ambulanslarla \u00e7evredeki hastanelere kald\u0131r\u0131ld\u0131.\u00a0<br \/>\nPolis ekipleri kaza ile ilgili inceleme ba\u015flatt\u0131.<\/p>\n<p>\u200bD\u00fczce&#8217;de meydana gelen trafik kazas\u0131nda 2 ki\u015fi yaraland\u0131\u00a0<\/p>\n<p>\u200bHaberin Al\u0131nt\u0131land\u0131\u011f\u0131 Kaynak: www.iskenderun.org<\/p>","protected":false},"excerpt":{"rendered":"<p>D\u00fczce&#8217;de meydana gelen trafik kazas\u0131nda 2 ki\u015fi yaraland\u0131.Sefer DEM\u0130R \/ D\u00dcZCE (\u0130GFA) &#8211; D\u00fczce- \u0130stanbul D-100 Karayolu D\u00f6ngelli k\u00f6y\u00fc kav\u015fa\u011f\u0131nda meydana gelen kazada \u0130stanbul istikametine seyirhalinde olan \u015e.K. idaresindeki otomobil s\u00fcr\u00fcc\u00fcs\u00fc ayn\u0131 istikamete gitmekte giden\u00a0kamyona arkadan \u00e7arpt\u0131.\u00a0 \u00c7arp\u0131\u015fman\u0131n etkisiyle 2 ki\u015fi yaraland\u0131.\u00a0 Kazay\u0131 g\u00f6renlerin ihbar\u0131 \u00fczerine olay yerine sa\u011fl\u0131k ve polis ekipleri sevk edildi.\u00a0 Yaralanan 2 ki\u015finin olay yerinde yap\u0131lan ilk m\u00fcdahalenin ard\u0131ndan ambulanslarla \u00e7evredeki hastanelere kald\u0131r\u0131ld\u0131.\u00a0 Polis ekipleri kaza ile ilgili inceleme ba\u015flatt\u0131. \u200bD\u00fczce&#8217;de meydana gelen trafik kazas\u0131nda 2 ki\u015fi yaraland\u0131\u00a0 \u200bHaberin Al\u0131nt\u0131land\u0131\u011f\u0131 Kaynak: www.iskenderun.org<\/p>","protected":false},"author":0,"featured_media":0,"comment_status":"open","ping_status":"open","sticky":false,"template":"","format":"standard","meta":{"_acf_changed":false,"footnotes":""},"categories":[24],"tags":[],"class_list":["post-3718","post","type-post","status-publish","format-standard","has-post-thumbnail","hentry","category-gundem"],"acf":[],"yoast_head":"<!-- This site is optimized with the Yoast SEO Premium plugin v26.6 (Yoast SEO v27.1.1) - https:\/\/yoast.com\/product\/yoast-seo-premium-wordpress\/ -->\n<title>D\u00fczce\u2019de kaza: 2 yaral\u0131 - Av. Deniz Can K\u0131z\u0131l<\/title>\n<meta name=\"robots\" content=\"index, follow, max-snippet:-1, max-image-preview:large, max-video-preview:-1\" \/>\n<link rel=\"canonical\" href=\"https:\/\/denizcankizil.tr\/de\/haberler\/gundem\/duzcede-kaza-2-yarali\/\" \/>\n<meta property=\"og:locale\" content=\"de_DE\" \/>\n<meta property=\"og:type\" content=\"article\" \/>\n<meta property=\"og:title\" content=\"D\u00fczce\u2019de kaza: 2 yaral\u0131\" \/>\n<meta property=\"og:description\" content=\"D\u00fczce&#8217;de meydana gelen trafik kazas\u0131nda 2 ki\u015fi yaraland\u0131.Sefer DEM\u0130R \/ D\u00dcZCE (\u0130GFA) &#8211; D\u00fczce- \u0130stanbul D-100 Karayolu D\u00f6ngelli k\u00f6y\u00fc kav\u015fa\u011f\u0131nda meydana gelen kazada \u0130stanbul istikametine seyirhalinde olan \u015e.K. idaresindeki otomobil s\u00fcr\u00fcc\u00fcs\u00fc ayn\u0131 istikamete gitmekte giden\u00a0kamyona arkadan \u00e7arpt\u0131.\u00a0 \u00c7arp\u0131\u015fman\u0131n etkisiyle 2 ki\u015fi yaraland\u0131.\u00a0 Kazay\u0131 g\u00f6renlerin ihbar\u0131 \u00fczerine olay yerine sa\u011fl\u0131k ve polis ekipleri sevk edildi.\u00a0 Yaralanan 2 ki\u015finin olay yerinde yap\u0131lan ilk m\u00fcdahalenin ard\u0131ndan ambulanslarla \u00e7evredeki hastanelere kald\u0131r\u0131ld\u0131.\u00a0 Polis ekipleri kaza ile ilgili inceleme ba\u015flatt\u0131. \u200bD\u00fczce&#8217;de meydana gelen trafik kazas\u0131nda 2 ki\u015fi yaraland\u0131\u00a0 \u200bHaberin Al\u0131nt\u0131land\u0131\u011f\u0131 Kaynak: www.iskenderun.org\" \/>\n<meta property=\"og:url\" content=\"https:\/\/denizcankizil.tr\/de\/haberler\/gundem\/duzcede-kaza-2-yarali\/\" \/>\n<meta property=\"og:site_name\" content=\"Av. Deniz Can K\u0131z\u0131l\" \/>\n<meta property=\"article:published_time\" content=\"2024-10-17T10:01:46+00:00\" \/>\n<meta name=\"twitter:card\" content=\"summary_large_image\" \/>\n<meta name=\"twitter:label1\" content=\"Gesch\u00e4tzte Lesezeit\" \/>\n\t<meta name=\"twitter:data1\" content=\"1\u00a0Minute\" \/>\n<script type=\"application\/ld+json\" class=\"yoast-schema-graph\">{\"@context\":\"https:\/\/schema.org\",\"@graph\":[{\"@type\":\"Article\",\"@id\":\"https:\/\/denizcankizil.tr\/de\/haberler\/gundem\/duzcede-kaza-2-yarali\/#article\",\"isPartOf\":{\"@id\":\"https:\/\/denizcankizil.tr\/de\/haberler\/gundem\/duzcede-kaza-2-yarali\/\"},\"author\":{\"name\":\"\",\"@id\":\"\"},\"headline\":\"D\u00fczce\u2019de kaza: 2 yaral\u0131\",\"datePublished\":\"2024-10-17T10:01:46+00:00\",\"mainEntityOfPage\":{\"@id\":\"https:\/\/denizcankizil.tr\/de\/haberler\/gundem\/duzcede-kaza-2-yarali\/\"},\"wordCount\":123,\"commentCount\":0,\"publisher\":{\"@id\":\"https:\/\/denizcankizil.tr\/#organization\"},\"articleSection\":[\"G\u00fcndem\"],\"inLanguage\":\"de\",\"potentialAction\":[{\"@type\":\"CommentAction\",\"name\":\"Comment\",\"target\":[\"https:\/\/denizcankizil.tr\/de\/haberler\/gundem\/duzcede-kaza-2-yarali\/#respond\"]}]},{\"@type\":\"WebPage\",\"@id\":\"https:\/\/denizcankizil.tr\/de\/haberler\/gundem\/duzcede-kaza-2-yarali\/\",\"url\":\"https:\/\/denizcankizil.tr\/de\/haberler\/gundem\/duzcede-kaza-2-yarali\/\",\"name\":\"D\u00fczce\u2019de kaza: 2 yaral\u0131 - Av. Deniz Can K\u0131z\u0131l\",\"isPartOf\":{\"@id\":\"https:\/\/denizcankizil.tr\/#website\"},\"datePublished\":\"2024-10-17T10:01:46+00:00\",\"breadcrumb\":{\"@id\":\"https:\/\/denizcankizil.tr\/de\/haberler\/gundem\/duzcede-kaza-2-yarali\/#breadcrumb\"},\"inLanguage\":\"de\",\"potentialAction\":[{\"@type\":\"ReadAction\",\"target\":[\"https:\/\/denizcankizil.tr\/de\/haberler\/gundem\/duzcede-kaza-2-yarali\/\"]}]},{\"@type\":\"BreadcrumbList\",\"@id\":\"https:\/\/denizcankizil.tr\/de\/haberler\/gundem\/duzcede-kaza-2-yarali\/#breadcrumb\",\"itemListElement\":[{\"@type\":\"ListItem\",\"position\":1,\"name\":\"Home\",\"item\":\"https:\/\/denizcankizil.tr\/de\/\"},{\"@type\":\"ListItem\",\"position\":2,\"name\":\"D\u00fczce\u2019de kaza: 2 yaral\u0131\"}]},{\"@type\":\"WebSite\",\"@id\":\"https:\/\/denizcankizil.tr\/#website\",\"url\":\"https:\/\/denizcankizil.tr\/\",\"name\":\"Av. Deniz Can K\u0131z\u0131l\",\"description\":\"Avukat Deniz Can K\u0131z\u0131l Antalya Barosu\",\"publisher\":{\"@id\":\"https:\/\/denizcankizil.tr\/#organization\"},\"potentialAction\":[{\"@type\":\"SearchAction\",\"target\":{\"@type\":\"EntryPoint\",\"urlTemplate\":\"https:\/\/denizcankizil.tr\/?s={search_term_string}\"},\"query-input\":{\"@type\":\"PropertyValueSpecification\",\"valueRequired\":true,\"valueName\":\"search_term_string\"}}],\"inLanguage\":\"de\"},{\"@type\":\"Organization\",\"@id\":\"https:\/\/denizcankizil.tr\/#organization\",\"name\":\"Av. Deniz Can K\u0131z\u0131l\",\"url\":\"https:\/\/denizcankizil.tr\/\",\"logo\":{\"@type\":\"ImageObject\",\"inLanguage\":\"de\",\"@id\":\"https:\/\/denizcankizil.tr\/#\/schema\/logo\/image\/\",\"url\":\"https:\/\/denizcankizil.tr\/wp-content\/uploads\/2024\/10\/siyah-logo-svg.svg\",\"contentUrl\":\"https:\/\/denizcankizil.tr\/wp-content\/uploads\/2024\/10\/siyah-logo-svg.svg\",\"width\":1080,\"height\":1080,\"caption\":\"Av. Deniz Can K\u0131z\u0131l\"},\"image\":{\"@id\":\"https:\/\/denizcankizil.tr\/#\/schema\/logo\/image\/\"}}]}<\/script>\n<!-- \/ Yoast SEO Premium plugin. -->","yoast_head_json":{"title":"D\u00fczce\u2019de kaza: 2 yaral\u0131 - Av. Deniz Can K\u0131z\u0131l","robots":{"index":"index","follow":"follow","max-snippet":"max-snippet:-1","max-image-preview":"max-image-preview:large","max-video-preview":"max-video-preview:-1"},"canonical":"https:\/\/denizcankizil.tr\/de\/haberler\/gundem\/duzcede-kaza-2-yarali\/","og_locale":"de_DE","og_type":"article","og_title":"D\u00fczce\u2019de kaza: 2 yaral\u0131","og_description":"D\u00fczce&#8217;de meydana gelen trafik kazas\u0131nda 2 ki\u015fi yaraland\u0131.Sefer DEM\u0130R \/ D\u00dcZCE (\u0130GFA) &#8211; D\u00fczce- \u0130stanbul D-100 Karayolu D\u00f6ngelli k\u00f6y\u00fc kav\u015fa\u011f\u0131nda meydana gelen kazada \u0130stanbul istikametine seyirhalinde olan \u015e.K. idaresindeki otomobil s\u00fcr\u00fcc\u00fcs\u00fc ayn\u0131 istikamete gitmekte giden\u00a0kamyona arkadan \u00e7arpt\u0131.\u00a0 \u00c7arp\u0131\u015fman\u0131n etkisiyle 2 ki\u015fi yaraland\u0131.\u00a0 Kazay\u0131 g\u00f6renlerin ihbar\u0131 \u00fczerine olay yerine sa\u011fl\u0131k ve polis ekipleri sevk edildi.\u00a0 Yaralanan 2 ki\u015finin olay yerinde yap\u0131lan ilk m\u00fcdahalenin ard\u0131ndan ambulanslarla \u00e7evredeki hastanelere kald\u0131r\u0131ld\u0131.\u00a0 Polis ekipleri kaza ile ilgili inceleme ba\u015flatt\u0131. \u200bD\u00fczce&#8217;de meydana gelen trafik kazas\u0131nda 2 ki\u015fi yaraland\u0131\u00a0 \u200bHaberin Al\u0131nt\u0131land\u0131\u011f\u0131 Kaynak: www.iskenderun.org","og_url":"https:\/\/denizcankizil.tr\/de\/haberler\/gundem\/duzcede-kaza-2-yarali\/","og_site_name":"Av. Deniz Can K\u0131z\u0131l","article_published_time":"2024-10-17T10:01:46+00:00","twitter_card":"summary_large_image","twitter_misc":{"Gesch\u00e4tzte Lesezeit":"1\u00a0Minute"},"schema":{"@context":"https:\/\/schema.org","@graph":[{"@type":"Article","@id":"https:\/\/denizcankizil.tr\/de\/haberler\/gundem\/duzcede-kaza-2-yarali\/#article","isPartOf":{"@id":"https:\/\/denizcankizil.tr\/de\/haberler\/gundem\/duzcede-kaza-2-yarali\/"},"author":{"name":"","@id":""},"headline":"D\u00fczce\u2019de kaza: 2 yaral\u0131","datePublished":"2024-10-17T10:01:46+00:00","mainEntityOfPage":{"@id":"https:\/\/denizcankizil.tr\/de\/haberler\/gundem\/duzcede-kaza-2-yarali\/"},"wordCount":123,"commentCount":0,"publisher":{"@id":"https:\/\/denizcankizil.tr\/#organization"},"articleSection":["G\u00fcndem"],"inLanguage":"de","potentialAction":[{"@type":"CommentAction","name":"Comment","target":["https:\/\/denizcankizil.tr\/de\/haberler\/gundem\/duzcede-kaza-2-yarali\/#respond"]}]},{"@type":"WebPage","@id":"https:\/\/denizcankizil.tr\/de\/haberler\/gundem\/duzcede-kaza-2-yarali\/","url":"https:\/\/denizcankizil.tr\/de\/haberler\/gundem\/duzcede-kaza-2-yarali\/","name":"D\u00fczce\u2019de kaza: 2 yaral\u0131 - Av. Deniz Can K\u0131z\u0131l","isPartOf":{"@id":"https:\/\/denizcankizil.tr\/#website"},"datePublished":"2024-10-17T10:01:46+00:00","breadcrumb":{"@id":"https:\/\/denizcankizil.tr\/de\/haberler\/gundem\/duzcede-kaza-2-yarali\/#breadcrumb"},"inLanguage":"de","potentialAction":[{"@type":"ReadAction","target":["https:\/\/denizcankizil.tr\/de\/haberler\/gundem\/duzcede-kaza-2-yarali\/"]}]},{"@type":"BreadcrumbList","@id":"https:\/\/denizcankizil.tr\/de\/haberler\/gundem\/duzcede-kaza-2-yarali\/#breadcrumb","itemListElement":[{"@type":"ListItem","position":1,"name":"Home","item":"https:\/\/denizcankizil.tr\/de\/"},{"@type":"ListItem","position":2,"name":"D\u00fczce\u2019de kaza: 2 yaral\u0131"}]},{"@type":"WebSite","@id":"https:\/\/denizcankizil.tr\/#website","url":"https:\/\/denizcankizil.tr\/","name":"Av. Deniz Can K\u0131z\u0131l","description":"Avukat Deniz Can K\u0131z\u0131l Antalya Barosu","publisher":{"@id":"https:\/\/denizcankizil.tr\/#organization"},"potentialAction":[{"@type":"SearchAction","target":{"@type":"EntryPoint","urlTemplate":"https:\/\/denizcankizil.tr\/?s={search_term_string}"},"query-input":{"@type":"PropertyValueSpecification","valueRequired":true,"valueName":"search_term_string"}}],"inLanguage":"de"},{"@type":"Organization","@id":"https:\/\/denizcankizil.tr\/#organization","name":"Av. Deniz Can K\u0131z\u0131l","url":"https:\/\/denizcankizil.tr\/","logo":{"@type":"ImageObject","inLanguage":"de","@id":"https:\/\/denizcankizil.tr\/#\/schema\/logo\/image\/","url":"https:\/\/denizcankizil.tr\/wp-content\/uploads\/2024\/10\/siyah-logo-svg.svg","contentUrl":"https:\/\/denizcankizil.tr\/wp-content\/uploads\/2024\/10\/siyah-logo-svg.svg","width":1080,"height":1080,"caption":"Av. Deniz Can K\u0131z\u0131l"},"image":{"@id":"https:\/\/denizcankizil.tr\/#\/schema\/logo\/image\/"}}]}},"_links":{"self":[{"href":"https:\/\/denizcankizil.tr\/de\/wp-json\/wp\/v2\/posts\/3718","targetHints":{"allow":["GET"]}}],"collection":[{"href":"https:\/\/denizcankizil.tr\/de\/wp-json\/wp\/v2\/posts"}],"about":[{"href":"https:\/\/denizcankizil.tr\/de\/wp-json\/wp\/v2\/types\/post"}],"replies":[{"embeddable":true,"href":"https:\/\/denizcankizil.tr\/de\/wp-json\/wp\/v2\/comments?post=3718"}],"version-history":[{"count":0,"href":"https:\/\/denizcankizil.tr\/de\/wp-json\/wp\/v2\/posts\/3718\/revisions"}],"wp:attachment":[{"href":"https:\/\/denizcankizil.tr\/de\/wp-json\/wp\/v2\/media?parent=3718"}],"wp:term":[{"taxonomy":"category","embeddable":true,"href":"https:\/\/denizcankizil.tr\/de\/wp-json\/wp\/v2\/categories?post=3718"},{"taxonomy":"post_tag","embeddable":true,"href":"https:\/\/denizcankizil.tr\/de\/wp-json\/wp\/v2\/tags?post=3718"}],"curies":[{"name":"wp","href":"https:\/\/api.w.org\/{rel}","templated":true}]}}