{"id":37017,"date":"2025-03-25T23:41:15","date_gmt":"2025-03-25T20:41:15","guid":{"rendered":"https:\/\/denizcankizil.tr\/uncategorized-tr\/antalyada-tescilli-iftar-yemegi\/"},"modified":"2025-03-25T23:41:15","modified_gmt":"2025-03-25T20:41:15","slug":"antalyada-tescilli-iftar-yemegi","status":"publish","type":"post","link":"https:\/\/denizcankizil.tr\/de\/haberler\/gundem\/antalyada-tescilli-iftar-yemegi\/","title":{"rendered":"Antalya\u2019da tescilli iftar yeme\u011fi!"},"content":{"rendered":"<p>Antalya Ticaret ve Sanayi Odas\u0131 (ATSO) iftar program\u0131 d\u00fczenledi. \u0130ftar program\u0131nda kat\u0131l\u0131mc\u0131lara Antalya\u2019da co\u011frafi i\u015faret \u00fcr\u00fcn\u00fc alm\u0131\u015f G\u00fcl\u00fckl\u00fc \u00c7orba ve Kabak Tatl\u0131s\u0131 ba\u015fta olmak \u00fczere y\u00f6reye \u00f6zg\u00fc Elmal\u0131 Usul\u00fc K\u0131rm\u0131z\u0131 Et, G\u00f6k\u00e7esu Pilav\u0131, Mevsim Salata ikram edildi. ATSO\u2019nun iftar program\u0131nda, misafirlere Antalya mutfa\u011f\u0131n\u0131n co\u011frafi i\u015faret tescilli yemekleri ikram edildi. Men\u00fcn\u00fcn en dikkat \u00e7eken tatlar\u0131 aras\u0131nda G\u00fcl\u00fckl\u00fc \u00c7orba ve Kabak Tatl\u0131s\u0131 yer ald\u0131. Ayr\u0131ca, Elmal\u0131 Usul\u00fc K\u0131rm\u0131z\u0131 Et, G\u00f6k\u00e7esu Pilav\u0131 ve Mevsim Salata da davetlilere sunuldu.\u00a0<\/p>\n<p>\u00c7OK SAYIDA \u0130\u015e \u0130NSANI KATILDI<\/p>\n<p>\u0130ftar program\u0131na, Antalya Valisi Hulusi \u015eahin, B\u00fcy\u00fck\u015fehir Belediye Ba\u015fkan\u0131 Muhittin B\u00f6cek, \u0130l Emniyet M\u00fcd\u00fcr\u00fc \u0130lker Arslan, \u0130l Jandarma Komutan\u0131 Tar\u0131k Hekimo\u011flu, milletvekilleri, oda ba\u015fkanlar\u0131 ve \u00e7ok say\u0131da i\u015f insan\u0131 kat\u0131ld\u0131. Ramazan ay\u0131n\u0131n yard\u0131mla\u015fma ve payla\u015fma ay\u0131 oldu\u011funu belirten Antalya Valisi Hulusi \u015eahin, yar\u0131n idrak edilecek olan Kadir Gecesi\u2019nin sa\u011fl\u0131k, huzur ve mutluluk getirmesini temenni etti.<\/p>\n<p>B\u00dcY\u00dcK B\u0130R MUTLULUK<\/p>\n<p>Antalya B\u00fcy\u00fck\u015fehir Belediye Ba\u015fkan\u0131 Muhittin B\u00f6cek, konu\u015fmas\u0131nda birlik ve beraberli\u011fin \u00f6nemine vurgu yaparak, \u201cAtam\u0131z\u0131n s\u00f6yledi\u011fi gibi, \u015f\u00fcphesiz d\u00fcnyan\u0131n en g\u00fczel yeri olan Antalya\u2019m\u0131zda hep birlikte olmak b\u00fcy\u00fck bir mutluluk. Tar\u0131m\u0131n ba\u015fkentinde i\u015f insanlar\u0131m\u0131zla el ele vererek \u00e7al\u0131\u015fmaya devam ediyoruz\u201d dedi.\u00a0<\/p>\n<p>DAYANI\u015eMA RUHU<\/p>\n<p>ATSO Ba\u015fkan\u0131 Yusuf Hac\u0131s\u00fcleyman, iftar program\u0131nda yapt\u0131\u011f\u0131 konu\u015fmada, sofrada yer alan bir\u00e7ok \u00fcr\u00fcn\u00fcn meclis \u00fcyelerinin katk\u0131lar\u0131yla sa\u011fland\u0131\u011f\u0131n\u0131 belirtti. \u201cBug\u00fcn sofram\u0131zda olan hurma, su, ayran, limonata, zeytin, salatadaki sebzeler, turun\u00e7 ve kabak tatl\u0131s\u0131 meclis \u00fcyelerimiz taraf\u0131ndan sa\u011fland\u0131. Bu dayan\u0131\u015fma i\u00e7in kendilerine g\u00f6n\u00fclden te\u015fekk\u00fcr ediyorum\u201d dedi. \u0130ftar program\u0131n\u0131n sonunda kat\u0131l\u0131mc\u0131lar bir araya gelerek sohbet etti. Gece, edilen dualar\u0131n ard\u0131ndan sona erdi.<\/p>\n<p>\u200bAntalya Ticaret ve Sanayi Odas\u0131 (ATSO) taraf\u0131ndan d\u00fczenlenen iftar program\u0131, i\u015f d\u00fcnyas\u0131 ve protokol \u00fcyelerini bir araya getirdi. Antalya mutfa\u011f\u0131n\u0131n en \u00f6zel lezzetlerinin sunuldu\u011fu iftar program\u0131nda, co\u011frafi i\u015faretli \u00fcr\u00fcnler \u00f6ne \u00e7\u0131kt\u0131.\u00a0<\/p>\n<p>\u200bHaberin Al\u0131nt\u0131land\u0131\u011f\u0131 Kaynak: www.antalyakorfez.com<\/p>","protected":false},"excerpt":{"rendered":"<p>Antalya Ticaret ve Sanayi Odas\u0131 (ATSO) iftar program\u0131 d\u00fczenledi. \u0130ftar program\u0131nda kat\u0131l\u0131mc\u0131lara Antalya\u2019da co\u011frafi i\u015faret \u00fcr\u00fcn\u00fc alm\u0131\u015f G\u00fcl\u00fckl\u00fc \u00c7orba ve Kabak Tatl\u0131s\u0131 ba\u015fta olmak \u00fczere y\u00f6reye \u00f6zg\u00fc Elmal\u0131 Usul\u00fc K\u0131rm\u0131z\u0131 Et, G\u00f6k\u00e7esu Pilav\u0131, Mevsim Salata ikram edildi. ATSO\u2019nun iftar program\u0131nda, misafirlere Antalya mutfa\u011f\u0131n\u0131n co\u011frafi i\u015faret tescilli yemekleri ikram edildi. Men\u00fcn\u00fcn en dikkat \u00e7eken tatlar\u0131 aras\u0131nda G\u00fcl\u00fckl\u00fc \u00c7orba ve Kabak Tatl\u0131s\u0131 yer ald\u0131. Ayr\u0131ca, Elmal\u0131 Usul\u00fc K\u0131rm\u0131z\u0131 Et, G\u00f6k\u00e7esu Pilav\u0131 ve Mevsim Salata da davetlilere sunuldu.\u00a0 \u00c7OK SAYIDA \u0130\u015e \u0130NSANI KATILDI \u0130ftar program\u0131na, Antalya Valisi Hulusi \u015eahin, B\u00fcy\u00fck\u015fehir Belediye Ba\u015fkan\u0131 Muhittin B\u00f6cek, \u0130l Emniyet M\u00fcd\u00fcr\u00fc \u0130lker Arslan, \u0130l Jandarma Komutan\u0131 Tar\u0131k Hekimo\u011flu, milletvekilleri, oda ba\u015fkanlar\u0131 ve \u00e7ok say\u0131da i\u015f insan\u0131 kat\u0131ld\u0131. Ramazan ay\u0131n\u0131n yard\u0131mla\u015fma ve payla\u015fma ay\u0131 oldu\u011funu belirten Antalya Valisi Hulusi \u015eahin, yar\u0131n idrak edilecek olan Kadir Gecesi\u2019nin sa\u011fl\u0131k, huzur ve mutluluk getirmesini temenni etti. B\u00dcY\u00dcK B\u0130R MUTLULUK Antalya B\u00fcy\u00fck\u015fehir Belediye Ba\u015fkan\u0131 Muhittin B\u00f6cek, konu\u015fmas\u0131nda birlik ve beraberli\u011fin \u00f6nemine vurgu yaparak, \u201cAtam\u0131z\u0131n s\u00f6yledi\u011fi gibi, \u015f\u00fcphesiz d\u00fcnyan\u0131n en g\u00fczel yeri olan Antalya\u2019m\u0131zda hep birlikte olmak b\u00fcy\u00fck bir mutluluk. Tar\u0131m\u0131n ba\u015fkentinde i\u015f insanlar\u0131m\u0131zla el ele vererek \u00e7al\u0131\u015fmaya devam ediyoruz\u201d dedi.\u00a0 DAYANI\u015eMA RUHU ATSO Ba\u015fkan\u0131 Yusuf Hac\u0131s\u00fcleyman, iftar program\u0131nda yapt\u0131\u011f\u0131 konu\u015fmada, sofrada yer alan bir\u00e7ok \u00fcr\u00fcn\u00fcn meclis \u00fcyelerinin katk\u0131lar\u0131yla sa\u011fland\u0131\u011f\u0131n\u0131 belirtti. \u201cBug\u00fcn sofram\u0131zda &hellip;<\/p>","protected":false},"author":5,"featured_media":0,"comment_status":"","ping_status":"open","sticky":false,"template":"","format":"standard","meta":{"_acf_changed":false,"footnotes":""},"categories":[24],"tags":[],"class_list":["post-37017","post","type-post","status-publish","format-standard","has-post-thumbnail","hentry","category-gundem"],"acf":[],"yoast_head":"<!-- This site is optimized with the Yoast SEO Premium plugin v26.6 (Yoast SEO v27.1.1) - https:\/\/yoast.com\/product\/yoast-seo-premium-wordpress\/ -->\n<title>Antalya\u2019da tescilli iftar yeme\u011fi! - Av. Deniz Can K\u0131z\u0131l<\/title>\n<meta name=\"robots\" content=\"index, follow, max-snippet:-1, max-image-preview:large, max-video-preview:-1\" \/>\n<link rel=\"canonical\" href=\"https:\/\/denizcankizil.tr\/de\/haberler\/gundem\/antalyada-tescilli-iftar-yemegi\/\" \/>\n<meta property=\"og:locale\" content=\"de_DE\" \/>\n<meta property=\"og:type\" content=\"article\" \/>\n<meta property=\"og:title\" content=\"Antalya\u2019da tescilli iftar yeme\u011fi!\" \/>\n<meta property=\"og:description\" content=\"Antalya Ticaret ve Sanayi Odas\u0131 (ATSO) iftar program\u0131 d\u00fczenledi. \u0130ftar program\u0131nda kat\u0131l\u0131mc\u0131lara Antalya\u2019da co\u011frafi i\u015faret \u00fcr\u00fcn\u00fc alm\u0131\u015f G\u00fcl\u00fckl\u00fc \u00c7orba ve Kabak Tatl\u0131s\u0131 ba\u015fta olmak \u00fczere y\u00f6reye \u00f6zg\u00fc Elmal\u0131 Usul\u00fc K\u0131rm\u0131z\u0131 Et, G\u00f6k\u00e7esu Pilav\u0131, Mevsim Salata ikram edildi. ATSO\u2019nun iftar program\u0131nda, misafirlere Antalya mutfa\u011f\u0131n\u0131n co\u011frafi i\u015faret tescilli yemekleri ikram edildi. Men\u00fcn\u00fcn en dikkat \u00e7eken tatlar\u0131 aras\u0131nda G\u00fcl\u00fckl\u00fc \u00c7orba ve Kabak Tatl\u0131s\u0131 yer ald\u0131. Ayr\u0131ca, Elmal\u0131 Usul\u00fc K\u0131rm\u0131z\u0131 Et, G\u00f6k\u00e7esu Pilav\u0131 ve Mevsim Salata da davetlilere sunuldu.\u00a0 \u00c7OK SAYIDA \u0130\u015e \u0130NSANI KATILDI \u0130ftar program\u0131na, Antalya Valisi Hulusi \u015eahin, B\u00fcy\u00fck\u015fehir Belediye Ba\u015fkan\u0131 Muhittin B\u00f6cek, \u0130l Emniyet M\u00fcd\u00fcr\u00fc \u0130lker Arslan, \u0130l Jandarma Komutan\u0131 Tar\u0131k Hekimo\u011flu, milletvekilleri, oda ba\u015fkanlar\u0131 ve \u00e7ok say\u0131da i\u015f insan\u0131 kat\u0131ld\u0131. Ramazan ay\u0131n\u0131n yard\u0131mla\u015fma ve payla\u015fma ay\u0131 oldu\u011funu belirten Antalya Valisi Hulusi \u015eahin, yar\u0131n idrak edilecek olan Kadir Gecesi\u2019nin sa\u011fl\u0131k, huzur ve mutluluk getirmesini temenni etti. B\u00dcY\u00dcK B\u0130R MUTLULUK Antalya B\u00fcy\u00fck\u015fehir Belediye Ba\u015fkan\u0131 Muhittin B\u00f6cek, konu\u015fmas\u0131nda birlik ve beraberli\u011fin \u00f6nemine vurgu yaparak, \u201cAtam\u0131z\u0131n s\u00f6yledi\u011fi gibi, \u015f\u00fcphesiz d\u00fcnyan\u0131n en g\u00fczel yeri olan Antalya\u2019m\u0131zda hep birlikte olmak b\u00fcy\u00fck bir mutluluk. Tar\u0131m\u0131n ba\u015fkentinde i\u015f insanlar\u0131m\u0131zla el ele vererek \u00e7al\u0131\u015fmaya devam ediyoruz\u201d dedi.\u00a0 DAYANI\u015eMA RUHU ATSO Ba\u015fkan\u0131 Yusuf Hac\u0131s\u00fcleyman, iftar program\u0131nda yapt\u0131\u011f\u0131 konu\u015fmada, sofrada yer alan bir\u00e7ok \u00fcr\u00fcn\u00fcn meclis \u00fcyelerinin katk\u0131lar\u0131yla sa\u011fland\u0131\u011f\u0131n\u0131 belirtti. \u201cBug\u00fcn sofram\u0131zda &hellip;\" \/>\n<meta property=\"og:url\" content=\"https:\/\/denizcankizil.tr\/de\/haberler\/gundem\/antalyada-tescilli-iftar-yemegi\/\" \/>\n<meta property=\"og:site_name\" content=\"Av. Deniz Can K\u0131z\u0131l\" \/>\n<meta property=\"article:published_time\" content=\"2025-03-25T20:41:15+00:00\" \/>\n<meta name=\"author\" content=\"Antalya K\u00f6rfez\" \/>\n<meta name=\"twitter:card\" content=\"summary_large_image\" \/>\n<meta name=\"twitter:label1\" content=\"Verfasst von\" \/>\n\t<meta name=\"twitter:data1\" content=\"Antalya K\u00f6rfez\" \/>\n\t<meta name=\"twitter:label2\" content=\"Gesch\u00e4tzte Lesezeit\" \/>\n\t<meta name=\"twitter:data2\" content=\"2\u00a0Minuten\" \/>\n<script type=\"application\/ld+json\" class=\"yoast-schema-graph\">{\"@context\":\"https:\/\/schema.org\",\"@graph\":[{\"@type\":\"Article\",\"@id\":\"https:\/\/denizcankizil.tr\/de\/haberler\/gundem\/antalyada-tescilli-iftar-yemegi\/#article\",\"isPartOf\":{\"@id\":\"https:\/\/denizcankizil.tr\/de\/haberler\/gundem\/antalyada-tescilli-iftar-yemegi\/\"},\"author\":{\"name\":\"Antalya K\u00f6rfez\",\"@id\":\"https:\/\/denizcankizil.tr\/#\/schema\/person\/e1eb71bb4dd684d46563f0af307e1234\"},\"headline\":\"Antalya\u2019da tescilli iftar yeme\u011fi!\",\"datePublished\":\"2025-03-25T20:41:15+00:00\",\"mainEntityOfPage\":{\"@id\":\"https:\/\/denizcankizil.tr\/de\/haberler\/gundem\/antalyada-tescilli-iftar-yemegi\/\"},\"wordCount\":410,\"publisher\":{\"@id\":\"https:\/\/denizcankizil.tr\/#organization\"},\"articleSection\":[\"G\u00fcndem\"],\"inLanguage\":\"de\"},{\"@type\":\"WebPage\",\"@id\":\"https:\/\/denizcankizil.tr\/de\/haberler\/gundem\/antalyada-tescilli-iftar-yemegi\/\",\"url\":\"https:\/\/denizcankizil.tr\/de\/haberler\/gundem\/antalyada-tescilli-iftar-yemegi\/\",\"name\":\"Antalya\u2019da tescilli iftar yeme\u011fi! - Av. Deniz Can K\u0131z\u0131l\",\"isPartOf\":{\"@id\":\"https:\/\/denizcankizil.tr\/#website\"},\"datePublished\":\"2025-03-25T20:41:15+00:00\",\"breadcrumb\":{\"@id\":\"https:\/\/denizcankizil.tr\/de\/haberler\/gundem\/antalyada-tescilli-iftar-yemegi\/#breadcrumb\"},\"inLanguage\":\"de\",\"potentialAction\":[{\"@type\":\"ReadAction\",\"target\":[\"https:\/\/denizcankizil.tr\/de\/haberler\/gundem\/antalyada-tescilli-iftar-yemegi\/\"]}]},{\"@type\":\"BreadcrumbList\",\"@id\":\"https:\/\/denizcankizil.tr\/de\/haberler\/gundem\/antalyada-tescilli-iftar-yemegi\/#breadcrumb\",\"itemListElement\":[{\"@type\":\"ListItem\",\"position\":1,\"name\":\"Home\",\"item\":\"https:\/\/denizcankizil.tr\/uk\/\"},{\"@type\":\"ListItem\",\"position\":2,\"name\":\"Antalya\u2019da tescilli iftar yeme\u011fi!\"}]},{\"@type\":\"WebSite\",\"@id\":\"https:\/\/denizcankizil.tr\/#website\",\"url\":\"https:\/\/denizcankizil.tr\/\",\"name\":\"Av. Deniz Can K\u0131z\u0131l\",\"description\":\"Avukat Deniz Can K\u0131z\u0131l Antalya Barosu\",\"publisher\":{\"@id\":\"https:\/\/denizcankizil.tr\/#organization\"},\"potentialAction\":[{\"@type\":\"SearchAction\",\"target\":{\"@type\":\"EntryPoint\",\"urlTemplate\":\"https:\/\/denizcankizil.tr\/?s={search_term_string}\"},\"query-input\":{\"@type\":\"PropertyValueSpecification\",\"valueRequired\":true,\"valueName\":\"search_term_string\"}}],\"inLanguage\":\"de\"},{\"@type\":\"Organization\",\"@id\":\"https:\/\/denizcankizil.tr\/#organization\",\"name\":\"Av. Deniz Can K\u0131z\u0131l\",\"url\":\"https:\/\/denizcankizil.tr\/\",\"logo\":{\"@type\":\"ImageObject\",\"inLanguage\":\"de\",\"@id\":\"https:\/\/denizcankizil.tr\/#\/schema\/logo\/image\/\",\"url\":\"https:\/\/denizcankizil.tr\/wp-content\/uploads\/2024\/10\/siyah-logo-svg.svg\",\"contentUrl\":\"https:\/\/denizcankizil.tr\/wp-content\/uploads\/2024\/10\/siyah-logo-svg.svg\",\"width\":1080,\"height\":1080,\"caption\":\"Av. Deniz Can K\u0131z\u0131l\"},\"image\":{\"@id\":\"https:\/\/denizcankizil.tr\/#\/schema\/logo\/image\/\"}},{\"@type\":\"Person\",\"@id\":\"https:\/\/denizcankizil.tr\/#\/schema\/person\/e1eb71bb4dd684d46563f0af307e1234\",\"name\":\"Antalya K\u00f6rfez\",\"image\":{\"@type\":\"ImageObject\",\"inLanguage\":\"de\",\"@id\":\"https:\/\/denizcankizil.tr\/#\/schema\/person\/image\/\",\"url\":\"https:\/\/secure.gravatar.com\/avatar\/42b01982558a48a0b501fdcab6a408d3717ea5919095ee2e67b0e521799c5905?s=96&d=mm&r=g\",\"contentUrl\":\"https:\/\/secure.gravatar.com\/avatar\/42b01982558a48a0b501fdcab6a408d3717ea5919095ee2e67b0e521799c5905?s=96&d=mm&r=g\",\"caption\":\"Antalya K\u00f6rfez\"},\"sameAs\":[\"http:\/\/www.antalyakorfez.com\"],\"url\":\"https:\/\/www.antalyakorfez.com\/antalyada-tescilli-iftar-yemegi\"}]}<\/script>\n<!-- \/ Yoast SEO Premium plugin. -->","yoast_head_json":{"title":"Antalya\u2019da tescilli iftar yeme\u011fi! - Av. Deniz Can K\u0131z\u0131l","robots":{"index":"index","follow":"follow","max-snippet":"max-snippet:-1","max-image-preview":"max-image-preview:large","max-video-preview":"max-video-preview:-1"},"canonical":"https:\/\/denizcankizil.tr\/de\/haberler\/gundem\/antalyada-tescilli-iftar-yemegi\/","og_locale":"de_DE","og_type":"article","og_title":"Antalya\u2019da tescilli iftar yeme\u011fi!","og_description":"Antalya Ticaret ve Sanayi Odas\u0131 (ATSO) iftar program\u0131 d\u00fczenledi. \u0130ftar program\u0131nda kat\u0131l\u0131mc\u0131lara Antalya\u2019da co\u011frafi i\u015faret \u00fcr\u00fcn\u00fc alm\u0131\u015f G\u00fcl\u00fckl\u00fc \u00c7orba ve Kabak Tatl\u0131s\u0131 ba\u015fta olmak \u00fczere y\u00f6reye \u00f6zg\u00fc Elmal\u0131 Usul\u00fc K\u0131rm\u0131z\u0131 Et, G\u00f6k\u00e7esu Pilav\u0131, Mevsim Salata ikram edildi. ATSO\u2019nun iftar program\u0131nda, misafirlere Antalya mutfa\u011f\u0131n\u0131n co\u011frafi i\u015faret tescilli yemekleri ikram edildi. Men\u00fcn\u00fcn en dikkat \u00e7eken tatlar\u0131 aras\u0131nda G\u00fcl\u00fckl\u00fc \u00c7orba ve Kabak Tatl\u0131s\u0131 yer ald\u0131. Ayr\u0131ca, Elmal\u0131 Usul\u00fc K\u0131rm\u0131z\u0131 Et, G\u00f6k\u00e7esu Pilav\u0131 ve Mevsim Salata da davetlilere sunuldu.\u00a0 \u00c7OK SAYIDA \u0130\u015e \u0130NSANI KATILDI \u0130ftar program\u0131na, Antalya Valisi Hulusi \u015eahin, B\u00fcy\u00fck\u015fehir Belediye Ba\u015fkan\u0131 Muhittin B\u00f6cek, \u0130l Emniyet M\u00fcd\u00fcr\u00fc \u0130lker Arslan, \u0130l Jandarma Komutan\u0131 Tar\u0131k Hekimo\u011flu, milletvekilleri, oda ba\u015fkanlar\u0131 ve \u00e7ok say\u0131da i\u015f insan\u0131 kat\u0131ld\u0131. Ramazan ay\u0131n\u0131n yard\u0131mla\u015fma ve payla\u015fma ay\u0131 oldu\u011funu belirten Antalya Valisi Hulusi \u015eahin, yar\u0131n idrak edilecek olan Kadir Gecesi\u2019nin sa\u011fl\u0131k, huzur ve mutluluk getirmesini temenni etti. B\u00dcY\u00dcK B\u0130R MUTLULUK Antalya B\u00fcy\u00fck\u015fehir Belediye Ba\u015fkan\u0131 Muhittin B\u00f6cek, konu\u015fmas\u0131nda birlik ve beraberli\u011fin \u00f6nemine vurgu yaparak, \u201cAtam\u0131z\u0131n s\u00f6yledi\u011fi gibi, \u015f\u00fcphesiz d\u00fcnyan\u0131n en g\u00fczel yeri olan Antalya\u2019m\u0131zda hep birlikte olmak b\u00fcy\u00fck bir mutluluk. Tar\u0131m\u0131n ba\u015fkentinde i\u015f insanlar\u0131m\u0131zla el ele vererek \u00e7al\u0131\u015fmaya devam ediyoruz\u201d dedi.\u00a0 DAYANI\u015eMA RUHU ATSO Ba\u015fkan\u0131 Yusuf Hac\u0131s\u00fcleyman, iftar program\u0131nda yapt\u0131\u011f\u0131 konu\u015fmada, sofrada yer alan bir\u00e7ok \u00fcr\u00fcn\u00fcn meclis \u00fcyelerinin katk\u0131lar\u0131yla sa\u011fland\u0131\u011f\u0131n\u0131 belirtti. \u201cBug\u00fcn sofram\u0131zda &hellip;","og_url":"https:\/\/denizcankizil.tr\/de\/haberler\/gundem\/antalyada-tescilli-iftar-yemegi\/","og_site_name":"Av. Deniz Can K\u0131z\u0131l","article_published_time":"2025-03-25T20:41:15+00:00","author":"Antalya K\u00f6rfez","twitter_card":"summary_large_image","twitter_misc":{"Verfasst von":"Antalya K\u00f6rfez","Gesch\u00e4tzte Lesezeit":"2\u00a0Minuten"},"schema":{"@context":"https:\/\/schema.org","@graph":[{"@type":"Article","@id":"https:\/\/denizcankizil.tr\/de\/haberler\/gundem\/antalyada-tescilli-iftar-yemegi\/#article","isPartOf":{"@id":"https:\/\/denizcankizil.tr\/de\/haberler\/gundem\/antalyada-tescilli-iftar-yemegi\/"},"author":{"name":"Antalya K\u00f6rfez","@id":"https:\/\/denizcankizil.tr\/#\/schema\/person\/e1eb71bb4dd684d46563f0af307e1234"},"headline":"Antalya\u2019da tescilli iftar yeme\u011fi!","datePublished":"2025-03-25T20:41:15+00:00","mainEntityOfPage":{"@id":"https:\/\/denizcankizil.tr\/de\/haberler\/gundem\/antalyada-tescilli-iftar-yemegi\/"},"wordCount":410,"publisher":{"@id":"https:\/\/denizcankizil.tr\/#organization"},"articleSection":["G\u00fcndem"],"inLanguage":"de"},{"@type":"WebPage","@id":"https:\/\/denizcankizil.tr\/de\/haberler\/gundem\/antalyada-tescilli-iftar-yemegi\/","url":"https:\/\/denizcankizil.tr\/de\/haberler\/gundem\/antalyada-tescilli-iftar-yemegi\/","name":"Antalya\u2019da tescilli iftar yeme\u011fi! - Av. Deniz Can K\u0131z\u0131l","isPartOf":{"@id":"https:\/\/denizcankizil.tr\/#website"},"datePublished":"2025-03-25T20:41:15+00:00","breadcrumb":{"@id":"https:\/\/denizcankizil.tr\/de\/haberler\/gundem\/antalyada-tescilli-iftar-yemegi\/#breadcrumb"},"inLanguage":"de","potentialAction":[{"@type":"ReadAction","target":["https:\/\/denizcankizil.tr\/de\/haberler\/gundem\/antalyada-tescilli-iftar-yemegi\/"]}]},{"@type":"BreadcrumbList","@id":"https:\/\/denizcankizil.tr\/de\/haberler\/gundem\/antalyada-tescilli-iftar-yemegi\/#breadcrumb","itemListElement":[{"@type":"ListItem","position":1,"name":"Home","item":"https:\/\/denizcankizil.tr\/uk\/"},{"@type":"ListItem","position":2,"name":"Antalya\u2019da tescilli iftar yeme\u011fi!"}]},{"@type":"WebSite","@id":"https:\/\/denizcankizil.tr\/#website","url":"https:\/\/denizcankizil.tr\/","name":"Av. Deniz Can K\u0131z\u0131l","description":"Avukat Deniz Can K\u0131z\u0131l Antalya Barosu","publisher":{"@id":"https:\/\/denizcankizil.tr\/#organization"},"potentialAction":[{"@type":"SearchAction","target":{"@type":"EntryPoint","urlTemplate":"https:\/\/denizcankizil.tr\/?s={search_term_string}"},"query-input":{"@type":"PropertyValueSpecification","valueRequired":true,"valueName":"search_term_string"}}],"inLanguage":"de"},{"@type":"Organization","@id":"https:\/\/denizcankizil.tr\/#organization","name":"Av. Deniz Can K\u0131z\u0131l","url":"https:\/\/denizcankizil.tr\/","logo":{"@type":"ImageObject","inLanguage":"de","@id":"https:\/\/denizcankizil.tr\/#\/schema\/logo\/image\/","url":"https:\/\/denizcankizil.tr\/wp-content\/uploads\/2024\/10\/siyah-logo-svg.svg","contentUrl":"https:\/\/denizcankizil.tr\/wp-content\/uploads\/2024\/10\/siyah-logo-svg.svg","width":1080,"height":1080,"caption":"Av. Deniz Can K\u0131z\u0131l"},"image":{"@id":"https:\/\/denizcankizil.tr\/#\/schema\/logo\/image\/"}},{"@type":"Person","@id":"https:\/\/denizcankizil.tr\/#\/schema\/person\/e1eb71bb4dd684d46563f0af307e1234","name":"Antalya K\u00f6rfez","image":{"@type":"ImageObject","inLanguage":"de","@id":"https:\/\/denizcankizil.tr\/#\/schema\/person\/image\/","url":"https:\/\/secure.gravatar.com\/avatar\/42b01982558a48a0b501fdcab6a408d3717ea5919095ee2e67b0e521799c5905?s=96&d=mm&r=g","contentUrl":"https:\/\/secure.gravatar.com\/avatar\/42b01982558a48a0b501fdcab6a408d3717ea5919095ee2e67b0e521799c5905?s=96&d=mm&r=g","caption":"Antalya K\u00f6rfez"},"sameAs":["http:\/\/www.antalyakorfez.com"],"url":"https:\/\/www.antalyakorfez.com\/antalyada-tescilli-iftar-yemegi"}]}},"_links":{"self":[{"href":"https:\/\/denizcankizil.tr\/de\/wp-json\/wp\/v2\/posts\/37017","targetHints":{"allow":["GET"]}}],"collection":[{"href":"https:\/\/denizcankizil.tr\/de\/wp-json\/wp\/v2\/posts"}],"about":[{"href":"https:\/\/denizcankizil.tr\/de\/wp-json\/wp\/v2\/types\/post"}],"author":[{"embeddable":true,"href":"https:\/\/denizcankizil.tr\/de\/wp-json\/wp\/v2\/users\/5"}],"replies":[{"embeddable":true,"href":"https:\/\/denizcankizil.tr\/de\/wp-json\/wp\/v2\/comments?post=37017"}],"version-history":[{"count":0,"href":"https:\/\/denizcankizil.tr\/de\/wp-json\/wp\/v2\/posts\/37017\/revisions"}],"wp:attachment":[{"href":"https:\/\/denizcankizil.tr\/de\/wp-json\/wp\/v2\/media?parent=37017"}],"wp:term":[{"taxonomy":"category","embeddable":true,"href":"https:\/\/denizcankizil.tr\/de\/wp-json\/wp\/v2\/categories?post=37017"},{"taxonomy":"post_tag","embeddable":true,"href":"https:\/\/denizcankizil.tr\/de\/wp-json\/wp\/v2\/tags?post=37017"}],"curies":[{"name":"wp","href":"https:\/\/api.w.org\/{rel}","templated":true}]}}