{"id":36972,"date":"2025-03-25T16:41:25","date_gmt":"2025-03-25T13:41:25","guid":{"rendered":"https:\/\/denizcankizil.tr\/uncategorized-tr\/teror-gazisi-torenle-topraga-verildi\/"},"modified":"2025-03-25T16:41:25","modified_gmt":"2025-03-25T13:41:25","slug":"teror-gazisi-torenle-topraga-verildi","status":"publish","type":"post","link":"https:\/\/denizcankizil.tr\/de\/haberler\/antalya\/teror-gazisi-torenle-topraga-verildi\/","title":{"rendered":"Ter\u00f6r gazisi t\u00f6renle topra\u011fa verildi"},"content":{"rendered":"<p>Antalya&#8217;da 18 Mart&#8217;ta ge\u00e7irdi\u011fi kaza sonras\u0131 Antalya \u015eehir Hastanesi&#8217;nde tedaviye al\u0131nan ve 6 g\u00fcn sonra ya\u015fam\u0131n\u0131 yitiren Gazi \u0130lhan U\u00e7ar i\u00e7in Serik&#8217;e ba\u011fl\u0131 Dikmen Mahallesi&#8217;nde askeri t\u00f6ren d\u00fczenlendi.<br \/>\nCenazeye Vali Hulusi \u015eahin, Kaymakam Cemal \u015eahin, Serik Belediye Ba\u015fkan\u0131 Kadir Kumbul, Muratpa\u015fa Belediye Ba\u015fkan\u0131 \u00dcmit Uysal, Serik Cumhuriyet Ba\u015fsavc\u0131s\u0131 Muhammed Kaan \u00d6zel, \u0130l\u00e7e Jandarma Komutan\u0131 \u00dcste\u011fmen Ali Duman, \u0130l\u00e7e Emniyet M\u00fcd\u00fcr\u00fc Harun Mere, \u0130l\u00e7e M\u00fcft\u00fcs\u00fc \u0130brahim K\u00f6ksal, askeri ve sivil erkan ile vatanda\u015flar kat\u0131ld\u0131. \u0130l\u00e7e M\u00fcft\u00fcs\u00fc \u0130brahim K\u00f6ksal&#8217;\u0131n k\u0131ld\u0131rd\u0131\u011f\u0131 namaz sonras\u0131 Gazi \u0130lhan U\u00e7ar&#8217;\u0131n cenazesi Dikmen Mahalle Mezarl\u0131\u011f\u0131&#8217;na defnedildi. Cenazeye kat\u0131lan Vali Hulusi \u015eahin ve beraberindeki protokol, gazinin evinde ailesine ba\u015f sa\u011fl\u0131\u011f\u0131 diledi.<\/p>\n<p>Kaynak: www.kanalv.com.tr Haber Sitesinden Al\u0131nm\u0131\u015ft\u0131r.<\/p>","protected":false},"excerpt":{"rendered":"<p>Antalya&#8217;da 18 Mart&#8217;ta ge\u00e7irdi\u011fi kaza sonras\u0131 Antalya \u015eehir Hastanesi&#8217;nde tedaviye al\u0131nan ve 6 g\u00fcn sonra ya\u015fam\u0131n\u0131 yitiren Gazi \u0130lhan U\u00e7ar i\u00e7in Serik&#8217;e ba\u011fl\u0131 Dikmen Mahallesi&#8217;nde askeri t\u00f6ren d\u00fczenlendi. Cenazeye Vali Hulusi \u015eahin, Kaymakam Cemal \u015eahin, Serik Belediye Ba\u015fkan\u0131 Kadir Kumbul, Muratpa\u015fa Belediye Ba\u015fkan\u0131 \u00dcmit Uysal, Serik Cumhuriyet Ba\u015fsavc\u0131s\u0131 Muhammed Kaan \u00d6zel, \u0130l\u00e7e Jandarma Komutan\u0131 \u00dcste\u011fmen Ali Duman, \u0130l\u00e7e Emniyet M\u00fcd\u00fcr\u00fc Harun Mere, \u0130l\u00e7e M\u00fcft\u00fcs\u00fc \u0130brahim K\u00f6ksal, askeri ve sivil erkan ile vatanda\u015flar kat\u0131ld\u0131. \u0130l\u00e7e M\u00fcft\u00fcs\u00fc \u0130brahim K\u00f6ksal&#8217;\u0131n k\u0131ld\u0131rd\u0131\u011f\u0131 namaz sonras\u0131 Gazi \u0130lhan U\u00e7ar&#8217;\u0131n cenazesi Dikmen Mahalle Mezarl\u0131\u011f\u0131&#8217;na defnedildi. Cenazeye kat\u0131lan Vali Hulusi \u015eahin ve beraberindeki protokol, gazinin evinde ailesine ba\u015f sa\u011fl\u0131\u011f\u0131 diledi. Kaynak: www.kanalv.com.tr Haber Sitesinden Al\u0131nm\u0131\u015ft\u0131r.<\/p>","protected":false},"author":4,"featured_media":36973,"comment_status":"","ping_status":"open","sticky":false,"template":"","format":"standard","meta":{"_acf_changed":false,"footnotes":""},"categories":[26],"tags":[],"class_list":["post-36972","post","type-post","status-publish","format-standard","has-post-thumbnail","hentry","category-antalya"],"acf":[],"yoast_head":"<!-- This site is optimized with the Yoast SEO Premium plugin v26.6 (Yoast SEO v27.1.1) - https:\/\/yoast.com\/product\/yoast-seo-premium-wordpress\/ -->\n<title>Ter\u00f6r gazisi t\u00f6renle topra\u011fa verildi - Av. Deniz Can K\u0131z\u0131l<\/title>\n<meta name=\"robots\" content=\"index, follow, max-snippet:-1, max-image-preview:large, max-video-preview:-1\" \/>\n<link rel=\"canonical\" href=\"https:\/\/denizcankizil.tr\/de\/haberler\/antalya\/teror-gazisi-torenle-topraga-verildi\/\" \/>\n<meta property=\"og:locale\" content=\"de_DE\" \/>\n<meta property=\"og:type\" content=\"article\" \/>\n<meta property=\"og:title\" content=\"Ter\u00f6r gazisi t\u00f6renle topra\u011fa verildi\" \/>\n<meta property=\"og:description\" content=\"Antalya&#8217;da 18 Mart&#8217;ta ge\u00e7irdi\u011fi kaza sonras\u0131 Antalya \u015eehir Hastanesi&#8217;nde tedaviye al\u0131nan ve 6 g\u00fcn sonra ya\u015fam\u0131n\u0131 yitiren Gazi \u0130lhan U\u00e7ar i\u00e7in Serik&#8217;e ba\u011fl\u0131 Dikmen Mahallesi&#8217;nde askeri t\u00f6ren d\u00fczenlendi. Cenazeye Vali Hulusi \u015eahin, Kaymakam Cemal \u015eahin, Serik Belediye Ba\u015fkan\u0131 Kadir Kumbul, Muratpa\u015fa Belediye Ba\u015fkan\u0131 \u00dcmit Uysal, Serik Cumhuriyet Ba\u015fsavc\u0131s\u0131 Muhammed Kaan \u00d6zel, \u0130l\u00e7e Jandarma Komutan\u0131 \u00dcste\u011fmen Ali Duman, \u0130l\u00e7e Emniyet M\u00fcd\u00fcr\u00fc Harun Mere, \u0130l\u00e7e M\u00fcft\u00fcs\u00fc \u0130brahim K\u00f6ksal, askeri ve sivil erkan ile vatanda\u015flar kat\u0131ld\u0131. \u0130l\u00e7e M\u00fcft\u00fcs\u00fc \u0130brahim K\u00f6ksal&#8217;\u0131n k\u0131ld\u0131rd\u0131\u011f\u0131 namaz sonras\u0131 Gazi \u0130lhan U\u00e7ar&#8217;\u0131n cenazesi Dikmen Mahalle Mezarl\u0131\u011f\u0131&#8217;na defnedildi. Cenazeye kat\u0131lan Vali Hulusi \u015eahin ve beraberindeki protokol, gazinin evinde ailesine ba\u015f sa\u011fl\u0131\u011f\u0131 diledi. Kaynak: www.kanalv.com.tr Haber Sitesinden Al\u0131nm\u0131\u015ft\u0131r.\" \/>\n<meta property=\"og:url\" content=\"https:\/\/denizcankizil.tr\/de\/haberler\/antalya\/teror-gazisi-torenle-topraga-verildi\/\" \/>\n<meta property=\"og:site_name\" content=\"Av. Deniz Can K\u0131z\u0131l\" \/>\n<meta property=\"article:published_time\" content=\"2025-03-25T13:41:25+00:00\" \/>\n<meta property=\"og:image\" content=\"https:\/\/denizcankizil.tr\/wp-content\/uploads\/2025\/03\/5711-01-Mrljzj.jpeg\" \/>\n\t<meta property=\"og:image:width\" content=\"1280\" \/>\n\t<meta property=\"og:image:height\" content=\"720\" \/>\n\t<meta property=\"og:image:type\" content=\"image\/jpeg\" \/>\n<meta name=\"author\" content=\"Av. Deniz Can K\u0131z\u0131l\" \/>\n<meta name=\"twitter:card\" content=\"summary_large_image\" \/>\n<meta name=\"twitter:label1\" content=\"Verfasst von\" \/>\n\t<meta name=\"twitter:data1\" content=\"Av. Deniz Can K\u0131z\u0131l\" \/>\n\t<meta name=\"twitter:label2\" content=\"Gesch\u00e4tzte Lesezeit\" \/>\n\t<meta name=\"twitter:data2\" content=\"1\u00a0Minute\" \/>\n<script type=\"application\/ld+json\" class=\"yoast-schema-graph\">{\"@context\":\"https:\/\/schema.org\",\"@graph\":[{\"@type\":\"Article\",\"@id\":\"https:\/\/denizcankizil.tr\/de\/haberler\/antalya\/teror-gazisi-torenle-topraga-verildi\/#article\",\"isPartOf\":{\"@id\":\"https:\/\/denizcankizil.tr\/de\/haberler\/antalya\/teror-gazisi-torenle-topraga-verildi\/\"},\"author\":{\"name\":\"Av. Deniz Can K\u0131z\u0131l\",\"@id\":\"https:\/\/denizcankizil.tr\/de\/#\/schema\/person\/5dc1b22991bd7ac833867c10afc9b0ff\"},\"headline\":\"Ter\u00f6r gazisi t\u00f6renle topra\u011fa verildi\",\"datePublished\":\"2025-03-25T13:41:25+00:00\",\"mainEntityOfPage\":{\"@id\":\"https:\/\/denizcankizil.tr\/de\/haberler\/antalya\/teror-gazisi-torenle-topraga-verildi\/\"},\"wordCount\":163,\"publisher\":{\"@id\":\"https:\/\/denizcankizil.tr\/de\/#organization\"},\"image\":{\"@id\":\"https:\/\/denizcankizil.tr\/de\/haberler\/antalya\/teror-gazisi-torenle-topraga-verildi\/#primaryimage\"},\"thumbnailUrl\":\"https:\/\/denizcankizil.tr\/wp-content\/uploads\/2025\/03\/5711-01-Mrljzj.jpeg\",\"articleSection\":[\"Antalya\"],\"inLanguage\":\"de\"},{\"@type\":\"WebPage\",\"@id\":\"https:\/\/denizcankizil.tr\/de\/haberler\/antalya\/teror-gazisi-torenle-topraga-verildi\/\",\"url\":\"https:\/\/denizcankizil.tr\/de\/haberler\/antalya\/teror-gazisi-torenle-topraga-verildi\/\",\"name\":\"Ter\u00f6r gazisi t\u00f6renle topra\u011fa verildi - Av. Deniz Can K\u0131z\u0131l\",\"isPartOf\":{\"@id\":\"https:\/\/denizcankizil.tr\/de\/#website\"},\"primaryImageOfPage\":{\"@id\":\"https:\/\/denizcankizil.tr\/de\/haberler\/antalya\/teror-gazisi-torenle-topraga-verildi\/#primaryimage\"},\"image\":{\"@id\":\"https:\/\/denizcankizil.tr\/de\/haberler\/antalya\/teror-gazisi-torenle-topraga-verildi\/#primaryimage\"},\"thumbnailUrl\":\"https:\/\/denizcankizil.tr\/wp-content\/uploads\/2025\/03\/5711-01-Mrljzj.jpeg\",\"datePublished\":\"2025-03-25T13:41:25+00:00\",\"breadcrumb\":{\"@id\":\"https:\/\/denizcankizil.tr\/de\/haberler\/antalya\/teror-gazisi-torenle-topraga-verildi\/#breadcrumb\"},\"inLanguage\":\"de\",\"potentialAction\":[{\"@type\":\"ReadAction\",\"target\":[\"https:\/\/denizcankizil.tr\/de\/haberler\/antalya\/teror-gazisi-torenle-topraga-verildi\/\"]}]},{\"@type\":\"ImageObject\",\"inLanguage\":\"de\",\"@id\":\"https:\/\/denizcankizil.tr\/de\/haberler\/antalya\/teror-gazisi-torenle-topraga-verildi\/#primaryimage\",\"url\":\"https:\/\/denizcankizil.tr\/wp-content\/uploads\/2025\/03\/5711-01-Mrljzj.jpeg\",\"contentUrl\":\"https:\/\/denizcankizil.tr\/wp-content\/uploads\/2025\/03\/5711-01-Mrljzj.jpeg\",\"width\":1280,\"height\":720},{\"@type\":\"BreadcrumbList\",\"@id\":\"https:\/\/denizcankizil.tr\/de\/haberler\/antalya\/teror-gazisi-torenle-topraga-verildi\/#breadcrumb\",\"itemListElement\":[{\"@type\":\"ListItem\",\"position\":1,\"name\":\"Home\",\"item\":\"https:\/\/denizcankizil.tr\/de\/\"},{\"@type\":\"ListItem\",\"position\":2,\"name\":\"Ter\u00f6r gazisi t\u00f6renle topra\u011fa verildi\"}]},{\"@type\":\"WebSite\",\"@id\":\"https:\/\/denizcankizil.tr\/de\/#website\",\"url\":\"https:\/\/denizcankizil.tr\/de\/\",\"name\":\"Av. Deniz Can K\u0131z\u0131l\",\"description\":\"Avukat Deniz Can K\u0131z\u0131l Antalya Barosu\",\"publisher\":{\"@id\":\"https:\/\/denizcankizil.tr\/de\/#organization\"},\"potentialAction\":[{\"@type\":\"SearchAction\",\"target\":{\"@type\":\"EntryPoint\",\"urlTemplate\":\"https:\/\/denizcankizil.tr\/de\/?s={search_term_string}\"},\"query-input\":{\"@type\":\"PropertyValueSpecification\",\"valueRequired\":true,\"valueName\":\"search_term_string\"}}],\"inLanguage\":\"de\"},{\"@type\":\"Organization\",\"@id\":\"https:\/\/denizcankizil.tr\/de\/#organization\",\"name\":\"Av. Deniz Can K\u0131z\u0131l\",\"url\":\"https:\/\/denizcankizil.tr\/de\/\",\"logo\":{\"@type\":\"ImageObject\",\"inLanguage\":\"de\",\"@id\":\"https:\/\/denizcankizil.tr\/de\/#\/schema\/logo\/image\/\",\"url\":\"https:\/\/denizcankizil.tr\/wp-content\/uploads\/2024\/10\/siyah-logo-svg.svg\",\"contentUrl\":\"https:\/\/denizcankizil.tr\/wp-content\/uploads\/2024\/10\/siyah-logo-svg.svg\",\"width\":1080,\"height\":1080,\"caption\":\"Av. Deniz Can K\u0131z\u0131l\"},\"image\":{\"@id\":\"https:\/\/denizcankizil.tr\/de\/#\/schema\/logo\/image\/\"}},{\"@type\":\"Person\",\"@id\":\"https:\/\/denizcankizil.tr\/de\/#\/schema\/person\/5dc1b22991bd7ac833867c10afc9b0ff\",\"name\":\"Av. Deniz Can K\u0131z\u0131l\",\"image\":{\"@type\":\"ImageObject\",\"inLanguage\":\"de\",\"@id\":\"https:\/\/denizcankizil.tr\/de\/#\/schema\/person\/image\/\",\"url\":\"https:\/\/secure.gravatar.com\/avatar\/a0b128fb9855c79efc976d5640eedb31dc35ec297594d6016d2cf7c60e975bb6?s=96&d=mm&r=g\",\"contentUrl\":\"https:\/\/secure.gravatar.com\/avatar\/a0b128fb9855c79efc976d5640eedb31dc35ec297594d6016d2cf7c60e975bb6?s=96&d=mm&r=g\",\"caption\":\"Av. Deniz Can K\u0131z\u0131l\"},\"sameAs\":[\"http:\/\/www.denizcankizil.tr\"],\"url\":\"https:\/\/denizcankizil.tr\/de\/author\/denizcankizil\/\"}]}<\/script>\n<!-- \/ Yoast SEO Premium plugin. -->","yoast_head_json":{"title":"Ter\u00f6r gazisi t\u00f6renle topra\u011fa verildi - Av. Deniz Can K\u0131z\u0131l","robots":{"index":"index","follow":"follow","max-snippet":"max-snippet:-1","max-image-preview":"max-image-preview:large","max-video-preview":"max-video-preview:-1"},"canonical":"https:\/\/denizcankizil.tr\/de\/haberler\/antalya\/teror-gazisi-torenle-topraga-verildi\/","og_locale":"de_DE","og_type":"article","og_title":"Ter\u00f6r gazisi t\u00f6renle topra\u011fa verildi","og_description":"Antalya&#8217;da 18 Mart&#8217;ta ge\u00e7irdi\u011fi kaza sonras\u0131 Antalya \u015eehir Hastanesi&#8217;nde tedaviye al\u0131nan ve 6 g\u00fcn sonra ya\u015fam\u0131n\u0131 yitiren Gazi \u0130lhan U\u00e7ar i\u00e7in Serik&#8217;e ba\u011fl\u0131 Dikmen Mahallesi&#8217;nde askeri t\u00f6ren d\u00fczenlendi. Cenazeye Vali Hulusi \u015eahin, Kaymakam Cemal \u015eahin, Serik Belediye Ba\u015fkan\u0131 Kadir Kumbul, Muratpa\u015fa Belediye Ba\u015fkan\u0131 \u00dcmit Uysal, Serik Cumhuriyet Ba\u015fsavc\u0131s\u0131 Muhammed Kaan \u00d6zel, \u0130l\u00e7e Jandarma Komutan\u0131 \u00dcste\u011fmen Ali Duman, \u0130l\u00e7e Emniyet M\u00fcd\u00fcr\u00fc Harun Mere, \u0130l\u00e7e M\u00fcft\u00fcs\u00fc \u0130brahim K\u00f6ksal, askeri ve sivil erkan ile vatanda\u015flar kat\u0131ld\u0131. \u0130l\u00e7e M\u00fcft\u00fcs\u00fc \u0130brahim K\u00f6ksal&#8217;\u0131n k\u0131ld\u0131rd\u0131\u011f\u0131 namaz sonras\u0131 Gazi \u0130lhan U\u00e7ar&#8217;\u0131n cenazesi Dikmen Mahalle Mezarl\u0131\u011f\u0131&#8217;na defnedildi. Cenazeye kat\u0131lan Vali Hulusi \u015eahin ve beraberindeki protokol, gazinin evinde ailesine ba\u015f sa\u011fl\u0131\u011f\u0131 diledi. Kaynak: www.kanalv.com.tr Haber Sitesinden Al\u0131nm\u0131\u015ft\u0131r.","og_url":"https:\/\/denizcankizil.tr\/de\/haberler\/antalya\/teror-gazisi-torenle-topraga-verildi\/","og_site_name":"Av. Deniz Can K\u0131z\u0131l","article_published_time":"2025-03-25T13:41:25+00:00","og_image":[{"width":1280,"height":720,"url":"https:\/\/denizcankizil.tr\/wp-content\/uploads\/2025\/03\/5711-01-Mrljzj.jpeg","type":"image\/jpeg"}],"author":"Av. Deniz Can K\u0131z\u0131l","twitter_card":"summary_large_image","twitter_misc":{"Verfasst von":"Av. Deniz Can K\u0131z\u0131l","Gesch\u00e4tzte Lesezeit":"1\u00a0Minute"},"schema":{"@context":"https:\/\/schema.org","@graph":[{"@type":"Article","@id":"https:\/\/denizcankizil.tr\/de\/haberler\/antalya\/teror-gazisi-torenle-topraga-verildi\/#article","isPartOf":{"@id":"https:\/\/denizcankizil.tr\/de\/haberler\/antalya\/teror-gazisi-torenle-topraga-verildi\/"},"author":{"name":"Av. Deniz Can K\u0131z\u0131l","@id":"https:\/\/denizcankizil.tr\/de\/#\/schema\/person\/5dc1b22991bd7ac833867c10afc9b0ff"},"headline":"Ter\u00f6r gazisi t\u00f6renle topra\u011fa verildi","datePublished":"2025-03-25T13:41:25+00:00","mainEntityOfPage":{"@id":"https:\/\/denizcankizil.tr\/de\/haberler\/antalya\/teror-gazisi-torenle-topraga-verildi\/"},"wordCount":163,"publisher":{"@id":"https:\/\/denizcankizil.tr\/de\/#organization"},"image":{"@id":"https:\/\/denizcankizil.tr\/de\/haberler\/antalya\/teror-gazisi-torenle-topraga-verildi\/#primaryimage"},"thumbnailUrl":"https:\/\/denizcankizil.tr\/wp-content\/uploads\/2025\/03\/5711-01-Mrljzj.jpeg","articleSection":["Antalya"],"inLanguage":"de"},{"@type":"WebPage","@id":"https:\/\/denizcankizil.tr\/de\/haberler\/antalya\/teror-gazisi-torenle-topraga-verildi\/","url":"https:\/\/denizcankizil.tr\/de\/haberler\/antalya\/teror-gazisi-torenle-topraga-verildi\/","name":"Ter\u00f6r gazisi t\u00f6renle topra\u011fa verildi - Av. Deniz Can K\u0131z\u0131l","isPartOf":{"@id":"https:\/\/denizcankizil.tr\/de\/#website"},"primaryImageOfPage":{"@id":"https:\/\/denizcankizil.tr\/de\/haberler\/antalya\/teror-gazisi-torenle-topraga-verildi\/#primaryimage"},"image":{"@id":"https:\/\/denizcankizil.tr\/de\/haberler\/antalya\/teror-gazisi-torenle-topraga-verildi\/#primaryimage"},"thumbnailUrl":"https:\/\/denizcankizil.tr\/wp-content\/uploads\/2025\/03\/5711-01-Mrljzj.jpeg","datePublished":"2025-03-25T13:41:25+00:00","breadcrumb":{"@id":"https:\/\/denizcankizil.tr\/de\/haberler\/antalya\/teror-gazisi-torenle-topraga-verildi\/#breadcrumb"},"inLanguage":"de","potentialAction":[{"@type":"ReadAction","target":["https:\/\/denizcankizil.tr\/de\/haberler\/antalya\/teror-gazisi-torenle-topraga-verildi\/"]}]},{"@type":"ImageObject","inLanguage":"de","@id":"https:\/\/denizcankizil.tr\/de\/haberler\/antalya\/teror-gazisi-torenle-topraga-verildi\/#primaryimage","url":"https:\/\/denizcankizil.tr\/wp-content\/uploads\/2025\/03\/5711-01-Mrljzj.jpeg","contentUrl":"https:\/\/denizcankizil.tr\/wp-content\/uploads\/2025\/03\/5711-01-Mrljzj.jpeg","width":1280,"height":720},{"@type":"BreadcrumbList","@id":"https:\/\/denizcankizil.tr\/de\/haberler\/antalya\/teror-gazisi-torenle-topraga-verildi\/#breadcrumb","itemListElement":[{"@type":"ListItem","position":1,"name":"Home","item":"https:\/\/denizcankizil.tr\/de\/"},{"@type":"ListItem","position":2,"name":"Ter\u00f6r gazisi t\u00f6renle topra\u011fa verildi"}]},{"@type":"WebSite","@id":"https:\/\/denizcankizil.tr\/de\/#website","url":"https:\/\/denizcankizil.tr\/de\/","name":"Av. Deniz Can K\u0131z\u0131l","description":"Avukat Deniz Can K\u0131z\u0131l Antalya Barosu","publisher":{"@id":"https:\/\/denizcankizil.tr\/de\/#organization"},"potentialAction":[{"@type":"SearchAction","target":{"@type":"EntryPoint","urlTemplate":"https:\/\/denizcankizil.tr\/de\/?s={search_term_string}"},"query-input":{"@type":"PropertyValueSpecification","valueRequired":true,"valueName":"search_term_string"}}],"inLanguage":"de"},{"@type":"Organization","@id":"https:\/\/denizcankizil.tr\/de\/#organization","name":"Av. Deniz Can K\u0131z\u0131l","url":"https:\/\/denizcankizil.tr\/de\/","logo":{"@type":"ImageObject","inLanguage":"de","@id":"https:\/\/denizcankizil.tr\/de\/#\/schema\/logo\/image\/","url":"https:\/\/denizcankizil.tr\/wp-content\/uploads\/2024\/10\/siyah-logo-svg.svg","contentUrl":"https:\/\/denizcankizil.tr\/wp-content\/uploads\/2024\/10\/siyah-logo-svg.svg","width":1080,"height":1080,"caption":"Av. Deniz Can K\u0131z\u0131l"},"image":{"@id":"https:\/\/denizcankizil.tr\/de\/#\/schema\/logo\/image\/"}},{"@type":"Person","@id":"https:\/\/denizcankizil.tr\/de\/#\/schema\/person\/5dc1b22991bd7ac833867c10afc9b0ff","name":"Av. Deniz Can K\u0131z\u0131l","image":{"@type":"ImageObject","inLanguage":"de","@id":"https:\/\/denizcankizil.tr\/de\/#\/schema\/person\/image\/","url":"https:\/\/secure.gravatar.com\/avatar\/a0b128fb9855c79efc976d5640eedb31dc35ec297594d6016d2cf7c60e975bb6?s=96&d=mm&r=g","contentUrl":"https:\/\/secure.gravatar.com\/avatar\/a0b128fb9855c79efc976d5640eedb31dc35ec297594d6016d2cf7c60e975bb6?s=96&d=mm&r=g","caption":"Av. Deniz Can K\u0131z\u0131l"},"sameAs":["http:\/\/www.denizcankizil.tr"],"url":"https:\/\/denizcankizil.tr\/de\/author\/denizcankizil\/"}]}},"_links":{"self":[{"href":"https:\/\/denizcankizil.tr\/de\/wp-json\/wp\/v2\/posts\/36972","targetHints":{"allow":["GET"]}}],"collection":[{"href":"https:\/\/denizcankizil.tr\/de\/wp-json\/wp\/v2\/posts"}],"about":[{"href":"https:\/\/denizcankizil.tr\/de\/wp-json\/wp\/v2\/types\/post"}],"author":[{"embeddable":true,"href":"https:\/\/denizcankizil.tr\/de\/wp-json\/wp\/v2\/users\/4"}],"replies":[{"embeddable":true,"href":"https:\/\/denizcankizil.tr\/de\/wp-json\/wp\/v2\/comments?post=36972"}],"version-history":[{"count":0,"href":"https:\/\/denizcankizil.tr\/de\/wp-json\/wp\/v2\/posts\/36972\/revisions"}],"wp:featuredmedia":[{"embeddable":true,"href":"https:\/\/denizcankizil.tr\/de\/wp-json\/wp\/v2\/media\/36973"}],"wp:attachment":[{"href":"https:\/\/denizcankizil.tr\/de\/wp-json\/wp\/v2\/media?parent=36972"}],"wp:term":[{"taxonomy":"category","embeddable":true,"href":"https:\/\/denizcankizil.tr\/de\/wp-json\/wp\/v2\/categories?post=36972"},{"taxonomy":"post_tag","embeddable":true,"href":"https:\/\/denizcankizil.tr\/de\/wp-json\/wp\/v2\/tags?post=36972"}],"curies":[{"name":"wp","href":"https:\/\/api.w.org\/{rel}","templated":true}]}}