{"id":36970,"date":"2025-03-25T16:41:14","date_gmt":"2025-03-25T13:41:14","guid":{"rendered":"https:\/\/denizcankizil.tr\/uncategorized-tr\/konyaaltinda-parklar-artik-daha-guvenli\/"},"modified":"2025-03-25T16:41:14","modified_gmt":"2025-03-25T13:41:14","slug":"konyaaltinda-parklar-artik-daha-guvenli","status":"publish","type":"post","link":"https:\/\/denizcankizil.tr\/de\/haberler\/antalya\/konyaaltinda-parklar-artik-daha-guvenli\/","title":{"rendered":"Konyaalt\u0131&#8217;nda parklar art\u0131k daha g\u00fcvenli"},"content":{"rendered":"<p>Konyaalt\u0131 Belediyesi, se\u00e7im vaatlerinden biri olan parklara g\u00fcvenlik kameras\u0131 yerle\u015ftirme projesine 23 Nisan Park\u0131&#8217;ndan ba\u015flad\u0131. Park i\u00e7erisinde ya\u015fanacak olumsuz olaylar\u0131n izlenebilmesi, \u00f6zellikle \u00e7ocuklar\u0131n ve kad\u0131nlar\u0131n g\u00fcvenli bir ortamda vakit ge\u00e7irmelerini ama\u00e7layan proje vatanda\u015flar taraf\u0131ndan b\u00fcy\u00fck bir memnuniyetle kar\u015f\u0131land\u0131. 23 Nisan Park\u0131 ile ba\u015flayan projenin, ilerleyen g\u00fcnlerde di\u011fer parklarda da devam edece\u011fi bildirildi.<\/p>\n<p>23 Nisan Park\u0131&#8217;na 33 kamera yerle\u015ftirildi<br \/>\nParklar\u0131n g\u00fcvenlik kameralar\u0131 ile izlenmesinin, vatanda\u015f\u0131n g\u00fcvenli\u011fi a\u00e7\u0131s\u0131ndan \u00f6nemli bir ad\u0131m oldu\u011funu ve \u00e7al\u0131\u015fmalar\u0131n devam edece\u011fini belirten Konyaalt\u0131 Belediyesi Bilgi \u0130\u015flem M\u00fcd\u00fcrl\u00fc\u011f\u00fc personeli \u0130smail G\u00fcle\u00e7, \u2018\u2018Kamera hizmetine, Ba\u015fkan\u0131m\u0131z Cem Kotan&#8217;\u0131n talimat\u0131yla ba\u015flad\u0131k. Bug\u00fcn Siteler Mahallesi i\u00e7erisinde yer alan 23 Nisan Park\u0131&#8217;nday\u0131z. Burada, park\u0131n \u00f6nemli noktalar\u0131nda toplam 33 kamera kurulumu ger\u00e7ekle\u015ftirdik. Montaj esnas\u0131nda vatanda\u015flar\u0131n memnuniyetini de bizzat yerinde g\u00f6zlemledik. Amac\u0131m\u0131z, \u00e7ocuklar\u0131m\u0131z\u0131n g\u00fcvenli bir ortamda ko\u015fup oynamalar\u0131n\u0131 sa\u011flamak&#8221; diye konu\u015ftu.<\/p>\n<p>&#8220;\u00d6zellikle \u00e7ocuklar\u0131m\u0131z i\u00e7in \u00e7ok mutluyuz&#8221;<br \/>\n23 Nisan Park\u0131&#8217;nda hemen hemen her g\u00fcn torunu ile vakit ge\u00e7irdi\u011fini belirten M\u00fcnevver Y\u0131lmaz, kamera hizmetinden duydu\u011fu memnuniyeti dile getirdi. \u00d6zellikle \u00e7ocuklar\u0131n g\u00fcvenli\u011fi i\u00e7in \u00e7ok g\u00fczel d\u00fc\u015f\u00fcn\u00fclm\u00fc\u015f bir proje oldu\u011funu s\u00f6yleyen Y\u0131lmaz, \u2018\u2018Bu uygulama ile bu parka \u00e7ok daha rahat gelece\u011fiz. Park\u0131m\u0131z art\u0131k \u00e7ok daha g\u00fcvenli&#8221; dedi.<\/p>\n<p>Kaynak: www.kanalv.com.tr Haber Sitesinden Al\u0131nm\u0131\u015ft\u0131r.<\/p>","protected":false},"excerpt":{"rendered":"<p>Konyaalt\u0131 Belediyesi, se\u00e7im vaatlerinden biri olan parklara g\u00fcvenlik kameras\u0131 yerle\u015ftirme projesine 23 Nisan Park\u0131&#8217;ndan ba\u015flad\u0131. Park i\u00e7erisinde ya\u015fanacak olumsuz olaylar\u0131n izlenebilmesi, \u00f6zellikle \u00e7ocuklar\u0131n ve kad\u0131nlar\u0131n g\u00fcvenli bir ortamda vakit ge\u00e7irmelerini ama\u00e7layan proje vatanda\u015flar taraf\u0131ndan b\u00fcy\u00fck bir memnuniyetle kar\u015f\u0131land\u0131. 23 Nisan Park\u0131 ile ba\u015flayan projenin, ilerleyen g\u00fcnlerde di\u011fer parklarda da devam edece\u011fi bildirildi. 23 Nisan Park\u0131&#8217;na 33 kamera yerle\u015ftirildi Parklar\u0131n g\u00fcvenlik kameralar\u0131 ile izlenmesinin, vatanda\u015f\u0131n g\u00fcvenli\u011fi a\u00e7\u0131s\u0131ndan \u00f6nemli bir ad\u0131m oldu\u011funu ve \u00e7al\u0131\u015fmalar\u0131n devam edece\u011fini belirten Konyaalt\u0131 Belediyesi Bilgi \u0130\u015flem M\u00fcd\u00fcrl\u00fc\u011f\u00fc personeli \u0130smail G\u00fcle\u00e7, \u2018\u2018Kamera hizmetine, Ba\u015fkan\u0131m\u0131z Cem Kotan&#8217;\u0131n talimat\u0131yla ba\u015flad\u0131k. Bug\u00fcn Siteler Mahallesi i\u00e7erisinde yer alan 23 Nisan Park\u0131&#8217;nday\u0131z. Burada, park\u0131n \u00f6nemli noktalar\u0131nda toplam 33 kamera kurulumu ger\u00e7ekle\u015ftirdik. Montaj esnas\u0131nda vatanda\u015flar\u0131n memnuniyetini de bizzat yerinde g\u00f6zlemledik. Amac\u0131m\u0131z, \u00e7ocuklar\u0131m\u0131z\u0131n g\u00fcvenli bir ortamda ko\u015fup oynamalar\u0131n\u0131 sa\u011flamak&#8221; diye konu\u015ftu. &#8220;\u00d6zellikle \u00e7ocuklar\u0131m\u0131z i\u00e7in \u00e7ok mutluyuz&#8221; 23 Nisan Park\u0131&#8217;nda hemen hemen her g\u00fcn torunu ile vakit ge\u00e7irdi\u011fini belirten M\u00fcnevver Y\u0131lmaz, kamera hizmetinden duydu\u011fu memnuniyeti dile getirdi. \u00d6zellikle \u00e7ocuklar\u0131n g\u00fcvenli\u011fi i\u00e7in \u00e7ok g\u00fczel d\u00fc\u015f\u00fcn\u00fclm\u00fc\u015f bir proje oldu\u011funu s\u00f6yleyen Y\u0131lmaz, \u2018\u2018Bu uygulama ile bu parka \u00e7ok daha rahat gelece\u011fiz. Park\u0131m\u0131z art\u0131k \u00e7ok daha g\u00fcvenli&#8221; dedi. Kaynak: www.kanalv.com.tr Haber Sitesinden Al\u0131nm\u0131\u015ft\u0131r.<\/p>","protected":false},"author":4,"featured_media":36971,"comment_status":"","ping_status":"open","sticky":false,"template":"","format":"standard","meta":{"_acf_changed":false,"footnotes":""},"categories":[26],"tags":[],"class_list":["post-36970","post","type-post","status-publish","format-standard","has-post-thumbnail","hentry","category-antalya"],"acf":[],"yoast_head":"<!-- This site is optimized with the Yoast SEO Premium plugin v26.6 (Yoast SEO v27.1.1) - https:\/\/yoast.com\/product\/yoast-seo-premium-wordpress\/ -->\n<title>Konyaalt\u0131&#039;nda parklar art\u0131k daha g\u00fcvenli - Av. Deniz Can K\u0131z\u0131l<\/title>\n<meta name=\"robots\" content=\"index, follow, max-snippet:-1, max-image-preview:large, max-video-preview:-1\" \/>\n<link rel=\"canonical\" href=\"https:\/\/denizcankizil.tr\/de\/haberler\/antalya\/konyaaltinda-parklar-artik-daha-guvenli\/\" \/>\n<meta property=\"og:locale\" content=\"de_DE\" \/>\n<meta property=\"og:type\" content=\"article\" \/>\n<meta property=\"og:title\" content=\"Konyaalt\u0131&#039;nda parklar art\u0131k daha g\u00fcvenli\" \/>\n<meta property=\"og:description\" content=\"Konyaalt\u0131 Belediyesi, se\u00e7im vaatlerinden biri olan parklara g\u00fcvenlik kameras\u0131 yerle\u015ftirme projesine 23 Nisan Park\u0131&#8217;ndan ba\u015flad\u0131. Park i\u00e7erisinde ya\u015fanacak olumsuz olaylar\u0131n izlenebilmesi, \u00f6zellikle \u00e7ocuklar\u0131n ve kad\u0131nlar\u0131n g\u00fcvenli bir ortamda vakit ge\u00e7irmelerini ama\u00e7layan proje vatanda\u015flar taraf\u0131ndan b\u00fcy\u00fck bir memnuniyetle kar\u015f\u0131land\u0131. 23 Nisan Park\u0131 ile ba\u015flayan projenin, ilerleyen g\u00fcnlerde di\u011fer parklarda da devam edece\u011fi bildirildi. 23 Nisan Park\u0131&#8217;na 33 kamera yerle\u015ftirildi Parklar\u0131n g\u00fcvenlik kameralar\u0131 ile izlenmesinin, vatanda\u015f\u0131n g\u00fcvenli\u011fi a\u00e7\u0131s\u0131ndan \u00f6nemli bir ad\u0131m oldu\u011funu ve \u00e7al\u0131\u015fmalar\u0131n devam edece\u011fini belirten Konyaalt\u0131 Belediyesi Bilgi \u0130\u015flem M\u00fcd\u00fcrl\u00fc\u011f\u00fc personeli \u0130smail G\u00fcle\u00e7, \u2018\u2018Kamera hizmetine, Ba\u015fkan\u0131m\u0131z Cem Kotan&#8217;\u0131n talimat\u0131yla ba\u015flad\u0131k. Bug\u00fcn Siteler Mahallesi i\u00e7erisinde yer alan 23 Nisan Park\u0131&#8217;nday\u0131z. Burada, park\u0131n \u00f6nemli noktalar\u0131nda toplam 33 kamera kurulumu ger\u00e7ekle\u015ftirdik. Montaj esnas\u0131nda vatanda\u015flar\u0131n memnuniyetini de bizzat yerinde g\u00f6zlemledik. Amac\u0131m\u0131z, \u00e7ocuklar\u0131m\u0131z\u0131n g\u00fcvenli bir ortamda ko\u015fup oynamalar\u0131n\u0131 sa\u011flamak&#8221; diye konu\u015ftu. &#8220;\u00d6zellikle \u00e7ocuklar\u0131m\u0131z i\u00e7in \u00e7ok mutluyuz&#8221; 23 Nisan Park\u0131&#8217;nda hemen hemen her g\u00fcn torunu ile vakit ge\u00e7irdi\u011fini belirten M\u00fcnevver Y\u0131lmaz, kamera hizmetinden duydu\u011fu memnuniyeti dile getirdi. \u00d6zellikle \u00e7ocuklar\u0131n g\u00fcvenli\u011fi i\u00e7in \u00e7ok g\u00fczel d\u00fc\u015f\u00fcn\u00fclm\u00fc\u015f bir proje oldu\u011funu s\u00f6yleyen Y\u0131lmaz, \u2018\u2018Bu uygulama ile bu parka \u00e7ok daha rahat gelece\u011fiz. Park\u0131m\u0131z art\u0131k \u00e7ok daha g\u00fcvenli&#8221; dedi. Kaynak: www.kanalv.com.tr Haber Sitesinden Al\u0131nm\u0131\u015ft\u0131r.\" \/>\n<meta property=\"og:url\" content=\"https:\/\/denizcankizil.tr\/de\/haberler\/antalya\/konyaaltinda-parklar-artik-daha-guvenli\/\" \/>\n<meta property=\"og:site_name\" content=\"Av. Deniz Can K\u0131z\u0131l\" \/>\n<meta property=\"article:published_time\" content=\"2025-03-25T13:41:14+00:00\" \/>\n<meta property=\"og:image\" content=\"https:\/\/denizcankizil.tr\/wp-content\/uploads\/2025\/03\/5712-01-4ovcBV.jpeg\" \/>\n\t<meta property=\"og:image:width\" content=\"1280\" \/>\n\t<meta property=\"og:image:height\" content=\"720\" \/>\n\t<meta property=\"og:image:type\" content=\"image\/jpeg\" \/>\n<meta name=\"author\" content=\"Av. Deniz Can K\u0131z\u0131l\" \/>\n<meta name=\"twitter:card\" content=\"summary_large_image\" \/>\n<meta name=\"twitter:label1\" content=\"Verfasst von\" \/>\n\t<meta name=\"twitter:data1\" content=\"Av. Deniz Can K\u0131z\u0131l\" \/>\n\t<meta name=\"twitter:label2\" content=\"Gesch\u00e4tzte Lesezeit\" \/>\n\t<meta name=\"twitter:data2\" content=\"1\u00a0Minute\" \/>\n<script type=\"application\/ld+json\" class=\"yoast-schema-graph\">{\"@context\":\"https:\/\/schema.org\",\"@graph\":[{\"@type\":\"Article\",\"@id\":\"https:\/\/denizcankizil.tr\/de\/haberler\/antalya\/konyaaltinda-parklar-artik-daha-guvenli\/#article\",\"isPartOf\":{\"@id\":\"https:\/\/denizcankizil.tr\/de\/haberler\/antalya\/konyaaltinda-parklar-artik-daha-guvenli\/\"},\"author\":{\"name\":\"Av. Deniz Can K\u0131z\u0131l\",\"@id\":\"https:\/\/denizcankizil.tr\/#\/schema\/person\/5dc1b22991bd7ac833867c10afc9b0ff\"},\"headline\":\"Konyaalt\u0131&#8217;nda parklar art\u0131k daha g\u00fcvenli\",\"datePublished\":\"2025-03-25T13:41:14+00:00\",\"mainEntityOfPage\":{\"@id\":\"https:\/\/denizcankizil.tr\/de\/haberler\/antalya\/konyaaltinda-parklar-artik-daha-guvenli\/\"},\"wordCount\":284,\"publisher\":{\"@id\":\"https:\/\/denizcankizil.tr\/#organization\"},\"image\":{\"@id\":\"https:\/\/denizcankizil.tr\/de\/haberler\/antalya\/konyaaltinda-parklar-artik-daha-guvenli\/#primaryimage\"},\"thumbnailUrl\":\"https:\/\/denizcankizil.tr\/wp-content\/uploads\/2025\/03\/5712-01-4ovcBV.jpeg\",\"articleSection\":[\"Antalya\"],\"inLanguage\":\"de\"},{\"@type\":\"WebPage\",\"@id\":\"https:\/\/denizcankizil.tr\/de\/haberler\/antalya\/konyaaltinda-parklar-artik-daha-guvenli\/\",\"url\":\"https:\/\/denizcankizil.tr\/de\/haberler\/antalya\/konyaaltinda-parklar-artik-daha-guvenli\/\",\"name\":\"Konyaalt\u0131'nda parklar art\u0131k daha g\u00fcvenli - Av. Deniz Can K\u0131z\u0131l\",\"isPartOf\":{\"@id\":\"https:\/\/denizcankizil.tr\/#website\"},\"primaryImageOfPage\":{\"@id\":\"https:\/\/denizcankizil.tr\/de\/haberler\/antalya\/konyaaltinda-parklar-artik-daha-guvenli\/#primaryimage\"},\"image\":{\"@id\":\"https:\/\/denizcankizil.tr\/de\/haberler\/antalya\/konyaaltinda-parklar-artik-daha-guvenli\/#primaryimage\"},\"thumbnailUrl\":\"https:\/\/denizcankizil.tr\/wp-content\/uploads\/2025\/03\/5712-01-4ovcBV.jpeg\",\"datePublished\":\"2025-03-25T13:41:14+00:00\",\"breadcrumb\":{\"@id\":\"https:\/\/denizcankizil.tr\/de\/haberler\/antalya\/konyaaltinda-parklar-artik-daha-guvenli\/#breadcrumb\"},\"inLanguage\":\"de\",\"potentialAction\":[{\"@type\":\"ReadAction\",\"target\":[\"https:\/\/denizcankizil.tr\/de\/haberler\/antalya\/konyaaltinda-parklar-artik-daha-guvenli\/\"]}]},{\"@type\":\"ImageObject\",\"inLanguage\":\"de\",\"@id\":\"https:\/\/denizcankizil.tr\/de\/haberler\/antalya\/konyaaltinda-parklar-artik-daha-guvenli\/#primaryimage\",\"url\":\"https:\/\/denizcankizil.tr\/wp-content\/uploads\/2025\/03\/5712-01-4ovcBV.jpeg\",\"contentUrl\":\"https:\/\/denizcankizil.tr\/wp-content\/uploads\/2025\/03\/5712-01-4ovcBV.jpeg\",\"width\":1280,\"height\":720},{\"@type\":\"BreadcrumbList\",\"@id\":\"https:\/\/denizcankizil.tr\/de\/haberler\/antalya\/konyaaltinda-parklar-artik-daha-guvenli\/#breadcrumb\",\"itemListElement\":[{\"@type\":\"ListItem\",\"position\":1,\"name\":\"Home\",\"item\":\"https:\/\/denizcankizil.tr\/de\/\"},{\"@type\":\"ListItem\",\"position\":2,\"name\":\"Konyaalt\u0131&#8217;nda parklar art\u0131k daha g\u00fcvenli\"}]},{\"@type\":\"WebSite\",\"@id\":\"https:\/\/denizcankizil.tr\/#website\",\"url\":\"https:\/\/denizcankizil.tr\/\",\"name\":\"Av. Deniz Can K\u0131z\u0131l\",\"description\":\"Avukat Deniz Can K\u0131z\u0131l Antalya Barosu\",\"publisher\":{\"@id\":\"https:\/\/denizcankizil.tr\/#organization\"},\"potentialAction\":[{\"@type\":\"SearchAction\",\"target\":{\"@type\":\"EntryPoint\",\"urlTemplate\":\"https:\/\/denizcankizil.tr\/?s={search_term_string}\"},\"query-input\":{\"@type\":\"PropertyValueSpecification\",\"valueRequired\":true,\"valueName\":\"search_term_string\"}}],\"inLanguage\":\"de\"},{\"@type\":\"Organization\",\"@id\":\"https:\/\/denizcankizil.tr\/#organization\",\"name\":\"Av. Deniz Can K\u0131z\u0131l\",\"url\":\"https:\/\/denizcankizil.tr\/\",\"logo\":{\"@type\":\"ImageObject\",\"inLanguage\":\"de\",\"@id\":\"https:\/\/denizcankizil.tr\/#\/schema\/logo\/image\/\",\"url\":\"https:\/\/denizcankizil.tr\/wp-content\/uploads\/2024\/10\/siyah-logo-svg.svg\",\"contentUrl\":\"https:\/\/denizcankizil.tr\/wp-content\/uploads\/2024\/10\/siyah-logo-svg.svg\",\"width\":1080,\"height\":1080,\"caption\":\"Av. Deniz Can K\u0131z\u0131l\"},\"image\":{\"@id\":\"https:\/\/denizcankizil.tr\/#\/schema\/logo\/image\/\"}},{\"@type\":\"Person\",\"@id\":\"https:\/\/denizcankizil.tr\/#\/schema\/person\/5dc1b22991bd7ac833867c10afc9b0ff\",\"name\":\"Av. Deniz Can K\u0131z\u0131l\",\"image\":{\"@type\":\"ImageObject\",\"inLanguage\":\"de\",\"@id\":\"https:\/\/denizcankizil.tr\/#\/schema\/person\/image\/\",\"url\":\"https:\/\/secure.gravatar.com\/avatar\/a0b128fb9855c79efc976d5640eedb31dc35ec297594d6016d2cf7c60e975bb6?s=96&d=mm&r=g\",\"contentUrl\":\"https:\/\/secure.gravatar.com\/avatar\/a0b128fb9855c79efc976d5640eedb31dc35ec297594d6016d2cf7c60e975bb6?s=96&d=mm&r=g\",\"caption\":\"Av. Deniz Can K\u0131z\u0131l\"},\"sameAs\":[\"http:\/\/www.denizcankizil.tr\"],\"url\":\"https:\/\/denizcankizil.tr\/de\/author\/denizcankizil\/\"}]}<\/script>\n<!-- \/ Yoast SEO Premium plugin. -->","yoast_head_json":{"title":"Konyaalt\u0131'nda parklar art\u0131k daha g\u00fcvenli - Av. Deniz Can K\u0131z\u0131l","robots":{"index":"index","follow":"follow","max-snippet":"max-snippet:-1","max-image-preview":"max-image-preview:large","max-video-preview":"max-video-preview:-1"},"canonical":"https:\/\/denizcankizil.tr\/de\/haberler\/antalya\/konyaaltinda-parklar-artik-daha-guvenli\/","og_locale":"de_DE","og_type":"article","og_title":"Konyaalt\u0131'nda parklar art\u0131k daha g\u00fcvenli","og_description":"Konyaalt\u0131 Belediyesi, se\u00e7im vaatlerinden biri olan parklara g\u00fcvenlik kameras\u0131 yerle\u015ftirme projesine 23 Nisan Park\u0131&#8217;ndan ba\u015flad\u0131. Park i\u00e7erisinde ya\u015fanacak olumsuz olaylar\u0131n izlenebilmesi, \u00f6zellikle \u00e7ocuklar\u0131n ve kad\u0131nlar\u0131n g\u00fcvenli bir ortamda vakit ge\u00e7irmelerini ama\u00e7layan proje vatanda\u015flar taraf\u0131ndan b\u00fcy\u00fck bir memnuniyetle kar\u015f\u0131land\u0131. 23 Nisan Park\u0131 ile ba\u015flayan projenin, ilerleyen g\u00fcnlerde di\u011fer parklarda da devam edece\u011fi bildirildi. 23 Nisan Park\u0131&#8217;na 33 kamera yerle\u015ftirildi Parklar\u0131n g\u00fcvenlik kameralar\u0131 ile izlenmesinin, vatanda\u015f\u0131n g\u00fcvenli\u011fi a\u00e7\u0131s\u0131ndan \u00f6nemli bir ad\u0131m oldu\u011funu ve \u00e7al\u0131\u015fmalar\u0131n devam edece\u011fini belirten Konyaalt\u0131 Belediyesi Bilgi \u0130\u015flem M\u00fcd\u00fcrl\u00fc\u011f\u00fc personeli \u0130smail G\u00fcle\u00e7, \u2018\u2018Kamera hizmetine, Ba\u015fkan\u0131m\u0131z Cem Kotan&#8217;\u0131n talimat\u0131yla ba\u015flad\u0131k. Bug\u00fcn Siteler Mahallesi i\u00e7erisinde yer alan 23 Nisan Park\u0131&#8217;nday\u0131z. Burada, park\u0131n \u00f6nemli noktalar\u0131nda toplam 33 kamera kurulumu ger\u00e7ekle\u015ftirdik. Montaj esnas\u0131nda vatanda\u015flar\u0131n memnuniyetini de bizzat yerinde g\u00f6zlemledik. Amac\u0131m\u0131z, \u00e7ocuklar\u0131m\u0131z\u0131n g\u00fcvenli bir ortamda ko\u015fup oynamalar\u0131n\u0131 sa\u011flamak&#8221; diye konu\u015ftu. &#8220;\u00d6zellikle \u00e7ocuklar\u0131m\u0131z i\u00e7in \u00e7ok mutluyuz&#8221; 23 Nisan Park\u0131&#8217;nda hemen hemen her g\u00fcn torunu ile vakit ge\u00e7irdi\u011fini belirten M\u00fcnevver Y\u0131lmaz, kamera hizmetinden duydu\u011fu memnuniyeti dile getirdi. \u00d6zellikle \u00e7ocuklar\u0131n g\u00fcvenli\u011fi i\u00e7in \u00e7ok g\u00fczel d\u00fc\u015f\u00fcn\u00fclm\u00fc\u015f bir proje oldu\u011funu s\u00f6yleyen Y\u0131lmaz, \u2018\u2018Bu uygulama ile bu parka \u00e7ok daha rahat gelece\u011fiz. Park\u0131m\u0131z art\u0131k \u00e7ok daha g\u00fcvenli&#8221; dedi. Kaynak: www.kanalv.com.tr Haber Sitesinden Al\u0131nm\u0131\u015ft\u0131r.","og_url":"https:\/\/denizcankizil.tr\/de\/haberler\/antalya\/konyaaltinda-parklar-artik-daha-guvenli\/","og_site_name":"Av. Deniz Can K\u0131z\u0131l","article_published_time":"2025-03-25T13:41:14+00:00","og_image":[{"width":1280,"height":720,"url":"https:\/\/denizcankizil.tr\/wp-content\/uploads\/2025\/03\/5712-01-4ovcBV.jpeg","type":"image\/jpeg"}],"author":"Av. Deniz Can K\u0131z\u0131l","twitter_card":"summary_large_image","twitter_misc":{"Verfasst von":"Av. Deniz Can K\u0131z\u0131l","Gesch\u00e4tzte Lesezeit":"1\u00a0Minute"},"schema":{"@context":"https:\/\/schema.org","@graph":[{"@type":"Article","@id":"https:\/\/denizcankizil.tr\/de\/haberler\/antalya\/konyaaltinda-parklar-artik-daha-guvenli\/#article","isPartOf":{"@id":"https:\/\/denizcankizil.tr\/de\/haberler\/antalya\/konyaaltinda-parklar-artik-daha-guvenli\/"},"author":{"name":"Av. Deniz Can K\u0131z\u0131l","@id":"https:\/\/denizcankizil.tr\/#\/schema\/person\/5dc1b22991bd7ac833867c10afc9b0ff"},"headline":"Konyaalt\u0131&#8217;nda parklar art\u0131k daha g\u00fcvenli","datePublished":"2025-03-25T13:41:14+00:00","mainEntityOfPage":{"@id":"https:\/\/denizcankizil.tr\/de\/haberler\/antalya\/konyaaltinda-parklar-artik-daha-guvenli\/"},"wordCount":284,"publisher":{"@id":"https:\/\/denizcankizil.tr\/#organization"},"image":{"@id":"https:\/\/denizcankizil.tr\/de\/haberler\/antalya\/konyaaltinda-parklar-artik-daha-guvenli\/#primaryimage"},"thumbnailUrl":"https:\/\/denizcankizil.tr\/wp-content\/uploads\/2025\/03\/5712-01-4ovcBV.jpeg","articleSection":["Antalya"],"inLanguage":"de"},{"@type":"WebPage","@id":"https:\/\/denizcankizil.tr\/de\/haberler\/antalya\/konyaaltinda-parklar-artik-daha-guvenli\/","url":"https:\/\/denizcankizil.tr\/de\/haberler\/antalya\/konyaaltinda-parklar-artik-daha-guvenli\/","name":"Konyaalt\u0131'nda parklar art\u0131k daha g\u00fcvenli - Av. Deniz Can K\u0131z\u0131l","isPartOf":{"@id":"https:\/\/denizcankizil.tr\/#website"},"primaryImageOfPage":{"@id":"https:\/\/denizcankizil.tr\/de\/haberler\/antalya\/konyaaltinda-parklar-artik-daha-guvenli\/#primaryimage"},"image":{"@id":"https:\/\/denizcankizil.tr\/de\/haberler\/antalya\/konyaaltinda-parklar-artik-daha-guvenli\/#primaryimage"},"thumbnailUrl":"https:\/\/denizcankizil.tr\/wp-content\/uploads\/2025\/03\/5712-01-4ovcBV.jpeg","datePublished":"2025-03-25T13:41:14+00:00","breadcrumb":{"@id":"https:\/\/denizcankizil.tr\/de\/haberler\/antalya\/konyaaltinda-parklar-artik-daha-guvenli\/#breadcrumb"},"inLanguage":"de","potentialAction":[{"@type":"ReadAction","target":["https:\/\/denizcankizil.tr\/de\/haberler\/antalya\/konyaaltinda-parklar-artik-daha-guvenli\/"]}]},{"@type":"ImageObject","inLanguage":"de","@id":"https:\/\/denizcankizil.tr\/de\/haberler\/antalya\/konyaaltinda-parklar-artik-daha-guvenli\/#primaryimage","url":"https:\/\/denizcankizil.tr\/wp-content\/uploads\/2025\/03\/5712-01-4ovcBV.jpeg","contentUrl":"https:\/\/denizcankizil.tr\/wp-content\/uploads\/2025\/03\/5712-01-4ovcBV.jpeg","width":1280,"height":720},{"@type":"BreadcrumbList","@id":"https:\/\/denizcankizil.tr\/de\/haberler\/antalya\/konyaaltinda-parklar-artik-daha-guvenli\/#breadcrumb","itemListElement":[{"@type":"ListItem","position":1,"name":"Home","item":"https:\/\/denizcankizil.tr\/de\/"},{"@type":"ListItem","position":2,"name":"Konyaalt\u0131&#8217;nda parklar art\u0131k daha g\u00fcvenli"}]},{"@type":"WebSite","@id":"https:\/\/denizcankizil.tr\/#website","url":"https:\/\/denizcankizil.tr\/","name":"Av. Deniz Can K\u0131z\u0131l","description":"Avukat Deniz Can K\u0131z\u0131l Antalya Barosu","publisher":{"@id":"https:\/\/denizcankizil.tr\/#organization"},"potentialAction":[{"@type":"SearchAction","target":{"@type":"EntryPoint","urlTemplate":"https:\/\/denizcankizil.tr\/?s={search_term_string}"},"query-input":{"@type":"PropertyValueSpecification","valueRequired":true,"valueName":"search_term_string"}}],"inLanguage":"de"},{"@type":"Organization","@id":"https:\/\/denizcankizil.tr\/#organization","name":"Av. Deniz Can K\u0131z\u0131l","url":"https:\/\/denizcankizil.tr\/","logo":{"@type":"ImageObject","inLanguage":"de","@id":"https:\/\/denizcankizil.tr\/#\/schema\/logo\/image\/","url":"https:\/\/denizcankizil.tr\/wp-content\/uploads\/2024\/10\/siyah-logo-svg.svg","contentUrl":"https:\/\/denizcankizil.tr\/wp-content\/uploads\/2024\/10\/siyah-logo-svg.svg","width":1080,"height":1080,"caption":"Av. Deniz Can K\u0131z\u0131l"},"image":{"@id":"https:\/\/denizcankizil.tr\/#\/schema\/logo\/image\/"}},{"@type":"Person","@id":"https:\/\/denizcankizil.tr\/#\/schema\/person\/5dc1b22991bd7ac833867c10afc9b0ff","name":"Av. Deniz Can K\u0131z\u0131l","image":{"@type":"ImageObject","inLanguage":"de","@id":"https:\/\/denizcankizil.tr\/#\/schema\/person\/image\/","url":"https:\/\/secure.gravatar.com\/avatar\/a0b128fb9855c79efc976d5640eedb31dc35ec297594d6016d2cf7c60e975bb6?s=96&d=mm&r=g","contentUrl":"https:\/\/secure.gravatar.com\/avatar\/a0b128fb9855c79efc976d5640eedb31dc35ec297594d6016d2cf7c60e975bb6?s=96&d=mm&r=g","caption":"Av. Deniz Can K\u0131z\u0131l"},"sameAs":["http:\/\/www.denizcankizil.tr"],"url":"https:\/\/denizcankizil.tr\/de\/author\/denizcankizil\/"}]}},"_links":{"self":[{"href":"https:\/\/denizcankizil.tr\/de\/wp-json\/wp\/v2\/posts\/36970","targetHints":{"allow":["GET"]}}],"collection":[{"href":"https:\/\/denizcankizil.tr\/de\/wp-json\/wp\/v2\/posts"}],"about":[{"href":"https:\/\/denizcankizil.tr\/de\/wp-json\/wp\/v2\/types\/post"}],"author":[{"embeddable":true,"href":"https:\/\/denizcankizil.tr\/de\/wp-json\/wp\/v2\/users\/4"}],"replies":[{"embeddable":true,"href":"https:\/\/denizcankizil.tr\/de\/wp-json\/wp\/v2\/comments?post=36970"}],"version-history":[{"count":0,"href":"https:\/\/denizcankizil.tr\/de\/wp-json\/wp\/v2\/posts\/36970\/revisions"}],"wp:featuredmedia":[{"embeddable":true,"href":"https:\/\/denizcankizil.tr\/de\/wp-json\/wp\/v2\/media\/36971"}],"wp:attachment":[{"href":"https:\/\/denizcankizil.tr\/de\/wp-json\/wp\/v2\/media?parent=36970"}],"wp:term":[{"taxonomy":"category","embeddable":true,"href":"https:\/\/denizcankizil.tr\/de\/wp-json\/wp\/v2\/categories?post=36970"},{"taxonomy":"post_tag","embeddable":true,"href":"https:\/\/denizcankizil.tr\/de\/wp-json\/wp\/v2\/tags?post=36970"}],"curies":[{"name":"wp","href":"https:\/\/api.w.org\/{rel}","templated":true}]}}