{"id":3696,"date":"2024-10-17T10:10:32","date_gmt":"2024-10-17T07:10:32","guid":{"rendered":"https:\/\/denizcankizil.tr\/uncategorized\/hak-sahipleri-kucuk-dairelere-tepki-gosteriyor\/"},"modified":"2025-03-16T00:46:02","modified_gmt":"2025-03-15T21:46:02","slug":"hak-sahipleri-kucuk-dairelere-tepki-gosteriyor","status":"publish","type":"post","link":"https:\/\/denizcankizil.tr\/de\/haberler\/gundem\/hak-sahipleri-kucuk-dairelere-tepki-gosteriyor\/","title":{"rendered":"Hak sahipleri k\u00fc\u00e7\u00fck dairelere tepki g\u00f6steriyor\u2026"},"content":{"rendered":"<p>\u0130smet \u0130n\u00f6n\u00fc Mahallesinde deprem sonras\u0131 rezerv alan\u0131na d\u00f6n\u00fc\u015fen \u00c7ak\u0131r ve G\u00fcne\u015f Sitesinin hak sahibi vatanda\u015flar, kendilerine verilecek dairelerin \u00e7ok k\u00fc\u00e7\u00fck olaca\u011f\u0131n\u0131 ifade ederek tepki g\u00f6sterdiler.<\/p>\n<p>\u0130smet \u0130n\u00f6n\u00fc Mahallesinde y\u0131k\u0131lan G\u00fcne\u015f ve \u00c7ak\u0131r Sitesi m\u00fclk sahipleri, TOK\u0130&#8217;nin uygulad\u0131\u011f\u0131 metrekare k\u0131s\u0131tlamalar\u0131na kar\u015f\u0131 \u00e7\u0131k\u0131yor. \u00d6nceden 145-150 metrekarelik dairelere sahip olan insanlar, kendilerine de ayn\u0131 haklar\u0131n tan\u0131nmas\u0131n\u0131 talep ediyor. Yeterli alanlar\u0131 oldu\u011funu ve mevcut tapular\u0131nda bu alanlar\u0131n belirtildi\u011fini vurguluyorlar. Devletin di\u011fer b\u00f6lgelerde yapt\u0131\u011f\u0131 105 metrekarelik daireleri burada da yapmas\u0131n\u0131 istiyorlar, ayr\u0131mc\u0131l\u0131k olmamas\u0131 gerekti\u011fini belirtiyorlar.<\/p>\n<p>Daha \u00f6nce 145-150 metrekarelik dairelerde ya\u015fayan bu m\u00fclk sahipleri, \u201c\u00c7ak\u0131r sitesinin sakinleriyiz yerimiz 152 m\u00b2 evlerimizin dairelerimiz Ama \u015fu an bize 84 m\u00b2 k\u00fcmes gibi yer yap\u0131p verecekler. Bizde bunu istemiyoruz. Biz hakk\u0131m\u0131z\u0131 istiyoruz. Biz herkes \u015furada g\u00f6rd\u00fc\u011f\u00fcn\u00fcz insanlar\u0131n hepsi ne hallerle yapt\u0131lar, buralar\u0131 ne Cefalar ne emeklerle yap\u0131ld\u0131? \u015eimdi niye hi\u00e7 Yoktan yere Benim evim 84 metrekareye k\u00fcmes gibi yere d\u00fc\u015ft\u00fcn devlete D\u00fcnyan\u0131n paras\u0131 geldi art\u0131k daireler \u00e7o\u011fald\u0131. Oradan da gelir var niye k\u00fc\u00e7\u00fcc\u00fck daire veriliyor? Yani biz burada sonuna kadar kep\u00e7ede gelse buralar\u0131 yapt\u0131rmayaca\u011f\u0131z hakk\u0131m\u0131z\u0131. Evet rezerve alan ilan edildi yerimiz. Yani biz hakk\u0131m\u0131z\u0131 alana kadar buraya kep\u00e7e de gelsin sokmayaca\u011f\u0131z yapt\u0131rmayaca\u011f\u0131z\u201d diye konu\u015ftu.<\/p>\n<p>Bug\u00fcne kadar \u00e7e\u015fitli kurumlar\u0131n daveti \u00fczerine gittikleri toplant\u0131larda kendilerine s\u00f6ylenenlerin aksi bir durum ile kar\u015f\u0131 kar\u015f\u0131ya kald\u0131klar\u0131n\u0131 da ifade eden Hak sahibi vatanda\u015flar \u201c120 metre net, 105-120 metre br\u00fct 105 metre net olarak bize s\u00f6ylendi. Biz sadece bize verilen s\u00f6z\u00fcn tutulmas\u0131n\u0131 istiyoruz. Ba\u015fka bir beklentimiz yok. Tavuk k\u00fcmesi gibi evde ben ne yapaca\u011f\u0131m? Ye\u015fil alan \u00e7ok b\u0131rakm\u0131\u015f. Ye\u015fil alanda ne yapay\u0131m? L\u00fctfen bunlar\u0131n yerine getirilmesini istiyoruz. S\u00f6zlerini tutsunlar. Ba\u015fka bir \u015fey istemiyoruz\u201d dedi.<\/p>\n<p>\u00c7ak\u0131r Sitesi G\u00fcne\u015f Sitesi 1. Etap rezerve alan ilan edilen yerde, kom\u015fular, Site sakinleri hep birlikte burada olduklar\u0131n\u0131 aktaran hak sahipleri \u201c105 metrekare 100 m\u00b2 br\u00fct 85 metre kare net daireler yap\u0131laca\u011f\u0131n\u0131 Biz M\u00fcteahhitten \u00f6\u011freniyoruz. Biz site sakinlerinin hakk\u0131 yok muydu? Daha \u00f6nce bu 85 metre kare dairelerin yap\u0131laca\u011f\u0131n\u0131 hi\u00e7 kimsenin bilgisi olmadan yap\u0131lm\u0131\u015f ihale verilmi\u015f. 105 metre kare net dairelerin yap\u0131l\u0131p taraf\u0131m\u0131za teslim edilmesini istiyoruz. Bu yap\u0131lan ihalenin iptal edilmesini, projenin yenilenmesini istiyoruz. Yap\u0131lacak tek \u015fey, bu s\u00fcre\u00e7 i\u00e7erisinde, ihalenin iptalini yeniden bir projenin \u00e7izilip M\u00fcteahhitte verilmesini ve bir an \u00f6nce in\u015faatlar\u0131m\u0131za ba\u015flanmas\u0131n\u0131 istiyoruz\u201d \u015feklinde konu\u015ftu.<\/p>\n<p>Devletin kendi kamu arazilerine ve kamula\u015ft\u0131rd\u0131\u011f\u0131 yerlere yapm\u0131\u015f oldu\u011fu D\u00fc\u011f\u00fcn Yurdu (Cebeke) gibi yerlerdeki TOK\u0130&#8217;lerin metrekaresi 105 m\u00b2, yaln\u0131z rezerv alan\u0131 olarak ilan edilen b\u00f6lgelere 85 metrekarelik projeler yap\u0131ld\u0131\u011f\u0131n\u0131 savunan hak sahipleri, \u201cDepremi ya\u015fam\u0131\u015f insanlar aras\u0131nda ayr\u0131mc\u0131l\u0131k olur mu? Sen kendi yapt\u0131\u011f\u0131n, D\u00fc\u011f\u00fcn Yurdu&#8217;daki TOK\u0130&#8217;lere 105 metrekare yap\u0131yorsun. Rezerv alan ilan edilen yerlerdeki ma\u011fdur olanlara net 84 metrekare ev yapacaks\u0131n, biz M\u00fcteahhitlerden \u00f6\u011freniyoruz. Biz bunu kabul etmiyor, istemiyoruz\u201d dedi.<\/p>\n<p>\u200bHatay\u2019\u0131n \u0130skenderun il\u00e7esi, \u0130smet \u0130n\u00f6n\u00fc Mahallesi&#8217;nde deprem sonras\u0131 rezerv alan\u0131na d\u00f6n\u00fc\u015fen \u00c7ak\u0131r ve G\u00fcne\u015f Sitesi&#8217;nin hak sahibi vatanda\u015flar\u0131, kendilerine verilecek dairelerin k\u00fc\u00e7\u00fckl\u00fc\u011f\u00fcne kar\u015f\u0131 \u00e7\u0131k\u0131yor.\u00a0<\/p>\n<p>\u200bHaberin Al\u0131nt\u0131land\u0131\u011f\u0131 Kaynak: www.iskenderun.org<\/p>","protected":false},"excerpt":{"rendered":"<p>\u0130smet \u0130n\u00f6n\u00fc Mahallesinde deprem sonras\u0131 rezerv alan\u0131na d\u00f6n\u00fc\u015fen \u00c7ak\u0131r ve G\u00fcne\u015f Sitesinin hak sahibi vatanda\u015flar, kendilerine verilecek dairelerin \u00e7ok k\u00fc\u00e7\u00fck olaca\u011f\u0131n\u0131 ifade ederek tepki g\u00f6sterdiler. \u0130smet \u0130n\u00f6n\u00fc Mahallesinde y\u0131k\u0131lan G\u00fcne\u015f ve \u00c7ak\u0131r Sitesi m\u00fclk sahipleri, TOK\u0130&#8217;nin uygulad\u0131\u011f\u0131 metrekare k\u0131s\u0131tlamalar\u0131na kar\u015f\u0131 \u00e7\u0131k\u0131yor. \u00d6nceden 145-150 metrekarelik dairelere sahip olan insanlar, kendilerine de ayn\u0131 haklar\u0131n tan\u0131nmas\u0131n\u0131 talep ediyor. Yeterli alanlar\u0131 oldu\u011funu ve mevcut tapular\u0131nda bu alanlar\u0131n belirtildi\u011fini vurguluyorlar. Devletin di\u011fer b\u00f6lgelerde yapt\u0131\u011f\u0131 105 metrekarelik daireleri burada da yapmas\u0131n\u0131 istiyorlar, ayr\u0131mc\u0131l\u0131k olmamas\u0131 gerekti\u011fini belirtiyorlar. Daha \u00f6nce 145-150 metrekarelik dairelerde ya\u015fayan bu m\u00fclk sahipleri, \u201c\u00c7ak\u0131r sitesinin sakinleriyiz yerimiz 152 m\u00b2 evlerimizin dairelerimiz Ama \u015fu an bize 84 m\u00b2 k\u00fcmes gibi yer yap\u0131p verecekler. Bizde bunu istemiyoruz. Biz hakk\u0131m\u0131z\u0131 istiyoruz. Biz herkes \u015furada g\u00f6rd\u00fc\u011f\u00fcn\u00fcz insanlar\u0131n hepsi ne hallerle yapt\u0131lar, buralar\u0131 ne Cefalar ne emeklerle yap\u0131ld\u0131? \u015eimdi niye hi\u00e7 Yoktan yere Benim evim 84 metrekareye k\u00fcmes gibi yere d\u00fc\u015ft\u00fcn devlete D\u00fcnyan\u0131n paras\u0131 geldi art\u0131k daireler \u00e7o\u011fald\u0131. Oradan da gelir var niye k\u00fc\u00e7\u00fcc\u00fck daire veriliyor? Yani biz burada sonuna kadar kep\u00e7ede gelse buralar\u0131 yapt\u0131rmayaca\u011f\u0131z hakk\u0131m\u0131z\u0131. Evet rezerve alan ilan edildi yerimiz. Yani biz hakk\u0131m\u0131z\u0131 alana kadar buraya kep\u00e7e de gelsin sokmayaca\u011f\u0131z yapt\u0131rmayaca\u011f\u0131z\u201d diye konu\u015ftu. Bug\u00fcne kadar \u00e7e\u015fitli kurumlar\u0131n daveti \u00fczerine gittikleri toplant\u0131larda kendilerine s\u00f6ylenenlerin aksi bir durum ile &hellip;<\/p>","protected":false},"author":2,"featured_media":0,"comment_status":"closed","ping_status":"open","sticky":false,"template":"","format":"standard","meta":{"_acf_changed":false,"footnotes":""},"categories":[24],"tags":[],"class_list":["post-3696","post","type-post","status-publish","format-standard","has-post-thumbnail","hentry","category-gundem"],"acf":[],"yoast_head":"<!-- This site is optimized with the Yoast SEO Premium plugin v26.6 (Yoast SEO v27.1.1) - https:\/\/yoast.com\/product\/yoast-seo-premium-wordpress\/ -->\n<title>Hak sahipleri k\u00fc\u00e7\u00fck dairelere tepki g\u00f6steriyor\u2026 - Av. Deniz Can K\u0131z\u0131l<\/title>\n<meta name=\"robots\" content=\"index, follow, max-snippet:-1, max-image-preview:large, max-video-preview:-1\" \/>\n<link rel=\"canonical\" href=\"https:\/\/denizcankizil.tr\/de\/haberler\/gundem\/hak-sahipleri-kucuk-dairelere-tepki-gosteriyor\/\" \/>\n<meta property=\"og:locale\" content=\"de_DE\" \/>\n<meta property=\"og:type\" content=\"article\" \/>\n<meta property=\"og:title\" content=\"Hak sahipleri k\u00fc\u00e7\u00fck dairelere tepki g\u00f6steriyor\u2026\" \/>\n<meta property=\"og:description\" content=\"\u0130smet \u0130n\u00f6n\u00fc Mahallesinde deprem sonras\u0131 rezerv alan\u0131na d\u00f6n\u00fc\u015fen \u00c7ak\u0131r ve G\u00fcne\u015f Sitesinin hak sahibi vatanda\u015flar, kendilerine verilecek dairelerin \u00e7ok k\u00fc\u00e7\u00fck olaca\u011f\u0131n\u0131 ifade ederek tepki g\u00f6sterdiler. \u0130smet \u0130n\u00f6n\u00fc Mahallesinde y\u0131k\u0131lan G\u00fcne\u015f ve \u00c7ak\u0131r Sitesi m\u00fclk sahipleri, TOK\u0130&#8217;nin uygulad\u0131\u011f\u0131 metrekare k\u0131s\u0131tlamalar\u0131na kar\u015f\u0131 \u00e7\u0131k\u0131yor. \u00d6nceden 145-150 metrekarelik dairelere sahip olan insanlar, kendilerine de ayn\u0131 haklar\u0131n tan\u0131nmas\u0131n\u0131 talep ediyor. Yeterli alanlar\u0131 oldu\u011funu ve mevcut tapular\u0131nda bu alanlar\u0131n belirtildi\u011fini vurguluyorlar. Devletin di\u011fer b\u00f6lgelerde yapt\u0131\u011f\u0131 105 metrekarelik daireleri burada da yapmas\u0131n\u0131 istiyorlar, ayr\u0131mc\u0131l\u0131k olmamas\u0131 gerekti\u011fini belirtiyorlar. Daha \u00f6nce 145-150 metrekarelik dairelerde ya\u015fayan bu m\u00fclk sahipleri, \u201c\u00c7ak\u0131r sitesinin sakinleriyiz yerimiz 152 m\u00b2 evlerimizin dairelerimiz Ama \u015fu an bize 84 m\u00b2 k\u00fcmes gibi yer yap\u0131p verecekler. Bizde bunu istemiyoruz. Biz hakk\u0131m\u0131z\u0131 istiyoruz. Biz herkes \u015furada g\u00f6rd\u00fc\u011f\u00fcn\u00fcz insanlar\u0131n hepsi ne hallerle yapt\u0131lar, buralar\u0131 ne Cefalar ne emeklerle yap\u0131ld\u0131? \u015eimdi niye hi\u00e7 Yoktan yere Benim evim 84 metrekareye k\u00fcmes gibi yere d\u00fc\u015ft\u00fcn devlete D\u00fcnyan\u0131n paras\u0131 geldi art\u0131k daireler \u00e7o\u011fald\u0131. Oradan da gelir var niye k\u00fc\u00e7\u00fcc\u00fck daire veriliyor? Yani biz burada sonuna kadar kep\u00e7ede gelse buralar\u0131 yapt\u0131rmayaca\u011f\u0131z hakk\u0131m\u0131z\u0131. Evet rezerve alan ilan edildi yerimiz. Yani biz hakk\u0131m\u0131z\u0131 alana kadar buraya kep\u00e7e de gelsin sokmayaca\u011f\u0131z yapt\u0131rmayaca\u011f\u0131z\u201d diye konu\u015ftu. Bug\u00fcne kadar \u00e7e\u015fitli kurumlar\u0131n daveti \u00fczerine gittikleri toplant\u0131larda kendilerine s\u00f6ylenenlerin aksi bir durum ile &hellip;\" \/>\n<meta property=\"og:url\" content=\"https:\/\/denizcankizil.tr\/de\/haberler\/gundem\/hak-sahipleri-kucuk-dairelere-tepki-gosteriyor\/\" \/>\n<meta property=\"og:site_name\" content=\"Av. Deniz Can K\u0131z\u0131l\" \/>\n<meta property=\"article:published_time\" content=\"2024-10-17T07:10:32+00:00\" \/>\n<meta property=\"article:modified_time\" content=\"2025-03-15T21:46:02+00:00\" \/>\n<meta name=\"author\" content=\"www.hukukihaber .net\" \/>\n<meta name=\"twitter:card\" content=\"summary_large_image\" \/>\n<meta name=\"twitter:label1\" content=\"Verfasst von\" \/>\n\t<meta name=\"twitter:data1\" content=\"www.hukukihaber .net\" \/>\n\t<meta name=\"twitter:label2\" content=\"Gesch\u00e4tzte Lesezeit\" \/>\n\t<meta name=\"twitter:data2\" content=\"3\u00a0Minuten\" \/>\n<script type=\"application\/ld+json\" class=\"yoast-schema-graph\">{\"@context\":\"https:\/\/schema.org\",\"@graph\":[{\"@type\":\"Article\",\"@id\":\"https:\/\/denizcankizil.tr\/de\/haberler\/gundem\/hak-sahipleri-kucuk-dairelere-tepki-gosteriyor\/#article\",\"isPartOf\":{\"@id\":\"https:\/\/denizcankizil.tr\/de\/haberler\/gundem\/hak-sahipleri-kucuk-dairelere-tepki-gosteriyor\/\"},\"author\":{\"name\":\"www.hukukihaber .net\",\"@id\":\"https:\/\/denizcankizil.tr\/de\/#\/schema\/person\/ee8d1a7e569af69c394b149657373d7c\"},\"headline\":\"Hak sahipleri k\u00fc\u00e7\u00fck dairelere tepki g\u00f6steriyor\u2026\",\"datePublished\":\"2024-10-17T07:10:32+00:00\",\"dateModified\":\"2025-03-15T21:46:02+00:00\",\"mainEntityOfPage\":{\"@id\":\"https:\/\/denizcankizil.tr\/de\/haberler\/gundem\/hak-sahipleri-kucuk-dairelere-tepki-gosteriyor\/\"},\"wordCount\":605,\"publisher\":{\"@id\":\"https:\/\/denizcankizil.tr\/de\/#organization\"},\"articleSection\":[\"G\u00fcndem\"],\"inLanguage\":\"de\"},{\"@type\":\"WebPage\",\"@id\":\"https:\/\/denizcankizil.tr\/de\/haberler\/gundem\/hak-sahipleri-kucuk-dairelere-tepki-gosteriyor\/\",\"url\":\"https:\/\/denizcankizil.tr\/de\/haberler\/gundem\/hak-sahipleri-kucuk-dairelere-tepki-gosteriyor\/\",\"name\":\"Hak sahipleri k\u00fc\u00e7\u00fck dairelere tepki g\u00f6steriyor\u2026 - Av. Deniz Can K\u0131z\u0131l\",\"isPartOf\":{\"@id\":\"https:\/\/denizcankizil.tr\/de\/#website\"},\"datePublished\":\"2024-10-17T07:10:32+00:00\",\"dateModified\":\"2025-03-15T21:46:02+00:00\",\"breadcrumb\":{\"@id\":\"https:\/\/denizcankizil.tr\/de\/haberler\/gundem\/hak-sahipleri-kucuk-dairelere-tepki-gosteriyor\/#breadcrumb\"},\"inLanguage\":\"de\",\"potentialAction\":[{\"@type\":\"ReadAction\",\"target\":[\"https:\/\/denizcankizil.tr\/de\/haberler\/gundem\/hak-sahipleri-kucuk-dairelere-tepki-gosteriyor\/\"]}]},{\"@type\":\"BreadcrumbList\",\"@id\":\"https:\/\/denizcankizil.tr\/de\/haberler\/gundem\/hak-sahipleri-kucuk-dairelere-tepki-gosteriyor\/#breadcrumb\",\"itemListElement\":[{\"@type\":\"ListItem\",\"position\":1,\"name\":\"Home\",\"item\":\"https:\/\/denizcankizil.tr\/de\/\"},{\"@type\":\"ListItem\",\"position\":2,\"name\":\"Hak sahipleri k\u00fc\u00e7\u00fck dairelere tepki g\u00f6steriyor\u2026\"}]},{\"@type\":\"WebSite\",\"@id\":\"https:\/\/denizcankizil.tr\/de\/#website\",\"url\":\"https:\/\/denizcankizil.tr\/de\/\",\"name\":\"Av. Deniz Can K\u0131z\u0131l\",\"description\":\"Avukat Deniz Can K\u0131z\u0131l Antalya Barosu\",\"publisher\":{\"@id\":\"https:\/\/denizcankizil.tr\/de\/#organization\"},\"potentialAction\":[{\"@type\":\"SearchAction\",\"target\":{\"@type\":\"EntryPoint\",\"urlTemplate\":\"https:\/\/denizcankizil.tr\/de\/?s={search_term_string}\"},\"query-input\":{\"@type\":\"PropertyValueSpecification\",\"valueRequired\":true,\"valueName\":\"search_term_string\"}}],\"inLanguage\":\"de\"},{\"@type\":\"Organization\",\"@id\":\"https:\/\/denizcankizil.tr\/de\/#organization\",\"name\":\"Av. Deniz Can K\u0131z\u0131l\",\"url\":\"https:\/\/denizcankizil.tr\/de\/\",\"logo\":{\"@type\":\"ImageObject\",\"inLanguage\":\"de\",\"@id\":\"https:\/\/denizcankizil.tr\/de\/#\/schema\/logo\/image\/\",\"url\":\"https:\/\/denizcankizil.tr\/wp-content\/uploads\/2024\/10\/siyah-logo-svg.svg\",\"contentUrl\":\"https:\/\/denizcankizil.tr\/wp-content\/uploads\/2024\/10\/siyah-logo-svg.svg\",\"width\":1080,\"height\":1080,\"caption\":\"Av. Deniz Can K\u0131z\u0131l\"},\"image\":{\"@id\":\"https:\/\/denizcankizil.tr\/de\/#\/schema\/logo\/image\/\"}},{\"@type\":\"Person\",\"@id\":\"https:\/\/denizcankizil.tr\/de\/#\/schema\/person\/ee8d1a7e569af69c394b149657373d7c\",\"name\":\"www.hukukihaber .net\",\"image\":{\"@type\":\"ImageObject\",\"inLanguage\":\"de\",\"@id\":\"https:\/\/denizcankizil.tr\/de\/#\/schema\/person\/image\/\",\"url\":\"https:\/\/secure.gravatar.com\/avatar\/24a421031e14edd04885d60c1a11a8021184a2ed5e7477881edb09ec996193ab?s=96&d=mm&r=g\",\"contentUrl\":\"https:\/\/secure.gravatar.com\/avatar\/24a421031e14edd04885d60c1a11a8021184a2ed5e7477881edb09ec996193ab?s=96&d=mm&r=g\",\"caption\":\"www.hukukihaber .net\"},\"url\":\"https:\/\/www.iskenderun.org\/hak-sahipleri-kucuk-dairelere-tepki-gosteriyor\"}]}<\/script>\n<!-- \/ Yoast SEO Premium plugin. -->","yoast_head_json":{"title":"Hak sahipleri k\u00fc\u00e7\u00fck dairelere tepki g\u00f6steriyor\u2026 - Av. Deniz Can K\u0131z\u0131l","robots":{"index":"index","follow":"follow","max-snippet":"max-snippet:-1","max-image-preview":"max-image-preview:large","max-video-preview":"max-video-preview:-1"},"canonical":"https:\/\/denizcankizil.tr\/de\/haberler\/gundem\/hak-sahipleri-kucuk-dairelere-tepki-gosteriyor\/","og_locale":"de_DE","og_type":"article","og_title":"Hak sahipleri k\u00fc\u00e7\u00fck dairelere tepki g\u00f6steriyor\u2026","og_description":"\u0130smet \u0130n\u00f6n\u00fc Mahallesinde deprem sonras\u0131 rezerv alan\u0131na d\u00f6n\u00fc\u015fen \u00c7ak\u0131r ve G\u00fcne\u015f Sitesinin hak sahibi vatanda\u015flar, kendilerine verilecek dairelerin \u00e7ok k\u00fc\u00e7\u00fck olaca\u011f\u0131n\u0131 ifade ederek tepki g\u00f6sterdiler. \u0130smet \u0130n\u00f6n\u00fc Mahallesinde y\u0131k\u0131lan G\u00fcne\u015f ve \u00c7ak\u0131r Sitesi m\u00fclk sahipleri, TOK\u0130&#8217;nin uygulad\u0131\u011f\u0131 metrekare k\u0131s\u0131tlamalar\u0131na kar\u015f\u0131 \u00e7\u0131k\u0131yor. \u00d6nceden 145-150 metrekarelik dairelere sahip olan insanlar, kendilerine de ayn\u0131 haklar\u0131n tan\u0131nmas\u0131n\u0131 talep ediyor. Yeterli alanlar\u0131 oldu\u011funu ve mevcut tapular\u0131nda bu alanlar\u0131n belirtildi\u011fini vurguluyorlar. Devletin di\u011fer b\u00f6lgelerde yapt\u0131\u011f\u0131 105 metrekarelik daireleri burada da yapmas\u0131n\u0131 istiyorlar, ayr\u0131mc\u0131l\u0131k olmamas\u0131 gerekti\u011fini belirtiyorlar. Daha \u00f6nce 145-150 metrekarelik dairelerde ya\u015fayan bu m\u00fclk sahipleri, \u201c\u00c7ak\u0131r sitesinin sakinleriyiz yerimiz 152 m\u00b2 evlerimizin dairelerimiz Ama \u015fu an bize 84 m\u00b2 k\u00fcmes gibi yer yap\u0131p verecekler. Bizde bunu istemiyoruz. Biz hakk\u0131m\u0131z\u0131 istiyoruz. Biz herkes \u015furada g\u00f6rd\u00fc\u011f\u00fcn\u00fcz insanlar\u0131n hepsi ne hallerle yapt\u0131lar, buralar\u0131 ne Cefalar ne emeklerle yap\u0131ld\u0131? \u015eimdi niye hi\u00e7 Yoktan yere Benim evim 84 metrekareye k\u00fcmes gibi yere d\u00fc\u015ft\u00fcn devlete D\u00fcnyan\u0131n paras\u0131 geldi art\u0131k daireler \u00e7o\u011fald\u0131. Oradan da gelir var niye k\u00fc\u00e7\u00fcc\u00fck daire veriliyor? Yani biz burada sonuna kadar kep\u00e7ede gelse buralar\u0131 yapt\u0131rmayaca\u011f\u0131z hakk\u0131m\u0131z\u0131. Evet rezerve alan ilan edildi yerimiz. Yani biz hakk\u0131m\u0131z\u0131 alana kadar buraya kep\u00e7e de gelsin sokmayaca\u011f\u0131z yapt\u0131rmayaca\u011f\u0131z\u201d diye konu\u015ftu. Bug\u00fcne kadar \u00e7e\u015fitli kurumlar\u0131n daveti \u00fczerine gittikleri toplant\u0131larda kendilerine s\u00f6ylenenlerin aksi bir durum ile &hellip;","og_url":"https:\/\/denizcankizil.tr\/de\/haberler\/gundem\/hak-sahipleri-kucuk-dairelere-tepki-gosteriyor\/","og_site_name":"Av. Deniz Can K\u0131z\u0131l","article_published_time":"2024-10-17T07:10:32+00:00","article_modified_time":"2025-03-15T21:46:02+00:00","author":"www.hukukihaber .net","twitter_card":"summary_large_image","twitter_misc":{"Verfasst von":"www.hukukihaber .net","Gesch\u00e4tzte Lesezeit":"3\u00a0Minuten"},"schema":{"@context":"https:\/\/schema.org","@graph":[{"@type":"Article","@id":"https:\/\/denizcankizil.tr\/de\/haberler\/gundem\/hak-sahipleri-kucuk-dairelere-tepki-gosteriyor\/#article","isPartOf":{"@id":"https:\/\/denizcankizil.tr\/de\/haberler\/gundem\/hak-sahipleri-kucuk-dairelere-tepki-gosteriyor\/"},"author":{"name":"www.hukukihaber .net","@id":"https:\/\/denizcankizil.tr\/de\/#\/schema\/person\/ee8d1a7e569af69c394b149657373d7c"},"headline":"Hak sahipleri k\u00fc\u00e7\u00fck dairelere tepki g\u00f6steriyor\u2026","datePublished":"2024-10-17T07:10:32+00:00","dateModified":"2025-03-15T21:46:02+00:00","mainEntityOfPage":{"@id":"https:\/\/denizcankizil.tr\/de\/haberler\/gundem\/hak-sahipleri-kucuk-dairelere-tepki-gosteriyor\/"},"wordCount":605,"publisher":{"@id":"https:\/\/denizcankizil.tr\/de\/#organization"},"articleSection":["G\u00fcndem"],"inLanguage":"de"},{"@type":"WebPage","@id":"https:\/\/denizcankizil.tr\/de\/haberler\/gundem\/hak-sahipleri-kucuk-dairelere-tepki-gosteriyor\/","url":"https:\/\/denizcankizil.tr\/de\/haberler\/gundem\/hak-sahipleri-kucuk-dairelere-tepki-gosteriyor\/","name":"Hak sahipleri k\u00fc\u00e7\u00fck dairelere tepki g\u00f6steriyor\u2026 - Av. Deniz Can K\u0131z\u0131l","isPartOf":{"@id":"https:\/\/denizcankizil.tr\/de\/#website"},"datePublished":"2024-10-17T07:10:32+00:00","dateModified":"2025-03-15T21:46:02+00:00","breadcrumb":{"@id":"https:\/\/denizcankizil.tr\/de\/haberler\/gundem\/hak-sahipleri-kucuk-dairelere-tepki-gosteriyor\/#breadcrumb"},"inLanguage":"de","potentialAction":[{"@type":"ReadAction","target":["https:\/\/denizcankizil.tr\/de\/haberler\/gundem\/hak-sahipleri-kucuk-dairelere-tepki-gosteriyor\/"]}]},{"@type":"BreadcrumbList","@id":"https:\/\/denizcankizil.tr\/de\/haberler\/gundem\/hak-sahipleri-kucuk-dairelere-tepki-gosteriyor\/#breadcrumb","itemListElement":[{"@type":"ListItem","position":1,"name":"Home","item":"https:\/\/denizcankizil.tr\/de\/"},{"@type":"ListItem","position":2,"name":"Hak sahipleri k\u00fc\u00e7\u00fck dairelere tepki g\u00f6steriyor\u2026"}]},{"@type":"WebSite","@id":"https:\/\/denizcankizil.tr\/de\/#website","url":"https:\/\/denizcankizil.tr\/de\/","name":"Av. Deniz Can K\u0131z\u0131l","description":"Avukat Deniz Can K\u0131z\u0131l Antalya Barosu","publisher":{"@id":"https:\/\/denizcankizil.tr\/de\/#organization"},"potentialAction":[{"@type":"SearchAction","target":{"@type":"EntryPoint","urlTemplate":"https:\/\/denizcankizil.tr\/de\/?s={search_term_string}"},"query-input":{"@type":"PropertyValueSpecification","valueRequired":true,"valueName":"search_term_string"}}],"inLanguage":"de"},{"@type":"Organization","@id":"https:\/\/denizcankizil.tr\/de\/#organization","name":"Av. Deniz Can K\u0131z\u0131l","url":"https:\/\/denizcankizil.tr\/de\/","logo":{"@type":"ImageObject","inLanguage":"de","@id":"https:\/\/denizcankizil.tr\/de\/#\/schema\/logo\/image\/","url":"https:\/\/denizcankizil.tr\/wp-content\/uploads\/2024\/10\/siyah-logo-svg.svg","contentUrl":"https:\/\/denizcankizil.tr\/wp-content\/uploads\/2024\/10\/siyah-logo-svg.svg","width":1080,"height":1080,"caption":"Av. Deniz Can K\u0131z\u0131l"},"image":{"@id":"https:\/\/denizcankizil.tr\/de\/#\/schema\/logo\/image\/"}},{"@type":"Person","@id":"https:\/\/denizcankizil.tr\/de\/#\/schema\/person\/ee8d1a7e569af69c394b149657373d7c","name":"www.hukukihaber.net","image":{"@type":"ImageObject","inLanguage":"de","@id":"https:\/\/denizcankizil.tr\/de\/#\/schema\/person\/image\/","url":"https:\/\/secure.gravatar.com\/avatar\/24a421031e14edd04885d60c1a11a8021184a2ed5e7477881edb09ec996193ab?s=96&d=mm&r=g","contentUrl":"https:\/\/secure.gravatar.com\/avatar\/24a421031e14edd04885d60c1a11a8021184a2ed5e7477881edb09ec996193ab?s=96&d=mm&r=g","caption":"www.hukukihaber .net"},"url":"https:\/\/www.iskenderun.org\/hak-sahipleri-kucuk-dairelere-tepki-gosteriyor"}]}},"_links":{"self":[{"href":"https:\/\/denizcankizil.tr\/de\/wp-json\/wp\/v2\/posts\/3696","targetHints":{"allow":["GET"]}}],"collection":[{"href":"https:\/\/denizcankizil.tr\/de\/wp-json\/wp\/v2\/posts"}],"about":[{"href":"https:\/\/denizcankizil.tr\/de\/wp-json\/wp\/v2\/types\/post"}],"author":[{"embeddable":true,"href":"https:\/\/denizcankizil.tr\/de\/wp-json\/wp\/v2\/users\/2"}],"replies":[{"embeddable":true,"href":"https:\/\/denizcankizil.tr\/de\/wp-json\/wp\/v2\/comments?post=3696"}],"version-history":[{"count":1,"href":"https:\/\/denizcankizil.tr\/de\/wp-json\/wp\/v2\/posts\/3696\/revisions"}],"predecessor-version":[{"id":35989,"href":"https:\/\/denizcankizil.tr\/de\/wp-json\/wp\/v2\/posts\/3696\/revisions\/35989"}],"wp:attachment":[{"href":"https:\/\/denizcankizil.tr\/de\/wp-json\/wp\/v2\/media?parent=3696"}],"wp:term":[{"taxonomy":"category","embeddable":true,"href":"https:\/\/denizcankizil.tr\/de\/wp-json\/wp\/v2\/categories?post=3696"},{"taxonomy":"post_tag","embeddable":true,"href":"https:\/\/denizcankizil.tr\/de\/wp-json\/wp\/v2\/tags?post=3696"}],"curies":[{"name":"wp","href":"https:\/\/api.w.org\/{rel}","templated":true}]}}