{"id":36938,"date":"2025-03-25T13:41:13","date_gmt":"2025-03-25T10:41:13","guid":{"rendered":"https:\/\/denizcankizil.tr\/uncategorized-tr\/turkiyede-tuberkuloz-orani-dususte\/"},"modified":"2025-03-25T13:41:13","modified_gmt":"2025-03-25T10:41:13","slug":"turkiyede-tuberkuloz-orani-dususte","status":"publish","type":"post","link":"https:\/\/denizcankizil.tr\/de\/haberler\/antalya\/turkiyede-tuberkuloz-orani-dususte\/","title":{"rendered":"T\u00fcrkiye\u2019de t\u00fcberk\u00fcloz oran\u0131 d\u00fc\u015f\u00fc\u015fte"},"content":{"rendered":"<p>Akdeniz \u00dcniversitesi T\u0131p Fak\u00fcltesi G\u00f6\u011f\u00fcs Hastal\u0131klar\u0131 Ana Bilim Dal\u0131 \u00d6\u011fretim \u00dcyesi Do\u00e7. Dr. Nurg\u00fcl Bozkurt, 24 Mart D\u00fcnya T\u00fcberk\u00fcloz G\u00fcn\u00fc dolay\u0131s\u0131yla yapt\u0131\u011f\u0131 a\u00e7\u0131klamada, halk aras\u0131nda verem olarak bilinen t\u00fcberk\u00fclozun insanl\u0131k tarihi kadar eski ancak tamamen tedavi edilebilir bir hastal\u0131k oldu\u011funu vurgularken, T\u00fcrkiye\u2019de t\u00fcberk\u00fcloz oran\u0131n\u0131n s\u0131kl\u0131\u011f\u0131n\u0131n azald\u0131\u011f\u0131n\u0131 belirtti.<\/p>\n<p>&#8220;T\u00fcberk\u00fcloz tarih boyunca \u00f6nemini korudu&#8221;<br \/>\nT\u00fcberk\u00fclozun milattan \u00f6nceki d\u00f6nemlerden itibaren bilinen bir hastal\u0131k oldu\u011funu belirten Bozkurt, &#8220;18. y\u00fczy\u0131l\u0131n sonlar\u0131na kadar hastal\u0131\u011f\u0131n nedeni bilinmiyordu. Ancak bu d\u00f6nemde basil tespit edilerek t\u00fcberk\u00fclozun bir enfeksiyon hastal\u0131\u011f\u0131 oldu\u011fu anla\u015f\u0131ld\u0131. Tarih boyunca kan t\u00fck\u00fcrme gibi dramatik semptomlar\u0131 nedeniyle pek \u00e7ok filme ve esere konu olmu\u015ftur. Hastal\u0131\u011f\u0131n en yayg\u0131n belirtileri, \u00f6ks\u00fcr\u00fck, balgam, ate\u015f, gece terlemesi ve \u00f6zellikle \u00f6\u011fleden sonra y\u00fckselen ate\u015f. Bu belirtiler hastalar taraf\u0131ndan genellikle \u00fc\u015f\u00fctme ya da basit bir enfeksiyon gibi alg\u0131lan\u0131yor. Ancak erken te\u015fhis edilmezse t\u00fcberk\u00fcloz akci\u011ferde kal\u0131c\u0131 hasara neden olabilir&#8221; dedi.<\/p>\n<p>T\u00fcrkiye\u2019de t\u00fcberk\u00fcloz oran\u0131<br \/>\nDo\u00e7. Dr. Bozkurt, d\u00fcnya genelinde t\u00fcberk\u00fclozun hala yayg\u0131n oldu\u011funu belirterek, &#8220;T\u00fcm D\u00fcnyada oldu\u011fu gibi \u00fclkemizde de hala g\u00fcncelli\u011fini koruyor. 1970\u2019li y\u0131llarda sa\u011fl\u0131k \u00e7al\u0131\u015fanlar\u0131n\u0131n \u00f6zverili \u00e7al\u0131\u015fmalar\u0131ndan sonra biraz daha s\u0131kl\u0131\u011f\u0131 azalm\u0131\u015ft\u0131r. 100 bine 14 kadar bir s\u0131kl\u0131\u011f\u0131 var. D\u00fcnyada da G\u00fcney Afrika gibi geri kalm\u0131\u015f \u00fclkelerde s\u0131kl\u0131k biraz daha fazla. Ama geli\u015fmi\u015f \u00fclkelerde \u00e7ok fazla s\u0131kl\u0131\u011f\u0131 g\u00f6r\u00fclm\u00fcyor. Bizim de \u00fclkemiz buna paralel gidiyor.&#8221; ifadelerini kulland\u0131.<\/p>\n<p>&#8220;Tedavi \u00fccretsiz ve devlet kontrol\u00fcnde&#8221;<br \/>\nT\u00fcberk\u00fclozun g\u00fcn\u00fcm\u00fczde tamamen tedavi edilebilen bir hastal\u0131k oldu\u011funu vurgulayan Bozkurt, tedavi s\u00fcrecine ili\u015fkin, &#8220;T\u00fcberk\u00fcloz tan\u0131s\u0131 konulduktan sonra hastalar Sa\u011fl\u0131k Bakanl\u0131\u011f\u0131\u2019na ba\u011fl\u0131 Verem Sava\u015f\u0131 Dispanserlerine y\u00f6nlendirilir. Tedavi tamamen \u00fccretsizdir ve hastalar herhangi bir katk\u0131 pay\u0131 \u00f6demez. Hastalar sadece ila\u00e7lar\u0131n\u0131 almakla b\u0131rak\u0131lmaz; mutlaka bir sa\u011fl\u0131k \u00e7al\u0131\u015fan\u0131 ya da aileden bir g\u00f6n\u00fcll\u00fc taraf\u0131ndan ila\u00e7 kullan\u0131m\u0131 takip edilir. Bu y\u00f6nteme \u2018Do\u011frudan G\u00f6zetimli Tedavi\u2019 (DGT) denir ve D\u00fcnya Sa\u011fl\u0131k \u00d6rg\u00fct\u00fc taraf\u0131ndan \u00f6nerilmektedir. \u00d6nceden iki y\u0131la kadar s\u00fcrebilen tedavi, g\u00fcn\u00fcm\u00fczde Sa\u011fl\u0131k Bakanl\u0131\u011f\u0131 taraf\u0131ndan alt\u0131 aya indirildi. \u0130lk iki ay daha yo\u011fun ila\u00e7 kullan\u0131m\u0131 gerektirirken, sonraki d\u00f6rt ayda tedavi iki ila\u00e7la devam ediyor. Ancak ila\u00e7lar\u0131n d\u00fczenli kullan\u0131lmamas\u0131 durumunda diren\u00e7li t\u00fcberk\u00fcloz geli\u015febiliyor ve bu, tedaviyi daha da zorla\u015ft\u0131r\u0131yor&#8221; \u015feklinde konu\u015ftu.<\/p>\n<p>&#8220;Bula\u015f\u0131c\u0131 bir hastal\u0131k, \u00f6nlem \u015fart&#8221;<br \/>\nT\u00fcberk\u00fclozun solunum yoluyla bula\u015ft\u0131\u011f\u0131n\u0131 ve \u00f6zellikle ayn\u0131 evi payla\u015fan ki\u015filerde y\u00fcksek bula\u015f riski bulundu\u011funu belirten Bozkurt, &#8220;T\u00fcberk\u00fcloz hastas\u0131 olan bir ki\u015finin yak\u0131n temasl\u0131lar\u0131 da mutlaka sa\u011fl\u0131k kontrol\u00fcnden ge\u00e7irilmeli. \u00dclkemizde bu muayeneler Verem Sava\u015f\u0131 Dispanserlerinde \u00fccretsiz olarak yap\u0131l\u0131yor&#8221; dedi.<\/p>\n<p>&#8220;Verem a\u015f\u0131s\u0131 bebeklikte koruma sa\u011fl\u0131yor&#8221;<br \/>\nVerem a\u015f\u0131s\u0131n\u0131n bebeklik d\u00f6neminde uyguland\u0131\u011f\u0131n\u0131 hat\u0131rlatan Bozkurt, eri\u015fkin ya\u015fta bu a\u015f\u0131n\u0131n koruyuculu\u011funun d\u00fc\u015f\u00fck oldu\u011funu s\u00f6yledi. Do\u00e7. Dr. Bozkurt, &#8220;Eri\u015fkinlerde korunman\u0131n en etkili yolu, t\u00fcberk\u00fcloz hastalar\u0131n\u0131n erken te\u015fhis edilip tedavi edilmesidir. Uzun s\u00fcren \u00f6ks\u00fcr\u00fck, balgam, \u00f6\u011fleden sonra y\u00fckselen ate\u015f ve gece terlemesi gibi belirtileri olan ki\u015filerin vakit kaybetmeden bir doktora ba\u015fvurmas\u0131 gerekir. T\u00fcberk\u00fcloz, erken te\u015fhis ve d\u00fczenli tedavi ile tamamen iyile\u015febilen bir hastal\u0131kt\u0131r&#8221; ifadelerini kulland\u0131.<\/p>\n<p>Kaynak: www.kanalv.com.tr Haber Sitesinden Al\u0131nm\u0131\u015ft\u0131r.<\/p>","protected":false},"excerpt":{"rendered":"<p>Akdeniz \u00dcniversitesi T\u0131p Fak\u00fcltesi G\u00f6\u011f\u00fcs Hastal\u0131klar\u0131 Ana Bilim Dal\u0131 \u00d6\u011fretim \u00dcyesi Do\u00e7. Dr. Nurg\u00fcl Bozkurt, 24 Mart D\u00fcnya T\u00fcberk\u00fcloz G\u00fcn\u00fc dolay\u0131s\u0131yla yapt\u0131\u011f\u0131 a\u00e7\u0131klamada, halk aras\u0131nda verem olarak bilinen t\u00fcberk\u00fclozun insanl\u0131k tarihi kadar eski ancak tamamen tedavi edilebilir bir hastal\u0131k oldu\u011funu vurgularken, T\u00fcrkiye\u2019de t\u00fcberk\u00fcloz oran\u0131n\u0131n s\u0131kl\u0131\u011f\u0131n\u0131n azald\u0131\u011f\u0131n\u0131 belirtti. &#8220;T\u00fcberk\u00fcloz tarih boyunca \u00f6nemini korudu&#8221; T\u00fcberk\u00fclozun milattan \u00f6nceki d\u00f6nemlerden itibaren bilinen bir hastal\u0131k oldu\u011funu belirten Bozkurt, &#8220;18. y\u00fczy\u0131l\u0131n sonlar\u0131na kadar hastal\u0131\u011f\u0131n nedeni bilinmiyordu. Ancak bu d\u00f6nemde basil tespit edilerek t\u00fcberk\u00fclozun bir enfeksiyon hastal\u0131\u011f\u0131 oldu\u011fu anla\u015f\u0131ld\u0131. Tarih boyunca kan t\u00fck\u00fcrme gibi dramatik semptomlar\u0131 nedeniyle pek \u00e7ok filme ve esere konu olmu\u015ftur. Hastal\u0131\u011f\u0131n en yayg\u0131n belirtileri, \u00f6ks\u00fcr\u00fck, balgam, ate\u015f, gece terlemesi ve \u00f6zellikle \u00f6\u011fleden sonra y\u00fckselen ate\u015f. Bu belirtiler hastalar taraf\u0131ndan genellikle \u00fc\u015f\u00fctme ya da basit bir enfeksiyon gibi alg\u0131lan\u0131yor. Ancak erken te\u015fhis edilmezse t\u00fcberk\u00fcloz akci\u011ferde kal\u0131c\u0131 hasara neden olabilir&#8221; dedi. T\u00fcrkiye\u2019de t\u00fcberk\u00fcloz oran\u0131 Do\u00e7. Dr. Bozkurt, d\u00fcnya genelinde t\u00fcberk\u00fclozun hala yayg\u0131n oldu\u011funu belirterek, &#8220;T\u00fcm D\u00fcnyada oldu\u011fu gibi \u00fclkemizde de hala g\u00fcncelli\u011fini koruyor. 1970\u2019li y\u0131llarda sa\u011fl\u0131k \u00e7al\u0131\u015fanlar\u0131n\u0131n \u00f6zverili \u00e7al\u0131\u015fmalar\u0131ndan sonra biraz daha s\u0131kl\u0131\u011f\u0131 azalm\u0131\u015ft\u0131r. 100 bine 14 kadar bir s\u0131kl\u0131\u011f\u0131 var. D\u00fcnyada da G\u00fcney Afrika gibi geri kalm\u0131\u015f \u00fclkelerde s\u0131kl\u0131k biraz daha fazla. Ama geli\u015fmi\u015f \u00fclkelerde \u00e7ok fazla s\u0131kl\u0131\u011f\u0131 g\u00f6r\u00fclm\u00fcyor. Bizim de \u00fclkemiz buna paralel &hellip;<\/p>","protected":false},"author":4,"featured_media":36939,"comment_status":"","ping_status":"open","sticky":false,"template":"","format":"standard","meta":{"_acf_changed":false,"footnotes":""},"categories":[26],"tags":[],"class_list":["post-36938","post","type-post","status-publish","format-standard","has-post-thumbnail","hentry","category-antalya"],"acf":[],"yoast_head":"<!-- This site is optimized with the Yoast SEO Premium plugin v26.6 (Yoast SEO v27.1.1) - https:\/\/yoast.com\/product\/yoast-seo-premium-wordpress\/ -->\n<title>T\u00fcrkiye\u2019de t\u00fcberk\u00fcloz oran\u0131 d\u00fc\u015f\u00fc\u015fte - Av. Deniz Can K\u0131z\u0131l<\/title>\n<meta name=\"robots\" content=\"index, follow, max-snippet:-1, max-image-preview:large, max-video-preview:-1\" \/>\n<link rel=\"canonical\" href=\"https:\/\/denizcankizil.tr\/de\/haberler\/antalya\/turkiyede-tuberkuloz-orani-dususte\/\" \/>\n<meta property=\"og:locale\" content=\"de_DE\" \/>\n<meta property=\"og:type\" content=\"article\" \/>\n<meta property=\"og:title\" content=\"T\u00fcrkiye\u2019de t\u00fcberk\u00fcloz oran\u0131 d\u00fc\u015f\u00fc\u015fte\" \/>\n<meta property=\"og:description\" content=\"Akdeniz \u00dcniversitesi T\u0131p Fak\u00fcltesi G\u00f6\u011f\u00fcs Hastal\u0131klar\u0131 Ana Bilim Dal\u0131 \u00d6\u011fretim \u00dcyesi Do\u00e7. Dr. Nurg\u00fcl Bozkurt, 24 Mart D\u00fcnya T\u00fcberk\u00fcloz G\u00fcn\u00fc dolay\u0131s\u0131yla yapt\u0131\u011f\u0131 a\u00e7\u0131klamada, halk aras\u0131nda verem olarak bilinen t\u00fcberk\u00fclozun insanl\u0131k tarihi kadar eski ancak tamamen tedavi edilebilir bir hastal\u0131k oldu\u011funu vurgularken, T\u00fcrkiye\u2019de t\u00fcberk\u00fcloz oran\u0131n\u0131n s\u0131kl\u0131\u011f\u0131n\u0131n azald\u0131\u011f\u0131n\u0131 belirtti. &#8220;T\u00fcberk\u00fcloz tarih boyunca \u00f6nemini korudu&#8221; T\u00fcberk\u00fclozun milattan \u00f6nceki d\u00f6nemlerden itibaren bilinen bir hastal\u0131k oldu\u011funu belirten Bozkurt, &#8220;18. y\u00fczy\u0131l\u0131n sonlar\u0131na kadar hastal\u0131\u011f\u0131n nedeni bilinmiyordu. Ancak bu d\u00f6nemde basil tespit edilerek t\u00fcberk\u00fclozun bir enfeksiyon hastal\u0131\u011f\u0131 oldu\u011fu anla\u015f\u0131ld\u0131. Tarih boyunca kan t\u00fck\u00fcrme gibi dramatik semptomlar\u0131 nedeniyle pek \u00e7ok filme ve esere konu olmu\u015ftur. Hastal\u0131\u011f\u0131n en yayg\u0131n belirtileri, \u00f6ks\u00fcr\u00fck, balgam, ate\u015f, gece terlemesi ve \u00f6zellikle \u00f6\u011fleden sonra y\u00fckselen ate\u015f. Bu belirtiler hastalar taraf\u0131ndan genellikle \u00fc\u015f\u00fctme ya da basit bir enfeksiyon gibi alg\u0131lan\u0131yor. Ancak erken te\u015fhis edilmezse t\u00fcberk\u00fcloz akci\u011ferde kal\u0131c\u0131 hasara neden olabilir&#8221; dedi. T\u00fcrkiye\u2019de t\u00fcberk\u00fcloz oran\u0131 Do\u00e7. Dr. Bozkurt, d\u00fcnya genelinde t\u00fcberk\u00fclozun hala yayg\u0131n oldu\u011funu belirterek, &#8220;T\u00fcm D\u00fcnyada oldu\u011fu gibi \u00fclkemizde de hala g\u00fcncelli\u011fini koruyor. 1970\u2019li y\u0131llarda sa\u011fl\u0131k \u00e7al\u0131\u015fanlar\u0131n\u0131n \u00f6zverili \u00e7al\u0131\u015fmalar\u0131ndan sonra biraz daha s\u0131kl\u0131\u011f\u0131 azalm\u0131\u015ft\u0131r. 100 bine 14 kadar bir s\u0131kl\u0131\u011f\u0131 var. D\u00fcnyada da G\u00fcney Afrika gibi geri kalm\u0131\u015f \u00fclkelerde s\u0131kl\u0131k biraz daha fazla. Ama geli\u015fmi\u015f \u00fclkelerde \u00e7ok fazla s\u0131kl\u0131\u011f\u0131 g\u00f6r\u00fclm\u00fcyor. Bizim de \u00fclkemiz buna paralel &hellip;\" \/>\n<meta property=\"og:url\" content=\"https:\/\/denizcankizil.tr\/de\/haberler\/antalya\/turkiyede-tuberkuloz-orani-dususte\/\" \/>\n<meta property=\"og:site_name\" content=\"Av. Deniz Can K\u0131z\u0131l\" \/>\n<meta property=\"article:published_time\" content=\"2025-03-25T10:41:13+00:00\" \/>\n<meta property=\"og:image\" content=\"https:\/\/denizcankizil.tr\/wp-content\/uploads\/2025\/03\/5703-01-8ffluI.jpeg\" \/>\n\t<meta property=\"og:image:width\" content=\"1280\" \/>\n\t<meta property=\"og:image:height\" content=\"720\" \/>\n\t<meta property=\"og:image:type\" content=\"image\/jpeg\" \/>\n<meta name=\"author\" content=\"Av. Deniz Can K\u0131z\u0131l\" \/>\n<meta name=\"twitter:card\" content=\"summary_large_image\" \/>\n<meta name=\"twitter:label1\" content=\"Verfasst von\" \/>\n\t<meta name=\"twitter:data1\" content=\"Av. Deniz Can K\u0131z\u0131l\" \/>\n\t<meta name=\"twitter:label2\" content=\"Gesch\u00e4tzte Lesezeit\" \/>\n\t<meta name=\"twitter:data2\" content=\"3\u00a0Minuten\" \/>\n<script type=\"application\/ld+json\" class=\"yoast-schema-graph\">{\"@context\":\"https:\/\/schema.org\",\"@graph\":[{\"@type\":\"Article\",\"@id\":\"https:\/\/denizcankizil.tr\/de\/haberler\/antalya\/turkiyede-tuberkuloz-orani-dususte\/#article\",\"isPartOf\":{\"@id\":\"https:\/\/denizcankizil.tr\/de\/haberler\/antalya\/turkiyede-tuberkuloz-orani-dususte\/\"},\"author\":{\"name\":\"Av. Deniz Can K\u0131z\u0131l\",\"@id\":\"https:\/\/denizcankizil.tr\/de\/#\/schema\/person\/5dc1b22991bd7ac833867c10afc9b0ff\"},\"headline\":\"T\u00fcrkiye\u2019de t\u00fcberk\u00fcloz oran\u0131 d\u00fc\u015f\u00fc\u015fte\",\"datePublished\":\"2025-03-25T10:41:13+00:00\",\"mainEntityOfPage\":{\"@id\":\"https:\/\/denizcankizil.tr\/de\/haberler\/antalya\/turkiyede-tuberkuloz-orani-dususte\/\"},\"wordCount\":663,\"publisher\":{\"@id\":\"https:\/\/denizcankizil.tr\/de\/#organization\"},\"image\":{\"@id\":\"https:\/\/denizcankizil.tr\/de\/haberler\/antalya\/turkiyede-tuberkuloz-orani-dususte\/#primaryimage\"},\"thumbnailUrl\":\"https:\/\/denizcankizil.tr\/wp-content\/uploads\/2025\/03\/5703-01-8ffluI.jpeg\",\"articleSection\":[\"Antalya\"],\"inLanguage\":\"de\"},{\"@type\":\"WebPage\",\"@id\":\"https:\/\/denizcankizil.tr\/de\/haberler\/antalya\/turkiyede-tuberkuloz-orani-dususte\/\",\"url\":\"https:\/\/denizcankizil.tr\/de\/haberler\/antalya\/turkiyede-tuberkuloz-orani-dususte\/\",\"name\":\"T\u00fcrkiye\u2019de t\u00fcberk\u00fcloz oran\u0131 d\u00fc\u015f\u00fc\u015fte - Av. Deniz Can K\u0131z\u0131l\",\"isPartOf\":{\"@id\":\"https:\/\/denizcankizil.tr\/de\/#website\"},\"primaryImageOfPage\":{\"@id\":\"https:\/\/denizcankizil.tr\/de\/haberler\/antalya\/turkiyede-tuberkuloz-orani-dususte\/#primaryimage\"},\"image\":{\"@id\":\"https:\/\/denizcankizil.tr\/de\/haberler\/antalya\/turkiyede-tuberkuloz-orani-dususte\/#primaryimage\"},\"thumbnailUrl\":\"https:\/\/denizcankizil.tr\/wp-content\/uploads\/2025\/03\/5703-01-8ffluI.jpeg\",\"datePublished\":\"2025-03-25T10:41:13+00:00\",\"breadcrumb\":{\"@id\":\"https:\/\/denizcankizil.tr\/de\/haberler\/antalya\/turkiyede-tuberkuloz-orani-dususte\/#breadcrumb\"},\"inLanguage\":\"de\",\"potentialAction\":[{\"@type\":\"ReadAction\",\"target\":[\"https:\/\/denizcankizil.tr\/de\/haberler\/antalya\/turkiyede-tuberkuloz-orani-dususte\/\"]}]},{\"@type\":\"ImageObject\",\"inLanguage\":\"de\",\"@id\":\"https:\/\/denizcankizil.tr\/de\/haberler\/antalya\/turkiyede-tuberkuloz-orani-dususte\/#primaryimage\",\"url\":\"https:\/\/denizcankizil.tr\/wp-content\/uploads\/2025\/03\/5703-01-8ffluI.jpeg\",\"contentUrl\":\"https:\/\/denizcankizil.tr\/wp-content\/uploads\/2025\/03\/5703-01-8ffluI.jpeg\",\"width\":1280,\"height\":720},{\"@type\":\"BreadcrumbList\",\"@id\":\"https:\/\/denizcankizil.tr\/de\/haberler\/antalya\/turkiyede-tuberkuloz-orani-dususte\/#breadcrumb\",\"itemListElement\":[{\"@type\":\"ListItem\",\"position\":1,\"name\":\"Home\",\"item\":\"https:\/\/denizcankizil.tr\/de\/\"},{\"@type\":\"ListItem\",\"position\":2,\"name\":\"T\u00fcrkiye\u2019de t\u00fcberk\u00fcloz oran\u0131 d\u00fc\u015f\u00fc\u015fte\"}]},{\"@type\":\"WebSite\",\"@id\":\"https:\/\/denizcankizil.tr\/de\/#website\",\"url\":\"https:\/\/denizcankizil.tr\/de\/\",\"name\":\"Av. Deniz Can K\u0131z\u0131l\",\"description\":\"Avukat Deniz Can K\u0131z\u0131l Antalya Barosu\",\"publisher\":{\"@id\":\"https:\/\/denizcankizil.tr\/de\/#organization\"},\"potentialAction\":[{\"@type\":\"SearchAction\",\"target\":{\"@type\":\"EntryPoint\",\"urlTemplate\":\"https:\/\/denizcankizil.tr\/de\/?s={search_term_string}\"},\"query-input\":{\"@type\":\"PropertyValueSpecification\",\"valueRequired\":true,\"valueName\":\"search_term_string\"}}],\"inLanguage\":\"de\"},{\"@type\":\"Organization\",\"@id\":\"https:\/\/denizcankizil.tr\/de\/#organization\",\"name\":\"Av. Deniz Can K\u0131z\u0131l\",\"url\":\"https:\/\/denizcankizil.tr\/de\/\",\"logo\":{\"@type\":\"ImageObject\",\"inLanguage\":\"de\",\"@id\":\"https:\/\/denizcankizil.tr\/de\/#\/schema\/logo\/image\/\",\"url\":\"https:\/\/denizcankizil.tr\/wp-content\/uploads\/2024\/10\/siyah-logo-svg.svg\",\"contentUrl\":\"https:\/\/denizcankizil.tr\/wp-content\/uploads\/2024\/10\/siyah-logo-svg.svg\",\"width\":1080,\"height\":1080,\"caption\":\"Av. Deniz Can K\u0131z\u0131l\"},\"image\":{\"@id\":\"https:\/\/denizcankizil.tr\/de\/#\/schema\/logo\/image\/\"}},{\"@type\":\"Person\",\"@id\":\"https:\/\/denizcankizil.tr\/de\/#\/schema\/person\/5dc1b22991bd7ac833867c10afc9b0ff\",\"name\":\"Av. Deniz Can K\u0131z\u0131l\",\"image\":{\"@type\":\"ImageObject\",\"inLanguage\":\"de\",\"@id\":\"https:\/\/denizcankizil.tr\/de\/#\/schema\/person\/image\/\",\"url\":\"https:\/\/secure.gravatar.com\/avatar\/a0b128fb9855c79efc976d5640eedb31dc35ec297594d6016d2cf7c60e975bb6?s=96&d=mm&r=g\",\"contentUrl\":\"https:\/\/secure.gravatar.com\/avatar\/a0b128fb9855c79efc976d5640eedb31dc35ec297594d6016d2cf7c60e975bb6?s=96&d=mm&r=g\",\"caption\":\"Av. Deniz Can K\u0131z\u0131l\"},\"sameAs\":[\"http:\/\/www.denizcankizil.tr\"],\"url\":\"https:\/\/denizcankizil.tr\/de\/author\/denizcankizil\/\"}]}<\/script>\n<!-- \/ Yoast SEO Premium plugin. -->","yoast_head_json":{"title":"T\u00fcrkiye\u2019de t\u00fcberk\u00fcloz oran\u0131 d\u00fc\u015f\u00fc\u015fte - Av. Deniz Can K\u0131z\u0131l","robots":{"index":"index","follow":"follow","max-snippet":"max-snippet:-1","max-image-preview":"max-image-preview:large","max-video-preview":"max-video-preview:-1"},"canonical":"https:\/\/denizcankizil.tr\/de\/haberler\/antalya\/turkiyede-tuberkuloz-orani-dususte\/","og_locale":"de_DE","og_type":"article","og_title":"T\u00fcrkiye\u2019de t\u00fcberk\u00fcloz oran\u0131 d\u00fc\u015f\u00fc\u015fte","og_description":"Akdeniz \u00dcniversitesi T\u0131p Fak\u00fcltesi G\u00f6\u011f\u00fcs Hastal\u0131klar\u0131 Ana Bilim Dal\u0131 \u00d6\u011fretim \u00dcyesi Do\u00e7. Dr. Nurg\u00fcl Bozkurt, 24 Mart D\u00fcnya T\u00fcberk\u00fcloz G\u00fcn\u00fc dolay\u0131s\u0131yla yapt\u0131\u011f\u0131 a\u00e7\u0131klamada, halk aras\u0131nda verem olarak bilinen t\u00fcberk\u00fclozun insanl\u0131k tarihi kadar eski ancak tamamen tedavi edilebilir bir hastal\u0131k oldu\u011funu vurgularken, T\u00fcrkiye\u2019de t\u00fcberk\u00fcloz oran\u0131n\u0131n s\u0131kl\u0131\u011f\u0131n\u0131n azald\u0131\u011f\u0131n\u0131 belirtti. &#8220;T\u00fcberk\u00fcloz tarih boyunca \u00f6nemini korudu&#8221; T\u00fcberk\u00fclozun milattan \u00f6nceki d\u00f6nemlerden itibaren bilinen bir hastal\u0131k oldu\u011funu belirten Bozkurt, &#8220;18. y\u00fczy\u0131l\u0131n sonlar\u0131na kadar hastal\u0131\u011f\u0131n nedeni bilinmiyordu. Ancak bu d\u00f6nemde basil tespit edilerek t\u00fcberk\u00fclozun bir enfeksiyon hastal\u0131\u011f\u0131 oldu\u011fu anla\u015f\u0131ld\u0131. Tarih boyunca kan t\u00fck\u00fcrme gibi dramatik semptomlar\u0131 nedeniyle pek \u00e7ok filme ve esere konu olmu\u015ftur. Hastal\u0131\u011f\u0131n en yayg\u0131n belirtileri, \u00f6ks\u00fcr\u00fck, balgam, ate\u015f, gece terlemesi ve \u00f6zellikle \u00f6\u011fleden sonra y\u00fckselen ate\u015f. Bu belirtiler hastalar taraf\u0131ndan genellikle \u00fc\u015f\u00fctme ya da basit bir enfeksiyon gibi alg\u0131lan\u0131yor. Ancak erken te\u015fhis edilmezse t\u00fcberk\u00fcloz akci\u011ferde kal\u0131c\u0131 hasara neden olabilir&#8221; dedi. T\u00fcrkiye\u2019de t\u00fcberk\u00fcloz oran\u0131 Do\u00e7. Dr. Bozkurt, d\u00fcnya genelinde t\u00fcberk\u00fclozun hala yayg\u0131n oldu\u011funu belirterek, &#8220;T\u00fcm D\u00fcnyada oldu\u011fu gibi \u00fclkemizde de hala g\u00fcncelli\u011fini koruyor. 1970\u2019li y\u0131llarda sa\u011fl\u0131k \u00e7al\u0131\u015fanlar\u0131n\u0131n \u00f6zverili \u00e7al\u0131\u015fmalar\u0131ndan sonra biraz daha s\u0131kl\u0131\u011f\u0131 azalm\u0131\u015ft\u0131r. 100 bine 14 kadar bir s\u0131kl\u0131\u011f\u0131 var. D\u00fcnyada da G\u00fcney Afrika gibi geri kalm\u0131\u015f \u00fclkelerde s\u0131kl\u0131k biraz daha fazla. Ama geli\u015fmi\u015f \u00fclkelerde \u00e7ok fazla s\u0131kl\u0131\u011f\u0131 g\u00f6r\u00fclm\u00fcyor. Bizim de \u00fclkemiz buna paralel &hellip;","og_url":"https:\/\/denizcankizil.tr\/de\/haberler\/antalya\/turkiyede-tuberkuloz-orani-dususte\/","og_site_name":"Av. Deniz Can K\u0131z\u0131l","article_published_time":"2025-03-25T10:41:13+00:00","og_image":[{"width":1280,"height":720,"url":"https:\/\/denizcankizil.tr\/wp-content\/uploads\/2025\/03\/5703-01-8ffluI.jpeg","type":"image\/jpeg"}],"author":"Av. Deniz Can K\u0131z\u0131l","twitter_card":"summary_large_image","twitter_misc":{"Verfasst von":"Av. Deniz Can K\u0131z\u0131l","Gesch\u00e4tzte Lesezeit":"3\u00a0Minuten"},"schema":{"@context":"https:\/\/schema.org","@graph":[{"@type":"Article","@id":"https:\/\/denizcankizil.tr\/de\/haberler\/antalya\/turkiyede-tuberkuloz-orani-dususte\/#article","isPartOf":{"@id":"https:\/\/denizcankizil.tr\/de\/haberler\/antalya\/turkiyede-tuberkuloz-orani-dususte\/"},"author":{"name":"Av. Deniz Can K\u0131z\u0131l","@id":"https:\/\/denizcankizil.tr\/de\/#\/schema\/person\/5dc1b22991bd7ac833867c10afc9b0ff"},"headline":"T\u00fcrkiye\u2019de t\u00fcberk\u00fcloz oran\u0131 d\u00fc\u015f\u00fc\u015fte","datePublished":"2025-03-25T10:41:13+00:00","mainEntityOfPage":{"@id":"https:\/\/denizcankizil.tr\/de\/haberler\/antalya\/turkiyede-tuberkuloz-orani-dususte\/"},"wordCount":663,"publisher":{"@id":"https:\/\/denizcankizil.tr\/de\/#organization"},"image":{"@id":"https:\/\/denizcankizil.tr\/de\/haberler\/antalya\/turkiyede-tuberkuloz-orani-dususte\/#primaryimage"},"thumbnailUrl":"https:\/\/denizcankizil.tr\/wp-content\/uploads\/2025\/03\/5703-01-8ffluI.jpeg","articleSection":["Antalya"],"inLanguage":"de"},{"@type":"WebPage","@id":"https:\/\/denizcankizil.tr\/de\/haberler\/antalya\/turkiyede-tuberkuloz-orani-dususte\/","url":"https:\/\/denizcankizil.tr\/de\/haberler\/antalya\/turkiyede-tuberkuloz-orani-dususte\/","name":"T\u00fcrkiye\u2019de t\u00fcberk\u00fcloz oran\u0131 d\u00fc\u015f\u00fc\u015fte - Av. Deniz Can K\u0131z\u0131l","isPartOf":{"@id":"https:\/\/denizcankizil.tr\/de\/#website"},"primaryImageOfPage":{"@id":"https:\/\/denizcankizil.tr\/de\/haberler\/antalya\/turkiyede-tuberkuloz-orani-dususte\/#primaryimage"},"image":{"@id":"https:\/\/denizcankizil.tr\/de\/haberler\/antalya\/turkiyede-tuberkuloz-orani-dususte\/#primaryimage"},"thumbnailUrl":"https:\/\/denizcankizil.tr\/wp-content\/uploads\/2025\/03\/5703-01-8ffluI.jpeg","datePublished":"2025-03-25T10:41:13+00:00","breadcrumb":{"@id":"https:\/\/denizcankizil.tr\/de\/haberler\/antalya\/turkiyede-tuberkuloz-orani-dususte\/#breadcrumb"},"inLanguage":"de","potentialAction":[{"@type":"ReadAction","target":["https:\/\/denizcankizil.tr\/de\/haberler\/antalya\/turkiyede-tuberkuloz-orani-dususte\/"]}]},{"@type":"ImageObject","inLanguage":"de","@id":"https:\/\/denizcankizil.tr\/de\/haberler\/antalya\/turkiyede-tuberkuloz-orani-dususte\/#primaryimage","url":"https:\/\/denizcankizil.tr\/wp-content\/uploads\/2025\/03\/5703-01-8ffluI.jpeg","contentUrl":"https:\/\/denizcankizil.tr\/wp-content\/uploads\/2025\/03\/5703-01-8ffluI.jpeg","width":1280,"height":720},{"@type":"BreadcrumbList","@id":"https:\/\/denizcankizil.tr\/de\/haberler\/antalya\/turkiyede-tuberkuloz-orani-dususte\/#breadcrumb","itemListElement":[{"@type":"ListItem","position":1,"name":"Home","item":"https:\/\/denizcankizil.tr\/de\/"},{"@type":"ListItem","position":2,"name":"T\u00fcrkiye\u2019de t\u00fcberk\u00fcloz oran\u0131 d\u00fc\u015f\u00fc\u015fte"}]},{"@type":"WebSite","@id":"https:\/\/denizcankizil.tr\/de\/#website","url":"https:\/\/denizcankizil.tr\/de\/","name":"Av. Deniz Can K\u0131z\u0131l","description":"Avukat Deniz Can K\u0131z\u0131l Antalya Barosu","publisher":{"@id":"https:\/\/denizcankizil.tr\/de\/#organization"},"potentialAction":[{"@type":"SearchAction","target":{"@type":"EntryPoint","urlTemplate":"https:\/\/denizcankizil.tr\/de\/?s={search_term_string}"},"query-input":{"@type":"PropertyValueSpecification","valueRequired":true,"valueName":"search_term_string"}}],"inLanguage":"de"},{"@type":"Organization","@id":"https:\/\/denizcankizil.tr\/de\/#organization","name":"Av. Deniz Can K\u0131z\u0131l","url":"https:\/\/denizcankizil.tr\/de\/","logo":{"@type":"ImageObject","inLanguage":"de","@id":"https:\/\/denizcankizil.tr\/de\/#\/schema\/logo\/image\/","url":"https:\/\/denizcankizil.tr\/wp-content\/uploads\/2024\/10\/siyah-logo-svg.svg","contentUrl":"https:\/\/denizcankizil.tr\/wp-content\/uploads\/2024\/10\/siyah-logo-svg.svg","width":1080,"height":1080,"caption":"Av. Deniz Can K\u0131z\u0131l"},"image":{"@id":"https:\/\/denizcankizil.tr\/de\/#\/schema\/logo\/image\/"}},{"@type":"Person","@id":"https:\/\/denizcankizil.tr\/de\/#\/schema\/person\/5dc1b22991bd7ac833867c10afc9b0ff","name":"Av. Deniz Can K\u0131z\u0131l","image":{"@type":"ImageObject","inLanguage":"de","@id":"https:\/\/denizcankizil.tr\/de\/#\/schema\/person\/image\/","url":"https:\/\/secure.gravatar.com\/avatar\/a0b128fb9855c79efc976d5640eedb31dc35ec297594d6016d2cf7c60e975bb6?s=96&d=mm&r=g","contentUrl":"https:\/\/secure.gravatar.com\/avatar\/a0b128fb9855c79efc976d5640eedb31dc35ec297594d6016d2cf7c60e975bb6?s=96&d=mm&r=g","caption":"Av. Deniz Can K\u0131z\u0131l"},"sameAs":["http:\/\/www.denizcankizil.tr"],"url":"https:\/\/denizcankizil.tr\/de\/author\/denizcankizil\/"}]}},"_links":{"self":[{"href":"https:\/\/denizcankizil.tr\/de\/wp-json\/wp\/v2\/posts\/36938","targetHints":{"allow":["GET"]}}],"collection":[{"href":"https:\/\/denizcankizil.tr\/de\/wp-json\/wp\/v2\/posts"}],"about":[{"href":"https:\/\/denizcankizil.tr\/de\/wp-json\/wp\/v2\/types\/post"}],"author":[{"embeddable":true,"href":"https:\/\/denizcankizil.tr\/de\/wp-json\/wp\/v2\/users\/4"}],"replies":[{"embeddable":true,"href":"https:\/\/denizcankizil.tr\/de\/wp-json\/wp\/v2\/comments?post=36938"}],"version-history":[{"count":0,"href":"https:\/\/denizcankizil.tr\/de\/wp-json\/wp\/v2\/posts\/36938\/revisions"}],"wp:featuredmedia":[{"embeddable":true,"href":"https:\/\/denizcankizil.tr\/de\/wp-json\/wp\/v2\/media\/36939"}],"wp:attachment":[{"href":"https:\/\/denizcankizil.tr\/de\/wp-json\/wp\/v2\/media?parent=36938"}],"wp:term":[{"taxonomy":"category","embeddable":true,"href":"https:\/\/denizcankizil.tr\/de\/wp-json\/wp\/v2\/categories?post=36938"},{"taxonomy":"post_tag","embeddable":true,"href":"https:\/\/denizcankizil.tr\/de\/wp-json\/wp\/v2\/tags?post=36938"}],"curies":[{"name":"wp","href":"https:\/\/api.w.org\/{rel}","templated":true}]}}