{"id":36918,"date":"2025-03-25T12:41:53","date_gmt":"2025-03-25T09:41:53","guid":{"rendered":"https:\/\/denizcankizil.tr\/uncategorized-tr\/mhp-lideri-devlet-bahceliden-flas-gelisme\/"},"modified":"2025-03-25T12:41:53","modified_gmt":"2025-03-25T09:41:53","slug":"mhp-lideri-devlet-bahceliden-flas-gelisme","status":"publish","type":"post","link":"https:\/\/denizcankizil.tr\/de\/haberler\/gundem\/mhp-lideri-devlet-bahceliden-flas-gelisme\/","title":{"rendered":"MHP Lideri Devlet Bah\u00e7eli\u2019den fla\u015f geli\u015fme"},"content":{"rendered":"<p>Ge\u00e7ti\u011fimiz aylarda (5 \u015eubat 2025) ge\u00e7irdi\u011fi rahats\u0131zl\u0131ktan \u00f6t\u00fcr\u00fc hastaneye kald\u0131r\u0131lan ve o g\u00fcnden beri kamuoyunun kar\u015f\u0131s\u0131na \u00e7\u0131kmayan Milliyet\u00e7i Hareket Partisi Genel Ba\u015fkan\u0131 Devlet Bah\u00e7eli i\u00e7in gazeteci Can Atakl\u0131 ciddi iddialarda bulundu. Atakl\u0131, Bah\u00e7eli\u2019nin sa\u011fl\u0131k sorunlar\u0131 nedeniyle bitkisel hayata girdi ve ent\u00fcbe edildi\u011fini s\u00f6yledi.\u00a0<\/p>\n<p>\u201cBAH\u00c7EL\u0130 ENT\u00dcBE ED\u0130LD\u0130\u201d<\/p>\n<p>Sosyal medya hesab\u0131 \u00fczerinden a\u00e7\u0131klamalarda bulunan Atakl\u0131, MHP kaynaklar\u0131ndan edindi\u011fi bilgiler \u015f\u00f6yle payla\u015ft\u0131: 5 \u015eubat&#8217;tan bu yana hi\u00e7 ortaya \u00e7\u0131kmayan Bah\u00e7eli kalp ameliyat\u0131ndan sonra taburcu edildi ama bu kez y\u00fcr\u00fcmek i\u00e7in yata\u011f\u0131ndan kalkarken yere d\u00fc\u015ft\u00fc ve kal\u00e7a kemi\u011fi k\u0131r\u0131ld\u0131. Bah\u00e7eli yo\u011fun bak\u0131ma al\u0131nd\u0131 ama ameliyat\u0131n etkileri ve di\u011fer sa\u011fl\u0131k sorunlar\u0131 nedeniyle bitkisel hayata girdi ve ent\u00fcbe edildi.\u201d<\/p>\n<p>SARAYDA TED\u0130RG\u0130NL\u0130K YARATTI\u00a0<\/p>\n<p>\u0130stanbul B\u00fcy\u00fck\u015fehir Belediye (\u0130BB) Ba\u015fkan\u0131 Ekrem \u0130mamo\u011flu\u2019nun tutuklanmas\u0131 sonras\u0131 ba\u015flayan g\u00f6sterilerin AK Parti iktidar\u0131nda pani\u011fe yol a\u00e7t\u0131\u011f\u0131n\u0131 ifade eden Atakl\u0131, &#8220;CHP&#8217;yi bile \u015fa\u015f\u0131rtan b\u00fcy\u00fck halk deste\u011fi sarayda ciddi bir pani\u011fe yol a\u00e7t\u0131. T\u00fcrkiye&#8217;nin her yerinde milyonlarca ki\u015finin kat\u0131ld\u0131\u011f\u0131 eylemler iktidar\u0131n kimyas\u0131n\u0131 bozarken yo\u011fun bir kirletme kampanyas\u0131 a\u00e7\u0131ld\u0131.\u0130stanbul Valisi t\u0131pk\u0131 Gezi&#8217;deki gibi cami \u00fczerinden CHP&#8217;yi zora sokmaya \u00e7al\u0131\u015f\u0131rken, iktidar s\u00f6zc\u00fcleri de \u00fc\u00e7 be\u015f kendini bilmezin kimse taraf\u0131ndan duyulmayan k\u00fcf\u00fcrlerini dile dolayarak CHP&#8217;yi su\u00e7lamaya \u00e7al\u0131\u015f\u0131yor\u201d diye konu\u015ftu.\u00a0<\/p>\n<p>\u201c\u0130KT\u0130DAR YO\u011eUN TEPK\u0130 \u0130LE BA\u015e ETMEKTE ZORLANINCA\u201d<\/p>\n<p>\u0130ktidar\u0131n protestolarla ba\u015f etmek i\u00e7in dinci tarikatlardan yard\u0131m alaca\u011f\u0131n\u0131 iddia eden Atakl\u0131, \u201c\u0130ktidar yo\u011fun tepki ile ba\u015f etmekte zorlan\u0131nca ba\u015fta \u0130BDA-C olmak \u00fczere dinci tarikat\u00e7\u0131 evreleri sahaya s\u00fcrmeye ve adeta \u00e7at\u0131\u015fma zemini haz\u0131rlamaya \u00e7abal\u0131yor. \u00a0\u0130BB Meclisi hapisteki Ekrem \u0130mamo\u011flu&#8217;nun yerine bir vekil se\u00e7mek \u00fczere yar\u0131n toplanacak. Vekil ba\u015fkan ismi \u00fczerinde bir anla\u015fma oldu mu, en yak\u0131n aday kim\u201d ifadelerini kulland\u0131.\u00a0<\/p>\n<p>BAH\u00c7EL\u0130 ENT\u00dcBE ED\u0130LD\u0130<\/p>\n<p>Halk\u0131n b\u00fcy\u00fck tepkisi iktidar\u0131 delirtiyor!<\/p>\n<p>MHP&#8217;li kaynaklardan edindi\u011fim bilgiler \u015f\u00f6yle;<\/p>\n<p>5 \u015eubat&#8217;tan bu yana hi\u00e7 ortaya \u00e7\u0131kmayan Bah\u00e7eli kalp ameliyat\u0131ndan sonra taburcu edildi ama bu kez y\u00fcr\u00fcmek i\u00e7in yata\u011f\u0131ndan kalkarken yere d\u00fc\u015ft\u00fc ve kal\u00e7a kemi\u011fi\u2026<br \/>\n\u2014 Can Atakl\u0131 (@can_atakli_) March 25, 2025<\/p>\n<p>\u00a0<\/p>\n<p>\u200bGazeteci Can Atakl\u0131, ge\u00e7ti\u011fimiz aylarda ge\u00e7irdi\u011fi kalp rahats\u0131zl\u0131\u011f\u0131ndan dolay\u0131 hastaneye kald\u0131r\u0131lan ve uzun zamand\u0131r kamuoyuna \u00e7\u0131kmayan MHP Genel Ba\u015fkan\u0131 Devlet Bah\u00e7eli\u2019nin bitkisel hayata oldu\u011funu ve ent\u00fcbe edildi\u011fini iddia etti.\u00a0<\/p>\n<p>\u200bHaberin Al\u0131nt\u0131land\u0131\u011f\u0131 Kaynak: www.antalyakorfez.com<\/p>","protected":false},"excerpt":{"rendered":"<p>Ge\u00e7ti\u011fimiz aylarda (5 \u015eubat 2025) ge\u00e7irdi\u011fi rahats\u0131zl\u0131ktan \u00f6t\u00fcr\u00fc hastaneye kald\u0131r\u0131lan ve o g\u00fcnden beri kamuoyunun kar\u015f\u0131s\u0131na \u00e7\u0131kmayan Milliyet\u00e7i Hareket Partisi Genel Ba\u015fkan\u0131 Devlet Bah\u00e7eli i\u00e7in gazeteci Can Atakl\u0131 ciddi iddialarda bulundu. Atakl\u0131, Bah\u00e7eli\u2019nin sa\u011fl\u0131k sorunlar\u0131 nedeniyle bitkisel hayata girdi ve ent\u00fcbe edildi\u011fini s\u00f6yledi.\u00a0 \u201cBAH\u00c7EL\u0130 ENT\u00dcBE ED\u0130LD\u0130\u201d Sosyal medya hesab\u0131 \u00fczerinden a\u00e7\u0131klamalarda bulunan Atakl\u0131, MHP kaynaklar\u0131ndan edindi\u011fi bilgiler \u015f\u00f6yle payla\u015ft\u0131: 5 \u015eubat&#8217;tan bu yana hi\u00e7 ortaya \u00e7\u0131kmayan Bah\u00e7eli kalp ameliyat\u0131ndan sonra taburcu edildi ama bu kez y\u00fcr\u00fcmek i\u00e7in yata\u011f\u0131ndan kalkarken yere d\u00fc\u015ft\u00fc ve kal\u00e7a kemi\u011fi k\u0131r\u0131ld\u0131. Bah\u00e7eli yo\u011fun bak\u0131ma al\u0131nd\u0131 ama ameliyat\u0131n etkileri ve di\u011fer sa\u011fl\u0131k sorunlar\u0131 nedeniyle bitkisel hayata girdi ve ent\u00fcbe edildi.\u201d SARAYDA TED\u0130RG\u0130NL\u0130K YARATTI\u00a0 \u0130stanbul B\u00fcy\u00fck\u015fehir Belediye (\u0130BB) Ba\u015fkan\u0131 Ekrem \u0130mamo\u011flu\u2019nun tutuklanmas\u0131 sonras\u0131 ba\u015flayan g\u00f6sterilerin AK Parti iktidar\u0131nda pani\u011fe yol a\u00e7t\u0131\u011f\u0131n\u0131 ifade eden Atakl\u0131, &#8220;CHP&#8217;yi bile \u015fa\u015f\u0131rtan b\u00fcy\u00fck halk deste\u011fi sarayda ciddi bir pani\u011fe yol a\u00e7t\u0131. T\u00fcrkiye&#8217;nin her yerinde milyonlarca ki\u015finin kat\u0131ld\u0131\u011f\u0131 eylemler iktidar\u0131n kimyas\u0131n\u0131 bozarken yo\u011fun bir kirletme kampanyas\u0131 a\u00e7\u0131ld\u0131.\u0130stanbul Valisi t\u0131pk\u0131 Gezi&#8217;deki gibi cami \u00fczerinden CHP&#8217;yi zora sokmaya \u00e7al\u0131\u015f\u0131rken, iktidar s\u00f6zc\u00fcleri de \u00fc\u00e7 be\u015f kendini bilmezin kimse taraf\u0131ndan duyulmayan k\u00fcf\u00fcrlerini dile dolayarak CHP&#8217;yi su\u00e7lamaya \u00e7al\u0131\u015f\u0131yor\u201d diye konu\u015ftu.\u00a0 \u201c\u0130KT\u0130DAR YO\u011eUN TEPK\u0130 \u0130LE BA\u015e ETMEKTE ZORLANINCA\u201d \u0130ktidar\u0131n protestolarla ba\u015f etmek i\u00e7in dinci tarikatlardan yard\u0131m alaca\u011f\u0131n\u0131 iddia eden Atakl\u0131, &hellip;<\/p>","protected":false},"author":5,"featured_media":0,"comment_status":"","ping_status":"open","sticky":false,"template":"","format":"standard","meta":{"_acf_changed":false,"footnotes":""},"categories":[24],"tags":[],"class_list":["post-36918","post","type-post","status-publish","format-standard","has-post-thumbnail","hentry","category-gundem"],"acf":[],"yoast_head":"<!-- This site is optimized with the Yoast SEO Premium plugin v26.6 (Yoast SEO v27.1.1) - https:\/\/yoast.com\/product\/yoast-seo-premium-wordpress\/ -->\n<title>MHP Lideri Devlet Bah\u00e7eli\u2019den fla\u015f geli\u015fme - Av. Deniz Can K\u0131z\u0131l<\/title>\n<meta name=\"robots\" content=\"index, follow, max-snippet:-1, max-image-preview:large, max-video-preview:-1\" \/>\n<link rel=\"canonical\" href=\"https:\/\/denizcankizil.tr\/de\/haberler\/gundem\/mhp-lideri-devlet-bahceliden-flas-gelisme\/\" \/>\n<meta property=\"og:locale\" content=\"de_DE\" \/>\n<meta property=\"og:type\" content=\"article\" \/>\n<meta property=\"og:title\" content=\"MHP Lideri Devlet Bah\u00e7eli\u2019den fla\u015f geli\u015fme\" \/>\n<meta property=\"og:description\" content=\"Ge\u00e7ti\u011fimiz aylarda (5 \u015eubat 2025) ge\u00e7irdi\u011fi rahats\u0131zl\u0131ktan \u00f6t\u00fcr\u00fc hastaneye kald\u0131r\u0131lan ve o g\u00fcnden beri kamuoyunun kar\u015f\u0131s\u0131na \u00e7\u0131kmayan Milliyet\u00e7i Hareket Partisi Genel Ba\u015fkan\u0131 Devlet Bah\u00e7eli i\u00e7in gazeteci Can Atakl\u0131 ciddi iddialarda bulundu. Atakl\u0131, Bah\u00e7eli\u2019nin sa\u011fl\u0131k sorunlar\u0131 nedeniyle bitkisel hayata girdi ve ent\u00fcbe edildi\u011fini s\u00f6yledi.\u00a0 \u201cBAH\u00c7EL\u0130 ENT\u00dcBE ED\u0130LD\u0130\u201d Sosyal medya hesab\u0131 \u00fczerinden a\u00e7\u0131klamalarda bulunan Atakl\u0131, MHP kaynaklar\u0131ndan edindi\u011fi bilgiler \u015f\u00f6yle payla\u015ft\u0131: 5 \u015eubat&#8217;tan bu yana hi\u00e7 ortaya \u00e7\u0131kmayan Bah\u00e7eli kalp ameliyat\u0131ndan sonra taburcu edildi ama bu kez y\u00fcr\u00fcmek i\u00e7in yata\u011f\u0131ndan kalkarken yere d\u00fc\u015ft\u00fc ve kal\u00e7a kemi\u011fi k\u0131r\u0131ld\u0131. Bah\u00e7eli yo\u011fun bak\u0131ma al\u0131nd\u0131 ama ameliyat\u0131n etkileri ve di\u011fer sa\u011fl\u0131k sorunlar\u0131 nedeniyle bitkisel hayata girdi ve ent\u00fcbe edildi.\u201d SARAYDA TED\u0130RG\u0130NL\u0130K YARATTI\u00a0 \u0130stanbul B\u00fcy\u00fck\u015fehir Belediye (\u0130BB) Ba\u015fkan\u0131 Ekrem \u0130mamo\u011flu\u2019nun tutuklanmas\u0131 sonras\u0131 ba\u015flayan g\u00f6sterilerin AK Parti iktidar\u0131nda pani\u011fe yol a\u00e7t\u0131\u011f\u0131n\u0131 ifade eden Atakl\u0131, &#8220;CHP&#8217;yi bile \u015fa\u015f\u0131rtan b\u00fcy\u00fck halk deste\u011fi sarayda ciddi bir pani\u011fe yol a\u00e7t\u0131. T\u00fcrkiye&#8217;nin her yerinde milyonlarca ki\u015finin kat\u0131ld\u0131\u011f\u0131 eylemler iktidar\u0131n kimyas\u0131n\u0131 bozarken yo\u011fun bir kirletme kampanyas\u0131 a\u00e7\u0131ld\u0131.\u0130stanbul Valisi t\u0131pk\u0131 Gezi&#8217;deki gibi cami \u00fczerinden CHP&#8217;yi zora sokmaya \u00e7al\u0131\u015f\u0131rken, iktidar s\u00f6zc\u00fcleri de \u00fc\u00e7 be\u015f kendini bilmezin kimse taraf\u0131ndan duyulmayan k\u00fcf\u00fcrlerini dile dolayarak CHP&#8217;yi su\u00e7lamaya \u00e7al\u0131\u015f\u0131yor\u201d diye konu\u015ftu.\u00a0 \u201c\u0130KT\u0130DAR YO\u011eUN TEPK\u0130 \u0130LE BA\u015e ETMEKTE ZORLANINCA\u201d \u0130ktidar\u0131n protestolarla ba\u015f etmek i\u00e7in dinci tarikatlardan yard\u0131m alaca\u011f\u0131n\u0131 iddia eden Atakl\u0131, &hellip;\" \/>\n<meta property=\"og:url\" content=\"https:\/\/denizcankizil.tr\/de\/haberler\/gundem\/mhp-lideri-devlet-bahceliden-flas-gelisme\/\" \/>\n<meta property=\"og:site_name\" content=\"Av. Deniz Can K\u0131z\u0131l\" \/>\n<meta property=\"article:published_time\" content=\"2025-03-25T09:41:53+00:00\" \/>\n<meta name=\"author\" content=\"Antalya K\u00f6rfez\" \/>\n<meta name=\"twitter:card\" content=\"summary_large_image\" \/>\n<meta name=\"twitter:label1\" content=\"Verfasst von\" \/>\n\t<meta name=\"twitter:data1\" content=\"Antalya K\u00f6rfez\" \/>\n\t<meta name=\"twitter:label2\" content=\"Gesch\u00e4tzte Lesezeit\" \/>\n\t<meta name=\"twitter:data2\" content=\"2\u00a0Minuten\" \/>\n<script type=\"application\/ld+json\" class=\"yoast-schema-graph\">{\"@context\":\"https:\/\/schema.org\",\"@graph\":[{\"@type\":\"Article\",\"@id\":\"https:\/\/denizcankizil.tr\/de\/haberler\/gundem\/mhp-lideri-devlet-bahceliden-flas-gelisme\/#article\",\"isPartOf\":{\"@id\":\"https:\/\/denizcankizil.tr\/de\/haberler\/gundem\/mhp-lideri-devlet-bahceliden-flas-gelisme\/\"},\"author\":{\"name\":\"Antalya K\u00f6rfez\",\"@id\":\"https:\/\/denizcankizil.tr\/#\/schema\/person\/e1eb71bb4dd684d46563f0af307e1234\"},\"headline\":\"MHP Lideri Devlet Bah\u00e7eli\u2019den fla\u015f geli\u015fme\",\"datePublished\":\"2025-03-25T09:41:53+00:00\",\"mainEntityOfPage\":{\"@id\":\"https:\/\/denizcankizil.tr\/de\/haberler\/gundem\/mhp-lideri-devlet-bahceliden-flas-gelisme\/\"},\"wordCount\":480,\"publisher\":{\"@id\":\"https:\/\/denizcankizil.tr\/#organization\"},\"articleSection\":[\"G\u00fcndem\"],\"inLanguage\":\"de\"},{\"@type\":\"WebPage\",\"@id\":\"https:\/\/denizcankizil.tr\/de\/haberler\/gundem\/mhp-lideri-devlet-bahceliden-flas-gelisme\/\",\"url\":\"https:\/\/denizcankizil.tr\/de\/haberler\/gundem\/mhp-lideri-devlet-bahceliden-flas-gelisme\/\",\"name\":\"MHP Lideri Devlet Bah\u00e7eli\u2019den fla\u015f geli\u015fme - Av. Deniz Can K\u0131z\u0131l\",\"isPartOf\":{\"@id\":\"https:\/\/denizcankizil.tr\/#website\"},\"datePublished\":\"2025-03-25T09:41:53+00:00\",\"breadcrumb\":{\"@id\":\"https:\/\/denizcankizil.tr\/de\/haberler\/gundem\/mhp-lideri-devlet-bahceliden-flas-gelisme\/#breadcrumb\"},\"inLanguage\":\"de\",\"potentialAction\":[{\"@type\":\"ReadAction\",\"target\":[\"https:\/\/denizcankizil.tr\/de\/haberler\/gundem\/mhp-lideri-devlet-bahceliden-flas-gelisme\/\"]}]},{\"@type\":\"BreadcrumbList\",\"@id\":\"https:\/\/denizcankizil.tr\/de\/haberler\/gundem\/mhp-lideri-devlet-bahceliden-flas-gelisme\/#breadcrumb\",\"itemListElement\":[{\"@type\":\"ListItem\",\"position\":1,\"name\":\"Home\",\"item\":\"https:\/\/denizcankizil.tr\/de\/\"},{\"@type\":\"ListItem\",\"position\":2,\"name\":\"MHP Lideri Devlet Bah\u00e7eli\u2019den fla\u015f geli\u015fme\"}]},{\"@type\":\"WebSite\",\"@id\":\"https:\/\/denizcankizil.tr\/#website\",\"url\":\"https:\/\/denizcankizil.tr\/\",\"name\":\"Av. Deniz Can K\u0131z\u0131l\",\"description\":\"Avukat Deniz Can K\u0131z\u0131l Antalya Barosu\",\"publisher\":{\"@id\":\"https:\/\/denizcankizil.tr\/#organization\"},\"potentialAction\":[{\"@type\":\"SearchAction\",\"target\":{\"@type\":\"EntryPoint\",\"urlTemplate\":\"https:\/\/denizcankizil.tr\/?s={search_term_string}\"},\"query-input\":{\"@type\":\"PropertyValueSpecification\",\"valueRequired\":true,\"valueName\":\"search_term_string\"}}],\"inLanguage\":\"de\"},{\"@type\":\"Organization\",\"@id\":\"https:\/\/denizcankizil.tr\/#organization\",\"name\":\"Av. Deniz Can K\u0131z\u0131l\",\"url\":\"https:\/\/denizcankizil.tr\/\",\"logo\":{\"@type\":\"ImageObject\",\"inLanguage\":\"de\",\"@id\":\"https:\/\/denizcankizil.tr\/#\/schema\/logo\/image\/\",\"url\":\"https:\/\/denizcankizil.tr\/wp-content\/uploads\/2024\/10\/siyah-logo-svg.svg\",\"contentUrl\":\"https:\/\/denizcankizil.tr\/wp-content\/uploads\/2024\/10\/siyah-logo-svg.svg\",\"width\":1080,\"height\":1080,\"caption\":\"Av. Deniz Can K\u0131z\u0131l\"},\"image\":{\"@id\":\"https:\/\/denizcankizil.tr\/#\/schema\/logo\/image\/\"}},{\"@type\":\"Person\",\"@id\":\"https:\/\/denizcankizil.tr\/#\/schema\/person\/e1eb71bb4dd684d46563f0af307e1234\",\"name\":\"Antalya K\u00f6rfez\",\"image\":{\"@type\":\"ImageObject\",\"inLanguage\":\"de\",\"@id\":\"https:\/\/denizcankizil.tr\/#\/schema\/person\/image\/\",\"url\":\"https:\/\/secure.gravatar.com\/avatar\/42b01982558a48a0b501fdcab6a408d3717ea5919095ee2e67b0e521799c5905?s=96&d=mm&r=g\",\"contentUrl\":\"https:\/\/secure.gravatar.com\/avatar\/42b01982558a48a0b501fdcab6a408d3717ea5919095ee2e67b0e521799c5905?s=96&d=mm&r=g\",\"caption\":\"Antalya K\u00f6rfez\"},\"sameAs\":[\"http:\/\/www.antalyakorfez.com\"],\"url\":\"https:\/\/www.antalyakorfez.com\/mhp-lideri-devlet-bahceliden-flas-gelisme\"}]}<\/script>\n<!-- \/ Yoast SEO Premium plugin. -->","yoast_head_json":{"title":"MHP Lideri Devlet Bah\u00e7eli\u2019den fla\u015f geli\u015fme - Av. Deniz Can K\u0131z\u0131l","robots":{"index":"index","follow":"follow","max-snippet":"max-snippet:-1","max-image-preview":"max-image-preview:large","max-video-preview":"max-video-preview:-1"},"canonical":"https:\/\/denizcankizil.tr\/de\/haberler\/gundem\/mhp-lideri-devlet-bahceliden-flas-gelisme\/","og_locale":"de_DE","og_type":"article","og_title":"MHP Lideri Devlet Bah\u00e7eli\u2019den fla\u015f geli\u015fme","og_description":"Ge\u00e7ti\u011fimiz aylarda (5 \u015eubat 2025) ge\u00e7irdi\u011fi rahats\u0131zl\u0131ktan \u00f6t\u00fcr\u00fc hastaneye kald\u0131r\u0131lan ve o g\u00fcnden beri kamuoyunun kar\u015f\u0131s\u0131na \u00e7\u0131kmayan Milliyet\u00e7i Hareket Partisi Genel Ba\u015fkan\u0131 Devlet Bah\u00e7eli i\u00e7in gazeteci Can Atakl\u0131 ciddi iddialarda bulundu. Atakl\u0131, Bah\u00e7eli\u2019nin sa\u011fl\u0131k sorunlar\u0131 nedeniyle bitkisel hayata girdi ve ent\u00fcbe edildi\u011fini s\u00f6yledi.\u00a0 \u201cBAH\u00c7EL\u0130 ENT\u00dcBE ED\u0130LD\u0130\u201d Sosyal medya hesab\u0131 \u00fczerinden a\u00e7\u0131klamalarda bulunan Atakl\u0131, MHP kaynaklar\u0131ndan edindi\u011fi bilgiler \u015f\u00f6yle payla\u015ft\u0131: 5 \u015eubat&#8217;tan bu yana hi\u00e7 ortaya \u00e7\u0131kmayan Bah\u00e7eli kalp ameliyat\u0131ndan sonra taburcu edildi ama bu kez y\u00fcr\u00fcmek i\u00e7in yata\u011f\u0131ndan kalkarken yere d\u00fc\u015ft\u00fc ve kal\u00e7a kemi\u011fi k\u0131r\u0131ld\u0131. Bah\u00e7eli yo\u011fun bak\u0131ma al\u0131nd\u0131 ama ameliyat\u0131n etkileri ve di\u011fer sa\u011fl\u0131k sorunlar\u0131 nedeniyle bitkisel hayata girdi ve ent\u00fcbe edildi.\u201d SARAYDA TED\u0130RG\u0130NL\u0130K YARATTI\u00a0 \u0130stanbul B\u00fcy\u00fck\u015fehir Belediye (\u0130BB) Ba\u015fkan\u0131 Ekrem \u0130mamo\u011flu\u2019nun tutuklanmas\u0131 sonras\u0131 ba\u015flayan g\u00f6sterilerin AK Parti iktidar\u0131nda pani\u011fe yol a\u00e7t\u0131\u011f\u0131n\u0131 ifade eden Atakl\u0131, &#8220;CHP&#8217;yi bile \u015fa\u015f\u0131rtan b\u00fcy\u00fck halk deste\u011fi sarayda ciddi bir pani\u011fe yol a\u00e7t\u0131. T\u00fcrkiye&#8217;nin her yerinde milyonlarca ki\u015finin kat\u0131ld\u0131\u011f\u0131 eylemler iktidar\u0131n kimyas\u0131n\u0131 bozarken yo\u011fun bir kirletme kampanyas\u0131 a\u00e7\u0131ld\u0131.\u0130stanbul Valisi t\u0131pk\u0131 Gezi&#8217;deki gibi cami \u00fczerinden CHP&#8217;yi zora sokmaya \u00e7al\u0131\u015f\u0131rken, iktidar s\u00f6zc\u00fcleri de \u00fc\u00e7 be\u015f kendini bilmezin kimse taraf\u0131ndan duyulmayan k\u00fcf\u00fcrlerini dile dolayarak CHP&#8217;yi su\u00e7lamaya \u00e7al\u0131\u015f\u0131yor\u201d diye konu\u015ftu.\u00a0 \u201c\u0130KT\u0130DAR YO\u011eUN TEPK\u0130 \u0130LE BA\u015e ETMEKTE ZORLANINCA\u201d \u0130ktidar\u0131n protestolarla ba\u015f etmek i\u00e7in dinci tarikatlardan yard\u0131m alaca\u011f\u0131n\u0131 iddia eden Atakl\u0131, &hellip;","og_url":"https:\/\/denizcankizil.tr\/de\/haberler\/gundem\/mhp-lideri-devlet-bahceliden-flas-gelisme\/","og_site_name":"Av. Deniz Can K\u0131z\u0131l","article_published_time":"2025-03-25T09:41:53+00:00","author":"Antalya K\u00f6rfez","twitter_card":"summary_large_image","twitter_misc":{"Verfasst von":"Antalya K\u00f6rfez","Gesch\u00e4tzte Lesezeit":"2\u00a0Minuten"},"schema":{"@context":"https:\/\/schema.org","@graph":[{"@type":"Article","@id":"https:\/\/denizcankizil.tr\/de\/haberler\/gundem\/mhp-lideri-devlet-bahceliden-flas-gelisme\/#article","isPartOf":{"@id":"https:\/\/denizcankizil.tr\/de\/haberler\/gundem\/mhp-lideri-devlet-bahceliden-flas-gelisme\/"},"author":{"name":"Antalya K\u00f6rfez","@id":"https:\/\/denizcankizil.tr\/#\/schema\/person\/e1eb71bb4dd684d46563f0af307e1234"},"headline":"MHP Lideri Devlet Bah\u00e7eli\u2019den fla\u015f geli\u015fme","datePublished":"2025-03-25T09:41:53+00:00","mainEntityOfPage":{"@id":"https:\/\/denizcankizil.tr\/de\/haberler\/gundem\/mhp-lideri-devlet-bahceliden-flas-gelisme\/"},"wordCount":480,"publisher":{"@id":"https:\/\/denizcankizil.tr\/#organization"},"articleSection":["G\u00fcndem"],"inLanguage":"de"},{"@type":"WebPage","@id":"https:\/\/denizcankizil.tr\/de\/haberler\/gundem\/mhp-lideri-devlet-bahceliden-flas-gelisme\/","url":"https:\/\/denizcankizil.tr\/de\/haberler\/gundem\/mhp-lideri-devlet-bahceliden-flas-gelisme\/","name":"MHP Lideri Devlet Bah\u00e7eli\u2019den fla\u015f geli\u015fme - Av. Deniz Can K\u0131z\u0131l","isPartOf":{"@id":"https:\/\/denizcankizil.tr\/#website"},"datePublished":"2025-03-25T09:41:53+00:00","breadcrumb":{"@id":"https:\/\/denizcankizil.tr\/de\/haberler\/gundem\/mhp-lideri-devlet-bahceliden-flas-gelisme\/#breadcrumb"},"inLanguage":"de","potentialAction":[{"@type":"ReadAction","target":["https:\/\/denizcankizil.tr\/de\/haberler\/gundem\/mhp-lideri-devlet-bahceliden-flas-gelisme\/"]}]},{"@type":"BreadcrumbList","@id":"https:\/\/denizcankizil.tr\/de\/haberler\/gundem\/mhp-lideri-devlet-bahceliden-flas-gelisme\/#breadcrumb","itemListElement":[{"@type":"ListItem","position":1,"name":"Home","item":"https:\/\/denizcankizil.tr\/de\/"},{"@type":"ListItem","position":2,"name":"MHP Lideri Devlet Bah\u00e7eli\u2019den fla\u015f geli\u015fme"}]},{"@type":"WebSite","@id":"https:\/\/denizcankizil.tr\/#website","url":"https:\/\/denizcankizil.tr\/","name":"Av. Deniz Can K\u0131z\u0131l","description":"Avukat Deniz Can K\u0131z\u0131l Antalya Barosu","publisher":{"@id":"https:\/\/denizcankizil.tr\/#organization"},"potentialAction":[{"@type":"SearchAction","target":{"@type":"EntryPoint","urlTemplate":"https:\/\/denizcankizil.tr\/?s={search_term_string}"},"query-input":{"@type":"PropertyValueSpecification","valueRequired":true,"valueName":"search_term_string"}}],"inLanguage":"de"},{"@type":"Organization","@id":"https:\/\/denizcankizil.tr\/#organization","name":"Av. Deniz Can K\u0131z\u0131l","url":"https:\/\/denizcankizil.tr\/","logo":{"@type":"ImageObject","inLanguage":"de","@id":"https:\/\/denizcankizil.tr\/#\/schema\/logo\/image\/","url":"https:\/\/denizcankizil.tr\/wp-content\/uploads\/2024\/10\/siyah-logo-svg.svg","contentUrl":"https:\/\/denizcankizil.tr\/wp-content\/uploads\/2024\/10\/siyah-logo-svg.svg","width":1080,"height":1080,"caption":"Av. Deniz Can K\u0131z\u0131l"},"image":{"@id":"https:\/\/denizcankizil.tr\/#\/schema\/logo\/image\/"}},{"@type":"Person","@id":"https:\/\/denizcankizil.tr\/#\/schema\/person\/e1eb71bb4dd684d46563f0af307e1234","name":"Antalya K\u00f6rfez","image":{"@type":"ImageObject","inLanguage":"de","@id":"https:\/\/denizcankizil.tr\/#\/schema\/person\/image\/","url":"https:\/\/secure.gravatar.com\/avatar\/42b01982558a48a0b501fdcab6a408d3717ea5919095ee2e67b0e521799c5905?s=96&d=mm&r=g","contentUrl":"https:\/\/secure.gravatar.com\/avatar\/42b01982558a48a0b501fdcab6a408d3717ea5919095ee2e67b0e521799c5905?s=96&d=mm&r=g","caption":"Antalya K\u00f6rfez"},"sameAs":["http:\/\/www.antalyakorfez.com"],"url":"https:\/\/www.antalyakorfez.com\/mhp-lideri-devlet-bahceliden-flas-gelisme"}]}},"_links":{"self":[{"href":"https:\/\/denizcankizil.tr\/de\/wp-json\/wp\/v2\/posts\/36918","targetHints":{"allow":["GET"]}}],"collection":[{"href":"https:\/\/denizcankizil.tr\/de\/wp-json\/wp\/v2\/posts"}],"about":[{"href":"https:\/\/denizcankizil.tr\/de\/wp-json\/wp\/v2\/types\/post"}],"author":[{"embeddable":true,"href":"https:\/\/denizcankizil.tr\/de\/wp-json\/wp\/v2\/users\/5"}],"replies":[{"embeddable":true,"href":"https:\/\/denizcankizil.tr\/de\/wp-json\/wp\/v2\/comments?post=36918"}],"version-history":[{"count":0,"href":"https:\/\/denizcankizil.tr\/de\/wp-json\/wp\/v2\/posts\/36918\/revisions"}],"wp:attachment":[{"href":"https:\/\/denizcankizil.tr\/de\/wp-json\/wp\/v2\/media?parent=36918"}],"wp:term":[{"taxonomy":"category","embeddable":true,"href":"https:\/\/denizcankizil.tr\/de\/wp-json\/wp\/v2\/categories?post=36918"},{"taxonomy":"post_tag","embeddable":true,"href":"https:\/\/denizcankizil.tr\/de\/wp-json\/wp\/v2\/tags?post=36918"}],"curies":[{"name":"wp","href":"https:\/\/api.w.org\/{rel}","templated":true}]}}