{"id":36889,"date":"2025-03-25T10:41:58","date_gmt":"2025-03-25T07:41:58","guid":{"rendered":"https:\/\/denizcankizil.tr\/uncategorized-tr\/isparta-gelendost-belediye-baskani-gozaltinda\/"},"modified":"2025-03-25T10:41:58","modified_gmt":"2025-03-25T07:41:58","slug":"isparta-gelendost-belediye-baskani-gozaltinda","status":"publish","type":"post","link":"https:\/\/denizcankizil.tr\/de\/haberler\/gundem\/isparta-gelendost-belediye-baskani-gozaltinda\/","title":{"rendered":"Isparta Gelendost Belediye Ba\u015fkan\u0131 g\u00f6zalt\u0131nda!"},"content":{"rendered":"<p>Isparta Valili\u011fi&#8217;nden yap\u0131lan yaz\u0131l\u0131 a\u00e7\u0131klamada, Gelendost Belediye Ba\u015fkan\u0131&#8217;n\u0131n da aralar\u0131nda bulundu\u011fu 6 ki\u015fi hakk\u0131nda Yalva\u00e7 Cumhuriyet Ba\u015fsavc\u0131l\u0131\u011f\u0131&#8217;nca y\u00fcr\u00fct\u00fclen soru\u015fturma kapsam\u0131nda g\u00f6zalt\u0131na al\u0131nd\u0131.ISPARTA (\u0130GFA) &#8211; Isparta Valili\u011fi, Gelendost Belediye Ba\u015fkan\u0131 Mustafa \u00d6zmen ile 5 ki\u015finin g\u00f6zalt\u0131na al\u0131nd\u0131\u011f\u0131n\u0131 duyurdu.<br \/>\nValilikten yap\u0131lan a\u00e7\u0131klamada, Yalva\u00e7 Cumhuriyet Ba\u015fsavc\u0131l\u0131\u011f\u0131&#8217;n\u0131n talimat\u0131yla Ba\u015fkan \u00d6zmen ve 5 \u015f\u00fcpheli hakk\u0131nda arama, yakalama ve g\u00f6zalt\u0131 i\u015flemlerinin ger\u00e7ekle\u015ftirildi\u011fi kaydedildi.<br \/>\nHat\u0131rlanaca\u011f\u0131 gibi, 31 Mart 2024 yerel se\u00e7imlerinde \u0130Y\u0130 Parti&#8217;den Gelendost Belediye Ba\u015fkan\u0131 olarak se\u00e7ilen Mustafa \u00d6zmen, 20 Ocak 2025&#8217;te partisinden istifa etmi\u015fti.<\/p>\n<p>\u200bIsparta Valili\u011fi&#8217;nden yap\u0131lan yaz\u0131l\u0131 a\u00e7\u0131klamada, Gelendost Belediye Ba\u015fkan\u0131&#8217;n\u0131n da aralar\u0131nda bulundu\u011fu 6 ki\u015fi hakk\u0131nda Yalva\u00e7 Cumhuriyet Ba\u015fsavc\u0131l\u0131\u011f\u0131&#8217;nca y\u00fcr\u00fct\u00fclen soru\u015fturma kapsam\u0131nda g\u00f6zalt\u0131na al\u0131nd\u0131.ISPARTA (\u0130GFA) &#8211; Isparta Valili\u011fi, Gelendost Belediye Ba\u015fkan\u0131 Mustafa \u00d6zmen ile 5 ki\u015finin g\u00f6zalt\u0131na al\u0131nd\u0131\u011f\u0131n\u0131 duyurdu.<br \/>\nValilikten yap\u0131lan a\u00e7\u0131klamada, Yalva\u00e7 Cumhuriyet Ba\u015fsavc\u0131l\u0131\u011f\u0131&#8217;n\u0131n talimat\u0131yla Ba\u015fkan \u00d6zmen ve 5 \u015f\u00fcpheli hakk\u0131nda arama, yakalama ve g\u00f6zalt\u0131 i\u015flemlerinin ger\u00e7ekle\u015ftirildi\u011fi kaydedildi.<br \/>\nHat\u0131rlanaca\u011f\u0131 gibi, 31 Mart 2024 yerel se\u00e7imlerinde \u0130Y\u0130 Parti&#8217;den Gelendost Belediye Ba\u015fkan\u0131 olarak se\u00e7ilen Mustafa \u00d6zmen, 20 Ocak 2025&#8217;te partisinden istifa etmi\u015fti.\u00a0<\/p>\n<p>\u200bHaberin Al\u0131nt\u0131land\u0131\u011f\u0131 Kaynak: www.iskenderun.org<\/p>","protected":false},"excerpt":{"rendered":"<p>Isparta Valili\u011fi&#8217;nden yap\u0131lan yaz\u0131l\u0131 a\u00e7\u0131klamada, Gelendost Belediye Ba\u015fkan\u0131&#8217;n\u0131n da aralar\u0131nda bulundu\u011fu 6 ki\u015fi hakk\u0131nda Yalva\u00e7 Cumhuriyet Ba\u015fsavc\u0131l\u0131\u011f\u0131&#8217;nca y\u00fcr\u00fct\u00fclen soru\u015fturma kapsam\u0131nda g\u00f6zalt\u0131na al\u0131nd\u0131.ISPARTA (\u0130GFA) &#8211; Isparta Valili\u011fi, Gelendost Belediye Ba\u015fkan\u0131 Mustafa \u00d6zmen ile 5 ki\u015finin g\u00f6zalt\u0131na al\u0131nd\u0131\u011f\u0131n\u0131 duyurdu. Valilikten yap\u0131lan a\u00e7\u0131klamada, Yalva\u00e7 Cumhuriyet Ba\u015fsavc\u0131l\u0131\u011f\u0131&#8217;n\u0131n talimat\u0131yla Ba\u015fkan \u00d6zmen ve 5 \u015f\u00fcpheli hakk\u0131nda arama, yakalama ve g\u00f6zalt\u0131 i\u015flemlerinin ger\u00e7ekle\u015ftirildi\u011fi kaydedildi. Hat\u0131rlanaca\u011f\u0131 gibi, 31 Mart 2024 yerel se\u00e7imlerinde \u0130Y\u0130 Parti&#8217;den Gelendost Belediye Ba\u015fkan\u0131 olarak se\u00e7ilen Mustafa \u00d6zmen, 20 Ocak 2025&#8217;te partisinden istifa etmi\u015fti. \u200bIsparta Valili\u011fi&#8217;nden yap\u0131lan yaz\u0131l\u0131 a\u00e7\u0131klamada, Gelendost Belediye Ba\u015fkan\u0131&#8217;n\u0131n da aralar\u0131nda bulundu\u011fu 6 ki\u015fi hakk\u0131nda Yalva\u00e7 Cumhuriyet Ba\u015fsavc\u0131l\u0131\u011f\u0131&#8217;nca y\u00fcr\u00fct\u00fclen soru\u015fturma kapsam\u0131nda g\u00f6zalt\u0131na al\u0131nd\u0131.ISPARTA (\u0130GFA) &#8211; Isparta Valili\u011fi, Gelendost Belediye Ba\u015fkan\u0131 Mustafa \u00d6zmen ile 5 ki\u015finin g\u00f6zalt\u0131na al\u0131nd\u0131\u011f\u0131n\u0131 duyurdu. Valilikten yap\u0131lan a\u00e7\u0131klamada, Yalva\u00e7 Cumhuriyet Ba\u015fsavc\u0131l\u0131\u011f\u0131&#8217;n\u0131n talimat\u0131yla Ba\u015fkan \u00d6zmen ve 5 \u015f\u00fcpheli hakk\u0131nda arama, yakalama ve g\u00f6zalt\u0131 i\u015flemlerinin ger\u00e7ekle\u015ftirildi\u011fi kaydedildi. Hat\u0131rlanaca\u011f\u0131 gibi, 31 Mart 2024 yerel se\u00e7imlerinde \u0130Y\u0130 Parti&#8217;den Gelendost Belediye Ba\u015fkan\u0131 olarak se\u00e7ilen Mustafa \u00d6zmen, 20 Ocak 2025&#8217;te partisinden istifa etmi\u015fti.\u00a0 \u200bHaberin Al\u0131nt\u0131land\u0131\u011f\u0131 Kaynak: www.iskenderun.org<\/p>","protected":false},"author":1,"featured_media":0,"comment_status":"","ping_status":"open","sticky":false,"template":"","format":"standard","meta":{"_acf_changed":false,"footnotes":""},"categories":[24],"tags":[],"class_list":["post-36889","post","type-post","status-publish","format-standard","has-post-thumbnail","hentry","category-gundem"],"acf":[],"yoast_head":"<!-- This site is optimized with the Yoast SEO Premium plugin v26.6 (Yoast SEO v27.1.1) - https:\/\/yoast.com\/product\/yoast-seo-premium-wordpress\/ -->\n<title>Isparta Gelendost Belediye Ba\u015fkan\u0131 g\u00f6zalt\u0131nda! - Av. Deniz Can K\u0131z\u0131l<\/title>\n<meta name=\"robots\" content=\"index, follow, max-snippet:-1, max-image-preview:large, max-video-preview:-1\" \/>\n<link rel=\"canonical\" href=\"https:\/\/denizcankizil.tr\/de\/haberler\/gundem\/isparta-gelendost-belediye-baskani-gozaltinda\/\" \/>\n<meta property=\"og:locale\" content=\"de_DE\" \/>\n<meta property=\"og:type\" content=\"article\" \/>\n<meta property=\"og:title\" content=\"Isparta Gelendost Belediye Ba\u015fkan\u0131 g\u00f6zalt\u0131nda!\" \/>\n<meta property=\"og:description\" content=\"Isparta Valili\u011fi&#8217;nden yap\u0131lan yaz\u0131l\u0131 a\u00e7\u0131klamada, Gelendost Belediye Ba\u015fkan\u0131&#8217;n\u0131n da aralar\u0131nda bulundu\u011fu 6 ki\u015fi hakk\u0131nda Yalva\u00e7 Cumhuriyet Ba\u015fsavc\u0131l\u0131\u011f\u0131&#8217;nca y\u00fcr\u00fct\u00fclen soru\u015fturma kapsam\u0131nda g\u00f6zalt\u0131na al\u0131nd\u0131.ISPARTA (\u0130GFA) &#8211; Isparta Valili\u011fi, Gelendost Belediye Ba\u015fkan\u0131 Mustafa \u00d6zmen ile 5 ki\u015finin g\u00f6zalt\u0131na al\u0131nd\u0131\u011f\u0131n\u0131 duyurdu. Valilikten yap\u0131lan a\u00e7\u0131klamada, Yalva\u00e7 Cumhuriyet Ba\u015fsavc\u0131l\u0131\u011f\u0131&#8217;n\u0131n talimat\u0131yla Ba\u015fkan \u00d6zmen ve 5 \u015f\u00fcpheli hakk\u0131nda arama, yakalama ve g\u00f6zalt\u0131 i\u015flemlerinin ger\u00e7ekle\u015ftirildi\u011fi kaydedildi. Hat\u0131rlanaca\u011f\u0131 gibi, 31 Mart 2024 yerel se\u00e7imlerinde \u0130Y\u0130 Parti&#8217;den Gelendost Belediye Ba\u015fkan\u0131 olarak se\u00e7ilen Mustafa \u00d6zmen, 20 Ocak 2025&#8217;te partisinden istifa etmi\u015fti. \u200bIsparta Valili\u011fi&#8217;nden yap\u0131lan yaz\u0131l\u0131 a\u00e7\u0131klamada, Gelendost Belediye Ba\u015fkan\u0131&#8217;n\u0131n da aralar\u0131nda bulundu\u011fu 6 ki\u015fi hakk\u0131nda Yalva\u00e7 Cumhuriyet Ba\u015fsavc\u0131l\u0131\u011f\u0131&#8217;nca y\u00fcr\u00fct\u00fclen soru\u015fturma kapsam\u0131nda g\u00f6zalt\u0131na al\u0131nd\u0131.ISPARTA (\u0130GFA) &#8211; Isparta Valili\u011fi, Gelendost Belediye Ba\u015fkan\u0131 Mustafa \u00d6zmen ile 5 ki\u015finin g\u00f6zalt\u0131na al\u0131nd\u0131\u011f\u0131n\u0131 duyurdu. Valilikten yap\u0131lan a\u00e7\u0131klamada, Yalva\u00e7 Cumhuriyet Ba\u015fsavc\u0131l\u0131\u011f\u0131&#8217;n\u0131n talimat\u0131yla Ba\u015fkan \u00d6zmen ve 5 \u015f\u00fcpheli hakk\u0131nda arama, yakalama ve g\u00f6zalt\u0131 i\u015flemlerinin ger\u00e7ekle\u015ftirildi\u011fi kaydedildi. Hat\u0131rlanaca\u011f\u0131 gibi, 31 Mart 2024 yerel se\u00e7imlerinde \u0130Y\u0130 Parti&#8217;den Gelendost Belediye Ba\u015fkan\u0131 olarak se\u00e7ilen Mustafa \u00d6zmen, 20 Ocak 2025&#8217;te partisinden istifa etmi\u015fti.\u00a0 \u200bHaberin Al\u0131nt\u0131land\u0131\u011f\u0131 Kaynak: www.iskenderun.org\" \/>\n<meta property=\"og:url\" content=\"https:\/\/denizcankizil.tr\/de\/haberler\/gundem\/isparta-gelendost-belediye-baskani-gozaltinda\/\" \/>\n<meta property=\"og:site_name\" content=\"Av. Deniz Can K\u0131z\u0131l\" \/>\n<meta property=\"article:published_time\" content=\"2025-03-25T07:41:58+00:00\" \/>\n<meta name=\"author\" content=\"admin\" \/>\n<meta name=\"twitter:card\" content=\"summary_large_image\" \/>\n<meta name=\"twitter:label1\" content=\"Verfasst von\" \/>\n\t<meta name=\"twitter:data1\" content=\"admin\" \/>\n\t<meta name=\"twitter:label2\" content=\"Gesch\u00e4tzte Lesezeit\" \/>\n\t<meta name=\"twitter:data2\" content=\"1\u00a0Minute\" \/>\n<script type=\"application\/ld+json\" class=\"yoast-schema-graph\">{\"@context\":\"https:\/\/schema.org\",\"@graph\":[{\"@type\":\"Article\",\"@id\":\"https:\/\/denizcankizil.tr\/de\/haberler\/gundem\/isparta-gelendost-belediye-baskani-gozaltinda\/#article\",\"isPartOf\":{\"@id\":\"https:\/\/denizcankizil.tr\/de\/haberler\/gundem\/isparta-gelendost-belediye-baskani-gozaltinda\/\"},\"author\":{\"name\":\"admin\",\"@id\":\"https:\/\/denizcankizil.tr\/#\/schema\/person\/be3c05fe6a12686905512445d8185489\"},\"headline\":\"Isparta Gelendost Belediye Ba\u015fkan\u0131 g\u00f6zalt\u0131nda!\",\"datePublished\":\"2025-03-25T07:41:58+00:00\",\"mainEntityOfPage\":{\"@id\":\"https:\/\/denizcankizil.tr\/de\/haberler\/gundem\/isparta-gelendost-belediye-baskani-gozaltinda\/\"},\"wordCount\":264,\"publisher\":{\"@id\":\"https:\/\/denizcankizil.tr\/#organization\"},\"articleSection\":[\"G\u00fcndem\"],\"inLanguage\":\"de\"},{\"@type\":\"WebPage\",\"@id\":\"https:\/\/denizcankizil.tr\/de\/haberler\/gundem\/isparta-gelendost-belediye-baskani-gozaltinda\/\",\"url\":\"https:\/\/denizcankizil.tr\/de\/haberler\/gundem\/isparta-gelendost-belediye-baskani-gozaltinda\/\",\"name\":\"Isparta Gelendost Belediye Ba\u015fkan\u0131 g\u00f6zalt\u0131nda! - Av. Deniz Can K\u0131z\u0131l\",\"isPartOf\":{\"@id\":\"https:\/\/denizcankizil.tr\/#website\"},\"datePublished\":\"2025-03-25T07:41:58+00:00\",\"breadcrumb\":{\"@id\":\"https:\/\/denizcankizil.tr\/de\/haberler\/gundem\/isparta-gelendost-belediye-baskani-gozaltinda\/#breadcrumb\"},\"inLanguage\":\"de\",\"potentialAction\":[{\"@type\":\"ReadAction\",\"target\":[\"https:\/\/denizcankizil.tr\/de\/haberler\/gundem\/isparta-gelendost-belediye-baskani-gozaltinda\/\"]}]},{\"@type\":\"BreadcrumbList\",\"@id\":\"https:\/\/denizcankizil.tr\/de\/haberler\/gundem\/isparta-gelendost-belediye-baskani-gozaltinda\/#breadcrumb\",\"itemListElement\":[{\"@type\":\"ListItem\",\"position\":1,\"name\":\"Home\",\"item\":\"https:\/\/denizcankizil.tr\/de\/\"},{\"@type\":\"ListItem\",\"position\":2,\"name\":\"Isparta Gelendost Belediye Ba\u015fkan\u0131 g\u00f6zalt\u0131nda!\"}]},{\"@type\":\"WebSite\",\"@id\":\"https:\/\/denizcankizil.tr\/#website\",\"url\":\"https:\/\/denizcankizil.tr\/\",\"name\":\"Av. Deniz Can K\u0131z\u0131l\",\"description\":\"Avukat Deniz Can K\u0131z\u0131l Antalya Barosu\",\"publisher\":{\"@id\":\"https:\/\/denizcankizil.tr\/#organization\"},\"potentialAction\":[{\"@type\":\"SearchAction\",\"target\":{\"@type\":\"EntryPoint\",\"urlTemplate\":\"https:\/\/denizcankizil.tr\/?s={search_term_string}\"},\"query-input\":{\"@type\":\"PropertyValueSpecification\",\"valueRequired\":true,\"valueName\":\"search_term_string\"}}],\"inLanguage\":\"de\"},{\"@type\":\"Organization\",\"@id\":\"https:\/\/denizcankizil.tr\/#organization\",\"name\":\"Av. Deniz Can K\u0131z\u0131l\",\"url\":\"https:\/\/denizcankizil.tr\/\",\"logo\":{\"@type\":\"ImageObject\",\"inLanguage\":\"de\",\"@id\":\"https:\/\/denizcankizil.tr\/#\/schema\/logo\/image\/\",\"url\":\"https:\/\/denizcankizil.tr\/wp-content\/uploads\/2024\/10\/siyah-logo-svg.svg\",\"contentUrl\":\"https:\/\/denizcankizil.tr\/wp-content\/uploads\/2024\/10\/siyah-logo-svg.svg\",\"width\":1080,\"height\":1080,\"caption\":\"Av. Deniz Can K\u0131z\u0131l\"},\"image\":{\"@id\":\"https:\/\/denizcankizil.tr\/#\/schema\/logo\/image\/\"}},{\"@type\":\"Person\",\"@id\":\"https:\/\/denizcankizil.tr\/#\/schema\/person\/be3c05fe6a12686905512445d8185489\",\"name\":\"admin\",\"image\":{\"@type\":\"ImageObject\",\"inLanguage\":\"de\",\"@id\":\"https:\/\/denizcankizil.tr\/#\/schema\/person\/image\/\",\"url\":\"https:\/\/secure.gravatar.com\/avatar\/c1fce94c830dc79107e174f890d7210541c4a63e8e5d816341794a2151c9d58c?s=96&d=mm&r=g\",\"contentUrl\":\"https:\/\/secure.gravatar.com\/avatar\/c1fce94c830dc79107e174f890d7210541c4a63e8e5d816341794a2151c9d58c?s=96&d=mm&r=g\",\"caption\":\"admin\"},\"sameAs\":[\"http:\/\/denizcankizil.tr\"],\"url\":\"https:\/\/www.iskenderun.org\/isparta-gelendost-belediye-baskani-gozaltinda\"}]}<\/script>\n<!-- \/ Yoast SEO Premium plugin. -->","yoast_head_json":{"title":"Isparta Gelendost Belediye Ba\u015fkan\u0131 g\u00f6zalt\u0131nda! - Av. Deniz Can K\u0131z\u0131l","robots":{"index":"index","follow":"follow","max-snippet":"max-snippet:-1","max-image-preview":"max-image-preview:large","max-video-preview":"max-video-preview:-1"},"canonical":"https:\/\/denizcankizil.tr\/de\/haberler\/gundem\/isparta-gelendost-belediye-baskani-gozaltinda\/","og_locale":"de_DE","og_type":"article","og_title":"Isparta Gelendost Belediye Ba\u015fkan\u0131 g\u00f6zalt\u0131nda!","og_description":"Isparta Valili\u011fi&#8217;nden yap\u0131lan yaz\u0131l\u0131 a\u00e7\u0131klamada, Gelendost Belediye Ba\u015fkan\u0131&#8217;n\u0131n da aralar\u0131nda bulundu\u011fu 6 ki\u015fi hakk\u0131nda Yalva\u00e7 Cumhuriyet Ba\u015fsavc\u0131l\u0131\u011f\u0131&#8217;nca y\u00fcr\u00fct\u00fclen soru\u015fturma kapsam\u0131nda g\u00f6zalt\u0131na al\u0131nd\u0131.ISPARTA (\u0130GFA) &#8211; Isparta Valili\u011fi, Gelendost Belediye Ba\u015fkan\u0131 Mustafa \u00d6zmen ile 5 ki\u015finin g\u00f6zalt\u0131na al\u0131nd\u0131\u011f\u0131n\u0131 duyurdu. Valilikten yap\u0131lan a\u00e7\u0131klamada, Yalva\u00e7 Cumhuriyet Ba\u015fsavc\u0131l\u0131\u011f\u0131&#8217;n\u0131n talimat\u0131yla Ba\u015fkan \u00d6zmen ve 5 \u015f\u00fcpheli hakk\u0131nda arama, yakalama ve g\u00f6zalt\u0131 i\u015flemlerinin ger\u00e7ekle\u015ftirildi\u011fi kaydedildi. Hat\u0131rlanaca\u011f\u0131 gibi, 31 Mart 2024 yerel se\u00e7imlerinde \u0130Y\u0130 Parti&#8217;den Gelendost Belediye Ba\u015fkan\u0131 olarak se\u00e7ilen Mustafa \u00d6zmen, 20 Ocak 2025&#8217;te partisinden istifa etmi\u015fti. \u200bIsparta Valili\u011fi&#8217;nden yap\u0131lan yaz\u0131l\u0131 a\u00e7\u0131klamada, Gelendost Belediye Ba\u015fkan\u0131&#8217;n\u0131n da aralar\u0131nda bulundu\u011fu 6 ki\u015fi hakk\u0131nda Yalva\u00e7 Cumhuriyet Ba\u015fsavc\u0131l\u0131\u011f\u0131&#8217;nca y\u00fcr\u00fct\u00fclen soru\u015fturma kapsam\u0131nda g\u00f6zalt\u0131na al\u0131nd\u0131.ISPARTA (\u0130GFA) &#8211; Isparta Valili\u011fi, Gelendost Belediye Ba\u015fkan\u0131 Mustafa \u00d6zmen ile 5 ki\u015finin g\u00f6zalt\u0131na al\u0131nd\u0131\u011f\u0131n\u0131 duyurdu. Valilikten yap\u0131lan a\u00e7\u0131klamada, Yalva\u00e7 Cumhuriyet Ba\u015fsavc\u0131l\u0131\u011f\u0131&#8217;n\u0131n talimat\u0131yla Ba\u015fkan \u00d6zmen ve 5 \u015f\u00fcpheli hakk\u0131nda arama, yakalama ve g\u00f6zalt\u0131 i\u015flemlerinin ger\u00e7ekle\u015ftirildi\u011fi kaydedildi. Hat\u0131rlanaca\u011f\u0131 gibi, 31 Mart 2024 yerel se\u00e7imlerinde \u0130Y\u0130 Parti&#8217;den Gelendost Belediye Ba\u015fkan\u0131 olarak se\u00e7ilen Mustafa \u00d6zmen, 20 Ocak 2025&#8217;te partisinden istifa etmi\u015fti.\u00a0 \u200bHaberin Al\u0131nt\u0131land\u0131\u011f\u0131 Kaynak: www.iskenderun.org","og_url":"https:\/\/denizcankizil.tr\/de\/haberler\/gundem\/isparta-gelendost-belediye-baskani-gozaltinda\/","og_site_name":"Av. Deniz Can K\u0131z\u0131l","article_published_time":"2025-03-25T07:41:58+00:00","author":"admin","twitter_card":"summary_large_image","twitter_misc":{"Verfasst von":"admin","Gesch\u00e4tzte Lesezeit":"1\u00a0Minute"},"schema":{"@context":"https:\/\/schema.org","@graph":[{"@type":"Article","@id":"https:\/\/denizcankizil.tr\/de\/haberler\/gundem\/isparta-gelendost-belediye-baskani-gozaltinda\/#article","isPartOf":{"@id":"https:\/\/denizcankizil.tr\/de\/haberler\/gundem\/isparta-gelendost-belediye-baskani-gozaltinda\/"},"author":{"name":"admin","@id":"https:\/\/denizcankizil.tr\/#\/schema\/person\/be3c05fe6a12686905512445d8185489"},"headline":"Isparta Gelendost Belediye Ba\u015fkan\u0131 g\u00f6zalt\u0131nda!","datePublished":"2025-03-25T07:41:58+00:00","mainEntityOfPage":{"@id":"https:\/\/denizcankizil.tr\/de\/haberler\/gundem\/isparta-gelendost-belediye-baskani-gozaltinda\/"},"wordCount":264,"publisher":{"@id":"https:\/\/denizcankizil.tr\/#organization"},"articleSection":["G\u00fcndem"],"inLanguage":"de"},{"@type":"WebPage","@id":"https:\/\/denizcankizil.tr\/de\/haberler\/gundem\/isparta-gelendost-belediye-baskani-gozaltinda\/","url":"https:\/\/denizcankizil.tr\/de\/haberler\/gundem\/isparta-gelendost-belediye-baskani-gozaltinda\/","name":"Isparta Gelendost Belediye Ba\u015fkan\u0131 g\u00f6zalt\u0131nda! - Av. Deniz Can K\u0131z\u0131l","isPartOf":{"@id":"https:\/\/denizcankizil.tr\/#website"},"datePublished":"2025-03-25T07:41:58+00:00","breadcrumb":{"@id":"https:\/\/denizcankizil.tr\/de\/haberler\/gundem\/isparta-gelendost-belediye-baskani-gozaltinda\/#breadcrumb"},"inLanguage":"de","potentialAction":[{"@type":"ReadAction","target":["https:\/\/denizcankizil.tr\/de\/haberler\/gundem\/isparta-gelendost-belediye-baskani-gozaltinda\/"]}]},{"@type":"BreadcrumbList","@id":"https:\/\/denizcankizil.tr\/de\/haberler\/gundem\/isparta-gelendost-belediye-baskani-gozaltinda\/#breadcrumb","itemListElement":[{"@type":"ListItem","position":1,"name":"Home","item":"https:\/\/denizcankizil.tr\/de\/"},{"@type":"ListItem","position":2,"name":"Isparta Gelendost Belediye Ba\u015fkan\u0131 g\u00f6zalt\u0131nda!"}]},{"@type":"WebSite","@id":"https:\/\/denizcankizil.tr\/#website","url":"https:\/\/denizcankizil.tr\/","name":"Av. Deniz Can K\u0131z\u0131l","description":"Avukat Deniz Can K\u0131z\u0131l Antalya Barosu","publisher":{"@id":"https:\/\/denizcankizil.tr\/#organization"},"potentialAction":[{"@type":"SearchAction","target":{"@type":"EntryPoint","urlTemplate":"https:\/\/denizcankizil.tr\/?s={search_term_string}"},"query-input":{"@type":"PropertyValueSpecification","valueRequired":true,"valueName":"search_term_string"}}],"inLanguage":"de"},{"@type":"Organization","@id":"https:\/\/denizcankizil.tr\/#organization","name":"Av. Deniz Can K\u0131z\u0131l","url":"https:\/\/denizcankizil.tr\/","logo":{"@type":"ImageObject","inLanguage":"de","@id":"https:\/\/denizcankizil.tr\/#\/schema\/logo\/image\/","url":"https:\/\/denizcankizil.tr\/wp-content\/uploads\/2024\/10\/siyah-logo-svg.svg","contentUrl":"https:\/\/denizcankizil.tr\/wp-content\/uploads\/2024\/10\/siyah-logo-svg.svg","width":1080,"height":1080,"caption":"Av. Deniz Can K\u0131z\u0131l"},"image":{"@id":"https:\/\/denizcankizil.tr\/#\/schema\/logo\/image\/"}},{"@type":"Person","@id":"https:\/\/denizcankizil.tr\/#\/schema\/person\/be3c05fe6a12686905512445d8185489","name":"Administrator","image":{"@type":"ImageObject","inLanguage":"de","@id":"https:\/\/denizcankizil.tr\/#\/schema\/person\/image\/","url":"https:\/\/secure.gravatar.com\/avatar\/c1fce94c830dc79107e174f890d7210541c4a63e8e5d816341794a2151c9d58c?s=96&d=mm&r=g","contentUrl":"https:\/\/secure.gravatar.com\/avatar\/c1fce94c830dc79107e174f890d7210541c4a63e8e5d816341794a2151c9d58c?s=96&d=mm&r=g","caption":"admin"},"sameAs":["http:\/\/denizcankizil.tr"],"url":"https:\/\/www.iskenderun.org\/isparta-gelendost-belediye-baskani-gozaltinda"}]}},"_links":{"self":[{"href":"https:\/\/denizcankizil.tr\/de\/wp-json\/wp\/v2\/posts\/36889","targetHints":{"allow":["GET"]}}],"collection":[{"href":"https:\/\/denizcankizil.tr\/de\/wp-json\/wp\/v2\/posts"}],"about":[{"href":"https:\/\/denizcankizil.tr\/de\/wp-json\/wp\/v2\/types\/post"}],"author":[{"embeddable":true,"href":"https:\/\/denizcankizil.tr\/de\/wp-json\/wp\/v2\/users\/1"}],"replies":[{"embeddable":true,"href":"https:\/\/denizcankizil.tr\/de\/wp-json\/wp\/v2\/comments?post=36889"}],"version-history":[{"count":0,"href":"https:\/\/denizcankizil.tr\/de\/wp-json\/wp\/v2\/posts\/36889\/revisions"}],"wp:attachment":[{"href":"https:\/\/denizcankizil.tr\/de\/wp-json\/wp\/v2\/media?parent=36889"}],"wp:term":[{"taxonomy":"category","embeddable":true,"href":"https:\/\/denizcankizil.tr\/de\/wp-json\/wp\/v2\/categories?post=36889"},{"taxonomy":"post_tag","embeddable":true,"href":"https:\/\/denizcankizil.tr\/de\/wp-json\/wp\/v2\/tags?post=36889"}],"curies":[{"name":"wp","href":"https:\/\/api.w.org\/{rel}","templated":true}]}}