{"id":36874,"date":"2025-03-25T09:41:15","date_gmt":"2025-03-25T06:41:15","guid":{"rendered":"https:\/\/denizcankizil.tr\/uncategorized-tr\/antalyada-imamoglundan-cok-bocek-on-plana-cikti\/"},"modified":"2025-03-25T09:41:15","modified_gmt":"2025-03-25T06:41:15","slug":"antalyada-imamoglundan-cok-bocek-on-plana-cikti","status":"publish","type":"post","link":"https:\/\/denizcankizil.tr\/de\/haberler\/gundem\/antalyada-imamoglundan-cok-bocek-on-plana-cikti\/","title":{"rendered":"Antalya\u2019da \u0130mamo\u011flu\u2019ndan \u00e7ok B\u00f6cek \u00f6n plana \u00e7\u0131kt\u0131"},"content":{"rendered":"<p>Cumhuriyet Halk Partisi Antalya \u0130l Ba\u015fkanl\u0131\u011f\u0131 tutuklanan \u0130stanbul B\u00fcy\u00fck\u015fehir Belediyesi Eski Ba\u015fkan\u0131 Ekrem \u0130mamo\u011flu i\u00e7in Cumhuriyet Meydan\u0131\u2019nda bir eylem d\u00fczenledi. Eyleme Cumhuriyet Halk Partili belediye ba\u015fkanlar\u0131, il\u00e7e ba\u015fkanlar\u0131, vatanda\u015flar ve B\u00fcy\u00fck\u015fehir Belediye Ba\u015fkan\u0131 Muhittin B\u00f6cek de kat\u0131ld\u0131. Eyleme kat\u0131lan demokratik kitle \u00f6rg\u00fctlerine konu\u015fma hakk\u0131 verilmedi. Konser havas\u0131nda ge\u00e7en eylemde konu\u015fan B\u00fcy\u00fck\u015fehir Belediye Ba\u015fkan\u0131 Muhittin B\u00f6cek, Ekrem \u0130mamo\u011flu&#8217;nun her daim yan\u0131nda olduklar\u0131n\u0131 ve g\u00fczel g\u00fcnlere olan inanc\u0131n\u0131n azalmad\u0131\u011f\u0131n\u0131 ifade etti. B\u00f6cek s\u00f6zlerine, \u201cVicdanlar\u0131 yaralayan tutuklama karar\u0131na sadece Cumhuriyet Halk Partisi de\u011fil, t\u00fcm siyasi partilerden, yurti\u00e7i ve yurtd\u0131\u015f\u0131ndan, sanat\u00e7\u0131lardan, sivil toplum \u00f6rg\u00fctlerinden, k\u0131sacas\u0131 demokrasiye ve hukukun \u00fcst\u00fcnl\u00fc\u011f\u00fcne inanan milyonlardan b\u00fcy\u00fck tepki gelmi\u015ftir\u201d \u015feklinde devam etti.\u00a0<\/p>\n<p>BURASI TUR\u0130ZM KENT\u0130 D\u0130KKATL\u0130 OLALIM!<\/p>\n<p>Antalya B\u00fcy\u00fck\u015fehir Belediye Ba\u015fkan\u0131 Muhittin B\u00f6cek, \u0130mamo\u011flu\u2019nun s\u0131k s\u0131k kulland\u0131\u011f\u0131 ve slogan haline gelen \u2018her \u015fey g\u00fczel olacak\u2019 s\u00f6zlerine at\u0131fta bulunarak, \u201c\u00c7a\u011fda\u015fl\u0131\u011f\u0131n, bar\u0131\u015f\u0131n, \u00f6zg\u00fcrl\u00fc\u011f\u00fcn kenti Antalya\u2019m\u0131zdan Silivri\u2019ye, Say\u0131n Ekrem \u0130mamo\u011flu\u2019na sevgilerimizi g\u00f6nderiyoruz. Antalya her daim senin yan\u0131nda. Antalya\u2019da binlerce Ekrem \u0130mamo\u011flu var. Her \u015fey \u00e7ok g\u00fczel olacak. Her \u015fey\u201d ifadeleri kulland\u0131. \u201cBizler hakk\u0131n yolunda halk i\u00e7in m\u00fccadele ediyoruz\u201d diyen Muhittin B\u00f6cek, \u201cBizler haks\u0131zl\u0131\u011fa kar\u015f\u0131 \u00e7\u0131k\u0131yoruz. Bizler hukukun \u00fcst\u00fcnl\u00fc\u011f\u00fcne inan\u0131yoruz. Bizler adalete g\u00fcveniyoruz. Bug\u00fcn de hak, hukuk, adalet i\u00e7in buraday\u0131z. Sevgili Antalyal\u0131lar, Biz bu hak m\u00fccadelemizde kucaklay\u0131c\u0131 olaca\u011f\u0131z. Birlik ve dayan\u0131\u015fma i\u00e7erisinde olaca\u011f\u0131z. Sevgili gen\u00e7 karde\u015flerim; biliyorum heyecan\u0131n\u0131z y\u00fcksek ancak anayasal hakk\u0131m\u0131z\u0131 kullan\u0131rken dikkatli olmal\u0131y\u0131z. Polis karde\u015flerimizle sizi kar\u015f\u0131 kar\u015f\u0131ya getirecek herhangi bir olumsuzlu\u011fa izin vermeyelim. \u00c7\u00fcnk\u00fc buras\u0131 turizmin ve bar\u0131\u015f\u0131n ba\u015fkenti Antalya\u2019d\u0131r. Bu a\u011f\u0131r sorumlulu\u011fumun bilinciyle, herkesin ba\u015fkan\u0131 olarak, 19 belediye ba\u015fkan\u0131m\u0131zla, kurum ve kurulu\u015flar\u0131m\u0131zla Antalya\u2019m\u0131z\u0131 y\u00f6netmeye devam edece\u011fiz. Kad\u0131nlar\u0131n, \u00e7ocuklar\u0131n g\u00fcven ve huzur i\u00e7erisinde ya\u015fad\u0131\u011f\u0131, Gen\u00e7lerimizin umut ve hayallerini ger\u00e7ekle\u015ftirdi\u011fi, Emeklilerimizin, emek\u00e7ilerimizin insanca ya\u015fad\u0131\u011f\u0131 bir Antalya, bir T\u00fcrkiye i\u00e7in \u00e7al\u0131\u015f\u0131yoruz\u201d diye konu\u015ftu.\u00a0<\/p>\n<p>TKP ATTALOS HEYKEL\u0130 \u00d6N\u00dcNDE A\u00c7IKLAMA YAPTI\u00a0<\/p>\n<p>T\u00fcrkiye Kom\u00fcnist Parti Antalya il ve il\u00e7e \u00f6rg\u00fctleri Cumhuriyet Meydan\u0131\u2019nda d\u00fczenlenen eyleme kat\u0131lmak istedi. TKP\u2019li vatanda\u015flar Cumhuriyet Meydan\u0131\u2019na girmedi ve Attalos Heykeli \u00f6n\u00fcnde bas\u0131n a\u00e7\u0131klamas\u0131 ger\u00e7ekle\u015ftirdi. T\u00fcrkiye Kom\u00fcnist Partisi\u2019nden yap\u0131lan a\u00e7\u0131klamada g\u00f6zalt\u0131na al\u0131nanlar\u0131n derhal serbest b\u0131rak\u0131lmas\u0131 istendi. A\u00e7\u0131klamada, \u201cHalk\u0131m\u0131z\u0131 AKP zorbal\u0131\u011f\u0131 kar\u015f\u0131s\u0131nda \u00f6rg\u00fctl\u00fc olmaya; giderek derinle\u015fen bir y\u00f6netme krizi ya\u015fayan d\u00fczenin kar\u015f\u0131s\u0131na emek\u00e7i halk\u0131n Cumhuriyet\u00e7i, devlet\u00e7i, ayd\u0131nlanmac\u0131, yurtsever se\u00e7ene\u011fini g\u00fc\u00e7lendirmeye \u00e7a\u011f\u0131r\u0131yoruz\u201d denildi. TKP&#8217;nin en ba\u015f\u0131ndan beri AKP kar\u015f\u0131s\u0131nda teredd\u00fcts\u00fcz tutum ald\u0131\u011f\u0131 ifade edilen a\u00e7\u0131klamada partinin iktidar\u0131n siyaset alan\u0131na d\u00f6n\u00fck bu pervas\u0131zca sald\u0131r\u0131lar\u0131n\u0131n kar\u015f\u0131s\u0131nda oldu\u011fu vurguland\u0131. A\u00e7\u0131klamada &#8220;Ekrem \u0130mamo\u011flu\u2019nun temsil etti\u011fi s\u0131n\u0131fsal, siyasi ve ideolojik \u00e7izgiye olan mesafemiz partimizin bu tavr\u0131n\u0131n \u00f6n\u00fcnde bir engel de\u011fildir&#8221; denildi.<\/p>\n<p>\u200b\u0130BB Ba\u015fkan\u0131 Ekrem \u0130mamo\u011flu\u2019nun tutuklanmas\u0131n\u0131n ard\u0131ndan \u00fclke genelinde protesto eylemleri s\u00fcr\u00fcyor. Antalya\u2019da g\u00fcnlerdir kapal\u0131 tutulan Cumhuriyet Meydan\u0131 d\u00fcn ak\u015fam (24 Mart) Antalya\u2019da eylemin ortak adresi oldu. Ba\u015ftan sona B\u00fcy\u00fck\u015fehir Belediye Ba\u015fkan\u0131 Muhittin B\u00f6cek\u2019in banttan ve canl\u0131 konu\u015fmalar\u0131yla ge\u00e7en eylemi TKP protesto etti\u00a0<\/p>\n<p>\u200bHaberin Al\u0131nt\u0131land\u0131\u011f\u0131 Kaynak: www.antalyakorfez.com<\/p>","protected":false},"excerpt":{"rendered":"<p>Cumhuriyet Halk Partisi Antalya \u0130l Ba\u015fkanl\u0131\u011f\u0131 tutuklanan \u0130stanbul B\u00fcy\u00fck\u015fehir Belediyesi Eski Ba\u015fkan\u0131 Ekrem \u0130mamo\u011flu i\u00e7in Cumhuriyet Meydan\u0131\u2019nda bir eylem d\u00fczenledi. Eyleme Cumhuriyet Halk Partili belediye ba\u015fkanlar\u0131, il\u00e7e ba\u015fkanlar\u0131, vatanda\u015flar ve B\u00fcy\u00fck\u015fehir Belediye Ba\u015fkan\u0131 Muhittin B\u00f6cek de kat\u0131ld\u0131. Eyleme kat\u0131lan demokratik kitle \u00f6rg\u00fctlerine konu\u015fma hakk\u0131 verilmedi. Konser havas\u0131nda ge\u00e7en eylemde konu\u015fan B\u00fcy\u00fck\u015fehir Belediye Ba\u015fkan\u0131 Muhittin B\u00f6cek, Ekrem \u0130mamo\u011flu&#8217;nun her daim yan\u0131nda olduklar\u0131n\u0131 ve g\u00fczel g\u00fcnlere olan inanc\u0131n\u0131n azalmad\u0131\u011f\u0131n\u0131 ifade etti. B\u00f6cek s\u00f6zlerine, \u201cVicdanlar\u0131 yaralayan tutuklama karar\u0131na sadece Cumhuriyet Halk Partisi de\u011fil, t\u00fcm siyasi partilerden, yurti\u00e7i ve yurtd\u0131\u015f\u0131ndan, sanat\u00e7\u0131lardan, sivil toplum \u00f6rg\u00fctlerinden, k\u0131sacas\u0131 demokrasiye ve hukukun \u00fcst\u00fcnl\u00fc\u011f\u00fcne inanan milyonlardan b\u00fcy\u00fck tepki gelmi\u015ftir\u201d \u015feklinde devam etti.\u00a0 BURASI TUR\u0130ZM KENT\u0130 D\u0130KKATL\u0130 OLALIM! Antalya B\u00fcy\u00fck\u015fehir Belediye Ba\u015fkan\u0131 Muhittin B\u00f6cek, \u0130mamo\u011flu\u2019nun s\u0131k s\u0131k kulland\u0131\u011f\u0131 ve slogan haline gelen \u2018her \u015fey g\u00fczel olacak\u2019 s\u00f6zlerine at\u0131fta bulunarak, \u201c\u00c7a\u011fda\u015fl\u0131\u011f\u0131n, bar\u0131\u015f\u0131n, \u00f6zg\u00fcrl\u00fc\u011f\u00fcn kenti Antalya\u2019m\u0131zdan Silivri\u2019ye, Say\u0131n Ekrem \u0130mamo\u011flu\u2019na sevgilerimizi g\u00f6nderiyoruz. Antalya her daim senin yan\u0131nda. Antalya\u2019da binlerce Ekrem \u0130mamo\u011flu var. Her \u015fey \u00e7ok g\u00fczel olacak. Her \u015fey\u201d ifadeleri kulland\u0131. \u201cBizler hakk\u0131n yolunda halk i\u00e7in m\u00fccadele ediyoruz\u201d diyen Muhittin B\u00f6cek, \u201cBizler haks\u0131zl\u0131\u011fa kar\u015f\u0131 \u00e7\u0131k\u0131yoruz. Bizler hukukun \u00fcst\u00fcnl\u00fc\u011f\u00fcne inan\u0131yoruz. Bizler adalete g\u00fcveniyoruz. Bug\u00fcn de hak, hukuk, adalet i\u00e7in buraday\u0131z. Sevgili Antalyal\u0131lar, Biz bu hak m\u00fccadelemizde kucaklay\u0131c\u0131 olaca\u011f\u0131z. Birlik ve dayan\u0131\u015fma i\u00e7erisinde olaca\u011f\u0131z. &hellip;<\/p>","protected":false},"author":5,"featured_media":0,"comment_status":"","ping_status":"open","sticky":false,"template":"","format":"standard","meta":{"_acf_changed":false,"footnotes":""},"categories":[24],"tags":[],"class_list":["post-36874","post","type-post","status-publish","format-standard","has-post-thumbnail","hentry","category-gundem"],"acf":[],"yoast_head":"<!-- This site is optimized with the Yoast SEO Premium plugin v26.6 (Yoast SEO v27.1.1) - https:\/\/yoast.com\/product\/yoast-seo-premium-wordpress\/ -->\n<title>Antalya\u2019da \u0130mamo\u011flu\u2019ndan \u00e7ok B\u00f6cek \u00f6n plana \u00e7\u0131kt\u0131 - Av. Deniz Can K\u0131z\u0131l<\/title>\n<meta name=\"robots\" content=\"index, follow, max-snippet:-1, max-image-preview:large, max-video-preview:-1\" \/>\n<link rel=\"canonical\" href=\"https:\/\/denizcankizil.tr\/de\/haberler\/gundem\/antalyada-imamoglundan-cok-bocek-on-plana-cikti\/\" \/>\n<meta property=\"og:locale\" content=\"de_DE\" \/>\n<meta property=\"og:type\" content=\"article\" \/>\n<meta property=\"og:title\" content=\"Antalya\u2019da \u0130mamo\u011flu\u2019ndan \u00e7ok B\u00f6cek \u00f6n plana \u00e7\u0131kt\u0131\" \/>\n<meta property=\"og:description\" content=\"Cumhuriyet Halk Partisi Antalya \u0130l Ba\u015fkanl\u0131\u011f\u0131 tutuklanan \u0130stanbul B\u00fcy\u00fck\u015fehir Belediyesi Eski Ba\u015fkan\u0131 Ekrem \u0130mamo\u011flu i\u00e7in Cumhuriyet Meydan\u0131\u2019nda bir eylem d\u00fczenledi. Eyleme Cumhuriyet Halk Partili belediye ba\u015fkanlar\u0131, il\u00e7e ba\u015fkanlar\u0131, vatanda\u015flar ve B\u00fcy\u00fck\u015fehir Belediye Ba\u015fkan\u0131 Muhittin B\u00f6cek de kat\u0131ld\u0131. Eyleme kat\u0131lan demokratik kitle \u00f6rg\u00fctlerine konu\u015fma hakk\u0131 verilmedi. Konser havas\u0131nda ge\u00e7en eylemde konu\u015fan B\u00fcy\u00fck\u015fehir Belediye Ba\u015fkan\u0131 Muhittin B\u00f6cek, Ekrem \u0130mamo\u011flu&#8217;nun her daim yan\u0131nda olduklar\u0131n\u0131 ve g\u00fczel g\u00fcnlere olan inanc\u0131n\u0131n azalmad\u0131\u011f\u0131n\u0131 ifade etti. B\u00f6cek s\u00f6zlerine, \u201cVicdanlar\u0131 yaralayan tutuklama karar\u0131na sadece Cumhuriyet Halk Partisi de\u011fil, t\u00fcm siyasi partilerden, yurti\u00e7i ve yurtd\u0131\u015f\u0131ndan, sanat\u00e7\u0131lardan, sivil toplum \u00f6rg\u00fctlerinden, k\u0131sacas\u0131 demokrasiye ve hukukun \u00fcst\u00fcnl\u00fc\u011f\u00fcne inanan milyonlardan b\u00fcy\u00fck tepki gelmi\u015ftir\u201d \u015feklinde devam etti.\u00a0 BURASI TUR\u0130ZM KENT\u0130 D\u0130KKATL\u0130 OLALIM! Antalya B\u00fcy\u00fck\u015fehir Belediye Ba\u015fkan\u0131 Muhittin B\u00f6cek, \u0130mamo\u011flu\u2019nun s\u0131k s\u0131k kulland\u0131\u011f\u0131 ve slogan haline gelen \u2018her \u015fey g\u00fczel olacak\u2019 s\u00f6zlerine at\u0131fta bulunarak, \u201c\u00c7a\u011fda\u015fl\u0131\u011f\u0131n, bar\u0131\u015f\u0131n, \u00f6zg\u00fcrl\u00fc\u011f\u00fcn kenti Antalya\u2019m\u0131zdan Silivri\u2019ye, Say\u0131n Ekrem \u0130mamo\u011flu\u2019na sevgilerimizi g\u00f6nderiyoruz. Antalya her daim senin yan\u0131nda. Antalya\u2019da binlerce Ekrem \u0130mamo\u011flu var. Her \u015fey \u00e7ok g\u00fczel olacak. Her \u015fey\u201d ifadeleri kulland\u0131. \u201cBizler hakk\u0131n yolunda halk i\u00e7in m\u00fccadele ediyoruz\u201d diyen Muhittin B\u00f6cek, \u201cBizler haks\u0131zl\u0131\u011fa kar\u015f\u0131 \u00e7\u0131k\u0131yoruz. Bizler hukukun \u00fcst\u00fcnl\u00fc\u011f\u00fcne inan\u0131yoruz. Bizler adalete g\u00fcveniyoruz. Bug\u00fcn de hak, hukuk, adalet i\u00e7in buraday\u0131z. Sevgili Antalyal\u0131lar, Biz bu hak m\u00fccadelemizde kucaklay\u0131c\u0131 olaca\u011f\u0131z. Birlik ve dayan\u0131\u015fma i\u00e7erisinde olaca\u011f\u0131z. &hellip;\" \/>\n<meta property=\"og:url\" content=\"https:\/\/denizcankizil.tr\/de\/haberler\/gundem\/antalyada-imamoglundan-cok-bocek-on-plana-cikti\/\" \/>\n<meta property=\"og:site_name\" content=\"Av. Deniz Can K\u0131z\u0131l\" \/>\n<meta property=\"article:published_time\" content=\"2025-03-25T06:41:15+00:00\" \/>\n<meta name=\"author\" content=\"Antalya K\u00f6rfez\" \/>\n<meta name=\"twitter:card\" content=\"summary_large_image\" \/>\n<meta name=\"twitter:label1\" content=\"Verfasst von\" \/>\n\t<meta name=\"twitter:data1\" content=\"Antalya K\u00f6rfez\" \/>\n\t<meta name=\"twitter:label2\" content=\"Gesch\u00e4tzte Lesezeit\" \/>\n\t<meta name=\"twitter:data2\" content=\"3\u00a0Minuten\" \/>\n<script type=\"application\/ld+json\" class=\"yoast-schema-graph\">{\"@context\":\"https:\/\/schema.org\",\"@graph\":[{\"@type\":\"Article\",\"@id\":\"https:\/\/denizcankizil.tr\/ru\/haberler\/gundem\/antalyada-imamoglundan-cok-bocek-on-plana-cikti\/#article\",\"isPartOf\":{\"@id\":\"https:\/\/denizcankizil.tr\/ru\/haberler\/gundem\/antalyada-imamoglundan-cok-bocek-on-plana-cikti\/\"},\"author\":{\"name\":\"Antalya K\u00f6rfez\",\"@id\":\"https:\/\/denizcankizil.tr\/#\/schema\/person\/e1eb71bb4dd684d46563f0af307e1234\"},\"headline\":\"Antalya\u2019da \u0130mamo\u011flu\u2019ndan \u00e7ok B\u00f6cek \u00f6n plana \u00e7\u0131kt\u0131\",\"datePublished\":\"2025-03-25T06:41:15+00:00\",\"mainEntityOfPage\":{\"@id\":\"https:\/\/denizcankizil.tr\/ru\/haberler\/gundem\/antalyada-imamoglundan-cok-bocek-on-plana-cikti\/\"},\"wordCount\":694,\"publisher\":{\"@id\":\"https:\/\/denizcankizil.tr\/#organization\"},\"articleSection\":[\"G\u00fcndem\"],\"inLanguage\":\"de\"},{\"@type\":\"WebPage\",\"@id\":\"https:\/\/denizcankizil.tr\/ru\/haberler\/gundem\/antalyada-imamoglundan-cok-bocek-on-plana-cikti\/\",\"url\":\"https:\/\/denizcankizil.tr\/ru\/haberler\/gundem\/antalyada-imamoglundan-cok-bocek-on-plana-cikti\/\",\"name\":\"Antalya\u2019da \u0130mamo\u011flu\u2019ndan \u00e7ok B\u00f6cek \u00f6n plana \u00e7\u0131kt\u0131 - Av. Deniz Can K\u0131z\u0131l\",\"isPartOf\":{\"@id\":\"https:\/\/denizcankizil.tr\/#website\"},\"datePublished\":\"2025-03-25T06:41:15+00:00\",\"breadcrumb\":{\"@id\":\"https:\/\/denizcankizil.tr\/ru\/haberler\/gundem\/antalyada-imamoglundan-cok-bocek-on-plana-cikti\/#breadcrumb\"},\"inLanguage\":\"de\",\"potentialAction\":[{\"@type\":\"ReadAction\",\"target\":[\"https:\/\/denizcankizil.tr\/ru\/haberler\/gundem\/antalyada-imamoglundan-cok-bocek-on-plana-cikti\/\"]}]},{\"@type\":\"BreadcrumbList\",\"@id\":\"https:\/\/denizcankizil.tr\/ru\/haberler\/gundem\/antalyada-imamoglundan-cok-bocek-on-plana-cikti\/#breadcrumb\",\"itemListElement\":[{\"@type\":\"ListItem\",\"position\":1,\"name\":\"Home\",\"item\":\"https:\/\/denizcankizil.tr\/de\/\"},{\"@type\":\"ListItem\",\"position\":2,\"name\":\"Antalya\u2019da \u0130mamo\u011flu\u2019ndan \u00e7ok B\u00f6cek \u00f6n plana \u00e7\u0131kt\u0131\"}]},{\"@type\":\"WebSite\",\"@id\":\"https:\/\/denizcankizil.tr\/#website\",\"url\":\"https:\/\/denizcankizil.tr\/\",\"name\":\"Av. Deniz Can K\u0131z\u0131l\",\"description\":\"Avukat Deniz Can K\u0131z\u0131l Antalya Barosu\",\"publisher\":{\"@id\":\"https:\/\/denizcankizil.tr\/#organization\"},\"potentialAction\":[{\"@type\":\"SearchAction\",\"target\":{\"@type\":\"EntryPoint\",\"urlTemplate\":\"https:\/\/denizcankizil.tr\/?s={search_term_string}\"},\"query-input\":{\"@type\":\"PropertyValueSpecification\",\"valueRequired\":true,\"valueName\":\"search_term_string\"}}],\"inLanguage\":\"de\"},{\"@type\":\"Organization\",\"@id\":\"https:\/\/denizcankizil.tr\/#organization\",\"name\":\"Av. Deniz Can K\u0131z\u0131l\",\"url\":\"https:\/\/denizcankizil.tr\/\",\"logo\":{\"@type\":\"ImageObject\",\"inLanguage\":\"de\",\"@id\":\"https:\/\/denizcankizil.tr\/#\/schema\/logo\/image\/\",\"url\":\"https:\/\/denizcankizil.tr\/wp-content\/uploads\/2024\/10\/siyah-logo-svg.svg\",\"contentUrl\":\"https:\/\/denizcankizil.tr\/wp-content\/uploads\/2024\/10\/siyah-logo-svg.svg\",\"width\":1080,\"height\":1080,\"caption\":\"Av. Deniz Can K\u0131z\u0131l\"},\"image\":{\"@id\":\"https:\/\/denizcankizil.tr\/#\/schema\/logo\/image\/\"}},{\"@type\":\"Person\",\"@id\":\"https:\/\/denizcankizil.tr\/#\/schema\/person\/e1eb71bb4dd684d46563f0af307e1234\",\"name\":\"Antalya K\u00f6rfez\",\"image\":{\"@type\":\"ImageObject\",\"inLanguage\":\"de\",\"@id\":\"https:\/\/denizcankizil.tr\/#\/schema\/person\/image\/\",\"url\":\"https:\/\/secure.gravatar.com\/avatar\/42b01982558a48a0b501fdcab6a408d3717ea5919095ee2e67b0e521799c5905?s=96&d=mm&r=g\",\"contentUrl\":\"https:\/\/secure.gravatar.com\/avatar\/42b01982558a48a0b501fdcab6a408d3717ea5919095ee2e67b0e521799c5905?s=96&d=mm&r=g\",\"caption\":\"Antalya K\u00f6rfez\"},\"sameAs\":[\"http:\/\/www.antalyakorfez.com\"],\"url\":\"https:\/\/www.antalyakorfez.com\/antalyada-imamoglundan-cok-bocek-on-plana-cikti\"}]}<\/script>\n<!-- \/ Yoast SEO Premium plugin. -->","yoast_head_json":{"title":"Antalya\u2019da \u0130mamo\u011flu\u2019ndan \u00e7ok B\u00f6cek \u00f6n plana \u00e7\u0131kt\u0131 - Av. Deniz Can K\u0131z\u0131l","robots":{"index":"index","follow":"follow","max-snippet":"max-snippet:-1","max-image-preview":"max-image-preview:large","max-video-preview":"max-video-preview:-1"},"canonical":"https:\/\/denizcankizil.tr\/de\/haberler\/gundem\/antalyada-imamoglundan-cok-bocek-on-plana-cikti\/","og_locale":"de_DE","og_type":"article","og_title":"Antalya\u2019da \u0130mamo\u011flu\u2019ndan \u00e7ok B\u00f6cek \u00f6n plana \u00e7\u0131kt\u0131","og_description":"Cumhuriyet Halk Partisi Antalya \u0130l Ba\u015fkanl\u0131\u011f\u0131 tutuklanan \u0130stanbul B\u00fcy\u00fck\u015fehir Belediyesi Eski Ba\u015fkan\u0131 Ekrem \u0130mamo\u011flu i\u00e7in Cumhuriyet Meydan\u0131\u2019nda bir eylem d\u00fczenledi. Eyleme Cumhuriyet Halk Partili belediye ba\u015fkanlar\u0131, il\u00e7e ba\u015fkanlar\u0131, vatanda\u015flar ve B\u00fcy\u00fck\u015fehir Belediye Ba\u015fkan\u0131 Muhittin B\u00f6cek de kat\u0131ld\u0131. Eyleme kat\u0131lan demokratik kitle \u00f6rg\u00fctlerine konu\u015fma hakk\u0131 verilmedi. Konser havas\u0131nda ge\u00e7en eylemde konu\u015fan B\u00fcy\u00fck\u015fehir Belediye Ba\u015fkan\u0131 Muhittin B\u00f6cek, Ekrem \u0130mamo\u011flu&#8217;nun her daim yan\u0131nda olduklar\u0131n\u0131 ve g\u00fczel g\u00fcnlere olan inanc\u0131n\u0131n azalmad\u0131\u011f\u0131n\u0131 ifade etti. B\u00f6cek s\u00f6zlerine, \u201cVicdanlar\u0131 yaralayan tutuklama karar\u0131na sadece Cumhuriyet Halk Partisi de\u011fil, t\u00fcm siyasi partilerden, yurti\u00e7i ve yurtd\u0131\u015f\u0131ndan, sanat\u00e7\u0131lardan, sivil toplum \u00f6rg\u00fctlerinden, k\u0131sacas\u0131 demokrasiye ve hukukun \u00fcst\u00fcnl\u00fc\u011f\u00fcne inanan milyonlardan b\u00fcy\u00fck tepki gelmi\u015ftir\u201d \u015feklinde devam etti.\u00a0 BURASI TUR\u0130ZM KENT\u0130 D\u0130KKATL\u0130 OLALIM! Antalya B\u00fcy\u00fck\u015fehir Belediye Ba\u015fkan\u0131 Muhittin B\u00f6cek, \u0130mamo\u011flu\u2019nun s\u0131k s\u0131k kulland\u0131\u011f\u0131 ve slogan haline gelen \u2018her \u015fey g\u00fczel olacak\u2019 s\u00f6zlerine at\u0131fta bulunarak, \u201c\u00c7a\u011fda\u015fl\u0131\u011f\u0131n, bar\u0131\u015f\u0131n, \u00f6zg\u00fcrl\u00fc\u011f\u00fcn kenti Antalya\u2019m\u0131zdan Silivri\u2019ye, Say\u0131n Ekrem \u0130mamo\u011flu\u2019na sevgilerimizi g\u00f6nderiyoruz. Antalya her daim senin yan\u0131nda. Antalya\u2019da binlerce Ekrem \u0130mamo\u011flu var. Her \u015fey \u00e7ok g\u00fczel olacak. Her \u015fey\u201d ifadeleri kulland\u0131. \u201cBizler hakk\u0131n yolunda halk i\u00e7in m\u00fccadele ediyoruz\u201d diyen Muhittin B\u00f6cek, \u201cBizler haks\u0131zl\u0131\u011fa kar\u015f\u0131 \u00e7\u0131k\u0131yoruz. Bizler hukukun \u00fcst\u00fcnl\u00fc\u011f\u00fcne inan\u0131yoruz. Bizler adalete g\u00fcveniyoruz. Bug\u00fcn de hak, hukuk, adalet i\u00e7in buraday\u0131z. Sevgili Antalyal\u0131lar, Biz bu hak m\u00fccadelemizde kucaklay\u0131c\u0131 olaca\u011f\u0131z. Birlik ve dayan\u0131\u015fma i\u00e7erisinde olaca\u011f\u0131z. &hellip;","og_url":"https:\/\/denizcankizil.tr\/de\/haberler\/gundem\/antalyada-imamoglundan-cok-bocek-on-plana-cikti\/","og_site_name":"Av. Deniz Can K\u0131z\u0131l","article_published_time":"2025-03-25T06:41:15+00:00","author":"Antalya K\u00f6rfez","twitter_card":"summary_large_image","twitter_misc":{"Verfasst von":"Antalya K\u00f6rfez","Gesch\u00e4tzte Lesezeit":"3\u00a0Minuten"},"schema":{"@context":"https:\/\/schema.org","@graph":[{"@type":"Article","@id":"https:\/\/denizcankizil.tr\/ru\/haberler\/gundem\/antalyada-imamoglundan-cok-bocek-on-plana-cikti\/#article","isPartOf":{"@id":"https:\/\/denizcankizil.tr\/ru\/haberler\/gundem\/antalyada-imamoglundan-cok-bocek-on-plana-cikti\/"},"author":{"name":"Antalya K\u00f6rfez","@id":"https:\/\/denizcankizil.tr\/#\/schema\/person\/e1eb71bb4dd684d46563f0af307e1234"},"headline":"Antalya\u2019da \u0130mamo\u011flu\u2019ndan \u00e7ok B\u00f6cek \u00f6n plana \u00e7\u0131kt\u0131","datePublished":"2025-03-25T06:41:15+00:00","mainEntityOfPage":{"@id":"https:\/\/denizcankizil.tr\/ru\/haberler\/gundem\/antalyada-imamoglundan-cok-bocek-on-plana-cikti\/"},"wordCount":694,"publisher":{"@id":"https:\/\/denizcankizil.tr\/#organization"},"articleSection":["G\u00fcndem"],"inLanguage":"de"},{"@type":"WebPage","@id":"https:\/\/denizcankizil.tr\/ru\/haberler\/gundem\/antalyada-imamoglundan-cok-bocek-on-plana-cikti\/","url":"https:\/\/denizcankizil.tr\/ru\/haberler\/gundem\/antalyada-imamoglundan-cok-bocek-on-plana-cikti\/","name":"Antalya\u2019da \u0130mamo\u011flu\u2019ndan \u00e7ok B\u00f6cek \u00f6n plana \u00e7\u0131kt\u0131 - Av. Deniz Can K\u0131z\u0131l","isPartOf":{"@id":"https:\/\/denizcankizil.tr\/#website"},"datePublished":"2025-03-25T06:41:15+00:00","breadcrumb":{"@id":"https:\/\/denizcankizil.tr\/ru\/haberler\/gundem\/antalyada-imamoglundan-cok-bocek-on-plana-cikti\/#breadcrumb"},"inLanguage":"de","potentialAction":[{"@type":"ReadAction","target":["https:\/\/denizcankizil.tr\/ru\/haberler\/gundem\/antalyada-imamoglundan-cok-bocek-on-plana-cikti\/"]}]},{"@type":"BreadcrumbList","@id":"https:\/\/denizcankizil.tr\/ru\/haberler\/gundem\/antalyada-imamoglundan-cok-bocek-on-plana-cikti\/#breadcrumb","itemListElement":[{"@type":"ListItem","position":1,"name":"Home","item":"https:\/\/denizcankizil.tr\/de\/"},{"@type":"ListItem","position":2,"name":"Antalya\u2019da \u0130mamo\u011flu\u2019ndan \u00e7ok B\u00f6cek \u00f6n plana \u00e7\u0131kt\u0131"}]},{"@type":"WebSite","@id":"https:\/\/denizcankizil.tr\/#website","url":"https:\/\/denizcankizil.tr\/","name":"Av. Deniz Can K\u0131z\u0131l","description":"Avukat Deniz Can K\u0131z\u0131l Antalya Barosu","publisher":{"@id":"https:\/\/denizcankizil.tr\/#organization"},"potentialAction":[{"@type":"SearchAction","target":{"@type":"EntryPoint","urlTemplate":"https:\/\/denizcankizil.tr\/?s={search_term_string}"},"query-input":{"@type":"PropertyValueSpecification","valueRequired":true,"valueName":"search_term_string"}}],"inLanguage":"de"},{"@type":"Organization","@id":"https:\/\/denizcankizil.tr\/#organization","name":"Av. Deniz Can K\u0131z\u0131l","url":"https:\/\/denizcankizil.tr\/","logo":{"@type":"ImageObject","inLanguage":"de","@id":"https:\/\/denizcankizil.tr\/#\/schema\/logo\/image\/","url":"https:\/\/denizcankizil.tr\/wp-content\/uploads\/2024\/10\/siyah-logo-svg.svg","contentUrl":"https:\/\/denizcankizil.tr\/wp-content\/uploads\/2024\/10\/siyah-logo-svg.svg","width":1080,"height":1080,"caption":"Av. Deniz Can K\u0131z\u0131l"},"image":{"@id":"https:\/\/denizcankizil.tr\/#\/schema\/logo\/image\/"}},{"@type":"Person","@id":"https:\/\/denizcankizil.tr\/#\/schema\/person\/e1eb71bb4dd684d46563f0af307e1234","name":"Antalya K\u00f6rfez","image":{"@type":"ImageObject","inLanguage":"de","@id":"https:\/\/denizcankizil.tr\/#\/schema\/person\/image\/","url":"https:\/\/secure.gravatar.com\/avatar\/42b01982558a48a0b501fdcab6a408d3717ea5919095ee2e67b0e521799c5905?s=96&d=mm&r=g","contentUrl":"https:\/\/secure.gravatar.com\/avatar\/42b01982558a48a0b501fdcab6a408d3717ea5919095ee2e67b0e521799c5905?s=96&d=mm&r=g","caption":"Antalya K\u00f6rfez"},"sameAs":["http:\/\/www.antalyakorfez.com"],"url":"https:\/\/www.antalyakorfez.com\/antalyada-imamoglundan-cok-bocek-on-plana-cikti"}]}},"_links":{"self":[{"href":"https:\/\/denizcankizil.tr\/de\/wp-json\/wp\/v2\/posts\/36874","targetHints":{"allow":["GET"]}}],"collection":[{"href":"https:\/\/denizcankizil.tr\/de\/wp-json\/wp\/v2\/posts"}],"about":[{"href":"https:\/\/denizcankizil.tr\/de\/wp-json\/wp\/v2\/types\/post"}],"author":[{"embeddable":true,"href":"https:\/\/denizcankizil.tr\/de\/wp-json\/wp\/v2\/users\/5"}],"replies":[{"embeddable":true,"href":"https:\/\/denizcankizil.tr\/de\/wp-json\/wp\/v2\/comments?post=36874"}],"version-history":[{"count":0,"href":"https:\/\/denizcankizil.tr\/de\/wp-json\/wp\/v2\/posts\/36874\/revisions"}],"wp:attachment":[{"href":"https:\/\/denizcankizil.tr\/de\/wp-json\/wp\/v2\/media?parent=36874"}],"wp:term":[{"taxonomy":"category","embeddable":true,"href":"https:\/\/denizcankizil.tr\/de\/wp-json\/wp\/v2\/categories?post=36874"},{"taxonomy":"post_tag","embeddable":true,"href":"https:\/\/denizcankizil.tr\/de\/wp-json\/wp\/v2\/tags?post=36874"}],"curies":[{"name":"wp","href":"https:\/\/api.w.org\/{rel}","templated":true}]}}