{"id":36722,"date":"2025-03-24T09:41:35","date_gmt":"2025-03-24T06:41:35","guid":{"rendered":"https:\/\/denizcankizil.tr\/uncategorized-tr\/emekli-ikramiyeleri-odeme-tarihi-belli-oldu-ikramiyeler-3-bin-tl-olarak-odenecek\/"},"modified":"2025-03-24T09:41:35","modified_gmt":"2025-03-24T06:41:35","slug":"emekli-ikramiyeleri-odeme-tarihi-belli-oldu-ikramiyeler-3-bin-tl-olarak-odenecek","status":"publish","type":"post","link":"https:\/\/denizcankizil.tr\/de\/haberler\/gundem\/emekli-ikramiyeleri-odeme-tarihi-belli-oldu-ikramiyeler-3-bin-tl-olarak-odenecek\/","title":{"rendered":"Emekli ikramiyeleri \u00f6deme tarihi belli oldu&#8230; \u0130kramiyeler 3 bin TL olarak \u00f6denecek!"},"content":{"rendered":"<p>SGK, Ramazan Bayram\u0131 ikramiyelerinin \u00f6deme takvimini a\u00e7\u0131klad\u0131. 3 bin liral\u0131k ikramiyelerin \u00f6demeleri 24 Mart&#8217;ta ba\u015fl\u0131yor. \u0130kramiyesnin art\u0131r\u0131lmas\u0131na y\u00f6nelik kanunun resmile\u015fmesi ard\u0131ndan fark tutarlar\u0131 da en k\u0131sa s\u00fcrede yat\u0131r\u0131lacak.ANKARA (\u0130GFA) &#8211; Sosyal G\u00fcvenlik Kurumu (SGK), 2025 y\u0131l\u0131 Ramazan Bayram\u0131 ikramiyelerinin \u00f6deme takvimini a\u00e7\u0131klad\u0131.<br \/>\nEmeklilere 3 bin TL olarak \u00f6denecek bayram ikramiyesi, 24 Mart 2025 tarihinden itibaren hak sahiplerinin hesaplar\u0131na yat\u0131r\u0131lacak.<br \/>\n\u00d6DEME TAKV\u0130M\u0130 \u015e\u00d6YLE<br \/>\nSSK (4a) Kapsam\u0131nda Emekli Ayl\u0131\u011f\u0131 Alanlar \u0130\u00e7in:<\/p>\n<p> 17, 18, 19 Mart\u2019ta maa\u015f alanlara 24 Mart<br \/>\n \u00a020, 21, 22 Mart\u2019ta maa\u015f alanlara 25 Mart<br \/>\n \u00a023, 24, 25, 26 Mart\u2019ta maa\u015f alanlara 26 Mart<\/p>\n<p>Ba\u011f-Kur (4b) Emeklileri \u0130\u00e7in:<\/p>\n<p> 27 Mart<\/p>\n<p>Emekli Sand\u0131\u011f\u0131 (4c) Kapsam\u0131nda Ayl\u0131k Alanlar \u0130\u00e7in:<\/p>\n<p> \u00a0Nisan d\u00f6nemi maa\u015flar\u0131yla birlikte 28 Mart<\/p>\n<p>SGK taraf\u0131ndan yap\u0131lan a\u00e7\u0131klamada, bayram ikramiyesinin art\u0131r\u0131lmas\u0131na y\u00f6nelik TBMM\u2019de \u00e7al\u0131\u015fmalar\u0131n devam etti\u011fi ve kanunun Resmi Gazete\u2019de yay\u0131mlanmas\u0131n\u0131n ard\u0131ndan fark tutarlar\u0131n\u0131n en k\u0131sa s\u00fcrede \u00f6denece\u011fi belirtildi.<\/p>\n<p>\u200bSGK, Ramazan Bayram\u0131 ikramiyelerinin \u00f6deme takvimini a\u00e7\u0131klad\u0131. 3 bin liral\u0131k ikramiyelerin \u00f6demeleri 24 Mart&#8217;ta ba\u015fl\u0131yor. \u0130kramiyesnin art\u0131r\u0131lmas\u0131na y\u00f6nelik kanunun resmile\u015fmesi ard\u0131ndan fark tutarlar\u0131 da en k\u0131sa s\u00fcrede yat\u0131r\u0131lacak.ANKARA (\u0130GFA) &#8211; Sosyal G\u00fcvenlik Kurumu (SGK), 2025 y\u0131l\u0131 Ramazan Bayram\u0131 ikramiyelerinin \u00f6deme takvimini a\u00e7\u0131klad\u0131.<br \/>\nEmeklilere 3 bin TL olarak \u00f6denecek bayram ikramiyesi, 24 Mart 2025 tarihinden itibaren hak sahiplerinin hesaplar\u0131na yat\u0131r\u0131lacak.<br \/>\n\u00d6DEME TAKV\u0130M\u0130 \u015e\u00d6YLE<br \/>\nSSK (4a) Kapsam\u0131nda Emekli Ayl\u0131\u011f\u0131 Alanlar \u0130\u00e7in:<\/p>\n<p> 17, 18, 19 Mart\u2019ta maa\u015f alanlara 24 Mart<br \/>\n \u00a020, 21, 22 Mart\u2019ta maa\u015f alanlara 25 Mart<br \/>\n \u00a023, 24, 25, 26 Mart\u2019ta maa\u015f alanlara 26 Mart<\/p>\n<p>Ba\u011f-Kur (4b) Emeklileri \u0130\u00e7in:<\/p>\n<p> 27 Mart<\/p>\n<p>Emekli Sand\u0131\u011f\u0131 (4c) Kapsam\u0131nda Ayl\u0131k Alanlar \u0130\u00e7in:<\/p>\n<p> \u00a0Nisan d\u00f6nemi maa\u015flar\u0131yla birlikte 28 Mart<\/p>\n<p>SGK taraf\u0131ndan yap\u0131lan a\u00e7\u0131klamada, bayram ikramiyesinin art\u0131r\u0131lmas\u0131na y\u00f6nelik TBMM\u2019de \u00e7al\u0131\u015fmalar\u0131n devam etti\u011fi ve kanunun Resmi Gazete\u2019de yay\u0131mlanmas\u0131n\u0131n ard\u0131ndan fark tutarlar\u0131n\u0131n en k\u0131sa s\u00fcrede \u00f6denece\u011fi belirtildi.\u00a0<\/p>\n<p>\u200bHaberin Al\u0131nt\u0131land\u0131\u011f\u0131 Kaynak: www.iskenderun.org<\/p>","protected":false},"excerpt":{"rendered":"<p>SGK, Ramazan Bayram\u0131 ikramiyelerinin \u00f6deme takvimini a\u00e7\u0131klad\u0131. 3 bin liral\u0131k ikramiyelerin \u00f6demeleri 24 Mart&#8217;ta ba\u015fl\u0131yor. \u0130kramiyesnin art\u0131r\u0131lmas\u0131na y\u00f6nelik kanunun resmile\u015fmesi ard\u0131ndan fark tutarlar\u0131 da en k\u0131sa s\u00fcrede yat\u0131r\u0131lacak.ANKARA (\u0130GFA) &#8211; Sosyal G\u00fcvenlik Kurumu (SGK), 2025 y\u0131l\u0131 Ramazan Bayram\u0131 ikramiyelerinin \u00f6deme takvimini a\u00e7\u0131klad\u0131. Emeklilere 3 bin TL olarak \u00f6denecek bayram ikramiyesi, 24 Mart 2025 tarihinden itibaren hak sahiplerinin hesaplar\u0131na yat\u0131r\u0131lacak. \u00d6DEME TAKV\u0130M\u0130 \u015e\u00d6YLE SSK (4a) Kapsam\u0131nda Emekli Ayl\u0131\u011f\u0131 Alanlar \u0130\u00e7in: 17, 18, 19 Mart\u2019ta maa\u015f alanlara 24 Mart \u00a020, 21, 22 Mart\u2019ta maa\u015f alanlara 25 Mart \u00a023, 24, 25, 26 Mart\u2019ta maa\u015f alanlara 26 Mart Ba\u011f-Kur (4b) Emeklileri \u0130\u00e7in: 27 Mart Emekli Sand\u0131\u011f\u0131 (4c) Kapsam\u0131nda Ayl\u0131k Alanlar \u0130\u00e7in: \u00a0Nisan d\u00f6nemi maa\u015flar\u0131yla birlikte 28 Mart SGK taraf\u0131ndan yap\u0131lan a\u00e7\u0131klamada, bayram ikramiyesinin art\u0131r\u0131lmas\u0131na y\u00f6nelik TBMM\u2019de \u00e7al\u0131\u015fmalar\u0131n devam etti\u011fi ve kanunun Resmi Gazete\u2019de yay\u0131mlanmas\u0131n\u0131n ard\u0131ndan fark tutarlar\u0131n\u0131n en k\u0131sa s\u00fcrede \u00f6denece\u011fi belirtildi. \u200bSGK, Ramazan Bayram\u0131 ikramiyelerinin \u00f6deme takvimini a\u00e7\u0131klad\u0131. 3 bin liral\u0131k ikramiyelerin \u00f6demeleri 24 Mart&#8217;ta ba\u015fl\u0131yor. \u0130kramiyesnin art\u0131r\u0131lmas\u0131na y\u00f6nelik kanunun resmile\u015fmesi ard\u0131ndan fark tutarlar\u0131 da en k\u0131sa s\u00fcrede yat\u0131r\u0131lacak.ANKARA (\u0130GFA) &#8211; Sosyal G\u00fcvenlik Kurumu (SGK), 2025 y\u0131l\u0131 Ramazan Bayram\u0131 ikramiyelerinin \u00f6deme takvimini a\u00e7\u0131klad\u0131. Emeklilere 3 bin TL olarak \u00f6denecek bayram ikramiyesi, 24 Mart 2025 tarihinden itibaren hak sahiplerinin hesaplar\u0131na yat\u0131r\u0131lacak. \u00d6DEME TAKV\u0130M\u0130 \u015e\u00d6YLE &hellip;<\/p>","protected":false},"author":1,"featured_media":0,"comment_status":"","ping_status":"open","sticky":false,"template":"","format":"standard","meta":{"_acf_changed":false,"footnotes":""},"categories":[24],"tags":[],"class_list":["post-36722","post","type-post","status-publish","format-standard","has-post-thumbnail","hentry","category-gundem"],"acf":[],"yoast_head":"<!-- This site is optimized with the Yoast SEO Premium plugin v26.6 (Yoast SEO v27.1.1) - https:\/\/yoast.com\/product\/yoast-seo-premium-wordpress\/ -->\n<title>Emekli ikramiyeleri \u00f6deme tarihi belli oldu... \u0130kramiyeler 3 bin TL olarak \u00f6denecek! - Av. Deniz Can K\u0131z\u0131l<\/title>\n<meta name=\"robots\" content=\"index, follow, max-snippet:-1, max-image-preview:large, max-video-preview:-1\" \/>\n<link rel=\"canonical\" href=\"https:\/\/denizcankizil.tr\/de\/haberler\/gundem\/emekli-ikramiyeleri-odeme-tarihi-belli-oldu-ikramiyeler-3-bin-tl-olarak-odenecek\/\" \/>\n<meta property=\"og:locale\" content=\"de_DE\" \/>\n<meta property=\"og:type\" content=\"article\" \/>\n<meta property=\"og:title\" content=\"Emekli ikramiyeleri \u00f6deme tarihi belli oldu... \u0130kramiyeler 3 bin TL olarak \u00f6denecek!\" \/>\n<meta property=\"og:description\" content=\"SGK, Ramazan Bayram\u0131 ikramiyelerinin \u00f6deme takvimini a\u00e7\u0131klad\u0131. 3 bin liral\u0131k ikramiyelerin \u00f6demeleri 24 Mart&#8217;ta ba\u015fl\u0131yor. \u0130kramiyesnin art\u0131r\u0131lmas\u0131na y\u00f6nelik kanunun resmile\u015fmesi ard\u0131ndan fark tutarlar\u0131 da en k\u0131sa s\u00fcrede yat\u0131r\u0131lacak.ANKARA (\u0130GFA) &#8211; Sosyal G\u00fcvenlik Kurumu (SGK), 2025 y\u0131l\u0131 Ramazan Bayram\u0131 ikramiyelerinin \u00f6deme takvimini a\u00e7\u0131klad\u0131. Emeklilere 3 bin TL olarak \u00f6denecek bayram ikramiyesi, 24 Mart 2025 tarihinden itibaren hak sahiplerinin hesaplar\u0131na yat\u0131r\u0131lacak. \u00d6DEME TAKV\u0130M\u0130 \u015e\u00d6YLE SSK (4a) Kapsam\u0131nda Emekli Ayl\u0131\u011f\u0131 Alanlar \u0130\u00e7in: 17, 18, 19 Mart\u2019ta maa\u015f alanlara 24 Mart \u00a020, 21, 22 Mart\u2019ta maa\u015f alanlara 25 Mart \u00a023, 24, 25, 26 Mart\u2019ta maa\u015f alanlara 26 Mart Ba\u011f-Kur (4b) Emeklileri \u0130\u00e7in: 27 Mart Emekli Sand\u0131\u011f\u0131 (4c) Kapsam\u0131nda Ayl\u0131k Alanlar \u0130\u00e7in: \u00a0Nisan d\u00f6nemi maa\u015flar\u0131yla birlikte 28 Mart SGK taraf\u0131ndan yap\u0131lan a\u00e7\u0131klamada, bayram ikramiyesinin art\u0131r\u0131lmas\u0131na y\u00f6nelik TBMM\u2019de \u00e7al\u0131\u015fmalar\u0131n devam etti\u011fi ve kanunun Resmi Gazete\u2019de yay\u0131mlanmas\u0131n\u0131n ard\u0131ndan fark tutarlar\u0131n\u0131n en k\u0131sa s\u00fcrede \u00f6denece\u011fi belirtildi. \u200bSGK, Ramazan Bayram\u0131 ikramiyelerinin \u00f6deme takvimini a\u00e7\u0131klad\u0131. 3 bin liral\u0131k ikramiyelerin \u00f6demeleri 24 Mart&#8217;ta ba\u015fl\u0131yor. \u0130kramiyesnin art\u0131r\u0131lmas\u0131na y\u00f6nelik kanunun resmile\u015fmesi ard\u0131ndan fark tutarlar\u0131 da en k\u0131sa s\u00fcrede yat\u0131r\u0131lacak.ANKARA (\u0130GFA) &#8211; Sosyal G\u00fcvenlik Kurumu (SGK), 2025 y\u0131l\u0131 Ramazan Bayram\u0131 ikramiyelerinin \u00f6deme takvimini a\u00e7\u0131klad\u0131. Emeklilere 3 bin TL olarak \u00f6denecek bayram ikramiyesi, 24 Mart 2025 tarihinden itibaren hak sahiplerinin hesaplar\u0131na yat\u0131r\u0131lacak. \u00d6DEME TAKV\u0130M\u0130 \u015e\u00d6YLE &hellip;\" \/>\n<meta property=\"og:url\" content=\"https:\/\/denizcankizil.tr\/de\/haberler\/gundem\/emekli-ikramiyeleri-odeme-tarihi-belli-oldu-ikramiyeler-3-bin-tl-olarak-odenecek\/\" \/>\n<meta property=\"og:site_name\" content=\"Av. Deniz Can K\u0131z\u0131l\" \/>\n<meta property=\"article:published_time\" content=\"2025-03-24T06:41:35+00:00\" \/>\n<meta name=\"author\" content=\"admin\" \/>\n<meta name=\"twitter:card\" content=\"summary_large_image\" \/>\n<meta name=\"twitter:label1\" content=\"Verfasst von\" \/>\n\t<meta name=\"twitter:data1\" content=\"admin\" \/>\n\t<meta name=\"twitter:label2\" content=\"Gesch\u00e4tzte Lesezeit\" \/>\n\t<meta name=\"twitter:data2\" content=\"2\u00a0Minuten\" \/>\n<script type=\"application\/ld+json\" class=\"yoast-schema-graph\">{\"@context\":\"https:\/\/schema.org\",\"@graph\":[{\"@type\":\"Article\",\"@id\":\"https:\/\/denizcankizil.tr\/de\/haberler\/gundem\/emekli-ikramiyeleri-odeme-tarihi-belli-oldu-ikramiyeler-3-bin-tl-olarak-odenecek\/#article\",\"isPartOf\":{\"@id\":\"https:\/\/denizcankizil.tr\/de\/haberler\/gundem\/emekli-ikramiyeleri-odeme-tarihi-belli-oldu-ikramiyeler-3-bin-tl-olarak-odenecek\/\"},\"author\":{\"name\":\"admin\",\"@id\":\"https:\/\/denizcankizil.tr\/de\/#\/schema\/person\/be3c05fe6a12686905512445d8185489\"},\"headline\":\"Emekli ikramiyeleri \u00f6deme tarihi belli oldu&#8230; \u0130kramiyeler 3 bin TL olarak \u00f6denecek!\",\"datePublished\":\"2025-03-24T06:41:35+00:00\",\"mainEntityOfPage\":{\"@id\":\"https:\/\/denizcankizil.tr\/de\/haberler\/gundem\/emekli-ikramiyeleri-odeme-tarihi-belli-oldu-ikramiyeler-3-bin-tl-olarak-odenecek\/\"},\"wordCount\":361,\"publisher\":{\"@id\":\"https:\/\/denizcankizil.tr\/de\/#organization\"},\"articleSection\":[\"G\u00fcndem\"],\"inLanguage\":\"de\"},{\"@type\":\"WebPage\",\"@id\":\"https:\/\/denizcankizil.tr\/de\/haberler\/gundem\/emekli-ikramiyeleri-odeme-tarihi-belli-oldu-ikramiyeler-3-bin-tl-olarak-odenecek\/\",\"url\":\"https:\/\/denizcankizil.tr\/de\/haberler\/gundem\/emekli-ikramiyeleri-odeme-tarihi-belli-oldu-ikramiyeler-3-bin-tl-olarak-odenecek\/\",\"name\":\"Emekli ikramiyeleri \u00f6deme tarihi belli oldu... \u0130kramiyeler 3 bin TL olarak \u00f6denecek! - Av. Deniz Can K\u0131z\u0131l\",\"isPartOf\":{\"@id\":\"https:\/\/denizcankizil.tr\/de\/#website\"},\"datePublished\":\"2025-03-24T06:41:35+00:00\",\"breadcrumb\":{\"@id\":\"https:\/\/denizcankizil.tr\/de\/haberler\/gundem\/emekli-ikramiyeleri-odeme-tarihi-belli-oldu-ikramiyeler-3-bin-tl-olarak-odenecek\/#breadcrumb\"},\"inLanguage\":\"de\",\"potentialAction\":[{\"@type\":\"ReadAction\",\"target\":[\"https:\/\/denizcankizil.tr\/de\/haberler\/gundem\/emekli-ikramiyeleri-odeme-tarihi-belli-oldu-ikramiyeler-3-bin-tl-olarak-odenecek\/\"]}]},{\"@type\":\"BreadcrumbList\",\"@id\":\"https:\/\/denizcankizil.tr\/de\/haberler\/gundem\/emekli-ikramiyeleri-odeme-tarihi-belli-oldu-ikramiyeler-3-bin-tl-olarak-odenecek\/#breadcrumb\",\"itemListElement\":[{\"@type\":\"ListItem\",\"position\":1,\"name\":\"Home\",\"item\":\"https:\/\/denizcankizil.tr\/de\/\"},{\"@type\":\"ListItem\",\"position\":2,\"name\":\"Emekli ikramiyeleri \u00f6deme tarihi belli oldu&#8230; \u0130kramiyeler 3 bin TL olarak \u00f6denecek!\"}]},{\"@type\":\"WebSite\",\"@id\":\"https:\/\/denizcankizil.tr\/de\/#website\",\"url\":\"https:\/\/denizcankizil.tr\/de\/\",\"name\":\"Av. Deniz Can K\u0131z\u0131l\",\"description\":\"Avukat Deniz Can K\u0131z\u0131l Antalya Barosu\",\"publisher\":{\"@id\":\"https:\/\/denizcankizil.tr\/de\/#organization\"},\"potentialAction\":[{\"@type\":\"SearchAction\",\"target\":{\"@type\":\"EntryPoint\",\"urlTemplate\":\"https:\/\/denizcankizil.tr\/de\/?s={search_term_string}\"},\"query-input\":{\"@type\":\"PropertyValueSpecification\",\"valueRequired\":true,\"valueName\":\"search_term_string\"}}],\"inLanguage\":\"de\"},{\"@type\":\"Organization\",\"@id\":\"https:\/\/denizcankizil.tr\/de\/#organization\",\"name\":\"Av. Deniz Can K\u0131z\u0131l\",\"url\":\"https:\/\/denizcankizil.tr\/de\/\",\"logo\":{\"@type\":\"ImageObject\",\"inLanguage\":\"de\",\"@id\":\"https:\/\/denizcankizil.tr\/de\/#\/schema\/logo\/image\/\",\"url\":\"https:\/\/denizcankizil.tr\/wp-content\/uploads\/2024\/10\/siyah-logo-svg.svg\",\"contentUrl\":\"https:\/\/denizcankizil.tr\/wp-content\/uploads\/2024\/10\/siyah-logo-svg.svg\",\"width\":1080,\"height\":1080,\"caption\":\"Av. Deniz Can K\u0131z\u0131l\"},\"image\":{\"@id\":\"https:\/\/denizcankizil.tr\/de\/#\/schema\/logo\/image\/\"}},{\"@type\":\"Person\",\"@id\":\"https:\/\/denizcankizil.tr\/de\/#\/schema\/person\/be3c05fe6a12686905512445d8185489\",\"name\":\"admin\",\"image\":{\"@type\":\"ImageObject\",\"inLanguage\":\"de\",\"@id\":\"https:\/\/denizcankizil.tr\/de\/#\/schema\/person\/image\/\",\"url\":\"https:\/\/secure.gravatar.com\/avatar\/c1fce94c830dc79107e174f890d7210541c4a63e8e5d816341794a2151c9d58c?s=96&d=mm&r=g\",\"contentUrl\":\"https:\/\/secure.gravatar.com\/avatar\/c1fce94c830dc79107e174f890d7210541c4a63e8e5d816341794a2151c9d58c?s=96&d=mm&r=g\",\"caption\":\"admin\"},\"sameAs\":[\"http:\/\/denizcankizil.tr\"],\"url\":\"https:\/\/www.iskenderun.org\/emekli-ikramiyeleri-odeme-tarihi-belli-oldu-ikramiyeler-3-bin-tl-olarak-odenecek\"}]}<\/script>\n<!-- \/ Yoast SEO Premium plugin. -->","yoast_head_json":{"title":"Emekli ikramiyeleri \u00f6deme tarihi belli oldu... \u0130kramiyeler 3 bin TL olarak \u00f6denecek! - Av. Deniz Can K\u0131z\u0131l","robots":{"index":"index","follow":"follow","max-snippet":"max-snippet:-1","max-image-preview":"max-image-preview:large","max-video-preview":"max-video-preview:-1"},"canonical":"https:\/\/denizcankizil.tr\/de\/haberler\/gundem\/emekli-ikramiyeleri-odeme-tarihi-belli-oldu-ikramiyeler-3-bin-tl-olarak-odenecek\/","og_locale":"de_DE","og_type":"article","og_title":"Emekli ikramiyeleri \u00f6deme tarihi belli oldu... \u0130kramiyeler 3 bin TL olarak \u00f6denecek!","og_description":"SGK, Ramazan Bayram\u0131 ikramiyelerinin \u00f6deme takvimini a\u00e7\u0131klad\u0131. 3 bin liral\u0131k ikramiyelerin \u00f6demeleri 24 Mart&#8217;ta ba\u015fl\u0131yor. \u0130kramiyesnin art\u0131r\u0131lmas\u0131na y\u00f6nelik kanunun resmile\u015fmesi ard\u0131ndan fark tutarlar\u0131 da en k\u0131sa s\u00fcrede yat\u0131r\u0131lacak.ANKARA (\u0130GFA) &#8211; Sosyal G\u00fcvenlik Kurumu (SGK), 2025 y\u0131l\u0131 Ramazan Bayram\u0131 ikramiyelerinin \u00f6deme takvimini a\u00e7\u0131klad\u0131. Emeklilere 3 bin TL olarak \u00f6denecek bayram ikramiyesi, 24 Mart 2025 tarihinden itibaren hak sahiplerinin hesaplar\u0131na yat\u0131r\u0131lacak. \u00d6DEME TAKV\u0130M\u0130 \u015e\u00d6YLE SSK (4a) Kapsam\u0131nda Emekli Ayl\u0131\u011f\u0131 Alanlar \u0130\u00e7in: 17, 18, 19 Mart\u2019ta maa\u015f alanlara 24 Mart \u00a020, 21, 22 Mart\u2019ta maa\u015f alanlara 25 Mart \u00a023, 24, 25, 26 Mart\u2019ta maa\u015f alanlara 26 Mart Ba\u011f-Kur (4b) Emeklileri \u0130\u00e7in: 27 Mart Emekli Sand\u0131\u011f\u0131 (4c) Kapsam\u0131nda Ayl\u0131k Alanlar \u0130\u00e7in: \u00a0Nisan d\u00f6nemi maa\u015flar\u0131yla birlikte 28 Mart SGK taraf\u0131ndan yap\u0131lan a\u00e7\u0131klamada, bayram ikramiyesinin art\u0131r\u0131lmas\u0131na y\u00f6nelik TBMM\u2019de \u00e7al\u0131\u015fmalar\u0131n devam etti\u011fi ve kanunun Resmi Gazete\u2019de yay\u0131mlanmas\u0131n\u0131n ard\u0131ndan fark tutarlar\u0131n\u0131n en k\u0131sa s\u00fcrede \u00f6denece\u011fi belirtildi. \u200bSGK, Ramazan Bayram\u0131 ikramiyelerinin \u00f6deme takvimini a\u00e7\u0131klad\u0131. 3 bin liral\u0131k ikramiyelerin \u00f6demeleri 24 Mart&#8217;ta ba\u015fl\u0131yor. \u0130kramiyesnin art\u0131r\u0131lmas\u0131na y\u00f6nelik kanunun resmile\u015fmesi ard\u0131ndan fark tutarlar\u0131 da en k\u0131sa s\u00fcrede yat\u0131r\u0131lacak.ANKARA (\u0130GFA) &#8211; Sosyal G\u00fcvenlik Kurumu (SGK), 2025 y\u0131l\u0131 Ramazan Bayram\u0131 ikramiyelerinin \u00f6deme takvimini a\u00e7\u0131klad\u0131. Emeklilere 3 bin TL olarak \u00f6denecek bayram ikramiyesi, 24 Mart 2025 tarihinden itibaren hak sahiplerinin hesaplar\u0131na yat\u0131r\u0131lacak. \u00d6DEME TAKV\u0130M\u0130 \u015e\u00d6YLE &hellip;","og_url":"https:\/\/denizcankizil.tr\/de\/haberler\/gundem\/emekli-ikramiyeleri-odeme-tarihi-belli-oldu-ikramiyeler-3-bin-tl-olarak-odenecek\/","og_site_name":"Av. Deniz Can K\u0131z\u0131l","article_published_time":"2025-03-24T06:41:35+00:00","author":"admin","twitter_card":"summary_large_image","twitter_misc":{"Verfasst von":"admin","Gesch\u00e4tzte Lesezeit":"2\u00a0Minuten"},"schema":{"@context":"https:\/\/schema.org","@graph":[{"@type":"Article","@id":"https:\/\/denizcankizil.tr\/de\/haberler\/gundem\/emekli-ikramiyeleri-odeme-tarihi-belli-oldu-ikramiyeler-3-bin-tl-olarak-odenecek\/#article","isPartOf":{"@id":"https:\/\/denizcankizil.tr\/de\/haberler\/gundem\/emekli-ikramiyeleri-odeme-tarihi-belli-oldu-ikramiyeler-3-bin-tl-olarak-odenecek\/"},"author":{"name":"admin","@id":"https:\/\/denizcankizil.tr\/de\/#\/schema\/person\/be3c05fe6a12686905512445d8185489"},"headline":"Emekli ikramiyeleri \u00f6deme tarihi belli oldu&#8230; \u0130kramiyeler 3 bin TL olarak \u00f6denecek!","datePublished":"2025-03-24T06:41:35+00:00","mainEntityOfPage":{"@id":"https:\/\/denizcankizil.tr\/de\/haberler\/gundem\/emekli-ikramiyeleri-odeme-tarihi-belli-oldu-ikramiyeler-3-bin-tl-olarak-odenecek\/"},"wordCount":361,"publisher":{"@id":"https:\/\/denizcankizil.tr\/de\/#organization"},"articleSection":["G\u00fcndem"],"inLanguage":"de"},{"@type":"WebPage","@id":"https:\/\/denizcankizil.tr\/de\/haberler\/gundem\/emekli-ikramiyeleri-odeme-tarihi-belli-oldu-ikramiyeler-3-bin-tl-olarak-odenecek\/","url":"https:\/\/denizcankizil.tr\/de\/haberler\/gundem\/emekli-ikramiyeleri-odeme-tarihi-belli-oldu-ikramiyeler-3-bin-tl-olarak-odenecek\/","name":"Emekli ikramiyeleri \u00f6deme tarihi belli oldu... \u0130kramiyeler 3 bin TL olarak \u00f6denecek! - Av. Deniz Can K\u0131z\u0131l","isPartOf":{"@id":"https:\/\/denizcankizil.tr\/de\/#website"},"datePublished":"2025-03-24T06:41:35+00:00","breadcrumb":{"@id":"https:\/\/denizcankizil.tr\/de\/haberler\/gundem\/emekli-ikramiyeleri-odeme-tarihi-belli-oldu-ikramiyeler-3-bin-tl-olarak-odenecek\/#breadcrumb"},"inLanguage":"de","potentialAction":[{"@type":"ReadAction","target":["https:\/\/denizcankizil.tr\/de\/haberler\/gundem\/emekli-ikramiyeleri-odeme-tarihi-belli-oldu-ikramiyeler-3-bin-tl-olarak-odenecek\/"]}]},{"@type":"BreadcrumbList","@id":"https:\/\/denizcankizil.tr\/de\/haberler\/gundem\/emekli-ikramiyeleri-odeme-tarihi-belli-oldu-ikramiyeler-3-bin-tl-olarak-odenecek\/#breadcrumb","itemListElement":[{"@type":"ListItem","position":1,"name":"Home","item":"https:\/\/denizcankizil.tr\/de\/"},{"@type":"ListItem","position":2,"name":"Emekli ikramiyeleri \u00f6deme tarihi belli oldu&#8230; \u0130kramiyeler 3 bin TL olarak \u00f6denecek!"}]},{"@type":"WebSite","@id":"https:\/\/denizcankizil.tr\/de\/#website","url":"https:\/\/denizcankizil.tr\/de\/","name":"Av. Deniz Can K\u0131z\u0131l","description":"Avukat Deniz Can K\u0131z\u0131l Antalya Barosu","publisher":{"@id":"https:\/\/denizcankizil.tr\/de\/#organization"},"potentialAction":[{"@type":"SearchAction","target":{"@type":"EntryPoint","urlTemplate":"https:\/\/denizcankizil.tr\/de\/?s={search_term_string}"},"query-input":{"@type":"PropertyValueSpecification","valueRequired":true,"valueName":"search_term_string"}}],"inLanguage":"de"},{"@type":"Organization","@id":"https:\/\/denizcankizil.tr\/de\/#organization","name":"Av. Deniz Can K\u0131z\u0131l","url":"https:\/\/denizcankizil.tr\/de\/","logo":{"@type":"ImageObject","inLanguage":"de","@id":"https:\/\/denizcankizil.tr\/de\/#\/schema\/logo\/image\/","url":"https:\/\/denizcankizil.tr\/wp-content\/uploads\/2024\/10\/siyah-logo-svg.svg","contentUrl":"https:\/\/denizcankizil.tr\/wp-content\/uploads\/2024\/10\/siyah-logo-svg.svg","width":1080,"height":1080,"caption":"Av. Deniz Can K\u0131z\u0131l"},"image":{"@id":"https:\/\/denizcankizil.tr\/de\/#\/schema\/logo\/image\/"}},{"@type":"Person","@id":"https:\/\/denizcankizil.tr\/de\/#\/schema\/person\/be3c05fe6a12686905512445d8185489","name":"Administrator","image":{"@type":"ImageObject","inLanguage":"de","@id":"https:\/\/denizcankizil.tr\/de\/#\/schema\/person\/image\/","url":"https:\/\/secure.gravatar.com\/avatar\/c1fce94c830dc79107e174f890d7210541c4a63e8e5d816341794a2151c9d58c?s=96&d=mm&r=g","contentUrl":"https:\/\/secure.gravatar.com\/avatar\/c1fce94c830dc79107e174f890d7210541c4a63e8e5d816341794a2151c9d58c?s=96&d=mm&r=g","caption":"admin"},"sameAs":["http:\/\/denizcankizil.tr"],"url":"https:\/\/www.iskenderun.org\/emekli-ikramiyeleri-odeme-tarihi-belli-oldu-ikramiyeler-3-bin-tl-olarak-odenecek"}]}},"_links":{"self":[{"href":"https:\/\/denizcankizil.tr\/de\/wp-json\/wp\/v2\/posts\/36722","targetHints":{"allow":["GET"]}}],"collection":[{"href":"https:\/\/denizcankizil.tr\/de\/wp-json\/wp\/v2\/posts"}],"about":[{"href":"https:\/\/denizcankizil.tr\/de\/wp-json\/wp\/v2\/types\/post"}],"author":[{"embeddable":true,"href":"https:\/\/denizcankizil.tr\/de\/wp-json\/wp\/v2\/users\/1"}],"replies":[{"embeddable":true,"href":"https:\/\/denizcankizil.tr\/de\/wp-json\/wp\/v2\/comments?post=36722"}],"version-history":[{"count":0,"href":"https:\/\/denizcankizil.tr\/de\/wp-json\/wp\/v2\/posts\/36722\/revisions"}],"wp:attachment":[{"href":"https:\/\/denizcankizil.tr\/de\/wp-json\/wp\/v2\/media?parent=36722"}],"wp:term":[{"taxonomy":"category","embeddable":true,"href":"https:\/\/denizcankizil.tr\/de\/wp-json\/wp\/v2\/categories?post=36722"},{"taxonomy":"post_tag","embeddable":true,"href":"https:\/\/denizcankizil.tr\/de\/wp-json\/wp\/v2\/tags?post=36722"}],"curies":[{"name":"wp","href":"https:\/\/api.w.org\/{rel}","templated":true}]}}