{"id":36721,"date":"2025-03-24T09:41:33","date_gmt":"2025-03-24T06:41:33","guid":{"rendered":"https:\/\/denizcankizil.tr\/uncategorized-tr\/trenlere-bayramlik-kapasite-artisi-uc-gunluk-ek-seferler-planlandi\/"},"modified":"2025-03-24T09:41:33","modified_gmt":"2025-03-24T06:41:33","slug":"trenlere-bayramlik-kapasite-artisi-uc-gunluk-ek-seferler-planlandi","status":"publish","type":"post","link":"https:\/\/denizcankizil.tr\/de\/haberler\/gundem\/trenlere-bayramlik-kapasite-artisi-uc-gunluk-ek-seferler-planlandi\/","title":{"rendered":"Trenlere bayraml\u0131k kapasite art\u0131\u015f\u0131! \u00dc\u00e7 g\u00fcnl\u00fck ek seferler planland\u0131"},"content":{"rendered":"<p>Ramazan Bayram\u0131 dolay\u0131s\u0131yla artan yolcu talebinin kar\u015f\u0131lanabilmesi i\u00e7in trenlerde toplam 12 bin 786 ki\u015filik ek kapasite art\u0131\u015f\u0131 yap\u0131lacak. Ankara-\u0130stanbul-Ankara g\u00fczergah\u0131na 6 ek YHT seferi ile anahat ve b\u00f6lgesel trenlere 172 vagon ilave edilecek.ANKARA (\u0130GFA) &#8211; Ula\u015ft\u0131rma ve Altyap\u0131 Bakan\u0131 Abdulkadir Uralo\u011flu, Ramazan Bayram\u0131 dolay\u0131s\u0131yla artan yolcu talebini kar\u015f\u0131lamak i\u00e7in y\u00fcksek h\u0131zl\u0131 tren, anahat ve b\u00f6lgesel trenlerde kapasite art\u0131\u015f\u0131 yap\u0131ld\u0131\u011f\u0131n\u0131 kaydetti.<br \/>\nAnkara-\u0130stanbul-Ankara g\u00fczergah\u0131nda ilave YHT seferleri d\u00fczenlenece\u011fini bildiren Uralo\u011flu, bayram d\u00f6neminde artan yolculuk talebini kar\u015f\u0131lamak \u00fczere 28-29 Mart ve 1 Nisan 2025 tarihlerinde Ankara ve \u0130stanbul aras\u0131nda ek YHT seferleri d\u00fczenleyeceklerini a\u00e7\u0131klarken, &#8220;Kar\u015f\u0131l\u0131kl\u0131 6 sefer olarak planlad\u0131\u011f\u0131m\u0131z seferler, Ankara\u0092&#8217;dan saat 09.40&#8217;\u0092ta ve \u0130stanbul S\u00f6\u011f\u00fctl\u00fc\u00e7e\u015fme\u0092&#8217;den saat 18.00&#8217;\u0092de hareket edecek. B\u00f6ylelikle 3 g\u00fcn i\u00e7in toplam 2 bin 466 ilave koltuk kapasitesi sa\u011flayaca\u011f\u0131z.&#8221; dedi.<br \/>\nAnahat ve b\u00f6lgesel trenlerde de kapasite art\u0131\u015f\u0131na gidildi\u011fi bilgisini veren Bakan Uralo\u011flu, 27 Mart-1 Nisan 2025 tarihleri aras\u0131nda s\u00f6z konusu trenlere vagon ilave ederek kapasite art\u0131\u015f\u0131 sa\u011flayacaklar\u0131n\u0131 s\u00f6yledi.<\/p>\n<p>Bakan Uralo\u011flu, \u0130zmir Mavi Ekspresi, Do\u011fu Ekspresi, G\u00fcney\/Vang\u00f6l\u00fc Ekspresi, Konya Mavi Ekspresi, Ege Ekspresi, Erciyes Ekspresi, 6 Eyl\u00fcl Ekspresi, 17 Eyl\u00fcl Ekspresi, Pamukkale Ekspresi, Ankara Ekspresi, Uzunk\u00f6pr\u00fc-Halkal\u0131 B\u00f6lgesel Treni ve Edirne-Halkal\u0131 B\u00f6lgesel Treni\u0092ne ilave edilecek toplam 172 vagonla 10 bin 320 koltuk kapasitesi art\u0131\u015f\u0131 sa\u011flayacaklar\u0131n\u0131 kaydetti.<br \/>\n\u0093Ek YHT seferleri ile anahat ve b\u00f6lgesel trenlere eklenecek vagonlarla 12 bin 786 ki\u015filik ilave kapasite art\u0131\u015f\u0131 \u00f6n g\u00f6r\u00fcl\u00fcyor.<\/p>\n<p>\u200bRamazan Bayram\u0131 dolay\u0131s\u0131yla artan yolcu talebinin kar\u015f\u0131lanabilmesi i\u00e7in trenlerde toplam 12 bin 786 ki\u015filik ek kapasite art\u0131\u015f\u0131 yap\u0131lacak. Ankara-\u0130stanbul-Ankara g\u00fczergah\u0131na 6 ek YHT seferi ile anahat ve b\u00f6lgesel trenlere 172 vagon ilave edilecek.ANKARA (\u0130GFA) &#8211; Ula\u015ft\u0131rma ve Altyap\u0131 Bakan\u0131 Abdulkadir Uralo\u011flu, Ramazan Bayram\u0131 dolay\u0131s\u0131yla artan yolcu talebini kar\u015f\u0131lamak i\u00e7in y\u00fcksek h\u0131zl\u0131 tren, anahat ve b\u00f6lgesel trenlerde kapasite art\u0131\u015f\u0131 yap\u0131ld\u0131\u011f\u0131n\u0131 kaydetti.<br \/>\nAnkara-\u0130stanbul-Ankara g\u00fczergah\u0131nda ilave YHT seferleri d\u00fczenlenece\u011fini bildiren Uralo\u011flu, bayram d\u00f6neminde artan yolculuk talebini kar\u015f\u0131lamak \u00fczere 28-29 Mart ve 1 Nisan 2025 tarihlerinde Ankara ve \u0130stanbul aras\u0131nda ek YHT seferleri d\u00fczenleyeceklerini a\u00e7\u0131klarken, &#8220;Kar\u015f\u0131l\u0131kl\u0131 6 sefer olarak planlad\u0131\u011f\u0131m\u0131z seferler, Ankara\u0092&#8217;dan saat 09.40&#8217;\u0092ta ve \u0130stanbul S\u00f6\u011f\u00fctl\u00fc\u00e7e\u015fme\u0092&#8217;den saat 18.00&#8217;\u0092de hareket edecek. B\u00f6ylelikle 3 g\u00fcn i\u00e7in toplam 2 bin 466 ilave koltuk kapasitesi sa\u011flayaca\u011f\u0131z.&#8221; dedi.<br \/>\nAnahat ve b\u00f6lgesel trenlerde de kapasite art\u0131\u015f\u0131na gidildi\u011fi bilgisini veren Bakan Uralo\u011flu, 27 Mart-1 Nisan 2025 tarihleri aras\u0131nda s\u00f6z konusu trenlere vagon ilave ederek kapasite art\u0131\u015f\u0131 sa\u011flayacaklar\u0131n\u0131 s\u00f6yledi.<\/p>\n<p>Bakan Uralo\u011flu, \u0130zmir Mavi Ekspresi, Do\u011fu Ekspresi, G\u00fcney\/Vang\u00f6l\u00fc Ekspresi, Konya Mavi Ekspresi, Ege Ekspresi, Erciyes Ekspresi, 6 Eyl\u00fcl Ekspresi, 17 Eyl\u00fcl Ekspresi, Pamukkale Ekspresi, Ankara Ekspresi, Uzunk\u00f6pr\u00fc-Halkal\u0131 B\u00f6lgesel Treni ve Edirne-Halkal\u0131 B\u00f6lgesel Treni\u0092ne ilave edilecek toplam 172 vagonla 10 bin 320 koltuk kapasitesi art\u0131\u015f\u0131 sa\u011flayacaklar\u0131n\u0131 kaydetti.<br \/>\n\u0093Ek YHT seferleri ile anahat ve b\u00f6lgesel trenlere eklenecek vagonlarla 12 bin 786 ki\u015filik ilave kapasite art\u0131\u015f\u0131 \u00f6n g\u00f6r\u00fcl\u00fcyor.\u00a0<\/p>\n<p>\u200bHaberin Al\u0131nt\u0131land\u0131\u011f\u0131 Kaynak: www.iskenderun.org<\/p>","protected":false},"excerpt":{"rendered":"<p>Ramazan Bayram\u0131 dolay\u0131s\u0131yla artan yolcu talebinin kar\u015f\u0131lanabilmesi i\u00e7in trenlerde toplam 12 bin 786 ki\u015filik ek kapasite art\u0131\u015f\u0131 yap\u0131lacak. Ankara-\u0130stanbul-Ankara g\u00fczergah\u0131na 6 ek YHT seferi ile anahat ve b\u00f6lgesel trenlere 172 vagon ilave edilecek.ANKARA (\u0130GFA) &#8211; Ula\u015ft\u0131rma ve Altyap\u0131 Bakan\u0131 Abdulkadir Uralo\u011flu, Ramazan Bayram\u0131 dolay\u0131s\u0131yla artan yolcu talebini kar\u015f\u0131lamak i\u00e7in y\u00fcksek h\u0131zl\u0131 tren, anahat ve b\u00f6lgesel trenlerde kapasite art\u0131\u015f\u0131 yap\u0131ld\u0131\u011f\u0131n\u0131 kaydetti. Ankara-\u0130stanbul-Ankara g\u00fczergah\u0131nda ilave YHT seferleri d\u00fczenlenece\u011fini bildiren Uralo\u011flu, bayram d\u00f6neminde artan yolculuk talebini kar\u015f\u0131lamak \u00fczere 28-29 Mart ve 1 Nisan 2025 tarihlerinde Ankara ve \u0130stanbul aras\u0131nda ek YHT seferleri d\u00fczenleyeceklerini a\u00e7\u0131klarken, &#8220;Kar\u015f\u0131l\u0131kl\u0131 6 sefer olarak planlad\u0131\u011f\u0131m\u0131z seferler, Ankara\u0092&#8217;dan saat 09.40&#8217;\u0092ta ve \u0130stanbul S\u00f6\u011f\u00fctl\u00fc\u00e7e\u015fme\u0092&#8217;den saat 18.00&#8217;\u0092de hareket edecek. B\u00f6ylelikle 3 g\u00fcn i\u00e7in toplam 2 bin 466 ilave koltuk kapasitesi sa\u011flayaca\u011f\u0131z.&#8221; dedi. Anahat ve b\u00f6lgesel trenlerde de kapasite art\u0131\u015f\u0131na gidildi\u011fi bilgisini veren Bakan Uralo\u011flu, 27 Mart-1 Nisan 2025 tarihleri aras\u0131nda s\u00f6z konusu trenlere vagon ilave ederek kapasite art\u0131\u015f\u0131 sa\u011flayacaklar\u0131n\u0131 s\u00f6yledi. Bakan Uralo\u011flu, \u0130zmir Mavi Ekspresi, Do\u011fu Ekspresi, G\u00fcney\/Vang\u00f6l\u00fc Ekspresi, Konya Mavi Ekspresi, Ege Ekspresi, Erciyes Ekspresi, 6 Eyl\u00fcl Ekspresi, 17 Eyl\u00fcl Ekspresi, Pamukkale Ekspresi, Ankara Ekspresi, Uzunk\u00f6pr\u00fc-Halkal\u0131 B\u00f6lgesel Treni ve Edirne-Halkal\u0131 B\u00f6lgesel Treni\u0092ne ilave edilecek toplam 172 vagonla 10 bin 320 koltuk kapasitesi art\u0131\u015f\u0131 sa\u011flayacaklar\u0131n\u0131 kaydetti. \u0093Ek YHT seferleri ile anahat ve &hellip;<\/p>","protected":false},"author":1,"featured_media":0,"comment_status":"","ping_status":"open","sticky":false,"template":"","format":"standard","meta":{"_acf_changed":false,"footnotes":""},"categories":[24],"tags":[],"class_list":["post-36721","post","type-post","status-publish","format-standard","has-post-thumbnail","hentry","category-gundem"],"acf":[],"yoast_head":"<!-- This site is optimized with the Yoast SEO Premium plugin v26.6 (Yoast SEO v27.1.1) - https:\/\/yoast.com\/product\/yoast-seo-premium-wordpress\/ -->\n<title>Trenlere bayraml\u0131k kapasite art\u0131\u015f\u0131! \u00dc\u00e7 g\u00fcnl\u00fck ek seferler planland\u0131 - Av. Deniz Can K\u0131z\u0131l<\/title>\n<meta name=\"robots\" content=\"index, follow, max-snippet:-1, max-image-preview:large, max-video-preview:-1\" \/>\n<link rel=\"canonical\" href=\"https:\/\/denizcankizil.tr\/de\/haberler\/gundem\/trenlere-bayramlik-kapasite-artisi-uc-gunluk-ek-seferler-planlandi\/\" \/>\n<meta property=\"og:locale\" content=\"de_DE\" \/>\n<meta property=\"og:type\" content=\"article\" \/>\n<meta property=\"og:title\" content=\"Trenlere bayraml\u0131k kapasite art\u0131\u015f\u0131! \u00dc\u00e7 g\u00fcnl\u00fck ek seferler planland\u0131\" \/>\n<meta property=\"og:description\" content=\"Ramazan Bayram\u0131 dolay\u0131s\u0131yla artan yolcu talebinin kar\u015f\u0131lanabilmesi i\u00e7in trenlerde toplam 12 bin 786 ki\u015filik ek kapasite art\u0131\u015f\u0131 yap\u0131lacak. Ankara-\u0130stanbul-Ankara g\u00fczergah\u0131na 6 ek YHT seferi ile anahat ve b\u00f6lgesel trenlere 172 vagon ilave edilecek.ANKARA (\u0130GFA) &#8211; Ula\u015ft\u0131rma ve Altyap\u0131 Bakan\u0131 Abdulkadir Uralo\u011flu, Ramazan Bayram\u0131 dolay\u0131s\u0131yla artan yolcu talebini kar\u015f\u0131lamak i\u00e7in y\u00fcksek h\u0131zl\u0131 tren, anahat ve b\u00f6lgesel trenlerde kapasite art\u0131\u015f\u0131 yap\u0131ld\u0131\u011f\u0131n\u0131 kaydetti. Ankara-\u0130stanbul-Ankara g\u00fczergah\u0131nda ilave YHT seferleri d\u00fczenlenece\u011fini bildiren Uralo\u011flu, bayram d\u00f6neminde artan yolculuk talebini kar\u015f\u0131lamak \u00fczere 28-29 Mart ve 1 Nisan 2025 tarihlerinde Ankara ve \u0130stanbul aras\u0131nda ek YHT seferleri d\u00fczenleyeceklerini a\u00e7\u0131klarken, &#8220;Kar\u015f\u0131l\u0131kl\u0131 6 sefer olarak planlad\u0131\u011f\u0131m\u0131z seferler, Ankara\u0092&#8217;dan saat 09.40&#8217;\u0092ta ve \u0130stanbul S\u00f6\u011f\u00fctl\u00fc\u00e7e\u015fme\u0092&#8217;den saat 18.00&#8217;\u0092de hareket edecek. B\u00f6ylelikle 3 g\u00fcn i\u00e7in toplam 2 bin 466 ilave koltuk kapasitesi sa\u011flayaca\u011f\u0131z.&#8221; dedi. Anahat ve b\u00f6lgesel trenlerde de kapasite art\u0131\u015f\u0131na gidildi\u011fi bilgisini veren Bakan Uralo\u011flu, 27 Mart-1 Nisan 2025 tarihleri aras\u0131nda s\u00f6z konusu trenlere vagon ilave ederek kapasite art\u0131\u015f\u0131 sa\u011flayacaklar\u0131n\u0131 s\u00f6yledi. Bakan Uralo\u011flu, \u0130zmir Mavi Ekspresi, Do\u011fu Ekspresi, G\u00fcney\/Vang\u00f6l\u00fc Ekspresi, Konya Mavi Ekspresi, Ege Ekspresi, Erciyes Ekspresi, 6 Eyl\u00fcl Ekspresi, 17 Eyl\u00fcl Ekspresi, Pamukkale Ekspresi, Ankara Ekspresi, Uzunk\u00f6pr\u00fc-Halkal\u0131 B\u00f6lgesel Treni ve Edirne-Halkal\u0131 B\u00f6lgesel Treni\u0092ne ilave edilecek toplam 172 vagonla 10 bin 320 koltuk kapasitesi art\u0131\u015f\u0131 sa\u011flayacaklar\u0131n\u0131 kaydetti. \u0093Ek YHT seferleri ile anahat ve &hellip;\" \/>\n<meta property=\"og:url\" content=\"https:\/\/denizcankizil.tr\/de\/haberler\/gundem\/trenlere-bayramlik-kapasite-artisi-uc-gunluk-ek-seferler-planlandi\/\" \/>\n<meta property=\"og:site_name\" content=\"Av. Deniz Can K\u0131z\u0131l\" \/>\n<meta property=\"article:published_time\" content=\"2025-03-24T06:41:33+00:00\" \/>\n<meta name=\"author\" content=\"admin\" \/>\n<meta name=\"twitter:card\" content=\"summary_large_image\" \/>\n<meta name=\"twitter:label1\" content=\"Verfasst von\" \/>\n\t<meta name=\"twitter:data1\" content=\"admin\" \/>\n\t<meta name=\"twitter:label2\" content=\"Gesch\u00e4tzte Lesezeit\" \/>\n\t<meta name=\"twitter:data2\" content=\"3\u00a0Minuten\" \/>\n<script type=\"application\/ld+json\" class=\"yoast-schema-graph\">{\"@context\":\"https:\/\/schema.org\",\"@graph\":[{\"@type\":\"Article\",\"@id\":\"https:\/\/denizcankizil.tr\/de\/haberler\/gundem\/trenlere-bayramlik-kapasite-artisi-uc-gunluk-ek-seferler-planlandi\/#article\",\"isPartOf\":{\"@id\":\"https:\/\/denizcankizil.tr\/de\/haberler\/gundem\/trenlere-bayramlik-kapasite-artisi-uc-gunluk-ek-seferler-planlandi\/\"},\"author\":{\"name\":\"admin\",\"@id\":\"https:\/\/denizcankizil.tr\/de\/#\/schema\/person\/be3c05fe6a12686905512445d8185489\"},\"headline\":\"Trenlere bayraml\u0131k kapasite art\u0131\u015f\u0131! \u00dc\u00e7 g\u00fcnl\u00fck ek seferler planland\u0131\",\"datePublished\":\"2025-03-24T06:41:33+00:00\",\"mainEntityOfPage\":{\"@id\":\"https:\/\/denizcankizil.tr\/de\/haberler\/gundem\/trenlere-bayramlik-kapasite-artisi-uc-gunluk-ek-seferler-planlandi\/\"},\"wordCount\":559,\"publisher\":{\"@id\":\"https:\/\/denizcankizil.tr\/de\/#organization\"},\"articleSection\":[\"G\u00fcndem\"],\"inLanguage\":\"de\"},{\"@type\":\"WebPage\",\"@id\":\"https:\/\/denizcankizil.tr\/de\/haberler\/gundem\/trenlere-bayramlik-kapasite-artisi-uc-gunluk-ek-seferler-planlandi\/\",\"url\":\"https:\/\/denizcankizil.tr\/de\/haberler\/gundem\/trenlere-bayramlik-kapasite-artisi-uc-gunluk-ek-seferler-planlandi\/\",\"name\":\"Trenlere bayraml\u0131k kapasite art\u0131\u015f\u0131! \u00dc\u00e7 g\u00fcnl\u00fck ek seferler planland\u0131 - Av. Deniz Can K\u0131z\u0131l\",\"isPartOf\":{\"@id\":\"https:\/\/denizcankizil.tr\/de\/#website\"},\"datePublished\":\"2025-03-24T06:41:33+00:00\",\"breadcrumb\":{\"@id\":\"https:\/\/denizcankizil.tr\/de\/haberler\/gundem\/trenlere-bayramlik-kapasite-artisi-uc-gunluk-ek-seferler-planlandi\/#breadcrumb\"},\"inLanguage\":\"de\",\"potentialAction\":[{\"@type\":\"ReadAction\",\"target\":[\"https:\/\/denizcankizil.tr\/de\/haberler\/gundem\/trenlere-bayramlik-kapasite-artisi-uc-gunluk-ek-seferler-planlandi\/\"]}]},{\"@type\":\"BreadcrumbList\",\"@id\":\"https:\/\/denizcankizil.tr\/de\/haberler\/gundem\/trenlere-bayramlik-kapasite-artisi-uc-gunluk-ek-seferler-planlandi\/#breadcrumb\",\"itemListElement\":[{\"@type\":\"ListItem\",\"position\":1,\"name\":\"Home\",\"item\":\"https:\/\/denizcankizil.tr\/de\/\"},{\"@type\":\"ListItem\",\"position\":2,\"name\":\"Trenlere bayraml\u0131k kapasite art\u0131\u015f\u0131! \u00dc\u00e7 g\u00fcnl\u00fck ek seferler planland\u0131\"}]},{\"@type\":\"WebSite\",\"@id\":\"https:\/\/denizcankizil.tr\/de\/#website\",\"url\":\"https:\/\/denizcankizil.tr\/de\/\",\"name\":\"Av. Deniz Can K\u0131z\u0131l\",\"description\":\"Avukat Deniz Can K\u0131z\u0131l Antalya Barosu\",\"publisher\":{\"@id\":\"https:\/\/denizcankizil.tr\/de\/#organization\"},\"potentialAction\":[{\"@type\":\"SearchAction\",\"target\":{\"@type\":\"EntryPoint\",\"urlTemplate\":\"https:\/\/denizcankizil.tr\/de\/?s={search_term_string}\"},\"query-input\":{\"@type\":\"PropertyValueSpecification\",\"valueRequired\":true,\"valueName\":\"search_term_string\"}}],\"inLanguage\":\"de\"},{\"@type\":\"Organization\",\"@id\":\"https:\/\/denizcankizil.tr\/de\/#organization\",\"name\":\"Av. Deniz Can K\u0131z\u0131l\",\"url\":\"https:\/\/denizcankizil.tr\/de\/\",\"logo\":{\"@type\":\"ImageObject\",\"inLanguage\":\"de\",\"@id\":\"https:\/\/denizcankizil.tr\/de\/#\/schema\/logo\/image\/\",\"url\":\"https:\/\/denizcankizil.tr\/wp-content\/uploads\/2024\/10\/siyah-logo-svg.svg\",\"contentUrl\":\"https:\/\/denizcankizil.tr\/wp-content\/uploads\/2024\/10\/siyah-logo-svg.svg\",\"width\":1080,\"height\":1080,\"caption\":\"Av. Deniz Can K\u0131z\u0131l\"},\"image\":{\"@id\":\"https:\/\/denizcankizil.tr\/de\/#\/schema\/logo\/image\/\"}},{\"@type\":\"Person\",\"@id\":\"https:\/\/denizcankizil.tr\/de\/#\/schema\/person\/be3c05fe6a12686905512445d8185489\",\"name\":\"admin\",\"image\":{\"@type\":\"ImageObject\",\"inLanguage\":\"de\",\"@id\":\"https:\/\/denizcankizil.tr\/de\/#\/schema\/person\/image\/\",\"url\":\"https:\/\/secure.gravatar.com\/avatar\/c1fce94c830dc79107e174f890d7210541c4a63e8e5d816341794a2151c9d58c?s=96&d=mm&r=g\",\"contentUrl\":\"https:\/\/secure.gravatar.com\/avatar\/c1fce94c830dc79107e174f890d7210541c4a63e8e5d816341794a2151c9d58c?s=96&d=mm&r=g\",\"caption\":\"admin\"},\"sameAs\":[\"http:\/\/denizcankizil.tr\"],\"url\":\"https:\/\/www.iskenderun.org\/trenlere-bayramlik-kapasite-artisi-uc-gunluk-ek-seferler-planlandi\"}]}<\/script>\n<!-- \/ Yoast SEO Premium plugin. -->","yoast_head_json":{"title":"Trenlere bayraml\u0131k kapasite art\u0131\u015f\u0131! \u00dc\u00e7 g\u00fcnl\u00fck ek seferler planland\u0131 - Av. Deniz Can K\u0131z\u0131l","robots":{"index":"index","follow":"follow","max-snippet":"max-snippet:-1","max-image-preview":"max-image-preview:large","max-video-preview":"max-video-preview:-1"},"canonical":"https:\/\/denizcankizil.tr\/de\/haberler\/gundem\/trenlere-bayramlik-kapasite-artisi-uc-gunluk-ek-seferler-planlandi\/","og_locale":"de_DE","og_type":"article","og_title":"Trenlere bayraml\u0131k kapasite art\u0131\u015f\u0131! \u00dc\u00e7 g\u00fcnl\u00fck ek seferler planland\u0131","og_description":"Ramazan Bayram\u0131 dolay\u0131s\u0131yla artan yolcu talebinin kar\u015f\u0131lanabilmesi i\u00e7in trenlerde toplam 12 bin 786 ki\u015filik ek kapasite art\u0131\u015f\u0131 yap\u0131lacak. Ankara-\u0130stanbul-Ankara g\u00fczergah\u0131na 6 ek YHT seferi ile anahat ve b\u00f6lgesel trenlere 172 vagon ilave edilecek.ANKARA (\u0130GFA) &#8211; Ula\u015ft\u0131rma ve Altyap\u0131 Bakan\u0131 Abdulkadir Uralo\u011flu, Ramazan Bayram\u0131 dolay\u0131s\u0131yla artan yolcu talebini kar\u015f\u0131lamak i\u00e7in y\u00fcksek h\u0131zl\u0131 tren, anahat ve b\u00f6lgesel trenlerde kapasite art\u0131\u015f\u0131 yap\u0131ld\u0131\u011f\u0131n\u0131 kaydetti. Ankara-\u0130stanbul-Ankara g\u00fczergah\u0131nda ilave YHT seferleri d\u00fczenlenece\u011fini bildiren Uralo\u011flu, bayram d\u00f6neminde artan yolculuk talebini kar\u015f\u0131lamak \u00fczere 28-29 Mart ve 1 Nisan 2025 tarihlerinde Ankara ve \u0130stanbul aras\u0131nda ek YHT seferleri d\u00fczenleyeceklerini a\u00e7\u0131klarken, &#8220;Kar\u015f\u0131l\u0131kl\u0131 6 sefer olarak planlad\u0131\u011f\u0131m\u0131z seferler, Ankara\u0092&#8217;dan saat 09.40&#8217;\u0092ta ve \u0130stanbul S\u00f6\u011f\u00fctl\u00fc\u00e7e\u015fme\u0092&#8217;den saat 18.00&#8217;\u0092de hareket edecek. B\u00f6ylelikle 3 g\u00fcn i\u00e7in toplam 2 bin 466 ilave koltuk kapasitesi sa\u011flayaca\u011f\u0131z.&#8221; dedi. Anahat ve b\u00f6lgesel trenlerde de kapasite art\u0131\u015f\u0131na gidildi\u011fi bilgisini veren Bakan Uralo\u011flu, 27 Mart-1 Nisan 2025 tarihleri aras\u0131nda s\u00f6z konusu trenlere vagon ilave ederek kapasite art\u0131\u015f\u0131 sa\u011flayacaklar\u0131n\u0131 s\u00f6yledi. Bakan Uralo\u011flu, \u0130zmir Mavi Ekspresi, Do\u011fu Ekspresi, G\u00fcney\/Vang\u00f6l\u00fc Ekspresi, Konya Mavi Ekspresi, Ege Ekspresi, Erciyes Ekspresi, 6 Eyl\u00fcl Ekspresi, 17 Eyl\u00fcl Ekspresi, Pamukkale Ekspresi, Ankara Ekspresi, Uzunk\u00f6pr\u00fc-Halkal\u0131 B\u00f6lgesel Treni ve Edirne-Halkal\u0131 B\u00f6lgesel Treni\u0092ne ilave edilecek toplam 172 vagonla 10 bin 320 koltuk kapasitesi art\u0131\u015f\u0131 sa\u011flayacaklar\u0131n\u0131 kaydetti. \u0093Ek YHT seferleri ile anahat ve &hellip;","og_url":"https:\/\/denizcankizil.tr\/de\/haberler\/gundem\/trenlere-bayramlik-kapasite-artisi-uc-gunluk-ek-seferler-planlandi\/","og_site_name":"Av. Deniz Can K\u0131z\u0131l","article_published_time":"2025-03-24T06:41:33+00:00","author":"admin","twitter_card":"summary_large_image","twitter_misc":{"Verfasst von":"admin","Gesch\u00e4tzte Lesezeit":"3\u00a0Minuten"},"schema":{"@context":"https:\/\/schema.org","@graph":[{"@type":"Article","@id":"https:\/\/denizcankizil.tr\/de\/haberler\/gundem\/trenlere-bayramlik-kapasite-artisi-uc-gunluk-ek-seferler-planlandi\/#article","isPartOf":{"@id":"https:\/\/denizcankizil.tr\/de\/haberler\/gundem\/trenlere-bayramlik-kapasite-artisi-uc-gunluk-ek-seferler-planlandi\/"},"author":{"name":"admin","@id":"https:\/\/denizcankizil.tr\/de\/#\/schema\/person\/be3c05fe6a12686905512445d8185489"},"headline":"Trenlere bayraml\u0131k kapasite art\u0131\u015f\u0131! \u00dc\u00e7 g\u00fcnl\u00fck ek seferler planland\u0131","datePublished":"2025-03-24T06:41:33+00:00","mainEntityOfPage":{"@id":"https:\/\/denizcankizil.tr\/de\/haberler\/gundem\/trenlere-bayramlik-kapasite-artisi-uc-gunluk-ek-seferler-planlandi\/"},"wordCount":559,"publisher":{"@id":"https:\/\/denizcankizil.tr\/de\/#organization"},"articleSection":["G\u00fcndem"],"inLanguage":"de"},{"@type":"WebPage","@id":"https:\/\/denizcankizil.tr\/de\/haberler\/gundem\/trenlere-bayramlik-kapasite-artisi-uc-gunluk-ek-seferler-planlandi\/","url":"https:\/\/denizcankizil.tr\/de\/haberler\/gundem\/trenlere-bayramlik-kapasite-artisi-uc-gunluk-ek-seferler-planlandi\/","name":"Trenlere bayraml\u0131k kapasite art\u0131\u015f\u0131! \u00dc\u00e7 g\u00fcnl\u00fck ek seferler planland\u0131 - Av. Deniz Can K\u0131z\u0131l","isPartOf":{"@id":"https:\/\/denizcankizil.tr\/de\/#website"},"datePublished":"2025-03-24T06:41:33+00:00","breadcrumb":{"@id":"https:\/\/denizcankizil.tr\/de\/haberler\/gundem\/trenlere-bayramlik-kapasite-artisi-uc-gunluk-ek-seferler-planlandi\/#breadcrumb"},"inLanguage":"de","potentialAction":[{"@type":"ReadAction","target":["https:\/\/denizcankizil.tr\/de\/haberler\/gundem\/trenlere-bayramlik-kapasite-artisi-uc-gunluk-ek-seferler-planlandi\/"]}]},{"@type":"BreadcrumbList","@id":"https:\/\/denizcankizil.tr\/de\/haberler\/gundem\/trenlere-bayramlik-kapasite-artisi-uc-gunluk-ek-seferler-planlandi\/#breadcrumb","itemListElement":[{"@type":"ListItem","position":1,"name":"Home","item":"https:\/\/denizcankizil.tr\/de\/"},{"@type":"ListItem","position":2,"name":"Trenlere bayraml\u0131k kapasite art\u0131\u015f\u0131! \u00dc\u00e7 g\u00fcnl\u00fck ek seferler planland\u0131"}]},{"@type":"WebSite","@id":"https:\/\/denizcankizil.tr\/de\/#website","url":"https:\/\/denizcankizil.tr\/de\/","name":"Av. Deniz Can K\u0131z\u0131l","description":"Avukat Deniz Can K\u0131z\u0131l Antalya Barosu","publisher":{"@id":"https:\/\/denizcankizil.tr\/de\/#organization"},"potentialAction":[{"@type":"SearchAction","target":{"@type":"EntryPoint","urlTemplate":"https:\/\/denizcankizil.tr\/de\/?s={search_term_string}"},"query-input":{"@type":"PropertyValueSpecification","valueRequired":true,"valueName":"search_term_string"}}],"inLanguage":"de"},{"@type":"Organization","@id":"https:\/\/denizcankizil.tr\/de\/#organization","name":"Av. Deniz Can K\u0131z\u0131l","url":"https:\/\/denizcankizil.tr\/de\/","logo":{"@type":"ImageObject","inLanguage":"de","@id":"https:\/\/denizcankizil.tr\/de\/#\/schema\/logo\/image\/","url":"https:\/\/denizcankizil.tr\/wp-content\/uploads\/2024\/10\/siyah-logo-svg.svg","contentUrl":"https:\/\/denizcankizil.tr\/wp-content\/uploads\/2024\/10\/siyah-logo-svg.svg","width":1080,"height":1080,"caption":"Av. Deniz Can K\u0131z\u0131l"},"image":{"@id":"https:\/\/denizcankizil.tr\/de\/#\/schema\/logo\/image\/"}},{"@type":"Person","@id":"https:\/\/denizcankizil.tr\/de\/#\/schema\/person\/be3c05fe6a12686905512445d8185489","name":"Administrator","image":{"@type":"ImageObject","inLanguage":"de","@id":"https:\/\/denizcankizil.tr\/de\/#\/schema\/person\/image\/","url":"https:\/\/secure.gravatar.com\/avatar\/c1fce94c830dc79107e174f890d7210541c4a63e8e5d816341794a2151c9d58c?s=96&d=mm&r=g","contentUrl":"https:\/\/secure.gravatar.com\/avatar\/c1fce94c830dc79107e174f890d7210541c4a63e8e5d816341794a2151c9d58c?s=96&d=mm&r=g","caption":"admin"},"sameAs":["http:\/\/denizcankizil.tr"],"url":"https:\/\/www.iskenderun.org\/trenlere-bayramlik-kapasite-artisi-uc-gunluk-ek-seferler-planlandi"}]}},"_links":{"self":[{"href":"https:\/\/denizcankizil.tr\/de\/wp-json\/wp\/v2\/posts\/36721","targetHints":{"allow":["GET"]}}],"collection":[{"href":"https:\/\/denizcankizil.tr\/de\/wp-json\/wp\/v2\/posts"}],"about":[{"href":"https:\/\/denizcankizil.tr\/de\/wp-json\/wp\/v2\/types\/post"}],"author":[{"embeddable":true,"href":"https:\/\/denizcankizil.tr\/de\/wp-json\/wp\/v2\/users\/1"}],"replies":[{"embeddable":true,"href":"https:\/\/denizcankizil.tr\/de\/wp-json\/wp\/v2\/comments?post=36721"}],"version-history":[{"count":0,"href":"https:\/\/denizcankizil.tr\/de\/wp-json\/wp\/v2\/posts\/36721\/revisions"}],"wp:attachment":[{"href":"https:\/\/denizcankizil.tr\/de\/wp-json\/wp\/v2\/media?parent=36721"}],"wp:term":[{"taxonomy":"category","embeddable":true,"href":"https:\/\/denizcankizil.tr\/de\/wp-json\/wp\/v2\/categories?post=36721"},{"taxonomy":"post_tag","embeddable":true,"href":"https:\/\/denizcankizil.tr\/de\/wp-json\/wp\/v2\/tags?post=36721"}],"curies":[{"name":"wp","href":"https:\/\/api.w.org\/{rel}","templated":true}]}}