{"id":36617,"date":"2025-03-23T09:41:32","date_gmt":"2025-03-23T06:41:32","guid":{"rendered":"https:\/\/denizcankizil.tr\/uncategorized-tr\/yurtta-bugun-hava-nasil-olacak-3\/"},"modified":"2025-03-23T09:41:32","modified_gmt":"2025-03-23T06:41:32","slug":"yurtta-bugun-hava-nasil-olacak-3","status":"publish","type":"post","link":"https:\/\/denizcankizil.tr\/de\/haberler\/gundem\/yurtta-bugun-hava-nasil-olacak-3\/","title":{"rendered":"Yurtta bug\u00fcn hava nas\u0131l olacak?"},"content":{"rendered":"<p>Meteoroloji&#8217;nin g\u00fcnl\u00fck hava tahmin raporuna g\u00f6re s\u0131cakl\u0131klarla ilgili bat\u0131 kesimlerde \u00f6nemli bir de\u011fi\u015fiklik olmazken, di\u011fer yerlerde 6-8 derece artmas\u0131 tahmin ediliyor. Ya\u011f\u0131\u015flar\u0131n k\u0131y\u0131larda ya\u011fmur ve sa\u011fanak, i\u00e7 kesimlerde ise karla kar\u0131\u015f\u0131k ya\u011fmur ve kar \u015feklinde olmas\u0131 bekleniyor.BURSA (\u0130GFA) &#8211; Meteoroloji Genel M\u00fcd\u00fcrl\u00fc\u011f\u00fc, 23 Mart Pazar g\u00fcn\u00fcne ili\u015fkin hava tahmin raporunu yay\u0131mlad\u0131.\u00a0<br \/>\nBuna g\u00f6re T\u00fcrkiye&#8217;nin kuzey ve bat\u0131 kesimlerinin par\u00e7al\u0131 ve \u00e7ok bulutlu, Edirne, \u00c7anakkale, Bal\u0131kesir, \u0130zmir, Manisa, U\u015fak, Rize, Artvin ve Ardahan \u00e7evrelerinin ya\u011f\u0131\u015fl\u0131, di\u011fer yerlerin az bulutlu ge\u00e7ece\u011fi tahmin edilirken, ya\u011f\u0131\u015flar\u0131n k\u0131y\u0131larda ya\u011fmur ve sa\u011fanak, i\u00e7 kesimlerde karla kar\u0131\u015f\u0131k ya\u011fmur ve kar \u015feklinde olmas\u0131 bekleniyor.<\/p>\n<p>Sabah ve gece saatlerinde i\u00e7 ve do\u011fu kesimlerde buzlanma ve don ile birlikte pus ve yer yer sis beklendi\u011fi yurtta, Do\u011fu Karadeniz\u2019in i\u00e7 kesimleri ile Do\u011fu Anadolu\u2019nun y\u00fcksek kar \u00f6rt\u00fcs\u00fcne sahip e\u011fimli yama\u00e7lar\u0131nda \u00e7\u0131\u011f tehlikesi bulunuyor.<br \/>\nR\u00fczgar\u0131n ise genellikle g\u00fcneyli, G\u00fcneydo\u011fu Anadolu&#8217;da kuzeyli y\u00f6nlerden, hafif, ara s\u0131ra orta kuvvette esmesi bekleniyor.<\/p>\n<p>Z\u0130RA\u0130 DON UYARISI<br \/>\n\u00d6te yandan yap\u0131lan son de\u011ferlendirmelere g\u00f6re; \u0130\u00e7 Anadolu&#8217;nun do\u011fusu, Karadeniz&#8217;in i\u00e7 kesimleri ve Do\u011fu Anadolu&#8217;da orta ve yer yer kuvvetli zirai don, \u0130\u00e7 Ege, \u0130\u00e7 Anadolu&#8217;nun bat\u0131s\u0131 ve Akdeniz&#8217;in i\u00e7 kesimlerinde hafif yer yer orta kuvvette zirai don, Pazar g\u00fcn\u00fc gece saatlerinde \u0130\u00e7 Anadolu&#8217;nun do\u011fusu, Do\u011fu Anadolu ve Do\u011fu Karadeniz&#8217;in i\u00e7 kesimlerinde zirai don hadisesi bekleniyor.<br \/>\nTar\u0131msal faaliyetlerle u\u011fra\u015fan vatanda\u015flar\u0131n Meteoroloji Genel M\u00fcd\u00fcrl\u00fc\u011f\u00fc taraf\u0131ndan il ve il\u00e7eler i\u00e7in haz\u0131rlanan s\u0131cakl\u0131k tahminleri dikkatle takip etmeleri ve zirai don tehlikesine kar\u015f\u0131 tedbirli olmalar\u0131 istendi.<\/p>\n<p>\u200bMeteoroloji&#8217;nin g\u00fcnl\u00fck hava tahmin raporuna g\u00f6re s\u0131cakl\u0131klarla ilgili bat\u0131 kesimlerde \u00f6nemli bir de\u011fi\u015fiklik olmazken, di\u011fer yerlerde 6-8 derece artmas\u0131 tahmin ediliyor. Ya\u011f\u0131\u015flar\u0131n k\u0131y\u0131larda ya\u011fmur ve sa\u011fanak, i\u00e7 kesimlerde ise karla kar\u0131\u015f\u0131k ya\u011fmur ve kar \u015feklinde olmas\u0131 bekleniyor.BURSA (\u0130GFA) &#8211; Meteoroloji Genel M\u00fcd\u00fcrl\u00fc\u011f\u00fc, 23 Mart Pazar g\u00fcn\u00fcne ili\u015fkin hava tahmin raporunu yay\u0131mlad\u0131.\u00a0<br \/>\nBuna g\u00f6re T\u00fcrkiye&#8217;nin kuzey ve bat\u0131 kesimlerinin par\u00e7al\u0131 ve \u00e7ok bulutlu, Edirne, \u00c7anakkale, Bal\u0131kesir, \u0130zmir, Manisa, U\u015fak, Rize, Artvin ve Ardahan \u00e7evrelerinin ya\u011f\u0131\u015fl\u0131, di\u011fer yerlerin az bulutlu ge\u00e7ece\u011fi tahmin edilirken, ya\u011f\u0131\u015flar\u0131n k\u0131y\u0131larda ya\u011fmur ve sa\u011fanak, i\u00e7 kesimlerde karla kar\u0131\u015f\u0131k ya\u011fmur ve kar \u015feklinde olmas\u0131 bekleniyor.<\/p>\n<p>Sabah ve gece saatlerinde i\u00e7 ve do\u011fu kesimlerde buzlanma ve don ile birlikte pus ve yer yer sis beklendi\u011fi yurtta, Do\u011fu Karadeniz\u2019in i\u00e7 kesimleri ile Do\u011fu Anadolu\u2019nun y\u00fcksek kar \u00f6rt\u00fcs\u00fcne sahip e\u011fimli yama\u00e7lar\u0131nda \u00e7\u0131\u011f tehlikesi bulunuyor.<br \/>\nR\u00fczgar\u0131n ise genellikle g\u00fcneyli, G\u00fcneydo\u011fu Anadolu&#8217;da kuzeyli y\u00f6nlerden, hafif, ara s\u0131ra orta kuvvette esmesi bekleniyor.<\/p>\n<p>Z\u0130RA\u0130 DON UYARISI<br \/>\n\u00d6te yandan yap\u0131lan son de\u011ferlendirmelere g\u00f6re; \u0130\u00e7 Anadolu&#8217;nun do\u011fusu, Karadeniz&#8217;in i\u00e7 kesimleri ve Do\u011fu Anadolu&#8217;da orta ve yer yer kuvvetli zirai don, \u0130\u00e7 Ege, \u0130\u00e7 Anadolu&#8217;nun bat\u0131s\u0131 ve Akdeniz&#8217;in i\u00e7 kesimlerinde hafif yer yer orta kuvvette zirai don, Pazar g\u00fcn\u00fc gece saatlerinde \u0130\u00e7 Anadolu&#8217;nun do\u011fusu, Do\u011fu Anadolu ve Do\u011fu Karadeniz&#8217;in i\u00e7 kesimlerinde zirai don hadisesi bekleniyor.<br \/>\nTar\u0131msal faaliyetlerle u\u011fra\u015fan vatanda\u015flar\u0131n Meteoroloji Genel M\u00fcd\u00fcrl\u00fc\u011f\u00fc taraf\u0131ndan il ve il\u00e7eler i\u00e7in haz\u0131rlanan s\u0131cakl\u0131k tahminleri dikkatle takip etmeleri ve zirai don tehlikesine kar\u015f\u0131 tedbirli olmalar\u0131 istendi.\u00a0<\/p>\n<p>\u200bHaberin Al\u0131nt\u0131land\u0131\u011f\u0131 Kaynak: www.iskenderun.org<\/p>","protected":false},"excerpt":{"rendered":"<p>Meteoroloji&#8217;nin g\u00fcnl\u00fck hava tahmin raporuna g\u00f6re s\u0131cakl\u0131klarla ilgili bat\u0131 kesimlerde \u00f6nemli bir de\u011fi\u015fiklik olmazken, di\u011fer yerlerde 6-8 derece artmas\u0131 tahmin ediliyor. Ya\u011f\u0131\u015flar\u0131n k\u0131y\u0131larda ya\u011fmur ve sa\u011fanak, i\u00e7 kesimlerde ise karla kar\u0131\u015f\u0131k ya\u011fmur ve kar \u015feklinde olmas\u0131 bekleniyor.BURSA (\u0130GFA) &#8211; Meteoroloji Genel M\u00fcd\u00fcrl\u00fc\u011f\u00fc, 23 Mart Pazar g\u00fcn\u00fcne ili\u015fkin hava tahmin raporunu yay\u0131mlad\u0131.\u00a0 Buna g\u00f6re T\u00fcrkiye&#8217;nin kuzey ve bat\u0131 kesimlerinin par\u00e7al\u0131 ve \u00e7ok bulutlu, Edirne, \u00c7anakkale, Bal\u0131kesir, \u0130zmir, Manisa, U\u015fak, Rize, Artvin ve Ardahan \u00e7evrelerinin ya\u011f\u0131\u015fl\u0131, di\u011fer yerlerin az bulutlu ge\u00e7ece\u011fi tahmin edilirken, ya\u011f\u0131\u015flar\u0131n k\u0131y\u0131larda ya\u011fmur ve sa\u011fanak, i\u00e7 kesimlerde karla kar\u0131\u015f\u0131k ya\u011fmur ve kar \u015feklinde olmas\u0131 bekleniyor. Sabah ve gece saatlerinde i\u00e7 ve do\u011fu kesimlerde buzlanma ve don ile birlikte pus ve yer yer sis beklendi\u011fi yurtta, Do\u011fu Karadeniz\u2019in i\u00e7 kesimleri ile Do\u011fu Anadolu\u2019nun y\u00fcksek kar \u00f6rt\u00fcs\u00fcne sahip e\u011fimli yama\u00e7lar\u0131nda \u00e7\u0131\u011f tehlikesi bulunuyor. R\u00fczgar\u0131n ise genellikle g\u00fcneyli, G\u00fcneydo\u011fu Anadolu&#8217;da kuzeyli y\u00f6nlerden, hafif, ara s\u0131ra orta kuvvette esmesi bekleniyor. Z\u0130RA\u0130 DON UYARISI \u00d6te yandan yap\u0131lan son de\u011ferlendirmelere g\u00f6re; \u0130\u00e7 Anadolu&#8217;nun do\u011fusu, Karadeniz&#8217;in i\u00e7 kesimleri ve Do\u011fu Anadolu&#8217;da orta ve yer yer kuvvetli zirai don, \u0130\u00e7 Ege, \u0130\u00e7 Anadolu&#8217;nun bat\u0131s\u0131 ve Akdeniz&#8217;in i\u00e7 kesimlerinde hafif yer yer orta kuvvette zirai don, Pazar g\u00fcn\u00fc gece saatlerinde \u0130\u00e7 Anadolu&#8217;nun do\u011fusu, Do\u011fu Anadolu ve Do\u011fu Karadeniz&#8217;in &hellip;<\/p>","protected":false},"author":1,"featured_media":0,"comment_status":"","ping_status":"open","sticky":false,"template":"","format":"standard","meta":{"_acf_changed":false,"footnotes":""},"categories":[24],"tags":[],"class_list":["post-36617","post","type-post","status-publish","format-standard","has-post-thumbnail","hentry","category-gundem"],"acf":[],"yoast_head":"<!-- This site is optimized with the Yoast SEO Premium plugin v26.6 (Yoast SEO v27.1.1) - https:\/\/yoast.com\/product\/yoast-seo-premium-wordpress\/ -->\n<title>Yurtta bug\u00fcn hava nas\u0131l olacak? - Av. Deniz Can K\u0131z\u0131l<\/title>\n<meta name=\"robots\" content=\"index, follow, max-snippet:-1, max-image-preview:large, max-video-preview:-1\" \/>\n<link rel=\"canonical\" href=\"https:\/\/denizcankizil.tr\/de\/haberler\/gundem\/yurtta-bugun-hava-nasil-olacak-3\/\" \/>\n<meta property=\"og:locale\" content=\"de_DE\" \/>\n<meta property=\"og:type\" content=\"article\" \/>\n<meta property=\"og:title\" content=\"Yurtta bug\u00fcn hava nas\u0131l olacak?\" \/>\n<meta property=\"og:description\" content=\"Meteoroloji&#8217;nin g\u00fcnl\u00fck hava tahmin raporuna g\u00f6re s\u0131cakl\u0131klarla ilgili bat\u0131 kesimlerde \u00f6nemli bir de\u011fi\u015fiklik olmazken, di\u011fer yerlerde 6-8 derece artmas\u0131 tahmin ediliyor. Ya\u011f\u0131\u015flar\u0131n k\u0131y\u0131larda ya\u011fmur ve sa\u011fanak, i\u00e7 kesimlerde ise karla kar\u0131\u015f\u0131k ya\u011fmur ve kar \u015feklinde olmas\u0131 bekleniyor.BURSA (\u0130GFA) &#8211; Meteoroloji Genel M\u00fcd\u00fcrl\u00fc\u011f\u00fc, 23 Mart Pazar g\u00fcn\u00fcne ili\u015fkin hava tahmin raporunu yay\u0131mlad\u0131.\u00a0 Buna g\u00f6re T\u00fcrkiye&#8217;nin kuzey ve bat\u0131 kesimlerinin par\u00e7al\u0131 ve \u00e7ok bulutlu, Edirne, \u00c7anakkale, Bal\u0131kesir, \u0130zmir, Manisa, U\u015fak, Rize, Artvin ve Ardahan \u00e7evrelerinin ya\u011f\u0131\u015fl\u0131, di\u011fer yerlerin az bulutlu ge\u00e7ece\u011fi tahmin edilirken, ya\u011f\u0131\u015flar\u0131n k\u0131y\u0131larda ya\u011fmur ve sa\u011fanak, i\u00e7 kesimlerde karla kar\u0131\u015f\u0131k ya\u011fmur ve kar \u015feklinde olmas\u0131 bekleniyor. Sabah ve gece saatlerinde i\u00e7 ve do\u011fu kesimlerde buzlanma ve don ile birlikte pus ve yer yer sis beklendi\u011fi yurtta, Do\u011fu Karadeniz\u2019in i\u00e7 kesimleri ile Do\u011fu Anadolu\u2019nun y\u00fcksek kar \u00f6rt\u00fcs\u00fcne sahip e\u011fimli yama\u00e7lar\u0131nda \u00e7\u0131\u011f tehlikesi bulunuyor. R\u00fczgar\u0131n ise genellikle g\u00fcneyli, G\u00fcneydo\u011fu Anadolu&#8217;da kuzeyli y\u00f6nlerden, hafif, ara s\u0131ra orta kuvvette esmesi bekleniyor. Z\u0130RA\u0130 DON UYARISI \u00d6te yandan yap\u0131lan son de\u011ferlendirmelere g\u00f6re; \u0130\u00e7 Anadolu&#8217;nun do\u011fusu, Karadeniz&#8217;in i\u00e7 kesimleri ve Do\u011fu Anadolu&#8217;da orta ve yer yer kuvvetli zirai don, \u0130\u00e7 Ege, \u0130\u00e7 Anadolu&#8217;nun bat\u0131s\u0131 ve Akdeniz&#8217;in i\u00e7 kesimlerinde hafif yer yer orta kuvvette zirai don, Pazar g\u00fcn\u00fc gece saatlerinde \u0130\u00e7 Anadolu&#8217;nun do\u011fusu, Do\u011fu Anadolu ve Do\u011fu Karadeniz&#8217;in &hellip;\" \/>\n<meta property=\"og:url\" content=\"https:\/\/denizcankizil.tr\/de\/haberler\/gundem\/yurtta-bugun-hava-nasil-olacak-3\/\" \/>\n<meta property=\"og:site_name\" content=\"Av. Deniz Can K\u0131z\u0131l\" \/>\n<meta property=\"article:published_time\" content=\"2025-03-23T06:41:32+00:00\" \/>\n<meta name=\"author\" content=\"admin\" \/>\n<meta name=\"twitter:card\" content=\"summary_large_image\" \/>\n<meta name=\"twitter:label1\" content=\"Verfasst von\" \/>\n\t<meta name=\"twitter:data1\" content=\"admin\" \/>\n\t<meta name=\"twitter:label2\" content=\"Gesch\u00e4tzte Lesezeit\" \/>\n\t<meta name=\"twitter:data2\" content=\"3\u00a0Minuten\" \/>\n<script type=\"application\/ld+json\" class=\"yoast-schema-graph\">{\"@context\":\"https:\/\/schema.org\",\"@graph\":[{\"@type\":\"Article\",\"@id\":\"https:\/\/denizcankizil.tr\/de\/haberler\/gundem\/yurtta-bugun-hava-nasil-olacak-3\/#article\",\"isPartOf\":{\"@id\":\"https:\/\/denizcankizil.tr\/de\/haberler\/gundem\/yurtta-bugun-hava-nasil-olacak-3\/\"},\"author\":{\"name\":\"admin\",\"@id\":\"https:\/\/denizcankizil.tr\/#\/schema\/person\/be3c05fe6a12686905512445d8185489\"},\"headline\":\"Yurtta bug\u00fcn hava nas\u0131l olacak?\",\"datePublished\":\"2025-03-23T06:41:32+00:00\",\"mainEntityOfPage\":{\"@id\":\"https:\/\/denizcankizil.tr\/de\/haberler\/gundem\/yurtta-bugun-hava-nasil-olacak-3\/\"},\"wordCount\":653,\"publisher\":{\"@id\":\"https:\/\/denizcankizil.tr\/#organization\"},\"articleSection\":[\"G\u00fcndem\"],\"inLanguage\":\"de\"},{\"@type\":\"WebPage\",\"@id\":\"https:\/\/denizcankizil.tr\/de\/haberler\/gundem\/yurtta-bugun-hava-nasil-olacak-3\/\",\"url\":\"https:\/\/denizcankizil.tr\/de\/haberler\/gundem\/yurtta-bugun-hava-nasil-olacak-3\/\",\"name\":\"Yurtta bug\u00fcn hava nas\u0131l olacak? - Av. Deniz Can K\u0131z\u0131l\",\"isPartOf\":{\"@id\":\"https:\/\/denizcankizil.tr\/#website\"},\"datePublished\":\"2025-03-23T06:41:32+00:00\",\"breadcrumb\":{\"@id\":\"https:\/\/denizcankizil.tr\/de\/haberler\/gundem\/yurtta-bugun-hava-nasil-olacak-3\/#breadcrumb\"},\"inLanguage\":\"de\",\"potentialAction\":[{\"@type\":\"ReadAction\",\"target\":[\"https:\/\/denizcankizil.tr\/de\/haberler\/gundem\/yurtta-bugun-hava-nasil-olacak-3\/\"]}]},{\"@type\":\"BreadcrumbList\",\"@id\":\"https:\/\/denizcankizil.tr\/de\/haberler\/gundem\/yurtta-bugun-hava-nasil-olacak-3\/#breadcrumb\",\"itemListElement\":[{\"@type\":\"ListItem\",\"position\":1,\"name\":\"Home\",\"item\":\"https:\/\/denizcankizil.tr\/de\/\"},{\"@type\":\"ListItem\",\"position\":2,\"name\":\"Yurtta bug\u00fcn hava nas\u0131l olacak?\"}]},{\"@type\":\"WebSite\",\"@id\":\"https:\/\/denizcankizil.tr\/#website\",\"url\":\"https:\/\/denizcankizil.tr\/\",\"name\":\"Av. Deniz Can K\u0131z\u0131l\",\"description\":\"Avukat Deniz Can K\u0131z\u0131l Antalya Barosu\",\"publisher\":{\"@id\":\"https:\/\/denizcankizil.tr\/#organization\"},\"potentialAction\":[{\"@type\":\"SearchAction\",\"target\":{\"@type\":\"EntryPoint\",\"urlTemplate\":\"https:\/\/denizcankizil.tr\/?s={search_term_string}\"},\"query-input\":{\"@type\":\"PropertyValueSpecification\",\"valueRequired\":true,\"valueName\":\"search_term_string\"}}],\"inLanguage\":\"de\"},{\"@type\":\"Organization\",\"@id\":\"https:\/\/denizcankizil.tr\/#organization\",\"name\":\"Av. Deniz Can K\u0131z\u0131l\",\"url\":\"https:\/\/denizcankizil.tr\/\",\"logo\":{\"@type\":\"ImageObject\",\"inLanguage\":\"de\",\"@id\":\"https:\/\/denizcankizil.tr\/#\/schema\/logo\/image\/\",\"url\":\"https:\/\/denizcankizil.tr\/wp-content\/uploads\/2024\/10\/siyah-logo-svg.svg\",\"contentUrl\":\"https:\/\/denizcankizil.tr\/wp-content\/uploads\/2024\/10\/siyah-logo-svg.svg\",\"width\":1080,\"height\":1080,\"caption\":\"Av. Deniz Can K\u0131z\u0131l\"},\"image\":{\"@id\":\"https:\/\/denizcankizil.tr\/#\/schema\/logo\/image\/\"}},{\"@type\":\"Person\",\"@id\":\"https:\/\/denizcankizil.tr\/#\/schema\/person\/be3c05fe6a12686905512445d8185489\",\"name\":\"admin\",\"image\":{\"@type\":\"ImageObject\",\"inLanguage\":\"de\",\"@id\":\"https:\/\/denizcankizil.tr\/#\/schema\/person\/image\/\",\"url\":\"https:\/\/secure.gravatar.com\/avatar\/c1fce94c830dc79107e174f890d7210541c4a63e8e5d816341794a2151c9d58c?s=96&d=mm&r=g\",\"contentUrl\":\"https:\/\/secure.gravatar.com\/avatar\/c1fce94c830dc79107e174f890d7210541c4a63e8e5d816341794a2151c9d58c?s=96&d=mm&r=g\",\"caption\":\"admin\"},\"sameAs\":[\"http:\/\/denizcankizil.tr\"],\"url\":\"https:\/\/www.iskenderun.org\/yurtta-bugun-hava-nasil-olacak-93\"}]}<\/script>\n<!-- \/ Yoast SEO Premium plugin. -->","yoast_head_json":{"title":"Yurtta bug\u00fcn hava nas\u0131l olacak? - Av. Deniz Can K\u0131z\u0131l","robots":{"index":"index","follow":"follow","max-snippet":"max-snippet:-1","max-image-preview":"max-image-preview:large","max-video-preview":"max-video-preview:-1"},"canonical":"https:\/\/denizcankizil.tr\/de\/haberler\/gundem\/yurtta-bugun-hava-nasil-olacak-3\/","og_locale":"de_DE","og_type":"article","og_title":"Yurtta bug\u00fcn hava nas\u0131l olacak?","og_description":"Meteoroloji&#8217;nin g\u00fcnl\u00fck hava tahmin raporuna g\u00f6re s\u0131cakl\u0131klarla ilgili bat\u0131 kesimlerde \u00f6nemli bir de\u011fi\u015fiklik olmazken, di\u011fer yerlerde 6-8 derece artmas\u0131 tahmin ediliyor. Ya\u011f\u0131\u015flar\u0131n k\u0131y\u0131larda ya\u011fmur ve sa\u011fanak, i\u00e7 kesimlerde ise karla kar\u0131\u015f\u0131k ya\u011fmur ve kar \u015feklinde olmas\u0131 bekleniyor.BURSA (\u0130GFA) &#8211; Meteoroloji Genel M\u00fcd\u00fcrl\u00fc\u011f\u00fc, 23 Mart Pazar g\u00fcn\u00fcne ili\u015fkin hava tahmin raporunu yay\u0131mlad\u0131.\u00a0 Buna g\u00f6re T\u00fcrkiye&#8217;nin kuzey ve bat\u0131 kesimlerinin par\u00e7al\u0131 ve \u00e7ok bulutlu, Edirne, \u00c7anakkale, Bal\u0131kesir, \u0130zmir, Manisa, U\u015fak, Rize, Artvin ve Ardahan \u00e7evrelerinin ya\u011f\u0131\u015fl\u0131, di\u011fer yerlerin az bulutlu ge\u00e7ece\u011fi tahmin edilirken, ya\u011f\u0131\u015flar\u0131n k\u0131y\u0131larda ya\u011fmur ve sa\u011fanak, i\u00e7 kesimlerde karla kar\u0131\u015f\u0131k ya\u011fmur ve kar \u015feklinde olmas\u0131 bekleniyor. Sabah ve gece saatlerinde i\u00e7 ve do\u011fu kesimlerde buzlanma ve don ile birlikte pus ve yer yer sis beklendi\u011fi yurtta, Do\u011fu Karadeniz\u2019in i\u00e7 kesimleri ile Do\u011fu Anadolu\u2019nun y\u00fcksek kar \u00f6rt\u00fcs\u00fcne sahip e\u011fimli yama\u00e7lar\u0131nda \u00e7\u0131\u011f tehlikesi bulunuyor. R\u00fczgar\u0131n ise genellikle g\u00fcneyli, G\u00fcneydo\u011fu Anadolu&#8217;da kuzeyli y\u00f6nlerden, hafif, ara s\u0131ra orta kuvvette esmesi bekleniyor. Z\u0130RA\u0130 DON UYARISI \u00d6te yandan yap\u0131lan son de\u011ferlendirmelere g\u00f6re; \u0130\u00e7 Anadolu&#8217;nun do\u011fusu, Karadeniz&#8217;in i\u00e7 kesimleri ve Do\u011fu Anadolu&#8217;da orta ve yer yer kuvvetli zirai don, \u0130\u00e7 Ege, \u0130\u00e7 Anadolu&#8217;nun bat\u0131s\u0131 ve Akdeniz&#8217;in i\u00e7 kesimlerinde hafif yer yer orta kuvvette zirai don, Pazar g\u00fcn\u00fc gece saatlerinde \u0130\u00e7 Anadolu&#8217;nun do\u011fusu, Do\u011fu Anadolu ve Do\u011fu Karadeniz&#8217;in &hellip;","og_url":"https:\/\/denizcankizil.tr\/de\/haberler\/gundem\/yurtta-bugun-hava-nasil-olacak-3\/","og_site_name":"Av. Deniz Can K\u0131z\u0131l","article_published_time":"2025-03-23T06:41:32+00:00","author":"admin","twitter_card":"summary_large_image","twitter_misc":{"Verfasst von":"admin","Gesch\u00e4tzte Lesezeit":"3\u00a0Minuten"},"schema":{"@context":"https:\/\/schema.org","@graph":[{"@type":"Article","@id":"https:\/\/denizcankizil.tr\/de\/haberler\/gundem\/yurtta-bugun-hava-nasil-olacak-3\/#article","isPartOf":{"@id":"https:\/\/denizcankizil.tr\/de\/haberler\/gundem\/yurtta-bugun-hava-nasil-olacak-3\/"},"author":{"name":"admin","@id":"https:\/\/denizcankizil.tr\/#\/schema\/person\/be3c05fe6a12686905512445d8185489"},"headline":"Yurtta bug\u00fcn hava nas\u0131l olacak?","datePublished":"2025-03-23T06:41:32+00:00","mainEntityOfPage":{"@id":"https:\/\/denizcankizil.tr\/de\/haberler\/gundem\/yurtta-bugun-hava-nasil-olacak-3\/"},"wordCount":653,"publisher":{"@id":"https:\/\/denizcankizil.tr\/#organization"},"articleSection":["G\u00fcndem"],"inLanguage":"de"},{"@type":"WebPage","@id":"https:\/\/denizcankizil.tr\/de\/haberler\/gundem\/yurtta-bugun-hava-nasil-olacak-3\/","url":"https:\/\/denizcankizil.tr\/de\/haberler\/gundem\/yurtta-bugun-hava-nasil-olacak-3\/","name":"Yurtta bug\u00fcn hava nas\u0131l olacak? - Av. Deniz Can K\u0131z\u0131l","isPartOf":{"@id":"https:\/\/denizcankizil.tr\/#website"},"datePublished":"2025-03-23T06:41:32+00:00","breadcrumb":{"@id":"https:\/\/denizcankizil.tr\/de\/haberler\/gundem\/yurtta-bugun-hava-nasil-olacak-3\/#breadcrumb"},"inLanguage":"de","potentialAction":[{"@type":"ReadAction","target":["https:\/\/denizcankizil.tr\/de\/haberler\/gundem\/yurtta-bugun-hava-nasil-olacak-3\/"]}]},{"@type":"BreadcrumbList","@id":"https:\/\/denizcankizil.tr\/de\/haberler\/gundem\/yurtta-bugun-hava-nasil-olacak-3\/#breadcrumb","itemListElement":[{"@type":"ListItem","position":1,"name":"Home","item":"https:\/\/denizcankizil.tr\/de\/"},{"@type":"ListItem","position":2,"name":"Yurtta bug\u00fcn hava nas\u0131l olacak?"}]},{"@type":"WebSite","@id":"https:\/\/denizcankizil.tr\/#website","url":"https:\/\/denizcankizil.tr\/","name":"Av. Deniz Can K\u0131z\u0131l","description":"Avukat Deniz Can K\u0131z\u0131l Antalya Barosu","publisher":{"@id":"https:\/\/denizcankizil.tr\/#organization"},"potentialAction":[{"@type":"SearchAction","target":{"@type":"EntryPoint","urlTemplate":"https:\/\/denizcankizil.tr\/?s={search_term_string}"},"query-input":{"@type":"PropertyValueSpecification","valueRequired":true,"valueName":"search_term_string"}}],"inLanguage":"de"},{"@type":"Organization","@id":"https:\/\/denizcankizil.tr\/#organization","name":"Av. Deniz Can K\u0131z\u0131l","url":"https:\/\/denizcankizil.tr\/","logo":{"@type":"ImageObject","inLanguage":"de","@id":"https:\/\/denizcankizil.tr\/#\/schema\/logo\/image\/","url":"https:\/\/denizcankizil.tr\/wp-content\/uploads\/2024\/10\/siyah-logo-svg.svg","contentUrl":"https:\/\/denizcankizil.tr\/wp-content\/uploads\/2024\/10\/siyah-logo-svg.svg","width":1080,"height":1080,"caption":"Av. Deniz Can K\u0131z\u0131l"},"image":{"@id":"https:\/\/denizcankizil.tr\/#\/schema\/logo\/image\/"}},{"@type":"Person","@id":"https:\/\/denizcankizil.tr\/#\/schema\/person\/be3c05fe6a12686905512445d8185489","name":"Administrator","image":{"@type":"ImageObject","inLanguage":"de","@id":"https:\/\/denizcankizil.tr\/#\/schema\/person\/image\/","url":"https:\/\/secure.gravatar.com\/avatar\/c1fce94c830dc79107e174f890d7210541c4a63e8e5d816341794a2151c9d58c?s=96&d=mm&r=g","contentUrl":"https:\/\/secure.gravatar.com\/avatar\/c1fce94c830dc79107e174f890d7210541c4a63e8e5d816341794a2151c9d58c?s=96&d=mm&r=g","caption":"admin"},"sameAs":["http:\/\/denizcankizil.tr"],"url":"https:\/\/www.iskenderun.org\/yurtta-bugun-hava-nasil-olacak-93"}]}},"_links":{"self":[{"href":"https:\/\/denizcankizil.tr\/de\/wp-json\/wp\/v2\/posts\/36617","targetHints":{"allow":["GET"]}}],"collection":[{"href":"https:\/\/denizcankizil.tr\/de\/wp-json\/wp\/v2\/posts"}],"about":[{"href":"https:\/\/denizcankizil.tr\/de\/wp-json\/wp\/v2\/types\/post"}],"author":[{"embeddable":true,"href":"https:\/\/denizcankizil.tr\/de\/wp-json\/wp\/v2\/users\/1"}],"replies":[{"embeddable":true,"href":"https:\/\/denizcankizil.tr\/de\/wp-json\/wp\/v2\/comments?post=36617"}],"version-history":[{"count":0,"href":"https:\/\/denizcankizil.tr\/de\/wp-json\/wp\/v2\/posts\/36617\/revisions"}],"wp:attachment":[{"href":"https:\/\/denizcankizil.tr\/de\/wp-json\/wp\/v2\/media?parent=36617"}],"wp:term":[{"taxonomy":"category","embeddable":true,"href":"https:\/\/denizcankizil.tr\/de\/wp-json\/wp\/v2\/categories?post=36617"},{"taxonomy":"post_tag","embeddable":true,"href":"https:\/\/denizcankizil.tr\/de\/wp-json\/wp\/v2\/tags?post=36617"}],"curies":[{"name":"wp","href":"https:\/\/api.w.org\/{rel}","templated":true}]}}