{"id":36524,"date":"2025-03-22T10:41:21","date_gmt":"2025-03-22T07:41:21","guid":{"rendered":"https:\/\/denizcankizil.tr\/uncategorized-tr\/vurgun-operasyonunda-2-kisi-tutuklandi\/"},"modified":"2025-03-22T10:41:21","modified_gmt":"2025-03-22T07:41:21","slug":"vurgun-operasyonunda-2-kisi-tutuklandi","status":"publish","type":"post","link":"https:\/\/denizcankizil.tr\/de\/haberler\/antalya\/vurgun-operasyonunda-2-kisi-tutuklandi\/","title":{"rendered":"Vurgun Operasyonu&#8217;nda 2 ki\u015fi tutukland\u0131"},"content":{"rendered":"<p>Ge\u00e7ti\u011fimiz g\u00fcnlerde Alanya, Manavgat ve Gazipa\u015fa Cumhuriyet Ba\u015fsavc\u0131l\u0131klar\u0131n\u0131n talimatlar\u0131 do\u011frultusunda, Jandarma Genel Komutanl\u0131\u011f\u0131 KOM Daire Ba\u015fkanl\u0131\u011f\u0131 koordinesinde Antalya \u0130l Jandarma Komutanl\u0131\u011f\u0131 taraf\u0131ndan y\u00fcr\u00fct\u00fclen ve 650 personelin kat\u0131ld\u0131\u011f\u0131 operasyonda Antalya merkezli \u0130stanbul, \u0130zmir, Konya, Isparta ve Mersin&#8217;de belirlenen 61 ayr\u0131 adrese e\u015f zamanl\u0131 bask\u0131n d\u00fczenlendi. C.F.&#8217;nin eleba\u015f\u0131l\u0131\u011f\u0131n\u0131 yapt\u0131\u011f\u0131 su\u00e7 \u00f6rg\u00fct\u00fcn\u00fcn, tefecilik, silahla tehdit, kasten yaralama, 6136 say\u0131l\u0131 kanuna muhalefet ve su\u00e7tan kaynaklanan mal varl\u0131\u011f\u0131 de\u011ferlerini aklama su\u00e7lar\u0131n\u0131 i\u015fledi\u011fi tespit edildi.<br \/>\nOperasyon&#8217;un Alanya b\u00f6l\u00fcm\u00fcnde \u015f\u00fcphelilerin ev ve i\u015f yerlerine bask\u0131n d\u00fczenlendi. D\u00fczenlenen operasyonda 8 ki\u015fi g\u00f6zalt\u0131na al\u0131nd\u0131. Bug\u00fcn sabah saatlerinde Vurgun Operasyonunda, Alanya&#8217;da tutuklu 8 \u015f\u00fcpheli sa\u011fl\u0131k kontrollerinin ard\u0131ndan Alanya Adliyesine sevk edilmi\u015fti. Hakim kar\u015f\u0131s\u0131na \u00e7\u0131kan 8 \u015f\u00fcpheliden \u0130.K ve B.K tutuklanarak cezaevine g\u00f6nderildi. Di\u011fer \u015f\u00fcpheliler ise adli kontrol \u015fart\u0131 ile serbest b\u0131rak\u0131ld\u0131.<\/p>\n<p>Kaynak: www.kanalv.com.tr Haber Sitesinden Al\u0131nm\u0131\u015ft\u0131r.<\/p>","protected":false},"excerpt":{"rendered":"<p>Ge\u00e7ti\u011fimiz g\u00fcnlerde Alanya, Manavgat ve Gazipa\u015fa Cumhuriyet Ba\u015fsavc\u0131l\u0131klar\u0131n\u0131n talimatlar\u0131 do\u011frultusunda, Jandarma Genel Komutanl\u0131\u011f\u0131 KOM Daire Ba\u015fkanl\u0131\u011f\u0131 koordinesinde Antalya \u0130l Jandarma Komutanl\u0131\u011f\u0131 taraf\u0131ndan y\u00fcr\u00fct\u00fclen ve 650 personelin kat\u0131ld\u0131\u011f\u0131 operasyonda Antalya merkezli \u0130stanbul, \u0130zmir, Konya, Isparta ve Mersin&#8217;de belirlenen 61 ayr\u0131 adrese e\u015f zamanl\u0131 bask\u0131n d\u00fczenlendi. C.F.&#8217;nin eleba\u015f\u0131l\u0131\u011f\u0131n\u0131 yapt\u0131\u011f\u0131 su\u00e7 \u00f6rg\u00fct\u00fcn\u00fcn, tefecilik, silahla tehdit, kasten yaralama, 6136 say\u0131l\u0131 kanuna muhalefet ve su\u00e7tan kaynaklanan mal varl\u0131\u011f\u0131 de\u011ferlerini aklama su\u00e7lar\u0131n\u0131 i\u015fledi\u011fi tespit edildi. Operasyon&#8217;un Alanya b\u00f6l\u00fcm\u00fcnde \u015f\u00fcphelilerin ev ve i\u015f yerlerine bask\u0131n d\u00fczenlendi. D\u00fczenlenen operasyonda 8 ki\u015fi g\u00f6zalt\u0131na al\u0131nd\u0131. Bug\u00fcn sabah saatlerinde Vurgun Operasyonunda, Alanya&#8217;da tutuklu 8 \u015f\u00fcpheli sa\u011fl\u0131k kontrollerinin ard\u0131ndan Alanya Adliyesine sevk edilmi\u015fti. Hakim kar\u015f\u0131s\u0131na \u00e7\u0131kan 8 \u015f\u00fcpheliden \u0130.K ve B.K tutuklanarak cezaevine g\u00f6nderildi. Di\u011fer \u015f\u00fcpheliler ise adli kontrol \u015fart\u0131 ile serbest b\u0131rak\u0131ld\u0131. Kaynak: www.kanalv.com.tr Haber Sitesinden Al\u0131nm\u0131\u015ft\u0131r.<\/p>","protected":false},"author":4,"featured_media":0,"comment_status":"","ping_status":"open","sticky":false,"template":"","format":"standard","meta":{"_acf_changed":false,"footnotes":""},"categories":[26],"tags":[],"class_list":["post-36524","post","type-post","status-publish","format-standard","hentry","category-antalya"],"acf":[],"yoast_head":"<!-- This site is optimized with the Yoast SEO Premium plugin v26.6 (Yoast SEO v27.1.1) - https:\/\/yoast.com\/product\/yoast-seo-premium-wordpress\/ -->\n<title>Vurgun Operasyonu&#039;nda 2 ki\u015fi tutukland\u0131 - Av. Deniz Can K\u0131z\u0131l<\/title>\n<meta name=\"robots\" content=\"index, follow, max-snippet:-1, max-image-preview:large, max-video-preview:-1\" \/>\n<link rel=\"canonical\" href=\"https:\/\/denizcankizil.tr\/de\/haberler\/antalya\/vurgun-operasyonunda-2-kisi-tutuklandi\/\" \/>\n<meta property=\"og:locale\" content=\"de_DE\" \/>\n<meta property=\"og:type\" content=\"article\" \/>\n<meta property=\"og:title\" content=\"Vurgun Operasyonu&#039;nda 2 ki\u015fi tutukland\u0131\" \/>\n<meta property=\"og:description\" content=\"Ge\u00e7ti\u011fimiz g\u00fcnlerde Alanya, Manavgat ve Gazipa\u015fa Cumhuriyet Ba\u015fsavc\u0131l\u0131klar\u0131n\u0131n talimatlar\u0131 do\u011frultusunda, Jandarma Genel Komutanl\u0131\u011f\u0131 KOM Daire Ba\u015fkanl\u0131\u011f\u0131 koordinesinde Antalya \u0130l Jandarma Komutanl\u0131\u011f\u0131 taraf\u0131ndan y\u00fcr\u00fct\u00fclen ve 650 personelin kat\u0131ld\u0131\u011f\u0131 operasyonda Antalya merkezli \u0130stanbul, \u0130zmir, Konya, Isparta ve Mersin&#8217;de belirlenen 61 ayr\u0131 adrese e\u015f zamanl\u0131 bask\u0131n d\u00fczenlendi. C.F.&#8217;nin eleba\u015f\u0131l\u0131\u011f\u0131n\u0131 yapt\u0131\u011f\u0131 su\u00e7 \u00f6rg\u00fct\u00fcn\u00fcn, tefecilik, silahla tehdit, kasten yaralama, 6136 say\u0131l\u0131 kanuna muhalefet ve su\u00e7tan kaynaklanan mal varl\u0131\u011f\u0131 de\u011ferlerini aklama su\u00e7lar\u0131n\u0131 i\u015fledi\u011fi tespit edildi. Operasyon&#8217;un Alanya b\u00f6l\u00fcm\u00fcnde \u015f\u00fcphelilerin ev ve i\u015f yerlerine bask\u0131n d\u00fczenlendi. D\u00fczenlenen operasyonda 8 ki\u015fi g\u00f6zalt\u0131na al\u0131nd\u0131. Bug\u00fcn sabah saatlerinde Vurgun Operasyonunda, Alanya&#8217;da tutuklu 8 \u015f\u00fcpheli sa\u011fl\u0131k kontrollerinin ard\u0131ndan Alanya Adliyesine sevk edilmi\u015fti. Hakim kar\u015f\u0131s\u0131na \u00e7\u0131kan 8 \u015f\u00fcpheliden \u0130.K ve B.K tutuklanarak cezaevine g\u00f6nderildi. Di\u011fer \u015f\u00fcpheliler ise adli kontrol \u015fart\u0131 ile serbest b\u0131rak\u0131ld\u0131. Kaynak: www.kanalv.com.tr Haber Sitesinden Al\u0131nm\u0131\u015ft\u0131r.\" \/>\n<meta property=\"og:url\" content=\"https:\/\/denizcankizil.tr\/de\/haberler\/antalya\/vurgun-operasyonunda-2-kisi-tutuklandi\/\" \/>\n<meta property=\"og:site_name\" content=\"Av. Deniz Can K\u0131z\u0131l\" \/>\n<meta property=\"article:published_time\" content=\"2025-03-22T07:41:21+00:00\" \/>\n<meta name=\"author\" content=\"Av. Deniz Can K\u0131z\u0131l\" \/>\n<meta name=\"twitter:card\" content=\"summary_large_image\" \/>\n<meta name=\"twitter:label1\" content=\"Verfasst von\" \/>\n\t<meta name=\"twitter:data1\" content=\"Av. Deniz Can K\u0131z\u0131l\" \/>\n\t<meta name=\"twitter:label2\" content=\"Gesch\u00e4tzte Lesezeit\" \/>\n\t<meta name=\"twitter:data2\" content=\"1\u00a0Minute\" \/>\n<script type=\"application\/ld+json\" class=\"yoast-schema-graph\">{\"@context\":\"https:\/\/schema.org\",\"@graph\":[{\"@type\":\"Article\",\"@id\":\"https:\/\/denizcankizil.tr\/de\/haberler\/antalya\/vurgun-operasyonunda-2-kisi-tutuklandi\/#article\",\"isPartOf\":{\"@id\":\"https:\/\/denizcankizil.tr\/de\/haberler\/antalya\/vurgun-operasyonunda-2-kisi-tutuklandi\/\"},\"author\":{\"name\":\"Av. Deniz Can K\u0131z\u0131l\",\"@id\":\"https:\/\/denizcankizil.tr\/#\/schema\/person\/5dc1b22991bd7ac833867c10afc9b0ff\"},\"headline\":\"Vurgun Operasyonu&#8217;nda 2 ki\u015fi tutukland\u0131\",\"datePublished\":\"2025-03-22T07:41:21+00:00\",\"mainEntityOfPage\":{\"@id\":\"https:\/\/denizcankizil.tr\/de\/haberler\/antalya\/vurgun-operasyonunda-2-kisi-tutuklandi\/\"},\"wordCount\":189,\"publisher\":{\"@id\":\"https:\/\/denizcankizil.tr\/#organization\"},\"articleSection\":[\"Antalya\"],\"inLanguage\":\"de\"},{\"@type\":\"WebPage\",\"@id\":\"https:\/\/denizcankizil.tr\/de\/haberler\/antalya\/vurgun-operasyonunda-2-kisi-tutuklandi\/\",\"url\":\"https:\/\/denizcankizil.tr\/de\/haberler\/antalya\/vurgun-operasyonunda-2-kisi-tutuklandi\/\",\"name\":\"Vurgun Operasyonu'nda 2 ki\u015fi tutukland\u0131 - Av. Deniz Can K\u0131z\u0131l\",\"isPartOf\":{\"@id\":\"https:\/\/denizcankizil.tr\/#website\"},\"datePublished\":\"2025-03-22T07:41:21+00:00\",\"breadcrumb\":{\"@id\":\"https:\/\/denizcankizil.tr\/de\/haberler\/antalya\/vurgun-operasyonunda-2-kisi-tutuklandi\/#breadcrumb\"},\"inLanguage\":\"de\",\"potentialAction\":[{\"@type\":\"ReadAction\",\"target\":[\"https:\/\/denizcankizil.tr\/de\/haberler\/antalya\/vurgun-operasyonunda-2-kisi-tutuklandi\/\"]}]},{\"@type\":\"BreadcrumbList\",\"@id\":\"https:\/\/denizcankizil.tr\/de\/haberler\/antalya\/vurgun-operasyonunda-2-kisi-tutuklandi\/#breadcrumb\",\"itemListElement\":[{\"@type\":\"ListItem\",\"position\":1,\"name\":\"Home\",\"item\":\"https:\/\/denizcankizil.tr\/de\/\"},{\"@type\":\"ListItem\",\"position\":2,\"name\":\"Vurgun Operasyonu&#8217;nda 2 ki\u015fi tutukland\u0131\"}]},{\"@type\":\"WebSite\",\"@id\":\"https:\/\/denizcankizil.tr\/#website\",\"url\":\"https:\/\/denizcankizil.tr\/\",\"name\":\"Av. Deniz Can K\u0131z\u0131l\",\"description\":\"Avukat Deniz Can K\u0131z\u0131l Antalya Barosu\",\"publisher\":{\"@id\":\"https:\/\/denizcankizil.tr\/#organization\"},\"potentialAction\":[{\"@type\":\"SearchAction\",\"target\":{\"@type\":\"EntryPoint\",\"urlTemplate\":\"https:\/\/denizcankizil.tr\/?s={search_term_string}\"},\"query-input\":{\"@type\":\"PropertyValueSpecification\",\"valueRequired\":true,\"valueName\":\"search_term_string\"}}],\"inLanguage\":\"de\"},{\"@type\":\"Organization\",\"@id\":\"https:\/\/denizcankizil.tr\/#organization\",\"name\":\"Av. Deniz Can K\u0131z\u0131l\",\"url\":\"https:\/\/denizcankizil.tr\/\",\"logo\":{\"@type\":\"ImageObject\",\"inLanguage\":\"de\",\"@id\":\"https:\/\/denizcankizil.tr\/#\/schema\/logo\/image\/\",\"url\":\"https:\/\/denizcankizil.tr\/wp-content\/uploads\/2024\/10\/siyah-logo-svg.svg\",\"contentUrl\":\"https:\/\/denizcankizil.tr\/wp-content\/uploads\/2024\/10\/siyah-logo-svg.svg\",\"width\":1080,\"height\":1080,\"caption\":\"Av. Deniz Can K\u0131z\u0131l\"},\"image\":{\"@id\":\"https:\/\/denizcankizil.tr\/#\/schema\/logo\/image\/\"}},{\"@type\":\"Person\",\"@id\":\"https:\/\/denizcankizil.tr\/#\/schema\/person\/5dc1b22991bd7ac833867c10afc9b0ff\",\"name\":\"Av. Deniz Can K\u0131z\u0131l\",\"image\":{\"@type\":\"ImageObject\",\"inLanguage\":\"de\",\"@id\":\"https:\/\/denizcankizil.tr\/#\/schema\/person\/image\/\",\"url\":\"https:\/\/secure.gravatar.com\/avatar\/a0b128fb9855c79efc976d5640eedb31dc35ec297594d6016d2cf7c60e975bb6?s=96&d=mm&r=g\",\"contentUrl\":\"https:\/\/secure.gravatar.com\/avatar\/a0b128fb9855c79efc976d5640eedb31dc35ec297594d6016d2cf7c60e975bb6?s=96&d=mm&r=g\",\"caption\":\"Av. Deniz Can K\u0131z\u0131l\"},\"sameAs\":[\"http:\/\/www.denizcankizil.tr\"],\"url\":\"https:\/\/denizcankizil.tr\/de\/author\/denizcankizil\/\"}]}<\/script>\n<!-- \/ Yoast SEO Premium plugin. -->","yoast_head_json":{"title":"Vurgun Operasyonu'nda 2 ki\u015fi tutukland\u0131 - Av. Deniz Can K\u0131z\u0131l","robots":{"index":"index","follow":"follow","max-snippet":"max-snippet:-1","max-image-preview":"max-image-preview:large","max-video-preview":"max-video-preview:-1"},"canonical":"https:\/\/denizcankizil.tr\/de\/haberler\/antalya\/vurgun-operasyonunda-2-kisi-tutuklandi\/","og_locale":"de_DE","og_type":"article","og_title":"Vurgun Operasyonu'nda 2 ki\u015fi tutukland\u0131","og_description":"Ge\u00e7ti\u011fimiz g\u00fcnlerde Alanya, Manavgat ve Gazipa\u015fa Cumhuriyet Ba\u015fsavc\u0131l\u0131klar\u0131n\u0131n talimatlar\u0131 do\u011frultusunda, Jandarma Genel Komutanl\u0131\u011f\u0131 KOM Daire Ba\u015fkanl\u0131\u011f\u0131 koordinesinde Antalya \u0130l Jandarma Komutanl\u0131\u011f\u0131 taraf\u0131ndan y\u00fcr\u00fct\u00fclen ve 650 personelin kat\u0131ld\u0131\u011f\u0131 operasyonda Antalya merkezli \u0130stanbul, \u0130zmir, Konya, Isparta ve Mersin&#8217;de belirlenen 61 ayr\u0131 adrese e\u015f zamanl\u0131 bask\u0131n d\u00fczenlendi. C.F.&#8217;nin eleba\u015f\u0131l\u0131\u011f\u0131n\u0131 yapt\u0131\u011f\u0131 su\u00e7 \u00f6rg\u00fct\u00fcn\u00fcn, tefecilik, silahla tehdit, kasten yaralama, 6136 say\u0131l\u0131 kanuna muhalefet ve su\u00e7tan kaynaklanan mal varl\u0131\u011f\u0131 de\u011ferlerini aklama su\u00e7lar\u0131n\u0131 i\u015fledi\u011fi tespit edildi. Operasyon&#8217;un Alanya b\u00f6l\u00fcm\u00fcnde \u015f\u00fcphelilerin ev ve i\u015f yerlerine bask\u0131n d\u00fczenlendi. D\u00fczenlenen operasyonda 8 ki\u015fi g\u00f6zalt\u0131na al\u0131nd\u0131. Bug\u00fcn sabah saatlerinde Vurgun Operasyonunda, Alanya&#8217;da tutuklu 8 \u015f\u00fcpheli sa\u011fl\u0131k kontrollerinin ard\u0131ndan Alanya Adliyesine sevk edilmi\u015fti. Hakim kar\u015f\u0131s\u0131na \u00e7\u0131kan 8 \u015f\u00fcpheliden \u0130.K ve B.K tutuklanarak cezaevine g\u00f6nderildi. Di\u011fer \u015f\u00fcpheliler ise adli kontrol \u015fart\u0131 ile serbest b\u0131rak\u0131ld\u0131. Kaynak: www.kanalv.com.tr Haber Sitesinden Al\u0131nm\u0131\u015ft\u0131r.","og_url":"https:\/\/denizcankizil.tr\/de\/haberler\/antalya\/vurgun-operasyonunda-2-kisi-tutuklandi\/","og_site_name":"Av. Deniz Can K\u0131z\u0131l","article_published_time":"2025-03-22T07:41:21+00:00","author":"Av. Deniz Can K\u0131z\u0131l","twitter_card":"summary_large_image","twitter_misc":{"Verfasst von":"Av. Deniz Can K\u0131z\u0131l","Gesch\u00e4tzte Lesezeit":"1\u00a0Minute"},"schema":{"@context":"https:\/\/schema.org","@graph":[{"@type":"Article","@id":"https:\/\/denizcankizil.tr\/de\/haberler\/antalya\/vurgun-operasyonunda-2-kisi-tutuklandi\/#article","isPartOf":{"@id":"https:\/\/denizcankizil.tr\/de\/haberler\/antalya\/vurgun-operasyonunda-2-kisi-tutuklandi\/"},"author":{"name":"Av. Deniz Can K\u0131z\u0131l","@id":"https:\/\/denizcankizil.tr\/#\/schema\/person\/5dc1b22991bd7ac833867c10afc9b0ff"},"headline":"Vurgun Operasyonu&#8217;nda 2 ki\u015fi tutukland\u0131","datePublished":"2025-03-22T07:41:21+00:00","mainEntityOfPage":{"@id":"https:\/\/denizcankizil.tr\/de\/haberler\/antalya\/vurgun-operasyonunda-2-kisi-tutuklandi\/"},"wordCount":189,"publisher":{"@id":"https:\/\/denizcankizil.tr\/#organization"},"articleSection":["Antalya"],"inLanguage":"de"},{"@type":"WebPage","@id":"https:\/\/denizcankizil.tr\/de\/haberler\/antalya\/vurgun-operasyonunda-2-kisi-tutuklandi\/","url":"https:\/\/denizcankizil.tr\/de\/haberler\/antalya\/vurgun-operasyonunda-2-kisi-tutuklandi\/","name":"Vurgun Operasyonu'nda 2 ki\u015fi tutukland\u0131 - Av. Deniz Can K\u0131z\u0131l","isPartOf":{"@id":"https:\/\/denizcankizil.tr\/#website"},"datePublished":"2025-03-22T07:41:21+00:00","breadcrumb":{"@id":"https:\/\/denizcankizil.tr\/de\/haberler\/antalya\/vurgun-operasyonunda-2-kisi-tutuklandi\/#breadcrumb"},"inLanguage":"de","potentialAction":[{"@type":"ReadAction","target":["https:\/\/denizcankizil.tr\/de\/haberler\/antalya\/vurgun-operasyonunda-2-kisi-tutuklandi\/"]}]},{"@type":"BreadcrumbList","@id":"https:\/\/denizcankizil.tr\/de\/haberler\/antalya\/vurgun-operasyonunda-2-kisi-tutuklandi\/#breadcrumb","itemListElement":[{"@type":"ListItem","position":1,"name":"Home","item":"https:\/\/denizcankizil.tr\/de\/"},{"@type":"ListItem","position":2,"name":"Vurgun Operasyonu&#8217;nda 2 ki\u015fi tutukland\u0131"}]},{"@type":"WebSite","@id":"https:\/\/denizcankizil.tr\/#website","url":"https:\/\/denizcankizil.tr\/","name":"Av. Deniz Can K\u0131z\u0131l","description":"Avukat Deniz Can K\u0131z\u0131l Antalya Barosu","publisher":{"@id":"https:\/\/denizcankizil.tr\/#organization"},"potentialAction":[{"@type":"SearchAction","target":{"@type":"EntryPoint","urlTemplate":"https:\/\/denizcankizil.tr\/?s={search_term_string}"},"query-input":{"@type":"PropertyValueSpecification","valueRequired":true,"valueName":"search_term_string"}}],"inLanguage":"de"},{"@type":"Organization","@id":"https:\/\/denizcankizil.tr\/#organization","name":"Av. Deniz Can K\u0131z\u0131l","url":"https:\/\/denizcankizil.tr\/","logo":{"@type":"ImageObject","inLanguage":"de","@id":"https:\/\/denizcankizil.tr\/#\/schema\/logo\/image\/","url":"https:\/\/denizcankizil.tr\/wp-content\/uploads\/2024\/10\/siyah-logo-svg.svg","contentUrl":"https:\/\/denizcankizil.tr\/wp-content\/uploads\/2024\/10\/siyah-logo-svg.svg","width":1080,"height":1080,"caption":"Av. Deniz Can K\u0131z\u0131l"},"image":{"@id":"https:\/\/denizcankizil.tr\/#\/schema\/logo\/image\/"}},{"@type":"Person","@id":"https:\/\/denizcankizil.tr\/#\/schema\/person\/5dc1b22991bd7ac833867c10afc9b0ff","name":"Av. Deniz Can K\u0131z\u0131l","image":{"@type":"ImageObject","inLanguage":"de","@id":"https:\/\/denizcankizil.tr\/#\/schema\/person\/image\/","url":"https:\/\/secure.gravatar.com\/avatar\/a0b128fb9855c79efc976d5640eedb31dc35ec297594d6016d2cf7c60e975bb6?s=96&d=mm&r=g","contentUrl":"https:\/\/secure.gravatar.com\/avatar\/a0b128fb9855c79efc976d5640eedb31dc35ec297594d6016d2cf7c60e975bb6?s=96&d=mm&r=g","caption":"Av. Deniz Can K\u0131z\u0131l"},"sameAs":["http:\/\/www.denizcankizil.tr"],"url":"https:\/\/denizcankizil.tr\/de\/author\/denizcankizil\/"}]}},"_links":{"self":[{"href":"https:\/\/denizcankizil.tr\/de\/wp-json\/wp\/v2\/posts\/36524","targetHints":{"allow":["GET"]}}],"collection":[{"href":"https:\/\/denizcankizil.tr\/de\/wp-json\/wp\/v2\/posts"}],"about":[{"href":"https:\/\/denizcankizil.tr\/de\/wp-json\/wp\/v2\/types\/post"}],"author":[{"embeddable":true,"href":"https:\/\/denizcankizil.tr\/de\/wp-json\/wp\/v2\/users\/4"}],"replies":[{"embeddable":true,"href":"https:\/\/denizcankizil.tr\/de\/wp-json\/wp\/v2\/comments?post=36524"}],"version-history":[{"count":0,"href":"https:\/\/denizcankizil.tr\/de\/wp-json\/wp\/v2\/posts\/36524\/revisions"}],"wp:attachment":[{"href":"https:\/\/denizcankizil.tr\/de\/wp-json\/wp\/v2\/media?parent=36524"}],"wp:term":[{"taxonomy":"category","embeddable":true,"href":"https:\/\/denizcankizil.tr\/de\/wp-json\/wp\/v2\/categories?post=36524"},{"taxonomy":"post_tag","embeddable":true,"href":"https:\/\/denizcankizil.tr\/de\/wp-json\/wp\/v2\/tags?post=36524"}],"curies":[{"name":"wp","href":"https:\/\/api.w.org\/{rel}","templated":true}]}}