{"id":36465,"date":"2025-03-21T12:41:52","date_gmt":"2025-03-21T09:41:52","guid":{"rendered":"https:\/\/denizcankizil.tr\/uncategorized-tr\/baskan-uysaldan-kircami-mujdesi\/"},"modified":"2025-03-21T12:41:52","modified_gmt":"2025-03-21T09:41:52","slug":"baskan-uysaldan-kircami-mujdesi","status":"publish","type":"post","link":"https:\/\/denizcankizil.tr\/de\/haberler\/antalya\/baskan-uysaldan-kircami-mujdesi\/","title":{"rendered":"Ba\u015fkan Uysal&#8217;dan K\u0131rcami m\u00fcjdesi"},"content":{"rendered":"<p>Ba\u015fkan Uysal iftar sonras\u0131 konu\u015fmas\u0131na, &#8220;Varl\u0131\u011f\u0131n\u0131z i\u00e7in, dayan\u0131\u015fman\u0131z i\u00e7in, kom\u015fulu\u011funuz i\u00e7in sevginiz, sayg\u0131n\u0131z, \u015fehrimize katt\u0131\u011f\u0131n\u0131z o g\u00fczel duygular i\u00e7in bar\u0131\u015f ve dayan\u0131\u015fma ortam\u0131 i\u00e7in her birinize ayr\u0131 ayr\u0131 \u00e7ok te\u015fekk\u00fcr ediyorum&#8221; s\u00f6zleriyle ba\u015flad\u0131.<\/p>\n<p>&#8220;M\u00fcjdeliyorum&#8221;<br \/>\nBa\u015fkan Uysal, iftarda ayr\u0131ca Antalya&#8217;da 8 mahallenin tamam\u0131, Fener ve G\u00fczeloba mahallerinin belli b\u00f6l\u00fcmlerini i\u00e7ine alan K\u0131rcami imar planlamas\u0131na ili\u015fkin \u00f6nemli bir geli\u015fmeyi payla\u015ft\u0131. Ba\u015fkan Uysal, \u015funu s\u00f6yledi:<br \/>\n&#8220;K\u0131rcami&#8217;de \u00e7ap verebilir, in\u015faatlar ba\u015flayabilir hale gelmi\u015f bulunuyoruz. Hukuki m\u00fccadeleyi kazanm\u0131\u015f bulunuyoruz. Buradan b\u00fct\u00fcn Antalya&#8217;m\u0131za, 40 bin vatanda\u015f\u0131m\u0131za m\u00fcjdeliyorum. Bir an \u00f6nce herkes gerekeni yapabilir. \u00c7ap\u0131n\u0131 alabilir, in\u015faat\u0131na ba\u015flayabilir. Biz de s\u00fcre\u00e7 i\u00e7inde \u015fehirle\u015fmeyle ilgili bizim belediyemize d\u00fc\u015fen g\u00f6revleri yapaca\u011f\u0131z.&#8221;<\/p>\n<p>Kaynak: www.kanalv.com.tr Haber Sitesinden Al\u0131nm\u0131\u015ft\u0131r.<\/p>","protected":false},"excerpt":{"rendered":"<p>Ba\u015fkan Uysal iftar sonras\u0131 konu\u015fmas\u0131na, &#8220;Varl\u0131\u011f\u0131n\u0131z i\u00e7in, dayan\u0131\u015fman\u0131z i\u00e7in, kom\u015fulu\u011funuz i\u00e7in sevginiz, sayg\u0131n\u0131z, \u015fehrimize katt\u0131\u011f\u0131n\u0131z o g\u00fczel duygular i\u00e7in bar\u0131\u015f ve dayan\u0131\u015fma ortam\u0131 i\u00e7in her birinize ayr\u0131 ayr\u0131 \u00e7ok te\u015fekk\u00fcr ediyorum&#8221; s\u00f6zleriyle ba\u015flad\u0131. &#8220;M\u00fcjdeliyorum&#8221; Ba\u015fkan Uysal, iftarda ayr\u0131ca Antalya&#8217;da 8 mahallenin tamam\u0131, Fener ve G\u00fczeloba mahallerinin belli b\u00f6l\u00fcmlerini i\u00e7ine alan K\u0131rcami imar planlamas\u0131na ili\u015fkin \u00f6nemli bir geli\u015fmeyi payla\u015ft\u0131. Ba\u015fkan Uysal, \u015funu s\u00f6yledi: &#8220;K\u0131rcami&#8217;de \u00e7ap verebilir, in\u015faatlar ba\u015flayabilir hale gelmi\u015f bulunuyoruz. Hukuki m\u00fccadeleyi kazanm\u0131\u015f bulunuyoruz. Buradan b\u00fct\u00fcn Antalya&#8217;m\u0131za, 40 bin vatanda\u015f\u0131m\u0131za m\u00fcjdeliyorum. Bir an \u00f6nce herkes gerekeni yapabilir. \u00c7ap\u0131n\u0131 alabilir, in\u015faat\u0131na ba\u015flayabilir. Biz de s\u00fcre\u00e7 i\u00e7inde \u015fehirle\u015fmeyle ilgili bizim belediyemize d\u00fc\u015fen g\u00f6revleri yapaca\u011f\u0131z.&#8221; Kaynak: www.kanalv.com.tr Haber Sitesinden Al\u0131nm\u0131\u015ft\u0131r.<\/p>","protected":false},"author":4,"featured_media":36466,"comment_status":"","ping_status":"open","sticky":false,"template":"","format":"standard","meta":{"_acf_changed":false,"footnotes":""},"categories":[26],"tags":[],"class_list":["post-36465","post","type-post","status-publish","format-standard","has-post-thumbnail","hentry","category-antalya"],"acf":[],"yoast_head":"<!-- This site is optimized with the Yoast SEO Premium plugin v26.6 (Yoast SEO v27.1.1) - https:\/\/yoast.com\/product\/yoast-seo-premium-wordpress\/ -->\n<title>Ba\u015fkan Uysal&#039;dan K\u0131rcami m\u00fcjdesi - Av. Deniz Can K\u0131z\u0131l<\/title>\n<meta name=\"robots\" content=\"index, follow, max-snippet:-1, max-image-preview:large, max-video-preview:-1\" \/>\n<link rel=\"canonical\" href=\"https:\/\/denizcankizil.tr\/de\/haberler\/antalya\/baskan-uysaldan-kircami-mujdesi\/\" \/>\n<meta property=\"og:locale\" content=\"de_DE\" \/>\n<meta property=\"og:type\" content=\"article\" \/>\n<meta property=\"og:title\" content=\"Ba\u015fkan Uysal&#039;dan K\u0131rcami m\u00fcjdesi\" \/>\n<meta property=\"og:description\" content=\"Ba\u015fkan Uysal iftar sonras\u0131 konu\u015fmas\u0131na, &#8220;Varl\u0131\u011f\u0131n\u0131z i\u00e7in, dayan\u0131\u015fman\u0131z i\u00e7in, kom\u015fulu\u011funuz i\u00e7in sevginiz, sayg\u0131n\u0131z, \u015fehrimize katt\u0131\u011f\u0131n\u0131z o g\u00fczel duygular i\u00e7in bar\u0131\u015f ve dayan\u0131\u015fma ortam\u0131 i\u00e7in her birinize ayr\u0131 ayr\u0131 \u00e7ok te\u015fekk\u00fcr ediyorum&#8221; s\u00f6zleriyle ba\u015flad\u0131. &#8220;M\u00fcjdeliyorum&#8221; Ba\u015fkan Uysal, iftarda ayr\u0131ca Antalya&#8217;da 8 mahallenin tamam\u0131, Fener ve G\u00fczeloba mahallerinin belli b\u00f6l\u00fcmlerini i\u00e7ine alan K\u0131rcami imar planlamas\u0131na ili\u015fkin \u00f6nemli bir geli\u015fmeyi payla\u015ft\u0131. Ba\u015fkan Uysal, \u015funu s\u00f6yledi: &#8220;K\u0131rcami&#8217;de \u00e7ap verebilir, in\u015faatlar ba\u015flayabilir hale gelmi\u015f bulunuyoruz. Hukuki m\u00fccadeleyi kazanm\u0131\u015f bulunuyoruz. Buradan b\u00fct\u00fcn Antalya&#8217;m\u0131za, 40 bin vatanda\u015f\u0131m\u0131za m\u00fcjdeliyorum. Bir an \u00f6nce herkes gerekeni yapabilir. \u00c7ap\u0131n\u0131 alabilir, in\u015faat\u0131na ba\u015flayabilir. Biz de s\u00fcre\u00e7 i\u00e7inde \u015fehirle\u015fmeyle ilgili bizim belediyemize d\u00fc\u015fen g\u00f6revleri yapaca\u011f\u0131z.&#8221; Kaynak: www.kanalv.com.tr Haber Sitesinden Al\u0131nm\u0131\u015ft\u0131r.\" \/>\n<meta property=\"og:url\" content=\"https:\/\/denizcankizil.tr\/de\/haberler\/antalya\/baskan-uysaldan-kircami-mujdesi\/\" \/>\n<meta property=\"og:site_name\" content=\"Av. Deniz Can K\u0131z\u0131l\" \/>\n<meta property=\"article:published_time\" content=\"2025-03-21T09:41:52+00:00\" \/>\n<meta property=\"og:image\" content=\"https:\/\/denizcankizil.tr\/wp-content\/uploads\/2025\/03\/5637-01-TWn4XK.jpeg\" \/>\n\t<meta property=\"og:image:width\" content=\"1280\" \/>\n\t<meta property=\"og:image:height\" content=\"720\" \/>\n\t<meta property=\"og:image:type\" content=\"image\/jpeg\" \/>\n<meta name=\"author\" content=\"Av. Deniz Can K\u0131z\u0131l\" \/>\n<meta name=\"twitter:card\" content=\"summary_large_image\" \/>\n<meta name=\"twitter:label1\" content=\"Verfasst von\" \/>\n\t<meta name=\"twitter:data1\" content=\"Av. Deniz Can K\u0131z\u0131l\" \/>\n\t<meta name=\"twitter:label2\" content=\"Gesch\u00e4tzte Lesezeit\" \/>\n\t<meta name=\"twitter:data2\" content=\"1\u00a0Minute\" \/>\n<script type=\"application\/ld+json\" class=\"yoast-schema-graph\">{\"@context\":\"https:\/\/schema.org\",\"@graph\":[{\"@type\":\"Article\",\"@id\":\"https:\/\/denizcankizil.tr\/ru\/haberler\/antalya\/baskan-uysaldan-kircami-mujdesi\/#article\",\"isPartOf\":{\"@id\":\"https:\/\/denizcankizil.tr\/ru\/haberler\/antalya\/baskan-uysaldan-kircami-mujdesi\/\"},\"author\":{\"name\":\"Av. Deniz Can K\u0131z\u0131l\",\"@id\":\"https:\/\/denizcankizil.tr\/de\/#\/schema\/person\/5dc1b22991bd7ac833867c10afc9b0ff\"},\"headline\":\"Ba\u015fkan Uysal&#8217;dan K\u0131rcami m\u00fcjdesi\",\"datePublished\":\"2025-03-21T09:41:52+00:00\",\"mainEntityOfPage\":{\"@id\":\"https:\/\/denizcankizil.tr\/ru\/haberler\/antalya\/baskan-uysaldan-kircami-mujdesi\/\"},\"wordCount\":180,\"publisher\":{\"@id\":\"https:\/\/denizcankizil.tr\/de\/#organization\"},\"image\":{\"@id\":\"https:\/\/denizcankizil.tr\/ru\/haberler\/antalya\/baskan-uysaldan-kircami-mujdesi\/#primaryimage\"},\"thumbnailUrl\":\"https:\/\/denizcankizil.tr\/wp-content\/uploads\/2025\/03\/5637-01-TWn4XK.jpeg\",\"articleSection\":[\"Antalya\"],\"inLanguage\":\"de\"},{\"@type\":\"WebPage\",\"@id\":\"https:\/\/denizcankizil.tr\/ru\/haberler\/antalya\/baskan-uysaldan-kircami-mujdesi\/\",\"url\":\"https:\/\/denizcankizil.tr\/ru\/haberler\/antalya\/baskan-uysaldan-kircami-mujdesi\/\",\"name\":\"Ba\u015fkan Uysal'dan K\u0131rcami m\u00fcjdesi - Av. Deniz Can K\u0131z\u0131l\",\"isPartOf\":{\"@id\":\"https:\/\/denizcankizil.tr\/de\/#website\"},\"primaryImageOfPage\":{\"@id\":\"https:\/\/denizcankizil.tr\/ru\/haberler\/antalya\/baskan-uysaldan-kircami-mujdesi\/#primaryimage\"},\"image\":{\"@id\":\"https:\/\/denizcankizil.tr\/ru\/haberler\/antalya\/baskan-uysaldan-kircami-mujdesi\/#primaryimage\"},\"thumbnailUrl\":\"https:\/\/denizcankizil.tr\/wp-content\/uploads\/2025\/03\/5637-01-TWn4XK.jpeg\",\"datePublished\":\"2025-03-21T09:41:52+00:00\",\"breadcrumb\":{\"@id\":\"https:\/\/denizcankizil.tr\/ru\/haberler\/antalya\/baskan-uysaldan-kircami-mujdesi\/#breadcrumb\"},\"inLanguage\":\"de\",\"potentialAction\":[{\"@type\":\"ReadAction\",\"target\":[\"https:\/\/denizcankizil.tr\/ru\/haberler\/antalya\/baskan-uysaldan-kircami-mujdesi\/\"]}]},{\"@type\":\"ImageObject\",\"inLanguage\":\"de\",\"@id\":\"https:\/\/denizcankizil.tr\/ru\/haberler\/antalya\/baskan-uysaldan-kircami-mujdesi\/#primaryimage\",\"url\":\"https:\/\/denizcankizil.tr\/wp-content\/uploads\/2025\/03\/5637-01-TWn4XK.jpeg\",\"contentUrl\":\"https:\/\/denizcankizil.tr\/wp-content\/uploads\/2025\/03\/5637-01-TWn4XK.jpeg\",\"width\":1280,\"height\":720},{\"@type\":\"BreadcrumbList\",\"@id\":\"https:\/\/denizcankizil.tr\/ru\/haberler\/antalya\/baskan-uysaldan-kircami-mujdesi\/#breadcrumb\",\"itemListElement\":[{\"@type\":\"ListItem\",\"position\":1,\"name\":\"Home\",\"item\":\"https:\/\/denizcankizil.tr\/de\/\"},{\"@type\":\"ListItem\",\"position\":2,\"name\":\"Ba\u015fkan Uysal&#8217;dan K\u0131rcami m\u00fcjdesi\"}]},{\"@type\":\"WebSite\",\"@id\":\"https:\/\/denizcankizil.tr\/de\/#website\",\"url\":\"https:\/\/denizcankizil.tr\/de\/\",\"name\":\"Av. Deniz Can K\u0131z\u0131l\",\"description\":\"Avukat Deniz Can K\u0131z\u0131l Antalya Barosu\",\"publisher\":{\"@id\":\"https:\/\/denizcankizil.tr\/de\/#organization\"},\"potentialAction\":[{\"@type\":\"SearchAction\",\"target\":{\"@type\":\"EntryPoint\",\"urlTemplate\":\"https:\/\/denizcankizil.tr\/de\/?s={search_term_string}\"},\"query-input\":{\"@type\":\"PropertyValueSpecification\",\"valueRequired\":true,\"valueName\":\"search_term_string\"}}],\"inLanguage\":\"de\"},{\"@type\":\"Organization\",\"@id\":\"https:\/\/denizcankizil.tr\/de\/#organization\",\"name\":\"Av. Deniz Can K\u0131z\u0131l\",\"url\":\"https:\/\/denizcankizil.tr\/de\/\",\"logo\":{\"@type\":\"ImageObject\",\"inLanguage\":\"de\",\"@id\":\"https:\/\/denizcankizil.tr\/de\/#\/schema\/logo\/image\/\",\"url\":\"https:\/\/denizcankizil.tr\/wp-content\/uploads\/2024\/10\/siyah-logo-svg.svg\",\"contentUrl\":\"https:\/\/denizcankizil.tr\/wp-content\/uploads\/2024\/10\/siyah-logo-svg.svg\",\"width\":1080,\"height\":1080,\"caption\":\"Av. Deniz Can K\u0131z\u0131l\"},\"image\":{\"@id\":\"https:\/\/denizcankizil.tr\/de\/#\/schema\/logo\/image\/\"}},{\"@type\":\"Person\",\"@id\":\"https:\/\/denizcankizil.tr\/de\/#\/schema\/person\/5dc1b22991bd7ac833867c10afc9b0ff\",\"name\":\"Av. Deniz Can K\u0131z\u0131l\",\"image\":{\"@type\":\"ImageObject\",\"inLanguage\":\"de\",\"@id\":\"https:\/\/denizcankizil.tr\/de\/#\/schema\/person\/image\/\",\"url\":\"https:\/\/secure.gravatar.com\/avatar\/a0b128fb9855c79efc976d5640eedb31dc35ec297594d6016d2cf7c60e975bb6?s=96&d=mm&r=g\",\"contentUrl\":\"https:\/\/secure.gravatar.com\/avatar\/a0b128fb9855c79efc976d5640eedb31dc35ec297594d6016d2cf7c60e975bb6?s=96&d=mm&r=g\",\"caption\":\"Av. Deniz Can K\u0131z\u0131l\"},\"sameAs\":[\"http:\/\/www.denizcankizil.tr\"],\"url\":\"https:\/\/denizcankizil.tr\/de\/author\/denizcankizil\/\"}]}<\/script>\n<!-- \/ Yoast SEO Premium plugin. -->","yoast_head_json":{"title":"Ba\u015fkan Uysal'dan K\u0131rcami m\u00fcjdesi - Av. Deniz Can K\u0131z\u0131l","robots":{"index":"index","follow":"follow","max-snippet":"max-snippet:-1","max-image-preview":"max-image-preview:large","max-video-preview":"max-video-preview:-1"},"canonical":"https:\/\/denizcankizil.tr\/de\/haberler\/antalya\/baskan-uysaldan-kircami-mujdesi\/","og_locale":"de_DE","og_type":"article","og_title":"Ba\u015fkan Uysal'dan K\u0131rcami m\u00fcjdesi","og_description":"Ba\u015fkan Uysal iftar sonras\u0131 konu\u015fmas\u0131na, &#8220;Varl\u0131\u011f\u0131n\u0131z i\u00e7in, dayan\u0131\u015fman\u0131z i\u00e7in, kom\u015fulu\u011funuz i\u00e7in sevginiz, sayg\u0131n\u0131z, \u015fehrimize katt\u0131\u011f\u0131n\u0131z o g\u00fczel duygular i\u00e7in bar\u0131\u015f ve dayan\u0131\u015fma ortam\u0131 i\u00e7in her birinize ayr\u0131 ayr\u0131 \u00e7ok te\u015fekk\u00fcr ediyorum&#8221; s\u00f6zleriyle ba\u015flad\u0131. &#8220;M\u00fcjdeliyorum&#8221; Ba\u015fkan Uysal, iftarda ayr\u0131ca Antalya&#8217;da 8 mahallenin tamam\u0131, Fener ve G\u00fczeloba mahallerinin belli b\u00f6l\u00fcmlerini i\u00e7ine alan K\u0131rcami imar planlamas\u0131na ili\u015fkin \u00f6nemli bir geli\u015fmeyi payla\u015ft\u0131. Ba\u015fkan Uysal, \u015funu s\u00f6yledi: &#8220;K\u0131rcami&#8217;de \u00e7ap verebilir, in\u015faatlar ba\u015flayabilir hale gelmi\u015f bulunuyoruz. Hukuki m\u00fccadeleyi kazanm\u0131\u015f bulunuyoruz. Buradan b\u00fct\u00fcn Antalya&#8217;m\u0131za, 40 bin vatanda\u015f\u0131m\u0131za m\u00fcjdeliyorum. Bir an \u00f6nce herkes gerekeni yapabilir. \u00c7ap\u0131n\u0131 alabilir, in\u015faat\u0131na ba\u015flayabilir. Biz de s\u00fcre\u00e7 i\u00e7inde \u015fehirle\u015fmeyle ilgili bizim belediyemize d\u00fc\u015fen g\u00f6revleri yapaca\u011f\u0131z.&#8221; Kaynak: www.kanalv.com.tr Haber Sitesinden Al\u0131nm\u0131\u015ft\u0131r.","og_url":"https:\/\/denizcankizil.tr\/de\/haberler\/antalya\/baskan-uysaldan-kircami-mujdesi\/","og_site_name":"Av. Deniz Can K\u0131z\u0131l","article_published_time":"2025-03-21T09:41:52+00:00","og_image":[{"width":1280,"height":720,"url":"https:\/\/denizcankizil.tr\/wp-content\/uploads\/2025\/03\/5637-01-TWn4XK.jpeg","type":"image\/jpeg"}],"author":"Av. Deniz Can K\u0131z\u0131l","twitter_card":"summary_large_image","twitter_misc":{"Verfasst von":"Av. Deniz Can K\u0131z\u0131l","Gesch\u00e4tzte Lesezeit":"1\u00a0Minute"},"schema":{"@context":"https:\/\/schema.org","@graph":[{"@type":"Article","@id":"https:\/\/denizcankizil.tr\/ru\/haberler\/antalya\/baskan-uysaldan-kircami-mujdesi\/#article","isPartOf":{"@id":"https:\/\/denizcankizil.tr\/ru\/haberler\/antalya\/baskan-uysaldan-kircami-mujdesi\/"},"author":{"name":"Av. Deniz Can K\u0131z\u0131l","@id":"https:\/\/denizcankizil.tr\/de\/#\/schema\/person\/5dc1b22991bd7ac833867c10afc9b0ff"},"headline":"Ba\u015fkan Uysal&#8217;dan K\u0131rcami m\u00fcjdesi","datePublished":"2025-03-21T09:41:52+00:00","mainEntityOfPage":{"@id":"https:\/\/denizcankizil.tr\/ru\/haberler\/antalya\/baskan-uysaldan-kircami-mujdesi\/"},"wordCount":180,"publisher":{"@id":"https:\/\/denizcankizil.tr\/de\/#organization"},"image":{"@id":"https:\/\/denizcankizil.tr\/ru\/haberler\/antalya\/baskan-uysaldan-kircami-mujdesi\/#primaryimage"},"thumbnailUrl":"https:\/\/denizcankizil.tr\/wp-content\/uploads\/2025\/03\/5637-01-TWn4XK.jpeg","articleSection":["Antalya"],"inLanguage":"de"},{"@type":"WebPage","@id":"https:\/\/denizcankizil.tr\/ru\/haberler\/antalya\/baskan-uysaldan-kircami-mujdesi\/","url":"https:\/\/denizcankizil.tr\/ru\/haberler\/antalya\/baskan-uysaldan-kircami-mujdesi\/","name":"Ba\u015fkan Uysal'dan K\u0131rcami m\u00fcjdesi - Av. Deniz Can K\u0131z\u0131l","isPartOf":{"@id":"https:\/\/denizcankizil.tr\/de\/#website"},"primaryImageOfPage":{"@id":"https:\/\/denizcankizil.tr\/ru\/haberler\/antalya\/baskan-uysaldan-kircami-mujdesi\/#primaryimage"},"image":{"@id":"https:\/\/denizcankizil.tr\/ru\/haberler\/antalya\/baskan-uysaldan-kircami-mujdesi\/#primaryimage"},"thumbnailUrl":"https:\/\/denizcankizil.tr\/wp-content\/uploads\/2025\/03\/5637-01-TWn4XK.jpeg","datePublished":"2025-03-21T09:41:52+00:00","breadcrumb":{"@id":"https:\/\/denizcankizil.tr\/ru\/haberler\/antalya\/baskan-uysaldan-kircami-mujdesi\/#breadcrumb"},"inLanguage":"de","potentialAction":[{"@type":"ReadAction","target":["https:\/\/denizcankizil.tr\/ru\/haberler\/antalya\/baskan-uysaldan-kircami-mujdesi\/"]}]},{"@type":"ImageObject","inLanguage":"de","@id":"https:\/\/denizcankizil.tr\/ru\/haberler\/antalya\/baskan-uysaldan-kircami-mujdesi\/#primaryimage","url":"https:\/\/denizcankizil.tr\/wp-content\/uploads\/2025\/03\/5637-01-TWn4XK.jpeg","contentUrl":"https:\/\/denizcankizil.tr\/wp-content\/uploads\/2025\/03\/5637-01-TWn4XK.jpeg","width":1280,"height":720},{"@type":"BreadcrumbList","@id":"https:\/\/denizcankizil.tr\/ru\/haberler\/antalya\/baskan-uysaldan-kircami-mujdesi\/#breadcrumb","itemListElement":[{"@type":"ListItem","position":1,"name":"Home","item":"https:\/\/denizcankizil.tr\/de\/"},{"@type":"ListItem","position":2,"name":"Ba\u015fkan Uysal&#8217;dan K\u0131rcami m\u00fcjdesi"}]},{"@type":"WebSite","@id":"https:\/\/denizcankizil.tr\/de\/#website","url":"https:\/\/denizcankizil.tr\/de\/","name":"Av. Deniz Can K\u0131z\u0131l","description":"Avukat Deniz Can K\u0131z\u0131l Antalya Barosu","publisher":{"@id":"https:\/\/denizcankizil.tr\/de\/#organization"},"potentialAction":[{"@type":"SearchAction","target":{"@type":"EntryPoint","urlTemplate":"https:\/\/denizcankizil.tr\/de\/?s={search_term_string}"},"query-input":{"@type":"PropertyValueSpecification","valueRequired":true,"valueName":"search_term_string"}}],"inLanguage":"de"},{"@type":"Organization","@id":"https:\/\/denizcankizil.tr\/de\/#organization","name":"Av. Deniz Can K\u0131z\u0131l","url":"https:\/\/denizcankizil.tr\/de\/","logo":{"@type":"ImageObject","inLanguage":"de","@id":"https:\/\/denizcankizil.tr\/de\/#\/schema\/logo\/image\/","url":"https:\/\/denizcankizil.tr\/wp-content\/uploads\/2024\/10\/siyah-logo-svg.svg","contentUrl":"https:\/\/denizcankizil.tr\/wp-content\/uploads\/2024\/10\/siyah-logo-svg.svg","width":1080,"height":1080,"caption":"Av. Deniz Can K\u0131z\u0131l"},"image":{"@id":"https:\/\/denizcankizil.tr\/de\/#\/schema\/logo\/image\/"}},{"@type":"Person","@id":"https:\/\/denizcankizil.tr\/de\/#\/schema\/person\/5dc1b22991bd7ac833867c10afc9b0ff","name":"Av. Deniz Can K\u0131z\u0131l","image":{"@type":"ImageObject","inLanguage":"de","@id":"https:\/\/denizcankizil.tr\/de\/#\/schema\/person\/image\/","url":"https:\/\/secure.gravatar.com\/avatar\/a0b128fb9855c79efc976d5640eedb31dc35ec297594d6016d2cf7c60e975bb6?s=96&d=mm&r=g","contentUrl":"https:\/\/secure.gravatar.com\/avatar\/a0b128fb9855c79efc976d5640eedb31dc35ec297594d6016d2cf7c60e975bb6?s=96&d=mm&r=g","caption":"Av. Deniz Can K\u0131z\u0131l"},"sameAs":["http:\/\/www.denizcankizil.tr"],"url":"https:\/\/denizcankizil.tr\/de\/author\/denizcankizil\/"}]}},"_links":{"self":[{"href":"https:\/\/denizcankizil.tr\/de\/wp-json\/wp\/v2\/posts\/36465","targetHints":{"allow":["GET"]}}],"collection":[{"href":"https:\/\/denizcankizil.tr\/de\/wp-json\/wp\/v2\/posts"}],"about":[{"href":"https:\/\/denizcankizil.tr\/de\/wp-json\/wp\/v2\/types\/post"}],"author":[{"embeddable":true,"href":"https:\/\/denizcankizil.tr\/de\/wp-json\/wp\/v2\/users\/4"}],"replies":[{"embeddable":true,"href":"https:\/\/denizcankizil.tr\/de\/wp-json\/wp\/v2\/comments?post=36465"}],"version-history":[{"count":0,"href":"https:\/\/denizcankizil.tr\/de\/wp-json\/wp\/v2\/posts\/36465\/revisions"}],"wp:featuredmedia":[{"embeddable":true,"href":"https:\/\/denizcankizil.tr\/de\/wp-json\/wp\/v2\/media\/36466"}],"wp:attachment":[{"href":"https:\/\/denizcankizil.tr\/de\/wp-json\/wp\/v2\/media?parent=36465"}],"wp:term":[{"taxonomy":"category","embeddable":true,"href":"https:\/\/denizcankizil.tr\/de\/wp-json\/wp\/v2\/categories?post=36465"},{"taxonomy":"post_tag","embeddable":true,"href":"https:\/\/denizcankizil.tr\/de\/wp-json\/wp\/v2\/tags?post=36465"}],"curies":[{"name":"wp","href":"https:\/\/api.w.org\/{rel}","templated":true}]}}