{"id":36444,"date":"2025-03-21T10:41:18","date_gmt":"2025-03-21T07:41:18","guid":{"rendered":"https:\/\/denizcankizil.tr\/uncategorized-tr\/chpli-can-okan-kiran-vazgecmiyoruz\/"},"modified":"2025-03-21T10:41:18","modified_gmt":"2025-03-21T07:41:18","slug":"chpli-can-okan-kiran-vazgecmiyoruz","status":"publish","type":"post","link":"https:\/\/denizcankizil.tr\/de\/haberler\/gundem\/chpli-can-okan-kiran-vazgecmiyoruz\/","title":{"rendered":"CHP\u2019li Can Okan K\u0131ran: Vazge\u00e7miyoruz"},"content":{"rendered":"<p>\u0130stanbul B\u00fcy\u00fck\u015fehir Belediye Ba\u015fkan\u0131 Ekrem \u0130mamo\u011flu\u2019nun g\u00f6zalt\u0131na al\u0131nmas\u0131n\u0131n ard\u0131ndan \u00fclke genelinde \u00fcniversiteler ba\u015fta olmak \u00fczere siyasi parti ve demokratik kitle \u00f6rg\u00fctlerinin eylemleri s\u00fcr\u00fcyor. Antalya\u2019da d\u00fcn ak\u015fam Akdeniz \u00dcniversitesi\u2019nde d\u00fczenlenen eyleme polis m\u00fcdahale ederken, Antalya Emek ve Demokrasi G\u00fc\u00e7lerinin Ayd\u0131n Kanza Park\u0131\u2019ndan Cumhuriyet Meydan\u0131\u2019na y\u00fcr\u00fcy\u00fc\u015f\u00fcne polis uzun s\u00fcre izin vermedi. Kitle \u00f6rg\u00fctleri daha sonra polis kontrol\u00fcnde Cumhuriyet Meydan\u0131\u2019na y\u00fcr\u00fcd\u00fc ve a\u00e7\u0131klamas\u0131n\u0131 ger\u00e7ekle\u015ftirdi.\u00a0<\/p>\n<p>D\u0130REN\u0130\u015e B\u0130R KIVILCIMDIR<\/p>\n<p>CHP Muratpa\u015fa \u0130l\u00e7e Ba\u015fkan\u0131 Can Okan K\u0131ran, d\u00fcn ak\u015fam saatlerinde Antalya Emek ve Demokrasi G\u00fc\u00e7leri taraf\u0131ndan d\u00fczenlenen y\u00fcr\u00fcy\u00fc\u015fe en y\u00fcksek oranda kat\u0131l\u0131m sa\u011flad\u0131klar\u0131n\u0131 ifade etti. K\u0131ran a\u00e7\u0131klamalar\u0131nda; \u201cUmutsuz bir toplumda, tek bir insan\u0131n direni\u015fi neyi de\u011fi\u015ftirebilir? Her \u015feyi. Tarih bunu defalarca kan\u0131tlad\u0131. Gandhi\u2019nin pasif direni\u015fi, Rosa Parks\u2019\u0131n sessiz ba\u015fkald\u0131r\u0131s\u0131, Mandela\u2019n\u0131n esaretten do\u011fan zaferi. Direni\u015f bir zaferdir\u201d diye konu\u015ftu.<\/p>\n<p>\u0130MAMO\u011eLU YALNIZ DE\u011e\u0130LD\u0130R<\/p>\n<p>K\u0131ran a\u00e7\u0131klamalar\u0131n\u0131 \u015fu \u015fekilde s\u00fcrd\u00fcrd\u00fc: \u201cB\u00fcy\u00fck devrimler, \u00f6nce tek bir insan\u0131n cesaretiyle ba\u015flad\u0131. Direni\u015f, bir s\u00f6z, bir duru\u015f, bir isyand\u0131r. \u00c7\u00fcnk\u00fc cesaret bula\u015f\u0131c\u0131d\u0131r. Bizleri korkuyla sindirmek isteyenlere sesleniyoruz: Korkmuyoruz. Y\u0131lm\u0131yoruz. Vazge\u00e7miyoruz. Bil ki yaln\u0131z de\u011filsin. Bil ki \u00e7\u00f6z\u00fcms\u00fcz de\u011filsin. Bil ki senin direni\u015finle bizler olaca\u011f\u0131z, bizler kazanaca\u011f\u0131z.\u201d<\/p>\n<p>\u200bCHP Muratpa\u015fa \u0130l\u00e7e Ba\u015fkan\u0131 Can Okan K\u0131ran, d\u00fcn ak\u015fam saatlerinde Antalya Emek ve Demokrasi G\u00fc\u00e7leri taraf\u0131ndan d\u00fczenlenen y\u00fcr\u00fcy\u00fc\u015f ve eylemin ard\u0131ndan a\u00e7\u0131klamalarda bulundu. K\u0131ran, \u201cKorkmuyoruz, y\u0131lm\u0131yoruz, vazge\u00e7miyoruz\u201d dedi.\u00a0<\/p>\n<p>\u200bHaberin Al\u0131nt\u0131land\u0131\u011f\u0131 Kaynak: www.antalyakorfez.com<\/p>","protected":false},"excerpt":{"rendered":"<p>\u0130stanbul B\u00fcy\u00fck\u015fehir Belediye Ba\u015fkan\u0131 Ekrem \u0130mamo\u011flu\u2019nun g\u00f6zalt\u0131na al\u0131nmas\u0131n\u0131n ard\u0131ndan \u00fclke genelinde \u00fcniversiteler ba\u015fta olmak \u00fczere siyasi parti ve demokratik kitle \u00f6rg\u00fctlerinin eylemleri s\u00fcr\u00fcyor. Antalya\u2019da d\u00fcn ak\u015fam Akdeniz \u00dcniversitesi\u2019nde d\u00fczenlenen eyleme polis m\u00fcdahale ederken, Antalya Emek ve Demokrasi G\u00fc\u00e7lerinin Ayd\u0131n Kanza Park\u0131\u2019ndan Cumhuriyet Meydan\u0131\u2019na y\u00fcr\u00fcy\u00fc\u015f\u00fcne polis uzun s\u00fcre izin vermedi. Kitle \u00f6rg\u00fctleri daha sonra polis kontrol\u00fcnde Cumhuriyet Meydan\u0131\u2019na y\u00fcr\u00fcd\u00fc ve a\u00e7\u0131klamas\u0131n\u0131 ger\u00e7ekle\u015ftirdi.\u00a0 D\u0130REN\u0130\u015e B\u0130R KIVILCIMDIR CHP Muratpa\u015fa \u0130l\u00e7e Ba\u015fkan\u0131 Can Okan K\u0131ran, d\u00fcn ak\u015fam saatlerinde Antalya Emek ve Demokrasi G\u00fc\u00e7leri taraf\u0131ndan d\u00fczenlenen y\u00fcr\u00fcy\u00fc\u015fe en y\u00fcksek oranda kat\u0131l\u0131m sa\u011flad\u0131klar\u0131n\u0131 ifade etti. K\u0131ran a\u00e7\u0131klamalar\u0131nda; \u201cUmutsuz bir toplumda, tek bir insan\u0131n direni\u015fi neyi de\u011fi\u015ftirebilir? Her \u015feyi. Tarih bunu defalarca kan\u0131tlad\u0131. Gandhi\u2019nin pasif direni\u015fi, Rosa Parks\u2019\u0131n sessiz ba\u015fkald\u0131r\u0131s\u0131, Mandela\u2019n\u0131n esaretten do\u011fan zaferi. Direni\u015f bir zaferdir\u201d diye konu\u015ftu. \u0130MAMO\u011eLU YALNIZ DE\u011e\u0130LD\u0130R K\u0131ran a\u00e7\u0131klamalar\u0131n\u0131 \u015fu \u015fekilde s\u00fcrd\u00fcrd\u00fc: \u201cB\u00fcy\u00fck devrimler, \u00f6nce tek bir insan\u0131n cesaretiyle ba\u015flad\u0131. Direni\u015f, bir s\u00f6z, bir duru\u015f, bir isyand\u0131r. \u00c7\u00fcnk\u00fc cesaret bula\u015f\u0131c\u0131d\u0131r. Bizleri korkuyla sindirmek isteyenlere sesleniyoruz: Korkmuyoruz. Y\u0131lm\u0131yoruz. Vazge\u00e7miyoruz. Bil ki yaln\u0131z de\u011filsin. Bil ki \u00e7\u00f6z\u00fcms\u00fcz de\u011filsin. Bil ki senin direni\u015finle bizler olaca\u011f\u0131z, bizler kazanaca\u011f\u0131z.\u201d \u200bCHP Muratpa\u015fa \u0130l\u00e7e Ba\u015fkan\u0131 Can Okan K\u0131ran, d\u00fcn ak\u015fam saatlerinde Antalya Emek ve Demokrasi G\u00fc\u00e7leri taraf\u0131ndan d\u00fczenlenen y\u00fcr\u00fcy\u00fc\u015f ve eylemin ard\u0131ndan a\u00e7\u0131klamalarda bulundu. K\u0131ran, \u201cKorkmuyoruz, y\u0131lm\u0131yoruz, vazge\u00e7miyoruz\u201d dedi.\u00a0 &hellip;<\/p>","protected":false},"author":5,"featured_media":0,"comment_status":"","ping_status":"open","sticky":false,"template":"","format":"standard","meta":{"_acf_changed":false,"footnotes":""},"categories":[24],"tags":[],"class_list":["post-36444","post","type-post","status-publish","format-standard","has-post-thumbnail","hentry","category-gundem"],"acf":[],"yoast_head":"<!-- This site is optimized with the Yoast SEO Premium plugin v26.6 (Yoast SEO v27.1.1) - https:\/\/yoast.com\/product\/yoast-seo-premium-wordpress\/ -->\n<title>CHP\u2019li Can Okan K\u0131ran: Vazge\u00e7miyoruz - Av. Deniz Can K\u0131z\u0131l<\/title>\n<meta name=\"robots\" content=\"index, follow, max-snippet:-1, max-image-preview:large, max-video-preview:-1\" \/>\n<link rel=\"canonical\" href=\"https:\/\/denizcankizil.tr\/de\/haberler\/gundem\/chpli-can-okan-kiran-vazgecmiyoruz\/\" \/>\n<meta property=\"og:locale\" content=\"de_DE\" \/>\n<meta property=\"og:type\" content=\"article\" \/>\n<meta property=\"og:title\" content=\"CHP\u2019li Can Okan K\u0131ran: Vazge\u00e7miyoruz\" \/>\n<meta property=\"og:description\" content=\"\u0130stanbul B\u00fcy\u00fck\u015fehir Belediye Ba\u015fkan\u0131 Ekrem \u0130mamo\u011flu\u2019nun g\u00f6zalt\u0131na al\u0131nmas\u0131n\u0131n ard\u0131ndan \u00fclke genelinde \u00fcniversiteler ba\u015fta olmak \u00fczere siyasi parti ve demokratik kitle \u00f6rg\u00fctlerinin eylemleri s\u00fcr\u00fcyor. Antalya\u2019da d\u00fcn ak\u015fam Akdeniz \u00dcniversitesi\u2019nde d\u00fczenlenen eyleme polis m\u00fcdahale ederken, Antalya Emek ve Demokrasi G\u00fc\u00e7lerinin Ayd\u0131n Kanza Park\u0131\u2019ndan Cumhuriyet Meydan\u0131\u2019na y\u00fcr\u00fcy\u00fc\u015f\u00fcne polis uzun s\u00fcre izin vermedi. Kitle \u00f6rg\u00fctleri daha sonra polis kontrol\u00fcnde Cumhuriyet Meydan\u0131\u2019na y\u00fcr\u00fcd\u00fc ve a\u00e7\u0131klamas\u0131n\u0131 ger\u00e7ekle\u015ftirdi.\u00a0 D\u0130REN\u0130\u015e B\u0130R KIVILCIMDIR CHP Muratpa\u015fa \u0130l\u00e7e Ba\u015fkan\u0131 Can Okan K\u0131ran, d\u00fcn ak\u015fam saatlerinde Antalya Emek ve Demokrasi G\u00fc\u00e7leri taraf\u0131ndan d\u00fczenlenen y\u00fcr\u00fcy\u00fc\u015fe en y\u00fcksek oranda kat\u0131l\u0131m sa\u011flad\u0131klar\u0131n\u0131 ifade etti. K\u0131ran a\u00e7\u0131klamalar\u0131nda; \u201cUmutsuz bir toplumda, tek bir insan\u0131n direni\u015fi neyi de\u011fi\u015ftirebilir? Her \u015feyi. Tarih bunu defalarca kan\u0131tlad\u0131. Gandhi\u2019nin pasif direni\u015fi, Rosa Parks\u2019\u0131n sessiz ba\u015fkald\u0131r\u0131s\u0131, Mandela\u2019n\u0131n esaretten do\u011fan zaferi. Direni\u015f bir zaferdir\u201d diye konu\u015ftu. \u0130MAMO\u011eLU YALNIZ DE\u011e\u0130LD\u0130R K\u0131ran a\u00e7\u0131klamalar\u0131n\u0131 \u015fu \u015fekilde s\u00fcrd\u00fcrd\u00fc: \u201cB\u00fcy\u00fck devrimler, \u00f6nce tek bir insan\u0131n cesaretiyle ba\u015flad\u0131. Direni\u015f, bir s\u00f6z, bir duru\u015f, bir isyand\u0131r. \u00c7\u00fcnk\u00fc cesaret bula\u015f\u0131c\u0131d\u0131r. Bizleri korkuyla sindirmek isteyenlere sesleniyoruz: Korkmuyoruz. Y\u0131lm\u0131yoruz. Vazge\u00e7miyoruz. Bil ki yaln\u0131z de\u011filsin. Bil ki \u00e7\u00f6z\u00fcms\u00fcz de\u011filsin. Bil ki senin direni\u015finle bizler olaca\u011f\u0131z, bizler kazanaca\u011f\u0131z.\u201d \u200bCHP Muratpa\u015fa \u0130l\u00e7e Ba\u015fkan\u0131 Can Okan K\u0131ran, d\u00fcn ak\u015fam saatlerinde Antalya Emek ve Demokrasi G\u00fc\u00e7leri taraf\u0131ndan d\u00fczenlenen y\u00fcr\u00fcy\u00fc\u015f ve eylemin ard\u0131ndan a\u00e7\u0131klamalarda bulundu. K\u0131ran, \u201cKorkmuyoruz, y\u0131lm\u0131yoruz, vazge\u00e7miyoruz\u201d dedi.\u00a0 &hellip;\" \/>\n<meta property=\"og:url\" content=\"https:\/\/denizcankizil.tr\/de\/haberler\/gundem\/chpli-can-okan-kiran-vazgecmiyoruz\/\" \/>\n<meta property=\"og:site_name\" content=\"Av. Deniz Can K\u0131z\u0131l\" \/>\n<meta property=\"article:published_time\" content=\"2025-03-21T07:41:18+00:00\" \/>\n<meta name=\"author\" content=\"Antalya K\u00f6rfez\" \/>\n<meta name=\"twitter:card\" content=\"summary_large_image\" \/>\n<meta name=\"twitter:label1\" content=\"Verfasst von\" \/>\n\t<meta name=\"twitter:data1\" content=\"Antalya K\u00f6rfez\" \/>\n\t<meta name=\"twitter:label2\" content=\"Gesch\u00e4tzte Lesezeit\" \/>\n\t<meta name=\"twitter:data2\" content=\"2\u00a0Minuten\" \/>\n<script type=\"application\/ld+json\" class=\"yoast-schema-graph\">{\"@context\":\"https:\/\/schema.org\",\"@graph\":[{\"@type\":\"Article\",\"@id\":\"https:\/\/denizcankizil.tr\/de\/haberler\/gundem\/chpli-can-okan-kiran-vazgecmiyoruz\/#article\",\"isPartOf\":{\"@id\":\"https:\/\/denizcankizil.tr\/de\/haberler\/gundem\/chpli-can-okan-kiran-vazgecmiyoruz\/\"},\"author\":{\"name\":\"Antalya K\u00f6rfez\",\"@id\":\"https:\/\/denizcankizil.tr\/#\/schema\/person\/e1eb71bb4dd684d46563f0af307e1234\"},\"headline\":\"CHP\u2019li Can Okan K\u0131ran: Vazge\u00e7miyoruz\",\"datePublished\":\"2025-03-21T07:41:18+00:00\",\"mainEntityOfPage\":{\"@id\":\"https:\/\/denizcankizil.tr\/de\/haberler\/gundem\/chpli-can-okan-kiran-vazgecmiyoruz\/\"},\"wordCount\":338,\"publisher\":{\"@id\":\"https:\/\/denizcankizil.tr\/#organization\"},\"articleSection\":[\"G\u00fcndem\"],\"inLanguage\":\"de\"},{\"@type\":\"WebPage\",\"@id\":\"https:\/\/denizcankizil.tr\/de\/haberler\/gundem\/chpli-can-okan-kiran-vazgecmiyoruz\/\",\"url\":\"https:\/\/denizcankizil.tr\/de\/haberler\/gundem\/chpli-can-okan-kiran-vazgecmiyoruz\/\",\"name\":\"CHP\u2019li Can Okan K\u0131ran: Vazge\u00e7miyoruz - Av. Deniz Can K\u0131z\u0131l\",\"isPartOf\":{\"@id\":\"https:\/\/denizcankizil.tr\/#website\"},\"datePublished\":\"2025-03-21T07:41:18+00:00\",\"breadcrumb\":{\"@id\":\"https:\/\/denizcankizil.tr\/de\/haberler\/gundem\/chpli-can-okan-kiran-vazgecmiyoruz\/#breadcrumb\"},\"inLanguage\":\"de\",\"potentialAction\":[{\"@type\":\"ReadAction\",\"target\":[\"https:\/\/denizcankizil.tr\/de\/haberler\/gundem\/chpli-can-okan-kiran-vazgecmiyoruz\/\"]}]},{\"@type\":\"BreadcrumbList\",\"@id\":\"https:\/\/denizcankizil.tr\/de\/haberler\/gundem\/chpli-can-okan-kiran-vazgecmiyoruz\/#breadcrumb\",\"itemListElement\":[{\"@type\":\"ListItem\",\"position\":1,\"name\":\"Home\",\"item\":\"https:\/\/denizcankizil.tr\/uk\/\"},{\"@type\":\"ListItem\",\"position\":2,\"name\":\"CHP\u2019li Can Okan K\u0131ran: Vazge\u00e7miyoruz\"}]},{\"@type\":\"WebSite\",\"@id\":\"https:\/\/denizcankizil.tr\/#website\",\"url\":\"https:\/\/denizcankizil.tr\/\",\"name\":\"Av. Deniz Can K\u0131z\u0131l\",\"description\":\"Avukat Deniz Can K\u0131z\u0131l Antalya Barosu\",\"publisher\":{\"@id\":\"https:\/\/denizcankizil.tr\/#organization\"},\"potentialAction\":[{\"@type\":\"SearchAction\",\"target\":{\"@type\":\"EntryPoint\",\"urlTemplate\":\"https:\/\/denizcankizil.tr\/?s={search_term_string}\"},\"query-input\":{\"@type\":\"PropertyValueSpecification\",\"valueRequired\":true,\"valueName\":\"search_term_string\"}}],\"inLanguage\":\"de\"},{\"@type\":\"Organization\",\"@id\":\"https:\/\/denizcankizil.tr\/#organization\",\"name\":\"Av. Deniz Can K\u0131z\u0131l\",\"url\":\"https:\/\/denizcankizil.tr\/\",\"logo\":{\"@type\":\"ImageObject\",\"inLanguage\":\"de\",\"@id\":\"https:\/\/denizcankizil.tr\/#\/schema\/logo\/image\/\",\"url\":\"https:\/\/denizcankizil.tr\/wp-content\/uploads\/2024\/10\/siyah-logo-svg.svg\",\"contentUrl\":\"https:\/\/denizcankizil.tr\/wp-content\/uploads\/2024\/10\/siyah-logo-svg.svg\",\"width\":1080,\"height\":1080,\"caption\":\"Av. Deniz Can K\u0131z\u0131l\"},\"image\":{\"@id\":\"https:\/\/denizcankizil.tr\/#\/schema\/logo\/image\/\"}},{\"@type\":\"Person\",\"@id\":\"https:\/\/denizcankizil.tr\/#\/schema\/person\/e1eb71bb4dd684d46563f0af307e1234\",\"name\":\"Antalya K\u00f6rfez\",\"image\":{\"@type\":\"ImageObject\",\"inLanguage\":\"de\",\"@id\":\"https:\/\/denizcankizil.tr\/#\/schema\/person\/image\/\",\"url\":\"https:\/\/secure.gravatar.com\/avatar\/42b01982558a48a0b501fdcab6a408d3717ea5919095ee2e67b0e521799c5905?s=96&d=mm&r=g\",\"contentUrl\":\"https:\/\/secure.gravatar.com\/avatar\/42b01982558a48a0b501fdcab6a408d3717ea5919095ee2e67b0e521799c5905?s=96&d=mm&r=g\",\"caption\":\"Antalya K\u00f6rfez\"},\"sameAs\":[\"http:\/\/www.antalyakorfez.com\"],\"url\":\"https:\/\/www.antalyakorfez.com\/chpli-can-okan-kiran-vazgecmiyoruz\"}]}<\/script>\n<!-- \/ Yoast SEO Premium plugin. -->","yoast_head_json":{"title":"CHP\u2019li Can Okan K\u0131ran: Vazge\u00e7miyoruz - Av. Deniz Can K\u0131z\u0131l","robots":{"index":"index","follow":"follow","max-snippet":"max-snippet:-1","max-image-preview":"max-image-preview:large","max-video-preview":"max-video-preview:-1"},"canonical":"https:\/\/denizcankizil.tr\/de\/haberler\/gundem\/chpli-can-okan-kiran-vazgecmiyoruz\/","og_locale":"de_DE","og_type":"article","og_title":"CHP\u2019li Can Okan K\u0131ran: Vazge\u00e7miyoruz","og_description":"\u0130stanbul B\u00fcy\u00fck\u015fehir Belediye Ba\u015fkan\u0131 Ekrem \u0130mamo\u011flu\u2019nun g\u00f6zalt\u0131na al\u0131nmas\u0131n\u0131n ard\u0131ndan \u00fclke genelinde \u00fcniversiteler ba\u015fta olmak \u00fczere siyasi parti ve demokratik kitle \u00f6rg\u00fctlerinin eylemleri s\u00fcr\u00fcyor. Antalya\u2019da d\u00fcn ak\u015fam Akdeniz \u00dcniversitesi\u2019nde d\u00fczenlenen eyleme polis m\u00fcdahale ederken, Antalya Emek ve Demokrasi G\u00fc\u00e7lerinin Ayd\u0131n Kanza Park\u0131\u2019ndan Cumhuriyet Meydan\u0131\u2019na y\u00fcr\u00fcy\u00fc\u015f\u00fcne polis uzun s\u00fcre izin vermedi. Kitle \u00f6rg\u00fctleri daha sonra polis kontrol\u00fcnde Cumhuriyet Meydan\u0131\u2019na y\u00fcr\u00fcd\u00fc ve a\u00e7\u0131klamas\u0131n\u0131 ger\u00e7ekle\u015ftirdi.\u00a0 D\u0130REN\u0130\u015e B\u0130R KIVILCIMDIR CHP Muratpa\u015fa \u0130l\u00e7e Ba\u015fkan\u0131 Can Okan K\u0131ran, d\u00fcn ak\u015fam saatlerinde Antalya Emek ve Demokrasi G\u00fc\u00e7leri taraf\u0131ndan d\u00fczenlenen y\u00fcr\u00fcy\u00fc\u015fe en y\u00fcksek oranda kat\u0131l\u0131m sa\u011flad\u0131klar\u0131n\u0131 ifade etti. K\u0131ran a\u00e7\u0131klamalar\u0131nda; \u201cUmutsuz bir toplumda, tek bir insan\u0131n direni\u015fi neyi de\u011fi\u015ftirebilir? Her \u015feyi. Tarih bunu defalarca kan\u0131tlad\u0131. Gandhi\u2019nin pasif direni\u015fi, Rosa Parks\u2019\u0131n sessiz ba\u015fkald\u0131r\u0131s\u0131, Mandela\u2019n\u0131n esaretten do\u011fan zaferi. Direni\u015f bir zaferdir\u201d diye konu\u015ftu. \u0130MAMO\u011eLU YALNIZ DE\u011e\u0130LD\u0130R K\u0131ran a\u00e7\u0131klamalar\u0131n\u0131 \u015fu \u015fekilde s\u00fcrd\u00fcrd\u00fc: \u201cB\u00fcy\u00fck devrimler, \u00f6nce tek bir insan\u0131n cesaretiyle ba\u015flad\u0131. Direni\u015f, bir s\u00f6z, bir duru\u015f, bir isyand\u0131r. \u00c7\u00fcnk\u00fc cesaret bula\u015f\u0131c\u0131d\u0131r. Bizleri korkuyla sindirmek isteyenlere sesleniyoruz: Korkmuyoruz. Y\u0131lm\u0131yoruz. Vazge\u00e7miyoruz. Bil ki yaln\u0131z de\u011filsin. Bil ki \u00e7\u00f6z\u00fcms\u00fcz de\u011filsin. Bil ki senin direni\u015finle bizler olaca\u011f\u0131z, bizler kazanaca\u011f\u0131z.\u201d \u200bCHP Muratpa\u015fa \u0130l\u00e7e Ba\u015fkan\u0131 Can Okan K\u0131ran, d\u00fcn ak\u015fam saatlerinde Antalya Emek ve Demokrasi G\u00fc\u00e7leri taraf\u0131ndan d\u00fczenlenen y\u00fcr\u00fcy\u00fc\u015f ve eylemin ard\u0131ndan a\u00e7\u0131klamalarda bulundu. K\u0131ran, \u201cKorkmuyoruz, y\u0131lm\u0131yoruz, vazge\u00e7miyoruz\u201d dedi.\u00a0 &hellip;","og_url":"https:\/\/denizcankizil.tr\/de\/haberler\/gundem\/chpli-can-okan-kiran-vazgecmiyoruz\/","og_site_name":"Av. Deniz Can K\u0131z\u0131l","article_published_time":"2025-03-21T07:41:18+00:00","author":"Antalya K\u00f6rfez","twitter_card":"summary_large_image","twitter_misc":{"Verfasst von":"Antalya K\u00f6rfez","Gesch\u00e4tzte Lesezeit":"2\u00a0Minuten"},"schema":{"@context":"https:\/\/schema.org","@graph":[{"@type":"Article","@id":"https:\/\/denizcankizil.tr\/de\/haberler\/gundem\/chpli-can-okan-kiran-vazgecmiyoruz\/#article","isPartOf":{"@id":"https:\/\/denizcankizil.tr\/de\/haberler\/gundem\/chpli-can-okan-kiran-vazgecmiyoruz\/"},"author":{"name":"Antalya K\u00f6rfez","@id":"https:\/\/denizcankizil.tr\/#\/schema\/person\/e1eb71bb4dd684d46563f0af307e1234"},"headline":"CHP\u2019li Can Okan K\u0131ran: Vazge\u00e7miyoruz","datePublished":"2025-03-21T07:41:18+00:00","mainEntityOfPage":{"@id":"https:\/\/denizcankizil.tr\/de\/haberler\/gundem\/chpli-can-okan-kiran-vazgecmiyoruz\/"},"wordCount":338,"publisher":{"@id":"https:\/\/denizcankizil.tr\/#organization"},"articleSection":["G\u00fcndem"],"inLanguage":"de"},{"@type":"WebPage","@id":"https:\/\/denizcankizil.tr\/de\/haberler\/gundem\/chpli-can-okan-kiran-vazgecmiyoruz\/","url":"https:\/\/denizcankizil.tr\/de\/haberler\/gundem\/chpli-can-okan-kiran-vazgecmiyoruz\/","name":"CHP\u2019li Can Okan K\u0131ran: Vazge\u00e7miyoruz - Av. Deniz Can K\u0131z\u0131l","isPartOf":{"@id":"https:\/\/denizcankizil.tr\/#website"},"datePublished":"2025-03-21T07:41:18+00:00","breadcrumb":{"@id":"https:\/\/denizcankizil.tr\/de\/haberler\/gundem\/chpli-can-okan-kiran-vazgecmiyoruz\/#breadcrumb"},"inLanguage":"de","potentialAction":[{"@type":"ReadAction","target":["https:\/\/denizcankizil.tr\/de\/haberler\/gundem\/chpli-can-okan-kiran-vazgecmiyoruz\/"]}]},{"@type":"BreadcrumbList","@id":"https:\/\/denizcankizil.tr\/de\/haberler\/gundem\/chpli-can-okan-kiran-vazgecmiyoruz\/#breadcrumb","itemListElement":[{"@type":"ListItem","position":1,"name":"Home","item":"https:\/\/denizcankizil.tr\/uk\/"},{"@type":"ListItem","position":2,"name":"CHP\u2019li Can Okan K\u0131ran: Vazge\u00e7miyoruz"}]},{"@type":"WebSite","@id":"https:\/\/denizcankizil.tr\/#website","url":"https:\/\/denizcankizil.tr\/","name":"Av. Deniz Can K\u0131z\u0131l","description":"Avukat Deniz Can K\u0131z\u0131l Antalya Barosu","publisher":{"@id":"https:\/\/denizcankizil.tr\/#organization"},"potentialAction":[{"@type":"SearchAction","target":{"@type":"EntryPoint","urlTemplate":"https:\/\/denizcankizil.tr\/?s={search_term_string}"},"query-input":{"@type":"PropertyValueSpecification","valueRequired":true,"valueName":"search_term_string"}}],"inLanguage":"de"},{"@type":"Organization","@id":"https:\/\/denizcankizil.tr\/#organization","name":"Av. Deniz Can K\u0131z\u0131l","url":"https:\/\/denizcankizil.tr\/","logo":{"@type":"ImageObject","inLanguage":"de","@id":"https:\/\/denizcankizil.tr\/#\/schema\/logo\/image\/","url":"https:\/\/denizcankizil.tr\/wp-content\/uploads\/2024\/10\/siyah-logo-svg.svg","contentUrl":"https:\/\/denizcankizil.tr\/wp-content\/uploads\/2024\/10\/siyah-logo-svg.svg","width":1080,"height":1080,"caption":"Av. Deniz Can K\u0131z\u0131l"},"image":{"@id":"https:\/\/denizcankizil.tr\/#\/schema\/logo\/image\/"}},{"@type":"Person","@id":"https:\/\/denizcankizil.tr\/#\/schema\/person\/e1eb71bb4dd684d46563f0af307e1234","name":"Antalya K\u00f6rfez","image":{"@type":"ImageObject","inLanguage":"de","@id":"https:\/\/denizcankizil.tr\/#\/schema\/person\/image\/","url":"https:\/\/secure.gravatar.com\/avatar\/42b01982558a48a0b501fdcab6a408d3717ea5919095ee2e67b0e521799c5905?s=96&d=mm&r=g","contentUrl":"https:\/\/secure.gravatar.com\/avatar\/42b01982558a48a0b501fdcab6a408d3717ea5919095ee2e67b0e521799c5905?s=96&d=mm&r=g","caption":"Antalya K\u00f6rfez"},"sameAs":["http:\/\/www.antalyakorfez.com"],"url":"https:\/\/www.antalyakorfez.com\/chpli-can-okan-kiran-vazgecmiyoruz"}]}},"_links":{"self":[{"href":"https:\/\/denizcankizil.tr\/de\/wp-json\/wp\/v2\/posts\/36444","targetHints":{"allow":["GET"]}}],"collection":[{"href":"https:\/\/denizcankizil.tr\/de\/wp-json\/wp\/v2\/posts"}],"about":[{"href":"https:\/\/denizcankizil.tr\/de\/wp-json\/wp\/v2\/types\/post"}],"author":[{"embeddable":true,"href":"https:\/\/denizcankizil.tr\/de\/wp-json\/wp\/v2\/users\/5"}],"replies":[{"embeddable":true,"href":"https:\/\/denizcankizil.tr\/de\/wp-json\/wp\/v2\/comments?post=36444"}],"version-history":[{"count":0,"href":"https:\/\/denizcankizil.tr\/de\/wp-json\/wp\/v2\/posts\/36444\/revisions"}],"wp:attachment":[{"href":"https:\/\/denizcankizil.tr\/de\/wp-json\/wp\/v2\/media?parent=36444"}],"wp:term":[{"taxonomy":"category","embeddable":true,"href":"https:\/\/denizcankizil.tr\/de\/wp-json\/wp\/v2\/categories?post=36444"},{"taxonomy":"post_tag","embeddable":true,"href":"https:\/\/denizcankizil.tr\/de\/wp-json\/wp\/v2\/tags?post=36444"}],"curies":[{"name":"wp","href":"https:\/\/api.w.org\/{rel}","templated":true}]}}