{"id":36441,"date":"2025-03-21T10:41:15","date_gmt":"2025-03-21T07:41:15","guid":{"rendered":"https:\/\/denizcankizil.tr\/uncategorized-tr\/akdeniz-universitesi-ogrencisi-41-kisi-gozaltina-alinmisti-adliyeye-sevk-edilecekler\/"},"modified":"2025-03-21T10:41:15","modified_gmt":"2025-03-21T07:41:15","slug":"akdeniz-universitesi-ogrencisi-41-kisi-gozaltina-alinmisti-adliyeye-sevk-edilecekler","status":"publish","type":"post","link":"https:\/\/denizcankizil.tr\/de\/haberler\/gundem\/akdeniz-universitesi-ogrencisi-41-kisi-gozaltina-alinmisti-adliyeye-sevk-edilecekler\/","title":{"rendered":"Akdeniz \u00dcniversitesi \u00f6\u011frencisi 41 ki\u015fi g\u00f6zalt\u0131na al\u0131nm\u0131\u015ft\u0131\u2026 Adliyeye sevk edilecekler"},"content":{"rendered":"<p>Akdeniz \u00dcniversitesi\u2019nde Ekrem \u0130mamo\u011flu\u2019nun g\u00f6zalt\u0131na al\u0131nmas\u0131 sebebiyle y\u00fcr\u00fcy\u00fc\u015f yapan 41 \u00f6\u011frenci d\u00fcn ak\u015fam g\u00f6zalt\u0131na al\u0131nd\u0131. \u0130fadeleri al\u0131nmak \u00fczere Antalya \u0130l Emniyet M\u00fcd\u00fcrl\u00fc\u011f\u00fc G\u00fcvenlik \u015eube M\u00fcd\u00fcrl\u00fc\u011f\u00fc\u2019ne g\u00f6t\u00fcr\u00fclen \u00f6\u011frencilerin bug\u00fcn g\u00fcn i\u00e7erisinde adliyeye sevk edilmeleri bekleniliyor. T\u00fcrkiye \u0130\u015f\u00e7i Partisi Antalya \u0130l Ba\u015fkan\u0131 Enes Keskin, g\u00f6zalt\u0131na al\u0131nan \u00f6\u011frencilerle ilgili durumun an ve an takip edildi\u011fini ifade etti. Cumhuriyet Halk Partisi Konyaalt\u0131 \u0130l\u00e7e Ba\u015fkan\u0131 Demet G\u00fcnd\u00fcz ise g\u00f6zalt\u0131na al\u0131nan \u00f6\u011frencilerin ak\u015fam saatlerinden itibaren durumlar\u0131n\u0131n yak\u0131ndan takip edildi\u011fini a\u00e7\u0131klad\u0131.\u00a0<\/p>\n<p>ANTALYA BAROSU\u2019NDAN HUKUK\u0130 DESTEK \u00c7A\u011eRISI GELD\u0130<\/p>\n<p>Antalya Barosu g\u00f6zalt\u0131na al\u0131nanlara hukuki destek vereceklerini belirterek, \u201cAntalya Barosu olarak hukuki deste\u011fe ihtiya\u00e7 duyan herkesin yan\u0131nda bulundu\u011fumuzu kamuoyuna duyururuz. Hak ihlaline u\u011frayan yurtta\u015flar\u0131m\u0131z ve destek vermek isteyen meslekta\u015flar\u0131m\u0131z do\u011frudan instagram hesab\u0131m\u0131z \u00fczerinden veya 0530 384 45 74 numaral\u0131 telefondan ula\u015fabilirler.\u201d ifadelerini kulland\u0131.<\/p>\n<p>BU M\u00dcDAHALE VE G\u00d6ZALTILARINI KABUL ETM\u0130YORUZ<\/p>\n<p>Cumhuriyet Halk Partisi Antalya \u0130l Ba\u015fkanl\u0131\u011f\u0131\u2019ndan konuya ili\u015fkin yap\u0131lan a\u00e7\u0131klamada, \u201cD\u00fcn ak\u015fam saatlerinde Akdeniz \u00dcniversitesi\u2019nde polisin sert m\u00fcdahalesi sonucunda \u00e7ok say\u0131da \u00fcniversite \u00f6\u011frencisi gen\u00e7 arkada\u015f\u0131m\u0131z hukuksuz bir bi\u00e7imde g\u00f6zalt\u0131na al\u0131nm\u0131\u015ft\u0131r. Anayasayla g\u00fcvence alt\u0131na al\u0131nan ve herhangi bir izne tabi olmayan toplant\u0131 ve g\u00f6steri y\u00fcr\u00fcy\u00fc\u015f\u00fc hakk\u0131n\u0131 kullanan gen\u00e7lerimize yap\u0131lan bu m\u00fcdahaleyi kabul etmiyoruz\u201d denildi. A\u00e7\u0131klamada; \u201cBask\u0131 rejiminin korkutma ve y\u0131ld\u0131rma amac\u0131 ta\u015f\u0131yan g\u00f6zalt\u0131 i\u015flemlerine kar\u015f\u0131 \u00fcniversite \u00f6\u011frencilerimizin yan\u0131nda olaca\u011f\u0131z. Gelece\u011fini \u00e7ald\u0131\u011f\u0131n\u0131z bu gen\u00e7ler, hukuktan ve demokrasiden yana olup bu garabet d\u00fczeni de\u011fi\u015ftireceklerdir. Ulu \u00f6nderimiz Gazi Mustafa Kemal Atat\u00fcrk\u2019\u00fcn \u201c b\u00fct\u00fcn \u00fcmidim gen\u00e7liktedir.\u201d s\u00f6z\u00fc bug\u00fcn \u00e7ok daha anlaml\u0131d\u0131r\u201d denildi.<\/p>\n<p>\u200bAkdeniz \u00dcniversitesi\u2019nde Ekrem \u0130mamo\u011flu\u2019nun g\u00f6zalt\u0131na al\u0131nmas\u0131 sebebiyle y\u00fcr\u00fcy\u00fc\u015f yapan 41 \u00f6\u011frenci g\u00f6zalt\u0131na al\u0131nd\u0131. G\u00f6zalt\u0131na al\u0131nan \u00f6\u011frencilerin Antalya Emniyet M\u00fcd\u00fcrl\u00fc\u011f\u00fc G\u00fcvenlik \u015eube M\u00fcd\u00fcrl\u00fc\u011f\u00fcndeki sorgular\u0131 tamamland\u0131ktan sonra adliyeye sevk edilmeleri bekleniliyor. G\u00f6zalt\u0131lara y\u00f6nelik CHP Antalya \u0130l Ba\u015fkanl\u0131\u011f\u0131\u2019ndan sert a\u00e7\u0131klamalar geldi.\u00a0<\/p>\n<p>\u200bHaberin Al\u0131nt\u0131land\u0131\u011f\u0131 Kaynak: www.antalyakorfez.com<\/p>","protected":false},"excerpt":{"rendered":"<p>Akdeniz \u00dcniversitesi\u2019nde Ekrem \u0130mamo\u011flu\u2019nun g\u00f6zalt\u0131na al\u0131nmas\u0131 sebebiyle y\u00fcr\u00fcy\u00fc\u015f yapan 41 \u00f6\u011frenci d\u00fcn ak\u015fam g\u00f6zalt\u0131na al\u0131nd\u0131. \u0130fadeleri al\u0131nmak \u00fczere Antalya \u0130l Emniyet M\u00fcd\u00fcrl\u00fc\u011f\u00fc G\u00fcvenlik \u015eube M\u00fcd\u00fcrl\u00fc\u011f\u00fc\u2019ne g\u00f6t\u00fcr\u00fclen \u00f6\u011frencilerin bug\u00fcn g\u00fcn i\u00e7erisinde adliyeye sevk edilmeleri bekleniliyor. T\u00fcrkiye \u0130\u015f\u00e7i Partisi Antalya \u0130l Ba\u015fkan\u0131 Enes Keskin, g\u00f6zalt\u0131na al\u0131nan \u00f6\u011frencilerle ilgili durumun an ve an takip edildi\u011fini ifade etti. Cumhuriyet Halk Partisi Konyaalt\u0131 \u0130l\u00e7e Ba\u015fkan\u0131 Demet G\u00fcnd\u00fcz ise g\u00f6zalt\u0131na al\u0131nan \u00f6\u011frencilerin ak\u015fam saatlerinden itibaren durumlar\u0131n\u0131n yak\u0131ndan takip edildi\u011fini a\u00e7\u0131klad\u0131.\u00a0 ANTALYA BAROSU\u2019NDAN HUKUK\u0130 DESTEK \u00c7A\u011eRISI GELD\u0130 Antalya Barosu g\u00f6zalt\u0131na al\u0131nanlara hukuki destek vereceklerini belirterek, \u201cAntalya Barosu olarak hukuki deste\u011fe ihtiya\u00e7 duyan herkesin yan\u0131nda bulundu\u011fumuzu kamuoyuna duyururuz. Hak ihlaline u\u011frayan yurtta\u015flar\u0131m\u0131z ve destek vermek isteyen meslekta\u015flar\u0131m\u0131z do\u011frudan instagram hesab\u0131m\u0131z \u00fczerinden veya 0530 384 45 74 numaral\u0131 telefondan ula\u015fabilirler.\u201d ifadelerini kulland\u0131. BU M\u00dcDAHALE VE G\u00d6ZALTILARINI KABUL ETM\u0130YORUZ Cumhuriyet Halk Partisi Antalya \u0130l Ba\u015fkanl\u0131\u011f\u0131\u2019ndan konuya ili\u015fkin yap\u0131lan a\u00e7\u0131klamada, \u201cD\u00fcn ak\u015fam saatlerinde Akdeniz \u00dcniversitesi\u2019nde polisin sert m\u00fcdahalesi sonucunda \u00e7ok say\u0131da \u00fcniversite \u00f6\u011frencisi gen\u00e7 arkada\u015f\u0131m\u0131z hukuksuz bir bi\u00e7imde g\u00f6zalt\u0131na al\u0131nm\u0131\u015ft\u0131r. Anayasayla g\u00fcvence alt\u0131na al\u0131nan ve herhangi bir izne tabi olmayan toplant\u0131 ve g\u00f6steri y\u00fcr\u00fcy\u00fc\u015f\u00fc hakk\u0131n\u0131 kullanan gen\u00e7lerimize yap\u0131lan bu m\u00fcdahaleyi kabul etmiyoruz\u201d denildi. A\u00e7\u0131klamada; \u201cBask\u0131 rejiminin korkutma ve y\u0131ld\u0131rma amac\u0131 ta\u015f\u0131yan g\u00f6zalt\u0131 i\u015flemlerine kar\u015f\u0131 \u00fcniversite \u00f6\u011frencilerimizin yan\u0131nda olaca\u011f\u0131z. Gelece\u011fini \u00e7ald\u0131\u011f\u0131n\u0131z bu &hellip;<\/p>","protected":false},"author":5,"featured_media":0,"comment_status":"","ping_status":"open","sticky":false,"template":"","format":"standard","meta":{"_acf_changed":false,"footnotes":""},"categories":[24],"tags":[],"class_list":["post-36441","post","type-post","status-publish","format-standard","has-post-thumbnail","hentry","category-gundem"],"acf":[],"yoast_head":"<!-- This site is optimized with the Yoast SEO Premium plugin v26.6 (Yoast SEO v27.1.1) - https:\/\/yoast.com\/product\/yoast-seo-premium-wordpress\/ -->\n<title>Akdeniz \u00dcniversitesi \u00f6\u011frencisi 41 ki\u015fi g\u00f6zalt\u0131na al\u0131nm\u0131\u015ft\u0131\u2026 Adliyeye sevk edilecekler - Av. Deniz Can K\u0131z\u0131l<\/title>\n<meta name=\"robots\" content=\"index, follow, max-snippet:-1, max-image-preview:large, max-video-preview:-1\" \/>\n<link rel=\"canonical\" href=\"https:\/\/denizcankizil.tr\/de\/haberler\/gundem\/akdeniz-universitesi-ogrencisi-41-kisi-gozaltina-alinmisti-adliyeye-sevk-edilecekler\/\" \/>\n<meta property=\"og:locale\" content=\"de_DE\" \/>\n<meta property=\"og:type\" content=\"article\" \/>\n<meta property=\"og:title\" content=\"Akdeniz \u00dcniversitesi \u00f6\u011frencisi 41 ki\u015fi g\u00f6zalt\u0131na al\u0131nm\u0131\u015ft\u0131\u2026 Adliyeye sevk edilecekler\" \/>\n<meta property=\"og:description\" content=\"Akdeniz \u00dcniversitesi\u2019nde Ekrem \u0130mamo\u011flu\u2019nun g\u00f6zalt\u0131na al\u0131nmas\u0131 sebebiyle y\u00fcr\u00fcy\u00fc\u015f yapan 41 \u00f6\u011frenci d\u00fcn ak\u015fam g\u00f6zalt\u0131na al\u0131nd\u0131. \u0130fadeleri al\u0131nmak \u00fczere Antalya \u0130l Emniyet M\u00fcd\u00fcrl\u00fc\u011f\u00fc G\u00fcvenlik \u015eube M\u00fcd\u00fcrl\u00fc\u011f\u00fc\u2019ne g\u00f6t\u00fcr\u00fclen \u00f6\u011frencilerin bug\u00fcn g\u00fcn i\u00e7erisinde adliyeye sevk edilmeleri bekleniliyor. T\u00fcrkiye \u0130\u015f\u00e7i Partisi Antalya \u0130l Ba\u015fkan\u0131 Enes Keskin, g\u00f6zalt\u0131na al\u0131nan \u00f6\u011frencilerle ilgili durumun an ve an takip edildi\u011fini ifade etti. Cumhuriyet Halk Partisi Konyaalt\u0131 \u0130l\u00e7e Ba\u015fkan\u0131 Demet G\u00fcnd\u00fcz ise g\u00f6zalt\u0131na al\u0131nan \u00f6\u011frencilerin ak\u015fam saatlerinden itibaren durumlar\u0131n\u0131n yak\u0131ndan takip edildi\u011fini a\u00e7\u0131klad\u0131.\u00a0 ANTALYA BAROSU\u2019NDAN HUKUK\u0130 DESTEK \u00c7A\u011eRISI GELD\u0130 Antalya Barosu g\u00f6zalt\u0131na al\u0131nanlara hukuki destek vereceklerini belirterek, \u201cAntalya Barosu olarak hukuki deste\u011fe ihtiya\u00e7 duyan herkesin yan\u0131nda bulundu\u011fumuzu kamuoyuna duyururuz. Hak ihlaline u\u011frayan yurtta\u015flar\u0131m\u0131z ve destek vermek isteyen meslekta\u015flar\u0131m\u0131z do\u011frudan instagram hesab\u0131m\u0131z \u00fczerinden veya 0530 384 45 74 numaral\u0131 telefondan ula\u015fabilirler.\u201d ifadelerini kulland\u0131. BU M\u00dcDAHALE VE G\u00d6ZALTILARINI KABUL ETM\u0130YORUZ Cumhuriyet Halk Partisi Antalya \u0130l Ba\u015fkanl\u0131\u011f\u0131\u2019ndan konuya ili\u015fkin yap\u0131lan a\u00e7\u0131klamada, \u201cD\u00fcn ak\u015fam saatlerinde Akdeniz \u00dcniversitesi\u2019nde polisin sert m\u00fcdahalesi sonucunda \u00e7ok say\u0131da \u00fcniversite \u00f6\u011frencisi gen\u00e7 arkada\u015f\u0131m\u0131z hukuksuz bir bi\u00e7imde g\u00f6zalt\u0131na al\u0131nm\u0131\u015ft\u0131r. Anayasayla g\u00fcvence alt\u0131na al\u0131nan ve herhangi bir izne tabi olmayan toplant\u0131 ve g\u00f6steri y\u00fcr\u00fcy\u00fc\u015f\u00fc hakk\u0131n\u0131 kullanan gen\u00e7lerimize yap\u0131lan bu m\u00fcdahaleyi kabul etmiyoruz\u201d denildi. A\u00e7\u0131klamada; \u201cBask\u0131 rejiminin korkutma ve y\u0131ld\u0131rma amac\u0131 ta\u015f\u0131yan g\u00f6zalt\u0131 i\u015flemlerine kar\u015f\u0131 \u00fcniversite \u00f6\u011frencilerimizin yan\u0131nda olaca\u011f\u0131z. Gelece\u011fini \u00e7ald\u0131\u011f\u0131n\u0131z bu &hellip;\" \/>\n<meta property=\"og:url\" content=\"https:\/\/denizcankizil.tr\/de\/haberler\/gundem\/akdeniz-universitesi-ogrencisi-41-kisi-gozaltina-alinmisti-adliyeye-sevk-edilecekler\/\" \/>\n<meta property=\"og:site_name\" content=\"Av. Deniz Can K\u0131z\u0131l\" \/>\n<meta property=\"article:published_time\" content=\"2025-03-21T07:41:15+00:00\" \/>\n<meta name=\"author\" content=\"Antalya K\u00f6rfez\" \/>\n<meta name=\"twitter:card\" content=\"summary_large_image\" \/>\n<meta name=\"twitter:label1\" content=\"Verfasst von\" \/>\n\t<meta name=\"twitter:data1\" content=\"Antalya K\u00f6rfez\" \/>\n\t<meta name=\"twitter:label2\" content=\"Gesch\u00e4tzte Lesezeit\" \/>\n\t<meta name=\"twitter:data2\" content=\"2\u00a0Minuten\" \/>\n<script type=\"application\/ld+json\" class=\"yoast-schema-graph\">{\"@context\":\"https:\/\/schema.org\",\"@graph\":[{\"@type\":\"Article\",\"@id\":\"https:\/\/denizcankizil.tr\/en\/haberler\/gundem\/akdeniz-universitesi-ogrencisi-41-kisi-gozaltina-alinmisti-adliyeye-sevk-edilecekler\/#article\",\"isPartOf\":{\"@id\":\"https:\/\/denizcankizil.tr\/en\/haberler\/gundem\/akdeniz-universitesi-ogrencisi-41-kisi-gozaltina-alinmisti-adliyeye-sevk-edilecekler\/\"},\"author\":{\"name\":\"Antalya K\u00f6rfez\",\"@id\":\"https:\/\/denizcankizil.tr\/de\/#\/schema\/person\/e1eb71bb4dd684d46563f0af307e1234\"},\"headline\":\"Akdeniz \u00dcniversitesi \u00f6\u011frencisi 41 ki\u015fi g\u00f6zalt\u0131na al\u0131nm\u0131\u015ft\u0131\u2026 Adliyeye sevk edilecekler\",\"datePublished\":\"2025-03-21T07:41:15+00:00\",\"mainEntityOfPage\":{\"@id\":\"https:\/\/denizcankizil.tr\/en\/haberler\/gundem\/akdeniz-universitesi-ogrencisi-41-kisi-gozaltina-alinmisti-adliyeye-sevk-edilecekler\/\"},\"wordCount\":425,\"publisher\":{\"@id\":\"https:\/\/denizcankizil.tr\/de\/#organization\"},\"articleSection\":[\"G\u00fcndem\"],\"inLanguage\":\"de\"},{\"@type\":\"WebPage\",\"@id\":\"https:\/\/denizcankizil.tr\/en\/haberler\/gundem\/akdeniz-universitesi-ogrencisi-41-kisi-gozaltina-alinmisti-adliyeye-sevk-edilecekler\/\",\"url\":\"https:\/\/denizcankizil.tr\/en\/haberler\/gundem\/akdeniz-universitesi-ogrencisi-41-kisi-gozaltina-alinmisti-adliyeye-sevk-edilecekler\/\",\"name\":\"Akdeniz \u00dcniversitesi \u00f6\u011frencisi 41 ki\u015fi g\u00f6zalt\u0131na al\u0131nm\u0131\u015ft\u0131\u2026 Adliyeye sevk edilecekler - Av. Deniz Can K\u0131z\u0131l\",\"isPartOf\":{\"@id\":\"https:\/\/denizcankizil.tr\/de\/#website\"},\"datePublished\":\"2025-03-21T07:41:15+00:00\",\"breadcrumb\":{\"@id\":\"https:\/\/denizcankizil.tr\/en\/haberler\/gundem\/akdeniz-universitesi-ogrencisi-41-kisi-gozaltina-alinmisti-adliyeye-sevk-edilecekler\/#breadcrumb\"},\"inLanguage\":\"de\",\"potentialAction\":[{\"@type\":\"ReadAction\",\"target\":[\"https:\/\/denizcankizil.tr\/en\/haberler\/gundem\/akdeniz-universitesi-ogrencisi-41-kisi-gozaltina-alinmisti-adliyeye-sevk-edilecekler\/\"]}]},{\"@type\":\"BreadcrumbList\",\"@id\":\"https:\/\/denizcankizil.tr\/en\/haberler\/gundem\/akdeniz-universitesi-ogrencisi-41-kisi-gozaltina-alinmisti-adliyeye-sevk-edilecekler\/#breadcrumb\",\"itemListElement\":[{\"@type\":\"ListItem\",\"position\":1,\"name\":\"Home\",\"item\":\"https:\/\/denizcankizil.tr\/de\/\"},{\"@type\":\"ListItem\",\"position\":2,\"name\":\"Akdeniz \u00dcniversitesi \u00f6\u011frencisi 41 ki\u015fi g\u00f6zalt\u0131na al\u0131nm\u0131\u015ft\u0131\u2026 Adliyeye sevk edilecekler\"}]},{\"@type\":\"WebSite\",\"@id\":\"https:\/\/denizcankizil.tr\/de\/#website\",\"url\":\"https:\/\/denizcankizil.tr\/de\/\",\"name\":\"Av. Deniz Can K\u0131z\u0131l\",\"description\":\"Avukat Deniz Can K\u0131z\u0131l Antalya Barosu\",\"publisher\":{\"@id\":\"https:\/\/denizcankizil.tr\/de\/#organization\"},\"potentialAction\":[{\"@type\":\"SearchAction\",\"target\":{\"@type\":\"EntryPoint\",\"urlTemplate\":\"https:\/\/denizcankizil.tr\/de\/?s={search_term_string}\"},\"query-input\":{\"@type\":\"PropertyValueSpecification\",\"valueRequired\":true,\"valueName\":\"search_term_string\"}}],\"inLanguage\":\"de\"},{\"@type\":\"Organization\",\"@id\":\"https:\/\/denizcankizil.tr\/de\/#organization\",\"name\":\"Av. Deniz Can K\u0131z\u0131l\",\"url\":\"https:\/\/denizcankizil.tr\/de\/\",\"logo\":{\"@type\":\"ImageObject\",\"inLanguage\":\"de\",\"@id\":\"https:\/\/denizcankizil.tr\/de\/#\/schema\/logo\/image\/\",\"url\":\"https:\/\/denizcankizil.tr\/wp-content\/uploads\/2024\/10\/siyah-logo-svg.svg\",\"contentUrl\":\"https:\/\/denizcankizil.tr\/wp-content\/uploads\/2024\/10\/siyah-logo-svg.svg\",\"width\":1080,\"height\":1080,\"caption\":\"Av. Deniz Can K\u0131z\u0131l\"},\"image\":{\"@id\":\"https:\/\/denizcankizil.tr\/de\/#\/schema\/logo\/image\/\"}},{\"@type\":\"Person\",\"@id\":\"https:\/\/denizcankizil.tr\/de\/#\/schema\/person\/e1eb71bb4dd684d46563f0af307e1234\",\"name\":\"Antalya K\u00f6rfez\",\"image\":{\"@type\":\"ImageObject\",\"inLanguage\":\"de\",\"@id\":\"https:\/\/denizcankizil.tr\/de\/#\/schema\/person\/image\/\",\"url\":\"https:\/\/secure.gravatar.com\/avatar\/42b01982558a48a0b501fdcab6a408d3717ea5919095ee2e67b0e521799c5905?s=96&d=mm&r=g\",\"contentUrl\":\"https:\/\/secure.gravatar.com\/avatar\/42b01982558a48a0b501fdcab6a408d3717ea5919095ee2e67b0e521799c5905?s=96&d=mm&r=g\",\"caption\":\"Antalya K\u00f6rfez\"},\"sameAs\":[\"http:\/\/www.antalyakorfez.com\"],\"url\":\"https:\/\/www.antalyakorfez.com\/akdeniz-universitesi-ogrencisi-41-kisi-gozaltina-alinmisti-adliyeye-sevk-edilecekler\"}]}<\/script>\n<!-- \/ Yoast SEO Premium plugin. -->","yoast_head_json":{"title":"Akdeniz \u00dcniversitesi \u00f6\u011frencisi 41 ki\u015fi g\u00f6zalt\u0131na al\u0131nm\u0131\u015ft\u0131\u2026 Adliyeye sevk edilecekler - Av. Deniz Can K\u0131z\u0131l","robots":{"index":"index","follow":"follow","max-snippet":"max-snippet:-1","max-image-preview":"max-image-preview:large","max-video-preview":"max-video-preview:-1"},"canonical":"https:\/\/denizcankizil.tr\/de\/haberler\/gundem\/akdeniz-universitesi-ogrencisi-41-kisi-gozaltina-alinmisti-adliyeye-sevk-edilecekler\/","og_locale":"de_DE","og_type":"article","og_title":"Akdeniz \u00dcniversitesi \u00f6\u011frencisi 41 ki\u015fi g\u00f6zalt\u0131na al\u0131nm\u0131\u015ft\u0131\u2026 Adliyeye sevk edilecekler","og_description":"Akdeniz \u00dcniversitesi\u2019nde Ekrem \u0130mamo\u011flu\u2019nun g\u00f6zalt\u0131na al\u0131nmas\u0131 sebebiyle y\u00fcr\u00fcy\u00fc\u015f yapan 41 \u00f6\u011frenci d\u00fcn ak\u015fam g\u00f6zalt\u0131na al\u0131nd\u0131. \u0130fadeleri al\u0131nmak \u00fczere Antalya \u0130l Emniyet M\u00fcd\u00fcrl\u00fc\u011f\u00fc G\u00fcvenlik \u015eube M\u00fcd\u00fcrl\u00fc\u011f\u00fc\u2019ne g\u00f6t\u00fcr\u00fclen \u00f6\u011frencilerin bug\u00fcn g\u00fcn i\u00e7erisinde adliyeye sevk edilmeleri bekleniliyor. T\u00fcrkiye \u0130\u015f\u00e7i Partisi Antalya \u0130l Ba\u015fkan\u0131 Enes Keskin, g\u00f6zalt\u0131na al\u0131nan \u00f6\u011frencilerle ilgili durumun an ve an takip edildi\u011fini ifade etti. Cumhuriyet Halk Partisi Konyaalt\u0131 \u0130l\u00e7e Ba\u015fkan\u0131 Demet G\u00fcnd\u00fcz ise g\u00f6zalt\u0131na al\u0131nan \u00f6\u011frencilerin ak\u015fam saatlerinden itibaren durumlar\u0131n\u0131n yak\u0131ndan takip edildi\u011fini a\u00e7\u0131klad\u0131.\u00a0 ANTALYA BAROSU\u2019NDAN HUKUK\u0130 DESTEK \u00c7A\u011eRISI GELD\u0130 Antalya Barosu g\u00f6zalt\u0131na al\u0131nanlara hukuki destek vereceklerini belirterek, \u201cAntalya Barosu olarak hukuki deste\u011fe ihtiya\u00e7 duyan herkesin yan\u0131nda bulundu\u011fumuzu kamuoyuna duyururuz. Hak ihlaline u\u011frayan yurtta\u015flar\u0131m\u0131z ve destek vermek isteyen meslekta\u015flar\u0131m\u0131z do\u011frudan instagram hesab\u0131m\u0131z \u00fczerinden veya 0530 384 45 74 numaral\u0131 telefondan ula\u015fabilirler.\u201d ifadelerini kulland\u0131. BU M\u00dcDAHALE VE G\u00d6ZALTILARINI KABUL ETM\u0130YORUZ Cumhuriyet Halk Partisi Antalya \u0130l Ba\u015fkanl\u0131\u011f\u0131\u2019ndan konuya ili\u015fkin yap\u0131lan a\u00e7\u0131klamada, \u201cD\u00fcn ak\u015fam saatlerinde Akdeniz \u00dcniversitesi\u2019nde polisin sert m\u00fcdahalesi sonucunda \u00e7ok say\u0131da \u00fcniversite \u00f6\u011frencisi gen\u00e7 arkada\u015f\u0131m\u0131z hukuksuz bir bi\u00e7imde g\u00f6zalt\u0131na al\u0131nm\u0131\u015ft\u0131r. Anayasayla g\u00fcvence alt\u0131na al\u0131nan ve herhangi bir izne tabi olmayan toplant\u0131 ve g\u00f6steri y\u00fcr\u00fcy\u00fc\u015f\u00fc hakk\u0131n\u0131 kullanan gen\u00e7lerimize yap\u0131lan bu m\u00fcdahaleyi kabul etmiyoruz\u201d denildi. A\u00e7\u0131klamada; \u201cBask\u0131 rejiminin korkutma ve y\u0131ld\u0131rma amac\u0131 ta\u015f\u0131yan g\u00f6zalt\u0131 i\u015flemlerine kar\u015f\u0131 \u00fcniversite \u00f6\u011frencilerimizin yan\u0131nda olaca\u011f\u0131z. Gelece\u011fini \u00e7ald\u0131\u011f\u0131n\u0131z bu &hellip;","og_url":"https:\/\/denizcankizil.tr\/de\/haberler\/gundem\/akdeniz-universitesi-ogrencisi-41-kisi-gozaltina-alinmisti-adliyeye-sevk-edilecekler\/","og_site_name":"Av. Deniz Can K\u0131z\u0131l","article_published_time":"2025-03-21T07:41:15+00:00","author":"Antalya K\u00f6rfez","twitter_card":"summary_large_image","twitter_misc":{"Verfasst von":"Antalya K\u00f6rfez","Gesch\u00e4tzte Lesezeit":"2\u00a0Minuten"},"schema":{"@context":"https:\/\/schema.org","@graph":[{"@type":"Article","@id":"https:\/\/denizcankizil.tr\/en\/haberler\/gundem\/akdeniz-universitesi-ogrencisi-41-kisi-gozaltina-alinmisti-adliyeye-sevk-edilecekler\/#article","isPartOf":{"@id":"https:\/\/denizcankizil.tr\/en\/haberler\/gundem\/akdeniz-universitesi-ogrencisi-41-kisi-gozaltina-alinmisti-adliyeye-sevk-edilecekler\/"},"author":{"name":"Antalya K\u00f6rfez","@id":"https:\/\/denizcankizil.tr\/de\/#\/schema\/person\/e1eb71bb4dd684d46563f0af307e1234"},"headline":"Akdeniz \u00dcniversitesi \u00f6\u011frencisi 41 ki\u015fi g\u00f6zalt\u0131na al\u0131nm\u0131\u015ft\u0131\u2026 Adliyeye sevk edilecekler","datePublished":"2025-03-21T07:41:15+00:00","mainEntityOfPage":{"@id":"https:\/\/denizcankizil.tr\/en\/haberler\/gundem\/akdeniz-universitesi-ogrencisi-41-kisi-gozaltina-alinmisti-adliyeye-sevk-edilecekler\/"},"wordCount":425,"publisher":{"@id":"https:\/\/denizcankizil.tr\/de\/#organization"},"articleSection":["G\u00fcndem"],"inLanguage":"de"},{"@type":"WebPage","@id":"https:\/\/denizcankizil.tr\/en\/haberler\/gundem\/akdeniz-universitesi-ogrencisi-41-kisi-gozaltina-alinmisti-adliyeye-sevk-edilecekler\/","url":"https:\/\/denizcankizil.tr\/en\/haberler\/gundem\/akdeniz-universitesi-ogrencisi-41-kisi-gozaltina-alinmisti-adliyeye-sevk-edilecekler\/","name":"Akdeniz \u00dcniversitesi \u00f6\u011frencisi 41 ki\u015fi g\u00f6zalt\u0131na al\u0131nm\u0131\u015ft\u0131\u2026 Adliyeye sevk edilecekler - Av. Deniz Can K\u0131z\u0131l","isPartOf":{"@id":"https:\/\/denizcankizil.tr\/de\/#website"},"datePublished":"2025-03-21T07:41:15+00:00","breadcrumb":{"@id":"https:\/\/denizcankizil.tr\/en\/haberler\/gundem\/akdeniz-universitesi-ogrencisi-41-kisi-gozaltina-alinmisti-adliyeye-sevk-edilecekler\/#breadcrumb"},"inLanguage":"de","potentialAction":[{"@type":"ReadAction","target":["https:\/\/denizcankizil.tr\/en\/haberler\/gundem\/akdeniz-universitesi-ogrencisi-41-kisi-gozaltina-alinmisti-adliyeye-sevk-edilecekler\/"]}]},{"@type":"BreadcrumbList","@id":"https:\/\/denizcankizil.tr\/en\/haberler\/gundem\/akdeniz-universitesi-ogrencisi-41-kisi-gozaltina-alinmisti-adliyeye-sevk-edilecekler\/#breadcrumb","itemListElement":[{"@type":"ListItem","position":1,"name":"Home","item":"https:\/\/denizcankizil.tr\/de\/"},{"@type":"ListItem","position":2,"name":"Akdeniz \u00dcniversitesi \u00f6\u011frencisi 41 ki\u015fi g\u00f6zalt\u0131na al\u0131nm\u0131\u015ft\u0131\u2026 Adliyeye sevk edilecekler"}]},{"@type":"WebSite","@id":"https:\/\/denizcankizil.tr\/de\/#website","url":"https:\/\/denizcankizil.tr\/de\/","name":"Av. Deniz Can K\u0131z\u0131l","description":"Avukat Deniz Can K\u0131z\u0131l Antalya Barosu","publisher":{"@id":"https:\/\/denizcankizil.tr\/de\/#organization"},"potentialAction":[{"@type":"SearchAction","target":{"@type":"EntryPoint","urlTemplate":"https:\/\/denizcankizil.tr\/de\/?s={search_term_string}"},"query-input":{"@type":"PropertyValueSpecification","valueRequired":true,"valueName":"search_term_string"}}],"inLanguage":"de"},{"@type":"Organization","@id":"https:\/\/denizcankizil.tr\/de\/#organization","name":"Av. Deniz Can K\u0131z\u0131l","url":"https:\/\/denizcankizil.tr\/de\/","logo":{"@type":"ImageObject","inLanguage":"de","@id":"https:\/\/denizcankizil.tr\/de\/#\/schema\/logo\/image\/","url":"https:\/\/denizcankizil.tr\/wp-content\/uploads\/2024\/10\/siyah-logo-svg.svg","contentUrl":"https:\/\/denizcankizil.tr\/wp-content\/uploads\/2024\/10\/siyah-logo-svg.svg","width":1080,"height":1080,"caption":"Av. Deniz Can K\u0131z\u0131l"},"image":{"@id":"https:\/\/denizcankizil.tr\/de\/#\/schema\/logo\/image\/"}},{"@type":"Person","@id":"https:\/\/denizcankizil.tr\/de\/#\/schema\/person\/e1eb71bb4dd684d46563f0af307e1234","name":"Antalya K\u00f6rfez","image":{"@type":"ImageObject","inLanguage":"de","@id":"https:\/\/denizcankizil.tr\/de\/#\/schema\/person\/image\/","url":"https:\/\/secure.gravatar.com\/avatar\/42b01982558a48a0b501fdcab6a408d3717ea5919095ee2e67b0e521799c5905?s=96&d=mm&r=g","contentUrl":"https:\/\/secure.gravatar.com\/avatar\/42b01982558a48a0b501fdcab6a408d3717ea5919095ee2e67b0e521799c5905?s=96&d=mm&r=g","caption":"Antalya K\u00f6rfez"},"sameAs":["http:\/\/www.antalyakorfez.com"],"url":"https:\/\/www.antalyakorfez.com\/akdeniz-universitesi-ogrencisi-41-kisi-gozaltina-alinmisti-adliyeye-sevk-edilecekler"}]}},"_links":{"self":[{"href":"https:\/\/denizcankizil.tr\/de\/wp-json\/wp\/v2\/posts\/36441","targetHints":{"allow":["GET"]}}],"collection":[{"href":"https:\/\/denizcankizil.tr\/de\/wp-json\/wp\/v2\/posts"}],"about":[{"href":"https:\/\/denizcankizil.tr\/de\/wp-json\/wp\/v2\/types\/post"}],"author":[{"embeddable":true,"href":"https:\/\/denizcankizil.tr\/de\/wp-json\/wp\/v2\/users\/5"}],"replies":[{"embeddable":true,"href":"https:\/\/denizcankizil.tr\/de\/wp-json\/wp\/v2\/comments?post=36441"}],"version-history":[{"count":0,"href":"https:\/\/denizcankizil.tr\/de\/wp-json\/wp\/v2\/posts\/36441\/revisions"}],"wp:attachment":[{"href":"https:\/\/denizcankizil.tr\/de\/wp-json\/wp\/v2\/media?parent=36441"}],"wp:term":[{"taxonomy":"category","embeddable":true,"href":"https:\/\/denizcankizil.tr\/de\/wp-json\/wp\/v2\/categories?post=36441"},{"taxonomy":"post_tag","embeddable":true,"href":"https:\/\/denizcankizil.tr\/de\/wp-json\/wp\/v2\/tags?post=36441"}],"curies":[{"name":"wp","href":"https:\/\/api.w.org\/{rel}","templated":true}]}}