{"id":36398,"date":"2025-03-20T15:24:50","date_gmt":"2025-03-20T12:24:50","guid":{"rendered":"https:\/\/denizcankizil.tr\/uncategorized-tr\/2024-menkul-sermaye-iratlarinin-2025-mart-beyani-rehberi\/"},"modified":"2025-03-20T15:24:50","modified_gmt":"2025-03-20T12:24:50","slug":"2024-menkul-sermaye-iratlarinin-2025-mart-beyani-rehberi","status":"publish","type":"post","link":"https:\/\/denizcankizil.tr\/de\/koseyazilari\/degerlendirme\/2024-menkul-sermaye-iratlarinin-2025-mart-beyani-rehberi\/","title":{"rendered":"2024 Menkul Sermaye \u0130ratlar\u0131n\u0131n 2025 Mart Beyan\u0131 Rehberi"},"content":{"rendered":"<p> <strong>2024 Menkul Sermaye \u0130ratlar\u0131n\u0131n 2025\u200c Mart\u200b Beyan\u0131 Rehberi: Giri\u015f<\/strong><\/p>\n<p>Menkul sermaye \u200diratlar\u0131,\u200c bireylerin ve \u200dkurumlar\u0131n finansal varl\u0131klar\u0131ndan \u200delde ettikleri gelirleri ifade \u2062eden \u00f6nemli\u2064 bir kavramd\u0131r. T\u00fcrkiye&#8217;de, \u2062bu \u2064gelirlerin beyan\u0131, vergi y\u00fck\u00fcml\u00fcl\u00fckleri a\u00e7\u0131s\u0131ndan b\u00fcy\u00fck\u2063 bir\u200d \u00f6neme sahiptir. \u20632024 \u200cy\u0131l\u0131 \u2064itibar\u0131yla menkul sermaye iratlar\u0131n\u0131n \u2063beyan\u0131, 2025 \u2064Mart ay\u0131nda ger\u00e7ekle\u015ftirilecek olan vergi \u2064d\u00f6neminde, \u200cm\u00fckellefler i\u00e7in\u200c dikkatle\u200c ele al\u0131nmas\u0131 gereken bir s\u00fcre\u00e7 olacakt\u0131r.\u200b Bu rehber, 2024 \u2064y\u0131l\u0131na ait menkul\u2062 sermaye\u2063 iratlar\u0131n\u0131n beyan\u0131nda\u200d izlenmesi gereken ad\u0131mlar\u0131, \u2064yasal\u2062 d\u00fczenlemeleri ve dikkat edilmesi\u200d gereken hususlar\u0131 kapsaml\u0131 bir\u2062 \u015fekilde ele almay\u0131 \u2064ama\u00e7lamaktad\u0131r. Ayr\u0131ca, m\u00fckelleflerin kar\u015f\u0131la\u015fabilece\u011fi\u2064 olas\u0131 sorunlar ve bu\u200c sorunlar\u0131n\u200d \u00e7\u00f6z\u00fcm \u2062yollar\u0131 \u200cda detayland\u0131r\u0131lacakt\u0131r. Bu ba\u011flamda,\u200c okuyuculara, \u200dmenkul sermaye iratlar\u0131n\u0131n beyan\u0131\u200b s\u00fcrecinde\u200b do\u011fru ve etkili bir \u2064yakla\u015f\u0131m geli\u015ftirmeleri \u2062i\u00e7in\u200c gerekli bilgi\u200b ve kaynaklar\u0131 sunmak hedeflenmektedir.<br \/><img decoding=\"async\" class=\"kimage_class lazyload\" data-src=\"https:\/\/denizcankizil.tr\/wp-content\/uploads\/2024\/10\/P8RPY-253D.jpg\" alt=\"2024 Menkul Sermaye \u200d\u0130ratlar\u0131n\u0131n Tan\u0131m\u0131 ve Kapsam\u0131\" src=\"data:image\/svg+xml;base64,PHN2ZyB3aWR0aD0iMSIgaGVpZ2h0PSIxIiB4bWxucz0iaHR0cDovL3d3dy53My5vcmcvMjAwMC9zdmciPjwvc3ZnPg==\"><\/p>\n<h2 id=\"2024-menkul-sermaye-iratlarinin-tanimi-ve-kapsami\">2024 Menkul\u200c Sermaye \u200b\u0130ratlar\u0131n\u0131n\u200b Tan\u0131m\u0131 ve Kapsam\u0131<\/h2>\n<p><strong>2024 menkul\u200b sermaye iratlar\u0131<\/strong>, bireylerin \u2062ve kurumlar\u0131n sahip oldu\u011fu finansal varl\u0131klardan\u2062 elde ettikleri\u2062 gelirleri ifade etmektedir. Bu gelirler, genellikle\u200d faiz, temett\u00fc ve kira gibi \u00e7e\u015fitli kaynaklardan olu\u015fmaktad\u0131r.<a href=\"https:\/\/denizcankizil.tr\/de\/haberler\/gundem\/egitim-sen-subesi-temizlik-krizine-dikkat-cekti\/\" title=\"E\u011fitim-SEN \u015fubesi temizlik krizine dikkat \u00e7ekti!\">2024 y\u0131l\u0131 itibar\u0131yla<\/a>, menkul \u200bsermaye iratlar\u0131n\u0131n kapsam\u0131, T\u00fcrkiye&#8217;deki vergi \u200cmevzuat\u0131 \u00e7er\u00e7evesinde belirli d\u00fczenlemelere tabi tutulmaktad\u0131r.<\/p>\n<p>Menkul \u2064sermaye \u2062iratlar\u0131n\u0131n \u2063tan\u0131m\u0131 ve kapsam\u0131, \u2064a\u015fa\u011f\u0131daki unsurlar\u0131\u2062 i\u00e7ermektedir:<\/p>\n<ul>\n<li><strong>Faiz Gelirleri:<\/strong> Banka \u2064hesaplar\u0131, tahviller\u200d ve di\u011fer finansal \u200bara\u00e7lardan elde edilen <a href=\"https:\/\/denizcankizil.tr\/de\/hukukihaber\/donusum-projeleri-ozel-hesabi-yonetmeliginde-degisiklik\/\" title=\"D\u00f6n\u00fc\u015f\u00fcm Projeleri \u00d6zel Hesab\u0131 Y\u00f6netmeli\u011finde De\u011fi\u015fiklik\">faiz gelirleri<\/a>.<\/li>\n<li><strong>Temett\u00fc\u200b Gelirleri:<\/strong> \u2063 \u015eirketlerin\u200b kar pay\u0131 da\u011f\u0131t\u0131m\u0131ndan \u200delde \u200bedilen\u2064 gelirler.<\/li>\n<li><strong>Kira\u2063 Gelirleri:<\/strong> Gayrimenkul veya di\u011fer varl\u0131klar\u0131n\u2063 kiralanmas\u0131ndan elde edilen gelirler.<\/li>\n<\/ul>\n<p>2024 y\u0131l\u0131 i\u00e7in\u2063 menkul sermaye\u200d iratlar\u0131n\u0131n beyan\u0131, 2025 Mart ay\u0131nda \u200byap\u0131lacak olan vergi\u2063 beyannamesi\u2063 ile ger\u00e7ekle\u015ftirilecektir. Bu s\u00fcre\u00e7te, m\u00fckelleflerin elde\u200d ettikleri gelirleri do\u011fru bir \u015fekilde beyan etmeleri\u200b b\u00fcy\u00fck \u00f6nem ta\u015f\u0131maktad\u0131r.Beyan s\u00fcrecinde dikkat edilmesi\u2062 gereken hususlar aras\u0131nda, gelirlerin do\u011fru\u2063 s\u0131n\u0131fland\u0131r\u0131lmas\u0131 \u2063ve gerekli belgelerin \u200beksiksiz sunulmas\u0131 \u2063yer almaktad\u0131r.<\/p>\n<p><img decoding=\"async\" class=\"kimage_class lazyload\" data-src=\"https:\/\/denizcankizil.tr\/wp-content\/uploads\/2024\/10\/t-bild.jpg\" alt=\"2025 Mart Beyan\u0131 \u0130\u00e7in Gerekli Belgeler ve Bilgiler\" src=\"data:image\/svg+xml;base64,PHN2ZyB3aWR0aD0iMSIgaGVpZ2h0PSIxIiB4bWxucz0iaHR0cDovL3d3dy53My5vcmcvMjAwMC9zdmciPjwvc3ZnPg==\"><\/p>\n<h2 id=\"2025-mart-beyani-icin-gerekli-belgeler-ve-bilgiler\">2025 Mart Beyan\u0131\u200c \u0130\u00e7in Gerekli Belgeler\u200b ve Bilgiler<\/h2>\n<p>2024 y\u0131l\u0131na ait menkul sermaye \u2062iratlar\u0131n\u0131n beyan\u0131 i\u00e7in 2025 Mart ay\u0131nda yap\u0131lacak olan beyan s\u00fcrecinde,m\u00fckelleflerin dikkat etmesi \u2063gereken\u200b baz\u0131 belgeler \u2063ve\u2062 bilgiler bulunmaktad\u0131r. Bu\u200b belgelerin eksiksiz ve do\u011fru \u200cbir \u015fekilde haz\u0131rlanmas\u0131,\u2063 beyan\u2063 s\u00fcrecinin \u200dsorunsuz bir \u015fekilde tamamlanmas\u0131 a\u00e7\u0131s\u0131ndan\u2063 b\u00fcy\u00fck \u00f6nem ta\u015f\u0131maktad\u0131r.<\/p>\n<p>2025 Mart beyan\u0131\u2063 i\u00e7in \u200dgerekli olan belgeler \u015funlard\u0131r:<\/p>\n<ul>\n<li><strong>Menkul\u2063 Sermaye \u0130ratlar\u0131 Beyan Formu:<\/strong> \u0130lgili formun doldurulmas\u0131\u2062 gerekmektedir.<\/li>\n<li><strong>Gelir Tablosu:<\/strong> Y\u0131l \u200bi\u00e7erisinde elde edilen menkul sermaye iratlar\u0131n\u0131n detayl\u0131 bir d\u00f6k\u00fcm\u00fc.<\/li>\n<li><strong>Bankac\u0131l\u0131k ve \u2063Finans\u200d Kurumu\u200b Belgeleri:<\/strong> \u0130lgili \u2063hesaplardan elde edilen gelirlerin belgeleri.<\/li>\n<li><strong>Di\u011fer Gelir \u200dBelgeleri:<\/strong> Menkul sermaye iratlar\u0131 d\u0131\u015f\u0131nda \u200dkalan\u2064 di\u011fer gelirlerin\u200b belgeleri.<\/li>\n<\/ul>\n<p>Ayr\u0131ca,\u2063 beyan \u200bs\u00fcrecinde \u2062dikkat edilmesi \u2062gereken \u200dbaz\u0131 bilgiler de bulunmaktad\u0131r.\u2062 M\u00fckelleflerin,elde ettikleri\u200b menkul sermaye iratlar\u0131n\u0131n t\u00fcr\u00fcn\u00fc ve miktar\u0131n\u0131 do\u011fru bir \u015fekilde \u2063belirtmeleri gerekmektedir. Bu bilgiler, beyan\u0131n do\u011frulu\u011fu \u200ca\u00e7\u0131s\u0131ndan kritik \u00f6neme sahiptir.Beyan s\u00fcrecinin zaman\u0131nda ve eksiksiz bir \u015fekilde tamamlanmas\u0131, m\u00fckelleflerin vergi \u200cy\u00fck\u00fcml\u00fcl\u00fcklerini yerine getirmeleri a\u00e7\u0131s\u0131ndan da \u200cb\u00fcy\u00fck \u200c\u00f6nem arz etmektedir.<\/p>\n<p><img decoding=\"async\" class=\"kimage_class lazyload\" data-src=\"https:\/\/denizcankizil.tr\/wp-content\/uploads\/2024\/10\/3tcAw-253D.jpg\" alt=\"Menkul Sermaye \u0130ratlar\u0131n\u0131n Vergilendirilmesi S\u00fcreci\" src=\"data:image\/svg+xml;base64,PHN2ZyB3aWR0aD0iMSIgaGVpZ2h0PSIxIiB4bWxucz0iaHR0cDovL3d3dy53My5vcmcvMjAwMC9zdmciPjwvc3ZnPg==\"><\/p>\n<h2 id=\"menkul-sermaye-iratlarinin-vergilendirilmesi-sureci\">Menkul Sermaye \u0130ratlar\u0131n\u0131n\u200d Vergilendirilmesi S\u00fcreci<\/h2>\n<p>Menkul \u2063sermaye iratlar\u0131, bireylerin ve kurumlar\u0131n elde ettikleri gelirlerin \u00f6nemli bir \u2062k\u0131sm\u0131n\u0131 olu\u015fturmaktad\u0131r. Bu gelirlerin vergilendirilmesi,T\u00fcrkiye&#8217;deki vergi\u200b mevzuat\u0131\u200d \u00e7er\u00e7evesinde belirli kurallara ve\u2064 s\u00fcre\u00e7lere tabidir. 2024 y\u0131l\u0131 itibar\u0131yla\u2062 menkul sermaye iratlar\u0131n\u0131n vergilendirilmesi \u2064s\u00fcreci, 2025 Mart \u200cay\u0131nda yap\u0131lacak\u200d beyanlarla birlikte daha da \u00f6nem kazanmaktad\u0131r.<\/p>\n<p>Bu\u200d ba\u011flamda, \u200bmenkul sermaye \u200biratlar\u0131n\u0131n vergilendirilmesi s\u00fcrecinde dikkate\u200c al\u0131nmas\u0131 gereken baz\u0131 temel noktalar\u2063 \u015funlard\u0131r:<\/p>\n<ul>\n<li><strong>Gelir T\u00fcrleri:<\/strong> \u2063 Menkul sermaye iratlar\u0131, faiz gelirleri, temett\u00fc \u2064gelirleri ve kira gelirleri\u200d gibi farkl\u0131 t\u00fcrlerde olabilir.<\/li>\n<li><strong>Vergi Oranlar\u0131:<\/strong> Her bir gelir t\u00fcr\u00fc i\u00e7in uygulanacak \u2062vergi \u2064oranlar\u0131, y\u0131ll\u0131k\u200d olarak belirlenmekte ve\u200c g\u00fcncellenmektedir.<\/li>\n<li><strong>Beyan S\u00fcreci:<\/strong> Menkul sermaye iratlar\u0131n\u0131n \u200cbeyan\u0131, ilgili y\u0131l\u0131n \u2062Mart ay\u0131nda yap\u0131lmakta olup,\u2062 bu s\u00fcre\u00e7te\u200d dikkat edilmesi gereken belgeler ve formlar bulunmaktad\u0131r.<\/li>\n<li><strong>\u0130stisnalar ve Muafiyetler:<\/strong> Baz\u0131 durumlarda, menkul sermaye\u2063 iratlar\u0131 i\u00e7in \u200cbelirli istisnalar ve muafiyetler s\u00f6z konusu\u200b olabilmektedir.<\/li>\n<\/ul>\n<p>2025 Mart beyan\u0131 \u2063i\u00e7in \u2063haz\u0131rl\u0131k yaparken,\u2064 yukar\u0131da belirtilen hususlar\u0131n g\u00f6z \u00f6n\u00fcnde bulundurulmas\u0131,\u200b vergi\u2062 y\u00fck\u00fcml\u00fcl\u00fcklerinin do\u011fru bir\u2064 \u015fekilde yerine \u2062getirilmesi a\u00e7\u0131s\u0131ndan b\u00fcy\u00fck \u00f6nem \u2064ta\u015f\u0131maktad\u0131r. Bu s\u00fcre\u00e7te, g\u00fcncel \u200dmevzuat ve \u200duygulamalar\u2062 hakk\u0131nda bilgi \u2063sahibi olmak, m\u00fckelleflerin yarar\u0131na olacakt\u0131r.<\/p>\n<p><img decoding=\"async\" class=\"kimage_class lazyload\" data-src=\"https:\/\/denizcankizil.tr\/wp-content\/uploads\/2024\/10\/3982-antalyadaki-fikri-ve-sinai-haklar-avukatlarinin-yetki-alanlari.jpg\" alt=\"2024 Y\u0131l\u0131na \u200cAit Menkul\u2063 Sermaye \u0130ratlar\u0131n\u0131n Hesaplanmas\u0131\" src=\"data:image\/svg+xml;base64,PHN2ZyB3aWR0aD0iMSIgaGVpZ2h0PSIxIiB4bWxucz0iaHR0cDovL3d3dy53My5vcmcvMjAwMC9zdmciPjwvc3ZnPg==\"><\/p>\n<h2 id=\"2024-yilina-ait-menkul-sermaye-iratlarinin-hesaplanmasi\">2024 Y\u0131l\u0131na Ait \u2062Menkul Sermaye \u0130ratlar\u0131n\u0131n Hesaplanmas\u0131<\/h2>\n<p>2024 y\u0131l\u0131na\u200c ait menkul sermaye\u2064 iratlar\u0131n\u0131n\u200c hesaplanmas\u0131, yat\u0131r\u0131mc\u0131lar i\u00e7in\u2064 \u00f6nemli\u200c bir s\u00fcre\u00e7tir. Bu\u2063 hesaplamalar, bireylerin \u200cve kurumlar\u0131n\u2063 elde ettikleri gelirlerin\u200d do\u011fru bir \u015fekilde\u200b beyan edilmesi a\u00e7\u0131s\u0131ndan \u2062kritik \u00f6neme sahiptir. Menkul\u200c sermaye iratlar\u0131,\u2064 genellikle faiz gelirleri, temett\u00fc \u00f6demeleri ve \u200bkira gelirleri gibi unsurlardan olu\u015fmaktad\u0131r. Bu \u200bnedenle, \u200cbu gelirlerin do\u011fru bir \u015fekilde \u200bhesaplanmas\u0131 \u2064ve beyan edilmesi, vergi \u200by\u00fck\u00fcml\u00fcl\u00fcklerinin yerine getirilmesi a\u00e7\u0131s\u0131ndan gereklidir.<\/p>\n<p>2024 y\u0131l\u0131 i\u00e7in menkul sermaye iratlar\u0131n\u0131n hesaplanmas\u0131nda dikkate al\u0131nmas\u0131 gereken baz\u0131\u200b temel unsurlar\u2062 \u015funlard\u0131r:<\/p>\n<ul>\n<li><strong>gelir T\u00fcrleri:<\/strong> \u200c Faiz\u2062 gelirleri, temett\u00fc gelirleri ve\u2064 kira gelirleri gibi farkl\u0131 menkul \u2062sermaye iratlar\u0131, ayr\u0131 \u200bayr\u0131 \u2062de\u011ferlendirilmelidir.<\/li>\n<li><strong>Vergi \u2063Oranlar\u0131:<\/strong> Her bir gelir t\u00fcr\u00fc i\u00e7in ge\u00e7erli\u200c olan vergi oranlar\u0131, hesaplamalarda dikkate al\u0131nmal\u0131d\u0131r.<\/li>\n<li><strong>\u0130stisnalar ve\u2063 Muafiyetler:<\/strong> \u200c Belirli durumlarda uygulanabilecek \u2063istisnalar ve muafiyetler,\u200b hesaplamalar\u0131n do\u011frulu\u011funu etkileyebilir.<\/li>\n<\/ul>\n<p>Bu\u200c unsurlar\u0131n yan\u0131 s\u0131ra, 2025 \u2063mart beyan\u0131 \u2063i\u00e7in gerekli belgelerin ve\u200d bilgilerin eksiksiz bir \u200d\u015fekilde \u2064haz\u0131rlanmas\u0131 da\u200d b\u00fcy\u00fck\u200c \u00f6nem ta\u015f\u0131maktad\u0131r. Yat\u0131r\u0131mc\u0131lar\u0131n, menkul\u2063 sermaye iratlar\u0131n\u0131\u2064 do\u011fru bir \u015fekilde \u2063hesaplayarak, vergi beyannamelerini\u200c zaman\u0131nda ve hatas\u0131z bir \u015fekilde sunmalar\u0131, olas\u0131 ceza ve yapt\u0131r\u0131mlardan ka\u00e7\u0131nmalar\u0131na yard\u0131mc\u0131 olacakt\u0131r. Bu nedenle, \u2063hesaplama s\u00fcrecinde dikkatli olunmas\u0131 ve gerekli t\u00fcm bilgilerin titizlikle toplanmas\u0131 \u2063\u00f6nerilmektedir.<\/p>\n<p><img decoding=\"async\" class=\"kimage_class lazyload\" data-src=\"https:\/\/denizcankizil.tr\/wp-content\/uploads\/2024\/10\/4380-antalyada-sahtecilik-suclarina-bakan-avukat-ve-mahkemeler.jpg\" alt=\"Beyan D\u00f6neminde Dikkat Edilmesi Gereken Hususlar\" src=\"data:image\/svg+xml;base64,PHN2ZyB3aWR0aD0iMSIgaGVpZ2h0PSIxIiB4bWxucz0iaHR0cDovL3d3dy53My5vcmcvMjAwMC9zdmciPjwvc3ZnPg==\"><\/p>\n<h2 id=\"beyan-doneminde-dikkat-edilmesi-gereken-hususlar\">Beyan\u2062 D\u00f6neminde Dikkat Edilmesi Gereken\u2063 Hususlar<\/h2>\n<p>2024 y\u0131l\u0131na ait \u200dmenkul sermaye iratlar\u0131n\u0131n 2025 Mart ay\u0131nda beyan edilmesi \u2063s\u00fcrecinde, \u200bm\u00fckelleflerin dikkat etmesi \u200bgereken baz\u0131 \u00f6nemli \u2064noktalar bulunmaktad\u0131r. Bu \u200dhususlar, beyan s\u00fcrecinin sa\u011fl\u0131kl\u0131 \u200bbir \u015fekilde y\u00fcr\u00fct\u00fclmesi ve olas\u0131 sorunlar\u0131n \u00f6nlenmesi a\u00e7\u0131s\u0131ndan kritik \u00f6neme\u200b sahiptir.<\/p>\n<ul>\n<li><strong>Beyan S\u00fcresi:<\/strong> M\u00fckelleflerin, menkul sermaye\u200d iratlar\u0131n\u0131\u200b beyan etmek\u2064 i\u00e7in belirlenen s\u00fcreye riayet etmeleri gerekmektedir. beyan s\u00fcresinin ge\u00e7mesi durumunda, cezai yapt\u0131r\u0131mlarla kar\u015f\u0131la\u015fma \u2062riski bulunmaktad\u0131r.<\/li>\n<li><strong>Do\u011fru \u2063Bilgi Giri\u015fi:<\/strong> Beyan\u200b formunda \u200byer alan bilgilerin do\u011fru ve \u2064eksiksiz bir \u015fekilde doldurulmas\u0131, ileride\u2064 ya\u015fanabilecek sorunlar\u0131n \u00f6n\u00fcne ge\u00e7ecektir. \u200byanl\u0131\u015f veya\u200d eksik bilgi vermek, vergi incelemelerine neden olabilir.<\/li>\n<li><strong>Gelir T\u00fcrlerinin Belirlenmesi:<\/strong> M\u00fckelleflerin, elde ettikleri menkul sermaye\u200d iratlar\u0131n\u0131n \u2064hangi t\u00fcr gelir\u2064 kapsam\u0131nda oldu\u011funu \u2062do\u011fru bir \u015fekilde belirlemeleri \u00f6nemlidir.bu, \u200cbeyan\u0131n\u200c do\u011fru\u200d yap\u0131labilmesi i\u00e7in \u200dgereklidir.<\/li>\n<li><strong>\u0130ndirim\u200d ve \u0130stisnalar\u0131n\u2064 Takibi:<\/strong> M\u00fckellefler, \u200bmenkul sermaye iratlar\u0131 \u00fczerinden uygulanabilecek\u2062 indirim \u200bve\u200b istisnalar\u0131 takip etmeli ve\u200d bunlar\u0131\u200b beyanlar\u0131nda dikkate almal\u0131d\u0131r.<\/li>\n<\/ul>\n<p>Bu \u2064hususlara dikkat edilmesi,\u2062 m\u00fckelleflerin beyan s\u00fcre\u00e7lerini sorunsuz bir \u015fekilde tamamlamalar\u0131na \u200dyard\u0131mc\u0131 olacakt\u0131r. Ayr\u0131ca,vergi y\u00fck\u00fcml\u00fcl\u00fcklerinin do\u011fru bir\u2063 \u015fekilde\u2063 yerine getirilmesi,m\u00fckelleflerin mali durumlar\u0131n\u0131 da olumlu y\u00f6nde \u200betkileyecektir.<\/p>\n<h2 id=\"menkul-sermaye-iratlari-ile-ilgili-sikca-sorulan-sorular\">Menkul Sermaye \u0130ratlar\u0131 ile \u0130lgili S\u0131k\u00e7a Sorulan \u2062Sorular<\/h2>\n<div class=\"post-section\">\n<p>Menkul\u2062 sermaye \u200diratlar\u0131, bireylerin ve \u2064kurumlar\u0131n elde ettikleri\u200d gelirlerin \u00f6nemli bir k\u0131sm\u0131n\u0131 olu\u015fturmaktad\u0131r.\u2064 Bu \u2063ba\u011flamda, 2024 y\u0131l\u0131na ait menkul sermaye iratlar\u0131n\u0131n\u200b 2025\u2062 mart \u200bay\u0131nda beyan \u2064edilmesi \u200ds\u00fcreci\u200c hakk\u0131nda s\u0131k\u00e7a\u200d sorulan baz\u0131 sorular \u2064a\u015fa\u011f\u0131da \u200dyer\u2062 almaktad\u0131r:<\/p>\n<ul>\n<li><strong>Menkul sermaye iratlar\u0131 nelerdir?<\/strong> Menkul \u200dsermaye iratlar\u0131, \u200dhisse senedi, tahvil,\u2064 mevduat \u2064ve di\u011fer\u2063 finansal ara\u00e7lardan\u200b elde edilen \u2063gelirleri kapsamaktad\u0131r.<\/li>\n<li><strong>Beyan s\u00fcreci nas\u0131l i\u015fler?<\/strong> Her\u2064 y\u0131l belirlenen s\u00fcreler \u2064i\u00e7erisinde, menkul \u200csermaye \u2064iratlar\u0131 beyan edilerek, ilgili vergi dairesine bildirilmelidir.<\/li>\n<li><strong>Hangi belgeler\u200d gereklidir?<\/strong> Beyan i\u00e7in, \u200cgelirlerinizi kan\u0131tlayan \u2064belgeler, \u200bbanka\u2062 dekontlar\u0131 \u2064ve di\u011fer finansal kay\u0131tlar\u200c haz\u0131rlanmal\u0131d\u0131r.<\/li>\n<li><strong>Vergi oranlar\u0131 nelerdir?<\/strong> Menkul sermaye iratlar\u0131na \u200cuygulanan vergi\u2063 oranlar\u0131,elde\u2064 edilen gelirin t\u00fcr\u00fcne ve miktar\u0131na g\u00f6re \u2063de\u011fi\u015fiklik g\u00f6stermektedir.<\/li>\n<\/ul>\n<p>Bu sorular,\u200d menkul\u2063 sermaye iratlar\u0131 ile ilgili s\u00fcre\u00e7lerin daha iyi anla\u015f\u0131lmas\u0131na yard\u0131mc\u0131 olmaktad\u0131r. Beyan\u200c s\u00fcrecinde\u2064 dikkat edilmesi gereken hususlar \u2063ve g\u00fcncel \u2063vergi oranlar\u0131 hakk\u0131nda \u200dbilgi \u2064sahibi olmak, m\u00fckelleflerin \u2064y\u00fck\u00fcml\u00fcl\u00fcklerini\u2063 yerine\u2063 getirmeleri a\u00e7\u0131s\u0131ndan b\u00fcy\u00fck \u00f6nem\u200d ta\u015f\u0131maktad\u0131r.<\/p>\n<\/div>\n<p>Sonu\u00e7\u200b olarak, 2024 y\u0131l\u0131na ait menkul sermaye iratlar\u0131n\u0131n 2025\u2062 Mart beyannamesi \u2063i\u00e7in haz\u0131rlanacak rehber,\u200b yat\u0131r\u0131mc\u0131lar\u2063 ve \u2063m\u00fckellefler\u2063 a\u00e7\u0131s\u0131ndan\u2062 b\u00fcy\u00fck bir\u200c \u00f6nem ta\u015f\u0131maktad\u0131r. \u2062Bu \u200crehber, menkul sermaye iratlar\u0131n\u0131n \u200ddo\u011fru \u200dbir \u2062\u015fekilde \u200bbeyan edilmesi\u200d ve vergi y\u00fck\u00fcml\u00fcl\u00fcklerinin \u200cyerine\u2063 getirilmesi\u2062 a\u00e7\u0131s\u0131ndan\u200d kritik bir kaynak sunmaktad\u0131r. yat\u0131r\u0131mc\u0131lar\u0131n, bu \u200bs\u00fcre\u00e7te \u2063kar\u015f\u0131la\u015fabilecekleri muhtemel \u200dsorunlar\u0131 \u00f6nceden tespit etmeleri \u200cve \u2064gerekli \u2062\u00f6nlemleri almalar\u0131, hem \u200dyasal y\u00fck\u00fcml\u00fcl\u00fcklerini yerine getirmeleri hem\u2062 de \u2064mali planlamalar\u0131n\u0131 sa\u011fl\u0131kl\u0131 bir\u200c \u015fekilde \u200dyapmalar\u0131 a\u00e7\u0131s\u0131ndan\u200d faydal\u0131 \u2063olacakt\u0131r. 2024 y\u0131l\u0131 menkul sermaye iratlar\u0131n\u0131n beyan\u0131 ile ilgili detayl\u0131 bilgi \u2063ve g\u00fcncel d\u00fczenlemeleri takip \u2064etmek, m\u00fckelleflerin vergi s\u00fcre\u00e7lerini daha\u2063 etkin bir\u2063 \u015fekilde y\u00f6netmelerine olanak tan\u0131yacakt\u0131r. Bu ba\u011flamda, \u2063ilgili mevzuat ve Yarg\u0131tay \u200bi\u00e7tihatlar\u0131n\u0131n dikkatlice \u200cincelenmesi, hukuki\u2063 belirsizliklerin ortadan\u200c kald\u0131r\u0131lmas\u0131 \u200bad\u0131na \u00f6nem\u200d arz etmektedir. <\/p>","protected":false},"excerpt":{"rendered":"<p>2024 y\u0131l\u0131na ait menkul sermaye iratlar\u0131n\u0131n 2025 Mart ay\u0131nda beyan edilmesi, vergi m\u00fckellefleri i\u00e7in \u00f6nemli bir y\u00fck\u00fcml\u00fcl\u00fckt\u00fcr. Bu rehber, beyan s\u00fcrecinin do\u011fru ve eksiksiz bir \u015fekilde ger\u00e7ekle\u015ftirilmesine y\u00f6nelik ad\u0131mlar\u0131 i\u00e7ermektedir.<\/p>","protected":false},"author":4,"featured_media":0,"comment_status":"open","ping_status":"open","sticky":false,"template":"","format":"standard","meta":{"_acf_changed":false,"footnotes":""},"categories":[22],"tags":[],"class_list":["post-36398","post","type-post","status-publish","format-standard","hentry","category-degerlendirme"],"acf":[],"yoast_head":"<!-- This site is optimized with the Yoast SEO Premium plugin v26.6 (Yoast SEO v27.1.1) - https:\/\/yoast.com\/product\/yoast-seo-premium-wordpress\/ -->\n<title>2024 Menkul Sermaye \u0130ratlar\u0131n\u0131n 2025 Mart Beyan\u0131 Rehberi - Av. Deniz Can K\u0131z\u0131l<\/title>\n<meta name=\"robots\" content=\"index, follow, max-snippet:-1, max-image-preview:large, max-video-preview:-1\" \/>\n<link rel=\"canonical\" href=\"https:\/\/denizcankizil.tr\/de\/koseyazilari\/degerlendirme\/2024-menkul-sermaye-iratlarinin-2025-mart-beyani-rehberi\/\" \/>\n<meta property=\"og:locale\" content=\"de_DE\" \/>\n<meta property=\"og:type\" content=\"article\" \/>\n<meta property=\"og:title\" content=\"2024 Menkul Sermaye \u0130ratlar\u0131n\u0131n 2025 Mart Beyan\u0131 Rehberi\" \/>\n<meta property=\"og:description\" content=\"2024 y\u0131l\u0131na ait menkul sermaye iratlar\u0131n\u0131n 2025 Mart ay\u0131nda beyan edilmesi, vergi m\u00fckellefleri i\u00e7in \u00f6nemli bir y\u00fck\u00fcml\u00fcl\u00fckt\u00fcr. Bu rehber, beyan s\u00fcrecinin do\u011fru ve eksiksiz bir \u015fekilde ger\u00e7ekle\u015ftirilmesine y\u00f6nelik ad\u0131mlar\u0131 i\u00e7ermektedir.\" \/>\n<meta property=\"og:url\" content=\"https:\/\/denizcankizil.tr\/de\/koseyazilari\/degerlendirme\/2024-menkul-sermaye-iratlarinin-2025-mart-beyani-rehberi\/\" \/>\n<meta property=\"og:site_name\" content=\"Av. Deniz Can K\u0131z\u0131l\" \/>\n<meta property=\"article:published_time\" content=\"2025-03-20T12:24:50+00:00\" \/>\n<meta property=\"og:image\" content=\"https:\/\/denizcankizil.tr\/wp-content\/uploads\/2024\/10\/P8RPY-253D.jpg\" \/>\n<meta name=\"author\" content=\"Av. Deniz Can K\u0131z\u0131l\" \/>\n<meta name=\"twitter:card\" content=\"summary_large_image\" \/>\n<meta name=\"twitter:label1\" content=\"Verfasst von\" \/>\n\t<meta name=\"twitter:data1\" content=\"Av. Deniz Can K\u0131z\u0131l\" \/>\n\t<meta name=\"twitter:label2\" content=\"Gesch\u00e4tzte Lesezeit\" \/>\n\t<meta name=\"twitter:data2\" content=\"8\u00a0Minuten\" \/>\n<script type=\"application\/ld+json\" class=\"yoast-schema-graph\">{\"@context\":\"https:\/\/schema.org\",\"@graph\":[{\"@type\":\"Article\",\"@id\":\"https:\/\/denizcankizil.tr\/de\/koseyazilari\/degerlendirme\/2024-menkul-sermaye-iratlarinin-2025-mart-beyani-rehberi\/#article\",\"isPartOf\":{\"@id\":\"https:\/\/denizcankizil.tr\/de\/koseyazilari\/degerlendirme\/2024-menkul-sermaye-iratlarinin-2025-mart-beyani-rehberi\/\"},\"author\":{\"name\":\"Av. Deniz Can K\u0131z\u0131l\",\"@id\":\"https:\/\/denizcankizil.tr\/#\/schema\/person\/5dc1b22991bd7ac833867c10afc9b0ff\"},\"headline\":\"2024 Menkul Sermaye \u0130ratlar\u0131n\u0131n 2025 Mart Beyan\u0131 Rehberi\",\"datePublished\":\"2025-03-20T12:24:50+00:00\",\"mainEntityOfPage\":{\"@id\":\"https:\/\/denizcankizil.tr\/de\/koseyazilari\/degerlendirme\/2024-menkul-sermaye-iratlarinin-2025-mart-beyani-rehberi\/\"},\"wordCount\":1666,\"commentCount\":0,\"publisher\":{\"@id\":\"https:\/\/denizcankizil.tr\/#organization\"},\"image\":{\"@id\":\"https:\/\/denizcankizil.tr\/de\/koseyazilari\/degerlendirme\/2024-menkul-sermaye-iratlarinin-2025-mart-beyani-rehberi\/#primaryimage\"},\"thumbnailUrl\":\"https:\/\/denizcankizil.tr\/wp-content\/uploads\/2024\/10\/P8RPY-253D.jpg\",\"articleSection\":[\"De\u011ferlendirme\"],\"inLanguage\":\"de\",\"potentialAction\":[{\"@type\":\"CommentAction\",\"name\":\"Comment\",\"target\":[\"https:\/\/denizcankizil.tr\/de\/koseyazilari\/degerlendirme\/2024-menkul-sermaye-iratlarinin-2025-mart-beyani-rehberi\/#respond\"]}]},{\"@type\":\"WebPage\",\"@id\":\"https:\/\/denizcankizil.tr\/de\/koseyazilari\/degerlendirme\/2024-menkul-sermaye-iratlarinin-2025-mart-beyani-rehberi\/\",\"url\":\"https:\/\/denizcankizil.tr\/de\/koseyazilari\/degerlendirme\/2024-menkul-sermaye-iratlarinin-2025-mart-beyani-rehberi\/\",\"name\":\"2024 Menkul Sermaye \u0130ratlar\u0131n\u0131n 2025 Mart Beyan\u0131 Rehberi - Av. Deniz Can K\u0131z\u0131l\",\"isPartOf\":{\"@id\":\"https:\/\/denizcankizil.tr\/#website\"},\"primaryImageOfPage\":{\"@id\":\"https:\/\/denizcankizil.tr\/de\/koseyazilari\/degerlendirme\/2024-menkul-sermaye-iratlarinin-2025-mart-beyani-rehberi\/#primaryimage\"},\"image\":{\"@id\":\"https:\/\/denizcankizil.tr\/de\/koseyazilari\/degerlendirme\/2024-menkul-sermaye-iratlarinin-2025-mart-beyani-rehberi\/#primaryimage\"},\"thumbnailUrl\":\"https:\/\/denizcankizil.tr\/wp-content\/uploads\/2024\/10\/P8RPY-253D.jpg\",\"datePublished\":\"2025-03-20T12:24:50+00:00\",\"breadcrumb\":{\"@id\":\"https:\/\/denizcankizil.tr\/de\/koseyazilari\/degerlendirme\/2024-menkul-sermaye-iratlarinin-2025-mart-beyani-rehberi\/#breadcrumb\"},\"inLanguage\":\"de\",\"potentialAction\":[{\"@type\":\"ReadAction\",\"target\":[\"https:\/\/denizcankizil.tr\/de\/koseyazilari\/degerlendirme\/2024-menkul-sermaye-iratlarinin-2025-mart-beyani-rehberi\/\"]}]},{\"@type\":\"ImageObject\",\"inLanguage\":\"de\",\"@id\":\"https:\/\/denizcankizil.tr\/de\/koseyazilari\/degerlendirme\/2024-menkul-sermaye-iratlarinin-2025-mart-beyani-rehberi\/#primaryimage\",\"url\":\"https:\/\/denizcankizil.tr\/wp-content\/uploads\/2024\/10\/P8RPY-253D.jpg\",\"contentUrl\":\"https:\/\/denizcankizil.tr\/wp-content\/uploads\/2024\/10\/P8RPY-253D.jpg\"},{\"@type\":\"BreadcrumbList\",\"@id\":\"https:\/\/denizcankizil.tr\/de\/koseyazilari\/degerlendirme\/2024-menkul-sermaye-iratlarinin-2025-mart-beyani-rehberi\/#breadcrumb\",\"itemListElement\":[{\"@type\":\"ListItem\",\"position\":1,\"name\":\"Home\",\"item\":\"https:\/\/denizcankizil.tr\/de\/\"},{\"@type\":\"ListItem\",\"position\":2,\"name\":\"2024 Menkul Sermaye \u0130ratlar\u0131n\u0131n 2025 Mart Beyan\u0131 Rehberi\"}]},{\"@type\":\"WebSite\",\"@id\":\"https:\/\/denizcankizil.tr\/#website\",\"url\":\"https:\/\/denizcankizil.tr\/\",\"name\":\"Av. Deniz Can K\u0131z\u0131l\",\"description\":\"Avukat Deniz Can K\u0131z\u0131l Antalya Barosu\",\"publisher\":{\"@id\":\"https:\/\/denizcankizil.tr\/#organization\"},\"potentialAction\":[{\"@type\":\"SearchAction\",\"target\":{\"@type\":\"EntryPoint\",\"urlTemplate\":\"https:\/\/denizcankizil.tr\/?s={search_term_string}\"},\"query-input\":{\"@type\":\"PropertyValueSpecification\",\"valueRequired\":true,\"valueName\":\"search_term_string\"}}],\"inLanguage\":\"de\"},{\"@type\":\"Organization\",\"@id\":\"https:\/\/denizcankizil.tr\/#organization\",\"name\":\"Av. Deniz Can K\u0131z\u0131l\",\"url\":\"https:\/\/denizcankizil.tr\/\",\"logo\":{\"@type\":\"ImageObject\",\"inLanguage\":\"de\",\"@id\":\"https:\/\/denizcankizil.tr\/#\/schema\/logo\/image\/\",\"url\":\"https:\/\/denizcankizil.tr\/wp-content\/uploads\/2024\/10\/siyah-logo-svg.svg\",\"contentUrl\":\"https:\/\/denizcankizil.tr\/wp-content\/uploads\/2024\/10\/siyah-logo-svg.svg\",\"width\":1080,\"height\":1080,\"caption\":\"Av. Deniz Can K\u0131z\u0131l\"},\"image\":{\"@id\":\"https:\/\/denizcankizil.tr\/#\/schema\/logo\/image\/\"}},{\"@type\":\"Person\",\"@id\":\"https:\/\/denizcankizil.tr\/#\/schema\/person\/5dc1b22991bd7ac833867c10afc9b0ff\",\"name\":\"Av. Deniz Can K\u0131z\u0131l\",\"image\":{\"@type\":\"ImageObject\",\"inLanguage\":\"de\",\"@id\":\"https:\/\/denizcankizil.tr\/#\/schema\/person\/image\/\",\"url\":\"https:\/\/secure.gravatar.com\/avatar\/a0b128fb9855c79efc976d5640eedb31dc35ec297594d6016d2cf7c60e975bb6?s=96&d=mm&r=g\",\"contentUrl\":\"https:\/\/secure.gravatar.com\/avatar\/a0b128fb9855c79efc976d5640eedb31dc35ec297594d6016d2cf7c60e975bb6?s=96&d=mm&r=g\",\"caption\":\"Av. Deniz Can K\u0131z\u0131l\"},\"sameAs\":[\"http:\/\/www.denizcankizil.tr\"],\"url\":\"https:\/\/denizcankizil.tr\/de\/author\/denizcankizil\/\"}]}<\/script>\n<!-- \/ Yoast SEO Premium plugin. -->","yoast_head_json":{"title":"2024 Menkul Sermaye \u0130ratlar\u0131n\u0131n 2025 Mart Beyan\u0131 Rehberi - Av. Deniz Can K\u0131z\u0131l","robots":{"index":"index","follow":"follow","max-snippet":"max-snippet:-1","max-image-preview":"max-image-preview:large","max-video-preview":"max-video-preview:-1"},"canonical":"https:\/\/denizcankizil.tr\/de\/koseyazilari\/degerlendirme\/2024-menkul-sermaye-iratlarinin-2025-mart-beyani-rehberi\/","og_locale":"de_DE","og_type":"article","og_title":"2024 Menkul Sermaye \u0130ratlar\u0131n\u0131n 2025 Mart Beyan\u0131 Rehberi","og_description":"2024 y\u0131l\u0131na ait menkul sermaye iratlar\u0131n\u0131n 2025 Mart ay\u0131nda beyan edilmesi, vergi m\u00fckellefleri i\u00e7in \u00f6nemli bir y\u00fck\u00fcml\u00fcl\u00fckt\u00fcr. Bu rehber, beyan s\u00fcrecinin do\u011fru ve eksiksiz bir \u015fekilde ger\u00e7ekle\u015ftirilmesine y\u00f6nelik ad\u0131mlar\u0131 i\u00e7ermektedir.","og_url":"https:\/\/denizcankizil.tr\/de\/koseyazilari\/degerlendirme\/2024-menkul-sermaye-iratlarinin-2025-mart-beyani-rehberi\/","og_site_name":"Av. Deniz Can K\u0131z\u0131l","article_published_time":"2025-03-20T12:24:50+00:00","og_image":[{"url":"https:\/\/denizcankizil.tr\/wp-content\/uploads\/2024\/10\/P8RPY-253D.jpg","type":"","width":"","height":""}],"author":"Av. Deniz Can K\u0131z\u0131l","twitter_card":"summary_large_image","twitter_misc":{"Verfasst von":"Av. Deniz Can K\u0131z\u0131l","Gesch\u00e4tzte Lesezeit":"8\u00a0Minuten"},"schema":{"@context":"https:\/\/schema.org","@graph":[{"@type":"Article","@id":"https:\/\/denizcankizil.tr\/de\/koseyazilari\/degerlendirme\/2024-menkul-sermaye-iratlarinin-2025-mart-beyani-rehberi\/#article","isPartOf":{"@id":"https:\/\/denizcankizil.tr\/de\/koseyazilari\/degerlendirme\/2024-menkul-sermaye-iratlarinin-2025-mart-beyani-rehberi\/"},"author":{"name":"Av. Deniz Can K\u0131z\u0131l","@id":"https:\/\/denizcankizil.tr\/#\/schema\/person\/5dc1b22991bd7ac833867c10afc9b0ff"},"headline":"2024 Menkul Sermaye \u0130ratlar\u0131n\u0131n 2025 Mart Beyan\u0131 Rehberi","datePublished":"2025-03-20T12:24:50+00:00","mainEntityOfPage":{"@id":"https:\/\/denizcankizil.tr\/de\/koseyazilari\/degerlendirme\/2024-menkul-sermaye-iratlarinin-2025-mart-beyani-rehberi\/"},"wordCount":1666,"commentCount":0,"publisher":{"@id":"https:\/\/denizcankizil.tr\/#organization"},"image":{"@id":"https:\/\/denizcankizil.tr\/de\/koseyazilari\/degerlendirme\/2024-menkul-sermaye-iratlarinin-2025-mart-beyani-rehberi\/#primaryimage"},"thumbnailUrl":"https:\/\/denizcankizil.tr\/wp-content\/uploads\/2024\/10\/P8RPY-253D.jpg","articleSection":["De\u011ferlendirme"],"inLanguage":"de","potentialAction":[{"@type":"CommentAction","name":"Comment","target":["https:\/\/denizcankizil.tr\/de\/koseyazilari\/degerlendirme\/2024-menkul-sermaye-iratlarinin-2025-mart-beyani-rehberi\/#respond"]}]},{"@type":"WebPage","@id":"https:\/\/denizcankizil.tr\/de\/koseyazilari\/degerlendirme\/2024-menkul-sermaye-iratlarinin-2025-mart-beyani-rehberi\/","url":"https:\/\/denizcankizil.tr\/de\/koseyazilari\/degerlendirme\/2024-menkul-sermaye-iratlarinin-2025-mart-beyani-rehberi\/","name":"2024 Menkul Sermaye \u0130ratlar\u0131n\u0131n 2025 Mart Beyan\u0131 Rehberi - Av. Deniz Can K\u0131z\u0131l","isPartOf":{"@id":"https:\/\/denizcankizil.tr\/#website"},"primaryImageOfPage":{"@id":"https:\/\/denizcankizil.tr\/de\/koseyazilari\/degerlendirme\/2024-menkul-sermaye-iratlarinin-2025-mart-beyani-rehberi\/#primaryimage"},"image":{"@id":"https:\/\/denizcankizil.tr\/de\/koseyazilari\/degerlendirme\/2024-menkul-sermaye-iratlarinin-2025-mart-beyani-rehberi\/#primaryimage"},"thumbnailUrl":"https:\/\/denizcankizil.tr\/wp-content\/uploads\/2024\/10\/P8RPY-253D.jpg","datePublished":"2025-03-20T12:24:50+00:00","breadcrumb":{"@id":"https:\/\/denizcankizil.tr\/de\/koseyazilari\/degerlendirme\/2024-menkul-sermaye-iratlarinin-2025-mart-beyani-rehberi\/#breadcrumb"},"inLanguage":"de","potentialAction":[{"@type":"ReadAction","target":["https:\/\/denizcankizil.tr\/de\/koseyazilari\/degerlendirme\/2024-menkul-sermaye-iratlarinin-2025-mart-beyani-rehberi\/"]}]},{"@type":"ImageObject","inLanguage":"de","@id":"https:\/\/denizcankizil.tr\/de\/koseyazilari\/degerlendirme\/2024-menkul-sermaye-iratlarinin-2025-mart-beyani-rehberi\/#primaryimage","url":"https:\/\/denizcankizil.tr\/wp-content\/uploads\/2024\/10\/P8RPY-253D.jpg","contentUrl":"https:\/\/denizcankizil.tr\/wp-content\/uploads\/2024\/10\/P8RPY-253D.jpg"},{"@type":"BreadcrumbList","@id":"https:\/\/denizcankizil.tr\/de\/koseyazilari\/degerlendirme\/2024-menkul-sermaye-iratlarinin-2025-mart-beyani-rehberi\/#breadcrumb","itemListElement":[{"@type":"ListItem","position":1,"name":"Home","item":"https:\/\/denizcankizil.tr\/de\/"},{"@type":"ListItem","position":2,"name":"2024 Menkul Sermaye \u0130ratlar\u0131n\u0131n 2025 Mart Beyan\u0131 Rehberi"}]},{"@type":"WebSite","@id":"https:\/\/denizcankizil.tr\/#website","url":"https:\/\/denizcankizil.tr\/","name":"Av. Deniz Can K\u0131z\u0131l","description":"Avukat Deniz Can K\u0131z\u0131l Antalya Barosu","publisher":{"@id":"https:\/\/denizcankizil.tr\/#organization"},"potentialAction":[{"@type":"SearchAction","target":{"@type":"EntryPoint","urlTemplate":"https:\/\/denizcankizil.tr\/?s={search_term_string}"},"query-input":{"@type":"PropertyValueSpecification","valueRequired":true,"valueName":"search_term_string"}}],"inLanguage":"de"},{"@type":"Organization","@id":"https:\/\/denizcankizil.tr\/#organization","name":"Av. Deniz Can K\u0131z\u0131l","url":"https:\/\/denizcankizil.tr\/","logo":{"@type":"ImageObject","inLanguage":"de","@id":"https:\/\/denizcankizil.tr\/#\/schema\/logo\/image\/","url":"https:\/\/denizcankizil.tr\/wp-content\/uploads\/2024\/10\/siyah-logo-svg.svg","contentUrl":"https:\/\/denizcankizil.tr\/wp-content\/uploads\/2024\/10\/siyah-logo-svg.svg","width":1080,"height":1080,"caption":"Av. Deniz Can K\u0131z\u0131l"},"image":{"@id":"https:\/\/denizcankizil.tr\/#\/schema\/logo\/image\/"}},{"@type":"Person","@id":"https:\/\/denizcankizil.tr\/#\/schema\/person\/5dc1b22991bd7ac833867c10afc9b0ff","name":"Av. Deniz Can K\u0131z\u0131l","image":{"@type":"ImageObject","inLanguage":"de","@id":"https:\/\/denizcankizil.tr\/#\/schema\/person\/image\/","url":"https:\/\/secure.gravatar.com\/avatar\/a0b128fb9855c79efc976d5640eedb31dc35ec297594d6016d2cf7c60e975bb6?s=96&d=mm&r=g","contentUrl":"https:\/\/secure.gravatar.com\/avatar\/a0b128fb9855c79efc976d5640eedb31dc35ec297594d6016d2cf7c60e975bb6?s=96&d=mm&r=g","caption":"Av. Deniz Can K\u0131z\u0131l"},"sameAs":["http:\/\/www.denizcankizil.tr"],"url":"https:\/\/denizcankizil.tr\/de\/author\/denizcankizil\/"}]}},"_links":{"self":[{"href":"https:\/\/denizcankizil.tr\/de\/wp-json\/wp\/v2\/posts\/36398","targetHints":{"allow":["GET"]}}],"collection":[{"href":"https:\/\/denizcankizil.tr\/de\/wp-json\/wp\/v2\/posts"}],"about":[{"href":"https:\/\/denizcankizil.tr\/de\/wp-json\/wp\/v2\/types\/post"}],"author":[{"embeddable":true,"href":"https:\/\/denizcankizil.tr\/de\/wp-json\/wp\/v2\/users\/4"}],"replies":[{"embeddable":true,"href":"https:\/\/denizcankizil.tr\/de\/wp-json\/wp\/v2\/comments?post=36398"}],"version-history":[{"count":0,"href":"https:\/\/denizcankizil.tr\/de\/wp-json\/wp\/v2\/posts\/36398\/revisions"}],"wp:attachment":[{"href":"https:\/\/denizcankizil.tr\/de\/wp-json\/wp\/v2\/media?parent=36398"}],"wp:term":[{"taxonomy":"category","embeddable":true,"href":"https:\/\/denizcankizil.tr\/de\/wp-json\/wp\/v2\/categories?post=36398"},{"taxonomy":"post_tag","embeddable":true,"href":"https:\/\/denizcankizil.tr\/de\/wp-json\/wp\/v2\/tags?post=36398"}],"curies":[{"name":"wp","href":"https:\/\/api.w.org\/{rel}","templated":true}]}}