{"id":36379,"date":"2025-03-20T12:41:26","date_gmt":"2025-03-20T09:41:26","guid":{"rendered":"https:\/\/denizcankizil.tr\/uncategorized-tr\/doker-1-denizle-bulustu\/"},"modified":"2025-03-20T12:41:26","modified_gmt":"2025-03-20T09:41:26","slug":"doker-1-denizle-bulustu","status":"publish","type":"post","link":"https:\/\/denizcankizil.tr\/de\/haberler\/gundem\/doker-1-denizle-bulustu\/","title":{"rendered":"D\u00d6KER-1 denizle bulu\u015ftu"},"content":{"rendered":"<p>Denizdibi tarama faaliyetlerinde kullan\u0131lmak \u00fczere in\u015fa edilen D\u00d6KER-1 gemisinin denize indirildi.  Yeni gemi 750 metrek\u00fcp ta\u015f\u0131ma kapasiteye ve 7.5 knot h\u0131za sahip.ANKARA (\u0130GFA) &#8211; Ula\u015ft\u0131rma ve Altyap\u0131 Bakan\u0131 Abdulkadir Uralo\u011flu, denizdibi tarama faaliyetlerinde kullan\u0131lmak \u00fczere in\u015fa edilen yeni D\u00d6KER-1 gemisinin denize indirildi\u011fini bildirdi.<br \/>\nBakan Uralo\u011flu, \u0093750 metrek\u00fcp ta\u015f\u0131ma kapasitesi, 7.5 knot h\u0131z\u0131 ve ortadan a\u00e7\u0131l\u0131r y\u00fck bo\u015faltma \u00f6zelli\u011fi ile yeni geminin denizdibi tarama kapasitemizi \u00f6nemli \u00f6l\u00e7\u00fcde art\u0131raca\u011f\u0131n\u0131 s\u00f6yledi.<\/p>\n<p>Denize indirilen D\u00d6KER-1 gemisinin, uzun d\u00f6k\u00fc mesafelerinde sa\u011flayaca\u011f\u0131 h\u0131z ve kapasite avantaj\u0131 ile limanlarda, tersanelerde ve bal\u0131k\u00e7\u0131 bar\u0131naklar\u0131nda yap\u0131lan tarama \u00e7al\u0131\u015fmalar\u0131na h\u0131z kazand\u0131raca\u011f\u0131n\u0131 belirten Bakan Uralo\u011flu, ayr\u0131ca bin 700 metrek\u00fcp kapasiteli emici tip yeni bir geminin in\u015fa s\u00fcrecinin de devam etti\u011fini aktard\u0131.<br \/>\n38 GEM\u0130L\u0130K F\u0130LOYA YEN\u0130 TAKV\u0130YE<br \/>\nBakanl\u0131k b\u00fcnyesinde Tersaneler ve K\u0131y\u0131 Yap\u0131lar\u0131 Genel M\u00fcd\u00fcrl\u00fc\u011f\u00fc koordinasyonunda \u0130stanbul, \u0130zmir ve Samsun Denizdibi Tarama Ba\u015fm\u00fchendislikleri taraf\u0131ndan y\u00fcr\u00fct\u00fclen denizdibi tarama faaliyetlerinin h\u0131z kesmeden devam etti\u011fini kaydeden Bakan Uralo\u011flu, &#8220;\u0093Mevcut 38 deniz arac\u0131 ve yakla\u015f\u0131k 210 personelle 2024 y\u0131l\u0131nda 730 bin metrek\u00fcp denizdibi taramas\u0131 ger\u00e7ekle\u015ftirdik. B\u00fcy\u00fcyen liman ve tersane kapasiteleri ile bal\u0131k\u00e7\u0131 bar\u0131naklar\u0131n\u0131n ihtiya\u00e7lar\u0131na yan\u0131t verebilmek ad\u0131na \u00e7al\u0131\u015fmalara devam ediyoruz&#8221; dedi.<\/p>\n<p>T\u00fcrkiye&#8217;nin \u00fc\u00e7 taraf\u0131 denizlerle \u00e7evrili bir yar\u0131m ada oldu\u011fu g\u00f6z \u00f6n\u00fcne al\u0131nd\u0131\u011f\u0131nda denizdibi tarama faaliyetlerinin, b\u00fcy\u00fck kapasiteli gemilerin limanlara g\u00fcvenli bir \u015fekilde yana\u015fabilmesi ve mevcut limanlar\u0131n \u015fartlar\u0131n\u0131n iyile\u015ftirilmesi a\u00e7\u0131s\u0131ndan \u00f6nem ta\u015f\u0131d\u0131\u011f\u0131na dikkat \u00e7eken Bakan Uralo\u011flu, &#8220;\u0093Denizdibi tarama faaliyetleri; sadece b\u00fcy\u00fck gemilerin elle\u00e7leme yapabilmesi i\u00e7in de\u011fil, ayn\u0131 zamanda gemi bak\u0131m-onar\u0131mlar\u0131, yeni gemi in\u015fa projeleri ve su yollar\u0131n\u0131n emniyetli hale getirilmesi i\u00e7in de b\u00fcy\u00fck \u00f6nem ta\u015f\u0131yor. \u00d6zellikle \u00e7evrenin, denizin ve k\u0131y\u0131 \u015feridinin korunmas\u0131, k\u0131y\u0131 erozyonunun \u00f6nlenmesi ve mevcut su derinli\u011finin muhafazas\u0131 konular\u0131nda bu \u00e7al\u0131\u015fmalar\u0131m\u0131z\u0131 b\u00fcy\u00fck bir titizlikle s\u00fcrd\u00fcr\u00fcyoruz&#8221; diye konu\u015ftu.<\/p>\n<p>\u200bDenizdibi tarama faaliyetlerinde kullan\u0131lmak \u00fczere in\u015fa edilen D\u00d6KER-1 gemisinin denize indirildi.  Yeni gemi 750 metrek\u00fcp ta\u015f\u0131ma kapasiteye ve 7.5 knot h\u0131za sahip.ANKARA (\u0130GFA) &#8211; Ula\u015ft\u0131rma ve Altyap\u0131 Bakan\u0131 Abdulkadir Uralo\u011flu, denizdibi tarama faaliyetlerinde kullan\u0131lmak \u00fczere in\u015fa edilen yeni D\u00d6KER-1 gemisinin denize indirildi\u011fini bildirdi.<br \/>\nBakan Uralo\u011flu, \u0093750 metrek\u00fcp ta\u015f\u0131ma kapasitesi, 7.5 knot h\u0131z\u0131 ve ortadan a\u00e7\u0131l\u0131r y\u00fck bo\u015faltma \u00f6zelli\u011fi ile yeni geminin denizdibi tarama kapasitemizi \u00f6nemli \u00f6l\u00e7\u00fcde art\u0131raca\u011f\u0131n\u0131 s\u00f6yledi.<\/p>\n<p>Denize indirilen D\u00d6KER-1 gemisinin, uzun d\u00f6k\u00fc mesafelerinde sa\u011flayaca\u011f\u0131 h\u0131z ve kapasite avantaj\u0131 ile limanlarda, tersanelerde ve bal\u0131k\u00e7\u0131 bar\u0131naklar\u0131nda yap\u0131lan tarama \u00e7al\u0131\u015fmalar\u0131na h\u0131z kazand\u0131raca\u011f\u0131n\u0131 belirten Bakan Uralo\u011flu, ayr\u0131ca bin 700 metrek\u00fcp kapasiteli emici tip yeni bir geminin in\u015fa s\u00fcrecinin de devam etti\u011fini aktard\u0131.<br \/>\n38 GEM\u0130L\u0130K F\u0130LOYA YEN\u0130 TAKV\u0130YE<br \/>\nBakanl\u0131k b\u00fcnyesinde Tersaneler ve K\u0131y\u0131 Yap\u0131lar\u0131 Genel M\u00fcd\u00fcrl\u00fc\u011f\u00fc koordinasyonunda \u0130stanbul, \u0130zmir ve Samsun Denizdibi Tarama Ba\u015fm\u00fchendislikleri taraf\u0131ndan y\u00fcr\u00fct\u00fclen denizdibi tarama faaliyetlerinin h\u0131z kesmeden devam etti\u011fini kaydeden Bakan Uralo\u011flu, &#8220;\u0093Mevcut 38 deniz arac\u0131 ve yakla\u015f\u0131k 210 personelle 2024 y\u0131l\u0131nda 730 bin metrek\u00fcp denizdibi taramas\u0131 ger\u00e7ekle\u015ftirdik. B\u00fcy\u00fcyen liman ve tersane kapasiteleri ile bal\u0131k\u00e7\u0131 bar\u0131naklar\u0131n\u0131n ihtiya\u00e7lar\u0131na yan\u0131t verebilmek ad\u0131na \u00e7al\u0131\u015fmalara devam ediyoruz&#8221; dedi.<\/p>\n<p>T\u00fcrkiye&#8217;nin \u00fc\u00e7 taraf\u0131 denizlerle \u00e7evrili bir yar\u0131m ada oldu\u011fu g\u00f6z \u00f6n\u00fcne al\u0131nd\u0131\u011f\u0131nda denizdibi tarama faaliyetlerinin, b\u00fcy\u00fck kapasiteli gemilerin limanlara g\u00fcvenli bir \u015fekilde yana\u015fabilmesi ve mevcut limanlar\u0131n \u015fartlar\u0131n\u0131n iyile\u015ftirilmesi a\u00e7\u0131s\u0131ndan \u00f6nem ta\u015f\u0131d\u0131\u011f\u0131na dikkat \u00e7eken Bakan Uralo\u011flu, &#8220;\u0093Denizdibi tarama faaliyetleri; sadece b\u00fcy\u00fck gemilerin elle\u00e7leme yapabilmesi i\u00e7in de\u011fil, ayn\u0131 zamanda gemi bak\u0131m-onar\u0131mlar\u0131, yeni gemi in\u015fa projeleri ve su yollar\u0131n\u0131n emniyetli hale getirilmesi i\u00e7in de b\u00fcy\u00fck \u00f6nem ta\u015f\u0131yor. \u00d6zellikle \u00e7evrenin, denizin ve k\u0131y\u0131 \u015feridinin korunmas\u0131, k\u0131y\u0131 erozyonunun \u00f6nlenmesi ve mevcut su derinli\u011finin muhafazas\u0131 konular\u0131nda bu \u00e7al\u0131\u015fmalar\u0131m\u0131z\u0131 b\u00fcy\u00fck bir titizlikle s\u00fcrd\u00fcr\u00fcyoruz&#8221; diye konu\u015ftu.\u00a0<\/p>\n<p>\u200bHaberin Al\u0131nt\u0131land\u0131\u011f\u0131 Kaynak: www.iskenderun.org<\/p>","protected":false},"excerpt":{"rendered":"<p>Denizdibi tarama faaliyetlerinde kullan\u0131lmak \u00fczere in\u015fa edilen D\u00d6KER-1 gemisinin denize indirildi. Yeni gemi 750 metrek\u00fcp ta\u015f\u0131ma kapasiteye ve 7.5 knot h\u0131za sahip.ANKARA (\u0130GFA) &#8211; Ula\u015ft\u0131rma ve Altyap\u0131 Bakan\u0131 Abdulkadir Uralo\u011flu, denizdibi tarama faaliyetlerinde kullan\u0131lmak \u00fczere in\u015fa edilen yeni D\u00d6KER-1 gemisinin denize indirildi\u011fini bildirdi. Bakan Uralo\u011flu, \u0093750 metrek\u00fcp ta\u015f\u0131ma kapasitesi, 7.5 knot h\u0131z\u0131 ve ortadan a\u00e7\u0131l\u0131r y\u00fck bo\u015faltma \u00f6zelli\u011fi ile yeni geminin denizdibi tarama kapasitemizi \u00f6nemli \u00f6l\u00e7\u00fcde art\u0131raca\u011f\u0131n\u0131 s\u00f6yledi. Denize indirilen D\u00d6KER-1 gemisinin, uzun d\u00f6k\u00fc mesafelerinde sa\u011flayaca\u011f\u0131 h\u0131z ve kapasite avantaj\u0131 ile limanlarda, tersanelerde ve bal\u0131k\u00e7\u0131 bar\u0131naklar\u0131nda yap\u0131lan tarama \u00e7al\u0131\u015fmalar\u0131na h\u0131z kazand\u0131raca\u011f\u0131n\u0131 belirten Bakan Uralo\u011flu, ayr\u0131ca bin 700 metrek\u00fcp kapasiteli emici tip yeni bir geminin in\u015fa s\u00fcrecinin de devam etti\u011fini aktard\u0131. 38 GEM\u0130L\u0130K F\u0130LOYA YEN\u0130 TAKV\u0130YE Bakanl\u0131k b\u00fcnyesinde Tersaneler ve K\u0131y\u0131 Yap\u0131lar\u0131 Genel M\u00fcd\u00fcrl\u00fc\u011f\u00fc koordinasyonunda \u0130stanbul, \u0130zmir ve Samsun Denizdibi Tarama Ba\u015fm\u00fchendislikleri taraf\u0131ndan y\u00fcr\u00fct\u00fclen denizdibi tarama faaliyetlerinin h\u0131z kesmeden devam etti\u011fini kaydeden Bakan Uralo\u011flu, &#8220;\u0093Mevcut 38 deniz arac\u0131 ve yakla\u015f\u0131k 210 personelle 2024 y\u0131l\u0131nda 730 bin metrek\u00fcp denizdibi taramas\u0131 ger\u00e7ekle\u015ftirdik. B\u00fcy\u00fcyen liman ve tersane kapasiteleri ile bal\u0131k\u00e7\u0131 bar\u0131naklar\u0131n\u0131n ihtiya\u00e7lar\u0131na yan\u0131t verebilmek ad\u0131na \u00e7al\u0131\u015fmalara devam ediyoruz&#8221; dedi. T\u00fcrkiye&#8217;nin \u00fc\u00e7 taraf\u0131 denizlerle \u00e7evrili bir yar\u0131m ada oldu\u011fu g\u00f6z \u00f6n\u00fcne al\u0131nd\u0131\u011f\u0131nda denizdibi tarama faaliyetlerinin, b\u00fcy\u00fck kapasiteli gemilerin limanlara g\u00fcvenli bir \u015fekilde yana\u015fabilmesi ve mevcut &hellip;<\/p>","protected":false},"author":1,"featured_media":0,"comment_status":"","ping_status":"open","sticky":false,"template":"","format":"standard","meta":{"_acf_changed":false,"footnotes":""},"categories":[24],"tags":[],"class_list":["post-36379","post","type-post","status-publish","format-standard","has-post-thumbnail","hentry","category-gundem"],"acf":[],"yoast_head":"<!-- This site is optimized with the Yoast SEO Premium plugin v26.6 (Yoast SEO v27.1.1) - https:\/\/yoast.com\/product\/yoast-seo-premium-wordpress\/ -->\n<title>D\u00d6KER-1 denizle bulu\u015ftu - Av. Deniz Can K\u0131z\u0131l<\/title>\n<meta name=\"robots\" content=\"index, follow, max-snippet:-1, max-image-preview:large, max-video-preview:-1\" \/>\n<link rel=\"canonical\" href=\"https:\/\/denizcankizil.tr\/de\/haberler\/gundem\/doker-1-denizle-bulustu\/\" \/>\n<meta property=\"og:locale\" content=\"de_DE\" \/>\n<meta property=\"og:type\" content=\"article\" \/>\n<meta property=\"og:title\" content=\"D\u00d6KER-1 denizle bulu\u015ftu\" \/>\n<meta property=\"og:description\" content=\"Denizdibi tarama faaliyetlerinde kullan\u0131lmak \u00fczere in\u015fa edilen D\u00d6KER-1 gemisinin denize indirildi. Yeni gemi 750 metrek\u00fcp ta\u015f\u0131ma kapasiteye ve 7.5 knot h\u0131za sahip.ANKARA (\u0130GFA) &#8211; Ula\u015ft\u0131rma ve Altyap\u0131 Bakan\u0131 Abdulkadir Uralo\u011flu, denizdibi tarama faaliyetlerinde kullan\u0131lmak \u00fczere in\u015fa edilen yeni D\u00d6KER-1 gemisinin denize indirildi\u011fini bildirdi. Bakan Uralo\u011flu, \u0093750 metrek\u00fcp ta\u015f\u0131ma kapasitesi, 7.5 knot h\u0131z\u0131 ve ortadan a\u00e7\u0131l\u0131r y\u00fck bo\u015faltma \u00f6zelli\u011fi ile yeni geminin denizdibi tarama kapasitemizi \u00f6nemli \u00f6l\u00e7\u00fcde art\u0131raca\u011f\u0131n\u0131 s\u00f6yledi. Denize indirilen D\u00d6KER-1 gemisinin, uzun d\u00f6k\u00fc mesafelerinde sa\u011flayaca\u011f\u0131 h\u0131z ve kapasite avantaj\u0131 ile limanlarda, tersanelerde ve bal\u0131k\u00e7\u0131 bar\u0131naklar\u0131nda yap\u0131lan tarama \u00e7al\u0131\u015fmalar\u0131na h\u0131z kazand\u0131raca\u011f\u0131n\u0131 belirten Bakan Uralo\u011flu, ayr\u0131ca bin 700 metrek\u00fcp kapasiteli emici tip yeni bir geminin in\u015fa s\u00fcrecinin de devam etti\u011fini aktard\u0131. 38 GEM\u0130L\u0130K F\u0130LOYA YEN\u0130 TAKV\u0130YE Bakanl\u0131k b\u00fcnyesinde Tersaneler ve K\u0131y\u0131 Yap\u0131lar\u0131 Genel M\u00fcd\u00fcrl\u00fc\u011f\u00fc koordinasyonunda \u0130stanbul, \u0130zmir ve Samsun Denizdibi Tarama Ba\u015fm\u00fchendislikleri taraf\u0131ndan y\u00fcr\u00fct\u00fclen denizdibi tarama faaliyetlerinin h\u0131z kesmeden devam etti\u011fini kaydeden Bakan Uralo\u011flu, &#8220;\u0093Mevcut 38 deniz arac\u0131 ve yakla\u015f\u0131k 210 personelle 2024 y\u0131l\u0131nda 730 bin metrek\u00fcp denizdibi taramas\u0131 ger\u00e7ekle\u015ftirdik. B\u00fcy\u00fcyen liman ve tersane kapasiteleri ile bal\u0131k\u00e7\u0131 bar\u0131naklar\u0131n\u0131n ihtiya\u00e7lar\u0131na yan\u0131t verebilmek ad\u0131na \u00e7al\u0131\u015fmalara devam ediyoruz&#8221; dedi. T\u00fcrkiye&#8217;nin \u00fc\u00e7 taraf\u0131 denizlerle \u00e7evrili bir yar\u0131m ada oldu\u011fu g\u00f6z \u00f6n\u00fcne al\u0131nd\u0131\u011f\u0131nda denizdibi tarama faaliyetlerinin, b\u00fcy\u00fck kapasiteli gemilerin limanlara g\u00fcvenli bir \u015fekilde yana\u015fabilmesi ve mevcut &hellip;\" \/>\n<meta property=\"og:url\" content=\"https:\/\/denizcankizil.tr\/de\/haberler\/gundem\/doker-1-denizle-bulustu\/\" \/>\n<meta property=\"og:site_name\" content=\"Av. Deniz Can K\u0131z\u0131l\" \/>\n<meta property=\"article:published_time\" content=\"2025-03-20T09:41:26+00:00\" \/>\n<meta name=\"author\" content=\"admin\" \/>\n<meta name=\"twitter:card\" content=\"summary_large_image\" \/>\n<meta name=\"twitter:label1\" content=\"Verfasst von\" \/>\n\t<meta name=\"twitter:data1\" content=\"admin\" \/>\n\t<meta name=\"twitter:label2\" content=\"Gesch\u00e4tzte Lesezeit\" \/>\n\t<meta name=\"twitter:data2\" content=\"4\u00a0Minuten\" \/>\n<script type=\"application\/ld+json\" class=\"yoast-schema-graph\">{\"@context\":\"https:\/\/schema.org\",\"@graph\":[{\"@type\":\"Article\",\"@id\":\"https:\/\/denizcankizil.tr\/uk\/haberler\/gundem\/doker-1-denizle-bulustu\/#article\",\"isPartOf\":{\"@id\":\"https:\/\/denizcankizil.tr\/uk\/haberler\/gundem\/doker-1-denizle-bulustu\/\"},\"author\":{\"name\":\"admin\",\"@id\":\"https:\/\/denizcankizil.tr\/#\/schema\/person\/be3c05fe6a12686905512445d8185489\"},\"headline\":\"D\u00d6KER-1 denizle bulu\u015ftu\",\"datePublished\":\"2025-03-20T09:41:26+00:00\",\"mainEntityOfPage\":{\"@id\":\"https:\/\/denizcankizil.tr\/uk\/haberler\/gundem\/doker-1-denizle-bulustu\/\"},\"wordCount\":777,\"publisher\":{\"@id\":\"https:\/\/denizcankizil.tr\/#organization\"},\"articleSection\":[\"G\u00fcndem\"],\"inLanguage\":\"de\"},{\"@type\":\"WebPage\",\"@id\":\"https:\/\/denizcankizil.tr\/uk\/haberler\/gundem\/doker-1-denizle-bulustu\/\",\"url\":\"https:\/\/denizcankizil.tr\/uk\/haberler\/gundem\/doker-1-denizle-bulustu\/\",\"name\":\"D\u00d6KER-1 denizle bulu\u015ftu - Av. Deniz Can K\u0131z\u0131l\",\"isPartOf\":{\"@id\":\"https:\/\/denizcankizil.tr\/#website\"},\"datePublished\":\"2025-03-20T09:41:26+00:00\",\"breadcrumb\":{\"@id\":\"https:\/\/denizcankizil.tr\/uk\/haberler\/gundem\/doker-1-denizle-bulustu\/#breadcrumb\"},\"inLanguage\":\"de\",\"potentialAction\":[{\"@type\":\"ReadAction\",\"target\":[\"https:\/\/denizcankizil.tr\/uk\/haberler\/gundem\/doker-1-denizle-bulustu\/\"]}]},{\"@type\":\"BreadcrumbList\",\"@id\":\"https:\/\/denizcankizil.tr\/uk\/haberler\/gundem\/doker-1-denizle-bulustu\/#breadcrumb\",\"itemListElement\":[{\"@type\":\"ListItem\",\"position\":1,\"name\":\"Home\",\"item\":\"https:\/\/denizcankizil.tr\/de\/\"},{\"@type\":\"ListItem\",\"position\":2,\"name\":\"D\u00d6KER-1 denizle bulu\u015ftu\"}]},{\"@type\":\"WebSite\",\"@id\":\"https:\/\/denizcankizil.tr\/#website\",\"url\":\"https:\/\/denizcankizil.tr\/\",\"name\":\"Av. Deniz Can K\u0131z\u0131l\",\"description\":\"Avukat Deniz Can K\u0131z\u0131l Antalya Barosu\",\"publisher\":{\"@id\":\"https:\/\/denizcankizil.tr\/#organization\"},\"potentialAction\":[{\"@type\":\"SearchAction\",\"target\":{\"@type\":\"EntryPoint\",\"urlTemplate\":\"https:\/\/denizcankizil.tr\/?s={search_term_string}\"},\"query-input\":{\"@type\":\"PropertyValueSpecification\",\"valueRequired\":true,\"valueName\":\"search_term_string\"}}],\"inLanguage\":\"de\"},{\"@type\":\"Organization\",\"@id\":\"https:\/\/denizcankizil.tr\/#organization\",\"name\":\"Av. Deniz Can K\u0131z\u0131l\",\"url\":\"https:\/\/denizcankizil.tr\/\",\"logo\":{\"@type\":\"ImageObject\",\"inLanguage\":\"de\",\"@id\":\"https:\/\/denizcankizil.tr\/#\/schema\/logo\/image\/\",\"url\":\"https:\/\/denizcankizil.tr\/wp-content\/uploads\/2024\/10\/siyah-logo-svg.svg\",\"contentUrl\":\"https:\/\/denizcankizil.tr\/wp-content\/uploads\/2024\/10\/siyah-logo-svg.svg\",\"width\":1080,\"height\":1080,\"caption\":\"Av. Deniz Can K\u0131z\u0131l\"},\"image\":{\"@id\":\"https:\/\/denizcankizil.tr\/#\/schema\/logo\/image\/\"}},{\"@type\":\"Person\",\"@id\":\"https:\/\/denizcankizil.tr\/#\/schema\/person\/be3c05fe6a12686905512445d8185489\",\"name\":\"admin\",\"image\":{\"@type\":\"ImageObject\",\"inLanguage\":\"de\",\"@id\":\"https:\/\/denizcankizil.tr\/#\/schema\/person\/image\/\",\"url\":\"https:\/\/secure.gravatar.com\/avatar\/c1fce94c830dc79107e174f890d7210541c4a63e8e5d816341794a2151c9d58c?s=96&d=mm&r=g\",\"contentUrl\":\"https:\/\/secure.gravatar.com\/avatar\/c1fce94c830dc79107e174f890d7210541c4a63e8e5d816341794a2151c9d58c?s=96&d=mm&r=g\",\"caption\":\"admin\"},\"sameAs\":[\"http:\/\/denizcankizil.tr\"],\"url\":\"https:\/\/www.iskenderun.org\/doker-1-denizle-bulustu\"}]}<\/script>\n<!-- \/ Yoast SEO Premium plugin. -->","yoast_head_json":{"title":"D\u00d6KER-1 denizle bulu\u015ftu - Av. Deniz Can K\u0131z\u0131l","robots":{"index":"index","follow":"follow","max-snippet":"max-snippet:-1","max-image-preview":"max-image-preview:large","max-video-preview":"max-video-preview:-1"},"canonical":"https:\/\/denizcankizil.tr\/de\/haberler\/gundem\/doker-1-denizle-bulustu\/","og_locale":"de_DE","og_type":"article","og_title":"D\u00d6KER-1 denizle bulu\u015ftu","og_description":"Denizdibi tarama faaliyetlerinde kullan\u0131lmak \u00fczere in\u015fa edilen D\u00d6KER-1 gemisinin denize indirildi. Yeni gemi 750 metrek\u00fcp ta\u015f\u0131ma kapasiteye ve 7.5 knot h\u0131za sahip.ANKARA (\u0130GFA) &#8211; Ula\u015ft\u0131rma ve Altyap\u0131 Bakan\u0131 Abdulkadir Uralo\u011flu, denizdibi tarama faaliyetlerinde kullan\u0131lmak \u00fczere in\u015fa edilen yeni D\u00d6KER-1 gemisinin denize indirildi\u011fini bildirdi. Bakan Uralo\u011flu, \u0093750 metrek\u00fcp ta\u015f\u0131ma kapasitesi, 7.5 knot h\u0131z\u0131 ve ortadan a\u00e7\u0131l\u0131r y\u00fck bo\u015faltma \u00f6zelli\u011fi ile yeni geminin denizdibi tarama kapasitemizi \u00f6nemli \u00f6l\u00e7\u00fcde art\u0131raca\u011f\u0131n\u0131 s\u00f6yledi. Denize indirilen D\u00d6KER-1 gemisinin, uzun d\u00f6k\u00fc mesafelerinde sa\u011flayaca\u011f\u0131 h\u0131z ve kapasite avantaj\u0131 ile limanlarda, tersanelerde ve bal\u0131k\u00e7\u0131 bar\u0131naklar\u0131nda yap\u0131lan tarama \u00e7al\u0131\u015fmalar\u0131na h\u0131z kazand\u0131raca\u011f\u0131n\u0131 belirten Bakan Uralo\u011flu, ayr\u0131ca bin 700 metrek\u00fcp kapasiteli emici tip yeni bir geminin in\u015fa s\u00fcrecinin de devam etti\u011fini aktard\u0131. 38 GEM\u0130L\u0130K F\u0130LOYA YEN\u0130 TAKV\u0130YE Bakanl\u0131k b\u00fcnyesinde Tersaneler ve K\u0131y\u0131 Yap\u0131lar\u0131 Genel M\u00fcd\u00fcrl\u00fc\u011f\u00fc koordinasyonunda \u0130stanbul, \u0130zmir ve Samsun Denizdibi Tarama Ba\u015fm\u00fchendislikleri taraf\u0131ndan y\u00fcr\u00fct\u00fclen denizdibi tarama faaliyetlerinin h\u0131z kesmeden devam etti\u011fini kaydeden Bakan Uralo\u011flu, &#8220;\u0093Mevcut 38 deniz arac\u0131 ve yakla\u015f\u0131k 210 personelle 2024 y\u0131l\u0131nda 730 bin metrek\u00fcp denizdibi taramas\u0131 ger\u00e7ekle\u015ftirdik. B\u00fcy\u00fcyen liman ve tersane kapasiteleri ile bal\u0131k\u00e7\u0131 bar\u0131naklar\u0131n\u0131n ihtiya\u00e7lar\u0131na yan\u0131t verebilmek ad\u0131na \u00e7al\u0131\u015fmalara devam ediyoruz&#8221; dedi. T\u00fcrkiye&#8217;nin \u00fc\u00e7 taraf\u0131 denizlerle \u00e7evrili bir yar\u0131m ada oldu\u011fu g\u00f6z \u00f6n\u00fcne al\u0131nd\u0131\u011f\u0131nda denizdibi tarama faaliyetlerinin, b\u00fcy\u00fck kapasiteli gemilerin limanlara g\u00fcvenli bir \u015fekilde yana\u015fabilmesi ve mevcut &hellip;","og_url":"https:\/\/denizcankizil.tr\/de\/haberler\/gundem\/doker-1-denizle-bulustu\/","og_site_name":"Av. Deniz Can K\u0131z\u0131l","article_published_time":"2025-03-20T09:41:26+00:00","author":"admin","twitter_card":"summary_large_image","twitter_misc":{"Verfasst von":"admin","Gesch\u00e4tzte Lesezeit":"4\u00a0Minuten"},"schema":{"@context":"https:\/\/schema.org","@graph":[{"@type":"Article","@id":"https:\/\/denizcankizil.tr\/uk\/haberler\/gundem\/doker-1-denizle-bulustu\/#article","isPartOf":{"@id":"https:\/\/denizcankizil.tr\/uk\/haberler\/gundem\/doker-1-denizle-bulustu\/"},"author":{"name":"admin","@id":"https:\/\/denizcankizil.tr\/#\/schema\/person\/be3c05fe6a12686905512445d8185489"},"headline":"D\u00d6KER-1 denizle bulu\u015ftu","datePublished":"2025-03-20T09:41:26+00:00","mainEntityOfPage":{"@id":"https:\/\/denizcankizil.tr\/uk\/haberler\/gundem\/doker-1-denizle-bulustu\/"},"wordCount":777,"publisher":{"@id":"https:\/\/denizcankizil.tr\/#organization"},"articleSection":["G\u00fcndem"],"inLanguage":"de"},{"@type":"WebPage","@id":"https:\/\/denizcankizil.tr\/uk\/haberler\/gundem\/doker-1-denizle-bulustu\/","url":"https:\/\/denizcankizil.tr\/uk\/haberler\/gundem\/doker-1-denizle-bulustu\/","name":"D\u00d6KER-1 denizle bulu\u015ftu - Av. Deniz Can K\u0131z\u0131l","isPartOf":{"@id":"https:\/\/denizcankizil.tr\/#website"},"datePublished":"2025-03-20T09:41:26+00:00","breadcrumb":{"@id":"https:\/\/denizcankizil.tr\/uk\/haberler\/gundem\/doker-1-denizle-bulustu\/#breadcrumb"},"inLanguage":"de","potentialAction":[{"@type":"ReadAction","target":["https:\/\/denizcankizil.tr\/uk\/haberler\/gundem\/doker-1-denizle-bulustu\/"]}]},{"@type":"BreadcrumbList","@id":"https:\/\/denizcankizil.tr\/uk\/haberler\/gundem\/doker-1-denizle-bulustu\/#breadcrumb","itemListElement":[{"@type":"ListItem","position":1,"name":"Home","item":"https:\/\/denizcankizil.tr\/de\/"},{"@type":"ListItem","position":2,"name":"D\u00d6KER-1 denizle bulu\u015ftu"}]},{"@type":"WebSite","@id":"https:\/\/denizcankizil.tr\/#website","url":"https:\/\/denizcankizil.tr\/","name":"Av. Deniz Can K\u0131z\u0131l","description":"Avukat Deniz Can K\u0131z\u0131l Antalya Barosu","publisher":{"@id":"https:\/\/denizcankizil.tr\/#organization"},"potentialAction":[{"@type":"SearchAction","target":{"@type":"EntryPoint","urlTemplate":"https:\/\/denizcankizil.tr\/?s={search_term_string}"},"query-input":{"@type":"PropertyValueSpecification","valueRequired":true,"valueName":"search_term_string"}}],"inLanguage":"de"},{"@type":"Organization","@id":"https:\/\/denizcankizil.tr\/#organization","name":"Av. Deniz Can K\u0131z\u0131l","url":"https:\/\/denizcankizil.tr\/","logo":{"@type":"ImageObject","inLanguage":"de","@id":"https:\/\/denizcankizil.tr\/#\/schema\/logo\/image\/","url":"https:\/\/denizcankizil.tr\/wp-content\/uploads\/2024\/10\/siyah-logo-svg.svg","contentUrl":"https:\/\/denizcankizil.tr\/wp-content\/uploads\/2024\/10\/siyah-logo-svg.svg","width":1080,"height":1080,"caption":"Av. Deniz Can K\u0131z\u0131l"},"image":{"@id":"https:\/\/denizcankizil.tr\/#\/schema\/logo\/image\/"}},{"@type":"Person","@id":"https:\/\/denizcankizil.tr\/#\/schema\/person\/be3c05fe6a12686905512445d8185489","name":"Administrator","image":{"@type":"ImageObject","inLanguage":"de","@id":"https:\/\/denizcankizil.tr\/#\/schema\/person\/image\/","url":"https:\/\/secure.gravatar.com\/avatar\/c1fce94c830dc79107e174f890d7210541c4a63e8e5d816341794a2151c9d58c?s=96&d=mm&r=g","contentUrl":"https:\/\/secure.gravatar.com\/avatar\/c1fce94c830dc79107e174f890d7210541c4a63e8e5d816341794a2151c9d58c?s=96&d=mm&r=g","caption":"admin"},"sameAs":["http:\/\/denizcankizil.tr"],"url":"https:\/\/www.iskenderun.org\/doker-1-denizle-bulustu"}]}},"_links":{"self":[{"href":"https:\/\/denizcankizil.tr\/de\/wp-json\/wp\/v2\/posts\/36379","targetHints":{"allow":["GET"]}}],"collection":[{"href":"https:\/\/denizcankizil.tr\/de\/wp-json\/wp\/v2\/posts"}],"about":[{"href":"https:\/\/denizcankizil.tr\/de\/wp-json\/wp\/v2\/types\/post"}],"author":[{"embeddable":true,"href":"https:\/\/denizcankizil.tr\/de\/wp-json\/wp\/v2\/users\/1"}],"replies":[{"embeddable":true,"href":"https:\/\/denizcankizil.tr\/de\/wp-json\/wp\/v2\/comments?post=36379"}],"version-history":[{"count":0,"href":"https:\/\/denizcankizil.tr\/de\/wp-json\/wp\/v2\/posts\/36379\/revisions"}],"wp:attachment":[{"href":"https:\/\/denizcankizil.tr\/de\/wp-json\/wp\/v2\/media?parent=36379"}],"wp:term":[{"taxonomy":"category","embeddable":true,"href":"https:\/\/denizcankizil.tr\/de\/wp-json\/wp\/v2\/categories?post=36379"},{"taxonomy":"post_tag","embeddable":true,"href":"https:\/\/denizcankizil.tr\/de\/wp-json\/wp\/v2\/tags?post=36379"}],"curies":[{"name":"wp","href":"https:\/\/api.w.org\/{rel}","templated":true}]}}