{"id":36312,"date":"2025-03-19T15:41:19","date_gmt":"2025-03-19T12:41:19","guid":{"rendered":"https:\/\/denizcankizil.tr\/uncategorized-tr\/kasta-kar-yagisi-etkili\/"},"modified":"2025-03-19T15:41:19","modified_gmt":"2025-03-19T12:41:19","slug":"kasta-kar-yagisi-etkili","status":"publish","type":"post","link":"https:\/\/denizcankizil.tr\/de\/haberler\/antalya\/kasta-kar-yagisi-etkili\/","title":{"rendered":"Ka\u015f&#8217;ta kar ya\u011f\u0131\u015f\u0131 etkili"},"content":{"rendered":"<p>Kar ya\u011f\u0131\u015f\u0131 il\u00e7enin y\u00fcksek kesimlerinin yan\u0131 s\u0131ra sabah saatlerinden itibaren yayla mahallelerinde de etkisini g\u00f6steriyor. \u0130l\u00e7e merkezine 60 kilometre uzakl\u0131ktaki G\u00f6mbe, S\u00fctle\u011fen ve yakla\u015f\u0131k 10 mahallede yo\u011fun kar ya\u011f\u0131\u015f\u0131 g\u00f6r\u00fcl\u00fcyor. Mahalle sakinlerinden Tevfik Nalbant, &#8220;\u00c7ok g\u00fczel bir kar ya\u011f\u0131\u015f\u0131 ba\u015flad\u0131. K\u0131\u015f\u0131n b\u00f6yle ya\u011fmam\u0131\u015ft\u0131. Yaz\u0131n kurakl\u0131klara kar\u015f\u0131 g\u00fczel bir ya\u011f\u0131\u015f oldu.&#8221; dedi. Ekipler ise yollar\u0131n kapanmamas\u0131 i\u00e7in \u00e7al\u0131\u015fmalara ba\u015flad\u0131.<\/p>\n<p>Kaynak: www.kanalv.com.tr Haber Sitesinden Al\u0131nm\u0131\u015ft\u0131r.<\/p>","protected":false},"excerpt":{"rendered":"<p>Kar ya\u011f\u0131\u015f\u0131 il\u00e7enin y\u00fcksek kesimlerinin yan\u0131 s\u0131ra sabah saatlerinden itibaren yayla mahallelerinde de etkisini g\u00f6steriyor. \u0130l\u00e7e merkezine 60 kilometre uzakl\u0131ktaki G\u00f6mbe, S\u00fctle\u011fen ve yakla\u015f\u0131k 10 mahallede yo\u011fun kar ya\u011f\u0131\u015f\u0131 g\u00f6r\u00fcl\u00fcyor. Mahalle sakinlerinden Tevfik Nalbant, &#8220;\u00c7ok g\u00fczel bir kar ya\u011f\u0131\u015f\u0131 ba\u015flad\u0131. K\u0131\u015f\u0131n b\u00f6yle ya\u011fmam\u0131\u015ft\u0131. Yaz\u0131n kurakl\u0131klara kar\u015f\u0131 g\u00fczel bir ya\u011f\u0131\u015f oldu.&#8221; dedi. Ekipler ise yollar\u0131n kapanmamas\u0131 i\u00e7in \u00e7al\u0131\u015fmalara ba\u015flad\u0131. Kaynak: www.kanalv.com.tr Haber Sitesinden Al\u0131nm\u0131\u015ft\u0131r.<\/p>","protected":false},"author":4,"featured_media":36313,"comment_status":"","ping_status":"open","sticky":false,"template":"","format":"standard","meta":{"_acf_changed":false,"footnotes":""},"categories":[26],"tags":[],"class_list":["post-36312","post","type-post","status-publish","format-standard","has-post-thumbnail","hentry","category-antalya"],"acf":[],"yoast_head":"<!-- This site is optimized with the Yoast SEO Premium plugin v26.6 (Yoast SEO v27.1.1) - https:\/\/yoast.com\/product\/yoast-seo-premium-wordpress\/ -->\n<title>Ka\u015f&#039;ta kar ya\u011f\u0131\u015f\u0131 etkili - Av. Deniz Can K\u0131z\u0131l<\/title>\n<meta name=\"robots\" content=\"index, follow, max-snippet:-1, max-image-preview:large, max-video-preview:-1\" \/>\n<link rel=\"canonical\" href=\"https:\/\/denizcankizil.tr\/de\/haberler\/antalya\/kasta-kar-yagisi-etkili\/\" \/>\n<meta property=\"og:locale\" content=\"de_DE\" \/>\n<meta property=\"og:type\" content=\"article\" \/>\n<meta property=\"og:title\" content=\"Ka\u015f&#039;ta kar ya\u011f\u0131\u015f\u0131 etkili\" \/>\n<meta property=\"og:description\" content=\"Kar ya\u011f\u0131\u015f\u0131 il\u00e7enin y\u00fcksek kesimlerinin yan\u0131 s\u0131ra sabah saatlerinden itibaren yayla mahallelerinde de etkisini g\u00f6steriyor. \u0130l\u00e7e merkezine 60 kilometre uzakl\u0131ktaki G\u00f6mbe, S\u00fctle\u011fen ve yakla\u015f\u0131k 10 mahallede yo\u011fun kar ya\u011f\u0131\u015f\u0131 g\u00f6r\u00fcl\u00fcyor. Mahalle sakinlerinden Tevfik Nalbant, &#8220;\u00c7ok g\u00fczel bir kar ya\u011f\u0131\u015f\u0131 ba\u015flad\u0131. K\u0131\u015f\u0131n b\u00f6yle ya\u011fmam\u0131\u015ft\u0131. Yaz\u0131n kurakl\u0131klara kar\u015f\u0131 g\u00fczel bir ya\u011f\u0131\u015f oldu.&#8221; dedi. Ekipler ise yollar\u0131n kapanmamas\u0131 i\u00e7in \u00e7al\u0131\u015fmalara ba\u015flad\u0131. Kaynak: www.kanalv.com.tr Haber Sitesinden Al\u0131nm\u0131\u015ft\u0131r.\" \/>\n<meta property=\"og:url\" content=\"https:\/\/denizcankizil.tr\/de\/haberler\/antalya\/kasta-kar-yagisi-etkili\/\" \/>\n<meta property=\"og:site_name\" content=\"Av. Deniz Can K\u0131z\u0131l\" \/>\n<meta property=\"article:published_time\" content=\"2025-03-19T12:41:19+00:00\" \/>\n<meta property=\"og:image\" content=\"https:\/\/denizcankizil.tr\/wp-content\/uploads\/2025\/03\/5599-01-sgLUOc.jpeg\" \/>\n\t<meta property=\"og:image:width\" content=\"1280\" \/>\n\t<meta property=\"og:image:height\" content=\"720\" \/>\n\t<meta property=\"og:image:type\" content=\"image\/jpeg\" \/>\n<meta name=\"author\" content=\"Av. Deniz Can K\u0131z\u0131l\" \/>\n<meta name=\"twitter:card\" content=\"summary_large_image\" \/>\n<meta name=\"twitter:label1\" content=\"Verfasst von\" \/>\n\t<meta name=\"twitter:data1\" content=\"Av. Deniz Can K\u0131z\u0131l\" \/>\n<script type=\"application\/ld+json\" class=\"yoast-schema-graph\">{\"@context\":\"https:\/\/schema.org\",\"@graph\":[{\"@type\":\"Article\",\"@id\":\"https:\/\/denizcankizil.tr\/de\/haberler\/antalya\/kasta-kar-yagisi-etkili\/#article\",\"isPartOf\":{\"@id\":\"https:\/\/denizcankizil.tr\/de\/haberler\/antalya\/kasta-kar-yagisi-etkili\/\"},\"author\":{\"name\":\"Av. Deniz Can K\u0131z\u0131l\",\"@id\":\"https:\/\/denizcankizil.tr\/#\/schema\/person\/5dc1b22991bd7ac833867c10afc9b0ff\"},\"headline\":\"Ka\u015f&#8217;ta kar ya\u011f\u0131\u015f\u0131 etkili\",\"datePublished\":\"2025-03-19T12:41:19+00:00\",\"mainEntityOfPage\":{\"@id\":\"https:\/\/denizcankizil.tr\/de\/haberler\/antalya\/kasta-kar-yagisi-etkili\/\"},\"wordCount\":99,\"publisher\":{\"@id\":\"https:\/\/denizcankizil.tr\/#organization\"},\"image\":{\"@id\":\"https:\/\/denizcankizil.tr\/de\/haberler\/antalya\/kasta-kar-yagisi-etkili\/#primaryimage\"},\"thumbnailUrl\":\"https:\/\/denizcankizil.tr\/wp-content\/uploads\/2025\/03\/5599-01-sgLUOc.jpeg\",\"articleSection\":[\"Antalya\"],\"inLanguage\":\"de\"},{\"@type\":\"WebPage\",\"@id\":\"https:\/\/denizcankizil.tr\/de\/haberler\/antalya\/kasta-kar-yagisi-etkili\/\",\"url\":\"https:\/\/denizcankizil.tr\/de\/haberler\/antalya\/kasta-kar-yagisi-etkili\/\",\"name\":\"Ka\u015f'ta kar ya\u011f\u0131\u015f\u0131 etkili - Av. Deniz Can K\u0131z\u0131l\",\"isPartOf\":{\"@id\":\"https:\/\/denizcankizil.tr\/#website\"},\"primaryImageOfPage\":{\"@id\":\"https:\/\/denizcankizil.tr\/de\/haberler\/antalya\/kasta-kar-yagisi-etkili\/#primaryimage\"},\"image\":{\"@id\":\"https:\/\/denizcankizil.tr\/de\/haberler\/antalya\/kasta-kar-yagisi-etkili\/#primaryimage\"},\"thumbnailUrl\":\"https:\/\/denizcankizil.tr\/wp-content\/uploads\/2025\/03\/5599-01-sgLUOc.jpeg\",\"datePublished\":\"2025-03-19T12:41:19+00:00\",\"breadcrumb\":{\"@id\":\"https:\/\/denizcankizil.tr\/de\/haberler\/antalya\/kasta-kar-yagisi-etkili\/#breadcrumb\"},\"inLanguage\":\"de\",\"potentialAction\":[{\"@type\":\"ReadAction\",\"target\":[\"https:\/\/denizcankizil.tr\/de\/haberler\/antalya\/kasta-kar-yagisi-etkili\/\"]}]},{\"@type\":\"ImageObject\",\"inLanguage\":\"de\",\"@id\":\"https:\/\/denizcankizil.tr\/de\/haberler\/antalya\/kasta-kar-yagisi-etkili\/#primaryimage\",\"url\":\"https:\/\/denizcankizil.tr\/wp-content\/uploads\/2025\/03\/5599-01-sgLUOc.jpeg\",\"contentUrl\":\"https:\/\/denizcankizil.tr\/wp-content\/uploads\/2025\/03\/5599-01-sgLUOc.jpeg\",\"width\":1280,\"height\":720},{\"@type\":\"BreadcrumbList\",\"@id\":\"https:\/\/denizcankizil.tr\/de\/haberler\/antalya\/kasta-kar-yagisi-etkili\/#breadcrumb\",\"itemListElement\":[{\"@type\":\"ListItem\",\"position\":1,\"name\":\"Home\",\"item\":\"https:\/\/denizcankizil.tr\/de\/\"},{\"@type\":\"ListItem\",\"position\":2,\"name\":\"Ka\u015f&#8217;ta kar ya\u011f\u0131\u015f\u0131 etkili\"}]},{\"@type\":\"WebSite\",\"@id\":\"https:\/\/denizcankizil.tr\/#website\",\"url\":\"https:\/\/denizcankizil.tr\/\",\"name\":\"Av. Deniz Can K\u0131z\u0131l\",\"description\":\"Avukat Deniz Can K\u0131z\u0131l Antalya Barosu\",\"publisher\":{\"@id\":\"https:\/\/denizcankizil.tr\/#organization\"},\"potentialAction\":[{\"@type\":\"SearchAction\",\"target\":{\"@type\":\"EntryPoint\",\"urlTemplate\":\"https:\/\/denizcankizil.tr\/?s={search_term_string}\"},\"query-input\":{\"@type\":\"PropertyValueSpecification\",\"valueRequired\":true,\"valueName\":\"search_term_string\"}}],\"inLanguage\":\"de\"},{\"@type\":\"Organization\",\"@id\":\"https:\/\/denizcankizil.tr\/#organization\",\"name\":\"Av. Deniz Can K\u0131z\u0131l\",\"url\":\"https:\/\/denizcankizil.tr\/\",\"logo\":{\"@type\":\"ImageObject\",\"inLanguage\":\"de\",\"@id\":\"https:\/\/denizcankizil.tr\/#\/schema\/logo\/image\/\",\"url\":\"https:\/\/denizcankizil.tr\/wp-content\/uploads\/2024\/10\/siyah-logo-svg.svg\",\"contentUrl\":\"https:\/\/denizcankizil.tr\/wp-content\/uploads\/2024\/10\/siyah-logo-svg.svg\",\"width\":1080,\"height\":1080,\"caption\":\"Av. Deniz Can K\u0131z\u0131l\"},\"image\":{\"@id\":\"https:\/\/denizcankizil.tr\/#\/schema\/logo\/image\/\"}},{\"@type\":\"Person\",\"@id\":\"https:\/\/denizcankizil.tr\/#\/schema\/person\/5dc1b22991bd7ac833867c10afc9b0ff\",\"name\":\"Av. Deniz Can K\u0131z\u0131l\",\"image\":{\"@type\":\"ImageObject\",\"inLanguage\":\"de\",\"@id\":\"https:\/\/denizcankizil.tr\/#\/schema\/person\/image\/\",\"url\":\"https:\/\/secure.gravatar.com\/avatar\/a0b128fb9855c79efc976d5640eedb31dc35ec297594d6016d2cf7c60e975bb6?s=96&d=mm&r=g\",\"contentUrl\":\"https:\/\/secure.gravatar.com\/avatar\/a0b128fb9855c79efc976d5640eedb31dc35ec297594d6016d2cf7c60e975bb6?s=96&d=mm&r=g\",\"caption\":\"Av. Deniz Can K\u0131z\u0131l\"},\"sameAs\":[\"http:\/\/www.denizcankizil.tr\"],\"url\":\"https:\/\/denizcankizil.tr\/de\/author\/denizcankizil\/\"}]}<\/script>\n<!-- \/ Yoast SEO Premium plugin. -->","yoast_head_json":{"title":"Ka\u015f'ta kar ya\u011f\u0131\u015f\u0131 etkili - Av. Deniz Can K\u0131z\u0131l","robots":{"index":"index","follow":"follow","max-snippet":"max-snippet:-1","max-image-preview":"max-image-preview:large","max-video-preview":"max-video-preview:-1"},"canonical":"https:\/\/denizcankizil.tr\/de\/haberler\/antalya\/kasta-kar-yagisi-etkili\/","og_locale":"de_DE","og_type":"article","og_title":"Ka\u015f'ta kar ya\u011f\u0131\u015f\u0131 etkili","og_description":"Kar ya\u011f\u0131\u015f\u0131 il\u00e7enin y\u00fcksek kesimlerinin yan\u0131 s\u0131ra sabah saatlerinden itibaren yayla mahallelerinde de etkisini g\u00f6steriyor. \u0130l\u00e7e merkezine 60 kilometre uzakl\u0131ktaki G\u00f6mbe, S\u00fctle\u011fen ve yakla\u015f\u0131k 10 mahallede yo\u011fun kar ya\u011f\u0131\u015f\u0131 g\u00f6r\u00fcl\u00fcyor. Mahalle sakinlerinden Tevfik Nalbant, &#8220;\u00c7ok g\u00fczel bir kar ya\u011f\u0131\u015f\u0131 ba\u015flad\u0131. K\u0131\u015f\u0131n b\u00f6yle ya\u011fmam\u0131\u015ft\u0131. Yaz\u0131n kurakl\u0131klara kar\u015f\u0131 g\u00fczel bir ya\u011f\u0131\u015f oldu.&#8221; dedi. Ekipler ise yollar\u0131n kapanmamas\u0131 i\u00e7in \u00e7al\u0131\u015fmalara ba\u015flad\u0131. Kaynak: www.kanalv.com.tr Haber Sitesinden Al\u0131nm\u0131\u015ft\u0131r.","og_url":"https:\/\/denizcankizil.tr\/de\/haberler\/antalya\/kasta-kar-yagisi-etkili\/","og_site_name":"Av. Deniz Can K\u0131z\u0131l","article_published_time":"2025-03-19T12:41:19+00:00","og_image":[{"width":1280,"height":720,"url":"https:\/\/denizcankizil.tr\/wp-content\/uploads\/2025\/03\/5599-01-sgLUOc.jpeg","type":"image\/jpeg"}],"author":"Av. Deniz Can K\u0131z\u0131l","twitter_card":"summary_large_image","twitter_misc":{"Verfasst von":"Av. Deniz Can K\u0131z\u0131l"},"schema":{"@context":"https:\/\/schema.org","@graph":[{"@type":"Article","@id":"https:\/\/denizcankizil.tr\/de\/haberler\/antalya\/kasta-kar-yagisi-etkili\/#article","isPartOf":{"@id":"https:\/\/denizcankizil.tr\/de\/haberler\/antalya\/kasta-kar-yagisi-etkili\/"},"author":{"name":"Av. Deniz Can K\u0131z\u0131l","@id":"https:\/\/denizcankizil.tr\/#\/schema\/person\/5dc1b22991bd7ac833867c10afc9b0ff"},"headline":"Ka\u015f&#8217;ta kar ya\u011f\u0131\u015f\u0131 etkili","datePublished":"2025-03-19T12:41:19+00:00","mainEntityOfPage":{"@id":"https:\/\/denizcankizil.tr\/de\/haberler\/antalya\/kasta-kar-yagisi-etkili\/"},"wordCount":99,"publisher":{"@id":"https:\/\/denizcankizil.tr\/#organization"},"image":{"@id":"https:\/\/denizcankizil.tr\/de\/haberler\/antalya\/kasta-kar-yagisi-etkili\/#primaryimage"},"thumbnailUrl":"https:\/\/denizcankizil.tr\/wp-content\/uploads\/2025\/03\/5599-01-sgLUOc.jpeg","articleSection":["Antalya"],"inLanguage":"de"},{"@type":"WebPage","@id":"https:\/\/denizcankizil.tr\/de\/haberler\/antalya\/kasta-kar-yagisi-etkili\/","url":"https:\/\/denizcankizil.tr\/de\/haberler\/antalya\/kasta-kar-yagisi-etkili\/","name":"Ka\u015f'ta kar ya\u011f\u0131\u015f\u0131 etkili - Av. Deniz Can K\u0131z\u0131l","isPartOf":{"@id":"https:\/\/denizcankizil.tr\/#website"},"primaryImageOfPage":{"@id":"https:\/\/denizcankizil.tr\/de\/haberler\/antalya\/kasta-kar-yagisi-etkili\/#primaryimage"},"image":{"@id":"https:\/\/denizcankizil.tr\/de\/haberler\/antalya\/kasta-kar-yagisi-etkili\/#primaryimage"},"thumbnailUrl":"https:\/\/denizcankizil.tr\/wp-content\/uploads\/2025\/03\/5599-01-sgLUOc.jpeg","datePublished":"2025-03-19T12:41:19+00:00","breadcrumb":{"@id":"https:\/\/denizcankizil.tr\/de\/haberler\/antalya\/kasta-kar-yagisi-etkili\/#breadcrumb"},"inLanguage":"de","potentialAction":[{"@type":"ReadAction","target":["https:\/\/denizcankizil.tr\/de\/haberler\/antalya\/kasta-kar-yagisi-etkili\/"]}]},{"@type":"ImageObject","inLanguage":"de","@id":"https:\/\/denizcankizil.tr\/de\/haberler\/antalya\/kasta-kar-yagisi-etkili\/#primaryimage","url":"https:\/\/denizcankizil.tr\/wp-content\/uploads\/2025\/03\/5599-01-sgLUOc.jpeg","contentUrl":"https:\/\/denizcankizil.tr\/wp-content\/uploads\/2025\/03\/5599-01-sgLUOc.jpeg","width":1280,"height":720},{"@type":"BreadcrumbList","@id":"https:\/\/denizcankizil.tr\/de\/haberler\/antalya\/kasta-kar-yagisi-etkili\/#breadcrumb","itemListElement":[{"@type":"ListItem","position":1,"name":"Home","item":"https:\/\/denizcankizil.tr\/de\/"},{"@type":"ListItem","position":2,"name":"Ka\u015f&#8217;ta kar ya\u011f\u0131\u015f\u0131 etkili"}]},{"@type":"WebSite","@id":"https:\/\/denizcankizil.tr\/#website","url":"https:\/\/denizcankizil.tr\/","name":"Av. Deniz Can K\u0131z\u0131l","description":"Avukat Deniz Can K\u0131z\u0131l Antalya Barosu","publisher":{"@id":"https:\/\/denizcankizil.tr\/#organization"},"potentialAction":[{"@type":"SearchAction","target":{"@type":"EntryPoint","urlTemplate":"https:\/\/denizcankizil.tr\/?s={search_term_string}"},"query-input":{"@type":"PropertyValueSpecification","valueRequired":true,"valueName":"search_term_string"}}],"inLanguage":"de"},{"@type":"Organization","@id":"https:\/\/denizcankizil.tr\/#organization","name":"Av. Deniz Can K\u0131z\u0131l","url":"https:\/\/denizcankizil.tr\/","logo":{"@type":"ImageObject","inLanguage":"de","@id":"https:\/\/denizcankizil.tr\/#\/schema\/logo\/image\/","url":"https:\/\/denizcankizil.tr\/wp-content\/uploads\/2024\/10\/siyah-logo-svg.svg","contentUrl":"https:\/\/denizcankizil.tr\/wp-content\/uploads\/2024\/10\/siyah-logo-svg.svg","width":1080,"height":1080,"caption":"Av. Deniz Can K\u0131z\u0131l"},"image":{"@id":"https:\/\/denizcankizil.tr\/#\/schema\/logo\/image\/"}},{"@type":"Person","@id":"https:\/\/denizcankizil.tr\/#\/schema\/person\/5dc1b22991bd7ac833867c10afc9b0ff","name":"Av. Deniz Can K\u0131z\u0131l","image":{"@type":"ImageObject","inLanguage":"de","@id":"https:\/\/denizcankizil.tr\/#\/schema\/person\/image\/","url":"https:\/\/secure.gravatar.com\/avatar\/a0b128fb9855c79efc976d5640eedb31dc35ec297594d6016d2cf7c60e975bb6?s=96&d=mm&r=g","contentUrl":"https:\/\/secure.gravatar.com\/avatar\/a0b128fb9855c79efc976d5640eedb31dc35ec297594d6016d2cf7c60e975bb6?s=96&d=mm&r=g","caption":"Av. Deniz Can K\u0131z\u0131l"},"sameAs":["http:\/\/www.denizcankizil.tr"],"url":"https:\/\/denizcankizil.tr\/de\/author\/denizcankizil\/"}]}},"_links":{"self":[{"href":"https:\/\/denizcankizil.tr\/de\/wp-json\/wp\/v2\/posts\/36312","targetHints":{"allow":["GET"]}}],"collection":[{"href":"https:\/\/denizcankizil.tr\/de\/wp-json\/wp\/v2\/posts"}],"about":[{"href":"https:\/\/denizcankizil.tr\/de\/wp-json\/wp\/v2\/types\/post"}],"author":[{"embeddable":true,"href":"https:\/\/denizcankizil.tr\/de\/wp-json\/wp\/v2\/users\/4"}],"replies":[{"embeddable":true,"href":"https:\/\/denizcankizil.tr\/de\/wp-json\/wp\/v2\/comments?post=36312"}],"version-history":[{"count":0,"href":"https:\/\/denizcankizil.tr\/de\/wp-json\/wp\/v2\/posts\/36312\/revisions"}],"wp:featuredmedia":[{"embeddable":true,"href":"https:\/\/denizcankizil.tr\/de\/wp-json\/wp\/v2\/media\/36313"}],"wp:attachment":[{"href":"https:\/\/denizcankizil.tr\/de\/wp-json\/wp\/v2\/media?parent=36312"}],"wp:term":[{"taxonomy":"category","embeddable":true,"href":"https:\/\/denizcankizil.tr\/de\/wp-json\/wp\/v2\/categories?post=36312"},{"taxonomy":"post_tag","embeddable":true,"href":"https:\/\/denizcankizil.tr\/de\/wp-json\/wp\/v2\/tags?post=36312"}],"curies":[{"name":"wp","href":"https:\/\/api.w.org\/{rel}","templated":true}]}}