{"id":36280,"date":"2025-03-19T12:41:32","date_gmt":"2025-03-19T09:41:32","guid":{"rendered":"https:\/\/denizcankizil.tr\/uncategorized-tr\/korkutelinde-sehit-aileleri-ile-kibris-gazileri-ve-yakinlarina-iftar-yemegi\/"},"modified":"2025-03-19T12:41:32","modified_gmt":"2025-03-19T09:41:32","slug":"korkutelinde-sehit-aileleri-ile-kibris-gazileri-ve-yakinlarina-iftar-yemegi","status":"publish","type":"post","link":"https:\/\/denizcankizil.tr\/de\/haberler\/antalya\/korkutelinde-sehit-aileleri-ile-kibris-gazileri-ve-yakinlarina-iftar-yemegi\/","title":{"rendered":"Korkuteli&#8217;nde \u015fehit aileleri ile K\u0131br\u0131s gazileri ve yak\u0131nlar\u0131na iftar yeme\u011fi"},"content":{"rendered":"<p>Korkuteli Kaymakaml\u0131\u011f\u0131, Kaymakaml\u0131k Sosyal Yard\u0131mla\u015fma ve Dayan\u0131\u015fma Vakf\u0131 arac\u0131l\u0131\u011f\u0131yla Korkuteli&#8217;nde ya\u015fayan \u015fehit aileleri, gaziler ve yak\u0131nlar\u0131na iftar yeme\u011fi verdi.<br \/>\nKorkuteli Kaymakam\u0131 Sezgin \u00dc\u00e7\u00fcnc\u00fc, &#8220;Bizim birlik ve beraberli\u011fimiz devam etti\u011fi m\u00fcddet\u00e7e, bu masum eller bu milletin varl\u0131\u011f\u0131, birli\u011fi, dirli\u011fi i\u00e7in g\u00f6\u011fe y\u00f6neldi\u011fi m\u00fcddet\u00e7e, minarelerimizde ezanlar\u0131m\u0131z okumaya devam etti\u011fi s\u00fcrece in\u015fallah bu millet tarihte oldu\u011fu gibi bug\u00fcn de yar\u0131n da ilelebet payidar kalacakt\u0131r. Aziz \u015fehitlerimizi tekrar minnet ve \u015f\u00fckranla an\u0131yorum. Cenab-\u0131 Hak hepsinden raz\u0131 olsun. Bizleri \u015fefaatlerine nail eylesin ve geride kalanlar olarak da onlara lay\u0131k olmay\u0131 hepimize nasip etsin. Bug\u00fcn, bu sofram\u0131z\u0131 huzurla a\u00e7abilmemizin m\u00fcsebbipleri, \u015fehadet \u015ferbetiyle nurlanm\u0131\u015f \u015fehit ailelerimiz, yine vatan topraklar\u0131n\u0131n korunmas\u0131 i\u00e7in can\u0131n\u0131 siper etmi\u015f onurlu gazilerimizle bir araday\u0131z. Nurlanm\u0131\u015f \u015fehitlerimizin y\u00fcz\u00fc suyu h\u00fcrmetine ar\u015fa ula\u015fan dualar\u0131m\u0131z, onurlanm\u0131\u015f gazilerimizin hak kap\u0131s\u0131ndan d\u00f6nmeyecek dualar\u0131, bu vatan\u0131n koruyucusudur. Bu manevi ortamda, davetimize icabet eden siz de\u011ferli b\u00fcy\u00fcklerimize te\u015fekk\u00fcr ediyorum&#8221; dedi.<\/p>\n<p>Seyirpark&#8217;ta d\u00fczenlenen iftar yeme\u011fine Korkuteli Kaymakam\u0131 Sezgin \u00dc\u00e7\u00fcnc\u00fc, Belediye Ba\u015fkan\u0131 Saniye Caran, Cumhuriyet Savc\u0131s\u0131 Ali Onu Aky\u00fcz, \u0130l\u00e7e Jandarma komutan\u0131 \u00dcste\u011fmen Vedat K\u0131l\u0131n\u00e7, \u0130l\u00e7e Emniyet M\u00fcd\u00fcr\u00fc \u0130rfan A\u011flamaz, \u0130l\u00e7e Milli E\u011fitim M\u00fcd\u00fcr\u00fc \u0130brahim Canbazo\u011flu, Esnaf ve Sanatk\u00e2rlar Kredi Kefalet Kooperatifi Ba\u015fkan\u0131 Hasan Can Caran, T\u00fcrkiye Muharip Gaziler Derne\u011fi Korkuteli \u015eubesi temsilcisi ve K\u0131br\u0131s gazisi Mehmet \u00c7oban, Kurum amirleri ile \u015fehit aileleri ile K\u0131br\u0131s gazileri ile yak\u0131nlar\u0131 kat\u0131ld\u0131.<br \/>\n\u0130ftar yeme\u011fi sonras\u0131nda \u0130l\u00e7e M\u00fcft\u00fcs\u00fc Mustafa K\u0131zmaz nezdinde dua edildi.<\/p>\n<p>Kaynak: www.kanalv.com.tr Haber Sitesinden Al\u0131nm\u0131\u015ft\u0131r.<\/p>","protected":false},"excerpt":{"rendered":"<p>Korkuteli Kaymakaml\u0131\u011f\u0131, Kaymakaml\u0131k Sosyal Yard\u0131mla\u015fma ve Dayan\u0131\u015fma Vakf\u0131 arac\u0131l\u0131\u011f\u0131yla Korkuteli&#8217;nde ya\u015fayan \u015fehit aileleri, gaziler ve yak\u0131nlar\u0131na iftar yeme\u011fi verdi. Korkuteli Kaymakam\u0131 Sezgin \u00dc\u00e7\u00fcnc\u00fc, &#8220;Bizim birlik ve beraberli\u011fimiz devam etti\u011fi m\u00fcddet\u00e7e, bu masum eller bu milletin varl\u0131\u011f\u0131, birli\u011fi, dirli\u011fi i\u00e7in g\u00f6\u011fe y\u00f6neldi\u011fi m\u00fcddet\u00e7e, minarelerimizde ezanlar\u0131m\u0131z okumaya devam etti\u011fi s\u00fcrece in\u015fallah bu millet tarihte oldu\u011fu gibi bug\u00fcn de yar\u0131n da ilelebet payidar kalacakt\u0131r. Aziz \u015fehitlerimizi tekrar minnet ve \u015f\u00fckranla an\u0131yorum. Cenab-\u0131 Hak hepsinden raz\u0131 olsun. Bizleri \u015fefaatlerine nail eylesin ve geride kalanlar olarak da onlara lay\u0131k olmay\u0131 hepimize nasip etsin. Bug\u00fcn, bu sofram\u0131z\u0131 huzurla a\u00e7abilmemizin m\u00fcsebbipleri, \u015fehadet \u015ferbetiyle nurlanm\u0131\u015f \u015fehit ailelerimiz, yine vatan topraklar\u0131n\u0131n korunmas\u0131 i\u00e7in can\u0131n\u0131 siper etmi\u015f onurlu gazilerimizle bir araday\u0131z. Nurlanm\u0131\u015f \u015fehitlerimizin y\u00fcz\u00fc suyu h\u00fcrmetine ar\u015fa ula\u015fan dualar\u0131m\u0131z, onurlanm\u0131\u015f gazilerimizin hak kap\u0131s\u0131ndan d\u00f6nmeyecek dualar\u0131, bu vatan\u0131n koruyucusudur. Bu manevi ortamda, davetimize icabet eden siz de\u011ferli b\u00fcy\u00fcklerimize te\u015fekk\u00fcr ediyorum&#8221; dedi. Seyirpark&#8217;ta d\u00fczenlenen iftar yeme\u011fine Korkuteli Kaymakam\u0131 Sezgin \u00dc\u00e7\u00fcnc\u00fc, Belediye Ba\u015fkan\u0131 Saniye Caran, Cumhuriyet Savc\u0131s\u0131 Ali Onu Aky\u00fcz, \u0130l\u00e7e Jandarma komutan\u0131 \u00dcste\u011fmen Vedat K\u0131l\u0131n\u00e7, \u0130l\u00e7e Emniyet M\u00fcd\u00fcr\u00fc \u0130rfan A\u011flamaz, \u0130l\u00e7e Milli E\u011fitim M\u00fcd\u00fcr\u00fc \u0130brahim Canbazo\u011flu, Esnaf ve Sanatk\u00e2rlar Kredi Kefalet Kooperatifi Ba\u015fkan\u0131 Hasan Can Caran, T\u00fcrkiye Muharip Gaziler Derne\u011fi Korkuteli \u015eubesi temsilcisi ve K\u0131br\u0131s gazisi Mehmet \u00c7oban, Kurum amirleri ile \u015fehit &hellip;<\/p>","protected":false},"author":4,"featured_media":36281,"comment_status":"","ping_status":"open","sticky":false,"template":"","format":"standard","meta":{"_acf_changed":false,"footnotes":""},"categories":[26],"tags":[],"class_list":["post-36280","post","type-post","status-publish","format-standard","has-post-thumbnail","hentry","category-antalya"],"acf":[],"yoast_head":"<!-- This site is optimized with the Yoast SEO Premium plugin v26.6 (Yoast SEO v27.1.1) - https:\/\/yoast.com\/product\/yoast-seo-premium-wordpress\/ -->\n<title>Korkuteli&#039;nde \u015fehit aileleri ile K\u0131br\u0131s gazileri ve yak\u0131nlar\u0131na iftar yeme\u011fi - Av. Deniz Can K\u0131z\u0131l<\/title>\n<meta name=\"robots\" content=\"index, follow, max-snippet:-1, max-image-preview:large, max-video-preview:-1\" \/>\n<link rel=\"canonical\" href=\"https:\/\/denizcankizil.tr\/de\/haberler\/antalya\/korkutelinde-sehit-aileleri-ile-kibris-gazileri-ve-yakinlarina-iftar-yemegi\/\" \/>\n<meta property=\"og:locale\" content=\"de_DE\" \/>\n<meta property=\"og:type\" content=\"article\" \/>\n<meta property=\"og:title\" content=\"Korkuteli&#039;nde \u015fehit aileleri ile K\u0131br\u0131s gazileri ve yak\u0131nlar\u0131na iftar yeme\u011fi\" \/>\n<meta property=\"og:description\" content=\"Korkuteli Kaymakaml\u0131\u011f\u0131, Kaymakaml\u0131k Sosyal Yard\u0131mla\u015fma ve Dayan\u0131\u015fma Vakf\u0131 arac\u0131l\u0131\u011f\u0131yla Korkuteli&#8217;nde ya\u015fayan \u015fehit aileleri, gaziler ve yak\u0131nlar\u0131na iftar yeme\u011fi verdi. Korkuteli Kaymakam\u0131 Sezgin \u00dc\u00e7\u00fcnc\u00fc, &#8220;Bizim birlik ve beraberli\u011fimiz devam etti\u011fi m\u00fcddet\u00e7e, bu masum eller bu milletin varl\u0131\u011f\u0131, birli\u011fi, dirli\u011fi i\u00e7in g\u00f6\u011fe y\u00f6neldi\u011fi m\u00fcddet\u00e7e, minarelerimizde ezanlar\u0131m\u0131z okumaya devam etti\u011fi s\u00fcrece in\u015fallah bu millet tarihte oldu\u011fu gibi bug\u00fcn de yar\u0131n da ilelebet payidar kalacakt\u0131r. Aziz \u015fehitlerimizi tekrar minnet ve \u015f\u00fckranla an\u0131yorum. Cenab-\u0131 Hak hepsinden raz\u0131 olsun. Bizleri \u015fefaatlerine nail eylesin ve geride kalanlar olarak da onlara lay\u0131k olmay\u0131 hepimize nasip etsin. Bug\u00fcn, bu sofram\u0131z\u0131 huzurla a\u00e7abilmemizin m\u00fcsebbipleri, \u015fehadet \u015ferbetiyle nurlanm\u0131\u015f \u015fehit ailelerimiz, yine vatan topraklar\u0131n\u0131n korunmas\u0131 i\u00e7in can\u0131n\u0131 siper etmi\u015f onurlu gazilerimizle bir araday\u0131z. Nurlanm\u0131\u015f \u015fehitlerimizin y\u00fcz\u00fc suyu h\u00fcrmetine ar\u015fa ula\u015fan dualar\u0131m\u0131z, onurlanm\u0131\u015f gazilerimizin hak kap\u0131s\u0131ndan d\u00f6nmeyecek dualar\u0131, bu vatan\u0131n koruyucusudur. Bu manevi ortamda, davetimize icabet eden siz de\u011ferli b\u00fcy\u00fcklerimize te\u015fekk\u00fcr ediyorum&#8221; dedi. Seyirpark&#8217;ta d\u00fczenlenen iftar yeme\u011fine Korkuteli Kaymakam\u0131 Sezgin \u00dc\u00e7\u00fcnc\u00fc, Belediye Ba\u015fkan\u0131 Saniye Caran, Cumhuriyet Savc\u0131s\u0131 Ali Onu Aky\u00fcz, \u0130l\u00e7e Jandarma komutan\u0131 \u00dcste\u011fmen Vedat K\u0131l\u0131n\u00e7, \u0130l\u00e7e Emniyet M\u00fcd\u00fcr\u00fc \u0130rfan A\u011flamaz, \u0130l\u00e7e Milli E\u011fitim M\u00fcd\u00fcr\u00fc \u0130brahim Canbazo\u011flu, Esnaf ve Sanatk\u00e2rlar Kredi Kefalet Kooperatifi Ba\u015fkan\u0131 Hasan Can Caran, T\u00fcrkiye Muharip Gaziler Derne\u011fi Korkuteli \u015eubesi temsilcisi ve K\u0131br\u0131s gazisi Mehmet \u00c7oban, Kurum amirleri ile \u015fehit &hellip;\" \/>\n<meta property=\"og:url\" content=\"https:\/\/denizcankizil.tr\/de\/haberler\/antalya\/korkutelinde-sehit-aileleri-ile-kibris-gazileri-ve-yakinlarina-iftar-yemegi\/\" \/>\n<meta property=\"og:site_name\" content=\"Av. Deniz Can K\u0131z\u0131l\" \/>\n<meta property=\"article:published_time\" content=\"2025-03-19T09:41:32+00:00\" \/>\n<meta property=\"og:image\" content=\"https:\/\/denizcankizil.tr\/wp-content\/uploads\/2025\/03\/5589-01-HGGsqa.jpeg\" \/>\n\t<meta property=\"og:image:width\" content=\"1280\" \/>\n\t<meta property=\"og:image:height\" content=\"720\" \/>\n\t<meta property=\"og:image:type\" content=\"image\/jpeg\" \/>\n<meta name=\"author\" content=\"Av. Deniz Can K\u0131z\u0131l\" \/>\n<meta name=\"twitter:card\" content=\"summary_large_image\" \/>\n<meta name=\"twitter:label1\" content=\"Verfasst von\" \/>\n\t<meta name=\"twitter:data1\" content=\"Av. Deniz Can K\u0131z\u0131l\" \/>\n\t<meta name=\"twitter:label2\" content=\"Gesch\u00e4tzte Lesezeit\" \/>\n\t<meta name=\"twitter:data2\" content=\"2\u00a0Minuten\" \/>\n<script type=\"application\/ld+json\" class=\"yoast-schema-graph\">{\"@context\":\"https:\/\/schema.org\",\"@graph\":[{\"@type\":\"Article\",\"@id\":\"https:\/\/denizcankizil.tr\/de\/haberler\/antalya\/korkutelinde-sehit-aileleri-ile-kibris-gazileri-ve-yakinlarina-iftar-yemegi\/#article\",\"isPartOf\":{\"@id\":\"https:\/\/denizcankizil.tr\/de\/haberler\/antalya\/korkutelinde-sehit-aileleri-ile-kibris-gazileri-ve-yakinlarina-iftar-yemegi\/\"},\"author\":{\"name\":\"Av. Deniz Can K\u0131z\u0131l\",\"@id\":\"https:\/\/denizcankizil.tr\/#\/schema\/person\/5dc1b22991bd7ac833867c10afc9b0ff\"},\"headline\":\"Korkuteli&#8217;nde \u015fehit aileleri ile K\u0131br\u0131s gazileri ve yak\u0131nlar\u0131na iftar yeme\u011fi\",\"datePublished\":\"2025-03-19T09:41:32+00:00\",\"mainEntityOfPage\":{\"@id\":\"https:\/\/denizcankizil.tr\/de\/haberler\/antalya\/korkutelinde-sehit-aileleri-ile-kibris-gazileri-ve-yakinlarina-iftar-yemegi\/\"},\"wordCount\":337,\"publisher\":{\"@id\":\"https:\/\/denizcankizil.tr\/#organization\"},\"image\":{\"@id\":\"https:\/\/denizcankizil.tr\/de\/haberler\/antalya\/korkutelinde-sehit-aileleri-ile-kibris-gazileri-ve-yakinlarina-iftar-yemegi\/#primaryimage\"},\"thumbnailUrl\":\"https:\/\/denizcankizil.tr\/wp-content\/uploads\/2025\/03\/5589-01-HGGsqa.jpeg\",\"articleSection\":[\"Antalya\"],\"inLanguage\":\"de\"},{\"@type\":\"WebPage\",\"@id\":\"https:\/\/denizcankizil.tr\/de\/haberler\/antalya\/korkutelinde-sehit-aileleri-ile-kibris-gazileri-ve-yakinlarina-iftar-yemegi\/\",\"url\":\"https:\/\/denizcankizil.tr\/de\/haberler\/antalya\/korkutelinde-sehit-aileleri-ile-kibris-gazileri-ve-yakinlarina-iftar-yemegi\/\",\"name\":\"Korkuteli'nde \u015fehit aileleri ile K\u0131br\u0131s gazileri ve yak\u0131nlar\u0131na iftar yeme\u011fi - Av. Deniz Can K\u0131z\u0131l\",\"isPartOf\":{\"@id\":\"https:\/\/denizcankizil.tr\/#website\"},\"primaryImageOfPage\":{\"@id\":\"https:\/\/denizcankizil.tr\/de\/haberler\/antalya\/korkutelinde-sehit-aileleri-ile-kibris-gazileri-ve-yakinlarina-iftar-yemegi\/#primaryimage\"},\"image\":{\"@id\":\"https:\/\/denizcankizil.tr\/de\/haberler\/antalya\/korkutelinde-sehit-aileleri-ile-kibris-gazileri-ve-yakinlarina-iftar-yemegi\/#primaryimage\"},\"thumbnailUrl\":\"https:\/\/denizcankizil.tr\/wp-content\/uploads\/2025\/03\/5589-01-HGGsqa.jpeg\",\"datePublished\":\"2025-03-19T09:41:32+00:00\",\"breadcrumb\":{\"@id\":\"https:\/\/denizcankizil.tr\/de\/haberler\/antalya\/korkutelinde-sehit-aileleri-ile-kibris-gazileri-ve-yakinlarina-iftar-yemegi\/#breadcrumb\"},\"inLanguage\":\"de\",\"potentialAction\":[{\"@type\":\"ReadAction\",\"target\":[\"https:\/\/denizcankizil.tr\/de\/haberler\/antalya\/korkutelinde-sehit-aileleri-ile-kibris-gazileri-ve-yakinlarina-iftar-yemegi\/\"]}]},{\"@type\":\"ImageObject\",\"inLanguage\":\"de\",\"@id\":\"https:\/\/denizcankizil.tr\/de\/haberler\/antalya\/korkutelinde-sehit-aileleri-ile-kibris-gazileri-ve-yakinlarina-iftar-yemegi\/#primaryimage\",\"url\":\"https:\/\/denizcankizil.tr\/wp-content\/uploads\/2025\/03\/5589-01-HGGsqa.jpeg\",\"contentUrl\":\"https:\/\/denizcankizil.tr\/wp-content\/uploads\/2025\/03\/5589-01-HGGsqa.jpeg\",\"width\":1280,\"height\":720},{\"@type\":\"BreadcrumbList\",\"@id\":\"https:\/\/denizcankizil.tr\/de\/haberler\/antalya\/korkutelinde-sehit-aileleri-ile-kibris-gazileri-ve-yakinlarina-iftar-yemegi\/#breadcrumb\",\"itemListElement\":[{\"@type\":\"ListItem\",\"position\":1,\"name\":\"Home\",\"item\":\"https:\/\/denizcankizil.tr\/de\/\"},{\"@type\":\"ListItem\",\"position\":2,\"name\":\"Korkuteli&#8217;nde \u015fehit aileleri ile K\u0131br\u0131s gazileri ve yak\u0131nlar\u0131na iftar yeme\u011fi\"}]},{\"@type\":\"WebSite\",\"@id\":\"https:\/\/denizcankizil.tr\/#website\",\"url\":\"https:\/\/denizcankizil.tr\/\",\"name\":\"Av. Deniz Can K\u0131z\u0131l\",\"description\":\"Avukat Deniz Can K\u0131z\u0131l Antalya Barosu\",\"publisher\":{\"@id\":\"https:\/\/denizcankizil.tr\/#organization\"},\"potentialAction\":[{\"@type\":\"SearchAction\",\"target\":{\"@type\":\"EntryPoint\",\"urlTemplate\":\"https:\/\/denizcankizil.tr\/?s={search_term_string}\"},\"query-input\":{\"@type\":\"PropertyValueSpecification\",\"valueRequired\":true,\"valueName\":\"search_term_string\"}}],\"inLanguage\":\"de\"},{\"@type\":\"Organization\",\"@id\":\"https:\/\/denizcankizil.tr\/#organization\",\"name\":\"Av. Deniz Can K\u0131z\u0131l\",\"url\":\"https:\/\/denizcankizil.tr\/\",\"logo\":{\"@type\":\"ImageObject\",\"inLanguage\":\"de\",\"@id\":\"https:\/\/denizcankizil.tr\/#\/schema\/logo\/image\/\",\"url\":\"https:\/\/denizcankizil.tr\/wp-content\/uploads\/2024\/10\/siyah-logo-svg.svg\",\"contentUrl\":\"https:\/\/denizcankizil.tr\/wp-content\/uploads\/2024\/10\/siyah-logo-svg.svg\",\"width\":1080,\"height\":1080,\"caption\":\"Av. Deniz Can K\u0131z\u0131l\"},\"image\":{\"@id\":\"https:\/\/denizcankizil.tr\/#\/schema\/logo\/image\/\"}},{\"@type\":\"Person\",\"@id\":\"https:\/\/denizcankizil.tr\/#\/schema\/person\/5dc1b22991bd7ac833867c10afc9b0ff\",\"name\":\"Av. Deniz Can K\u0131z\u0131l\",\"image\":{\"@type\":\"ImageObject\",\"inLanguage\":\"de\",\"@id\":\"https:\/\/denizcankizil.tr\/#\/schema\/person\/image\/\",\"url\":\"https:\/\/secure.gravatar.com\/avatar\/a0b128fb9855c79efc976d5640eedb31dc35ec297594d6016d2cf7c60e975bb6?s=96&d=mm&r=g\",\"contentUrl\":\"https:\/\/secure.gravatar.com\/avatar\/a0b128fb9855c79efc976d5640eedb31dc35ec297594d6016d2cf7c60e975bb6?s=96&d=mm&r=g\",\"caption\":\"Av. Deniz Can K\u0131z\u0131l\"},\"sameAs\":[\"http:\/\/www.denizcankizil.tr\"],\"url\":\"https:\/\/denizcankizil.tr\/de\/author\/denizcankizil\/\"}]}<\/script>\n<!-- \/ Yoast SEO Premium plugin. -->","yoast_head_json":{"title":"Korkuteli'nde \u015fehit aileleri ile K\u0131br\u0131s gazileri ve yak\u0131nlar\u0131na iftar yeme\u011fi - Av. Deniz Can K\u0131z\u0131l","robots":{"index":"index","follow":"follow","max-snippet":"max-snippet:-1","max-image-preview":"max-image-preview:large","max-video-preview":"max-video-preview:-1"},"canonical":"https:\/\/denizcankizil.tr\/de\/haberler\/antalya\/korkutelinde-sehit-aileleri-ile-kibris-gazileri-ve-yakinlarina-iftar-yemegi\/","og_locale":"de_DE","og_type":"article","og_title":"Korkuteli'nde \u015fehit aileleri ile K\u0131br\u0131s gazileri ve yak\u0131nlar\u0131na iftar yeme\u011fi","og_description":"Korkuteli Kaymakaml\u0131\u011f\u0131, Kaymakaml\u0131k Sosyal Yard\u0131mla\u015fma ve Dayan\u0131\u015fma Vakf\u0131 arac\u0131l\u0131\u011f\u0131yla Korkuteli&#8217;nde ya\u015fayan \u015fehit aileleri, gaziler ve yak\u0131nlar\u0131na iftar yeme\u011fi verdi. Korkuteli Kaymakam\u0131 Sezgin \u00dc\u00e7\u00fcnc\u00fc, &#8220;Bizim birlik ve beraberli\u011fimiz devam etti\u011fi m\u00fcddet\u00e7e, bu masum eller bu milletin varl\u0131\u011f\u0131, birli\u011fi, dirli\u011fi i\u00e7in g\u00f6\u011fe y\u00f6neldi\u011fi m\u00fcddet\u00e7e, minarelerimizde ezanlar\u0131m\u0131z okumaya devam etti\u011fi s\u00fcrece in\u015fallah bu millet tarihte oldu\u011fu gibi bug\u00fcn de yar\u0131n da ilelebet payidar kalacakt\u0131r. Aziz \u015fehitlerimizi tekrar minnet ve \u015f\u00fckranla an\u0131yorum. Cenab-\u0131 Hak hepsinden raz\u0131 olsun. Bizleri \u015fefaatlerine nail eylesin ve geride kalanlar olarak da onlara lay\u0131k olmay\u0131 hepimize nasip etsin. Bug\u00fcn, bu sofram\u0131z\u0131 huzurla a\u00e7abilmemizin m\u00fcsebbipleri, \u015fehadet \u015ferbetiyle nurlanm\u0131\u015f \u015fehit ailelerimiz, yine vatan topraklar\u0131n\u0131n korunmas\u0131 i\u00e7in can\u0131n\u0131 siper etmi\u015f onurlu gazilerimizle bir araday\u0131z. Nurlanm\u0131\u015f \u015fehitlerimizin y\u00fcz\u00fc suyu h\u00fcrmetine ar\u015fa ula\u015fan dualar\u0131m\u0131z, onurlanm\u0131\u015f gazilerimizin hak kap\u0131s\u0131ndan d\u00f6nmeyecek dualar\u0131, bu vatan\u0131n koruyucusudur. Bu manevi ortamda, davetimize icabet eden siz de\u011ferli b\u00fcy\u00fcklerimize te\u015fekk\u00fcr ediyorum&#8221; dedi. Seyirpark&#8217;ta d\u00fczenlenen iftar yeme\u011fine Korkuteli Kaymakam\u0131 Sezgin \u00dc\u00e7\u00fcnc\u00fc, Belediye Ba\u015fkan\u0131 Saniye Caran, Cumhuriyet Savc\u0131s\u0131 Ali Onu Aky\u00fcz, \u0130l\u00e7e Jandarma komutan\u0131 \u00dcste\u011fmen Vedat K\u0131l\u0131n\u00e7, \u0130l\u00e7e Emniyet M\u00fcd\u00fcr\u00fc \u0130rfan A\u011flamaz, \u0130l\u00e7e Milli E\u011fitim M\u00fcd\u00fcr\u00fc \u0130brahim Canbazo\u011flu, Esnaf ve Sanatk\u00e2rlar Kredi Kefalet Kooperatifi Ba\u015fkan\u0131 Hasan Can Caran, T\u00fcrkiye Muharip Gaziler Derne\u011fi Korkuteli \u015eubesi temsilcisi ve K\u0131br\u0131s gazisi Mehmet \u00c7oban, Kurum amirleri ile \u015fehit &hellip;","og_url":"https:\/\/denizcankizil.tr\/de\/haberler\/antalya\/korkutelinde-sehit-aileleri-ile-kibris-gazileri-ve-yakinlarina-iftar-yemegi\/","og_site_name":"Av. Deniz Can K\u0131z\u0131l","article_published_time":"2025-03-19T09:41:32+00:00","og_image":[{"width":1280,"height":720,"url":"https:\/\/denizcankizil.tr\/wp-content\/uploads\/2025\/03\/5589-01-HGGsqa.jpeg","type":"image\/jpeg"}],"author":"Av. Deniz Can K\u0131z\u0131l","twitter_card":"summary_large_image","twitter_misc":{"Verfasst von":"Av. Deniz Can K\u0131z\u0131l","Gesch\u00e4tzte Lesezeit":"2\u00a0Minuten"},"schema":{"@context":"https:\/\/schema.org","@graph":[{"@type":"Article","@id":"https:\/\/denizcankizil.tr\/de\/haberler\/antalya\/korkutelinde-sehit-aileleri-ile-kibris-gazileri-ve-yakinlarina-iftar-yemegi\/#article","isPartOf":{"@id":"https:\/\/denizcankizil.tr\/de\/haberler\/antalya\/korkutelinde-sehit-aileleri-ile-kibris-gazileri-ve-yakinlarina-iftar-yemegi\/"},"author":{"name":"Av. Deniz Can K\u0131z\u0131l","@id":"https:\/\/denizcankizil.tr\/#\/schema\/person\/5dc1b22991bd7ac833867c10afc9b0ff"},"headline":"Korkuteli&#8217;nde \u015fehit aileleri ile K\u0131br\u0131s gazileri ve yak\u0131nlar\u0131na iftar yeme\u011fi","datePublished":"2025-03-19T09:41:32+00:00","mainEntityOfPage":{"@id":"https:\/\/denizcankizil.tr\/de\/haberler\/antalya\/korkutelinde-sehit-aileleri-ile-kibris-gazileri-ve-yakinlarina-iftar-yemegi\/"},"wordCount":337,"publisher":{"@id":"https:\/\/denizcankizil.tr\/#organization"},"image":{"@id":"https:\/\/denizcankizil.tr\/de\/haberler\/antalya\/korkutelinde-sehit-aileleri-ile-kibris-gazileri-ve-yakinlarina-iftar-yemegi\/#primaryimage"},"thumbnailUrl":"https:\/\/denizcankizil.tr\/wp-content\/uploads\/2025\/03\/5589-01-HGGsqa.jpeg","articleSection":["Antalya"],"inLanguage":"de"},{"@type":"WebPage","@id":"https:\/\/denizcankizil.tr\/de\/haberler\/antalya\/korkutelinde-sehit-aileleri-ile-kibris-gazileri-ve-yakinlarina-iftar-yemegi\/","url":"https:\/\/denizcankizil.tr\/de\/haberler\/antalya\/korkutelinde-sehit-aileleri-ile-kibris-gazileri-ve-yakinlarina-iftar-yemegi\/","name":"Korkuteli'nde \u015fehit aileleri ile K\u0131br\u0131s gazileri ve yak\u0131nlar\u0131na iftar yeme\u011fi - Av. Deniz Can K\u0131z\u0131l","isPartOf":{"@id":"https:\/\/denizcankizil.tr\/#website"},"primaryImageOfPage":{"@id":"https:\/\/denizcankizil.tr\/de\/haberler\/antalya\/korkutelinde-sehit-aileleri-ile-kibris-gazileri-ve-yakinlarina-iftar-yemegi\/#primaryimage"},"image":{"@id":"https:\/\/denizcankizil.tr\/de\/haberler\/antalya\/korkutelinde-sehit-aileleri-ile-kibris-gazileri-ve-yakinlarina-iftar-yemegi\/#primaryimage"},"thumbnailUrl":"https:\/\/denizcankizil.tr\/wp-content\/uploads\/2025\/03\/5589-01-HGGsqa.jpeg","datePublished":"2025-03-19T09:41:32+00:00","breadcrumb":{"@id":"https:\/\/denizcankizil.tr\/de\/haberler\/antalya\/korkutelinde-sehit-aileleri-ile-kibris-gazileri-ve-yakinlarina-iftar-yemegi\/#breadcrumb"},"inLanguage":"de","potentialAction":[{"@type":"ReadAction","target":["https:\/\/denizcankizil.tr\/de\/haberler\/antalya\/korkutelinde-sehit-aileleri-ile-kibris-gazileri-ve-yakinlarina-iftar-yemegi\/"]}]},{"@type":"ImageObject","inLanguage":"de","@id":"https:\/\/denizcankizil.tr\/de\/haberler\/antalya\/korkutelinde-sehit-aileleri-ile-kibris-gazileri-ve-yakinlarina-iftar-yemegi\/#primaryimage","url":"https:\/\/denizcankizil.tr\/wp-content\/uploads\/2025\/03\/5589-01-HGGsqa.jpeg","contentUrl":"https:\/\/denizcankizil.tr\/wp-content\/uploads\/2025\/03\/5589-01-HGGsqa.jpeg","width":1280,"height":720},{"@type":"BreadcrumbList","@id":"https:\/\/denizcankizil.tr\/de\/haberler\/antalya\/korkutelinde-sehit-aileleri-ile-kibris-gazileri-ve-yakinlarina-iftar-yemegi\/#breadcrumb","itemListElement":[{"@type":"ListItem","position":1,"name":"Home","item":"https:\/\/denizcankizil.tr\/de\/"},{"@type":"ListItem","position":2,"name":"Korkuteli&#8217;nde \u015fehit aileleri ile K\u0131br\u0131s gazileri ve yak\u0131nlar\u0131na iftar yeme\u011fi"}]},{"@type":"WebSite","@id":"https:\/\/denizcankizil.tr\/#website","url":"https:\/\/denizcankizil.tr\/","name":"Av. Deniz Can K\u0131z\u0131l","description":"Avukat Deniz Can K\u0131z\u0131l Antalya Barosu","publisher":{"@id":"https:\/\/denizcankizil.tr\/#organization"},"potentialAction":[{"@type":"SearchAction","target":{"@type":"EntryPoint","urlTemplate":"https:\/\/denizcankizil.tr\/?s={search_term_string}"},"query-input":{"@type":"PropertyValueSpecification","valueRequired":true,"valueName":"search_term_string"}}],"inLanguage":"de"},{"@type":"Organization","@id":"https:\/\/denizcankizil.tr\/#organization","name":"Av. Deniz Can K\u0131z\u0131l","url":"https:\/\/denizcankizil.tr\/","logo":{"@type":"ImageObject","inLanguage":"de","@id":"https:\/\/denizcankizil.tr\/#\/schema\/logo\/image\/","url":"https:\/\/denizcankizil.tr\/wp-content\/uploads\/2024\/10\/siyah-logo-svg.svg","contentUrl":"https:\/\/denizcankizil.tr\/wp-content\/uploads\/2024\/10\/siyah-logo-svg.svg","width":1080,"height":1080,"caption":"Av. Deniz Can K\u0131z\u0131l"},"image":{"@id":"https:\/\/denizcankizil.tr\/#\/schema\/logo\/image\/"}},{"@type":"Person","@id":"https:\/\/denizcankizil.tr\/#\/schema\/person\/5dc1b22991bd7ac833867c10afc9b0ff","name":"Av. Deniz Can K\u0131z\u0131l","image":{"@type":"ImageObject","inLanguage":"de","@id":"https:\/\/denizcankizil.tr\/#\/schema\/person\/image\/","url":"https:\/\/secure.gravatar.com\/avatar\/a0b128fb9855c79efc976d5640eedb31dc35ec297594d6016d2cf7c60e975bb6?s=96&d=mm&r=g","contentUrl":"https:\/\/secure.gravatar.com\/avatar\/a0b128fb9855c79efc976d5640eedb31dc35ec297594d6016d2cf7c60e975bb6?s=96&d=mm&r=g","caption":"Av. Deniz Can K\u0131z\u0131l"},"sameAs":["http:\/\/www.denizcankizil.tr"],"url":"https:\/\/denizcankizil.tr\/de\/author\/denizcankizil\/"}]}},"_links":{"self":[{"href":"https:\/\/denizcankizil.tr\/de\/wp-json\/wp\/v2\/posts\/36280","targetHints":{"allow":["GET"]}}],"collection":[{"href":"https:\/\/denizcankizil.tr\/de\/wp-json\/wp\/v2\/posts"}],"about":[{"href":"https:\/\/denizcankizil.tr\/de\/wp-json\/wp\/v2\/types\/post"}],"author":[{"embeddable":true,"href":"https:\/\/denizcankizil.tr\/de\/wp-json\/wp\/v2\/users\/4"}],"replies":[{"embeddable":true,"href":"https:\/\/denizcankizil.tr\/de\/wp-json\/wp\/v2\/comments?post=36280"}],"version-history":[{"count":0,"href":"https:\/\/denizcankizil.tr\/de\/wp-json\/wp\/v2\/posts\/36280\/revisions"}],"wp:featuredmedia":[{"embeddable":true,"href":"https:\/\/denizcankizil.tr\/de\/wp-json\/wp\/v2\/media\/36281"}],"wp:attachment":[{"href":"https:\/\/denizcankizil.tr\/de\/wp-json\/wp\/v2\/media?parent=36280"}],"wp:term":[{"taxonomy":"category","embeddable":true,"href":"https:\/\/denizcankizil.tr\/de\/wp-json\/wp\/v2\/categories?post=36280"},{"taxonomy":"post_tag","embeddable":true,"href":"https:\/\/denizcankizil.tr\/de\/wp-json\/wp\/v2\/tags?post=36280"}],"curies":[{"name":"wp","href":"https:\/\/api.w.org\/{rel}","templated":true}]}}