{"id":36233,"date":"2025-03-18T16:50:00","date_gmt":"2025-03-18T13:50:00","guid":{"rendered":"https:\/\/denizcankizil.tr\/uncategorized-tr\/aymnin-2022-30839-basvuru-numarali-karari\/"},"modified":"2025-03-18T16:50:00","modified_gmt":"2025-03-18T13:50:00","slug":"aymnin-2022-30839-basvuru-numarali-karari","status":"publish","type":"post","link":"https:\/\/denizcankizil.tr\/de\/hukukihaber\/aymnin-2022-30839-basvuru-numarali-karari\/","title":{"rendered":"AYM&#8217;nin 2022\/30839 ba\u015fvuru numaral\u0131 karar\u0131"},"content":{"rendered":"<p>T\u00dcRK\u0130YE CUMHUR\u0130YET\u0130<\/p>\n<p>   ANAYASA MAHKEMES\u0130<\/p>\n<p>   \u00a0<\/p>\n<p>   \u00a0<\/p>\n<p>   \u0130K\u0130NC\u0130 B\u00d6L\u00dcM<\/p>\n<p>   \u00a0<\/p>\n<p>   KARAR<\/p>\n<p>   \u00a0<\/p>\n<p>   AR\u0130FE DURAN VE D\u0130\u011eERLER\u0130 BA\u015eVURUSU<\/p>\n<p>   (Ba\u015fvuru Numaras\u0131: 2022\/30839)<\/p>\n<p>   \u00a0<\/p>\n<p>   Karar Tarihi: 8\/1\/2025<\/p>\n<p>   \u0130K\u0130NC\u0130 B\u00d6L\u00dcM<\/p>\n<p>   \u00a0<\/p>\n<p>   KARAR<\/p>\n<p>   \u00a0<\/p>\n<p>\u00a0<\/p>\n<p>   Ba\u015fkan<\/p>\n<p>   :<\/p>\n<p>   Basri BA\u011eCI<\/p>\n<p>   \u00dcyeler<\/p>\n<p>   :<\/p>\n<p>   Y\u0131ld\u0131z SEFER\u0130NO\u011eLU<\/p>\n<p>   \u00a0<\/p>\n<p>   \u00a0<\/p>\n<p>   Kenan YA\u015eAR<\/p>\n<p>   \u00a0<\/p>\n<p>   \u00a0<\/p>\n<p>   \u00d6mer \u00c7INAR<\/p>\n<p>   \u00a0<\/p>\n<p>   \u00a0<\/p>\n<p>   Metin KIRATLI<\/p>\n<p>   Raport\u00f6r<\/p>\n<p>   :<\/p>\n<p>   Olcay \u00d6ZCAN<\/p>\n<p>   Ba\u015fvurucular<\/p>\n<p>   :<\/p>\n<p>   1. Arife DURAN<\/p>\n<p>   \u00a0<\/p>\n<p>   \u00a0<\/p>\n<p>   2. Cemile UZ<\/p>\n<p>   \u00a0<\/p>\n<p>   \u00a0<\/p>\n<p>   3. Firdevs SARI<\/p>\n<p>   \u00a0<\/p>\n<p>   \u00a0<\/p>\n<p>   4. G\u00fclseren BOZDEM\u0130R<\/p>\n<p>   \u00a0<\/p>\n<p>   \u00a0<\/p>\n<p>   5. Hanife OKUMU\u015e<\/p>\n<p>   \u00a0<\/p>\n<p>   \u00a0<\/p>\n<p>   6. Hasan \u015eAH\u0130N<\/p>\n<p>   \u00a0<\/p>\n<p>   \u00a0<\/p>\n<p>   7. \u0130brahim UBUZ<\/p>\n<p>   \u00a0<\/p>\n<p>   \u00a0<\/p>\n<p>   8. Mustafa BAYRAM<\/p>\n<p>   \u00a0<\/p>\n<p>   \u00a0<\/p>\n<p>   9. Naci KOZAN<\/p>\n<p>   \u00a0<\/p>\n<p>   \u00a0<\/p>\n<p>   10. \u00d6mer \u015eAH\u0130N<\/p>\n<p>   \u00a0<\/p>\n<p>   \u00a0<\/p>\n<p>   11. Saadet \u00c7EL\u0130K<\/p>\n<p>   \u00a0<\/p>\n<p>   \u00a0<\/p>\n<p>   12. Selahattin UBUZ<\/p>\n<p>   \u00a0<\/p>\n<p>   \u00a0<\/p>\n<p>   13. \u00dcmit OKUMU\u015e<\/p>\n<p>   \u00a0<\/p>\n<p>   \u00a0<\/p>\n<p>   14. Yakup \u015eAH\u0130N<\/p>\n<p>   Vekili<\/p>\n<p>   :<\/p>\n<p>   Av. \u015eaziye \u0130rem TANDO\u011eAR EK\u0130NC\u0130<\/p>\n<p>\u00a0<\/p>\n<p>I. BA\u015eVURUNUN \u00d6ZET\u0130<\/p>\n<p>1. Ba\u015fvuru, kamu kurumlar\u0131ndan olan alaca\u011f\u0131n de\u011fer kayb\u0131na u\u011frat\u0131lmas\u0131 (veya u\u011frat\u0131larak \u00f6denmesi) nedeniyle m\u00fclkiyet hakk\u0131n\u0131n ve yarg\u0131 karar\u0131n\u0131n icra edilmemesi nedeniyle karar\u0131n icras\u0131 hakk\u0131n\u0131n ihlal edildi\u011fi iddias\u0131na ili\u015fkindir. Ba\u015fvurucular, nihai h\u00fckm\u00fc farkl\u0131 tarihlerde \u00f6\u011frendikten sonra s\u00fcresi i\u00e7erisinde bireysel ba\u015fvuruda bulunmu\u015ftur. \u0130kinci B\u00f6l\u00fcm7\/11\/2023 ve 28\/12\/2023, Birinci B\u00f6l\u00fcm29\/12\/2023 tarihlerinde adil yarg\u0131lanma hakk\u0131 kapsam\u0131ndaki makul s\u00fcrede yarg\u0131lanma hakk\u0131n\u0131n ihlal edildi\u011fine ili\u015fkin iddian\u0131n ba\u015fvuru yollar\u0131n\u0131n t\u00fcketilmemesi nedeniyle kabul edilemez oldu\u011funa, m\u00fclkiyet hakk\u0131n\u0131n ihlal edildi\u011fine ili\u015fkin iddian\u0131n kabul edilebilirlik hususunun karara ba\u011flanmas\u0131 B\u00f6l\u00fcm karar\u0131n\u0131 gerektirdi\u011finden ba\u015fvurunun B\u00f6l\u00fcme g\u00f6nderilmesine karar vermi\u015ftir.<\/p>\n<p>2. 2022\/30866 ve 2022\/32906say\u0131l\u0131 ba\u015fvurular\u0131n 2022\/30839 say\u0131l\u0131 bireysel ba\u015fvuru ile birle\u015ftirilmesine ve incelemenin 2022\/30839 say\u0131l\u0131 bireysel ba\u015fvuru dosyas\u0131 \u00fczerinden s\u00fcrd\u00fcr\u00fclmesine karar verilmi\u015ftir.<\/p>\n<p>II. DE\u011eERLEND\u0130RME<\/p>\n<p>A. Karar\u0131n \u0130cras\u0131 Hakk\u0131n\u0131n \u0130hlal Edildi\u011fine \u0130li\u015fkin \u0130ddia<\/p>\n<p>3. Ba\u015fvurucular, h\u00fck\u00fcm alt\u0131na al\u0131nan bedelin \u00f6denmedi\u011finden \u015fik\u00e2yet etmi\u015ftir.<\/p>\n<p>4. Anayasa Mahkemesi Veysi Ado ([GK] B. No: 2022\/100837, 27\/4\/2023) karar\u0131nda, 9\/1\/2013 tarihli ve 6384 say\u0131l\u0131 Avrupa \u0130nsan Haklar\u0131 Mahkemesine Yap\u0131lm\u0131\u015f Baz\u0131 Ba\u015fvurular\u0131n Tazminat \u00d6denmek Suretiyle \u00c7\u00f6z\u00fcm\u00fcne Dair Kanun&#8217;un ge\u00e7ici 2. maddesinde 28\/3\/2023 tarihli ve 7445 say\u0131l\u0131 Kanun&#8217;un 40. maddesi ile yap\u0131lan de\u011fi\u015fikli\u011fe g\u00f6re 9\/3\/2023 tarihi (bu tarih d\u00e2hil) itibar\u0131yla derdest olan, yarg\u0131lamalar\u0131n makul s\u00fcrede sonu\u00e7land\u0131r\u0131lmad\u0131\u011f\u0131 iddialar\u0131yla yap\u0131lan ba\u015fvurulara ili\u015fkin olarak Tazminat Komisyonuna ba\u015fvuru yolu t\u00fcketilmeden yap\u0131lan ba\u015fvurunun incelenmesinin bireysel ba\u015fvurunun ikincil niteli\u011fi ile ba\u011fda\u015fmayaca\u011f\u0131 neticesine varm\u0131\u015ft\u0131r. Ayn\u0131 maddeye g\u00f6re an\u0131lan tarih itibar\u0131yla derdest olan, mahkeme kararlar\u0131n\u0131n ge\u00e7 veya eksik icra edildi\u011fi ya da hi\u00e7 icra edilmedi\u011fi iddias\u0131yla yap\u0131lan ba\u015fvurular\u0131n da Tazminat Komisyonunca incelenebilmesi m\u00fcmk\u00fcn k\u0131l\u0131nm\u0131\u015ft\u0131r. Bu durumda yarg\u0131 karar\u0131n\u0131n ge\u00e7 veya eksik icra edildi\u011fi ya da hi\u00e7 icra edilmedi\u011fi iddias\u0131n\u0131 i\u00e7eren somut ba\u015fvuru y\u00f6n\u00fcnden de ayn\u0131 sonuca var\u0131lmas\u0131 gerekir (Hamdullah G\u00fcrleyik, B. No: 2019\/1554, 16\/11\/2023, \u00a7 26).<\/p>\n<p>5. A\u00e7\u0131klanan gerek\u00e7elerle ba\u015fvurunun bu k\u0131sm\u0131n\u0131n ba\u015fvuru yollar\u0131n\u0131n t\u00fcketilmemesi nedeniyle kabul edilemez oldu\u011funa karar verilmesi gerekir.<\/p>\n<p>B. M\u00fclkiyet Hakk\u0131n\u0131n \u0130hlal Edildi\u011fi \u0130ddias\u0131<\/p>\n<p>6. Anayasa Mahkemesi, kamu kurumlar\u0131ndan olan \u00e7e\u015fitli para alacaklar\u0131n\u0131n enflasyon kar\u015f\u0131s\u0131nda de\u011fer kayb\u0131na u\u011frat\u0131lmas\u0131na (veya u\u011frat\u0131larak \u00f6denmesine) ili\u015fkin \u015fik\u00e2yetleri inceleyerek uygulanacak anayasal ilkeleri belirlemi\u015ftir. Bu \u00e7er\u00e7evede kamu makamlar\u0131ndan olan alacaklar\u0131n enflasyon kar\u015f\u0131s\u0131nda \u00f6nemli \u00f6l\u00e7\u00fcde de\u011fer kayb\u0131nau\u011frat\u0131lmas\u0131n\u0131n (veya u\u011frat\u0131larak \u00f6denmesinin) ba\u015fvuruculara \u015fahsi olarak a\u015f\u0131r\u0131 ve ola\u011fan d\u0131\u015f\u0131 bir k\u00fclfet y\u00fckledi\u011fini belirterek m\u00fclkiyet hakk\u0131n\u0131n ihlal edildi\u011fi sonucuna ula\u015fm\u0131\u015ft\u0131r (bir sosyal g\u00fcvenlik \u00f6demesi y\u00f6n\u00fcnden bkz. Ferda Ye\u015filtepe [GK], B. No: 2014\/7621, 25\/7\/2017; ihale alaca\u011f\u0131 y\u00f6n\u00fcnden bkz. ANO \u0130n\u015faat ve Ticaret Ltd. \u015eti. [GK], B. No: 2014\/2267, 21\/12\/2017; vergi iadesi alaca\u011f\u0131 y\u00f6n\u00fcnden bkz. Akel G\u0131da San. ve Tic. A.\u015e., B. No: 2013\/28, 25\/2\/2015; deprem nedeniyle tazminat y\u00f6n\u00fcnden bkz. Abdulhalim Bozbo\u011fa, B. No: 2013\/6880, 23\/3\/2016; Y\u0131ld\u0131z Korkut, B. No: 2016\/8532, 9\/5\/2019; a\u00e7\u0131\u011fa al\u0131nan memurun maa\u015f farklar\u0131n\u0131n iadesi y\u00f6n\u00fcnden bkz. Vildan Utku Atalay, B. No: 2015\/4812, 7\/2\/2019).<\/p>\n<p>7. Somut ba\u015fvuruda da an\u0131lan kararlarda a\u00e7\u0131klanan ilkelerden ve ula\u015f\u0131lan sonu\u00e7tan ayr\u0131lmay\u0131 gerektiren bir durum bulunmamaktad\u0131r. A\u00e7\u0131klanan gerek\u00e7elerle Anayasa\u2019n\u0131n 35. maddesinde g\u00fcvence alt\u0131na al\u0131nan m\u00fclkiyet hakk\u0131n\u0131n ihlal edildi\u011fine karar verilmesi gerekir.<\/p>\n<p>III. G\u0130DER\u0130M <\/p>\n<p>8. Ba\u015fvurucular, ihlalin tespiti ile maddi ve manevi tazminat \u00f6denmesi talebinde bulunmu\u015ftur. Ba\u015fvuruda tespit edilen hak ihlalinin sonu\u00e7lar\u0131n\u0131n ortadan kald\u0131r\u0131lmas\u0131 i\u00e7in yeniden yarg\u0131lama yap\u0131lmas\u0131nda hukuki yarar bulunmaktad\u0131r. Bu kapsamda karar\u0131n g\u00f6nderildi\u011fi yarg\u0131 mercilerince yap\u0131lmas\u0131 gereken i\u015f, yeniden yarg\u0131lama i\u015flemlerini ba\u015flatmak ve Anayasa Mahkemesini ihlal sonucuna ula\u015ft\u0131ran nedenleri gideren, ihlal karar\u0131nda belirtilen ilkelere uygun yeni bir karar vermektir (Mehmet Do\u011fan [GK], B. No: 2014\/8875, 7\/6\/2018, \u00a7\u00a7 54-60; Alig\u00fcl Alkaya ve di\u011ferleri (2), B. No: 2016\/12506, 7\/11\/2019, \u00a7\u00a7 53-60, 66; Kadri Enis Berbero\u011flu (3) [GK], B. No: 2020\/32949, 21\/1\/2021, \u00a7\u00a7 93-100). \u0130hlalin ve sonu\u00e7lar\u0131n\u0131n ortadan kald\u0131r\u0131lmas\u0131 i\u00e7in yeniden yarg\u0131lama yap\u0131lmas\u0131n\u0131n yeterli giderim sa\u011flayaca\u011f\u0131 anla\u015f\u0131ld\u0131\u011f\u0131ndan tazminat taleplerinin reddine karar verilmesi gerekir.<\/p>\n<p>IV. H\u00dcK\u00dcM<\/p>\n<p>A\u00e7\u0131klanan gerek\u00e7elerle;<\/p>\n<p>A. Karar\u0131n icras\u0131 hakk\u0131n\u0131n ihlal edildi\u011fine ili\u015fkin iddian\u0131n ba\u015fvuru yollar\u0131n\u0131n t\u00fcketilmemesi nedeniyle KABUL ED\u0130LEMEZ OLDU\u011eUNA,<\/p>\n<p>B. M\u00fclkiyet hakk\u0131n\u0131n ihlal edildi\u011fine ili\u015fkin iddian\u0131n KABUL ED\u0130LEB\u0130L\u0130R OLDU\u011eUNA,<\/p>\n<p>C. Anayasa\u2019n\u0131n 35. maddesinde g\u00fcvence alt\u0131na al\u0131nan m\u00fclkiyet hakk\u0131n\u0131n \u0130HLAL ED\u0130LD\u0130\u011e\u0130NE,<\/p>\n<p>D. Karar\u0131n bir \u00f6rne\u011finin m\u00fclkiyet hakk\u0131n\u0131n ihlalinin sonu\u00e7lar\u0131n\u0131n ortadan kald\u0131r\u0131lmas\u0131 i\u00e7in yeniden yarg\u0131lama yap\u0131lmak \u00fczere Ak\u015fehir 2. Asliye Hukuk Mahkemesine (E.2017\/68, K.2020\/457), (E.2015\/445, K.2021\/598), (E.2021\/134, K.2021\/326) G\u00d6NDER\u0130LMES\u0130NE,<\/p>\n<p>E. Ba\u015fvurucular\u0131n tazminat taleplerinin REDD\u0130NE,<\/p>\n<p>F. 1.992,30 TL har\u00e7 ve 30.000 TL vek\u00e2let \u00fccretinden olu\u015fan toplam 31.992,30 TL yarg\u0131lama giderinin ba\u015fvuruculara M\u00dc\u015eTEREKEN \u00d6DENMES\u0130NE,<\/p>\n<p>G. \u00d6demelerin karar\u0131n tebli\u011fini takiben ba\u015fvurucular\u0131n Hazine ve Maliye Bakanl\u0131\u011f\u0131na ba\u015fvuru tarihinden itibaren d\u00f6rt ay i\u00e7inde yap\u0131lmas\u0131na, \u00f6demede gecikme olmas\u0131 h\u00e2linde bu s\u00fcrenin sona erdi\u011fi tarihten \u00f6deme tarihine kadar ge\u00e7en s\u00fcre i\u00e7in yasal faiz UYGULANMASINA,<\/p>\n<p>H. Karar\u0131n bir \u00f6rne\u011finin Adalet Bakanl\u0131\u011f\u0131na G\u00d6NDER\u0130LMES\u0130NE 8\/1\/2025 tarihinde OYB\u0130RL\u0130\u011e\u0130YLE karar verildi.<\/p>\n<p>\u200bAnayasa Mahkemesi&#8217;nin 8\/1\/2025 tarihli ve 2022\/30839 ba\u015fvuru numaral\u0131 karar\u0131\u00a0Hukuki Haber<\/p>\n<p>Haberin Al\u0131nt\u0131land\u0131\u011f\u0131 Kaynak: www.hukukihaber.net<\/p>","protected":false},"excerpt":{"rendered":"<p>T\u00dcRK\u0130YE CUMHUR\u0130YET\u0130 ANAYASA MAHKEMES\u0130 \u00a0 \u00a0 \u0130K\u0130NC\u0130 B\u00d6L\u00dcM \u00a0 KARAR \u00a0 AR\u0130FE DURAN VE D\u0130\u011eERLER\u0130 BA\u015eVURUSU (Ba\u015fvuru Numaras\u0131: 2022\/30839) \u00a0 Karar Tarihi: 8\/1\/2025 \u0130K\u0130NC\u0130 B\u00d6L\u00dcM \u00a0 KARAR \u00a0 \u00a0 Ba\u015fkan : Basri BA\u011eCI \u00dcyeler : Y\u0131ld\u0131z SEFER\u0130NO\u011eLU \u00a0 \u00a0 Kenan YA\u015eAR \u00a0 \u00a0 \u00d6mer \u00c7INAR \u00a0 \u00a0 Metin KIRATLI Raport\u00f6r : Olcay \u00d6ZCAN Ba\u015fvurucular : 1. Arife DURAN \u00a0 \u00a0 2. Cemile UZ \u00a0 \u00a0 3. Firdevs SARI \u00a0 \u00a0 4. G\u00fclseren BOZDEM\u0130R \u00a0 \u00a0 5. Hanife OKUMU\u015e \u00a0 \u00a0 6. Hasan \u015eAH\u0130N \u00a0 \u00a0 7. \u0130brahim UBUZ \u00a0 \u00a0 8. Mustafa BAYRAM \u00a0 \u00a0 9. Naci KOZAN \u00a0 \u00a0 10. \u00d6mer \u015eAH\u0130N \u00a0 \u00a0 11. Saadet \u00c7EL\u0130K \u00a0 \u00a0 12. Selahattin UBUZ \u00a0 \u00a0 13. \u00dcmit OKUMU\u015e \u00a0 \u00a0 14. Yakup \u015eAH\u0130N Vekili : Av. \u015eaziye \u0130rem TANDO\u011eAR EK\u0130NC\u0130 \u00a0 I. BA\u015eVURUNUN \u00d6ZET\u0130 1. Ba\u015fvuru, kamu kurumlar\u0131ndan olan alaca\u011f\u0131n de\u011fer kayb\u0131na u\u011frat\u0131lmas\u0131 (veya u\u011frat\u0131larak \u00f6denmesi) nedeniyle m\u00fclkiyet hakk\u0131n\u0131n ve yarg\u0131 karar\u0131n\u0131n icra edilmemesi nedeniyle karar\u0131n icras\u0131 hakk\u0131n\u0131n ihlal edildi\u011fi iddias\u0131na ili\u015fkindir. Ba\u015fvurucular, nihai h\u00fckm\u00fc farkl\u0131 tarihlerde \u00f6\u011frendikten sonra s\u00fcresi i\u00e7erisinde bireysel ba\u015fvuruda bulunmu\u015ftur. \u0130kinci B\u00f6l\u00fcm7\/11\/2023 ve 28\/12\/2023, Birinci B\u00f6l\u00fcm29\/12\/2023 tarihlerinde adil yarg\u0131lanma hakk\u0131 kapsam\u0131ndaki makul s\u00fcrede yarg\u0131lanma hakk\u0131n\u0131n ihlal edildi\u011fine ili\u015fkin iddian\u0131n ba\u015fvuru yollar\u0131n\u0131n t\u00fcketilmemesi nedeniyle kabul edilemez oldu\u011funa, &hellip;<\/p>","protected":false},"author":3,"featured_media":0,"comment_status":"","ping_status":"open","sticky":false,"template":"","format":"standard","meta":{"_acf_changed":false,"footnotes":""},"categories":[27],"tags":[],"class_list":["post-36233","post","type-post","status-publish","format-standard","has-post-thumbnail","hentry","category-hukukihaber"],"acf":[],"yoast_head":"<!-- This site is optimized with the Yoast SEO Premium plugin v26.6 (Yoast SEO v27.1.1) - https:\/\/yoast.com\/product\/yoast-seo-premium-wordpress\/ -->\n<title>AYM&#039;nin 2022\/30839 ba\u015fvuru numaral\u0131 karar\u0131 - Av. Deniz Can K\u0131z\u0131l<\/title>\n<meta name=\"robots\" content=\"index, follow, max-snippet:-1, max-image-preview:large, max-video-preview:-1\" \/>\n<link rel=\"canonical\" href=\"https:\/\/denizcankizil.tr\/de\/hukukihaber\/aymnin-2022-30839-basvuru-numarali-karari\/\" \/>\n<meta property=\"og:locale\" content=\"de_DE\" \/>\n<meta property=\"og:type\" content=\"article\" \/>\n<meta property=\"og:title\" content=\"AYM&#039;nin 2022\/30839 ba\u015fvuru numaral\u0131 karar\u0131\" \/>\n<meta property=\"og:description\" content=\"T\u00dcRK\u0130YE CUMHUR\u0130YET\u0130 ANAYASA MAHKEMES\u0130 \u00a0 \u00a0 \u0130K\u0130NC\u0130 B\u00d6L\u00dcM \u00a0 KARAR \u00a0 AR\u0130FE DURAN VE D\u0130\u011eERLER\u0130 BA\u015eVURUSU (Ba\u015fvuru Numaras\u0131: 2022\/30839) \u00a0 Karar Tarihi: 8\/1\/2025 \u0130K\u0130NC\u0130 B\u00d6L\u00dcM \u00a0 KARAR \u00a0 \u00a0 Ba\u015fkan : Basri BA\u011eCI \u00dcyeler : Y\u0131ld\u0131z SEFER\u0130NO\u011eLU \u00a0 \u00a0 Kenan YA\u015eAR \u00a0 \u00a0 \u00d6mer \u00c7INAR \u00a0 \u00a0 Metin KIRATLI Raport\u00f6r : Olcay \u00d6ZCAN Ba\u015fvurucular : 1. Arife DURAN \u00a0 \u00a0 2. Cemile UZ \u00a0 \u00a0 3. Firdevs SARI \u00a0 \u00a0 4. G\u00fclseren BOZDEM\u0130R \u00a0 \u00a0 5. Hanife OKUMU\u015e \u00a0 \u00a0 6. Hasan \u015eAH\u0130N \u00a0 \u00a0 7. \u0130brahim UBUZ \u00a0 \u00a0 8. Mustafa BAYRAM \u00a0 \u00a0 9. Naci KOZAN \u00a0 \u00a0 10. \u00d6mer \u015eAH\u0130N \u00a0 \u00a0 11. Saadet \u00c7EL\u0130K \u00a0 \u00a0 12. Selahattin UBUZ \u00a0 \u00a0 13. \u00dcmit OKUMU\u015e \u00a0 \u00a0 14. Yakup \u015eAH\u0130N Vekili : Av. \u015eaziye \u0130rem TANDO\u011eAR EK\u0130NC\u0130 \u00a0 I. BA\u015eVURUNUN \u00d6ZET\u0130 1. Ba\u015fvuru, kamu kurumlar\u0131ndan olan alaca\u011f\u0131n de\u011fer kayb\u0131na u\u011frat\u0131lmas\u0131 (veya u\u011frat\u0131larak \u00f6denmesi) nedeniyle m\u00fclkiyet hakk\u0131n\u0131n ve yarg\u0131 karar\u0131n\u0131n icra edilmemesi nedeniyle karar\u0131n icras\u0131 hakk\u0131n\u0131n ihlal edildi\u011fi iddias\u0131na ili\u015fkindir. Ba\u015fvurucular, nihai h\u00fckm\u00fc farkl\u0131 tarihlerde \u00f6\u011frendikten sonra s\u00fcresi i\u00e7erisinde bireysel ba\u015fvuruda bulunmu\u015ftur. \u0130kinci B\u00f6l\u00fcm7\/11\/2023 ve 28\/12\/2023, Birinci B\u00f6l\u00fcm29\/12\/2023 tarihlerinde adil yarg\u0131lanma hakk\u0131 kapsam\u0131ndaki makul s\u00fcrede yarg\u0131lanma hakk\u0131n\u0131n ihlal edildi\u011fine ili\u015fkin iddian\u0131n ba\u015fvuru yollar\u0131n\u0131n t\u00fcketilmemesi nedeniyle kabul edilemez oldu\u011funa, &hellip;\" \/>\n<meta property=\"og:url\" content=\"https:\/\/denizcankizil.tr\/de\/hukukihaber\/aymnin-2022-30839-basvuru-numarali-karari\/\" \/>\n<meta property=\"og:site_name\" content=\"Av. Deniz Can K\u0131z\u0131l\" \/>\n<meta property=\"article:published_time\" content=\"2025-03-18T13:50:00+00:00\" \/>\n<meta name=\"author\" content=\"Hukuki Haber.net\" \/>\n<meta name=\"twitter:card\" content=\"summary_large_image\" \/>\n<meta name=\"twitter:label1\" content=\"Verfasst von\" \/>\n\t<meta name=\"twitter:data1\" content=\"Hukuki Haber.net\" \/>\n\t<meta name=\"twitter:label2\" content=\"Gesch\u00e4tzte Lesezeit\" \/>\n\t<meta name=\"twitter:data2\" content=\"6\u00a0Minuten\" \/>\n<script type=\"application\/ld+json\" class=\"yoast-schema-graph\">{\"@context\":\"https:\/\/schema.org\",\"@graph\":[{\"@type\":\"Article\",\"@id\":\"https:\/\/denizcankizil.tr\/de\/hukukihaber\/aymnin-2022-30839-basvuru-numarali-karari\/#article\",\"isPartOf\":{\"@id\":\"https:\/\/denizcankizil.tr\/de\/hukukihaber\/aymnin-2022-30839-basvuru-numarali-karari\/\"},\"author\":{\"name\":\"Hukuki Haber.net\",\"@id\":\"https:\/\/denizcankizil.tr\/#\/schema\/person\/001a271de994a0aa3f90eea084424822\"},\"headline\":\"AYM&#8217;nin 2022\/30839 ba\u015fvuru numaral\u0131 karar\u0131\",\"datePublished\":\"2025-03-18T13:50:00+00:00\",\"mainEntityOfPage\":{\"@id\":\"https:\/\/denizcankizil.tr\/de\/hukukihaber\/aymnin-2022-30839-basvuru-numarali-karari\/\"},\"wordCount\":1145,\"publisher\":{\"@id\":\"https:\/\/denizcankizil.tr\/#organization\"},\"articleSection\":[\"Hukuki Haberler\"],\"inLanguage\":\"de\"},{\"@type\":\"WebPage\",\"@id\":\"https:\/\/denizcankizil.tr\/de\/hukukihaber\/aymnin-2022-30839-basvuru-numarali-karari\/\",\"url\":\"https:\/\/denizcankizil.tr\/de\/hukukihaber\/aymnin-2022-30839-basvuru-numarali-karari\/\",\"name\":\"AYM'nin 2022\/30839 ba\u015fvuru numaral\u0131 karar\u0131 - Av. Deniz Can K\u0131z\u0131l\",\"isPartOf\":{\"@id\":\"https:\/\/denizcankizil.tr\/#website\"},\"datePublished\":\"2025-03-18T13:50:00+00:00\",\"breadcrumb\":{\"@id\":\"https:\/\/denizcankizil.tr\/de\/hukukihaber\/aymnin-2022-30839-basvuru-numarali-karari\/#breadcrumb\"},\"inLanguage\":\"de\",\"potentialAction\":[{\"@type\":\"ReadAction\",\"target\":[\"https:\/\/denizcankizil.tr\/de\/hukukihaber\/aymnin-2022-30839-basvuru-numarali-karari\/\"]}]},{\"@type\":\"BreadcrumbList\",\"@id\":\"https:\/\/denizcankizil.tr\/de\/hukukihaber\/aymnin-2022-30839-basvuru-numarali-karari\/#breadcrumb\",\"itemListElement\":[{\"@type\":\"ListItem\",\"position\":1,\"name\":\"Home\",\"item\":\"https:\/\/denizcankizil.tr\/de\/\"},{\"@type\":\"ListItem\",\"position\":2,\"name\":\"AYM&#8217;nin 2022\/30839 ba\u015fvuru numaral\u0131 karar\u0131\"}]},{\"@type\":\"WebSite\",\"@id\":\"https:\/\/denizcankizil.tr\/#website\",\"url\":\"https:\/\/denizcankizil.tr\/\",\"name\":\"Av. Deniz Can K\u0131z\u0131l\",\"description\":\"Avukat Deniz Can K\u0131z\u0131l Antalya Barosu\",\"publisher\":{\"@id\":\"https:\/\/denizcankizil.tr\/#organization\"},\"potentialAction\":[{\"@type\":\"SearchAction\",\"target\":{\"@type\":\"EntryPoint\",\"urlTemplate\":\"https:\/\/denizcankizil.tr\/?s={search_term_string}\"},\"query-input\":{\"@type\":\"PropertyValueSpecification\",\"valueRequired\":true,\"valueName\":\"search_term_string\"}}],\"inLanguage\":\"de\"},{\"@type\":\"Organization\",\"@id\":\"https:\/\/denizcankizil.tr\/#organization\",\"name\":\"Av. Deniz Can K\u0131z\u0131l\",\"url\":\"https:\/\/denizcankizil.tr\/\",\"logo\":{\"@type\":\"ImageObject\",\"inLanguage\":\"de\",\"@id\":\"https:\/\/denizcankizil.tr\/#\/schema\/logo\/image\/\",\"url\":\"https:\/\/denizcankizil.tr\/wp-content\/uploads\/2024\/10\/siyah-logo-svg.svg\",\"contentUrl\":\"https:\/\/denizcankizil.tr\/wp-content\/uploads\/2024\/10\/siyah-logo-svg.svg\",\"width\":1080,\"height\":1080,\"caption\":\"Av. Deniz Can K\u0131z\u0131l\"},\"image\":{\"@id\":\"https:\/\/denizcankizil.tr\/#\/schema\/logo\/image\/\"}},{\"@type\":\"Person\",\"@id\":\"https:\/\/denizcankizil.tr\/#\/schema\/person\/001a271de994a0aa3f90eea084424822\",\"name\":\"Hukuki Haber.net\",\"image\":{\"@type\":\"ImageObject\",\"inLanguage\":\"de\",\"@id\":\"https:\/\/denizcankizil.tr\/#\/schema\/person\/image\/\",\"url\":\"https:\/\/secure.gravatar.com\/avatar\/57d8a49151495586611a149d29fc42865b951dc053a84709a3172ccb5abf3118?s=96&d=mm&r=g\",\"contentUrl\":\"https:\/\/secure.gravatar.com\/avatar\/57d8a49151495586611a149d29fc42865b951dc053a84709a3172ccb5abf3118?s=96&d=mm&r=g\",\"caption\":\"Hukuki Haber.net\"},\"sameAs\":[\"http:\/\/www.hukukihaber.net\"],\"url\":\"https:\/\/denizcankizil.tr\/de\/author\/hukukihabernet\/\"}]}<\/script>\n<!-- \/ Yoast SEO Premium plugin. -->","yoast_head_json":{"title":"AYM'nin 2022\/30839 ba\u015fvuru numaral\u0131 karar\u0131 - Av. Deniz Can K\u0131z\u0131l","robots":{"index":"index","follow":"follow","max-snippet":"max-snippet:-1","max-image-preview":"max-image-preview:large","max-video-preview":"max-video-preview:-1"},"canonical":"https:\/\/denizcankizil.tr\/de\/hukukihaber\/aymnin-2022-30839-basvuru-numarali-karari\/","og_locale":"de_DE","og_type":"article","og_title":"AYM'nin 2022\/30839 ba\u015fvuru numaral\u0131 karar\u0131","og_description":"T\u00dcRK\u0130YE CUMHUR\u0130YET\u0130 ANAYASA MAHKEMES\u0130 \u00a0 \u00a0 \u0130K\u0130NC\u0130 B\u00d6L\u00dcM \u00a0 KARAR \u00a0 AR\u0130FE DURAN VE D\u0130\u011eERLER\u0130 BA\u015eVURUSU (Ba\u015fvuru Numaras\u0131: 2022\/30839) \u00a0 Karar Tarihi: 8\/1\/2025 \u0130K\u0130NC\u0130 B\u00d6L\u00dcM \u00a0 KARAR \u00a0 \u00a0 Ba\u015fkan : Basri BA\u011eCI \u00dcyeler : Y\u0131ld\u0131z SEFER\u0130NO\u011eLU \u00a0 \u00a0 Kenan YA\u015eAR \u00a0 \u00a0 \u00d6mer \u00c7INAR \u00a0 \u00a0 Metin KIRATLI Raport\u00f6r : Olcay \u00d6ZCAN Ba\u015fvurucular : 1. Arife DURAN \u00a0 \u00a0 2. Cemile UZ \u00a0 \u00a0 3. Firdevs SARI \u00a0 \u00a0 4. G\u00fclseren BOZDEM\u0130R \u00a0 \u00a0 5. Hanife OKUMU\u015e \u00a0 \u00a0 6. Hasan \u015eAH\u0130N \u00a0 \u00a0 7. \u0130brahim UBUZ \u00a0 \u00a0 8. Mustafa BAYRAM \u00a0 \u00a0 9. Naci KOZAN \u00a0 \u00a0 10. \u00d6mer \u015eAH\u0130N \u00a0 \u00a0 11. Saadet \u00c7EL\u0130K \u00a0 \u00a0 12. Selahattin UBUZ \u00a0 \u00a0 13. \u00dcmit OKUMU\u015e \u00a0 \u00a0 14. Yakup \u015eAH\u0130N Vekili : Av. \u015eaziye \u0130rem TANDO\u011eAR EK\u0130NC\u0130 \u00a0 I. BA\u015eVURUNUN \u00d6ZET\u0130 1. Ba\u015fvuru, kamu kurumlar\u0131ndan olan alaca\u011f\u0131n de\u011fer kayb\u0131na u\u011frat\u0131lmas\u0131 (veya u\u011frat\u0131larak \u00f6denmesi) nedeniyle m\u00fclkiyet hakk\u0131n\u0131n ve yarg\u0131 karar\u0131n\u0131n icra edilmemesi nedeniyle karar\u0131n icras\u0131 hakk\u0131n\u0131n ihlal edildi\u011fi iddias\u0131na ili\u015fkindir. Ba\u015fvurucular, nihai h\u00fckm\u00fc farkl\u0131 tarihlerde \u00f6\u011frendikten sonra s\u00fcresi i\u00e7erisinde bireysel ba\u015fvuruda bulunmu\u015ftur. \u0130kinci B\u00f6l\u00fcm7\/11\/2023 ve 28\/12\/2023, Birinci B\u00f6l\u00fcm29\/12\/2023 tarihlerinde adil yarg\u0131lanma hakk\u0131 kapsam\u0131ndaki makul s\u00fcrede yarg\u0131lanma hakk\u0131n\u0131n ihlal edildi\u011fine ili\u015fkin iddian\u0131n ba\u015fvuru yollar\u0131n\u0131n t\u00fcketilmemesi nedeniyle kabul edilemez oldu\u011funa, &hellip;","og_url":"https:\/\/denizcankizil.tr\/de\/hukukihaber\/aymnin-2022-30839-basvuru-numarali-karari\/","og_site_name":"Av. Deniz Can K\u0131z\u0131l","article_published_time":"2025-03-18T13:50:00+00:00","author":"Hukuki Haber.net","twitter_card":"summary_large_image","twitter_misc":{"Verfasst von":"Hukuki Haber.net","Gesch\u00e4tzte Lesezeit":"6\u00a0Minuten"},"schema":{"@context":"https:\/\/schema.org","@graph":[{"@type":"Article","@id":"https:\/\/denizcankizil.tr\/de\/hukukihaber\/aymnin-2022-30839-basvuru-numarali-karari\/#article","isPartOf":{"@id":"https:\/\/denizcankizil.tr\/de\/hukukihaber\/aymnin-2022-30839-basvuru-numarali-karari\/"},"author":{"name":"Hukuki Haber.net","@id":"https:\/\/denizcankizil.tr\/#\/schema\/person\/001a271de994a0aa3f90eea084424822"},"headline":"AYM&#8217;nin 2022\/30839 ba\u015fvuru numaral\u0131 karar\u0131","datePublished":"2025-03-18T13:50:00+00:00","mainEntityOfPage":{"@id":"https:\/\/denizcankizil.tr\/de\/hukukihaber\/aymnin-2022-30839-basvuru-numarali-karari\/"},"wordCount":1145,"publisher":{"@id":"https:\/\/denizcankizil.tr\/#organization"},"articleSection":["Hukuki Haberler"],"inLanguage":"de"},{"@type":"WebPage","@id":"https:\/\/denizcankizil.tr\/de\/hukukihaber\/aymnin-2022-30839-basvuru-numarali-karari\/","url":"https:\/\/denizcankizil.tr\/de\/hukukihaber\/aymnin-2022-30839-basvuru-numarali-karari\/","name":"AYM'nin 2022\/30839 ba\u015fvuru numaral\u0131 karar\u0131 - Av. Deniz Can K\u0131z\u0131l","isPartOf":{"@id":"https:\/\/denizcankizil.tr\/#website"},"datePublished":"2025-03-18T13:50:00+00:00","breadcrumb":{"@id":"https:\/\/denizcankizil.tr\/de\/hukukihaber\/aymnin-2022-30839-basvuru-numarali-karari\/#breadcrumb"},"inLanguage":"de","potentialAction":[{"@type":"ReadAction","target":["https:\/\/denizcankizil.tr\/de\/hukukihaber\/aymnin-2022-30839-basvuru-numarali-karari\/"]}]},{"@type":"BreadcrumbList","@id":"https:\/\/denizcankizil.tr\/de\/hukukihaber\/aymnin-2022-30839-basvuru-numarali-karari\/#breadcrumb","itemListElement":[{"@type":"ListItem","position":1,"name":"Home","item":"https:\/\/denizcankizil.tr\/de\/"},{"@type":"ListItem","position":2,"name":"AYM&#8217;nin 2022\/30839 ba\u015fvuru numaral\u0131 karar\u0131"}]},{"@type":"WebSite","@id":"https:\/\/denizcankizil.tr\/#website","url":"https:\/\/denizcankizil.tr\/","name":"Av. Deniz Can K\u0131z\u0131l","description":"Avukat Deniz Can K\u0131z\u0131l Antalya Barosu","publisher":{"@id":"https:\/\/denizcankizil.tr\/#organization"},"potentialAction":[{"@type":"SearchAction","target":{"@type":"EntryPoint","urlTemplate":"https:\/\/denizcankizil.tr\/?s={search_term_string}"},"query-input":{"@type":"PropertyValueSpecification","valueRequired":true,"valueName":"search_term_string"}}],"inLanguage":"de"},{"@type":"Organization","@id":"https:\/\/denizcankizil.tr\/#organization","name":"Av. Deniz Can K\u0131z\u0131l","url":"https:\/\/denizcankizil.tr\/","logo":{"@type":"ImageObject","inLanguage":"de","@id":"https:\/\/denizcankizil.tr\/#\/schema\/logo\/image\/","url":"https:\/\/denizcankizil.tr\/wp-content\/uploads\/2024\/10\/siyah-logo-svg.svg","contentUrl":"https:\/\/denizcankizil.tr\/wp-content\/uploads\/2024\/10\/siyah-logo-svg.svg","width":1080,"height":1080,"caption":"Av. Deniz Can K\u0131z\u0131l"},"image":{"@id":"https:\/\/denizcankizil.tr\/#\/schema\/logo\/image\/"}},{"@type":"Person","@id":"https:\/\/denizcankizil.tr\/#\/schema\/person\/001a271de994a0aa3f90eea084424822","name":"Hukuki Haber.net","image":{"@type":"ImageObject","inLanguage":"de","@id":"https:\/\/denizcankizil.tr\/#\/schema\/person\/image\/","url":"https:\/\/secure.gravatar.com\/avatar\/57d8a49151495586611a149d29fc42865b951dc053a84709a3172ccb5abf3118?s=96&d=mm&r=g","contentUrl":"https:\/\/secure.gravatar.com\/avatar\/57d8a49151495586611a149d29fc42865b951dc053a84709a3172ccb5abf3118?s=96&d=mm&r=g","caption":"Hukuki Haber.net"},"sameAs":["http:\/\/www.hukukihaber.net"],"url":"https:\/\/denizcankizil.tr\/de\/author\/hukukihabernet\/"}]}},"_links":{"self":[{"href":"https:\/\/denizcankizil.tr\/de\/wp-json\/wp\/v2\/posts\/36233","targetHints":{"allow":["GET"]}}],"collection":[{"href":"https:\/\/denizcankizil.tr\/de\/wp-json\/wp\/v2\/posts"}],"about":[{"href":"https:\/\/denizcankizil.tr\/de\/wp-json\/wp\/v2\/types\/post"}],"author":[{"embeddable":true,"href":"https:\/\/denizcankizil.tr\/de\/wp-json\/wp\/v2\/users\/3"}],"replies":[{"embeddable":true,"href":"https:\/\/denizcankizil.tr\/de\/wp-json\/wp\/v2\/comments?post=36233"}],"version-history":[{"count":0,"href":"https:\/\/denizcankizil.tr\/de\/wp-json\/wp\/v2\/posts\/36233\/revisions"}],"wp:attachment":[{"href":"https:\/\/denizcankizil.tr\/de\/wp-json\/wp\/v2\/media?parent=36233"}],"wp:term":[{"taxonomy":"category","embeddable":true,"href":"https:\/\/denizcankizil.tr\/de\/wp-json\/wp\/v2\/categories?post=36233"},{"taxonomy":"post_tag","embeddable":true,"href":"https:\/\/denizcankizil.tr\/de\/wp-json\/wp\/v2\/tags?post=36233"}],"curies":[{"name":"wp","href":"https:\/\/api.w.org\/{rel}","templated":true}]}}