{"id":36212,"date":"2025-03-18T16:41:42","date_gmt":"2025-03-18T13:41:42","guid":{"rendered":"https:\/\/denizcankizil.tr\/uncategorized-tr\/halk-tvde-sular-durulmuyor-kanalin-onemli-ismi-ifadeye-cagrildi\/"},"modified":"2025-03-18T16:41:42","modified_gmt":"2025-03-18T13:41:42","slug":"halk-tvde-sular-durulmuyor-kanalin-onemli-ismi-ifadeye-cagrildi","status":"publish","type":"post","link":"https:\/\/denizcankizil.tr\/de\/haberler\/gundem\/halk-tvde-sular-durulmuyor-kanalin-onemli-ismi-ifadeye-cagrildi\/","title":{"rendered":"Halk TV\u2019de sular durulmuyor: Kanal\u0131n \u00f6nemli ismi ifadeye \u00e7a\u011fr\u0131ld\u0131"},"content":{"rendered":"<p>Halk TV ana haber sunucusu Ece \u00dcner, savc\u0131l\u0131k taraf\u0131ndan ba\u015flat\u0131lan soru\u015fturma kapsam\u0131nda polisler e\u015fli\u011finde ifade vermeye adliyeye gitti\u011fi \u00f6\u011frenildi. Sabah&#8217;\u0131n haberine g\u00f6re \u00dcner&#8217;in\u00a0\u201cYarg\u0131 organlar\u0131n\u0131 alenen a\u015fa\u011f\u0131lama\u201d ve \u201cAdil yarg\u0131lamay\u0131 etkilemeye te\u015febb\u00fcs\u201d su\u00e7lar\u0131ndan soru\u015fturma ba\u015flat\u0131ld\u0131\u011f\u0131 iddia edildi.\u00a0<\/p>\n<p>ECE \u00dcNER HAKKINDA SORU\u015eTURMA BA\u015eLATILDI\u00a0<\/p>\n<p>Gazeteci \u0130smail Saymaz\u2019\u0131n pasaportuna el konulmas\u0131na ili\u015fkin \u00dcner, sosyal medya hesab\u0131ndan &#8221;FET\u00d6 art\u0131\u011f\u0131 operasyon \u00e7ocuklar\u0131n\u0131n itibar suikastleri b\u0131kt\u0131rd\u0131 art\u0131k!&#8221; yorumunda bulunmu\u015ftu. Harekete ge\u00e7en savc\u0131l\u0131k, \u00dcner hakk\u0131nda \u201cYarg\u0131 organlar\u0131n\u0131 alenen a\u015fa\u011f\u0131lama\u201d ve \u201cAdil yarg\u0131lamay\u0131 etkilemeye te\u015febb\u00fcs\u201d su\u00e7lar\u0131ndan soru\u015fturma ba\u015flatt\u0131. \u00dcner ifade vermek \u00fczere polis e\u015fli\u011finde adliyeye getirildi.<\/p>\n<p>\u0130SMA\u0130L SAYMAZ\u2019A YURT DI\u015eINA \u00c7IKMA YASA\u011eI<\/p>\n<p>Ge\u00e7ti\u011fimiz hafta Halk TV&#8217;de g\u00f6rev yapan gazeteci \u0130smail Saymaz da yurt d\u0131\u015f\u0131na \u00e7\u0131kmak isterken pasaportuna el konuldu\u011funu a\u00e7\u0131klam\u0131\u015ft\u0131. Saymaz, konuya ili\u015fkin yapt\u0131\u011f\u0131 payla\u015f\u0131mda, hakk\u0131nda bir soru\u015fturma oldu\u011funu ancak avukatlar\u0131n\u0131n bile s\u00fcrecin nedenini tam olarak \u00f6\u011frenemedi\u011fini belirtmi\u015fti.<\/p>\n<p>HALK TV\u2019YE SORU\u015eTURMA S\u0130LS\u0130LES\u0130\u00a0<\/p>\n<p>Daha \u00f6ncesinde \u0130stanbul B\u00fcy\u00fck\u015fehir Belediye (\u0130BB) Ba\u015fkan\u0131 Ekrem \u0130mamo\u011flu&#8217;nun d\u00fczenledi\u011fi bas\u0131n toplant\u0131s\u0131nda g\u00fcndeme getirdi\u011fi bilirki\u015fi S.B. ile yap\u0131lan telefon g\u00f6r\u00fc\u015fmesinin Halk TV&#8217;de yay\u0131mlanmas\u0131 \u00fczerine Halk TV Genel Yay\u0131n Y\u00f6netmeni Suat Tokta\u015f, Sorumlu M\u00fcd\u00fcr Serhan Asker, Programlar Koordinat\u00f6r\u00fc K\u00fcr\u015fad O\u011fuz, programc\u0131 Bar\u0131\u015f Pehlivan ve sunucu Seda Selek hakk\u0131nda soru\u015fturma ba\u015flat\u0131lm\u0131\u015ft\u0131.<\/p>\n<p>\u200bMuhalif yay\u0131nc\u0131l\u0131\u011f\u0131yla \u00f6n plana \u00e7\u0131kan Halk TV\u2019de sular durulmuyor. Bu kez Halk TV ana haber sunucu Ece \u00dcner, savc\u0131l\u0131\u011f\u0131n talimat\u0131yla ifadeye \u00e7a\u011f\u0131r\u0131ld\u0131.\u00a0<\/p>\n<p>\u200bHaberin Al\u0131nt\u0131land\u0131\u011f\u0131 Kaynak: www.antalyakorfez.com<\/p>","protected":false},"excerpt":{"rendered":"<p>Halk TV ana haber sunucusu Ece \u00dcner, savc\u0131l\u0131k taraf\u0131ndan ba\u015flat\u0131lan soru\u015fturma kapsam\u0131nda polisler e\u015fli\u011finde ifade vermeye adliyeye gitti\u011fi \u00f6\u011frenildi. Sabah&#8217;\u0131n haberine g\u00f6re \u00dcner&#8217;in\u00a0\u201cYarg\u0131 organlar\u0131n\u0131 alenen a\u015fa\u011f\u0131lama\u201d ve \u201cAdil yarg\u0131lamay\u0131 etkilemeye te\u015febb\u00fcs\u201d su\u00e7lar\u0131ndan soru\u015fturma ba\u015flat\u0131ld\u0131\u011f\u0131 iddia edildi.\u00a0 ECE \u00dcNER HAKKINDA SORU\u015eTURMA BA\u015eLATILDI\u00a0 Gazeteci \u0130smail Saymaz\u2019\u0131n pasaportuna el konulmas\u0131na ili\u015fkin \u00dcner, sosyal medya hesab\u0131ndan &#8221;FET\u00d6 art\u0131\u011f\u0131 operasyon \u00e7ocuklar\u0131n\u0131n itibar suikastleri b\u0131kt\u0131rd\u0131 art\u0131k!&#8221; yorumunda bulunmu\u015ftu. Harekete ge\u00e7en savc\u0131l\u0131k, \u00dcner hakk\u0131nda \u201cYarg\u0131 organlar\u0131n\u0131 alenen a\u015fa\u011f\u0131lama\u201d ve \u201cAdil yarg\u0131lamay\u0131 etkilemeye te\u015febb\u00fcs\u201d su\u00e7lar\u0131ndan soru\u015fturma ba\u015flatt\u0131. \u00dcner ifade vermek \u00fczere polis e\u015fli\u011finde adliyeye getirildi. \u0130SMA\u0130L SAYMAZ\u2019A YURT DI\u015eINA \u00c7IKMA YASA\u011eI Ge\u00e7ti\u011fimiz hafta Halk TV&#8217;de g\u00f6rev yapan gazeteci \u0130smail Saymaz da yurt d\u0131\u015f\u0131na \u00e7\u0131kmak isterken pasaportuna el konuldu\u011funu a\u00e7\u0131klam\u0131\u015ft\u0131. Saymaz, konuya ili\u015fkin yapt\u0131\u011f\u0131 payla\u015f\u0131mda, hakk\u0131nda bir soru\u015fturma oldu\u011funu ancak avukatlar\u0131n\u0131n bile s\u00fcrecin nedenini tam olarak \u00f6\u011frenemedi\u011fini belirtmi\u015fti. HALK TV\u2019YE SORU\u015eTURMA S\u0130LS\u0130LES\u0130\u00a0 Daha \u00f6ncesinde \u0130stanbul B\u00fcy\u00fck\u015fehir Belediye (\u0130BB) Ba\u015fkan\u0131 Ekrem \u0130mamo\u011flu&#8217;nun d\u00fczenledi\u011fi bas\u0131n toplant\u0131s\u0131nda g\u00fcndeme getirdi\u011fi bilirki\u015fi S.B. ile yap\u0131lan telefon g\u00f6r\u00fc\u015fmesinin Halk TV&#8217;de yay\u0131mlanmas\u0131 \u00fczerine Halk TV Genel Yay\u0131n Y\u00f6netmeni Suat Tokta\u015f, Sorumlu M\u00fcd\u00fcr Serhan Asker, Programlar Koordinat\u00f6r\u00fc K\u00fcr\u015fad O\u011fuz, programc\u0131 Bar\u0131\u015f Pehlivan ve sunucu Seda Selek hakk\u0131nda soru\u015fturma ba\u015flat\u0131lm\u0131\u015ft\u0131. \u200bMuhalif yay\u0131nc\u0131l\u0131\u011f\u0131yla \u00f6n plana \u00e7\u0131kan Halk TV\u2019de sular durulmuyor. Bu kez Halk TV ana haber sunucu Ece \u00dcner, &hellip;<\/p>","protected":false},"author":5,"featured_media":0,"comment_status":"","ping_status":"open","sticky":false,"template":"","format":"standard","meta":{"_acf_changed":false,"footnotes":""},"categories":[24],"tags":[],"class_list":["post-36212","post","type-post","status-publish","format-standard","has-post-thumbnail","hentry","category-gundem"],"acf":[],"yoast_head":"<!-- This site is optimized with the Yoast SEO Premium plugin v26.6 (Yoast SEO v27.1.1) - https:\/\/yoast.com\/product\/yoast-seo-premium-wordpress\/ -->\n<title>Halk TV\u2019de sular durulmuyor: Kanal\u0131n \u00f6nemli ismi ifadeye \u00e7a\u011fr\u0131ld\u0131 - Av. Deniz Can K\u0131z\u0131l<\/title>\n<meta name=\"robots\" content=\"index, follow, max-snippet:-1, max-image-preview:large, max-video-preview:-1\" \/>\n<link rel=\"canonical\" href=\"https:\/\/denizcankizil.tr\/de\/haberler\/gundem\/halk-tvde-sular-durulmuyor-kanalin-onemli-ismi-ifadeye-cagrildi\/\" \/>\n<meta property=\"og:locale\" content=\"de_DE\" \/>\n<meta property=\"og:type\" content=\"article\" \/>\n<meta property=\"og:title\" content=\"Halk TV\u2019de sular durulmuyor: Kanal\u0131n \u00f6nemli ismi ifadeye \u00e7a\u011fr\u0131ld\u0131\" \/>\n<meta property=\"og:description\" content=\"Halk TV ana haber sunucusu Ece \u00dcner, savc\u0131l\u0131k taraf\u0131ndan ba\u015flat\u0131lan soru\u015fturma kapsam\u0131nda polisler e\u015fli\u011finde ifade vermeye adliyeye gitti\u011fi \u00f6\u011frenildi. Sabah&#8217;\u0131n haberine g\u00f6re \u00dcner&#8217;in\u00a0\u201cYarg\u0131 organlar\u0131n\u0131 alenen a\u015fa\u011f\u0131lama\u201d ve \u201cAdil yarg\u0131lamay\u0131 etkilemeye te\u015febb\u00fcs\u201d su\u00e7lar\u0131ndan soru\u015fturma ba\u015flat\u0131ld\u0131\u011f\u0131 iddia edildi.\u00a0 ECE \u00dcNER HAKKINDA SORU\u015eTURMA BA\u015eLATILDI\u00a0 Gazeteci \u0130smail Saymaz\u2019\u0131n pasaportuna el konulmas\u0131na ili\u015fkin \u00dcner, sosyal medya hesab\u0131ndan &#8221;FET\u00d6 art\u0131\u011f\u0131 operasyon \u00e7ocuklar\u0131n\u0131n itibar suikastleri b\u0131kt\u0131rd\u0131 art\u0131k!&#8221; yorumunda bulunmu\u015ftu. Harekete ge\u00e7en savc\u0131l\u0131k, \u00dcner hakk\u0131nda \u201cYarg\u0131 organlar\u0131n\u0131 alenen a\u015fa\u011f\u0131lama\u201d ve \u201cAdil yarg\u0131lamay\u0131 etkilemeye te\u015febb\u00fcs\u201d su\u00e7lar\u0131ndan soru\u015fturma ba\u015flatt\u0131. \u00dcner ifade vermek \u00fczere polis e\u015fli\u011finde adliyeye getirildi. \u0130SMA\u0130L SAYMAZ\u2019A YURT DI\u015eINA \u00c7IKMA YASA\u011eI Ge\u00e7ti\u011fimiz hafta Halk TV&#8217;de g\u00f6rev yapan gazeteci \u0130smail Saymaz da yurt d\u0131\u015f\u0131na \u00e7\u0131kmak isterken pasaportuna el konuldu\u011funu a\u00e7\u0131klam\u0131\u015ft\u0131. Saymaz, konuya ili\u015fkin yapt\u0131\u011f\u0131 payla\u015f\u0131mda, hakk\u0131nda bir soru\u015fturma oldu\u011funu ancak avukatlar\u0131n\u0131n bile s\u00fcrecin nedenini tam olarak \u00f6\u011frenemedi\u011fini belirtmi\u015fti. HALK TV\u2019YE SORU\u015eTURMA S\u0130LS\u0130LES\u0130\u00a0 Daha \u00f6ncesinde \u0130stanbul B\u00fcy\u00fck\u015fehir Belediye (\u0130BB) Ba\u015fkan\u0131 Ekrem \u0130mamo\u011flu&#8217;nun d\u00fczenledi\u011fi bas\u0131n toplant\u0131s\u0131nda g\u00fcndeme getirdi\u011fi bilirki\u015fi S.B. ile yap\u0131lan telefon g\u00f6r\u00fc\u015fmesinin Halk TV&#8217;de yay\u0131mlanmas\u0131 \u00fczerine Halk TV Genel Yay\u0131n Y\u00f6netmeni Suat Tokta\u015f, Sorumlu M\u00fcd\u00fcr Serhan Asker, Programlar Koordinat\u00f6r\u00fc K\u00fcr\u015fad O\u011fuz, programc\u0131 Bar\u0131\u015f Pehlivan ve sunucu Seda Selek hakk\u0131nda soru\u015fturma ba\u015flat\u0131lm\u0131\u015ft\u0131. \u200bMuhalif yay\u0131nc\u0131l\u0131\u011f\u0131yla \u00f6n plana \u00e7\u0131kan Halk TV\u2019de sular durulmuyor. Bu kez Halk TV ana haber sunucu Ece \u00dcner, &hellip;\" \/>\n<meta property=\"og:url\" content=\"https:\/\/denizcankizil.tr\/de\/haberler\/gundem\/halk-tvde-sular-durulmuyor-kanalin-onemli-ismi-ifadeye-cagrildi\/\" \/>\n<meta property=\"og:site_name\" content=\"Av. Deniz Can K\u0131z\u0131l\" \/>\n<meta property=\"article:published_time\" content=\"2025-03-18T13:41:42+00:00\" \/>\n<meta name=\"author\" content=\"Antalya K\u00f6rfez\" \/>\n<meta name=\"twitter:card\" content=\"summary_large_image\" \/>\n<meta name=\"twitter:label1\" content=\"Verfasst von\" \/>\n\t<meta name=\"twitter:data1\" content=\"Antalya K\u00f6rfez\" \/>\n\t<meta name=\"twitter:label2\" content=\"Gesch\u00e4tzte Lesezeit\" \/>\n\t<meta name=\"twitter:data2\" content=\"2\u00a0Minuten\" \/>\n<script type=\"application\/ld+json\" class=\"yoast-schema-graph\">{\"@context\":\"https:\/\/schema.org\",\"@graph\":[{\"@type\":\"Article\",\"@id\":\"https:\/\/denizcankizil.tr\/ru\/haberler\/gundem\/halk-tvde-sular-durulmuyor-kanalin-onemli-ismi-ifadeye-cagrildi\/#article\",\"isPartOf\":{\"@id\":\"https:\/\/denizcankizil.tr\/ru\/haberler\/gundem\/halk-tvde-sular-durulmuyor-kanalin-onemli-ismi-ifadeye-cagrildi\/\"},\"author\":{\"name\":\"Antalya K\u00f6rfez\",\"@id\":\"https:\/\/denizcankizil.tr\/de\/#\/schema\/person\/e1eb71bb4dd684d46563f0af307e1234\"},\"headline\":\"Halk TV\u2019de sular durulmuyor: Kanal\u0131n \u00f6nemli ismi ifadeye \u00e7a\u011fr\u0131ld\u0131\",\"datePublished\":\"2025-03-18T13:41:42+00:00\",\"mainEntityOfPage\":{\"@id\":\"https:\/\/denizcankizil.tr\/ru\/haberler\/gundem\/halk-tvde-sular-durulmuyor-kanalin-onemli-ismi-ifadeye-cagrildi\/\"},\"wordCount\":346,\"publisher\":{\"@id\":\"https:\/\/denizcankizil.tr\/de\/#organization\"},\"articleSection\":[\"G\u00fcndem\"],\"inLanguage\":\"de\"},{\"@type\":\"WebPage\",\"@id\":\"https:\/\/denizcankizil.tr\/ru\/haberler\/gundem\/halk-tvde-sular-durulmuyor-kanalin-onemli-ismi-ifadeye-cagrildi\/\",\"url\":\"https:\/\/denizcankizil.tr\/ru\/haberler\/gundem\/halk-tvde-sular-durulmuyor-kanalin-onemli-ismi-ifadeye-cagrildi\/\",\"name\":\"Halk TV\u2019de sular durulmuyor: Kanal\u0131n \u00f6nemli ismi ifadeye \u00e7a\u011fr\u0131ld\u0131 - Av. Deniz Can K\u0131z\u0131l\",\"isPartOf\":{\"@id\":\"https:\/\/denizcankizil.tr\/de\/#website\"},\"datePublished\":\"2025-03-18T13:41:42+00:00\",\"breadcrumb\":{\"@id\":\"https:\/\/denizcankizil.tr\/ru\/haberler\/gundem\/halk-tvde-sular-durulmuyor-kanalin-onemli-ismi-ifadeye-cagrildi\/#breadcrumb\"},\"inLanguage\":\"de\",\"potentialAction\":[{\"@type\":\"ReadAction\",\"target\":[\"https:\/\/denizcankizil.tr\/ru\/haberler\/gundem\/halk-tvde-sular-durulmuyor-kanalin-onemli-ismi-ifadeye-cagrildi\/\"]}]},{\"@type\":\"BreadcrumbList\",\"@id\":\"https:\/\/denizcankizil.tr\/ru\/haberler\/gundem\/halk-tvde-sular-durulmuyor-kanalin-onemli-ismi-ifadeye-cagrildi\/#breadcrumb\",\"itemListElement\":[{\"@type\":\"ListItem\",\"position\":1,\"name\":\"Home\",\"item\":\"https:\/\/denizcankizil.tr\/de\/\"},{\"@type\":\"ListItem\",\"position\":2,\"name\":\"Halk TV\u2019de sular durulmuyor: Kanal\u0131n \u00f6nemli ismi ifadeye \u00e7a\u011fr\u0131ld\u0131\"}]},{\"@type\":\"WebSite\",\"@id\":\"https:\/\/denizcankizil.tr\/de\/#website\",\"url\":\"https:\/\/denizcankizil.tr\/de\/\",\"name\":\"Av. Deniz Can K\u0131z\u0131l\",\"description\":\"Avukat Deniz Can K\u0131z\u0131l Antalya Barosu\",\"publisher\":{\"@id\":\"https:\/\/denizcankizil.tr\/de\/#organization\"},\"potentialAction\":[{\"@type\":\"SearchAction\",\"target\":{\"@type\":\"EntryPoint\",\"urlTemplate\":\"https:\/\/denizcankizil.tr\/de\/?s={search_term_string}\"},\"query-input\":{\"@type\":\"PropertyValueSpecification\",\"valueRequired\":true,\"valueName\":\"search_term_string\"}}],\"inLanguage\":\"de\"},{\"@type\":\"Organization\",\"@id\":\"https:\/\/denizcankizil.tr\/de\/#organization\",\"name\":\"Av. Deniz Can K\u0131z\u0131l\",\"url\":\"https:\/\/denizcankizil.tr\/de\/\",\"logo\":{\"@type\":\"ImageObject\",\"inLanguage\":\"de\",\"@id\":\"https:\/\/denizcankizil.tr\/de\/#\/schema\/logo\/image\/\",\"url\":\"https:\/\/denizcankizil.tr\/wp-content\/uploads\/2024\/10\/siyah-logo-svg.svg\",\"contentUrl\":\"https:\/\/denizcankizil.tr\/wp-content\/uploads\/2024\/10\/siyah-logo-svg.svg\",\"width\":1080,\"height\":1080,\"caption\":\"Av. Deniz Can K\u0131z\u0131l\"},\"image\":{\"@id\":\"https:\/\/denizcankizil.tr\/de\/#\/schema\/logo\/image\/\"}},{\"@type\":\"Person\",\"@id\":\"https:\/\/denizcankizil.tr\/de\/#\/schema\/person\/e1eb71bb4dd684d46563f0af307e1234\",\"name\":\"Antalya K\u00f6rfez\",\"image\":{\"@type\":\"ImageObject\",\"inLanguage\":\"de\",\"@id\":\"https:\/\/denizcankizil.tr\/de\/#\/schema\/person\/image\/\",\"url\":\"https:\/\/secure.gravatar.com\/avatar\/42b01982558a48a0b501fdcab6a408d3717ea5919095ee2e67b0e521799c5905?s=96&d=mm&r=g\",\"contentUrl\":\"https:\/\/secure.gravatar.com\/avatar\/42b01982558a48a0b501fdcab6a408d3717ea5919095ee2e67b0e521799c5905?s=96&d=mm&r=g\",\"caption\":\"Antalya K\u00f6rfez\"},\"sameAs\":[\"http:\/\/www.antalyakorfez.com\"],\"url\":\"https:\/\/www.antalyakorfez.com\/halk-tvde-sular-durulmuyor-kanalin-onemli-ismi-ifadeye-cagrildi\"}]}<\/script>\n<!-- \/ Yoast SEO Premium plugin. -->","yoast_head_json":{"title":"Halk TV\u2019de sular durulmuyor: Kanal\u0131n \u00f6nemli ismi ifadeye \u00e7a\u011fr\u0131ld\u0131 - Av. Deniz Can K\u0131z\u0131l","robots":{"index":"index","follow":"follow","max-snippet":"max-snippet:-1","max-image-preview":"max-image-preview:large","max-video-preview":"max-video-preview:-1"},"canonical":"https:\/\/denizcankizil.tr\/de\/haberler\/gundem\/halk-tvde-sular-durulmuyor-kanalin-onemli-ismi-ifadeye-cagrildi\/","og_locale":"de_DE","og_type":"article","og_title":"Halk TV\u2019de sular durulmuyor: Kanal\u0131n \u00f6nemli ismi ifadeye \u00e7a\u011fr\u0131ld\u0131","og_description":"Halk TV ana haber sunucusu Ece \u00dcner, savc\u0131l\u0131k taraf\u0131ndan ba\u015flat\u0131lan soru\u015fturma kapsam\u0131nda polisler e\u015fli\u011finde ifade vermeye adliyeye gitti\u011fi \u00f6\u011frenildi. Sabah&#8217;\u0131n haberine g\u00f6re \u00dcner&#8217;in\u00a0\u201cYarg\u0131 organlar\u0131n\u0131 alenen a\u015fa\u011f\u0131lama\u201d ve \u201cAdil yarg\u0131lamay\u0131 etkilemeye te\u015febb\u00fcs\u201d su\u00e7lar\u0131ndan soru\u015fturma ba\u015flat\u0131ld\u0131\u011f\u0131 iddia edildi.\u00a0 ECE \u00dcNER HAKKINDA SORU\u015eTURMA BA\u015eLATILDI\u00a0 Gazeteci \u0130smail Saymaz\u2019\u0131n pasaportuna el konulmas\u0131na ili\u015fkin \u00dcner, sosyal medya hesab\u0131ndan &#8221;FET\u00d6 art\u0131\u011f\u0131 operasyon \u00e7ocuklar\u0131n\u0131n itibar suikastleri b\u0131kt\u0131rd\u0131 art\u0131k!&#8221; yorumunda bulunmu\u015ftu. Harekete ge\u00e7en savc\u0131l\u0131k, \u00dcner hakk\u0131nda \u201cYarg\u0131 organlar\u0131n\u0131 alenen a\u015fa\u011f\u0131lama\u201d ve \u201cAdil yarg\u0131lamay\u0131 etkilemeye te\u015febb\u00fcs\u201d su\u00e7lar\u0131ndan soru\u015fturma ba\u015flatt\u0131. \u00dcner ifade vermek \u00fczere polis e\u015fli\u011finde adliyeye getirildi. \u0130SMA\u0130L SAYMAZ\u2019A YURT DI\u015eINA \u00c7IKMA YASA\u011eI Ge\u00e7ti\u011fimiz hafta Halk TV&#8217;de g\u00f6rev yapan gazeteci \u0130smail Saymaz da yurt d\u0131\u015f\u0131na \u00e7\u0131kmak isterken pasaportuna el konuldu\u011funu a\u00e7\u0131klam\u0131\u015ft\u0131. Saymaz, konuya ili\u015fkin yapt\u0131\u011f\u0131 payla\u015f\u0131mda, hakk\u0131nda bir soru\u015fturma oldu\u011funu ancak avukatlar\u0131n\u0131n bile s\u00fcrecin nedenini tam olarak \u00f6\u011frenemedi\u011fini belirtmi\u015fti. HALK TV\u2019YE SORU\u015eTURMA S\u0130LS\u0130LES\u0130\u00a0 Daha \u00f6ncesinde \u0130stanbul B\u00fcy\u00fck\u015fehir Belediye (\u0130BB) Ba\u015fkan\u0131 Ekrem \u0130mamo\u011flu&#8217;nun d\u00fczenledi\u011fi bas\u0131n toplant\u0131s\u0131nda g\u00fcndeme getirdi\u011fi bilirki\u015fi S.B. ile yap\u0131lan telefon g\u00f6r\u00fc\u015fmesinin Halk TV&#8217;de yay\u0131mlanmas\u0131 \u00fczerine Halk TV Genel Yay\u0131n Y\u00f6netmeni Suat Tokta\u015f, Sorumlu M\u00fcd\u00fcr Serhan Asker, Programlar Koordinat\u00f6r\u00fc K\u00fcr\u015fad O\u011fuz, programc\u0131 Bar\u0131\u015f Pehlivan ve sunucu Seda Selek hakk\u0131nda soru\u015fturma ba\u015flat\u0131lm\u0131\u015ft\u0131. \u200bMuhalif yay\u0131nc\u0131l\u0131\u011f\u0131yla \u00f6n plana \u00e7\u0131kan Halk TV\u2019de sular durulmuyor. Bu kez Halk TV ana haber sunucu Ece \u00dcner, &hellip;","og_url":"https:\/\/denizcankizil.tr\/de\/haberler\/gundem\/halk-tvde-sular-durulmuyor-kanalin-onemli-ismi-ifadeye-cagrildi\/","og_site_name":"Av. Deniz Can K\u0131z\u0131l","article_published_time":"2025-03-18T13:41:42+00:00","author":"Antalya K\u00f6rfez","twitter_card":"summary_large_image","twitter_misc":{"Verfasst von":"Antalya K\u00f6rfez","Gesch\u00e4tzte Lesezeit":"2\u00a0Minuten"},"schema":{"@context":"https:\/\/schema.org","@graph":[{"@type":"Article","@id":"https:\/\/denizcankizil.tr\/ru\/haberler\/gundem\/halk-tvde-sular-durulmuyor-kanalin-onemli-ismi-ifadeye-cagrildi\/#article","isPartOf":{"@id":"https:\/\/denizcankizil.tr\/ru\/haberler\/gundem\/halk-tvde-sular-durulmuyor-kanalin-onemli-ismi-ifadeye-cagrildi\/"},"author":{"name":"Antalya K\u00f6rfez","@id":"https:\/\/denizcankizil.tr\/de\/#\/schema\/person\/e1eb71bb4dd684d46563f0af307e1234"},"headline":"Halk TV\u2019de sular durulmuyor: Kanal\u0131n \u00f6nemli ismi ifadeye \u00e7a\u011fr\u0131ld\u0131","datePublished":"2025-03-18T13:41:42+00:00","mainEntityOfPage":{"@id":"https:\/\/denizcankizil.tr\/ru\/haberler\/gundem\/halk-tvde-sular-durulmuyor-kanalin-onemli-ismi-ifadeye-cagrildi\/"},"wordCount":346,"publisher":{"@id":"https:\/\/denizcankizil.tr\/de\/#organization"},"articleSection":["G\u00fcndem"],"inLanguage":"de"},{"@type":"WebPage","@id":"https:\/\/denizcankizil.tr\/ru\/haberler\/gundem\/halk-tvde-sular-durulmuyor-kanalin-onemli-ismi-ifadeye-cagrildi\/","url":"https:\/\/denizcankizil.tr\/ru\/haberler\/gundem\/halk-tvde-sular-durulmuyor-kanalin-onemli-ismi-ifadeye-cagrildi\/","name":"Halk TV\u2019de sular durulmuyor: Kanal\u0131n \u00f6nemli ismi ifadeye \u00e7a\u011fr\u0131ld\u0131 - Av. Deniz Can K\u0131z\u0131l","isPartOf":{"@id":"https:\/\/denizcankizil.tr\/de\/#website"},"datePublished":"2025-03-18T13:41:42+00:00","breadcrumb":{"@id":"https:\/\/denizcankizil.tr\/ru\/haberler\/gundem\/halk-tvde-sular-durulmuyor-kanalin-onemli-ismi-ifadeye-cagrildi\/#breadcrumb"},"inLanguage":"de","potentialAction":[{"@type":"ReadAction","target":["https:\/\/denizcankizil.tr\/ru\/haberler\/gundem\/halk-tvde-sular-durulmuyor-kanalin-onemli-ismi-ifadeye-cagrildi\/"]}]},{"@type":"BreadcrumbList","@id":"https:\/\/denizcankizil.tr\/ru\/haberler\/gundem\/halk-tvde-sular-durulmuyor-kanalin-onemli-ismi-ifadeye-cagrildi\/#breadcrumb","itemListElement":[{"@type":"ListItem","position":1,"name":"Home","item":"https:\/\/denizcankizil.tr\/de\/"},{"@type":"ListItem","position":2,"name":"Halk TV\u2019de sular durulmuyor: Kanal\u0131n \u00f6nemli ismi ifadeye \u00e7a\u011fr\u0131ld\u0131"}]},{"@type":"WebSite","@id":"https:\/\/denizcankizil.tr\/de\/#website","url":"https:\/\/denizcankizil.tr\/de\/","name":"Av. Deniz Can K\u0131z\u0131l","description":"Avukat Deniz Can K\u0131z\u0131l Antalya Barosu","publisher":{"@id":"https:\/\/denizcankizil.tr\/de\/#organization"},"potentialAction":[{"@type":"SearchAction","target":{"@type":"EntryPoint","urlTemplate":"https:\/\/denizcankizil.tr\/de\/?s={search_term_string}"},"query-input":{"@type":"PropertyValueSpecification","valueRequired":true,"valueName":"search_term_string"}}],"inLanguage":"de"},{"@type":"Organization","@id":"https:\/\/denizcankizil.tr\/de\/#organization","name":"Av. Deniz Can K\u0131z\u0131l","url":"https:\/\/denizcankizil.tr\/de\/","logo":{"@type":"ImageObject","inLanguage":"de","@id":"https:\/\/denizcankizil.tr\/de\/#\/schema\/logo\/image\/","url":"https:\/\/denizcankizil.tr\/wp-content\/uploads\/2024\/10\/siyah-logo-svg.svg","contentUrl":"https:\/\/denizcankizil.tr\/wp-content\/uploads\/2024\/10\/siyah-logo-svg.svg","width":1080,"height":1080,"caption":"Av. Deniz Can K\u0131z\u0131l"},"image":{"@id":"https:\/\/denizcankizil.tr\/de\/#\/schema\/logo\/image\/"}},{"@type":"Person","@id":"https:\/\/denizcankizil.tr\/de\/#\/schema\/person\/e1eb71bb4dd684d46563f0af307e1234","name":"Antalya K\u00f6rfez","image":{"@type":"ImageObject","inLanguage":"de","@id":"https:\/\/denizcankizil.tr\/de\/#\/schema\/person\/image\/","url":"https:\/\/secure.gravatar.com\/avatar\/42b01982558a48a0b501fdcab6a408d3717ea5919095ee2e67b0e521799c5905?s=96&d=mm&r=g","contentUrl":"https:\/\/secure.gravatar.com\/avatar\/42b01982558a48a0b501fdcab6a408d3717ea5919095ee2e67b0e521799c5905?s=96&d=mm&r=g","caption":"Antalya K\u00f6rfez"},"sameAs":["http:\/\/www.antalyakorfez.com"],"url":"https:\/\/www.antalyakorfez.com\/halk-tvde-sular-durulmuyor-kanalin-onemli-ismi-ifadeye-cagrildi"}]}},"_links":{"self":[{"href":"https:\/\/denizcankizil.tr\/de\/wp-json\/wp\/v2\/posts\/36212","targetHints":{"allow":["GET"]}}],"collection":[{"href":"https:\/\/denizcankizil.tr\/de\/wp-json\/wp\/v2\/posts"}],"about":[{"href":"https:\/\/denizcankizil.tr\/de\/wp-json\/wp\/v2\/types\/post"}],"author":[{"embeddable":true,"href":"https:\/\/denizcankizil.tr\/de\/wp-json\/wp\/v2\/users\/5"}],"replies":[{"embeddable":true,"href":"https:\/\/denizcankizil.tr\/de\/wp-json\/wp\/v2\/comments?post=36212"}],"version-history":[{"count":0,"href":"https:\/\/denizcankizil.tr\/de\/wp-json\/wp\/v2\/posts\/36212\/revisions"}],"wp:attachment":[{"href":"https:\/\/denizcankizil.tr\/de\/wp-json\/wp\/v2\/media?parent=36212"}],"wp:term":[{"taxonomy":"category","embeddable":true,"href":"https:\/\/denizcankizil.tr\/de\/wp-json\/wp\/v2\/categories?post=36212"},{"taxonomy":"post_tag","embeddable":true,"href":"https:\/\/denizcankizil.tr\/de\/wp-json\/wp\/v2\/tags?post=36212"}],"curies":[{"name":"wp","href":"https:\/\/api.w.org\/{rel}","templated":true}]}}