{"id":36177,"date":"2025-03-18T13:41:14","date_gmt":"2025-03-18T10:41:14","guid":{"rendered":"https:\/\/denizcankizil.tr\/uncategorized-tr\/genclik-kampinda-arama-kurtarma-egitimi\/"},"modified":"2025-03-18T13:41:14","modified_gmt":"2025-03-18T10:41:14","slug":"genclik-kampinda-arama-kurtarma-egitimi","status":"publish","type":"post","link":"https:\/\/denizcankizil.tr\/de\/haberler\/antalya\/genclik-kampinda-arama-kurtarma-egitimi\/","title":{"rendered":"Gen\u00e7lik kamp\u0131nda arama kurtarma e\u011fitimi"},"content":{"rendered":"<p>Antalya B\u00fcy\u00fck\u015fehir Belediyesi\u2019nin Kepez il\u00e7esinde hayata ge\u00e7irdi\u011fi Gen\u00e7lik Kamp\u0131 ve E\u011fitim Merkezi \u00e7ocuk ve gen\u00e7leri spor, sanat ve sosyal projelerle bulu\u015ftururken, g\u00f6n\u00fcll\u00fck projesi kapsam\u0131nda STK\u2019lar\u0131n e\u011fitim \u00e7al\u0131\u015fmalar\u0131na da ev sahipli\u011fi yap\u0131yor.<\/p>\n<p>ARAMA KURTARMA E\u011e\u0130T\u0130M\u0130<\/p>\n<p>Afet ve Acil Durum Y\u00f6netimi Ba\u015fkanl\u0131\u011f\u0131 (AFAD) Akreditasyon Sistemi i\u00e7erisinde faaliyet g\u00f6steren SAR Arama Kurtarma ve Acil Yard\u0131m Derne\u011fi&#8217;nin Antalya temsilcili\u011fine yeni kat\u0131l\u0131m sa\u011flayan 29 g\u00f6n\u00fcll\u00fcye Gen\u00e7lik Kamp\u0131 ve E\u011fitim Merkezi\u2019nde do\u011fada kampl\u0131 e\u011fitim verildi. SAR Arama Kurtarma ve Acil Yard\u0131m Derne\u011fi Ba\u015fkan\u0131 Erdem Ak\u0131n T\u00fcrkiye\u2019de 10 tane temsilcili\u011fi olan derne\u011fin 11&#8217;inci temsilcili\u011fini Antalya\u2019da kuruldu\u011funu s\u00f6yleyerek, &#8220;Antalya\u2019da kurulacak temsilci\u011fin ilk e\u011fitimini ger\u00e7ekle\u015ftirdik.<\/p>\n<p>29 g\u00f6n\u00fcll\u00fcyle iki g\u00fcn s\u00fcren yo\u011fun bir e\u011fitim program\u0131 ge\u00e7irdik. Ekibimize yeni kat\u0131lacak \u00fcyelerimize afetlerde kullanabilece\u011fi te\u00e7hizatlar\u0131 \u00f6\u011frettik, do\u011fada arama kurtarma, ipler ve d\u00fc\u011f\u00fcmler ile arazide kazazedeyi sedyede sabitleme ve ta\u015f\u0131ma teknikleri konusunda bilgiler verildi, tatbikatlar yapt\u0131r\u0131ld\u0131. Afet ve acil durumlarda bilgili ve yetkin g\u00f6n\u00fcll\u00fclerin varl\u0131\u011f\u0131 afet b\u00f6lgelerinde daha \u00e7ok cana ula\u015fmam\u0131za, afetlerin t\u00fcr\u00fcne bakmaks\u0131z\u0131n daha az zararla atlat\u0131lmas\u0131na olanak veriyor. Do\u011fan\u0131n i\u00e7inde \u00e7ok g\u00fczel bir yerde hem kamp hem de e\u011fitim veriyoruz. Bizlere verdikleri destekten ve evsahipli\u011finde dolay\u0131 Antalya B\u00fcy\u00fck\u015fehir Belediyesi\u2019ne te\u015fekk\u00fcr ederiz&#8221; diye konu\u015ftu.<\/p>\n<p>Kaynak: www.kanalv.com.tr Haber Sitesinden Al\u0131nm\u0131\u015ft\u0131r.<\/p>","protected":false},"excerpt":{"rendered":"<p>Antalya B\u00fcy\u00fck\u015fehir Belediyesi\u2019nin Kepez il\u00e7esinde hayata ge\u00e7irdi\u011fi Gen\u00e7lik Kamp\u0131 ve E\u011fitim Merkezi \u00e7ocuk ve gen\u00e7leri spor, sanat ve sosyal projelerle bulu\u015ftururken, g\u00f6n\u00fcll\u00fck projesi kapsam\u0131nda STK\u2019lar\u0131n e\u011fitim \u00e7al\u0131\u015fmalar\u0131na da ev sahipli\u011fi yap\u0131yor. ARAMA KURTARMA E\u011e\u0130T\u0130M\u0130 Afet ve Acil Durum Y\u00f6netimi Ba\u015fkanl\u0131\u011f\u0131 (AFAD) Akreditasyon Sistemi i\u00e7erisinde faaliyet g\u00f6steren SAR Arama Kurtarma ve Acil Yard\u0131m Derne\u011fi&#8217;nin Antalya temsilcili\u011fine yeni kat\u0131l\u0131m sa\u011flayan 29 g\u00f6n\u00fcll\u00fcye Gen\u00e7lik Kamp\u0131 ve E\u011fitim Merkezi\u2019nde do\u011fada kampl\u0131 e\u011fitim verildi. SAR Arama Kurtarma ve Acil Yard\u0131m Derne\u011fi Ba\u015fkan\u0131 Erdem Ak\u0131n T\u00fcrkiye\u2019de 10 tane temsilcili\u011fi olan derne\u011fin 11&#8217;inci temsilcili\u011fini Antalya\u2019da kuruldu\u011funu s\u00f6yleyerek, &#8220;Antalya\u2019da kurulacak temsilci\u011fin ilk e\u011fitimini ger\u00e7ekle\u015ftirdik. 29 g\u00f6n\u00fcll\u00fcyle iki g\u00fcn s\u00fcren yo\u011fun bir e\u011fitim program\u0131 ge\u00e7irdik. Ekibimize yeni kat\u0131lacak \u00fcyelerimize afetlerde kullanabilece\u011fi te\u00e7hizatlar\u0131 \u00f6\u011frettik, do\u011fada arama kurtarma, ipler ve d\u00fc\u011f\u00fcmler ile arazide kazazedeyi sedyede sabitleme ve ta\u015f\u0131ma teknikleri konusunda bilgiler verildi, tatbikatlar yapt\u0131r\u0131ld\u0131. Afet ve acil durumlarda bilgili ve yetkin g\u00f6n\u00fcll\u00fclerin varl\u0131\u011f\u0131 afet b\u00f6lgelerinde daha \u00e7ok cana ula\u015fmam\u0131za, afetlerin t\u00fcr\u00fcne bakmaks\u0131z\u0131n daha az zararla atlat\u0131lmas\u0131na olanak veriyor. Do\u011fan\u0131n i\u00e7inde \u00e7ok g\u00fczel bir yerde hem kamp hem de e\u011fitim veriyoruz. Bizlere verdikleri destekten ve evsahipli\u011finde dolay\u0131 Antalya B\u00fcy\u00fck\u015fehir Belediyesi\u2019ne te\u015fekk\u00fcr ederiz&#8221; diye konu\u015ftu. Kaynak: www.kanalv.com.tr Haber Sitesinden Al\u0131nm\u0131\u015ft\u0131r.<\/p>","protected":false},"author":4,"featured_media":36178,"comment_status":"","ping_status":"open","sticky":false,"template":"","format":"standard","meta":{"_acf_changed":false,"footnotes":""},"categories":[26],"tags":[],"class_list":["post-36177","post","type-post","status-publish","format-standard","has-post-thumbnail","hentry","category-antalya"],"acf":[],"yoast_head":"<!-- This site is optimized with the Yoast SEO Premium plugin v26.6 (Yoast SEO v27.1.1) - https:\/\/yoast.com\/product\/yoast-seo-premium-wordpress\/ -->\n<title>Gen\u00e7lik kamp\u0131nda arama kurtarma e\u011fitimi - Av. Deniz Can K\u0131z\u0131l<\/title>\n<meta name=\"robots\" content=\"index, follow, max-snippet:-1, max-image-preview:large, max-video-preview:-1\" \/>\n<link rel=\"canonical\" href=\"https:\/\/denizcankizil.tr\/de\/haberler\/antalya\/genclik-kampinda-arama-kurtarma-egitimi\/\" \/>\n<meta property=\"og:locale\" content=\"de_DE\" \/>\n<meta property=\"og:type\" content=\"article\" \/>\n<meta property=\"og:title\" content=\"Gen\u00e7lik kamp\u0131nda arama kurtarma e\u011fitimi\" \/>\n<meta property=\"og:description\" content=\"Antalya B\u00fcy\u00fck\u015fehir Belediyesi\u2019nin Kepez il\u00e7esinde hayata ge\u00e7irdi\u011fi Gen\u00e7lik Kamp\u0131 ve E\u011fitim Merkezi \u00e7ocuk ve gen\u00e7leri spor, sanat ve sosyal projelerle bulu\u015ftururken, g\u00f6n\u00fcll\u00fck projesi kapsam\u0131nda STK\u2019lar\u0131n e\u011fitim \u00e7al\u0131\u015fmalar\u0131na da ev sahipli\u011fi yap\u0131yor. ARAMA KURTARMA E\u011e\u0130T\u0130M\u0130 Afet ve Acil Durum Y\u00f6netimi Ba\u015fkanl\u0131\u011f\u0131 (AFAD) Akreditasyon Sistemi i\u00e7erisinde faaliyet g\u00f6steren SAR Arama Kurtarma ve Acil Yard\u0131m Derne\u011fi&#8217;nin Antalya temsilcili\u011fine yeni kat\u0131l\u0131m sa\u011flayan 29 g\u00f6n\u00fcll\u00fcye Gen\u00e7lik Kamp\u0131 ve E\u011fitim Merkezi\u2019nde do\u011fada kampl\u0131 e\u011fitim verildi. SAR Arama Kurtarma ve Acil Yard\u0131m Derne\u011fi Ba\u015fkan\u0131 Erdem Ak\u0131n T\u00fcrkiye\u2019de 10 tane temsilcili\u011fi olan derne\u011fin 11&#8217;inci temsilcili\u011fini Antalya\u2019da kuruldu\u011funu s\u00f6yleyerek, &#8220;Antalya\u2019da kurulacak temsilci\u011fin ilk e\u011fitimini ger\u00e7ekle\u015ftirdik. 29 g\u00f6n\u00fcll\u00fcyle iki g\u00fcn s\u00fcren yo\u011fun bir e\u011fitim program\u0131 ge\u00e7irdik. Ekibimize yeni kat\u0131lacak \u00fcyelerimize afetlerde kullanabilece\u011fi te\u00e7hizatlar\u0131 \u00f6\u011frettik, do\u011fada arama kurtarma, ipler ve d\u00fc\u011f\u00fcmler ile arazide kazazedeyi sedyede sabitleme ve ta\u015f\u0131ma teknikleri konusunda bilgiler verildi, tatbikatlar yapt\u0131r\u0131ld\u0131. Afet ve acil durumlarda bilgili ve yetkin g\u00f6n\u00fcll\u00fclerin varl\u0131\u011f\u0131 afet b\u00f6lgelerinde daha \u00e7ok cana ula\u015fmam\u0131za, afetlerin t\u00fcr\u00fcne bakmaks\u0131z\u0131n daha az zararla atlat\u0131lmas\u0131na olanak veriyor. Do\u011fan\u0131n i\u00e7inde \u00e7ok g\u00fczel bir yerde hem kamp hem de e\u011fitim veriyoruz. Bizlere verdikleri destekten ve evsahipli\u011finde dolay\u0131 Antalya B\u00fcy\u00fck\u015fehir Belediyesi\u2019ne te\u015fekk\u00fcr ederiz&#8221; diye konu\u015ftu. Kaynak: www.kanalv.com.tr Haber Sitesinden Al\u0131nm\u0131\u015ft\u0131r.\" \/>\n<meta property=\"og:url\" content=\"https:\/\/denizcankizil.tr\/de\/haberler\/antalya\/genclik-kampinda-arama-kurtarma-egitimi\/\" \/>\n<meta property=\"og:site_name\" content=\"Av. Deniz Can K\u0131z\u0131l\" \/>\n<meta property=\"article:published_time\" content=\"2025-03-18T10:41:14+00:00\" \/>\n<meta property=\"og:image\" content=\"https:\/\/denizcankizil.tr\/wp-content\/uploads\/2025\/03\/5570-01-wOw1ca.jpeg\" \/>\n\t<meta property=\"og:image:width\" content=\"1280\" \/>\n\t<meta property=\"og:image:height\" content=\"720\" \/>\n\t<meta property=\"og:image:type\" content=\"image\/jpeg\" \/>\n<meta name=\"author\" content=\"Av. Deniz Can K\u0131z\u0131l\" \/>\n<meta name=\"twitter:card\" content=\"summary_large_image\" \/>\n<meta name=\"twitter:label1\" content=\"Verfasst von\" \/>\n\t<meta name=\"twitter:data1\" content=\"Av. Deniz Can K\u0131z\u0131l\" \/>\n\t<meta name=\"twitter:label2\" content=\"Gesch\u00e4tzte Lesezeit\" \/>\n\t<meta name=\"twitter:data2\" content=\"1\u00a0Minute\" \/>\n<script type=\"application\/ld+json\" class=\"yoast-schema-graph\">{\"@context\":\"https:\/\/schema.org\",\"@graph\":[{\"@type\":\"Article\",\"@id\":\"https:\/\/denizcankizil.tr\/de\/haberler\/antalya\/genclik-kampinda-arama-kurtarma-egitimi\/#article\",\"isPartOf\":{\"@id\":\"https:\/\/denizcankizil.tr\/de\/haberler\/antalya\/genclik-kampinda-arama-kurtarma-egitimi\/\"},\"author\":{\"name\":\"Av. Deniz Can K\u0131z\u0131l\",\"@id\":\"https:\/\/denizcankizil.tr\/de\/#\/schema\/person\/5dc1b22991bd7ac833867c10afc9b0ff\"},\"headline\":\"Gen\u00e7lik kamp\u0131nda arama kurtarma e\u011fitimi\",\"datePublished\":\"2025-03-18T10:41:14+00:00\",\"mainEntityOfPage\":{\"@id\":\"https:\/\/denizcankizil.tr\/de\/haberler\/antalya\/genclik-kampinda-arama-kurtarma-egitimi\/\"},\"wordCount\":299,\"publisher\":{\"@id\":\"https:\/\/denizcankizil.tr\/de\/#organization\"},\"image\":{\"@id\":\"https:\/\/denizcankizil.tr\/de\/haberler\/antalya\/genclik-kampinda-arama-kurtarma-egitimi\/#primaryimage\"},\"thumbnailUrl\":\"https:\/\/denizcankizil.tr\/wp-content\/uploads\/2025\/03\/5570-01-wOw1ca.jpeg\",\"articleSection\":[\"Antalya\"],\"inLanguage\":\"de\"},{\"@type\":\"WebPage\",\"@id\":\"https:\/\/denizcankizil.tr\/de\/haberler\/antalya\/genclik-kampinda-arama-kurtarma-egitimi\/\",\"url\":\"https:\/\/denizcankizil.tr\/de\/haberler\/antalya\/genclik-kampinda-arama-kurtarma-egitimi\/\",\"name\":\"Gen\u00e7lik kamp\u0131nda arama kurtarma e\u011fitimi - Av. Deniz Can K\u0131z\u0131l\",\"isPartOf\":{\"@id\":\"https:\/\/denizcankizil.tr\/de\/#website\"},\"primaryImageOfPage\":{\"@id\":\"https:\/\/denizcankizil.tr\/de\/haberler\/antalya\/genclik-kampinda-arama-kurtarma-egitimi\/#primaryimage\"},\"image\":{\"@id\":\"https:\/\/denizcankizil.tr\/de\/haberler\/antalya\/genclik-kampinda-arama-kurtarma-egitimi\/#primaryimage\"},\"thumbnailUrl\":\"https:\/\/denizcankizil.tr\/wp-content\/uploads\/2025\/03\/5570-01-wOw1ca.jpeg\",\"datePublished\":\"2025-03-18T10:41:14+00:00\",\"breadcrumb\":{\"@id\":\"https:\/\/denizcankizil.tr\/de\/haberler\/antalya\/genclik-kampinda-arama-kurtarma-egitimi\/#breadcrumb\"},\"inLanguage\":\"de\",\"potentialAction\":[{\"@type\":\"ReadAction\",\"target\":[\"https:\/\/denizcankizil.tr\/de\/haberler\/antalya\/genclik-kampinda-arama-kurtarma-egitimi\/\"]}]},{\"@type\":\"ImageObject\",\"inLanguage\":\"de\",\"@id\":\"https:\/\/denizcankizil.tr\/de\/haberler\/antalya\/genclik-kampinda-arama-kurtarma-egitimi\/#primaryimage\",\"url\":\"https:\/\/denizcankizil.tr\/wp-content\/uploads\/2025\/03\/5570-01-wOw1ca.jpeg\",\"contentUrl\":\"https:\/\/denizcankizil.tr\/wp-content\/uploads\/2025\/03\/5570-01-wOw1ca.jpeg\",\"width\":1280,\"height\":720},{\"@type\":\"BreadcrumbList\",\"@id\":\"https:\/\/denizcankizil.tr\/de\/haberler\/antalya\/genclik-kampinda-arama-kurtarma-egitimi\/#breadcrumb\",\"itemListElement\":[{\"@type\":\"ListItem\",\"position\":1,\"name\":\"Home\",\"item\":\"https:\/\/denizcankizil.tr\/de\/\"},{\"@type\":\"ListItem\",\"position\":2,\"name\":\"Gen\u00e7lik kamp\u0131nda arama kurtarma e\u011fitimi\"}]},{\"@type\":\"WebSite\",\"@id\":\"https:\/\/denizcankizil.tr\/de\/#website\",\"url\":\"https:\/\/denizcankizil.tr\/de\/\",\"name\":\"Av. Deniz Can K\u0131z\u0131l\",\"description\":\"Avukat Deniz Can K\u0131z\u0131l Antalya Barosu\",\"publisher\":{\"@id\":\"https:\/\/denizcankizil.tr\/de\/#organization\"},\"potentialAction\":[{\"@type\":\"SearchAction\",\"target\":{\"@type\":\"EntryPoint\",\"urlTemplate\":\"https:\/\/denizcankizil.tr\/de\/?s={search_term_string}\"},\"query-input\":{\"@type\":\"PropertyValueSpecification\",\"valueRequired\":true,\"valueName\":\"search_term_string\"}}],\"inLanguage\":\"de\"},{\"@type\":\"Organization\",\"@id\":\"https:\/\/denizcankizil.tr\/de\/#organization\",\"name\":\"Av. Deniz Can K\u0131z\u0131l\",\"url\":\"https:\/\/denizcankizil.tr\/de\/\",\"logo\":{\"@type\":\"ImageObject\",\"inLanguage\":\"de\",\"@id\":\"https:\/\/denizcankizil.tr\/de\/#\/schema\/logo\/image\/\",\"url\":\"https:\/\/denizcankizil.tr\/wp-content\/uploads\/2024\/10\/siyah-logo-svg.svg\",\"contentUrl\":\"https:\/\/denizcankizil.tr\/wp-content\/uploads\/2024\/10\/siyah-logo-svg.svg\",\"width\":1080,\"height\":1080,\"caption\":\"Av. Deniz Can K\u0131z\u0131l\"},\"image\":{\"@id\":\"https:\/\/denizcankizil.tr\/de\/#\/schema\/logo\/image\/\"}},{\"@type\":\"Person\",\"@id\":\"https:\/\/denizcankizil.tr\/de\/#\/schema\/person\/5dc1b22991bd7ac833867c10afc9b0ff\",\"name\":\"Av. Deniz Can K\u0131z\u0131l\",\"image\":{\"@type\":\"ImageObject\",\"inLanguage\":\"de\",\"@id\":\"https:\/\/denizcankizil.tr\/de\/#\/schema\/person\/image\/\",\"url\":\"https:\/\/secure.gravatar.com\/avatar\/a0b128fb9855c79efc976d5640eedb31dc35ec297594d6016d2cf7c60e975bb6?s=96&d=mm&r=g\",\"contentUrl\":\"https:\/\/secure.gravatar.com\/avatar\/a0b128fb9855c79efc976d5640eedb31dc35ec297594d6016d2cf7c60e975bb6?s=96&d=mm&r=g\",\"caption\":\"Av. Deniz Can K\u0131z\u0131l\"},\"sameAs\":[\"http:\/\/www.denizcankizil.tr\"],\"url\":\"https:\/\/denizcankizil.tr\/de\/author\/denizcankizil\/\"}]}<\/script>\n<!-- \/ Yoast SEO Premium plugin. -->","yoast_head_json":{"title":"Gen\u00e7lik kamp\u0131nda arama kurtarma e\u011fitimi - Av. Deniz Can K\u0131z\u0131l","robots":{"index":"index","follow":"follow","max-snippet":"max-snippet:-1","max-image-preview":"max-image-preview:large","max-video-preview":"max-video-preview:-1"},"canonical":"https:\/\/denizcankizil.tr\/de\/haberler\/antalya\/genclik-kampinda-arama-kurtarma-egitimi\/","og_locale":"de_DE","og_type":"article","og_title":"Gen\u00e7lik kamp\u0131nda arama kurtarma e\u011fitimi","og_description":"Antalya B\u00fcy\u00fck\u015fehir Belediyesi\u2019nin Kepez il\u00e7esinde hayata ge\u00e7irdi\u011fi Gen\u00e7lik Kamp\u0131 ve E\u011fitim Merkezi \u00e7ocuk ve gen\u00e7leri spor, sanat ve sosyal projelerle bulu\u015ftururken, g\u00f6n\u00fcll\u00fck projesi kapsam\u0131nda STK\u2019lar\u0131n e\u011fitim \u00e7al\u0131\u015fmalar\u0131na da ev sahipli\u011fi yap\u0131yor. ARAMA KURTARMA E\u011e\u0130T\u0130M\u0130 Afet ve Acil Durum Y\u00f6netimi Ba\u015fkanl\u0131\u011f\u0131 (AFAD) Akreditasyon Sistemi i\u00e7erisinde faaliyet g\u00f6steren SAR Arama Kurtarma ve Acil Yard\u0131m Derne\u011fi&#8217;nin Antalya temsilcili\u011fine yeni kat\u0131l\u0131m sa\u011flayan 29 g\u00f6n\u00fcll\u00fcye Gen\u00e7lik Kamp\u0131 ve E\u011fitim Merkezi\u2019nde do\u011fada kampl\u0131 e\u011fitim verildi. SAR Arama Kurtarma ve Acil Yard\u0131m Derne\u011fi Ba\u015fkan\u0131 Erdem Ak\u0131n T\u00fcrkiye\u2019de 10 tane temsilcili\u011fi olan derne\u011fin 11&#8217;inci temsilcili\u011fini Antalya\u2019da kuruldu\u011funu s\u00f6yleyerek, &#8220;Antalya\u2019da kurulacak temsilci\u011fin ilk e\u011fitimini ger\u00e7ekle\u015ftirdik. 29 g\u00f6n\u00fcll\u00fcyle iki g\u00fcn s\u00fcren yo\u011fun bir e\u011fitim program\u0131 ge\u00e7irdik. Ekibimize yeni kat\u0131lacak \u00fcyelerimize afetlerde kullanabilece\u011fi te\u00e7hizatlar\u0131 \u00f6\u011frettik, do\u011fada arama kurtarma, ipler ve d\u00fc\u011f\u00fcmler ile arazide kazazedeyi sedyede sabitleme ve ta\u015f\u0131ma teknikleri konusunda bilgiler verildi, tatbikatlar yapt\u0131r\u0131ld\u0131. Afet ve acil durumlarda bilgili ve yetkin g\u00f6n\u00fcll\u00fclerin varl\u0131\u011f\u0131 afet b\u00f6lgelerinde daha \u00e7ok cana ula\u015fmam\u0131za, afetlerin t\u00fcr\u00fcne bakmaks\u0131z\u0131n daha az zararla atlat\u0131lmas\u0131na olanak veriyor. Do\u011fan\u0131n i\u00e7inde \u00e7ok g\u00fczel bir yerde hem kamp hem de e\u011fitim veriyoruz. Bizlere verdikleri destekten ve evsahipli\u011finde dolay\u0131 Antalya B\u00fcy\u00fck\u015fehir Belediyesi\u2019ne te\u015fekk\u00fcr ederiz&#8221; diye konu\u015ftu. Kaynak: www.kanalv.com.tr Haber Sitesinden Al\u0131nm\u0131\u015ft\u0131r.","og_url":"https:\/\/denizcankizil.tr\/de\/haberler\/antalya\/genclik-kampinda-arama-kurtarma-egitimi\/","og_site_name":"Av. Deniz Can K\u0131z\u0131l","article_published_time":"2025-03-18T10:41:14+00:00","og_image":[{"width":1280,"height":720,"url":"https:\/\/denizcankizil.tr\/wp-content\/uploads\/2025\/03\/5570-01-wOw1ca.jpeg","type":"image\/jpeg"}],"author":"Av. Deniz Can K\u0131z\u0131l","twitter_card":"summary_large_image","twitter_misc":{"Verfasst von":"Av. Deniz Can K\u0131z\u0131l","Gesch\u00e4tzte Lesezeit":"1\u00a0Minute"},"schema":{"@context":"https:\/\/schema.org","@graph":[{"@type":"Article","@id":"https:\/\/denizcankizil.tr\/de\/haberler\/antalya\/genclik-kampinda-arama-kurtarma-egitimi\/#article","isPartOf":{"@id":"https:\/\/denizcankizil.tr\/de\/haberler\/antalya\/genclik-kampinda-arama-kurtarma-egitimi\/"},"author":{"name":"Av. Deniz Can K\u0131z\u0131l","@id":"https:\/\/denizcankizil.tr\/de\/#\/schema\/person\/5dc1b22991bd7ac833867c10afc9b0ff"},"headline":"Gen\u00e7lik kamp\u0131nda arama kurtarma e\u011fitimi","datePublished":"2025-03-18T10:41:14+00:00","mainEntityOfPage":{"@id":"https:\/\/denizcankizil.tr\/de\/haberler\/antalya\/genclik-kampinda-arama-kurtarma-egitimi\/"},"wordCount":299,"publisher":{"@id":"https:\/\/denizcankizil.tr\/de\/#organization"},"image":{"@id":"https:\/\/denizcankizil.tr\/de\/haberler\/antalya\/genclik-kampinda-arama-kurtarma-egitimi\/#primaryimage"},"thumbnailUrl":"https:\/\/denizcankizil.tr\/wp-content\/uploads\/2025\/03\/5570-01-wOw1ca.jpeg","articleSection":["Antalya"],"inLanguage":"de"},{"@type":"WebPage","@id":"https:\/\/denizcankizil.tr\/de\/haberler\/antalya\/genclik-kampinda-arama-kurtarma-egitimi\/","url":"https:\/\/denizcankizil.tr\/de\/haberler\/antalya\/genclik-kampinda-arama-kurtarma-egitimi\/","name":"Gen\u00e7lik kamp\u0131nda arama kurtarma e\u011fitimi - Av. Deniz Can K\u0131z\u0131l","isPartOf":{"@id":"https:\/\/denizcankizil.tr\/de\/#website"},"primaryImageOfPage":{"@id":"https:\/\/denizcankizil.tr\/de\/haberler\/antalya\/genclik-kampinda-arama-kurtarma-egitimi\/#primaryimage"},"image":{"@id":"https:\/\/denizcankizil.tr\/de\/haberler\/antalya\/genclik-kampinda-arama-kurtarma-egitimi\/#primaryimage"},"thumbnailUrl":"https:\/\/denizcankizil.tr\/wp-content\/uploads\/2025\/03\/5570-01-wOw1ca.jpeg","datePublished":"2025-03-18T10:41:14+00:00","breadcrumb":{"@id":"https:\/\/denizcankizil.tr\/de\/haberler\/antalya\/genclik-kampinda-arama-kurtarma-egitimi\/#breadcrumb"},"inLanguage":"de","potentialAction":[{"@type":"ReadAction","target":["https:\/\/denizcankizil.tr\/de\/haberler\/antalya\/genclik-kampinda-arama-kurtarma-egitimi\/"]}]},{"@type":"ImageObject","inLanguage":"de","@id":"https:\/\/denizcankizil.tr\/de\/haberler\/antalya\/genclik-kampinda-arama-kurtarma-egitimi\/#primaryimage","url":"https:\/\/denizcankizil.tr\/wp-content\/uploads\/2025\/03\/5570-01-wOw1ca.jpeg","contentUrl":"https:\/\/denizcankizil.tr\/wp-content\/uploads\/2025\/03\/5570-01-wOw1ca.jpeg","width":1280,"height":720},{"@type":"BreadcrumbList","@id":"https:\/\/denizcankizil.tr\/de\/haberler\/antalya\/genclik-kampinda-arama-kurtarma-egitimi\/#breadcrumb","itemListElement":[{"@type":"ListItem","position":1,"name":"Home","item":"https:\/\/denizcankizil.tr\/de\/"},{"@type":"ListItem","position":2,"name":"Gen\u00e7lik kamp\u0131nda arama kurtarma e\u011fitimi"}]},{"@type":"WebSite","@id":"https:\/\/denizcankizil.tr\/de\/#website","url":"https:\/\/denizcankizil.tr\/de\/","name":"Av. Deniz Can K\u0131z\u0131l","description":"Avukat Deniz Can K\u0131z\u0131l Antalya Barosu","publisher":{"@id":"https:\/\/denizcankizil.tr\/de\/#organization"},"potentialAction":[{"@type":"SearchAction","target":{"@type":"EntryPoint","urlTemplate":"https:\/\/denizcankizil.tr\/de\/?s={search_term_string}"},"query-input":{"@type":"PropertyValueSpecification","valueRequired":true,"valueName":"search_term_string"}}],"inLanguage":"de"},{"@type":"Organization","@id":"https:\/\/denizcankizil.tr\/de\/#organization","name":"Av. Deniz Can K\u0131z\u0131l","url":"https:\/\/denizcankizil.tr\/de\/","logo":{"@type":"ImageObject","inLanguage":"de","@id":"https:\/\/denizcankizil.tr\/de\/#\/schema\/logo\/image\/","url":"https:\/\/denizcankizil.tr\/wp-content\/uploads\/2024\/10\/siyah-logo-svg.svg","contentUrl":"https:\/\/denizcankizil.tr\/wp-content\/uploads\/2024\/10\/siyah-logo-svg.svg","width":1080,"height":1080,"caption":"Av. Deniz Can K\u0131z\u0131l"},"image":{"@id":"https:\/\/denizcankizil.tr\/de\/#\/schema\/logo\/image\/"}},{"@type":"Person","@id":"https:\/\/denizcankizil.tr\/de\/#\/schema\/person\/5dc1b22991bd7ac833867c10afc9b0ff","name":"Av. Deniz Can K\u0131z\u0131l","image":{"@type":"ImageObject","inLanguage":"de","@id":"https:\/\/denizcankizil.tr\/de\/#\/schema\/person\/image\/","url":"https:\/\/secure.gravatar.com\/avatar\/a0b128fb9855c79efc976d5640eedb31dc35ec297594d6016d2cf7c60e975bb6?s=96&d=mm&r=g","contentUrl":"https:\/\/secure.gravatar.com\/avatar\/a0b128fb9855c79efc976d5640eedb31dc35ec297594d6016d2cf7c60e975bb6?s=96&d=mm&r=g","caption":"Av. Deniz Can K\u0131z\u0131l"},"sameAs":["http:\/\/www.denizcankizil.tr"],"url":"https:\/\/denizcankizil.tr\/de\/author\/denizcankizil\/"}]}},"_links":{"self":[{"href":"https:\/\/denizcankizil.tr\/de\/wp-json\/wp\/v2\/posts\/36177","targetHints":{"allow":["GET"]}}],"collection":[{"href":"https:\/\/denizcankizil.tr\/de\/wp-json\/wp\/v2\/posts"}],"about":[{"href":"https:\/\/denizcankizil.tr\/de\/wp-json\/wp\/v2\/types\/post"}],"author":[{"embeddable":true,"href":"https:\/\/denizcankizil.tr\/de\/wp-json\/wp\/v2\/users\/4"}],"replies":[{"embeddable":true,"href":"https:\/\/denizcankizil.tr\/de\/wp-json\/wp\/v2\/comments?post=36177"}],"version-history":[{"count":0,"href":"https:\/\/denizcankizil.tr\/de\/wp-json\/wp\/v2\/posts\/36177\/revisions"}],"wp:featuredmedia":[{"embeddable":true,"href":"https:\/\/denizcankizil.tr\/de\/wp-json\/wp\/v2\/media\/36178"}],"wp:attachment":[{"href":"https:\/\/denizcankizil.tr\/de\/wp-json\/wp\/v2\/media?parent=36177"}],"wp:term":[{"taxonomy":"category","embeddable":true,"href":"https:\/\/denizcankizil.tr\/de\/wp-json\/wp\/v2\/categories?post=36177"},{"taxonomy":"post_tag","embeddable":true,"href":"https:\/\/denizcankizil.tr\/de\/wp-json\/wp\/v2\/tags?post=36177"}],"curies":[{"name":"wp","href":"https:\/\/api.w.org\/{rel}","templated":true}]}}