{"id":36161,"date":"2025-03-18T12:42:20","date_gmt":"2025-03-18T09:42:20","guid":{"rendered":"https:\/\/denizcankizil.tr\/uncategorized-tr\/deu-ogrencileri-canakkalede-sehitleri-andi\/"},"modified":"2025-03-18T12:42:20","modified_gmt":"2025-03-18T09:42:20","slug":"deu-ogrencileri-canakkalede-sehitleri-andi","status":"publish","type":"post","link":"https:\/\/denizcankizil.tr\/de\/haberler\/gundem\/deu-ogrencileri-canakkalede-sehitleri-andi\/","title":{"rendered":"DE\u00dc \u00f6\u011frencileri \u00c7anakkale\u2019de \u015fehitleri and\u0131"},"content":{"rendered":"<p>Dokuz Eyl\u00fcl \u00dcniversitesi (DE\u00dc), 18 Mart \u015eehitleri Anma G\u00fcn\u00fc ve \u00c7anakkale Deniz Zaferi&#8217;nin 110. y\u0131l\u0131nda anlaml\u0131 bir program ger\u00e7ekle\u015ftirerek, \u00f6\u011frencileriyle birlikte \u00c7anakkale&#8217;de tarihi bir yolculu\u011fa \u00e7\u0131kt\u0131.\u0130ZM\u0130R (\u0130GFA) &#8211;\u00a0DE\u00dc Atat\u00fcrk \u0130lkeleri ve \u0130nk\u0131l\u00e2p Tarihi Enstit\u00fcs\u00fc \u00d6\u011fretim \u00dcyesi Prof. Dr. Fevzi \u00c7akmak rehberli\u011finde ger\u00e7ekle\u015fen ziyarette 43 \u00f6\u011frenci s\u0131ras\u0131yla; \u00c7anakkale\u2019de tarihi \u00f6neme sahip Kilitbahir Kalesi, Namazgah Tabyas\u0131, Seyit Onba\u015f\u0131 Heykeli, \u015eahindere \u015eehitli\u011fi, Zafer An\u0131t\u0131, Mehmet\u00e7i\u011fe Sayg\u0131 An\u0131t\u0131, Kanl\u0131s\u0131rt, 57. Alay \u015eehitli\u011fi, Conkbay\u0131r\u0131 ve \u00c7anakkale Merkez Aynal\u0131 \u00c7ar\u015f\u0131 gibi noktalar\u0131 ziyaret etti.<br \/>\nDokuz Eyl\u00fcl \u00dcniversitesi (DE\u00dc), 18 Mart \u015eehitleri Anma G\u00fcn\u00fc ve \u00c7anakkale Deniz Zaferi&#8217;nin 110. y\u0131l\u0131nda anlaml\u0131 bir program ger\u00e7ekle\u015ftirerek, \u00f6\u011frencileriyle birlikte \u00c7anakkale&#8217;de tarihi bir yolculu\u011fa \u00e7\u0131kt\u0131.<br \/>\nDE\u00dc Atat\u00fcrk \u0130lkeleri ve \u0130nk\u0131l\u00e2p Tarihi Enstit\u00fcs\u00fc \u00d6\u011fretim \u00dcyesi Prof. Dr. Fevzi \u00c7akmak rehberli\u011finde ger\u00e7ekle\u015fen ziyarette 43 \u00f6\u011frenci s\u0131ras\u0131yla; \u00c7anakkale\u2019de tarihi \u00f6neme sahip Kilitbahir Kalesi, Namazgah Tabyas\u0131, Seyit Onba\u015f\u0131 Heykeli, \u015eahindere \u015eehitli\u011fi, Zafer An\u0131t\u0131, Mehmet\u00e7i\u011fe Sayg\u0131 An\u0131t\u0131, Kanl\u0131s\u0131rt, 57. Alay \u015eehitli\u011fi, Conkbay\u0131r\u0131 ve \u00c7anakkale Merkez Aynal\u0131 \u00c7ar\u015f\u0131 gibi noktalar\u0131 ziyaret etti.<br \/>\n\u201cGURUR DUYUYORUZ\u201d<br \/>\nDE\u00dc Rekt\u00f6r\u00fc Prof. Dr. Bayram Y\u0131lmaz, \u00c7anakkale Zaferi\u2019nin y\u0131ld\u00f6n\u00fcm\u00fcnde ger\u00e7ekle\u015ftirilen program\u0131n \u00f6nemine de\u011finerek, &#8220;Tarihimizin ak\u0131\u015f\u0131n\u0131 de\u011fi\u015ftiren, milletimizin ba\u011f\u0131ms\u0131zl\u0131k m\u00fccadelesine y\u00f6n veren \u00c7anakkale Zaferi&#8217;nin 110. y\u0131l\u0131nda \u00f6\u011frencilerimiz \u00c7anakkale\u2019ye anlaml\u0131 bir ziyaret ger\u00e7ekle\u015ftirdiler. Onlarla gurur duyuyor, \u00c7anakkale Zaferimizin 110. y\u0131l\u0131n\u0131 kutluyor; ba\u015fta Ulu \u00d6nderimiz Gazi Mustafa Kemal Atat\u00fcrk olmak \u00fczere \u00c7anakkale&#8217;yi ge\u00e7ilmez k\u0131lan aziz \u015fehitlerimizi ve gazilerimizi rahmet, \u015f\u00fckran ve sayg\u0131yla an\u0131yoruz&#8221; dedi.<br \/>\n\u201cM\u0130NNETLE ANIYORUZ\u201d<br \/>\nDE\u00dc Atat\u00fcrk \u0130lkeleri ve \u0130nk\u0131l\u00e2p Tarihi Enstit\u00fcs\u00fc \u00d6\u011fretim \u00dcyesi Prof. Dr. Fevzi \u00c7akmak ise \u015funlar\u0131 kaydetti: \u201c\u00c7anakkale Zaferi\u2019nin gururunu ve heyecan\u0131n\u0131 y\u00fcreklerinde hisseden 43 \u00f6\u011frencimizle birlikte bu anlaml\u0131 ziyareti ger\u00e7ekle\u015ftirdik. Gazi Mustafa Kemal Atat\u00fcrk\u2019\u00fcn \u2018T\u00fcrk \u00e7ocu\u011fu ecdad\u0131n\u0131 tan\u0131d\u0131k\u00e7a daha b\u00fcy\u00fck i\u015fler yapmak i\u00e7in kendinde kuvvet bulacakt\u0131r\u2019 s\u00f6zleri do\u011frultusunda, T\u00fcrk tarihinin seyrini de\u011fi\u015ftiren pek \u00e7ok \u00f6nemli mek\u00e2n\u0131 ziyaret ettik. O g\u00fcn orada ya\u015fananlar\u0131 \u00f6\u011frencilerimizle payla\u015farak, bir kez daha ecdad\u0131m\u0131zla gurur duyduk. Vatan i\u00e7in can veren aziz \u015fehitlerimizi minnetle an\u0131yoruz. \u00c7anakkale Zaferi&#8217;nin 110. y\u0131l\u0131nda bu tarihi yolculu\u011fu ger\u00e7ekle\u015ftirmek bizim i\u00e7in b\u00fcy\u00fck bir onur oldu. \u015eehitlerimizin fedak\u00e2rl\u0131klar\u0131n\u0131 ve \u00c7anakkale ruhunun bizlere kazand\u0131rd\u0131\u011f\u0131 de\u011ferleri bir kez daha idrak ettik. Ba\u015fta Gazi Mustafa Kemal Atat\u00fcrk olmak \u00fczere, \u00c7anakkale\u2019yi ge\u00e7ilmez k\u0131lan t\u00fcm kahramanlar\u0131m\u0131z\u0131 sayg\u0131 ve rahmetle an\u0131yoruz.\u201d<br \/>\nB\u00dcY\u00dcK BE\u011eEN\u0130 TOPLADI<br \/>\nDokuz Eyl\u00fcl \u00dcniversitesi, bu \u00f6nemli ziyarete ili\u015fkin haz\u0131rlad\u0131\u011f\u0131 slayd\u0131 sosyal medya hesaplar\u0131ndan payla\u015farak, \u00c7anakkale ruhunu takip\u00e7ileriyle bir kez daha ya\u015fatt\u0131. Ziyareti kronolojik foto\u011fraflarla anlatan slayt, DE\u00dc Buca E\u011fitim Fak\u00fcltesi \u00d6\u011fretim \u00dcyesi Do\u00e7. Dr. Elif G\u00fclfem K\u0131st\u0131r&#8217;\u0131n seslendirdi\u011fi &#8220;Hey Onbe\u015fli&#8221; t\u00fcrk\u00fcs\u00fc e\u015fli\u011finde haz\u0131rland\u0131. \u00c7al\u0131\u015fma sosyal medyada b\u00fcy\u00fck be\u011feni toplad\u0131.<\/p>\n<p>\u200bDokuz Eyl\u00fcl \u00dcniversitesi (DE\u00dc), 18 Mart \u015eehitleri Anma G\u00fcn\u00fc ve \u00c7anakkale Deniz Zaferi&#8217;nin 110. y\u0131l\u0131nda anlaml\u0131 bir program ger\u00e7ekle\u015ftirerek, \u00f6\u011frencileriyle birlikte \u00c7anakkale&#8217;de tarihi bir yolculu\u011fa \u00e7\u0131kt\u0131.\u0130ZM\u0130R (\u0130GFA) &#8211;\u00a0DE\u00dc Atat\u00fcrk \u0130lkeleri ve \u0130nk\u0131l\u00e2p Tarihi Enstit\u00fcs\u00fc \u00d6\u011fretim \u00dcyesi Prof. Dr. Fevzi \u00c7akmak rehberli\u011finde ger\u00e7ekle\u015fen ziyarette 43 \u00f6\u011frenci s\u0131ras\u0131yla; \u00c7anakkale\u2019de tarihi \u00f6neme sahip Kilitbahir Kalesi, Namazgah Tabyas\u0131, Seyit Onba\u015f\u0131 Heykeli, \u015eahindere \u015eehitli\u011fi, Zafer An\u0131t\u0131, Mehmet\u00e7i\u011fe Sayg\u0131 An\u0131t\u0131, Kanl\u0131s\u0131rt, 57. Alay \u015eehitli\u011fi, Conkbay\u0131r\u0131 ve \u00c7anakkale Merkez Aynal\u0131 \u00c7ar\u015f\u0131 gibi noktalar\u0131 ziyaret etti.<br \/>\nDokuz Eyl\u00fcl \u00dcniversitesi (DE\u00dc), 18 Mart \u015eehitleri Anma G\u00fcn\u00fc ve \u00c7anakkale Deniz Zaferi&#8217;nin 110. y\u0131l\u0131nda anlaml\u0131 bir program ger\u00e7ekle\u015ftirerek, \u00f6\u011frencileriyle birlikte \u00c7anakkale&#8217;de tarihi bir yolculu\u011fa \u00e7\u0131kt\u0131.<br \/>\nDE\u00dc Atat\u00fcrk \u0130lkeleri ve \u0130nk\u0131l\u00e2p Tarihi Enstit\u00fcs\u00fc \u00d6\u011fretim \u00dcyesi Prof. Dr. Fevzi \u00c7akmak rehberli\u011finde ger\u00e7ekle\u015fen ziyarette 43 \u00f6\u011frenci s\u0131ras\u0131yla; \u00c7anakkale\u2019de tarihi \u00f6neme sahip Kilitbahir Kalesi, Namazgah Tabyas\u0131, Seyit Onba\u015f\u0131 Heykeli, \u015eahindere \u015eehitli\u011fi, Zafer An\u0131t\u0131, Mehmet\u00e7i\u011fe Sayg\u0131 An\u0131t\u0131, Kanl\u0131s\u0131rt, 57. Alay \u015eehitli\u011fi, Conkbay\u0131r\u0131 ve \u00c7anakkale Merkez Aynal\u0131 \u00c7ar\u015f\u0131 gibi noktalar\u0131 ziyaret etti.<br \/>\n\u201cGURUR DUYUYORUZ\u201d<br \/>\nDE\u00dc Rekt\u00f6r\u00fc Prof. Dr. Bayram Y\u0131lmaz, \u00c7anakkale Zaferi\u2019nin y\u0131ld\u00f6n\u00fcm\u00fcnde ger\u00e7ekle\u015ftirilen program\u0131n \u00f6nemine de\u011finerek, &#8220;Tarihimizin ak\u0131\u015f\u0131n\u0131 de\u011fi\u015ftiren, milletimizin ba\u011f\u0131ms\u0131zl\u0131k m\u00fccadelesine y\u00f6n veren \u00c7anakkale Zaferi&#8217;nin 110. y\u0131l\u0131nda \u00f6\u011frencilerimiz \u00c7anakkale\u2019ye anlaml\u0131 bir ziyaret ger\u00e7ekle\u015ftirdiler. Onlarla gurur duyuyor, \u00c7anakkale Zaferimizin 110. y\u0131l\u0131n\u0131 kutluyor; ba\u015fta Ulu \u00d6nderimiz Gazi Mustafa Kemal Atat\u00fcrk olmak \u00fczere \u00c7anakkale&#8217;yi ge\u00e7ilmez k\u0131lan aziz \u015fehitlerimizi ve gazilerimizi rahmet, \u015f\u00fckran ve sayg\u0131yla an\u0131yoruz&#8221; dedi.<br \/>\n\u201cM\u0130NNETLE ANIYORUZ\u201d<br \/>\nDE\u00dc Atat\u00fcrk \u0130lkeleri ve \u0130nk\u0131l\u00e2p Tarihi Enstit\u00fcs\u00fc \u00d6\u011fretim \u00dcyesi Prof. Dr. Fevzi \u00c7akmak ise \u015funlar\u0131 kaydetti: \u201c\u00c7anakkale Zaferi\u2019nin gururunu ve heyecan\u0131n\u0131 y\u00fcreklerinde hisseden 43 \u00f6\u011frencimizle birlikte bu anlaml\u0131 ziyareti ger\u00e7ekle\u015ftirdik. Gazi Mustafa Kemal Atat\u00fcrk\u2019\u00fcn \u2018T\u00fcrk \u00e7ocu\u011fu ecdad\u0131n\u0131 tan\u0131d\u0131k\u00e7a daha b\u00fcy\u00fck i\u015fler yapmak i\u00e7in kendinde kuvvet bulacakt\u0131r\u2019 s\u00f6zleri do\u011frultusunda, T\u00fcrk tarihinin seyrini de\u011fi\u015ftiren pek \u00e7ok \u00f6nemli mek\u00e2n\u0131 ziyaret ettik. O g\u00fcn orada ya\u015fananlar\u0131 \u00f6\u011frencilerimizle payla\u015farak, bir kez daha ecdad\u0131m\u0131zla gurur duyduk. Vatan i\u00e7in can veren aziz \u015fehitlerimizi minnetle an\u0131yoruz. \u00c7anakkale Zaferi&#8217;nin 110. y\u0131l\u0131nda bu tarihi yolculu\u011fu ger\u00e7ekle\u015ftirmek bizim i\u00e7in b\u00fcy\u00fck bir onur oldu. \u015eehitlerimizin fedak\u00e2rl\u0131klar\u0131n\u0131 ve \u00c7anakkale ruhunun bizlere kazand\u0131rd\u0131\u011f\u0131 de\u011ferleri bir kez daha idrak ettik. Ba\u015fta Gazi Mustafa Kemal Atat\u00fcrk olmak \u00fczere, \u00c7anakkale\u2019yi ge\u00e7ilmez k\u0131lan t\u00fcm kahramanlar\u0131m\u0131z\u0131 sayg\u0131 ve rahmetle an\u0131yoruz.\u201d<br \/>\nB\u00dcY\u00dcK BE\u011eEN\u0130 TOPLADI<br \/>\nDokuz Eyl\u00fcl \u00dcniversitesi, bu \u00f6nemli ziyarete ili\u015fkin haz\u0131rlad\u0131\u011f\u0131 slayd\u0131 sosyal medya hesaplar\u0131ndan payla\u015farak, \u00c7anakkale ruhunu takip\u00e7ileriyle bir kez daha ya\u015fatt\u0131. Ziyareti kronolojik foto\u011fraflarla anlatan slayt, DE\u00dc Buca E\u011fitim Fak\u00fcltesi \u00d6\u011fretim \u00dcyesi Do\u00e7. Dr. Elif G\u00fclfem K\u0131st\u0131r&#8217;\u0131n seslendirdi\u011fi &#8220;Hey Onbe\u015fli&#8221; t\u00fcrk\u00fcs\u00fc e\u015fli\u011finde haz\u0131rland\u0131. \u00c7al\u0131\u015fma sosyal medyada b\u00fcy\u00fck be\u011feni toplad\u0131.\u00a0<\/p>\n<p>\u200bHaberin Al\u0131nt\u0131land\u0131\u011f\u0131 Kaynak: www.iskenderun.org<\/p>","protected":false},"excerpt":{"rendered":"<p>Dokuz Eyl\u00fcl \u00dcniversitesi (DE\u00dc), 18 Mart \u015eehitleri Anma G\u00fcn\u00fc ve \u00c7anakkale Deniz Zaferi&#8217;nin 110. y\u0131l\u0131nda anlaml\u0131 bir program ger\u00e7ekle\u015ftirerek, \u00f6\u011frencileriyle birlikte \u00c7anakkale&#8217;de tarihi bir yolculu\u011fa \u00e7\u0131kt\u0131.\u0130ZM\u0130R (\u0130GFA) &#8211;\u00a0DE\u00dc Atat\u00fcrk \u0130lkeleri ve \u0130nk\u0131l\u00e2p Tarihi Enstit\u00fcs\u00fc \u00d6\u011fretim \u00dcyesi Prof. Dr. Fevzi \u00c7akmak rehberli\u011finde ger\u00e7ekle\u015fen ziyarette 43 \u00f6\u011frenci s\u0131ras\u0131yla; \u00c7anakkale\u2019de tarihi \u00f6neme sahip Kilitbahir Kalesi, Namazgah Tabyas\u0131, Seyit Onba\u015f\u0131 Heykeli, \u015eahindere \u015eehitli\u011fi, Zafer An\u0131t\u0131, Mehmet\u00e7i\u011fe Sayg\u0131 An\u0131t\u0131, Kanl\u0131s\u0131rt, 57. Alay \u015eehitli\u011fi, Conkbay\u0131r\u0131 ve \u00c7anakkale Merkez Aynal\u0131 \u00c7ar\u015f\u0131 gibi noktalar\u0131 ziyaret etti. Dokuz Eyl\u00fcl \u00dcniversitesi (DE\u00dc), 18 Mart \u015eehitleri Anma G\u00fcn\u00fc ve \u00c7anakkale Deniz Zaferi&#8217;nin 110. y\u0131l\u0131nda anlaml\u0131 bir program ger\u00e7ekle\u015ftirerek, \u00f6\u011frencileriyle birlikte \u00c7anakkale&#8217;de tarihi bir yolculu\u011fa \u00e7\u0131kt\u0131. DE\u00dc Atat\u00fcrk \u0130lkeleri ve \u0130nk\u0131l\u00e2p Tarihi Enstit\u00fcs\u00fc \u00d6\u011fretim \u00dcyesi Prof. Dr. Fevzi \u00c7akmak rehberli\u011finde ger\u00e7ekle\u015fen ziyarette 43 \u00f6\u011frenci s\u0131ras\u0131yla; \u00c7anakkale\u2019de tarihi \u00f6neme sahip Kilitbahir Kalesi, Namazgah Tabyas\u0131, Seyit Onba\u015f\u0131 Heykeli, \u015eahindere \u015eehitli\u011fi, Zafer An\u0131t\u0131, Mehmet\u00e7i\u011fe Sayg\u0131 An\u0131t\u0131, Kanl\u0131s\u0131rt, 57. Alay \u015eehitli\u011fi, Conkbay\u0131r\u0131 ve \u00c7anakkale Merkez Aynal\u0131 \u00c7ar\u015f\u0131 gibi noktalar\u0131 ziyaret etti. \u201cGURUR DUYUYORUZ\u201d DE\u00dc Rekt\u00f6r\u00fc Prof. Dr. Bayram Y\u0131lmaz, \u00c7anakkale Zaferi\u2019nin y\u0131ld\u00f6n\u00fcm\u00fcnde ger\u00e7ekle\u015ftirilen program\u0131n \u00f6nemine de\u011finerek, &#8220;Tarihimizin ak\u0131\u015f\u0131n\u0131 de\u011fi\u015ftiren, milletimizin ba\u011f\u0131ms\u0131zl\u0131k m\u00fccadelesine y\u00f6n veren \u00c7anakkale Zaferi&#8217;nin 110. y\u0131l\u0131nda \u00f6\u011frencilerimiz \u00c7anakkale\u2019ye anlaml\u0131 bir ziyaret ger\u00e7ekle\u015ftirdiler. Onlarla gurur duyuyor, \u00c7anakkale Zaferimizin 110. y\u0131l\u0131n\u0131 kutluyor; ba\u015fta Ulu \u00d6nderimiz Gazi &hellip;<\/p>","protected":false},"author":1,"featured_media":0,"comment_status":"","ping_status":"open","sticky":false,"template":"","format":"standard","meta":{"_acf_changed":false,"footnotes":""},"categories":[24],"tags":[],"class_list":["post-36161","post","type-post","status-publish","format-standard","has-post-thumbnail","hentry","category-gundem"],"acf":[],"yoast_head":"<!-- This site is optimized with the Yoast SEO Premium plugin v26.6 (Yoast SEO v27.1.1) - https:\/\/yoast.com\/product\/yoast-seo-premium-wordpress\/ -->\n<title>DE\u00dc \u00f6\u011frencileri \u00c7anakkale\u2019de \u015fehitleri and\u0131 - Av. Deniz Can K\u0131z\u0131l<\/title>\n<meta name=\"robots\" content=\"index, follow, max-snippet:-1, max-image-preview:large, max-video-preview:-1\" \/>\n<link rel=\"canonical\" href=\"https:\/\/denizcankizil.tr\/de\/haberler\/gundem\/deu-ogrencileri-canakkalede-sehitleri-andi\/\" \/>\n<meta property=\"og:locale\" content=\"de_DE\" \/>\n<meta property=\"og:type\" content=\"article\" \/>\n<meta property=\"og:title\" content=\"DE\u00dc \u00f6\u011frencileri \u00c7anakkale\u2019de \u015fehitleri and\u0131\" \/>\n<meta property=\"og:description\" content=\"Dokuz Eyl\u00fcl \u00dcniversitesi (DE\u00dc), 18 Mart \u015eehitleri Anma G\u00fcn\u00fc ve \u00c7anakkale Deniz Zaferi&#8217;nin 110. y\u0131l\u0131nda anlaml\u0131 bir program ger\u00e7ekle\u015ftirerek, \u00f6\u011frencileriyle birlikte \u00c7anakkale&#8217;de tarihi bir yolculu\u011fa \u00e7\u0131kt\u0131.\u0130ZM\u0130R (\u0130GFA) &#8211;\u00a0DE\u00dc Atat\u00fcrk \u0130lkeleri ve \u0130nk\u0131l\u00e2p Tarihi Enstit\u00fcs\u00fc \u00d6\u011fretim \u00dcyesi Prof. Dr. Fevzi \u00c7akmak rehberli\u011finde ger\u00e7ekle\u015fen ziyarette 43 \u00f6\u011frenci s\u0131ras\u0131yla; \u00c7anakkale\u2019de tarihi \u00f6neme sahip Kilitbahir Kalesi, Namazgah Tabyas\u0131, Seyit Onba\u015f\u0131 Heykeli, \u015eahindere \u015eehitli\u011fi, Zafer An\u0131t\u0131, Mehmet\u00e7i\u011fe Sayg\u0131 An\u0131t\u0131, Kanl\u0131s\u0131rt, 57. Alay \u015eehitli\u011fi, Conkbay\u0131r\u0131 ve \u00c7anakkale Merkez Aynal\u0131 \u00c7ar\u015f\u0131 gibi noktalar\u0131 ziyaret etti. Dokuz Eyl\u00fcl \u00dcniversitesi (DE\u00dc), 18 Mart \u015eehitleri Anma G\u00fcn\u00fc ve \u00c7anakkale Deniz Zaferi&#8217;nin 110. y\u0131l\u0131nda anlaml\u0131 bir program ger\u00e7ekle\u015ftirerek, \u00f6\u011frencileriyle birlikte \u00c7anakkale&#8217;de tarihi bir yolculu\u011fa \u00e7\u0131kt\u0131. DE\u00dc Atat\u00fcrk \u0130lkeleri ve \u0130nk\u0131l\u00e2p Tarihi Enstit\u00fcs\u00fc \u00d6\u011fretim \u00dcyesi Prof. Dr. Fevzi \u00c7akmak rehberli\u011finde ger\u00e7ekle\u015fen ziyarette 43 \u00f6\u011frenci s\u0131ras\u0131yla; \u00c7anakkale\u2019de tarihi \u00f6neme sahip Kilitbahir Kalesi, Namazgah Tabyas\u0131, Seyit Onba\u015f\u0131 Heykeli, \u015eahindere \u015eehitli\u011fi, Zafer An\u0131t\u0131, Mehmet\u00e7i\u011fe Sayg\u0131 An\u0131t\u0131, Kanl\u0131s\u0131rt, 57. Alay \u015eehitli\u011fi, Conkbay\u0131r\u0131 ve \u00c7anakkale Merkez Aynal\u0131 \u00c7ar\u015f\u0131 gibi noktalar\u0131 ziyaret etti. \u201cGURUR DUYUYORUZ\u201d DE\u00dc Rekt\u00f6r\u00fc Prof. Dr. Bayram Y\u0131lmaz, \u00c7anakkale Zaferi\u2019nin y\u0131ld\u00f6n\u00fcm\u00fcnde ger\u00e7ekle\u015ftirilen program\u0131n \u00f6nemine de\u011finerek, &#8220;Tarihimizin ak\u0131\u015f\u0131n\u0131 de\u011fi\u015ftiren, milletimizin ba\u011f\u0131ms\u0131zl\u0131k m\u00fccadelesine y\u00f6n veren \u00c7anakkale Zaferi&#8217;nin 110. y\u0131l\u0131nda \u00f6\u011frencilerimiz \u00c7anakkale\u2019ye anlaml\u0131 bir ziyaret ger\u00e7ekle\u015ftirdiler. Onlarla gurur duyuyor, \u00c7anakkale Zaferimizin 110. y\u0131l\u0131n\u0131 kutluyor; ba\u015fta Ulu \u00d6nderimiz Gazi &hellip;\" \/>\n<meta property=\"og:url\" content=\"https:\/\/denizcankizil.tr\/de\/haberler\/gundem\/deu-ogrencileri-canakkalede-sehitleri-andi\/\" \/>\n<meta property=\"og:site_name\" content=\"Av. Deniz Can K\u0131z\u0131l\" \/>\n<meta property=\"article:published_time\" content=\"2025-03-18T09:42:20+00:00\" \/>\n<meta name=\"author\" content=\"admin\" \/>\n<meta name=\"twitter:card\" content=\"summary_large_image\" \/>\n<meta name=\"twitter:label1\" content=\"Verfasst von\" \/>\n\t<meta name=\"twitter:data1\" content=\"admin\" \/>\n\t<meta name=\"twitter:label2\" content=\"Gesch\u00e4tzte Lesezeit\" \/>\n\t<meta name=\"twitter:data2\" content=\"6\u00a0Minuten\" \/>\n<script type=\"application\/ld+json\" class=\"yoast-schema-graph\">{\"@context\":\"https:\/\/schema.org\",\"@graph\":[{\"@type\":\"Article\",\"@id\":\"https:\/\/denizcankizil.tr\/de\/haberler\/gundem\/deu-ogrencileri-canakkalede-sehitleri-andi\/#article\",\"isPartOf\":{\"@id\":\"https:\/\/denizcankizil.tr\/de\/haberler\/gundem\/deu-ogrencileri-canakkalede-sehitleri-andi\/\"},\"author\":{\"name\":\"admin\",\"@id\":\"https:\/\/denizcankizil.tr\/#\/schema\/person\/be3c05fe6a12686905512445d8185489\"},\"headline\":\"DE\u00dc \u00f6\u011frencileri \u00c7anakkale\u2019de \u015fehitleri and\u0131\",\"datePublished\":\"2025-03-18T09:42:20+00:00\",\"mainEntityOfPage\":{\"@id\":\"https:\/\/denizcankizil.tr\/de\/haberler\/gundem\/deu-ogrencileri-canakkalede-sehitleri-andi\/\"},\"wordCount\":1134,\"publisher\":{\"@id\":\"https:\/\/denizcankizil.tr\/#organization\"},\"articleSection\":[\"G\u00fcndem\"],\"inLanguage\":\"de\"},{\"@type\":\"WebPage\",\"@id\":\"https:\/\/denizcankizil.tr\/de\/haberler\/gundem\/deu-ogrencileri-canakkalede-sehitleri-andi\/\",\"url\":\"https:\/\/denizcankizil.tr\/de\/haberler\/gundem\/deu-ogrencileri-canakkalede-sehitleri-andi\/\",\"name\":\"DE\u00dc \u00f6\u011frencileri \u00c7anakkale\u2019de \u015fehitleri and\u0131 - Av. Deniz Can K\u0131z\u0131l\",\"isPartOf\":{\"@id\":\"https:\/\/denizcankizil.tr\/#website\"},\"datePublished\":\"2025-03-18T09:42:20+00:00\",\"breadcrumb\":{\"@id\":\"https:\/\/denizcankizil.tr\/de\/haberler\/gundem\/deu-ogrencileri-canakkalede-sehitleri-andi\/#breadcrumb\"},\"inLanguage\":\"de\",\"potentialAction\":[{\"@type\":\"ReadAction\",\"target\":[\"https:\/\/denizcankizil.tr\/de\/haberler\/gundem\/deu-ogrencileri-canakkalede-sehitleri-andi\/\"]}]},{\"@type\":\"BreadcrumbList\",\"@id\":\"https:\/\/denizcankizil.tr\/de\/haberler\/gundem\/deu-ogrencileri-canakkalede-sehitleri-andi\/#breadcrumb\",\"itemListElement\":[{\"@type\":\"ListItem\",\"position\":1,\"name\":\"Home\",\"item\":\"https:\/\/denizcankizil.tr\/uk\/\"},{\"@type\":\"ListItem\",\"position\":2,\"name\":\"DE\u00dc \u00f6\u011frencileri \u00c7anakkale\u2019de \u015fehitleri and\u0131\"}]},{\"@type\":\"WebSite\",\"@id\":\"https:\/\/denizcankizil.tr\/#website\",\"url\":\"https:\/\/denizcankizil.tr\/\",\"name\":\"Av. Deniz Can K\u0131z\u0131l\",\"description\":\"Avukat Deniz Can K\u0131z\u0131l Antalya Barosu\",\"publisher\":{\"@id\":\"https:\/\/denizcankizil.tr\/#organization\"},\"potentialAction\":[{\"@type\":\"SearchAction\",\"target\":{\"@type\":\"EntryPoint\",\"urlTemplate\":\"https:\/\/denizcankizil.tr\/?s={search_term_string}\"},\"query-input\":{\"@type\":\"PropertyValueSpecification\",\"valueRequired\":true,\"valueName\":\"search_term_string\"}}],\"inLanguage\":\"de\"},{\"@type\":\"Organization\",\"@id\":\"https:\/\/denizcankizil.tr\/#organization\",\"name\":\"Av. Deniz Can K\u0131z\u0131l\",\"url\":\"https:\/\/denizcankizil.tr\/\",\"logo\":{\"@type\":\"ImageObject\",\"inLanguage\":\"de\",\"@id\":\"https:\/\/denizcankizil.tr\/#\/schema\/logo\/image\/\",\"url\":\"https:\/\/denizcankizil.tr\/wp-content\/uploads\/2024\/10\/siyah-logo-svg.svg\",\"contentUrl\":\"https:\/\/denizcankizil.tr\/wp-content\/uploads\/2024\/10\/siyah-logo-svg.svg\",\"width\":1080,\"height\":1080,\"caption\":\"Av. Deniz Can K\u0131z\u0131l\"},\"image\":{\"@id\":\"https:\/\/denizcankizil.tr\/#\/schema\/logo\/image\/\"}},{\"@type\":\"Person\",\"@id\":\"https:\/\/denizcankizil.tr\/#\/schema\/person\/be3c05fe6a12686905512445d8185489\",\"name\":\"admin\",\"image\":{\"@type\":\"ImageObject\",\"inLanguage\":\"de\",\"@id\":\"https:\/\/denizcankizil.tr\/#\/schema\/person\/image\/\",\"url\":\"https:\/\/secure.gravatar.com\/avatar\/c1fce94c830dc79107e174f890d7210541c4a63e8e5d816341794a2151c9d58c?s=96&d=mm&r=g\",\"contentUrl\":\"https:\/\/secure.gravatar.com\/avatar\/c1fce94c830dc79107e174f890d7210541c4a63e8e5d816341794a2151c9d58c?s=96&d=mm&r=g\",\"caption\":\"admin\"},\"sameAs\":[\"http:\/\/denizcankizil.tr\"],\"url\":\"https:\/\/www.iskenderun.org\/deu-ogrencileri-canakkalede-sehitleri-andi\"}]}<\/script>\n<!-- \/ Yoast SEO Premium plugin. -->","yoast_head_json":{"title":"DE\u00dc \u00f6\u011frencileri \u00c7anakkale\u2019de \u015fehitleri and\u0131 - Av. Deniz Can K\u0131z\u0131l","robots":{"index":"index","follow":"follow","max-snippet":"max-snippet:-1","max-image-preview":"max-image-preview:large","max-video-preview":"max-video-preview:-1"},"canonical":"https:\/\/denizcankizil.tr\/de\/haberler\/gundem\/deu-ogrencileri-canakkalede-sehitleri-andi\/","og_locale":"de_DE","og_type":"article","og_title":"DE\u00dc \u00f6\u011frencileri \u00c7anakkale\u2019de \u015fehitleri and\u0131","og_description":"Dokuz Eyl\u00fcl \u00dcniversitesi (DE\u00dc), 18 Mart \u015eehitleri Anma G\u00fcn\u00fc ve \u00c7anakkale Deniz Zaferi&#8217;nin 110. y\u0131l\u0131nda anlaml\u0131 bir program ger\u00e7ekle\u015ftirerek, \u00f6\u011frencileriyle birlikte \u00c7anakkale&#8217;de tarihi bir yolculu\u011fa \u00e7\u0131kt\u0131.\u0130ZM\u0130R (\u0130GFA) &#8211;\u00a0DE\u00dc Atat\u00fcrk \u0130lkeleri ve \u0130nk\u0131l\u00e2p Tarihi Enstit\u00fcs\u00fc \u00d6\u011fretim \u00dcyesi Prof. Dr. Fevzi \u00c7akmak rehberli\u011finde ger\u00e7ekle\u015fen ziyarette 43 \u00f6\u011frenci s\u0131ras\u0131yla; \u00c7anakkale\u2019de tarihi \u00f6neme sahip Kilitbahir Kalesi, Namazgah Tabyas\u0131, Seyit Onba\u015f\u0131 Heykeli, \u015eahindere \u015eehitli\u011fi, Zafer An\u0131t\u0131, Mehmet\u00e7i\u011fe Sayg\u0131 An\u0131t\u0131, Kanl\u0131s\u0131rt, 57. Alay \u015eehitli\u011fi, Conkbay\u0131r\u0131 ve \u00c7anakkale Merkez Aynal\u0131 \u00c7ar\u015f\u0131 gibi noktalar\u0131 ziyaret etti. Dokuz Eyl\u00fcl \u00dcniversitesi (DE\u00dc), 18 Mart \u015eehitleri Anma G\u00fcn\u00fc ve \u00c7anakkale Deniz Zaferi&#8217;nin 110. y\u0131l\u0131nda anlaml\u0131 bir program ger\u00e7ekle\u015ftirerek, \u00f6\u011frencileriyle birlikte \u00c7anakkale&#8217;de tarihi bir yolculu\u011fa \u00e7\u0131kt\u0131. DE\u00dc Atat\u00fcrk \u0130lkeleri ve \u0130nk\u0131l\u00e2p Tarihi Enstit\u00fcs\u00fc \u00d6\u011fretim \u00dcyesi Prof. Dr. Fevzi \u00c7akmak rehberli\u011finde ger\u00e7ekle\u015fen ziyarette 43 \u00f6\u011frenci s\u0131ras\u0131yla; \u00c7anakkale\u2019de tarihi \u00f6neme sahip Kilitbahir Kalesi, Namazgah Tabyas\u0131, Seyit Onba\u015f\u0131 Heykeli, \u015eahindere \u015eehitli\u011fi, Zafer An\u0131t\u0131, Mehmet\u00e7i\u011fe Sayg\u0131 An\u0131t\u0131, Kanl\u0131s\u0131rt, 57. Alay \u015eehitli\u011fi, Conkbay\u0131r\u0131 ve \u00c7anakkale Merkez Aynal\u0131 \u00c7ar\u015f\u0131 gibi noktalar\u0131 ziyaret etti. \u201cGURUR DUYUYORUZ\u201d DE\u00dc Rekt\u00f6r\u00fc Prof. Dr. Bayram Y\u0131lmaz, \u00c7anakkale Zaferi\u2019nin y\u0131ld\u00f6n\u00fcm\u00fcnde ger\u00e7ekle\u015ftirilen program\u0131n \u00f6nemine de\u011finerek, &#8220;Tarihimizin ak\u0131\u015f\u0131n\u0131 de\u011fi\u015ftiren, milletimizin ba\u011f\u0131ms\u0131zl\u0131k m\u00fccadelesine y\u00f6n veren \u00c7anakkale Zaferi&#8217;nin 110. y\u0131l\u0131nda \u00f6\u011frencilerimiz \u00c7anakkale\u2019ye anlaml\u0131 bir ziyaret ger\u00e7ekle\u015ftirdiler. Onlarla gurur duyuyor, \u00c7anakkale Zaferimizin 110. y\u0131l\u0131n\u0131 kutluyor; ba\u015fta Ulu \u00d6nderimiz Gazi &hellip;","og_url":"https:\/\/denizcankizil.tr\/de\/haberler\/gundem\/deu-ogrencileri-canakkalede-sehitleri-andi\/","og_site_name":"Av. Deniz Can K\u0131z\u0131l","article_published_time":"2025-03-18T09:42:20+00:00","author":"admin","twitter_card":"summary_large_image","twitter_misc":{"Verfasst von":"admin","Gesch\u00e4tzte Lesezeit":"6\u00a0Minuten"},"schema":{"@context":"https:\/\/schema.org","@graph":[{"@type":"Article","@id":"https:\/\/denizcankizil.tr\/de\/haberler\/gundem\/deu-ogrencileri-canakkalede-sehitleri-andi\/#article","isPartOf":{"@id":"https:\/\/denizcankizil.tr\/de\/haberler\/gundem\/deu-ogrencileri-canakkalede-sehitleri-andi\/"},"author":{"name":"admin","@id":"https:\/\/denizcankizil.tr\/#\/schema\/person\/be3c05fe6a12686905512445d8185489"},"headline":"DE\u00dc \u00f6\u011frencileri \u00c7anakkale\u2019de \u015fehitleri and\u0131","datePublished":"2025-03-18T09:42:20+00:00","mainEntityOfPage":{"@id":"https:\/\/denizcankizil.tr\/de\/haberler\/gundem\/deu-ogrencileri-canakkalede-sehitleri-andi\/"},"wordCount":1134,"publisher":{"@id":"https:\/\/denizcankizil.tr\/#organization"},"articleSection":["G\u00fcndem"],"inLanguage":"de"},{"@type":"WebPage","@id":"https:\/\/denizcankizil.tr\/de\/haberler\/gundem\/deu-ogrencileri-canakkalede-sehitleri-andi\/","url":"https:\/\/denizcankizil.tr\/de\/haberler\/gundem\/deu-ogrencileri-canakkalede-sehitleri-andi\/","name":"DE\u00dc \u00f6\u011frencileri \u00c7anakkale\u2019de \u015fehitleri and\u0131 - Av. Deniz Can K\u0131z\u0131l","isPartOf":{"@id":"https:\/\/denizcankizil.tr\/#website"},"datePublished":"2025-03-18T09:42:20+00:00","breadcrumb":{"@id":"https:\/\/denizcankizil.tr\/de\/haberler\/gundem\/deu-ogrencileri-canakkalede-sehitleri-andi\/#breadcrumb"},"inLanguage":"de","potentialAction":[{"@type":"ReadAction","target":["https:\/\/denizcankizil.tr\/de\/haberler\/gundem\/deu-ogrencileri-canakkalede-sehitleri-andi\/"]}]},{"@type":"BreadcrumbList","@id":"https:\/\/denizcankizil.tr\/de\/haberler\/gundem\/deu-ogrencileri-canakkalede-sehitleri-andi\/#breadcrumb","itemListElement":[{"@type":"ListItem","position":1,"name":"Home","item":"https:\/\/denizcankizil.tr\/uk\/"},{"@type":"ListItem","position":2,"name":"DE\u00dc \u00f6\u011frencileri \u00c7anakkale\u2019de \u015fehitleri and\u0131"}]},{"@type":"WebSite","@id":"https:\/\/denizcankizil.tr\/#website","url":"https:\/\/denizcankizil.tr\/","name":"Av. Deniz Can K\u0131z\u0131l","description":"Avukat Deniz Can K\u0131z\u0131l Antalya Barosu","publisher":{"@id":"https:\/\/denizcankizil.tr\/#organization"},"potentialAction":[{"@type":"SearchAction","target":{"@type":"EntryPoint","urlTemplate":"https:\/\/denizcankizil.tr\/?s={search_term_string}"},"query-input":{"@type":"PropertyValueSpecification","valueRequired":true,"valueName":"search_term_string"}}],"inLanguage":"de"},{"@type":"Organization","@id":"https:\/\/denizcankizil.tr\/#organization","name":"Av. Deniz Can K\u0131z\u0131l","url":"https:\/\/denizcankizil.tr\/","logo":{"@type":"ImageObject","inLanguage":"de","@id":"https:\/\/denizcankizil.tr\/#\/schema\/logo\/image\/","url":"https:\/\/denizcankizil.tr\/wp-content\/uploads\/2024\/10\/siyah-logo-svg.svg","contentUrl":"https:\/\/denizcankizil.tr\/wp-content\/uploads\/2024\/10\/siyah-logo-svg.svg","width":1080,"height":1080,"caption":"Av. Deniz Can K\u0131z\u0131l"},"image":{"@id":"https:\/\/denizcankizil.tr\/#\/schema\/logo\/image\/"}},{"@type":"Person","@id":"https:\/\/denizcankizil.tr\/#\/schema\/person\/be3c05fe6a12686905512445d8185489","name":"Administrator","image":{"@type":"ImageObject","inLanguage":"de","@id":"https:\/\/denizcankizil.tr\/#\/schema\/person\/image\/","url":"https:\/\/secure.gravatar.com\/avatar\/c1fce94c830dc79107e174f890d7210541c4a63e8e5d816341794a2151c9d58c?s=96&d=mm&r=g","contentUrl":"https:\/\/secure.gravatar.com\/avatar\/c1fce94c830dc79107e174f890d7210541c4a63e8e5d816341794a2151c9d58c?s=96&d=mm&r=g","caption":"admin"},"sameAs":["http:\/\/denizcankizil.tr"],"url":"https:\/\/www.iskenderun.org\/deu-ogrencileri-canakkalede-sehitleri-andi"}]}},"_links":{"self":[{"href":"https:\/\/denizcankizil.tr\/de\/wp-json\/wp\/v2\/posts\/36161","targetHints":{"allow":["GET"]}}],"collection":[{"href":"https:\/\/denizcankizil.tr\/de\/wp-json\/wp\/v2\/posts"}],"about":[{"href":"https:\/\/denizcankizil.tr\/de\/wp-json\/wp\/v2\/types\/post"}],"author":[{"embeddable":true,"href":"https:\/\/denizcankizil.tr\/de\/wp-json\/wp\/v2\/users\/1"}],"replies":[{"embeddable":true,"href":"https:\/\/denizcankizil.tr\/de\/wp-json\/wp\/v2\/comments?post=36161"}],"version-history":[{"count":0,"href":"https:\/\/denizcankizil.tr\/de\/wp-json\/wp\/v2\/posts\/36161\/revisions"}],"wp:attachment":[{"href":"https:\/\/denizcankizil.tr\/de\/wp-json\/wp\/v2\/media?parent=36161"}],"wp:term":[{"taxonomy":"category","embeddable":true,"href":"https:\/\/denizcankizil.tr\/de\/wp-json\/wp\/v2\/categories?post=36161"},{"taxonomy":"post_tag","embeddable":true,"href":"https:\/\/denizcankizil.tr\/de\/wp-json\/wp\/v2\/tags?post=36161"}],"curies":[{"name":"wp","href":"https:\/\/api.w.org\/{rel}","templated":true}]}}