{"id":36132,"date":"2025-03-18T10:41:19","date_gmt":"2025-03-18T07:41:19","guid":{"rendered":"https:\/\/denizcankizil.tr\/uncategorized-tr\/ticaret-bakanligi-okul-uniformalarini-toplatiyor\/"},"modified":"2025-03-18T10:41:19","modified_gmt":"2025-03-18T07:41:19","slug":"ticaret-bakanligi-okul-uniformalarini-toplatiyor","status":"publish","type":"post","link":"https:\/\/denizcankizil.tr\/de\/haberler\/gundem\/ticaret-bakanligi-okul-uniformalarini-toplatiyor\/","title":{"rendered":"Ticaret Bakanl\u0131\u011f\u0131 okul \u00fcniformalar\u0131n\u0131 toplat\u0131yor"},"content":{"rendered":"<p>Ticaret Bakanl\u0131\u011f\u0131, piyasa g\u00f6zetimi ve denetimi faaliyeti ger\u00e7ekle\u015ftiren yetkili kurulu\u015flar taraf\u0131ndan g\u00fcvensizli\u011fi tespit edilen zararl\u0131 \u00fcr\u00fcnlerin yay\u0131nlad\u0131\u011f\u0131 \u2018G\u00fcvensiz \u00dcr\u00fcn Bilgi Sistemi\u2019nde yeni \u00fcr\u00fcnler ekledi. Genelde \u00e7ocuklar i\u00e7in risk olu\u015fturan oyuncaklar\u0131n yer ald\u0131\u011f\u0131 bu listeye son g\u00fcnlerde ise 2 tane dikkat \u00e7ekici \u00fcr\u00fcn eklendi. Bunlar okul formas\u0131 ve e\u015fofman tak\u0131m\u0131.\u00a0<\/p>\n<p>BU \u00dcN\u0130FORMALAR TOPLATILIYOR\u00a0<\/p>\n<p>G\u00fcvensiz \u00dcr\u00fcn Listesi\u2019nde 7 Mart 2025 tarihinde listelenen mavi \u00e7ocuk okul \u00fcniformas\u0131nda zararl\u0131 kimyasallar tespit edildi. Yap\u0131lan testlerin ard\u0131ndan \u00fcniforman\u0131n \u00fcst\u00fcndeki d\u00fc\u011fmelerde olmas\u0131 gerekenden fazla kur\u015fun oran\u0131 tespit edilmi\u015f ve bu y\u00fczden \u00fcr\u00fcn\u00fc Ticaret Bakanl\u0131\u011f\u0131 ekipleri taraf\u0131ndan piyasa arz\u0131n\u0131n yasaklanmas\u0131n ve toplat\u0131lmas\u0131na karar verildi.\u00a0<\/p>\n<p>E\u015eOFMAN TAKIMI \u00c7OCUKLAR \u0130\u00c7\u0130N R\u0130SK TA\u015eIYOR\u00a0<\/p>\n<p>Listede yer alan bir di\u011fer \u00fcr\u00fcn ise Rio Bambam Marka Mavi E\u015fofman Tak\u0131m\u0131 oldu. \u00c7ocuklar i\u00e7in \u00fcretilmen e\u015fofman tak\u0131m\u0131n\u0131n \u00fczerinde bulunan kordon ve b\u00fczme iplerinin \u00e7ocuklarda bo\u011fula riski ta\u015f\u0131d\u0131\u011f\u0131 tespit edildi. Yap\u0131lan analizlerin ard\u0131ndan bakanl\u0131k ekipleri e\u015fofman tak\u0131m\u0131n\u0131n sat\u0131\u015f\u0131n\u0131n yasaklanmas\u0131na ve i\u015fletmelerden toplat\u0131lmas\u0131na karar verdi. \u00a0<\/p>\n<p>\u00a0<\/p>\n<p>\u200bTicaret Bakanl\u0131\u011f\u0131, \u00e7ocuklar i\u00e7in risk ta\u015f\u0131d\u0131\u011f\u0131 tespit edilen bu \u00fcniformalar\u0131n sat\u0131\u015f\u0131n\u0131n yasaklanmas\u0131na ve i\u015fletmelerden de toplat\u0131lmas\u0131na karar verdi. \u0130\u015fte detaylar&#8230;\u00a0<\/p>\n<p>\u200bHaberin Al\u0131nt\u0131land\u0131\u011f\u0131 Kaynak: www.antalyakorfez.com<\/p>","protected":false},"excerpt":{"rendered":"<p>Ticaret Bakanl\u0131\u011f\u0131, piyasa g\u00f6zetimi ve denetimi faaliyeti ger\u00e7ekle\u015ftiren yetkili kurulu\u015flar taraf\u0131ndan g\u00fcvensizli\u011fi tespit edilen zararl\u0131 \u00fcr\u00fcnlerin yay\u0131nlad\u0131\u011f\u0131 \u2018G\u00fcvensiz \u00dcr\u00fcn Bilgi Sistemi\u2019nde yeni \u00fcr\u00fcnler ekledi. Genelde \u00e7ocuklar i\u00e7in risk olu\u015fturan oyuncaklar\u0131n yer ald\u0131\u011f\u0131 bu listeye son g\u00fcnlerde ise 2 tane dikkat \u00e7ekici \u00fcr\u00fcn eklendi. Bunlar okul formas\u0131 ve e\u015fofman tak\u0131m\u0131.\u00a0 BU \u00dcN\u0130FORMALAR TOPLATILIYOR\u00a0 G\u00fcvensiz \u00dcr\u00fcn Listesi\u2019nde 7 Mart 2025 tarihinde listelenen mavi \u00e7ocuk okul \u00fcniformas\u0131nda zararl\u0131 kimyasallar tespit edildi. Yap\u0131lan testlerin ard\u0131ndan \u00fcniforman\u0131n \u00fcst\u00fcndeki d\u00fc\u011fmelerde olmas\u0131 gerekenden fazla kur\u015fun oran\u0131 tespit edilmi\u015f ve bu y\u00fczden \u00fcr\u00fcn\u00fc Ticaret Bakanl\u0131\u011f\u0131 ekipleri taraf\u0131ndan piyasa arz\u0131n\u0131n yasaklanmas\u0131n ve toplat\u0131lmas\u0131na karar verildi.\u00a0 E\u015eOFMAN TAKIMI \u00c7OCUKLAR \u0130\u00c7\u0130N R\u0130SK TA\u015eIYOR\u00a0 Listede yer alan bir di\u011fer \u00fcr\u00fcn ise Rio Bambam Marka Mavi E\u015fofman Tak\u0131m\u0131 oldu. \u00c7ocuklar i\u00e7in \u00fcretilmen e\u015fofman tak\u0131m\u0131n\u0131n \u00fczerinde bulunan kordon ve b\u00fczme iplerinin \u00e7ocuklarda bo\u011fula riski ta\u015f\u0131d\u0131\u011f\u0131 tespit edildi. Yap\u0131lan analizlerin ard\u0131ndan bakanl\u0131k ekipleri e\u015fofman tak\u0131m\u0131n\u0131n sat\u0131\u015f\u0131n\u0131n yasaklanmas\u0131na ve i\u015fletmelerden toplat\u0131lmas\u0131na karar verdi. \u00a0 \u00a0 \u200bTicaret Bakanl\u0131\u011f\u0131, \u00e7ocuklar i\u00e7in risk ta\u015f\u0131d\u0131\u011f\u0131 tespit edilen bu \u00fcniformalar\u0131n sat\u0131\u015f\u0131n\u0131n yasaklanmas\u0131na ve i\u015fletmelerden de toplat\u0131lmas\u0131na karar verdi. \u0130\u015fte detaylar&#8230;\u00a0 \u200bHaberin Al\u0131nt\u0131land\u0131\u011f\u0131 Kaynak: www.antalyakorfez.com<\/p>","protected":false},"author":5,"featured_media":0,"comment_status":"","ping_status":"open","sticky":false,"template":"","format":"standard","meta":{"_acf_changed":false,"footnotes":""},"categories":[24],"tags":[],"class_list":["post-36132","post","type-post","status-publish","format-standard","has-post-thumbnail","hentry","category-gundem"],"acf":[],"yoast_head":"<!-- This site is optimized with the Yoast SEO Premium plugin v26.6 (Yoast SEO v27.1.1) - https:\/\/yoast.com\/product\/yoast-seo-premium-wordpress\/ -->\n<title>Ticaret Bakanl\u0131\u011f\u0131 okul \u00fcniformalar\u0131n\u0131 toplat\u0131yor - Av. Deniz Can K\u0131z\u0131l<\/title>\n<meta name=\"robots\" content=\"index, follow, max-snippet:-1, max-image-preview:large, max-video-preview:-1\" \/>\n<link rel=\"canonical\" href=\"https:\/\/denizcankizil.tr\/de\/haberler\/gundem\/ticaret-bakanligi-okul-uniformalarini-toplatiyor\/\" \/>\n<meta property=\"og:locale\" content=\"de_DE\" \/>\n<meta property=\"og:type\" content=\"article\" \/>\n<meta property=\"og:title\" content=\"Ticaret Bakanl\u0131\u011f\u0131 okul \u00fcniformalar\u0131n\u0131 toplat\u0131yor\" \/>\n<meta property=\"og:description\" content=\"Ticaret Bakanl\u0131\u011f\u0131, piyasa g\u00f6zetimi ve denetimi faaliyeti ger\u00e7ekle\u015ftiren yetkili kurulu\u015flar taraf\u0131ndan g\u00fcvensizli\u011fi tespit edilen zararl\u0131 \u00fcr\u00fcnlerin yay\u0131nlad\u0131\u011f\u0131 \u2018G\u00fcvensiz \u00dcr\u00fcn Bilgi Sistemi\u2019nde yeni \u00fcr\u00fcnler ekledi. Genelde \u00e7ocuklar i\u00e7in risk olu\u015fturan oyuncaklar\u0131n yer ald\u0131\u011f\u0131 bu listeye son g\u00fcnlerde ise 2 tane dikkat \u00e7ekici \u00fcr\u00fcn eklendi. Bunlar okul formas\u0131 ve e\u015fofman tak\u0131m\u0131.\u00a0 BU \u00dcN\u0130FORMALAR TOPLATILIYOR\u00a0 G\u00fcvensiz \u00dcr\u00fcn Listesi\u2019nde 7 Mart 2025 tarihinde listelenen mavi \u00e7ocuk okul \u00fcniformas\u0131nda zararl\u0131 kimyasallar tespit edildi. Yap\u0131lan testlerin ard\u0131ndan \u00fcniforman\u0131n \u00fcst\u00fcndeki d\u00fc\u011fmelerde olmas\u0131 gerekenden fazla kur\u015fun oran\u0131 tespit edilmi\u015f ve bu y\u00fczden \u00fcr\u00fcn\u00fc Ticaret Bakanl\u0131\u011f\u0131 ekipleri taraf\u0131ndan piyasa arz\u0131n\u0131n yasaklanmas\u0131n ve toplat\u0131lmas\u0131na karar verildi.\u00a0 E\u015eOFMAN TAKIMI \u00c7OCUKLAR \u0130\u00c7\u0130N R\u0130SK TA\u015eIYOR\u00a0 Listede yer alan bir di\u011fer \u00fcr\u00fcn ise Rio Bambam Marka Mavi E\u015fofman Tak\u0131m\u0131 oldu. \u00c7ocuklar i\u00e7in \u00fcretilmen e\u015fofman tak\u0131m\u0131n\u0131n \u00fczerinde bulunan kordon ve b\u00fczme iplerinin \u00e7ocuklarda bo\u011fula riski ta\u015f\u0131d\u0131\u011f\u0131 tespit edildi. Yap\u0131lan analizlerin ard\u0131ndan bakanl\u0131k ekipleri e\u015fofman tak\u0131m\u0131n\u0131n sat\u0131\u015f\u0131n\u0131n yasaklanmas\u0131na ve i\u015fletmelerden toplat\u0131lmas\u0131na karar verdi. \u00a0 \u00a0 \u200bTicaret Bakanl\u0131\u011f\u0131, \u00e7ocuklar i\u00e7in risk ta\u015f\u0131d\u0131\u011f\u0131 tespit edilen bu \u00fcniformalar\u0131n sat\u0131\u015f\u0131n\u0131n yasaklanmas\u0131na ve i\u015fletmelerden de toplat\u0131lmas\u0131na karar verdi. \u0130\u015fte detaylar&#8230;\u00a0 \u200bHaberin Al\u0131nt\u0131land\u0131\u011f\u0131 Kaynak: www.antalyakorfez.com\" \/>\n<meta property=\"og:url\" content=\"https:\/\/denizcankizil.tr\/de\/haberler\/gundem\/ticaret-bakanligi-okul-uniformalarini-toplatiyor\/\" \/>\n<meta property=\"og:site_name\" content=\"Av. Deniz Can K\u0131z\u0131l\" \/>\n<meta property=\"article:published_time\" content=\"2025-03-18T07:41:19+00:00\" \/>\n<meta name=\"author\" content=\"Antalya K\u00f6rfez\" \/>\n<meta name=\"twitter:card\" content=\"summary_large_image\" \/>\n<meta name=\"twitter:label1\" content=\"Verfasst von\" \/>\n\t<meta name=\"twitter:data1\" content=\"Antalya K\u00f6rfez\" \/>\n\t<meta name=\"twitter:label2\" content=\"Gesch\u00e4tzte Lesezeit\" \/>\n\t<meta name=\"twitter:data2\" content=\"1\u00a0Minute\" \/>\n<script type=\"application\/ld+json\" class=\"yoast-schema-graph\">{\"@context\":\"https:\/\/schema.org\",\"@graph\":[{\"@type\":\"Article\",\"@id\":\"https:\/\/denizcankizil.tr\/de\/haberler\/gundem\/ticaret-bakanligi-okul-uniformalarini-toplatiyor\/#article\",\"isPartOf\":{\"@id\":\"https:\/\/denizcankizil.tr\/de\/haberler\/gundem\/ticaret-bakanligi-okul-uniformalarini-toplatiyor\/\"},\"author\":{\"name\":\"Antalya K\u00f6rfez\",\"@id\":\"https:\/\/denizcankizil.tr\/#\/schema\/person\/e1eb71bb4dd684d46563f0af307e1234\"},\"headline\":\"Ticaret Bakanl\u0131\u011f\u0131 okul \u00fcniformalar\u0131n\u0131 toplat\u0131yor\",\"datePublished\":\"2025-03-18T07:41:19+00:00\",\"mainEntityOfPage\":{\"@id\":\"https:\/\/denizcankizil.tr\/de\/haberler\/gundem\/ticaret-bakanligi-okul-uniformalarini-toplatiyor\/\"},\"wordCount\":255,\"publisher\":{\"@id\":\"https:\/\/denizcankizil.tr\/#organization\"},\"articleSection\":[\"G\u00fcndem\"],\"inLanguage\":\"de\"},{\"@type\":\"WebPage\",\"@id\":\"https:\/\/denizcankizil.tr\/de\/haberler\/gundem\/ticaret-bakanligi-okul-uniformalarini-toplatiyor\/\",\"url\":\"https:\/\/denizcankizil.tr\/de\/haberler\/gundem\/ticaret-bakanligi-okul-uniformalarini-toplatiyor\/\",\"name\":\"Ticaret Bakanl\u0131\u011f\u0131 okul \u00fcniformalar\u0131n\u0131 toplat\u0131yor - Av. Deniz Can K\u0131z\u0131l\",\"isPartOf\":{\"@id\":\"https:\/\/denizcankizil.tr\/#website\"},\"datePublished\":\"2025-03-18T07:41:19+00:00\",\"breadcrumb\":{\"@id\":\"https:\/\/denizcankizil.tr\/de\/haberler\/gundem\/ticaret-bakanligi-okul-uniformalarini-toplatiyor\/#breadcrumb\"},\"inLanguage\":\"de\",\"potentialAction\":[{\"@type\":\"ReadAction\",\"target\":[\"https:\/\/denizcankizil.tr\/de\/haberler\/gundem\/ticaret-bakanligi-okul-uniformalarini-toplatiyor\/\"]}]},{\"@type\":\"BreadcrumbList\",\"@id\":\"https:\/\/denizcankizil.tr\/de\/haberler\/gundem\/ticaret-bakanligi-okul-uniformalarini-toplatiyor\/#breadcrumb\",\"itemListElement\":[{\"@type\":\"ListItem\",\"position\":1,\"name\":\"Home\",\"item\":\"https:\/\/denizcankizil.tr\/de\/\"},{\"@type\":\"ListItem\",\"position\":2,\"name\":\"Ticaret Bakanl\u0131\u011f\u0131 okul \u00fcniformalar\u0131n\u0131 toplat\u0131yor\"}]},{\"@type\":\"WebSite\",\"@id\":\"https:\/\/denizcankizil.tr\/#website\",\"url\":\"https:\/\/denizcankizil.tr\/\",\"name\":\"Av. Deniz Can K\u0131z\u0131l\",\"description\":\"Avukat Deniz Can K\u0131z\u0131l Antalya Barosu\",\"publisher\":{\"@id\":\"https:\/\/denizcankizil.tr\/#organization\"},\"potentialAction\":[{\"@type\":\"SearchAction\",\"target\":{\"@type\":\"EntryPoint\",\"urlTemplate\":\"https:\/\/denizcankizil.tr\/?s={search_term_string}\"},\"query-input\":{\"@type\":\"PropertyValueSpecification\",\"valueRequired\":true,\"valueName\":\"search_term_string\"}}],\"inLanguage\":\"de\"},{\"@type\":\"Organization\",\"@id\":\"https:\/\/denizcankizil.tr\/#organization\",\"name\":\"Av. Deniz Can K\u0131z\u0131l\",\"url\":\"https:\/\/denizcankizil.tr\/\",\"logo\":{\"@type\":\"ImageObject\",\"inLanguage\":\"de\",\"@id\":\"https:\/\/denizcankizil.tr\/#\/schema\/logo\/image\/\",\"url\":\"https:\/\/denizcankizil.tr\/wp-content\/uploads\/2024\/10\/siyah-logo-svg.svg\",\"contentUrl\":\"https:\/\/denizcankizil.tr\/wp-content\/uploads\/2024\/10\/siyah-logo-svg.svg\",\"width\":1080,\"height\":1080,\"caption\":\"Av. Deniz Can K\u0131z\u0131l\"},\"image\":{\"@id\":\"https:\/\/denizcankizil.tr\/#\/schema\/logo\/image\/\"}},{\"@type\":\"Person\",\"@id\":\"https:\/\/denizcankizil.tr\/#\/schema\/person\/e1eb71bb4dd684d46563f0af307e1234\",\"name\":\"Antalya K\u00f6rfez\",\"image\":{\"@type\":\"ImageObject\",\"inLanguage\":\"de\",\"@id\":\"https:\/\/denizcankizil.tr\/#\/schema\/person\/image\/\",\"url\":\"https:\/\/secure.gravatar.com\/avatar\/42b01982558a48a0b501fdcab6a408d3717ea5919095ee2e67b0e521799c5905?s=96&d=mm&r=g\",\"contentUrl\":\"https:\/\/secure.gravatar.com\/avatar\/42b01982558a48a0b501fdcab6a408d3717ea5919095ee2e67b0e521799c5905?s=96&d=mm&r=g\",\"caption\":\"Antalya K\u00f6rfez\"},\"sameAs\":[\"http:\/\/www.antalyakorfez.com\"],\"url\":\"https:\/\/www.antalyakorfez.com\/ticaret-bakanligi-okul-uniformalarini-toplatiyor\"}]}<\/script>\n<!-- \/ Yoast SEO Premium plugin. -->","yoast_head_json":{"title":"Ticaret Bakanl\u0131\u011f\u0131 okul \u00fcniformalar\u0131n\u0131 toplat\u0131yor - Av. Deniz Can K\u0131z\u0131l","robots":{"index":"index","follow":"follow","max-snippet":"max-snippet:-1","max-image-preview":"max-image-preview:large","max-video-preview":"max-video-preview:-1"},"canonical":"https:\/\/denizcankizil.tr\/de\/haberler\/gundem\/ticaret-bakanligi-okul-uniformalarini-toplatiyor\/","og_locale":"de_DE","og_type":"article","og_title":"Ticaret Bakanl\u0131\u011f\u0131 okul \u00fcniformalar\u0131n\u0131 toplat\u0131yor","og_description":"Ticaret Bakanl\u0131\u011f\u0131, piyasa g\u00f6zetimi ve denetimi faaliyeti ger\u00e7ekle\u015ftiren yetkili kurulu\u015flar taraf\u0131ndan g\u00fcvensizli\u011fi tespit edilen zararl\u0131 \u00fcr\u00fcnlerin yay\u0131nlad\u0131\u011f\u0131 \u2018G\u00fcvensiz \u00dcr\u00fcn Bilgi Sistemi\u2019nde yeni \u00fcr\u00fcnler ekledi. Genelde \u00e7ocuklar i\u00e7in risk olu\u015fturan oyuncaklar\u0131n yer ald\u0131\u011f\u0131 bu listeye son g\u00fcnlerde ise 2 tane dikkat \u00e7ekici \u00fcr\u00fcn eklendi. Bunlar okul formas\u0131 ve e\u015fofman tak\u0131m\u0131.\u00a0 BU \u00dcN\u0130FORMALAR TOPLATILIYOR\u00a0 G\u00fcvensiz \u00dcr\u00fcn Listesi\u2019nde 7 Mart 2025 tarihinde listelenen mavi \u00e7ocuk okul \u00fcniformas\u0131nda zararl\u0131 kimyasallar tespit edildi. Yap\u0131lan testlerin ard\u0131ndan \u00fcniforman\u0131n \u00fcst\u00fcndeki d\u00fc\u011fmelerde olmas\u0131 gerekenden fazla kur\u015fun oran\u0131 tespit edilmi\u015f ve bu y\u00fczden \u00fcr\u00fcn\u00fc Ticaret Bakanl\u0131\u011f\u0131 ekipleri taraf\u0131ndan piyasa arz\u0131n\u0131n yasaklanmas\u0131n ve toplat\u0131lmas\u0131na karar verildi.\u00a0 E\u015eOFMAN TAKIMI \u00c7OCUKLAR \u0130\u00c7\u0130N R\u0130SK TA\u015eIYOR\u00a0 Listede yer alan bir di\u011fer \u00fcr\u00fcn ise Rio Bambam Marka Mavi E\u015fofman Tak\u0131m\u0131 oldu. \u00c7ocuklar i\u00e7in \u00fcretilmen e\u015fofman tak\u0131m\u0131n\u0131n \u00fczerinde bulunan kordon ve b\u00fczme iplerinin \u00e7ocuklarda bo\u011fula riski ta\u015f\u0131d\u0131\u011f\u0131 tespit edildi. Yap\u0131lan analizlerin ard\u0131ndan bakanl\u0131k ekipleri e\u015fofman tak\u0131m\u0131n\u0131n sat\u0131\u015f\u0131n\u0131n yasaklanmas\u0131na ve i\u015fletmelerden toplat\u0131lmas\u0131na karar verdi. \u00a0 \u00a0 \u200bTicaret Bakanl\u0131\u011f\u0131, \u00e7ocuklar i\u00e7in risk ta\u015f\u0131d\u0131\u011f\u0131 tespit edilen bu \u00fcniformalar\u0131n sat\u0131\u015f\u0131n\u0131n yasaklanmas\u0131na ve i\u015fletmelerden de toplat\u0131lmas\u0131na karar verdi. \u0130\u015fte detaylar&#8230;\u00a0 \u200bHaberin Al\u0131nt\u0131land\u0131\u011f\u0131 Kaynak: www.antalyakorfez.com","og_url":"https:\/\/denizcankizil.tr\/de\/haberler\/gundem\/ticaret-bakanligi-okul-uniformalarini-toplatiyor\/","og_site_name":"Av. Deniz Can K\u0131z\u0131l","article_published_time":"2025-03-18T07:41:19+00:00","author":"Antalya K\u00f6rfez","twitter_card":"summary_large_image","twitter_misc":{"Verfasst von":"Antalya K\u00f6rfez","Gesch\u00e4tzte Lesezeit":"1\u00a0Minute"},"schema":{"@context":"https:\/\/schema.org","@graph":[{"@type":"Article","@id":"https:\/\/denizcankizil.tr\/de\/haberler\/gundem\/ticaret-bakanligi-okul-uniformalarini-toplatiyor\/#article","isPartOf":{"@id":"https:\/\/denizcankizil.tr\/de\/haberler\/gundem\/ticaret-bakanligi-okul-uniformalarini-toplatiyor\/"},"author":{"name":"Antalya K\u00f6rfez","@id":"https:\/\/denizcankizil.tr\/#\/schema\/person\/e1eb71bb4dd684d46563f0af307e1234"},"headline":"Ticaret Bakanl\u0131\u011f\u0131 okul \u00fcniformalar\u0131n\u0131 toplat\u0131yor","datePublished":"2025-03-18T07:41:19+00:00","mainEntityOfPage":{"@id":"https:\/\/denizcankizil.tr\/de\/haberler\/gundem\/ticaret-bakanligi-okul-uniformalarini-toplatiyor\/"},"wordCount":255,"publisher":{"@id":"https:\/\/denizcankizil.tr\/#organization"},"articleSection":["G\u00fcndem"],"inLanguage":"de"},{"@type":"WebPage","@id":"https:\/\/denizcankizil.tr\/de\/haberler\/gundem\/ticaret-bakanligi-okul-uniformalarini-toplatiyor\/","url":"https:\/\/denizcankizil.tr\/de\/haberler\/gundem\/ticaret-bakanligi-okul-uniformalarini-toplatiyor\/","name":"Ticaret Bakanl\u0131\u011f\u0131 okul \u00fcniformalar\u0131n\u0131 toplat\u0131yor - Av. Deniz Can K\u0131z\u0131l","isPartOf":{"@id":"https:\/\/denizcankizil.tr\/#website"},"datePublished":"2025-03-18T07:41:19+00:00","breadcrumb":{"@id":"https:\/\/denizcankizil.tr\/de\/haberler\/gundem\/ticaret-bakanligi-okul-uniformalarini-toplatiyor\/#breadcrumb"},"inLanguage":"de","potentialAction":[{"@type":"ReadAction","target":["https:\/\/denizcankizil.tr\/de\/haberler\/gundem\/ticaret-bakanligi-okul-uniformalarini-toplatiyor\/"]}]},{"@type":"BreadcrumbList","@id":"https:\/\/denizcankizil.tr\/de\/haberler\/gundem\/ticaret-bakanligi-okul-uniformalarini-toplatiyor\/#breadcrumb","itemListElement":[{"@type":"ListItem","position":1,"name":"Home","item":"https:\/\/denizcankizil.tr\/de\/"},{"@type":"ListItem","position":2,"name":"Ticaret Bakanl\u0131\u011f\u0131 okul \u00fcniformalar\u0131n\u0131 toplat\u0131yor"}]},{"@type":"WebSite","@id":"https:\/\/denizcankizil.tr\/#website","url":"https:\/\/denizcankizil.tr\/","name":"Av. Deniz Can K\u0131z\u0131l","description":"Avukat Deniz Can K\u0131z\u0131l Antalya Barosu","publisher":{"@id":"https:\/\/denizcankizil.tr\/#organization"},"potentialAction":[{"@type":"SearchAction","target":{"@type":"EntryPoint","urlTemplate":"https:\/\/denizcankizil.tr\/?s={search_term_string}"},"query-input":{"@type":"PropertyValueSpecification","valueRequired":true,"valueName":"search_term_string"}}],"inLanguage":"de"},{"@type":"Organization","@id":"https:\/\/denizcankizil.tr\/#organization","name":"Av. Deniz Can K\u0131z\u0131l","url":"https:\/\/denizcankizil.tr\/","logo":{"@type":"ImageObject","inLanguage":"de","@id":"https:\/\/denizcankizil.tr\/#\/schema\/logo\/image\/","url":"https:\/\/denizcankizil.tr\/wp-content\/uploads\/2024\/10\/siyah-logo-svg.svg","contentUrl":"https:\/\/denizcankizil.tr\/wp-content\/uploads\/2024\/10\/siyah-logo-svg.svg","width":1080,"height":1080,"caption":"Av. Deniz Can K\u0131z\u0131l"},"image":{"@id":"https:\/\/denizcankizil.tr\/#\/schema\/logo\/image\/"}},{"@type":"Person","@id":"https:\/\/denizcankizil.tr\/#\/schema\/person\/e1eb71bb4dd684d46563f0af307e1234","name":"Antalya K\u00f6rfez","image":{"@type":"ImageObject","inLanguage":"de","@id":"https:\/\/denizcankizil.tr\/#\/schema\/person\/image\/","url":"https:\/\/secure.gravatar.com\/avatar\/42b01982558a48a0b501fdcab6a408d3717ea5919095ee2e67b0e521799c5905?s=96&d=mm&r=g","contentUrl":"https:\/\/secure.gravatar.com\/avatar\/42b01982558a48a0b501fdcab6a408d3717ea5919095ee2e67b0e521799c5905?s=96&d=mm&r=g","caption":"Antalya K\u00f6rfez"},"sameAs":["http:\/\/www.antalyakorfez.com"],"url":"https:\/\/www.antalyakorfez.com\/ticaret-bakanligi-okul-uniformalarini-toplatiyor"}]}},"_links":{"self":[{"href":"https:\/\/denizcankizil.tr\/de\/wp-json\/wp\/v2\/posts\/36132","targetHints":{"allow":["GET"]}}],"collection":[{"href":"https:\/\/denizcankizil.tr\/de\/wp-json\/wp\/v2\/posts"}],"about":[{"href":"https:\/\/denizcankizil.tr\/de\/wp-json\/wp\/v2\/types\/post"}],"author":[{"embeddable":true,"href":"https:\/\/denizcankizil.tr\/de\/wp-json\/wp\/v2\/users\/5"}],"replies":[{"embeddable":true,"href":"https:\/\/denizcankizil.tr\/de\/wp-json\/wp\/v2\/comments?post=36132"}],"version-history":[{"count":0,"href":"https:\/\/denizcankizil.tr\/de\/wp-json\/wp\/v2\/posts\/36132\/revisions"}],"wp:attachment":[{"href":"https:\/\/denizcankizil.tr\/de\/wp-json\/wp\/v2\/media?parent=36132"}],"wp:term":[{"taxonomy":"category","embeddable":true,"href":"https:\/\/denizcankizil.tr\/de\/wp-json\/wp\/v2\/categories?post=36132"},{"taxonomy":"post_tag","embeddable":true,"href":"https:\/\/denizcankizil.tr\/de\/wp-json\/wp\/v2\/tags?post=36132"}],"curies":[{"name":"wp","href":"https:\/\/api.w.org\/{rel}","templated":true}]}}