{"id":36101,"date":"2025-03-17T16:41:25","date_gmt":"2025-03-17T13:41:25","guid":{"rendered":"https:\/\/denizcankizil.tr\/uncategorized-tr\/turkuler-sevdamizdir-konseri\/"},"modified":"2025-03-17T16:41:25","modified_gmt":"2025-03-17T13:41:25","slug":"turkuler-sevdamizdir-konseri","status":"publish","type":"post","link":"https:\/\/denizcankizil.tr\/de\/haberler\/antalya\/turkuler-sevdamizdir-konseri\/","title":{"rendered":"&#8216;T\u00fcrk\u00fcler Sevdam\u0131zd\u0131r&#8217; konseri"},"content":{"rendered":"<p>Kepez Belediyesi Erdem Bayaz\u0131t K\u00fclt\u00fcr Merkezi&#8217;nde ger\u00e7ekle\u015fen &#8216;T\u00fcrk\u00fclerimiz ve K\u00fclt\u00fcr\u00fcm\u00fcz Sevdam\u0131zd\u0131r&#8217; temal\u0131 konserde \u015fef Tu\u011frul Tezer&#8217;in y\u00f6netimindeki saz ve koro \u00fcyeleri sahne ald\u0131. Bahar Can&#8217;\u0131n sunumunu, Yavuz Balc\u0131&#8217;n\u0131n koro y\u00f6neticili\u011fini, L\u00fctfiye O\u011fuz \u00d6rde&#8217;nin koordinat\u00f6rl\u00fc\u011f\u00fcn\u00fc, Serdar K\u00f6seo\u011flu&#8217;nun da afi\u015f tasar\u0131mlar\u0131n\u0131 \u00fcstlendi\u011fi konsere m\u00fczik severlerin ilgisi yo\u011fun oldu. Baz\u0131 siyasi parti temsilcileri ile sivil toplum kurulu\u015flar\u0131 y\u00f6netici ve \u00fcyeleri de konseri izledi.<\/p>\n<p>UNUTULMAYAN T\u00dcRK\u00dcLER<\/p>\n<p>Konser, koronun seslendirdi\u011fi Erzurum y\u00f6resine ait &#8216;De\u011firmen Ba\u015f\u0131nda&#8217; adl\u0131 t\u00fcrk\u00fc ile ba\u015flad\u0131. Konser s\u00fcresince A\u011fr\u0131, Silifke, K\u0131r\u015fehir, Van, Devrek, Ankara, Yozgat, Samsun, Tokat y\u00f6relerine ait &#8216;Kan \u00c7i\u00e7ekleri&#8217;, &#8216;Ahle Yar Yar&#8217;, &#8216;Yan\u0131yor Y\u00fcre\u011fim&#8217;, &#8216;Bah\u00e7a Duvar\u0131n\u0131 A\u015ft\u0131m&#8217;, &#8216;Kalenin Bedenleri&#8217;, &#8216;Tello Gider&#8217;, &#8216;Huzurum Kalmad\u0131&#8217;, &#8216;Kova Kova \u0130ndirdiler&#8217;, &#8216;Ela G\u00f6zl\u00fcm&#8217;, &#8216;Hat\u0131ran Yeter&#8217;, &#8216;Mihriban&#8217;, &#8216;O Zalim&#8217;, &#8216;Arpa Bu\u011fday Taneler&#8217; gibi bir\u00e7ok t\u00fcrk\u00fc seslendirildi.<\/p>\n<p>T\u00fcrk\u00fc severlere ne\u015feli, keyifli dakikalar ya\u015fatan konser, &#8216;Bom Bilibili Bom&#8217; adl\u0131 eserle sonland\u0131. Koro \u015fefi Tu\u011frul Tezer, koro \u00fcyeleri alk\u0131\u015f ya\u011fmuruna tutuldu, \u00e7i\u00e7ekle te\u015fekk\u00fcr edildi.<\/p>\n<p>Kaynak: www.kanalv.com.tr Haber Sitesinden Al\u0131nm\u0131\u015ft\u0131r.<\/p>","protected":false},"excerpt":{"rendered":"<p>Kepez Belediyesi Erdem Bayaz\u0131t K\u00fclt\u00fcr Merkezi&#8217;nde ger\u00e7ekle\u015fen &#8216;T\u00fcrk\u00fclerimiz ve K\u00fclt\u00fcr\u00fcm\u00fcz Sevdam\u0131zd\u0131r&#8217; temal\u0131 konserde \u015fef Tu\u011frul Tezer&#8217;in y\u00f6netimindeki saz ve koro \u00fcyeleri sahne ald\u0131. Bahar Can&#8217;\u0131n sunumunu, Yavuz Balc\u0131&#8217;n\u0131n koro y\u00f6neticili\u011fini, L\u00fctfiye O\u011fuz \u00d6rde&#8217;nin koordinat\u00f6rl\u00fc\u011f\u00fcn\u00fc, Serdar K\u00f6seo\u011flu&#8217;nun da afi\u015f tasar\u0131mlar\u0131n\u0131 \u00fcstlendi\u011fi konsere m\u00fczik severlerin ilgisi yo\u011fun oldu. Baz\u0131 siyasi parti temsilcileri ile sivil toplum kurulu\u015flar\u0131 y\u00f6netici ve \u00fcyeleri de konseri izledi. UNUTULMAYAN T\u00dcRK\u00dcLER Konser, koronun seslendirdi\u011fi Erzurum y\u00f6resine ait &#8216;De\u011firmen Ba\u015f\u0131nda&#8217; adl\u0131 t\u00fcrk\u00fc ile ba\u015flad\u0131. Konser s\u00fcresince A\u011fr\u0131, Silifke, K\u0131r\u015fehir, Van, Devrek, Ankara, Yozgat, Samsun, Tokat y\u00f6relerine ait &#8216;Kan \u00c7i\u00e7ekleri&#8217;, &#8216;Ahle Yar Yar&#8217;, &#8216;Yan\u0131yor Y\u00fcre\u011fim&#8217;, &#8216;Bah\u00e7a Duvar\u0131n\u0131 A\u015ft\u0131m&#8217;, &#8216;Kalenin Bedenleri&#8217;, &#8216;Tello Gider&#8217;, &#8216;Huzurum Kalmad\u0131&#8217;, &#8216;Kova Kova \u0130ndirdiler&#8217;, &#8216;Ela G\u00f6zl\u00fcm&#8217;, &#8216;Hat\u0131ran Yeter&#8217;, &#8216;Mihriban&#8217;, &#8216;O Zalim&#8217;, &#8216;Arpa Bu\u011fday Taneler&#8217; gibi bir\u00e7ok t\u00fcrk\u00fc seslendirildi. T\u00fcrk\u00fc severlere ne\u015feli, keyifli dakikalar ya\u015fatan konser, &#8216;Bom Bilibili Bom&#8217; adl\u0131 eserle sonland\u0131. Koro \u015fefi Tu\u011frul Tezer, koro \u00fcyeleri alk\u0131\u015f ya\u011fmuruna tutuldu, \u00e7i\u00e7ekle te\u015fekk\u00fcr edildi. Kaynak: www.kanalv.com.tr Haber Sitesinden Al\u0131nm\u0131\u015ft\u0131r.<\/p>","protected":false},"author":4,"featured_media":0,"comment_status":"","ping_status":"open","sticky":false,"template":"","format":"standard","meta":{"_acf_changed":false,"footnotes":""},"categories":[26],"tags":[],"class_list":["post-36101","post","type-post","status-publish","format-standard","hentry","category-antalya"],"acf":[],"yoast_head":"<!-- This site is optimized with the Yoast SEO Premium plugin v26.6 (Yoast SEO v27.1.1) - https:\/\/yoast.com\/product\/yoast-seo-premium-wordpress\/ -->\n<title>&#039;T\u00fcrk\u00fcler Sevdam\u0131zd\u0131r&#039; konseri - Av. Deniz Can K\u0131z\u0131l<\/title>\n<meta name=\"robots\" content=\"index, follow, max-snippet:-1, max-image-preview:large, max-video-preview:-1\" \/>\n<link rel=\"canonical\" href=\"https:\/\/denizcankizil.tr\/de\/haberler\/antalya\/turkuler-sevdamizdir-konseri\/\" \/>\n<meta property=\"og:locale\" content=\"de_DE\" \/>\n<meta property=\"og:type\" content=\"article\" \/>\n<meta property=\"og:title\" content=\"&#039;T\u00fcrk\u00fcler Sevdam\u0131zd\u0131r&#039; konseri\" \/>\n<meta property=\"og:description\" content=\"Kepez Belediyesi Erdem Bayaz\u0131t K\u00fclt\u00fcr Merkezi&#8217;nde ger\u00e7ekle\u015fen &#8216;T\u00fcrk\u00fclerimiz ve K\u00fclt\u00fcr\u00fcm\u00fcz Sevdam\u0131zd\u0131r&#8217; temal\u0131 konserde \u015fef Tu\u011frul Tezer&#8217;in y\u00f6netimindeki saz ve koro \u00fcyeleri sahne ald\u0131. Bahar Can&#8217;\u0131n sunumunu, Yavuz Balc\u0131&#8217;n\u0131n koro y\u00f6neticili\u011fini, L\u00fctfiye O\u011fuz \u00d6rde&#8217;nin koordinat\u00f6rl\u00fc\u011f\u00fcn\u00fc, Serdar K\u00f6seo\u011flu&#8217;nun da afi\u015f tasar\u0131mlar\u0131n\u0131 \u00fcstlendi\u011fi konsere m\u00fczik severlerin ilgisi yo\u011fun oldu. Baz\u0131 siyasi parti temsilcileri ile sivil toplum kurulu\u015flar\u0131 y\u00f6netici ve \u00fcyeleri de konseri izledi. UNUTULMAYAN T\u00dcRK\u00dcLER Konser, koronun seslendirdi\u011fi Erzurum y\u00f6resine ait &#8216;De\u011firmen Ba\u015f\u0131nda&#8217; adl\u0131 t\u00fcrk\u00fc ile ba\u015flad\u0131. Konser s\u00fcresince A\u011fr\u0131, Silifke, K\u0131r\u015fehir, Van, Devrek, Ankara, Yozgat, Samsun, Tokat y\u00f6relerine ait &#8216;Kan \u00c7i\u00e7ekleri&#8217;, &#8216;Ahle Yar Yar&#8217;, &#8216;Yan\u0131yor Y\u00fcre\u011fim&#8217;, &#8216;Bah\u00e7a Duvar\u0131n\u0131 A\u015ft\u0131m&#8217;, &#8216;Kalenin Bedenleri&#8217;, &#8216;Tello Gider&#8217;, &#8216;Huzurum Kalmad\u0131&#8217;, &#8216;Kova Kova \u0130ndirdiler&#8217;, &#8216;Ela G\u00f6zl\u00fcm&#8217;, &#8216;Hat\u0131ran Yeter&#8217;, &#8216;Mihriban&#8217;, &#8216;O Zalim&#8217;, &#8216;Arpa Bu\u011fday Taneler&#8217; gibi bir\u00e7ok t\u00fcrk\u00fc seslendirildi. T\u00fcrk\u00fc severlere ne\u015feli, keyifli dakikalar ya\u015fatan konser, &#8216;Bom Bilibili Bom&#8217; adl\u0131 eserle sonland\u0131. Koro \u015fefi Tu\u011frul Tezer, koro \u00fcyeleri alk\u0131\u015f ya\u011fmuruna tutuldu, \u00e7i\u00e7ekle te\u015fekk\u00fcr edildi. Kaynak: www.kanalv.com.tr Haber Sitesinden Al\u0131nm\u0131\u015ft\u0131r.\" \/>\n<meta property=\"og:url\" content=\"https:\/\/denizcankizil.tr\/de\/haberler\/antalya\/turkuler-sevdamizdir-konseri\/\" \/>\n<meta property=\"og:site_name\" content=\"Av. Deniz Can K\u0131z\u0131l\" \/>\n<meta property=\"article:published_time\" content=\"2025-03-17T13:41:25+00:00\" \/>\n<meta name=\"author\" content=\"Av. Deniz Can K\u0131z\u0131l\" \/>\n<meta name=\"twitter:card\" content=\"summary_large_image\" \/>\n<meta name=\"twitter:label1\" content=\"Verfasst von\" \/>\n\t<meta name=\"twitter:data1\" content=\"Av. Deniz Can K\u0131z\u0131l\" \/>\n\t<meta name=\"twitter:label2\" content=\"Gesch\u00e4tzte Lesezeit\" \/>\n\t<meta name=\"twitter:data2\" content=\"1\u00a0Minute\" \/>\n<script type=\"application\/ld+json\" class=\"yoast-schema-graph\">{\"@context\":\"https:\/\/schema.org\",\"@graph\":[{\"@type\":\"Article\",\"@id\":\"https:\/\/denizcankizil.tr\/de\/haberler\/antalya\/turkuler-sevdamizdir-konseri\/#article\",\"isPartOf\":{\"@id\":\"https:\/\/denizcankizil.tr\/de\/haberler\/antalya\/turkuler-sevdamizdir-konseri\/\"},\"author\":{\"name\":\"Av. Deniz Can K\u0131z\u0131l\",\"@id\":\"https:\/\/denizcankizil.tr\/#\/schema\/person\/5dc1b22991bd7ac833867c10afc9b0ff\"},\"headline\":\"&#8216;T\u00fcrk\u00fcler Sevdam\u0131zd\u0131r&#8217; konseri\",\"datePublished\":\"2025-03-17T13:41:25+00:00\",\"mainEntityOfPage\":{\"@id\":\"https:\/\/denizcankizil.tr\/de\/haberler\/antalya\/turkuler-sevdamizdir-konseri\/\"},\"wordCount\":235,\"publisher\":{\"@id\":\"https:\/\/denizcankizil.tr\/#organization\"},\"articleSection\":[\"Antalya\"],\"inLanguage\":\"de\"},{\"@type\":\"WebPage\",\"@id\":\"https:\/\/denizcankizil.tr\/de\/haberler\/antalya\/turkuler-sevdamizdir-konseri\/\",\"url\":\"https:\/\/denizcankizil.tr\/de\/haberler\/antalya\/turkuler-sevdamizdir-konseri\/\",\"name\":\"'T\u00fcrk\u00fcler Sevdam\u0131zd\u0131r' konseri - Av. Deniz Can K\u0131z\u0131l\",\"isPartOf\":{\"@id\":\"https:\/\/denizcankizil.tr\/#website\"},\"datePublished\":\"2025-03-17T13:41:25+00:00\",\"breadcrumb\":{\"@id\":\"https:\/\/denizcankizil.tr\/de\/haberler\/antalya\/turkuler-sevdamizdir-konseri\/#breadcrumb\"},\"inLanguage\":\"de\",\"potentialAction\":[{\"@type\":\"ReadAction\",\"target\":[\"https:\/\/denizcankizil.tr\/de\/haberler\/antalya\/turkuler-sevdamizdir-konseri\/\"]}]},{\"@type\":\"BreadcrumbList\",\"@id\":\"https:\/\/denizcankizil.tr\/de\/haberler\/antalya\/turkuler-sevdamizdir-konseri\/#breadcrumb\",\"itemListElement\":[{\"@type\":\"ListItem\",\"position\":1,\"name\":\"Home\",\"item\":\"https:\/\/denizcankizil.tr\/de\/\"},{\"@type\":\"ListItem\",\"position\":2,\"name\":\"&#8216;T\u00fcrk\u00fcler Sevdam\u0131zd\u0131r&#8217; konseri\"}]},{\"@type\":\"WebSite\",\"@id\":\"https:\/\/denizcankizil.tr\/#website\",\"url\":\"https:\/\/denizcankizil.tr\/\",\"name\":\"Av. Deniz Can K\u0131z\u0131l\",\"description\":\"Avukat Deniz Can K\u0131z\u0131l Antalya Barosu\",\"publisher\":{\"@id\":\"https:\/\/denizcankizil.tr\/#organization\"},\"potentialAction\":[{\"@type\":\"SearchAction\",\"target\":{\"@type\":\"EntryPoint\",\"urlTemplate\":\"https:\/\/denizcankizil.tr\/?s={search_term_string}\"},\"query-input\":{\"@type\":\"PropertyValueSpecification\",\"valueRequired\":true,\"valueName\":\"search_term_string\"}}],\"inLanguage\":\"de\"},{\"@type\":\"Organization\",\"@id\":\"https:\/\/denizcankizil.tr\/#organization\",\"name\":\"Av. Deniz Can K\u0131z\u0131l\",\"url\":\"https:\/\/denizcankizil.tr\/\",\"logo\":{\"@type\":\"ImageObject\",\"inLanguage\":\"de\",\"@id\":\"https:\/\/denizcankizil.tr\/#\/schema\/logo\/image\/\",\"url\":\"https:\/\/denizcankizil.tr\/wp-content\/uploads\/2024\/10\/siyah-logo-svg.svg\",\"contentUrl\":\"https:\/\/denizcankizil.tr\/wp-content\/uploads\/2024\/10\/siyah-logo-svg.svg\",\"width\":1080,\"height\":1080,\"caption\":\"Av. Deniz Can K\u0131z\u0131l\"},\"image\":{\"@id\":\"https:\/\/denizcankizil.tr\/#\/schema\/logo\/image\/\"}},{\"@type\":\"Person\",\"@id\":\"https:\/\/denizcankizil.tr\/#\/schema\/person\/5dc1b22991bd7ac833867c10afc9b0ff\",\"name\":\"Av. Deniz Can K\u0131z\u0131l\",\"image\":{\"@type\":\"ImageObject\",\"inLanguage\":\"de\",\"@id\":\"https:\/\/denizcankizil.tr\/#\/schema\/person\/image\/\",\"url\":\"https:\/\/secure.gravatar.com\/avatar\/a0b128fb9855c79efc976d5640eedb31dc35ec297594d6016d2cf7c60e975bb6?s=96&d=mm&r=g\",\"contentUrl\":\"https:\/\/secure.gravatar.com\/avatar\/a0b128fb9855c79efc976d5640eedb31dc35ec297594d6016d2cf7c60e975bb6?s=96&d=mm&r=g\",\"caption\":\"Av. Deniz Can K\u0131z\u0131l\"},\"sameAs\":[\"http:\/\/www.denizcankizil.tr\"],\"url\":\"https:\/\/denizcankizil.tr\/de\/author\/denizcankizil\/\"}]}<\/script>\n<!-- \/ Yoast SEO Premium plugin. -->","yoast_head_json":{"title":"'T\u00fcrk\u00fcler Sevdam\u0131zd\u0131r' konseri - Av. Deniz Can K\u0131z\u0131l","robots":{"index":"index","follow":"follow","max-snippet":"max-snippet:-1","max-image-preview":"max-image-preview:large","max-video-preview":"max-video-preview:-1"},"canonical":"https:\/\/denizcankizil.tr\/de\/haberler\/antalya\/turkuler-sevdamizdir-konseri\/","og_locale":"de_DE","og_type":"article","og_title":"'T\u00fcrk\u00fcler Sevdam\u0131zd\u0131r' konseri","og_description":"Kepez Belediyesi Erdem Bayaz\u0131t K\u00fclt\u00fcr Merkezi&#8217;nde ger\u00e7ekle\u015fen &#8216;T\u00fcrk\u00fclerimiz ve K\u00fclt\u00fcr\u00fcm\u00fcz Sevdam\u0131zd\u0131r&#8217; temal\u0131 konserde \u015fef Tu\u011frul Tezer&#8217;in y\u00f6netimindeki saz ve koro \u00fcyeleri sahne ald\u0131. Bahar Can&#8217;\u0131n sunumunu, Yavuz Balc\u0131&#8217;n\u0131n koro y\u00f6neticili\u011fini, L\u00fctfiye O\u011fuz \u00d6rde&#8217;nin koordinat\u00f6rl\u00fc\u011f\u00fcn\u00fc, Serdar K\u00f6seo\u011flu&#8217;nun da afi\u015f tasar\u0131mlar\u0131n\u0131 \u00fcstlendi\u011fi konsere m\u00fczik severlerin ilgisi yo\u011fun oldu. Baz\u0131 siyasi parti temsilcileri ile sivil toplum kurulu\u015flar\u0131 y\u00f6netici ve \u00fcyeleri de konseri izledi. UNUTULMAYAN T\u00dcRK\u00dcLER Konser, koronun seslendirdi\u011fi Erzurum y\u00f6resine ait &#8216;De\u011firmen Ba\u015f\u0131nda&#8217; adl\u0131 t\u00fcrk\u00fc ile ba\u015flad\u0131. Konser s\u00fcresince A\u011fr\u0131, Silifke, K\u0131r\u015fehir, Van, Devrek, Ankara, Yozgat, Samsun, Tokat y\u00f6relerine ait &#8216;Kan \u00c7i\u00e7ekleri&#8217;, &#8216;Ahle Yar Yar&#8217;, &#8216;Yan\u0131yor Y\u00fcre\u011fim&#8217;, &#8216;Bah\u00e7a Duvar\u0131n\u0131 A\u015ft\u0131m&#8217;, &#8216;Kalenin Bedenleri&#8217;, &#8216;Tello Gider&#8217;, &#8216;Huzurum Kalmad\u0131&#8217;, &#8216;Kova Kova \u0130ndirdiler&#8217;, &#8216;Ela G\u00f6zl\u00fcm&#8217;, &#8216;Hat\u0131ran Yeter&#8217;, &#8216;Mihriban&#8217;, &#8216;O Zalim&#8217;, &#8216;Arpa Bu\u011fday Taneler&#8217; gibi bir\u00e7ok t\u00fcrk\u00fc seslendirildi. T\u00fcrk\u00fc severlere ne\u015feli, keyifli dakikalar ya\u015fatan konser, &#8216;Bom Bilibili Bom&#8217; adl\u0131 eserle sonland\u0131. Koro \u015fefi Tu\u011frul Tezer, koro \u00fcyeleri alk\u0131\u015f ya\u011fmuruna tutuldu, \u00e7i\u00e7ekle te\u015fekk\u00fcr edildi. Kaynak: www.kanalv.com.tr Haber Sitesinden Al\u0131nm\u0131\u015ft\u0131r.","og_url":"https:\/\/denizcankizil.tr\/de\/haberler\/antalya\/turkuler-sevdamizdir-konseri\/","og_site_name":"Av. Deniz Can K\u0131z\u0131l","article_published_time":"2025-03-17T13:41:25+00:00","author":"Av. Deniz Can K\u0131z\u0131l","twitter_card":"summary_large_image","twitter_misc":{"Verfasst von":"Av. Deniz Can K\u0131z\u0131l","Gesch\u00e4tzte Lesezeit":"1\u00a0Minute"},"schema":{"@context":"https:\/\/schema.org","@graph":[{"@type":"Article","@id":"https:\/\/denizcankizil.tr\/de\/haberler\/antalya\/turkuler-sevdamizdir-konseri\/#article","isPartOf":{"@id":"https:\/\/denizcankizil.tr\/de\/haberler\/antalya\/turkuler-sevdamizdir-konseri\/"},"author":{"name":"Av. Deniz Can K\u0131z\u0131l","@id":"https:\/\/denizcankizil.tr\/#\/schema\/person\/5dc1b22991bd7ac833867c10afc9b0ff"},"headline":"&#8216;T\u00fcrk\u00fcler Sevdam\u0131zd\u0131r&#8217; konseri","datePublished":"2025-03-17T13:41:25+00:00","mainEntityOfPage":{"@id":"https:\/\/denizcankizil.tr\/de\/haberler\/antalya\/turkuler-sevdamizdir-konseri\/"},"wordCount":235,"publisher":{"@id":"https:\/\/denizcankizil.tr\/#organization"},"articleSection":["Antalya"],"inLanguage":"de"},{"@type":"WebPage","@id":"https:\/\/denizcankizil.tr\/de\/haberler\/antalya\/turkuler-sevdamizdir-konseri\/","url":"https:\/\/denizcankizil.tr\/de\/haberler\/antalya\/turkuler-sevdamizdir-konseri\/","name":"'T\u00fcrk\u00fcler Sevdam\u0131zd\u0131r' konseri - Av. Deniz Can K\u0131z\u0131l","isPartOf":{"@id":"https:\/\/denizcankizil.tr\/#website"},"datePublished":"2025-03-17T13:41:25+00:00","breadcrumb":{"@id":"https:\/\/denizcankizil.tr\/de\/haberler\/antalya\/turkuler-sevdamizdir-konseri\/#breadcrumb"},"inLanguage":"de","potentialAction":[{"@type":"ReadAction","target":["https:\/\/denizcankizil.tr\/de\/haberler\/antalya\/turkuler-sevdamizdir-konseri\/"]}]},{"@type":"BreadcrumbList","@id":"https:\/\/denizcankizil.tr\/de\/haberler\/antalya\/turkuler-sevdamizdir-konseri\/#breadcrumb","itemListElement":[{"@type":"ListItem","position":1,"name":"Home","item":"https:\/\/denizcankizil.tr\/de\/"},{"@type":"ListItem","position":2,"name":"&#8216;T\u00fcrk\u00fcler Sevdam\u0131zd\u0131r&#8217; konseri"}]},{"@type":"WebSite","@id":"https:\/\/denizcankizil.tr\/#website","url":"https:\/\/denizcankizil.tr\/","name":"Av. Deniz Can K\u0131z\u0131l","description":"Avukat Deniz Can K\u0131z\u0131l Antalya Barosu","publisher":{"@id":"https:\/\/denizcankizil.tr\/#organization"},"potentialAction":[{"@type":"SearchAction","target":{"@type":"EntryPoint","urlTemplate":"https:\/\/denizcankizil.tr\/?s={search_term_string}"},"query-input":{"@type":"PropertyValueSpecification","valueRequired":true,"valueName":"search_term_string"}}],"inLanguage":"de"},{"@type":"Organization","@id":"https:\/\/denizcankizil.tr\/#organization","name":"Av. Deniz Can K\u0131z\u0131l","url":"https:\/\/denizcankizil.tr\/","logo":{"@type":"ImageObject","inLanguage":"de","@id":"https:\/\/denizcankizil.tr\/#\/schema\/logo\/image\/","url":"https:\/\/denizcankizil.tr\/wp-content\/uploads\/2024\/10\/siyah-logo-svg.svg","contentUrl":"https:\/\/denizcankizil.tr\/wp-content\/uploads\/2024\/10\/siyah-logo-svg.svg","width":1080,"height":1080,"caption":"Av. Deniz Can K\u0131z\u0131l"},"image":{"@id":"https:\/\/denizcankizil.tr\/#\/schema\/logo\/image\/"}},{"@type":"Person","@id":"https:\/\/denizcankizil.tr\/#\/schema\/person\/5dc1b22991bd7ac833867c10afc9b0ff","name":"Av. Deniz Can K\u0131z\u0131l","image":{"@type":"ImageObject","inLanguage":"de","@id":"https:\/\/denizcankizil.tr\/#\/schema\/person\/image\/","url":"https:\/\/secure.gravatar.com\/avatar\/a0b128fb9855c79efc976d5640eedb31dc35ec297594d6016d2cf7c60e975bb6?s=96&d=mm&r=g","contentUrl":"https:\/\/secure.gravatar.com\/avatar\/a0b128fb9855c79efc976d5640eedb31dc35ec297594d6016d2cf7c60e975bb6?s=96&d=mm&r=g","caption":"Av. Deniz Can K\u0131z\u0131l"},"sameAs":["http:\/\/www.denizcankizil.tr"],"url":"https:\/\/denizcankizil.tr\/de\/author\/denizcankizil\/"}]}},"_links":{"self":[{"href":"https:\/\/denizcankizil.tr\/de\/wp-json\/wp\/v2\/posts\/36101","targetHints":{"allow":["GET"]}}],"collection":[{"href":"https:\/\/denizcankizil.tr\/de\/wp-json\/wp\/v2\/posts"}],"about":[{"href":"https:\/\/denizcankizil.tr\/de\/wp-json\/wp\/v2\/types\/post"}],"author":[{"embeddable":true,"href":"https:\/\/denizcankizil.tr\/de\/wp-json\/wp\/v2\/users\/4"}],"replies":[{"embeddable":true,"href":"https:\/\/denizcankizil.tr\/de\/wp-json\/wp\/v2\/comments?post=36101"}],"version-history":[{"count":0,"href":"https:\/\/denizcankizil.tr\/de\/wp-json\/wp\/v2\/posts\/36101\/revisions"}],"wp:attachment":[{"href":"https:\/\/denizcankizil.tr\/de\/wp-json\/wp\/v2\/media?parent=36101"}],"wp:term":[{"taxonomy":"category","embeddable":true,"href":"https:\/\/denizcankizil.tr\/de\/wp-json\/wp\/v2\/categories?post=36101"},{"taxonomy":"post_tag","embeddable":true,"href":"https:\/\/denizcankizil.tr\/de\/wp-json\/wp\/v2\/tags?post=36101"}],"curies":[{"name":"wp","href":"https:\/\/api.w.org\/{rel}","templated":true}]}}