{"id":35726,"date":"2025-03-15T12:41:21","date_gmt":"2025-03-15T09:41:21","guid":{"rendered":"https:\/\/denizcankizil.tr\/uncategorized-tr\/ehliyetsiz-surucu-motosikletliyi-agir-yaraladi\/"},"modified":"2025-03-16T00:41:59","modified_gmt":"2025-03-15T21:41:59","slug":"ehliyetsiz-surucu-motosikletliyi-agir-yaraladi","status":"publish","type":"post","link":"https:\/\/denizcankizil.tr\/de\/haberler\/antalya\/ehliyetsiz-surucu-motosikletliyi-agir-yaraladi\/","title":{"rendered":"Ehliyetsiz s\u00fcr\u00fcc\u00fc motosikletliyi a\u011f\u0131r yaralad\u0131"},"content":{"rendered":"<p>Kaza, Manavgat&#8217;\u0131n Sorgun Mahallesi Bo\u011faz mevkiinde meydana geldi. Edinilen bilgiye g\u00f6re, \u0130brahim K. y\u00f6netimindeki 21 AFR 547 plakal\u0131 motosiklet, ayn\u0131 y\u00f6nde ilerleyen ve aniden U d\u00f6n\u00fc\u015f\u00fc yapmaya \u00e7al\u0131\u015fan Yunus E. K&#8217;nin kulland\u0131\u011f\u0131 07 CAD 104 plakal\u0131 hafif ticari araca h\u0131zla \u00e7arpt\u0131. G\u00fcvenlik kameras\u0131na yans\u0131yan g\u00f6r\u00fcnt\u00fclerde, motosikletin \u00e7arpma an\u0131nda havaya savruldu\u011fu ve par\u00e7aland\u0131\u011f\u0131 g\u00f6r\u00fcld\u00fc. \u00c7arpman\u0131n etkisiyle 24 ya\u015f\u0131ndaki s\u00fcr\u00fcc\u00fc \u0130brahim K. yola f\u0131rlayarak s\u00fcr\u00fcklendi.<\/p>\n<p>Ehliyetsiz s\u00fcr\u00fcc\u00fc kaza yerinden ka\u00e7t\u0131<br \/>\nKazan\u0131n ard\u0131ndan, hafif ticari ara\u00e7 s\u00fcr\u00fcc\u00fcs\u00fc olay yerini yaya olarak terk etti. Jandarma ekiplerinin h\u0131zl\u0131 \u00e7al\u0131\u015fmas\u0131 sonucu k\u0131sa s\u00fcre sonra yakalanan s\u00fcr\u00fcc\u00fcn\u00fcn ehliyetsiz oldu\u011fu tespit edildi. Yap\u0131lan incelemelerde motosiklet s\u00fcr\u00fcc\u00fcs\u00fc \u0130brahim K&#8217;nin de s\u00fcr\u00fcc\u00fc belgesinin yetersiz oldu\u011fu belirlendi.<\/p>\n<p>A\u011f\u0131r yaral\u0131 motosiklet s\u00fcr\u00fcc\u00fcs\u00fc hastaneye kald\u0131r\u0131ld\u0131<br \/>\n\u0130hbar \u00fczerine olay yerine gelen 112 sa\u011fl\u0131k ekipleri, a\u011f\u0131r yaralanan motosiklet s\u00fcr\u00fcc\u00fcs\u00fc \u0130brahim K&#8217;ye ilk m\u00fcdahaleyi yaparak ambulansla hastaneye kald\u0131rd\u0131. Yaral\u0131n\u0131n hayati tehlikesinin oldu\u011fu bildirildi.<\/p>\n<p>S\u00fcr\u00fcc\u00fclere ve ara\u00e7 sahibine para cezas\u0131<br \/>\nManavgat \u0130l\u00e7e Jandarma Komutanl\u0131\u011f\u0131 Trafik Tim Komutanl\u0131\u011f\u0131 ekipleri taraf\u0131ndan yap\u0131lan inceleme sonucunda, ehliyetsiz ara\u00e7 kullanan Yunus E. K&#8217;ye 18 bin 677 TL, arac\u0131n sahibine de ayn\u0131 miktarda ceza kesildi. Ayr\u0131ca, s\u00fcr\u00fcc\u00fc belgesi yetersiz olan motosiklet s\u00fcr\u00fcc\u00fcs\u00fc \u0130brahim K&#8217;ye de 9 bin 267 TL ceza kesildi.<\/p>\n<p>Kaynak: www.kanalv.com.tr Haber Sitesinden Al\u0131nm\u0131\u015ft\u0131r.<\/p>","protected":false},"excerpt":{"rendered":"<p>Kaza, Manavgat&#8217;\u0131n Sorgun Mahallesi Bo\u011faz mevkiinde meydana geldi. Edinilen bilgiye g\u00f6re, \u0130brahim K. y\u00f6netimindeki 21 AFR 547 plakal\u0131 motosiklet, ayn\u0131 y\u00f6nde ilerleyen ve aniden U d\u00f6n\u00fc\u015f\u00fc yapmaya \u00e7al\u0131\u015fan Yunus E. K&#8217;nin kulland\u0131\u011f\u0131 07 CAD 104 plakal\u0131 hafif ticari araca h\u0131zla \u00e7arpt\u0131. G\u00fcvenlik kameras\u0131na yans\u0131yan g\u00f6r\u00fcnt\u00fclerde, motosikletin \u00e7arpma an\u0131nda havaya savruldu\u011fu ve par\u00e7aland\u0131\u011f\u0131 g\u00f6r\u00fcld\u00fc. \u00c7arpman\u0131n etkisiyle 24 ya\u015f\u0131ndaki s\u00fcr\u00fcc\u00fc \u0130brahim K. yola f\u0131rlayarak s\u00fcr\u00fcklendi. Ehliyetsiz s\u00fcr\u00fcc\u00fc kaza yerinden ka\u00e7t\u0131 Kazan\u0131n ard\u0131ndan, hafif ticari ara\u00e7 s\u00fcr\u00fcc\u00fcs\u00fc olay yerini yaya olarak terk etti. Jandarma ekiplerinin h\u0131zl\u0131 \u00e7al\u0131\u015fmas\u0131 sonucu k\u0131sa s\u00fcre sonra yakalanan s\u00fcr\u00fcc\u00fcn\u00fcn ehliyetsiz oldu\u011fu tespit edildi. Yap\u0131lan incelemelerde motosiklet s\u00fcr\u00fcc\u00fcs\u00fc \u0130brahim K&#8217;nin de s\u00fcr\u00fcc\u00fc belgesinin yetersiz oldu\u011fu belirlendi. A\u011f\u0131r yaral\u0131 motosiklet s\u00fcr\u00fcc\u00fcs\u00fc hastaneye kald\u0131r\u0131ld\u0131 \u0130hbar \u00fczerine olay yerine gelen 112 sa\u011fl\u0131k ekipleri, a\u011f\u0131r yaralanan motosiklet s\u00fcr\u00fcc\u00fcs\u00fc \u0130brahim K&#8217;ye ilk m\u00fcdahaleyi yaparak ambulansla hastaneye kald\u0131rd\u0131. Yaral\u0131n\u0131n hayati tehlikesinin oldu\u011fu bildirildi. S\u00fcr\u00fcc\u00fclere ve ara\u00e7 sahibine para cezas\u0131 Manavgat \u0130l\u00e7e Jandarma Komutanl\u0131\u011f\u0131 Trafik Tim Komutanl\u0131\u011f\u0131 ekipleri taraf\u0131ndan yap\u0131lan inceleme sonucunda, ehliyetsiz ara\u00e7 kullanan Yunus E. K&#8217;ye 18 bin 677 TL, arac\u0131n sahibine de ayn\u0131 miktarda ceza kesildi. Ayr\u0131ca, s\u00fcr\u00fcc\u00fc belgesi yetersiz olan motosiklet s\u00fcr\u00fcc\u00fcs\u00fc \u0130brahim K&#8217;ye de 9 bin 267 TL ceza kesildi. Kaynak: www.kanalv.com.tr Haber Sitesinden Al\u0131nm\u0131\u015ft\u0131r.<\/p>","protected":false},"author":4,"featured_media":0,"comment_status":"closed","ping_status":"open","sticky":false,"template":"","format":"standard","meta":{"_acf_changed":false,"footnotes":""},"categories":[26],"tags":[],"class_list":["post-35726","post","type-post","status-publish","format-standard","hentry","category-antalya"],"acf":[],"yoast_head":"<!-- This site is optimized with the Yoast SEO Premium plugin v26.6 (Yoast SEO v27.1.1) - https:\/\/yoast.com\/product\/yoast-seo-premium-wordpress\/ -->\n<title>Ehliyetsiz s\u00fcr\u00fcc\u00fc motosikletliyi a\u011f\u0131r yaralad\u0131 - Av. Deniz Can K\u0131z\u0131l<\/title>\n<meta name=\"robots\" content=\"index, follow, max-snippet:-1, max-image-preview:large, max-video-preview:-1\" \/>\n<link rel=\"canonical\" href=\"https:\/\/denizcankizil.tr\/de\/haberler\/antalya\/ehliyetsiz-surucu-motosikletliyi-agir-yaraladi\/\" \/>\n<meta property=\"og:locale\" content=\"de_DE\" \/>\n<meta property=\"og:type\" content=\"article\" \/>\n<meta property=\"og:title\" content=\"Ehliyetsiz s\u00fcr\u00fcc\u00fc motosikletliyi a\u011f\u0131r yaralad\u0131\" \/>\n<meta property=\"og:description\" content=\"Kaza, Manavgat&#8217;\u0131n Sorgun Mahallesi Bo\u011faz mevkiinde meydana geldi. Edinilen bilgiye g\u00f6re, \u0130brahim K. y\u00f6netimindeki 21 AFR 547 plakal\u0131 motosiklet, ayn\u0131 y\u00f6nde ilerleyen ve aniden U d\u00f6n\u00fc\u015f\u00fc yapmaya \u00e7al\u0131\u015fan Yunus E. K&#8217;nin kulland\u0131\u011f\u0131 07 CAD 104 plakal\u0131 hafif ticari araca h\u0131zla \u00e7arpt\u0131. G\u00fcvenlik kameras\u0131na yans\u0131yan g\u00f6r\u00fcnt\u00fclerde, motosikletin \u00e7arpma an\u0131nda havaya savruldu\u011fu ve par\u00e7aland\u0131\u011f\u0131 g\u00f6r\u00fcld\u00fc. \u00c7arpman\u0131n etkisiyle 24 ya\u015f\u0131ndaki s\u00fcr\u00fcc\u00fc \u0130brahim K. yola f\u0131rlayarak s\u00fcr\u00fcklendi. Ehliyetsiz s\u00fcr\u00fcc\u00fc kaza yerinden ka\u00e7t\u0131 Kazan\u0131n ard\u0131ndan, hafif ticari ara\u00e7 s\u00fcr\u00fcc\u00fcs\u00fc olay yerini yaya olarak terk etti. Jandarma ekiplerinin h\u0131zl\u0131 \u00e7al\u0131\u015fmas\u0131 sonucu k\u0131sa s\u00fcre sonra yakalanan s\u00fcr\u00fcc\u00fcn\u00fcn ehliyetsiz oldu\u011fu tespit edildi. Yap\u0131lan incelemelerde motosiklet s\u00fcr\u00fcc\u00fcs\u00fc \u0130brahim K&#8217;nin de s\u00fcr\u00fcc\u00fc belgesinin yetersiz oldu\u011fu belirlendi. A\u011f\u0131r yaral\u0131 motosiklet s\u00fcr\u00fcc\u00fcs\u00fc hastaneye kald\u0131r\u0131ld\u0131 \u0130hbar \u00fczerine olay yerine gelen 112 sa\u011fl\u0131k ekipleri, a\u011f\u0131r yaralanan motosiklet s\u00fcr\u00fcc\u00fcs\u00fc \u0130brahim K&#8217;ye ilk m\u00fcdahaleyi yaparak ambulansla hastaneye kald\u0131rd\u0131. Yaral\u0131n\u0131n hayati tehlikesinin oldu\u011fu bildirildi. S\u00fcr\u00fcc\u00fclere ve ara\u00e7 sahibine para cezas\u0131 Manavgat \u0130l\u00e7e Jandarma Komutanl\u0131\u011f\u0131 Trafik Tim Komutanl\u0131\u011f\u0131 ekipleri taraf\u0131ndan yap\u0131lan inceleme sonucunda, ehliyetsiz ara\u00e7 kullanan Yunus E. K&#8217;ye 18 bin 677 TL, arac\u0131n sahibine de ayn\u0131 miktarda ceza kesildi. Ayr\u0131ca, s\u00fcr\u00fcc\u00fc belgesi yetersiz olan motosiklet s\u00fcr\u00fcc\u00fcs\u00fc \u0130brahim K&#8217;ye de 9 bin 267 TL ceza kesildi. Kaynak: www.kanalv.com.tr Haber Sitesinden Al\u0131nm\u0131\u015ft\u0131r.\" \/>\n<meta property=\"og:url\" content=\"https:\/\/denizcankizil.tr\/de\/haberler\/antalya\/ehliyetsiz-surucu-motosikletliyi-agir-yaraladi\/\" \/>\n<meta property=\"og:site_name\" content=\"Av. Deniz Can K\u0131z\u0131l\" \/>\n<meta property=\"article:published_time\" content=\"2025-03-15T09:41:21+00:00\" \/>\n<meta property=\"article:modified_time\" content=\"2025-03-15T21:41:59+00:00\" \/>\n<meta name=\"author\" content=\"Av. Deniz Can K\u0131z\u0131l\" \/>\n<meta name=\"twitter:card\" content=\"summary_large_image\" \/>\n<meta name=\"twitter:label1\" content=\"Verfasst von\" \/>\n\t<meta name=\"twitter:data1\" content=\"Av. Deniz Can K\u0131z\u0131l\" \/>\n\t<meta name=\"twitter:label2\" content=\"Gesch\u00e4tzte Lesezeit\" \/>\n\t<meta name=\"twitter:data2\" content=\"1\u00a0Minute\" \/>\n<script type=\"application\/ld+json\" class=\"yoast-schema-graph\">{\"@context\":\"https:\/\/schema.org\",\"@graph\":[{\"@type\":\"Article\",\"@id\":\"https:\/\/denizcankizil.tr\/ru\/haberler\/antalya\/ehliyetsiz-surucu-motosikletliyi-agir-yaraladi\/#article\",\"isPartOf\":{\"@id\":\"https:\/\/denizcankizil.tr\/ru\/haberler\/antalya\/ehliyetsiz-surucu-motosikletliyi-agir-yaraladi\/\"},\"author\":{\"name\":\"Av. Deniz Can K\u0131z\u0131l\",\"@id\":\"https:\/\/denizcankizil.tr\/de\/#\/schema\/person\/5dc1b22991bd7ac833867c10afc9b0ff\"},\"headline\":\"Ehliyetsiz s\u00fcr\u00fcc\u00fc motosikletliyi a\u011f\u0131r yaralad\u0131\",\"datePublished\":\"2025-03-15T09:41:21+00:00\",\"dateModified\":\"2025-03-15T21:41:59+00:00\",\"mainEntityOfPage\":{\"@id\":\"https:\/\/denizcankizil.tr\/ru\/haberler\/antalya\/ehliyetsiz-surucu-motosikletliyi-agir-yaraladi\/\"},\"wordCount\":282,\"publisher\":{\"@id\":\"https:\/\/denizcankizil.tr\/de\/#organization\"},\"articleSection\":[\"Antalya\"],\"inLanguage\":\"de\"},{\"@type\":\"WebPage\",\"@id\":\"https:\/\/denizcankizil.tr\/ru\/haberler\/antalya\/ehliyetsiz-surucu-motosikletliyi-agir-yaraladi\/\",\"url\":\"https:\/\/denizcankizil.tr\/ru\/haberler\/antalya\/ehliyetsiz-surucu-motosikletliyi-agir-yaraladi\/\",\"name\":\"Ehliyetsiz s\u00fcr\u00fcc\u00fc motosikletliyi a\u011f\u0131r yaralad\u0131 - Av. Deniz Can K\u0131z\u0131l\",\"isPartOf\":{\"@id\":\"https:\/\/denizcankizil.tr\/de\/#website\"},\"datePublished\":\"2025-03-15T09:41:21+00:00\",\"dateModified\":\"2025-03-15T21:41:59+00:00\",\"breadcrumb\":{\"@id\":\"https:\/\/denizcankizil.tr\/ru\/haberler\/antalya\/ehliyetsiz-surucu-motosikletliyi-agir-yaraladi\/#breadcrumb\"},\"inLanguage\":\"de\",\"potentialAction\":[{\"@type\":\"ReadAction\",\"target\":[\"https:\/\/denizcankizil.tr\/ru\/haberler\/antalya\/ehliyetsiz-surucu-motosikletliyi-agir-yaraladi\/\"]}]},{\"@type\":\"BreadcrumbList\",\"@id\":\"https:\/\/denizcankizil.tr\/ru\/haberler\/antalya\/ehliyetsiz-surucu-motosikletliyi-agir-yaraladi\/#breadcrumb\",\"itemListElement\":[{\"@type\":\"ListItem\",\"position\":1,\"name\":\"Home\",\"item\":\"https:\/\/denizcankizil.tr\/de\/\"},{\"@type\":\"ListItem\",\"position\":2,\"name\":\"Ehliyetsiz s\u00fcr\u00fcc\u00fc motosikletliyi a\u011f\u0131r yaralad\u0131\"}]},{\"@type\":\"WebSite\",\"@id\":\"https:\/\/denizcankizil.tr\/de\/#website\",\"url\":\"https:\/\/denizcankizil.tr\/de\/\",\"name\":\"Av. Deniz Can K\u0131z\u0131l\",\"description\":\"Avukat Deniz Can K\u0131z\u0131l Antalya Barosu\",\"publisher\":{\"@id\":\"https:\/\/denizcankizil.tr\/de\/#organization\"},\"potentialAction\":[{\"@type\":\"SearchAction\",\"target\":{\"@type\":\"EntryPoint\",\"urlTemplate\":\"https:\/\/denizcankizil.tr\/de\/?s={search_term_string}\"},\"query-input\":{\"@type\":\"PropertyValueSpecification\",\"valueRequired\":true,\"valueName\":\"search_term_string\"}}],\"inLanguage\":\"de\"},{\"@type\":\"Organization\",\"@id\":\"https:\/\/denizcankizil.tr\/de\/#organization\",\"name\":\"Av. Deniz Can K\u0131z\u0131l\",\"url\":\"https:\/\/denizcankizil.tr\/de\/\",\"logo\":{\"@type\":\"ImageObject\",\"inLanguage\":\"de\",\"@id\":\"https:\/\/denizcankizil.tr\/de\/#\/schema\/logo\/image\/\",\"url\":\"https:\/\/denizcankizil.tr\/wp-content\/uploads\/2024\/10\/siyah-logo-svg.svg\",\"contentUrl\":\"https:\/\/denizcankizil.tr\/wp-content\/uploads\/2024\/10\/siyah-logo-svg.svg\",\"width\":1080,\"height\":1080,\"caption\":\"Av. Deniz Can K\u0131z\u0131l\"},\"image\":{\"@id\":\"https:\/\/denizcankizil.tr\/de\/#\/schema\/logo\/image\/\"}},{\"@type\":\"Person\",\"@id\":\"https:\/\/denizcankizil.tr\/de\/#\/schema\/person\/5dc1b22991bd7ac833867c10afc9b0ff\",\"name\":\"Av. Deniz Can K\u0131z\u0131l\",\"image\":{\"@type\":\"ImageObject\",\"inLanguage\":\"de\",\"@id\":\"https:\/\/denizcankizil.tr\/de\/#\/schema\/person\/image\/\",\"url\":\"https:\/\/secure.gravatar.com\/avatar\/a0b128fb9855c79efc976d5640eedb31dc35ec297594d6016d2cf7c60e975bb6?s=96&d=mm&r=g\",\"contentUrl\":\"https:\/\/secure.gravatar.com\/avatar\/a0b128fb9855c79efc976d5640eedb31dc35ec297594d6016d2cf7c60e975bb6?s=96&d=mm&r=g\",\"caption\":\"Av. Deniz Can K\u0131z\u0131l\"},\"sameAs\":[\"http:\/\/www.denizcankizil.tr\"],\"url\":\"https:\/\/denizcankizil.tr\/de\/author\/denizcankizil\/\"}]}<\/script>\n<!-- \/ Yoast SEO Premium plugin. -->","yoast_head_json":{"title":"Ehliyetsiz s\u00fcr\u00fcc\u00fc motosikletliyi a\u011f\u0131r yaralad\u0131 - Av. Deniz Can K\u0131z\u0131l","robots":{"index":"index","follow":"follow","max-snippet":"max-snippet:-1","max-image-preview":"max-image-preview:large","max-video-preview":"max-video-preview:-1"},"canonical":"https:\/\/denizcankizil.tr\/de\/haberler\/antalya\/ehliyetsiz-surucu-motosikletliyi-agir-yaraladi\/","og_locale":"de_DE","og_type":"article","og_title":"Ehliyetsiz s\u00fcr\u00fcc\u00fc motosikletliyi a\u011f\u0131r yaralad\u0131","og_description":"Kaza, Manavgat&#8217;\u0131n Sorgun Mahallesi Bo\u011faz mevkiinde meydana geldi. Edinilen bilgiye g\u00f6re, \u0130brahim K. y\u00f6netimindeki 21 AFR 547 plakal\u0131 motosiklet, ayn\u0131 y\u00f6nde ilerleyen ve aniden U d\u00f6n\u00fc\u015f\u00fc yapmaya \u00e7al\u0131\u015fan Yunus E. K&#8217;nin kulland\u0131\u011f\u0131 07 CAD 104 plakal\u0131 hafif ticari araca h\u0131zla \u00e7arpt\u0131. G\u00fcvenlik kameras\u0131na yans\u0131yan g\u00f6r\u00fcnt\u00fclerde, motosikletin \u00e7arpma an\u0131nda havaya savruldu\u011fu ve par\u00e7aland\u0131\u011f\u0131 g\u00f6r\u00fcld\u00fc. \u00c7arpman\u0131n etkisiyle 24 ya\u015f\u0131ndaki s\u00fcr\u00fcc\u00fc \u0130brahim K. yola f\u0131rlayarak s\u00fcr\u00fcklendi. Ehliyetsiz s\u00fcr\u00fcc\u00fc kaza yerinden ka\u00e7t\u0131 Kazan\u0131n ard\u0131ndan, hafif ticari ara\u00e7 s\u00fcr\u00fcc\u00fcs\u00fc olay yerini yaya olarak terk etti. Jandarma ekiplerinin h\u0131zl\u0131 \u00e7al\u0131\u015fmas\u0131 sonucu k\u0131sa s\u00fcre sonra yakalanan s\u00fcr\u00fcc\u00fcn\u00fcn ehliyetsiz oldu\u011fu tespit edildi. Yap\u0131lan incelemelerde motosiklet s\u00fcr\u00fcc\u00fcs\u00fc \u0130brahim K&#8217;nin de s\u00fcr\u00fcc\u00fc belgesinin yetersiz oldu\u011fu belirlendi. A\u011f\u0131r yaral\u0131 motosiklet s\u00fcr\u00fcc\u00fcs\u00fc hastaneye kald\u0131r\u0131ld\u0131 \u0130hbar \u00fczerine olay yerine gelen 112 sa\u011fl\u0131k ekipleri, a\u011f\u0131r yaralanan motosiklet s\u00fcr\u00fcc\u00fcs\u00fc \u0130brahim K&#8217;ye ilk m\u00fcdahaleyi yaparak ambulansla hastaneye kald\u0131rd\u0131. Yaral\u0131n\u0131n hayati tehlikesinin oldu\u011fu bildirildi. S\u00fcr\u00fcc\u00fclere ve ara\u00e7 sahibine para cezas\u0131 Manavgat \u0130l\u00e7e Jandarma Komutanl\u0131\u011f\u0131 Trafik Tim Komutanl\u0131\u011f\u0131 ekipleri taraf\u0131ndan yap\u0131lan inceleme sonucunda, ehliyetsiz ara\u00e7 kullanan Yunus E. K&#8217;ye 18 bin 677 TL, arac\u0131n sahibine de ayn\u0131 miktarda ceza kesildi. Ayr\u0131ca, s\u00fcr\u00fcc\u00fc belgesi yetersiz olan motosiklet s\u00fcr\u00fcc\u00fcs\u00fc \u0130brahim K&#8217;ye de 9 bin 267 TL ceza kesildi. Kaynak: www.kanalv.com.tr Haber Sitesinden Al\u0131nm\u0131\u015ft\u0131r.","og_url":"https:\/\/denizcankizil.tr\/de\/haberler\/antalya\/ehliyetsiz-surucu-motosikletliyi-agir-yaraladi\/","og_site_name":"Av. Deniz Can K\u0131z\u0131l","article_published_time":"2025-03-15T09:41:21+00:00","article_modified_time":"2025-03-15T21:41:59+00:00","author":"Av. Deniz Can K\u0131z\u0131l","twitter_card":"summary_large_image","twitter_misc":{"Verfasst von":"Av. Deniz Can K\u0131z\u0131l","Gesch\u00e4tzte Lesezeit":"1\u00a0Minute"},"schema":{"@context":"https:\/\/schema.org","@graph":[{"@type":"Article","@id":"https:\/\/denizcankizil.tr\/ru\/haberler\/antalya\/ehliyetsiz-surucu-motosikletliyi-agir-yaraladi\/#article","isPartOf":{"@id":"https:\/\/denizcankizil.tr\/ru\/haberler\/antalya\/ehliyetsiz-surucu-motosikletliyi-agir-yaraladi\/"},"author":{"name":"Av. Deniz Can K\u0131z\u0131l","@id":"https:\/\/denizcankizil.tr\/de\/#\/schema\/person\/5dc1b22991bd7ac833867c10afc9b0ff"},"headline":"Ehliyetsiz s\u00fcr\u00fcc\u00fc motosikletliyi a\u011f\u0131r yaralad\u0131","datePublished":"2025-03-15T09:41:21+00:00","dateModified":"2025-03-15T21:41:59+00:00","mainEntityOfPage":{"@id":"https:\/\/denizcankizil.tr\/ru\/haberler\/antalya\/ehliyetsiz-surucu-motosikletliyi-agir-yaraladi\/"},"wordCount":282,"publisher":{"@id":"https:\/\/denizcankizil.tr\/de\/#organization"},"articleSection":["Antalya"],"inLanguage":"de"},{"@type":"WebPage","@id":"https:\/\/denizcankizil.tr\/ru\/haberler\/antalya\/ehliyetsiz-surucu-motosikletliyi-agir-yaraladi\/","url":"https:\/\/denizcankizil.tr\/ru\/haberler\/antalya\/ehliyetsiz-surucu-motosikletliyi-agir-yaraladi\/","name":"Ehliyetsiz s\u00fcr\u00fcc\u00fc motosikletliyi a\u011f\u0131r yaralad\u0131 - Av. Deniz Can K\u0131z\u0131l","isPartOf":{"@id":"https:\/\/denizcankizil.tr\/de\/#website"},"datePublished":"2025-03-15T09:41:21+00:00","dateModified":"2025-03-15T21:41:59+00:00","breadcrumb":{"@id":"https:\/\/denizcankizil.tr\/ru\/haberler\/antalya\/ehliyetsiz-surucu-motosikletliyi-agir-yaraladi\/#breadcrumb"},"inLanguage":"de","potentialAction":[{"@type":"ReadAction","target":["https:\/\/denizcankizil.tr\/ru\/haberler\/antalya\/ehliyetsiz-surucu-motosikletliyi-agir-yaraladi\/"]}]},{"@type":"BreadcrumbList","@id":"https:\/\/denizcankizil.tr\/ru\/haberler\/antalya\/ehliyetsiz-surucu-motosikletliyi-agir-yaraladi\/#breadcrumb","itemListElement":[{"@type":"ListItem","position":1,"name":"Home","item":"https:\/\/denizcankizil.tr\/de\/"},{"@type":"ListItem","position":2,"name":"Ehliyetsiz s\u00fcr\u00fcc\u00fc motosikletliyi a\u011f\u0131r yaralad\u0131"}]},{"@type":"WebSite","@id":"https:\/\/denizcankizil.tr\/de\/#website","url":"https:\/\/denizcankizil.tr\/de\/","name":"Av. Deniz Can K\u0131z\u0131l","description":"Avukat Deniz Can K\u0131z\u0131l Antalya Barosu","publisher":{"@id":"https:\/\/denizcankizil.tr\/de\/#organization"},"potentialAction":[{"@type":"SearchAction","target":{"@type":"EntryPoint","urlTemplate":"https:\/\/denizcankizil.tr\/de\/?s={search_term_string}"},"query-input":{"@type":"PropertyValueSpecification","valueRequired":true,"valueName":"search_term_string"}}],"inLanguage":"de"},{"@type":"Organization","@id":"https:\/\/denizcankizil.tr\/de\/#organization","name":"Av. Deniz Can K\u0131z\u0131l","url":"https:\/\/denizcankizil.tr\/de\/","logo":{"@type":"ImageObject","inLanguage":"de","@id":"https:\/\/denizcankizil.tr\/de\/#\/schema\/logo\/image\/","url":"https:\/\/denizcankizil.tr\/wp-content\/uploads\/2024\/10\/siyah-logo-svg.svg","contentUrl":"https:\/\/denizcankizil.tr\/wp-content\/uploads\/2024\/10\/siyah-logo-svg.svg","width":1080,"height":1080,"caption":"Av. Deniz Can K\u0131z\u0131l"},"image":{"@id":"https:\/\/denizcankizil.tr\/de\/#\/schema\/logo\/image\/"}},{"@type":"Person","@id":"https:\/\/denizcankizil.tr\/de\/#\/schema\/person\/5dc1b22991bd7ac833867c10afc9b0ff","name":"Av. Deniz Can K\u0131z\u0131l","image":{"@type":"ImageObject","inLanguage":"de","@id":"https:\/\/denizcankizil.tr\/de\/#\/schema\/person\/image\/","url":"https:\/\/secure.gravatar.com\/avatar\/a0b128fb9855c79efc976d5640eedb31dc35ec297594d6016d2cf7c60e975bb6?s=96&d=mm&r=g","contentUrl":"https:\/\/secure.gravatar.com\/avatar\/a0b128fb9855c79efc976d5640eedb31dc35ec297594d6016d2cf7c60e975bb6?s=96&d=mm&r=g","caption":"Av. Deniz Can K\u0131z\u0131l"},"sameAs":["http:\/\/www.denizcankizil.tr"],"url":"https:\/\/denizcankizil.tr\/de\/author\/denizcankizil\/"}]}},"_links":{"self":[{"href":"https:\/\/denizcankizil.tr\/de\/wp-json\/wp\/v2\/posts\/35726","targetHints":{"allow":["GET"]}}],"collection":[{"href":"https:\/\/denizcankizil.tr\/de\/wp-json\/wp\/v2\/posts"}],"about":[{"href":"https:\/\/denizcankizil.tr\/de\/wp-json\/wp\/v2\/types\/post"}],"author":[{"embeddable":true,"href":"https:\/\/denizcankizil.tr\/de\/wp-json\/wp\/v2\/users\/4"}],"replies":[{"embeddable":true,"href":"https:\/\/denizcankizil.tr\/de\/wp-json\/wp\/v2\/comments?post=35726"}],"version-history":[{"count":1,"href":"https:\/\/denizcankizil.tr\/de\/wp-json\/wp\/v2\/posts\/35726\/revisions"}],"predecessor-version":[{"id":35794,"href":"https:\/\/denizcankizil.tr\/de\/wp-json\/wp\/v2\/posts\/35726\/revisions\/35794"}],"wp:attachment":[{"href":"https:\/\/denizcankizil.tr\/de\/wp-json\/wp\/v2\/media?parent=35726"}],"wp:term":[{"taxonomy":"category","embeddable":true,"href":"https:\/\/denizcankizil.tr\/de\/wp-json\/wp\/v2\/categories?post=35726"},{"taxonomy":"post_tag","embeddable":true,"href":"https:\/\/denizcankizil.tr\/de\/wp-json\/wp\/v2\/tags?post=35726"}],"curies":[{"name":"wp","href":"https:\/\/api.w.org\/{rel}","templated":true}]}}