{"id":35705,"date":"2025-03-14T18:41:18","date_gmt":"2025-03-14T15:41:18","guid":{"rendered":"https:\/\/denizcankizil.tr\/uncategorized-tr\/akdeniz-universitesinde-14-mart-tip-bayrami-coskuyla-kutlandi\/"},"modified":"2025-03-16T00:42:11","modified_gmt":"2025-03-15T21:42:11","slug":"akdeniz-universitesinde-14-mart-tip-bayrami-coskuyla-kutlandi","status":"publish","type":"post","link":"https:\/\/denizcankizil.tr\/de\/haberler\/gundem\/akdeniz-universitesinde-14-mart-tip-bayrami-coskuyla-kutlandi\/","title":{"rendered":"Akdeniz \u00dcniversite\u2019sinde 14 Mart T\u0131p Bayram\u0131 co\u015fkuyla kutland\u0131"},"content":{"rendered":"<p>Akdeniz \u00dcniversitesi\u2019nde 14 Mart T\u0131p Bayram\u0131 co\u015fkuyla kutland\u0131. Atat\u00fcrk Konferans Salonu\u2019nda d\u00fczenlenen t\u00f6rene Akdeniz \u00dcniversitesi Rekt\u00f6r\u00fc Prof. Dr. \u00d6zlenen \u00d6zkan, Rekt\u00f6r Yard\u0131mc\u0131lar\u0131 Prof. Dr. Ay\u015fe G\u00fclbin Ar\u0131c\u0131, Prof. Dr. \u015e\u00fckr\u00fc \u00d6zen, Prof. Dr. Cengiz Toker, T\u0131p Fak\u00fcltesi Dekan\u0131 Prof. Dr. Ye\u015fim \u015eenol, Antalya Tabip Odas\u0131 Ba\u015fkan\u0131 Dr. H\u00fcseyin Can Ert\u00fcrk, hekimler ve T\u0131p Fak\u00fcltesi \u00f6\u011frencileri kat\u0131ld\u0131.<\/p>\n<p>\u201cM\u0130LL\u0130 M\u00dcCADELE, TIBB\u0130YEL\u0130LER\u0130N MAN\u0130FESTOSU ASLINDA\u201d<\/p>\n<p>14 Mart T\u0131p Bayram\u0131\u2019n\u0131n \u00f6nemine de\u011finen Akdeniz \u00dcniversitesi Rekt\u00f6r\u00fc Prof. Dr. \u00d6zlenen \u00d6zkan, \u201cBug\u00fcn\u00fcn bence en \u00f6nemli \u00f6zelli\u011fi ulusal bir bayram olmas\u0131d\u0131r. Milli M\u00fccadele, t\u0131bbiyelilerin manifestosu asl\u0131nda. Bu anlamda buradan \u015funu g\u00f6r\u00fcyoruz ki, t\u0131p\u00e7\u0131lar, hakikaten m\u00fccadeleci insanlar. Her yerde bunu g\u00f6r\u00fcyorsunuz. Sahada, veremde, korona vir\u00fcste, depremde bunu ya\u015fad\u0131k. Herhalde m\u00fccadeleci karakterler t\u0131p mesle\u011fini se\u00e7iyorlar diye d\u00fc\u015f\u00fcn\u00fcyorum. G\u00f6rd\u00fc\u011f\u00fcm de genel olarak b\u00f6yle. T\u0131p \u00e7ok \u00f6nemli, \u00e7ok g\u00fczel bir meslek.\u201d dedi.<\/p>\n<p>\u201cDOKTORLUK D\u00dcNYANIN EN G\u00dcZEL MESLE\u011e\u0130\u201d<\/p>\n<p>Akdeniz \u00dcniversitesi\u2019nde e\u011fitim g\u00f6ren \u00f6\u011frencilerin \u00e7ok \u015fansl\u0131 oldu\u011funun alt\u0131n\u0131 \u00e7izen Prof. Dr. \u00d6zlenen \u00d6zkan, \u201cDoktorluk, D\u00fcnya\u2019n\u0131n en g\u00fczel mesle\u011fi bence yani daha ikinci meslek d\u00fc\u015f\u00fcnemiyorum. D\u00fcnyan\u0131n en g\u00fczel kost\u00fcm\u00fc herhalde bu beyaz \u00f6nl\u00fck. Bu anlamda \u00e7ok \u015fansl\u0131s\u0131n\u0131z arkada\u015flar. \u00c7ok g\u00fczel bir mesle\u011fe sahip olacaks\u0131n\u0131z. M\u00fcstakbel doktorlar olacaks\u0131n\u0131z. Doktora adaylar\u0131 olarak \u015fu anda \u00e7ok g\u00fczel bir yerdesiniz. Akdeniz \u00dcniversitesi ger\u00e7ekten hocalar\u0131m\u0131zla fedakar \u00e7al\u0131\u015ft\u0131\u011f\u0131m\u0131z, e\u011fitiminiz i\u00e7in \u00e7al\u0131\u015ft\u0131\u011f\u0131m\u0131z bir yer. Yeni hastanemiz a\u00e7\u0131lacak in\u015fallah bir k\u0131sm\u0131n\u0131z muhtemelen onu g\u00f6rmeyecekler ama 900 yatakl\u0131, \u00e7ok daha iyi hizmetler sunaca\u011f\u0131z\u201d diye konu\u015ftu.<\/p>\n<p>YAPAY ORGAN \u00dcZER\u0130NE \u00c7ALI\u015eMA YAPILACAK\u00a0<\/p>\n<p>Yeni kurulan \u0130leri Sa\u011fl\u0131k Ara\u015ft\u0131rma Merkezi\u2019nde yapay organ ve a\u015f\u0131 \u00fczerine \u00e7al\u0131\u015facaklar\u0131n\u0131 belirten Prof. Dr. \u00d6zlenen \u00d6zkan, \u201cOrada umuyorum hep beraber yapay organ ve a\u015f\u0131 \u00fczerine \u00e7al\u0131\u015faca\u011f\u0131z. Bence gelece\u011fin 50 y\u0131l sonra nerede oldu\u011funu bilmek, g\u00f6rmek \u00e7ok k\u0131ymetli. 50 y\u0131l sonra yapay organlarla u\u011fra\u015faca\u011f\u0131z. L\u00fctfen temel t\u0131bb\u0131 \u00f6nemseyin. Temel t\u0131pta iyi bir \u015feyler yaparsan\u0131z hem \u00fclke i\u00e7in hem \u015fahsi meslek hayat\u0131n\u0131z i\u00e7in \u00e7ok b\u00fcy\u00fck bir g\u00fc\u00e7\u201d \u015feklinde konu\u015ftu.<\/p>\n<p>\u201c\u00dcLKEN\u0130ZE SAH\u0130P \u00c7IKIN\u201d<\/p>\n<p>Doktor adaylar\u0131na seslenen Prof. Dr. \u00d6zlenen \u00d6zkan, \u201cGelece\u011fe \u00fcmitle bakman\u0131z\u0131 rica ediyorum. \u00c7ok g\u00fczel bir \u00fclkede ya\u015f\u0131yorsunuz ger\u00e7ekten. Bir\u00e7ok insan\u0131n yurtd\u0131\u015f\u0131na gitmek gibi \u015feyi var ama \u00e7ok yanl\u0131\u015f. Biz oralar\u0131 g\u00f6rd\u00fck ve geri geldik. \u00dclkenize sahip \u00e7\u0131k\u0131n. Oralar\u0131n \u00e7ok muhte\u015fem oldu\u011funu d\u00fc\u015f\u00fcnmeyin. Gelece\u011finiz \u00e7ok parlak, gelece\u011fimiz \u00e7ok parlak. Yeter ki i\u015finize sahip \u00e7\u0131k\u0131p i\u015fimizi en iyi \u015fekilde yap\u0131p o zaman hepimizin gelece\u011finin ne kadar parlak oldu\u011funu g\u00f6receksiniz. \u0130yi ki vars\u0131n\u0131z, nice 14 Martlara\u201d dedi.<\/p>\n<p>SON YILLARDAK\u0130 \u0130LERLEMELER D\u0130KKAT \u00c7EKT\u0130\u00a0<\/p>\n<p>Akdeniz \u00dcniversitesi\u2019nin T\u00fcrkiye\u2019yi a\u015f\u0131p d\u00fcnya \u00e7ap\u0131nda geli\u015fim g\u00f6sterdi\u011fine de\u011finen Antalya Tabip Odas\u0131 Ba\u015fkan\u0131 H\u00fcseyin Ert\u00fcrk, \u201cRahmetli Tuncer hocam\u0131 ve \u00fcniversitenin kurulu\u015funda eme\u011fi ge\u00e7en t\u00fcm hocalar\u0131m\u0131z\u0131 sayg\u0131 ve minnetle an\u0131yorum. Ya\u015fayan hocalar\u0131m\u0131za da selam ve sayg\u0131lar\u0131m\u0131 sunuyorum. Akdeniz \u00dcniversitesi&#8217;ni neredeyse kurulu\u015fundan itibaren tan\u0131yan biri olarak, \u00fcniversitenin T\u00fcrkiye \u00e7ap\u0131nda, hatta d\u00fcnya \u00e7ap\u0131nda bir geli\u015fim g\u00f6sterdi\u011fine \u015fahit oldum. \u00d6zellikle son y\u0131llarda, bu ilerleme dikkat \u00e7ekici bir boyuta ula\u015ft\u0131\u201d \u015feklinde konu\u015ftu.<\/p>\n<p>\u201cT\u00dcM SA\u011eLIK\u00c7ILARA G\u00d6N\u00dcLDEN TE\u015eEKK\u00dcR ED\u0130YORUM\u201d<\/p>\n<p>Akdeniz \u00dcniversitesi T\u0131p Fak\u00fcltesi Dekan\u0131 Prof. Dr. Ye\u015fim \u015eenol ise yapt\u0131\u011f\u0131 konu\u015fmada, \u201c1919 y\u0131l\u0131nda, \u0130stanbul i\u015fgal alt\u0131ndayken, t\u0131p \u00f6\u011frencileri ve hekimler vatan sevgisiyle i\u015fgale kar\u015f\u0131 seslerini y\u00fckseltmi\u015f, ba\u011f\u0131ms\u0131zl\u0131k, m\u00fccadelesinde \u00f6n saflarda yer alm\u0131\u015ft\u0131r. O g\u00fcnden sonra T\u0131p Bayram\u0131, yaln\u0131zca bir meslek g\u00fcn\u00fc de\u011fil; ayn\u0131 zamanda vatanseverli\u011fin, ba\u011f\u0131ms\u0131zl\u0131\u011f\u0131n ruhunun simgesi h\u00e2line geldi. Bug\u00fcn burada bu anlaml\u0131 g\u00fcn\u00fc kutlarken, sadece bir mesle\u011fi de\u011fil; insan hayat\u0131na duyulan sayg\u0131y\u0131, bilime olan ba\u011fl\u0131l\u0131\u011f\u0131 ve meslekta\u015flar\u0131m\u0131z\u0131n \u00f6zverisini kutluyoruz. \u00a0\u0130nsan sa\u011fl\u0131\u011f\u0131n\u0131 her \u015feyin \u00fcst\u00fcnde tutan, gece g\u00fcnd\u00fcz demeden \u00e7al\u0131\u015fan t\u00fcm sa\u011fl\u0131k \u00e7al\u0131\u015fanlar\u0131na g\u00f6n\u00fclden te\u015fekk\u00fcr ediyorum\u201d ifadelerini kulland\u0131.<\/p>\n<p>\u00d6\u011eRENC\u0130LERE BELGELER\u0130 TAKD\u0130M ED\u0130LD\u0130<\/p>\n<p>T\u0131p Fak\u00fcltesi D\u00f6nem 4 \u00f6\u011frencisi Enes Bu\u011fra Do\u011fan\u2019\u0131n da bir konu\u015fma yapt\u0131\u011f\u0131 t\u00f6rende, t\u0131p e\u011fitiminin kalitesini art\u0131rmak i\u00e7in \u00e7aba g\u00f6stererek akreditasyon belgesi alan anabilim ve bilim dallar\u0131na te\u015fekk\u00fcr belgeleri takdim edilirken, T\u0131p Fak\u00fcltesi \u00f6\u011frencileri aras\u0131nda d\u00fczenlenen vaka \u00e7\u00f6z\u00fcmleme, temel ya\u015fam deste\u011fi rallisi ve proje yar\u0131\u015fmas\u0131n\u0131n kazananlar\u0131 \u00f6d\u00fcllendirildi. Ayr\u0131ca basketbol, voleybol ve masa tenisi turnuvalar\u0131nda dereceye giren \u00f6\u011frencilere madalyalar\u0131 verildi. Kutlama t\u00f6reni, toplu foto\u011fraf \u00e7ekimiyle sona erdi.<\/p>\n<p>\u200bAkdeniz \u00dcniversitesi\u2019nde 14 Mart T\u0131p Bayram\u0131\u2019na \u00f6zel kutlama ger\u00e7ekle\u015ftirildi. Burada hekimler ve T\u0131p Fak\u00fcltesi \u00f6\u011frencileri ile bir araya gelen Akdeniz \u00dcniversitesi Rekt\u00f6r\u00fc Prof. Dr. \u00d6zlenen \u00d6zkan, \u201c\u0130nsan sa\u011fl\u0131\u011f\u0131n\u0131 her \u015feyin \u00fcst\u00fcnde tutan, gece g\u00fcnd\u00fcz demeden \u00e7al\u0131\u015fan t\u00fcm sa\u011fl\u0131k \u00e7al\u0131\u015fanlar\u0131na g\u00f6n\u00fclden te\u015fekk\u00fcr ediyorum\u201d dedi.\u00a0<\/p>\n<p>\u200bHaberin Al\u0131nt\u0131land\u0131\u011f\u0131 Kaynak: www.antalyakorfez.com<\/p>","protected":false},"excerpt":{"rendered":"<p>Akdeniz \u00dcniversitesi\u2019nde 14 Mart T\u0131p Bayram\u0131 co\u015fkuyla kutland\u0131. Atat\u00fcrk Konferans Salonu\u2019nda d\u00fczenlenen t\u00f6rene Akdeniz \u00dcniversitesi Rekt\u00f6r\u00fc Prof. Dr. \u00d6zlenen \u00d6zkan, Rekt\u00f6r Yard\u0131mc\u0131lar\u0131 Prof. Dr. Ay\u015fe G\u00fclbin Ar\u0131c\u0131, Prof. Dr. \u015e\u00fckr\u00fc \u00d6zen, Prof. Dr. Cengiz Toker, T\u0131p Fak\u00fcltesi Dekan\u0131 Prof. Dr. Ye\u015fim \u015eenol, Antalya Tabip Odas\u0131 Ba\u015fkan\u0131 Dr. H\u00fcseyin Can Ert\u00fcrk, hekimler ve T\u0131p Fak\u00fcltesi \u00f6\u011frencileri kat\u0131ld\u0131. \u201cM\u0130LL\u0130 M\u00dcCADELE, TIBB\u0130YEL\u0130LER\u0130N MAN\u0130FESTOSU ASLINDA\u201d 14 Mart T\u0131p Bayram\u0131\u2019n\u0131n \u00f6nemine de\u011finen Akdeniz \u00dcniversitesi Rekt\u00f6r\u00fc Prof. Dr. \u00d6zlenen \u00d6zkan, \u201cBug\u00fcn\u00fcn bence en \u00f6nemli \u00f6zelli\u011fi ulusal bir bayram olmas\u0131d\u0131r. Milli M\u00fccadele, t\u0131bbiyelilerin manifestosu asl\u0131nda. Bu anlamda buradan \u015funu g\u00f6r\u00fcyoruz ki, t\u0131p\u00e7\u0131lar, hakikaten m\u00fccadeleci insanlar. Her yerde bunu g\u00f6r\u00fcyorsunuz. Sahada, veremde, korona vir\u00fcste, depremde bunu ya\u015fad\u0131k. Herhalde m\u00fccadeleci karakterler t\u0131p mesle\u011fini se\u00e7iyorlar diye d\u00fc\u015f\u00fcn\u00fcyorum. G\u00f6rd\u00fc\u011f\u00fcm de genel olarak b\u00f6yle. T\u0131p \u00e7ok \u00f6nemli, \u00e7ok g\u00fczel bir meslek.\u201d dedi. \u201cDOKTORLUK D\u00dcNYANIN EN G\u00dcZEL MESLE\u011e\u0130\u201d Akdeniz \u00dcniversitesi\u2019nde e\u011fitim g\u00f6ren \u00f6\u011frencilerin \u00e7ok \u015fansl\u0131 oldu\u011funun alt\u0131n\u0131 \u00e7izen Prof. Dr. \u00d6zlenen \u00d6zkan, \u201cDoktorluk, D\u00fcnya\u2019n\u0131n en g\u00fczel mesle\u011fi bence yani daha ikinci meslek d\u00fc\u015f\u00fcnemiyorum. D\u00fcnyan\u0131n en g\u00fczel kost\u00fcm\u00fc herhalde bu beyaz \u00f6nl\u00fck. Bu anlamda \u00e7ok \u015fansl\u0131s\u0131n\u0131z arkada\u015flar. \u00c7ok g\u00fczel bir mesle\u011fe sahip olacaks\u0131n\u0131z. M\u00fcstakbel doktorlar olacaks\u0131n\u0131z. Doktora adaylar\u0131 olarak \u015fu anda \u00e7ok g\u00fczel bir yerdesiniz. Akdeniz \u00dcniversitesi ger\u00e7ekten hocalar\u0131m\u0131zla fedakar \u00e7al\u0131\u015ft\u0131\u011f\u0131m\u0131z, e\u011fitiminiz i\u00e7in \u00e7al\u0131\u015ft\u0131\u011f\u0131m\u0131z &hellip;<\/p>","protected":false},"author":5,"featured_media":0,"comment_status":"closed","ping_status":"open","sticky":false,"template":"","format":"standard","meta":{"_acf_changed":false,"footnotes":""},"categories":[24],"tags":[],"class_list":["post-35705","post","type-post","status-publish","format-standard","has-post-thumbnail","hentry","category-gundem"],"acf":[],"yoast_head":"<!-- This site is optimized with the Yoast SEO Premium plugin v26.6 (Yoast SEO v27.1.1) - https:\/\/yoast.com\/product\/yoast-seo-premium-wordpress\/ -->\n<title>Akdeniz \u00dcniversite\u2019sinde 14 Mart T\u0131p Bayram\u0131 co\u015fkuyla kutland\u0131 - Av. Deniz Can K\u0131z\u0131l<\/title>\n<meta name=\"robots\" content=\"index, follow, max-snippet:-1, max-image-preview:large, max-video-preview:-1\" \/>\n<link rel=\"canonical\" href=\"https:\/\/denizcankizil.tr\/de\/haberler\/gundem\/akdeniz-universitesinde-14-mart-tip-bayrami-coskuyla-kutlandi\/\" \/>\n<meta property=\"og:locale\" content=\"de_DE\" \/>\n<meta property=\"og:type\" content=\"article\" \/>\n<meta property=\"og:title\" content=\"Akdeniz \u00dcniversite\u2019sinde 14 Mart T\u0131p Bayram\u0131 co\u015fkuyla kutland\u0131\" \/>\n<meta property=\"og:description\" content=\"Akdeniz \u00dcniversitesi\u2019nde 14 Mart T\u0131p Bayram\u0131 co\u015fkuyla kutland\u0131. Atat\u00fcrk Konferans Salonu\u2019nda d\u00fczenlenen t\u00f6rene Akdeniz \u00dcniversitesi Rekt\u00f6r\u00fc Prof. Dr. \u00d6zlenen \u00d6zkan, Rekt\u00f6r Yard\u0131mc\u0131lar\u0131 Prof. Dr. Ay\u015fe G\u00fclbin Ar\u0131c\u0131, Prof. Dr. \u015e\u00fckr\u00fc \u00d6zen, Prof. Dr. Cengiz Toker, T\u0131p Fak\u00fcltesi Dekan\u0131 Prof. Dr. Ye\u015fim \u015eenol, Antalya Tabip Odas\u0131 Ba\u015fkan\u0131 Dr. H\u00fcseyin Can Ert\u00fcrk, hekimler ve T\u0131p Fak\u00fcltesi \u00f6\u011frencileri kat\u0131ld\u0131. \u201cM\u0130LL\u0130 M\u00dcCADELE, TIBB\u0130YEL\u0130LER\u0130N MAN\u0130FESTOSU ASLINDA\u201d 14 Mart T\u0131p Bayram\u0131\u2019n\u0131n \u00f6nemine de\u011finen Akdeniz \u00dcniversitesi Rekt\u00f6r\u00fc Prof. Dr. \u00d6zlenen \u00d6zkan, \u201cBug\u00fcn\u00fcn bence en \u00f6nemli \u00f6zelli\u011fi ulusal bir bayram olmas\u0131d\u0131r. Milli M\u00fccadele, t\u0131bbiyelilerin manifestosu asl\u0131nda. Bu anlamda buradan \u015funu g\u00f6r\u00fcyoruz ki, t\u0131p\u00e7\u0131lar, hakikaten m\u00fccadeleci insanlar. Her yerde bunu g\u00f6r\u00fcyorsunuz. Sahada, veremde, korona vir\u00fcste, depremde bunu ya\u015fad\u0131k. Herhalde m\u00fccadeleci karakterler t\u0131p mesle\u011fini se\u00e7iyorlar diye d\u00fc\u015f\u00fcn\u00fcyorum. G\u00f6rd\u00fc\u011f\u00fcm de genel olarak b\u00f6yle. T\u0131p \u00e7ok \u00f6nemli, \u00e7ok g\u00fczel bir meslek.\u201d dedi. \u201cDOKTORLUK D\u00dcNYANIN EN G\u00dcZEL MESLE\u011e\u0130\u201d Akdeniz \u00dcniversitesi\u2019nde e\u011fitim g\u00f6ren \u00f6\u011frencilerin \u00e7ok \u015fansl\u0131 oldu\u011funun alt\u0131n\u0131 \u00e7izen Prof. Dr. \u00d6zlenen \u00d6zkan, \u201cDoktorluk, D\u00fcnya\u2019n\u0131n en g\u00fczel mesle\u011fi bence yani daha ikinci meslek d\u00fc\u015f\u00fcnemiyorum. D\u00fcnyan\u0131n en g\u00fczel kost\u00fcm\u00fc herhalde bu beyaz \u00f6nl\u00fck. Bu anlamda \u00e7ok \u015fansl\u0131s\u0131n\u0131z arkada\u015flar. \u00c7ok g\u00fczel bir mesle\u011fe sahip olacaks\u0131n\u0131z. M\u00fcstakbel doktorlar olacaks\u0131n\u0131z. Doktora adaylar\u0131 olarak \u015fu anda \u00e7ok g\u00fczel bir yerdesiniz. Akdeniz \u00dcniversitesi ger\u00e7ekten hocalar\u0131m\u0131zla fedakar \u00e7al\u0131\u015ft\u0131\u011f\u0131m\u0131z, e\u011fitiminiz i\u00e7in \u00e7al\u0131\u015ft\u0131\u011f\u0131m\u0131z &hellip;\" \/>\n<meta property=\"og:url\" content=\"https:\/\/denizcankizil.tr\/de\/haberler\/gundem\/akdeniz-universitesinde-14-mart-tip-bayrami-coskuyla-kutlandi\/\" \/>\n<meta property=\"og:site_name\" content=\"Av. Deniz Can K\u0131z\u0131l\" \/>\n<meta property=\"article:published_time\" content=\"2025-03-14T15:41:18+00:00\" \/>\n<meta property=\"article:modified_time\" content=\"2025-03-15T21:42:11+00:00\" \/>\n<meta name=\"author\" content=\"Antalya K\u00f6rfez\" \/>\n<meta name=\"twitter:card\" content=\"summary_large_image\" \/>\n<meta name=\"twitter:label1\" content=\"Verfasst von\" \/>\n\t<meta name=\"twitter:data1\" content=\"Antalya K\u00f6rfez\" \/>\n\t<meta name=\"twitter:label2\" content=\"Gesch\u00e4tzte Lesezeit\" \/>\n\t<meta name=\"twitter:data2\" content=\"5\u00a0Minuten\" \/>\n<script type=\"application\/ld+json\" class=\"yoast-schema-graph\">{\"@context\":\"https:\/\/schema.org\",\"@graph\":[{\"@type\":\"Article\",\"@id\":\"https:\/\/denizcankizil.tr\/de\/haberler\/gundem\/akdeniz-universitesinde-14-mart-tip-bayrami-coskuyla-kutlandi\/#article\",\"isPartOf\":{\"@id\":\"https:\/\/denizcankizil.tr\/de\/haberler\/gundem\/akdeniz-universitesinde-14-mart-tip-bayrami-coskuyla-kutlandi\/\"},\"author\":{\"name\":\"Antalya K\u00f6rfez\",\"@id\":\"https:\/\/denizcankizil.tr\/#\/schema\/person\/e1eb71bb4dd684d46563f0af307e1234\"},\"headline\":\"Akdeniz \u00dcniversite\u2019sinde 14 Mart T\u0131p Bayram\u0131 co\u015fkuyla kutland\u0131\",\"datePublished\":\"2025-03-14T15:41:18+00:00\",\"dateModified\":\"2025-03-15T21:42:11+00:00\",\"mainEntityOfPage\":{\"@id\":\"https:\/\/denizcankizil.tr\/de\/haberler\/gundem\/akdeniz-universitesinde-14-mart-tip-bayrami-coskuyla-kutlandi\/\"},\"wordCount\":990,\"publisher\":{\"@id\":\"https:\/\/denizcankizil.tr\/#organization\"},\"articleSection\":[\"G\u00fcndem\"],\"inLanguage\":\"de\"},{\"@type\":\"WebPage\",\"@id\":\"https:\/\/denizcankizil.tr\/de\/haberler\/gundem\/akdeniz-universitesinde-14-mart-tip-bayrami-coskuyla-kutlandi\/\",\"url\":\"https:\/\/denizcankizil.tr\/de\/haberler\/gundem\/akdeniz-universitesinde-14-mart-tip-bayrami-coskuyla-kutlandi\/\",\"name\":\"Akdeniz \u00dcniversite\u2019sinde 14 Mart T\u0131p Bayram\u0131 co\u015fkuyla kutland\u0131 - Av. Deniz Can K\u0131z\u0131l\",\"isPartOf\":{\"@id\":\"https:\/\/denizcankizil.tr\/#website\"},\"datePublished\":\"2025-03-14T15:41:18+00:00\",\"dateModified\":\"2025-03-15T21:42:11+00:00\",\"breadcrumb\":{\"@id\":\"https:\/\/denizcankizil.tr\/de\/haberler\/gundem\/akdeniz-universitesinde-14-mart-tip-bayrami-coskuyla-kutlandi\/#breadcrumb\"},\"inLanguage\":\"de\",\"potentialAction\":[{\"@type\":\"ReadAction\",\"target\":[\"https:\/\/denizcankizil.tr\/de\/haberler\/gundem\/akdeniz-universitesinde-14-mart-tip-bayrami-coskuyla-kutlandi\/\"]}]},{\"@type\":\"BreadcrumbList\",\"@id\":\"https:\/\/denizcankizil.tr\/de\/haberler\/gundem\/akdeniz-universitesinde-14-mart-tip-bayrami-coskuyla-kutlandi\/#breadcrumb\",\"itemListElement\":[{\"@type\":\"ListItem\",\"position\":1,\"name\":\"Home\",\"item\":\"https:\/\/denizcankizil.tr\/de\/\"},{\"@type\":\"ListItem\",\"position\":2,\"name\":\"Akdeniz \u00dcniversite\u2019sinde 14 Mart T\u0131p Bayram\u0131 co\u015fkuyla kutland\u0131\"}]},{\"@type\":\"WebSite\",\"@id\":\"https:\/\/denizcankizil.tr\/#website\",\"url\":\"https:\/\/denizcankizil.tr\/\",\"name\":\"Av. Deniz Can K\u0131z\u0131l\",\"description\":\"Avukat Deniz Can K\u0131z\u0131l Antalya Barosu\",\"publisher\":{\"@id\":\"https:\/\/denizcankizil.tr\/#organization\"},\"potentialAction\":[{\"@type\":\"SearchAction\",\"target\":{\"@type\":\"EntryPoint\",\"urlTemplate\":\"https:\/\/denizcankizil.tr\/?s={search_term_string}\"},\"query-input\":{\"@type\":\"PropertyValueSpecification\",\"valueRequired\":true,\"valueName\":\"search_term_string\"}}],\"inLanguage\":\"de\"},{\"@type\":\"Organization\",\"@id\":\"https:\/\/denizcankizil.tr\/#organization\",\"name\":\"Av. Deniz Can K\u0131z\u0131l\",\"url\":\"https:\/\/denizcankizil.tr\/\",\"logo\":{\"@type\":\"ImageObject\",\"inLanguage\":\"de\",\"@id\":\"https:\/\/denizcankizil.tr\/#\/schema\/logo\/image\/\",\"url\":\"https:\/\/denizcankizil.tr\/wp-content\/uploads\/2024\/10\/siyah-logo-svg.svg\",\"contentUrl\":\"https:\/\/denizcankizil.tr\/wp-content\/uploads\/2024\/10\/siyah-logo-svg.svg\",\"width\":1080,\"height\":1080,\"caption\":\"Av. Deniz Can K\u0131z\u0131l\"},\"image\":{\"@id\":\"https:\/\/denizcankizil.tr\/#\/schema\/logo\/image\/\"}},{\"@type\":\"Person\",\"@id\":\"https:\/\/denizcankizil.tr\/#\/schema\/person\/e1eb71bb4dd684d46563f0af307e1234\",\"name\":\"Antalya K\u00f6rfez\",\"image\":{\"@type\":\"ImageObject\",\"inLanguage\":\"de\",\"@id\":\"https:\/\/denizcankizil.tr\/#\/schema\/person\/image\/\",\"url\":\"https:\/\/secure.gravatar.com\/avatar\/42b01982558a48a0b501fdcab6a408d3717ea5919095ee2e67b0e521799c5905?s=96&d=mm&r=g\",\"contentUrl\":\"https:\/\/secure.gravatar.com\/avatar\/42b01982558a48a0b501fdcab6a408d3717ea5919095ee2e67b0e521799c5905?s=96&d=mm&r=g\",\"caption\":\"Antalya K\u00f6rfez\"},\"sameAs\":[\"http:\/\/www.antalyakorfez.com\"],\"url\":\"https:\/\/www.antalyakorfez.com\/akdeniz-universitesinde-14-mart-tip-bayrami-coskuyla-kutlandi\"}]}<\/script>\n<!-- \/ Yoast SEO Premium plugin. -->","yoast_head_json":{"title":"Akdeniz \u00dcniversite\u2019sinde 14 Mart T\u0131p Bayram\u0131 co\u015fkuyla kutland\u0131 - Av. Deniz Can K\u0131z\u0131l","robots":{"index":"index","follow":"follow","max-snippet":"max-snippet:-1","max-image-preview":"max-image-preview:large","max-video-preview":"max-video-preview:-1"},"canonical":"https:\/\/denizcankizil.tr\/de\/haberler\/gundem\/akdeniz-universitesinde-14-mart-tip-bayrami-coskuyla-kutlandi\/","og_locale":"de_DE","og_type":"article","og_title":"Akdeniz \u00dcniversite\u2019sinde 14 Mart T\u0131p Bayram\u0131 co\u015fkuyla kutland\u0131","og_description":"Akdeniz \u00dcniversitesi\u2019nde 14 Mart T\u0131p Bayram\u0131 co\u015fkuyla kutland\u0131. Atat\u00fcrk Konferans Salonu\u2019nda d\u00fczenlenen t\u00f6rene Akdeniz \u00dcniversitesi Rekt\u00f6r\u00fc Prof. Dr. \u00d6zlenen \u00d6zkan, Rekt\u00f6r Yard\u0131mc\u0131lar\u0131 Prof. Dr. Ay\u015fe G\u00fclbin Ar\u0131c\u0131, Prof. Dr. \u015e\u00fckr\u00fc \u00d6zen, Prof. Dr. Cengiz Toker, T\u0131p Fak\u00fcltesi Dekan\u0131 Prof. Dr. Ye\u015fim \u015eenol, Antalya Tabip Odas\u0131 Ba\u015fkan\u0131 Dr. H\u00fcseyin Can Ert\u00fcrk, hekimler ve T\u0131p Fak\u00fcltesi \u00f6\u011frencileri kat\u0131ld\u0131. \u201cM\u0130LL\u0130 M\u00dcCADELE, TIBB\u0130YEL\u0130LER\u0130N MAN\u0130FESTOSU ASLINDA\u201d 14 Mart T\u0131p Bayram\u0131\u2019n\u0131n \u00f6nemine de\u011finen Akdeniz \u00dcniversitesi Rekt\u00f6r\u00fc Prof. Dr. \u00d6zlenen \u00d6zkan, \u201cBug\u00fcn\u00fcn bence en \u00f6nemli \u00f6zelli\u011fi ulusal bir bayram olmas\u0131d\u0131r. Milli M\u00fccadele, t\u0131bbiyelilerin manifestosu asl\u0131nda. Bu anlamda buradan \u015funu g\u00f6r\u00fcyoruz ki, t\u0131p\u00e7\u0131lar, hakikaten m\u00fccadeleci insanlar. Her yerde bunu g\u00f6r\u00fcyorsunuz. Sahada, veremde, korona vir\u00fcste, depremde bunu ya\u015fad\u0131k. Herhalde m\u00fccadeleci karakterler t\u0131p mesle\u011fini se\u00e7iyorlar diye d\u00fc\u015f\u00fcn\u00fcyorum. G\u00f6rd\u00fc\u011f\u00fcm de genel olarak b\u00f6yle. T\u0131p \u00e7ok \u00f6nemli, \u00e7ok g\u00fczel bir meslek.\u201d dedi. \u201cDOKTORLUK D\u00dcNYANIN EN G\u00dcZEL MESLE\u011e\u0130\u201d Akdeniz \u00dcniversitesi\u2019nde e\u011fitim g\u00f6ren \u00f6\u011frencilerin \u00e7ok \u015fansl\u0131 oldu\u011funun alt\u0131n\u0131 \u00e7izen Prof. Dr. \u00d6zlenen \u00d6zkan, \u201cDoktorluk, D\u00fcnya\u2019n\u0131n en g\u00fczel mesle\u011fi bence yani daha ikinci meslek d\u00fc\u015f\u00fcnemiyorum. D\u00fcnyan\u0131n en g\u00fczel kost\u00fcm\u00fc herhalde bu beyaz \u00f6nl\u00fck. Bu anlamda \u00e7ok \u015fansl\u0131s\u0131n\u0131z arkada\u015flar. \u00c7ok g\u00fczel bir mesle\u011fe sahip olacaks\u0131n\u0131z. M\u00fcstakbel doktorlar olacaks\u0131n\u0131z. Doktora adaylar\u0131 olarak \u015fu anda \u00e7ok g\u00fczel bir yerdesiniz. Akdeniz \u00dcniversitesi ger\u00e7ekten hocalar\u0131m\u0131zla fedakar \u00e7al\u0131\u015ft\u0131\u011f\u0131m\u0131z, e\u011fitiminiz i\u00e7in \u00e7al\u0131\u015ft\u0131\u011f\u0131m\u0131z &hellip;","og_url":"https:\/\/denizcankizil.tr\/de\/haberler\/gundem\/akdeniz-universitesinde-14-mart-tip-bayrami-coskuyla-kutlandi\/","og_site_name":"Av. Deniz Can K\u0131z\u0131l","article_published_time":"2025-03-14T15:41:18+00:00","article_modified_time":"2025-03-15T21:42:11+00:00","author":"Antalya K\u00f6rfez","twitter_card":"summary_large_image","twitter_misc":{"Verfasst von":"Antalya K\u00f6rfez","Gesch\u00e4tzte Lesezeit":"5\u00a0Minuten"},"schema":{"@context":"https:\/\/schema.org","@graph":[{"@type":"Article","@id":"https:\/\/denizcankizil.tr\/de\/haberler\/gundem\/akdeniz-universitesinde-14-mart-tip-bayrami-coskuyla-kutlandi\/#article","isPartOf":{"@id":"https:\/\/denizcankizil.tr\/de\/haberler\/gundem\/akdeniz-universitesinde-14-mart-tip-bayrami-coskuyla-kutlandi\/"},"author":{"name":"Antalya K\u00f6rfez","@id":"https:\/\/denizcankizil.tr\/#\/schema\/person\/e1eb71bb4dd684d46563f0af307e1234"},"headline":"Akdeniz \u00dcniversite\u2019sinde 14 Mart T\u0131p Bayram\u0131 co\u015fkuyla kutland\u0131","datePublished":"2025-03-14T15:41:18+00:00","dateModified":"2025-03-15T21:42:11+00:00","mainEntityOfPage":{"@id":"https:\/\/denizcankizil.tr\/de\/haberler\/gundem\/akdeniz-universitesinde-14-mart-tip-bayrami-coskuyla-kutlandi\/"},"wordCount":990,"publisher":{"@id":"https:\/\/denizcankizil.tr\/#organization"},"articleSection":["G\u00fcndem"],"inLanguage":"de"},{"@type":"WebPage","@id":"https:\/\/denizcankizil.tr\/de\/haberler\/gundem\/akdeniz-universitesinde-14-mart-tip-bayrami-coskuyla-kutlandi\/","url":"https:\/\/denizcankizil.tr\/de\/haberler\/gundem\/akdeniz-universitesinde-14-mart-tip-bayrami-coskuyla-kutlandi\/","name":"Akdeniz \u00dcniversite\u2019sinde 14 Mart T\u0131p Bayram\u0131 co\u015fkuyla kutland\u0131 - Av. Deniz Can K\u0131z\u0131l","isPartOf":{"@id":"https:\/\/denizcankizil.tr\/#website"},"datePublished":"2025-03-14T15:41:18+00:00","dateModified":"2025-03-15T21:42:11+00:00","breadcrumb":{"@id":"https:\/\/denizcankizil.tr\/de\/haberler\/gundem\/akdeniz-universitesinde-14-mart-tip-bayrami-coskuyla-kutlandi\/#breadcrumb"},"inLanguage":"de","potentialAction":[{"@type":"ReadAction","target":["https:\/\/denizcankizil.tr\/de\/haberler\/gundem\/akdeniz-universitesinde-14-mart-tip-bayrami-coskuyla-kutlandi\/"]}]},{"@type":"BreadcrumbList","@id":"https:\/\/denizcankizil.tr\/de\/haberler\/gundem\/akdeniz-universitesinde-14-mart-tip-bayrami-coskuyla-kutlandi\/#breadcrumb","itemListElement":[{"@type":"ListItem","position":1,"name":"Home","item":"https:\/\/denizcankizil.tr\/de\/"},{"@type":"ListItem","position":2,"name":"Akdeniz \u00dcniversite\u2019sinde 14 Mart T\u0131p Bayram\u0131 co\u015fkuyla kutland\u0131"}]},{"@type":"WebSite","@id":"https:\/\/denizcankizil.tr\/#website","url":"https:\/\/denizcankizil.tr\/","name":"Av. Deniz Can K\u0131z\u0131l","description":"Avukat Deniz Can K\u0131z\u0131l Antalya Barosu","publisher":{"@id":"https:\/\/denizcankizil.tr\/#organization"},"potentialAction":[{"@type":"SearchAction","target":{"@type":"EntryPoint","urlTemplate":"https:\/\/denizcankizil.tr\/?s={search_term_string}"},"query-input":{"@type":"PropertyValueSpecification","valueRequired":true,"valueName":"search_term_string"}}],"inLanguage":"de"},{"@type":"Organization","@id":"https:\/\/denizcankizil.tr\/#organization","name":"Av. Deniz Can K\u0131z\u0131l","url":"https:\/\/denizcankizil.tr\/","logo":{"@type":"ImageObject","inLanguage":"de","@id":"https:\/\/denizcankizil.tr\/#\/schema\/logo\/image\/","url":"https:\/\/denizcankizil.tr\/wp-content\/uploads\/2024\/10\/siyah-logo-svg.svg","contentUrl":"https:\/\/denizcankizil.tr\/wp-content\/uploads\/2024\/10\/siyah-logo-svg.svg","width":1080,"height":1080,"caption":"Av. Deniz Can K\u0131z\u0131l"},"image":{"@id":"https:\/\/denizcankizil.tr\/#\/schema\/logo\/image\/"}},{"@type":"Person","@id":"https:\/\/denizcankizil.tr\/#\/schema\/person\/e1eb71bb4dd684d46563f0af307e1234","name":"Antalya K\u00f6rfez","image":{"@type":"ImageObject","inLanguage":"de","@id":"https:\/\/denizcankizil.tr\/#\/schema\/person\/image\/","url":"https:\/\/secure.gravatar.com\/avatar\/42b01982558a48a0b501fdcab6a408d3717ea5919095ee2e67b0e521799c5905?s=96&d=mm&r=g","contentUrl":"https:\/\/secure.gravatar.com\/avatar\/42b01982558a48a0b501fdcab6a408d3717ea5919095ee2e67b0e521799c5905?s=96&d=mm&r=g","caption":"Antalya K\u00f6rfez"},"sameAs":["http:\/\/www.antalyakorfez.com"],"url":"https:\/\/www.antalyakorfez.com\/akdeniz-universitesinde-14-mart-tip-bayrami-coskuyla-kutlandi"}]}},"_links":{"self":[{"href":"https:\/\/denizcankizil.tr\/de\/wp-json\/wp\/v2\/posts\/35705","targetHints":{"allow":["GET"]}}],"collection":[{"href":"https:\/\/denizcankizil.tr\/de\/wp-json\/wp\/v2\/posts"}],"about":[{"href":"https:\/\/denizcankizil.tr\/de\/wp-json\/wp\/v2\/types\/post"}],"author":[{"embeddable":true,"href":"https:\/\/denizcankizil.tr\/de\/wp-json\/wp\/v2\/users\/5"}],"replies":[{"embeddable":true,"href":"https:\/\/denizcankizil.tr\/de\/wp-json\/wp\/v2\/comments?post=35705"}],"version-history":[{"count":1,"href":"https:\/\/denizcankizil.tr\/de\/wp-json\/wp\/v2\/posts\/35705\/revisions"}],"predecessor-version":[{"id":35814,"href":"https:\/\/denizcankizil.tr\/de\/wp-json\/wp\/v2\/posts\/35705\/revisions\/35814"}],"wp:attachment":[{"href":"https:\/\/denizcankizil.tr\/de\/wp-json\/wp\/v2\/media?parent=35705"}],"wp:term":[{"taxonomy":"category","embeddable":true,"href":"https:\/\/denizcankizil.tr\/de\/wp-json\/wp\/v2\/categories?post=35705"},{"taxonomy":"post_tag","embeddable":true,"href":"https:\/\/denizcankizil.tr\/de\/wp-json\/wp\/v2\/tags?post=35705"}],"curies":[{"name":"wp","href":"https:\/\/api.w.org\/{rel}","templated":true}]}}