{"id":35530,"date":"2025-03-12T23:41:15","date_gmt":"2025-03-12T20:41:15","guid":{"rendered":"https:\/\/denizcankizil.tr\/uncategorized-tr\/yilan-hikayesine-donen-manavgat-devlet-hastanesi-tbmm-gundeminde\/"},"modified":"2025-03-16T00:43:54","modified_gmt":"2025-03-15T21:43:54","slug":"yilan-hikayesine-donen-manavgat-devlet-hastanesi-tbmm-gundeminde","status":"publish","type":"post","link":"https:\/\/denizcankizil.tr\/de\/haberler\/gundem\/yilan-hikayesine-donen-manavgat-devlet-hastanesi-tbmm-gundeminde\/","title":{"rendered":"Y\u0131lan hik\u00e2yesine d\u00f6nen Manavgat Devlet Hastanesi TBMM g\u00fcndeminde"},"content":{"rendered":"<p>Antalya\u2019n\u0131n Manavgat il\u00e7esinde in\u015faat\u0131nda 17 \u015eubat 2023 tarihinde ba\u015flanan ve 2025 y\u0131l\u0131nda bitmesi planlanan Yeni Manavgat Devlet Hastanesi\u2019nin yap\u0131m\u0131 y\u0131lan hikayesine d\u00f6nd\u00fc. 1 Ocak 2025 tarihinde tamamlanmas\u0131 planlanan hastanenin ge\u00e7ti\u011fimiz aylarda in\u015faat\u0131 durulmu\u015ftu. 3 Kas\u0131m 2024 tarihinde CHP Antalya Milletvekili Aliye Co\u015far, yapt\u0131\u011f\u0131 a\u00e7\u0131klamada, hastaneni yap\u0131laca\u011f\u0131 zeminin batakl\u0131k oldu\u011funu ve bu y\u00fczden o alan\u0131n hastane yapan\u0131ma uygun olmad\u0131\u011f\u0131 i\u00e7in in\u015faat\u0131n duruldu\u011funu a\u00e7\u0131klam\u0131\u015ft\u0131.\u00a0<\/p>\n<p>TEKRARDAN MECL\u0130S G\u00dcNDEM\u0130NE GELD\u0130\u00a0<\/p>\n<p>\u0130n\u015faat\u0131 durdurulan ve yap\u0131m\u0131 y\u0131lan hikayesine d\u00f6nen Manavgat Devlet Hastanesi tekrardan T\u00fcrkiye B\u00fcy\u00fck Millet Meclisi g\u00fcndemine ta\u015f\u0131nd\u0131. CHP\u2019li Co\u015far, Manavgat\u2019\u0131n hala donan\u0131ml\u0131 bir hastaneye ihtiyac\u0131 oldu\u011funu belirterek, \u201cManavgat&#8217;\u0131n tam donan\u0131ml\u0131 hastane ihtiyac\u0131 h\u00e2l\u00e2 devam ediyor. 2021 y\u0131l\u0131nda s\u00f6z\u00fc verilen, 2023&#8217;te in\u015faat\u0131na ba\u015flanan ve 16 Ocak 2025 tarihinde bitmesi planlanan yeni Manavgat Devlet Hastanesi in\u015faat\u0131 daha temel atma a\u015famas\u0131nda ve ilerlemiyor\u201d diye konu\u015ftu.\u00a0<\/p>\n<p>\u201c\u00c7\u00d6Z\u00dcM \u00dcRETEM\u0130YOR\u201d<\/p>\n<p>AK Partili vekillerin alan\u0131n yanl\u0131\u015f tercihi oldu\u011funu kabul etti\u011fini ama buna ra\u011fmen \u00e7\u00f6z\u00fcm \u00fcretilmek yerine in\u015faat\u0131n duruldu\u011funa dikkat \u00e7eken Co\u015far, \u201cHastane yeri olarak se\u00e7ilen b\u00f6lgede zemin s\u0131v\u0131la\u015fmas\u0131 oldu\u011funu defalarca dile getirdik. Yeni hastanenin yatak kapasitesini 500&#8217;e \u00e7\u0131kararak ba\u015fka yere yap\u0131n dedik. Dinlemediniz. Kendi vekilleriniz dahi yanl\u0131\u015f zemin tercihini kabul ediyor ancak \u00e7\u00f6z\u00fcm \u00fcretemiyor. \u00a0Manavgat halk\u0131 AKP&#8217;nin hatalar\u0131n\u0131n cezas\u0131n\u0131 \u00e7ekmekten yoruldu. Manavgat halk\u0131 a\u00e7\u0131klama bekliyor\u201d dedi.\u00a0<\/p>\n<p>\u200bCHP Antalya Milletvekili Aliye Co\u015far, yap\u0131m\u0131 y\u0131lan hikayesi d\u00f6nen Manavgat Devlet Hastanesi\u2019ni tekrardan TBMM g\u00fcndemine ta\u015f\u0131nd\u0131. Co\u015far, \u201cManavgat halk\u0131 AKP&#8217;nin hatalar\u0131n\u0131n cezas\u0131n\u0131 \u00e7ekmekten yoruldu. Manavgat halk\u0131 a\u00e7\u0131klama bekliyor\u201d dedi.\u00a0<\/p>\n<p>\u200bHaberin Al\u0131nt\u0131land\u0131\u011f\u0131 Kaynak: www.antalyakorfez.com<\/p>","protected":false},"excerpt":{"rendered":"<p>Antalya\u2019n\u0131n Manavgat il\u00e7esinde in\u015faat\u0131nda 17 \u015eubat 2023 tarihinde ba\u015flanan ve 2025 y\u0131l\u0131nda bitmesi planlanan Yeni Manavgat Devlet Hastanesi\u2019nin yap\u0131m\u0131 y\u0131lan hikayesine d\u00f6nd\u00fc. 1 Ocak 2025 tarihinde tamamlanmas\u0131 planlanan hastanenin ge\u00e7ti\u011fimiz aylarda in\u015faat\u0131 durulmu\u015ftu. 3 Kas\u0131m 2024 tarihinde CHP Antalya Milletvekili Aliye Co\u015far, yapt\u0131\u011f\u0131 a\u00e7\u0131klamada, hastaneni yap\u0131laca\u011f\u0131 zeminin batakl\u0131k oldu\u011funu ve bu y\u00fczden o alan\u0131n hastane yapan\u0131ma uygun olmad\u0131\u011f\u0131 i\u00e7in in\u015faat\u0131n duruldu\u011funu a\u00e7\u0131klam\u0131\u015ft\u0131.\u00a0 TEKRARDAN MECL\u0130S G\u00dcNDEM\u0130NE GELD\u0130\u00a0 \u0130n\u015faat\u0131 durdurulan ve yap\u0131m\u0131 y\u0131lan hikayesine d\u00f6nen Manavgat Devlet Hastanesi tekrardan T\u00fcrkiye B\u00fcy\u00fck Millet Meclisi g\u00fcndemine ta\u015f\u0131nd\u0131. CHP\u2019li Co\u015far, Manavgat\u2019\u0131n hala donan\u0131ml\u0131 bir hastaneye ihtiyac\u0131 oldu\u011funu belirterek, \u201cManavgat&#8217;\u0131n tam donan\u0131ml\u0131 hastane ihtiyac\u0131 h\u00e2l\u00e2 devam ediyor. 2021 y\u0131l\u0131nda s\u00f6z\u00fc verilen, 2023&#8217;te in\u015faat\u0131na ba\u015flanan ve 16 Ocak 2025 tarihinde bitmesi planlanan yeni Manavgat Devlet Hastanesi in\u015faat\u0131 daha temel atma a\u015famas\u0131nda ve ilerlemiyor\u201d diye konu\u015ftu.\u00a0 \u201c\u00c7\u00d6Z\u00dcM \u00dcRETEM\u0130YOR\u201d AK Partili vekillerin alan\u0131n yanl\u0131\u015f tercihi oldu\u011funu kabul etti\u011fini ama buna ra\u011fmen \u00e7\u00f6z\u00fcm \u00fcretilmek yerine in\u015faat\u0131n duruldu\u011funa dikkat \u00e7eken Co\u015far, \u201cHastane yeri olarak se\u00e7ilen b\u00f6lgede zemin s\u0131v\u0131la\u015fmas\u0131 oldu\u011funu defalarca dile getirdik. Yeni hastanenin yatak kapasitesini 500&#8217;e \u00e7\u0131kararak ba\u015fka yere yap\u0131n dedik. Dinlemediniz. Kendi vekilleriniz dahi yanl\u0131\u015f zemin tercihini kabul ediyor ancak \u00e7\u00f6z\u00fcm \u00fcretemiyor. \u00a0Manavgat halk\u0131 AKP&#8217;nin hatalar\u0131n\u0131n cezas\u0131n\u0131 \u00e7ekmekten yoruldu. Manavgat halk\u0131 a\u00e7\u0131klama bekliyor\u201d dedi.\u00a0 \u200bCHP Antalya Milletvekili Aliye Co\u015far, &hellip;<\/p>","protected":false},"author":5,"featured_media":0,"comment_status":"closed","ping_status":"open","sticky":false,"template":"","format":"standard","meta":{"_acf_changed":false,"footnotes":""},"categories":[24],"tags":[],"class_list":["post-35530","post","type-post","status-publish","format-standard","has-post-thumbnail","hentry","category-gundem"],"acf":[],"yoast_head":"<!-- This site is optimized with the Yoast SEO Premium plugin v26.6 (Yoast SEO v27.1.1) - https:\/\/yoast.com\/product\/yoast-seo-premium-wordpress\/ -->\n<title>Y\u0131lan hik\u00e2yesine d\u00f6nen Manavgat Devlet Hastanesi TBMM g\u00fcndeminde - Av. Deniz Can K\u0131z\u0131l<\/title>\n<meta name=\"robots\" content=\"index, follow, max-snippet:-1, max-image-preview:large, max-video-preview:-1\" \/>\n<link rel=\"canonical\" href=\"https:\/\/denizcankizil.tr\/de\/haberler\/gundem\/yilan-hikayesine-donen-manavgat-devlet-hastanesi-tbmm-gundeminde\/\" \/>\n<meta property=\"og:locale\" content=\"de_DE\" \/>\n<meta property=\"og:type\" content=\"article\" \/>\n<meta property=\"og:title\" content=\"Y\u0131lan hik\u00e2yesine d\u00f6nen Manavgat Devlet Hastanesi TBMM g\u00fcndeminde\" \/>\n<meta property=\"og:description\" content=\"Antalya\u2019n\u0131n Manavgat il\u00e7esinde in\u015faat\u0131nda 17 \u015eubat 2023 tarihinde ba\u015flanan ve 2025 y\u0131l\u0131nda bitmesi planlanan Yeni Manavgat Devlet Hastanesi\u2019nin yap\u0131m\u0131 y\u0131lan hikayesine d\u00f6nd\u00fc. 1 Ocak 2025 tarihinde tamamlanmas\u0131 planlanan hastanenin ge\u00e7ti\u011fimiz aylarda in\u015faat\u0131 durulmu\u015ftu. 3 Kas\u0131m 2024 tarihinde CHP Antalya Milletvekili Aliye Co\u015far, yapt\u0131\u011f\u0131 a\u00e7\u0131klamada, hastaneni yap\u0131laca\u011f\u0131 zeminin batakl\u0131k oldu\u011funu ve bu y\u00fczden o alan\u0131n hastane yapan\u0131ma uygun olmad\u0131\u011f\u0131 i\u00e7in in\u015faat\u0131n duruldu\u011funu a\u00e7\u0131klam\u0131\u015ft\u0131.\u00a0 TEKRARDAN MECL\u0130S G\u00dcNDEM\u0130NE GELD\u0130\u00a0 \u0130n\u015faat\u0131 durdurulan ve yap\u0131m\u0131 y\u0131lan hikayesine d\u00f6nen Manavgat Devlet Hastanesi tekrardan T\u00fcrkiye B\u00fcy\u00fck Millet Meclisi g\u00fcndemine ta\u015f\u0131nd\u0131. CHP\u2019li Co\u015far, Manavgat\u2019\u0131n hala donan\u0131ml\u0131 bir hastaneye ihtiyac\u0131 oldu\u011funu belirterek, \u201cManavgat&#8217;\u0131n tam donan\u0131ml\u0131 hastane ihtiyac\u0131 h\u00e2l\u00e2 devam ediyor. 2021 y\u0131l\u0131nda s\u00f6z\u00fc verilen, 2023&#8217;te in\u015faat\u0131na ba\u015flanan ve 16 Ocak 2025 tarihinde bitmesi planlanan yeni Manavgat Devlet Hastanesi in\u015faat\u0131 daha temel atma a\u015famas\u0131nda ve ilerlemiyor\u201d diye konu\u015ftu.\u00a0 \u201c\u00c7\u00d6Z\u00dcM \u00dcRETEM\u0130YOR\u201d AK Partili vekillerin alan\u0131n yanl\u0131\u015f tercihi oldu\u011funu kabul etti\u011fini ama buna ra\u011fmen \u00e7\u00f6z\u00fcm \u00fcretilmek yerine in\u015faat\u0131n duruldu\u011funa dikkat \u00e7eken Co\u015far, \u201cHastane yeri olarak se\u00e7ilen b\u00f6lgede zemin s\u0131v\u0131la\u015fmas\u0131 oldu\u011funu defalarca dile getirdik. Yeni hastanenin yatak kapasitesini 500&#8217;e \u00e7\u0131kararak ba\u015fka yere yap\u0131n dedik. Dinlemediniz. Kendi vekilleriniz dahi yanl\u0131\u015f zemin tercihini kabul ediyor ancak \u00e7\u00f6z\u00fcm \u00fcretemiyor. \u00a0Manavgat halk\u0131 AKP&#8217;nin hatalar\u0131n\u0131n cezas\u0131n\u0131 \u00e7ekmekten yoruldu. Manavgat halk\u0131 a\u00e7\u0131klama bekliyor\u201d dedi.\u00a0 \u200bCHP Antalya Milletvekili Aliye Co\u015far, &hellip;\" \/>\n<meta property=\"og:url\" content=\"https:\/\/denizcankizil.tr\/de\/haberler\/gundem\/yilan-hikayesine-donen-manavgat-devlet-hastanesi-tbmm-gundeminde\/\" \/>\n<meta property=\"og:site_name\" content=\"Av. Deniz Can K\u0131z\u0131l\" \/>\n<meta property=\"article:published_time\" content=\"2025-03-12T20:41:15+00:00\" \/>\n<meta property=\"article:modified_time\" content=\"2025-03-15T21:43:54+00:00\" \/>\n<meta name=\"author\" content=\"Antalya K\u00f6rfez\" \/>\n<meta name=\"twitter:card\" content=\"summary_large_image\" \/>\n<meta name=\"twitter:label1\" content=\"Verfasst von\" \/>\n\t<meta name=\"twitter:data1\" content=\"Antalya K\u00f6rfez\" \/>\n\t<meta name=\"twitter:label2\" content=\"Gesch\u00e4tzte Lesezeit\" \/>\n\t<meta name=\"twitter:data2\" content=\"2\u00a0Minuten\" \/>\n<script type=\"application\/ld+json\" class=\"yoast-schema-graph\">{\"@context\":\"https:\/\/schema.org\",\"@graph\":[{\"@type\":\"Article\",\"@id\":\"https:\/\/denizcankizil.tr\/uk\/haberler\/gundem\/yilan-hikayesine-donen-manavgat-devlet-hastanesi-tbmm-gundeminde\/#article\",\"isPartOf\":{\"@id\":\"https:\/\/denizcankizil.tr\/uk\/haberler\/gundem\/yilan-hikayesine-donen-manavgat-devlet-hastanesi-tbmm-gundeminde\/\"},\"author\":{\"name\":\"Antalya K\u00f6rfez\",\"@id\":\"https:\/\/denizcankizil.tr\/#\/schema\/person\/e1eb71bb4dd684d46563f0af307e1234\"},\"headline\":\"Y\u0131lan hik\u00e2yesine d\u00f6nen Manavgat Devlet Hastanesi TBMM g\u00fcndeminde\",\"datePublished\":\"2025-03-12T20:41:15+00:00\",\"dateModified\":\"2025-03-15T21:43:54+00:00\",\"mainEntityOfPage\":{\"@id\":\"https:\/\/denizcankizil.tr\/uk\/haberler\/gundem\/yilan-hikayesine-donen-manavgat-devlet-hastanesi-tbmm-gundeminde\/\"},\"wordCount\":333,\"publisher\":{\"@id\":\"https:\/\/denizcankizil.tr\/#organization\"},\"articleSection\":[\"G\u00fcndem\"],\"inLanguage\":\"de\"},{\"@type\":\"WebPage\",\"@id\":\"https:\/\/denizcankizil.tr\/uk\/haberler\/gundem\/yilan-hikayesine-donen-manavgat-devlet-hastanesi-tbmm-gundeminde\/\",\"url\":\"https:\/\/denizcankizil.tr\/uk\/haberler\/gundem\/yilan-hikayesine-donen-manavgat-devlet-hastanesi-tbmm-gundeminde\/\",\"name\":\"Y\u0131lan hik\u00e2yesine d\u00f6nen Manavgat Devlet Hastanesi TBMM g\u00fcndeminde - Av. Deniz Can K\u0131z\u0131l\",\"isPartOf\":{\"@id\":\"https:\/\/denizcankizil.tr\/#website\"},\"datePublished\":\"2025-03-12T20:41:15+00:00\",\"dateModified\":\"2025-03-15T21:43:54+00:00\",\"breadcrumb\":{\"@id\":\"https:\/\/denizcankizil.tr\/uk\/haberler\/gundem\/yilan-hikayesine-donen-manavgat-devlet-hastanesi-tbmm-gundeminde\/#breadcrumb\"},\"inLanguage\":\"de\",\"potentialAction\":[{\"@type\":\"ReadAction\",\"target\":[\"https:\/\/denizcankizil.tr\/uk\/haberler\/gundem\/yilan-hikayesine-donen-manavgat-devlet-hastanesi-tbmm-gundeminde\/\"]}]},{\"@type\":\"BreadcrumbList\",\"@id\":\"https:\/\/denizcankizil.tr\/uk\/haberler\/gundem\/yilan-hikayesine-donen-manavgat-devlet-hastanesi-tbmm-gundeminde\/#breadcrumb\",\"itemListElement\":[{\"@type\":\"ListItem\",\"position\":1,\"name\":\"Home\",\"item\":\"https:\/\/denizcankizil.tr\/de\/\"},{\"@type\":\"ListItem\",\"position\":2,\"name\":\"Y\u0131lan hik\u00e2yesine d\u00f6nen Manavgat Devlet Hastanesi TBMM g\u00fcndeminde\"}]},{\"@type\":\"WebSite\",\"@id\":\"https:\/\/denizcankizil.tr\/#website\",\"url\":\"https:\/\/denizcankizil.tr\/\",\"name\":\"Av. Deniz Can K\u0131z\u0131l\",\"description\":\"Avukat Deniz Can K\u0131z\u0131l Antalya Barosu\",\"publisher\":{\"@id\":\"https:\/\/denizcankizil.tr\/#organization\"},\"potentialAction\":[{\"@type\":\"SearchAction\",\"target\":{\"@type\":\"EntryPoint\",\"urlTemplate\":\"https:\/\/denizcankizil.tr\/?s={search_term_string}\"},\"query-input\":{\"@type\":\"PropertyValueSpecification\",\"valueRequired\":true,\"valueName\":\"search_term_string\"}}],\"inLanguage\":\"de\"},{\"@type\":\"Organization\",\"@id\":\"https:\/\/denizcankizil.tr\/#organization\",\"name\":\"Av. Deniz Can K\u0131z\u0131l\",\"url\":\"https:\/\/denizcankizil.tr\/\",\"logo\":{\"@type\":\"ImageObject\",\"inLanguage\":\"de\",\"@id\":\"https:\/\/denizcankizil.tr\/#\/schema\/logo\/image\/\",\"url\":\"https:\/\/denizcankizil.tr\/wp-content\/uploads\/2024\/10\/siyah-logo-svg.svg\",\"contentUrl\":\"https:\/\/denizcankizil.tr\/wp-content\/uploads\/2024\/10\/siyah-logo-svg.svg\",\"width\":1080,\"height\":1080,\"caption\":\"Av. Deniz Can K\u0131z\u0131l\"},\"image\":{\"@id\":\"https:\/\/denizcankizil.tr\/#\/schema\/logo\/image\/\"}},{\"@type\":\"Person\",\"@id\":\"https:\/\/denizcankizil.tr\/#\/schema\/person\/e1eb71bb4dd684d46563f0af307e1234\",\"name\":\"Antalya K\u00f6rfez\",\"image\":{\"@type\":\"ImageObject\",\"inLanguage\":\"de\",\"@id\":\"https:\/\/denizcankizil.tr\/#\/schema\/person\/image\/\",\"url\":\"https:\/\/secure.gravatar.com\/avatar\/42b01982558a48a0b501fdcab6a408d3717ea5919095ee2e67b0e521799c5905?s=96&d=mm&r=g\",\"contentUrl\":\"https:\/\/secure.gravatar.com\/avatar\/42b01982558a48a0b501fdcab6a408d3717ea5919095ee2e67b0e521799c5905?s=96&d=mm&r=g\",\"caption\":\"Antalya K\u00f6rfez\"},\"sameAs\":[\"http:\/\/www.antalyakorfez.com\"],\"url\":\"https:\/\/www.antalyakorfez.com\/yilan-hikayesine-donen-manavgat-devlet-hastanesi-tbmm-gundeminde\"}]}<\/script>\n<!-- \/ Yoast SEO Premium plugin. -->","yoast_head_json":{"title":"Y\u0131lan hik\u00e2yesine d\u00f6nen Manavgat Devlet Hastanesi TBMM g\u00fcndeminde - Av. Deniz Can K\u0131z\u0131l","robots":{"index":"index","follow":"follow","max-snippet":"max-snippet:-1","max-image-preview":"max-image-preview:large","max-video-preview":"max-video-preview:-1"},"canonical":"https:\/\/denizcankizil.tr\/de\/haberler\/gundem\/yilan-hikayesine-donen-manavgat-devlet-hastanesi-tbmm-gundeminde\/","og_locale":"de_DE","og_type":"article","og_title":"Y\u0131lan hik\u00e2yesine d\u00f6nen Manavgat Devlet Hastanesi TBMM g\u00fcndeminde","og_description":"Antalya\u2019n\u0131n Manavgat il\u00e7esinde in\u015faat\u0131nda 17 \u015eubat 2023 tarihinde ba\u015flanan ve 2025 y\u0131l\u0131nda bitmesi planlanan Yeni Manavgat Devlet Hastanesi\u2019nin yap\u0131m\u0131 y\u0131lan hikayesine d\u00f6nd\u00fc. 1 Ocak 2025 tarihinde tamamlanmas\u0131 planlanan hastanenin ge\u00e7ti\u011fimiz aylarda in\u015faat\u0131 durulmu\u015ftu. 3 Kas\u0131m 2024 tarihinde CHP Antalya Milletvekili Aliye Co\u015far, yapt\u0131\u011f\u0131 a\u00e7\u0131klamada, hastaneni yap\u0131laca\u011f\u0131 zeminin batakl\u0131k oldu\u011funu ve bu y\u00fczden o alan\u0131n hastane yapan\u0131ma uygun olmad\u0131\u011f\u0131 i\u00e7in in\u015faat\u0131n duruldu\u011funu a\u00e7\u0131klam\u0131\u015ft\u0131.\u00a0 TEKRARDAN MECL\u0130S G\u00dcNDEM\u0130NE GELD\u0130\u00a0 \u0130n\u015faat\u0131 durdurulan ve yap\u0131m\u0131 y\u0131lan hikayesine d\u00f6nen Manavgat Devlet Hastanesi tekrardan T\u00fcrkiye B\u00fcy\u00fck Millet Meclisi g\u00fcndemine ta\u015f\u0131nd\u0131. CHP\u2019li Co\u015far, Manavgat\u2019\u0131n hala donan\u0131ml\u0131 bir hastaneye ihtiyac\u0131 oldu\u011funu belirterek, \u201cManavgat&#8217;\u0131n tam donan\u0131ml\u0131 hastane ihtiyac\u0131 h\u00e2l\u00e2 devam ediyor. 2021 y\u0131l\u0131nda s\u00f6z\u00fc verilen, 2023&#8217;te in\u015faat\u0131na ba\u015flanan ve 16 Ocak 2025 tarihinde bitmesi planlanan yeni Manavgat Devlet Hastanesi in\u015faat\u0131 daha temel atma a\u015famas\u0131nda ve ilerlemiyor\u201d diye konu\u015ftu.\u00a0 \u201c\u00c7\u00d6Z\u00dcM \u00dcRETEM\u0130YOR\u201d AK Partili vekillerin alan\u0131n yanl\u0131\u015f tercihi oldu\u011funu kabul etti\u011fini ama buna ra\u011fmen \u00e7\u00f6z\u00fcm \u00fcretilmek yerine in\u015faat\u0131n duruldu\u011funa dikkat \u00e7eken Co\u015far, \u201cHastane yeri olarak se\u00e7ilen b\u00f6lgede zemin s\u0131v\u0131la\u015fmas\u0131 oldu\u011funu defalarca dile getirdik. Yeni hastanenin yatak kapasitesini 500&#8217;e \u00e7\u0131kararak ba\u015fka yere yap\u0131n dedik. Dinlemediniz. Kendi vekilleriniz dahi yanl\u0131\u015f zemin tercihini kabul ediyor ancak \u00e7\u00f6z\u00fcm \u00fcretemiyor. \u00a0Manavgat halk\u0131 AKP&#8217;nin hatalar\u0131n\u0131n cezas\u0131n\u0131 \u00e7ekmekten yoruldu. Manavgat halk\u0131 a\u00e7\u0131klama bekliyor\u201d dedi.\u00a0 \u200bCHP Antalya Milletvekili Aliye Co\u015far, &hellip;","og_url":"https:\/\/denizcankizil.tr\/de\/haberler\/gundem\/yilan-hikayesine-donen-manavgat-devlet-hastanesi-tbmm-gundeminde\/","og_site_name":"Av. Deniz Can K\u0131z\u0131l","article_published_time":"2025-03-12T20:41:15+00:00","article_modified_time":"2025-03-15T21:43:54+00:00","author":"Antalya K\u00f6rfez","twitter_card":"summary_large_image","twitter_misc":{"Verfasst von":"Antalya K\u00f6rfez","Gesch\u00e4tzte Lesezeit":"2\u00a0Minuten"},"schema":{"@context":"https:\/\/schema.org","@graph":[{"@type":"Article","@id":"https:\/\/denizcankizil.tr\/uk\/haberler\/gundem\/yilan-hikayesine-donen-manavgat-devlet-hastanesi-tbmm-gundeminde\/#article","isPartOf":{"@id":"https:\/\/denizcankizil.tr\/uk\/haberler\/gundem\/yilan-hikayesine-donen-manavgat-devlet-hastanesi-tbmm-gundeminde\/"},"author":{"name":"Antalya K\u00f6rfez","@id":"https:\/\/denizcankizil.tr\/#\/schema\/person\/e1eb71bb4dd684d46563f0af307e1234"},"headline":"Y\u0131lan hik\u00e2yesine d\u00f6nen Manavgat Devlet Hastanesi TBMM g\u00fcndeminde","datePublished":"2025-03-12T20:41:15+00:00","dateModified":"2025-03-15T21:43:54+00:00","mainEntityOfPage":{"@id":"https:\/\/denizcankizil.tr\/uk\/haberler\/gundem\/yilan-hikayesine-donen-manavgat-devlet-hastanesi-tbmm-gundeminde\/"},"wordCount":333,"publisher":{"@id":"https:\/\/denizcankizil.tr\/#organization"},"articleSection":["G\u00fcndem"],"inLanguage":"de"},{"@type":"WebPage","@id":"https:\/\/denizcankizil.tr\/uk\/haberler\/gundem\/yilan-hikayesine-donen-manavgat-devlet-hastanesi-tbmm-gundeminde\/","url":"https:\/\/denizcankizil.tr\/uk\/haberler\/gundem\/yilan-hikayesine-donen-manavgat-devlet-hastanesi-tbmm-gundeminde\/","name":"Y\u0131lan hik\u00e2yesine d\u00f6nen Manavgat Devlet Hastanesi TBMM g\u00fcndeminde - Av. Deniz Can K\u0131z\u0131l","isPartOf":{"@id":"https:\/\/denizcankizil.tr\/#website"},"datePublished":"2025-03-12T20:41:15+00:00","dateModified":"2025-03-15T21:43:54+00:00","breadcrumb":{"@id":"https:\/\/denizcankizil.tr\/uk\/haberler\/gundem\/yilan-hikayesine-donen-manavgat-devlet-hastanesi-tbmm-gundeminde\/#breadcrumb"},"inLanguage":"de","potentialAction":[{"@type":"ReadAction","target":["https:\/\/denizcankizil.tr\/uk\/haberler\/gundem\/yilan-hikayesine-donen-manavgat-devlet-hastanesi-tbmm-gundeminde\/"]}]},{"@type":"BreadcrumbList","@id":"https:\/\/denizcankizil.tr\/uk\/haberler\/gundem\/yilan-hikayesine-donen-manavgat-devlet-hastanesi-tbmm-gundeminde\/#breadcrumb","itemListElement":[{"@type":"ListItem","position":1,"name":"Home","item":"https:\/\/denizcankizil.tr\/de\/"},{"@type":"ListItem","position":2,"name":"Y\u0131lan hik\u00e2yesine d\u00f6nen Manavgat Devlet Hastanesi TBMM g\u00fcndeminde"}]},{"@type":"WebSite","@id":"https:\/\/denizcankizil.tr\/#website","url":"https:\/\/denizcankizil.tr\/","name":"Av. Deniz Can K\u0131z\u0131l","description":"Avukat Deniz Can K\u0131z\u0131l Antalya Barosu","publisher":{"@id":"https:\/\/denizcankizil.tr\/#organization"},"potentialAction":[{"@type":"SearchAction","target":{"@type":"EntryPoint","urlTemplate":"https:\/\/denizcankizil.tr\/?s={search_term_string}"},"query-input":{"@type":"PropertyValueSpecification","valueRequired":true,"valueName":"search_term_string"}}],"inLanguage":"de"},{"@type":"Organization","@id":"https:\/\/denizcankizil.tr\/#organization","name":"Av. Deniz Can K\u0131z\u0131l","url":"https:\/\/denizcankizil.tr\/","logo":{"@type":"ImageObject","inLanguage":"de","@id":"https:\/\/denizcankizil.tr\/#\/schema\/logo\/image\/","url":"https:\/\/denizcankizil.tr\/wp-content\/uploads\/2024\/10\/siyah-logo-svg.svg","contentUrl":"https:\/\/denizcankizil.tr\/wp-content\/uploads\/2024\/10\/siyah-logo-svg.svg","width":1080,"height":1080,"caption":"Av. Deniz Can K\u0131z\u0131l"},"image":{"@id":"https:\/\/denizcankizil.tr\/#\/schema\/logo\/image\/"}},{"@type":"Person","@id":"https:\/\/denizcankizil.tr\/#\/schema\/person\/e1eb71bb4dd684d46563f0af307e1234","name":"Antalya K\u00f6rfez","image":{"@type":"ImageObject","inLanguage":"de","@id":"https:\/\/denizcankizil.tr\/#\/schema\/person\/image\/","url":"https:\/\/secure.gravatar.com\/avatar\/42b01982558a48a0b501fdcab6a408d3717ea5919095ee2e67b0e521799c5905?s=96&d=mm&r=g","contentUrl":"https:\/\/secure.gravatar.com\/avatar\/42b01982558a48a0b501fdcab6a408d3717ea5919095ee2e67b0e521799c5905?s=96&d=mm&r=g","caption":"Antalya K\u00f6rfez"},"sameAs":["http:\/\/www.antalyakorfez.com"],"url":"https:\/\/www.antalyakorfez.com\/yilan-hikayesine-donen-manavgat-devlet-hastanesi-tbmm-gundeminde"}]}},"_links":{"self":[{"href":"https:\/\/denizcankizil.tr\/de\/wp-json\/wp\/v2\/posts\/35530","targetHints":{"allow":["GET"]}}],"collection":[{"href":"https:\/\/denizcankizil.tr\/de\/wp-json\/wp\/v2\/posts"}],"about":[{"href":"https:\/\/denizcankizil.tr\/de\/wp-json\/wp\/v2\/types\/post"}],"author":[{"embeddable":true,"href":"https:\/\/denizcankizil.tr\/de\/wp-json\/wp\/v2\/users\/5"}],"replies":[{"embeddable":true,"href":"https:\/\/denizcankizil.tr\/de\/wp-json\/wp\/v2\/comments?post=35530"}],"version-history":[{"count":1,"href":"https:\/\/denizcankizil.tr\/de\/wp-json\/wp\/v2\/posts\/35530\/revisions"}],"predecessor-version":[{"id":35946,"href":"https:\/\/denizcankizil.tr\/de\/wp-json\/wp\/v2\/posts\/35530\/revisions\/35946"}],"wp:attachment":[{"href":"https:\/\/denizcankizil.tr\/de\/wp-json\/wp\/v2\/media?parent=35530"}],"wp:term":[{"taxonomy":"category","embeddable":true,"href":"https:\/\/denizcankizil.tr\/de\/wp-json\/wp\/v2\/categories?post=35530"},{"taxonomy":"post_tag","embeddable":true,"href":"https:\/\/denizcankizil.tr\/de\/wp-json\/wp\/v2\/tags?post=35530"}],"curies":[{"name":"wp","href":"https:\/\/api.w.org\/{rel}","templated":true}]}}