{"id":35528,"date":"2025-03-12T21:41:17","date_gmt":"2025-03-12T18:41:17","guid":{"rendered":"https:\/\/denizcankizil.tr\/uncategorized-tr\/umit-uysal-pazar-gunu-butun-vatandaslari-o-noktalara-davet-etti\/"},"modified":"2025-03-16T00:43:55","modified_gmt":"2025-03-15T21:43:55","slug":"umit-uysal-pazar-gunu-butun-vatandaslari-o-noktalara-davet-etti","status":"publish","type":"post","link":"https:\/\/denizcankizil.tr\/de\/haberler\/gundem\/umit-uysal-pazar-gunu-butun-vatandaslari-o-noktalara-davet-etti\/","title":{"rendered":"\u00dcmit Uysal, pazar g\u00fcn\u00fc b\u00fct\u00fcn vatanda\u015flar\u0131 o noktalara davet etti"},"content":{"rendered":"<p>Antalya Muratpa\u015fa Belediyesi, T\u00fcrkiye\u2019deki deprem tehlikesine dikkat \u00e7ekmek i\u00e7in \u00e7ok \u00f6nemli bir projeye imza at\u0131yor. \u0130l\u00e7e Belediyesi, 16 Mart Pazar g\u00fcn\u00fc saat 11.00\u2019de kentteki deprem toplanma alanlar\u0131nda afet tahliye tatbikat\u0131 ger\u00e7ekle\u015ftirecek. Tatbikat\u0131n ard\u0131ndan 6 \u015eubat deprem felaketinde hayat\u0131n\u0131 kaybeden vatanda\u015flar\u0131 anmak i\u00e7in 2 dakikal\u0131k sayg\u0131 duru\u015funda bulunulacak.\u00a0\u00a0<\/p>\n<p>DEPREM TATB\u0130KATI\u00a0<\/p>\n<p>Muratpa\u015fa Belediye Ba\u015fkan\u0131 \u00dcmit Uysal, sosyal medya \u00fczerinden yay\u0131nlad\u0131\u011f\u0131 bir video ile olas\u0131 bir deprem felaketinde haz\u0131rl\u0131kl\u0131 olmak ve depremde hayat\u0131n\u0131 kaybeden vatanda\u015flar\u0131 anmak i\u00e7in bu tatbikat\u0131 ger\u00e7ekle\u015ftirdiklerini belirtti. Uysal, &#8220;K\u0131ymetli kom\u015fular\u0131m deprem ve do\u011fal afetler maalesef d\u00fcnyam\u0131z\u0131n bir ger\u00e7e\u011fi. \u00dclkemizde bu konuda en \u00e7ok ma\u011fdur olan \u00fclkelerden bir tanesi. Bu tip afetlere haz\u0131rl\u0131kl\u0131 olmakta b\u00fct\u00fcn \u00fclkemizin haz\u0131rl\u0131kl\u0131 olmas\u0131n\u0131 sa\u011flamaktan fayda var. Bu ama\u00e7la 16 Mart Pazar g\u00fcn\u00fc saat 11.00\u2019de deprem \u00e7antalar\u0131m\u0131z\u0131 al\u0131yoruz, \u015fehrimizdeki b\u00fct\u00fcn toplanma noktalar\u0131nda toplan\u0131yoruz. 6 \u015eubat depreminde kaybetti\u011fimiz insanlar\u0131m\u0131z an\u0131s\u0131na toplanma noktalar\u0131nda iki\u015fer dakikal\u0131k sayg\u0131 duru\u015funda bulunuyoruz\u201d dedi.\u00a0<\/p>\n<p>\u201cHERKES\u0130 DAVET ED\u0130YORUM\u201d<\/p>\n<p>Ba\u015fkan Uysal, 16 Mart Pazar g\u00fcn\u00fc ger\u00e7ekle\u015fecek deprem tatbikat\u0131na b\u00fct\u00fcn vatanda\u015flar\u0131 davet ederek, \u201cBu bizi olas\u0131 bir felaket an\u0131nda pratik hareket eden, ne yapaca\u011f\u0131n\u0131 bilen bir hale getirecektir. Ayr\u0131ca depremde kaybetti\u011fimiz insanlar\u0131m\u0131z\u0131 da yad etmi\u015f olaca\u011f\u0131z. E\u011fer toplanma noktalar\u0131m\u0131z\u0131 bilmiyorsak, b\u00fct\u00fcn mahallerimizin toplanma noktalar\u0131n\u0131 E-Devlet \u00fczerinden kolayl\u0131kla \u00f6\u011frenebilirsiniz. \u00a0B\u00fct\u00fcn Muratpa\u015fa\u2019m\u0131z\u0131, b\u00fct\u00fcn kom\u015fular\u0131m\u0131z\u0131 bu tatbikata kat\u0131lmaya davet ediyorum\u201d diye konu\u015ftu.\u00a0<\/p>\n<p>Afetlere kar\u015f\u0131 haz\u0131rl\u0131kl\u0131 olmak hayat kurtar\u0131r.<br \/>\nOlas\u0131 bir felakette h\u0131zl\u0131 ve bilin\u00e7li hareket edebilmek i\u00e7in afet tahliye tatbikat\u0131 ger\u00e7ekle\u015ftiriyoruz.<\/p>\n<p>Ne yapmal\u0131y\u0131z?<br \/>\n&#8211; En yak\u0131n toplanma alan\u0131n\u0131 \u00f6\u011frenin.<br \/>\n&#8211; Acil durum \u00e7antas\u0131 haz\u0131rlay\u0131n.<br \/>\n&#8211; G\u00fcvenli tahliye prati\u011fi yap\u0131n.<br \/>\n-\u2026 pic.twitter.com\/3yJuDRdbBb<br \/>\n\u2014 \u00dcM\u0130T UYSAL (@Av_umituysal) March 12, 2025<\/p>\n<p>\u200bAntalya Muratpa\u015fa Belediye Ba\u015fkan\u0131 \u00dcmit Uysal, 16 Mart Pazar g\u00fcn\u00fc kentin afet toplanma noktalar\u0131nda ger\u00e7ekle\u015ftirilecek olan deprem tatbikat\u0131na b\u00fct\u00fcn vatanda\u015flar\u0131 davet etti.\u00a0<\/p>\n<p>\u200bHaberin Al\u0131nt\u0131land\u0131\u011f\u0131 Kaynak: www.antalyakorfez.com<\/p>","protected":false},"excerpt":{"rendered":"<p>Antalya Muratpa\u015fa Belediyesi, T\u00fcrkiye\u2019deki deprem tehlikesine dikkat \u00e7ekmek i\u00e7in \u00e7ok \u00f6nemli bir projeye imza at\u0131yor. \u0130l\u00e7e Belediyesi, 16 Mart Pazar g\u00fcn\u00fc saat 11.00\u2019de kentteki deprem toplanma alanlar\u0131nda afet tahliye tatbikat\u0131 ger\u00e7ekle\u015ftirecek. Tatbikat\u0131n ard\u0131ndan 6 \u015eubat deprem felaketinde hayat\u0131n\u0131 kaybeden vatanda\u015flar\u0131 anmak i\u00e7in 2 dakikal\u0131k sayg\u0131 duru\u015funda bulunulacak.\u00a0\u00a0 DEPREM TATB\u0130KATI\u00a0 Muratpa\u015fa Belediye Ba\u015fkan\u0131 \u00dcmit Uysal, sosyal medya \u00fczerinden yay\u0131nlad\u0131\u011f\u0131 bir video ile olas\u0131 bir deprem felaketinde haz\u0131rl\u0131kl\u0131 olmak ve depremde hayat\u0131n\u0131 kaybeden vatanda\u015flar\u0131 anmak i\u00e7in bu tatbikat\u0131 ger\u00e7ekle\u015ftirdiklerini belirtti. Uysal, &#8220;K\u0131ymetli kom\u015fular\u0131m deprem ve do\u011fal afetler maalesef d\u00fcnyam\u0131z\u0131n bir ger\u00e7e\u011fi. \u00dclkemizde bu konuda en \u00e7ok ma\u011fdur olan \u00fclkelerden bir tanesi. Bu tip afetlere haz\u0131rl\u0131kl\u0131 olmakta b\u00fct\u00fcn \u00fclkemizin haz\u0131rl\u0131kl\u0131 olmas\u0131n\u0131 sa\u011flamaktan fayda var. Bu ama\u00e7la 16 Mart Pazar g\u00fcn\u00fc saat 11.00\u2019de deprem \u00e7antalar\u0131m\u0131z\u0131 al\u0131yoruz, \u015fehrimizdeki b\u00fct\u00fcn toplanma noktalar\u0131nda toplan\u0131yoruz. 6 \u015eubat depreminde kaybetti\u011fimiz insanlar\u0131m\u0131z an\u0131s\u0131na toplanma noktalar\u0131nda iki\u015fer dakikal\u0131k sayg\u0131 duru\u015funda bulunuyoruz\u201d dedi.\u00a0 \u201cHERKES\u0130 DAVET ED\u0130YORUM\u201d Ba\u015fkan Uysal, 16 Mart Pazar g\u00fcn\u00fc ger\u00e7ekle\u015fecek deprem tatbikat\u0131na b\u00fct\u00fcn vatanda\u015flar\u0131 davet ederek, \u201cBu bizi olas\u0131 bir felaket an\u0131nda pratik hareket eden, ne yapaca\u011f\u0131n\u0131 bilen bir hale getirecektir. Ayr\u0131ca depremde kaybetti\u011fimiz insanlar\u0131m\u0131z\u0131 da yad etmi\u015f olaca\u011f\u0131z. E\u011fer toplanma noktalar\u0131m\u0131z\u0131 bilmiyorsak, b\u00fct\u00fcn mahallerimizin toplanma noktalar\u0131n\u0131 E-Devlet \u00fczerinden kolayl\u0131kla \u00f6\u011frenebilirsiniz. \u00a0B\u00fct\u00fcn Muratpa\u015fa\u2019m\u0131z\u0131, b\u00fct\u00fcn kom\u015fular\u0131m\u0131z\u0131 bu tatbikata kat\u0131lmaya davet &hellip;<\/p>","protected":false},"author":5,"featured_media":0,"comment_status":"closed","ping_status":"open","sticky":false,"template":"","format":"standard","meta":{"_acf_changed":false,"footnotes":""},"categories":[24],"tags":[],"class_list":["post-35528","post","type-post","status-publish","format-standard","has-post-thumbnail","hentry","category-gundem"],"acf":[],"yoast_head":"<!-- This site is optimized with the Yoast SEO Premium plugin v26.6 (Yoast SEO v27.1.1) - https:\/\/yoast.com\/product\/yoast-seo-premium-wordpress\/ -->\n<title>\u00dcmit Uysal, pazar g\u00fcn\u00fc b\u00fct\u00fcn vatanda\u015flar\u0131 o noktalara davet etti - Av. Deniz Can K\u0131z\u0131l<\/title>\n<meta name=\"robots\" content=\"index, follow, max-snippet:-1, max-image-preview:large, max-video-preview:-1\" \/>\n<link rel=\"canonical\" href=\"http:\/\/denizcankizil.tr\/de\/haberler\/gundem\/umit-uysal-pazar-gunu-butun-vatandaslari-o-noktalara-davet-etti\/\" \/>\n<meta property=\"og:locale\" content=\"de_DE\" \/>\n<meta property=\"og:type\" content=\"article\" \/>\n<meta property=\"og:title\" content=\"\u00dcmit Uysal, pazar g\u00fcn\u00fc b\u00fct\u00fcn vatanda\u015flar\u0131 o noktalara davet etti\" \/>\n<meta property=\"og:description\" content=\"Antalya Muratpa\u015fa Belediyesi, T\u00fcrkiye\u2019deki deprem tehlikesine dikkat \u00e7ekmek i\u00e7in \u00e7ok \u00f6nemli bir projeye imza at\u0131yor. \u0130l\u00e7e Belediyesi, 16 Mart Pazar g\u00fcn\u00fc saat 11.00\u2019de kentteki deprem toplanma alanlar\u0131nda afet tahliye tatbikat\u0131 ger\u00e7ekle\u015ftirecek. Tatbikat\u0131n ard\u0131ndan 6 \u015eubat deprem felaketinde hayat\u0131n\u0131 kaybeden vatanda\u015flar\u0131 anmak i\u00e7in 2 dakikal\u0131k sayg\u0131 duru\u015funda bulunulacak.\u00a0\u00a0 DEPREM TATB\u0130KATI\u00a0 Muratpa\u015fa Belediye Ba\u015fkan\u0131 \u00dcmit Uysal, sosyal medya \u00fczerinden yay\u0131nlad\u0131\u011f\u0131 bir video ile olas\u0131 bir deprem felaketinde haz\u0131rl\u0131kl\u0131 olmak ve depremde hayat\u0131n\u0131 kaybeden vatanda\u015flar\u0131 anmak i\u00e7in bu tatbikat\u0131 ger\u00e7ekle\u015ftirdiklerini belirtti. Uysal, &#8220;K\u0131ymetli kom\u015fular\u0131m deprem ve do\u011fal afetler maalesef d\u00fcnyam\u0131z\u0131n bir ger\u00e7e\u011fi. \u00dclkemizde bu konuda en \u00e7ok ma\u011fdur olan \u00fclkelerden bir tanesi. Bu tip afetlere haz\u0131rl\u0131kl\u0131 olmakta b\u00fct\u00fcn \u00fclkemizin haz\u0131rl\u0131kl\u0131 olmas\u0131n\u0131 sa\u011flamaktan fayda var. Bu ama\u00e7la 16 Mart Pazar g\u00fcn\u00fc saat 11.00\u2019de deprem \u00e7antalar\u0131m\u0131z\u0131 al\u0131yoruz, \u015fehrimizdeki b\u00fct\u00fcn toplanma noktalar\u0131nda toplan\u0131yoruz. 6 \u015eubat depreminde kaybetti\u011fimiz insanlar\u0131m\u0131z an\u0131s\u0131na toplanma noktalar\u0131nda iki\u015fer dakikal\u0131k sayg\u0131 duru\u015funda bulunuyoruz\u201d dedi.\u00a0 \u201cHERKES\u0130 DAVET ED\u0130YORUM\u201d Ba\u015fkan Uysal, 16 Mart Pazar g\u00fcn\u00fc ger\u00e7ekle\u015fecek deprem tatbikat\u0131na b\u00fct\u00fcn vatanda\u015flar\u0131 davet ederek, \u201cBu bizi olas\u0131 bir felaket an\u0131nda pratik hareket eden, ne yapaca\u011f\u0131n\u0131 bilen bir hale getirecektir. Ayr\u0131ca depremde kaybetti\u011fimiz insanlar\u0131m\u0131z\u0131 da yad etmi\u015f olaca\u011f\u0131z. E\u011fer toplanma noktalar\u0131m\u0131z\u0131 bilmiyorsak, b\u00fct\u00fcn mahallerimizin toplanma noktalar\u0131n\u0131 E-Devlet \u00fczerinden kolayl\u0131kla \u00f6\u011frenebilirsiniz. \u00a0B\u00fct\u00fcn Muratpa\u015fa\u2019m\u0131z\u0131, b\u00fct\u00fcn kom\u015fular\u0131m\u0131z\u0131 bu tatbikata kat\u0131lmaya davet &hellip;\" \/>\n<meta property=\"og:url\" content=\"http:\/\/denizcankizil.tr\/de\/haberler\/gundem\/umit-uysal-pazar-gunu-butun-vatandaslari-o-noktalara-davet-etti\/\" \/>\n<meta property=\"og:site_name\" content=\"Av. Deniz Can K\u0131z\u0131l\" \/>\n<meta property=\"article:published_time\" content=\"2025-03-12T18:41:17+00:00\" \/>\n<meta property=\"article:modified_time\" content=\"2025-03-15T21:43:55+00:00\" \/>\n<meta name=\"author\" content=\"Antalya K\u00f6rfez\" \/>\n<meta name=\"twitter:card\" content=\"summary_large_image\" \/>\n<meta name=\"twitter:label1\" content=\"Verfasst von\" \/>\n\t<meta name=\"twitter:data1\" content=\"Antalya K\u00f6rfez\" \/>\n\t<meta name=\"twitter:label2\" content=\"Gesch\u00e4tzte Lesezeit\" \/>\n\t<meta name=\"twitter:data2\" content=\"2\u00a0Minuten\" \/>\n<script type=\"application\/ld+json\" class=\"yoast-schema-graph\">{\"@context\":\"https:\/\/schema.org\",\"@graph\":[{\"@type\":\"Article\",\"@id\":\"http:\/\/denizcankizil.tr\/ru\/haberler\/gundem\/umit-uysal-pazar-gunu-butun-vatandaslari-o-noktalara-davet-etti\/#article\",\"isPartOf\":{\"@id\":\"http:\/\/denizcankizil.tr\/ru\/haberler\/gundem\/umit-uysal-pazar-gunu-butun-vatandaslari-o-noktalara-davet-etti\/\"},\"author\":{\"name\":\"Antalya K\u00f6rfez\",\"@id\":\"https:\/\/denizcankizil.tr\/de\/#\/schema\/person\/e1eb71bb4dd684d46563f0af307e1234\"},\"headline\":\"\u00dcmit Uysal, pazar g\u00fcn\u00fc b\u00fct\u00fcn vatanda\u015flar\u0131 o noktalara davet etti\",\"datePublished\":\"2025-03-12T18:41:17+00:00\",\"dateModified\":\"2025-03-15T21:43:55+00:00\",\"mainEntityOfPage\":{\"@id\":\"http:\/\/denizcankizil.tr\/ru\/haberler\/gundem\/umit-uysal-pazar-gunu-butun-vatandaslari-o-noktalara-davet-etti\/\"},\"wordCount\":414,\"publisher\":{\"@id\":\"https:\/\/denizcankizil.tr\/de\/#organization\"},\"articleSection\":[\"G\u00fcndem\"],\"inLanguage\":\"de\"},{\"@type\":\"WebPage\",\"@id\":\"http:\/\/denizcankizil.tr\/ru\/haberler\/gundem\/umit-uysal-pazar-gunu-butun-vatandaslari-o-noktalara-davet-etti\/\",\"url\":\"http:\/\/denizcankizil.tr\/ru\/haberler\/gundem\/umit-uysal-pazar-gunu-butun-vatandaslari-o-noktalara-davet-etti\/\",\"name\":\"\u00dcmit Uysal, pazar g\u00fcn\u00fc b\u00fct\u00fcn vatanda\u015flar\u0131 o noktalara davet etti - Av. Deniz Can K\u0131z\u0131l\",\"isPartOf\":{\"@id\":\"https:\/\/denizcankizil.tr\/de\/#website\"},\"datePublished\":\"2025-03-12T18:41:17+00:00\",\"dateModified\":\"2025-03-15T21:43:55+00:00\",\"breadcrumb\":{\"@id\":\"http:\/\/denizcankizil.tr\/ru\/haberler\/gundem\/umit-uysal-pazar-gunu-butun-vatandaslari-o-noktalara-davet-etti\/#breadcrumb\"},\"inLanguage\":\"de\",\"potentialAction\":[{\"@type\":\"ReadAction\",\"target\":[\"http:\/\/denizcankizil.tr\/ru\/haberler\/gundem\/umit-uysal-pazar-gunu-butun-vatandaslari-o-noktalara-davet-etti\/\"]}]},{\"@type\":\"BreadcrumbList\",\"@id\":\"http:\/\/denizcankizil.tr\/ru\/haberler\/gundem\/umit-uysal-pazar-gunu-butun-vatandaslari-o-noktalara-davet-etti\/#breadcrumb\",\"itemListElement\":[{\"@type\":\"ListItem\",\"position\":1,\"name\":\"Home\",\"item\":\"https:\/\/denizcankizil.tr\/de\/\"},{\"@type\":\"ListItem\",\"position\":2,\"name\":\"\u00dcmit Uysal, pazar g\u00fcn\u00fc b\u00fct\u00fcn vatanda\u015flar\u0131 o noktalara davet etti\"}]},{\"@type\":\"WebSite\",\"@id\":\"https:\/\/denizcankizil.tr\/de\/#website\",\"url\":\"https:\/\/denizcankizil.tr\/de\/\",\"name\":\"Av. Deniz Can K\u0131z\u0131l\",\"description\":\"Avukat Deniz Can K\u0131z\u0131l Antalya Barosu\",\"publisher\":{\"@id\":\"https:\/\/denizcankizil.tr\/de\/#organization\"},\"potentialAction\":[{\"@type\":\"SearchAction\",\"target\":{\"@type\":\"EntryPoint\",\"urlTemplate\":\"https:\/\/denizcankizil.tr\/de\/?s={search_term_string}\"},\"query-input\":{\"@type\":\"PropertyValueSpecification\",\"valueRequired\":true,\"valueName\":\"search_term_string\"}}],\"inLanguage\":\"de\"},{\"@type\":\"Organization\",\"@id\":\"https:\/\/denizcankizil.tr\/de\/#organization\",\"name\":\"Av. Deniz Can K\u0131z\u0131l\",\"url\":\"https:\/\/denizcankizil.tr\/de\/\",\"logo\":{\"@type\":\"ImageObject\",\"inLanguage\":\"de\",\"@id\":\"https:\/\/denizcankizil.tr\/de\/#\/schema\/logo\/image\/\",\"url\":\"https:\/\/denizcankizil.tr\/wp-content\/uploads\/2024\/10\/siyah-logo-svg.svg\",\"contentUrl\":\"https:\/\/denizcankizil.tr\/wp-content\/uploads\/2024\/10\/siyah-logo-svg.svg\",\"width\":1080,\"height\":1080,\"caption\":\"Av. Deniz Can K\u0131z\u0131l\"},\"image\":{\"@id\":\"https:\/\/denizcankizil.tr\/de\/#\/schema\/logo\/image\/\"}},{\"@type\":\"Person\",\"@id\":\"https:\/\/denizcankizil.tr\/de\/#\/schema\/person\/e1eb71bb4dd684d46563f0af307e1234\",\"name\":\"Antalya K\u00f6rfez\",\"image\":{\"@type\":\"ImageObject\",\"inLanguage\":\"de\",\"@id\":\"https:\/\/denizcankizil.tr\/de\/#\/schema\/person\/image\/\",\"url\":\"https:\/\/secure.gravatar.com\/avatar\/42b01982558a48a0b501fdcab6a408d3717ea5919095ee2e67b0e521799c5905?s=96&d=mm&r=g\",\"contentUrl\":\"https:\/\/secure.gravatar.com\/avatar\/42b01982558a48a0b501fdcab6a408d3717ea5919095ee2e67b0e521799c5905?s=96&d=mm&r=g\",\"caption\":\"Antalya K\u00f6rfez\"},\"sameAs\":[\"http:\/\/www.antalyakorfez.com\"],\"url\":\"https:\/\/www.antalyakorfez.com\/umit-uysal-pazar-gunu-butun-vatandaslari-o-noktalara-davet-ediyor\"}]}<\/script>\n<!-- \/ Yoast SEO Premium plugin. -->","yoast_head_json":{"title":"\u00dcmit Uysal, pazar g\u00fcn\u00fc b\u00fct\u00fcn vatanda\u015flar\u0131 o noktalara davet etti - Av. Deniz Can K\u0131z\u0131l","robots":{"index":"index","follow":"follow","max-snippet":"max-snippet:-1","max-image-preview":"max-image-preview:large","max-video-preview":"max-video-preview:-1"},"canonical":"http:\/\/denizcankizil.tr\/de\/haberler\/gundem\/umit-uysal-pazar-gunu-butun-vatandaslari-o-noktalara-davet-etti\/","og_locale":"de_DE","og_type":"article","og_title":"\u00dcmit Uysal, pazar g\u00fcn\u00fc b\u00fct\u00fcn vatanda\u015flar\u0131 o noktalara davet etti","og_description":"Antalya Muratpa\u015fa Belediyesi, T\u00fcrkiye\u2019deki deprem tehlikesine dikkat \u00e7ekmek i\u00e7in \u00e7ok \u00f6nemli bir projeye imza at\u0131yor. \u0130l\u00e7e Belediyesi, 16 Mart Pazar g\u00fcn\u00fc saat 11.00\u2019de kentteki deprem toplanma alanlar\u0131nda afet tahliye tatbikat\u0131 ger\u00e7ekle\u015ftirecek. Tatbikat\u0131n ard\u0131ndan 6 \u015eubat deprem felaketinde hayat\u0131n\u0131 kaybeden vatanda\u015flar\u0131 anmak i\u00e7in 2 dakikal\u0131k sayg\u0131 duru\u015funda bulunulacak.\u00a0\u00a0 DEPREM TATB\u0130KATI\u00a0 Muratpa\u015fa Belediye Ba\u015fkan\u0131 \u00dcmit Uysal, sosyal medya \u00fczerinden yay\u0131nlad\u0131\u011f\u0131 bir video ile olas\u0131 bir deprem felaketinde haz\u0131rl\u0131kl\u0131 olmak ve depremde hayat\u0131n\u0131 kaybeden vatanda\u015flar\u0131 anmak i\u00e7in bu tatbikat\u0131 ger\u00e7ekle\u015ftirdiklerini belirtti. Uysal, &#8220;K\u0131ymetli kom\u015fular\u0131m deprem ve do\u011fal afetler maalesef d\u00fcnyam\u0131z\u0131n bir ger\u00e7e\u011fi. \u00dclkemizde bu konuda en \u00e7ok ma\u011fdur olan \u00fclkelerden bir tanesi. Bu tip afetlere haz\u0131rl\u0131kl\u0131 olmakta b\u00fct\u00fcn \u00fclkemizin haz\u0131rl\u0131kl\u0131 olmas\u0131n\u0131 sa\u011flamaktan fayda var. Bu ama\u00e7la 16 Mart Pazar g\u00fcn\u00fc saat 11.00\u2019de deprem \u00e7antalar\u0131m\u0131z\u0131 al\u0131yoruz, \u015fehrimizdeki b\u00fct\u00fcn toplanma noktalar\u0131nda toplan\u0131yoruz. 6 \u015eubat depreminde kaybetti\u011fimiz insanlar\u0131m\u0131z an\u0131s\u0131na toplanma noktalar\u0131nda iki\u015fer dakikal\u0131k sayg\u0131 duru\u015funda bulunuyoruz\u201d dedi.\u00a0 \u201cHERKES\u0130 DAVET ED\u0130YORUM\u201d Ba\u015fkan Uysal, 16 Mart Pazar g\u00fcn\u00fc ger\u00e7ekle\u015fecek deprem tatbikat\u0131na b\u00fct\u00fcn vatanda\u015flar\u0131 davet ederek, \u201cBu bizi olas\u0131 bir felaket an\u0131nda pratik hareket eden, ne yapaca\u011f\u0131n\u0131 bilen bir hale getirecektir. Ayr\u0131ca depremde kaybetti\u011fimiz insanlar\u0131m\u0131z\u0131 da yad etmi\u015f olaca\u011f\u0131z. E\u011fer toplanma noktalar\u0131m\u0131z\u0131 bilmiyorsak, b\u00fct\u00fcn mahallerimizin toplanma noktalar\u0131n\u0131 E-Devlet \u00fczerinden kolayl\u0131kla \u00f6\u011frenebilirsiniz. \u00a0B\u00fct\u00fcn Muratpa\u015fa\u2019m\u0131z\u0131, b\u00fct\u00fcn kom\u015fular\u0131m\u0131z\u0131 bu tatbikata kat\u0131lmaya davet &hellip;","og_url":"http:\/\/denizcankizil.tr\/de\/haberler\/gundem\/umit-uysal-pazar-gunu-butun-vatandaslari-o-noktalara-davet-etti\/","og_site_name":"Av. Deniz Can K\u0131z\u0131l","article_published_time":"2025-03-12T18:41:17+00:00","article_modified_time":"2025-03-15T21:43:55+00:00","author":"Antalya K\u00f6rfez","twitter_card":"summary_large_image","twitter_misc":{"Verfasst von":"Antalya K\u00f6rfez","Gesch\u00e4tzte Lesezeit":"2\u00a0Minuten"},"schema":{"@context":"https:\/\/schema.org","@graph":[{"@type":"Article","@id":"http:\/\/denizcankizil.tr\/ru\/haberler\/gundem\/umit-uysal-pazar-gunu-butun-vatandaslari-o-noktalara-davet-etti\/#article","isPartOf":{"@id":"http:\/\/denizcankizil.tr\/ru\/haberler\/gundem\/umit-uysal-pazar-gunu-butun-vatandaslari-o-noktalara-davet-etti\/"},"author":{"name":"Antalya K\u00f6rfez","@id":"https:\/\/denizcankizil.tr\/de\/#\/schema\/person\/e1eb71bb4dd684d46563f0af307e1234"},"headline":"\u00dcmit Uysal, pazar g\u00fcn\u00fc b\u00fct\u00fcn vatanda\u015flar\u0131 o noktalara davet etti","datePublished":"2025-03-12T18:41:17+00:00","dateModified":"2025-03-15T21:43:55+00:00","mainEntityOfPage":{"@id":"http:\/\/denizcankizil.tr\/ru\/haberler\/gundem\/umit-uysal-pazar-gunu-butun-vatandaslari-o-noktalara-davet-etti\/"},"wordCount":414,"publisher":{"@id":"https:\/\/denizcankizil.tr\/de\/#organization"},"articleSection":["G\u00fcndem"],"inLanguage":"de"},{"@type":"WebPage","@id":"http:\/\/denizcankizil.tr\/ru\/haberler\/gundem\/umit-uysal-pazar-gunu-butun-vatandaslari-o-noktalara-davet-etti\/","url":"http:\/\/denizcankizil.tr\/ru\/haberler\/gundem\/umit-uysal-pazar-gunu-butun-vatandaslari-o-noktalara-davet-etti\/","name":"\u00dcmit Uysal, pazar g\u00fcn\u00fc b\u00fct\u00fcn vatanda\u015flar\u0131 o noktalara davet etti - Av. Deniz Can K\u0131z\u0131l","isPartOf":{"@id":"https:\/\/denizcankizil.tr\/de\/#website"},"datePublished":"2025-03-12T18:41:17+00:00","dateModified":"2025-03-15T21:43:55+00:00","breadcrumb":{"@id":"http:\/\/denizcankizil.tr\/ru\/haberler\/gundem\/umit-uysal-pazar-gunu-butun-vatandaslari-o-noktalara-davet-etti\/#breadcrumb"},"inLanguage":"de","potentialAction":[{"@type":"ReadAction","target":["http:\/\/denizcankizil.tr\/ru\/haberler\/gundem\/umit-uysal-pazar-gunu-butun-vatandaslari-o-noktalara-davet-etti\/"]}]},{"@type":"BreadcrumbList","@id":"http:\/\/denizcankizil.tr\/ru\/haberler\/gundem\/umit-uysal-pazar-gunu-butun-vatandaslari-o-noktalara-davet-etti\/#breadcrumb","itemListElement":[{"@type":"ListItem","position":1,"name":"Home","item":"https:\/\/denizcankizil.tr\/de\/"},{"@type":"ListItem","position":2,"name":"\u00dcmit Uysal, pazar g\u00fcn\u00fc b\u00fct\u00fcn vatanda\u015flar\u0131 o noktalara davet etti"}]},{"@type":"WebSite","@id":"https:\/\/denizcankizil.tr\/de\/#website","url":"https:\/\/denizcankizil.tr\/de\/","name":"Av. Deniz Can K\u0131z\u0131l","description":"Avukat Deniz Can K\u0131z\u0131l Antalya Barosu","publisher":{"@id":"https:\/\/denizcankizil.tr\/de\/#organization"},"potentialAction":[{"@type":"SearchAction","target":{"@type":"EntryPoint","urlTemplate":"https:\/\/denizcankizil.tr\/de\/?s={search_term_string}"},"query-input":{"@type":"PropertyValueSpecification","valueRequired":true,"valueName":"search_term_string"}}],"inLanguage":"de"},{"@type":"Organization","@id":"https:\/\/denizcankizil.tr\/de\/#organization","name":"Av. Deniz Can K\u0131z\u0131l","url":"https:\/\/denizcankizil.tr\/de\/","logo":{"@type":"ImageObject","inLanguage":"de","@id":"https:\/\/denizcankizil.tr\/de\/#\/schema\/logo\/image\/","url":"https:\/\/denizcankizil.tr\/wp-content\/uploads\/2024\/10\/siyah-logo-svg.svg","contentUrl":"https:\/\/denizcankizil.tr\/wp-content\/uploads\/2024\/10\/siyah-logo-svg.svg","width":1080,"height":1080,"caption":"Av. Deniz Can K\u0131z\u0131l"},"image":{"@id":"https:\/\/denizcankizil.tr\/de\/#\/schema\/logo\/image\/"}},{"@type":"Person","@id":"https:\/\/denizcankizil.tr\/de\/#\/schema\/person\/e1eb71bb4dd684d46563f0af307e1234","name":"Antalya K\u00f6rfez","image":{"@type":"ImageObject","inLanguage":"de","@id":"https:\/\/denizcankizil.tr\/de\/#\/schema\/person\/image\/","url":"https:\/\/secure.gravatar.com\/avatar\/42b01982558a48a0b501fdcab6a408d3717ea5919095ee2e67b0e521799c5905?s=96&d=mm&r=g","contentUrl":"https:\/\/secure.gravatar.com\/avatar\/42b01982558a48a0b501fdcab6a408d3717ea5919095ee2e67b0e521799c5905?s=96&d=mm&r=g","caption":"Antalya K\u00f6rfez"},"sameAs":["http:\/\/www.antalyakorfez.com"],"url":"https:\/\/www.antalyakorfez.com\/umit-uysal-pazar-gunu-butun-vatandaslari-o-noktalara-davet-ediyor"}]}},"_links":{"self":[{"href":"https:\/\/denizcankizil.tr\/de\/wp-json\/wp\/v2\/posts\/35528","targetHints":{"allow":["GET"]}}],"collection":[{"href":"https:\/\/denizcankizil.tr\/de\/wp-json\/wp\/v2\/posts"}],"about":[{"href":"https:\/\/denizcankizil.tr\/de\/wp-json\/wp\/v2\/types\/post"}],"author":[{"embeddable":true,"href":"https:\/\/denizcankizil.tr\/de\/wp-json\/wp\/v2\/users\/5"}],"replies":[{"embeddable":true,"href":"https:\/\/denizcankizil.tr\/de\/wp-json\/wp\/v2\/comments?post=35528"}],"version-history":[{"count":1,"href":"https:\/\/denizcankizil.tr\/de\/wp-json\/wp\/v2\/posts\/35528\/revisions"}],"predecessor-version":[{"id":35948,"href":"https:\/\/denizcankizil.tr\/de\/wp-json\/wp\/v2\/posts\/35528\/revisions\/35948"}],"wp:attachment":[{"href":"https:\/\/denizcankizil.tr\/de\/wp-json\/wp\/v2\/media?parent=35528"}],"wp:term":[{"taxonomy":"category","embeddable":true,"href":"https:\/\/denizcankizil.tr\/de\/wp-json\/wp\/v2\/categories?post=35528"},{"taxonomy":"post_tag","embeddable":true,"href":"https:\/\/denizcankizil.tr\/de\/wp-json\/wp\/v2\/tags?post=35528"}],"curies":[{"name":"wp","href":"https:\/\/api.w.org\/{rel}","templated":true}]}}