{"id":35404,"date":"2025-03-11T16:41:39","date_gmt":"2025-03-11T13:41:39","guid":{"rendered":"https:\/\/denizcankizil.tr\/uncategorized-tr\/antalyaspordan-son-dakika-borc-aciklamasi-iste-takimi-sahada-tutacak-para-miktari\/"},"modified":"2025-03-11T16:41:39","modified_gmt":"2025-03-11T13:41:39","slug":"antalyaspordan-son-dakika-borc-aciklamasi-iste-takimi-sahada-tutacak-para-miktari","status":"publish","type":"post","link":"https:\/\/denizcankizil.tr\/de\/haberler\/gundem\/antalyaspordan-son-dakika-borc-aciklamasi-iste-takimi-sahada-tutacak-para-miktari\/","title":{"rendered":"Antalyaspor\u2019dan son dakika bor\u00e7 a\u00e7\u0131klamas\u0131: \u0130\u015fte tak\u0131m\u0131 sahada tutacak para miktar\u0131"},"content":{"rendered":"<p>Antalyaspor Ba\u015fkan\u0131 Sinan Boztepe, Atilla Vehbi Konuk Tesisleri\u2019nde gazeteciler ile bir araya gelerek g\u00fcndemdeki konulara y\u00f6nelik a\u00e7\u0131klamalarda buldu. Ba\u015fkan Boztepe\u2019nin g\u00fcndeminde kul\u00fcb\u00fcn borcu, mali genel kurul, tak\u0131m\u0131n ligdeki yeri, GES projesi, hafriyat ve kul\u00fcb\u00fcn gelirleri gibi \u00f6nemli konular yer ald\u0131. Ba\u015fkan Boztepe, genel kurulda ibra edilip edilmeyeceklerine de yer verdi. Kamuoyunda tart\u0131\u015f\u0131lan b\u00fct\u00fcn konulara cevap veren Boztepe, Antalyaspor\u2019a sahip \u00e7\u0131k\u0131lmad\u0131\u011f\u0131n\u0131 da dile getirdi.\u00a0<\/p>\n<p>BEN\u0130 \u0130LG\u0130LEND\u0130REN 2 AY VAR<\/p>\n<p>Genel kurulda y\u00f6netimin ibra edilip edilmeyece\u011fi y\u00f6n\u00fcnde soruya cevap veren Boztepe, \u201cGenel kurulda y\u00f6netimin ibra edilmemesi gibi bir durum yok. Sadece benim d\u00f6nemimin ibras\u0131 olmayacak. Beni ilgilendiren sadece 2 ay var. Benim y\u00f6netim s\u00fcrecimi ilgilendiren mali kurul \u00f6n\u00fcm\u00fczdeki a\u011fustos ay\u0131nda yap\u0131lacak. D\u0131\u015far\u0131da y\u00f6netimin ibra edilmeyece\u011fi y\u00f6n\u00fcnde bir bilgi kirlili\u011fi var. Biz ilk g\u00fcndem beri her \u015feyimizi \u015feffaf olarak a\u00e7\u0131kl\u0131yoruz. Sabri Ba\u015fkan ve benim d\u00f6nemime denk geliyor. Beni ilgilendiren sadece 2 ayl\u0131k bir d\u00f6nem var\u201d s\u00f6zlerine yer verdi.\u00a0<\/p>\n<p>S\u00dcREM\u0130Z\u0130 TAMAMLAYACA\u011eIZ<\/p>\n<p>Antalyaspor\u2019un ya\u015fad\u0131\u011f\u0131 mali krizin ard\u0131ndan bir mucize ya\u015fad\u0131\u011f\u0131n\u0131 ifade eden Boztepe, \u201cBu \u015fehirde bizim ma\u00e7 ald\u0131\u011f\u0131m\u0131za, att\u0131\u011f\u0131m\u0131z gole sevinmeyenler var. Onlar\u0131n derdi Antalyaspor de\u011fil. \u015eu makam\u0131n bana bir katk\u0131s\u0131 yok fiziksel zarar\u0131 var. B\u00fct\u00fcn zorluklara ra\u011fmen k\u00f6t\u00fc g\u00fcnleri geride b\u0131rakt\u0131k. 1,5 y\u0131ll\u0131k s\u00fcremizi tamamlayaca\u011f\u0131z. Tak\u0131ma bir istikrar laz\u0131m. S\u00fcrekli y\u00f6netimin de\u011fi\u015fmesinin tak\u0131ma bir faydas\u0131 yok aksine zarar\u0131 var. Cefas\u0131n\u0131 \u00e7ok \u00e7ektik, \u00f6n\u00fcm\u00fczdeki y\u0131l g\u00fczel bir tak\u0131m kurmak istiyoruz\u201d a\u00e7\u0131klamas\u0131nda bulundu.\u00a0<\/p>\n<p>8-9 M\u0130LYON EURO ALACA\u011eI VAR<\/p>\n<p>Kul\u00fcp y\u00f6netiminin tak\u0131mdan alaca\u011f\u0131 miktar\u0131 da a\u00e7\u0131klayan Boztepe, \u201cAntalyaspor\u2019u y\u00f6netenlerin \u015fuanda tak\u0131mdan 8-9 milyon euro alaca\u011f\u0131 var. Biletleri 77 TL yapt\u0131k buna ra\u011fmen bilet y\u00fcklenmesi i\u00e7in bizi ar\u0131yorlar. Elimizde bir s\u00fcr\u00fc proje var. Bunlar\u0131 yava\u015f yava\u015f harekete ge\u00e7iriyoruz. Yazmak d\u0131\u015far\u0131dan \u00e7ok kolay, gelsinler burada g\u00f6relim. Antalyaspor\u2019a g\u00f6n\u00fcl veren 11-12 ki\u015fi ile b\u00fcy\u00fck bir m\u00fccadele veriyoruz\u201d s\u00f6zlerine yer verdi.<\/p>\n<p>ELEKTR\u0130K G\u0130DER\u0130 750 B\u0130N TL<\/p>\n<p>Boztepe, \u201cGES konusunda b\u00fcy\u00fck bir \u00e7al\u0131\u015fma tamamlanmak \u00fczere. 9 ayr\u0131 \u00fcnitede yap\u0131lacak. Otoparklar en son yap\u0131lacak. Bu konu art niyetli bir konu olarak g\u00fcndemde yer ald\u0131. Proje gecikmeli olarak bitecek, bu do\u011frudur. Kas\u0131m 2024\u2019te aktif olmas\u0131 gerekiyordu. Tamamland\u0131\u011f\u0131nda tesislerin elektrik giderini birebir kar\u015f\u0131layacak. Ayl\u0131k elektrik harcamas\u0131 300-400 bin t\u00fcm birimlere bakarsak 750 bin TL\u2019yi buluyor\u201d dedi.\u00a0<\/p>\n<p>YAZIP \u00c7\u0130ZENLER VAR<\/p>\n<p>Yeni sezon planlamas\u0131 hakk\u0131nda Boztepe, \u201cEmre Bel\u00f6zo\u011flu ile 1,5 y\u0131ll\u0131k bir imzam\u0131z var. Yeni sezonda \u00f6ncelikli hedefimiz elimizde tutmam\u0131z gereken futbolcular\u0131n s\u00f6zle\u015fmelerini yenilemek olacak. Bu sezon ligde 42 puan \u00e7ok \u00f6nemli. Mutlaka toplamam\u0131z gerekir. Bizim i\u00e7in \u00e7ok kirik bir puand\u0131r. Y\u00f6netici olarak hatalar\u0131m\u0131z bize bir tecr\u00fcbe kazand\u0131rd\u0131. Ben sosyal medya takip etmiyorum. Ama bak\u0131yorum yaz\u0131p \u00e7izenler var.\u00a0<\/p>\n<p>31 M\u0130LYON TL BORCUMUZ VAR<\/p>\n<p>Antalyaspor\u2019un borcunu a\u00e7\u0131klayan Ba\u015fkan Sinan Boztepe, \u201c18 Mart\u2019ta ger\u00e7ekle\u015ftirilecek olan Mali Genel Kurulda rakamlar\u0131 tek tek anlataca\u011f\u0131z. Sadece Ali \u015eafak \u00d6zt\u00fcrk y\u00f6netiminden \u00d6zt\u00fcrk ailesine y\u00f6nelik borcumuz \u015fuan net 63 milyon euro olarak duruyor. Bunun \u00f6ncesinde 20 milyon euro tutar\u0131nda bir borcu da \u00f6dedik. Biz ald\u0131\u011f\u0131m\u0131zda 24 milyon euro bor\u00e7la devir ald\u0131k. \u015euanda da 31 milyon TL borcumuz var\u201d dedi.\u00a0<\/p>\n<p>150 M\u0130LYONA \u0130HT\u0130YACIMIZ VAR<\/p>\n<p>Galatasaray ma\u00e7\u0131 i\u00e7in g\u00f6r\u00fc\u015flerini a\u00e7\u0131klayan Boztepe, \u201cRakibin kimin oldu\u011funun \u00f6nemi yok. Her bir ma\u00e7a inanarak \u00e7\u0131k\u0131yoruz. Ba\u015farmak i\u00e7in \u00e7\u0131k\u0131yoruz. Puan ya da puanlar almak i\u00e7in sahada olaca\u011f\u0131z\u201d dedi. T\u00fcrk futbolcular\u0131n maa\u015flar\u0131n\u0131n sezon sonuna kadar olan b\u00f6l\u00fcm\u00fcn \u00f6dendi\u011fini ifade eden Boztepe, \u201cYabanc\u0131 futbolcular da ihtar \u00e7ekiyor \u00f6d\u00fcyoruz. Kendi kendimizin b\u00fct\u00e7esini \u00f6dememiz gerekir. \u015euanda sezon sonuna kadar 150 milyon TL paraya ihtiyac\u0131m\u0131z var. Antalyaspor\u2019a ayl\u0131k d\u00fczenli gelen bir gelir yok\u201d s\u00f6zlerine yer verdi.<\/p>\n<p>\u200bBir s\u00fcredir mali krizle m\u00fccadele eden Antalyaspor\u2019da Ba\u015fkan Sinan Boztepe gazeteciler ile bir araya gelerek kul\u00fcb\u00fcn mali durumu ve ligdeki konumuna y\u00f6nelik \u00f6nemli a\u00e7\u0131klamalarda bulundu. Boztepe\u2019nin \u00f6ncelikli g\u00fcndeminde tak\u0131m\u0131n borcu ve tak\u0131m\u0131 sezon sonuna sahada tutacak para miktar\u0131 yer ald\u0131. \u0130\u015fte a\u00e7\u0131klamalar\u0131n detaylar\u0131\u2026\u00a0<\/p>\n<p>\u200bHaberin Al\u0131nt\u0131land\u0131\u011f\u0131 Kaynak: www.antalyakorfez.com<\/p>","protected":false},"excerpt":{"rendered":"<p>Antalyaspor Ba\u015fkan\u0131 Sinan Boztepe, Atilla Vehbi Konuk Tesisleri\u2019nde gazeteciler ile bir araya gelerek g\u00fcndemdeki konulara y\u00f6nelik a\u00e7\u0131klamalarda buldu. Ba\u015fkan Boztepe\u2019nin g\u00fcndeminde kul\u00fcb\u00fcn borcu, mali genel kurul, tak\u0131m\u0131n ligdeki yeri, GES projesi, hafriyat ve kul\u00fcb\u00fcn gelirleri gibi \u00f6nemli konular yer ald\u0131. Ba\u015fkan Boztepe, genel kurulda ibra edilip edilmeyeceklerine de yer verdi. Kamuoyunda tart\u0131\u015f\u0131lan b\u00fct\u00fcn konulara cevap veren Boztepe, Antalyaspor\u2019a sahip \u00e7\u0131k\u0131lmad\u0131\u011f\u0131n\u0131 da dile getirdi.\u00a0 BEN\u0130 \u0130LG\u0130LEND\u0130REN 2 AY VAR Genel kurulda y\u00f6netimin ibra edilip edilmeyece\u011fi y\u00f6n\u00fcnde soruya cevap veren Boztepe, \u201cGenel kurulda y\u00f6netimin ibra edilmemesi gibi bir durum yok. Sadece benim d\u00f6nemimin ibras\u0131 olmayacak. Beni ilgilendiren sadece 2 ay var. Benim y\u00f6netim s\u00fcrecimi ilgilendiren mali kurul \u00f6n\u00fcm\u00fczdeki a\u011fustos ay\u0131nda yap\u0131lacak. D\u0131\u015far\u0131da y\u00f6netimin ibra edilmeyece\u011fi y\u00f6n\u00fcnde bir bilgi kirlili\u011fi var. Biz ilk g\u00fcndem beri her \u015feyimizi \u015feffaf olarak a\u00e7\u0131kl\u0131yoruz. Sabri Ba\u015fkan ve benim d\u00f6nemime denk geliyor. Beni ilgilendiren sadece 2 ayl\u0131k bir d\u00f6nem var\u201d s\u00f6zlerine yer verdi.\u00a0 S\u00dcREM\u0130Z\u0130 TAMAMLAYACA\u011eIZ Antalyaspor\u2019un ya\u015fad\u0131\u011f\u0131 mali krizin ard\u0131ndan bir mucize ya\u015fad\u0131\u011f\u0131n\u0131 ifade eden Boztepe, \u201cBu \u015fehirde bizim ma\u00e7 ald\u0131\u011f\u0131m\u0131za, att\u0131\u011f\u0131m\u0131z gole sevinmeyenler var. Onlar\u0131n derdi Antalyaspor de\u011fil. \u015eu makam\u0131n bana bir katk\u0131s\u0131 yok fiziksel zarar\u0131 var. B\u00fct\u00fcn zorluklara ra\u011fmen k\u00f6t\u00fc g\u00fcnleri geride b\u0131rakt\u0131k. 1,5 y\u0131ll\u0131k s\u00fcremizi tamamlayaca\u011f\u0131z. Tak\u0131ma bir istikrar laz\u0131m. S\u00fcrekli y\u00f6netimin de\u011fi\u015fmesinin tak\u0131ma bir &hellip;<\/p>","protected":false},"author":5,"featured_media":0,"comment_status":"open","ping_status":"open","sticky":false,"template":"","format":"standard","meta":{"_acf_changed":false,"footnotes":""},"categories":[24],"tags":[],"class_list":["post-35404","post","type-post","status-publish","format-standard","has-post-thumbnail","hentry","category-gundem"],"acf":[],"yoast_head":"<!-- This site is optimized with the Yoast SEO Premium plugin v26.6 (Yoast SEO v27.1.1) - https:\/\/yoast.com\/product\/yoast-seo-premium-wordpress\/ -->\n<title>Antalyaspor\u2019dan son dakika bor\u00e7 a\u00e7\u0131klamas\u0131: \u0130\u015fte tak\u0131m\u0131 sahada tutacak para miktar\u0131 - Av. Deniz Can K\u0131z\u0131l<\/title>\n<meta name=\"robots\" content=\"index, follow, max-snippet:-1, max-image-preview:large, max-video-preview:-1\" \/>\n<link rel=\"canonical\" href=\"https:\/\/denizcankizil.tr\/de\/haberler\/gundem\/antalyaspordan-son-dakika-borc-aciklamasi-iste-takimi-sahada-tutacak-para-miktari\/\" \/>\n<meta property=\"og:locale\" content=\"de_DE\" \/>\n<meta property=\"og:type\" content=\"article\" \/>\n<meta property=\"og:title\" content=\"Antalyaspor\u2019dan son dakika bor\u00e7 a\u00e7\u0131klamas\u0131: \u0130\u015fte tak\u0131m\u0131 sahada tutacak para miktar\u0131\" \/>\n<meta property=\"og:description\" content=\"Antalyaspor Ba\u015fkan\u0131 Sinan Boztepe, Atilla Vehbi Konuk Tesisleri\u2019nde gazeteciler ile bir araya gelerek g\u00fcndemdeki konulara y\u00f6nelik a\u00e7\u0131klamalarda buldu. Ba\u015fkan Boztepe\u2019nin g\u00fcndeminde kul\u00fcb\u00fcn borcu, mali genel kurul, tak\u0131m\u0131n ligdeki yeri, GES projesi, hafriyat ve kul\u00fcb\u00fcn gelirleri gibi \u00f6nemli konular yer ald\u0131. Ba\u015fkan Boztepe, genel kurulda ibra edilip edilmeyeceklerine de yer verdi. Kamuoyunda tart\u0131\u015f\u0131lan b\u00fct\u00fcn konulara cevap veren Boztepe, Antalyaspor\u2019a sahip \u00e7\u0131k\u0131lmad\u0131\u011f\u0131n\u0131 da dile getirdi.\u00a0 BEN\u0130 \u0130LG\u0130LEND\u0130REN 2 AY VAR Genel kurulda y\u00f6netimin ibra edilip edilmeyece\u011fi y\u00f6n\u00fcnde soruya cevap veren Boztepe, \u201cGenel kurulda y\u00f6netimin ibra edilmemesi gibi bir durum yok. Sadece benim d\u00f6nemimin ibras\u0131 olmayacak. Beni ilgilendiren sadece 2 ay var. Benim y\u00f6netim s\u00fcrecimi ilgilendiren mali kurul \u00f6n\u00fcm\u00fczdeki a\u011fustos ay\u0131nda yap\u0131lacak. D\u0131\u015far\u0131da y\u00f6netimin ibra edilmeyece\u011fi y\u00f6n\u00fcnde bir bilgi kirlili\u011fi var. Biz ilk g\u00fcndem beri her \u015feyimizi \u015feffaf olarak a\u00e7\u0131kl\u0131yoruz. Sabri Ba\u015fkan ve benim d\u00f6nemime denk geliyor. Beni ilgilendiren sadece 2 ayl\u0131k bir d\u00f6nem var\u201d s\u00f6zlerine yer verdi.\u00a0 S\u00dcREM\u0130Z\u0130 TAMAMLAYACA\u011eIZ Antalyaspor\u2019un ya\u015fad\u0131\u011f\u0131 mali krizin ard\u0131ndan bir mucize ya\u015fad\u0131\u011f\u0131n\u0131 ifade eden Boztepe, \u201cBu \u015fehirde bizim ma\u00e7 ald\u0131\u011f\u0131m\u0131za, att\u0131\u011f\u0131m\u0131z gole sevinmeyenler var. Onlar\u0131n derdi Antalyaspor de\u011fil. \u015eu makam\u0131n bana bir katk\u0131s\u0131 yok fiziksel zarar\u0131 var. B\u00fct\u00fcn zorluklara ra\u011fmen k\u00f6t\u00fc g\u00fcnleri geride b\u0131rakt\u0131k. 1,5 y\u0131ll\u0131k s\u00fcremizi tamamlayaca\u011f\u0131z. Tak\u0131ma bir istikrar laz\u0131m. S\u00fcrekli y\u00f6netimin de\u011fi\u015fmesinin tak\u0131ma bir &hellip;\" \/>\n<meta property=\"og:url\" content=\"https:\/\/denizcankizil.tr\/de\/haberler\/gundem\/antalyaspordan-son-dakika-borc-aciklamasi-iste-takimi-sahada-tutacak-para-miktari\/\" \/>\n<meta property=\"og:site_name\" content=\"Av. Deniz Can K\u0131z\u0131l\" \/>\n<meta property=\"article:published_time\" content=\"2025-03-11T13:41:39+00:00\" \/>\n<meta name=\"author\" content=\"Antalya K\u00f6rfez\" \/>\n<meta name=\"twitter:card\" content=\"summary_large_image\" \/>\n<meta name=\"twitter:label1\" content=\"Verfasst von\" \/>\n\t<meta name=\"twitter:data1\" content=\"Antalya K\u00f6rfez\" \/>\n\t<meta name=\"twitter:label2\" content=\"Gesch\u00e4tzte Lesezeit\" \/>\n\t<meta name=\"twitter:data2\" content=\"4\u00a0Minuten\" \/>\n<script type=\"application\/ld+json\" class=\"yoast-schema-graph\">{\"@context\":\"https:\/\/schema.org\",\"@graph\":[{\"@type\":\"Article\",\"@id\":\"https:\/\/denizcankizil.tr\/ru\/haberler\/gundem\/antalyaspordan-son-dakika-borc-aciklamasi-iste-takimi-sahada-tutacak-para-miktari\/#article\",\"isPartOf\":{\"@id\":\"https:\/\/denizcankizil.tr\/ru\/haberler\/gundem\/antalyaspordan-son-dakika-borc-aciklamasi-iste-takimi-sahada-tutacak-para-miktari\/\"},\"author\":{\"name\":\"Antalya K\u00f6rfez\",\"@id\":\"https:\/\/denizcankizil.tr\/de\/#\/schema\/person\/e1eb71bb4dd684d46563f0af307e1234\"},\"headline\":\"Antalyaspor\u2019dan son dakika bor\u00e7 a\u00e7\u0131klamas\u0131: \u0130\u015fte tak\u0131m\u0131 sahada tutacak para miktar\u0131\",\"datePublished\":\"2025-03-11T13:41:39+00:00\",\"mainEntityOfPage\":{\"@id\":\"https:\/\/denizcankizil.tr\/ru\/haberler\/gundem\/antalyaspordan-son-dakika-borc-aciklamasi-iste-takimi-sahada-tutacak-para-miktari\/\"},\"wordCount\":807,\"commentCount\":0,\"publisher\":{\"@id\":\"https:\/\/denizcankizil.tr\/de\/#organization\"},\"articleSection\":[\"G\u00fcndem\"],\"inLanguage\":\"de\",\"potentialAction\":[{\"@type\":\"CommentAction\",\"name\":\"Comment\",\"target\":[\"https:\/\/denizcankizil.tr\/ru\/haberler\/gundem\/antalyaspordan-son-dakika-borc-aciklamasi-iste-takimi-sahada-tutacak-para-miktari\/#respond\"]}]},{\"@type\":\"WebPage\",\"@id\":\"https:\/\/denizcankizil.tr\/ru\/haberler\/gundem\/antalyaspordan-son-dakika-borc-aciklamasi-iste-takimi-sahada-tutacak-para-miktari\/\",\"url\":\"https:\/\/denizcankizil.tr\/ru\/haberler\/gundem\/antalyaspordan-son-dakika-borc-aciklamasi-iste-takimi-sahada-tutacak-para-miktari\/\",\"name\":\"Antalyaspor\u2019dan son dakika bor\u00e7 a\u00e7\u0131klamas\u0131: \u0130\u015fte tak\u0131m\u0131 sahada tutacak para miktar\u0131 - Av. Deniz Can K\u0131z\u0131l\",\"isPartOf\":{\"@id\":\"https:\/\/denizcankizil.tr\/de\/#website\"},\"datePublished\":\"2025-03-11T13:41:39+00:00\",\"breadcrumb\":{\"@id\":\"https:\/\/denizcankizil.tr\/ru\/haberler\/gundem\/antalyaspordan-son-dakika-borc-aciklamasi-iste-takimi-sahada-tutacak-para-miktari\/#breadcrumb\"},\"inLanguage\":\"de\",\"potentialAction\":[{\"@type\":\"ReadAction\",\"target\":[\"https:\/\/denizcankizil.tr\/ru\/haberler\/gundem\/antalyaspordan-son-dakika-borc-aciklamasi-iste-takimi-sahada-tutacak-para-miktari\/\"]}]},{\"@type\":\"BreadcrumbList\",\"@id\":\"https:\/\/denizcankizil.tr\/ru\/haberler\/gundem\/antalyaspordan-son-dakika-borc-aciklamasi-iste-takimi-sahada-tutacak-para-miktari\/#breadcrumb\",\"itemListElement\":[{\"@type\":\"ListItem\",\"position\":1,\"name\":\"Home\",\"item\":\"https:\/\/denizcankizil.tr\/de\/\"},{\"@type\":\"ListItem\",\"position\":2,\"name\":\"Antalyaspor\u2019dan son dakika bor\u00e7 a\u00e7\u0131klamas\u0131: \u0130\u015fte tak\u0131m\u0131 sahada tutacak para miktar\u0131\"}]},{\"@type\":\"WebSite\",\"@id\":\"https:\/\/denizcankizil.tr\/de\/#website\",\"url\":\"https:\/\/denizcankizil.tr\/de\/\",\"name\":\"Av. Deniz Can K\u0131z\u0131l\",\"description\":\"Avukat Deniz Can K\u0131z\u0131l Antalya Barosu\",\"publisher\":{\"@id\":\"https:\/\/denizcankizil.tr\/de\/#organization\"},\"potentialAction\":[{\"@type\":\"SearchAction\",\"target\":{\"@type\":\"EntryPoint\",\"urlTemplate\":\"https:\/\/denizcankizil.tr\/de\/?s={search_term_string}\"},\"query-input\":{\"@type\":\"PropertyValueSpecification\",\"valueRequired\":true,\"valueName\":\"search_term_string\"}}],\"inLanguage\":\"de\"},{\"@type\":\"Organization\",\"@id\":\"https:\/\/denizcankizil.tr\/de\/#organization\",\"name\":\"Av. Deniz Can K\u0131z\u0131l\",\"url\":\"https:\/\/denizcankizil.tr\/de\/\",\"logo\":{\"@type\":\"ImageObject\",\"inLanguage\":\"de\",\"@id\":\"https:\/\/denizcankizil.tr\/de\/#\/schema\/logo\/image\/\",\"url\":\"https:\/\/denizcankizil.tr\/wp-content\/uploads\/2024\/10\/siyah-logo-svg.svg\",\"contentUrl\":\"https:\/\/denizcankizil.tr\/wp-content\/uploads\/2024\/10\/siyah-logo-svg.svg\",\"width\":1080,\"height\":1080,\"caption\":\"Av. Deniz Can K\u0131z\u0131l\"},\"image\":{\"@id\":\"https:\/\/denizcankizil.tr\/de\/#\/schema\/logo\/image\/\"}},{\"@type\":\"Person\",\"@id\":\"https:\/\/denizcankizil.tr\/de\/#\/schema\/person\/e1eb71bb4dd684d46563f0af307e1234\",\"name\":\"Antalya K\u00f6rfez\",\"image\":{\"@type\":\"ImageObject\",\"inLanguage\":\"de\",\"@id\":\"https:\/\/denizcankizil.tr\/de\/#\/schema\/person\/image\/\",\"url\":\"https:\/\/secure.gravatar.com\/avatar\/42b01982558a48a0b501fdcab6a408d3717ea5919095ee2e67b0e521799c5905?s=96&d=mm&r=g\",\"contentUrl\":\"https:\/\/secure.gravatar.com\/avatar\/42b01982558a48a0b501fdcab6a408d3717ea5919095ee2e67b0e521799c5905?s=96&d=mm&r=g\",\"caption\":\"Antalya K\u00f6rfez\"},\"sameAs\":[\"http:\/\/www.antalyakorfez.com\"],\"url\":\"https:\/\/www.antalyakorfez.com\/antalyaspordan-son-dakika-borc-aciklamasi-iste-takimi-sahada-tutacak-para-miktari\"}]}<\/script>\n<!-- \/ Yoast SEO Premium plugin. -->","yoast_head_json":{"title":"Antalyaspor\u2019dan son dakika bor\u00e7 a\u00e7\u0131klamas\u0131: \u0130\u015fte tak\u0131m\u0131 sahada tutacak para miktar\u0131 - Av. Deniz Can K\u0131z\u0131l","robots":{"index":"index","follow":"follow","max-snippet":"max-snippet:-1","max-image-preview":"max-image-preview:large","max-video-preview":"max-video-preview:-1"},"canonical":"https:\/\/denizcankizil.tr\/de\/haberler\/gundem\/antalyaspordan-son-dakika-borc-aciklamasi-iste-takimi-sahada-tutacak-para-miktari\/","og_locale":"de_DE","og_type":"article","og_title":"Antalyaspor\u2019dan son dakika bor\u00e7 a\u00e7\u0131klamas\u0131: \u0130\u015fte tak\u0131m\u0131 sahada tutacak para miktar\u0131","og_description":"Antalyaspor Ba\u015fkan\u0131 Sinan Boztepe, Atilla Vehbi Konuk Tesisleri\u2019nde gazeteciler ile bir araya gelerek g\u00fcndemdeki konulara y\u00f6nelik a\u00e7\u0131klamalarda buldu. Ba\u015fkan Boztepe\u2019nin g\u00fcndeminde kul\u00fcb\u00fcn borcu, mali genel kurul, tak\u0131m\u0131n ligdeki yeri, GES projesi, hafriyat ve kul\u00fcb\u00fcn gelirleri gibi \u00f6nemli konular yer ald\u0131. Ba\u015fkan Boztepe, genel kurulda ibra edilip edilmeyeceklerine de yer verdi. Kamuoyunda tart\u0131\u015f\u0131lan b\u00fct\u00fcn konulara cevap veren Boztepe, Antalyaspor\u2019a sahip \u00e7\u0131k\u0131lmad\u0131\u011f\u0131n\u0131 da dile getirdi.\u00a0 BEN\u0130 \u0130LG\u0130LEND\u0130REN 2 AY VAR Genel kurulda y\u00f6netimin ibra edilip edilmeyece\u011fi y\u00f6n\u00fcnde soruya cevap veren Boztepe, \u201cGenel kurulda y\u00f6netimin ibra edilmemesi gibi bir durum yok. Sadece benim d\u00f6nemimin ibras\u0131 olmayacak. Beni ilgilendiren sadece 2 ay var. Benim y\u00f6netim s\u00fcrecimi ilgilendiren mali kurul \u00f6n\u00fcm\u00fczdeki a\u011fustos ay\u0131nda yap\u0131lacak. D\u0131\u015far\u0131da y\u00f6netimin ibra edilmeyece\u011fi y\u00f6n\u00fcnde bir bilgi kirlili\u011fi var. Biz ilk g\u00fcndem beri her \u015feyimizi \u015feffaf olarak a\u00e7\u0131kl\u0131yoruz. Sabri Ba\u015fkan ve benim d\u00f6nemime denk geliyor. Beni ilgilendiren sadece 2 ayl\u0131k bir d\u00f6nem var\u201d s\u00f6zlerine yer verdi.\u00a0 S\u00dcREM\u0130Z\u0130 TAMAMLAYACA\u011eIZ Antalyaspor\u2019un ya\u015fad\u0131\u011f\u0131 mali krizin ard\u0131ndan bir mucize ya\u015fad\u0131\u011f\u0131n\u0131 ifade eden Boztepe, \u201cBu \u015fehirde bizim ma\u00e7 ald\u0131\u011f\u0131m\u0131za, att\u0131\u011f\u0131m\u0131z gole sevinmeyenler var. Onlar\u0131n derdi Antalyaspor de\u011fil. \u015eu makam\u0131n bana bir katk\u0131s\u0131 yok fiziksel zarar\u0131 var. B\u00fct\u00fcn zorluklara ra\u011fmen k\u00f6t\u00fc g\u00fcnleri geride b\u0131rakt\u0131k. 1,5 y\u0131ll\u0131k s\u00fcremizi tamamlayaca\u011f\u0131z. Tak\u0131ma bir istikrar laz\u0131m. S\u00fcrekli y\u00f6netimin de\u011fi\u015fmesinin tak\u0131ma bir &hellip;","og_url":"https:\/\/denizcankizil.tr\/de\/haberler\/gundem\/antalyaspordan-son-dakika-borc-aciklamasi-iste-takimi-sahada-tutacak-para-miktari\/","og_site_name":"Av. Deniz Can K\u0131z\u0131l","article_published_time":"2025-03-11T13:41:39+00:00","author":"Antalya K\u00f6rfez","twitter_card":"summary_large_image","twitter_misc":{"Verfasst von":"Antalya K\u00f6rfez","Gesch\u00e4tzte Lesezeit":"4\u00a0Minuten"},"schema":{"@context":"https:\/\/schema.org","@graph":[{"@type":"Article","@id":"https:\/\/denizcankizil.tr\/ru\/haberler\/gundem\/antalyaspordan-son-dakika-borc-aciklamasi-iste-takimi-sahada-tutacak-para-miktari\/#article","isPartOf":{"@id":"https:\/\/denizcankizil.tr\/ru\/haberler\/gundem\/antalyaspordan-son-dakika-borc-aciklamasi-iste-takimi-sahada-tutacak-para-miktari\/"},"author":{"name":"Antalya K\u00f6rfez","@id":"https:\/\/denizcankizil.tr\/de\/#\/schema\/person\/e1eb71bb4dd684d46563f0af307e1234"},"headline":"Antalyaspor\u2019dan son dakika bor\u00e7 a\u00e7\u0131klamas\u0131: \u0130\u015fte tak\u0131m\u0131 sahada tutacak para miktar\u0131","datePublished":"2025-03-11T13:41:39+00:00","mainEntityOfPage":{"@id":"https:\/\/denizcankizil.tr\/ru\/haberler\/gundem\/antalyaspordan-son-dakika-borc-aciklamasi-iste-takimi-sahada-tutacak-para-miktari\/"},"wordCount":807,"commentCount":0,"publisher":{"@id":"https:\/\/denizcankizil.tr\/de\/#organization"},"articleSection":["G\u00fcndem"],"inLanguage":"de","potentialAction":[{"@type":"CommentAction","name":"Comment","target":["https:\/\/denizcankizil.tr\/ru\/haberler\/gundem\/antalyaspordan-son-dakika-borc-aciklamasi-iste-takimi-sahada-tutacak-para-miktari\/#respond"]}]},{"@type":"WebPage","@id":"https:\/\/denizcankizil.tr\/ru\/haberler\/gundem\/antalyaspordan-son-dakika-borc-aciklamasi-iste-takimi-sahada-tutacak-para-miktari\/","url":"https:\/\/denizcankizil.tr\/ru\/haberler\/gundem\/antalyaspordan-son-dakika-borc-aciklamasi-iste-takimi-sahada-tutacak-para-miktari\/","name":"Antalyaspor\u2019dan son dakika bor\u00e7 a\u00e7\u0131klamas\u0131: \u0130\u015fte tak\u0131m\u0131 sahada tutacak para miktar\u0131 - Av. Deniz Can K\u0131z\u0131l","isPartOf":{"@id":"https:\/\/denizcankizil.tr\/de\/#website"},"datePublished":"2025-03-11T13:41:39+00:00","breadcrumb":{"@id":"https:\/\/denizcankizil.tr\/ru\/haberler\/gundem\/antalyaspordan-son-dakika-borc-aciklamasi-iste-takimi-sahada-tutacak-para-miktari\/#breadcrumb"},"inLanguage":"de","potentialAction":[{"@type":"ReadAction","target":["https:\/\/denizcankizil.tr\/ru\/haberler\/gundem\/antalyaspordan-son-dakika-borc-aciklamasi-iste-takimi-sahada-tutacak-para-miktari\/"]}]},{"@type":"BreadcrumbList","@id":"https:\/\/denizcankizil.tr\/ru\/haberler\/gundem\/antalyaspordan-son-dakika-borc-aciklamasi-iste-takimi-sahada-tutacak-para-miktari\/#breadcrumb","itemListElement":[{"@type":"ListItem","position":1,"name":"Home","item":"https:\/\/denizcankizil.tr\/de\/"},{"@type":"ListItem","position":2,"name":"Antalyaspor\u2019dan son dakika bor\u00e7 a\u00e7\u0131klamas\u0131: \u0130\u015fte tak\u0131m\u0131 sahada tutacak para miktar\u0131"}]},{"@type":"WebSite","@id":"https:\/\/denizcankizil.tr\/de\/#website","url":"https:\/\/denizcankizil.tr\/de\/","name":"Av. Deniz Can K\u0131z\u0131l","description":"Avukat Deniz Can K\u0131z\u0131l Antalya Barosu","publisher":{"@id":"https:\/\/denizcankizil.tr\/de\/#organization"},"potentialAction":[{"@type":"SearchAction","target":{"@type":"EntryPoint","urlTemplate":"https:\/\/denizcankizil.tr\/de\/?s={search_term_string}"},"query-input":{"@type":"PropertyValueSpecification","valueRequired":true,"valueName":"search_term_string"}}],"inLanguage":"de"},{"@type":"Organization","@id":"https:\/\/denizcankizil.tr\/de\/#organization","name":"Av. Deniz Can K\u0131z\u0131l","url":"https:\/\/denizcankizil.tr\/de\/","logo":{"@type":"ImageObject","inLanguage":"de","@id":"https:\/\/denizcankizil.tr\/de\/#\/schema\/logo\/image\/","url":"https:\/\/denizcankizil.tr\/wp-content\/uploads\/2024\/10\/siyah-logo-svg.svg","contentUrl":"https:\/\/denizcankizil.tr\/wp-content\/uploads\/2024\/10\/siyah-logo-svg.svg","width":1080,"height":1080,"caption":"Av. Deniz Can K\u0131z\u0131l"},"image":{"@id":"https:\/\/denizcankizil.tr\/de\/#\/schema\/logo\/image\/"}},{"@type":"Person","@id":"https:\/\/denizcankizil.tr\/de\/#\/schema\/person\/e1eb71bb4dd684d46563f0af307e1234","name":"Antalya K\u00f6rfez","image":{"@type":"ImageObject","inLanguage":"de","@id":"https:\/\/denizcankizil.tr\/de\/#\/schema\/person\/image\/","url":"https:\/\/secure.gravatar.com\/avatar\/42b01982558a48a0b501fdcab6a408d3717ea5919095ee2e67b0e521799c5905?s=96&d=mm&r=g","contentUrl":"https:\/\/secure.gravatar.com\/avatar\/42b01982558a48a0b501fdcab6a408d3717ea5919095ee2e67b0e521799c5905?s=96&d=mm&r=g","caption":"Antalya K\u00f6rfez"},"sameAs":["http:\/\/www.antalyakorfez.com"],"url":"https:\/\/www.antalyakorfez.com\/antalyaspordan-son-dakika-borc-aciklamasi-iste-takimi-sahada-tutacak-para-miktari"}]}},"_links":{"self":[{"href":"https:\/\/denizcankizil.tr\/de\/wp-json\/wp\/v2\/posts\/35404","targetHints":{"allow":["GET"]}}],"collection":[{"href":"https:\/\/denizcankizil.tr\/de\/wp-json\/wp\/v2\/posts"}],"about":[{"href":"https:\/\/denizcankizil.tr\/de\/wp-json\/wp\/v2\/types\/post"}],"author":[{"embeddable":true,"href":"https:\/\/denizcankizil.tr\/de\/wp-json\/wp\/v2\/users\/5"}],"replies":[{"embeddable":true,"href":"https:\/\/denizcankizil.tr\/de\/wp-json\/wp\/v2\/comments?post=35404"}],"version-history":[{"count":0,"href":"https:\/\/denizcankizil.tr\/de\/wp-json\/wp\/v2\/posts\/35404\/revisions"}],"wp:attachment":[{"href":"https:\/\/denizcankizil.tr\/de\/wp-json\/wp\/v2\/media?parent=35404"}],"wp:term":[{"taxonomy":"category","embeddable":true,"href":"https:\/\/denizcankizil.tr\/de\/wp-json\/wp\/v2\/categories?post=35404"},{"taxonomy":"post_tag","embeddable":true,"href":"https:\/\/denizcankizil.tr\/de\/wp-json\/wp\/v2\/tags?post=35404"}],"curies":[{"name":"wp","href":"https:\/\/api.w.org\/{rel}","templated":true}]}}