{"id":35324,"date":"2025-03-11T07:41:38","date_gmt":"2025-03-11T04:41:38","guid":{"rendered":"https:\/\/denizcankizil.tr\/uncategorized-tr\/esiyle-birlikte-studyoya-girecek\/"},"modified":"2025-03-11T07:41:38","modified_gmt":"2025-03-11T04:41:38","slug":"esiyle-birlikte-studyoya-girecek","status":"publish","type":"post","link":"https:\/\/denizcankizil.tr\/de\/haberler\/gundem\/esiyle-birlikte-studyoya-girecek\/","title":{"rendered":"E\u015fiyle birlikte st\u00fcdyoya girecek"},"content":{"rendered":"<p>Bir s\u00fcre \u00f6nce piyasaya s\u00fcrd\u00fc\u011f\u00fc \u2018Sevdi\u011fim \u0130\u00e7in\u2019 isimli \u015fark\u0131s\u0131yla b\u00fcy\u00fck \u00e7\u0131k\u0131\u015f yakalayan Mehmet Mert D\u00f6nmez, yeni \u015fark\u0131s\u0131 i\u00e7in e\u015fi G\u00fclen D\u00f6nmez, ile st\u00fcdyoya giriyor.<\/p>\n<p>\u200bBir s\u00fcre \u00f6nce piyasaya s\u00fcrd\u00fc\u011f\u00fc \u2018Sevdi\u011fim \u0130\u00e7in\u2019 isimli \u015fark\u0131s\u0131yla b\u00fcy\u00fck \u00e7\u0131k\u0131\u015f yakalayan Mehmet Mert D\u00f6nmez, yeni \u015fark\u0131s\u0131 i\u00e7in e\u015fi G\u00fclen D\u00f6nmez, ile st\u00fcdyoya giriyor.\u00a0<\/p>\n<p>\u200bHaberin Al\u0131nt\u0131land\u0131\u011f\u0131 Kaynak: www.iskenderun.org<\/p>","protected":false},"excerpt":{"rendered":"<p>Bir s\u00fcre \u00f6nce piyasaya s\u00fcrd\u00fc\u011f\u00fc \u2018Sevdi\u011fim \u0130\u00e7in\u2019 isimli \u015fark\u0131s\u0131yla b\u00fcy\u00fck \u00e7\u0131k\u0131\u015f yakalayan Mehmet Mert D\u00f6nmez, yeni \u015fark\u0131s\u0131 i\u00e7in e\u015fi G\u00fclen D\u00f6nmez, ile st\u00fcdyoya giriyor. \u200bBir s\u00fcre \u00f6nce piyasaya s\u00fcrd\u00fc\u011f\u00fc \u2018Sevdi\u011fim \u0130\u00e7in\u2019 isimli \u015fark\u0131s\u0131yla b\u00fcy\u00fck \u00e7\u0131k\u0131\u015f yakalayan Mehmet Mert D\u00f6nmez, yeni \u015fark\u0131s\u0131 i\u00e7in e\u015fi G\u00fclen D\u00f6nmez, ile st\u00fcdyoya giriyor.\u00a0 \u200bHaberin Al\u0131nt\u0131land\u0131\u011f\u0131 Kaynak: www.iskenderun.org<\/p>","protected":false},"author":1,"featured_media":0,"comment_status":"open","ping_status":"open","sticky":false,"template":"","format":"standard","meta":{"_acf_changed":false,"footnotes":""},"categories":[24],"tags":[],"class_list":["post-35324","post","type-post","status-publish","format-standard","has-post-thumbnail","hentry","category-gundem"],"acf":[],"yoast_head":"<!-- This site is optimized with the Yoast SEO Premium plugin v26.6 (Yoast SEO v27.1.1) - https:\/\/yoast.com\/product\/yoast-seo-premium-wordpress\/ -->\n<title>E\u015fiyle birlikte st\u00fcdyoya girecek - Av. Deniz Can K\u0131z\u0131l<\/title>\n<meta name=\"robots\" content=\"index, follow, max-snippet:-1, max-image-preview:large, max-video-preview:-1\" \/>\n<link rel=\"canonical\" href=\"https:\/\/denizcankizil.tr\/de\/haberler\/gundem\/esiyle-birlikte-studyoya-girecek\/\" \/>\n<meta property=\"og:locale\" content=\"de_DE\" \/>\n<meta property=\"og:type\" content=\"article\" \/>\n<meta property=\"og:title\" content=\"E\u015fiyle birlikte st\u00fcdyoya girecek\" \/>\n<meta property=\"og:description\" content=\"Bir s\u00fcre \u00f6nce piyasaya s\u00fcrd\u00fc\u011f\u00fc \u2018Sevdi\u011fim \u0130\u00e7in\u2019 isimli \u015fark\u0131s\u0131yla b\u00fcy\u00fck \u00e7\u0131k\u0131\u015f yakalayan Mehmet Mert D\u00f6nmez, yeni \u015fark\u0131s\u0131 i\u00e7in e\u015fi G\u00fclen D\u00f6nmez, ile st\u00fcdyoya giriyor. \u200bBir s\u00fcre \u00f6nce piyasaya s\u00fcrd\u00fc\u011f\u00fc \u2018Sevdi\u011fim \u0130\u00e7in\u2019 isimli \u015fark\u0131s\u0131yla b\u00fcy\u00fck \u00e7\u0131k\u0131\u015f yakalayan Mehmet Mert D\u00f6nmez, yeni \u015fark\u0131s\u0131 i\u00e7in e\u015fi G\u00fclen D\u00f6nmez, ile st\u00fcdyoya giriyor.\u00a0 \u200bHaberin Al\u0131nt\u0131land\u0131\u011f\u0131 Kaynak: www.iskenderun.org\" \/>\n<meta property=\"og:url\" content=\"https:\/\/denizcankizil.tr\/de\/haberler\/gundem\/esiyle-birlikte-studyoya-girecek\/\" \/>\n<meta property=\"og:site_name\" content=\"Av. Deniz Can K\u0131z\u0131l\" \/>\n<meta property=\"article:published_time\" content=\"2025-03-11T04:41:38+00:00\" \/>\n<meta name=\"author\" content=\"admin\" \/>\n<meta name=\"twitter:card\" content=\"summary_large_image\" \/>\n<meta name=\"twitter:label1\" content=\"Verfasst von\" \/>\n\t<meta name=\"twitter:data1\" content=\"admin\" \/>\n<script type=\"application\/ld+json\" class=\"yoast-schema-graph\">{\"@context\":\"https:\/\/schema.org\",\"@graph\":[{\"@type\":\"Article\",\"@id\":\"https:\/\/denizcankizil.tr\/de\/haberler\/gundem\/esiyle-birlikte-studyoya-girecek\/#article\",\"isPartOf\":{\"@id\":\"https:\/\/denizcankizil.tr\/de\/haberler\/gundem\/esiyle-birlikte-studyoya-girecek\/\"},\"author\":{\"name\":\"admin\",\"@id\":\"https:\/\/denizcankizil.tr\/#\/schema\/person\/be3c05fe6a12686905512445d8185489\"},\"headline\":\"E\u015fiyle birlikte st\u00fcdyoya girecek\",\"datePublished\":\"2025-03-11T04:41:38+00:00\",\"mainEntityOfPage\":{\"@id\":\"https:\/\/denizcankizil.tr\/de\/haberler\/gundem\/esiyle-birlikte-studyoya-girecek\/\"},\"wordCount\":90,\"commentCount\":0,\"publisher\":{\"@id\":\"https:\/\/denizcankizil.tr\/#organization\"},\"articleSection\":[\"G\u00fcndem\"],\"inLanguage\":\"de\",\"potentialAction\":[{\"@type\":\"CommentAction\",\"name\":\"Comment\",\"target\":[\"https:\/\/denizcankizil.tr\/de\/haberler\/gundem\/esiyle-birlikte-studyoya-girecek\/#respond\"]}]},{\"@type\":\"WebPage\",\"@id\":\"https:\/\/denizcankizil.tr\/de\/haberler\/gundem\/esiyle-birlikte-studyoya-girecek\/\",\"url\":\"https:\/\/denizcankizil.tr\/de\/haberler\/gundem\/esiyle-birlikte-studyoya-girecek\/\",\"name\":\"E\u015fiyle birlikte st\u00fcdyoya girecek - Av. Deniz Can K\u0131z\u0131l\",\"isPartOf\":{\"@id\":\"https:\/\/denizcankizil.tr\/#website\"},\"datePublished\":\"2025-03-11T04:41:38+00:00\",\"breadcrumb\":{\"@id\":\"https:\/\/denizcankizil.tr\/de\/haberler\/gundem\/esiyle-birlikte-studyoya-girecek\/#breadcrumb\"},\"inLanguage\":\"de\",\"potentialAction\":[{\"@type\":\"ReadAction\",\"target\":[\"https:\/\/denizcankizil.tr\/de\/haberler\/gundem\/esiyle-birlikte-studyoya-girecek\/\"]}]},{\"@type\":\"BreadcrumbList\",\"@id\":\"https:\/\/denizcankizil.tr\/de\/haberler\/gundem\/esiyle-birlikte-studyoya-girecek\/#breadcrumb\",\"itemListElement\":[{\"@type\":\"ListItem\",\"position\":1,\"name\":\"Home\",\"item\":\"https:\/\/denizcankizil.tr\/de\/\"},{\"@type\":\"ListItem\",\"position\":2,\"name\":\"E\u015fiyle birlikte st\u00fcdyoya girecek\"}]},{\"@type\":\"WebSite\",\"@id\":\"https:\/\/denizcankizil.tr\/#website\",\"url\":\"https:\/\/denizcankizil.tr\/\",\"name\":\"Av. Deniz Can K\u0131z\u0131l\",\"description\":\"Avukat Deniz Can K\u0131z\u0131l Antalya Barosu\",\"publisher\":{\"@id\":\"https:\/\/denizcankizil.tr\/#organization\"},\"potentialAction\":[{\"@type\":\"SearchAction\",\"target\":{\"@type\":\"EntryPoint\",\"urlTemplate\":\"https:\/\/denizcankizil.tr\/?s={search_term_string}\"},\"query-input\":{\"@type\":\"PropertyValueSpecification\",\"valueRequired\":true,\"valueName\":\"search_term_string\"}}],\"inLanguage\":\"de\"},{\"@type\":\"Organization\",\"@id\":\"https:\/\/denizcankizil.tr\/#organization\",\"name\":\"Av. Deniz Can K\u0131z\u0131l\",\"url\":\"https:\/\/denizcankizil.tr\/\",\"logo\":{\"@type\":\"ImageObject\",\"inLanguage\":\"de\",\"@id\":\"https:\/\/denizcankizil.tr\/#\/schema\/logo\/image\/\",\"url\":\"https:\/\/denizcankizil.tr\/wp-content\/uploads\/2024\/10\/siyah-logo-svg.svg\",\"contentUrl\":\"https:\/\/denizcankizil.tr\/wp-content\/uploads\/2024\/10\/siyah-logo-svg.svg\",\"width\":1080,\"height\":1080,\"caption\":\"Av. Deniz Can K\u0131z\u0131l\"},\"image\":{\"@id\":\"https:\/\/denizcankizil.tr\/#\/schema\/logo\/image\/\"}},{\"@type\":\"Person\",\"@id\":\"https:\/\/denizcankizil.tr\/#\/schema\/person\/be3c05fe6a12686905512445d8185489\",\"name\":\"admin\",\"image\":{\"@type\":\"ImageObject\",\"inLanguage\":\"de\",\"@id\":\"https:\/\/denizcankizil.tr\/#\/schema\/person\/image\/\",\"url\":\"https:\/\/secure.gravatar.com\/avatar\/c1fce94c830dc79107e174f890d7210541c4a63e8e5d816341794a2151c9d58c?s=96&d=mm&r=g\",\"contentUrl\":\"https:\/\/secure.gravatar.com\/avatar\/c1fce94c830dc79107e174f890d7210541c4a63e8e5d816341794a2151c9d58c?s=96&d=mm&r=g\",\"caption\":\"admin\"},\"sameAs\":[\"http:\/\/denizcankizil.tr\"],\"url\":\"https:\/\/www.iskenderun.org\/esiyle-birlikte-studyoya-girecek\"}]}<\/script>\n<!-- \/ Yoast SEO Premium plugin. -->","yoast_head_json":{"title":"E\u015fiyle birlikte st\u00fcdyoya girecek - Av. Deniz Can K\u0131z\u0131l","robots":{"index":"index","follow":"follow","max-snippet":"max-snippet:-1","max-image-preview":"max-image-preview:large","max-video-preview":"max-video-preview:-1"},"canonical":"https:\/\/denizcankizil.tr\/de\/haberler\/gundem\/esiyle-birlikte-studyoya-girecek\/","og_locale":"de_DE","og_type":"article","og_title":"E\u015fiyle birlikte st\u00fcdyoya girecek","og_description":"Bir s\u00fcre \u00f6nce piyasaya s\u00fcrd\u00fc\u011f\u00fc \u2018Sevdi\u011fim \u0130\u00e7in\u2019 isimli \u015fark\u0131s\u0131yla b\u00fcy\u00fck \u00e7\u0131k\u0131\u015f yakalayan Mehmet Mert D\u00f6nmez, yeni \u015fark\u0131s\u0131 i\u00e7in e\u015fi G\u00fclen D\u00f6nmez, ile st\u00fcdyoya giriyor. \u200bBir s\u00fcre \u00f6nce piyasaya s\u00fcrd\u00fc\u011f\u00fc \u2018Sevdi\u011fim \u0130\u00e7in\u2019 isimli \u015fark\u0131s\u0131yla b\u00fcy\u00fck \u00e7\u0131k\u0131\u015f yakalayan Mehmet Mert D\u00f6nmez, yeni \u015fark\u0131s\u0131 i\u00e7in e\u015fi G\u00fclen D\u00f6nmez, ile st\u00fcdyoya giriyor.\u00a0 \u200bHaberin Al\u0131nt\u0131land\u0131\u011f\u0131 Kaynak: www.iskenderun.org","og_url":"https:\/\/denizcankizil.tr\/de\/haberler\/gundem\/esiyle-birlikte-studyoya-girecek\/","og_site_name":"Av. Deniz Can K\u0131z\u0131l","article_published_time":"2025-03-11T04:41:38+00:00","author":"admin","twitter_card":"summary_large_image","twitter_misc":{"Verfasst von":"admin"},"schema":{"@context":"https:\/\/schema.org","@graph":[{"@type":"Article","@id":"https:\/\/denizcankizil.tr\/de\/haberler\/gundem\/esiyle-birlikte-studyoya-girecek\/#article","isPartOf":{"@id":"https:\/\/denizcankizil.tr\/de\/haberler\/gundem\/esiyle-birlikte-studyoya-girecek\/"},"author":{"name":"admin","@id":"https:\/\/denizcankizil.tr\/#\/schema\/person\/be3c05fe6a12686905512445d8185489"},"headline":"E\u015fiyle birlikte st\u00fcdyoya girecek","datePublished":"2025-03-11T04:41:38+00:00","mainEntityOfPage":{"@id":"https:\/\/denizcankizil.tr\/de\/haberler\/gundem\/esiyle-birlikte-studyoya-girecek\/"},"wordCount":90,"commentCount":0,"publisher":{"@id":"https:\/\/denizcankizil.tr\/#organization"},"articleSection":["G\u00fcndem"],"inLanguage":"de","potentialAction":[{"@type":"CommentAction","name":"Comment","target":["https:\/\/denizcankizil.tr\/de\/haberler\/gundem\/esiyle-birlikte-studyoya-girecek\/#respond"]}]},{"@type":"WebPage","@id":"https:\/\/denizcankizil.tr\/de\/haberler\/gundem\/esiyle-birlikte-studyoya-girecek\/","url":"https:\/\/denizcankizil.tr\/de\/haberler\/gundem\/esiyle-birlikte-studyoya-girecek\/","name":"E\u015fiyle birlikte st\u00fcdyoya girecek - Av. Deniz Can K\u0131z\u0131l","isPartOf":{"@id":"https:\/\/denizcankizil.tr\/#website"},"datePublished":"2025-03-11T04:41:38+00:00","breadcrumb":{"@id":"https:\/\/denizcankizil.tr\/de\/haberler\/gundem\/esiyle-birlikte-studyoya-girecek\/#breadcrumb"},"inLanguage":"de","potentialAction":[{"@type":"ReadAction","target":["https:\/\/denizcankizil.tr\/de\/haberler\/gundem\/esiyle-birlikte-studyoya-girecek\/"]}]},{"@type":"BreadcrumbList","@id":"https:\/\/denizcankizil.tr\/de\/haberler\/gundem\/esiyle-birlikte-studyoya-girecek\/#breadcrumb","itemListElement":[{"@type":"ListItem","position":1,"name":"Home","item":"https:\/\/denizcankizil.tr\/de\/"},{"@type":"ListItem","position":2,"name":"E\u015fiyle birlikte st\u00fcdyoya girecek"}]},{"@type":"WebSite","@id":"https:\/\/denizcankizil.tr\/#website","url":"https:\/\/denizcankizil.tr\/","name":"Av. Deniz Can K\u0131z\u0131l","description":"Avukat Deniz Can K\u0131z\u0131l Antalya Barosu","publisher":{"@id":"https:\/\/denizcankizil.tr\/#organization"},"potentialAction":[{"@type":"SearchAction","target":{"@type":"EntryPoint","urlTemplate":"https:\/\/denizcankizil.tr\/?s={search_term_string}"},"query-input":{"@type":"PropertyValueSpecification","valueRequired":true,"valueName":"search_term_string"}}],"inLanguage":"de"},{"@type":"Organization","@id":"https:\/\/denizcankizil.tr\/#organization","name":"Av. Deniz Can K\u0131z\u0131l","url":"https:\/\/denizcankizil.tr\/","logo":{"@type":"ImageObject","inLanguage":"de","@id":"https:\/\/denizcankizil.tr\/#\/schema\/logo\/image\/","url":"https:\/\/denizcankizil.tr\/wp-content\/uploads\/2024\/10\/siyah-logo-svg.svg","contentUrl":"https:\/\/denizcankizil.tr\/wp-content\/uploads\/2024\/10\/siyah-logo-svg.svg","width":1080,"height":1080,"caption":"Av. Deniz Can K\u0131z\u0131l"},"image":{"@id":"https:\/\/denizcankizil.tr\/#\/schema\/logo\/image\/"}},{"@type":"Person","@id":"https:\/\/denizcankizil.tr\/#\/schema\/person\/be3c05fe6a12686905512445d8185489","name":"Administrator","image":{"@type":"ImageObject","inLanguage":"de","@id":"https:\/\/denizcankizil.tr\/#\/schema\/person\/image\/","url":"https:\/\/secure.gravatar.com\/avatar\/c1fce94c830dc79107e174f890d7210541c4a63e8e5d816341794a2151c9d58c?s=96&d=mm&r=g","contentUrl":"https:\/\/secure.gravatar.com\/avatar\/c1fce94c830dc79107e174f890d7210541c4a63e8e5d816341794a2151c9d58c?s=96&d=mm&r=g","caption":"admin"},"sameAs":["http:\/\/denizcankizil.tr"],"url":"https:\/\/www.iskenderun.org\/esiyle-birlikte-studyoya-girecek"}]}},"_links":{"self":[{"href":"https:\/\/denizcankizil.tr\/de\/wp-json\/wp\/v2\/posts\/35324","targetHints":{"allow":["GET"]}}],"collection":[{"href":"https:\/\/denizcankizil.tr\/de\/wp-json\/wp\/v2\/posts"}],"about":[{"href":"https:\/\/denizcankizil.tr\/de\/wp-json\/wp\/v2\/types\/post"}],"author":[{"embeddable":true,"href":"https:\/\/denizcankizil.tr\/de\/wp-json\/wp\/v2\/users\/1"}],"replies":[{"embeddable":true,"href":"https:\/\/denizcankizil.tr\/de\/wp-json\/wp\/v2\/comments?post=35324"}],"version-history":[{"count":0,"href":"https:\/\/denizcankizil.tr\/de\/wp-json\/wp\/v2\/posts\/35324\/revisions"}],"wp:attachment":[{"href":"https:\/\/denizcankizil.tr\/de\/wp-json\/wp\/v2\/media?parent=35324"}],"wp:term":[{"taxonomy":"category","embeddable":true,"href":"https:\/\/denizcankizil.tr\/de\/wp-json\/wp\/v2\/categories?post=35324"},{"taxonomy":"post_tag","embeddable":true,"href":"https:\/\/denizcankizil.tr\/de\/wp-json\/wp\/v2\/tags?post=35324"}],"curies":[{"name":"wp","href":"https:\/\/api.w.org\/{rel}","templated":true}]}}