{"id":35318,"date":"2025-03-10T21:41:15","date_gmt":"2025-03-10T18:41:15","guid":{"rendered":"https:\/\/denizcankizil.tr\/uncategorized-tr\/twitter-coktu-mu-bakanliktan-aciklama-geldi\/"},"modified":"2025-03-10T21:41:15","modified_gmt":"2025-03-10T18:41:15","slug":"twitter-coktu-mu-bakanliktan-aciklama-geldi","status":"publish","type":"post","link":"https:\/\/denizcankizil.tr\/de\/haberler\/gundem\/twitter-coktu-mu-bakanliktan-aciklama-geldi\/","title":{"rendered":"Twitter \u00e7\u00f6kt\u00fc m\u00fc? Bakanl\u0131ktan a\u00e7\u0131klama geldi"},"content":{"rendered":"<p>T\u00fcrkiye&#8217;de ve d\u00fcnyada milyonlarca kullan\u0131c\u0131s\u0131 olan sosyal medya platformu X \u00e7\u00f6kt\u00fc. Platforma saatlerdir eri\u015fim sa\u011flanamazken, sorunun k\u00fcresel \u00e7apta ya\u015fand\u0131\u011f\u0131 \u00f6\u011frenildi.<\/p>\n<p>BAKANLIKTAN A\u00c7IKLAMA GELD\u0130<\/p>\n<p>Konuya ili\u015fkin X&#8217;ten resmi bir a\u00e7\u0131klama gelmedi. Ula\u015ft\u0131rma ve Altyap\u0131 Bakan Yard\u0131mc\u0131s\u0131 \u00d6mer Fatih Sayan ise X (Twitter) servislerinde global bir hizmet kesintisi meydana geldi\u011fini belirterek, &#8220;Ulusal Siber Olaylara M\u00fcdahale Merkezimiz (USOM) taraf\u0131ndan da raporlanan kesinti ile ilgili X&#8217;den bilgi talep edildi, ekiplerimiz s\u00fcreci takip ediyor.&#8221; ifadesini kulland\u0131. Sayan, sosyal medya hesab\u0131ndan, X&#8217;de ya\u015fanan kesintiye ili\u015fkin payla\u015f\u0131m\u0131nda, \u015fu bilgilere yer verdi: &#8220;X servislerinde global bir hizmet kesintisi meydana geldi. USOM taraf\u0131ndan da raporlanan kesinti ile ilgili X&#8217;den bilgi talep edildi. USOM ekiplerimiz s\u00fcreci takip ediyorlar.&#8221;<br \/>\n\u00a0<\/p>\n<p>\u200bMilyonlarca kullan\u0131c\u0131s\u0131 olan Twitter (X) platformuna saatlerdi eri\u015filemiyor. Konuyla alakal\u0131 a\u00e7\u0131klama yapan Ula\u015ft\u0131rma ve Altyap\u0131 Bakan Yard\u0131mc\u0131s\u0131 \u00d6mer Fatih Sayan \u201cUlusal Siber Olaylara M\u00fcdahale Merkezimiz (USOM) taraf\u0131ndan da raporlanan kesinti ile ilgili X&#8217;den bilgi talep edildi, ekiplerimiz s\u00fcreci takip ediyor&#8221; dedi.\u00a0<\/p>\n<p>\u200bHaberin Al\u0131nt\u0131land\u0131\u011f\u0131 Kaynak: www.antalyakorfez.com<\/p>","protected":false},"excerpt":{"rendered":"<p>T\u00fcrkiye&#8217;de ve d\u00fcnyada milyonlarca kullan\u0131c\u0131s\u0131 olan sosyal medya platformu X \u00e7\u00f6kt\u00fc. Platforma saatlerdir eri\u015fim sa\u011flanamazken, sorunun k\u00fcresel \u00e7apta ya\u015fand\u0131\u011f\u0131 \u00f6\u011frenildi. BAKANLIKTAN A\u00c7IKLAMA GELD\u0130 Konuya ili\u015fkin X&#8217;ten resmi bir a\u00e7\u0131klama gelmedi. Ula\u015ft\u0131rma ve Altyap\u0131 Bakan Yard\u0131mc\u0131s\u0131 \u00d6mer Fatih Sayan ise X (Twitter) servislerinde global bir hizmet kesintisi meydana geldi\u011fini belirterek, &#8220;Ulusal Siber Olaylara M\u00fcdahale Merkezimiz (USOM) taraf\u0131ndan da raporlanan kesinti ile ilgili X&#8217;den bilgi talep edildi, ekiplerimiz s\u00fcreci takip ediyor.&#8221; ifadesini kulland\u0131. Sayan, sosyal medya hesab\u0131ndan, X&#8217;de ya\u015fanan kesintiye ili\u015fkin payla\u015f\u0131m\u0131nda, \u015fu bilgilere yer verdi: &#8220;X servislerinde global bir hizmet kesintisi meydana geldi. USOM taraf\u0131ndan da raporlanan kesinti ile ilgili X&#8217;den bilgi talep edildi. USOM ekiplerimiz s\u00fcreci takip ediyorlar.&#8221; \u00a0 \u200bMilyonlarca kullan\u0131c\u0131s\u0131 olan Twitter (X) platformuna saatlerdi eri\u015filemiyor. Konuyla alakal\u0131 a\u00e7\u0131klama yapan Ula\u015ft\u0131rma ve Altyap\u0131 Bakan Yard\u0131mc\u0131s\u0131 \u00d6mer Fatih Sayan \u201cUlusal Siber Olaylara M\u00fcdahale Merkezimiz (USOM) taraf\u0131ndan da raporlanan kesinti ile ilgili X&#8217;den bilgi talep edildi, ekiplerimiz s\u00fcreci takip ediyor&#8221; dedi.\u00a0 \u200bHaberin Al\u0131nt\u0131land\u0131\u011f\u0131 Kaynak: www.antalyakorfez.com<\/p>","protected":false},"author":5,"featured_media":0,"comment_status":"open","ping_status":"open","sticky":false,"template":"","format":"standard","meta":{"_acf_changed":false,"footnotes":""},"categories":[24],"tags":[],"class_list":["post-35318","post","type-post","status-publish","format-standard","has-post-thumbnail","hentry","category-gundem"],"acf":[],"yoast_head":"<!-- This site is optimized with the Yoast SEO Premium plugin v26.6 (Yoast SEO v27.1.1) - https:\/\/yoast.com\/product\/yoast-seo-premium-wordpress\/ -->\n<title>Twitter \u00e7\u00f6kt\u00fc m\u00fc? Bakanl\u0131ktan a\u00e7\u0131klama geldi - Av. Deniz Can K\u0131z\u0131l<\/title>\n<meta name=\"robots\" content=\"index, follow, max-snippet:-1, max-image-preview:large, max-video-preview:-1\" \/>\n<link rel=\"canonical\" href=\"https:\/\/denizcankizil.tr\/de\/haberler\/gundem\/twitter-coktu-mu-bakanliktan-aciklama-geldi\/\" \/>\n<meta property=\"og:locale\" content=\"de_DE\" \/>\n<meta property=\"og:type\" content=\"article\" \/>\n<meta property=\"og:title\" content=\"Twitter \u00e7\u00f6kt\u00fc m\u00fc? Bakanl\u0131ktan a\u00e7\u0131klama geldi\" \/>\n<meta property=\"og:description\" content=\"T\u00fcrkiye&#8217;de ve d\u00fcnyada milyonlarca kullan\u0131c\u0131s\u0131 olan sosyal medya platformu X \u00e7\u00f6kt\u00fc. Platforma saatlerdir eri\u015fim sa\u011flanamazken, sorunun k\u00fcresel \u00e7apta ya\u015fand\u0131\u011f\u0131 \u00f6\u011frenildi. BAKANLIKTAN A\u00c7IKLAMA GELD\u0130 Konuya ili\u015fkin X&#8217;ten resmi bir a\u00e7\u0131klama gelmedi. Ula\u015ft\u0131rma ve Altyap\u0131 Bakan Yard\u0131mc\u0131s\u0131 \u00d6mer Fatih Sayan ise X (Twitter) servislerinde global bir hizmet kesintisi meydana geldi\u011fini belirterek, &#8220;Ulusal Siber Olaylara M\u00fcdahale Merkezimiz (USOM) taraf\u0131ndan da raporlanan kesinti ile ilgili X&#8217;den bilgi talep edildi, ekiplerimiz s\u00fcreci takip ediyor.&#8221; ifadesini kulland\u0131. Sayan, sosyal medya hesab\u0131ndan, X&#8217;de ya\u015fanan kesintiye ili\u015fkin payla\u015f\u0131m\u0131nda, \u015fu bilgilere yer verdi: &#8220;X servislerinde global bir hizmet kesintisi meydana geldi. USOM taraf\u0131ndan da raporlanan kesinti ile ilgili X&#8217;den bilgi talep edildi. USOM ekiplerimiz s\u00fcreci takip ediyorlar.&#8221; \u00a0 \u200bMilyonlarca kullan\u0131c\u0131s\u0131 olan Twitter (X) platformuna saatlerdi eri\u015filemiyor. Konuyla alakal\u0131 a\u00e7\u0131klama yapan Ula\u015ft\u0131rma ve Altyap\u0131 Bakan Yard\u0131mc\u0131s\u0131 \u00d6mer Fatih Sayan \u201cUlusal Siber Olaylara M\u00fcdahale Merkezimiz (USOM) taraf\u0131ndan da raporlanan kesinti ile ilgili X&#8217;den bilgi talep edildi, ekiplerimiz s\u00fcreci takip ediyor&#8221; dedi.\u00a0 \u200bHaberin Al\u0131nt\u0131land\u0131\u011f\u0131 Kaynak: www.antalyakorfez.com\" \/>\n<meta property=\"og:url\" content=\"https:\/\/denizcankizil.tr\/de\/haberler\/gundem\/twitter-coktu-mu-bakanliktan-aciklama-geldi\/\" \/>\n<meta property=\"og:site_name\" content=\"Av. Deniz Can K\u0131z\u0131l\" \/>\n<meta property=\"article:published_time\" content=\"2025-03-10T18:41:15+00:00\" \/>\n<meta name=\"author\" content=\"Antalya K\u00f6rfez\" \/>\n<meta name=\"twitter:card\" content=\"summary_large_image\" \/>\n<meta name=\"twitter:label1\" content=\"Verfasst von\" \/>\n\t<meta name=\"twitter:data1\" content=\"Antalya K\u00f6rfez\" \/>\n\t<meta name=\"twitter:label2\" content=\"Gesch\u00e4tzte Lesezeit\" \/>\n\t<meta name=\"twitter:data2\" content=\"1\u00a0Minute\" \/>\n<script type=\"application\/ld+json\" class=\"yoast-schema-graph\">{\"@context\":\"https:\/\/schema.org\",\"@graph\":[{\"@type\":\"Article\",\"@id\":\"https:\/\/denizcankizil.tr\/de\/haberler\/gundem\/twitter-coktu-mu-bakanliktan-aciklama-geldi\/#article\",\"isPartOf\":{\"@id\":\"https:\/\/denizcankizil.tr\/de\/haberler\/gundem\/twitter-coktu-mu-bakanliktan-aciklama-geldi\/\"},\"author\":{\"name\":\"Antalya K\u00f6rfez\",\"@id\":\"https:\/\/denizcankizil.tr\/de\/#\/schema\/person\/e1eb71bb4dd684d46563f0af307e1234\"},\"headline\":\"Twitter \u00e7\u00f6kt\u00fc m\u00fc? Bakanl\u0131ktan a\u00e7\u0131klama geldi\",\"datePublished\":\"2025-03-10T18:41:15+00:00\",\"mainEntityOfPage\":{\"@id\":\"https:\/\/denizcankizil.tr\/de\/haberler\/gundem\/twitter-coktu-mu-bakanliktan-aciklama-geldi\/\"},\"wordCount\":208,\"commentCount\":0,\"publisher\":{\"@id\":\"https:\/\/denizcankizil.tr\/de\/#organization\"},\"articleSection\":[\"G\u00fcndem\"],\"inLanguage\":\"de\",\"potentialAction\":[{\"@type\":\"CommentAction\",\"name\":\"Comment\",\"target\":[\"https:\/\/denizcankizil.tr\/de\/haberler\/gundem\/twitter-coktu-mu-bakanliktan-aciklama-geldi\/#respond\"]}]},{\"@type\":\"WebPage\",\"@id\":\"https:\/\/denizcankizil.tr\/de\/haberler\/gundem\/twitter-coktu-mu-bakanliktan-aciklama-geldi\/\",\"url\":\"https:\/\/denizcankizil.tr\/de\/haberler\/gundem\/twitter-coktu-mu-bakanliktan-aciklama-geldi\/\",\"name\":\"Twitter \u00e7\u00f6kt\u00fc m\u00fc? Bakanl\u0131ktan a\u00e7\u0131klama geldi - Av. Deniz Can K\u0131z\u0131l\",\"isPartOf\":{\"@id\":\"https:\/\/denizcankizil.tr\/de\/#website\"},\"datePublished\":\"2025-03-10T18:41:15+00:00\",\"breadcrumb\":{\"@id\":\"https:\/\/denizcankizil.tr\/de\/haberler\/gundem\/twitter-coktu-mu-bakanliktan-aciklama-geldi\/#breadcrumb\"},\"inLanguage\":\"de\",\"potentialAction\":[{\"@type\":\"ReadAction\",\"target\":[\"https:\/\/denizcankizil.tr\/de\/haberler\/gundem\/twitter-coktu-mu-bakanliktan-aciklama-geldi\/\"]}]},{\"@type\":\"BreadcrumbList\",\"@id\":\"https:\/\/denizcankizil.tr\/de\/haberler\/gundem\/twitter-coktu-mu-bakanliktan-aciklama-geldi\/#breadcrumb\",\"itemListElement\":[{\"@type\":\"ListItem\",\"position\":1,\"name\":\"Home\",\"item\":\"https:\/\/denizcankizil.tr\/de\/\"},{\"@type\":\"ListItem\",\"position\":2,\"name\":\"Twitter \u00e7\u00f6kt\u00fc m\u00fc? Bakanl\u0131ktan a\u00e7\u0131klama geldi\"}]},{\"@type\":\"WebSite\",\"@id\":\"https:\/\/denizcankizil.tr\/de\/#website\",\"url\":\"https:\/\/denizcankizil.tr\/de\/\",\"name\":\"Av. Deniz Can K\u0131z\u0131l\",\"description\":\"Avukat Deniz Can K\u0131z\u0131l Antalya Barosu\",\"publisher\":{\"@id\":\"https:\/\/denizcankizil.tr\/de\/#organization\"},\"potentialAction\":[{\"@type\":\"SearchAction\",\"target\":{\"@type\":\"EntryPoint\",\"urlTemplate\":\"https:\/\/denizcankizil.tr\/de\/?s={search_term_string}\"},\"query-input\":{\"@type\":\"PropertyValueSpecification\",\"valueRequired\":true,\"valueName\":\"search_term_string\"}}],\"inLanguage\":\"de\"},{\"@type\":\"Organization\",\"@id\":\"https:\/\/denizcankizil.tr\/de\/#organization\",\"name\":\"Av. Deniz Can K\u0131z\u0131l\",\"url\":\"https:\/\/denizcankizil.tr\/de\/\",\"logo\":{\"@type\":\"ImageObject\",\"inLanguage\":\"de\",\"@id\":\"https:\/\/denizcankizil.tr\/de\/#\/schema\/logo\/image\/\",\"url\":\"https:\/\/denizcankizil.tr\/wp-content\/uploads\/2024\/10\/siyah-logo-svg.svg\",\"contentUrl\":\"https:\/\/denizcankizil.tr\/wp-content\/uploads\/2024\/10\/siyah-logo-svg.svg\",\"width\":1080,\"height\":1080,\"caption\":\"Av. Deniz Can K\u0131z\u0131l\"},\"image\":{\"@id\":\"https:\/\/denizcankizil.tr\/de\/#\/schema\/logo\/image\/\"}},{\"@type\":\"Person\",\"@id\":\"https:\/\/denizcankizil.tr\/de\/#\/schema\/person\/e1eb71bb4dd684d46563f0af307e1234\",\"name\":\"Antalya K\u00f6rfez\",\"image\":{\"@type\":\"ImageObject\",\"inLanguage\":\"de\",\"@id\":\"https:\/\/denizcankizil.tr\/de\/#\/schema\/person\/image\/\",\"url\":\"https:\/\/secure.gravatar.com\/avatar\/42b01982558a48a0b501fdcab6a408d3717ea5919095ee2e67b0e521799c5905?s=96&d=mm&r=g\",\"contentUrl\":\"https:\/\/secure.gravatar.com\/avatar\/42b01982558a48a0b501fdcab6a408d3717ea5919095ee2e67b0e521799c5905?s=96&d=mm&r=g\",\"caption\":\"Antalya K\u00f6rfez\"},\"sameAs\":[\"http:\/\/www.antalyakorfez.com\"],\"url\":\"https:\/\/www.antalyakorfez.com\/twitter-coktu-mu-bakanliktan-aciklama-geldi\"}]}<\/script>\n<!-- \/ Yoast SEO Premium plugin. -->","yoast_head_json":{"title":"Twitter \u00e7\u00f6kt\u00fc m\u00fc? Bakanl\u0131ktan a\u00e7\u0131klama geldi - Av. Deniz Can K\u0131z\u0131l","robots":{"index":"index","follow":"follow","max-snippet":"max-snippet:-1","max-image-preview":"max-image-preview:large","max-video-preview":"max-video-preview:-1"},"canonical":"https:\/\/denizcankizil.tr\/de\/haberler\/gundem\/twitter-coktu-mu-bakanliktan-aciklama-geldi\/","og_locale":"de_DE","og_type":"article","og_title":"Twitter \u00e7\u00f6kt\u00fc m\u00fc? Bakanl\u0131ktan a\u00e7\u0131klama geldi","og_description":"T\u00fcrkiye&#8217;de ve d\u00fcnyada milyonlarca kullan\u0131c\u0131s\u0131 olan sosyal medya platformu X \u00e7\u00f6kt\u00fc. Platforma saatlerdir eri\u015fim sa\u011flanamazken, sorunun k\u00fcresel \u00e7apta ya\u015fand\u0131\u011f\u0131 \u00f6\u011frenildi. BAKANLIKTAN A\u00c7IKLAMA GELD\u0130 Konuya ili\u015fkin X&#8217;ten resmi bir a\u00e7\u0131klama gelmedi. Ula\u015ft\u0131rma ve Altyap\u0131 Bakan Yard\u0131mc\u0131s\u0131 \u00d6mer Fatih Sayan ise X (Twitter) servislerinde global bir hizmet kesintisi meydana geldi\u011fini belirterek, &#8220;Ulusal Siber Olaylara M\u00fcdahale Merkezimiz (USOM) taraf\u0131ndan da raporlanan kesinti ile ilgili X&#8217;den bilgi talep edildi, ekiplerimiz s\u00fcreci takip ediyor.&#8221; ifadesini kulland\u0131. Sayan, sosyal medya hesab\u0131ndan, X&#8217;de ya\u015fanan kesintiye ili\u015fkin payla\u015f\u0131m\u0131nda, \u015fu bilgilere yer verdi: &#8220;X servislerinde global bir hizmet kesintisi meydana geldi. USOM taraf\u0131ndan da raporlanan kesinti ile ilgili X&#8217;den bilgi talep edildi. USOM ekiplerimiz s\u00fcreci takip ediyorlar.&#8221; \u00a0 \u200bMilyonlarca kullan\u0131c\u0131s\u0131 olan Twitter (X) platformuna saatlerdi eri\u015filemiyor. Konuyla alakal\u0131 a\u00e7\u0131klama yapan Ula\u015ft\u0131rma ve Altyap\u0131 Bakan Yard\u0131mc\u0131s\u0131 \u00d6mer Fatih Sayan \u201cUlusal Siber Olaylara M\u00fcdahale Merkezimiz (USOM) taraf\u0131ndan da raporlanan kesinti ile ilgili X&#8217;den bilgi talep edildi, ekiplerimiz s\u00fcreci takip ediyor&#8221; dedi.\u00a0 \u200bHaberin Al\u0131nt\u0131land\u0131\u011f\u0131 Kaynak: www.antalyakorfez.com","og_url":"https:\/\/denizcankizil.tr\/de\/haberler\/gundem\/twitter-coktu-mu-bakanliktan-aciklama-geldi\/","og_site_name":"Av. Deniz Can K\u0131z\u0131l","article_published_time":"2025-03-10T18:41:15+00:00","author":"Antalya K\u00f6rfez","twitter_card":"summary_large_image","twitter_misc":{"Verfasst von":"Antalya K\u00f6rfez","Gesch\u00e4tzte Lesezeit":"1\u00a0Minute"},"schema":{"@context":"https:\/\/schema.org","@graph":[{"@type":"Article","@id":"https:\/\/denizcankizil.tr\/de\/haberler\/gundem\/twitter-coktu-mu-bakanliktan-aciklama-geldi\/#article","isPartOf":{"@id":"https:\/\/denizcankizil.tr\/de\/haberler\/gundem\/twitter-coktu-mu-bakanliktan-aciklama-geldi\/"},"author":{"name":"Antalya K\u00f6rfez","@id":"https:\/\/denizcankizil.tr\/de\/#\/schema\/person\/e1eb71bb4dd684d46563f0af307e1234"},"headline":"Twitter \u00e7\u00f6kt\u00fc m\u00fc? Bakanl\u0131ktan a\u00e7\u0131klama geldi","datePublished":"2025-03-10T18:41:15+00:00","mainEntityOfPage":{"@id":"https:\/\/denizcankizil.tr\/de\/haberler\/gundem\/twitter-coktu-mu-bakanliktan-aciklama-geldi\/"},"wordCount":208,"commentCount":0,"publisher":{"@id":"https:\/\/denizcankizil.tr\/de\/#organization"},"articleSection":["G\u00fcndem"],"inLanguage":"de","potentialAction":[{"@type":"CommentAction","name":"Comment","target":["https:\/\/denizcankizil.tr\/de\/haberler\/gundem\/twitter-coktu-mu-bakanliktan-aciklama-geldi\/#respond"]}]},{"@type":"WebPage","@id":"https:\/\/denizcankizil.tr\/de\/haberler\/gundem\/twitter-coktu-mu-bakanliktan-aciklama-geldi\/","url":"https:\/\/denizcankizil.tr\/de\/haberler\/gundem\/twitter-coktu-mu-bakanliktan-aciklama-geldi\/","name":"Twitter \u00e7\u00f6kt\u00fc m\u00fc? Bakanl\u0131ktan a\u00e7\u0131klama geldi - Av. Deniz Can K\u0131z\u0131l","isPartOf":{"@id":"https:\/\/denizcankizil.tr\/de\/#website"},"datePublished":"2025-03-10T18:41:15+00:00","breadcrumb":{"@id":"https:\/\/denizcankizil.tr\/de\/haberler\/gundem\/twitter-coktu-mu-bakanliktan-aciklama-geldi\/#breadcrumb"},"inLanguage":"de","potentialAction":[{"@type":"ReadAction","target":["https:\/\/denizcankizil.tr\/de\/haberler\/gundem\/twitter-coktu-mu-bakanliktan-aciklama-geldi\/"]}]},{"@type":"BreadcrumbList","@id":"https:\/\/denizcankizil.tr\/de\/haberler\/gundem\/twitter-coktu-mu-bakanliktan-aciklama-geldi\/#breadcrumb","itemListElement":[{"@type":"ListItem","position":1,"name":"Home","item":"https:\/\/denizcankizil.tr\/de\/"},{"@type":"ListItem","position":2,"name":"Twitter \u00e7\u00f6kt\u00fc m\u00fc? Bakanl\u0131ktan a\u00e7\u0131klama geldi"}]},{"@type":"WebSite","@id":"https:\/\/denizcankizil.tr\/de\/#website","url":"https:\/\/denizcankizil.tr\/de\/","name":"Av. Deniz Can K\u0131z\u0131l","description":"Avukat Deniz Can K\u0131z\u0131l Antalya Barosu","publisher":{"@id":"https:\/\/denizcankizil.tr\/de\/#organization"},"potentialAction":[{"@type":"SearchAction","target":{"@type":"EntryPoint","urlTemplate":"https:\/\/denizcankizil.tr\/de\/?s={search_term_string}"},"query-input":{"@type":"PropertyValueSpecification","valueRequired":true,"valueName":"search_term_string"}}],"inLanguage":"de"},{"@type":"Organization","@id":"https:\/\/denizcankizil.tr\/de\/#organization","name":"Av. Deniz Can K\u0131z\u0131l","url":"https:\/\/denizcankizil.tr\/de\/","logo":{"@type":"ImageObject","inLanguage":"de","@id":"https:\/\/denizcankizil.tr\/de\/#\/schema\/logo\/image\/","url":"https:\/\/denizcankizil.tr\/wp-content\/uploads\/2024\/10\/siyah-logo-svg.svg","contentUrl":"https:\/\/denizcankizil.tr\/wp-content\/uploads\/2024\/10\/siyah-logo-svg.svg","width":1080,"height":1080,"caption":"Av. Deniz Can K\u0131z\u0131l"},"image":{"@id":"https:\/\/denizcankizil.tr\/de\/#\/schema\/logo\/image\/"}},{"@type":"Person","@id":"https:\/\/denizcankizil.tr\/de\/#\/schema\/person\/e1eb71bb4dd684d46563f0af307e1234","name":"Antalya K\u00f6rfez","image":{"@type":"ImageObject","inLanguage":"de","@id":"https:\/\/denizcankizil.tr\/de\/#\/schema\/person\/image\/","url":"https:\/\/secure.gravatar.com\/avatar\/42b01982558a48a0b501fdcab6a408d3717ea5919095ee2e67b0e521799c5905?s=96&d=mm&r=g","contentUrl":"https:\/\/secure.gravatar.com\/avatar\/42b01982558a48a0b501fdcab6a408d3717ea5919095ee2e67b0e521799c5905?s=96&d=mm&r=g","caption":"Antalya K\u00f6rfez"},"sameAs":["http:\/\/www.antalyakorfez.com"],"url":"https:\/\/www.antalyakorfez.com\/twitter-coktu-mu-bakanliktan-aciklama-geldi"}]}},"_links":{"self":[{"href":"https:\/\/denizcankizil.tr\/de\/wp-json\/wp\/v2\/posts\/35318","targetHints":{"allow":["GET"]}}],"collection":[{"href":"https:\/\/denizcankizil.tr\/de\/wp-json\/wp\/v2\/posts"}],"about":[{"href":"https:\/\/denizcankizil.tr\/de\/wp-json\/wp\/v2\/types\/post"}],"author":[{"embeddable":true,"href":"https:\/\/denizcankizil.tr\/de\/wp-json\/wp\/v2\/users\/5"}],"replies":[{"embeddable":true,"href":"https:\/\/denizcankizil.tr\/de\/wp-json\/wp\/v2\/comments?post=35318"}],"version-history":[{"count":0,"href":"https:\/\/denizcankizil.tr\/de\/wp-json\/wp\/v2\/posts\/35318\/revisions"}],"wp:attachment":[{"href":"https:\/\/denizcankizil.tr\/de\/wp-json\/wp\/v2\/media?parent=35318"}],"wp:term":[{"taxonomy":"category","embeddable":true,"href":"https:\/\/denizcankizil.tr\/de\/wp-json\/wp\/v2\/categories?post=35318"},{"taxonomy":"post_tag","embeddable":true,"href":"https:\/\/denizcankizil.tr\/de\/wp-json\/wp\/v2\/tags?post=35318"}],"curies":[{"name":"wp","href":"https:\/\/api.w.org\/{rel}","templated":true}]}}