{"id":35187,"date":"2025-03-09T22:41:14","date_gmt":"2025-03-09T19:41:14","guid":{"rendered":"https:\/\/denizcankizil.tr\/uncategorized-tr\/imamoglu-antalyada-iktidar-olmak-icin-kollarimizi-sivadik-yola-cikiyoruz\/"},"modified":"2025-03-09T22:41:14","modified_gmt":"2025-03-09T19:41:14","slug":"imamoglu-antalyada-iktidar-olmak-icin-kollarimizi-sivadik-yola-cikiyoruz","status":"publish","type":"post","link":"https:\/\/denizcankizil.tr\/de\/haberler\/gundem\/imamoglu-antalyada-iktidar-olmak-icin-kollarimizi-sivadik-yola-cikiyoruz\/","title":{"rendered":"\u0130mamo\u011flu Antalya\u2019da: \u201c\u0130ktidar olmak i\u00e7in kollar\u0131m\u0131z\u0131 s\u0131vad\u0131k yola \u00e7\u0131k\u0131yoruz\u201d"},"content":{"rendered":"<p>Cumhuriyet Halk Partisi\u2019nin 23 Mart 2025\u2019te cumhurba\u015fkan\u0131 aday\u0131n\u0131n belirleyece\u011fi \u00f6n se\u00e7im i\u00e7in aday aday\u0131 olan \u0130stanbul B\u00fcy\u00fck\u015fehir Belediye Ba\u015fkan\u0131 Ekrem \u0130mamo\u011flu, \u0130zmir\u2019den ba\u015flatt\u0131\u011f\u0131 yurt gezilerine bug\u00fcn Antalya\u2019y\u0131 da ekledi. \u0130mamo\u011flu\u2019nu saat 16.00\u2019da Antalya Havaliman\u0131\u2019nda kalabal\u0131k bir partili grubu taraf\u0131nda kar\u015f\u0131land\u0131.\u00a0<\/p>\n<p>\u0130FTAR SOFRASINA KONUK OLDU\u00a0<\/p>\n<p>Havaliman\u0131n ard\u0131ndan Y\u00f6r\u00fck k\u00f6kenli Ahmet Alata\u015f ve ailesinin iftar konu\u011fu olan \u0130mamo\u011flu saat 20.30 konu\u015fma yapaca\u011f\u0131 Cam Piramit Kongre Merkezi\u2019ne do\u011fru hareket etti. Saatler \u00f6nce alana gelen CHP\u2019liler \u0130mamo\u011flu\u2019nun konu\u015fma yapaca\u011f\u0131 salona saat 19.00 itibar\u0131yla al\u0131nmaya ba\u015flad\u0131. Salon \u00f6n\u00fcnde s\u0131raya giren vatanda\u015flar 19.30 itibar\u0131yla salonun doldu\u011fu bilgisinin verilmesi \u00fczerine hayal k\u0131r\u0131kl\u0131\u011f\u0131 ya\u015fasa da \u0130mamo\u011flu\u2019na destek vermek salonun d\u0131\u015f\u0131nda beklemeye ba\u015flad\u0131.<\/p>\n<p>SALON DOLDU TA\u015eTI\u00a0<\/p>\n<p>Salonun h\u0131nca h\u0131n\u00e7 doldu\u011fu Cam Piramit Kongre Merkezi\u2019ne saat 20.30 itibar\u0131yla giri\u015f yapan Ekrem \u0130mamo\u011flu, alk\u0131\u015flarla kar\u015f\u0131land\u0131. Protokol s\u0131ras\u0131nda partili y\u00f6neticiler, belediye ba\u015fkanlar\u0131 ve milletvekilleri ile tokala\u015fan \u0130mamo\u011flu, yerine ge\u00e7tikten sonra sayg\u0131 duru\u015fu yap\u0131larak \u0130stiklal Mar\u015f\u0131 okundu.<\/p>\n<p>HERKES\u0130 SELAMLADI\u00a0<\/p>\n<p>Ard\u0131ndan k\u00fcrs\u00fcye \u00e7\u0131kan Ekrem \u0130mamo\u011flu, konu\u015fmas\u0131na ba\u015flad\u0131. \u0130mamo\u011flu, \u201cBug\u00fcn Antalya\u2019day\u0131z de\u011ferli ba\u015fkanlar\u0131m\u0131z sizleri selamd\u0131 ve beni \u00e7ok g\u00fczel c\u00fcmleler Antalya\u2019dan Toroslardan verdi\u011finiz cesaretle hani atam\u0131z der ya burada bu Toroslarda e\u011fer bir duman tutuyorsa hi\u00e7 kimse bu \u00fclkenin gelece\u011finden \u015f\u00fcphe etmesin ben sizin enerjinizi o cesaretinizi ve duygular\u0131n\u0131z alamaya geldim hepinizi selaml\u0131yorum. \u00a0\u201cAntalya, Burdur Isparta Karaman ve Konya\u2019dan dostlar\u0131m\u0131z bizimle. Tabii zor bir m\u00fccadelenin i\u00e7inden ge\u00e7iyoruz. M\u00fcbarek ramazan ay\u0131nda b\u00fct\u00fcn dualar\u0131m\u0131zla ve insanlar\u0131m\u0131z\u0131n en g\u00fczle duygular\u0131yla g\u00fczel bir ay ge\u00e7irmeyi diliyoruz. Bug\u00fcn d\u00fcnden bu yana 4 g\u00f6r\u00fc\u015fmemiz sizlerle ger\u00e7ekle\u015ftirece\u011fiz, ge\u00e7lerimizle beraber kad\u0131nlarla, baylarla birlikte her birinizin Ramazan ay\u0131 m\u00fcbarek olsun\u201d dedi.\u00a0<\/p>\n<p>\u201cBU BAS\u0130RETS\u0130ZL\u0130KTEN ANTALYA\u2019DA NAS\u0130B\u0130N\u0130 ALDI\u201d<\/p>\n<p>\u0130ktidar\u0131n uygulad\u0131 ekonomi politikalar\u0131n\u0131n k\u00f6t\u00fc sonu\u00e7lar\u0131 oldu\u011funa dikkat \u00e7eken \u0130mamo\u011flu, \u201cDe\u011ferli dostlar bu ay beden ve ruhen ar\u0131nma ay\u0131 manevi temizli\u011fin ay\u0131 bug\u00fcnler yard\u0131mla\u015fman\u0131n, iyi ahlakl\u0131 olman g\u00fcnleri ancak bir yandan \u00f6yle k\u00f6t\u00fc g\u00fcnler ya\u015f\u0131yoruz ki b\u00fct\u00fcn bu g\u00fczel meziyetleri unutmu\u015f bir iktidar var. Ahlak\u0131 d\u00fcr\u00fcstl\u00fc\u011f\u00fc helal lokma yemeyi bir kanara b\u0131rakm\u0131\u015flar. Ekonomi uzman\u0131y\u0131m diye ge\u00e7inenler izledikleri yanl\u0131\u015f politikalarla milletin oca\u011f\u0131na incir a\u011fac\u0131 dikti tar\u0131m\u0131 \u00fcretimi sanayii bitirme noktas\u0131na getirildi. Bu basiretsizlikten Antalya\u2019da nasibini ald\u0131\u201d diye konu\u015ftu.\u00a0<br \/>\n2009 y\u0131l\u0131nda il\u00e7e ba\u015fkan\u0131 oldu\u011fu zaman ilk ziyaretini Antalya\u2019ya yapt\u0131\u011f\u0131n\u0131 ifade eden \u0130mamo\u011flu, \u201cAntalya\u2019n\u0131n bende \u00f6zel bir taraf\u0131 var. Sevgili dostlar ben 2009 y\u0131l\u0131nda il\u00e7e ba\u015fkan\u0131 oldum. Benim il\u00e7e ba\u015fkan\u0131 oldu\u011fumun 15. G\u00fcn\u00fcnde gidip, genel ba\u015fkan\u0131m\u0131 ziyaret ettim. Ben partimdeki ilk g\u00f6revimi Antalya\u2019n\u0131n mert insan\u0131 partimizin ge\u00e7mi\u015f d\u00f6nem ba\u015fkan\u0131 rahmetli Deniz Baykal\u2019dan ald\u0131m. Antalya\u2019y\u0131 sizler bende iyi biliyorsunuz Antalya\u2019n\u0131n sorunlar\u0131 anlayan\u0131n ki\u015fi ba\u015f\u0131n geliri. Bak\u0131n Bunlar her \u015feyi biz yapt\u0131k diyorlar ya 2004\u2019te Antalya\u2019da ki\u015fi ba\u015f\u0131na gelir, \u00fclke ortalamas\u0131n\u0131n 1.3 kat\u0131ym\u0131\u015f. 2019 y\u0131l\u0131nda 1.16\u2019ya gerilemi\u015f. \u015eu anda 0.85 e d\u00fc\u015fm\u00fc\u015f. D\u00fcnya ilerlerken hatta T\u00fcrkiye\u2019de ki\u015fi ba\u015f\u0131na gelir belli bir seviyeye \u00e7\u0131karken, Antalya fakirle\u015fmi\u015f. Antalya varl\u0131klar\u0131n\u0131n y\u00fczde 40\u2019\u0131n\u0131 kaybetmi\u015f\u201d s\u00f6zlerini kaydetti.\u00a0<\/p>\n<p>\u201cEXPO ALANI ATIL DURUMDA BIRAKILMI\u015eTIR\u201d<\/p>\n<p>B\u00fcy\u00fck umutlarla yap\u0131lan ama daha sonra at\u0131l bir \u015fekilde bulunana EXPO Alan\u0131na de\u011finen \u0130mamo\u011flu, \u201cGelen g\u00f6\u00e7\u00fc ekonomik zenginlikle bulu\u015fturmam\u0131\u015f. Bu \u015fehir farkl\u0131 s\u0131k\u0131nt\u0131lar ya\u015fat\u0131l\u0131\u015fm\u0131\u015f. T\u00fcrkiye\u2019de en fazla g\u00f6\u00e7 alan \u015fehir Antalya, kira art\u0131\u015flar\u0131n\u0131n en fazla oldu\u011fu 3 ilden biri oldu. Antalya 2016 y\u0131l\u0131nda 500 milyon dolarl\u0131k yat\u0131r\u0131mla ve o s\u00fcre\u00e7 i\u00e7erisinde 121 hektarl\u0131k Expo alan\u0131 gibi bir trajedi ya\u015fam\u0131\u015f. Her geldi\u011fimde belediye ba\u015fkan\u0131m\u0131z orada yap\u0131lan bu m\u00fcsrifli\u011fi ve Antalya\u2019ya olan bedelini ona b\u0131rak\u0131lan bor\u00e7. Y\u00fck\u00fcn\u00fc her daim bizimle payla\u015fm\u0131\u015ft\u0131r. B\u00fcy\u00fck umutlarla hayata ge\u00e7irilen EXPO alan\u0131 at\u0131l durumda b\u0131rak\u0131lm\u0131\u015ft\u0131r. Bu ak\u0131l her \u015feyi ben bilirim akl\u0131. Milletimizin her \u015feyi heba eden bu ak\u0131l\u201d ifadelerini kulland\u0131.\u00a0<\/p>\n<p>&#8220;\u00dcLKEM\u0130Z\u0130 VATANDA\u015eLI\u011eINI T\u0130CAR\u0130 B\u0130R \u00dcR\u00dcN HAL\u0130NE GET\u0130RD\u0130LER&#8221;<\/p>\n<p>\u0130ktidar\u0131n T\u00fcrk vatanda\u015fl\u0131\u011f\u0131n\u0131 ticari bir \u00fcr\u00fcn haline getirdi\u011fini s\u00f6yleyen \u0130mamo\u011flu, \u201cBu \u00fclkeyi y\u00f6netenler, sadece Antalya ve bat\u0131 Akdeniz\u2019e bunlar\u0131 yapmakla kalmad\u0131lar. Daha da b\u00fcy\u00fck k\u00f6t\u00fcl\u00fcklere imza att\u0131lar. \u00d6nce 250 bin dolara sonra 400 bin dolara ev alan yabanc\u0131lar\u0131 T\u00fcrkiye vatanda\u015f\u0131 yapt\u0131lar. \u00dclkemizi vatanda\u015fl\u0131\u011f\u0131n\u0131 ticari bir \u00fcr\u00fcn haline getirdiler. Antalya\u2019dan ev alanlar 3 sene sonra daha fazla paradan satt\u0131lar. Hem \u00a0T\u00fcrkiye vatanda\u015f\u0131 oldular hem de para kazand\u0131lar. \u0130\u015fte ben buna kar\u015f\u0131y\u0131m. Benim kendi vatanda\u015f\u0131m kiras\u0131n\u0131 \u00f6deyemezken \u00e7ocu\u011funun ihtiyac\u0131n\u0131 kar\u015f\u0131layamazken ba\u015fka \u00fclke vatanda\u015f\u0131n\u0131n T\u00fcrkiye vatanda\u015fl\u0131\u011f\u0131 \u00fczerinden para kazanmas\u0131n\u0131 ben kabullenemiyorum\u201d diye konu\u015ftu.\u00a0<\/p>\n<p>\u201cANTALYA\u2019NIN T\u0130CARET POTANS\u0130YEL\u0130N\u0130 EN \u0130Y\u0130 \u015eEK\u0130LDE KULLANAB\u0130LMES\u0130 \u0130\u00c7\u0130N\u201d<\/p>\n<p>Antalya\u2019n\u0131n sahip oldu\u011fu potansiyele vurgu yapan \u0130mamo\u011flu, \u201cBu \u00fclkeyi pek \u00e7ok alanda \u00e7\u00f6kelten bu milletin yoksulla\u015fmas\u0131na devletin k\u00f6kl\u00fc karumlar\u0131n\u0131n tahrip edilmesine neden olan bir iktidar var. Bizim mutlak yeni bir ba\u015flang\u0131ca ihtiyac\u0131m\u0131z var. \u00dclke olarak \u015fehir \u015fehir sekt\u00f6r sekt\u00f6r patinaj yapan bir \u00fclke haline d\u00f6n\u00fc\u015ft\u00fck. Antalya\u2019n\u0131n b\u00fct\u00fcn il\u00e7eleriyle kalk\u0131nd\u0131rmak i\u00e7in hemen i\u015fe koyulmam\u0131z laz\u0131m. Bu g\u00fczel melekte turizm ve tar\u0131m\u0131n yan\u0131 s\u0131ra teknolojik alan\u0131nda b\u00fcy\u00fck bir geli\u015fimin potansiyeline sahiptir. \u00d6rne\u011fin Expo alan\u0131 bu 3 stratejik sekt\u00f6r\u00fcn en \u00fcst d\u00fczeyde de\u011ferlendirilmesine katk\u0131 sa\u011flayacak \u015fekilde yeninde planlanarak hem b\u00f6lge a\u00e7\u0131s\u0131nda hem de T\u00fcrkiye a\u00e7\u0131s\u0131nda \u00e7ok g\u00fc\u00e7l\u00fc bir merkez haline gelebilmelidir. Antalya\u2019n\u0131n ticaret potansiyelini en iyi \u015fekilde kullanabilmesi i\u00e7in serbest b\u00f6lge ve liman yat\u0131r\u0131mlar\u0131na \u00f6ncelik verilmeli Antalya\u2019n\u0131n sahip oldu\u011fu stratejik konum sayesinde do\u011fru yat\u0131r\u0131mlar ve planlamalar k\u0131sa s\u00fcrede T\u00fcrkiye\u2019nin en \u00f6nemli ticaret ve lojistik merkezlerinden biri haline gelmeli. Bat\u0131 Akdeniz b\u00f6lgesi tek ba\u015f\u0131na koca \u00fclkeyi besleyecek kaynaklara sahip\u201d dedi.<\/p>\n<p>\u201cTOPRA\u011eINI KORUYAMAYAN \u00dcLKES\u0130N\u0130 DE KORUYAMAZ\u201d<\/p>\n<p>\u0130ktidar\u0131 geldikleri zaman hayata ge\u00e7irecekleri 3T modeline de\u011finene Ekrem \u0130mamo\u011flu, \u201cAntalya\u2019ya gelen her misafir mutlaka otelden \u00e7\u0131kmal\u0131 esnafla bulu\u015fmal\u0131. De\u011ferli dostlar her sekt\u00f6rde turizm sekt\u00f6r\u00fcnde ortak masalar kurarak biz bunu sa\u011flayaca\u011f\u0131z Hem Antalya\u2019y\u0131 hem de g\u00f6ller b\u00f6lgesini tar\u0131m teknoloji turizm i\u00e7in yar\u0131m turizm geli\u015ftirdi\u011fimiz 3T modeli ile kalk\u0131nd\u0131rma g\u00fcnlerini hep beraber ya\u015fataca\u011f\u0131z. Hepinize s\u00f6z veriyorum. Bak\u0131n\u0131z tar\u0131m diyorum \u00e7\u00fcnk\u00fc 100 y\u0131lard\u0131r hi\u00e7bir geli\u015fmenin \u00fclkenin vazge\u00e7medi\u011fi tam tersine yat\u0131r\u0131mlar\u0131 art\u0131rd\u0131\u011f\u0131 en stratejik sekt\u00f6r. Bir \u00e7ift\u00e7inin evinde iftar yaparak geldik. Bir \u00e7it\u00e7in evinde tar\u0131m\u0131n ne kadar \u00f6nemli oldu\u011funu o evden duyuyorsunuz ama \u00fclkeyi y\u00f6netenler tar\u0131m\u0131n a\u011fr\u0131l\u0131\u011f\u0131n\u0131 unutmu\u015flar. \u015eunu unutmay\u0131n topra\u011f\u0131n\u0131 koruyamayan \u00fclkesini de koruyamaz. Topra\u011f\u0131n\u0131 i\u015fleyemeyen su\u00e7 i\u015fler. Tar\u0131m\u0131 daha iyi hale getirmek i\u00e7in de mutlaka g\u00fcncel geli\u015fmeleri takip edip, d\u00fcnya \u00f6l\u00e7e\u011finde ki bak\u0131\u015f\u0131 uyarlay\u0131p, teknolojik geli\u015fimi ba\u015flatmam\u0131z laz\u0131m.\u00a0<\/p>\n<p>\u201cBEN\u0130M HAYAL\u0130M 35 M\u0130LYON TUR\u0130ST\u201d<\/p>\n<p>Antalya\u2019da 25 milyon turistin gelmesi i\u00e7in projeler \u00fcretti\u011fi bilgisini payla\u015fan \u0130mamo\u011flu, \u201cBu b\u00f6lgede yaz\u0131l\u0131mc\u0131 yapay zeka \u00fczerine \u00e7al\u0131\u015fan sa\u011fl\u0131k ve medikal teknoloji geli\u015ftirecek ki\u015filer i\u00e7in bir cazibe merkezi olmal\u0131. Ve tabii ki Antalya\u2019n\u0131n incisi turizm 2024 y\u0131l\u0131nda 17 milyon turist gelmi\u015f ve bu b\u00f6lgenin turizmle ilgili elini g\u00fc\u00e7lendirmek i\u00e7in nas\u0131l m\u00fccadele etti\u011fini Muhitin beyden ve \u00e7al\u0131\u015fma arkada\u015flar\u0131ndan birliyorum. Benim hayalim bu b\u00f6lgede 35 milyon turist ama turist say\u0131s\u0131 kadar turizm \u00e7e\u015fitli\u011fi gelirin nas\u0131l b\u00f6l\u00fc\u015f\u00fcld\u00fc\u011f\u00fc s\u00fcrd\u00fcrebilirli\u011fi de \u00f6nemli. \u00a0Turizmdeki gelirlerin hi\u00e7biri yerel y\u00f6netimlerle payla\u015f\u0131lm\u0131yorsa yerel y\u00f6netimler masas\u0131na oradan bir kaynak gelmiyorsa siz turizmde sadece g\u00fcn\u00fc idare edersiniz\u201d i\u011ffaldekini kulland\u0131.\u00a0<\/p>\n<p>\u201cKURDUKLARI OYUNLARI BA\u015eLARINA YIKACA\u011eIZ\u201d<\/p>\n<p>Her ko\u015fulda milletine g\u00fcvendi\u011fini belirten \u0130mamo\u011flu, \u201cBen bu \u00fclkenin bu b\u00f6lgenin \u00e7ok daha g\u00fczle g\u00fcnler g\u00f6rece\u011fine inan\u0131yorum neden inan\u0131yorum biliyor musunuz? Ak\u0131llar\u0131nca beni korkutup y\u0131ld\u0131racaklar. Hepiniz dimdik ayaktas\u0131n\u0131z biliyorum. Bu haktan ve hukuktan nasibini alamm\u0131\u015flar san\u0131yorlarken Ekrem \u0130mamo\u011flu\u2019nu korkutacaklar. Sesim k\u0131s\u0131ld\u0131 diye korkaca\u011f\u0131m\u0131 sanmas\u0131nlar. Bunlardan var ya sa\u00e7\u0131m\u0131n telini k\u0131p\u0131rdatacak kadar korkuyorsam onlar gibi olay\u0131m. Bunlardan korkmak ne demek ya bu gayri me\u015fru tertipler beni millete hizmet etme hedefimden milim sapt\u0131rmayacaklar. Ben y\u00fcr\u00fcd\u00fc\u011f\u00fcm bu yolda her yerde s\u00f6yl\u00fcyorum \u2018\u00f6nce y\u00fcce Allah\u2019a sonra milletime g\u00fcveniyorum.\u2019 Kumpaslara, entrikalar, fitneyle, fesattalar kurduklar\u0131 oyunlar\u0131 ba\u015flar\u0131na y\u0131kaca\u011f\u0131z. Kepezin gen\u00e7leri te\u015fekk\u00fcr ederim sa\u011f olun milletimizin benimle birlikte oldu\u011funu biliyorum. Bu millet g\u00fcn\u00fc geldi\u011finde \u2018yeter art\u0131k\u2019 demesini iyi bilir.<\/p>\n<p>\u201cTEK SU\u00c7UM ZAFER KAZANMAK\u201d<\/p>\n<p>Ak Parti\u2019nin kendisnini hedef almas\u0131n\u0131n tek nedeninin se\u00e7imlerdeki zaferi oldu\u011funu iddia eden \u0130mamo\u011flu, \u201cTek su\u00e7umuzun ne oldu\u011funu anlatay\u0131m. Tek dertleri Ekrem 2019 y\u0131l\u0131nda bu yana hi\u00e7 se\u00e7im kaybetmedi. Hatta 2014\u2019den beridir tek su\u00e7umuz onlar\u0131 4 kez yenmi\u015f olmak. Peki buradan soral\u0131m Antalya, Burdur, Isparta, Konya Karaman sizler 5.yenilgiyi tatt\u0131rmaya haz\u0131r m\u0131s\u0131n\u0131z? 5 yenilgiden sonra onu evine yollamaya haz\u0131r m\u0131s\u0131n\u0131z? \u0130\u015fte o sand\u0131k gelecek bu millet seni t\u0131p\u0131\u015f t\u0131p\u0131\u015f evine yollayacak. Korkmay\u0131 y\u0131k\u0131lmay\u0131z yorulmay\u0131z belki sesimiz k\u0131s\u0131l\u0131r ama ba\u015fka Ekrem \u0130mamo\u011flular\u0131 konu\u015fur. \u00a0Milyonlarca Ekrem \u0130mamo\u011flu var. 17 bak\u0131nla birlikte \u0130stanbul\u2019a geldin kampanya yapt\u0131n olmad\u0131 Buradan Antalya\u2019dan tekrar hat\u0131rlat\u0131yorum sand\u0131\u011f\u0131 getirin milletin huzuruna gidelim millet karar versin hodri meydan\u201d s\u00f6zlerini kaydetti.\u00a0<\/p>\n<p>SORUMLULUK ALMAYA HAZIRIM<\/p>\n<p>T\u00fcrkiye y\u00f6netme sorumlu\u011funu almaya haz\u0131r olduklar\u0131n\u0131 belirten Ekrem \u0130mamo\u011flu, \u201cBu \u00fclkeyi y\u00f6netme sorumlu\u011funu almak i\u00e7in haz\u0131r\u0131z. Bu \u015fekilde adalet olsun diye \u00e7al\u0131\u015faca\u011f\u0131z. Biz bu \u00fclkede adalet istiyoruz. Adalet olsun birlik olsun istiyoruz. Biz asla yorulamayaca\u011f\u0131z. \u00c7\u00f6z\u00fcm \u00fcreterek milleti birle\u015filerek, milletimizle beraber bir yolculu\u011fa \u00e7\u0131k\u0131yoruz. Hep beraber ba\u015faraca\u011f\u0131z. 23 Mart\u2019ta hi\u00e7 kay\u0131p vermeden bir demokrasi \u015fenli\u011fi d\u00fczenleyece\u011fiz. \u00d6n se\u00e7imde kullanaca\u011f\u0131n\u0131z her oy demokrasinin ve milli iradenin de\u011ferini g\u00f6sterecek. Ben bug\u00fcne kadar hep uykular\u0131n\u0131 ka\u00e7\u0131rd\u0131m 23 Mart\u2019tan sonra hep beraber uykular\u0131n\u0131 ka\u00e7\u0131rmaya haz\u0131r m\u0131y\u0131z? Y\u00fck\u00fc omuzlama vakti gelmi\u015ftir. Bu yolcu\u011fa haz\u0131r m\u0131y\u0131z? Cumhuriyet Halk partisi kazanacak millet kazancak. Herekse 23 Mart\u2019ta sand\u0131k ba\u015f\u0131na Antalya\u2019ya sesleniyorum Antalya haz\u0131r m\u0131y\u0131z\u201d dedi.\u00a0<\/p>\n<p>\u00a0<\/p>\n<p>\u200bCHP\u2019nin cumhurba\u015fkan\u0131 aday\u0131n\u0131 belirlenece\u011fi \u00f6n se\u00e7im i\u00e7in Antalya\u2019ya gelen Ekrem \u0130mamo\u011flu, burada \u00e7arp\u0131c\u0131 a\u00e7\u0131klamalarda bulundu. \u0130ktidar olmak i\u00e7in kollar\u0131 s\u0131vad\u0131klar\u0131n\u0131 belirten \u0130mamo\u011flu, \u201cBen bug\u00fcne kadar hep uykular\u0131n\u0131 ka\u00e7\u0131rd\u0131m 23 Mart\u2019tan sonra hep beraber uykular\u0131n\u0131 ka\u00e7\u0131rmaya haz\u0131r m\u0131y\u0131z? Y\u00fck\u00fc omuzlama vakti gelmi\u015ftir. Bu yolcu\u011fa haz\u0131r m\u0131y\u0131z? Antalya haz\u0131r m\u0131y\u0131z\u201d dedi.\u00a0<\/p>\n<p>\u200bHaberin Al\u0131nt\u0131land\u0131\u011f\u0131 Kaynak: www.antalyakorfez.com<\/p>","protected":false},"excerpt":{"rendered":"<p>Cumhuriyet Halk Partisi\u2019nin 23 Mart 2025\u2019te cumhurba\u015fkan\u0131 aday\u0131n\u0131n belirleyece\u011fi \u00f6n se\u00e7im i\u00e7in aday aday\u0131 olan \u0130stanbul B\u00fcy\u00fck\u015fehir Belediye Ba\u015fkan\u0131 Ekrem \u0130mamo\u011flu, \u0130zmir\u2019den ba\u015flatt\u0131\u011f\u0131 yurt gezilerine bug\u00fcn Antalya\u2019y\u0131 da ekledi. \u0130mamo\u011flu\u2019nu saat 16.00\u2019da Antalya Havaliman\u0131\u2019nda kalabal\u0131k bir partili grubu taraf\u0131nda kar\u015f\u0131land\u0131.\u00a0 \u0130FTAR SOFRASINA KONUK OLDU\u00a0 Havaliman\u0131n ard\u0131ndan Y\u00f6r\u00fck k\u00f6kenli Ahmet Alata\u015f ve ailesinin iftar konu\u011fu olan \u0130mamo\u011flu saat 20.30 konu\u015fma yapaca\u011f\u0131 Cam Piramit Kongre Merkezi\u2019ne do\u011fru hareket etti. Saatler \u00f6nce alana gelen CHP\u2019liler \u0130mamo\u011flu\u2019nun konu\u015fma yapaca\u011f\u0131 salona saat 19.00 itibar\u0131yla al\u0131nmaya ba\u015flad\u0131. Salon \u00f6n\u00fcnde s\u0131raya giren vatanda\u015flar 19.30 itibar\u0131yla salonun doldu\u011fu bilgisinin verilmesi \u00fczerine hayal k\u0131r\u0131kl\u0131\u011f\u0131 ya\u015fasa da \u0130mamo\u011flu\u2019na destek vermek salonun d\u0131\u015f\u0131nda beklemeye ba\u015flad\u0131. SALON DOLDU TA\u015eTI\u00a0 Salonun h\u0131nca h\u0131n\u00e7 doldu\u011fu Cam Piramit Kongre Merkezi\u2019ne saat 20.30 itibar\u0131yla giri\u015f yapan Ekrem \u0130mamo\u011flu, alk\u0131\u015flarla kar\u015f\u0131land\u0131. Protokol s\u0131ras\u0131nda partili y\u00f6neticiler, belediye ba\u015fkanlar\u0131 ve milletvekilleri ile tokala\u015fan \u0130mamo\u011flu, yerine ge\u00e7tikten sonra sayg\u0131 duru\u015fu yap\u0131larak \u0130stiklal Mar\u015f\u0131 okundu. HERKES\u0130 SELAMLADI\u00a0 Ard\u0131ndan k\u00fcrs\u00fcye \u00e7\u0131kan Ekrem \u0130mamo\u011flu, konu\u015fmas\u0131na ba\u015flad\u0131. \u0130mamo\u011flu, \u201cBug\u00fcn Antalya\u2019day\u0131z de\u011ferli ba\u015fkanlar\u0131m\u0131z sizleri selamd\u0131 ve beni \u00e7ok g\u00fczel c\u00fcmleler Antalya\u2019dan Toroslardan verdi\u011finiz cesaretle hani atam\u0131z der ya burada bu Toroslarda e\u011fer bir duman tutuyorsa hi\u00e7 kimse bu \u00fclkenin gelece\u011finden \u015f\u00fcphe etmesin ben sizin enerjinizi o cesaretinizi ve duygular\u0131n\u0131z alamaya geldim hepinizi selaml\u0131yorum. \u00a0\u201cAntalya, Burdur &hellip;<\/p>","protected":false},"author":5,"featured_media":0,"comment_status":"open","ping_status":"open","sticky":false,"template":"","format":"standard","meta":{"_acf_changed":false,"footnotes":""},"categories":[24],"tags":[],"class_list":["post-35187","post","type-post","status-publish","format-standard","has-post-thumbnail","hentry","category-gundem"],"acf":[],"yoast_head":"<!-- This site is optimized with the Yoast SEO Premium plugin v26.6 (Yoast SEO v27.1.1) - https:\/\/yoast.com\/product\/yoast-seo-premium-wordpress\/ -->\n<title>\u0130mamo\u011flu Antalya\u2019da: \u201c\u0130ktidar olmak i\u00e7in kollar\u0131m\u0131z\u0131 s\u0131vad\u0131k yola \u00e7\u0131k\u0131yoruz\u201d - Av. Deniz Can K\u0131z\u0131l<\/title>\n<meta name=\"robots\" content=\"index, follow, max-snippet:-1, max-image-preview:large, max-video-preview:-1\" \/>\n<link rel=\"canonical\" href=\"https:\/\/denizcankizil.tr\/de\/haberler\/gundem\/imamoglu-antalyada-iktidar-olmak-icin-kollarimizi-sivadik-yola-cikiyoruz\/\" \/>\n<meta property=\"og:locale\" content=\"de_DE\" \/>\n<meta property=\"og:type\" content=\"article\" \/>\n<meta property=\"og:title\" content=\"\u0130mamo\u011flu Antalya\u2019da: \u201c\u0130ktidar olmak i\u00e7in kollar\u0131m\u0131z\u0131 s\u0131vad\u0131k yola \u00e7\u0131k\u0131yoruz\u201d\" \/>\n<meta property=\"og:description\" content=\"Cumhuriyet Halk Partisi\u2019nin 23 Mart 2025\u2019te cumhurba\u015fkan\u0131 aday\u0131n\u0131n belirleyece\u011fi \u00f6n se\u00e7im i\u00e7in aday aday\u0131 olan \u0130stanbul B\u00fcy\u00fck\u015fehir Belediye Ba\u015fkan\u0131 Ekrem \u0130mamo\u011flu, \u0130zmir\u2019den ba\u015flatt\u0131\u011f\u0131 yurt gezilerine bug\u00fcn Antalya\u2019y\u0131 da ekledi. \u0130mamo\u011flu\u2019nu saat 16.00\u2019da Antalya Havaliman\u0131\u2019nda kalabal\u0131k bir partili grubu taraf\u0131nda kar\u015f\u0131land\u0131.\u00a0 \u0130FTAR SOFRASINA KONUK OLDU\u00a0 Havaliman\u0131n ard\u0131ndan Y\u00f6r\u00fck k\u00f6kenli Ahmet Alata\u015f ve ailesinin iftar konu\u011fu olan \u0130mamo\u011flu saat 20.30 konu\u015fma yapaca\u011f\u0131 Cam Piramit Kongre Merkezi\u2019ne do\u011fru hareket etti. Saatler \u00f6nce alana gelen CHP\u2019liler \u0130mamo\u011flu\u2019nun konu\u015fma yapaca\u011f\u0131 salona saat 19.00 itibar\u0131yla al\u0131nmaya ba\u015flad\u0131. Salon \u00f6n\u00fcnde s\u0131raya giren vatanda\u015flar 19.30 itibar\u0131yla salonun doldu\u011fu bilgisinin verilmesi \u00fczerine hayal k\u0131r\u0131kl\u0131\u011f\u0131 ya\u015fasa da \u0130mamo\u011flu\u2019na destek vermek salonun d\u0131\u015f\u0131nda beklemeye ba\u015flad\u0131. SALON DOLDU TA\u015eTI\u00a0 Salonun h\u0131nca h\u0131n\u00e7 doldu\u011fu Cam Piramit Kongre Merkezi\u2019ne saat 20.30 itibar\u0131yla giri\u015f yapan Ekrem \u0130mamo\u011flu, alk\u0131\u015flarla kar\u015f\u0131land\u0131. Protokol s\u0131ras\u0131nda partili y\u00f6neticiler, belediye ba\u015fkanlar\u0131 ve milletvekilleri ile tokala\u015fan \u0130mamo\u011flu, yerine ge\u00e7tikten sonra sayg\u0131 duru\u015fu yap\u0131larak \u0130stiklal Mar\u015f\u0131 okundu. HERKES\u0130 SELAMLADI\u00a0 Ard\u0131ndan k\u00fcrs\u00fcye \u00e7\u0131kan Ekrem \u0130mamo\u011flu, konu\u015fmas\u0131na ba\u015flad\u0131. \u0130mamo\u011flu, \u201cBug\u00fcn Antalya\u2019day\u0131z de\u011ferli ba\u015fkanlar\u0131m\u0131z sizleri selamd\u0131 ve beni \u00e7ok g\u00fczel c\u00fcmleler Antalya\u2019dan Toroslardan verdi\u011finiz cesaretle hani atam\u0131z der ya burada bu Toroslarda e\u011fer bir duman tutuyorsa hi\u00e7 kimse bu \u00fclkenin gelece\u011finden \u015f\u00fcphe etmesin ben sizin enerjinizi o cesaretinizi ve duygular\u0131n\u0131z alamaya geldim hepinizi selaml\u0131yorum. \u00a0\u201cAntalya, Burdur &hellip;\" \/>\n<meta property=\"og:url\" content=\"https:\/\/denizcankizil.tr\/de\/haberler\/gundem\/imamoglu-antalyada-iktidar-olmak-icin-kollarimizi-sivadik-yola-cikiyoruz\/\" \/>\n<meta property=\"og:site_name\" content=\"Av. Deniz Can K\u0131z\u0131l\" \/>\n<meta property=\"article:published_time\" content=\"2025-03-09T19:41:14+00:00\" \/>\n<meta name=\"author\" content=\"Antalya K\u00f6rfez\" \/>\n<meta name=\"twitter:card\" content=\"summary_large_image\" \/>\n<meta name=\"twitter:label1\" content=\"Verfasst von\" \/>\n\t<meta name=\"twitter:data1\" content=\"Antalya K\u00f6rfez\" \/>\n\t<meta name=\"twitter:label2\" content=\"Gesch\u00e4tzte Lesezeit\" \/>\n\t<meta name=\"twitter:data2\" content=\"10\u00a0Minuten\" \/>\n<script type=\"application\/ld+json\" class=\"yoast-schema-graph\">{\"@context\":\"https:\/\/schema.org\",\"@graph\":[{\"@type\":\"Article\",\"@id\":\"https:\/\/denizcankizil.tr\/de\/haberler\/gundem\/imamoglu-antalyada-iktidar-olmak-icin-kollarimizi-sivadik-yola-cikiyoruz\/#article\",\"isPartOf\":{\"@id\":\"https:\/\/denizcankizil.tr\/de\/haberler\/gundem\/imamoglu-antalyada-iktidar-olmak-icin-kollarimizi-sivadik-yola-cikiyoruz\/\"},\"author\":{\"name\":\"Antalya K\u00f6rfez\",\"@id\":\"https:\/\/denizcankizil.tr\/#\/schema\/person\/e1eb71bb4dd684d46563f0af307e1234\"},\"headline\":\"\u0130mamo\u011flu Antalya\u2019da: \u201c\u0130ktidar olmak i\u00e7in kollar\u0131m\u0131z\u0131 s\u0131vad\u0131k yola \u00e7\u0131k\u0131yoruz\u201d\",\"datePublished\":\"2025-03-09T19:41:14+00:00\",\"mainEntityOfPage\":{\"@id\":\"https:\/\/denizcankizil.tr\/de\/haberler\/gundem\/imamoglu-antalyada-iktidar-olmak-icin-kollarimizi-sivadik-yola-cikiyoruz\/\"},\"wordCount\":2116,\"commentCount\":0,\"publisher\":{\"@id\":\"https:\/\/denizcankizil.tr\/#organization\"},\"articleSection\":[\"G\u00fcndem\"],\"inLanguage\":\"de\",\"potentialAction\":[{\"@type\":\"CommentAction\",\"name\":\"Comment\",\"target\":[\"https:\/\/denizcankizil.tr\/de\/haberler\/gundem\/imamoglu-antalyada-iktidar-olmak-icin-kollarimizi-sivadik-yola-cikiyoruz\/#respond\"]}]},{\"@type\":\"WebPage\",\"@id\":\"https:\/\/denizcankizil.tr\/de\/haberler\/gundem\/imamoglu-antalyada-iktidar-olmak-icin-kollarimizi-sivadik-yola-cikiyoruz\/\",\"url\":\"https:\/\/denizcankizil.tr\/de\/haberler\/gundem\/imamoglu-antalyada-iktidar-olmak-icin-kollarimizi-sivadik-yola-cikiyoruz\/\",\"name\":\"\u0130mamo\u011flu Antalya\u2019da: \u201c\u0130ktidar olmak i\u00e7in kollar\u0131m\u0131z\u0131 s\u0131vad\u0131k yola \u00e7\u0131k\u0131yoruz\u201d - Av. Deniz Can K\u0131z\u0131l\",\"isPartOf\":{\"@id\":\"https:\/\/denizcankizil.tr\/#website\"},\"datePublished\":\"2025-03-09T19:41:14+00:00\",\"breadcrumb\":{\"@id\":\"https:\/\/denizcankizil.tr\/de\/haberler\/gundem\/imamoglu-antalyada-iktidar-olmak-icin-kollarimizi-sivadik-yola-cikiyoruz\/#breadcrumb\"},\"inLanguage\":\"de\",\"potentialAction\":[{\"@type\":\"ReadAction\",\"target\":[\"https:\/\/denizcankizil.tr\/de\/haberler\/gundem\/imamoglu-antalyada-iktidar-olmak-icin-kollarimizi-sivadik-yola-cikiyoruz\/\"]}]},{\"@type\":\"BreadcrumbList\",\"@id\":\"https:\/\/denizcankizil.tr\/de\/haberler\/gundem\/imamoglu-antalyada-iktidar-olmak-icin-kollarimizi-sivadik-yola-cikiyoruz\/#breadcrumb\",\"itemListElement\":[{\"@type\":\"ListItem\",\"position\":1,\"name\":\"Home\",\"item\":\"https:\/\/denizcankizil.tr\/uk\/\"},{\"@type\":\"ListItem\",\"position\":2,\"name\":\"\u0130mamo\u011flu Antalya\u2019da: \u201c\u0130ktidar olmak i\u00e7in kollar\u0131m\u0131z\u0131 s\u0131vad\u0131k yola \u00e7\u0131k\u0131yoruz\u201d\"}]},{\"@type\":\"WebSite\",\"@id\":\"https:\/\/denizcankizil.tr\/#website\",\"url\":\"https:\/\/denizcankizil.tr\/\",\"name\":\"Av. Deniz Can K\u0131z\u0131l\",\"description\":\"Avukat Deniz Can K\u0131z\u0131l Antalya Barosu\",\"publisher\":{\"@id\":\"https:\/\/denizcankizil.tr\/#organization\"},\"potentialAction\":[{\"@type\":\"SearchAction\",\"target\":{\"@type\":\"EntryPoint\",\"urlTemplate\":\"https:\/\/denizcankizil.tr\/?s={search_term_string}\"},\"query-input\":{\"@type\":\"PropertyValueSpecification\",\"valueRequired\":true,\"valueName\":\"search_term_string\"}}],\"inLanguage\":\"de\"},{\"@type\":\"Organization\",\"@id\":\"https:\/\/denizcankizil.tr\/#organization\",\"name\":\"Av. Deniz Can K\u0131z\u0131l\",\"url\":\"https:\/\/denizcankizil.tr\/\",\"logo\":{\"@type\":\"ImageObject\",\"inLanguage\":\"de\",\"@id\":\"https:\/\/denizcankizil.tr\/#\/schema\/logo\/image\/\",\"url\":\"https:\/\/denizcankizil.tr\/wp-content\/uploads\/2024\/10\/siyah-logo-svg.svg\",\"contentUrl\":\"https:\/\/denizcankizil.tr\/wp-content\/uploads\/2024\/10\/siyah-logo-svg.svg\",\"width\":1080,\"height\":1080,\"caption\":\"Av. Deniz Can K\u0131z\u0131l\"},\"image\":{\"@id\":\"https:\/\/denizcankizil.tr\/#\/schema\/logo\/image\/\"}},{\"@type\":\"Person\",\"@id\":\"https:\/\/denizcankizil.tr\/#\/schema\/person\/e1eb71bb4dd684d46563f0af307e1234\",\"name\":\"Antalya K\u00f6rfez\",\"image\":{\"@type\":\"ImageObject\",\"inLanguage\":\"de\",\"@id\":\"https:\/\/denizcankizil.tr\/#\/schema\/person\/image\/\",\"url\":\"https:\/\/secure.gravatar.com\/avatar\/42b01982558a48a0b501fdcab6a408d3717ea5919095ee2e67b0e521799c5905?s=96&d=mm&r=g\",\"contentUrl\":\"https:\/\/secure.gravatar.com\/avatar\/42b01982558a48a0b501fdcab6a408d3717ea5919095ee2e67b0e521799c5905?s=96&d=mm&r=g\",\"caption\":\"Antalya K\u00f6rfez\"},\"sameAs\":[\"http:\/\/www.antalyakorfez.com\"],\"url\":\"https:\/\/www.antalyakorfez.com\/imamoglu-antalyada-iktidar-olmak-icin-kollarimizi-sivadik-yola-cikiyoruz\"}]}<\/script>\n<!-- \/ Yoast SEO Premium plugin. -->","yoast_head_json":{"title":"\u0130mamo\u011flu Antalya\u2019da: \u201c\u0130ktidar olmak i\u00e7in kollar\u0131m\u0131z\u0131 s\u0131vad\u0131k yola \u00e7\u0131k\u0131yoruz\u201d - Av. Deniz Can K\u0131z\u0131l","robots":{"index":"index","follow":"follow","max-snippet":"max-snippet:-1","max-image-preview":"max-image-preview:large","max-video-preview":"max-video-preview:-1"},"canonical":"https:\/\/denizcankizil.tr\/de\/haberler\/gundem\/imamoglu-antalyada-iktidar-olmak-icin-kollarimizi-sivadik-yola-cikiyoruz\/","og_locale":"de_DE","og_type":"article","og_title":"\u0130mamo\u011flu Antalya\u2019da: \u201c\u0130ktidar olmak i\u00e7in kollar\u0131m\u0131z\u0131 s\u0131vad\u0131k yola \u00e7\u0131k\u0131yoruz\u201d","og_description":"Cumhuriyet Halk Partisi\u2019nin 23 Mart 2025\u2019te cumhurba\u015fkan\u0131 aday\u0131n\u0131n belirleyece\u011fi \u00f6n se\u00e7im i\u00e7in aday aday\u0131 olan \u0130stanbul B\u00fcy\u00fck\u015fehir Belediye Ba\u015fkan\u0131 Ekrem \u0130mamo\u011flu, \u0130zmir\u2019den ba\u015flatt\u0131\u011f\u0131 yurt gezilerine bug\u00fcn Antalya\u2019y\u0131 da ekledi. \u0130mamo\u011flu\u2019nu saat 16.00\u2019da Antalya Havaliman\u0131\u2019nda kalabal\u0131k bir partili grubu taraf\u0131nda kar\u015f\u0131land\u0131.\u00a0 \u0130FTAR SOFRASINA KONUK OLDU\u00a0 Havaliman\u0131n ard\u0131ndan Y\u00f6r\u00fck k\u00f6kenli Ahmet Alata\u015f ve ailesinin iftar konu\u011fu olan \u0130mamo\u011flu saat 20.30 konu\u015fma yapaca\u011f\u0131 Cam Piramit Kongre Merkezi\u2019ne do\u011fru hareket etti. Saatler \u00f6nce alana gelen CHP\u2019liler \u0130mamo\u011flu\u2019nun konu\u015fma yapaca\u011f\u0131 salona saat 19.00 itibar\u0131yla al\u0131nmaya ba\u015flad\u0131. Salon \u00f6n\u00fcnde s\u0131raya giren vatanda\u015flar 19.30 itibar\u0131yla salonun doldu\u011fu bilgisinin verilmesi \u00fczerine hayal k\u0131r\u0131kl\u0131\u011f\u0131 ya\u015fasa da \u0130mamo\u011flu\u2019na destek vermek salonun d\u0131\u015f\u0131nda beklemeye ba\u015flad\u0131. SALON DOLDU TA\u015eTI\u00a0 Salonun h\u0131nca h\u0131n\u00e7 doldu\u011fu Cam Piramit Kongre Merkezi\u2019ne saat 20.30 itibar\u0131yla giri\u015f yapan Ekrem \u0130mamo\u011flu, alk\u0131\u015flarla kar\u015f\u0131land\u0131. Protokol s\u0131ras\u0131nda partili y\u00f6neticiler, belediye ba\u015fkanlar\u0131 ve milletvekilleri ile tokala\u015fan \u0130mamo\u011flu, yerine ge\u00e7tikten sonra sayg\u0131 duru\u015fu yap\u0131larak \u0130stiklal Mar\u015f\u0131 okundu. HERKES\u0130 SELAMLADI\u00a0 Ard\u0131ndan k\u00fcrs\u00fcye \u00e7\u0131kan Ekrem \u0130mamo\u011flu, konu\u015fmas\u0131na ba\u015flad\u0131. \u0130mamo\u011flu, \u201cBug\u00fcn Antalya\u2019day\u0131z de\u011ferli ba\u015fkanlar\u0131m\u0131z sizleri selamd\u0131 ve beni \u00e7ok g\u00fczel c\u00fcmleler Antalya\u2019dan Toroslardan verdi\u011finiz cesaretle hani atam\u0131z der ya burada bu Toroslarda e\u011fer bir duman tutuyorsa hi\u00e7 kimse bu \u00fclkenin gelece\u011finden \u015f\u00fcphe etmesin ben sizin enerjinizi o cesaretinizi ve duygular\u0131n\u0131z alamaya geldim hepinizi selaml\u0131yorum. \u00a0\u201cAntalya, Burdur &hellip;","og_url":"https:\/\/denizcankizil.tr\/de\/haberler\/gundem\/imamoglu-antalyada-iktidar-olmak-icin-kollarimizi-sivadik-yola-cikiyoruz\/","og_site_name":"Av. Deniz Can K\u0131z\u0131l","article_published_time":"2025-03-09T19:41:14+00:00","author":"Antalya K\u00f6rfez","twitter_card":"summary_large_image","twitter_misc":{"Verfasst von":"Antalya K\u00f6rfez","Gesch\u00e4tzte Lesezeit":"10\u00a0Minuten"},"schema":{"@context":"https:\/\/schema.org","@graph":[{"@type":"Article","@id":"https:\/\/denizcankizil.tr\/de\/haberler\/gundem\/imamoglu-antalyada-iktidar-olmak-icin-kollarimizi-sivadik-yola-cikiyoruz\/#article","isPartOf":{"@id":"https:\/\/denizcankizil.tr\/de\/haberler\/gundem\/imamoglu-antalyada-iktidar-olmak-icin-kollarimizi-sivadik-yola-cikiyoruz\/"},"author":{"name":"Antalya K\u00f6rfez","@id":"https:\/\/denizcankizil.tr\/#\/schema\/person\/e1eb71bb4dd684d46563f0af307e1234"},"headline":"\u0130mamo\u011flu Antalya\u2019da: \u201c\u0130ktidar olmak i\u00e7in kollar\u0131m\u0131z\u0131 s\u0131vad\u0131k yola \u00e7\u0131k\u0131yoruz\u201d","datePublished":"2025-03-09T19:41:14+00:00","mainEntityOfPage":{"@id":"https:\/\/denizcankizil.tr\/de\/haberler\/gundem\/imamoglu-antalyada-iktidar-olmak-icin-kollarimizi-sivadik-yola-cikiyoruz\/"},"wordCount":2116,"commentCount":0,"publisher":{"@id":"https:\/\/denizcankizil.tr\/#organization"},"articleSection":["G\u00fcndem"],"inLanguage":"de","potentialAction":[{"@type":"CommentAction","name":"Comment","target":["https:\/\/denizcankizil.tr\/de\/haberler\/gundem\/imamoglu-antalyada-iktidar-olmak-icin-kollarimizi-sivadik-yola-cikiyoruz\/#respond"]}]},{"@type":"WebPage","@id":"https:\/\/denizcankizil.tr\/de\/haberler\/gundem\/imamoglu-antalyada-iktidar-olmak-icin-kollarimizi-sivadik-yola-cikiyoruz\/","url":"https:\/\/denizcankizil.tr\/de\/haberler\/gundem\/imamoglu-antalyada-iktidar-olmak-icin-kollarimizi-sivadik-yola-cikiyoruz\/","name":"\u0130mamo\u011flu Antalya\u2019da: \u201c\u0130ktidar olmak i\u00e7in kollar\u0131m\u0131z\u0131 s\u0131vad\u0131k yola \u00e7\u0131k\u0131yoruz\u201d - Av. Deniz Can K\u0131z\u0131l","isPartOf":{"@id":"https:\/\/denizcankizil.tr\/#website"},"datePublished":"2025-03-09T19:41:14+00:00","breadcrumb":{"@id":"https:\/\/denizcankizil.tr\/de\/haberler\/gundem\/imamoglu-antalyada-iktidar-olmak-icin-kollarimizi-sivadik-yola-cikiyoruz\/#breadcrumb"},"inLanguage":"de","potentialAction":[{"@type":"ReadAction","target":["https:\/\/denizcankizil.tr\/de\/haberler\/gundem\/imamoglu-antalyada-iktidar-olmak-icin-kollarimizi-sivadik-yola-cikiyoruz\/"]}]},{"@type":"BreadcrumbList","@id":"https:\/\/denizcankizil.tr\/de\/haberler\/gundem\/imamoglu-antalyada-iktidar-olmak-icin-kollarimizi-sivadik-yola-cikiyoruz\/#breadcrumb","itemListElement":[{"@type":"ListItem","position":1,"name":"Home","item":"https:\/\/denizcankizil.tr\/uk\/"},{"@type":"ListItem","position":2,"name":"\u0130mamo\u011flu Antalya\u2019da: \u201c\u0130ktidar olmak i\u00e7in kollar\u0131m\u0131z\u0131 s\u0131vad\u0131k yola \u00e7\u0131k\u0131yoruz\u201d"}]},{"@type":"WebSite","@id":"https:\/\/denizcankizil.tr\/#website","url":"https:\/\/denizcankizil.tr\/","name":"Av. Deniz Can K\u0131z\u0131l","description":"Avukat Deniz Can K\u0131z\u0131l Antalya Barosu","publisher":{"@id":"https:\/\/denizcankizil.tr\/#organization"},"potentialAction":[{"@type":"SearchAction","target":{"@type":"EntryPoint","urlTemplate":"https:\/\/denizcankizil.tr\/?s={search_term_string}"},"query-input":{"@type":"PropertyValueSpecification","valueRequired":true,"valueName":"search_term_string"}}],"inLanguage":"de"},{"@type":"Organization","@id":"https:\/\/denizcankizil.tr\/#organization","name":"Av. Deniz Can K\u0131z\u0131l","url":"https:\/\/denizcankizil.tr\/","logo":{"@type":"ImageObject","inLanguage":"de","@id":"https:\/\/denizcankizil.tr\/#\/schema\/logo\/image\/","url":"https:\/\/denizcankizil.tr\/wp-content\/uploads\/2024\/10\/siyah-logo-svg.svg","contentUrl":"https:\/\/denizcankizil.tr\/wp-content\/uploads\/2024\/10\/siyah-logo-svg.svg","width":1080,"height":1080,"caption":"Av. Deniz Can K\u0131z\u0131l"},"image":{"@id":"https:\/\/denizcankizil.tr\/#\/schema\/logo\/image\/"}},{"@type":"Person","@id":"https:\/\/denizcankizil.tr\/#\/schema\/person\/e1eb71bb4dd684d46563f0af307e1234","name":"Antalya K\u00f6rfez","image":{"@type":"ImageObject","inLanguage":"de","@id":"https:\/\/denizcankizil.tr\/#\/schema\/person\/image\/","url":"https:\/\/secure.gravatar.com\/avatar\/42b01982558a48a0b501fdcab6a408d3717ea5919095ee2e67b0e521799c5905?s=96&d=mm&r=g","contentUrl":"https:\/\/secure.gravatar.com\/avatar\/42b01982558a48a0b501fdcab6a408d3717ea5919095ee2e67b0e521799c5905?s=96&d=mm&r=g","caption":"Antalya K\u00f6rfez"},"sameAs":["http:\/\/www.antalyakorfez.com"],"url":"https:\/\/www.antalyakorfez.com\/imamoglu-antalyada-iktidar-olmak-icin-kollarimizi-sivadik-yola-cikiyoruz"}]}},"_links":{"self":[{"href":"https:\/\/denizcankizil.tr\/de\/wp-json\/wp\/v2\/posts\/35187","targetHints":{"allow":["GET"]}}],"collection":[{"href":"https:\/\/denizcankizil.tr\/de\/wp-json\/wp\/v2\/posts"}],"about":[{"href":"https:\/\/denizcankizil.tr\/de\/wp-json\/wp\/v2\/types\/post"}],"author":[{"embeddable":true,"href":"https:\/\/denizcankizil.tr\/de\/wp-json\/wp\/v2\/users\/5"}],"replies":[{"embeddable":true,"href":"https:\/\/denizcankizil.tr\/de\/wp-json\/wp\/v2\/comments?post=35187"}],"version-history":[{"count":0,"href":"https:\/\/denizcankizil.tr\/de\/wp-json\/wp\/v2\/posts\/35187\/revisions"}],"wp:attachment":[{"href":"https:\/\/denizcankizil.tr\/de\/wp-json\/wp\/v2\/media?parent=35187"}],"wp:term":[{"taxonomy":"category","embeddable":true,"href":"https:\/\/denizcankizil.tr\/de\/wp-json\/wp\/v2\/categories?post=35187"},{"taxonomy":"post_tag","embeddable":true,"href":"https:\/\/denizcankizil.tr\/de\/wp-json\/wp\/v2\/tags?post=35187"}],"curies":[{"name":"wp","href":"https:\/\/api.w.org\/{rel}","templated":true}]}}