{"id":35178,"date":"2025-03-09T17:41:32","date_gmt":"2025-03-09T14:41:32","guid":{"rendered":"https:\/\/denizcankizil.tr\/uncategorized-tr\/bm-kadinin-statusu-komisyonu-icin-bakan-goktas-new-york-yolcusu\/"},"modified":"2025-03-09T17:41:32","modified_gmt":"2025-03-09T14:41:32","slug":"bm-kadinin-statusu-komisyonu-icin-bakan-goktas-new-york-yolcusu","status":"publish","type":"post","link":"https:\/\/denizcankizil.tr\/de\/haberler\/gundem\/bm-kadinin-statusu-komisyonu-icin-bakan-goktas-new-york-yolcusu\/","title":{"rendered":"BM Kad\u0131n\u0131n Stat\u00fcs\u00fc Komisyonu i\u00e7in Bakan G\u00f6kta\u015f, New York yolcusu"},"content":{"rendered":"<p>Aile ve Sosyal Hizmetler Bakan\u0131 Mahinur \u00d6zdemir G\u00f6kta\u015f, 10-14 Mart tarihleri aras\u0131nda Birle\u015fmi\u015f Milletler Genel Merkezi&#8217;nde ger\u00e7ekle\u015ftirilecek Kad\u0131n\u0131n Stat\u00fcs\u00fc Komisyonu&#8217;nun 69\u2019uncu oturumuna kat\u0131lmak \u00fczere New York\u2019a gidiyor.ANKARA (\u0130GFA) &#8211; BM Genel Kurulundan sonra en y\u00fcksek kat\u0131l\u0131ml\u0131 BM etkinli\u011fi olan Kad\u0131n\u0131n Stat\u00fcs\u00fc Komisyonu, 10-14 Mart tarihleri aras\u0131nda New York\u2019ta d\u00fczenlenecek.<br \/>\n69\u2019uncu oturuma d\u00fcnyan\u0131n t\u00fcm b\u00f6lgelerinden \u00fcye devletler ve BM kurulu\u015flar\u0131n\u0131n temsilcileri kat\u0131lacak.<br \/>\nOturumun ana g\u00fcndemi kad\u0131n haklar\u0131 konusunda d\u00f6nem noktas\u0131 olarak kabul edilen Pekin Deklarasyonu ve Eylem Platformu&#8217;nun uygulanmas\u0131, Genel Kurul&#8217;un 23. \u00d6zel Oturumunun sonu\u00e7lar\u0131n\u0131n g\u00f6zden ge\u00e7irilmesi ve de\u011ferlendirilmesi olacak.<br \/>\nBu kapsamda, Eylem Platformu&#8217;nun nas\u0131l uyguland\u0131\u011f\u0131, kad\u0131n-erkek e\u015fitli\u011finin sa\u011flanmas\u0131 ve kad\u0131nlar\u0131n g\u00fc\u00e7lendirilmesini etkileyen mevcut zorluklar ile 2030 S\u00fcrd\u00fcr\u00fclebilir Kalk\u0131nma Hedeflerine ula\u015f\u0131lmas\u0131na olan katk\u0131s\u0131 de\u011ferlendirilecek.<br \/>\nAile ve Sosyal Hizmetler Bakan\u0131 Mahinur \u00d6zdemir G\u00f6kta\u015f, 10 Mart\u2019ta komisyonun a\u00e7\u0131l\u0131\u015f oturumunda konu\u015facak. Ayr\u0131ca paneller, yuvarlak masa toplant\u0131lar\u0131 ve yan etkinliklerin yap\u0131laca\u011f\u0131 programlara kat\u0131lacak. Bakan G\u00f6kta\u015f, komisyon sonunda T\u00fcrkiye\u2019nin kad\u0131n, \u00e7ocuk ve ailenin g\u00fc\u00e7lendirilmesine y\u00f6nelik \u201cG\u00fc\u00e7l\u00fc Kad\u0131n, G\u00fc\u00e7l\u00fc T\u00fcrkiye\u201d vizyonu do\u011frultusunda de\u011fi\u015fen ko\u015fullara uyum sa\u011flayacak politikalar\u0131n\u0131 g\u00fcncelleyerek, kad\u0131nlar\u0131n ekonomiye kat\u0131l\u0131m\u0131n\u0131 ve T\u00fcrkiye\u2019nin s\u00fcrd\u00fcr\u00fclebilir kalk\u0131nmas\u0131na verdikleri deste\u011fi art\u0131rmay\u0131 hedefleyen Ulusal Beyan\u0131n\u0131 a\u00e7\u0131klayacak.<br \/>\nOturum kapsam\u0131nda 11 Mart\u2019ta Aile ve Sosyal Hizmetler Bakanl\u0131\u011f\u0131nca kad\u0131n giri\u015fimcili\u011finin dijitalle\u015fme, teknoloji ve e-ticaret gibi yenilik\u00e7i alanlarda nas\u0131l g\u00fc\u00e7lendirilebilece\u011fi \u00fczerine odaklanarak, kad\u0131nlar\u0131n i\u015f d\u00fcnyas\u0131nda daha fazla yer almas\u0131n\u0131 sa\u011flayacak stratejilerin ele al\u0131naca\u011f\u0131 bir iftar program\u0131 d\u00fczenlenecek. Bakanl\u0131k ve Hepsiburada i\u015f birli\u011fi kapsam\u0131nda ger\u00e7ekle\u015fecek programda Bakan G\u00f6kta\u015f, kad\u0131n giri\u015fimcilerin dijital platformlar \u00fczerinden k\u00fcresel pazarlara a\u00e7\u0131labilmesi i\u00e7in sa\u011flanabilecek destekler ve yenilik\u00e7i i\u015f modellerinin te\u015fvik edilmesi i\u00e7in yap\u0131labilecekler \u00fczerine bir konu\u015fma ger\u00e7ekle\u015ftirecek.<br \/>\nBakan G\u00f6kta\u015f, ayr\u0131ca \u00fclkemiz ve Katar taraf\u0131ndan \u201cPekin+30&#8217;dan Sosyal Kalk\u0131nma i\u00e7in \u0130kinci D\u00fcnya Sosyal Zirvesi&#8217;ne: Sosyal Koruma Yoluyla Kad\u0131nlar\u0131n G\u00fc\u00e7lendirilmesinin H\u0131zland\u0131r\u0131lmas\u0131\u201d ba\u015fl\u0131\u011f\u0131yla d\u00fczenlenecek yuvarlak masa etkinli\u011finin bakanlar panelinde bir konu\u015fma yapacak. G\u00f6kta\u015f, konu\u015fmas\u0131nda Pekin Deklarasyonu ruhuna uygun olarak, kad\u0131nlar\u0131n g\u00fc\u00e7lenmesi i\u00e7in daha kapsay\u0131c\u0131 ve s\u00fcrd\u00fcr\u00fclebilir \u00e7\u00f6z\u00fcmler \u00fcretilmesine vurgu yapacak.<br \/>\nBakan G\u00f6kta\u015f, New York ziyaretlerinde KAG\u0130DER, NEYAD, YE\u015e\u0130LAY, TACS gibi farkl\u0131 STK\u2019lar taraf\u0131ndan d\u00fczenlenecek yan etkinliklerde de onur konu\u011fu olacak.<br \/>\nBakan G\u00f6kta\u015f, 13 Mart\u2019ta kad\u0131n liderler, politika yap\u0131c\u0131lar ve W20 delegelerinin bir araya gelece\u011fi Kad\u0131n ve Demokrasi Vakf\u0131\u2019n\u0131n (KADEM) Women 20 (W20) \u0130ftar Program\u0131\u2019na kat\u0131lacak. G\u00f6kta\u015f, 14 Mart\u2019ta da KADEM\u2019in \u201cKad\u0131n \u0130\u015f G\u00fcc\u00fc ve Eme\u011fini Anlamak\u201d etkinli\u011finin a\u00e7\u0131l\u0131\u015f konu\u015fmas\u0131n\u0131 yapacak. Bakan G\u00f6kta\u015f, program kapsam\u0131nda \u00e7e\u015fitli \u00fclkeler ve uluslararas\u0131 kurulu\u015f temsilcileriyle ikili g\u00f6r\u00fc\u015fmeler ger\u00e7ekle\u015ftirecek.<\/p>\n<p>\u200bAile ve Sosyal Hizmetler Bakan\u0131 Mahinur \u00d6zdemir G\u00f6kta\u015f, 10-14 Mart tarihleri aras\u0131nda Birle\u015fmi\u015f Milletler Genel Merkezi&#8217;nde ger\u00e7ekle\u015ftirilecek Kad\u0131n\u0131n Stat\u00fcs\u00fc Komisyonu&#8217;nun 69\u2019uncu oturumuna kat\u0131lmak \u00fczere New York\u2019a gidiyor.ANKARA (\u0130GFA) &#8211; BM Genel Kurulundan sonra en y\u00fcksek kat\u0131l\u0131ml\u0131 BM etkinli\u011fi olan Kad\u0131n\u0131n Stat\u00fcs\u00fc Komisyonu, 10-14 Mart tarihleri aras\u0131nda New York\u2019ta d\u00fczenlenecek.<br \/>\n69\u2019uncu oturuma d\u00fcnyan\u0131n t\u00fcm b\u00f6lgelerinden \u00fcye devletler ve BM kurulu\u015flar\u0131n\u0131n temsilcileri kat\u0131lacak.<br \/>\nOturumun ana g\u00fcndemi kad\u0131n haklar\u0131 konusunda d\u00f6nem noktas\u0131 olarak kabul edilen Pekin Deklarasyonu ve Eylem Platformu&#8217;nun uygulanmas\u0131, Genel Kurul&#8217;un 23. \u00d6zel Oturumunun sonu\u00e7lar\u0131n\u0131n g\u00f6zden ge\u00e7irilmesi ve de\u011ferlendirilmesi olacak.<br \/>\nBu kapsamda, Eylem Platformu&#8217;nun nas\u0131l uyguland\u0131\u011f\u0131, kad\u0131n-erkek e\u015fitli\u011finin sa\u011flanmas\u0131 ve kad\u0131nlar\u0131n g\u00fc\u00e7lendirilmesini etkileyen mevcut zorluklar ile 2030 S\u00fcrd\u00fcr\u00fclebilir Kalk\u0131nma Hedeflerine ula\u015f\u0131lmas\u0131na olan katk\u0131s\u0131 de\u011ferlendirilecek.<br \/>\nAile ve Sosyal Hizmetler Bakan\u0131 Mahinur \u00d6zdemir G\u00f6kta\u015f, 10 Mart\u2019ta komisyonun a\u00e7\u0131l\u0131\u015f oturumunda konu\u015facak. Ayr\u0131ca paneller, yuvarlak masa toplant\u0131lar\u0131 ve yan etkinliklerin yap\u0131laca\u011f\u0131 programlara kat\u0131lacak. Bakan G\u00f6kta\u015f, komisyon sonunda T\u00fcrkiye\u2019nin kad\u0131n, \u00e7ocuk ve ailenin g\u00fc\u00e7lendirilmesine y\u00f6nelik \u201cG\u00fc\u00e7l\u00fc Kad\u0131n, G\u00fc\u00e7l\u00fc T\u00fcrkiye\u201d vizyonu do\u011frultusunda de\u011fi\u015fen ko\u015fullara uyum sa\u011flayacak politikalar\u0131n\u0131 g\u00fcncelleyerek, kad\u0131nlar\u0131n ekonomiye kat\u0131l\u0131m\u0131n\u0131 ve T\u00fcrkiye\u2019nin s\u00fcrd\u00fcr\u00fclebilir kalk\u0131nmas\u0131na verdikleri deste\u011fi art\u0131rmay\u0131 hedefleyen Ulusal Beyan\u0131n\u0131 a\u00e7\u0131klayacak.<br \/>\nOturum kapsam\u0131nda 11 Mart\u2019ta Aile ve Sosyal Hizmetler Bakanl\u0131\u011f\u0131nca kad\u0131n giri\u015fimcili\u011finin dijitalle\u015fme, teknoloji ve e-ticaret gibi yenilik\u00e7i alanlarda nas\u0131l g\u00fc\u00e7lendirilebilece\u011fi \u00fczerine odaklanarak, kad\u0131nlar\u0131n i\u015f d\u00fcnyas\u0131nda daha fazla yer almas\u0131n\u0131 sa\u011flayacak stratejilerin ele al\u0131naca\u011f\u0131 bir iftar program\u0131 d\u00fczenlenecek. Bakanl\u0131k ve Hepsiburada i\u015f birli\u011fi kapsam\u0131nda ger\u00e7ekle\u015fecek programda Bakan G\u00f6kta\u015f, kad\u0131n giri\u015fimcilerin dijital platformlar \u00fczerinden k\u00fcresel pazarlara a\u00e7\u0131labilmesi i\u00e7in sa\u011flanabilecek destekler ve yenilik\u00e7i i\u015f modellerinin te\u015fvik edilmesi i\u00e7in yap\u0131labilecekler \u00fczerine bir konu\u015fma ger\u00e7ekle\u015ftirecek.<br \/>\nBakan G\u00f6kta\u015f, ayr\u0131ca \u00fclkemiz ve Katar taraf\u0131ndan \u201cPekin+30&#8217;dan Sosyal Kalk\u0131nma i\u00e7in \u0130kinci D\u00fcnya Sosyal Zirvesi&#8217;ne: Sosyal Koruma Yoluyla Kad\u0131nlar\u0131n G\u00fc\u00e7lendirilmesinin H\u0131zland\u0131r\u0131lmas\u0131\u201d ba\u015fl\u0131\u011f\u0131yla d\u00fczenlenecek yuvarlak masa etkinli\u011finin bakanlar panelinde bir konu\u015fma yapacak. G\u00f6kta\u015f, konu\u015fmas\u0131nda Pekin Deklarasyonu ruhuna uygun olarak, kad\u0131nlar\u0131n g\u00fc\u00e7lenmesi i\u00e7in daha kapsay\u0131c\u0131 ve s\u00fcrd\u00fcr\u00fclebilir \u00e7\u00f6z\u00fcmler \u00fcretilmesine vurgu yapacak.<br \/>\nBakan G\u00f6kta\u015f, New York ziyaretlerinde KAG\u0130DER, NEYAD, YE\u015e\u0130LAY, TACS gibi farkl\u0131 STK\u2019lar taraf\u0131ndan d\u00fczenlenecek yan etkinliklerde de onur konu\u011fu olacak.<br \/>\nBakan G\u00f6kta\u015f, 13 Mart\u2019ta kad\u0131n liderler, politika yap\u0131c\u0131lar ve W20 delegelerinin bir araya gelece\u011fi Kad\u0131n ve Demokrasi Vakf\u0131\u2019n\u0131n (KADEM) Women 20 (W20) \u0130ftar Program\u0131\u2019na kat\u0131lacak. G\u00f6kta\u015f, 14 Mart\u2019ta da KADEM\u2019in \u201cKad\u0131n \u0130\u015f G\u00fcc\u00fc ve Eme\u011fini Anlamak\u201d etkinli\u011finin a\u00e7\u0131l\u0131\u015f konu\u015fmas\u0131n\u0131 yapacak. Bakan G\u00f6kta\u015f, program kapsam\u0131nda \u00e7e\u015fitli \u00fclkeler ve uluslararas\u0131 kurulu\u015f temsilcileriyle ikili g\u00f6r\u00fc\u015fmeler ger\u00e7ekle\u015ftirecek.\u00a0<\/p>\n<p>\u200bHaberin Al\u0131nt\u0131land\u0131\u011f\u0131 Kaynak: www.iskenderun.org<\/p>","protected":false},"excerpt":{"rendered":"<p>Aile ve Sosyal Hizmetler Bakan\u0131 Mahinur \u00d6zdemir G\u00f6kta\u015f, 10-14 Mart tarihleri aras\u0131nda Birle\u015fmi\u015f Milletler Genel Merkezi&#8217;nde ger\u00e7ekle\u015ftirilecek Kad\u0131n\u0131n Stat\u00fcs\u00fc Komisyonu&#8217;nun 69\u2019uncu oturumuna kat\u0131lmak \u00fczere New York\u2019a gidiyor.ANKARA (\u0130GFA) &#8211; BM Genel Kurulundan sonra en y\u00fcksek kat\u0131l\u0131ml\u0131 BM etkinli\u011fi olan Kad\u0131n\u0131n Stat\u00fcs\u00fc Komisyonu, 10-14 Mart tarihleri aras\u0131nda New York\u2019ta d\u00fczenlenecek. 69\u2019uncu oturuma d\u00fcnyan\u0131n t\u00fcm b\u00f6lgelerinden \u00fcye devletler ve BM kurulu\u015flar\u0131n\u0131n temsilcileri kat\u0131lacak. Oturumun ana g\u00fcndemi kad\u0131n haklar\u0131 konusunda d\u00f6nem noktas\u0131 olarak kabul edilen Pekin Deklarasyonu ve Eylem Platformu&#8217;nun uygulanmas\u0131, Genel Kurul&#8217;un 23. \u00d6zel Oturumunun sonu\u00e7lar\u0131n\u0131n g\u00f6zden ge\u00e7irilmesi ve de\u011ferlendirilmesi olacak. Bu kapsamda, Eylem Platformu&#8217;nun nas\u0131l uyguland\u0131\u011f\u0131, kad\u0131n-erkek e\u015fitli\u011finin sa\u011flanmas\u0131 ve kad\u0131nlar\u0131n g\u00fc\u00e7lendirilmesini etkileyen mevcut zorluklar ile 2030 S\u00fcrd\u00fcr\u00fclebilir Kalk\u0131nma Hedeflerine ula\u015f\u0131lmas\u0131na olan katk\u0131s\u0131 de\u011ferlendirilecek. Aile ve Sosyal Hizmetler Bakan\u0131 Mahinur \u00d6zdemir G\u00f6kta\u015f, 10 Mart\u2019ta komisyonun a\u00e7\u0131l\u0131\u015f oturumunda konu\u015facak. Ayr\u0131ca paneller, yuvarlak masa toplant\u0131lar\u0131 ve yan etkinliklerin yap\u0131laca\u011f\u0131 programlara kat\u0131lacak. Bakan G\u00f6kta\u015f, komisyon sonunda T\u00fcrkiye\u2019nin kad\u0131n, \u00e7ocuk ve ailenin g\u00fc\u00e7lendirilmesine y\u00f6nelik \u201cG\u00fc\u00e7l\u00fc Kad\u0131n, G\u00fc\u00e7l\u00fc T\u00fcrkiye\u201d vizyonu do\u011frultusunda de\u011fi\u015fen ko\u015fullara uyum sa\u011flayacak politikalar\u0131n\u0131 g\u00fcncelleyerek, kad\u0131nlar\u0131n ekonomiye kat\u0131l\u0131m\u0131n\u0131 ve T\u00fcrkiye\u2019nin s\u00fcrd\u00fcr\u00fclebilir kalk\u0131nmas\u0131na verdikleri deste\u011fi art\u0131rmay\u0131 hedefleyen Ulusal Beyan\u0131n\u0131 a\u00e7\u0131klayacak. Oturum kapsam\u0131nda 11 Mart\u2019ta Aile ve Sosyal Hizmetler Bakanl\u0131\u011f\u0131nca kad\u0131n giri\u015fimcili\u011finin dijitalle\u015fme, teknoloji ve e-ticaret gibi yenilik\u00e7i alanlarda nas\u0131l g\u00fc\u00e7lendirilebilece\u011fi \u00fczerine odaklanarak, kad\u0131nlar\u0131n i\u015f d\u00fcnyas\u0131nda &hellip;<\/p>","protected":false},"author":1,"featured_media":0,"comment_status":"open","ping_status":"open","sticky":false,"template":"","format":"standard","meta":{"_acf_changed":false,"footnotes":""},"categories":[24],"tags":[],"class_list":["post-35178","post","type-post","status-publish","format-standard","has-post-thumbnail","hentry","category-gundem"],"acf":[],"yoast_head":"<!-- This site is optimized with the Yoast SEO Premium plugin v26.6 (Yoast SEO v27.1.1) - https:\/\/yoast.com\/product\/yoast-seo-premium-wordpress\/ -->\n<title>BM Kad\u0131n\u0131n Stat\u00fcs\u00fc Komisyonu i\u00e7in Bakan G\u00f6kta\u015f, New York yolcusu - Av. Deniz Can K\u0131z\u0131l<\/title>\n<meta name=\"robots\" content=\"index, follow, max-snippet:-1, max-image-preview:large, max-video-preview:-1\" \/>\n<link rel=\"canonical\" href=\"https:\/\/denizcankizil.tr\/de\/haberler\/gundem\/bm-kadinin-statusu-komisyonu-icin-bakan-goktas-new-york-yolcusu\/\" \/>\n<meta property=\"og:locale\" content=\"de_DE\" \/>\n<meta property=\"og:type\" content=\"article\" \/>\n<meta property=\"og:title\" content=\"BM Kad\u0131n\u0131n Stat\u00fcs\u00fc Komisyonu i\u00e7in Bakan G\u00f6kta\u015f, New York yolcusu\" \/>\n<meta property=\"og:description\" content=\"Aile ve Sosyal Hizmetler Bakan\u0131 Mahinur \u00d6zdemir G\u00f6kta\u015f, 10-14 Mart tarihleri aras\u0131nda Birle\u015fmi\u015f Milletler Genel Merkezi&#8217;nde ger\u00e7ekle\u015ftirilecek Kad\u0131n\u0131n Stat\u00fcs\u00fc Komisyonu&#8217;nun 69\u2019uncu oturumuna kat\u0131lmak \u00fczere New York\u2019a gidiyor.ANKARA (\u0130GFA) &#8211; BM Genel Kurulundan sonra en y\u00fcksek kat\u0131l\u0131ml\u0131 BM etkinli\u011fi olan Kad\u0131n\u0131n Stat\u00fcs\u00fc Komisyonu, 10-14 Mart tarihleri aras\u0131nda New York\u2019ta d\u00fczenlenecek. 69\u2019uncu oturuma d\u00fcnyan\u0131n t\u00fcm b\u00f6lgelerinden \u00fcye devletler ve BM kurulu\u015flar\u0131n\u0131n temsilcileri kat\u0131lacak. Oturumun ana g\u00fcndemi kad\u0131n haklar\u0131 konusunda d\u00f6nem noktas\u0131 olarak kabul edilen Pekin Deklarasyonu ve Eylem Platformu&#8217;nun uygulanmas\u0131, Genel Kurul&#8217;un 23. \u00d6zel Oturumunun sonu\u00e7lar\u0131n\u0131n g\u00f6zden ge\u00e7irilmesi ve de\u011ferlendirilmesi olacak. Bu kapsamda, Eylem Platformu&#8217;nun nas\u0131l uyguland\u0131\u011f\u0131, kad\u0131n-erkek e\u015fitli\u011finin sa\u011flanmas\u0131 ve kad\u0131nlar\u0131n g\u00fc\u00e7lendirilmesini etkileyen mevcut zorluklar ile 2030 S\u00fcrd\u00fcr\u00fclebilir Kalk\u0131nma Hedeflerine ula\u015f\u0131lmas\u0131na olan katk\u0131s\u0131 de\u011ferlendirilecek. Aile ve Sosyal Hizmetler Bakan\u0131 Mahinur \u00d6zdemir G\u00f6kta\u015f, 10 Mart\u2019ta komisyonun a\u00e7\u0131l\u0131\u015f oturumunda konu\u015facak. Ayr\u0131ca paneller, yuvarlak masa toplant\u0131lar\u0131 ve yan etkinliklerin yap\u0131laca\u011f\u0131 programlara kat\u0131lacak. Bakan G\u00f6kta\u015f, komisyon sonunda T\u00fcrkiye\u2019nin kad\u0131n, \u00e7ocuk ve ailenin g\u00fc\u00e7lendirilmesine y\u00f6nelik \u201cG\u00fc\u00e7l\u00fc Kad\u0131n, G\u00fc\u00e7l\u00fc T\u00fcrkiye\u201d vizyonu do\u011frultusunda de\u011fi\u015fen ko\u015fullara uyum sa\u011flayacak politikalar\u0131n\u0131 g\u00fcncelleyerek, kad\u0131nlar\u0131n ekonomiye kat\u0131l\u0131m\u0131n\u0131 ve T\u00fcrkiye\u2019nin s\u00fcrd\u00fcr\u00fclebilir kalk\u0131nmas\u0131na verdikleri deste\u011fi art\u0131rmay\u0131 hedefleyen Ulusal Beyan\u0131n\u0131 a\u00e7\u0131klayacak. Oturum kapsam\u0131nda 11 Mart\u2019ta Aile ve Sosyal Hizmetler Bakanl\u0131\u011f\u0131nca kad\u0131n giri\u015fimcili\u011finin dijitalle\u015fme, teknoloji ve e-ticaret gibi yenilik\u00e7i alanlarda nas\u0131l g\u00fc\u00e7lendirilebilece\u011fi \u00fczerine odaklanarak, kad\u0131nlar\u0131n i\u015f d\u00fcnyas\u0131nda &hellip;\" \/>\n<meta property=\"og:url\" content=\"https:\/\/denizcankizil.tr\/de\/haberler\/gundem\/bm-kadinin-statusu-komisyonu-icin-bakan-goktas-new-york-yolcusu\/\" \/>\n<meta property=\"og:site_name\" content=\"Av. Deniz Can K\u0131z\u0131l\" \/>\n<meta property=\"article:published_time\" content=\"2025-03-09T14:41:32+00:00\" \/>\n<meta name=\"author\" content=\"admin\" \/>\n<meta name=\"twitter:card\" content=\"summary_large_image\" \/>\n<meta name=\"twitter:label1\" content=\"Verfasst von\" \/>\n\t<meta name=\"twitter:data1\" content=\"admin\" \/>\n\t<meta name=\"twitter:label2\" content=\"Gesch\u00e4tzte Lesezeit\" \/>\n\t<meta name=\"twitter:data2\" content=\"6\u00a0Minuten\" \/>\n<script type=\"application\/ld+json\" class=\"yoast-schema-graph\">{\"@context\":\"https:\/\/schema.org\",\"@graph\":[{\"@type\":\"Article\",\"@id\":\"https:\/\/denizcankizil.tr\/en\/haberler\/gundem\/bm-kadinin-statusu-komisyonu-icin-bakan-goktas-new-york-yolcusu\/#article\",\"isPartOf\":{\"@id\":\"https:\/\/denizcankizil.tr\/en\/haberler\/gundem\/bm-kadinin-statusu-komisyonu-icin-bakan-goktas-new-york-yolcusu\/\"},\"author\":{\"name\":\"admin\",\"@id\":\"https:\/\/denizcankizil.tr\/#\/schema\/person\/be3c05fe6a12686905512445d8185489\"},\"headline\":\"BM Kad\u0131n\u0131n Stat\u00fcs\u00fc Komisyonu i\u00e7in Bakan G\u00f6kta\u015f, New York yolcusu\",\"datePublished\":\"2025-03-09T14:41:32+00:00\",\"mainEntityOfPage\":{\"@id\":\"https:\/\/denizcankizil.tr\/en\/haberler\/gundem\/bm-kadinin-statusu-komisyonu-icin-bakan-goktas-new-york-yolcusu\/\"},\"wordCount\":1149,\"commentCount\":0,\"publisher\":{\"@id\":\"https:\/\/denizcankizil.tr\/#organization\"},\"articleSection\":[\"G\u00fcndem\"],\"inLanguage\":\"de\",\"potentialAction\":[{\"@type\":\"CommentAction\",\"name\":\"Comment\",\"target\":[\"https:\/\/denizcankizil.tr\/en\/haberler\/gundem\/bm-kadinin-statusu-komisyonu-icin-bakan-goktas-new-york-yolcusu\/#respond\"]}]},{\"@type\":\"WebPage\",\"@id\":\"https:\/\/denizcankizil.tr\/en\/haberler\/gundem\/bm-kadinin-statusu-komisyonu-icin-bakan-goktas-new-york-yolcusu\/\",\"url\":\"https:\/\/denizcankizil.tr\/en\/haberler\/gundem\/bm-kadinin-statusu-komisyonu-icin-bakan-goktas-new-york-yolcusu\/\",\"name\":\"BM Kad\u0131n\u0131n Stat\u00fcs\u00fc Komisyonu i\u00e7in Bakan G\u00f6kta\u015f, New York yolcusu - Av. Deniz Can K\u0131z\u0131l\",\"isPartOf\":{\"@id\":\"https:\/\/denizcankizil.tr\/#website\"},\"datePublished\":\"2025-03-09T14:41:32+00:00\",\"breadcrumb\":{\"@id\":\"https:\/\/denizcankizil.tr\/en\/haberler\/gundem\/bm-kadinin-statusu-komisyonu-icin-bakan-goktas-new-york-yolcusu\/#breadcrumb\"},\"inLanguage\":\"de\",\"potentialAction\":[{\"@type\":\"ReadAction\",\"target\":[\"https:\/\/denizcankizil.tr\/en\/haberler\/gundem\/bm-kadinin-statusu-komisyonu-icin-bakan-goktas-new-york-yolcusu\/\"]}]},{\"@type\":\"BreadcrumbList\",\"@id\":\"https:\/\/denizcankizil.tr\/en\/haberler\/gundem\/bm-kadinin-statusu-komisyonu-icin-bakan-goktas-new-york-yolcusu\/#breadcrumb\",\"itemListElement\":[{\"@type\":\"ListItem\",\"position\":1,\"name\":\"Home\",\"item\":\"https:\/\/denizcankizil.tr\/de\/\"},{\"@type\":\"ListItem\",\"position\":2,\"name\":\"BM Kad\u0131n\u0131n Stat\u00fcs\u00fc Komisyonu i\u00e7in Bakan G\u00f6kta\u015f, New York yolcusu\"}]},{\"@type\":\"WebSite\",\"@id\":\"https:\/\/denizcankizil.tr\/#website\",\"url\":\"https:\/\/denizcankizil.tr\/\",\"name\":\"Av. Deniz Can K\u0131z\u0131l\",\"description\":\"Avukat Deniz Can K\u0131z\u0131l Antalya Barosu\",\"publisher\":{\"@id\":\"https:\/\/denizcankizil.tr\/#organization\"},\"potentialAction\":[{\"@type\":\"SearchAction\",\"target\":{\"@type\":\"EntryPoint\",\"urlTemplate\":\"https:\/\/denizcankizil.tr\/?s={search_term_string}\"},\"query-input\":{\"@type\":\"PropertyValueSpecification\",\"valueRequired\":true,\"valueName\":\"search_term_string\"}}],\"inLanguage\":\"de\"},{\"@type\":\"Organization\",\"@id\":\"https:\/\/denizcankizil.tr\/#organization\",\"name\":\"Av. Deniz Can K\u0131z\u0131l\",\"url\":\"https:\/\/denizcankizil.tr\/\",\"logo\":{\"@type\":\"ImageObject\",\"inLanguage\":\"de\",\"@id\":\"https:\/\/denizcankizil.tr\/#\/schema\/logo\/image\/\",\"url\":\"https:\/\/denizcankizil.tr\/wp-content\/uploads\/2024\/10\/siyah-logo-svg.svg\",\"contentUrl\":\"https:\/\/denizcankizil.tr\/wp-content\/uploads\/2024\/10\/siyah-logo-svg.svg\",\"width\":1080,\"height\":1080,\"caption\":\"Av. Deniz Can K\u0131z\u0131l\"},\"image\":{\"@id\":\"https:\/\/denizcankizil.tr\/#\/schema\/logo\/image\/\"}},{\"@type\":\"Person\",\"@id\":\"https:\/\/denizcankizil.tr\/#\/schema\/person\/be3c05fe6a12686905512445d8185489\",\"name\":\"admin\",\"image\":{\"@type\":\"ImageObject\",\"inLanguage\":\"de\",\"@id\":\"https:\/\/denizcankizil.tr\/#\/schema\/person\/image\/\",\"url\":\"https:\/\/secure.gravatar.com\/avatar\/c1fce94c830dc79107e174f890d7210541c4a63e8e5d816341794a2151c9d58c?s=96&d=mm&r=g\",\"contentUrl\":\"https:\/\/secure.gravatar.com\/avatar\/c1fce94c830dc79107e174f890d7210541c4a63e8e5d816341794a2151c9d58c?s=96&d=mm&r=g\",\"caption\":\"admin\"},\"sameAs\":[\"http:\/\/denizcankizil.tr\"],\"url\":\"https:\/\/www.iskenderun.org\/bm-kadinin-statusu-komisyonu-icin-bakan-goktas-new-york-yolcusu\"}]}<\/script>\n<!-- \/ Yoast SEO Premium plugin. -->","yoast_head_json":{"title":"BM Kad\u0131n\u0131n Stat\u00fcs\u00fc Komisyonu i\u00e7in Bakan G\u00f6kta\u015f, New York yolcusu - Av. Deniz Can K\u0131z\u0131l","robots":{"index":"index","follow":"follow","max-snippet":"max-snippet:-1","max-image-preview":"max-image-preview:large","max-video-preview":"max-video-preview:-1"},"canonical":"https:\/\/denizcankizil.tr\/de\/haberler\/gundem\/bm-kadinin-statusu-komisyonu-icin-bakan-goktas-new-york-yolcusu\/","og_locale":"de_DE","og_type":"article","og_title":"BM Kad\u0131n\u0131n Stat\u00fcs\u00fc Komisyonu i\u00e7in Bakan G\u00f6kta\u015f, New York yolcusu","og_description":"Aile ve Sosyal Hizmetler Bakan\u0131 Mahinur \u00d6zdemir G\u00f6kta\u015f, 10-14 Mart tarihleri aras\u0131nda Birle\u015fmi\u015f Milletler Genel Merkezi&#8217;nde ger\u00e7ekle\u015ftirilecek Kad\u0131n\u0131n Stat\u00fcs\u00fc Komisyonu&#8217;nun 69\u2019uncu oturumuna kat\u0131lmak \u00fczere New York\u2019a gidiyor.ANKARA (\u0130GFA) &#8211; BM Genel Kurulundan sonra en y\u00fcksek kat\u0131l\u0131ml\u0131 BM etkinli\u011fi olan Kad\u0131n\u0131n Stat\u00fcs\u00fc Komisyonu, 10-14 Mart tarihleri aras\u0131nda New York\u2019ta d\u00fczenlenecek. 69\u2019uncu oturuma d\u00fcnyan\u0131n t\u00fcm b\u00f6lgelerinden \u00fcye devletler ve BM kurulu\u015flar\u0131n\u0131n temsilcileri kat\u0131lacak. Oturumun ana g\u00fcndemi kad\u0131n haklar\u0131 konusunda d\u00f6nem noktas\u0131 olarak kabul edilen Pekin Deklarasyonu ve Eylem Platformu&#8217;nun uygulanmas\u0131, Genel Kurul&#8217;un 23. \u00d6zel Oturumunun sonu\u00e7lar\u0131n\u0131n g\u00f6zden ge\u00e7irilmesi ve de\u011ferlendirilmesi olacak. Bu kapsamda, Eylem Platformu&#8217;nun nas\u0131l uyguland\u0131\u011f\u0131, kad\u0131n-erkek e\u015fitli\u011finin sa\u011flanmas\u0131 ve kad\u0131nlar\u0131n g\u00fc\u00e7lendirilmesini etkileyen mevcut zorluklar ile 2030 S\u00fcrd\u00fcr\u00fclebilir Kalk\u0131nma Hedeflerine ula\u015f\u0131lmas\u0131na olan katk\u0131s\u0131 de\u011ferlendirilecek. Aile ve Sosyal Hizmetler Bakan\u0131 Mahinur \u00d6zdemir G\u00f6kta\u015f, 10 Mart\u2019ta komisyonun a\u00e7\u0131l\u0131\u015f oturumunda konu\u015facak. Ayr\u0131ca paneller, yuvarlak masa toplant\u0131lar\u0131 ve yan etkinliklerin yap\u0131laca\u011f\u0131 programlara kat\u0131lacak. Bakan G\u00f6kta\u015f, komisyon sonunda T\u00fcrkiye\u2019nin kad\u0131n, \u00e7ocuk ve ailenin g\u00fc\u00e7lendirilmesine y\u00f6nelik \u201cG\u00fc\u00e7l\u00fc Kad\u0131n, G\u00fc\u00e7l\u00fc T\u00fcrkiye\u201d vizyonu do\u011frultusunda de\u011fi\u015fen ko\u015fullara uyum sa\u011flayacak politikalar\u0131n\u0131 g\u00fcncelleyerek, kad\u0131nlar\u0131n ekonomiye kat\u0131l\u0131m\u0131n\u0131 ve T\u00fcrkiye\u2019nin s\u00fcrd\u00fcr\u00fclebilir kalk\u0131nmas\u0131na verdikleri deste\u011fi art\u0131rmay\u0131 hedefleyen Ulusal Beyan\u0131n\u0131 a\u00e7\u0131klayacak. Oturum kapsam\u0131nda 11 Mart\u2019ta Aile ve Sosyal Hizmetler Bakanl\u0131\u011f\u0131nca kad\u0131n giri\u015fimcili\u011finin dijitalle\u015fme, teknoloji ve e-ticaret gibi yenilik\u00e7i alanlarda nas\u0131l g\u00fc\u00e7lendirilebilece\u011fi \u00fczerine odaklanarak, kad\u0131nlar\u0131n i\u015f d\u00fcnyas\u0131nda &hellip;","og_url":"https:\/\/denizcankizil.tr\/de\/haberler\/gundem\/bm-kadinin-statusu-komisyonu-icin-bakan-goktas-new-york-yolcusu\/","og_site_name":"Av. Deniz Can K\u0131z\u0131l","article_published_time":"2025-03-09T14:41:32+00:00","author":"admin","twitter_card":"summary_large_image","twitter_misc":{"Verfasst von":"admin","Gesch\u00e4tzte Lesezeit":"6\u00a0Minuten"},"schema":{"@context":"https:\/\/schema.org","@graph":[{"@type":"Article","@id":"https:\/\/denizcankizil.tr\/en\/haberler\/gundem\/bm-kadinin-statusu-komisyonu-icin-bakan-goktas-new-york-yolcusu\/#article","isPartOf":{"@id":"https:\/\/denizcankizil.tr\/en\/haberler\/gundem\/bm-kadinin-statusu-komisyonu-icin-bakan-goktas-new-york-yolcusu\/"},"author":{"name":"admin","@id":"https:\/\/denizcankizil.tr\/#\/schema\/person\/be3c05fe6a12686905512445d8185489"},"headline":"BM Kad\u0131n\u0131n Stat\u00fcs\u00fc Komisyonu i\u00e7in Bakan G\u00f6kta\u015f, New York yolcusu","datePublished":"2025-03-09T14:41:32+00:00","mainEntityOfPage":{"@id":"https:\/\/denizcankizil.tr\/en\/haberler\/gundem\/bm-kadinin-statusu-komisyonu-icin-bakan-goktas-new-york-yolcusu\/"},"wordCount":1149,"commentCount":0,"publisher":{"@id":"https:\/\/denizcankizil.tr\/#organization"},"articleSection":["G\u00fcndem"],"inLanguage":"de","potentialAction":[{"@type":"CommentAction","name":"Comment","target":["https:\/\/denizcankizil.tr\/en\/haberler\/gundem\/bm-kadinin-statusu-komisyonu-icin-bakan-goktas-new-york-yolcusu\/#respond"]}]},{"@type":"WebPage","@id":"https:\/\/denizcankizil.tr\/en\/haberler\/gundem\/bm-kadinin-statusu-komisyonu-icin-bakan-goktas-new-york-yolcusu\/","url":"https:\/\/denizcankizil.tr\/en\/haberler\/gundem\/bm-kadinin-statusu-komisyonu-icin-bakan-goktas-new-york-yolcusu\/","name":"BM Kad\u0131n\u0131n Stat\u00fcs\u00fc Komisyonu i\u00e7in Bakan G\u00f6kta\u015f, New York yolcusu - Av. Deniz Can K\u0131z\u0131l","isPartOf":{"@id":"https:\/\/denizcankizil.tr\/#website"},"datePublished":"2025-03-09T14:41:32+00:00","breadcrumb":{"@id":"https:\/\/denizcankizil.tr\/en\/haberler\/gundem\/bm-kadinin-statusu-komisyonu-icin-bakan-goktas-new-york-yolcusu\/#breadcrumb"},"inLanguage":"de","potentialAction":[{"@type":"ReadAction","target":["https:\/\/denizcankizil.tr\/en\/haberler\/gundem\/bm-kadinin-statusu-komisyonu-icin-bakan-goktas-new-york-yolcusu\/"]}]},{"@type":"BreadcrumbList","@id":"https:\/\/denizcankizil.tr\/en\/haberler\/gundem\/bm-kadinin-statusu-komisyonu-icin-bakan-goktas-new-york-yolcusu\/#breadcrumb","itemListElement":[{"@type":"ListItem","position":1,"name":"Home","item":"https:\/\/denizcankizil.tr\/de\/"},{"@type":"ListItem","position":2,"name":"BM Kad\u0131n\u0131n Stat\u00fcs\u00fc Komisyonu i\u00e7in Bakan G\u00f6kta\u015f, New York yolcusu"}]},{"@type":"WebSite","@id":"https:\/\/denizcankizil.tr\/#website","url":"https:\/\/denizcankizil.tr\/","name":"Av. Deniz Can K\u0131z\u0131l","description":"Avukat Deniz Can K\u0131z\u0131l Antalya Barosu","publisher":{"@id":"https:\/\/denizcankizil.tr\/#organization"},"potentialAction":[{"@type":"SearchAction","target":{"@type":"EntryPoint","urlTemplate":"https:\/\/denizcankizil.tr\/?s={search_term_string}"},"query-input":{"@type":"PropertyValueSpecification","valueRequired":true,"valueName":"search_term_string"}}],"inLanguage":"de"},{"@type":"Organization","@id":"https:\/\/denizcankizil.tr\/#organization","name":"Av. Deniz Can K\u0131z\u0131l","url":"https:\/\/denizcankizil.tr\/","logo":{"@type":"ImageObject","inLanguage":"de","@id":"https:\/\/denizcankizil.tr\/#\/schema\/logo\/image\/","url":"https:\/\/denizcankizil.tr\/wp-content\/uploads\/2024\/10\/siyah-logo-svg.svg","contentUrl":"https:\/\/denizcankizil.tr\/wp-content\/uploads\/2024\/10\/siyah-logo-svg.svg","width":1080,"height":1080,"caption":"Av. Deniz Can K\u0131z\u0131l"},"image":{"@id":"https:\/\/denizcankizil.tr\/#\/schema\/logo\/image\/"}},{"@type":"Person","@id":"https:\/\/denizcankizil.tr\/#\/schema\/person\/be3c05fe6a12686905512445d8185489","name":"Administrator","image":{"@type":"ImageObject","inLanguage":"de","@id":"https:\/\/denizcankizil.tr\/#\/schema\/person\/image\/","url":"https:\/\/secure.gravatar.com\/avatar\/c1fce94c830dc79107e174f890d7210541c4a63e8e5d816341794a2151c9d58c?s=96&d=mm&r=g","contentUrl":"https:\/\/secure.gravatar.com\/avatar\/c1fce94c830dc79107e174f890d7210541c4a63e8e5d816341794a2151c9d58c?s=96&d=mm&r=g","caption":"admin"},"sameAs":["http:\/\/denizcankizil.tr"],"url":"https:\/\/www.iskenderun.org\/bm-kadinin-statusu-komisyonu-icin-bakan-goktas-new-york-yolcusu"}]}},"_links":{"self":[{"href":"https:\/\/denizcankizil.tr\/de\/wp-json\/wp\/v2\/posts\/35178","targetHints":{"allow":["GET"]}}],"collection":[{"href":"https:\/\/denizcankizil.tr\/de\/wp-json\/wp\/v2\/posts"}],"about":[{"href":"https:\/\/denizcankizil.tr\/de\/wp-json\/wp\/v2\/types\/post"}],"author":[{"embeddable":true,"href":"https:\/\/denizcankizil.tr\/de\/wp-json\/wp\/v2\/users\/1"}],"replies":[{"embeddable":true,"href":"https:\/\/denizcankizil.tr\/de\/wp-json\/wp\/v2\/comments?post=35178"}],"version-history":[{"count":0,"href":"https:\/\/denizcankizil.tr\/de\/wp-json\/wp\/v2\/posts\/35178\/revisions"}],"wp:attachment":[{"href":"https:\/\/denizcankizil.tr\/de\/wp-json\/wp\/v2\/media?parent=35178"}],"wp:term":[{"taxonomy":"category","embeddable":true,"href":"https:\/\/denizcankizil.tr\/de\/wp-json\/wp\/v2\/categories?post=35178"},{"taxonomy":"post_tag","embeddable":true,"href":"https:\/\/denizcankizil.tr\/de\/wp-json\/wp\/v2\/tags?post=35178"}],"curies":[{"name":"wp","href":"https:\/\/api.w.org\/{rel}","templated":true}]}}