{"id":34761,"date":"2025-03-05T14:41:15","date_gmt":"2025-03-05T11:41:15","guid":{"rendered":"https:\/\/denizcankizil.tr\/uncategorized-tr\/hijyen-kurallarina-aykiri-isletme-muhurlendi\/"},"modified":"2025-03-05T14:41:15","modified_gmt":"2025-03-05T11:41:15","slug":"hijyen-kurallarina-aykiri-isletme-muhurlendi","status":"publish","type":"post","link":"https:\/\/denizcankizil.tr\/de\/haberler\/antalya\/hijyen-kurallarina-aykiri-isletme-muhurlendi\/","title":{"rendered":"Hijyen kurallar\u0131na ayk\u0131r\u0131 i\u015fletme m\u00fch\u00fcrlendi"},"content":{"rendered":"<p>Bozuk etler imha edildi<br \/>\nZab\u0131ta ekiplerinin ger\u00e7ekle\u015ftirdikleri kontrollerde, Mahmutlar Mahallesi&#8217;nde faaliyet g\u00f6stererek yemek imal eden i\u015fletmede hijyen kurallar\u0131na uyulmad\u0131\u011f\u0131n\u0131 tespit edildi. Yap\u0131lan incelemelerde, ruhsats\u0131z i\u015fyerinde bozulmu\u015f et \u00fcr\u00fcnleri bulundu. Hijyenik olmayan bir ortamda \u00fcretilen yemekler ve etler, ekipler taraf\u0131ndan imha edildi.<\/p>\n<p>Yasal i\u015flem ba\u015flat\u0131ld\u0131<br \/>\n\u0130\u015fletme hakk\u0131nda gerekli yasal i\u015flemler ba\u015flat\u0131l\u0131rken i\u015fyeri, zab\u0131ta ekipleri taraf\u0131ndan m\u00fch\u00fcrlendi. Alanya Belediyesi Zab\u0131ta M\u00fcd\u00fcr\u00fc Naci Uzunsakal, denetimlerin aral\u0131ks\u0131z devam edece\u011fini belirterek, halk sa\u011fl\u0131\u011f\u0131n\u0131 tehlikeye atacak hi\u00e7bir i\u015fletmeye asla taviz verilmeyece\u011fini vurgulad\u0131. Uzunsakal ayr\u0131ca, vatanda\u015flar\u0131n sa\u011fl\u0131kl\u0131 g\u0131daya ula\u015fmas\u0131 i\u00e7in denetimlerin titizlikle s\u00fcrd\u00fcr\u00fclece\u011fini ifade etti.<\/p>\n<p>Kaynak: www.kanalv.com.tr Haber Sitesinden Al\u0131nm\u0131\u015ft\u0131r.<\/p>","protected":false},"excerpt":{"rendered":"<p>Bozuk etler imha edildi Zab\u0131ta ekiplerinin ger\u00e7ekle\u015ftirdikleri kontrollerde, Mahmutlar Mahallesi&#8217;nde faaliyet g\u00f6stererek yemek imal eden i\u015fletmede hijyen kurallar\u0131na uyulmad\u0131\u011f\u0131n\u0131 tespit edildi. Yap\u0131lan incelemelerde, ruhsats\u0131z i\u015fyerinde bozulmu\u015f et \u00fcr\u00fcnleri bulundu. Hijyenik olmayan bir ortamda \u00fcretilen yemekler ve etler, ekipler taraf\u0131ndan imha edildi. Yasal i\u015flem ba\u015flat\u0131ld\u0131 \u0130\u015fletme hakk\u0131nda gerekli yasal i\u015flemler ba\u015flat\u0131l\u0131rken i\u015fyeri, zab\u0131ta ekipleri taraf\u0131ndan m\u00fch\u00fcrlendi. Alanya Belediyesi Zab\u0131ta M\u00fcd\u00fcr\u00fc Naci Uzunsakal, denetimlerin aral\u0131ks\u0131z devam edece\u011fini belirterek, halk sa\u011fl\u0131\u011f\u0131n\u0131 tehlikeye atacak hi\u00e7bir i\u015fletmeye asla taviz verilmeyece\u011fini vurgulad\u0131. Uzunsakal ayr\u0131ca, vatanda\u015flar\u0131n sa\u011fl\u0131kl\u0131 g\u0131daya ula\u015fmas\u0131 i\u00e7in denetimlerin titizlikle s\u00fcrd\u00fcr\u00fclece\u011fini ifade etti. Kaynak: www.kanalv.com.tr Haber Sitesinden Al\u0131nm\u0131\u015ft\u0131r.<\/p>","protected":false},"author":4,"featured_media":34762,"comment_status":"open","ping_status":"open","sticky":false,"template":"","format":"standard","meta":{"_acf_changed":false,"footnotes":""},"categories":[26],"tags":[],"class_list":["post-34761","post","type-post","status-publish","format-standard","has-post-thumbnail","hentry","category-antalya"],"acf":[],"yoast_head":"<!-- This site is optimized with the Yoast SEO Premium plugin v26.6 (Yoast SEO v27.1.1) - https:\/\/yoast.com\/product\/yoast-seo-premium-wordpress\/ -->\n<title>Hijyen kurallar\u0131na ayk\u0131r\u0131 i\u015fletme m\u00fch\u00fcrlendi - Av. Deniz Can K\u0131z\u0131l<\/title>\n<meta name=\"robots\" content=\"index, follow, max-snippet:-1, max-image-preview:large, max-video-preview:-1\" \/>\n<link rel=\"canonical\" href=\"https:\/\/denizcankizil.tr\/de\/haberler\/antalya\/hijyen-kurallarina-aykiri-isletme-muhurlendi\/\" \/>\n<meta property=\"og:locale\" content=\"de_DE\" \/>\n<meta property=\"og:type\" content=\"article\" \/>\n<meta property=\"og:title\" content=\"Hijyen kurallar\u0131na ayk\u0131r\u0131 i\u015fletme m\u00fch\u00fcrlendi\" \/>\n<meta property=\"og:description\" content=\"Bozuk etler imha edildi Zab\u0131ta ekiplerinin ger\u00e7ekle\u015ftirdikleri kontrollerde, Mahmutlar Mahallesi&#8217;nde faaliyet g\u00f6stererek yemek imal eden i\u015fletmede hijyen kurallar\u0131na uyulmad\u0131\u011f\u0131n\u0131 tespit edildi. Yap\u0131lan incelemelerde, ruhsats\u0131z i\u015fyerinde bozulmu\u015f et \u00fcr\u00fcnleri bulundu. Hijyenik olmayan bir ortamda \u00fcretilen yemekler ve etler, ekipler taraf\u0131ndan imha edildi. Yasal i\u015flem ba\u015flat\u0131ld\u0131 \u0130\u015fletme hakk\u0131nda gerekli yasal i\u015flemler ba\u015flat\u0131l\u0131rken i\u015fyeri, zab\u0131ta ekipleri taraf\u0131ndan m\u00fch\u00fcrlendi. Alanya Belediyesi Zab\u0131ta M\u00fcd\u00fcr\u00fc Naci Uzunsakal, denetimlerin aral\u0131ks\u0131z devam edece\u011fini belirterek, halk sa\u011fl\u0131\u011f\u0131n\u0131 tehlikeye atacak hi\u00e7bir i\u015fletmeye asla taviz verilmeyece\u011fini vurgulad\u0131. Uzunsakal ayr\u0131ca, vatanda\u015flar\u0131n sa\u011fl\u0131kl\u0131 g\u0131daya ula\u015fmas\u0131 i\u00e7in denetimlerin titizlikle s\u00fcrd\u00fcr\u00fclece\u011fini ifade etti. Kaynak: www.kanalv.com.tr Haber Sitesinden Al\u0131nm\u0131\u015ft\u0131r.\" \/>\n<meta property=\"og:url\" content=\"https:\/\/denizcankizil.tr\/de\/haberler\/antalya\/hijyen-kurallarina-aykiri-isletme-muhurlendi\/\" \/>\n<meta property=\"og:site_name\" content=\"Av. Deniz Can K\u0131z\u0131l\" \/>\n<meta property=\"article:published_time\" content=\"2025-03-05T11:41:15+00:00\" \/>\n<meta property=\"og:image\" content=\"https:\/\/denizcankizil.tr\/wp-content\/uploads\/2025\/03\/5334-01-qNw30P.jpeg\" \/>\n\t<meta property=\"og:image:width\" content=\"1280\" \/>\n\t<meta property=\"og:image:height\" content=\"720\" \/>\n\t<meta property=\"og:image:type\" content=\"image\/jpeg\" \/>\n<meta name=\"author\" content=\"Av. Deniz Can K\u0131z\u0131l\" \/>\n<meta name=\"twitter:card\" content=\"summary_large_image\" \/>\n<meta name=\"twitter:label1\" content=\"Verfasst von\" \/>\n\t<meta name=\"twitter:data1\" content=\"Av. Deniz Can K\u0131z\u0131l\" \/>\n\t<meta name=\"twitter:label2\" content=\"Gesch\u00e4tzte Lesezeit\" \/>\n\t<meta name=\"twitter:data2\" content=\"1\u00a0Minute\" \/>\n<script type=\"application\/ld+json\" class=\"yoast-schema-graph\">{\"@context\":\"https:\/\/schema.org\",\"@graph\":[{\"@type\":\"Article\",\"@id\":\"https:\/\/denizcankizil.tr\/de\/haberler\/antalya\/hijyen-kurallarina-aykiri-isletme-muhurlendi\/#article\",\"isPartOf\":{\"@id\":\"https:\/\/denizcankizil.tr\/de\/haberler\/antalya\/hijyen-kurallarina-aykiri-isletme-muhurlendi\/\"},\"author\":{\"name\":\"Av. Deniz Can K\u0131z\u0131l\",\"@id\":\"https:\/\/denizcankizil.tr\/de\/#\/schema\/person\/5dc1b22991bd7ac833867c10afc9b0ff\"},\"headline\":\"Hijyen kurallar\u0131na ayk\u0131r\u0131 i\u015fletme m\u00fch\u00fcrlendi\",\"datePublished\":\"2025-03-05T11:41:15+00:00\",\"mainEntityOfPage\":{\"@id\":\"https:\/\/denizcankizil.tr\/de\/haberler\/antalya\/hijyen-kurallarina-aykiri-isletme-muhurlendi\/\"},\"wordCount\":158,\"commentCount\":0,\"publisher\":{\"@id\":\"https:\/\/denizcankizil.tr\/de\/#organization\"},\"image\":{\"@id\":\"https:\/\/denizcankizil.tr\/de\/haberler\/antalya\/hijyen-kurallarina-aykiri-isletme-muhurlendi\/#primaryimage\"},\"thumbnailUrl\":\"https:\/\/denizcankizil.tr\/wp-content\/uploads\/2025\/03\/5334-01-qNw30P.jpeg\",\"articleSection\":[\"Antalya\"],\"inLanguage\":\"de\",\"potentialAction\":[{\"@type\":\"CommentAction\",\"name\":\"Comment\",\"target\":[\"https:\/\/denizcankizil.tr\/de\/haberler\/antalya\/hijyen-kurallarina-aykiri-isletme-muhurlendi\/#respond\"]}]},{\"@type\":\"WebPage\",\"@id\":\"https:\/\/denizcankizil.tr\/de\/haberler\/antalya\/hijyen-kurallarina-aykiri-isletme-muhurlendi\/\",\"url\":\"https:\/\/denizcankizil.tr\/de\/haberler\/antalya\/hijyen-kurallarina-aykiri-isletme-muhurlendi\/\",\"name\":\"Hijyen kurallar\u0131na ayk\u0131r\u0131 i\u015fletme m\u00fch\u00fcrlendi - Av. Deniz Can K\u0131z\u0131l\",\"isPartOf\":{\"@id\":\"https:\/\/denizcankizil.tr\/de\/#website\"},\"primaryImageOfPage\":{\"@id\":\"https:\/\/denizcankizil.tr\/de\/haberler\/antalya\/hijyen-kurallarina-aykiri-isletme-muhurlendi\/#primaryimage\"},\"image\":{\"@id\":\"https:\/\/denizcankizil.tr\/de\/haberler\/antalya\/hijyen-kurallarina-aykiri-isletme-muhurlendi\/#primaryimage\"},\"thumbnailUrl\":\"https:\/\/denizcankizil.tr\/wp-content\/uploads\/2025\/03\/5334-01-qNw30P.jpeg\",\"datePublished\":\"2025-03-05T11:41:15+00:00\",\"breadcrumb\":{\"@id\":\"https:\/\/denizcankizil.tr\/de\/haberler\/antalya\/hijyen-kurallarina-aykiri-isletme-muhurlendi\/#breadcrumb\"},\"inLanguage\":\"de\",\"potentialAction\":[{\"@type\":\"ReadAction\",\"target\":[\"https:\/\/denizcankizil.tr\/de\/haberler\/antalya\/hijyen-kurallarina-aykiri-isletme-muhurlendi\/\"]}]},{\"@type\":\"ImageObject\",\"inLanguage\":\"de\",\"@id\":\"https:\/\/denizcankizil.tr\/de\/haberler\/antalya\/hijyen-kurallarina-aykiri-isletme-muhurlendi\/#primaryimage\",\"url\":\"https:\/\/denizcankizil.tr\/wp-content\/uploads\/2025\/03\/5334-01-qNw30P.jpeg\",\"contentUrl\":\"https:\/\/denizcankizil.tr\/wp-content\/uploads\/2025\/03\/5334-01-qNw30P.jpeg\",\"width\":1280,\"height\":720},{\"@type\":\"BreadcrumbList\",\"@id\":\"https:\/\/denizcankizil.tr\/de\/haberler\/antalya\/hijyen-kurallarina-aykiri-isletme-muhurlendi\/#breadcrumb\",\"itemListElement\":[{\"@type\":\"ListItem\",\"position\":1,\"name\":\"Home\",\"item\":\"https:\/\/denizcankizil.tr\/de\/\"},{\"@type\":\"ListItem\",\"position\":2,\"name\":\"Hijyen kurallar\u0131na ayk\u0131r\u0131 i\u015fletme m\u00fch\u00fcrlendi\"}]},{\"@type\":\"WebSite\",\"@id\":\"https:\/\/denizcankizil.tr\/de\/#website\",\"url\":\"https:\/\/denizcankizil.tr\/de\/\",\"name\":\"Av. Deniz Can K\u0131z\u0131l\",\"description\":\"Avukat Deniz Can K\u0131z\u0131l Antalya Barosu\",\"publisher\":{\"@id\":\"https:\/\/denizcankizil.tr\/de\/#organization\"},\"potentialAction\":[{\"@type\":\"SearchAction\",\"target\":{\"@type\":\"EntryPoint\",\"urlTemplate\":\"https:\/\/denizcankizil.tr\/de\/?s={search_term_string}\"},\"query-input\":{\"@type\":\"PropertyValueSpecification\",\"valueRequired\":true,\"valueName\":\"search_term_string\"}}],\"inLanguage\":\"de\"},{\"@type\":\"Organization\",\"@id\":\"https:\/\/denizcankizil.tr\/de\/#organization\",\"name\":\"Av. Deniz Can K\u0131z\u0131l\",\"url\":\"https:\/\/denizcankizil.tr\/de\/\",\"logo\":{\"@type\":\"ImageObject\",\"inLanguage\":\"de\",\"@id\":\"https:\/\/denizcankizil.tr\/de\/#\/schema\/logo\/image\/\",\"url\":\"https:\/\/denizcankizil.tr\/wp-content\/uploads\/2024\/10\/siyah-logo-svg.svg\",\"contentUrl\":\"https:\/\/denizcankizil.tr\/wp-content\/uploads\/2024\/10\/siyah-logo-svg.svg\",\"width\":1080,\"height\":1080,\"caption\":\"Av. Deniz Can K\u0131z\u0131l\"},\"image\":{\"@id\":\"https:\/\/denizcankizil.tr\/de\/#\/schema\/logo\/image\/\"}},{\"@type\":\"Person\",\"@id\":\"https:\/\/denizcankizil.tr\/de\/#\/schema\/person\/5dc1b22991bd7ac833867c10afc9b0ff\",\"name\":\"Av. Deniz Can K\u0131z\u0131l\",\"image\":{\"@type\":\"ImageObject\",\"inLanguage\":\"de\",\"@id\":\"https:\/\/denizcankizil.tr\/de\/#\/schema\/person\/image\/\",\"url\":\"https:\/\/secure.gravatar.com\/avatar\/a0b128fb9855c79efc976d5640eedb31dc35ec297594d6016d2cf7c60e975bb6?s=96&d=mm&r=g\",\"contentUrl\":\"https:\/\/secure.gravatar.com\/avatar\/a0b128fb9855c79efc976d5640eedb31dc35ec297594d6016d2cf7c60e975bb6?s=96&d=mm&r=g\",\"caption\":\"Av. Deniz Can K\u0131z\u0131l\"},\"sameAs\":[\"http:\/\/www.denizcankizil.tr\"],\"url\":\"https:\/\/denizcankizil.tr\/de\/author\/denizcankizil\/\"}]}<\/script>\n<!-- \/ Yoast SEO Premium plugin. -->","yoast_head_json":{"title":"Hijyen kurallar\u0131na ayk\u0131r\u0131 i\u015fletme m\u00fch\u00fcrlendi - Av. Deniz Can K\u0131z\u0131l","robots":{"index":"index","follow":"follow","max-snippet":"max-snippet:-1","max-image-preview":"max-image-preview:large","max-video-preview":"max-video-preview:-1"},"canonical":"https:\/\/denizcankizil.tr\/de\/haberler\/antalya\/hijyen-kurallarina-aykiri-isletme-muhurlendi\/","og_locale":"de_DE","og_type":"article","og_title":"Hijyen kurallar\u0131na ayk\u0131r\u0131 i\u015fletme m\u00fch\u00fcrlendi","og_description":"Bozuk etler imha edildi Zab\u0131ta ekiplerinin ger\u00e7ekle\u015ftirdikleri kontrollerde, Mahmutlar Mahallesi&#8217;nde faaliyet g\u00f6stererek yemek imal eden i\u015fletmede hijyen kurallar\u0131na uyulmad\u0131\u011f\u0131n\u0131 tespit edildi. Yap\u0131lan incelemelerde, ruhsats\u0131z i\u015fyerinde bozulmu\u015f et \u00fcr\u00fcnleri bulundu. Hijyenik olmayan bir ortamda \u00fcretilen yemekler ve etler, ekipler taraf\u0131ndan imha edildi. Yasal i\u015flem ba\u015flat\u0131ld\u0131 \u0130\u015fletme hakk\u0131nda gerekli yasal i\u015flemler ba\u015flat\u0131l\u0131rken i\u015fyeri, zab\u0131ta ekipleri taraf\u0131ndan m\u00fch\u00fcrlendi. Alanya Belediyesi Zab\u0131ta M\u00fcd\u00fcr\u00fc Naci Uzunsakal, denetimlerin aral\u0131ks\u0131z devam edece\u011fini belirterek, halk sa\u011fl\u0131\u011f\u0131n\u0131 tehlikeye atacak hi\u00e7bir i\u015fletmeye asla taviz verilmeyece\u011fini vurgulad\u0131. Uzunsakal ayr\u0131ca, vatanda\u015flar\u0131n sa\u011fl\u0131kl\u0131 g\u0131daya ula\u015fmas\u0131 i\u00e7in denetimlerin titizlikle s\u00fcrd\u00fcr\u00fclece\u011fini ifade etti. Kaynak: www.kanalv.com.tr Haber Sitesinden Al\u0131nm\u0131\u015ft\u0131r.","og_url":"https:\/\/denizcankizil.tr\/de\/haberler\/antalya\/hijyen-kurallarina-aykiri-isletme-muhurlendi\/","og_site_name":"Av. Deniz Can K\u0131z\u0131l","article_published_time":"2025-03-05T11:41:15+00:00","og_image":[{"width":1280,"height":720,"url":"https:\/\/denizcankizil.tr\/wp-content\/uploads\/2025\/03\/5334-01-qNw30P.jpeg","type":"image\/jpeg"}],"author":"Av. Deniz Can K\u0131z\u0131l","twitter_card":"summary_large_image","twitter_misc":{"Verfasst von":"Av. Deniz Can K\u0131z\u0131l","Gesch\u00e4tzte Lesezeit":"1\u00a0Minute"},"schema":{"@context":"https:\/\/schema.org","@graph":[{"@type":"Article","@id":"https:\/\/denizcankizil.tr\/de\/haberler\/antalya\/hijyen-kurallarina-aykiri-isletme-muhurlendi\/#article","isPartOf":{"@id":"https:\/\/denizcankizil.tr\/de\/haberler\/antalya\/hijyen-kurallarina-aykiri-isletme-muhurlendi\/"},"author":{"name":"Av. Deniz Can K\u0131z\u0131l","@id":"https:\/\/denizcankizil.tr\/de\/#\/schema\/person\/5dc1b22991bd7ac833867c10afc9b0ff"},"headline":"Hijyen kurallar\u0131na ayk\u0131r\u0131 i\u015fletme m\u00fch\u00fcrlendi","datePublished":"2025-03-05T11:41:15+00:00","mainEntityOfPage":{"@id":"https:\/\/denizcankizil.tr\/de\/haberler\/antalya\/hijyen-kurallarina-aykiri-isletme-muhurlendi\/"},"wordCount":158,"commentCount":0,"publisher":{"@id":"https:\/\/denizcankizil.tr\/de\/#organization"},"image":{"@id":"https:\/\/denizcankizil.tr\/de\/haberler\/antalya\/hijyen-kurallarina-aykiri-isletme-muhurlendi\/#primaryimage"},"thumbnailUrl":"https:\/\/denizcankizil.tr\/wp-content\/uploads\/2025\/03\/5334-01-qNw30P.jpeg","articleSection":["Antalya"],"inLanguage":"de","potentialAction":[{"@type":"CommentAction","name":"Comment","target":["https:\/\/denizcankizil.tr\/de\/haberler\/antalya\/hijyen-kurallarina-aykiri-isletme-muhurlendi\/#respond"]}]},{"@type":"WebPage","@id":"https:\/\/denizcankizil.tr\/de\/haberler\/antalya\/hijyen-kurallarina-aykiri-isletme-muhurlendi\/","url":"https:\/\/denizcankizil.tr\/de\/haberler\/antalya\/hijyen-kurallarina-aykiri-isletme-muhurlendi\/","name":"Hijyen kurallar\u0131na ayk\u0131r\u0131 i\u015fletme m\u00fch\u00fcrlendi - Av. Deniz Can K\u0131z\u0131l","isPartOf":{"@id":"https:\/\/denizcankizil.tr\/de\/#website"},"primaryImageOfPage":{"@id":"https:\/\/denizcankizil.tr\/de\/haberler\/antalya\/hijyen-kurallarina-aykiri-isletme-muhurlendi\/#primaryimage"},"image":{"@id":"https:\/\/denizcankizil.tr\/de\/haberler\/antalya\/hijyen-kurallarina-aykiri-isletme-muhurlendi\/#primaryimage"},"thumbnailUrl":"https:\/\/denizcankizil.tr\/wp-content\/uploads\/2025\/03\/5334-01-qNw30P.jpeg","datePublished":"2025-03-05T11:41:15+00:00","breadcrumb":{"@id":"https:\/\/denizcankizil.tr\/de\/haberler\/antalya\/hijyen-kurallarina-aykiri-isletme-muhurlendi\/#breadcrumb"},"inLanguage":"de","potentialAction":[{"@type":"ReadAction","target":["https:\/\/denizcankizil.tr\/de\/haberler\/antalya\/hijyen-kurallarina-aykiri-isletme-muhurlendi\/"]}]},{"@type":"ImageObject","inLanguage":"de","@id":"https:\/\/denizcankizil.tr\/de\/haberler\/antalya\/hijyen-kurallarina-aykiri-isletme-muhurlendi\/#primaryimage","url":"https:\/\/denizcankizil.tr\/wp-content\/uploads\/2025\/03\/5334-01-qNw30P.jpeg","contentUrl":"https:\/\/denizcankizil.tr\/wp-content\/uploads\/2025\/03\/5334-01-qNw30P.jpeg","width":1280,"height":720},{"@type":"BreadcrumbList","@id":"https:\/\/denizcankizil.tr\/de\/haberler\/antalya\/hijyen-kurallarina-aykiri-isletme-muhurlendi\/#breadcrumb","itemListElement":[{"@type":"ListItem","position":1,"name":"Home","item":"https:\/\/denizcankizil.tr\/de\/"},{"@type":"ListItem","position":2,"name":"Hijyen kurallar\u0131na ayk\u0131r\u0131 i\u015fletme m\u00fch\u00fcrlendi"}]},{"@type":"WebSite","@id":"https:\/\/denizcankizil.tr\/de\/#website","url":"https:\/\/denizcankizil.tr\/de\/","name":"Av. Deniz Can K\u0131z\u0131l","description":"Avukat Deniz Can K\u0131z\u0131l Antalya Barosu","publisher":{"@id":"https:\/\/denizcankizil.tr\/de\/#organization"},"potentialAction":[{"@type":"SearchAction","target":{"@type":"EntryPoint","urlTemplate":"https:\/\/denizcankizil.tr\/de\/?s={search_term_string}"},"query-input":{"@type":"PropertyValueSpecification","valueRequired":true,"valueName":"search_term_string"}}],"inLanguage":"de"},{"@type":"Organization","@id":"https:\/\/denizcankizil.tr\/de\/#organization","name":"Av. Deniz Can K\u0131z\u0131l","url":"https:\/\/denizcankizil.tr\/de\/","logo":{"@type":"ImageObject","inLanguage":"de","@id":"https:\/\/denizcankizil.tr\/de\/#\/schema\/logo\/image\/","url":"https:\/\/denizcankizil.tr\/wp-content\/uploads\/2024\/10\/siyah-logo-svg.svg","contentUrl":"https:\/\/denizcankizil.tr\/wp-content\/uploads\/2024\/10\/siyah-logo-svg.svg","width":1080,"height":1080,"caption":"Av. Deniz Can K\u0131z\u0131l"},"image":{"@id":"https:\/\/denizcankizil.tr\/de\/#\/schema\/logo\/image\/"}},{"@type":"Person","@id":"https:\/\/denizcankizil.tr\/de\/#\/schema\/person\/5dc1b22991bd7ac833867c10afc9b0ff","name":"Av. Deniz Can K\u0131z\u0131l","image":{"@type":"ImageObject","inLanguage":"de","@id":"https:\/\/denizcankizil.tr\/de\/#\/schema\/person\/image\/","url":"https:\/\/secure.gravatar.com\/avatar\/a0b128fb9855c79efc976d5640eedb31dc35ec297594d6016d2cf7c60e975bb6?s=96&d=mm&r=g","contentUrl":"https:\/\/secure.gravatar.com\/avatar\/a0b128fb9855c79efc976d5640eedb31dc35ec297594d6016d2cf7c60e975bb6?s=96&d=mm&r=g","caption":"Av. Deniz Can K\u0131z\u0131l"},"sameAs":["http:\/\/www.denizcankizil.tr"],"url":"https:\/\/denizcankizil.tr\/de\/author\/denizcankizil\/"}]}},"_links":{"self":[{"href":"https:\/\/denizcankizil.tr\/de\/wp-json\/wp\/v2\/posts\/34761","targetHints":{"allow":["GET"]}}],"collection":[{"href":"https:\/\/denizcankizil.tr\/de\/wp-json\/wp\/v2\/posts"}],"about":[{"href":"https:\/\/denizcankizil.tr\/de\/wp-json\/wp\/v2\/types\/post"}],"author":[{"embeddable":true,"href":"https:\/\/denizcankizil.tr\/de\/wp-json\/wp\/v2\/users\/4"}],"replies":[{"embeddable":true,"href":"https:\/\/denizcankizil.tr\/de\/wp-json\/wp\/v2\/comments?post=34761"}],"version-history":[{"count":0,"href":"https:\/\/denizcankizil.tr\/de\/wp-json\/wp\/v2\/posts\/34761\/revisions"}],"wp:featuredmedia":[{"embeddable":true,"href":"https:\/\/denizcankizil.tr\/de\/wp-json\/wp\/v2\/media\/34762"}],"wp:attachment":[{"href":"https:\/\/denizcankizil.tr\/de\/wp-json\/wp\/v2\/media?parent=34761"}],"wp:term":[{"taxonomy":"category","embeddable":true,"href":"https:\/\/denizcankizil.tr\/de\/wp-json\/wp\/v2\/categories?post=34761"},{"taxonomy":"post_tag","embeddable":true,"href":"https:\/\/denizcankizil.tr\/de\/wp-json\/wp\/v2\/tags?post=34761"}],"curies":[{"name":"wp","href":"https:\/\/api.w.org\/{rel}","templated":true}]}}