{"id":34755,"date":"2025-03-05T12:42:01","date_gmt":"2025-03-05T09:42:01","guid":{"rendered":"https:\/\/denizcankizil.tr\/uncategorized-tr\/omer-yungul-kimdir-zorlu-holdingin-yeni-ceosu-oldu\/"},"modified":"2025-03-05T12:42:01","modified_gmt":"2025-03-05T09:42:01","slug":"omer-yungul-kimdir-zorlu-holdingin-yeni-ceosu-oldu","status":"publish","type":"post","link":"https:\/\/denizcankizil.tr\/de\/haberler\/gundem\/omer-yungul-kimdir-zorlu-holdingin-yeni-ceosu-oldu\/","title":{"rendered":"\u00d6mer Y\u00fcng\u00fcl Kimdir? Zorlu Holding\u2019in Yeni Ceo\u2019su Oldu!"},"content":{"rendered":"<p>T\u00fcrkiye\u2019nin \u00f6nde gelen \u015firketlerinden biri olan Zorlu Holding, son zamanlarda ya\u015fanan olaylar neticesinde y\u00f6netim kadrosunda de\u011fi\u015fikli\u011fe gitti.\u00a0\u00d6mer Y\u00fcng\u00fcl holdingin yeni Ceo\u2019su oldu. Peki, \u00d6mer Y\u00fcng\u00fcl Kimdir? Sizin i\u00e7in ara\u015ft\u0131rd\u0131k\u2026<\/p>\n<p>\u00d6mer Y\u00fcng\u00fcl Kimdir?<\/p>\n<p>Zorlu Holding\u2019in eski Ceo\u2019su Cem K\u00f6ksal son g\u00fcnlerde sosyal medyada g\u00fcndem olmu\u015ftu. Ya\u015fanan olayda Cem K\u00f6ksal, Vestel Ceo\u2019su Erg\u00fcn G\u00fcler\u2019in \u00e7al\u0131\u015fanlara g\u00f6nderdi\u011fi ramazan tebri\u011fi mailine tepki g\u00f6stermi\u015fti.\u00a0<\/p>\n<p>Tebri\u011fi yersiz bulan K\u00f6ksal, Erg\u00fcn G\u00fcler\u2019i yine mail \u00fczerinden uyarm\u0131\u015f ve payla\u015f\u0131lmamas\u0131 gereken bir \u015fey payla\u015ft\u0131\u011f\u0131n\u0131 savunmu\u015ftu.\u00a0<\/p>\n<p>Kulland\u0131\u011f\u0131 dil ve savunduklar\u0131yla kamuoyunda b\u00fcy\u00fck tepki \u00e7ekmesinin ard\u0131ndan hakk\u0131nda \u201c\u0130nan\u00e7, d\u00fc\u015f\u00fcnce ve kanaat h\u00fcrriyetini engelleme\u201d su\u00e7lamas\u0131yla i\u015flem yap\u0131ld\u0131.\u00a0<\/p>\n<p>G\u00f6zalt\u0131na al\u0131nmas\u0131n\u0131n ard\u0131ndan adli kontrol \u015fart\u0131yla serbest b\u0131rak\u0131n Cem K\u00f6ksal\u2019\u0131n yerine ise \u00d6mer Y\u00fcng\u00fcl getirildi. Zorlu Holding\u2019in yeni Ceo\u2019sunu yak\u0131ndan tan\u0131yal\u0131m\u2026<\/p>\n<p>1955 y\u0131l\u0131nda \u0130zmir\u2019de d\u00fcnyaya gelen \u00d6mer Y\u00fcng\u00fcl, lisans e\u011fitimini Bo\u011fazi\u00e7i \u00dcniversitesi Makine M\u00fchendisli\u011fi B\u00f6l\u00fcm\u00fc\u2019nde tamamlayarak 1978 y\u0131l\u0131nda mezun oldu.\u00a0<\/p>\n<p>Kariyer hayat\u0131na Tekfen \u0130n\u015faat b\u00fcnyesinde ba\u015flayan Y\u00fcng\u00fcl; Meta\u015f, Faz Elektrik ve Merloni Elettrodomestici gibi \u015firketlerde y\u00f6neticilik yaparak devam etti.\u00a0<\/p>\n<p>1997 y\u0131l\u0131nda ise Vestel Beyaz E\u015fya Genel M\u00fcd\u00fcr\u00fc pozisyonunda Zorlu Holding \u00e7at\u0131s\u0131 alt\u0131nda \u00e7al\u0131\u015fmaya ba\u015flayan \u00d6mer Y\u00fcng\u00fcl, 2000 y\u0131l\u0131nda ise Vestel \u0130cra Kurulu Ba\u015fkan\u0131 g\u00f6revine getirildi.<\/p>\n<p>Vestel b\u00fcnyesinde 15 y\u0131l boyunca \u00e7al\u0131\u015fan ve \u015firketin b\u00fcy\u00fcmesine \u00f6nemli katk\u0131larda bulunan \u00d6mer Y\u00fcng\u00fcl, daha \u00f6nce 2013 y\u0131l\u0131nda Zorlu Holding\u2019in ilk Ceo\u2019su olarak g\u00f6rev yapt\u0131.\u00a0<\/p>\n<p>2024 y\u0131l\u0131n\u0131n Haziran ay\u0131na kadar bu g\u00f6revi s\u00fcrd\u00fcrd\u00fc ve sonras\u0131nda yerine Cem K\u00f6ksal ge\u00e7ti. 2022 y\u0131l\u0131nda Zorlu Holding Y\u00f6netim Kurulu \u00dcyeli\u011fi g\u00f6revini s\u00fcrd\u00fcren Y\u00fcng\u00fcl, yeniden Zorlu Holding\u2019e Ceo olarak atand\u0131.\u00a0<\/p>\n<p>\u00d6mer Y\u00fcng\u00fcl servetiyle de merak edilse de ki\u015fisel serveti hakk\u0131nda medyaya yans\u0131yan net bir bilgi bulunmamaktad\u0131r.\u00a0<\/p>\n<p>Zorlu Holding\u2019in yeni Ceo\u2019su \u00d6mer Y\u00fcng\u00fcl kimdir sorusunu cevaplad\u0131ktan sonra merak edilen detaylarla devam edelim\u2026<\/p>\n<p>\u00d6mer Y\u00fcng\u00fcl Nereli?<\/p>\n<p>\u0130zmir\u2019de d\u00fcnyaya gelen ve b\u00fcy\u00fcyen Zorlu Holding\u2019in yeni Ceo\u2019su \u00d6mer Y\u00fcng\u00fcl \u0130zmirlidir. \u00dcniversite hayat\u0131na ba\u015flayana kadar bu \u015fehirde e\u011fitim alm\u0131\u015ft\u0131r.\u00a0<\/p>\n<p>\u00d6mer Y\u00fcng\u00fcl Ka\u00e7 Ya\u015f\u0131nda?<\/p>\n<p>Ya\u015fanan y\u00f6netim de\u011fi\u015fikli\u011fiyle beraber Ceo olarak atanan \u00d6mer Y\u00fcng\u00fcl ya\u015f\u0131yla da merak edilmektedir. 1955 y\u0131l\u0131nda d\u00fcnyaya gelen Y\u00fcng\u00fcl, 2025 y\u0131l\u0131 itibariyla 70 ya\u015f\u0131ndad\u0131r.\u00a0<\/p>\n<p>Hayat\u0131 boyunca Zorlu Holding ve Vestel \u015eirketler Grubu b\u00fcnyesinde y\u00f6neticilik pozisyonunda uzun y\u0131llar g\u00f6rev alm\u0131\u015ft\u0131r.<\/p>\n<p>\u00d6mer Y\u00fcng\u00fcl E\u015fi<\/p>\n<p>Ba\u015far\u0131l\u0131 i\u015f insan\u0131 \u00d6me Y\u00fcng\u00fcl, evli ve bir \u00e7ocuk babas\u0131d\u0131r. Tecr\u00fcbeli y\u00f6neticinin e\u015fi \u00c7i\u011fdem Y\u00fcng\u00fcl\u2019d\u00fcr. Daha \u00f6nce yapt\u0131\u011f\u0131 bir a\u00e7\u0131klamada e\u015fiyle beraber gemi seyahatine \u00e7\u0131kmay\u0131 sevdi\u011fini s\u00f6yleyen \u00d6mer Y\u00fcng\u00fcl \u015funlar\u0131 s\u00f6ylemi\u015ftir:<\/p>\n<p>\u201cE\u015fimle gemi seyahatlerine \u00e7\u0131kmay\u0131 seviyoruz. Yine denizle ilgili u\u011fra\u015flar\u0131m var. Ara s\u0131ra ka\u011f\u0131t oynuyorum. Bri\u00e7 veya king oynamay\u0131 seviyorum. K\u0131\u015f mevsiminde pazartesi ak\u015famlar\u0131, yaz\u0131n da sal\u0131 ak\u015famlar\u0131 erkek erke\u011fe ka\u011f\u0131t oynuyoruz. Ancak iki ayd\u0131r ona da gidemiyorum.\u201d\u00a0<\/p>\n<p>Zorlu Holding Resmi A\u00e7\u0131klamas\u0131\u00a0<\/p>\n<p>Ya\u015fanan Ramazan kutlamas\u0131 polemi\u011finin ard\u0131ndan y\u00f6netim a\u015famas\u0131nda de\u011fi\u015fikli\u011fe giden Zorlu Holding Cem K\u00f6ksal yerine getirilen yeni Ceo \u00d6mer Y\u00fcng\u00fcl\u2019\u00fc \u015fu ifadelerle duyurmu\u015ftur:<\/p>\n<p>\u201cZorlu Holding, 4 Mart 2025 tarihli y\u00f6netim kurulu toplant\u0131s\u0131nda CEO de\u011fi\u015fikli\u011fini kararla\u015ft\u0131rm\u0131\u015ft\u0131r. Uzun y\u0131llar grubumuza b\u00fcy\u00fck katk\u0131lar sunmu\u015f olan \u00d6mer Y\u00fcng\u00fcl, yeniden CEO olarak atanm\u0131\u015ft\u0131r. \u015eirketimizin b\u00fcy\u00fcme yolculu\u011fu planland\u0131\u011f\u0131 \u015fekilde devam edecek olup, Zorlu Holding ailesi olarak t\u00fcm payda\u015flar\u0131m\u0131za en iyi hizmeti sunmaya devam edece\u011fiz.\u201d<\/p>\n<p>Bu yaz\u0131m\u0131zda Zorlu Holding\u2019in yeni Ceo\u2019su \u00d6mer Y\u00fcng\u00fcl kimdir sorusuna yan\u0131t verirken merak edilenleri a\u00e7\u0131klad\u0131k. Konuyla alakal\u0131 g\u00f6r\u00fc\u015flerinizi yorumlar k\u0131sm\u0131ndan bizimle payla\u015fabilirsiniz\u2026<br \/>\n\u00a0<\/p>\n<p>\u200bCem K\u00f6ksal&#8217;\u0131n ard\u0131ndan Zorlu Holding&#8217;in yeni CEO&#8217;su olan \u00d6mer Y\u00fcng\u00fcl kimdir? \u0130\u015fte detaylar&#8230;\u00a0<\/p>\n<p>\u200bHaberin Al\u0131nt\u0131land\u0131\u011f\u0131 Kaynak: www.antalyakorfez.com<\/p>","protected":false},"excerpt":{"rendered":"<p>T\u00fcrkiye\u2019nin \u00f6nde gelen \u015firketlerinden biri olan Zorlu Holding, son zamanlarda ya\u015fanan olaylar neticesinde y\u00f6netim kadrosunda de\u011fi\u015fikli\u011fe gitti.\u00a0\u00d6mer Y\u00fcng\u00fcl holdingin yeni Ceo\u2019su oldu. Peki, \u00d6mer Y\u00fcng\u00fcl Kimdir? Sizin i\u00e7in ara\u015ft\u0131rd\u0131k\u2026 \u00d6mer Y\u00fcng\u00fcl Kimdir? Zorlu Holding\u2019in eski Ceo\u2019su Cem K\u00f6ksal son g\u00fcnlerde sosyal medyada g\u00fcndem olmu\u015ftu. Ya\u015fanan olayda Cem K\u00f6ksal, Vestel Ceo\u2019su Erg\u00fcn G\u00fcler\u2019in \u00e7al\u0131\u015fanlara g\u00f6nderdi\u011fi ramazan tebri\u011fi mailine tepki g\u00f6stermi\u015fti.\u00a0 Tebri\u011fi yersiz bulan K\u00f6ksal, Erg\u00fcn G\u00fcler\u2019i yine mail \u00fczerinden uyarm\u0131\u015f ve payla\u015f\u0131lmamas\u0131 gereken bir \u015fey payla\u015ft\u0131\u011f\u0131n\u0131 savunmu\u015ftu.\u00a0 Kulland\u0131\u011f\u0131 dil ve savunduklar\u0131yla kamuoyunda b\u00fcy\u00fck tepki \u00e7ekmesinin ard\u0131ndan hakk\u0131nda \u201c\u0130nan\u00e7, d\u00fc\u015f\u00fcnce ve kanaat h\u00fcrriyetini engelleme\u201d su\u00e7lamas\u0131yla i\u015flem yap\u0131ld\u0131.\u00a0 G\u00f6zalt\u0131na al\u0131nmas\u0131n\u0131n ard\u0131ndan adli kontrol \u015fart\u0131yla serbest b\u0131rak\u0131n Cem K\u00f6ksal\u2019\u0131n yerine ise \u00d6mer Y\u00fcng\u00fcl getirildi. Zorlu Holding\u2019in yeni Ceo\u2019sunu yak\u0131ndan tan\u0131yal\u0131m\u2026 1955 y\u0131l\u0131nda \u0130zmir\u2019de d\u00fcnyaya gelen \u00d6mer Y\u00fcng\u00fcl, lisans e\u011fitimini Bo\u011fazi\u00e7i \u00dcniversitesi Makine M\u00fchendisli\u011fi B\u00f6l\u00fcm\u00fc\u2019nde tamamlayarak 1978 y\u0131l\u0131nda mezun oldu.\u00a0 Kariyer hayat\u0131na Tekfen \u0130n\u015faat b\u00fcnyesinde ba\u015flayan Y\u00fcng\u00fcl; Meta\u015f, Faz Elektrik ve Merloni Elettrodomestici gibi \u015firketlerde y\u00f6neticilik yaparak devam etti.\u00a0 1997 y\u0131l\u0131nda ise Vestel Beyaz E\u015fya Genel M\u00fcd\u00fcr\u00fc pozisyonunda Zorlu Holding \u00e7at\u0131s\u0131 alt\u0131nda \u00e7al\u0131\u015fmaya ba\u015flayan \u00d6mer Y\u00fcng\u00fcl, 2000 y\u0131l\u0131nda ise Vestel \u0130cra Kurulu Ba\u015fkan\u0131 g\u00f6revine getirildi. Vestel b\u00fcnyesinde 15 y\u0131l boyunca \u00e7al\u0131\u015fan ve \u015firketin b\u00fcy\u00fcmesine \u00f6nemli katk\u0131larda bulunan \u00d6mer Y\u00fcng\u00fcl, daha \u00f6nce 2013 y\u0131l\u0131nda Zorlu Holding\u2019in &hellip;<\/p>","protected":false},"author":5,"featured_media":0,"comment_status":"open","ping_status":"open","sticky":false,"template":"","format":"standard","meta":{"_acf_changed":false,"footnotes":""},"categories":[24],"tags":[],"class_list":["post-34755","post","type-post","status-publish","format-standard","has-post-thumbnail","hentry","category-gundem"],"acf":[],"yoast_head":"<!-- This site is optimized with the Yoast SEO Premium plugin v26.6 (Yoast SEO v27.1.1) - https:\/\/yoast.com\/product\/yoast-seo-premium-wordpress\/ -->\n<title>\u00d6mer Y\u00fcng\u00fcl Kimdir? Zorlu Holding\u2019in Yeni Ceo\u2019su Oldu! - Av. Deniz Can K\u0131z\u0131l<\/title>\n<meta name=\"robots\" content=\"index, follow, max-snippet:-1, max-image-preview:large, max-video-preview:-1\" \/>\n<link rel=\"canonical\" href=\"https:\/\/denizcankizil.tr\/de\/haberler\/gundem\/omer-yungul-kimdir-zorlu-holdingin-yeni-ceosu-oldu\/\" \/>\n<meta property=\"og:locale\" content=\"de_DE\" \/>\n<meta property=\"og:type\" content=\"article\" \/>\n<meta property=\"og:title\" content=\"\u00d6mer Y\u00fcng\u00fcl Kimdir? Zorlu Holding\u2019in Yeni Ceo\u2019su Oldu!\" \/>\n<meta property=\"og:description\" content=\"T\u00fcrkiye\u2019nin \u00f6nde gelen \u015firketlerinden biri olan Zorlu Holding, son zamanlarda ya\u015fanan olaylar neticesinde y\u00f6netim kadrosunda de\u011fi\u015fikli\u011fe gitti.\u00a0\u00d6mer Y\u00fcng\u00fcl holdingin yeni Ceo\u2019su oldu. Peki, \u00d6mer Y\u00fcng\u00fcl Kimdir? Sizin i\u00e7in ara\u015ft\u0131rd\u0131k\u2026 \u00d6mer Y\u00fcng\u00fcl Kimdir? Zorlu Holding\u2019in eski Ceo\u2019su Cem K\u00f6ksal son g\u00fcnlerde sosyal medyada g\u00fcndem olmu\u015ftu. Ya\u015fanan olayda Cem K\u00f6ksal, Vestel Ceo\u2019su Erg\u00fcn G\u00fcler\u2019in \u00e7al\u0131\u015fanlara g\u00f6nderdi\u011fi ramazan tebri\u011fi mailine tepki g\u00f6stermi\u015fti.\u00a0 Tebri\u011fi yersiz bulan K\u00f6ksal, Erg\u00fcn G\u00fcler\u2019i yine mail \u00fczerinden uyarm\u0131\u015f ve payla\u015f\u0131lmamas\u0131 gereken bir \u015fey payla\u015ft\u0131\u011f\u0131n\u0131 savunmu\u015ftu.\u00a0 Kulland\u0131\u011f\u0131 dil ve savunduklar\u0131yla kamuoyunda b\u00fcy\u00fck tepki \u00e7ekmesinin ard\u0131ndan hakk\u0131nda \u201c\u0130nan\u00e7, d\u00fc\u015f\u00fcnce ve kanaat h\u00fcrriyetini engelleme\u201d su\u00e7lamas\u0131yla i\u015flem yap\u0131ld\u0131.\u00a0 G\u00f6zalt\u0131na al\u0131nmas\u0131n\u0131n ard\u0131ndan adli kontrol \u015fart\u0131yla serbest b\u0131rak\u0131n Cem K\u00f6ksal\u2019\u0131n yerine ise \u00d6mer Y\u00fcng\u00fcl getirildi. Zorlu Holding\u2019in yeni Ceo\u2019sunu yak\u0131ndan tan\u0131yal\u0131m\u2026 1955 y\u0131l\u0131nda \u0130zmir\u2019de d\u00fcnyaya gelen \u00d6mer Y\u00fcng\u00fcl, lisans e\u011fitimini Bo\u011fazi\u00e7i \u00dcniversitesi Makine M\u00fchendisli\u011fi B\u00f6l\u00fcm\u00fc\u2019nde tamamlayarak 1978 y\u0131l\u0131nda mezun oldu.\u00a0 Kariyer hayat\u0131na Tekfen \u0130n\u015faat b\u00fcnyesinde ba\u015flayan Y\u00fcng\u00fcl; Meta\u015f, Faz Elektrik ve Merloni Elettrodomestici gibi \u015firketlerde y\u00f6neticilik yaparak devam etti.\u00a0 1997 y\u0131l\u0131nda ise Vestel Beyaz E\u015fya Genel M\u00fcd\u00fcr\u00fc pozisyonunda Zorlu Holding \u00e7at\u0131s\u0131 alt\u0131nda \u00e7al\u0131\u015fmaya ba\u015flayan \u00d6mer Y\u00fcng\u00fcl, 2000 y\u0131l\u0131nda ise Vestel \u0130cra Kurulu Ba\u015fkan\u0131 g\u00f6revine getirildi. Vestel b\u00fcnyesinde 15 y\u0131l boyunca \u00e7al\u0131\u015fan ve \u015firketin b\u00fcy\u00fcmesine \u00f6nemli katk\u0131larda bulunan \u00d6mer Y\u00fcng\u00fcl, daha \u00f6nce 2013 y\u0131l\u0131nda Zorlu Holding\u2019in &hellip;\" \/>\n<meta property=\"og:url\" content=\"https:\/\/denizcankizil.tr\/de\/haberler\/gundem\/omer-yungul-kimdir-zorlu-holdingin-yeni-ceosu-oldu\/\" \/>\n<meta property=\"og:site_name\" content=\"Av. Deniz Can K\u0131z\u0131l\" \/>\n<meta property=\"article:published_time\" content=\"2025-03-05T09:42:01+00:00\" \/>\n<meta name=\"author\" content=\"Antalya K\u00f6rfez\" \/>\n<meta name=\"twitter:card\" content=\"summary_large_image\" \/>\n<meta name=\"twitter:label1\" content=\"Verfasst von\" \/>\n\t<meta name=\"twitter:data1\" content=\"Antalya K\u00f6rfez\" \/>\n\t<meta name=\"twitter:label2\" content=\"Gesch\u00e4tzte Lesezeit\" \/>\n\t<meta name=\"twitter:data2\" content=\"4\u00a0Minuten\" \/>\n<script type=\"application\/ld+json\" class=\"yoast-schema-graph\">{\"@context\":\"https:\/\/schema.org\",\"@graph\":[{\"@type\":\"Article\",\"@id\":\"https:\/\/denizcankizil.tr\/de\/haberler\/gundem\/omer-yungul-kimdir-zorlu-holdingin-yeni-ceosu-oldu\/#article\",\"isPartOf\":{\"@id\":\"https:\/\/denizcankizil.tr\/de\/haberler\/gundem\/omer-yungul-kimdir-zorlu-holdingin-yeni-ceosu-oldu\/\"},\"author\":{\"name\":\"Antalya K\u00f6rfez\",\"@id\":\"https:\/\/denizcankizil.tr\/de\/#\/schema\/person\/e1eb71bb4dd684d46563f0af307e1234\"},\"headline\":\"\u00d6mer Y\u00fcng\u00fcl Kimdir? Zorlu Holding\u2019in Yeni Ceo\u2019su Oldu!\",\"datePublished\":\"2025-03-05T09:42:01+00:00\",\"mainEntityOfPage\":{\"@id\":\"https:\/\/denizcankizil.tr\/de\/haberler\/gundem\/omer-yungul-kimdir-zorlu-holdingin-yeni-ceosu-oldu\/\"},\"wordCount\":810,\"commentCount\":0,\"publisher\":{\"@id\":\"https:\/\/denizcankizil.tr\/de\/#organization\"},\"articleSection\":[\"G\u00fcndem\"],\"inLanguage\":\"de\",\"potentialAction\":[{\"@type\":\"CommentAction\",\"name\":\"Comment\",\"target\":[\"https:\/\/denizcankizil.tr\/de\/haberler\/gundem\/omer-yungul-kimdir-zorlu-holdingin-yeni-ceosu-oldu\/#respond\"]}]},{\"@type\":\"WebPage\",\"@id\":\"https:\/\/denizcankizil.tr\/de\/haberler\/gundem\/omer-yungul-kimdir-zorlu-holdingin-yeni-ceosu-oldu\/\",\"url\":\"https:\/\/denizcankizil.tr\/de\/haberler\/gundem\/omer-yungul-kimdir-zorlu-holdingin-yeni-ceosu-oldu\/\",\"name\":\"\u00d6mer Y\u00fcng\u00fcl Kimdir? Zorlu Holding\u2019in Yeni Ceo\u2019su Oldu! - Av. Deniz Can K\u0131z\u0131l\",\"isPartOf\":{\"@id\":\"https:\/\/denizcankizil.tr\/de\/#website\"},\"datePublished\":\"2025-03-05T09:42:01+00:00\",\"breadcrumb\":{\"@id\":\"https:\/\/denizcankizil.tr\/de\/haberler\/gundem\/omer-yungul-kimdir-zorlu-holdingin-yeni-ceosu-oldu\/#breadcrumb\"},\"inLanguage\":\"de\",\"potentialAction\":[{\"@type\":\"ReadAction\",\"target\":[\"https:\/\/denizcankizil.tr\/de\/haberler\/gundem\/omer-yungul-kimdir-zorlu-holdingin-yeni-ceosu-oldu\/\"]}]},{\"@type\":\"BreadcrumbList\",\"@id\":\"https:\/\/denizcankizil.tr\/de\/haberler\/gundem\/omer-yungul-kimdir-zorlu-holdingin-yeni-ceosu-oldu\/#breadcrumb\",\"itemListElement\":[{\"@type\":\"ListItem\",\"position\":1,\"name\":\"Home\",\"item\":\"https:\/\/denizcankizil.tr\/de\/\"},{\"@type\":\"ListItem\",\"position\":2,\"name\":\"\u00d6mer Y\u00fcng\u00fcl Kimdir? Zorlu Holding\u2019in Yeni Ceo\u2019su Oldu!\"}]},{\"@type\":\"WebSite\",\"@id\":\"https:\/\/denizcankizil.tr\/de\/#website\",\"url\":\"https:\/\/denizcankizil.tr\/de\/\",\"name\":\"Av. Deniz Can K\u0131z\u0131l\",\"description\":\"Avukat Deniz Can K\u0131z\u0131l Antalya Barosu\",\"publisher\":{\"@id\":\"https:\/\/denizcankizil.tr\/de\/#organization\"},\"potentialAction\":[{\"@type\":\"SearchAction\",\"target\":{\"@type\":\"EntryPoint\",\"urlTemplate\":\"https:\/\/denizcankizil.tr\/de\/?s={search_term_string}\"},\"query-input\":{\"@type\":\"PropertyValueSpecification\",\"valueRequired\":true,\"valueName\":\"search_term_string\"}}],\"inLanguage\":\"de\"},{\"@type\":\"Organization\",\"@id\":\"https:\/\/denizcankizil.tr\/de\/#organization\",\"name\":\"Av. Deniz Can K\u0131z\u0131l\",\"url\":\"https:\/\/denizcankizil.tr\/de\/\",\"logo\":{\"@type\":\"ImageObject\",\"inLanguage\":\"de\",\"@id\":\"https:\/\/denizcankizil.tr\/de\/#\/schema\/logo\/image\/\",\"url\":\"https:\/\/denizcankizil.tr\/wp-content\/uploads\/2024\/10\/siyah-logo-svg.svg\",\"contentUrl\":\"https:\/\/denizcankizil.tr\/wp-content\/uploads\/2024\/10\/siyah-logo-svg.svg\",\"width\":1080,\"height\":1080,\"caption\":\"Av. Deniz Can K\u0131z\u0131l\"},\"image\":{\"@id\":\"https:\/\/denizcankizil.tr\/de\/#\/schema\/logo\/image\/\"}},{\"@type\":\"Person\",\"@id\":\"https:\/\/denizcankizil.tr\/de\/#\/schema\/person\/e1eb71bb4dd684d46563f0af307e1234\",\"name\":\"Antalya K\u00f6rfez\",\"image\":{\"@type\":\"ImageObject\",\"inLanguage\":\"de\",\"@id\":\"https:\/\/denizcankizil.tr\/de\/#\/schema\/person\/image\/\",\"url\":\"https:\/\/secure.gravatar.com\/avatar\/42b01982558a48a0b501fdcab6a408d3717ea5919095ee2e67b0e521799c5905?s=96&d=mm&r=g\",\"contentUrl\":\"https:\/\/secure.gravatar.com\/avatar\/42b01982558a48a0b501fdcab6a408d3717ea5919095ee2e67b0e521799c5905?s=96&d=mm&r=g\",\"caption\":\"Antalya K\u00f6rfez\"},\"sameAs\":[\"http:\/\/www.antalyakorfez.com\"],\"url\":\"https:\/\/www.antalyakorfez.com\/omer-yungul-kimdir\"}]}<\/script>\n<!-- \/ Yoast SEO Premium plugin. -->","yoast_head_json":{"title":"\u00d6mer Y\u00fcng\u00fcl Kimdir? Zorlu Holding\u2019in Yeni Ceo\u2019su Oldu! - Av. Deniz Can K\u0131z\u0131l","robots":{"index":"index","follow":"follow","max-snippet":"max-snippet:-1","max-image-preview":"max-image-preview:large","max-video-preview":"max-video-preview:-1"},"canonical":"https:\/\/denizcankizil.tr\/de\/haberler\/gundem\/omer-yungul-kimdir-zorlu-holdingin-yeni-ceosu-oldu\/","og_locale":"de_DE","og_type":"article","og_title":"\u00d6mer Y\u00fcng\u00fcl Kimdir? Zorlu Holding\u2019in Yeni Ceo\u2019su Oldu!","og_description":"T\u00fcrkiye\u2019nin \u00f6nde gelen \u015firketlerinden biri olan Zorlu Holding, son zamanlarda ya\u015fanan olaylar neticesinde y\u00f6netim kadrosunda de\u011fi\u015fikli\u011fe gitti.\u00a0\u00d6mer Y\u00fcng\u00fcl holdingin yeni Ceo\u2019su oldu. Peki, \u00d6mer Y\u00fcng\u00fcl Kimdir? Sizin i\u00e7in ara\u015ft\u0131rd\u0131k\u2026 \u00d6mer Y\u00fcng\u00fcl Kimdir? Zorlu Holding\u2019in eski Ceo\u2019su Cem K\u00f6ksal son g\u00fcnlerde sosyal medyada g\u00fcndem olmu\u015ftu. Ya\u015fanan olayda Cem K\u00f6ksal, Vestel Ceo\u2019su Erg\u00fcn G\u00fcler\u2019in \u00e7al\u0131\u015fanlara g\u00f6nderdi\u011fi ramazan tebri\u011fi mailine tepki g\u00f6stermi\u015fti.\u00a0 Tebri\u011fi yersiz bulan K\u00f6ksal, Erg\u00fcn G\u00fcler\u2019i yine mail \u00fczerinden uyarm\u0131\u015f ve payla\u015f\u0131lmamas\u0131 gereken bir \u015fey payla\u015ft\u0131\u011f\u0131n\u0131 savunmu\u015ftu.\u00a0 Kulland\u0131\u011f\u0131 dil ve savunduklar\u0131yla kamuoyunda b\u00fcy\u00fck tepki \u00e7ekmesinin ard\u0131ndan hakk\u0131nda \u201c\u0130nan\u00e7, d\u00fc\u015f\u00fcnce ve kanaat h\u00fcrriyetini engelleme\u201d su\u00e7lamas\u0131yla i\u015flem yap\u0131ld\u0131.\u00a0 G\u00f6zalt\u0131na al\u0131nmas\u0131n\u0131n ard\u0131ndan adli kontrol \u015fart\u0131yla serbest b\u0131rak\u0131n Cem K\u00f6ksal\u2019\u0131n yerine ise \u00d6mer Y\u00fcng\u00fcl getirildi. Zorlu Holding\u2019in yeni Ceo\u2019sunu yak\u0131ndan tan\u0131yal\u0131m\u2026 1955 y\u0131l\u0131nda \u0130zmir\u2019de d\u00fcnyaya gelen \u00d6mer Y\u00fcng\u00fcl, lisans e\u011fitimini Bo\u011fazi\u00e7i \u00dcniversitesi Makine M\u00fchendisli\u011fi B\u00f6l\u00fcm\u00fc\u2019nde tamamlayarak 1978 y\u0131l\u0131nda mezun oldu.\u00a0 Kariyer hayat\u0131na Tekfen \u0130n\u015faat b\u00fcnyesinde ba\u015flayan Y\u00fcng\u00fcl; Meta\u015f, Faz Elektrik ve Merloni Elettrodomestici gibi \u015firketlerde y\u00f6neticilik yaparak devam etti.\u00a0 1997 y\u0131l\u0131nda ise Vestel Beyaz E\u015fya Genel M\u00fcd\u00fcr\u00fc pozisyonunda Zorlu Holding \u00e7at\u0131s\u0131 alt\u0131nda \u00e7al\u0131\u015fmaya ba\u015flayan \u00d6mer Y\u00fcng\u00fcl, 2000 y\u0131l\u0131nda ise Vestel \u0130cra Kurulu Ba\u015fkan\u0131 g\u00f6revine getirildi. Vestel b\u00fcnyesinde 15 y\u0131l boyunca \u00e7al\u0131\u015fan ve \u015firketin b\u00fcy\u00fcmesine \u00f6nemli katk\u0131larda bulunan \u00d6mer Y\u00fcng\u00fcl, daha \u00f6nce 2013 y\u0131l\u0131nda Zorlu Holding\u2019in &hellip;","og_url":"https:\/\/denizcankizil.tr\/de\/haberler\/gundem\/omer-yungul-kimdir-zorlu-holdingin-yeni-ceosu-oldu\/","og_site_name":"Av. Deniz Can K\u0131z\u0131l","article_published_time":"2025-03-05T09:42:01+00:00","author":"Antalya K\u00f6rfez","twitter_card":"summary_large_image","twitter_misc":{"Verfasst von":"Antalya K\u00f6rfez","Gesch\u00e4tzte Lesezeit":"4\u00a0Minuten"},"schema":{"@context":"https:\/\/schema.org","@graph":[{"@type":"Article","@id":"https:\/\/denizcankizil.tr\/de\/haberler\/gundem\/omer-yungul-kimdir-zorlu-holdingin-yeni-ceosu-oldu\/#article","isPartOf":{"@id":"https:\/\/denizcankizil.tr\/de\/haberler\/gundem\/omer-yungul-kimdir-zorlu-holdingin-yeni-ceosu-oldu\/"},"author":{"name":"Antalya K\u00f6rfez","@id":"https:\/\/denizcankizil.tr\/de\/#\/schema\/person\/e1eb71bb4dd684d46563f0af307e1234"},"headline":"\u00d6mer Y\u00fcng\u00fcl Kimdir? Zorlu Holding\u2019in Yeni Ceo\u2019su Oldu!","datePublished":"2025-03-05T09:42:01+00:00","mainEntityOfPage":{"@id":"https:\/\/denizcankizil.tr\/de\/haberler\/gundem\/omer-yungul-kimdir-zorlu-holdingin-yeni-ceosu-oldu\/"},"wordCount":810,"commentCount":0,"publisher":{"@id":"https:\/\/denizcankizil.tr\/de\/#organization"},"articleSection":["G\u00fcndem"],"inLanguage":"de","potentialAction":[{"@type":"CommentAction","name":"Comment","target":["https:\/\/denizcankizil.tr\/de\/haberler\/gundem\/omer-yungul-kimdir-zorlu-holdingin-yeni-ceosu-oldu\/#respond"]}]},{"@type":"WebPage","@id":"https:\/\/denizcankizil.tr\/de\/haberler\/gundem\/omer-yungul-kimdir-zorlu-holdingin-yeni-ceosu-oldu\/","url":"https:\/\/denizcankizil.tr\/de\/haberler\/gundem\/omer-yungul-kimdir-zorlu-holdingin-yeni-ceosu-oldu\/","name":"\u00d6mer Y\u00fcng\u00fcl Kimdir? Zorlu Holding\u2019in Yeni Ceo\u2019su Oldu! - Av. Deniz Can K\u0131z\u0131l","isPartOf":{"@id":"https:\/\/denizcankizil.tr\/de\/#website"},"datePublished":"2025-03-05T09:42:01+00:00","breadcrumb":{"@id":"https:\/\/denizcankizil.tr\/de\/haberler\/gundem\/omer-yungul-kimdir-zorlu-holdingin-yeni-ceosu-oldu\/#breadcrumb"},"inLanguage":"de","potentialAction":[{"@type":"ReadAction","target":["https:\/\/denizcankizil.tr\/de\/haberler\/gundem\/omer-yungul-kimdir-zorlu-holdingin-yeni-ceosu-oldu\/"]}]},{"@type":"BreadcrumbList","@id":"https:\/\/denizcankizil.tr\/de\/haberler\/gundem\/omer-yungul-kimdir-zorlu-holdingin-yeni-ceosu-oldu\/#breadcrumb","itemListElement":[{"@type":"ListItem","position":1,"name":"Home","item":"https:\/\/denizcankizil.tr\/de\/"},{"@type":"ListItem","position":2,"name":"\u00d6mer Y\u00fcng\u00fcl Kimdir? Zorlu Holding\u2019in Yeni Ceo\u2019su Oldu!"}]},{"@type":"WebSite","@id":"https:\/\/denizcankizil.tr\/de\/#website","url":"https:\/\/denizcankizil.tr\/de\/","name":"Av. Deniz Can K\u0131z\u0131l","description":"Avukat Deniz Can K\u0131z\u0131l Antalya Barosu","publisher":{"@id":"https:\/\/denizcankizil.tr\/de\/#organization"},"potentialAction":[{"@type":"SearchAction","target":{"@type":"EntryPoint","urlTemplate":"https:\/\/denizcankizil.tr\/de\/?s={search_term_string}"},"query-input":{"@type":"PropertyValueSpecification","valueRequired":true,"valueName":"search_term_string"}}],"inLanguage":"de"},{"@type":"Organization","@id":"https:\/\/denizcankizil.tr\/de\/#organization","name":"Av. Deniz Can K\u0131z\u0131l","url":"https:\/\/denizcankizil.tr\/de\/","logo":{"@type":"ImageObject","inLanguage":"de","@id":"https:\/\/denizcankizil.tr\/de\/#\/schema\/logo\/image\/","url":"https:\/\/denizcankizil.tr\/wp-content\/uploads\/2024\/10\/siyah-logo-svg.svg","contentUrl":"https:\/\/denizcankizil.tr\/wp-content\/uploads\/2024\/10\/siyah-logo-svg.svg","width":1080,"height":1080,"caption":"Av. Deniz Can K\u0131z\u0131l"},"image":{"@id":"https:\/\/denizcankizil.tr\/de\/#\/schema\/logo\/image\/"}},{"@type":"Person","@id":"https:\/\/denizcankizil.tr\/de\/#\/schema\/person\/e1eb71bb4dd684d46563f0af307e1234","name":"Antalya K\u00f6rfez","image":{"@type":"ImageObject","inLanguage":"de","@id":"https:\/\/denizcankizil.tr\/de\/#\/schema\/person\/image\/","url":"https:\/\/secure.gravatar.com\/avatar\/42b01982558a48a0b501fdcab6a408d3717ea5919095ee2e67b0e521799c5905?s=96&d=mm&r=g","contentUrl":"https:\/\/secure.gravatar.com\/avatar\/42b01982558a48a0b501fdcab6a408d3717ea5919095ee2e67b0e521799c5905?s=96&d=mm&r=g","caption":"Antalya K\u00f6rfez"},"sameAs":["http:\/\/www.antalyakorfez.com"],"url":"https:\/\/www.antalyakorfez.com\/omer-yungul-kimdir"}]}},"_links":{"self":[{"href":"https:\/\/denizcankizil.tr\/de\/wp-json\/wp\/v2\/posts\/34755","targetHints":{"allow":["GET"]}}],"collection":[{"href":"https:\/\/denizcankizil.tr\/de\/wp-json\/wp\/v2\/posts"}],"about":[{"href":"https:\/\/denizcankizil.tr\/de\/wp-json\/wp\/v2\/types\/post"}],"author":[{"embeddable":true,"href":"https:\/\/denizcankizil.tr\/de\/wp-json\/wp\/v2\/users\/5"}],"replies":[{"embeddable":true,"href":"https:\/\/denizcankizil.tr\/de\/wp-json\/wp\/v2\/comments?post=34755"}],"version-history":[{"count":0,"href":"https:\/\/denizcankizil.tr\/de\/wp-json\/wp\/v2\/posts\/34755\/revisions"}],"wp:attachment":[{"href":"https:\/\/denizcankizil.tr\/de\/wp-json\/wp\/v2\/media?parent=34755"}],"wp:term":[{"taxonomy":"category","embeddable":true,"href":"https:\/\/denizcankizil.tr\/de\/wp-json\/wp\/v2\/categories?post=34755"},{"taxonomy":"post_tag","embeddable":true,"href":"https:\/\/denizcankizil.tr\/de\/wp-json\/wp\/v2\/tags?post=34755"}],"curies":[{"name":"wp","href":"https:\/\/api.w.org\/{rel}","templated":true}]}}