{"id":34688,"date":"2025-03-04T17:41:31","date_gmt":"2025-03-04T14:41:31","guid":{"rendered":"https:\/\/denizcankizil.tr\/uncategorized-tr\/bursa-ulasimina-nefes-aldiracak-calisma-tamamlandi\/"},"modified":"2025-03-04T17:41:31","modified_gmt":"2025-03-04T14:41:31","slug":"bursa-ulasimina-nefes-aldiracak-calisma-tamamlandi","status":"publish","type":"post","link":"https:\/\/denizcankizil.tr\/de\/haberler\/gundem\/bursa-ulasimina-nefes-aldiracak-calisma-tamamlandi\/","title":{"rendered":"Bursa ula\u015f\u0131m\u0131na nefes ald\u0131racak \u00e7al\u0131\u015fma tamamland\u0131"},"content":{"rendered":"<p>Bursa B\u00fcy\u00fck\u015fehir Belediyesi, Acemler\u2019deki ilave \u015ferit \u00e7al\u0131\u015fmalar\u0131n\u0131 tamamlayarak vatanda\u015flar\u0131n hizmetine sundu. B\u00f6ylelikle, Acemler \u0130stasyonu ve BUSK\u0130 binas\u0131 \u00f6n\u00fcnden itibaren sol 3 \u015feritten \u0130zmir istikametine, sa\u011f \u015feritlerden ise Mudanya ve H\u00fcrriyet taraf\u0131na kesintisiz ula\u015f\u0131m sa\u011flan\u0131rken, b\u00f6lgedeki yo\u011funluk da b\u00fcy\u00fck \u00f6l\u00e7\u00fcde giderildi.BURSA (\u0130GFA) &#8211; Bursa\u2019n\u0131n daha ya\u015fanabilir kent olmas\u0131 ve daha konforlu bir ula\u015f\u0131m a\u011f\u0131na kavu\u015fmas\u0131 i\u00e7in bir\u00e7ok projeyi hayata ge\u00e7iren B\u00fcy\u00fck\u015fehir Belediyesi, kent i\u00e7i trafi\u011fin d\u00fc\u011f\u00fcm noktalar\u0131ndan olan Acemler\u2019de \u00f6nemli bir \u00e7al\u0131\u015fmay\u0131 tamamlad\u0131.<br \/>\nUla\u015f\u0131m Dairesi Ba\u015fkanl\u0131\u011f\u0131 taraf\u0131ndan Bursa \u0130zmir Karayolu Acemler Kav\u015fa\u011f\u0131 ile Mudanya Kav\u015fa\u011f\u0131 aras\u0131ndaki So\u011fukkuyu kav\u015fak b\u00f6lgesinde y\u00fcr\u00fct\u00fclen yol geni\u015fletme ve bord\u00fcr d\u00fczenleme \u00e7al\u0131\u015fmalar\u0131 bitirildi. \u00c7al\u0131\u015fmalarda 50\u2019ye yak\u0131n i\u015f makinesi g\u00f6rev al\u0131rken, asfalt \u00e7al\u0131\u015fmalar\u0131 kapsam\u0131nda 1523 ton frezeleme, 933 ton dolgu, 608 ton alt temel, 2496 ton PMT, 965 ton bit\u00fcml\u00fc temel, 69 ton binder ve 3730 ton a\u015f\u0131nma asfalt i\u015flemi yap\u0131ld\u0131. Toplamda 8.868 ton malzeme imalat\u0131 ger\u00e7ekle\u015ftirilirken, ya\u011fmursuyu deplasesi i\u00e7in toplamda 25 taban ve \u0131zgaradan olu\u015fan imalat yap\u0131ld\u0131.<br \/>\nKaz\u0131 dolgu \u00e7al\u0131\u015fmas\u0131 kapsam\u0131nda ise 16 bin metrek\u00fcp kaz\u0131, 23 bin 375 ton alt temel dolgu serme s\u0131k\u0131\u015ft\u0131rma, 1250 metre ayd\u0131nlatma hatt\u0131, 30 adet ayd\u0131nlatma dire\u011fi, 3 adet elektrik panosu i\u015flemi yap\u0131l\u0131rken, bord\u00fcr-tretuvar \u00e7al\u0131\u015fmalar\u0131 kapsam\u0131nda 2300 metre bord\u00fcr, 3250 metrekare parke d\u00f6\u015fenmesi, 245 metrek\u00fcp beton i\u015flemi yap\u0131ld\u0131.<br \/>\nTrafik \u015eube M\u00fcd\u00fcrl\u00fc\u011f\u00fc ekipleri taraf\u0131ndan Acemler-So\u011fukkuyu aras\u0131 \u0130zmir istikametinde 16 adet \u2018Y\u00f6nlendirme Oku\u2019 uygulamas\u0131yla birlikte 4 adet \u2018Mudanya\u2019 ve 12 adet \u2018\u0130zmir\u2019 y\u00f6nlendirme \u015fablonu uygulamas\u0131, 2,1 kilometre orta \u00e7izgi ve 1,4 kilometre kenar \u00e7izgi \u00e7al\u0131\u015fmas\u0131 ger\u00e7ekle\u015ftirildi. \u0130zmir istikameti gidi\u015f y\u00f6n\u00fcnde 2,4 kilometre orta \u00e7izgi ve 4,6 kilometre kenar \u00e7izgi \u00e7al\u0131\u015fmas\u0131 yap\u0131ld\u0131.<\/p>\n<p>\u201cYATIRIMLARIMIZI ARALIKSIZ S\u00dcRD\u00dcRECE\u011e\u0130Z\u201d<br \/>\nBursa B\u00fcy\u00fck\u015fehir Belediye Ba\u015fkan\u0131 Mustafa Bozbey, kentin en b\u00fcy\u00fck sorunlar\u0131ndan birisinin trafik ve ula\u015f\u0131m oldu\u011funu belirterek bu y\u00f6nde bilimsel \u00e7al\u0131\u015fmalar \u0131\u015f\u0131\u011f\u0131nda \u00f6nemli ad\u0131mlar att\u0131klar\u0131n\u0131 s\u00f6yledi.<br \/>\nBursa ula\u015f\u0131m\u0131n\u0131n can damar\u0131 olan Acemler\u2019deki trafik s\u0131k\u0131\u015f\u0131kl\u0131\u011f\u0131n\u0131 gidermek i\u00e7in bir s\u00fcre \u00f6nce ba\u015flatt\u0131klar\u0131 \u00e7al\u0131\u015fmalar\u0131n tamamland\u0131\u011f\u0131n\u0131 dile getiren Ba\u015fkan Bozbey, \u201c\u00c7al\u0131\u015fmalar\u0131n tamamlanmas\u0131yla yol g\u00fczergahlar\u0131 birbirinden tamamen ayr\u0131ld\u0131. Acemler \u0130stasyonu ve BUSK\u0130 binas\u0131 \u00f6n\u00fcnden itibaren sol 3 \u015feritten \u0130zmir istikametine, sa\u011f \u015feritlerden ise Mudanya ve H\u00fcrriyet\u2019e kesintisiz ula\u015f\u0131m sa\u011flanabiliyor. S\u00fcr\u00fcc\u00fcler, So\u011fukkuyu \u00e7\u0131k\u0131\u015f\u0131n\u0131n devam\u0131nda Mudanya ve Nil\u00fcfer g\u00fczergahlar\u0131na devam edebiliyor. Bu \u00e7al\u0131\u015fmayla b\u00f6lgedeki trafi\u011fin rahatlad\u0131\u011f\u0131n\u0131 ve s\u0131k\u0131\u015f\u0131kl\u0131\u011f\u0131n b\u00fcy\u00fck \u00f6l\u00e7\u00fcde \u00f6nlendi\u011fini s\u00f6yleyebiliriz. Ula\u015f\u0131m konusunda yat\u0131r\u0131mlar\u0131m\u0131z\u0131 aral\u0131ks\u0131z s\u00fcrd\u00fcrece\u011fiz.\u201d dedi.<\/p>\n<p>\u200bBursa B\u00fcy\u00fck\u015fehir Belediyesi, Acemler\u2019deki ilave \u015ferit \u00e7al\u0131\u015fmalar\u0131n\u0131 tamamlayarak vatanda\u015flar\u0131n hizmetine sundu. B\u00f6ylelikle, Acemler \u0130stasyonu ve BUSK\u0130 binas\u0131 \u00f6n\u00fcnden itibaren sol 3 \u015feritten \u0130zmir istikametine, sa\u011f \u015feritlerden ise Mudanya ve H\u00fcrriyet taraf\u0131na kesintisiz ula\u015f\u0131m sa\u011flan\u0131rken, b\u00f6lgedeki yo\u011funluk da b\u00fcy\u00fck \u00f6l\u00e7\u00fcde giderildi.BURSA (\u0130GFA) &#8211; Bursa\u2019n\u0131n daha ya\u015fanabilir kent olmas\u0131 ve daha konforlu bir ula\u015f\u0131m a\u011f\u0131na kavu\u015fmas\u0131 i\u00e7in bir\u00e7ok projeyi hayata ge\u00e7iren B\u00fcy\u00fck\u015fehir Belediyesi, kent i\u00e7i trafi\u011fin d\u00fc\u011f\u00fcm noktalar\u0131ndan olan Acemler\u2019de \u00f6nemli bir \u00e7al\u0131\u015fmay\u0131 tamamlad\u0131.<br \/>\nUla\u015f\u0131m Dairesi Ba\u015fkanl\u0131\u011f\u0131 taraf\u0131ndan Bursa \u0130zmir Karayolu Acemler Kav\u015fa\u011f\u0131 ile Mudanya Kav\u015fa\u011f\u0131 aras\u0131ndaki So\u011fukkuyu kav\u015fak b\u00f6lgesinde y\u00fcr\u00fct\u00fclen yol geni\u015fletme ve bord\u00fcr d\u00fczenleme \u00e7al\u0131\u015fmalar\u0131 bitirildi. \u00c7al\u0131\u015fmalarda 50\u2019ye yak\u0131n i\u015f makinesi g\u00f6rev al\u0131rken, asfalt \u00e7al\u0131\u015fmalar\u0131 kapsam\u0131nda 1523 ton frezeleme, 933 ton dolgu, 608 ton alt temel, 2496 ton PMT, 965 ton bit\u00fcml\u00fc temel, 69 ton binder ve 3730 ton a\u015f\u0131nma asfalt i\u015flemi yap\u0131ld\u0131. Toplamda 8.868 ton malzeme imalat\u0131 ger\u00e7ekle\u015ftirilirken, ya\u011fmursuyu deplasesi i\u00e7in toplamda 25 taban ve \u0131zgaradan olu\u015fan imalat yap\u0131ld\u0131.<br \/>\nKaz\u0131 dolgu \u00e7al\u0131\u015fmas\u0131 kapsam\u0131nda ise 16 bin metrek\u00fcp kaz\u0131, 23 bin 375 ton alt temel dolgu serme s\u0131k\u0131\u015ft\u0131rma, 1250 metre ayd\u0131nlatma hatt\u0131, 30 adet ayd\u0131nlatma dire\u011fi, 3 adet elektrik panosu i\u015flemi yap\u0131l\u0131rken, bord\u00fcr-tretuvar \u00e7al\u0131\u015fmalar\u0131 kapsam\u0131nda 2300 metre bord\u00fcr, 3250 metrekare parke d\u00f6\u015fenmesi, 245 metrek\u00fcp beton i\u015flemi yap\u0131ld\u0131.<br \/>\nTrafik \u015eube M\u00fcd\u00fcrl\u00fc\u011f\u00fc ekipleri taraf\u0131ndan Acemler-So\u011fukkuyu aras\u0131 \u0130zmir istikametinde 16 adet \u2018Y\u00f6nlendirme Oku\u2019 uygulamas\u0131yla birlikte 4 adet \u2018Mudanya\u2019 ve 12 adet \u2018\u0130zmir\u2019 y\u00f6nlendirme \u015fablonu uygulamas\u0131, 2,1 kilometre orta \u00e7izgi ve 1,4 kilometre kenar \u00e7izgi \u00e7al\u0131\u015fmas\u0131 ger\u00e7ekle\u015ftirildi. \u0130zmir istikameti gidi\u015f y\u00f6n\u00fcnde 2,4 kilometre orta \u00e7izgi ve 4,6 kilometre kenar \u00e7izgi \u00e7al\u0131\u015fmas\u0131 yap\u0131ld\u0131.<\/p>\n<p>\u201cYATIRIMLARIMIZI ARALIKSIZ S\u00dcRD\u00dcRECE\u011e\u0130Z\u201d<br \/>\nBursa B\u00fcy\u00fck\u015fehir Belediye Ba\u015fkan\u0131 Mustafa Bozbey, kentin en b\u00fcy\u00fck sorunlar\u0131ndan birisinin trafik ve ula\u015f\u0131m oldu\u011funu belirterek bu y\u00f6nde bilimsel \u00e7al\u0131\u015fmalar \u0131\u015f\u0131\u011f\u0131nda \u00f6nemli ad\u0131mlar att\u0131klar\u0131n\u0131 s\u00f6yledi.<br \/>\nBursa ula\u015f\u0131m\u0131n\u0131n can damar\u0131 olan Acemler\u2019deki trafik s\u0131k\u0131\u015f\u0131kl\u0131\u011f\u0131n\u0131 gidermek i\u00e7in bir s\u00fcre \u00f6nce ba\u015flatt\u0131klar\u0131 \u00e7al\u0131\u015fmalar\u0131n tamamland\u0131\u011f\u0131n\u0131 dile getiren Ba\u015fkan Bozbey, \u201c\u00c7al\u0131\u015fmalar\u0131n tamamlanmas\u0131yla yol g\u00fczergahlar\u0131 birbirinden tamamen ayr\u0131ld\u0131. Acemler \u0130stasyonu ve BUSK\u0130 binas\u0131 \u00f6n\u00fcnden itibaren sol 3 \u015feritten \u0130zmir istikametine, sa\u011f \u015feritlerden ise Mudanya ve H\u00fcrriyet\u2019e kesintisiz ula\u015f\u0131m sa\u011flanabiliyor. S\u00fcr\u00fcc\u00fcler, So\u011fukkuyu \u00e7\u0131k\u0131\u015f\u0131n\u0131n devam\u0131nda Mudanya ve Nil\u00fcfer g\u00fczergahlar\u0131na devam edebiliyor. Bu \u00e7al\u0131\u015fmayla b\u00f6lgedeki trafi\u011fin rahatlad\u0131\u011f\u0131n\u0131 ve s\u0131k\u0131\u015f\u0131kl\u0131\u011f\u0131n b\u00fcy\u00fck \u00f6l\u00e7\u00fcde \u00f6nlendi\u011fini s\u00f6yleyebiliriz. Ula\u015f\u0131m konusunda yat\u0131r\u0131mlar\u0131m\u0131z\u0131 aral\u0131ks\u0131z s\u00fcrd\u00fcrece\u011fiz.\u201d dedi.\u00a0<\/p>\n<p>\u200bHaberin Al\u0131nt\u0131land\u0131\u011f\u0131 Kaynak: www.iskenderun.org<\/p>","protected":false},"excerpt":{"rendered":"<p>Bursa B\u00fcy\u00fck\u015fehir Belediyesi, Acemler\u2019deki ilave \u015ferit \u00e7al\u0131\u015fmalar\u0131n\u0131 tamamlayarak vatanda\u015flar\u0131n hizmetine sundu. B\u00f6ylelikle, Acemler \u0130stasyonu ve BUSK\u0130 binas\u0131 \u00f6n\u00fcnden itibaren sol 3 \u015feritten \u0130zmir istikametine, sa\u011f \u015feritlerden ise Mudanya ve H\u00fcrriyet taraf\u0131na kesintisiz ula\u015f\u0131m sa\u011flan\u0131rken, b\u00f6lgedeki yo\u011funluk da b\u00fcy\u00fck \u00f6l\u00e7\u00fcde giderildi.BURSA (\u0130GFA) &#8211; Bursa\u2019n\u0131n daha ya\u015fanabilir kent olmas\u0131 ve daha konforlu bir ula\u015f\u0131m a\u011f\u0131na kavu\u015fmas\u0131 i\u00e7in bir\u00e7ok projeyi hayata ge\u00e7iren B\u00fcy\u00fck\u015fehir Belediyesi, kent i\u00e7i trafi\u011fin d\u00fc\u011f\u00fcm noktalar\u0131ndan olan Acemler\u2019de \u00f6nemli bir \u00e7al\u0131\u015fmay\u0131 tamamlad\u0131. Ula\u015f\u0131m Dairesi Ba\u015fkanl\u0131\u011f\u0131 taraf\u0131ndan Bursa \u0130zmir Karayolu Acemler Kav\u015fa\u011f\u0131 ile Mudanya Kav\u015fa\u011f\u0131 aras\u0131ndaki So\u011fukkuyu kav\u015fak b\u00f6lgesinde y\u00fcr\u00fct\u00fclen yol geni\u015fletme ve bord\u00fcr d\u00fczenleme \u00e7al\u0131\u015fmalar\u0131 bitirildi. \u00c7al\u0131\u015fmalarda 50\u2019ye yak\u0131n i\u015f makinesi g\u00f6rev al\u0131rken, asfalt \u00e7al\u0131\u015fmalar\u0131 kapsam\u0131nda 1523 ton frezeleme, 933 ton dolgu, 608 ton alt temel, 2496 ton PMT, 965 ton bit\u00fcml\u00fc temel, 69 ton binder ve 3730 ton a\u015f\u0131nma asfalt i\u015flemi yap\u0131ld\u0131. Toplamda 8.868 ton malzeme imalat\u0131 ger\u00e7ekle\u015ftirilirken, ya\u011fmursuyu deplasesi i\u00e7in toplamda 25 taban ve \u0131zgaradan olu\u015fan imalat yap\u0131ld\u0131. Kaz\u0131 dolgu \u00e7al\u0131\u015fmas\u0131 kapsam\u0131nda ise 16 bin metrek\u00fcp kaz\u0131, 23 bin 375 ton alt temel dolgu serme s\u0131k\u0131\u015ft\u0131rma, 1250 metre ayd\u0131nlatma hatt\u0131, 30 adet ayd\u0131nlatma dire\u011fi, 3 adet elektrik panosu i\u015flemi yap\u0131l\u0131rken, bord\u00fcr-tretuvar \u00e7al\u0131\u015fmalar\u0131 kapsam\u0131nda 2300 metre bord\u00fcr, 3250 metrekare parke d\u00f6\u015fenmesi, 245 metrek\u00fcp beton i\u015flemi yap\u0131ld\u0131. Trafik \u015eube M\u00fcd\u00fcrl\u00fc\u011f\u00fc &hellip;<\/p>","protected":false},"author":1,"featured_media":0,"comment_status":"open","ping_status":"open","sticky":false,"template":"","format":"standard","meta":{"_acf_changed":false,"footnotes":""},"categories":[24],"tags":[],"class_list":["post-34688","post","type-post","status-publish","format-standard","has-post-thumbnail","hentry","category-gundem"],"acf":[],"yoast_head":"<!-- This site is optimized with the Yoast SEO Premium plugin v26.6 (Yoast SEO v27.1.1) - https:\/\/yoast.com\/product\/yoast-seo-premium-wordpress\/ -->\n<title>Bursa ula\u015f\u0131m\u0131na nefes ald\u0131racak \u00e7al\u0131\u015fma tamamland\u0131 - Av. Deniz Can K\u0131z\u0131l<\/title>\n<meta name=\"robots\" content=\"index, follow, max-snippet:-1, max-image-preview:large, max-video-preview:-1\" \/>\n<link rel=\"canonical\" href=\"https:\/\/denizcankizil.tr\/de\/haberler\/gundem\/bursa-ulasimina-nefes-aldiracak-calisma-tamamlandi\/\" \/>\n<meta property=\"og:locale\" content=\"de_DE\" \/>\n<meta property=\"og:type\" content=\"article\" \/>\n<meta property=\"og:title\" content=\"Bursa ula\u015f\u0131m\u0131na nefes ald\u0131racak \u00e7al\u0131\u015fma tamamland\u0131\" \/>\n<meta property=\"og:description\" content=\"Bursa B\u00fcy\u00fck\u015fehir Belediyesi, Acemler\u2019deki ilave \u015ferit \u00e7al\u0131\u015fmalar\u0131n\u0131 tamamlayarak vatanda\u015flar\u0131n hizmetine sundu. B\u00f6ylelikle, Acemler \u0130stasyonu ve BUSK\u0130 binas\u0131 \u00f6n\u00fcnden itibaren sol 3 \u015feritten \u0130zmir istikametine, sa\u011f \u015feritlerden ise Mudanya ve H\u00fcrriyet taraf\u0131na kesintisiz ula\u015f\u0131m sa\u011flan\u0131rken, b\u00f6lgedeki yo\u011funluk da b\u00fcy\u00fck \u00f6l\u00e7\u00fcde giderildi.BURSA (\u0130GFA) &#8211; Bursa\u2019n\u0131n daha ya\u015fanabilir kent olmas\u0131 ve daha konforlu bir ula\u015f\u0131m a\u011f\u0131na kavu\u015fmas\u0131 i\u00e7in bir\u00e7ok projeyi hayata ge\u00e7iren B\u00fcy\u00fck\u015fehir Belediyesi, kent i\u00e7i trafi\u011fin d\u00fc\u011f\u00fcm noktalar\u0131ndan olan Acemler\u2019de \u00f6nemli bir \u00e7al\u0131\u015fmay\u0131 tamamlad\u0131. Ula\u015f\u0131m Dairesi Ba\u015fkanl\u0131\u011f\u0131 taraf\u0131ndan Bursa \u0130zmir Karayolu Acemler Kav\u015fa\u011f\u0131 ile Mudanya Kav\u015fa\u011f\u0131 aras\u0131ndaki So\u011fukkuyu kav\u015fak b\u00f6lgesinde y\u00fcr\u00fct\u00fclen yol geni\u015fletme ve bord\u00fcr d\u00fczenleme \u00e7al\u0131\u015fmalar\u0131 bitirildi. \u00c7al\u0131\u015fmalarda 50\u2019ye yak\u0131n i\u015f makinesi g\u00f6rev al\u0131rken, asfalt \u00e7al\u0131\u015fmalar\u0131 kapsam\u0131nda 1523 ton frezeleme, 933 ton dolgu, 608 ton alt temel, 2496 ton PMT, 965 ton bit\u00fcml\u00fc temel, 69 ton binder ve 3730 ton a\u015f\u0131nma asfalt i\u015flemi yap\u0131ld\u0131. Toplamda 8.868 ton malzeme imalat\u0131 ger\u00e7ekle\u015ftirilirken, ya\u011fmursuyu deplasesi i\u00e7in toplamda 25 taban ve \u0131zgaradan olu\u015fan imalat yap\u0131ld\u0131. Kaz\u0131 dolgu \u00e7al\u0131\u015fmas\u0131 kapsam\u0131nda ise 16 bin metrek\u00fcp kaz\u0131, 23 bin 375 ton alt temel dolgu serme s\u0131k\u0131\u015ft\u0131rma, 1250 metre ayd\u0131nlatma hatt\u0131, 30 adet ayd\u0131nlatma dire\u011fi, 3 adet elektrik panosu i\u015flemi yap\u0131l\u0131rken, bord\u00fcr-tretuvar \u00e7al\u0131\u015fmalar\u0131 kapsam\u0131nda 2300 metre bord\u00fcr, 3250 metrekare parke d\u00f6\u015fenmesi, 245 metrek\u00fcp beton i\u015flemi yap\u0131ld\u0131. Trafik \u015eube M\u00fcd\u00fcrl\u00fc\u011f\u00fc &hellip;\" \/>\n<meta property=\"og:url\" content=\"https:\/\/denizcankizil.tr\/de\/haberler\/gundem\/bursa-ulasimina-nefes-aldiracak-calisma-tamamlandi\/\" \/>\n<meta property=\"og:site_name\" content=\"Av. Deniz Can K\u0131z\u0131l\" \/>\n<meta property=\"article:published_time\" content=\"2025-03-04T14:41:31+00:00\" \/>\n<meta name=\"author\" content=\"admin\" \/>\n<meta name=\"twitter:card\" content=\"summary_large_image\" \/>\n<meta name=\"twitter:label1\" content=\"Verfasst von\" \/>\n\t<meta name=\"twitter:data1\" content=\"admin\" \/>\n\t<meta name=\"twitter:label2\" content=\"Gesch\u00e4tzte Lesezeit\" \/>\n\t<meta name=\"twitter:data2\" content=\"5\u00a0Minuten\" \/>\n<script type=\"application\/ld+json\" class=\"yoast-schema-graph\">{\"@context\":\"https:\/\/schema.org\",\"@graph\":[{\"@type\":\"Article\",\"@id\":\"https:\/\/denizcankizil.tr\/ru\/haberler\/gundem\/bursa-ulasimina-nefes-aldiracak-calisma-tamamlandi\/#article\",\"isPartOf\":{\"@id\":\"https:\/\/denizcankizil.tr\/ru\/haberler\/gundem\/bursa-ulasimina-nefes-aldiracak-calisma-tamamlandi\/\"},\"author\":{\"name\":\"admin\",\"@id\":\"https:\/\/denizcankizil.tr\/de\/#\/schema\/person\/be3c05fe6a12686905512445d8185489\"},\"headline\":\"Bursa ula\u015f\u0131m\u0131na nefes ald\u0131racak \u00e7al\u0131\u015fma tamamland\u0131\",\"datePublished\":\"2025-03-04T14:41:31+00:00\",\"mainEntityOfPage\":{\"@id\":\"https:\/\/denizcankizil.tr\/ru\/haberler\/gundem\/bursa-ulasimina-nefes-aldiracak-calisma-tamamlandi\/\"},\"wordCount\":1026,\"commentCount\":0,\"publisher\":{\"@id\":\"https:\/\/denizcankizil.tr\/de\/#organization\"},\"articleSection\":[\"G\u00fcndem\"],\"inLanguage\":\"de\",\"potentialAction\":[{\"@type\":\"CommentAction\",\"name\":\"Comment\",\"target\":[\"https:\/\/denizcankizil.tr\/ru\/haberler\/gundem\/bursa-ulasimina-nefes-aldiracak-calisma-tamamlandi\/#respond\"]}]},{\"@type\":\"WebPage\",\"@id\":\"https:\/\/denizcankizil.tr\/ru\/haberler\/gundem\/bursa-ulasimina-nefes-aldiracak-calisma-tamamlandi\/\",\"url\":\"https:\/\/denizcankizil.tr\/ru\/haberler\/gundem\/bursa-ulasimina-nefes-aldiracak-calisma-tamamlandi\/\",\"name\":\"Bursa ula\u015f\u0131m\u0131na nefes ald\u0131racak \u00e7al\u0131\u015fma tamamland\u0131 - Av. Deniz Can K\u0131z\u0131l\",\"isPartOf\":{\"@id\":\"https:\/\/denizcankizil.tr\/de\/#website\"},\"datePublished\":\"2025-03-04T14:41:31+00:00\",\"breadcrumb\":{\"@id\":\"https:\/\/denizcankizil.tr\/ru\/haberler\/gundem\/bursa-ulasimina-nefes-aldiracak-calisma-tamamlandi\/#breadcrumb\"},\"inLanguage\":\"de\",\"potentialAction\":[{\"@type\":\"ReadAction\",\"target\":[\"https:\/\/denizcankizil.tr\/ru\/haberler\/gundem\/bursa-ulasimina-nefes-aldiracak-calisma-tamamlandi\/\"]}]},{\"@type\":\"BreadcrumbList\",\"@id\":\"https:\/\/denizcankizil.tr\/ru\/haberler\/gundem\/bursa-ulasimina-nefes-aldiracak-calisma-tamamlandi\/#breadcrumb\",\"itemListElement\":[{\"@type\":\"ListItem\",\"position\":1,\"name\":\"Home\",\"item\":\"https:\/\/denizcankizil.tr\/de\/\"},{\"@type\":\"ListItem\",\"position\":2,\"name\":\"Bursa ula\u015f\u0131m\u0131na nefes ald\u0131racak \u00e7al\u0131\u015fma tamamland\u0131\"}]},{\"@type\":\"WebSite\",\"@id\":\"https:\/\/denizcankizil.tr\/de\/#website\",\"url\":\"https:\/\/denizcankizil.tr\/de\/\",\"name\":\"Av. Deniz Can K\u0131z\u0131l\",\"description\":\"Avukat Deniz Can K\u0131z\u0131l Antalya Barosu\",\"publisher\":{\"@id\":\"https:\/\/denizcankizil.tr\/de\/#organization\"},\"potentialAction\":[{\"@type\":\"SearchAction\",\"target\":{\"@type\":\"EntryPoint\",\"urlTemplate\":\"https:\/\/denizcankizil.tr\/de\/?s={search_term_string}\"},\"query-input\":{\"@type\":\"PropertyValueSpecification\",\"valueRequired\":true,\"valueName\":\"search_term_string\"}}],\"inLanguage\":\"de\"},{\"@type\":\"Organization\",\"@id\":\"https:\/\/denizcankizil.tr\/de\/#organization\",\"name\":\"Av. Deniz Can K\u0131z\u0131l\",\"url\":\"https:\/\/denizcankizil.tr\/de\/\",\"logo\":{\"@type\":\"ImageObject\",\"inLanguage\":\"de\",\"@id\":\"https:\/\/denizcankizil.tr\/de\/#\/schema\/logo\/image\/\",\"url\":\"https:\/\/denizcankizil.tr\/wp-content\/uploads\/2024\/10\/siyah-logo-svg.svg\",\"contentUrl\":\"https:\/\/denizcankizil.tr\/wp-content\/uploads\/2024\/10\/siyah-logo-svg.svg\",\"width\":1080,\"height\":1080,\"caption\":\"Av. Deniz Can K\u0131z\u0131l\"},\"image\":{\"@id\":\"https:\/\/denizcankizil.tr\/de\/#\/schema\/logo\/image\/\"}},{\"@type\":\"Person\",\"@id\":\"https:\/\/denizcankizil.tr\/de\/#\/schema\/person\/be3c05fe6a12686905512445d8185489\",\"name\":\"admin\",\"image\":{\"@type\":\"ImageObject\",\"inLanguage\":\"de\",\"@id\":\"https:\/\/denizcankizil.tr\/de\/#\/schema\/person\/image\/\",\"url\":\"https:\/\/secure.gravatar.com\/avatar\/c1fce94c830dc79107e174f890d7210541c4a63e8e5d816341794a2151c9d58c?s=96&d=mm&r=g\",\"contentUrl\":\"https:\/\/secure.gravatar.com\/avatar\/c1fce94c830dc79107e174f890d7210541c4a63e8e5d816341794a2151c9d58c?s=96&d=mm&r=g\",\"caption\":\"admin\"},\"sameAs\":[\"http:\/\/denizcankizil.tr\"],\"url\":\"https:\/\/www.iskenderun.org\/bursa-ulasimina-nefes-aldiracak-calisma-tamamlandi\"}]}<\/script>\n<!-- \/ Yoast SEO Premium plugin. -->","yoast_head_json":{"title":"Bursa ula\u015f\u0131m\u0131na nefes ald\u0131racak \u00e7al\u0131\u015fma tamamland\u0131 - Av. Deniz Can K\u0131z\u0131l","robots":{"index":"index","follow":"follow","max-snippet":"max-snippet:-1","max-image-preview":"max-image-preview:large","max-video-preview":"max-video-preview:-1"},"canonical":"https:\/\/denizcankizil.tr\/de\/haberler\/gundem\/bursa-ulasimina-nefes-aldiracak-calisma-tamamlandi\/","og_locale":"de_DE","og_type":"article","og_title":"Bursa ula\u015f\u0131m\u0131na nefes ald\u0131racak \u00e7al\u0131\u015fma tamamland\u0131","og_description":"Bursa B\u00fcy\u00fck\u015fehir Belediyesi, Acemler\u2019deki ilave \u015ferit \u00e7al\u0131\u015fmalar\u0131n\u0131 tamamlayarak vatanda\u015flar\u0131n hizmetine sundu. B\u00f6ylelikle, Acemler \u0130stasyonu ve BUSK\u0130 binas\u0131 \u00f6n\u00fcnden itibaren sol 3 \u015feritten \u0130zmir istikametine, sa\u011f \u015feritlerden ise Mudanya ve H\u00fcrriyet taraf\u0131na kesintisiz ula\u015f\u0131m sa\u011flan\u0131rken, b\u00f6lgedeki yo\u011funluk da b\u00fcy\u00fck \u00f6l\u00e7\u00fcde giderildi.BURSA (\u0130GFA) &#8211; Bursa\u2019n\u0131n daha ya\u015fanabilir kent olmas\u0131 ve daha konforlu bir ula\u015f\u0131m a\u011f\u0131na kavu\u015fmas\u0131 i\u00e7in bir\u00e7ok projeyi hayata ge\u00e7iren B\u00fcy\u00fck\u015fehir Belediyesi, kent i\u00e7i trafi\u011fin d\u00fc\u011f\u00fcm noktalar\u0131ndan olan Acemler\u2019de \u00f6nemli bir \u00e7al\u0131\u015fmay\u0131 tamamlad\u0131. Ula\u015f\u0131m Dairesi Ba\u015fkanl\u0131\u011f\u0131 taraf\u0131ndan Bursa \u0130zmir Karayolu Acemler Kav\u015fa\u011f\u0131 ile Mudanya Kav\u015fa\u011f\u0131 aras\u0131ndaki So\u011fukkuyu kav\u015fak b\u00f6lgesinde y\u00fcr\u00fct\u00fclen yol geni\u015fletme ve bord\u00fcr d\u00fczenleme \u00e7al\u0131\u015fmalar\u0131 bitirildi. \u00c7al\u0131\u015fmalarda 50\u2019ye yak\u0131n i\u015f makinesi g\u00f6rev al\u0131rken, asfalt \u00e7al\u0131\u015fmalar\u0131 kapsam\u0131nda 1523 ton frezeleme, 933 ton dolgu, 608 ton alt temel, 2496 ton PMT, 965 ton bit\u00fcml\u00fc temel, 69 ton binder ve 3730 ton a\u015f\u0131nma asfalt i\u015flemi yap\u0131ld\u0131. Toplamda 8.868 ton malzeme imalat\u0131 ger\u00e7ekle\u015ftirilirken, ya\u011fmursuyu deplasesi i\u00e7in toplamda 25 taban ve \u0131zgaradan olu\u015fan imalat yap\u0131ld\u0131. Kaz\u0131 dolgu \u00e7al\u0131\u015fmas\u0131 kapsam\u0131nda ise 16 bin metrek\u00fcp kaz\u0131, 23 bin 375 ton alt temel dolgu serme s\u0131k\u0131\u015ft\u0131rma, 1250 metre ayd\u0131nlatma hatt\u0131, 30 adet ayd\u0131nlatma dire\u011fi, 3 adet elektrik panosu i\u015flemi yap\u0131l\u0131rken, bord\u00fcr-tretuvar \u00e7al\u0131\u015fmalar\u0131 kapsam\u0131nda 2300 metre bord\u00fcr, 3250 metrekare parke d\u00f6\u015fenmesi, 245 metrek\u00fcp beton i\u015flemi yap\u0131ld\u0131. Trafik \u015eube M\u00fcd\u00fcrl\u00fc\u011f\u00fc &hellip;","og_url":"https:\/\/denizcankizil.tr\/de\/haberler\/gundem\/bursa-ulasimina-nefes-aldiracak-calisma-tamamlandi\/","og_site_name":"Av. Deniz Can K\u0131z\u0131l","article_published_time":"2025-03-04T14:41:31+00:00","author":"admin","twitter_card":"summary_large_image","twitter_misc":{"Verfasst von":"admin","Gesch\u00e4tzte Lesezeit":"5\u00a0Minuten"},"schema":{"@context":"https:\/\/schema.org","@graph":[{"@type":"Article","@id":"https:\/\/denizcankizil.tr\/ru\/haberler\/gundem\/bursa-ulasimina-nefes-aldiracak-calisma-tamamlandi\/#article","isPartOf":{"@id":"https:\/\/denizcankizil.tr\/ru\/haberler\/gundem\/bursa-ulasimina-nefes-aldiracak-calisma-tamamlandi\/"},"author":{"name":"admin","@id":"https:\/\/denizcankizil.tr\/de\/#\/schema\/person\/be3c05fe6a12686905512445d8185489"},"headline":"Bursa ula\u015f\u0131m\u0131na nefes ald\u0131racak \u00e7al\u0131\u015fma tamamland\u0131","datePublished":"2025-03-04T14:41:31+00:00","mainEntityOfPage":{"@id":"https:\/\/denizcankizil.tr\/ru\/haberler\/gundem\/bursa-ulasimina-nefes-aldiracak-calisma-tamamlandi\/"},"wordCount":1026,"commentCount":0,"publisher":{"@id":"https:\/\/denizcankizil.tr\/de\/#organization"},"articleSection":["G\u00fcndem"],"inLanguage":"de","potentialAction":[{"@type":"CommentAction","name":"Comment","target":["https:\/\/denizcankizil.tr\/ru\/haberler\/gundem\/bursa-ulasimina-nefes-aldiracak-calisma-tamamlandi\/#respond"]}]},{"@type":"WebPage","@id":"https:\/\/denizcankizil.tr\/ru\/haberler\/gundem\/bursa-ulasimina-nefes-aldiracak-calisma-tamamlandi\/","url":"https:\/\/denizcankizil.tr\/ru\/haberler\/gundem\/bursa-ulasimina-nefes-aldiracak-calisma-tamamlandi\/","name":"Bursa ula\u015f\u0131m\u0131na nefes ald\u0131racak \u00e7al\u0131\u015fma tamamland\u0131 - Av. Deniz Can K\u0131z\u0131l","isPartOf":{"@id":"https:\/\/denizcankizil.tr\/de\/#website"},"datePublished":"2025-03-04T14:41:31+00:00","breadcrumb":{"@id":"https:\/\/denizcankizil.tr\/ru\/haberler\/gundem\/bursa-ulasimina-nefes-aldiracak-calisma-tamamlandi\/#breadcrumb"},"inLanguage":"de","potentialAction":[{"@type":"ReadAction","target":["https:\/\/denizcankizil.tr\/ru\/haberler\/gundem\/bursa-ulasimina-nefes-aldiracak-calisma-tamamlandi\/"]}]},{"@type":"BreadcrumbList","@id":"https:\/\/denizcankizil.tr\/ru\/haberler\/gundem\/bursa-ulasimina-nefes-aldiracak-calisma-tamamlandi\/#breadcrumb","itemListElement":[{"@type":"ListItem","position":1,"name":"Home","item":"https:\/\/denizcankizil.tr\/de\/"},{"@type":"ListItem","position":2,"name":"Bursa ula\u015f\u0131m\u0131na nefes ald\u0131racak \u00e7al\u0131\u015fma tamamland\u0131"}]},{"@type":"WebSite","@id":"https:\/\/denizcankizil.tr\/de\/#website","url":"https:\/\/denizcankizil.tr\/de\/","name":"Av. Deniz Can K\u0131z\u0131l","description":"Avukat Deniz Can K\u0131z\u0131l Antalya Barosu","publisher":{"@id":"https:\/\/denizcankizil.tr\/de\/#organization"},"potentialAction":[{"@type":"SearchAction","target":{"@type":"EntryPoint","urlTemplate":"https:\/\/denizcankizil.tr\/de\/?s={search_term_string}"},"query-input":{"@type":"PropertyValueSpecification","valueRequired":true,"valueName":"search_term_string"}}],"inLanguage":"de"},{"@type":"Organization","@id":"https:\/\/denizcankizil.tr\/de\/#organization","name":"Av. Deniz Can K\u0131z\u0131l","url":"https:\/\/denizcankizil.tr\/de\/","logo":{"@type":"ImageObject","inLanguage":"de","@id":"https:\/\/denizcankizil.tr\/de\/#\/schema\/logo\/image\/","url":"https:\/\/denizcankizil.tr\/wp-content\/uploads\/2024\/10\/siyah-logo-svg.svg","contentUrl":"https:\/\/denizcankizil.tr\/wp-content\/uploads\/2024\/10\/siyah-logo-svg.svg","width":1080,"height":1080,"caption":"Av. Deniz Can K\u0131z\u0131l"},"image":{"@id":"https:\/\/denizcankizil.tr\/de\/#\/schema\/logo\/image\/"}},{"@type":"Person","@id":"https:\/\/denizcankizil.tr\/de\/#\/schema\/person\/be3c05fe6a12686905512445d8185489","name":"Administrator","image":{"@type":"ImageObject","inLanguage":"de","@id":"https:\/\/denizcankizil.tr\/de\/#\/schema\/person\/image\/","url":"https:\/\/secure.gravatar.com\/avatar\/c1fce94c830dc79107e174f890d7210541c4a63e8e5d816341794a2151c9d58c?s=96&d=mm&r=g","contentUrl":"https:\/\/secure.gravatar.com\/avatar\/c1fce94c830dc79107e174f890d7210541c4a63e8e5d816341794a2151c9d58c?s=96&d=mm&r=g","caption":"admin"},"sameAs":["http:\/\/denizcankizil.tr"],"url":"https:\/\/www.iskenderun.org\/bursa-ulasimina-nefes-aldiracak-calisma-tamamlandi"}]}},"_links":{"self":[{"href":"https:\/\/denizcankizil.tr\/de\/wp-json\/wp\/v2\/posts\/34688","targetHints":{"allow":["GET"]}}],"collection":[{"href":"https:\/\/denizcankizil.tr\/de\/wp-json\/wp\/v2\/posts"}],"about":[{"href":"https:\/\/denizcankizil.tr\/de\/wp-json\/wp\/v2\/types\/post"}],"author":[{"embeddable":true,"href":"https:\/\/denizcankizil.tr\/de\/wp-json\/wp\/v2\/users\/1"}],"replies":[{"embeddable":true,"href":"https:\/\/denizcankizil.tr\/de\/wp-json\/wp\/v2\/comments?post=34688"}],"version-history":[{"count":0,"href":"https:\/\/denizcankizil.tr\/de\/wp-json\/wp\/v2\/posts\/34688\/revisions"}],"wp:attachment":[{"href":"https:\/\/denizcankizil.tr\/de\/wp-json\/wp\/v2\/media?parent=34688"}],"wp:term":[{"taxonomy":"category","embeddable":true,"href":"https:\/\/denizcankizil.tr\/de\/wp-json\/wp\/v2\/categories?post=34688"},{"taxonomy":"post_tag","embeddable":true,"href":"https:\/\/denizcankizil.tr\/de\/wp-json\/wp\/v2\/tags?post=34688"}],"curies":[{"name":"wp","href":"https:\/\/api.w.org\/{rel}","templated":true}]}}