{"id":34675,"date":"2025-03-04T15:41:19","date_gmt":"2025-03-04T12:41:19","guid":{"rendered":"https:\/\/denizcankizil.tr\/uncategorized-tr\/guneslenmek-icin-ciktigi-balkonda-olu-bulundu\/"},"modified":"2025-03-04T15:41:19","modified_gmt":"2025-03-04T12:41:19","slug":"guneslenmek-icin-ciktigi-balkonda-olu-bulundu","status":"publish","type":"post","link":"https:\/\/denizcankizil.tr\/de\/haberler\/antalya\/guneslenmek-icin-ciktigi-balkonda-olu-bulundu\/","title":{"rendered":"G\u00fcne\u015flenmek i\u00e7in \u00e7\u0131kt\u0131\u011f\u0131 balkonda \u00f6l\u00fc bulundu"},"content":{"rendered":"<p>Olay, saat 12.00 s\u0131ralar\u0131nda Muratpa\u015fa il\u00e7esi \u00dc\u00e7gen Mahallesi 104 sokak \u00fczerinde bulunan bir apartman\u0131n ikinci kat\u0131nda meydana geldi. Edinilen bilgiye g\u00f6re, 70 ya\u015f\u0131ndaki \u0130smail Kabaa\u011fa\u00e7 her sabah oldu\u011fu gibi temiz hava almak ve g\u00fcne\u015flenmek i\u00e7in day\u0131s\u0131 ile birlikte oturdu\u011fu dairenin balkonuna \u00e7\u0131kt\u0131. Sandalyeye oturan Kabaa\u011fa\u00e7&#8217;\u0131 \u00f6\u011flen saatlerinde kar\u015f\u0131 apartmanda oturan kom\u015fusu hareketsiz \u015fekilde g\u00f6rd\u00fc. Seslenmesine ra\u011fmen Kabaa\u011fa\u00e7&#8217;tan tepki alamayan kom\u015fusu durumu 112 Acil \u00c7a\u011fr\u0131 Merkezi&#8217;ne bildirdi. \u0130hbarla olay yerine sa\u011fl\u0131k ve polis ekipleri sevk edildi. Dairenin kap\u0131s\u0131n\u0131n kapal\u0131 olmas\u0131 nedeniyle olay yerine gelen polis ekipleri itfaiyeden destek istedi.<\/p>\n<p>Uyudu\u011funu sanan mahalle sakinleri a\u015fa\u011f\u0131dan seslendi<br \/>\nBu s\u0131rada olan biteni merakl\u0131 g\u00f6zlerle izleyen mahalle sakinleri sandalyede oturur vaziyetteki Kabaa\u011fa\u00e7&#8217;a seslenmeyi s\u00fcrd\u00fcrd\u00fc. \u0130tfaiye ekiplerin yard\u0131m\u0131 ile girilen dairenin balkonunda hareketsiz \u015fekildeki \u0130smail Kabaa\u011fa\u00e7&#8217;\u0131n hayat\u0131n\u0131 kaybetti\u011fi belirlendi. Adli tabip taraf\u0131ndan yap\u0131lan incelemede Kabaa\u011fa\u00e7&#8217;\u0131n kalp krizi nedeniyle vefat etti\u011fi belirlendi. Ya\u015fl\u0131 adam\u0131n her sabah g\u00fcne\u015flenmek i\u00e7in balkona \u00e7\u0131kt\u0131\u011f\u0131n\u0131 belirten apartman y\u00f6neticisi Ramazan Din\u00e7, &#8220;Kar\u015f\u0131 binadan kom\u015fular g\u00f6rm\u00fc\u015f. Polis arkada\u015flar geldi. Kom\u015fular zaten her sabah balkona \u00e7\u0131kar otururdu. Day\u0131s\u0131 ile birlikte kal\u0131yor, kendi halinde bir insand\u0131. En son d\u00fcn g\u00f6rd\u00fcm, marketten bir \u015feyler istedi. Ald\u0131m a\u015fa\u011f\u0131ya sepet sark\u0131tt\u0131, istediklerini verdim&#8221; dedi.<\/p>\n<p>Kaynak: www.kanalv.com.tr Haber Sitesinden Al\u0131nm\u0131\u015ft\u0131r.<\/p>","protected":false},"excerpt":{"rendered":"<p>Olay, saat 12.00 s\u0131ralar\u0131nda Muratpa\u015fa il\u00e7esi \u00dc\u00e7gen Mahallesi 104 sokak \u00fczerinde bulunan bir apartman\u0131n ikinci kat\u0131nda meydana geldi. Edinilen bilgiye g\u00f6re, 70 ya\u015f\u0131ndaki \u0130smail Kabaa\u011fa\u00e7 her sabah oldu\u011fu gibi temiz hava almak ve g\u00fcne\u015flenmek i\u00e7in day\u0131s\u0131 ile birlikte oturdu\u011fu dairenin balkonuna \u00e7\u0131kt\u0131. Sandalyeye oturan Kabaa\u011fa\u00e7&#8217;\u0131 \u00f6\u011flen saatlerinde kar\u015f\u0131 apartmanda oturan kom\u015fusu hareketsiz \u015fekilde g\u00f6rd\u00fc. Seslenmesine ra\u011fmen Kabaa\u011fa\u00e7&#8217;tan tepki alamayan kom\u015fusu durumu 112 Acil \u00c7a\u011fr\u0131 Merkezi&#8217;ne bildirdi. \u0130hbarla olay yerine sa\u011fl\u0131k ve polis ekipleri sevk edildi. Dairenin kap\u0131s\u0131n\u0131n kapal\u0131 olmas\u0131 nedeniyle olay yerine gelen polis ekipleri itfaiyeden destek istedi. Uyudu\u011funu sanan mahalle sakinleri a\u015fa\u011f\u0131dan seslendi Bu s\u0131rada olan biteni merakl\u0131 g\u00f6zlerle izleyen mahalle sakinleri sandalyede oturur vaziyetteki Kabaa\u011fa\u00e7&#8217;a seslenmeyi s\u00fcrd\u00fcrd\u00fc. \u0130tfaiye ekiplerin yard\u0131m\u0131 ile girilen dairenin balkonunda hareketsiz \u015fekildeki \u0130smail Kabaa\u011fa\u00e7&#8217;\u0131n hayat\u0131n\u0131 kaybetti\u011fi belirlendi. Adli tabip taraf\u0131ndan yap\u0131lan incelemede Kabaa\u011fa\u00e7&#8217;\u0131n kalp krizi nedeniyle vefat etti\u011fi belirlendi. Ya\u015fl\u0131 adam\u0131n her sabah g\u00fcne\u015flenmek i\u00e7in balkona \u00e7\u0131kt\u0131\u011f\u0131n\u0131 belirten apartman y\u00f6neticisi Ramazan Din\u00e7, &#8220;Kar\u015f\u0131 binadan kom\u015fular g\u00f6rm\u00fc\u015f. Polis arkada\u015flar geldi. Kom\u015fular zaten her sabah balkona \u00e7\u0131kar otururdu. Day\u0131s\u0131 ile birlikte kal\u0131yor, kendi halinde bir insand\u0131. En son d\u00fcn g\u00f6rd\u00fcm, marketten bir \u015feyler istedi. Ald\u0131m a\u015fa\u011f\u0131ya sepet sark\u0131tt\u0131, istediklerini verdim&#8221; dedi. Kaynak: www.kanalv.com.tr Haber Sitesinden Al\u0131nm\u0131\u015ft\u0131r.<\/p>","protected":false},"author":4,"featured_media":0,"comment_status":"open","ping_status":"open","sticky":false,"template":"","format":"standard","meta":{"_acf_changed":false,"footnotes":""},"categories":[26],"tags":[],"class_list":["post-34675","post","type-post","status-publish","format-standard","hentry","category-antalya"],"acf":[],"yoast_head":"<!-- This site is optimized with the Yoast SEO Premium plugin v26.6 (Yoast SEO v27.1.1) - https:\/\/yoast.com\/product\/yoast-seo-premium-wordpress\/ -->\n<title>G\u00fcne\u015flenmek i\u00e7in \u00e7\u0131kt\u0131\u011f\u0131 balkonda \u00f6l\u00fc bulundu - Av. Deniz Can K\u0131z\u0131l<\/title>\n<meta name=\"robots\" content=\"index, follow, max-snippet:-1, max-image-preview:large, max-video-preview:-1\" \/>\n<link rel=\"canonical\" href=\"https:\/\/denizcankizil.tr\/de\/haberler\/antalya\/guneslenmek-icin-ciktigi-balkonda-olu-bulundu\/\" \/>\n<meta property=\"og:locale\" content=\"de_DE\" \/>\n<meta property=\"og:type\" content=\"article\" \/>\n<meta property=\"og:title\" content=\"G\u00fcne\u015flenmek i\u00e7in \u00e7\u0131kt\u0131\u011f\u0131 balkonda \u00f6l\u00fc bulundu\" \/>\n<meta property=\"og:description\" content=\"Olay, saat 12.00 s\u0131ralar\u0131nda Muratpa\u015fa il\u00e7esi \u00dc\u00e7gen Mahallesi 104 sokak \u00fczerinde bulunan bir apartman\u0131n ikinci kat\u0131nda meydana geldi. Edinilen bilgiye g\u00f6re, 70 ya\u015f\u0131ndaki \u0130smail Kabaa\u011fa\u00e7 her sabah oldu\u011fu gibi temiz hava almak ve g\u00fcne\u015flenmek i\u00e7in day\u0131s\u0131 ile birlikte oturdu\u011fu dairenin balkonuna \u00e7\u0131kt\u0131. Sandalyeye oturan Kabaa\u011fa\u00e7&#8217;\u0131 \u00f6\u011flen saatlerinde kar\u015f\u0131 apartmanda oturan kom\u015fusu hareketsiz \u015fekilde g\u00f6rd\u00fc. Seslenmesine ra\u011fmen Kabaa\u011fa\u00e7&#8217;tan tepki alamayan kom\u015fusu durumu 112 Acil \u00c7a\u011fr\u0131 Merkezi&#8217;ne bildirdi. \u0130hbarla olay yerine sa\u011fl\u0131k ve polis ekipleri sevk edildi. Dairenin kap\u0131s\u0131n\u0131n kapal\u0131 olmas\u0131 nedeniyle olay yerine gelen polis ekipleri itfaiyeden destek istedi. Uyudu\u011funu sanan mahalle sakinleri a\u015fa\u011f\u0131dan seslendi Bu s\u0131rada olan biteni merakl\u0131 g\u00f6zlerle izleyen mahalle sakinleri sandalyede oturur vaziyetteki Kabaa\u011fa\u00e7&#8217;a seslenmeyi s\u00fcrd\u00fcrd\u00fc. \u0130tfaiye ekiplerin yard\u0131m\u0131 ile girilen dairenin balkonunda hareketsiz \u015fekildeki \u0130smail Kabaa\u011fa\u00e7&#8217;\u0131n hayat\u0131n\u0131 kaybetti\u011fi belirlendi. Adli tabip taraf\u0131ndan yap\u0131lan incelemede Kabaa\u011fa\u00e7&#8217;\u0131n kalp krizi nedeniyle vefat etti\u011fi belirlendi. Ya\u015fl\u0131 adam\u0131n her sabah g\u00fcne\u015flenmek i\u00e7in balkona \u00e7\u0131kt\u0131\u011f\u0131n\u0131 belirten apartman y\u00f6neticisi Ramazan Din\u00e7, &#8220;Kar\u015f\u0131 binadan kom\u015fular g\u00f6rm\u00fc\u015f. Polis arkada\u015flar geldi. Kom\u015fular zaten her sabah balkona \u00e7\u0131kar otururdu. Day\u0131s\u0131 ile birlikte kal\u0131yor, kendi halinde bir insand\u0131. En son d\u00fcn g\u00f6rd\u00fcm, marketten bir \u015feyler istedi. Ald\u0131m a\u015fa\u011f\u0131ya sepet sark\u0131tt\u0131, istediklerini verdim&#8221; dedi. Kaynak: www.kanalv.com.tr Haber Sitesinden Al\u0131nm\u0131\u015ft\u0131r.\" \/>\n<meta property=\"og:url\" content=\"https:\/\/denizcankizil.tr\/de\/haberler\/antalya\/guneslenmek-icin-ciktigi-balkonda-olu-bulundu\/\" \/>\n<meta property=\"og:site_name\" content=\"Av. Deniz Can K\u0131z\u0131l\" \/>\n<meta property=\"article:published_time\" content=\"2025-03-04T12:41:19+00:00\" \/>\n<meta name=\"author\" content=\"Av. Deniz Can K\u0131z\u0131l\" \/>\n<meta name=\"twitter:card\" content=\"summary_large_image\" \/>\n<meta name=\"twitter:label1\" content=\"Verfasst von\" \/>\n\t<meta name=\"twitter:data1\" content=\"Av. Deniz Can K\u0131z\u0131l\" \/>\n\t<meta name=\"twitter:label2\" content=\"Gesch\u00e4tzte Lesezeit\" \/>\n\t<meta name=\"twitter:data2\" content=\"1\u00a0Minute\" \/>\n<script type=\"application\/ld+json\" class=\"yoast-schema-graph\">{\"@context\":\"https:\/\/schema.org\",\"@graph\":[{\"@type\":\"Article\",\"@id\":\"https:\/\/denizcankizil.tr\/ru\/haberler\/antalya\/guneslenmek-icin-ciktigi-balkonda-olu-bulundu\/#article\",\"isPartOf\":{\"@id\":\"https:\/\/denizcankizil.tr\/ru\/haberler\/antalya\/guneslenmek-icin-ciktigi-balkonda-olu-bulundu\/\"},\"author\":{\"name\":\"Av. Deniz Can K\u0131z\u0131l\",\"@id\":\"https:\/\/denizcankizil.tr\/de\/#\/schema\/person\/5dc1b22991bd7ac833867c10afc9b0ff\"},\"headline\":\"G\u00fcne\u015flenmek i\u00e7in \u00e7\u0131kt\u0131\u011f\u0131 balkonda \u00f6l\u00fc bulundu\",\"datePublished\":\"2025-03-04T12:41:19+00:00\",\"mainEntityOfPage\":{\"@id\":\"https:\/\/denizcankizil.tr\/ru\/haberler\/antalya\/guneslenmek-icin-ciktigi-balkonda-olu-bulundu\/\"},\"wordCount\":269,\"commentCount\":0,\"publisher\":{\"@id\":\"https:\/\/denizcankizil.tr\/de\/#organization\"},\"articleSection\":[\"Antalya\"],\"inLanguage\":\"de\",\"potentialAction\":[{\"@type\":\"CommentAction\",\"name\":\"Comment\",\"target\":[\"https:\/\/denizcankizil.tr\/ru\/haberler\/antalya\/guneslenmek-icin-ciktigi-balkonda-olu-bulundu\/#respond\"]}]},{\"@type\":\"WebPage\",\"@id\":\"https:\/\/denizcankizil.tr\/ru\/haberler\/antalya\/guneslenmek-icin-ciktigi-balkonda-olu-bulundu\/\",\"url\":\"https:\/\/denizcankizil.tr\/ru\/haberler\/antalya\/guneslenmek-icin-ciktigi-balkonda-olu-bulundu\/\",\"name\":\"G\u00fcne\u015flenmek i\u00e7in \u00e7\u0131kt\u0131\u011f\u0131 balkonda \u00f6l\u00fc bulundu - Av. Deniz Can K\u0131z\u0131l\",\"isPartOf\":{\"@id\":\"https:\/\/denizcankizil.tr\/de\/#website\"},\"datePublished\":\"2025-03-04T12:41:19+00:00\",\"breadcrumb\":{\"@id\":\"https:\/\/denizcankizil.tr\/ru\/haberler\/antalya\/guneslenmek-icin-ciktigi-balkonda-olu-bulundu\/#breadcrumb\"},\"inLanguage\":\"de\",\"potentialAction\":[{\"@type\":\"ReadAction\",\"target\":[\"https:\/\/denizcankizil.tr\/ru\/haberler\/antalya\/guneslenmek-icin-ciktigi-balkonda-olu-bulundu\/\"]}]},{\"@type\":\"BreadcrumbList\",\"@id\":\"https:\/\/denizcankizil.tr\/ru\/haberler\/antalya\/guneslenmek-icin-ciktigi-balkonda-olu-bulundu\/#breadcrumb\",\"itemListElement\":[{\"@type\":\"ListItem\",\"position\":1,\"name\":\"Home\",\"item\":\"https:\/\/denizcankizil.tr\/de\/\"},{\"@type\":\"ListItem\",\"position\":2,\"name\":\"G\u00fcne\u015flenmek i\u00e7in \u00e7\u0131kt\u0131\u011f\u0131 balkonda \u00f6l\u00fc bulundu\"}]},{\"@type\":\"WebSite\",\"@id\":\"https:\/\/denizcankizil.tr\/de\/#website\",\"url\":\"https:\/\/denizcankizil.tr\/de\/\",\"name\":\"Av. Deniz Can K\u0131z\u0131l\",\"description\":\"Avukat Deniz Can K\u0131z\u0131l Antalya Barosu\",\"publisher\":{\"@id\":\"https:\/\/denizcankizil.tr\/de\/#organization\"},\"potentialAction\":[{\"@type\":\"SearchAction\",\"target\":{\"@type\":\"EntryPoint\",\"urlTemplate\":\"https:\/\/denizcankizil.tr\/de\/?s={search_term_string}\"},\"query-input\":{\"@type\":\"PropertyValueSpecification\",\"valueRequired\":true,\"valueName\":\"search_term_string\"}}],\"inLanguage\":\"de\"},{\"@type\":\"Organization\",\"@id\":\"https:\/\/denizcankizil.tr\/de\/#organization\",\"name\":\"Av. Deniz Can K\u0131z\u0131l\",\"url\":\"https:\/\/denizcankizil.tr\/de\/\",\"logo\":{\"@type\":\"ImageObject\",\"inLanguage\":\"de\",\"@id\":\"https:\/\/denizcankizil.tr\/de\/#\/schema\/logo\/image\/\",\"url\":\"https:\/\/denizcankizil.tr\/wp-content\/uploads\/2024\/10\/siyah-logo-svg.svg\",\"contentUrl\":\"https:\/\/denizcankizil.tr\/wp-content\/uploads\/2024\/10\/siyah-logo-svg.svg\",\"width\":1080,\"height\":1080,\"caption\":\"Av. Deniz Can K\u0131z\u0131l\"},\"image\":{\"@id\":\"https:\/\/denizcankizil.tr\/de\/#\/schema\/logo\/image\/\"}},{\"@type\":\"Person\",\"@id\":\"https:\/\/denizcankizil.tr\/de\/#\/schema\/person\/5dc1b22991bd7ac833867c10afc9b0ff\",\"name\":\"Av. Deniz Can K\u0131z\u0131l\",\"image\":{\"@type\":\"ImageObject\",\"inLanguage\":\"de\",\"@id\":\"https:\/\/denizcankizil.tr\/de\/#\/schema\/person\/image\/\",\"url\":\"https:\/\/secure.gravatar.com\/avatar\/a0b128fb9855c79efc976d5640eedb31dc35ec297594d6016d2cf7c60e975bb6?s=96&d=mm&r=g\",\"contentUrl\":\"https:\/\/secure.gravatar.com\/avatar\/a0b128fb9855c79efc976d5640eedb31dc35ec297594d6016d2cf7c60e975bb6?s=96&d=mm&r=g\",\"caption\":\"Av. Deniz Can K\u0131z\u0131l\"},\"sameAs\":[\"http:\/\/www.denizcankizil.tr\"],\"url\":\"https:\/\/denizcankizil.tr\/de\/author\/denizcankizil\/\"}]}<\/script>\n<!-- \/ Yoast SEO Premium plugin. -->","yoast_head_json":{"title":"G\u00fcne\u015flenmek i\u00e7in \u00e7\u0131kt\u0131\u011f\u0131 balkonda \u00f6l\u00fc bulundu - Av. Deniz Can K\u0131z\u0131l","robots":{"index":"index","follow":"follow","max-snippet":"max-snippet:-1","max-image-preview":"max-image-preview:large","max-video-preview":"max-video-preview:-1"},"canonical":"https:\/\/denizcankizil.tr\/de\/haberler\/antalya\/guneslenmek-icin-ciktigi-balkonda-olu-bulundu\/","og_locale":"de_DE","og_type":"article","og_title":"G\u00fcne\u015flenmek i\u00e7in \u00e7\u0131kt\u0131\u011f\u0131 balkonda \u00f6l\u00fc bulundu","og_description":"Olay, saat 12.00 s\u0131ralar\u0131nda Muratpa\u015fa il\u00e7esi \u00dc\u00e7gen Mahallesi 104 sokak \u00fczerinde bulunan bir apartman\u0131n ikinci kat\u0131nda meydana geldi. Edinilen bilgiye g\u00f6re, 70 ya\u015f\u0131ndaki \u0130smail Kabaa\u011fa\u00e7 her sabah oldu\u011fu gibi temiz hava almak ve g\u00fcne\u015flenmek i\u00e7in day\u0131s\u0131 ile birlikte oturdu\u011fu dairenin balkonuna \u00e7\u0131kt\u0131. Sandalyeye oturan Kabaa\u011fa\u00e7&#8217;\u0131 \u00f6\u011flen saatlerinde kar\u015f\u0131 apartmanda oturan kom\u015fusu hareketsiz \u015fekilde g\u00f6rd\u00fc. Seslenmesine ra\u011fmen Kabaa\u011fa\u00e7&#8217;tan tepki alamayan kom\u015fusu durumu 112 Acil \u00c7a\u011fr\u0131 Merkezi&#8217;ne bildirdi. \u0130hbarla olay yerine sa\u011fl\u0131k ve polis ekipleri sevk edildi. Dairenin kap\u0131s\u0131n\u0131n kapal\u0131 olmas\u0131 nedeniyle olay yerine gelen polis ekipleri itfaiyeden destek istedi. Uyudu\u011funu sanan mahalle sakinleri a\u015fa\u011f\u0131dan seslendi Bu s\u0131rada olan biteni merakl\u0131 g\u00f6zlerle izleyen mahalle sakinleri sandalyede oturur vaziyetteki Kabaa\u011fa\u00e7&#8217;a seslenmeyi s\u00fcrd\u00fcrd\u00fc. \u0130tfaiye ekiplerin yard\u0131m\u0131 ile girilen dairenin balkonunda hareketsiz \u015fekildeki \u0130smail Kabaa\u011fa\u00e7&#8217;\u0131n hayat\u0131n\u0131 kaybetti\u011fi belirlendi. Adli tabip taraf\u0131ndan yap\u0131lan incelemede Kabaa\u011fa\u00e7&#8217;\u0131n kalp krizi nedeniyle vefat etti\u011fi belirlendi. Ya\u015fl\u0131 adam\u0131n her sabah g\u00fcne\u015flenmek i\u00e7in balkona \u00e7\u0131kt\u0131\u011f\u0131n\u0131 belirten apartman y\u00f6neticisi Ramazan Din\u00e7, &#8220;Kar\u015f\u0131 binadan kom\u015fular g\u00f6rm\u00fc\u015f. Polis arkada\u015flar geldi. Kom\u015fular zaten her sabah balkona \u00e7\u0131kar otururdu. Day\u0131s\u0131 ile birlikte kal\u0131yor, kendi halinde bir insand\u0131. En son d\u00fcn g\u00f6rd\u00fcm, marketten bir \u015feyler istedi. Ald\u0131m a\u015fa\u011f\u0131ya sepet sark\u0131tt\u0131, istediklerini verdim&#8221; dedi. Kaynak: www.kanalv.com.tr Haber Sitesinden Al\u0131nm\u0131\u015ft\u0131r.","og_url":"https:\/\/denizcankizil.tr\/de\/haberler\/antalya\/guneslenmek-icin-ciktigi-balkonda-olu-bulundu\/","og_site_name":"Av. Deniz Can K\u0131z\u0131l","article_published_time":"2025-03-04T12:41:19+00:00","author":"Av. Deniz Can K\u0131z\u0131l","twitter_card":"summary_large_image","twitter_misc":{"Verfasst von":"Av. Deniz Can K\u0131z\u0131l","Gesch\u00e4tzte Lesezeit":"1\u00a0Minute"},"schema":{"@context":"https:\/\/schema.org","@graph":[{"@type":"Article","@id":"https:\/\/denizcankizil.tr\/ru\/haberler\/antalya\/guneslenmek-icin-ciktigi-balkonda-olu-bulundu\/#article","isPartOf":{"@id":"https:\/\/denizcankizil.tr\/ru\/haberler\/antalya\/guneslenmek-icin-ciktigi-balkonda-olu-bulundu\/"},"author":{"name":"Av. Deniz Can K\u0131z\u0131l","@id":"https:\/\/denizcankizil.tr\/de\/#\/schema\/person\/5dc1b22991bd7ac833867c10afc9b0ff"},"headline":"G\u00fcne\u015flenmek i\u00e7in \u00e7\u0131kt\u0131\u011f\u0131 balkonda \u00f6l\u00fc bulundu","datePublished":"2025-03-04T12:41:19+00:00","mainEntityOfPage":{"@id":"https:\/\/denizcankizil.tr\/ru\/haberler\/antalya\/guneslenmek-icin-ciktigi-balkonda-olu-bulundu\/"},"wordCount":269,"commentCount":0,"publisher":{"@id":"https:\/\/denizcankizil.tr\/de\/#organization"},"articleSection":["Antalya"],"inLanguage":"de","potentialAction":[{"@type":"CommentAction","name":"Comment","target":["https:\/\/denizcankizil.tr\/ru\/haberler\/antalya\/guneslenmek-icin-ciktigi-balkonda-olu-bulundu\/#respond"]}]},{"@type":"WebPage","@id":"https:\/\/denizcankizil.tr\/ru\/haberler\/antalya\/guneslenmek-icin-ciktigi-balkonda-olu-bulundu\/","url":"https:\/\/denizcankizil.tr\/ru\/haberler\/antalya\/guneslenmek-icin-ciktigi-balkonda-olu-bulundu\/","name":"G\u00fcne\u015flenmek i\u00e7in \u00e7\u0131kt\u0131\u011f\u0131 balkonda \u00f6l\u00fc bulundu - Av. Deniz Can K\u0131z\u0131l","isPartOf":{"@id":"https:\/\/denizcankizil.tr\/de\/#website"},"datePublished":"2025-03-04T12:41:19+00:00","breadcrumb":{"@id":"https:\/\/denizcankizil.tr\/ru\/haberler\/antalya\/guneslenmek-icin-ciktigi-balkonda-olu-bulundu\/#breadcrumb"},"inLanguage":"de","potentialAction":[{"@type":"ReadAction","target":["https:\/\/denizcankizil.tr\/ru\/haberler\/antalya\/guneslenmek-icin-ciktigi-balkonda-olu-bulundu\/"]}]},{"@type":"BreadcrumbList","@id":"https:\/\/denizcankizil.tr\/ru\/haberler\/antalya\/guneslenmek-icin-ciktigi-balkonda-olu-bulundu\/#breadcrumb","itemListElement":[{"@type":"ListItem","position":1,"name":"Home","item":"https:\/\/denizcankizil.tr\/de\/"},{"@type":"ListItem","position":2,"name":"G\u00fcne\u015flenmek i\u00e7in \u00e7\u0131kt\u0131\u011f\u0131 balkonda \u00f6l\u00fc bulundu"}]},{"@type":"WebSite","@id":"https:\/\/denizcankizil.tr\/de\/#website","url":"https:\/\/denizcankizil.tr\/de\/","name":"Av. Deniz Can K\u0131z\u0131l","description":"Avukat Deniz Can K\u0131z\u0131l Antalya Barosu","publisher":{"@id":"https:\/\/denizcankizil.tr\/de\/#organization"},"potentialAction":[{"@type":"SearchAction","target":{"@type":"EntryPoint","urlTemplate":"https:\/\/denizcankizil.tr\/de\/?s={search_term_string}"},"query-input":{"@type":"PropertyValueSpecification","valueRequired":true,"valueName":"search_term_string"}}],"inLanguage":"de"},{"@type":"Organization","@id":"https:\/\/denizcankizil.tr\/de\/#organization","name":"Av. Deniz Can K\u0131z\u0131l","url":"https:\/\/denizcankizil.tr\/de\/","logo":{"@type":"ImageObject","inLanguage":"de","@id":"https:\/\/denizcankizil.tr\/de\/#\/schema\/logo\/image\/","url":"https:\/\/denizcankizil.tr\/wp-content\/uploads\/2024\/10\/siyah-logo-svg.svg","contentUrl":"https:\/\/denizcankizil.tr\/wp-content\/uploads\/2024\/10\/siyah-logo-svg.svg","width":1080,"height":1080,"caption":"Av. Deniz Can K\u0131z\u0131l"},"image":{"@id":"https:\/\/denizcankizil.tr\/de\/#\/schema\/logo\/image\/"}},{"@type":"Person","@id":"https:\/\/denizcankizil.tr\/de\/#\/schema\/person\/5dc1b22991bd7ac833867c10afc9b0ff","name":"Av. Deniz Can K\u0131z\u0131l","image":{"@type":"ImageObject","inLanguage":"de","@id":"https:\/\/denizcankizil.tr\/de\/#\/schema\/person\/image\/","url":"https:\/\/secure.gravatar.com\/avatar\/a0b128fb9855c79efc976d5640eedb31dc35ec297594d6016d2cf7c60e975bb6?s=96&d=mm&r=g","contentUrl":"https:\/\/secure.gravatar.com\/avatar\/a0b128fb9855c79efc976d5640eedb31dc35ec297594d6016d2cf7c60e975bb6?s=96&d=mm&r=g","caption":"Av. Deniz Can K\u0131z\u0131l"},"sameAs":["http:\/\/www.denizcankizil.tr"],"url":"https:\/\/denizcankizil.tr\/de\/author\/denizcankizil\/"}]}},"_links":{"self":[{"href":"https:\/\/denizcankizil.tr\/de\/wp-json\/wp\/v2\/posts\/34675","targetHints":{"allow":["GET"]}}],"collection":[{"href":"https:\/\/denizcankizil.tr\/de\/wp-json\/wp\/v2\/posts"}],"about":[{"href":"https:\/\/denizcankizil.tr\/de\/wp-json\/wp\/v2\/types\/post"}],"author":[{"embeddable":true,"href":"https:\/\/denizcankizil.tr\/de\/wp-json\/wp\/v2\/users\/4"}],"replies":[{"embeddable":true,"href":"https:\/\/denizcankizil.tr\/de\/wp-json\/wp\/v2\/comments?post=34675"}],"version-history":[{"count":0,"href":"https:\/\/denizcankizil.tr\/de\/wp-json\/wp\/v2\/posts\/34675\/revisions"}],"wp:attachment":[{"href":"https:\/\/denizcankizil.tr\/de\/wp-json\/wp\/v2\/media?parent=34675"}],"wp:term":[{"taxonomy":"category","embeddable":true,"href":"https:\/\/denizcankizil.tr\/de\/wp-json\/wp\/v2\/categories?post=34675"},{"taxonomy":"post_tag","embeddable":true,"href":"https:\/\/denizcankizil.tr\/de\/wp-json\/wp\/v2\/tags?post=34675"}],"curies":[{"name":"wp","href":"https:\/\/api.w.org\/{rel}","templated":true}]}}