{"id":34633,"date":"2025-03-04T10:42:06","date_gmt":"2025-03-04T07:42:06","guid":{"rendered":"https:\/\/denizcankizil.tr\/uncategorized-tr\/antalya-il-muftusu-yalcinkaya-zekat-ve-fitreyi-guvendiginiz-yerlere-verin\/"},"modified":"2025-03-04T10:42:06","modified_gmt":"2025-03-04T07:42:06","slug":"antalya-il-muftusu-yalcinkaya-zekat-ve-fitreyi-guvendiginiz-yerlere-verin","status":"publish","type":"post","link":"https:\/\/denizcankizil.tr\/de\/haberler\/gundem\/antalya-il-muftusu-yalcinkaya-zekat-ve-fitreyi-guvendiginiz-yerlere-verin\/","title":{"rendered":"Antalya \u0130l M\u00fcft\u00fcs\u00fc Yal\u00e7\u0131nkaya: Zekat ve fitreyi g\u00fcvendi\u011finiz yerlere verin"},"content":{"rendered":"<p>Bu y\u0131l Ramazan ay\u0131nda fitrenin 180 TL oldu\u011funu a\u00e7\u0131klayan Antalya \u0130l M\u00fcft\u00fcs\u00fc Nazif Fethi Yal\u00e7\u0131nkaya, fitre ve zekattan emeklilerin ve asgari \u00fccretle \u00e7al\u0131\u015fan insanlar\u0131n ba\u015fka gelirleri olmamas\u0131 durumunda faydalanabilece\u011fini anlatt\u0131. Ramazan ay\u0131nda kent genelinde dilenci say\u0131s\u0131nda ya\u015fanan art\u0131\u015fa dikkat \u00e7eken Yal\u00e7\u0131nkaya, cami, kav\u015fak, \u00fcst ge\u00e7itlerde yad\u0131m isteyen ve esnaflar\u0131 dola\u015farak yard\u0131m isteyen vatanda\u015flara dikkat edilmesini istedi.<\/p>\n<p>EMEKL\u0130 VE ASGAR\u0130 \u00dcCRETL\u0130 F\u0130TRE VE ZEKAT ALAB\u0130L\u0130R<\/p>\n<p>Antalya \u0130l M\u00fcft\u00fcs\u00fc Nazif Fethi Yal\u00e7\u0131nkaya, Ramazan ay\u0131 dolay\u0131s\u0131yla fitre ve zekat\u0131n\u0131 vermek isteyen vatanda\u015flar\u0131n yard\u0131m yaparken g\u00fcvenli noktalar\u0131 ve tan\u0131d\u0131klar\u0131n\u0131 tercih etmesini istedi. Emekli ve asgari \u00fccretlinin T\u00fcrkiye \u015fartlar\u0131nda fitre ve zekat alabilece\u011fine dikkat \u00e7eken Yal\u00e7\u0131nkaya, \u201cT\u00fcrkiye \u015fartlar\u0131nda emekli ile asgari \u00fccretle \u00e7al\u0131\u015fan vatanda\u015flar\u0131m\u0131z \u015fayet ba\u015fka gelirleri yoksa fitre ve zekat alabilir. Yard\u0131m etmek isteyen hay\u0131rsever vatanda\u015flar\u0131m\u0131z yard\u0131m edece\u011fi ailelerin gelirlerine dikkat etmeli\u201d diye konu\u015ftu.<\/p>\n<p>YAL\u00c7INKAYA: D\u0130LENC\u0130LERE D\u0130KKAT!<\/p>\n<p>Ramazan ay\u0131nda Antalya genelinde \u00e7ok say\u0131da dilenci insanlar\u0131n manevi duygular\u0131n\u0131 istismar ediyor. Konuya ilgili a\u00e7\u0131klamalarda bulunan Antalya \u0130l M\u00fcft\u00fcs\u00fc Nazif Fethi Yal\u00e7\u0131nkaya, dinimizde yard\u0131mla\u015fman\u0131n olduk\u00e7a \u00f6nemli oldu\u011funa dikkat \u00e7ekti. Yal\u00e7\u0131nkaya, \u201cAntalya genelinde camilerde olsun, esnaflar\u0131 gezen olanlar\u0131n ellerinde makbuz var m\u0131 yok mu baks\u0131nlar. G\u00fcvendikleri yerlere zekat ve fitrelerini versinler. T\u00fcrkiye Diyanet Vakf\u0131 ve di\u011fer vak\u0131flara yard\u0131m edilebilir. Dinimizde yard\u0131mla\u015fma var ama bu i\u015fi suiistimal edenlere taviz verilmemeli\u201d \u015feklinde konu\u015ftu.<\/p>\n<p>\u200bAntalya \u0130l M\u00fcft\u00fcs\u00fc Nazif Fethi Yal\u00e7\u0131nkaya, Ramazan ay\u0131 dolay\u0131s\u0131yla fitre ve zekat\u0131n\u0131 vermek isteyen vatanda\u015flar\u0131n bu yard\u0131mlar\u0131 g\u00fcvendikleri yerlere yapmas\u0131n\u0131 istedi. Yal\u00e7\u0131nkaya, duygu s\u00f6m\u00fcr\u00fcs\u00fc yapanlara kar\u015f\u0131 ise vatanda\u015f\u0131 uyard\u0131\u00a0<\/p>\n<p>\u200bHaberin Al\u0131nt\u0131land\u0131\u011f\u0131 Kaynak: www.antalyakorfez.com<\/p>","protected":false},"excerpt":{"rendered":"<p>Bu y\u0131l Ramazan ay\u0131nda fitrenin 180 TL oldu\u011funu a\u00e7\u0131klayan Antalya \u0130l M\u00fcft\u00fcs\u00fc Nazif Fethi Yal\u00e7\u0131nkaya, fitre ve zekattan emeklilerin ve asgari \u00fccretle \u00e7al\u0131\u015fan insanlar\u0131n ba\u015fka gelirleri olmamas\u0131 durumunda faydalanabilece\u011fini anlatt\u0131. Ramazan ay\u0131nda kent genelinde dilenci say\u0131s\u0131nda ya\u015fanan art\u0131\u015fa dikkat \u00e7eken Yal\u00e7\u0131nkaya, cami, kav\u015fak, \u00fcst ge\u00e7itlerde yad\u0131m isteyen ve esnaflar\u0131 dola\u015farak yard\u0131m isteyen vatanda\u015flara dikkat edilmesini istedi. EMEKL\u0130 VE ASGAR\u0130 \u00dcCRETL\u0130 F\u0130TRE VE ZEKAT ALAB\u0130L\u0130R Antalya \u0130l M\u00fcft\u00fcs\u00fc Nazif Fethi Yal\u00e7\u0131nkaya, Ramazan ay\u0131 dolay\u0131s\u0131yla fitre ve zekat\u0131n\u0131 vermek isteyen vatanda\u015flar\u0131n yard\u0131m yaparken g\u00fcvenli noktalar\u0131 ve tan\u0131d\u0131klar\u0131n\u0131 tercih etmesini istedi. Emekli ve asgari \u00fccretlinin T\u00fcrkiye \u015fartlar\u0131nda fitre ve zekat alabilece\u011fine dikkat \u00e7eken Yal\u00e7\u0131nkaya, \u201cT\u00fcrkiye \u015fartlar\u0131nda emekli ile asgari \u00fccretle \u00e7al\u0131\u015fan vatanda\u015flar\u0131m\u0131z \u015fayet ba\u015fka gelirleri yoksa fitre ve zekat alabilir. Yard\u0131m etmek isteyen hay\u0131rsever vatanda\u015flar\u0131m\u0131z yard\u0131m edece\u011fi ailelerin gelirlerine dikkat etmeli\u201d diye konu\u015ftu. YAL\u00c7INKAYA: D\u0130LENC\u0130LERE D\u0130KKAT! Ramazan ay\u0131nda Antalya genelinde \u00e7ok say\u0131da dilenci insanlar\u0131n manevi duygular\u0131n\u0131 istismar ediyor. Konuya ilgili a\u00e7\u0131klamalarda bulunan Antalya \u0130l M\u00fcft\u00fcs\u00fc Nazif Fethi Yal\u00e7\u0131nkaya, dinimizde yard\u0131mla\u015fman\u0131n olduk\u00e7a \u00f6nemli oldu\u011funa dikkat \u00e7ekti. Yal\u00e7\u0131nkaya, \u201cAntalya genelinde camilerde olsun, esnaflar\u0131 gezen olanlar\u0131n ellerinde makbuz var m\u0131 yok mu baks\u0131nlar. G\u00fcvendikleri yerlere zekat ve fitrelerini versinler. T\u00fcrkiye Diyanet Vakf\u0131 ve di\u011fer vak\u0131flara yard\u0131m edilebilir. Dinimizde yard\u0131mla\u015fma var ama bu i\u015fi suiistimal edenlere taviz &hellip;<\/p>","protected":false},"author":5,"featured_media":0,"comment_status":"open","ping_status":"open","sticky":false,"template":"","format":"standard","meta":{"_acf_changed":false,"footnotes":""},"categories":[24],"tags":[],"class_list":["post-34633","post","type-post","status-publish","format-standard","has-post-thumbnail","hentry","category-gundem"],"acf":[],"yoast_head":"<!-- This site is optimized with the Yoast SEO Premium plugin v26.6 (Yoast SEO v27.1.1) - https:\/\/yoast.com\/product\/yoast-seo-premium-wordpress\/ -->\n<title>Antalya \u0130l M\u00fcft\u00fcs\u00fc Yal\u00e7\u0131nkaya: Zekat ve fitreyi g\u00fcvendi\u011finiz yerlere verin - Av. Deniz Can K\u0131z\u0131l<\/title>\n<meta name=\"robots\" content=\"index, follow, max-snippet:-1, max-image-preview:large, max-video-preview:-1\" \/>\n<link rel=\"canonical\" href=\"http:\/\/denizcankizil.tr\/de\/haberler\/gundem\/antalya-il-muftusu-yalcinkaya-zekat-ve-fitreyi-guvendiginiz-yerlere-verin\/\" \/>\n<meta property=\"og:locale\" content=\"de_DE\" \/>\n<meta property=\"og:type\" content=\"article\" \/>\n<meta property=\"og:title\" content=\"Antalya \u0130l M\u00fcft\u00fcs\u00fc Yal\u00e7\u0131nkaya: Zekat ve fitreyi g\u00fcvendi\u011finiz yerlere verin\" \/>\n<meta property=\"og:description\" content=\"Bu y\u0131l Ramazan ay\u0131nda fitrenin 180 TL oldu\u011funu a\u00e7\u0131klayan Antalya \u0130l M\u00fcft\u00fcs\u00fc Nazif Fethi Yal\u00e7\u0131nkaya, fitre ve zekattan emeklilerin ve asgari \u00fccretle \u00e7al\u0131\u015fan insanlar\u0131n ba\u015fka gelirleri olmamas\u0131 durumunda faydalanabilece\u011fini anlatt\u0131. Ramazan ay\u0131nda kent genelinde dilenci say\u0131s\u0131nda ya\u015fanan art\u0131\u015fa dikkat \u00e7eken Yal\u00e7\u0131nkaya, cami, kav\u015fak, \u00fcst ge\u00e7itlerde yad\u0131m isteyen ve esnaflar\u0131 dola\u015farak yard\u0131m isteyen vatanda\u015flara dikkat edilmesini istedi. EMEKL\u0130 VE ASGAR\u0130 \u00dcCRETL\u0130 F\u0130TRE VE ZEKAT ALAB\u0130L\u0130R Antalya \u0130l M\u00fcft\u00fcs\u00fc Nazif Fethi Yal\u00e7\u0131nkaya, Ramazan ay\u0131 dolay\u0131s\u0131yla fitre ve zekat\u0131n\u0131 vermek isteyen vatanda\u015flar\u0131n yard\u0131m yaparken g\u00fcvenli noktalar\u0131 ve tan\u0131d\u0131klar\u0131n\u0131 tercih etmesini istedi. Emekli ve asgari \u00fccretlinin T\u00fcrkiye \u015fartlar\u0131nda fitre ve zekat alabilece\u011fine dikkat \u00e7eken Yal\u00e7\u0131nkaya, \u201cT\u00fcrkiye \u015fartlar\u0131nda emekli ile asgari \u00fccretle \u00e7al\u0131\u015fan vatanda\u015flar\u0131m\u0131z \u015fayet ba\u015fka gelirleri yoksa fitre ve zekat alabilir. Yard\u0131m etmek isteyen hay\u0131rsever vatanda\u015flar\u0131m\u0131z yard\u0131m edece\u011fi ailelerin gelirlerine dikkat etmeli\u201d diye konu\u015ftu. YAL\u00c7INKAYA: D\u0130LENC\u0130LERE D\u0130KKAT! Ramazan ay\u0131nda Antalya genelinde \u00e7ok say\u0131da dilenci insanlar\u0131n manevi duygular\u0131n\u0131 istismar ediyor. Konuya ilgili a\u00e7\u0131klamalarda bulunan Antalya \u0130l M\u00fcft\u00fcs\u00fc Nazif Fethi Yal\u00e7\u0131nkaya, dinimizde yard\u0131mla\u015fman\u0131n olduk\u00e7a \u00f6nemli oldu\u011funa dikkat \u00e7ekti. Yal\u00e7\u0131nkaya, \u201cAntalya genelinde camilerde olsun, esnaflar\u0131 gezen olanlar\u0131n ellerinde makbuz var m\u0131 yok mu baks\u0131nlar. G\u00fcvendikleri yerlere zekat ve fitrelerini versinler. T\u00fcrkiye Diyanet Vakf\u0131 ve di\u011fer vak\u0131flara yard\u0131m edilebilir. Dinimizde yard\u0131mla\u015fma var ama bu i\u015fi suiistimal edenlere taviz &hellip;\" \/>\n<meta property=\"og:url\" content=\"http:\/\/denizcankizil.tr\/de\/haberler\/gundem\/antalya-il-muftusu-yalcinkaya-zekat-ve-fitreyi-guvendiginiz-yerlere-verin\/\" \/>\n<meta property=\"og:site_name\" content=\"Av. Deniz Can K\u0131z\u0131l\" \/>\n<meta property=\"article:published_time\" content=\"2025-03-04T07:42:06+00:00\" \/>\n<meta name=\"author\" content=\"Antalya K\u00f6rfez\" \/>\n<meta name=\"twitter:card\" content=\"summary_large_image\" \/>\n<meta name=\"twitter:label1\" content=\"Verfasst von\" \/>\n\t<meta name=\"twitter:data1\" content=\"Antalya K\u00f6rfez\" \/>\n\t<meta name=\"twitter:label2\" content=\"Gesch\u00e4tzte Lesezeit\" \/>\n\t<meta name=\"twitter:data2\" content=\"2\u00a0Minuten\" \/>\n<script type=\"application\/ld+json\" class=\"yoast-schema-graph\">{\"@context\":\"https:\/\/schema.org\",\"@graph\":[{\"@type\":\"Article\",\"@id\":\"http:\/\/denizcankizil.tr\/en\/haberler\/gundem\/antalya-il-muftusu-yalcinkaya-zekat-ve-fitreyi-guvendiginiz-yerlere-verin\/#article\",\"isPartOf\":{\"@id\":\"http:\/\/denizcankizil.tr\/en\/haberler\/gundem\/antalya-il-muftusu-yalcinkaya-zekat-ve-fitreyi-guvendiginiz-yerlere-verin\/\"},\"author\":{\"name\":\"Antalya K\u00f6rfez\",\"@id\":\"https:\/\/denizcankizil.tr\/de\/#\/schema\/person\/e1eb71bb4dd684d46563f0af307e1234\"},\"headline\":\"Antalya \u0130l M\u00fcft\u00fcs\u00fc Yal\u00e7\u0131nkaya: Zekat ve fitreyi g\u00fcvendi\u011finiz yerlere verin\",\"datePublished\":\"2025-03-04T07:42:06+00:00\",\"mainEntityOfPage\":{\"@id\":\"http:\/\/denizcankizil.tr\/en\/haberler\/gundem\/antalya-il-muftusu-yalcinkaya-zekat-ve-fitreyi-guvendiginiz-yerlere-verin\/\"},\"wordCount\":356,\"commentCount\":0,\"publisher\":{\"@id\":\"https:\/\/denizcankizil.tr\/de\/#organization\"},\"articleSection\":[\"G\u00fcndem\"],\"inLanguage\":\"de\",\"potentialAction\":[{\"@type\":\"CommentAction\",\"name\":\"Comment\",\"target\":[\"http:\/\/denizcankizil.tr\/en\/haberler\/gundem\/antalya-il-muftusu-yalcinkaya-zekat-ve-fitreyi-guvendiginiz-yerlere-verin\/#respond\"]}]},{\"@type\":\"WebPage\",\"@id\":\"http:\/\/denizcankizil.tr\/en\/haberler\/gundem\/antalya-il-muftusu-yalcinkaya-zekat-ve-fitreyi-guvendiginiz-yerlere-verin\/\",\"url\":\"http:\/\/denizcankizil.tr\/en\/haberler\/gundem\/antalya-il-muftusu-yalcinkaya-zekat-ve-fitreyi-guvendiginiz-yerlere-verin\/\",\"name\":\"Antalya \u0130l M\u00fcft\u00fcs\u00fc Yal\u00e7\u0131nkaya: Zekat ve fitreyi g\u00fcvendi\u011finiz yerlere verin - Av. Deniz Can K\u0131z\u0131l\",\"isPartOf\":{\"@id\":\"https:\/\/denizcankizil.tr\/de\/#website\"},\"datePublished\":\"2025-03-04T07:42:06+00:00\",\"breadcrumb\":{\"@id\":\"http:\/\/denizcankizil.tr\/en\/haberler\/gundem\/antalya-il-muftusu-yalcinkaya-zekat-ve-fitreyi-guvendiginiz-yerlere-verin\/#breadcrumb\"},\"inLanguage\":\"de\",\"potentialAction\":[{\"@type\":\"ReadAction\",\"target\":[\"http:\/\/denizcankizil.tr\/en\/haberler\/gundem\/antalya-il-muftusu-yalcinkaya-zekat-ve-fitreyi-guvendiginiz-yerlere-verin\/\"]}]},{\"@type\":\"BreadcrumbList\",\"@id\":\"http:\/\/denizcankizil.tr\/en\/haberler\/gundem\/antalya-il-muftusu-yalcinkaya-zekat-ve-fitreyi-guvendiginiz-yerlere-verin\/#breadcrumb\",\"itemListElement\":[{\"@type\":\"ListItem\",\"position\":1,\"name\":\"Home\",\"item\":\"https:\/\/denizcankizil.tr\/de\/\"},{\"@type\":\"ListItem\",\"position\":2,\"name\":\"Antalya \u0130l M\u00fcft\u00fcs\u00fc Yal\u00e7\u0131nkaya: Zekat ve fitreyi g\u00fcvendi\u011finiz yerlere verin\"}]},{\"@type\":\"WebSite\",\"@id\":\"https:\/\/denizcankizil.tr\/de\/#website\",\"url\":\"https:\/\/denizcankizil.tr\/de\/\",\"name\":\"Av. Deniz Can K\u0131z\u0131l\",\"description\":\"Avukat Deniz Can K\u0131z\u0131l Antalya Barosu\",\"publisher\":{\"@id\":\"https:\/\/denizcankizil.tr\/de\/#organization\"},\"potentialAction\":[{\"@type\":\"SearchAction\",\"target\":{\"@type\":\"EntryPoint\",\"urlTemplate\":\"https:\/\/denizcankizil.tr\/de\/?s={search_term_string}\"},\"query-input\":{\"@type\":\"PropertyValueSpecification\",\"valueRequired\":true,\"valueName\":\"search_term_string\"}}],\"inLanguage\":\"de\"},{\"@type\":\"Organization\",\"@id\":\"https:\/\/denizcankizil.tr\/de\/#organization\",\"name\":\"Av. Deniz Can K\u0131z\u0131l\",\"url\":\"https:\/\/denizcankizil.tr\/de\/\",\"logo\":{\"@type\":\"ImageObject\",\"inLanguage\":\"de\",\"@id\":\"https:\/\/denizcankizil.tr\/de\/#\/schema\/logo\/image\/\",\"url\":\"https:\/\/denizcankizil.tr\/wp-content\/uploads\/2024\/10\/siyah-logo-svg.svg\",\"contentUrl\":\"https:\/\/denizcankizil.tr\/wp-content\/uploads\/2024\/10\/siyah-logo-svg.svg\",\"width\":1080,\"height\":1080,\"caption\":\"Av. Deniz Can K\u0131z\u0131l\"},\"image\":{\"@id\":\"https:\/\/denizcankizil.tr\/de\/#\/schema\/logo\/image\/\"}},{\"@type\":\"Person\",\"@id\":\"https:\/\/denizcankizil.tr\/de\/#\/schema\/person\/e1eb71bb4dd684d46563f0af307e1234\",\"name\":\"Antalya K\u00f6rfez\",\"image\":{\"@type\":\"ImageObject\",\"inLanguage\":\"de\",\"@id\":\"https:\/\/denizcankizil.tr\/de\/#\/schema\/person\/image\/\",\"url\":\"https:\/\/secure.gravatar.com\/avatar\/42b01982558a48a0b501fdcab6a408d3717ea5919095ee2e67b0e521799c5905?s=96&d=mm&r=g\",\"contentUrl\":\"https:\/\/secure.gravatar.com\/avatar\/42b01982558a48a0b501fdcab6a408d3717ea5919095ee2e67b0e521799c5905?s=96&d=mm&r=g\",\"caption\":\"Antalya K\u00f6rfez\"},\"sameAs\":[\"http:\/\/www.antalyakorfez.com\"],\"url\":\"https:\/\/www.antalyakorfez.com\/antalya-il-muftusu-yalcinkaya-zekat-ve-fitreyi-guvendiginiz-yerlere-verin\"}]}<\/script>\n<!-- \/ Yoast SEO Premium plugin. -->","yoast_head_json":{"title":"Antalya \u0130l M\u00fcft\u00fcs\u00fc Yal\u00e7\u0131nkaya: Zekat ve fitreyi g\u00fcvendi\u011finiz yerlere verin - Av. Deniz Can K\u0131z\u0131l","robots":{"index":"index","follow":"follow","max-snippet":"max-snippet:-1","max-image-preview":"max-image-preview:large","max-video-preview":"max-video-preview:-1"},"canonical":"http:\/\/denizcankizil.tr\/de\/haberler\/gundem\/antalya-il-muftusu-yalcinkaya-zekat-ve-fitreyi-guvendiginiz-yerlere-verin\/","og_locale":"de_DE","og_type":"article","og_title":"Antalya \u0130l M\u00fcft\u00fcs\u00fc Yal\u00e7\u0131nkaya: Zekat ve fitreyi g\u00fcvendi\u011finiz yerlere verin","og_description":"Bu y\u0131l Ramazan ay\u0131nda fitrenin 180 TL oldu\u011funu a\u00e7\u0131klayan Antalya \u0130l M\u00fcft\u00fcs\u00fc Nazif Fethi Yal\u00e7\u0131nkaya, fitre ve zekattan emeklilerin ve asgari \u00fccretle \u00e7al\u0131\u015fan insanlar\u0131n ba\u015fka gelirleri olmamas\u0131 durumunda faydalanabilece\u011fini anlatt\u0131. Ramazan ay\u0131nda kent genelinde dilenci say\u0131s\u0131nda ya\u015fanan art\u0131\u015fa dikkat \u00e7eken Yal\u00e7\u0131nkaya, cami, kav\u015fak, \u00fcst ge\u00e7itlerde yad\u0131m isteyen ve esnaflar\u0131 dola\u015farak yard\u0131m isteyen vatanda\u015flara dikkat edilmesini istedi. EMEKL\u0130 VE ASGAR\u0130 \u00dcCRETL\u0130 F\u0130TRE VE ZEKAT ALAB\u0130L\u0130R Antalya \u0130l M\u00fcft\u00fcs\u00fc Nazif Fethi Yal\u00e7\u0131nkaya, Ramazan ay\u0131 dolay\u0131s\u0131yla fitre ve zekat\u0131n\u0131 vermek isteyen vatanda\u015flar\u0131n yard\u0131m yaparken g\u00fcvenli noktalar\u0131 ve tan\u0131d\u0131klar\u0131n\u0131 tercih etmesini istedi. Emekli ve asgari \u00fccretlinin T\u00fcrkiye \u015fartlar\u0131nda fitre ve zekat alabilece\u011fine dikkat \u00e7eken Yal\u00e7\u0131nkaya, \u201cT\u00fcrkiye \u015fartlar\u0131nda emekli ile asgari \u00fccretle \u00e7al\u0131\u015fan vatanda\u015flar\u0131m\u0131z \u015fayet ba\u015fka gelirleri yoksa fitre ve zekat alabilir. Yard\u0131m etmek isteyen hay\u0131rsever vatanda\u015flar\u0131m\u0131z yard\u0131m edece\u011fi ailelerin gelirlerine dikkat etmeli\u201d diye konu\u015ftu. YAL\u00c7INKAYA: D\u0130LENC\u0130LERE D\u0130KKAT! Ramazan ay\u0131nda Antalya genelinde \u00e7ok say\u0131da dilenci insanlar\u0131n manevi duygular\u0131n\u0131 istismar ediyor. Konuya ilgili a\u00e7\u0131klamalarda bulunan Antalya \u0130l M\u00fcft\u00fcs\u00fc Nazif Fethi Yal\u00e7\u0131nkaya, dinimizde yard\u0131mla\u015fman\u0131n olduk\u00e7a \u00f6nemli oldu\u011funa dikkat \u00e7ekti. Yal\u00e7\u0131nkaya, \u201cAntalya genelinde camilerde olsun, esnaflar\u0131 gezen olanlar\u0131n ellerinde makbuz var m\u0131 yok mu baks\u0131nlar. G\u00fcvendikleri yerlere zekat ve fitrelerini versinler. T\u00fcrkiye Diyanet Vakf\u0131 ve di\u011fer vak\u0131flara yard\u0131m edilebilir. Dinimizde yard\u0131mla\u015fma var ama bu i\u015fi suiistimal edenlere taviz &hellip;","og_url":"http:\/\/denizcankizil.tr\/de\/haberler\/gundem\/antalya-il-muftusu-yalcinkaya-zekat-ve-fitreyi-guvendiginiz-yerlere-verin\/","og_site_name":"Av. Deniz Can K\u0131z\u0131l","article_published_time":"2025-03-04T07:42:06+00:00","author":"Antalya K\u00f6rfez","twitter_card":"summary_large_image","twitter_misc":{"Verfasst von":"Antalya K\u00f6rfez","Gesch\u00e4tzte Lesezeit":"2\u00a0Minuten"},"schema":{"@context":"https:\/\/schema.org","@graph":[{"@type":"Article","@id":"http:\/\/denizcankizil.tr\/en\/haberler\/gundem\/antalya-il-muftusu-yalcinkaya-zekat-ve-fitreyi-guvendiginiz-yerlere-verin\/#article","isPartOf":{"@id":"http:\/\/denizcankizil.tr\/en\/haberler\/gundem\/antalya-il-muftusu-yalcinkaya-zekat-ve-fitreyi-guvendiginiz-yerlere-verin\/"},"author":{"name":"Antalya K\u00f6rfez","@id":"https:\/\/denizcankizil.tr\/de\/#\/schema\/person\/e1eb71bb4dd684d46563f0af307e1234"},"headline":"Antalya \u0130l M\u00fcft\u00fcs\u00fc Yal\u00e7\u0131nkaya: Zekat ve fitreyi g\u00fcvendi\u011finiz yerlere verin","datePublished":"2025-03-04T07:42:06+00:00","mainEntityOfPage":{"@id":"http:\/\/denizcankizil.tr\/en\/haberler\/gundem\/antalya-il-muftusu-yalcinkaya-zekat-ve-fitreyi-guvendiginiz-yerlere-verin\/"},"wordCount":356,"commentCount":0,"publisher":{"@id":"https:\/\/denizcankizil.tr\/de\/#organization"},"articleSection":["G\u00fcndem"],"inLanguage":"de","potentialAction":[{"@type":"CommentAction","name":"Comment","target":["http:\/\/denizcankizil.tr\/en\/haberler\/gundem\/antalya-il-muftusu-yalcinkaya-zekat-ve-fitreyi-guvendiginiz-yerlere-verin\/#respond"]}]},{"@type":"WebPage","@id":"http:\/\/denizcankizil.tr\/en\/haberler\/gundem\/antalya-il-muftusu-yalcinkaya-zekat-ve-fitreyi-guvendiginiz-yerlere-verin\/","url":"http:\/\/denizcankizil.tr\/en\/haberler\/gundem\/antalya-il-muftusu-yalcinkaya-zekat-ve-fitreyi-guvendiginiz-yerlere-verin\/","name":"Antalya \u0130l M\u00fcft\u00fcs\u00fc Yal\u00e7\u0131nkaya: Zekat ve fitreyi g\u00fcvendi\u011finiz yerlere verin - Av. Deniz Can K\u0131z\u0131l","isPartOf":{"@id":"https:\/\/denizcankizil.tr\/de\/#website"},"datePublished":"2025-03-04T07:42:06+00:00","breadcrumb":{"@id":"http:\/\/denizcankizil.tr\/en\/haberler\/gundem\/antalya-il-muftusu-yalcinkaya-zekat-ve-fitreyi-guvendiginiz-yerlere-verin\/#breadcrumb"},"inLanguage":"de","potentialAction":[{"@type":"ReadAction","target":["http:\/\/denizcankizil.tr\/en\/haberler\/gundem\/antalya-il-muftusu-yalcinkaya-zekat-ve-fitreyi-guvendiginiz-yerlere-verin\/"]}]},{"@type":"BreadcrumbList","@id":"http:\/\/denizcankizil.tr\/en\/haberler\/gundem\/antalya-il-muftusu-yalcinkaya-zekat-ve-fitreyi-guvendiginiz-yerlere-verin\/#breadcrumb","itemListElement":[{"@type":"ListItem","position":1,"name":"Home","item":"https:\/\/denizcankizil.tr\/de\/"},{"@type":"ListItem","position":2,"name":"Antalya \u0130l M\u00fcft\u00fcs\u00fc Yal\u00e7\u0131nkaya: Zekat ve fitreyi g\u00fcvendi\u011finiz yerlere verin"}]},{"@type":"WebSite","@id":"https:\/\/denizcankizil.tr\/de\/#website","url":"https:\/\/denizcankizil.tr\/de\/","name":"Av. Deniz Can K\u0131z\u0131l","description":"Avukat Deniz Can K\u0131z\u0131l Antalya Barosu","publisher":{"@id":"https:\/\/denizcankizil.tr\/de\/#organization"},"potentialAction":[{"@type":"SearchAction","target":{"@type":"EntryPoint","urlTemplate":"https:\/\/denizcankizil.tr\/de\/?s={search_term_string}"},"query-input":{"@type":"PropertyValueSpecification","valueRequired":true,"valueName":"search_term_string"}}],"inLanguage":"de"},{"@type":"Organization","@id":"https:\/\/denizcankizil.tr\/de\/#organization","name":"Av. Deniz Can K\u0131z\u0131l","url":"https:\/\/denizcankizil.tr\/de\/","logo":{"@type":"ImageObject","inLanguage":"de","@id":"https:\/\/denizcankizil.tr\/de\/#\/schema\/logo\/image\/","url":"https:\/\/denizcankizil.tr\/wp-content\/uploads\/2024\/10\/siyah-logo-svg.svg","contentUrl":"https:\/\/denizcankizil.tr\/wp-content\/uploads\/2024\/10\/siyah-logo-svg.svg","width":1080,"height":1080,"caption":"Av. Deniz Can K\u0131z\u0131l"},"image":{"@id":"https:\/\/denizcankizil.tr\/de\/#\/schema\/logo\/image\/"}},{"@type":"Person","@id":"https:\/\/denizcankizil.tr\/de\/#\/schema\/person\/e1eb71bb4dd684d46563f0af307e1234","name":"Antalya K\u00f6rfez","image":{"@type":"ImageObject","inLanguage":"de","@id":"https:\/\/denizcankizil.tr\/de\/#\/schema\/person\/image\/","url":"https:\/\/secure.gravatar.com\/avatar\/42b01982558a48a0b501fdcab6a408d3717ea5919095ee2e67b0e521799c5905?s=96&d=mm&r=g","contentUrl":"https:\/\/secure.gravatar.com\/avatar\/42b01982558a48a0b501fdcab6a408d3717ea5919095ee2e67b0e521799c5905?s=96&d=mm&r=g","caption":"Antalya K\u00f6rfez"},"sameAs":["http:\/\/www.antalyakorfez.com"],"url":"https:\/\/www.antalyakorfez.com\/antalya-il-muftusu-yalcinkaya-zekat-ve-fitreyi-guvendiginiz-yerlere-verin"}]}},"_links":{"self":[{"href":"https:\/\/denizcankizil.tr\/de\/wp-json\/wp\/v2\/posts\/34633","targetHints":{"allow":["GET"]}}],"collection":[{"href":"https:\/\/denizcankizil.tr\/de\/wp-json\/wp\/v2\/posts"}],"about":[{"href":"https:\/\/denizcankizil.tr\/de\/wp-json\/wp\/v2\/types\/post"}],"author":[{"embeddable":true,"href":"https:\/\/denizcankizil.tr\/de\/wp-json\/wp\/v2\/users\/5"}],"replies":[{"embeddable":true,"href":"https:\/\/denizcankizil.tr\/de\/wp-json\/wp\/v2\/comments?post=34633"}],"version-history":[{"count":0,"href":"https:\/\/denizcankizil.tr\/de\/wp-json\/wp\/v2\/posts\/34633\/revisions"}],"wp:attachment":[{"href":"https:\/\/denizcankizil.tr\/de\/wp-json\/wp\/v2\/media?parent=34633"}],"wp:term":[{"taxonomy":"category","embeddable":true,"href":"https:\/\/denizcankizil.tr\/de\/wp-json\/wp\/v2\/categories?post=34633"},{"taxonomy":"post_tag","embeddable":true,"href":"https:\/\/denizcankizil.tr\/de\/wp-json\/wp\/v2\/tags?post=34633"}],"curies":[{"name":"wp","href":"https:\/\/api.w.org\/{rel}","templated":true}]}}