{"id":34516,"date":"2025-03-02T19:41:24","date_gmt":"2025-03-02T16:41:24","guid":{"rendered":"https:\/\/denizcankizil.tr\/uncategorized-tr\/ozgur-ozel-bolu-kartalkayada-bariz-suclular-gorevde-hesap-sorulmuyor\/"},"modified":"2025-03-02T19:41:24","modified_gmt":"2025-03-02T16:41:24","slug":"ozgur-ozel-bolu-kartalkayada-bariz-suclular-gorevde-hesap-sorulmuyor","status":"publish","type":"post","link":"https:\/\/denizcankizil.tr\/de\/haberler\/gundem\/ozgur-ozel-bolu-kartalkayada-bariz-suclular-gorevde-hesap-sorulmuyor\/","title":{"rendered":"\u00d6zg\u00fcr \u00d6zel, Bolu Kartalkaya\u2019da: \u201cBariz su\u00e7lular g\u00f6revde, hesap sorulmuyor\u201d"},"content":{"rendered":"<p>Bolu Kartalkaya Kayak Merkezi&#8217;nde bulunan Grand Kartal Otel&#8217;de 21 Ocak gecesi \u00e7\u0131kan yang\u0131nda 78 ki\u015fi hayat\u0131n\u0131 kaybetmi\u015f, Bolu Cumhuriyet Ba\u015fsavc\u0131l\u0131\u011f\u0131 taraf\u0131ndan y\u00fcr\u00fct\u00fclen soru\u015fturma \u00e7er\u00e7evesinde g\u00f6zalt\u0131na al\u0131nan 31 ki\u015fiden 22\u2019si tutuklanm\u0131\u015ft\u0131. Faciadan sonra ikinci kez b\u00f6lgeye gelen CHP Genel Ba\u015fkan\u0131 \u00d6zg\u00fcr \u00d6zel ise 78 ki\u015fiye mezar olan otelde incelemelerde bulundu.\u00a0<\/p>\n<p>&#8220;10 G\u00dcN \u0130\u00c7\u0130NDE SORUMLULAR BULUNACAKTI&#8221;\u00a0<\/p>\n<p>\u0130\u00e7i\u015fleri Bakan\u0131 ve K\u00fclt\u00fcr ve Turizm Bakan\u0131 hakk\u0131nda konu\u015fan \u00d6zel, &#8220;40 g\u00fcn \u00f6nce bir facia ya\u015fad\u0131k ve 78 can\u0131m\u0131z\u0131 kaybettik. Olaydan sonra b\u00f6lgeye geldim daha sonras\u0131nda da grup toplant\u0131lar\u0131nda facian\u0131n sorumluluklar\u0131n\u0131n t\u00fcm y\u00f6nleriyle ortaya \u00e7\u0131kar\u0131lmas\u0131, sorumlular\u0131n hesap vermesiyle ilgili verilmi\u015f devlet s\u00f6z\u00fcn\u00fcn takip\u00e7isi olmaya \u00e7al\u0131\u015f\u0131yoruz. B\u00f6lgede ba\u015fka bir otelde \u0130\u00e7i\u015fleri Bakan\u0131, m\u00fclkiye m\u00fcfetti\u015flerinden olu\u015fan \u00e7ok g\u00fc\u00e7l\u00fc ve h\u0131zl\u0131 bir kadronun oldu\u011funu ve en ge\u00e7 10 g\u00fcn i\u00e7inde t\u00fcm y\u00f6nleriyle sorumlular\u0131n ortaya \u00e7\u0131kar\u0131laca\u011f\u0131n\u0131 ifade etmi\u015fti. Tabi o g\u00fcn sorumlu konu\u015fanlar \u0130\u00e7i\u015fleri Bakan\u0131 i\u00e7in s\u00f6yl\u00fcyorum sonra bir daha bu konuda konu\u015fmad\u0131lar&#8221;\u00a0dedi.\u00a0<\/p>\n<p>&#8220;\u0130\u00c7\u0130 ACIMAYANLAR MEMLEKET\u0130 BU HALE GET\u0130RD\u0130&#8221;\u00a0<\/p>\n<p>Bilirki\u015fi raporuna de\u011finen \u00d6zel, &#8220;Bu \u00e7a\u011fda her yerde yang\u0131n olur da hangisinde 78 ki\u015fi burada yanar. Madende 300 ki\u015fi \u00f6l\u00fcr, 28 ki\u015fi \u00f6l\u00fcr. Okula giden serviste \u00e7ocuk unutulur \u00f6l\u00fcr. Ate\u015f d\u00fc\u015ft\u00fc\u011f\u00fc yeri yak\u0131yor. Sistem kendini sorgulatmamak i\u00e7in \u00e7orap s\u00f6k\u00fc\u011f\u00fc gibi i\u015f en yukar\u0131lara gelmesin diye bu kadar bariz su\u00e7lu birini bile halen daha g\u00f6revde tutabiliyorlar, hesap sormuyorlar. Biz bug\u00fcn buraya Ramazan\u2019\u0131n ikinci g\u00fcn\u00fc, facian\u0131n 40\u2019\u0131nc\u0131 g\u00fcn\u00fcnde hem duam\u0131z\u0131 etmek, bir kez daha onlar\u0131n adalet talebini olay\u0131n oldu\u011fu yerden hayk\u0131rmak \u00fczere 40 g\u00fcn sonra yine buraday\u0131z.\u0130\u00e7i ac\u0131mayanlar memleketi bu hale getirdi. Bir daha bu memleketin evlatlar\u0131n\u0131n y\u00fcre\u011fi yanmas\u0131n diye hesap sormayanlardan hesap sormak zorunday\u0131z&#8221; diye konu\u015ftu.\u00a0<br \/>\n\u00a0 \u00a0 \u00a0 \u00a0 \u00a0 \u00a0 \u00a0 \u00a0 \u00a0 \u00a0 \u00a0 \u00a0 \u00a0 \u00a0<\/p>\n<p>\u200bCHP Genel Ba\u015fkan\u0131 \u00d6zg\u00fcr \u00d6zel, Grand Kartal Otel yang\u0131n\u0131n\u0131n 40.g\u00fcn\u00fcnde facia alan\u0131nda incelemelerde bulundu. Yetkililerin sorumlulardan hesap sormad\u0131\u011f\u0131n\u0131 vurgulayan \u00d6zel, &#8220;Sistem, \u00e7orap s\u00f6k\u00fc\u011f\u00fc gibi yukar\u0131ya ula\u015fmas\u0131n diye su\u00e7lular\u0131 koruyor&#8221; dedi.\u00a0<\/p>\n<p>\u200bHaberin Al\u0131nt\u0131land\u0131\u011f\u0131 Kaynak: www.antalyakorfez.com<\/p>","protected":false},"excerpt":{"rendered":"<p>Bolu Kartalkaya Kayak Merkezi&#8217;nde bulunan Grand Kartal Otel&#8217;de 21 Ocak gecesi \u00e7\u0131kan yang\u0131nda 78 ki\u015fi hayat\u0131n\u0131 kaybetmi\u015f, Bolu Cumhuriyet Ba\u015fsavc\u0131l\u0131\u011f\u0131 taraf\u0131ndan y\u00fcr\u00fct\u00fclen soru\u015fturma \u00e7er\u00e7evesinde g\u00f6zalt\u0131na al\u0131nan 31 ki\u015fiden 22\u2019si tutuklanm\u0131\u015ft\u0131. Faciadan sonra ikinci kez b\u00f6lgeye gelen CHP Genel Ba\u015fkan\u0131 \u00d6zg\u00fcr \u00d6zel ise 78 ki\u015fiye mezar olan otelde incelemelerde bulundu.\u00a0 &#8220;10 G\u00dcN \u0130\u00c7\u0130NDE SORUMLULAR BULUNACAKTI&#8221;\u00a0 \u0130\u00e7i\u015fleri Bakan\u0131 ve K\u00fclt\u00fcr ve Turizm Bakan\u0131 hakk\u0131nda konu\u015fan \u00d6zel, &#8220;40 g\u00fcn \u00f6nce bir facia ya\u015fad\u0131k ve 78 can\u0131m\u0131z\u0131 kaybettik. Olaydan sonra b\u00f6lgeye geldim daha sonras\u0131nda da grup toplant\u0131lar\u0131nda facian\u0131n sorumluluklar\u0131n\u0131n t\u00fcm y\u00f6nleriyle ortaya \u00e7\u0131kar\u0131lmas\u0131, sorumlular\u0131n hesap vermesiyle ilgili verilmi\u015f devlet s\u00f6z\u00fcn\u00fcn takip\u00e7isi olmaya \u00e7al\u0131\u015f\u0131yoruz. B\u00f6lgede ba\u015fka bir otelde \u0130\u00e7i\u015fleri Bakan\u0131, m\u00fclkiye m\u00fcfetti\u015flerinden olu\u015fan \u00e7ok g\u00fc\u00e7l\u00fc ve h\u0131zl\u0131 bir kadronun oldu\u011funu ve en ge\u00e7 10 g\u00fcn i\u00e7inde t\u00fcm y\u00f6nleriyle sorumlular\u0131n ortaya \u00e7\u0131kar\u0131laca\u011f\u0131n\u0131 ifade etmi\u015fti. Tabi o g\u00fcn sorumlu konu\u015fanlar \u0130\u00e7i\u015fleri Bakan\u0131 i\u00e7in s\u00f6yl\u00fcyorum sonra bir daha bu konuda konu\u015fmad\u0131lar&#8221;\u00a0dedi.\u00a0 &#8220;\u0130\u00c7\u0130 ACIMAYANLAR MEMLEKET\u0130 BU HALE GET\u0130RD\u0130&#8221;\u00a0 Bilirki\u015fi raporuna de\u011finen \u00d6zel, &#8220;Bu \u00e7a\u011fda her yerde yang\u0131n olur da hangisinde 78 ki\u015fi burada yanar. Madende 300 ki\u015fi \u00f6l\u00fcr, 28 ki\u015fi \u00f6l\u00fcr. Okula giden serviste \u00e7ocuk unutulur \u00f6l\u00fcr. Ate\u015f d\u00fc\u015ft\u00fc\u011f\u00fc yeri yak\u0131yor. Sistem kendini sorgulatmamak i\u00e7in \u00e7orap s\u00f6k\u00fc\u011f\u00fc gibi i\u015f en yukar\u0131lara gelmesin diye bu kadar bariz su\u00e7lu birini bile &hellip;<\/p>","protected":false},"author":5,"featured_media":0,"comment_status":"open","ping_status":"open","sticky":false,"template":"","format":"standard","meta":{"_acf_changed":false,"footnotes":""},"categories":[24],"tags":[],"class_list":["post-34516","post","type-post","status-publish","format-standard","has-post-thumbnail","hentry","category-gundem"],"acf":[],"yoast_head":"<!-- This site is optimized with the Yoast SEO Premium plugin v26.6 (Yoast SEO v27.1.1) - https:\/\/yoast.com\/product\/yoast-seo-premium-wordpress\/ -->\n<title>\u00d6zg\u00fcr \u00d6zel, Bolu Kartalkaya\u2019da: \u201cBariz su\u00e7lular g\u00f6revde, hesap sorulmuyor\u201d - Av. Deniz Can K\u0131z\u0131l<\/title>\n<meta name=\"robots\" content=\"index, follow, max-snippet:-1, max-image-preview:large, max-video-preview:-1\" \/>\n<link rel=\"canonical\" href=\"http:\/\/denizcankizil.tr\/de\/haberler\/gundem\/ozgur-ozel-bolu-kartalkayada-bariz-suclular-gorevde-hesap-sorulmuyor\/\" \/>\n<meta property=\"og:locale\" content=\"de_DE\" \/>\n<meta property=\"og:type\" content=\"article\" \/>\n<meta property=\"og:title\" content=\"\u00d6zg\u00fcr \u00d6zel, Bolu Kartalkaya\u2019da: \u201cBariz su\u00e7lular g\u00f6revde, hesap sorulmuyor\u201d\" \/>\n<meta property=\"og:description\" content=\"Bolu Kartalkaya Kayak Merkezi&#8217;nde bulunan Grand Kartal Otel&#8217;de 21 Ocak gecesi \u00e7\u0131kan yang\u0131nda 78 ki\u015fi hayat\u0131n\u0131 kaybetmi\u015f, Bolu Cumhuriyet Ba\u015fsavc\u0131l\u0131\u011f\u0131 taraf\u0131ndan y\u00fcr\u00fct\u00fclen soru\u015fturma \u00e7er\u00e7evesinde g\u00f6zalt\u0131na al\u0131nan 31 ki\u015fiden 22\u2019si tutuklanm\u0131\u015ft\u0131. Faciadan sonra ikinci kez b\u00f6lgeye gelen CHP Genel Ba\u015fkan\u0131 \u00d6zg\u00fcr \u00d6zel ise 78 ki\u015fiye mezar olan otelde incelemelerde bulundu.\u00a0 &#8220;10 G\u00dcN \u0130\u00c7\u0130NDE SORUMLULAR BULUNACAKTI&#8221;\u00a0 \u0130\u00e7i\u015fleri Bakan\u0131 ve K\u00fclt\u00fcr ve Turizm Bakan\u0131 hakk\u0131nda konu\u015fan \u00d6zel, &#8220;40 g\u00fcn \u00f6nce bir facia ya\u015fad\u0131k ve 78 can\u0131m\u0131z\u0131 kaybettik. Olaydan sonra b\u00f6lgeye geldim daha sonras\u0131nda da grup toplant\u0131lar\u0131nda facian\u0131n sorumluluklar\u0131n\u0131n t\u00fcm y\u00f6nleriyle ortaya \u00e7\u0131kar\u0131lmas\u0131, sorumlular\u0131n hesap vermesiyle ilgili verilmi\u015f devlet s\u00f6z\u00fcn\u00fcn takip\u00e7isi olmaya \u00e7al\u0131\u015f\u0131yoruz. B\u00f6lgede ba\u015fka bir otelde \u0130\u00e7i\u015fleri Bakan\u0131, m\u00fclkiye m\u00fcfetti\u015flerinden olu\u015fan \u00e7ok g\u00fc\u00e7l\u00fc ve h\u0131zl\u0131 bir kadronun oldu\u011funu ve en ge\u00e7 10 g\u00fcn i\u00e7inde t\u00fcm y\u00f6nleriyle sorumlular\u0131n ortaya \u00e7\u0131kar\u0131laca\u011f\u0131n\u0131 ifade etmi\u015fti. Tabi o g\u00fcn sorumlu konu\u015fanlar \u0130\u00e7i\u015fleri Bakan\u0131 i\u00e7in s\u00f6yl\u00fcyorum sonra bir daha bu konuda konu\u015fmad\u0131lar&#8221;\u00a0dedi.\u00a0 &#8220;\u0130\u00c7\u0130 ACIMAYANLAR MEMLEKET\u0130 BU HALE GET\u0130RD\u0130&#8221;\u00a0 Bilirki\u015fi raporuna de\u011finen \u00d6zel, &#8220;Bu \u00e7a\u011fda her yerde yang\u0131n olur da hangisinde 78 ki\u015fi burada yanar. Madende 300 ki\u015fi \u00f6l\u00fcr, 28 ki\u015fi \u00f6l\u00fcr. Okula giden serviste \u00e7ocuk unutulur \u00f6l\u00fcr. Ate\u015f d\u00fc\u015ft\u00fc\u011f\u00fc yeri yak\u0131yor. Sistem kendini sorgulatmamak i\u00e7in \u00e7orap s\u00f6k\u00fc\u011f\u00fc gibi i\u015f en yukar\u0131lara gelmesin diye bu kadar bariz su\u00e7lu birini bile &hellip;\" \/>\n<meta property=\"og:url\" content=\"http:\/\/denizcankizil.tr\/de\/haberler\/gundem\/ozgur-ozel-bolu-kartalkayada-bariz-suclular-gorevde-hesap-sorulmuyor\/\" \/>\n<meta property=\"og:site_name\" content=\"Av. Deniz Can K\u0131z\u0131l\" \/>\n<meta property=\"article:published_time\" content=\"2025-03-02T16:41:24+00:00\" \/>\n<meta name=\"author\" content=\"Antalya K\u00f6rfez\" \/>\n<meta name=\"twitter:card\" content=\"summary_large_image\" \/>\n<meta name=\"twitter:label1\" content=\"Verfasst von\" \/>\n\t<meta name=\"twitter:data1\" content=\"Antalya K\u00f6rfez\" \/>\n\t<meta name=\"twitter:label2\" content=\"Gesch\u00e4tzte Lesezeit\" \/>\n\t<meta name=\"twitter:data2\" content=\"2\u00a0Minuten\" \/>\n<script type=\"application\/ld+json\" class=\"yoast-schema-graph\">{\"@context\":\"https:\/\/schema.org\",\"@graph\":[{\"@type\":\"Article\",\"@id\":\"http:\/\/denizcankizil.tr\/ru\/haberler\/gundem\/ozgur-ozel-bolu-kartalkayada-bariz-suclular-gorevde-hesap-sorulmuyor\/#article\",\"isPartOf\":{\"@id\":\"http:\/\/denizcankizil.tr\/ru\/haberler\/gundem\/ozgur-ozel-bolu-kartalkayada-bariz-suclular-gorevde-hesap-sorulmuyor\/\"},\"author\":{\"name\":\"Antalya K\u00f6rfez\",\"@id\":\"https:\/\/denizcankizil.tr\/de\/#\/schema\/person\/e1eb71bb4dd684d46563f0af307e1234\"},\"headline\":\"\u00d6zg\u00fcr \u00d6zel, Bolu Kartalkaya\u2019da: \u201cBariz su\u00e7lular g\u00f6revde, hesap sorulmuyor\u201d\",\"datePublished\":\"2025-03-02T16:41:24+00:00\",\"mainEntityOfPage\":{\"@id\":\"http:\/\/denizcankizil.tr\/ru\/haberler\/gundem\/ozgur-ozel-bolu-kartalkayada-bariz-suclular-gorevde-hesap-sorulmuyor\/\"},\"wordCount\":422,\"commentCount\":0,\"publisher\":{\"@id\":\"https:\/\/denizcankizil.tr\/de\/#organization\"},\"articleSection\":[\"G\u00fcndem\"],\"inLanguage\":\"de\",\"potentialAction\":[{\"@type\":\"CommentAction\",\"name\":\"Comment\",\"target\":[\"http:\/\/denizcankizil.tr\/ru\/haberler\/gundem\/ozgur-ozel-bolu-kartalkayada-bariz-suclular-gorevde-hesap-sorulmuyor\/#respond\"]}]},{\"@type\":\"WebPage\",\"@id\":\"http:\/\/denizcankizil.tr\/ru\/haberler\/gundem\/ozgur-ozel-bolu-kartalkayada-bariz-suclular-gorevde-hesap-sorulmuyor\/\",\"url\":\"http:\/\/denizcankizil.tr\/ru\/haberler\/gundem\/ozgur-ozel-bolu-kartalkayada-bariz-suclular-gorevde-hesap-sorulmuyor\/\",\"name\":\"\u00d6zg\u00fcr \u00d6zel, Bolu Kartalkaya\u2019da: \u201cBariz su\u00e7lular g\u00f6revde, hesap sorulmuyor\u201d - Av. Deniz Can K\u0131z\u0131l\",\"isPartOf\":{\"@id\":\"https:\/\/denizcankizil.tr\/de\/#website\"},\"datePublished\":\"2025-03-02T16:41:24+00:00\",\"breadcrumb\":{\"@id\":\"http:\/\/denizcankizil.tr\/ru\/haberler\/gundem\/ozgur-ozel-bolu-kartalkayada-bariz-suclular-gorevde-hesap-sorulmuyor\/#breadcrumb\"},\"inLanguage\":\"de\",\"potentialAction\":[{\"@type\":\"ReadAction\",\"target\":[\"http:\/\/denizcankizil.tr\/ru\/haberler\/gundem\/ozgur-ozel-bolu-kartalkayada-bariz-suclular-gorevde-hesap-sorulmuyor\/\"]}]},{\"@type\":\"BreadcrumbList\",\"@id\":\"http:\/\/denizcankizil.tr\/ru\/haberler\/gundem\/ozgur-ozel-bolu-kartalkayada-bariz-suclular-gorevde-hesap-sorulmuyor\/#breadcrumb\",\"itemListElement\":[{\"@type\":\"ListItem\",\"position\":1,\"name\":\"Home\",\"item\":\"https:\/\/denizcankizil.tr\/de\/\"},{\"@type\":\"ListItem\",\"position\":2,\"name\":\"\u00d6zg\u00fcr \u00d6zel, Bolu Kartalkaya\u2019da: \u201cBariz su\u00e7lular g\u00f6revde, hesap sorulmuyor\u201d\"}]},{\"@type\":\"WebSite\",\"@id\":\"https:\/\/denizcankizil.tr\/de\/#website\",\"url\":\"https:\/\/denizcankizil.tr\/de\/\",\"name\":\"Av. Deniz Can K\u0131z\u0131l\",\"description\":\"Avukat Deniz Can K\u0131z\u0131l Antalya Barosu\",\"publisher\":{\"@id\":\"https:\/\/denizcankizil.tr\/de\/#organization\"},\"potentialAction\":[{\"@type\":\"SearchAction\",\"target\":{\"@type\":\"EntryPoint\",\"urlTemplate\":\"https:\/\/denizcankizil.tr\/de\/?s={search_term_string}\"},\"query-input\":{\"@type\":\"PropertyValueSpecification\",\"valueRequired\":true,\"valueName\":\"search_term_string\"}}],\"inLanguage\":\"de\"},{\"@type\":\"Organization\",\"@id\":\"https:\/\/denizcankizil.tr\/de\/#organization\",\"name\":\"Av. Deniz Can K\u0131z\u0131l\",\"url\":\"https:\/\/denizcankizil.tr\/de\/\",\"logo\":{\"@type\":\"ImageObject\",\"inLanguage\":\"de\",\"@id\":\"https:\/\/denizcankizil.tr\/de\/#\/schema\/logo\/image\/\",\"url\":\"https:\/\/denizcankizil.tr\/wp-content\/uploads\/2024\/10\/siyah-logo-svg.svg\",\"contentUrl\":\"https:\/\/denizcankizil.tr\/wp-content\/uploads\/2024\/10\/siyah-logo-svg.svg\",\"width\":1080,\"height\":1080,\"caption\":\"Av. Deniz Can K\u0131z\u0131l\"},\"image\":{\"@id\":\"https:\/\/denizcankizil.tr\/de\/#\/schema\/logo\/image\/\"}},{\"@type\":\"Person\",\"@id\":\"https:\/\/denizcankizil.tr\/de\/#\/schema\/person\/e1eb71bb4dd684d46563f0af307e1234\",\"name\":\"Antalya K\u00f6rfez\",\"image\":{\"@type\":\"ImageObject\",\"inLanguage\":\"de\",\"@id\":\"https:\/\/denizcankizil.tr\/de\/#\/schema\/person\/image\/\",\"url\":\"https:\/\/secure.gravatar.com\/avatar\/42b01982558a48a0b501fdcab6a408d3717ea5919095ee2e67b0e521799c5905?s=96&d=mm&r=g\",\"contentUrl\":\"https:\/\/secure.gravatar.com\/avatar\/42b01982558a48a0b501fdcab6a408d3717ea5919095ee2e67b0e521799c5905?s=96&d=mm&r=g\",\"caption\":\"Antalya K\u00f6rfez\"},\"sameAs\":[\"http:\/\/www.antalyakorfez.com\"],\"url\":\"https:\/\/www.antalyakorfez.com\/ozgur-ozel-bolu-kartalkayada-bariz-suclular-gorevde-hesap-sorulmuyor\"}]}<\/script>\n<!-- \/ Yoast SEO Premium plugin. -->","yoast_head_json":{"title":"\u00d6zg\u00fcr \u00d6zel, Bolu Kartalkaya\u2019da: \u201cBariz su\u00e7lular g\u00f6revde, hesap sorulmuyor\u201d - Av. Deniz Can K\u0131z\u0131l","robots":{"index":"index","follow":"follow","max-snippet":"max-snippet:-1","max-image-preview":"max-image-preview:large","max-video-preview":"max-video-preview:-1"},"canonical":"http:\/\/denizcankizil.tr\/de\/haberler\/gundem\/ozgur-ozel-bolu-kartalkayada-bariz-suclular-gorevde-hesap-sorulmuyor\/","og_locale":"de_DE","og_type":"article","og_title":"\u00d6zg\u00fcr \u00d6zel, Bolu Kartalkaya\u2019da: \u201cBariz su\u00e7lular g\u00f6revde, hesap sorulmuyor\u201d","og_description":"Bolu Kartalkaya Kayak Merkezi&#8217;nde bulunan Grand Kartal Otel&#8217;de 21 Ocak gecesi \u00e7\u0131kan yang\u0131nda 78 ki\u015fi hayat\u0131n\u0131 kaybetmi\u015f, Bolu Cumhuriyet Ba\u015fsavc\u0131l\u0131\u011f\u0131 taraf\u0131ndan y\u00fcr\u00fct\u00fclen soru\u015fturma \u00e7er\u00e7evesinde g\u00f6zalt\u0131na al\u0131nan 31 ki\u015fiden 22\u2019si tutuklanm\u0131\u015ft\u0131. Faciadan sonra ikinci kez b\u00f6lgeye gelen CHP Genel Ba\u015fkan\u0131 \u00d6zg\u00fcr \u00d6zel ise 78 ki\u015fiye mezar olan otelde incelemelerde bulundu.\u00a0 &#8220;10 G\u00dcN \u0130\u00c7\u0130NDE SORUMLULAR BULUNACAKTI&#8221;\u00a0 \u0130\u00e7i\u015fleri Bakan\u0131 ve K\u00fclt\u00fcr ve Turizm Bakan\u0131 hakk\u0131nda konu\u015fan \u00d6zel, &#8220;40 g\u00fcn \u00f6nce bir facia ya\u015fad\u0131k ve 78 can\u0131m\u0131z\u0131 kaybettik. Olaydan sonra b\u00f6lgeye geldim daha sonras\u0131nda da grup toplant\u0131lar\u0131nda facian\u0131n sorumluluklar\u0131n\u0131n t\u00fcm y\u00f6nleriyle ortaya \u00e7\u0131kar\u0131lmas\u0131, sorumlular\u0131n hesap vermesiyle ilgili verilmi\u015f devlet s\u00f6z\u00fcn\u00fcn takip\u00e7isi olmaya \u00e7al\u0131\u015f\u0131yoruz. B\u00f6lgede ba\u015fka bir otelde \u0130\u00e7i\u015fleri Bakan\u0131, m\u00fclkiye m\u00fcfetti\u015flerinden olu\u015fan \u00e7ok g\u00fc\u00e7l\u00fc ve h\u0131zl\u0131 bir kadronun oldu\u011funu ve en ge\u00e7 10 g\u00fcn i\u00e7inde t\u00fcm y\u00f6nleriyle sorumlular\u0131n ortaya \u00e7\u0131kar\u0131laca\u011f\u0131n\u0131 ifade etmi\u015fti. Tabi o g\u00fcn sorumlu konu\u015fanlar \u0130\u00e7i\u015fleri Bakan\u0131 i\u00e7in s\u00f6yl\u00fcyorum sonra bir daha bu konuda konu\u015fmad\u0131lar&#8221;\u00a0dedi.\u00a0 &#8220;\u0130\u00c7\u0130 ACIMAYANLAR MEMLEKET\u0130 BU HALE GET\u0130RD\u0130&#8221;\u00a0 Bilirki\u015fi raporuna de\u011finen \u00d6zel, &#8220;Bu \u00e7a\u011fda her yerde yang\u0131n olur da hangisinde 78 ki\u015fi burada yanar. Madende 300 ki\u015fi \u00f6l\u00fcr, 28 ki\u015fi \u00f6l\u00fcr. Okula giden serviste \u00e7ocuk unutulur \u00f6l\u00fcr. Ate\u015f d\u00fc\u015ft\u00fc\u011f\u00fc yeri yak\u0131yor. Sistem kendini sorgulatmamak i\u00e7in \u00e7orap s\u00f6k\u00fc\u011f\u00fc gibi i\u015f en yukar\u0131lara gelmesin diye bu kadar bariz su\u00e7lu birini bile &hellip;","og_url":"http:\/\/denizcankizil.tr\/de\/haberler\/gundem\/ozgur-ozel-bolu-kartalkayada-bariz-suclular-gorevde-hesap-sorulmuyor\/","og_site_name":"Av. Deniz Can K\u0131z\u0131l","article_published_time":"2025-03-02T16:41:24+00:00","author":"Antalya K\u00f6rfez","twitter_card":"summary_large_image","twitter_misc":{"Verfasst von":"Antalya K\u00f6rfez","Gesch\u00e4tzte Lesezeit":"2\u00a0Minuten"},"schema":{"@context":"https:\/\/schema.org","@graph":[{"@type":"Article","@id":"http:\/\/denizcankizil.tr\/ru\/haberler\/gundem\/ozgur-ozel-bolu-kartalkayada-bariz-suclular-gorevde-hesap-sorulmuyor\/#article","isPartOf":{"@id":"http:\/\/denizcankizil.tr\/ru\/haberler\/gundem\/ozgur-ozel-bolu-kartalkayada-bariz-suclular-gorevde-hesap-sorulmuyor\/"},"author":{"name":"Antalya K\u00f6rfez","@id":"https:\/\/denizcankizil.tr\/de\/#\/schema\/person\/e1eb71bb4dd684d46563f0af307e1234"},"headline":"\u00d6zg\u00fcr \u00d6zel, Bolu Kartalkaya\u2019da: \u201cBariz su\u00e7lular g\u00f6revde, hesap sorulmuyor\u201d","datePublished":"2025-03-02T16:41:24+00:00","mainEntityOfPage":{"@id":"http:\/\/denizcankizil.tr\/ru\/haberler\/gundem\/ozgur-ozel-bolu-kartalkayada-bariz-suclular-gorevde-hesap-sorulmuyor\/"},"wordCount":422,"commentCount":0,"publisher":{"@id":"https:\/\/denizcankizil.tr\/de\/#organization"},"articleSection":["G\u00fcndem"],"inLanguage":"de","potentialAction":[{"@type":"CommentAction","name":"Comment","target":["http:\/\/denizcankizil.tr\/ru\/haberler\/gundem\/ozgur-ozel-bolu-kartalkayada-bariz-suclular-gorevde-hesap-sorulmuyor\/#respond"]}]},{"@type":"WebPage","@id":"http:\/\/denizcankizil.tr\/ru\/haberler\/gundem\/ozgur-ozel-bolu-kartalkayada-bariz-suclular-gorevde-hesap-sorulmuyor\/","url":"http:\/\/denizcankizil.tr\/ru\/haberler\/gundem\/ozgur-ozel-bolu-kartalkayada-bariz-suclular-gorevde-hesap-sorulmuyor\/","name":"\u00d6zg\u00fcr \u00d6zel, Bolu Kartalkaya\u2019da: \u201cBariz su\u00e7lular g\u00f6revde, hesap sorulmuyor\u201d - Av. Deniz Can K\u0131z\u0131l","isPartOf":{"@id":"https:\/\/denizcankizil.tr\/de\/#website"},"datePublished":"2025-03-02T16:41:24+00:00","breadcrumb":{"@id":"http:\/\/denizcankizil.tr\/ru\/haberler\/gundem\/ozgur-ozel-bolu-kartalkayada-bariz-suclular-gorevde-hesap-sorulmuyor\/#breadcrumb"},"inLanguage":"de","potentialAction":[{"@type":"ReadAction","target":["http:\/\/denizcankizil.tr\/ru\/haberler\/gundem\/ozgur-ozel-bolu-kartalkayada-bariz-suclular-gorevde-hesap-sorulmuyor\/"]}]},{"@type":"BreadcrumbList","@id":"http:\/\/denizcankizil.tr\/ru\/haberler\/gundem\/ozgur-ozel-bolu-kartalkayada-bariz-suclular-gorevde-hesap-sorulmuyor\/#breadcrumb","itemListElement":[{"@type":"ListItem","position":1,"name":"Home","item":"https:\/\/denizcankizil.tr\/de\/"},{"@type":"ListItem","position":2,"name":"\u00d6zg\u00fcr \u00d6zel, Bolu Kartalkaya\u2019da: \u201cBariz su\u00e7lular g\u00f6revde, hesap sorulmuyor\u201d"}]},{"@type":"WebSite","@id":"https:\/\/denizcankizil.tr\/de\/#website","url":"https:\/\/denizcankizil.tr\/de\/","name":"Av. Deniz Can K\u0131z\u0131l","description":"Avukat Deniz Can K\u0131z\u0131l Antalya Barosu","publisher":{"@id":"https:\/\/denizcankizil.tr\/de\/#organization"},"potentialAction":[{"@type":"SearchAction","target":{"@type":"EntryPoint","urlTemplate":"https:\/\/denizcankizil.tr\/de\/?s={search_term_string}"},"query-input":{"@type":"PropertyValueSpecification","valueRequired":true,"valueName":"search_term_string"}}],"inLanguage":"de"},{"@type":"Organization","@id":"https:\/\/denizcankizil.tr\/de\/#organization","name":"Av. Deniz Can K\u0131z\u0131l","url":"https:\/\/denizcankizil.tr\/de\/","logo":{"@type":"ImageObject","inLanguage":"de","@id":"https:\/\/denizcankizil.tr\/de\/#\/schema\/logo\/image\/","url":"https:\/\/denizcankizil.tr\/wp-content\/uploads\/2024\/10\/siyah-logo-svg.svg","contentUrl":"https:\/\/denizcankizil.tr\/wp-content\/uploads\/2024\/10\/siyah-logo-svg.svg","width":1080,"height":1080,"caption":"Av. Deniz Can K\u0131z\u0131l"},"image":{"@id":"https:\/\/denizcankizil.tr\/de\/#\/schema\/logo\/image\/"}},{"@type":"Person","@id":"https:\/\/denizcankizil.tr\/de\/#\/schema\/person\/e1eb71bb4dd684d46563f0af307e1234","name":"Antalya K\u00f6rfez","image":{"@type":"ImageObject","inLanguage":"de","@id":"https:\/\/denizcankizil.tr\/de\/#\/schema\/person\/image\/","url":"https:\/\/secure.gravatar.com\/avatar\/42b01982558a48a0b501fdcab6a408d3717ea5919095ee2e67b0e521799c5905?s=96&d=mm&r=g","contentUrl":"https:\/\/secure.gravatar.com\/avatar\/42b01982558a48a0b501fdcab6a408d3717ea5919095ee2e67b0e521799c5905?s=96&d=mm&r=g","caption":"Antalya K\u00f6rfez"},"sameAs":["http:\/\/www.antalyakorfez.com"],"url":"https:\/\/www.antalyakorfez.com\/ozgur-ozel-bolu-kartalkayada-bariz-suclular-gorevde-hesap-sorulmuyor"}]}},"_links":{"self":[{"href":"https:\/\/denizcankizil.tr\/de\/wp-json\/wp\/v2\/posts\/34516","targetHints":{"allow":["GET"]}}],"collection":[{"href":"https:\/\/denizcankizil.tr\/de\/wp-json\/wp\/v2\/posts"}],"about":[{"href":"https:\/\/denizcankizil.tr\/de\/wp-json\/wp\/v2\/types\/post"}],"author":[{"embeddable":true,"href":"https:\/\/denizcankizil.tr\/de\/wp-json\/wp\/v2\/users\/5"}],"replies":[{"embeddable":true,"href":"https:\/\/denizcankizil.tr\/de\/wp-json\/wp\/v2\/comments?post=34516"}],"version-history":[{"count":0,"href":"https:\/\/denizcankizil.tr\/de\/wp-json\/wp\/v2\/posts\/34516\/revisions"}],"wp:attachment":[{"href":"https:\/\/denizcankizil.tr\/de\/wp-json\/wp\/v2\/media?parent=34516"}],"wp:term":[{"taxonomy":"category","embeddable":true,"href":"https:\/\/denizcankizil.tr\/de\/wp-json\/wp\/v2\/categories?post=34516"},{"taxonomy":"post_tag","embeddable":true,"href":"https:\/\/denizcankizil.tr\/de\/wp-json\/wp\/v2\/tags?post=34516"}],"curies":[{"name":"wp","href":"https:\/\/api.w.org\/{rel}","templated":true}]}}