{"id":34514,"date":"2025-03-02T18:41:26","date_gmt":"2025-03-02T15:41:26","guid":{"rendered":"https:\/\/denizcankizil.tr\/uncategorized-tr\/kadinlar-mersinde-meslek-edinerek-cinsiyet-algisini-kiriyor\/"},"modified":"2025-03-02T18:41:26","modified_gmt":"2025-03-02T15:41:26","slug":"kadinlar-mersinde-meslek-edinerek-cinsiyet-algisini-kiriyor","status":"publish","type":"post","link":"https:\/\/denizcankizil.tr\/de\/haberler\/gundem\/kadinlar-mersinde-meslek-edinerek-cinsiyet-algisini-kiriyor\/","title":{"rendered":"Kad\u0131nlar Mersin&#8217;de meslek edinerek cinsiyet alg\u0131s\u0131n\u0131 k\u0131r\u0131yor"},"content":{"rendered":"<p>Mersin B\u00fcy\u00fck\u015fehir Belediyesi Sosyal Hizmetler Dairesi Ba\u015fkanl\u0131\u011f\u0131 b\u00fcnyesinde, \u2018Her i\u015fe hakk\u0131m\u0131z var\u2019 slogan\u0131yla y\u00fcr\u00fct\u00fclen \u2018Mersinli Kad\u0131n Ustalar\u2019 projesi, meslek edindirme kurslar\u0131yla kad\u0131nlara yeni bir hayat\u0131n kap\u0131lar\u0131n\u0131 aralamaya devam ediyor. Kad\u0131nlar\u0131n marangozluk, kaynak\u00e7\u0131l\u0131k, in\u015faat boyac\u0131l\u0131\u011f\u0131 gibi alanlarda yer almas\u0131n\u0131 te\u015fvik eden proje, toplumdaki alg\u0131y\u0131 de\u011fi\u015ftirmeye ba\u015flad\u0131.\u00a0Kurslar\u0131 ba\u015far\u0131yla tamamlayan kad\u0131nlar, i\u015f hayat\u0131na at\u0131lmalar\u0131n\u0131 kolayla\u015ft\u0131ran &#8216;Mesleki Yeterlilik Belgesi&#8217; alarak ekonomik ba\u011f\u0131ms\u0131zl\u0131klar\u0131na da kavu\u015fuyor. Projeden faydalanan kad\u0131nlar sadece bir meslek edinmiyor, ayn\u0131 zamanda g\u00fc\u00e7l\u00fc duru\u015flar\u0131yla toplumda yerle\u015fik olan alg\u0131lar\u0131 y\u0131k\u0131yor. \u2018Bu i\u015fler erkek i\u015fi de\u011fil, ustal\u0131k i\u015fi\u2019 diyerek kaynak makinesiyle metal \u015fekillendiren kad\u0131nlar, meslekler aras\u0131nda cinsiyet ayr\u0131m\u0131 yap\u0131lamayaca\u011f\u0131n\u0131 her g\u00fcn bir kez daha kan\u0131tl\u0131yor.\u00a0<\/p>\n<p>&#8220;KURS\u0130YERLER\u0130 YET\u0130\u015eT\u0130REREK, \u0130ST\u0130HDAMA Y\u00d6NLEND\u0130R\u0130YORUZ&#8221;\u00a0<\/p>\n<p>Sosyal Hizmetler Dairesi Ba\u015fkanl\u0131\u011f\u0131na ba\u011fl\u0131 MERCEK Mesleki E\u011fitim Merkezleri Koordinat\u00f6r\u00fc G\u00fcl Kadem Maya, T\u0131rm\u0131l MERCEK Mesleki E\u011fitim Merkezi hakk\u0131nda bilgi verirken, merkezin burada olmas\u0131n\u0131n nedenlerini aktard\u0131. Maya, &#8220;T\u0131rm\u0131l MERCEK Mesleki E\u011fitim Merkezi, T\u0131rm\u0131l Sanayi Sitesinin tam ortas\u0131nda yer al\u0131yor. Burada olmas\u0131n\u0131n sebebi de direkt i\u015fin merkezinde kursiyerlerimizi yeti\u015ftirerek istihdama y\u00f6nlendirmek istiyoruz. Burada metal sac, makine, tekstil, in\u015faat ve ah\u015fap mobilya alan\u0131nda kurslar\u0131m\u0131z var. Bu sayd\u0131\u011f\u0131m e\u011fitimlerin i\u00e7erisine kaynak kursunu da d\u00e2hil ettik&#8221; dedi.\u00a0<\/p>\n<p>ULUSLARARASI \u00c7ALI\u015eMA \u0130MKANI\u00a0<\/p>\n<p>Kaynak kursu hakk\u0131nda bilgi veren Maya, kurstan al\u0131nan belge ile kursiyerlerin uluslararas\u0131 \u00e7al\u0131\u015fma imk\u00e2nlar\u0131n\u0131n oldu\u011funa de\u011finerek, &#8220;Kaynak kursunda hem kad\u0131n ustalar yeti\u015ftiriyoruz hem de gen\u00e7lerimizi bu mesle\u011fe y\u00f6nlendiriyoruz. Kad\u0131n ustalar kaynak kursundan \u2018Mesleki Yeterlilik Belgesi\u2019 ile mezun oluyorlar. Uluslararas\u0131 ge\u00e7erlili\u011fi olan bir belge oldu\u011fu i\u00e7in her alanda, her yerde i\u015f bulma imk\u00e2n\u0131n\u0131 da kazanm\u0131\u015f oluyorlar&#8221; diye konu\u015ftu. Kaynak At\u00f6lyesinin en yo\u011fun talep alan kurs oldu\u011funu da belirten Maya, &#8220;Kaynak kursumuz 20 kursiyerimizle e\u011fitime devam ediyor. Mersin\u2019de art\u0131k kad\u0131nlar, mesleklerin cinsiyet alg\u0131s\u0131n\u0131 de\u011fi\u015ftiriyor&#8221; ifadelerine yer verdi.\u00a0<\/p>\n<p>&#8220;BELGEY\u0130 ALANLAR USTA OLARAK \u00c7ALI\u015eAB\u0130L\u0130YOR&#8221;\u00a0<\/p>\n<p>T\u0131rm\u0131l Mercek\u2019te Makine Bak\u0131m ve Kaynak E\u011fitmeni olarak g\u00f6rev yapan Mahmut Uyan\u0131k, kurslar\u0131n i\u00e7eri\u011fi hakk\u0131nda bilgi aktararak, &#8220;MERCEK\u2019te mesleki e\u011fitimler veriyoruz. Burada da \u00e7elik kaynak, makine bak\u0131m, metal sac i\u015fleme, mobilya imalat\u0131, in\u015faat ve diki\u015f nak\u0131\u015f e\u011fitimleri veriyoruz. Burada verilen e\u011fitimler, Halk E\u011fitim ve Mesleki Yeterlilik Kurumu \u00e7at\u0131s\u0131nda ger\u00e7ekle\u015fiyor. Halk E\u011fitimde alan kurslar\u0131m\u0131z var ve bu kurslardan belge alan kursiyerler usta olarak \u00e7al\u0131\u015fabiliyor&#8221; diye konu\u015ftu.\u00a0<\/p>\n<p>&#8220;KADINLARIN BA\u015eARAMAYACA\u011eI H\u0130\u00c7B\u0130R \u015eEY YOK&#8221;<\/p>\n<p>2 \u00e7ocuk annesi oldu\u011funu ve bu mesle\u011fe ba\u015faraca\u011f\u0131na inanarak ba\u015flad\u0131\u011f\u0131n\u0131 s\u00f6yleyen kursiyerlerden G\u00fcner K\u0131l\u0131n\u00e7, &#8220;Kad\u0131nlar\u0131n ba\u015faramayaca\u011f\u0131 hi\u00e7bir \u015fey yok. Ben makine bak\u0131m ustas\u0131y\u0131m. \u015eimdi de kaynak \u00f6\u011frenmek istedim. Ben ayn\u0131 zamanda bir kaynak\u00e7\u0131 e\u015fiyim. Buradaki hocalar\u0131m\u0131z\u0131n deste\u011fiyle ba\u015faraca\u011f\u0131m\u0131 d\u00fc\u015f\u00fcn\u00fcyorum&#8221; dedi.\u00a025 y\u0131ld\u0131r moda tasar\u0131mc\u0131s\u0131 oldu\u011funu, daha fazla neler yapabildi\u011fini g\u00f6rmek ad\u0131na kaynak kursuna ba\u015flad\u0131\u011f\u0131n\u0131 ifade eden bir ba\u015fka kursiyer Se\u00e7il Yarkada\u015f ise &#8220;Mersin B\u00fcy\u00fck\u015fehir Belediyesinin, bu e\u011fitimi \u00fccretsiz olarak verdi\u011fini \u00f6\u011frendim. Hemen deneyimlemek istedim ve geldim&#8221; ifadelerine yer verdi.\u00a0<br \/>\n\u00a0 \u00a0 \u00a0 \u00a0 \u00a0 \u00a0 \u00a0 \u00a0 \u00a0 \u00a0 \u00a0 \u00a0 \u00a0 \u00a0\u00a0<\/p>\n<p>\u200bMersinli kad\u0131nlar, &#8216;Kad\u0131n Ustalar&#8217; projesi sayesinde marangozluk, kaynak\u00e7\u0131l\u0131k ve in\u015faat boyac\u0131l\u0131\u011f\u0131 gibi erkeklere ait oldu\u011fu d\u00fc\u015f\u00fcn\u00fclen mesleklerde ustal\u0131k \u00f6\u011freniyor ve i\u015f hayat\u0131na at\u0131lmak i\u00e7in &#8216;Mesleki Yeterlilik Belgesi&#8217; al\u0131yorlar.\u00a0<\/p>\n<p>\u200bHaberin Al\u0131nt\u0131land\u0131\u011f\u0131 Kaynak: www.antalyakorfez.com<\/p>","protected":false},"excerpt":{"rendered":"<p>Mersin B\u00fcy\u00fck\u015fehir Belediyesi Sosyal Hizmetler Dairesi Ba\u015fkanl\u0131\u011f\u0131 b\u00fcnyesinde, \u2018Her i\u015fe hakk\u0131m\u0131z var\u2019 slogan\u0131yla y\u00fcr\u00fct\u00fclen \u2018Mersinli Kad\u0131n Ustalar\u2019 projesi, meslek edindirme kurslar\u0131yla kad\u0131nlara yeni bir hayat\u0131n kap\u0131lar\u0131n\u0131 aralamaya devam ediyor. Kad\u0131nlar\u0131n marangozluk, kaynak\u00e7\u0131l\u0131k, in\u015faat boyac\u0131l\u0131\u011f\u0131 gibi alanlarda yer almas\u0131n\u0131 te\u015fvik eden proje, toplumdaki alg\u0131y\u0131 de\u011fi\u015ftirmeye ba\u015flad\u0131.\u00a0Kurslar\u0131 ba\u015far\u0131yla tamamlayan kad\u0131nlar, i\u015f hayat\u0131na at\u0131lmalar\u0131n\u0131 kolayla\u015ft\u0131ran &#8216;Mesleki Yeterlilik Belgesi&#8217; alarak ekonomik ba\u011f\u0131ms\u0131zl\u0131klar\u0131na da kavu\u015fuyor. Projeden faydalanan kad\u0131nlar sadece bir meslek edinmiyor, ayn\u0131 zamanda g\u00fc\u00e7l\u00fc duru\u015flar\u0131yla toplumda yerle\u015fik olan alg\u0131lar\u0131 y\u0131k\u0131yor. \u2018Bu i\u015fler erkek i\u015fi de\u011fil, ustal\u0131k i\u015fi\u2019 diyerek kaynak makinesiyle metal \u015fekillendiren kad\u0131nlar, meslekler aras\u0131nda cinsiyet ayr\u0131m\u0131 yap\u0131lamayaca\u011f\u0131n\u0131 her g\u00fcn bir kez daha kan\u0131tl\u0131yor.\u00a0 &#8220;KURS\u0130YERLER\u0130 YET\u0130\u015eT\u0130REREK, \u0130ST\u0130HDAMA Y\u00d6NLEND\u0130R\u0130YORUZ&#8221;\u00a0 Sosyal Hizmetler Dairesi Ba\u015fkanl\u0131\u011f\u0131na ba\u011fl\u0131 MERCEK Mesleki E\u011fitim Merkezleri Koordinat\u00f6r\u00fc G\u00fcl Kadem Maya, T\u0131rm\u0131l MERCEK Mesleki E\u011fitim Merkezi hakk\u0131nda bilgi verirken, merkezin burada olmas\u0131n\u0131n nedenlerini aktard\u0131. Maya, &#8220;T\u0131rm\u0131l MERCEK Mesleki E\u011fitim Merkezi, T\u0131rm\u0131l Sanayi Sitesinin tam ortas\u0131nda yer al\u0131yor. Burada olmas\u0131n\u0131n sebebi de direkt i\u015fin merkezinde kursiyerlerimizi yeti\u015ftirerek istihdama y\u00f6nlendirmek istiyoruz. Burada metal sac, makine, tekstil, in\u015faat ve ah\u015fap mobilya alan\u0131nda kurslar\u0131m\u0131z var. Bu sayd\u0131\u011f\u0131m e\u011fitimlerin i\u00e7erisine kaynak kursunu da d\u00e2hil ettik&#8221; dedi.\u00a0 ULUSLARARASI \u00c7ALI\u015eMA \u0130MKANI\u00a0 Kaynak kursu hakk\u0131nda bilgi veren Maya, kurstan al\u0131nan belge ile kursiyerlerin uluslararas\u0131 \u00e7al\u0131\u015fma imk\u00e2nlar\u0131n\u0131n oldu\u011funa de\u011finerek, &#8220;Kaynak kursunda hem kad\u0131n &hellip;<\/p>","protected":false},"author":5,"featured_media":0,"comment_status":"open","ping_status":"open","sticky":false,"template":"","format":"standard","meta":{"_acf_changed":false,"footnotes":""},"categories":[24],"tags":[],"class_list":["post-34514","post","type-post","status-publish","format-standard","has-post-thumbnail","hentry","category-gundem"],"acf":[],"yoast_head":"<!-- This site is optimized with the Yoast SEO Premium plugin v26.6 (Yoast SEO v27.1.1) - https:\/\/yoast.com\/product\/yoast-seo-premium-wordpress\/ -->\n<title>Kad\u0131nlar Mersin&#039;de meslek edinerek cinsiyet alg\u0131s\u0131n\u0131 k\u0131r\u0131yor - Av. Deniz Can K\u0131z\u0131l<\/title>\n<meta name=\"robots\" content=\"index, follow, max-snippet:-1, max-image-preview:large, max-video-preview:-1\" \/>\n<link rel=\"canonical\" href=\"https:\/\/denizcankizil.tr\/de\/haberler\/gundem\/kadinlar-mersinde-meslek-edinerek-cinsiyet-algisini-kiriyor\/\" \/>\n<meta property=\"og:locale\" content=\"de_DE\" \/>\n<meta property=\"og:type\" content=\"article\" \/>\n<meta property=\"og:title\" content=\"Kad\u0131nlar Mersin&#039;de meslek edinerek cinsiyet alg\u0131s\u0131n\u0131 k\u0131r\u0131yor\" \/>\n<meta property=\"og:description\" content=\"Mersin B\u00fcy\u00fck\u015fehir Belediyesi Sosyal Hizmetler Dairesi Ba\u015fkanl\u0131\u011f\u0131 b\u00fcnyesinde, \u2018Her i\u015fe hakk\u0131m\u0131z var\u2019 slogan\u0131yla y\u00fcr\u00fct\u00fclen \u2018Mersinli Kad\u0131n Ustalar\u2019 projesi, meslek edindirme kurslar\u0131yla kad\u0131nlara yeni bir hayat\u0131n kap\u0131lar\u0131n\u0131 aralamaya devam ediyor. Kad\u0131nlar\u0131n marangozluk, kaynak\u00e7\u0131l\u0131k, in\u015faat boyac\u0131l\u0131\u011f\u0131 gibi alanlarda yer almas\u0131n\u0131 te\u015fvik eden proje, toplumdaki alg\u0131y\u0131 de\u011fi\u015ftirmeye ba\u015flad\u0131.\u00a0Kurslar\u0131 ba\u015far\u0131yla tamamlayan kad\u0131nlar, i\u015f hayat\u0131na at\u0131lmalar\u0131n\u0131 kolayla\u015ft\u0131ran &#8216;Mesleki Yeterlilik Belgesi&#8217; alarak ekonomik ba\u011f\u0131ms\u0131zl\u0131klar\u0131na da kavu\u015fuyor. Projeden faydalanan kad\u0131nlar sadece bir meslek edinmiyor, ayn\u0131 zamanda g\u00fc\u00e7l\u00fc duru\u015flar\u0131yla toplumda yerle\u015fik olan alg\u0131lar\u0131 y\u0131k\u0131yor. \u2018Bu i\u015fler erkek i\u015fi de\u011fil, ustal\u0131k i\u015fi\u2019 diyerek kaynak makinesiyle metal \u015fekillendiren kad\u0131nlar, meslekler aras\u0131nda cinsiyet ayr\u0131m\u0131 yap\u0131lamayaca\u011f\u0131n\u0131 her g\u00fcn bir kez daha kan\u0131tl\u0131yor.\u00a0 &#8220;KURS\u0130YERLER\u0130 YET\u0130\u015eT\u0130REREK, \u0130ST\u0130HDAMA Y\u00d6NLEND\u0130R\u0130YORUZ&#8221;\u00a0 Sosyal Hizmetler Dairesi Ba\u015fkanl\u0131\u011f\u0131na ba\u011fl\u0131 MERCEK Mesleki E\u011fitim Merkezleri Koordinat\u00f6r\u00fc G\u00fcl Kadem Maya, T\u0131rm\u0131l MERCEK Mesleki E\u011fitim Merkezi hakk\u0131nda bilgi verirken, merkezin burada olmas\u0131n\u0131n nedenlerini aktard\u0131. Maya, &#8220;T\u0131rm\u0131l MERCEK Mesleki E\u011fitim Merkezi, T\u0131rm\u0131l Sanayi Sitesinin tam ortas\u0131nda yer al\u0131yor. Burada olmas\u0131n\u0131n sebebi de direkt i\u015fin merkezinde kursiyerlerimizi yeti\u015ftirerek istihdama y\u00f6nlendirmek istiyoruz. Burada metal sac, makine, tekstil, in\u015faat ve ah\u015fap mobilya alan\u0131nda kurslar\u0131m\u0131z var. Bu sayd\u0131\u011f\u0131m e\u011fitimlerin i\u00e7erisine kaynak kursunu da d\u00e2hil ettik&#8221; dedi.\u00a0 ULUSLARARASI \u00c7ALI\u015eMA \u0130MKANI\u00a0 Kaynak kursu hakk\u0131nda bilgi veren Maya, kurstan al\u0131nan belge ile kursiyerlerin uluslararas\u0131 \u00e7al\u0131\u015fma imk\u00e2nlar\u0131n\u0131n oldu\u011funa de\u011finerek, &#8220;Kaynak kursunda hem kad\u0131n &hellip;\" \/>\n<meta property=\"og:url\" content=\"https:\/\/denizcankizil.tr\/de\/haberler\/gundem\/kadinlar-mersinde-meslek-edinerek-cinsiyet-algisini-kiriyor\/\" \/>\n<meta property=\"og:site_name\" content=\"Av. Deniz Can K\u0131z\u0131l\" \/>\n<meta property=\"article:published_time\" content=\"2025-03-02T15:41:26+00:00\" \/>\n<meta name=\"author\" content=\"Antalya K\u00f6rfez\" \/>\n<meta name=\"twitter:card\" content=\"summary_large_image\" \/>\n<meta name=\"twitter:label1\" content=\"Verfasst von\" \/>\n\t<meta name=\"twitter:data1\" content=\"Antalya K\u00f6rfez\" \/>\n\t<meta name=\"twitter:label2\" content=\"Gesch\u00e4tzte Lesezeit\" \/>\n\t<meta name=\"twitter:data2\" content=\"3\u00a0Minuten\" \/>\n<script type=\"application\/ld+json\" class=\"yoast-schema-graph\">{\"@context\":\"https:\/\/schema.org\",\"@graph\":[{\"@type\":\"Article\",\"@id\":\"https:\/\/denizcankizil.tr\/ru\/haberler\/gundem\/kadinlar-mersinde-meslek-edinerek-cinsiyet-algisini-kiriyor\/#article\",\"isPartOf\":{\"@id\":\"https:\/\/denizcankizil.tr\/ru\/haberler\/gundem\/kadinlar-mersinde-meslek-edinerek-cinsiyet-algisini-kiriyor\/\"},\"author\":{\"name\":\"Antalya K\u00f6rfez\",\"@id\":\"https:\/\/denizcankizil.tr\/de\/#\/schema\/person\/e1eb71bb4dd684d46563f0af307e1234\"},\"headline\":\"Kad\u0131nlar Mersin&#8217;de meslek edinerek cinsiyet alg\u0131s\u0131n\u0131 k\u0131r\u0131yor\",\"datePublished\":\"2025-03-02T15:41:26+00:00\",\"mainEntityOfPage\":{\"@id\":\"https:\/\/denizcankizil.tr\/ru\/haberler\/gundem\/kadinlar-mersinde-meslek-edinerek-cinsiyet-algisini-kiriyor\/\"},\"wordCount\":695,\"commentCount\":0,\"publisher\":{\"@id\":\"https:\/\/denizcankizil.tr\/de\/#organization\"},\"articleSection\":[\"G\u00fcndem\"],\"inLanguage\":\"de\",\"potentialAction\":[{\"@type\":\"CommentAction\",\"name\":\"Comment\",\"target\":[\"https:\/\/denizcankizil.tr\/ru\/haberler\/gundem\/kadinlar-mersinde-meslek-edinerek-cinsiyet-algisini-kiriyor\/#respond\"]}]},{\"@type\":\"WebPage\",\"@id\":\"https:\/\/denizcankizil.tr\/ru\/haberler\/gundem\/kadinlar-mersinde-meslek-edinerek-cinsiyet-algisini-kiriyor\/\",\"url\":\"https:\/\/denizcankizil.tr\/ru\/haberler\/gundem\/kadinlar-mersinde-meslek-edinerek-cinsiyet-algisini-kiriyor\/\",\"name\":\"Kad\u0131nlar Mersin'de meslek edinerek cinsiyet alg\u0131s\u0131n\u0131 k\u0131r\u0131yor - Av. Deniz Can K\u0131z\u0131l\",\"isPartOf\":{\"@id\":\"https:\/\/denizcankizil.tr\/de\/#website\"},\"datePublished\":\"2025-03-02T15:41:26+00:00\",\"breadcrumb\":{\"@id\":\"https:\/\/denizcankizil.tr\/ru\/haberler\/gundem\/kadinlar-mersinde-meslek-edinerek-cinsiyet-algisini-kiriyor\/#breadcrumb\"},\"inLanguage\":\"de\",\"potentialAction\":[{\"@type\":\"ReadAction\",\"target\":[\"https:\/\/denizcankizil.tr\/ru\/haberler\/gundem\/kadinlar-mersinde-meslek-edinerek-cinsiyet-algisini-kiriyor\/\"]}]},{\"@type\":\"BreadcrumbList\",\"@id\":\"https:\/\/denizcankizil.tr\/ru\/haberler\/gundem\/kadinlar-mersinde-meslek-edinerek-cinsiyet-algisini-kiriyor\/#breadcrumb\",\"itemListElement\":[{\"@type\":\"ListItem\",\"position\":1,\"name\":\"Home\",\"item\":\"https:\/\/denizcankizil.tr\/de\/\"},{\"@type\":\"ListItem\",\"position\":2,\"name\":\"Kad\u0131nlar Mersin&#8217;de meslek edinerek cinsiyet alg\u0131s\u0131n\u0131 k\u0131r\u0131yor\"}]},{\"@type\":\"WebSite\",\"@id\":\"https:\/\/denizcankizil.tr\/de\/#website\",\"url\":\"https:\/\/denizcankizil.tr\/de\/\",\"name\":\"Av. Deniz Can K\u0131z\u0131l\",\"description\":\"Avukat Deniz Can K\u0131z\u0131l Antalya Barosu\",\"publisher\":{\"@id\":\"https:\/\/denizcankizil.tr\/de\/#organization\"},\"potentialAction\":[{\"@type\":\"SearchAction\",\"target\":{\"@type\":\"EntryPoint\",\"urlTemplate\":\"https:\/\/denizcankizil.tr\/de\/?s={search_term_string}\"},\"query-input\":{\"@type\":\"PropertyValueSpecification\",\"valueRequired\":true,\"valueName\":\"search_term_string\"}}],\"inLanguage\":\"de\"},{\"@type\":\"Organization\",\"@id\":\"https:\/\/denizcankizil.tr\/de\/#organization\",\"name\":\"Av. Deniz Can K\u0131z\u0131l\",\"url\":\"https:\/\/denizcankizil.tr\/de\/\",\"logo\":{\"@type\":\"ImageObject\",\"inLanguage\":\"de\",\"@id\":\"https:\/\/denizcankizil.tr\/de\/#\/schema\/logo\/image\/\",\"url\":\"https:\/\/denizcankizil.tr\/wp-content\/uploads\/2024\/10\/siyah-logo-svg.svg\",\"contentUrl\":\"https:\/\/denizcankizil.tr\/wp-content\/uploads\/2024\/10\/siyah-logo-svg.svg\",\"width\":1080,\"height\":1080,\"caption\":\"Av. Deniz Can K\u0131z\u0131l\"},\"image\":{\"@id\":\"https:\/\/denizcankizil.tr\/de\/#\/schema\/logo\/image\/\"}},{\"@type\":\"Person\",\"@id\":\"https:\/\/denizcankizil.tr\/de\/#\/schema\/person\/e1eb71bb4dd684d46563f0af307e1234\",\"name\":\"Antalya K\u00f6rfez\",\"image\":{\"@type\":\"ImageObject\",\"inLanguage\":\"de\",\"@id\":\"https:\/\/denizcankizil.tr\/de\/#\/schema\/person\/image\/\",\"url\":\"https:\/\/secure.gravatar.com\/avatar\/42b01982558a48a0b501fdcab6a408d3717ea5919095ee2e67b0e521799c5905?s=96&d=mm&r=g\",\"contentUrl\":\"https:\/\/secure.gravatar.com\/avatar\/42b01982558a48a0b501fdcab6a408d3717ea5919095ee2e67b0e521799c5905?s=96&d=mm&r=g\",\"caption\":\"Antalya K\u00f6rfez\"},\"sameAs\":[\"http:\/\/www.antalyakorfez.com\"],\"url\":\"https:\/\/www.antalyakorfez.com\/kadinlar-mersinde-meslek-edinerek-cinsiyet-algisini-kiriyor\"}]}<\/script>\n<!-- \/ Yoast SEO Premium plugin. -->","yoast_head_json":{"title":"Kad\u0131nlar Mersin'de meslek edinerek cinsiyet alg\u0131s\u0131n\u0131 k\u0131r\u0131yor - Av. Deniz Can K\u0131z\u0131l","robots":{"index":"index","follow":"follow","max-snippet":"max-snippet:-1","max-image-preview":"max-image-preview:large","max-video-preview":"max-video-preview:-1"},"canonical":"https:\/\/denizcankizil.tr\/de\/haberler\/gundem\/kadinlar-mersinde-meslek-edinerek-cinsiyet-algisini-kiriyor\/","og_locale":"de_DE","og_type":"article","og_title":"Kad\u0131nlar Mersin'de meslek edinerek cinsiyet alg\u0131s\u0131n\u0131 k\u0131r\u0131yor","og_description":"Mersin B\u00fcy\u00fck\u015fehir Belediyesi Sosyal Hizmetler Dairesi Ba\u015fkanl\u0131\u011f\u0131 b\u00fcnyesinde, \u2018Her i\u015fe hakk\u0131m\u0131z var\u2019 slogan\u0131yla y\u00fcr\u00fct\u00fclen \u2018Mersinli Kad\u0131n Ustalar\u2019 projesi, meslek edindirme kurslar\u0131yla kad\u0131nlara yeni bir hayat\u0131n kap\u0131lar\u0131n\u0131 aralamaya devam ediyor. Kad\u0131nlar\u0131n marangozluk, kaynak\u00e7\u0131l\u0131k, in\u015faat boyac\u0131l\u0131\u011f\u0131 gibi alanlarda yer almas\u0131n\u0131 te\u015fvik eden proje, toplumdaki alg\u0131y\u0131 de\u011fi\u015ftirmeye ba\u015flad\u0131.\u00a0Kurslar\u0131 ba\u015far\u0131yla tamamlayan kad\u0131nlar, i\u015f hayat\u0131na at\u0131lmalar\u0131n\u0131 kolayla\u015ft\u0131ran &#8216;Mesleki Yeterlilik Belgesi&#8217; alarak ekonomik ba\u011f\u0131ms\u0131zl\u0131klar\u0131na da kavu\u015fuyor. Projeden faydalanan kad\u0131nlar sadece bir meslek edinmiyor, ayn\u0131 zamanda g\u00fc\u00e7l\u00fc duru\u015flar\u0131yla toplumda yerle\u015fik olan alg\u0131lar\u0131 y\u0131k\u0131yor. \u2018Bu i\u015fler erkek i\u015fi de\u011fil, ustal\u0131k i\u015fi\u2019 diyerek kaynak makinesiyle metal \u015fekillendiren kad\u0131nlar, meslekler aras\u0131nda cinsiyet ayr\u0131m\u0131 yap\u0131lamayaca\u011f\u0131n\u0131 her g\u00fcn bir kez daha kan\u0131tl\u0131yor.\u00a0 &#8220;KURS\u0130YERLER\u0130 YET\u0130\u015eT\u0130REREK, \u0130ST\u0130HDAMA Y\u00d6NLEND\u0130R\u0130YORUZ&#8221;\u00a0 Sosyal Hizmetler Dairesi Ba\u015fkanl\u0131\u011f\u0131na ba\u011fl\u0131 MERCEK Mesleki E\u011fitim Merkezleri Koordinat\u00f6r\u00fc G\u00fcl Kadem Maya, T\u0131rm\u0131l MERCEK Mesleki E\u011fitim Merkezi hakk\u0131nda bilgi verirken, merkezin burada olmas\u0131n\u0131n nedenlerini aktard\u0131. Maya, &#8220;T\u0131rm\u0131l MERCEK Mesleki E\u011fitim Merkezi, T\u0131rm\u0131l Sanayi Sitesinin tam ortas\u0131nda yer al\u0131yor. Burada olmas\u0131n\u0131n sebebi de direkt i\u015fin merkezinde kursiyerlerimizi yeti\u015ftirerek istihdama y\u00f6nlendirmek istiyoruz. Burada metal sac, makine, tekstil, in\u015faat ve ah\u015fap mobilya alan\u0131nda kurslar\u0131m\u0131z var. Bu sayd\u0131\u011f\u0131m e\u011fitimlerin i\u00e7erisine kaynak kursunu da d\u00e2hil ettik&#8221; dedi.\u00a0 ULUSLARARASI \u00c7ALI\u015eMA \u0130MKANI\u00a0 Kaynak kursu hakk\u0131nda bilgi veren Maya, kurstan al\u0131nan belge ile kursiyerlerin uluslararas\u0131 \u00e7al\u0131\u015fma imk\u00e2nlar\u0131n\u0131n oldu\u011funa de\u011finerek, &#8220;Kaynak kursunda hem kad\u0131n &hellip;","og_url":"https:\/\/denizcankizil.tr\/de\/haberler\/gundem\/kadinlar-mersinde-meslek-edinerek-cinsiyet-algisini-kiriyor\/","og_site_name":"Av. Deniz Can K\u0131z\u0131l","article_published_time":"2025-03-02T15:41:26+00:00","author":"Antalya K\u00f6rfez","twitter_card":"summary_large_image","twitter_misc":{"Verfasst von":"Antalya K\u00f6rfez","Gesch\u00e4tzte Lesezeit":"3\u00a0Minuten"},"schema":{"@context":"https:\/\/schema.org","@graph":[{"@type":"Article","@id":"https:\/\/denizcankizil.tr\/ru\/haberler\/gundem\/kadinlar-mersinde-meslek-edinerek-cinsiyet-algisini-kiriyor\/#article","isPartOf":{"@id":"https:\/\/denizcankizil.tr\/ru\/haberler\/gundem\/kadinlar-mersinde-meslek-edinerek-cinsiyet-algisini-kiriyor\/"},"author":{"name":"Antalya K\u00f6rfez","@id":"https:\/\/denizcankizil.tr\/de\/#\/schema\/person\/e1eb71bb4dd684d46563f0af307e1234"},"headline":"Kad\u0131nlar Mersin&#8217;de meslek edinerek cinsiyet alg\u0131s\u0131n\u0131 k\u0131r\u0131yor","datePublished":"2025-03-02T15:41:26+00:00","mainEntityOfPage":{"@id":"https:\/\/denizcankizil.tr\/ru\/haberler\/gundem\/kadinlar-mersinde-meslek-edinerek-cinsiyet-algisini-kiriyor\/"},"wordCount":695,"commentCount":0,"publisher":{"@id":"https:\/\/denizcankizil.tr\/de\/#organization"},"articleSection":["G\u00fcndem"],"inLanguage":"de","potentialAction":[{"@type":"CommentAction","name":"Comment","target":["https:\/\/denizcankizil.tr\/ru\/haberler\/gundem\/kadinlar-mersinde-meslek-edinerek-cinsiyet-algisini-kiriyor\/#respond"]}]},{"@type":"WebPage","@id":"https:\/\/denizcankizil.tr\/ru\/haberler\/gundem\/kadinlar-mersinde-meslek-edinerek-cinsiyet-algisini-kiriyor\/","url":"https:\/\/denizcankizil.tr\/ru\/haberler\/gundem\/kadinlar-mersinde-meslek-edinerek-cinsiyet-algisini-kiriyor\/","name":"Kad\u0131nlar Mersin'de meslek edinerek cinsiyet alg\u0131s\u0131n\u0131 k\u0131r\u0131yor - Av. Deniz Can K\u0131z\u0131l","isPartOf":{"@id":"https:\/\/denizcankizil.tr\/de\/#website"},"datePublished":"2025-03-02T15:41:26+00:00","breadcrumb":{"@id":"https:\/\/denizcankizil.tr\/ru\/haberler\/gundem\/kadinlar-mersinde-meslek-edinerek-cinsiyet-algisini-kiriyor\/#breadcrumb"},"inLanguage":"de","potentialAction":[{"@type":"ReadAction","target":["https:\/\/denizcankizil.tr\/ru\/haberler\/gundem\/kadinlar-mersinde-meslek-edinerek-cinsiyet-algisini-kiriyor\/"]}]},{"@type":"BreadcrumbList","@id":"https:\/\/denizcankizil.tr\/ru\/haberler\/gundem\/kadinlar-mersinde-meslek-edinerek-cinsiyet-algisini-kiriyor\/#breadcrumb","itemListElement":[{"@type":"ListItem","position":1,"name":"Home","item":"https:\/\/denizcankizil.tr\/de\/"},{"@type":"ListItem","position":2,"name":"Kad\u0131nlar Mersin&#8217;de meslek edinerek cinsiyet alg\u0131s\u0131n\u0131 k\u0131r\u0131yor"}]},{"@type":"WebSite","@id":"https:\/\/denizcankizil.tr\/de\/#website","url":"https:\/\/denizcankizil.tr\/de\/","name":"Av. Deniz Can K\u0131z\u0131l","description":"Avukat Deniz Can K\u0131z\u0131l Antalya Barosu","publisher":{"@id":"https:\/\/denizcankizil.tr\/de\/#organization"},"potentialAction":[{"@type":"SearchAction","target":{"@type":"EntryPoint","urlTemplate":"https:\/\/denizcankizil.tr\/de\/?s={search_term_string}"},"query-input":{"@type":"PropertyValueSpecification","valueRequired":true,"valueName":"search_term_string"}}],"inLanguage":"de"},{"@type":"Organization","@id":"https:\/\/denizcankizil.tr\/de\/#organization","name":"Av. Deniz Can K\u0131z\u0131l","url":"https:\/\/denizcankizil.tr\/de\/","logo":{"@type":"ImageObject","inLanguage":"de","@id":"https:\/\/denizcankizil.tr\/de\/#\/schema\/logo\/image\/","url":"https:\/\/denizcankizil.tr\/wp-content\/uploads\/2024\/10\/siyah-logo-svg.svg","contentUrl":"https:\/\/denizcankizil.tr\/wp-content\/uploads\/2024\/10\/siyah-logo-svg.svg","width":1080,"height":1080,"caption":"Av. Deniz Can K\u0131z\u0131l"},"image":{"@id":"https:\/\/denizcankizil.tr\/de\/#\/schema\/logo\/image\/"}},{"@type":"Person","@id":"https:\/\/denizcankizil.tr\/de\/#\/schema\/person\/e1eb71bb4dd684d46563f0af307e1234","name":"Antalya K\u00f6rfez","image":{"@type":"ImageObject","inLanguage":"de","@id":"https:\/\/denizcankizil.tr\/de\/#\/schema\/person\/image\/","url":"https:\/\/secure.gravatar.com\/avatar\/42b01982558a48a0b501fdcab6a408d3717ea5919095ee2e67b0e521799c5905?s=96&d=mm&r=g","contentUrl":"https:\/\/secure.gravatar.com\/avatar\/42b01982558a48a0b501fdcab6a408d3717ea5919095ee2e67b0e521799c5905?s=96&d=mm&r=g","caption":"Antalya K\u00f6rfez"},"sameAs":["http:\/\/www.antalyakorfez.com"],"url":"https:\/\/www.antalyakorfez.com\/kadinlar-mersinde-meslek-edinerek-cinsiyet-algisini-kiriyor"}]}},"_links":{"self":[{"href":"https:\/\/denizcankizil.tr\/de\/wp-json\/wp\/v2\/posts\/34514","targetHints":{"allow":["GET"]}}],"collection":[{"href":"https:\/\/denizcankizil.tr\/de\/wp-json\/wp\/v2\/posts"}],"about":[{"href":"https:\/\/denizcankizil.tr\/de\/wp-json\/wp\/v2\/types\/post"}],"author":[{"embeddable":true,"href":"https:\/\/denizcankizil.tr\/de\/wp-json\/wp\/v2\/users\/5"}],"replies":[{"embeddable":true,"href":"https:\/\/denizcankizil.tr\/de\/wp-json\/wp\/v2\/comments?post=34514"}],"version-history":[{"count":0,"href":"https:\/\/denizcankizil.tr\/de\/wp-json\/wp\/v2\/posts\/34514\/revisions"}],"wp:attachment":[{"href":"https:\/\/denizcankizil.tr\/de\/wp-json\/wp\/v2\/media?parent=34514"}],"wp:term":[{"taxonomy":"category","embeddable":true,"href":"https:\/\/denizcankizil.tr\/de\/wp-json\/wp\/v2\/categories?post=34514"},{"taxonomy":"post_tag","embeddable":true,"href":"https:\/\/denizcankizil.tr\/de\/wp-json\/wp\/v2\/tags?post=34514"}],"curies":[{"name":"wp","href":"https:\/\/api.w.org\/{rel}","templated":true}]}}