{"id":34499,"date":"2025-03-02T12:41:23","date_gmt":"2025-03-02T09:41:23","guid":{"rendered":"https:\/\/denizcankizil.tr\/uncategorized-tr\/cocuk-dostu-kent-hedefine-dogru-onemli-adim\/"},"modified":"2025-03-02T12:41:23","modified_gmt":"2025-03-02T09:41:23","slug":"cocuk-dostu-kent-hedefine-dogru-onemli-adim","status":"publish","type":"post","link":"https:\/\/denizcankizil.tr\/de\/haberler\/gundem\/cocuk-dostu-kent-hedefine-dogru-onemli-adim\/","title":{"rendered":"\u201c\u00c7ocuk Dostu Kent\u201d hedefine do\u011fru \u00f6nemli ad\u0131m"},"content":{"rendered":"<p>\u0130zmir B\u00fcy\u00fck\u015fehir Belediyesi ve Birle\u015fmi\u015f Milletler \u00c7ocuklara Yard\u0131m Fonu (UNICEF) i\u015f birli\u011fi ile \u00c7ocuk Dostu Kent \u00c7al\u0131\u015ftay\u0131 d\u00fczenlendi. \u00c7al\u0131\u015ftayda, \u0130zmir\u2019in \u00c7ocuk Dostu Kent olma yolunda yol haritas\u0131 belirlenirken, bu kapsamda \u0130zmir B\u00fcy\u00fck\u015fehir Belediyesi \u00c7ocuk Dostu Kent Koordinasyon Komisyonu kuruldu\u011fu da duyuruldu.\u0130ZM\u0130R (\u0130GFA) &#8211;\u00a0\u0130zmir\u2019i \u00c7ocuk Dostu Kent yapma hedefiyle \u00e7al\u0131\u015fmalar\u0131n\u0131 s\u00fcrd\u00fcren \u0130zmir B\u00fcy\u00fck\u015fehir Belediyesi, UNICEF i\u015f birli\u011fi ile \u00c7ocuk Dostu Kent \u00c7al\u0131\u015ftay\u0131 d\u00fczenledi.\u00a0 M\u00f6venpick Otel\u2019de yap\u0131lan \u00e7al\u0131\u015ftayda \u0130zmir B\u00fcy\u00fck\u015fehir Belediyesi ve UNICEF y\u00f6neticileri iki kurum aras\u0131nda imzalanan resmi \u00e7al\u0131\u015fma plan\u0131 \u00fczerinden belirlenen temalardan olan \u2018sosyal politika\u2019 konusunda fikir al\u0131\u015fveri\u015fi yapt\u0131.<br \/>\nKat\u0131l\u0131mc\u0131lar\u0131n interaktif bir bi\u00e7imde \u00c7ocuk Dostu Kent hayallerini anlatt\u0131\u011f\u0131 \u00e7al\u0131\u015ftayda, \u0130zmir B\u00fcy\u00fck\u015fehir Belediyesi b\u00fcnyesinde bir \u00c7ocuk Dostu Kent Koordinasyon Komisyonu kuruldu\u011fu da duyuruldu.<br \/>\nSosyal Hizmetler Dairesi Ba\u015fkanl\u0131\u011f\u0131 koordinesinde olu\u015fturulan komisyon, \u0130zmir\u2019de ya\u015fayan t\u00fcm \u00e7ocuklar\u0131n haklar\u0131na eri\u015fiminde f\u0131rsat e\u015fitli\u011fi sa\u011flamak, B\u00fcy\u00fck\u015fehir taraf\u0131ndan ger\u00e7ekle\u015ftirilen hizmetlerin ve \u00e7ocuklar\u0131n temas etti\u011fi kentsel alanlar\u0131n \u00e7ocuklar taraf\u0131ndan yap\u0131land\u0131r\u0131lmas\u0131n\u0131 sa\u011flamak ve bu sayede kentin iyilik halini art\u0131rmak amac\u0131yla \u00e7al\u0131\u015fmalar y\u00fcr\u00fctecek.<br \/>\nKomisyonda, \u00e7ocuklara y\u00f6nelik hizmetlerin disiplinler aras\u0131 bir i\u015fleyi\u015fle y\u00fcr\u00fct\u00fclmesi hedefiyle \u00e7ocuklara do\u011frudan ya da dolayl\u0131 olarak etki eden hizmetler \u00fcreten birimlerin y\u00f6neticileri yer al\u0131yor. Komisyon ayn\u0131 zamanda \u0130zmir \u00c7ocuk Meclisi\u2019nde \u00e7ocuklar\u0131n ald\u0131klar\u0131 kararlar\u0131 hayata ge\u00e7irmeye y\u00f6nelik \u00e7al\u0131\u015fmalar da y\u00fcr\u00fctecek.<br \/>\n\u201cBA\u015eKAN TUGAY, G\u00d6N\u00dcLDEN DESTEKL\u0130YOR\u201d<br \/>\n\u00c7al\u0131\u015ftay\u0131n a\u00e7\u0131l\u0131\u015f konu\u015fmas\u0131 yapan \u0130zmir B\u00fcy\u00fck\u015fehir Belediyesi Meclis \u00dcyesi Gizem \u00c7etinkaya, Mustafa Kemal Atat\u00fcrk\u2019\u00fcn 1922\u2019de Bursa ziyareti s\u0131ras\u0131nda \u00e7ocuklara y\u00f6nelik sarf etti\u011fi &#8220;K\u00fc\u00e7\u00fck han\u0131mlar, k\u00fc\u00e7\u00fck beyler; sizler gelece\u011fin bir g\u00fcl\u00fc, y\u0131ld\u0131z\u0131 ve ikbal \u0131\u015f\u0131\u011f\u0131s\u0131n\u0131z. Memleketi as\u0131l \u0131\u015f\u0131\u011fa bo\u011facak olan sizsiniz\u201d s\u00f6zleri hat\u0131rlatt\u0131. \u00c7etinkaya, \u201c\u00c7ocuk Dostu \u0130zmir, Ata\u2019m\u0131z\u0131n bu vizyonundan ilham alarak yola \u00e7\u0131kt\u0131\u011f\u0131m\u0131z ve Ba\u015fkan\u0131m\u0131z Dr. Cemil Tugay\u2019\u0131n da g\u00f6n\u00fclden destekledi\u011fi \u00f6zel bir projemizdir. \u0130zmir B\u00fcy\u00fck\u015fehir Belediyesi olarak \u00e7ocuklar\u0131m\u0131z\u0131 e\u011fitim, spor, beslenme, k\u00fclt\u00fcrel aktiviteler gibi \u00e7e\u015fitli alanlarda desteklemeye devam ediyoruz. Yine de biliyoruz ki de\u011fi\u015fen d\u00fcnyada bizim de kendimizi yenilememiz, \u00e7a\u011f\u0131n gerekleri do\u011frultusunda \u00e7al\u0131\u015fmalar\u0131m\u0131z\u0131 g\u00fcncellememiz ka\u00e7\u0131n\u0131lmaz. \u00c7ocuk Dostu Kent \u00c7al\u0131\u015ftay\u0131\u2019nda bug\u00fcn ortaya at\u0131lacak fikirlerin, \u00e7izilecek yol haritas\u0131n\u0131n bir kentin ve bir \u00fclkenin yar\u0131nlar\u0131 i\u00e7in \u00f6neminin hepimiz fark\u0131nday\u0131z. Bu vizyonumuzu payla\u015fan, \u0130zmir\u2019in \u00e7ocuklar\u0131n\u0131 g\u00fc\u00e7lendirme konusunda en az bizim kadar hevesli olan UNICEF\u2019e katk\u0131lar\u0131ndan \u00f6t\u00fcr\u00fc te\u015fekk\u00fcr ediyoruz\u201d dedi.<br \/>\n\u201c\u00c7ALI\u015eMALARIMIZA B\u00dcY\u00dcK B\u0130R \u0130STEK VE KARARLILIKLA BA\u015eLADIK\u201d<br \/>\n\u00c7ocuk \u00c7al\u0131\u015fmalar\u0131 \u015eube M\u00fcd\u00fcrl\u00fc\u011f\u00fc E\u011fitim ve Etkinlik \u015eefi Ayfer Ye\u015fil\u00f6z de \u201c\u0130zmir B\u00fcy\u00fck\u015fehir Belediye Ba\u015fkan\u0131 Dr. Cemil Tugay\u2019\u0131n liderli\u011finde T\u00fcrkiye\u2019nin g\u00f6zdesi olan kentimiz \u0130zmir\u2019i \u00c7ocuk Dostu Kent yapma konusundaki \u00e7al\u0131\u015fmalar\u0131m\u0131za b\u00fcy\u00fck bir istek ve kararl\u0131l\u0131kla ba\u015flad\u0131k. Yap\u0131lan ara\u015ft\u0131rmalar, \u00f6zellikle \u015fehirlerde ya\u015fayan \u00e7ocuklar olmak \u00fczere t\u00fcm \u00e7ocuklar i\u00e7in be\u015f zorlu\u011fu \u00f6ne \u00e7\u0131kar\u0131yor. Bunlar trafik ve kirlilik, y\u00fcksek katl\u0131 yap\u0131lar ve kentsel yay\u0131lma, su\u00e7 ve sosyal korkular, izolasyon ve ho\u015fg\u00f6r\u00fcs\u00fczl\u00fck, yetersiz ve e\u015fit olmayan eri\u015fimdir. \u0130zmir B\u00fcy\u00fck\u015fehir Belediyesi olarak tan\u0131mlanan bu zorluklar\u0131n \u00fcstesinden gelmek i\u00e7in, gelecek nesiller ad\u0131na \u2018ke\u015fke\u2019 de\u011fil, \u2018iyi ki\u2019 demek i\u00e7in i\u015f birli\u011fi ve g\u00fc\u00e7 birli\u011fi ile \u00e7al\u0131\u015f\u0131yoruz\u201d diye konu\u015ftu. \u00a0<br \/>\n\u00c7al\u0131\u015ftayda UNICEF Erken \u00c7ocukluk Geli\u015fimi Sorumlusu Irmak Kurttekin \u201cUNICEF Erken \u00c7ocukluk Geli\u015fimi Program\u0131 Belediye \u00c7al\u0131\u015fmalar\u0131\u201d, UNICEF Erken \u00c7ocukluk E\u011fitimi Sorumlusu Derya Dostlar \u201cUNICEF Erken \u00c7ocukluk E\u011fitimi Program\u0131 Belediye \u00c7al\u0131\u015fmalar\u0131\u201d, UNICEF Ergen Geli\u015fimi ve Kat\u0131l\u0131m\u0131 Nilgin \u00c7avu\u015fo\u011flu \u201cUNICEF \u00c7ocuk\/Ergen Kat\u0131l\u0131m\u0131 ve G\u00fc\u00e7lendirilmesi Program\u0131 Belediye \u00c7al\u0131\u015fmalar\u0131\u201d, UNICEF \u00c7ocuk Koruma Sorumlusu Ece Hazal Ulu\u00e7 \u201cUNICEF \u00c7ocuk Koruma Program\u0131 Belediye \u00c7al\u0131\u015fmalar\u0131\u201d ve UNICEF Sosyal Politika Sorumlusu Melih Ak\u0131n da \u201cUNICEF \u00c7ocuk Haklar\u0131 ve \u0130\u015f \u0130lkeleri ve \u00d6zel Sekt\u00f6r Odakl\u0131 \u0130stihdam ve Beceri Programlar\u0131 \u00c7al\u0131\u015fmalar\u0131\u201d konular\u0131nda sunum yapt\u0131.<\/p>\n<p>\u200b\u0130zmir B\u00fcy\u00fck\u015fehir Belediyesi ve Birle\u015fmi\u015f Milletler \u00c7ocuklara Yard\u0131m Fonu (UNICEF) i\u015f birli\u011fi ile \u00c7ocuk Dostu Kent \u00c7al\u0131\u015ftay\u0131 d\u00fczenlendi. \u00c7al\u0131\u015ftayda, \u0130zmir\u2019in \u00c7ocuk Dostu Kent olma yolunda yol haritas\u0131 belirlenirken, bu kapsamda \u0130zmir B\u00fcy\u00fck\u015fehir Belediyesi \u00c7ocuk Dostu Kent Koordinasyon Komisyonu kuruldu\u011fu da duyuruldu.\u0130ZM\u0130R (\u0130GFA) &#8211;\u00a0\u0130zmir\u2019i \u00c7ocuk Dostu Kent yapma hedefiyle \u00e7al\u0131\u015fmalar\u0131n\u0131 s\u00fcrd\u00fcren \u0130zmir B\u00fcy\u00fck\u015fehir Belediyesi, UNICEF i\u015f birli\u011fi ile \u00c7ocuk Dostu Kent \u00c7al\u0131\u015ftay\u0131 d\u00fczenledi.\u00a0 M\u00f6venpick Otel\u2019de yap\u0131lan \u00e7al\u0131\u015ftayda \u0130zmir B\u00fcy\u00fck\u015fehir Belediyesi ve UNICEF y\u00f6neticileri iki kurum aras\u0131nda imzalanan resmi \u00e7al\u0131\u015fma plan\u0131 \u00fczerinden belirlenen temalardan olan \u2018sosyal politika\u2019 konusunda fikir al\u0131\u015fveri\u015fi yapt\u0131.<br \/>\nKat\u0131l\u0131mc\u0131lar\u0131n interaktif bir bi\u00e7imde \u00c7ocuk Dostu Kent hayallerini anlatt\u0131\u011f\u0131 \u00e7al\u0131\u015ftayda, \u0130zmir B\u00fcy\u00fck\u015fehir Belediyesi b\u00fcnyesinde bir \u00c7ocuk Dostu Kent Koordinasyon Komisyonu kuruldu\u011fu da duyuruldu.<br \/>\nSosyal Hizmetler Dairesi Ba\u015fkanl\u0131\u011f\u0131 koordinesinde olu\u015fturulan komisyon, \u0130zmir\u2019de ya\u015fayan t\u00fcm \u00e7ocuklar\u0131n haklar\u0131na eri\u015fiminde f\u0131rsat e\u015fitli\u011fi sa\u011flamak, B\u00fcy\u00fck\u015fehir taraf\u0131ndan ger\u00e7ekle\u015ftirilen hizmetlerin ve \u00e7ocuklar\u0131n temas etti\u011fi kentsel alanlar\u0131n \u00e7ocuklar taraf\u0131ndan yap\u0131land\u0131r\u0131lmas\u0131n\u0131 sa\u011flamak ve bu sayede kentin iyilik halini art\u0131rmak amac\u0131yla \u00e7al\u0131\u015fmalar y\u00fcr\u00fctecek.<br \/>\nKomisyonda, \u00e7ocuklara y\u00f6nelik hizmetlerin disiplinler aras\u0131 bir i\u015fleyi\u015fle y\u00fcr\u00fct\u00fclmesi hedefiyle \u00e7ocuklara do\u011frudan ya da dolayl\u0131 olarak etki eden hizmetler \u00fcreten birimlerin y\u00f6neticileri yer al\u0131yor. Komisyon ayn\u0131 zamanda \u0130zmir \u00c7ocuk Meclisi\u2019nde \u00e7ocuklar\u0131n ald\u0131klar\u0131 kararlar\u0131 hayata ge\u00e7irmeye y\u00f6nelik \u00e7al\u0131\u015fmalar da y\u00fcr\u00fctecek.<br \/>\n\u201cBA\u015eKAN TUGAY, G\u00d6N\u00dcLDEN DESTEKL\u0130YOR\u201d<br \/>\n\u00c7al\u0131\u015ftay\u0131n a\u00e7\u0131l\u0131\u015f konu\u015fmas\u0131 yapan \u0130zmir B\u00fcy\u00fck\u015fehir Belediyesi Meclis \u00dcyesi Gizem \u00c7etinkaya, Mustafa Kemal Atat\u00fcrk\u2019\u00fcn 1922\u2019de Bursa ziyareti s\u0131ras\u0131nda \u00e7ocuklara y\u00f6nelik sarf etti\u011fi &#8220;K\u00fc\u00e7\u00fck han\u0131mlar, k\u00fc\u00e7\u00fck beyler; sizler gelece\u011fin bir g\u00fcl\u00fc, y\u0131ld\u0131z\u0131 ve ikbal \u0131\u015f\u0131\u011f\u0131s\u0131n\u0131z. Memleketi as\u0131l \u0131\u015f\u0131\u011fa bo\u011facak olan sizsiniz\u201d s\u00f6zleri hat\u0131rlatt\u0131. \u00c7etinkaya, \u201c\u00c7ocuk Dostu \u0130zmir, Ata\u2019m\u0131z\u0131n bu vizyonundan ilham alarak yola \u00e7\u0131kt\u0131\u011f\u0131m\u0131z ve Ba\u015fkan\u0131m\u0131z Dr. Cemil Tugay\u2019\u0131n da g\u00f6n\u00fclden destekledi\u011fi \u00f6zel bir projemizdir. \u0130zmir B\u00fcy\u00fck\u015fehir Belediyesi olarak \u00e7ocuklar\u0131m\u0131z\u0131 e\u011fitim, spor, beslenme, k\u00fclt\u00fcrel aktiviteler gibi \u00e7e\u015fitli alanlarda desteklemeye devam ediyoruz. Yine de biliyoruz ki de\u011fi\u015fen d\u00fcnyada bizim de kendimizi yenilememiz, \u00e7a\u011f\u0131n gerekleri do\u011frultusunda \u00e7al\u0131\u015fmalar\u0131m\u0131z\u0131 g\u00fcncellememiz ka\u00e7\u0131n\u0131lmaz. \u00c7ocuk Dostu Kent \u00c7al\u0131\u015ftay\u0131\u2019nda bug\u00fcn ortaya at\u0131lacak fikirlerin, \u00e7izilecek yol haritas\u0131n\u0131n bir kentin ve bir \u00fclkenin yar\u0131nlar\u0131 i\u00e7in \u00f6neminin hepimiz fark\u0131nday\u0131z. Bu vizyonumuzu payla\u015fan, \u0130zmir\u2019in \u00e7ocuklar\u0131n\u0131 g\u00fc\u00e7lendirme konusunda en az bizim kadar hevesli olan UNICEF\u2019e katk\u0131lar\u0131ndan \u00f6t\u00fcr\u00fc te\u015fekk\u00fcr ediyoruz\u201d dedi.<br \/>\n\u201c\u00c7ALI\u015eMALARIMIZA B\u00dcY\u00dcK B\u0130R \u0130STEK VE KARARLILIKLA BA\u015eLADIK\u201d<br \/>\n\u00c7ocuk \u00c7al\u0131\u015fmalar\u0131 \u015eube M\u00fcd\u00fcrl\u00fc\u011f\u00fc E\u011fitim ve Etkinlik \u015eefi Ayfer Ye\u015fil\u00f6z de \u201c\u0130zmir B\u00fcy\u00fck\u015fehir Belediye Ba\u015fkan\u0131 Dr. Cemil Tugay\u2019\u0131n liderli\u011finde T\u00fcrkiye\u2019nin g\u00f6zdesi olan kentimiz \u0130zmir\u2019i \u00c7ocuk Dostu Kent yapma konusundaki \u00e7al\u0131\u015fmalar\u0131m\u0131za b\u00fcy\u00fck bir istek ve kararl\u0131l\u0131kla ba\u015flad\u0131k. Yap\u0131lan ara\u015ft\u0131rmalar, \u00f6zellikle \u015fehirlerde ya\u015fayan \u00e7ocuklar olmak \u00fczere t\u00fcm \u00e7ocuklar i\u00e7in be\u015f zorlu\u011fu \u00f6ne \u00e7\u0131kar\u0131yor. Bunlar trafik ve kirlilik, y\u00fcksek katl\u0131 yap\u0131lar ve kentsel yay\u0131lma, su\u00e7 ve sosyal korkular, izolasyon ve ho\u015fg\u00f6r\u00fcs\u00fczl\u00fck, yetersiz ve e\u015fit olmayan eri\u015fimdir. \u0130zmir B\u00fcy\u00fck\u015fehir Belediyesi olarak tan\u0131mlanan bu zorluklar\u0131n \u00fcstesinden gelmek i\u00e7in, gelecek nesiller ad\u0131na \u2018ke\u015fke\u2019 de\u011fil, \u2018iyi ki\u2019 demek i\u00e7in i\u015f birli\u011fi ve g\u00fc\u00e7 birli\u011fi ile \u00e7al\u0131\u015f\u0131yoruz\u201d diye konu\u015ftu. \u00a0<br \/>\n\u00c7al\u0131\u015ftayda UNICEF Erken \u00c7ocukluk Geli\u015fimi Sorumlusu Irmak Kurttekin \u201cUNICEF Erken \u00c7ocukluk Geli\u015fimi Program\u0131 Belediye \u00c7al\u0131\u015fmalar\u0131\u201d, UNICEF Erken \u00c7ocukluk E\u011fitimi Sorumlusu Derya Dostlar \u201cUNICEF Erken \u00c7ocukluk E\u011fitimi Program\u0131 Belediye \u00c7al\u0131\u015fmalar\u0131\u201d, UNICEF Ergen Geli\u015fimi ve Kat\u0131l\u0131m\u0131 Nilgin \u00c7avu\u015fo\u011flu \u201cUNICEF \u00c7ocuk\/Ergen Kat\u0131l\u0131m\u0131 ve G\u00fc\u00e7lendirilmesi Program\u0131 Belediye \u00c7al\u0131\u015fmalar\u0131\u201d, UNICEF \u00c7ocuk Koruma Sorumlusu Ece Hazal Ulu\u00e7 \u201cUNICEF \u00c7ocuk Koruma Program\u0131 Belediye \u00c7al\u0131\u015fmalar\u0131\u201d ve UNICEF Sosyal Politika Sorumlusu Melih Ak\u0131n da \u201cUNICEF \u00c7ocuk Haklar\u0131 ve \u0130\u015f \u0130lkeleri ve \u00d6zel Sekt\u00f6r Odakl\u0131 \u0130stihdam ve Beceri Programlar\u0131 \u00c7al\u0131\u015fmalar\u0131\u201d konular\u0131nda sunum yapt\u0131.\u00a0<\/p>\n<p>\u200bHaberin Al\u0131nt\u0131land\u0131\u011f\u0131 Kaynak: www.iskenderun.org<\/p>","protected":false},"excerpt":{"rendered":"<p>\u0130zmir B\u00fcy\u00fck\u015fehir Belediyesi ve Birle\u015fmi\u015f Milletler \u00c7ocuklara Yard\u0131m Fonu (UNICEF) i\u015f birli\u011fi ile \u00c7ocuk Dostu Kent \u00c7al\u0131\u015ftay\u0131 d\u00fczenlendi. \u00c7al\u0131\u015ftayda, \u0130zmir\u2019in \u00c7ocuk Dostu Kent olma yolunda yol haritas\u0131 belirlenirken, bu kapsamda \u0130zmir B\u00fcy\u00fck\u015fehir Belediyesi \u00c7ocuk Dostu Kent Koordinasyon Komisyonu kuruldu\u011fu da duyuruldu.\u0130ZM\u0130R (\u0130GFA) &#8211;\u00a0\u0130zmir\u2019i \u00c7ocuk Dostu Kent yapma hedefiyle \u00e7al\u0131\u015fmalar\u0131n\u0131 s\u00fcrd\u00fcren \u0130zmir B\u00fcy\u00fck\u015fehir Belediyesi, UNICEF i\u015f birli\u011fi ile \u00c7ocuk Dostu Kent \u00c7al\u0131\u015ftay\u0131 d\u00fczenledi.\u00a0 M\u00f6venpick Otel\u2019de yap\u0131lan \u00e7al\u0131\u015ftayda \u0130zmir B\u00fcy\u00fck\u015fehir Belediyesi ve UNICEF y\u00f6neticileri iki kurum aras\u0131nda imzalanan resmi \u00e7al\u0131\u015fma plan\u0131 \u00fczerinden belirlenen temalardan olan \u2018sosyal politika\u2019 konusunda fikir al\u0131\u015fveri\u015fi yapt\u0131. Kat\u0131l\u0131mc\u0131lar\u0131n interaktif bir bi\u00e7imde \u00c7ocuk Dostu Kent hayallerini anlatt\u0131\u011f\u0131 \u00e7al\u0131\u015ftayda, \u0130zmir B\u00fcy\u00fck\u015fehir Belediyesi b\u00fcnyesinde bir \u00c7ocuk Dostu Kent Koordinasyon Komisyonu kuruldu\u011fu da duyuruldu. Sosyal Hizmetler Dairesi Ba\u015fkanl\u0131\u011f\u0131 koordinesinde olu\u015fturulan komisyon, \u0130zmir\u2019de ya\u015fayan t\u00fcm \u00e7ocuklar\u0131n haklar\u0131na eri\u015fiminde f\u0131rsat e\u015fitli\u011fi sa\u011flamak, B\u00fcy\u00fck\u015fehir taraf\u0131ndan ger\u00e7ekle\u015ftirilen hizmetlerin ve \u00e7ocuklar\u0131n temas etti\u011fi kentsel alanlar\u0131n \u00e7ocuklar taraf\u0131ndan yap\u0131land\u0131r\u0131lmas\u0131n\u0131 sa\u011flamak ve bu sayede kentin iyilik halini art\u0131rmak amac\u0131yla \u00e7al\u0131\u015fmalar y\u00fcr\u00fctecek. Komisyonda, \u00e7ocuklara y\u00f6nelik hizmetlerin disiplinler aras\u0131 bir i\u015fleyi\u015fle y\u00fcr\u00fct\u00fclmesi hedefiyle \u00e7ocuklara do\u011frudan ya da dolayl\u0131 olarak etki eden hizmetler \u00fcreten birimlerin y\u00f6neticileri yer al\u0131yor. Komisyon ayn\u0131 zamanda \u0130zmir \u00c7ocuk Meclisi\u2019nde \u00e7ocuklar\u0131n ald\u0131klar\u0131 kararlar\u0131 hayata ge\u00e7irmeye y\u00f6nelik \u00e7al\u0131\u015fmalar da y\u00fcr\u00fctecek. \u201cBA\u015eKAN TUGAY, G\u00d6N\u00dcLDEN DESTEKL\u0130YOR\u201d \u00c7al\u0131\u015ftay\u0131n a\u00e7\u0131l\u0131\u015f konu\u015fmas\u0131 yapan \u0130zmir &hellip;<\/p>","protected":false},"author":1,"featured_media":0,"comment_status":"open","ping_status":"open","sticky":false,"template":"","format":"standard","meta":{"_acf_changed":false,"footnotes":""},"categories":[24],"tags":[],"class_list":["post-34499","post","type-post","status-publish","format-standard","has-post-thumbnail","hentry","category-gundem"],"acf":[],"yoast_head":"<!-- This site is optimized with the Yoast SEO Premium plugin v26.6 (Yoast SEO v27.1.1) - https:\/\/yoast.com\/product\/yoast-seo-premium-wordpress\/ -->\n<title>\u201c\u00c7ocuk Dostu Kent\u201d hedefine do\u011fru \u00f6nemli ad\u0131m - Av. Deniz Can K\u0131z\u0131l<\/title>\n<meta name=\"robots\" content=\"index, follow, max-snippet:-1, max-image-preview:large, max-video-preview:-1\" \/>\n<link rel=\"canonical\" href=\"https:\/\/denizcankizil.tr\/de\/haberler\/gundem\/cocuk-dostu-kent-hedefine-dogru-onemli-adim\/\" \/>\n<meta property=\"og:locale\" content=\"de_DE\" \/>\n<meta property=\"og:type\" content=\"article\" \/>\n<meta property=\"og:title\" content=\"\u201c\u00c7ocuk Dostu Kent\u201d hedefine do\u011fru \u00f6nemli ad\u0131m\" \/>\n<meta property=\"og:description\" content=\"\u0130zmir B\u00fcy\u00fck\u015fehir Belediyesi ve Birle\u015fmi\u015f Milletler \u00c7ocuklara Yard\u0131m Fonu (UNICEF) i\u015f birli\u011fi ile \u00c7ocuk Dostu Kent \u00c7al\u0131\u015ftay\u0131 d\u00fczenlendi. \u00c7al\u0131\u015ftayda, \u0130zmir\u2019in \u00c7ocuk Dostu Kent olma yolunda yol haritas\u0131 belirlenirken, bu kapsamda \u0130zmir B\u00fcy\u00fck\u015fehir Belediyesi \u00c7ocuk Dostu Kent Koordinasyon Komisyonu kuruldu\u011fu da duyuruldu.\u0130ZM\u0130R (\u0130GFA) &#8211;\u00a0\u0130zmir\u2019i \u00c7ocuk Dostu Kent yapma hedefiyle \u00e7al\u0131\u015fmalar\u0131n\u0131 s\u00fcrd\u00fcren \u0130zmir B\u00fcy\u00fck\u015fehir Belediyesi, UNICEF i\u015f birli\u011fi ile \u00c7ocuk Dostu Kent \u00c7al\u0131\u015ftay\u0131 d\u00fczenledi.\u00a0 M\u00f6venpick Otel\u2019de yap\u0131lan \u00e7al\u0131\u015ftayda \u0130zmir B\u00fcy\u00fck\u015fehir Belediyesi ve UNICEF y\u00f6neticileri iki kurum aras\u0131nda imzalanan resmi \u00e7al\u0131\u015fma plan\u0131 \u00fczerinden belirlenen temalardan olan \u2018sosyal politika\u2019 konusunda fikir al\u0131\u015fveri\u015fi yapt\u0131. Kat\u0131l\u0131mc\u0131lar\u0131n interaktif bir bi\u00e7imde \u00c7ocuk Dostu Kent hayallerini anlatt\u0131\u011f\u0131 \u00e7al\u0131\u015ftayda, \u0130zmir B\u00fcy\u00fck\u015fehir Belediyesi b\u00fcnyesinde bir \u00c7ocuk Dostu Kent Koordinasyon Komisyonu kuruldu\u011fu da duyuruldu. Sosyal Hizmetler Dairesi Ba\u015fkanl\u0131\u011f\u0131 koordinesinde olu\u015fturulan komisyon, \u0130zmir\u2019de ya\u015fayan t\u00fcm \u00e7ocuklar\u0131n haklar\u0131na eri\u015fiminde f\u0131rsat e\u015fitli\u011fi sa\u011flamak, B\u00fcy\u00fck\u015fehir taraf\u0131ndan ger\u00e7ekle\u015ftirilen hizmetlerin ve \u00e7ocuklar\u0131n temas etti\u011fi kentsel alanlar\u0131n \u00e7ocuklar taraf\u0131ndan yap\u0131land\u0131r\u0131lmas\u0131n\u0131 sa\u011flamak ve bu sayede kentin iyilik halini art\u0131rmak amac\u0131yla \u00e7al\u0131\u015fmalar y\u00fcr\u00fctecek. Komisyonda, \u00e7ocuklara y\u00f6nelik hizmetlerin disiplinler aras\u0131 bir i\u015fleyi\u015fle y\u00fcr\u00fct\u00fclmesi hedefiyle \u00e7ocuklara do\u011frudan ya da dolayl\u0131 olarak etki eden hizmetler \u00fcreten birimlerin y\u00f6neticileri yer al\u0131yor. Komisyon ayn\u0131 zamanda \u0130zmir \u00c7ocuk Meclisi\u2019nde \u00e7ocuklar\u0131n ald\u0131klar\u0131 kararlar\u0131 hayata ge\u00e7irmeye y\u00f6nelik \u00e7al\u0131\u015fmalar da y\u00fcr\u00fctecek. \u201cBA\u015eKAN TUGAY, G\u00d6N\u00dcLDEN DESTEKL\u0130YOR\u201d \u00c7al\u0131\u015ftay\u0131n a\u00e7\u0131l\u0131\u015f konu\u015fmas\u0131 yapan \u0130zmir &hellip;\" \/>\n<meta property=\"og:url\" content=\"https:\/\/denizcankizil.tr\/de\/haberler\/gundem\/cocuk-dostu-kent-hedefine-dogru-onemli-adim\/\" \/>\n<meta property=\"og:site_name\" content=\"Av. Deniz Can K\u0131z\u0131l\" \/>\n<meta property=\"article:published_time\" content=\"2025-03-02T09:41:23+00:00\" \/>\n<meta name=\"author\" content=\"admin\" \/>\n<meta name=\"twitter:card\" content=\"summary_large_image\" \/>\n<meta name=\"twitter:label1\" content=\"Verfasst von\" \/>\n\t<meta name=\"twitter:data1\" content=\"admin\" \/>\n\t<meta name=\"twitter:label2\" content=\"Gesch\u00e4tzte Lesezeit\" \/>\n\t<meta name=\"twitter:data2\" content=\"8\u00a0Minuten\" \/>\n<script type=\"application\/ld+json\" class=\"yoast-schema-graph\">{\"@context\":\"https:\/\/schema.org\",\"@graph\":[{\"@type\":\"Article\",\"@id\":\"https:\/\/denizcankizil.tr\/ru\/haberler\/gundem\/cocuk-dostu-kent-hedefine-dogru-onemli-adim\/#article\",\"isPartOf\":{\"@id\":\"https:\/\/denizcankizil.tr\/ru\/haberler\/gundem\/cocuk-dostu-kent-hedefine-dogru-onemli-adim\/\"},\"author\":{\"name\":\"admin\",\"@id\":\"https:\/\/denizcankizil.tr\/de\/#\/schema\/person\/be3c05fe6a12686905512445d8185489\"},\"headline\":\"\u201c\u00c7ocuk Dostu Kent\u201d hedefine do\u011fru \u00f6nemli ad\u0131m\",\"datePublished\":\"2025-03-02T09:41:23+00:00\",\"mainEntityOfPage\":{\"@id\":\"https:\/\/denizcankizil.tr\/ru\/haberler\/gundem\/cocuk-dostu-kent-hedefine-dogru-onemli-adim\/\"},\"wordCount\":1591,\"commentCount\":0,\"publisher\":{\"@id\":\"https:\/\/denizcankizil.tr\/de\/#organization\"},\"articleSection\":[\"G\u00fcndem\"],\"inLanguage\":\"de\",\"potentialAction\":[{\"@type\":\"CommentAction\",\"name\":\"Comment\",\"target\":[\"https:\/\/denizcankizil.tr\/ru\/haberler\/gundem\/cocuk-dostu-kent-hedefine-dogru-onemli-adim\/#respond\"]}]},{\"@type\":\"WebPage\",\"@id\":\"https:\/\/denizcankizil.tr\/ru\/haberler\/gundem\/cocuk-dostu-kent-hedefine-dogru-onemli-adim\/\",\"url\":\"https:\/\/denizcankizil.tr\/ru\/haberler\/gundem\/cocuk-dostu-kent-hedefine-dogru-onemli-adim\/\",\"name\":\"\u201c\u00c7ocuk Dostu Kent\u201d hedefine do\u011fru \u00f6nemli ad\u0131m - Av. Deniz Can K\u0131z\u0131l\",\"isPartOf\":{\"@id\":\"https:\/\/denizcankizil.tr\/de\/#website\"},\"datePublished\":\"2025-03-02T09:41:23+00:00\",\"breadcrumb\":{\"@id\":\"https:\/\/denizcankizil.tr\/ru\/haberler\/gundem\/cocuk-dostu-kent-hedefine-dogru-onemli-adim\/#breadcrumb\"},\"inLanguage\":\"de\",\"potentialAction\":[{\"@type\":\"ReadAction\",\"target\":[\"https:\/\/denizcankizil.tr\/ru\/haberler\/gundem\/cocuk-dostu-kent-hedefine-dogru-onemli-adim\/\"]}]},{\"@type\":\"BreadcrumbList\",\"@id\":\"https:\/\/denizcankizil.tr\/ru\/haberler\/gundem\/cocuk-dostu-kent-hedefine-dogru-onemli-adim\/#breadcrumb\",\"itemListElement\":[{\"@type\":\"ListItem\",\"position\":1,\"name\":\"Home\",\"item\":\"https:\/\/denizcankizil.tr\/de\/\"},{\"@type\":\"ListItem\",\"position\":2,\"name\":\"\u201c\u00c7ocuk Dostu Kent\u201d hedefine do\u011fru \u00f6nemli ad\u0131m\"}]},{\"@type\":\"WebSite\",\"@id\":\"https:\/\/denizcankizil.tr\/de\/#website\",\"url\":\"https:\/\/denizcankizil.tr\/de\/\",\"name\":\"Av. Deniz Can K\u0131z\u0131l\",\"description\":\"Avukat Deniz Can K\u0131z\u0131l Antalya Barosu\",\"publisher\":{\"@id\":\"https:\/\/denizcankizil.tr\/de\/#organization\"},\"potentialAction\":[{\"@type\":\"SearchAction\",\"target\":{\"@type\":\"EntryPoint\",\"urlTemplate\":\"https:\/\/denizcankizil.tr\/de\/?s={search_term_string}\"},\"query-input\":{\"@type\":\"PropertyValueSpecification\",\"valueRequired\":true,\"valueName\":\"search_term_string\"}}],\"inLanguage\":\"de\"},{\"@type\":\"Organization\",\"@id\":\"https:\/\/denizcankizil.tr\/de\/#organization\",\"name\":\"Av. Deniz Can K\u0131z\u0131l\",\"url\":\"https:\/\/denizcankizil.tr\/de\/\",\"logo\":{\"@type\":\"ImageObject\",\"inLanguage\":\"de\",\"@id\":\"https:\/\/denizcankizil.tr\/de\/#\/schema\/logo\/image\/\",\"url\":\"https:\/\/denizcankizil.tr\/wp-content\/uploads\/2024\/10\/siyah-logo-svg.svg\",\"contentUrl\":\"https:\/\/denizcankizil.tr\/wp-content\/uploads\/2024\/10\/siyah-logo-svg.svg\",\"width\":1080,\"height\":1080,\"caption\":\"Av. Deniz Can K\u0131z\u0131l\"},\"image\":{\"@id\":\"https:\/\/denizcankizil.tr\/de\/#\/schema\/logo\/image\/\"}},{\"@type\":\"Person\",\"@id\":\"https:\/\/denizcankizil.tr\/de\/#\/schema\/person\/be3c05fe6a12686905512445d8185489\",\"name\":\"admin\",\"image\":{\"@type\":\"ImageObject\",\"inLanguage\":\"de\",\"@id\":\"https:\/\/denizcankizil.tr\/de\/#\/schema\/person\/image\/\",\"url\":\"https:\/\/secure.gravatar.com\/avatar\/c1fce94c830dc79107e174f890d7210541c4a63e8e5d816341794a2151c9d58c?s=96&d=mm&r=g\",\"contentUrl\":\"https:\/\/secure.gravatar.com\/avatar\/c1fce94c830dc79107e174f890d7210541c4a63e8e5d816341794a2151c9d58c?s=96&d=mm&r=g\",\"caption\":\"admin\"},\"sameAs\":[\"http:\/\/denizcankizil.tr\"],\"url\":\"https:\/\/www.iskenderun.org\/cocuk-dostu-kent-hedefine-dogru-onemli-adim-1\"}]}<\/script>\n<!-- \/ Yoast SEO Premium plugin. -->","yoast_head_json":{"title":"\u201c\u00c7ocuk Dostu Kent\u201d hedefine do\u011fru \u00f6nemli ad\u0131m - Av. Deniz Can K\u0131z\u0131l","robots":{"index":"index","follow":"follow","max-snippet":"max-snippet:-1","max-image-preview":"max-image-preview:large","max-video-preview":"max-video-preview:-1"},"canonical":"https:\/\/denizcankizil.tr\/de\/haberler\/gundem\/cocuk-dostu-kent-hedefine-dogru-onemli-adim\/","og_locale":"de_DE","og_type":"article","og_title":"\u201c\u00c7ocuk Dostu Kent\u201d hedefine do\u011fru \u00f6nemli ad\u0131m","og_description":"\u0130zmir B\u00fcy\u00fck\u015fehir Belediyesi ve Birle\u015fmi\u015f Milletler \u00c7ocuklara Yard\u0131m Fonu (UNICEF) i\u015f birli\u011fi ile \u00c7ocuk Dostu Kent \u00c7al\u0131\u015ftay\u0131 d\u00fczenlendi. \u00c7al\u0131\u015ftayda, \u0130zmir\u2019in \u00c7ocuk Dostu Kent olma yolunda yol haritas\u0131 belirlenirken, bu kapsamda \u0130zmir B\u00fcy\u00fck\u015fehir Belediyesi \u00c7ocuk Dostu Kent Koordinasyon Komisyonu kuruldu\u011fu da duyuruldu.\u0130ZM\u0130R (\u0130GFA) &#8211;\u00a0\u0130zmir\u2019i \u00c7ocuk Dostu Kent yapma hedefiyle \u00e7al\u0131\u015fmalar\u0131n\u0131 s\u00fcrd\u00fcren \u0130zmir B\u00fcy\u00fck\u015fehir Belediyesi, UNICEF i\u015f birli\u011fi ile \u00c7ocuk Dostu Kent \u00c7al\u0131\u015ftay\u0131 d\u00fczenledi.\u00a0 M\u00f6venpick Otel\u2019de yap\u0131lan \u00e7al\u0131\u015ftayda \u0130zmir B\u00fcy\u00fck\u015fehir Belediyesi ve UNICEF y\u00f6neticileri iki kurum aras\u0131nda imzalanan resmi \u00e7al\u0131\u015fma plan\u0131 \u00fczerinden belirlenen temalardan olan \u2018sosyal politika\u2019 konusunda fikir al\u0131\u015fveri\u015fi yapt\u0131. Kat\u0131l\u0131mc\u0131lar\u0131n interaktif bir bi\u00e7imde \u00c7ocuk Dostu Kent hayallerini anlatt\u0131\u011f\u0131 \u00e7al\u0131\u015ftayda, \u0130zmir B\u00fcy\u00fck\u015fehir Belediyesi b\u00fcnyesinde bir \u00c7ocuk Dostu Kent Koordinasyon Komisyonu kuruldu\u011fu da duyuruldu. Sosyal Hizmetler Dairesi Ba\u015fkanl\u0131\u011f\u0131 koordinesinde olu\u015fturulan komisyon, \u0130zmir\u2019de ya\u015fayan t\u00fcm \u00e7ocuklar\u0131n haklar\u0131na eri\u015fiminde f\u0131rsat e\u015fitli\u011fi sa\u011flamak, B\u00fcy\u00fck\u015fehir taraf\u0131ndan ger\u00e7ekle\u015ftirilen hizmetlerin ve \u00e7ocuklar\u0131n temas etti\u011fi kentsel alanlar\u0131n \u00e7ocuklar taraf\u0131ndan yap\u0131land\u0131r\u0131lmas\u0131n\u0131 sa\u011flamak ve bu sayede kentin iyilik halini art\u0131rmak amac\u0131yla \u00e7al\u0131\u015fmalar y\u00fcr\u00fctecek. Komisyonda, \u00e7ocuklara y\u00f6nelik hizmetlerin disiplinler aras\u0131 bir i\u015fleyi\u015fle y\u00fcr\u00fct\u00fclmesi hedefiyle \u00e7ocuklara do\u011frudan ya da dolayl\u0131 olarak etki eden hizmetler \u00fcreten birimlerin y\u00f6neticileri yer al\u0131yor. Komisyon ayn\u0131 zamanda \u0130zmir \u00c7ocuk Meclisi\u2019nde \u00e7ocuklar\u0131n ald\u0131klar\u0131 kararlar\u0131 hayata ge\u00e7irmeye y\u00f6nelik \u00e7al\u0131\u015fmalar da y\u00fcr\u00fctecek. \u201cBA\u015eKAN TUGAY, G\u00d6N\u00dcLDEN DESTEKL\u0130YOR\u201d \u00c7al\u0131\u015ftay\u0131n a\u00e7\u0131l\u0131\u015f konu\u015fmas\u0131 yapan \u0130zmir &hellip;","og_url":"https:\/\/denizcankizil.tr\/de\/haberler\/gundem\/cocuk-dostu-kent-hedefine-dogru-onemli-adim\/","og_site_name":"Av. Deniz Can K\u0131z\u0131l","article_published_time":"2025-03-02T09:41:23+00:00","author":"admin","twitter_card":"summary_large_image","twitter_misc":{"Verfasst von":"admin","Gesch\u00e4tzte Lesezeit":"8\u00a0Minuten"},"schema":{"@context":"https:\/\/schema.org","@graph":[{"@type":"Article","@id":"https:\/\/denizcankizil.tr\/ru\/haberler\/gundem\/cocuk-dostu-kent-hedefine-dogru-onemli-adim\/#article","isPartOf":{"@id":"https:\/\/denizcankizil.tr\/ru\/haberler\/gundem\/cocuk-dostu-kent-hedefine-dogru-onemli-adim\/"},"author":{"name":"admin","@id":"https:\/\/denizcankizil.tr\/de\/#\/schema\/person\/be3c05fe6a12686905512445d8185489"},"headline":"\u201c\u00c7ocuk Dostu Kent\u201d hedefine do\u011fru \u00f6nemli ad\u0131m","datePublished":"2025-03-02T09:41:23+00:00","mainEntityOfPage":{"@id":"https:\/\/denizcankizil.tr\/ru\/haberler\/gundem\/cocuk-dostu-kent-hedefine-dogru-onemli-adim\/"},"wordCount":1591,"commentCount":0,"publisher":{"@id":"https:\/\/denizcankizil.tr\/de\/#organization"},"articleSection":["G\u00fcndem"],"inLanguage":"de","potentialAction":[{"@type":"CommentAction","name":"Comment","target":["https:\/\/denizcankizil.tr\/ru\/haberler\/gundem\/cocuk-dostu-kent-hedefine-dogru-onemli-adim\/#respond"]}]},{"@type":"WebPage","@id":"https:\/\/denizcankizil.tr\/ru\/haberler\/gundem\/cocuk-dostu-kent-hedefine-dogru-onemli-adim\/","url":"https:\/\/denizcankizil.tr\/ru\/haberler\/gundem\/cocuk-dostu-kent-hedefine-dogru-onemli-adim\/","name":"\u201c\u00c7ocuk Dostu Kent\u201d hedefine do\u011fru \u00f6nemli ad\u0131m - Av. Deniz Can K\u0131z\u0131l","isPartOf":{"@id":"https:\/\/denizcankizil.tr\/de\/#website"},"datePublished":"2025-03-02T09:41:23+00:00","breadcrumb":{"@id":"https:\/\/denizcankizil.tr\/ru\/haberler\/gundem\/cocuk-dostu-kent-hedefine-dogru-onemli-adim\/#breadcrumb"},"inLanguage":"de","potentialAction":[{"@type":"ReadAction","target":["https:\/\/denizcankizil.tr\/ru\/haberler\/gundem\/cocuk-dostu-kent-hedefine-dogru-onemli-adim\/"]}]},{"@type":"BreadcrumbList","@id":"https:\/\/denizcankizil.tr\/ru\/haberler\/gundem\/cocuk-dostu-kent-hedefine-dogru-onemli-adim\/#breadcrumb","itemListElement":[{"@type":"ListItem","position":1,"name":"Home","item":"https:\/\/denizcankizil.tr\/de\/"},{"@type":"ListItem","position":2,"name":"\u201c\u00c7ocuk Dostu Kent\u201d hedefine do\u011fru \u00f6nemli ad\u0131m"}]},{"@type":"WebSite","@id":"https:\/\/denizcankizil.tr\/de\/#website","url":"https:\/\/denizcankizil.tr\/de\/","name":"Av. Deniz Can K\u0131z\u0131l","description":"Avukat Deniz Can K\u0131z\u0131l Antalya Barosu","publisher":{"@id":"https:\/\/denizcankizil.tr\/de\/#organization"},"potentialAction":[{"@type":"SearchAction","target":{"@type":"EntryPoint","urlTemplate":"https:\/\/denizcankizil.tr\/de\/?s={search_term_string}"},"query-input":{"@type":"PropertyValueSpecification","valueRequired":true,"valueName":"search_term_string"}}],"inLanguage":"de"},{"@type":"Organization","@id":"https:\/\/denizcankizil.tr\/de\/#organization","name":"Av. Deniz Can K\u0131z\u0131l","url":"https:\/\/denizcankizil.tr\/de\/","logo":{"@type":"ImageObject","inLanguage":"de","@id":"https:\/\/denizcankizil.tr\/de\/#\/schema\/logo\/image\/","url":"https:\/\/denizcankizil.tr\/wp-content\/uploads\/2024\/10\/siyah-logo-svg.svg","contentUrl":"https:\/\/denizcankizil.tr\/wp-content\/uploads\/2024\/10\/siyah-logo-svg.svg","width":1080,"height":1080,"caption":"Av. Deniz Can K\u0131z\u0131l"},"image":{"@id":"https:\/\/denizcankizil.tr\/de\/#\/schema\/logo\/image\/"}},{"@type":"Person","@id":"https:\/\/denizcankizil.tr\/de\/#\/schema\/person\/be3c05fe6a12686905512445d8185489","name":"Administrator","image":{"@type":"ImageObject","inLanguage":"de","@id":"https:\/\/denizcankizil.tr\/de\/#\/schema\/person\/image\/","url":"https:\/\/secure.gravatar.com\/avatar\/c1fce94c830dc79107e174f890d7210541c4a63e8e5d816341794a2151c9d58c?s=96&d=mm&r=g","contentUrl":"https:\/\/secure.gravatar.com\/avatar\/c1fce94c830dc79107e174f890d7210541c4a63e8e5d816341794a2151c9d58c?s=96&d=mm&r=g","caption":"admin"},"sameAs":["http:\/\/denizcankizil.tr"],"url":"https:\/\/www.iskenderun.org\/cocuk-dostu-kent-hedefine-dogru-onemli-adim-1"}]}},"_links":{"self":[{"href":"https:\/\/denizcankizil.tr\/de\/wp-json\/wp\/v2\/posts\/34499","targetHints":{"allow":["GET"]}}],"collection":[{"href":"https:\/\/denizcankizil.tr\/de\/wp-json\/wp\/v2\/posts"}],"about":[{"href":"https:\/\/denizcankizil.tr\/de\/wp-json\/wp\/v2\/types\/post"}],"author":[{"embeddable":true,"href":"https:\/\/denizcankizil.tr\/de\/wp-json\/wp\/v2\/users\/1"}],"replies":[{"embeddable":true,"href":"https:\/\/denizcankizil.tr\/de\/wp-json\/wp\/v2\/comments?post=34499"}],"version-history":[{"count":0,"href":"https:\/\/denizcankizil.tr\/de\/wp-json\/wp\/v2\/posts\/34499\/revisions"}],"wp:attachment":[{"href":"https:\/\/denizcankizil.tr\/de\/wp-json\/wp\/v2\/media?parent=34499"}],"wp:term":[{"taxonomy":"category","embeddable":true,"href":"https:\/\/denizcankizil.tr\/de\/wp-json\/wp\/v2\/categories?post=34499"},{"taxonomy":"post_tag","embeddable":true,"href":"https:\/\/denizcankizil.tr\/de\/wp-json\/wp\/v2\/tags?post=34499"}],"curies":[{"name":"wp","href":"https:\/\/api.w.org\/{rel}","templated":true}]}}