{"id":34457,"date":"2025-03-01T13:41:23","date_gmt":"2025-03-01T10:41:23","guid":{"rendered":"https:\/\/denizcankizil.tr\/uncategorized-tr\/firca-izleri-karma-resim-sergisi-sanatseverlerle-bulustu\/"},"modified":"2025-03-01T13:41:23","modified_gmt":"2025-03-01T10:41:23","slug":"firca-izleri-karma-resim-sergisi-sanatseverlerle-bulustu","status":"publish","type":"post","link":"https:\/\/denizcankizil.tr\/de\/haberler\/gundem\/firca-izleri-karma-resim-sergisi-sanatseverlerle-bulustu\/","title":{"rendered":"\u201cF\u0131r\u00e7a \u0130zleri\u201d Karma Resim Sergisi Sanatseverlerle Bulu\u015ftu"},"content":{"rendered":"<p>Manisa B\u00fcy\u00fck\u015fehir Belediyesi, D\u00fcnya Ressamlar G\u00fcn\u00fc\u2019ne \u00f6zel olarak \u201cF\u0131r\u00e7a \u0130zleri\u201d adl\u0131 karma resim sergisine ev sahipli\u011fi yapt\u0131.<\/p>\n<p>\u200bManisa B\u00fcy\u00fck\u015fehir Belediyesi, D\u00fcnya Ressamlar G\u00fcn\u00fc\u2019ne \u00f6zel olarak \u201cF\u0131r\u00e7a \u0130zleri\u201d adl\u0131 karma resim sergisine ev sahipli\u011fi yapt\u0131.\u00a0<\/p>\n<p>\u200bHaberin Al\u0131nt\u0131land\u0131\u011f\u0131 Kaynak: www.iskenderun.org<\/p>","protected":false},"excerpt":{"rendered":"<p>Manisa B\u00fcy\u00fck\u015fehir Belediyesi, D\u00fcnya Ressamlar G\u00fcn\u00fc\u2019ne \u00f6zel olarak \u201cF\u0131r\u00e7a \u0130zleri\u201d adl\u0131 karma resim sergisine ev sahipli\u011fi yapt\u0131. \u200bManisa B\u00fcy\u00fck\u015fehir Belediyesi, D\u00fcnya Ressamlar G\u00fcn\u00fc\u2019ne \u00f6zel olarak \u201cF\u0131r\u00e7a \u0130zleri\u201d adl\u0131 karma resim sergisine ev sahipli\u011fi yapt\u0131.\u00a0 \u200bHaberin Al\u0131nt\u0131land\u0131\u011f\u0131 Kaynak: www.iskenderun.org<\/p>","protected":false},"author":1,"featured_media":0,"comment_status":"open","ping_status":"open","sticky":false,"template":"","format":"standard","meta":{"_acf_changed":false,"footnotes":""},"categories":[24],"tags":[],"class_list":["post-34457","post","type-post","status-publish","format-standard","has-post-thumbnail","hentry","category-gundem"],"acf":[],"yoast_head":"<!-- This site is optimized with the Yoast SEO Premium plugin v26.6 (Yoast SEO v27.1.1) - https:\/\/yoast.com\/product\/yoast-seo-premium-wordpress\/ -->\n<title>\u201cF\u0131r\u00e7a \u0130zleri\u201d Karma Resim Sergisi Sanatseverlerle Bulu\u015ftu - Av. Deniz Can K\u0131z\u0131l<\/title>\n<meta name=\"robots\" content=\"index, follow, max-snippet:-1, max-image-preview:large, max-video-preview:-1\" \/>\n<link rel=\"canonical\" href=\"https:\/\/denizcankizil.tr\/de\/haberler\/gundem\/firca-izleri-karma-resim-sergisi-sanatseverlerle-bulustu\/\" \/>\n<meta property=\"og:locale\" content=\"de_DE\" \/>\n<meta property=\"og:type\" content=\"article\" \/>\n<meta property=\"og:title\" content=\"\u201cF\u0131r\u00e7a \u0130zleri\u201d Karma Resim Sergisi Sanatseverlerle Bulu\u015ftu\" \/>\n<meta property=\"og:description\" content=\"Manisa B\u00fcy\u00fck\u015fehir Belediyesi, D\u00fcnya Ressamlar G\u00fcn\u00fc\u2019ne \u00f6zel olarak \u201cF\u0131r\u00e7a \u0130zleri\u201d adl\u0131 karma resim sergisine ev sahipli\u011fi yapt\u0131. \u200bManisa B\u00fcy\u00fck\u015fehir Belediyesi, D\u00fcnya Ressamlar G\u00fcn\u00fc\u2019ne \u00f6zel olarak \u201cF\u0131r\u00e7a \u0130zleri\u201d adl\u0131 karma resim sergisine ev sahipli\u011fi yapt\u0131.\u00a0 \u200bHaberin Al\u0131nt\u0131land\u0131\u011f\u0131 Kaynak: www.iskenderun.org\" \/>\n<meta property=\"og:url\" content=\"https:\/\/denizcankizil.tr\/de\/haberler\/gundem\/firca-izleri-karma-resim-sergisi-sanatseverlerle-bulustu\/\" \/>\n<meta property=\"og:site_name\" content=\"Av. Deniz Can K\u0131z\u0131l\" \/>\n<meta property=\"article:published_time\" content=\"2025-03-01T10:41:23+00:00\" \/>\n<meta name=\"author\" content=\"admin\" \/>\n<meta name=\"twitter:card\" content=\"summary_large_image\" \/>\n<meta name=\"twitter:label1\" content=\"Verfasst von\" \/>\n\t<meta name=\"twitter:data1\" content=\"admin\" \/>\n<script type=\"application\/ld+json\" class=\"yoast-schema-graph\">{\"@context\":\"https:\/\/schema.org\",\"@graph\":[{\"@type\":\"Article\",\"@id\":\"https:\/\/denizcankizil.tr\/de\/haberler\/gundem\/firca-izleri-karma-resim-sergisi-sanatseverlerle-bulustu\/#article\",\"isPartOf\":{\"@id\":\"https:\/\/denizcankizil.tr\/de\/haberler\/gundem\/firca-izleri-karma-resim-sergisi-sanatseverlerle-bulustu\/\"},\"author\":{\"name\":\"admin\",\"@id\":\"https:\/\/denizcankizil.tr\/de\/#\/schema\/person\/be3c05fe6a12686905512445d8185489\"},\"headline\":\"\u201cF\u0131r\u00e7a \u0130zleri\u201d Karma Resim Sergisi Sanatseverlerle Bulu\u015ftu\",\"datePublished\":\"2025-03-01T10:41:23+00:00\",\"mainEntityOfPage\":{\"@id\":\"https:\/\/denizcankizil.tr\/de\/haberler\/gundem\/firca-izleri-karma-resim-sergisi-sanatseverlerle-bulustu\/\"},\"wordCount\":70,\"commentCount\":0,\"publisher\":{\"@id\":\"https:\/\/denizcankizil.tr\/de\/#organization\"},\"articleSection\":[\"G\u00fcndem\"],\"inLanguage\":\"de\",\"potentialAction\":[{\"@type\":\"CommentAction\",\"name\":\"Comment\",\"target\":[\"https:\/\/denizcankizil.tr\/de\/haberler\/gundem\/firca-izleri-karma-resim-sergisi-sanatseverlerle-bulustu\/#respond\"]}]},{\"@type\":\"WebPage\",\"@id\":\"https:\/\/denizcankizil.tr\/de\/haberler\/gundem\/firca-izleri-karma-resim-sergisi-sanatseverlerle-bulustu\/\",\"url\":\"https:\/\/denizcankizil.tr\/de\/haberler\/gundem\/firca-izleri-karma-resim-sergisi-sanatseverlerle-bulustu\/\",\"name\":\"\u201cF\u0131r\u00e7a \u0130zleri\u201d Karma Resim Sergisi Sanatseverlerle Bulu\u015ftu - Av. Deniz Can K\u0131z\u0131l\",\"isPartOf\":{\"@id\":\"https:\/\/denizcankizil.tr\/de\/#website\"},\"datePublished\":\"2025-03-01T10:41:23+00:00\",\"breadcrumb\":{\"@id\":\"https:\/\/denizcankizil.tr\/de\/haberler\/gundem\/firca-izleri-karma-resim-sergisi-sanatseverlerle-bulustu\/#breadcrumb\"},\"inLanguage\":\"de\",\"potentialAction\":[{\"@type\":\"ReadAction\",\"target\":[\"https:\/\/denizcankizil.tr\/de\/haberler\/gundem\/firca-izleri-karma-resim-sergisi-sanatseverlerle-bulustu\/\"]}]},{\"@type\":\"BreadcrumbList\",\"@id\":\"https:\/\/denizcankizil.tr\/de\/haberler\/gundem\/firca-izleri-karma-resim-sergisi-sanatseverlerle-bulustu\/#breadcrumb\",\"itemListElement\":[{\"@type\":\"ListItem\",\"position\":1,\"name\":\"Home\",\"item\":\"https:\/\/denizcankizil.tr\/de\/\"},{\"@type\":\"ListItem\",\"position\":2,\"name\":\"\u201cF\u0131r\u00e7a \u0130zleri\u201d Karma Resim Sergisi Sanatseverlerle Bulu\u015ftu\"}]},{\"@type\":\"WebSite\",\"@id\":\"https:\/\/denizcankizil.tr\/de\/#website\",\"url\":\"https:\/\/denizcankizil.tr\/de\/\",\"name\":\"Av. Deniz Can K\u0131z\u0131l\",\"description\":\"Avukat Deniz Can K\u0131z\u0131l Antalya Barosu\",\"publisher\":{\"@id\":\"https:\/\/denizcankizil.tr\/de\/#organization\"},\"potentialAction\":[{\"@type\":\"SearchAction\",\"target\":{\"@type\":\"EntryPoint\",\"urlTemplate\":\"https:\/\/denizcankizil.tr\/de\/?s={search_term_string}\"},\"query-input\":{\"@type\":\"PropertyValueSpecification\",\"valueRequired\":true,\"valueName\":\"search_term_string\"}}],\"inLanguage\":\"de\"},{\"@type\":\"Organization\",\"@id\":\"https:\/\/denizcankizil.tr\/de\/#organization\",\"name\":\"Av. Deniz Can K\u0131z\u0131l\",\"url\":\"https:\/\/denizcankizil.tr\/de\/\",\"logo\":{\"@type\":\"ImageObject\",\"inLanguage\":\"de\",\"@id\":\"https:\/\/denizcankizil.tr\/de\/#\/schema\/logo\/image\/\",\"url\":\"https:\/\/denizcankizil.tr\/wp-content\/uploads\/2024\/10\/siyah-logo-svg.svg\",\"contentUrl\":\"https:\/\/denizcankizil.tr\/wp-content\/uploads\/2024\/10\/siyah-logo-svg.svg\",\"width\":1080,\"height\":1080,\"caption\":\"Av. Deniz Can K\u0131z\u0131l\"},\"image\":{\"@id\":\"https:\/\/denizcankizil.tr\/de\/#\/schema\/logo\/image\/\"}},{\"@type\":\"Person\",\"@id\":\"https:\/\/denizcankizil.tr\/de\/#\/schema\/person\/be3c05fe6a12686905512445d8185489\",\"name\":\"admin\",\"image\":{\"@type\":\"ImageObject\",\"inLanguage\":\"de\",\"@id\":\"https:\/\/denizcankizil.tr\/de\/#\/schema\/person\/image\/\",\"url\":\"https:\/\/secure.gravatar.com\/avatar\/c1fce94c830dc79107e174f890d7210541c4a63e8e5d816341794a2151c9d58c?s=96&d=mm&r=g\",\"contentUrl\":\"https:\/\/secure.gravatar.com\/avatar\/c1fce94c830dc79107e174f890d7210541c4a63e8e5d816341794a2151c9d58c?s=96&d=mm&r=g\",\"caption\":\"admin\"},\"sameAs\":[\"http:\/\/denizcankizil.tr\"],\"url\":\"https:\/\/www.iskenderun.org\/firca-izleri-karma-resim-sergisi-sanatseverlerle-bulustu\"}]}<\/script>\n<!-- \/ Yoast SEO Premium plugin. -->","yoast_head_json":{"title":"\u201cF\u0131r\u00e7a \u0130zleri\u201d Karma Resim Sergisi Sanatseverlerle Bulu\u015ftu - Av. Deniz Can K\u0131z\u0131l","robots":{"index":"index","follow":"follow","max-snippet":"max-snippet:-1","max-image-preview":"max-image-preview:large","max-video-preview":"max-video-preview:-1"},"canonical":"https:\/\/denizcankizil.tr\/de\/haberler\/gundem\/firca-izleri-karma-resim-sergisi-sanatseverlerle-bulustu\/","og_locale":"de_DE","og_type":"article","og_title":"\u201cF\u0131r\u00e7a \u0130zleri\u201d Karma Resim Sergisi Sanatseverlerle Bulu\u015ftu","og_description":"Manisa B\u00fcy\u00fck\u015fehir Belediyesi, D\u00fcnya Ressamlar G\u00fcn\u00fc\u2019ne \u00f6zel olarak \u201cF\u0131r\u00e7a \u0130zleri\u201d adl\u0131 karma resim sergisine ev sahipli\u011fi yapt\u0131. \u200bManisa B\u00fcy\u00fck\u015fehir Belediyesi, D\u00fcnya Ressamlar G\u00fcn\u00fc\u2019ne \u00f6zel olarak \u201cF\u0131r\u00e7a \u0130zleri\u201d adl\u0131 karma resim sergisine ev sahipli\u011fi yapt\u0131.\u00a0 \u200bHaberin Al\u0131nt\u0131land\u0131\u011f\u0131 Kaynak: www.iskenderun.org","og_url":"https:\/\/denizcankizil.tr\/de\/haberler\/gundem\/firca-izleri-karma-resim-sergisi-sanatseverlerle-bulustu\/","og_site_name":"Av. Deniz Can K\u0131z\u0131l","article_published_time":"2025-03-01T10:41:23+00:00","author":"admin","twitter_card":"summary_large_image","twitter_misc":{"Verfasst von":"admin"},"schema":{"@context":"https:\/\/schema.org","@graph":[{"@type":"Article","@id":"https:\/\/denizcankizil.tr\/de\/haberler\/gundem\/firca-izleri-karma-resim-sergisi-sanatseverlerle-bulustu\/#article","isPartOf":{"@id":"https:\/\/denizcankizil.tr\/de\/haberler\/gundem\/firca-izleri-karma-resim-sergisi-sanatseverlerle-bulustu\/"},"author":{"name":"admin","@id":"https:\/\/denizcankizil.tr\/de\/#\/schema\/person\/be3c05fe6a12686905512445d8185489"},"headline":"\u201cF\u0131r\u00e7a \u0130zleri\u201d Karma Resim Sergisi Sanatseverlerle Bulu\u015ftu","datePublished":"2025-03-01T10:41:23+00:00","mainEntityOfPage":{"@id":"https:\/\/denizcankizil.tr\/de\/haberler\/gundem\/firca-izleri-karma-resim-sergisi-sanatseverlerle-bulustu\/"},"wordCount":70,"commentCount":0,"publisher":{"@id":"https:\/\/denizcankizil.tr\/de\/#organization"},"articleSection":["G\u00fcndem"],"inLanguage":"de","potentialAction":[{"@type":"CommentAction","name":"Comment","target":["https:\/\/denizcankizil.tr\/de\/haberler\/gundem\/firca-izleri-karma-resim-sergisi-sanatseverlerle-bulustu\/#respond"]}]},{"@type":"WebPage","@id":"https:\/\/denizcankizil.tr\/de\/haberler\/gundem\/firca-izleri-karma-resim-sergisi-sanatseverlerle-bulustu\/","url":"https:\/\/denizcankizil.tr\/de\/haberler\/gundem\/firca-izleri-karma-resim-sergisi-sanatseverlerle-bulustu\/","name":"\u201cF\u0131r\u00e7a \u0130zleri\u201d Karma Resim Sergisi Sanatseverlerle Bulu\u015ftu - Av. Deniz Can K\u0131z\u0131l","isPartOf":{"@id":"https:\/\/denizcankizil.tr\/de\/#website"},"datePublished":"2025-03-01T10:41:23+00:00","breadcrumb":{"@id":"https:\/\/denizcankizil.tr\/de\/haberler\/gundem\/firca-izleri-karma-resim-sergisi-sanatseverlerle-bulustu\/#breadcrumb"},"inLanguage":"de","potentialAction":[{"@type":"ReadAction","target":["https:\/\/denizcankizil.tr\/de\/haberler\/gundem\/firca-izleri-karma-resim-sergisi-sanatseverlerle-bulustu\/"]}]},{"@type":"BreadcrumbList","@id":"https:\/\/denizcankizil.tr\/de\/haberler\/gundem\/firca-izleri-karma-resim-sergisi-sanatseverlerle-bulustu\/#breadcrumb","itemListElement":[{"@type":"ListItem","position":1,"name":"Home","item":"https:\/\/denizcankizil.tr\/de\/"},{"@type":"ListItem","position":2,"name":"\u201cF\u0131r\u00e7a \u0130zleri\u201d Karma Resim Sergisi Sanatseverlerle Bulu\u015ftu"}]},{"@type":"WebSite","@id":"https:\/\/denizcankizil.tr\/de\/#website","url":"https:\/\/denizcankizil.tr\/de\/","name":"Av. Deniz Can K\u0131z\u0131l","description":"Avukat Deniz Can K\u0131z\u0131l Antalya Barosu","publisher":{"@id":"https:\/\/denizcankizil.tr\/de\/#organization"},"potentialAction":[{"@type":"SearchAction","target":{"@type":"EntryPoint","urlTemplate":"https:\/\/denizcankizil.tr\/de\/?s={search_term_string}"},"query-input":{"@type":"PropertyValueSpecification","valueRequired":true,"valueName":"search_term_string"}}],"inLanguage":"de"},{"@type":"Organization","@id":"https:\/\/denizcankizil.tr\/de\/#organization","name":"Av. Deniz Can K\u0131z\u0131l","url":"https:\/\/denizcankizil.tr\/de\/","logo":{"@type":"ImageObject","inLanguage":"de","@id":"https:\/\/denizcankizil.tr\/de\/#\/schema\/logo\/image\/","url":"https:\/\/denizcankizil.tr\/wp-content\/uploads\/2024\/10\/siyah-logo-svg.svg","contentUrl":"https:\/\/denizcankizil.tr\/wp-content\/uploads\/2024\/10\/siyah-logo-svg.svg","width":1080,"height":1080,"caption":"Av. Deniz Can K\u0131z\u0131l"},"image":{"@id":"https:\/\/denizcankizil.tr\/de\/#\/schema\/logo\/image\/"}},{"@type":"Person","@id":"https:\/\/denizcankizil.tr\/de\/#\/schema\/person\/be3c05fe6a12686905512445d8185489","name":"Administrator","image":{"@type":"ImageObject","inLanguage":"de","@id":"https:\/\/denizcankizil.tr\/de\/#\/schema\/person\/image\/","url":"https:\/\/secure.gravatar.com\/avatar\/c1fce94c830dc79107e174f890d7210541c4a63e8e5d816341794a2151c9d58c?s=96&d=mm&r=g","contentUrl":"https:\/\/secure.gravatar.com\/avatar\/c1fce94c830dc79107e174f890d7210541c4a63e8e5d816341794a2151c9d58c?s=96&d=mm&r=g","caption":"admin"},"sameAs":["http:\/\/denizcankizil.tr"],"url":"https:\/\/www.iskenderun.org\/firca-izleri-karma-resim-sergisi-sanatseverlerle-bulustu"}]}},"_links":{"self":[{"href":"https:\/\/denizcankizil.tr\/de\/wp-json\/wp\/v2\/posts\/34457","targetHints":{"allow":["GET"]}}],"collection":[{"href":"https:\/\/denizcankizil.tr\/de\/wp-json\/wp\/v2\/posts"}],"about":[{"href":"https:\/\/denizcankizil.tr\/de\/wp-json\/wp\/v2\/types\/post"}],"author":[{"embeddable":true,"href":"https:\/\/denizcankizil.tr\/de\/wp-json\/wp\/v2\/users\/1"}],"replies":[{"embeddable":true,"href":"https:\/\/denizcankizil.tr\/de\/wp-json\/wp\/v2\/comments?post=34457"}],"version-history":[{"count":0,"href":"https:\/\/denizcankizil.tr\/de\/wp-json\/wp\/v2\/posts\/34457\/revisions"}],"wp:attachment":[{"href":"https:\/\/denizcankizil.tr\/de\/wp-json\/wp\/v2\/media?parent=34457"}],"wp:term":[{"taxonomy":"category","embeddable":true,"href":"https:\/\/denizcankizil.tr\/de\/wp-json\/wp\/v2\/categories?post=34457"},{"taxonomy":"post_tag","embeddable":true,"href":"https:\/\/denizcankizil.tr\/de\/wp-json\/wp\/v2\/tags?post=34457"}],"curies":[{"name":"wp","href":"https:\/\/api.w.org\/{rel}","templated":true}]}}