{"id":34426,"date":"2025-02-28T21:41:22","date_gmt":"2025-02-28T18:41:22","guid":{"rendered":"https:\/\/denizcankizil.tr\/uncategorized-tr\/nevsehir-belediyesinden-ihtiyac-sahibi-ailelere-gida-kolisi\/"},"modified":"2025-02-28T21:41:22","modified_gmt":"2025-02-28T18:41:22","slug":"nevsehir-belediyesinden-ihtiyac-sahibi-ailelere-gida-kolisi","status":"publish","type":"post","link":"https:\/\/denizcankizil.tr\/de\/haberler\/gundem\/nevsehir-belediyesinden-ihtiyac-sahibi-ailelere-gida-kolisi\/","title":{"rendered":"Nev\u015fehir Belediyesi\u2019nden \u0130htiya\u00e7 Sahibi Ailelere G\u0131da Kolisi"},"content":{"rendered":"<p>Nev\u015fehir Belediye Ba\u015fkan\u0131 Rasim Ar\u0131 taraf\u0131ndan Nev\u015fehir Belediyesi \u00f6n\u00fcnde start\u0131 verilen ve bizzat Ba\u015fkan Ar\u0131\u2019n\u0131n e\u015flik etti\u011fi g\u0131da konvoyu Nev\u015fehir\u2019deki b\u00fct\u00fcn mahalleler de yard\u0131m kolisi da\u011f\u0131t\u0131yor.<\/p>\n<p>\u200bNev\u015fehir Belediye Ba\u015fkan\u0131 Rasim Ar\u0131 taraf\u0131ndan Nev\u015fehir Belediyesi \u00f6n\u00fcnde start\u0131 verilen ve bizzat Ba\u015fkan Ar\u0131\u2019n\u0131n e\u015flik etti\u011fi g\u0131da konvoyu Nev\u015fehir\u2019deki b\u00fct\u00fcn mahalleler de yard\u0131m kolisi da\u011f\u0131t\u0131yor.\u00a0<\/p>\n<p>\u200bHaberin Al\u0131nt\u0131land\u0131\u011f\u0131 Kaynak: www.iskenderun.org<\/p>","protected":false},"excerpt":{"rendered":"<p>Nev\u015fehir Belediye Ba\u015fkan\u0131 Rasim Ar\u0131 taraf\u0131ndan Nev\u015fehir Belediyesi \u00f6n\u00fcnde start\u0131 verilen ve bizzat Ba\u015fkan Ar\u0131\u2019n\u0131n e\u015flik etti\u011fi g\u0131da konvoyu Nev\u015fehir\u2019deki b\u00fct\u00fcn mahalleler de yard\u0131m kolisi da\u011f\u0131t\u0131yor. \u200bNev\u015fehir Belediye Ba\u015fkan\u0131 Rasim Ar\u0131 taraf\u0131ndan Nev\u015fehir Belediyesi \u00f6n\u00fcnde start\u0131 verilen ve bizzat Ba\u015fkan Ar\u0131\u2019n\u0131n e\u015flik etti\u011fi g\u0131da konvoyu Nev\u015fehir\u2019deki b\u00fct\u00fcn mahalleler de yard\u0131m kolisi da\u011f\u0131t\u0131yor.\u00a0 \u200bHaberin Al\u0131nt\u0131land\u0131\u011f\u0131 Kaynak: www.iskenderun.org<\/p>","protected":false},"author":1,"featured_media":0,"comment_status":"open","ping_status":"open","sticky":false,"template":"","format":"standard","meta":{"_acf_changed":false,"footnotes":""},"categories":[24],"tags":[],"class_list":["post-34426","post","type-post","status-publish","format-standard","has-post-thumbnail","hentry","category-gundem"],"acf":[],"yoast_head":"<!-- This site is optimized with the Yoast SEO Premium plugin v26.6 (Yoast SEO v27.1.1) - https:\/\/yoast.com\/product\/yoast-seo-premium-wordpress\/ -->\n<title>Nev\u015fehir Belediyesi\u2019nden \u0130htiya\u00e7 Sahibi Ailelere G\u0131da Kolisi - Av. Deniz Can K\u0131z\u0131l<\/title>\n<meta name=\"robots\" content=\"index, follow, max-snippet:-1, max-image-preview:large, max-video-preview:-1\" \/>\n<link rel=\"canonical\" href=\"https:\/\/denizcankizil.tr\/de\/haberler\/gundem\/nevsehir-belediyesinden-ihtiyac-sahibi-ailelere-gida-kolisi\/\" \/>\n<meta property=\"og:locale\" content=\"de_DE\" \/>\n<meta property=\"og:type\" content=\"article\" \/>\n<meta property=\"og:title\" content=\"Nev\u015fehir Belediyesi\u2019nden \u0130htiya\u00e7 Sahibi Ailelere G\u0131da Kolisi\" \/>\n<meta property=\"og:description\" content=\"Nev\u015fehir Belediye Ba\u015fkan\u0131 Rasim Ar\u0131 taraf\u0131ndan Nev\u015fehir Belediyesi \u00f6n\u00fcnde start\u0131 verilen ve bizzat Ba\u015fkan Ar\u0131\u2019n\u0131n e\u015flik etti\u011fi g\u0131da konvoyu Nev\u015fehir\u2019deki b\u00fct\u00fcn mahalleler de yard\u0131m kolisi da\u011f\u0131t\u0131yor. \u200bNev\u015fehir Belediye Ba\u015fkan\u0131 Rasim Ar\u0131 taraf\u0131ndan Nev\u015fehir Belediyesi \u00f6n\u00fcnde start\u0131 verilen ve bizzat Ba\u015fkan Ar\u0131\u2019n\u0131n e\u015flik etti\u011fi g\u0131da konvoyu Nev\u015fehir\u2019deki b\u00fct\u00fcn mahalleler de yard\u0131m kolisi da\u011f\u0131t\u0131yor.\u00a0 \u200bHaberin Al\u0131nt\u0131land\u0131\u011f\u0131 Kaynak: www.iskenderun.org\" \/>\n<meta property=\"og:url\" content=\"https:\/\/denizcankizil.tr\/de\/haberler\/gundem\/nevsehir-belediyesinden-ihtiyac-sahibi-ailelere-gida-kolisi\/\" \/>\n<meta property=\"og:site_name\" content=\"Av. Deniz Can K\u0131z\u0131l\" \/>\n<meta property=\"article:published_time\" content=\"2025-02-28T18:41:22+00:00\" \/>\n<meta name=\"author\" content=\"admin\" \/>\n<meta name=\"twitter:card\" content=\"summary_large_image\" \/>\n<meta name=\"twitter:label1\" content=\"Verfasst von\" \/>\n\t<meta name=\"twitter:data1\" content=\"admin\" \/>\n<script type=\"application\/ld+json\" class=\"yoast-schema-graph\">{\"@context\":\"https:\/\/schema.org\",\"@graph\":[{\"@type\":\"Article\",\"@id\":\"https:\/\/denizcankizil.tr\/de\/haberler\/gundem\/nevsehir-belediyesinden-ihtiyac-sahibi-ailelere-gida-kolisi\/#article\",\"isPartOf\":{\"@id\":\"https:\/\/denizcankizil.tr\/de\/haberler\/gundem\/nevsehir-belediyesinden-ihtiyac-sahibi-ailelere-gida-kolisi\/\"},\"author\":{\"name\":\"admin\",\"@id\":\"https:\/\/denizcankizil.tr\/#\/schema\/person\/be3c05fe6a12686905512445d8185489\"},\"headline\":\"Nev\u015fehir Belediyesi\u2019nden \u0130htiya\u00e7 Sahibi Ailelere G\u0131da Kolisi\",\"datePublished\":\"2025-02-28T18:41:22+00:00\",\"mainEntityOfPage\":{\"@id\":\"https:\/\/denizcankizil.tr\/de\/haberler\/gundem\/nevsehir-belediyesinden-ihtiyac-sahibi-ailelere-gida-kolisi\/\"},\"wordCount\":106,\"commentCount\":0,\"publisher\":{\"@id\":\"https:\/\/denizcankizil.tr\/#organization\"},\"articleSection\":[\"G\u00fcndem\"],\"inLanguage\":\"de\",\"potentialAction\":[{\"@type\":\"CommentAction\",\"name\":\"Comment\",\"target\":[\"https:\/\/denizcankizil.tr\/de\/haberler\/gundem\/nevsehir-belediyesinden-ihtiyac-sahibi-ailelere-gida-kolisi\/#respond\"]}]},{\"@type\":\"WebPage\",\"@id\":\"https:\/\/denizcankizil.tr\/de\/haberler\/gundem\/nevsehir-belediyesinden-ihtiyac-sahibi-ailelere-gida-kolisi\/\",\"url\":\"https:\/\/denizcankizil.tr\/de\/haberler\/gundem\/nevsehir-belediyesinden-ihtiyac-sahibi-ailelere-gida-kolisi\/\",\"name\":\"Nev\u015fehir Belediyesi\u2019nden \u0130htiya\u00e7 Sahibi Ailelere G\u0131da Kolisi - Av. Deniz Can K\u0131z\u0131l\",\"isPartOf\":{\"@id\":\"https:\/\/denizcankizil.tr\/#website\"},\"datePublished\":\"2025-02-28T18:41:22+00:00\",\"breadcrumb\":{\"@id\":\"https:\/\/denizcankizil.tr\/de\/haberler\/gundem\/nevsehir-belediyesinden-ihtiyac-sahibi-ailelere-gida-kolisi\/#breadcrumb\"},\"inLanguage\":\"de\",\"potentialAction\":[{\"@type\":\"ReadAction\",\"target\":[\"https:\/\/denizcankizil.tr\/de\/haberler\/gundem\/nevsehir-belediyesinden-ihtiyac-sahibi-ailelere-gida-kolisi\/\"]}]},{\"@type\":\"BreadcrumbList\",\"@id\":\"https:\/\/denizcankizil.tr\/de\/haberler\/gundem\/nevsehir-belediyesinden-ihtiyac-sahibi-ailelere-gida-kolisi\/#breadcrumb\",\"itemListElement\":[{\"@type\":\"ListItem\",\"position\":1,\"name\":\"Home\",\"item\":\"https:\/\/denizcankizil.tr\/de\/\"},{\"@type\":\"ListItem\",\"position\":2,\"name\":\"Nev\u015fehir Belediyesi\u2019nden \u0130htiya\u00e7 Sahibi Ailelere G\u0131da Kolisi\"}]},{\"@type\":\"WebSite\",\"@id\":\"https:\/\/denizcankizil.tr\/#website\",\"url\":\"https:\/\/denizcankizil.tr\/\",\"name\":\"Av. Deniz Can K\u0131z\u0131l\",\"description\":\"Avukat Deniz Can K\u0131z\u0131l Antalya Barosu\",\"publisher\":{\"@id\":\"https:\/\/denizcankizil.tr\/#organization\"},\"potentialAction\":[{\"@type\":\"SearchAction\",\"target\":{\"@type\":\"EntryPoint\",\"urlTemplate\":\"https:\/\/denizcankizil.tr\/?s={search_term_string}\"},\"query-input\":{\"@type\":\"PropertyValueSpecification\",\"valueRequired\":true,\"valueName\":\"search_term_string\"}}],\"inLanguage\":\"de\"},{\"@type\":\"Organization\",\"@id\":\"https:\/\/denizcankizil.tr\/#organization\",\"name\":\"Av. Deniz Can K\u0131z\u0131l\",\"url\":\"https:\/\/denizcankizil.tr\/\",\"logo\":{\"@type\":\"ImageObject\",\"inLanguage\":\"de\",\"@id\":\"https:\/\/denizcankizil.tr\/#\/schema\/logo\/image\/\",\"url\":\"https:\/\/denizcankizil.tr\/wp-content\/uploads\/2024\/10\/siyah-logo-svg.svg\",\"contentUrl\":\"https:\/\/denizcankizil.tr\/wp-content\/uploads\/2024\/10\/siyah-logo-svg.svg\",\"width\":1080,\"height\":1080,\"caption\":\"Av. Deniz Can K\u0131z\u0131l\"},\"image\":{\"@id\":\"https:\/\/denizcankizil.tr\/#\/schema\/logo\/image\/\"}},{\"@type\":\"Person\",\"@id\":\"https:\/\/denizcankizil.tr\/#\/schema\/person\/be3c05fe6a12686905512445d8185489\",\"name\":\"admin\",\"image\":{\"@type\":\"ImageObject\",\"inLanguage\":\"de\",\"@id\":\"https:\/\/denizcankizil.tr\/#\/schema\/person\/image\/\",\"url\":\"https:\/\/secure.gravatar.com\/avatar\/c1fce94c830dc79107e174f890d7210541c4a63e8e5d816341794a2151c9d58c?s=96&d=mm&r=g\",\"contentUrl\":\"https:\/\/secure.gravatar.com\/avatar\/c1fce94c830dc79107e174f890d7210541c4a63e8e5d816341794a2151c9d58c?s=96&d=mm&r=g\",\"caption\":\"admin\"},\"sameAs\":[\"http:\/\/denizcankizil.tr\"],\"url\":\"https:\/\/www.iskenderun.org\/nevsehir-belediyesinden-ihtiyac-sahibi-ailelere-gida-kolisi\"}]}<\/script>\n<!-- \/ Yoast SEO Premium plugin. -->","yoast_head_json":{"title":"Nev\u015fehir Belediyesi\u2019nden \u0130htiya\u00e7 Sahibi Ailelere G\u0131da Kolisi - Av. Deniz Can K\u0131z\u0131l","robots":{"index":"index","follow":"follow","max-snippet":"max-snippet:-1","max-image-preview":"max-image-preview:large","max-video-preview":"max-video-preview:-1"},"canonical":"https:\/\/denizcankizil.tr\/de\/haberler\/gundem\/nevsehir-belediyesinden-ihtiyac-sahibi-ailelere-gida-kolisi\/","og_locale":"de_DE","og_type":"article","og_title":"Nev\u015fehir Belediyesi\u2019nden \u0130htiya\u00e7 Sahibi Ailelere G\u0131da Kolisi","og_description":"Nev\u015fehir Belediye Ba\u015fkan\u0131 Rasim Ar\u0131 taraf\u0131ndan Nev\u015fehir Belediyesi \u00f6n\u00fcnde start\u0131 verilen ve bizzat Ba\u015fkan Ar\u0131\u2019n\u0131n e\u015flik etti\u011fi g\u0131da konvoyu Nev\u015fehir\u2019deki b\u00fct\u00fcn mahalleler de yard\u0131m kolisi da\u011f\u0131t\u0131yor. \u200bNev\u015fehir Belediye Ba\u015fkan\u0131 Rasim Ar\u0131 taraf\u0131ndan Nev\u015fehir Belediyesi \u00f6n\u00fcnde start\u0131 verilen ve bizzat Ba\u015fkan Ar\u0131\u2019n\u0131n e\u015flik etti\u011fi g\u0131da konvoyu Nev\u015fehir\u2019deki b\u00fct\u00fcn mahalleler de yard\u0131m kolisi da\u011f\u0131t\u0131yor.\u00a0 \u200bHaberin Al\u0131nt\u0131land\u0131\u011f\u0131 Kaynak: www.iskenderun.org","og_url":"https:\/\/denizcankizil.tr\/de\/haberler\/gundem\/nevsehir-belediyesinden-ihtiyac-sahibi-ailelere-gida-kolisi\/","og_site_name":"Av. Deniz Can K\u0131z\u0131l","article_published_time":"2025-02-28T18:41:22+00:00","author":"admin","twitter_card":"summary_large_image","twitter_misc":{"Verfasst von":"admin"},"schema":{"@context":"https:\/\/schema.org","@graph":[{"@type":"Article","@id":"https:\/\/denizcankizil.tr\/de\/haberler\/gundem\/nevsehir-belediyesinden-ihtiyac-sahibi-ailelere-gida-kolisi\/#article","isPartOf":{"@id":"https:\/\/denizcankizil.tr\/de\/haberler\/gundem\/nevsehir-belediyesinden-ihtiyac-sahibi-ailelere-gida-kolisi\/"},"author":{"name":"admin","@id":"https:\/\/denizcankizil.tr\/#\/schema\/person\/be3c05fe6a12686905512445d8185489"},"headline":"Nev\u015fehir Belediyesi\u2019nden \u0130htiya\u00e7 Sahibi Ailelere G\u0131da Kolisi","datePublished":"2025-02-28T18:41:22+00:00","mainEntityOfPage":{"@id":"https:\/\/denizcankizil.tr\/de\/haberler\/gundem\/nevsehir-belediyesinden-ihtiyac-sahibi-ailelere-gida-kolisi\/"},"wordCount":106,"commentCount":0,"publisher":{"@id":"https:\/\/denizcankizil.tr\/#organization"},"articleSection":["G\u00fcndem"],"inLanguage":"de","potentialAction":[{"@type":"CommentAction","name":"Comment","target":["https:\/\/denizcankizil.tr\/de\/haberler\/gundem\/nevsehir-belediyesinden-ihtiyac-sahibi-ailelere-gida-kolisi\/#respond"]}]},{"@type":"WebPage","@id":"https:\/\/denizcankizil.tr\/de\/haberler\/gundem\/nevsehir-belediyesinden-ihtiyac-sahibi-ailelere-gida-kolisi\/","url":"https:\/\/denizcankizil.tr\/de\/haberler\/gundem\/nevsehir-belediyesinden-ihtiyac-sahibi-ailelere-gida-kolisi\/","name":"Nev\u015fehir Belediyesi\u2019nden \u0130htiya\u00e7 Sahibi Ailelere G\u0131da Kolisi - Av. Deniz Can K\u0131z\u0131l","isPartOf":{"@id":"https:\/\/denizcankizil.tr\/#website"},"datePublished":"2025-02-28T18:41:22+00:00","breadcrumb":{"@id":"https:\/\/denizcankizil.tr\/de\/haberler\/gundem\/nevsehir-belediyesinden-ihtiyac-sahibi-ailelere-gida-kolisi\/#breadcrumb"},"inLanguage":"de","potentialAction":[{"@type":"ReadAction","target":["https:\/\/denizcankizil.tr\/de\/haberler\/gundem\/nevsehir-belediyesinden-ihtiyac-sahibi-ailelere-gida-kolisi\/"]}]},{"@type":"BreadcrumbList","@id":"https:\/\/denizcankizil.tr\/de\/haberler\/gundem\/nevsehir-belediyesinden-ihtiyac-sahibi-ailelere-gida-kolisi\/#breadcrumb","itemListElement":[{"@type":"ListItem","position":1,"name":"Home","item":"https:\/\/denizcankizil.tr\/de\/"},{"@type":"ListItem","position":2,"name":"Nev\u015fehir Belediyesi\u2019nden \u0130htiya\u00e7 Sahibi Ailelere G\u0131da Kolisi"}]},{"@type":"WebSite","@id":"https:\/\/denizcankizil.tr\/#website","url":"https:\/\/denizcankizil.tr\/","name":"Av. Deniz Can K\u0131z\u0131l","description":"Avukat Deniz Can K\u0131z\u0131l Antalya Barosu","publisher":{"@id":"https:\/\/denizcankizil.tr\/#organization"},"potentialAction":[{"@type":"SearchAction","target":{"@type":"EntryPoint","urlTemplate":"https:\/\/denizcankizil.tr\/?s={search_term_string}"},"query-input":{"@type":"PropertyValueSpecification","valueRequired":true,"valueName":"search_term_string"}}],"inLanguage":"de"},{"@type":"Organization","@id":"https:\/\/denizcankizil.tr\/#organization","name":"Av. Deniz Can K\u0131z\u0131l","url":"https:\/\/denizcankizil.tr\/","logo":{"@type":"ImageObject","inLanguage":"de","@id":"https:\/\/denizcankizil.tr\/#\/schema\/logo\/image\/","url":"https:\/\/denizcankizil.tr\/wp-content\/uploads\/2024\/10\/siyah-logo-svg.svg","contentUrl":"https:\/\/denizcankizil.tr\/wp-content\/uploads\/2024\/10\/siyah-logo-svg.svg","width":1080,"height":1080,"caption":"Av. Deniz Can K\u0131z\u0131l"},"image":{"@id":"https:\/\/denizcankizil.tr\/#\/schema\/logo\/image\/"}},{"@type":"Person","@id":"https:\/\/denizcankizil.tr\/#\/schema\/person\/be3c05fe6a12686905512445d8185489","name":"Administrator","image":{"@type":"ImageObject","inLanguage":"de","@id":"https:\/\/denizcankizil.tr\/#\/schema\/person\/image\/","url":"https:\/\/secure.gravatar.com\/avatar\/c1fce94c830dc79107e174f890d7210541c4a63e8e5d816341794a2151c9d58c?s=96&d=mm&r=g","contentUrl":"https:\/\/secure.gravatar.com\/avatar\/c1fce94c830dc79107e174f890d7210541c4a63e8e5d816341794a2151c9d58c?s=96&d=mm&r=g","caption":"admin"},"sameAs":["http:\/\/denizcankizil.tr"],"url":"https:\/\/www.iskenderun.org\/nevsehir-belediyesinden-ihtiyac-sahibi-ailelere-gida-kolisi"}]}},"_links":{"self":[{"href":"https:\/\/denizcankizil.tr\/de\/wp-json\/wp\/v2\/posts\/34426","targetHints":{"allow":["GET"]}}],"collection":[{"href":"https:\/\/denizcankizil.tr\/de\/wp-json\/wp\/v2\/posts"}],"about":[{"href":"https:\/\/denizcankizil.tr\/de\/wp-json\/wp\/v2\/types\/post"}],"author":[{"embeddable":true,"href":"https:\/\/denizcankizil.tr\/de\/wp-json\/wp\/v2\/users\/1"}],"replies":[{"embeddable":true,"href":"https:\/\/denizcankizil.tr\/de\/wp-json\/wp\/v2\/comments?post=34426"}],"version-history":[{"count":0,"href":"https:\/\/denizcankizil.tr\/de\/wp-json\/wp\/v2\/posts\/34426\/revisions"}],"wp:attachment":[{"href":"https:\/\/denizcankizil.tr\/de\/wp-json\/wp\/v2\/media?parent=34426"}],"wp:term":[{"taxonomy":"category","embeddable":true,"href":"https:\/\/denizcankizil.tr\/de\/wp-json\/wp\/v2\/categories?post=34426"},{"taxonomy":"post_tag","embeddable":true,"href":"https:\/\/denizcankizil.tr\/de\/wp-json\/wp\/v2\/tags?post=34426"}],"curies":[{"name":"wp","href":"https:\/\/api.w.org\/{rel}","templated":true}]}}