{"id":34419,"date":"2025-02-28T19:23:00","date_gmt":"2025-02-28T16:23:00","guid":{"rendered":"https:\/\/denizcankizil.tr\/uncategorized-tr\/aymnin-2020-18989-basvuru-numarali-karari\/"},"modified":"2025-02-28T19:23:00","modified_gmt":"2025-02-28T16:23:00","slug":"aymnin-2020-18989-basvuru-numarali-karari","status":"publish","type":"post","link":"https:\/\/denizcankizil.tr\/de\/hukukihaber\/aymnin-2020-18989-basvuru-numarali-karari\/","title":{"rendered":"AYM&#8217;nin 2020\/18989 ba\u015fvuru numaral\u0131 karar\u0131"},"content":{"rendered":"<p>T\u00dcRK\u0130YE CUMHUR\u0130YET\u0130<\/p>\n<p>   ANAYASA MAHKEMES\u0130<\/p>\n<p>   \u00a0<\/p>\n<p>   \u00a0<\/p>\n<p>   B\u0130R\u0130NC\u0130 B\u00d6L\u00dcM<\/p>\n<p>   \u00a0<\/p>\n<p>   KARAR<\/p>\n<p>   \u00a0<\/p>\n<p>   RUHSAR KESENL\u0130 BA\u015eVURUSU<\/p>\n<p>   (Ba\u015fvuru Numaras\u0131: 2020\/18989)<\/p>\n<p>   \u00a0<\/p>\n<p>   Karar Tarihi: 10\/12\/2024<\/p>\n<p>   B\u0130R\u0130NC\u0130 B\u00d6L\u00dcM<\/p>\n<p>   \u00a0<\/p>\n<p>   KARAR<\/p>\n<p>   \u00a0<\/p>\n<p>\u00a0<\/p>\n<p>   Ba\u015fkan<\/p>\n<p>   :<\/p>\n<p>   Hasan Tahsin G\u00d6KCAN<\/p>\n<p>   \u00dcyeler<\/p>\n<p>   :<\/p>\n<p>   Recai AKYEL<\/p>\n<p>   \u00a0<\/p>\n<p>   \u00a0<\/p>\n<p>   Selahaddin MENTE\u015e<\/p>\n<p>   \u00a0<\/p>\n<p>   \u00a0<\/p>\n<p>   Muhterem \u0130NCE<\/p>\n<p>   \u00a0<\/p>\n<p>   \u00a0<\/p>\n<p>   Y\u0131lmaz AK\u00c7\u0130L<\/p>\n<p>   Raport\u00f6r<\/p>\n<p>   :<\/p>\n<p>   Mehmet Yavuz YA\u015eAR<\/p>\n<p>   Ba\u015fvurucu<\/p>\n<p>   :<\/p>\n<p>   Ruhsar KESENL\u0130<\/p>\n<p>   Vekili<\/p>\n<p>   :<\/p>\n<p>   Av. Hanifi BAYRI<\/p>\n<p>\u00a0<\/p>\n<p>I. BA\u015eVURUNUN \u00d6ZET\u0130<\/p>\n<p>1. Ba\u015fvuru, gerek\u00e7esi a\u00e7\u0131klanmayan karar\u0131n temyiz s\u00fcresinin tefhim tarihinden ba\u015flat\u0131larak temyiz talebinin s\u00fcre a\u015f\u0131m\u0131ndan reddedilmesi nedeniyle mahkemeye eri\u015fim hakk\u0131n\u0131n, yarg\u0131laman\u0131n makul s\u00fcrede tamamlanmamas\u0131 nedeniyle de makul s\u00fcrede yarg\u0131lanma hakk\u0131n\u0131n ihlal edildi\u011fi iddialar\u0131na ili\u015fkindir. Ba\u015fvurucu, a\u00e7t\u0131\u011f\u0131 itiraz\u0131n kald\u0131r\u0131lmas\u0131 davas\u0131nda verilen karara kar\u015f\u0131 temyiz talebinde bulunmu\u015ftur. Temyiz s\u00fcresinin ilk derece mahkemesi karar\u0131n\u0131n tefhimi tarihinden ba\u015flat\u0131larak hesaplanmas\u0131 nedeniyle ba\u015fvurucunun temyiz talebi Yarg\u0131tayca s\u00fcre y\u00f6n\u00fcnden reddedilmi\u015ftir. Bu karara kar\u015f\u0131 ba\u015fvurucunun karar d\u00fczeltme talebi Yarg\u0131tay taraf\u0131ndan reddedilmi\u015ftir. Ba\u015fvurucu nihai karar\u0131n 3\/3\/2020 tarihinde tebli\u011fi \u00fczerine s\u00fcresinde bireysel ba\u015fvuruda bulunmu\u015ftur. Ba\u015fvurunun kabul edilebilirlik ve esas incelemesinin B\u00f6l\u00fcm taraf\u0131ndan yap\u0131lmas\u0131na karar verilmi\u015ftir.<\/p>\n<p>II. DE\u011eERLEND\u0130RME<\/p>\n<p>A. Mahkemeye Eri\u015fim Hakk\u0131n\u0131n \u0130hlal Edildi\u011fine \u0130li\u015fkin \u0130ddia<\/p>\n<p>2. Ba\u015fvurucu, gerek\u00e7esi a\u00e7\u0131klanmayan karar\u0131n temyiz s\u00fcresinin tefhim tarihinden ba\u015flat\u0131larak temyiz talebinin s\u00fcre a\u015f\u0131m\u0131ndan reddedildi\u011fini ileri s\u00fcrm\u00fc\u015ft\u00fcr. Ba\u015fvurucu ayr\u0131ca k\u0131sa kararda istinaf kanun yoluna ba\u015fvurulaca\u011f\u0131n\u0131n belirtildi\u011fi h\u00e2lde gerek\u00e7eli kararda temyiz kanun yoluna ba\u015fvurulabilece\u011finin belirtildi\u011fini ve kanun yolu merciinin de tefhim edilen k\u0131sa kararda yanl\u0131\u015f g\u00f6sterildi\u011fini iddia etmi\u015ftir. Anayasa Mahkemesi, somut ba\u015fvuru ile ayn\u0131 nitelikteki ihlal iddialar\u0131n\u0131 inceledi\u011fi R\u00fcstem G\u00fcl (B. No: 2021\/26038, 22\/11\/2023) karar\u0131nda, uygulanacak anayasal ilkeleri belirlemi\u015ftir. An\u0131lan kararda Anayasa Mahkemesi; gerek\u00e7esi a\u00e7\u0131klanmam\u0131\u015f bir h\u00fckm\u00fcn tefhim edilmi\u015f bir h\u00fck\u00fcm olarak say\u0131lamayaca\u011f\u0131n\u0131, gerek\u00e7eli karar tebli\u011f ya da tefhim edilmeden kanun yoluna ba\u015fvurma s\u00fcresinin ba\u015flamayaca\u011f\u0131n\u0131 belirtmi\u015ftir. Anayasa Mahkemesi bu kararda, ba\u015fvurucunun k\u0131sa kararla birlikte karar\u0131n gerek\u00e7esini \u00f6\u011frenemedi\u011fi, dolay\u0131s\u0131yla karar gerek\u00e7esini bilmeyen ba\u015fvurucudan k\u0131sa karar\u0131n tefhiminden itibaren istinaf kanun yoluna ba\u015fvurmas\u0131n\u0131 beklemenin ba\u015fvurucuya a\u011f\u0131r bir k\u00fclfet y\u00fckledi\u011fi bu durumda kanun yolu merciinin somut olay\u0131n \u015fartlar\u0131nda istinaf s\u00fcresini, ilk derece mahkemesi karar\u0131n\u0131n gerek\u00e7esi a\u00e7\u0131klanmadan tefhim tarihinden itibaren ba\u015flatmas\u0131na ili\u015fkin yorumunun \u00f6ng\u00f6r\u00fclemez nitelikte oldu\u011fu, ba\u015fvurucunun katlanmak zorunda kald\u0131\u011f\u0131 k\u00fclfetin hedeflenen me\u015fru ama\u00e7la orant\u0131s\u0131z oldu\u011fu, m\u00fcdahalenin \u00f6l\u00e7\u00fcl\u00fc olmad\u0131\u011f\u0131 sonucuna ula\u015fm\u0131\u015ft\u0131r (ayn\u0131 kararda bkz. \u00a7\u00a7 41,42). Somut ba\u015fvuruda an\u0131lan kararda a\u00e7\u0131klanan ilkelerden ve ula\u015f\u0131lan sonu\u00e7tan ayr\u0131lmay\u0131 gerektiren bir durum bulunmamaktad\u0131r. Bu itibarla ba\u015fvurucunun Anayasa&#8217;n\u0131n 36. maddesinde g\u00fcvence alt\u0131na al\u0131nan adil yarg\u0131lanma hakk\u0131 kapsam\u0131ndaki mahkemeye eri\u015fim hakk\u0131n\u0131n ihlal edildi\u011fine karar verilmesi gerekir.<\/p>\n<p>B. Makul S\u00fcrede Yarg\u0131lanma Hakk\u0131n\u0131n \u0130hlal Edildi\u011fine \u0130li\u015fkin \u0130ddia<\/p>\n<p>3. Ba\u015fvurucu, yarg\u0131lamalar\u0131n makul s\u00fcre i\u00e7inde tamamlanmamas\u0131 nedeniyle makul s\u00fcrede yarg\u0131lanma hakk\u0131n\u0131n ihlal edildi\u011fini ileri s\u00fcrm\u00fc\u015ft\u00fcr. Anayasa Mahkemesi, olay ve olgular\u0131 somut ba\u015fvuru ile benzer nitelikte olan Veysi Ado ([GK], B. No: 2022\/100837, 27\/4\/2023) karar\u0131nda uygulanacak anayasal ilkeleri belirlemi\u015ftir. Bu \u00e7er\u00e7evede Anayasa Mahkemesi 9\/1\/2013 tarihli ve 6384 say\u0131l\u0131 Avrupa \u0130nsan Haklar\u0131 Mahkemesine Yap\u0131lm\u0131\u015f Baz\u0131 Ba\u015fvurular\u0131n Tazminat \u00d6denmek Suretiyle \u00c7\u00f6z\u00fcm\u00fcne Dair Kanun&#8217;un ge\u00e7ici 2. maddesinde 28\/3\/2023 tarihli ve 7445 say\u0131l\u0131 Kanun&#8217;un 40. maddesi ile yap\u0131lan de\u011fi\u015fikli\u011fe g\u00f6re 9\/3\/2023 tarihi (bu tarih d\u00e2hil) itibar\u0131yla derdest olan, yarg\u0131lamalar\u0131n makul s\u00fcrede sonu\u00e7land\u0131r\u0131lmad\u0131\u011f\u0131 iddialar\u0131yla yap\u0131lan ba\u015fvurulara ili\u015fkin olarak Tazminat Komisyonuna ba\u015fvuru yolu t\u00fcketilmeden yap\u0131lan ba\u015fvurunun incelenmesinin bireysel ba\u015fvurunun ikincil niteli\u011fi ile ba\u011fda\u015fmayaca\u011f\u0131 neticesine varm\u0131\u015ft\u0131r. Somut ba\u015fvuruda, an\u0131lan kararda a\u00e7\u0131klanan ilkelerden ve ula\u015f\u0131lan sonu\u00e7tan ayr\u0131lmay\u0131 gerektiren bir durum bulunmamaktad\u0131r. Dolay\u0131s\u0131yla makul s\u00fcrede yarg\u0131lanma hakk\u0131n\u0131n ihlal edildi\u011fine ili\u015fkin iddia y\u00f6n\u00fcnden ba\u015fvurunun bu k\u0131sm\u0131n\u0131n di\u011fer kabul edilebilirlik nedenleri incelenmeksizin ba\u015fvuru yollar\u0131n\u0131n t\u00fcketilmemesi nedeniyle kabul edilemez oldu\u011funa karar verilmesi gerekir. A\u00e7\u0131klanan gerek\u00e7elerle ba\u015fvurunun bu k\u0131sm\u0131n\u0131n di\u011fer kabul edilebilirlik ko\u015fullar\u0131 y\u00f6n\u00fcnden incelenmeksizin ba\u015fvuru yollar\u0131n\u0131n t\u00fcketilmemesi nedeniyle kabul edilemez oldu\u011funa karar verilmesi gerekir.<\/p>\n<p>III. G\u0130DER\u0130M <\/p>\n<p>4. Ba\u015fvurucu, ihlalin tespiti ve yeniden yarg\u0131lama talebinde bulunmu\u015ftur. Ba\u015fvuruda tespit edilen hak ihlalinin sonu\u00e7lar\u0131n\u0131n ortadan kald\u0131r\u0131lmas\u0131 i\u00e7in yeniden yarg\u0131lama yap\u0131lmas\u0131nda hukuki yarar bulunmaktad\u0131r. Bu kapsamda karar\u0131n g\u00f6nderildi\u011fi yarg\u0131 mercilerince yap\u0131lmas\u0131 gereken i\u015f, yeniden yarg\u0131lama i\u015flemlerini ba\u015flatmak ve Anayasa Mahkemesini ihlal sonucuna ula\u015ft\u0131ran nedenleri gideren, ihlal karar\u0131nda belirtilen ilkelere uygun yeni bir karar vermektir (Mehmet Do\u011fan [GK], B. No: 2014\/8875, 7\/6\/2018, \u00a7\u00a7 54-60; Alig\u00fcl Alkaya ve di\u011ferleri (2), B. No: 2016\/12506, 7\/11\/2019, \u00a7\u00a7 53-60, 66; Kadri Enis Berbero\u011flu (3) [GK], B. No: 2020\/32949, 21\/1\/2021, \u00a7\u00a7 93-100).<\/p>\n<p>IV. H\u00dcK\u00dcM<\/p>\n<p>A\u00e7\u0131klanan gerek\u00e7elerle; <\/p>\n<p>A. 1. Mahkemeye eri\u015fim hakk\u0131n\u0131n ihlal edildi\u011fine ili\u015fkin iddian\u0131n KABUL ED\u0130LEB\u0130L\u0130R OLDU\u011eUNA,<\/p>\n<p>2. Makul s\u00fcrede yarg\u0131lanma hakk\u0131n\u0131n ihlal edildi\u011fine ili\u015fkin iddialar\u0131n ba\u015fvuru yollar\u0131n\u0131n t\u00fcketilmemesi nedeniyle KABUL ED\u0130LEMEZ OLDU\u011eUNA,<\/p>\n<p>B. Anayasa\u2019n\u0131n 36. maddesinde g\u00fcvence alt\u0131na al\u0131nan adil yarg\u0131lanma hakk\u0131 kapsam\u0131ndaki mahkemeye eri\u015fim hakk\u0131n\u0131n \u0130HLAL ED\u0130LD\u0130\u011e\u0130NE,<\/p>\n<p>C. Karar\u0131n bir \u00f6rne\u011finin mahkemeye eri\u015fim hakk\u0131n\u0131n ihlalinin sonu\u00e7lar\u0131n\u0131n ortadan kald\u0131r\u0131lmas\u0131 amac\u0131yla yeniden yarg\u0131lama yap\u0131lmas\u0131 i\u00e7in Yarg\u0131tay 12.Hukuk Dairesine (E.2019\/11499, K.2019\/14852) iletilmek \u00fczere \u0130stanbul 22. \u0130cra Hukuk Mahkemesine (E.2017\/914, K.2018\/656) G\u00d6NDER\u0130LMES\u0130NE,<\/p>\n<p>D. 446,90 TL har\u00e7 ve 30.000 TL vek\u00e2let \u00fccretinden olu\u015fan toplam 30.446,90 TL yarg\u0131lama giderinin ba\u015fvurucuya \u00d6DENMES\u0130NE,<\/p>\n<p>E. \u00d6demelerin, karar\u0131n tebli\u011fini takiben ba\u015fvurucunun Hazine ve Maliye Bakanl\u0131\u011f\u0131na ba\u015fvuru tarihinden itibaren d\u00f6rt ay i\u00e7inde yap\u0131lmas\u0131na, \u00f6demede gecikme olmas\u0131 h\u00e2linde bu s\u00fcrenin sona erdi\u011fi tarihten \u00f6deme tarihine kadar ge\u00e7en s\u00fcre i\u00e7in yasal FA\u0130Z UYGULANMASINA,<\/p>\n<p>F. Karar\u0131n bir \u00f6rne\u011finin Adalet Bakanl\u0131\u011f\u0131na G\u00d6NDER\u0130LMES\u0130NE 10\/12\/2024 tarihinde OYB\u0130RL\u0130\u011e\u0130YLE karar verildi.<\/p>\n<p>\u200bAnayasa Mahkemesi&#8217;nin 10\/12\/2024 tarihli ve 2020\/18989 ba\u015fvuru numaral\u0131 karar\u0131\u00a0Hukuki Haber<\/p>\n<p>Haberin Al\u0131nt\u0131land\u0131\u011f\u0131 Kaynak: www.hukukihaber.net<\/p>","protected":false},"excerpt":{"rendered":"<p>T\u00dcRK\u0130YE CUMHUR\u0130YET\u0130 ANAYASA MAHKEMES\u0130 \u00a0 \u00a0 B\u0130R\u0130NC\u0130 B\u00d6L\u00dcM \u00a0 KARAR \u00a0 RUHSAR KESENL\u0130 BA\u015eVURUSU (Ba\u015fvuru Numaras\u0131: 2020\/18989) \u00a0 Karar Tarihi: 10\/12\/2024 B\u0130R\u0130NC\u0130 B\u00d6L\u00dcM \u00a0 KARAR \u00a0 \u00a0 Ba\u015fkan : Hasan Tahsin G\u00d6KCAN \u00dcyeler : Recai AKYEL \u00a0 \u00a0 Selahaddin MENTE\u015e \u00a0 \u00a0 Muhterem \u0130NCE \u00a0 \u00a0 Y\u0131lmaz AK\u00c7\u0130L Raport\u00f6r : Mehmet Yavuz YA\u015eAR Ba\u015fvurucu : Ruhsar KESENL\u0130 Vekili : Av. Hanifi BAYRI \u00a0 I. BA\u015eVURUNUN \u00d6ZET\u0130 1. Ba\u015fvuru, gerek\u00e7esi a\u00e7\u0131klanmayan karar\u0131n temyiz s\u00fcresinin tefhim tarihinden ba\u015flat\u0131larak temyiz talebinin s\u00fcre a\u015f\u0131m\u0131ndan reddedilmesi nedeniyle mahkemeye eri\u015fim hakk\u0131n\u0131n, yarg\u0131laman\u0131n makul s\u00fcrede tamamlanmamas\u0131 nedeniyle de makul s\u00fcrede yarg\u0131lanma hakk\u0131n\u0131n ihlal edildi\u011fi iddialar\u0131na ili\u015fkindir. Ba\u015fvurucu, a\u00e7t\u0131\u011f\u0131 itiraz\u0131n kald\u0131r\u0131lmas\u0131 davas\u0131nda verilen karara kar\u015f\u0131 temyiz talebinde bulunmu\u015ftur. Temyiz s\u00fcresinin ilk derece mahkemesi karar\u0131n\u0131n tefhimi tarihinden ba\u015flat\u0131larak hesaplanmas\u0131 nedeniyle ba\u015fvurucunun temyiz talebi Yarg\u0131tayca s\u00fcre y\u00f6n\u00fcnden reddedilmi\u015ftir. Bu karara kar\u015f\u0131 ba\u015fvurucunun karar d\u00fczeltme talebi Yarg\u0131tay taraf\u0131ndan reddedilmi\u015ftir. Ba\u015fvurucu nihai karar\u0131n 3\/3\/2020 tarihinde tebli\u011fi \u00fczerine s\u00fcresinde bireysel ba\u015fvuruda bulunmu\u015ftur. Ba\u015fvurunun kabul edilebilirlik ve esas incelemesinin B\u00f6l\u00fcm taraf\u0131ndan yap\u0131lmas\u0131na karar verilmi\u015ftir. II. DE\u011eERLEND\u0130RME A. Mahkemeye Eri\u015fim Hakk\u0131n\u0131n \u0130hlal Edildi\u011fine \u0130li\u015fkin \u0130ddia 2. Ba\u015fvurucu, gerek\u00e7esi a\u00e7\u0131klanmayan karar\u0131n temyiz s\u00fcresinin tefhim tarihinden ba\u015flat\u0131larak temyiz talebinin s\u00fcre a\u015f\u0131m\u0131ndan reddedildi\u011fini ileri s\u00fcrm\u00fc\u015ft\u00fcr. Ba\u015fvurucu ayr\u0131ca k\u0131sa kararda istinaf kanun yoluna ba\u015fvurulaca\u011f\u0131n\u0131n belirtildi\u011fi h\u00e2lde gerek\u00e7eli kararda temyiz &hellip;<\/p>","protected":false},"author":3,"featured_media":0,"comment_status":"open","ping_status":"open","sticky":false,"template":"","format":"standard","meta":{"_acf_changed":false,"footnotes":""},"categories":[27],"tags":[],"class_list":["post-34419","post","type-post","status-publish","format-standard","has-post-thumbnail","hentry","category-hukukihaber"],"acf":[],"yoast_head":"<!-- This site is optimized with the Yoast SEO Premium plugin v26.6 (Yoast SEO v27.1.1) - https:\/\/yoast.com\/product\/yoast-seo-premium-wordpress\/ -->\n<title>AYM&#039;nin 2020\/18989 ba\u015fvuru numaral\u0131 karar\u0131 - Av. Deniz Can K\u0131z\u0131l<\/title>\n<meta name=\"robots\" content=\"index, follow, max-snippet:-1, max-image-preview:large, max-video-preview:-1\" \/>\n<link rel=\"canonical\" href=\"https:\/\/denizcankizil.tr\/de\/hukukihaber\/aymnin-2020-18989-basvuru-numarali-karari\/\" \/>\n<meta property=\"og:locale\" content=\"de_DE\" \/>\n<meta property=\"og:type\" content=\"article\" \/>\n<meta property=\"og:title\" content=\"AYM&#039;nin 2020\/18989 ba\u015fvuru numaral\u0131 karar\u0131\" \/>\n<meta property=\"og:description\" content=\"T\u00dcRK\u0130YE CUMHUR\u0130YET\u0130 ANAYASA MAHKEMES\u0130 \u00a0 \u00a0 B\u0130R\u0130NC\u0130 B\u00d6L\u00dcM \u00a0 KARAR \u00a0 RUHSAR KESENL\u0130 BA\u015eVURUSU (Ba\u015fvuru Numaras\u0131: 2020\/18989) \u00a0 Karar Tarihi: 10\/12\/2024 B\u0130R\u0130NC\u0130 B\u00d6L\u00dcM \u00a0 KARAR \u00a0 \u00a0 Ba\u015fkan : Hasan Tahsin G\u00d6KCAN \u00dcyeler : Recai AKYEL \u00a0 \u00a0 Selahaddin MENTE\u015e \u00a0 \u00a0 Muhterem \u0130NCE \u00a0 \u00a0 Y\u0131lmaz AK\u00c7\u0130L Raport\u00f6r : Mehmet Yavuz YA\u015eAR Ba\u015fvurucu : Ruhsar KESENL\u0130 Vekili : Av. Hanifi BAYRI \u00a0 I. BA\u015eVURUNUN \u00d6ZET\u0130 1. Ba\u015fvuru, gerek\u00e7esi a\u00e7\u0131klanmayan karar\u0131n temyiz s\u00fcresinin tefhim tarihinden ba\u015flat\u0131larak temyiz talebinin s\u00fcre a\u015f\u0131m\u0131ndan reddedilmesi nedeniyle mahkemeye eri\u015fim hakk\u0131n\u0131n, yarg\u0131laman\u0131n makul s\u00fcrede tamamlanmamas\u0131 nedeniyle de makul s\u00fcrede yarg\u0131lanma hakk\u0131n\u0131n ihlal edildi\u011fi iddialar\u0131na ili\u015fkindir. Ba\u015fvurucu, a\u00e7t\u0131\u011f\u0131 itiraz\u0131n kald\u0131r\u0131lmas\u0131 davas\u0131nda verilen karara kar\u015f\u0131 temyiz talebinde bulunmu\u015ftur. Temyiz s\u00fcresinin ilk derece mahkemesi karar\u0131n\u0131n tefhimi tarihinden ba\u015flat\u0131larak hesaplanmas\u0131 nedeniyle ba\u015fvurucunun temyiz talebi Yarg\u0131tayca s\u00fcre y\u00f6n\u00fcnden reddedilmi\u015ftir. Bu karara kar\u015f\u0131 ba\u015fvurucunun karar d\u00fczeltme talebi Yarg\u0131tay taraf\u0131ndan reddedilmi\u015ftir. Ba\u015fvurucu nihai karar\u0131n 3\/3\/2020 tarihinde tebli\u011fi \u00fczerine s\u00fcresinde bireysel ba\u015fvuruda bulunmu\u015ftur. Ba\u015fvurunun kabul edilebilirlik ve esas incelemesinin B\u00f6l\u00fcm taraf\u0131ndan yap\u0131lmas\u0131na karar verilmi\u015ftir. II. DE\u011eERLEND\u0130RME A. Mahkemeye Eri\u015fim Hakk\u0131n\u0131n \u0130hlal Edildi\u011fine \u0130li\u015fkin \u0130ddia 2. Ba\u015fvurucu, gerek\u00e7esi a\u00e7\u0131klanmayan karar\u0131n temyiz s\u00fcresinin tefhim tarihinden ba\u015flat\u0131larak temyiz talebinin s\u00fcre a\u015f\u0131m\u0131ndan reddedildi\u011fini ileri s\u00fcrm\u00fc\u015ft\u00fcr. Ba\u015fvurucu ayr\u0131ca k\u0131sa kararda istinaf kanun yoluna ba\u015fvurulaca\u011f\u0131n\u0131n belirtildi\u011fi h\u00e2lde gerek\u00e7eli kararda temyiz &hellip;\" \/>\n<meta property=\"og:url\" content=\"https:\/\/denizcankizil.tr\/de\/hukukihaber\/aymnin-2020-18989-basvuru-numarali-karari\/\" \/>\n<meta property=\"og:site_name\" content=\"Av. Deniz Can K\u0131z\u0131l\" \/>\n<meta property=\"article:published_time\" content=\"2025-02-28T16:23:00+00:00\" \/>\n<meta name=\"author\" content=\"Hukuki Haber.net\" \/>\n<meta name=\"twitter:card\" content=\"summary_large_image\" \/>\n<meta name=\"twitter:label1\" content=\"Verfasst von\" \/>\n\t<meta name=\"twitter:data1\" content=\"Hukuki Haber.net\" \/>\n\t<meta name=\"twitter:label2\" content=\"Gesch\u00e4tzte Lesezeit\" \/>\n\t<meta name=\"twitter:data2\" content=\"6\u00a0Minuten\" \/>\n<script type=\"application\/ld+json\" class=\"yoast-schema-graph\">{\"@context\":\"https:\/\/schema.org\",\"@graph\":[{\"@type\":\"Article\",\"@id\":\"https:\/\/denizcankizil.tr\/ru\/hukukihaber\/aymnin-2020-18989-basvuru-numarali-karari\/#article\",\"isPartOf\":{\"@id\":\"https:\/\/denizcankizil.tr\/ru\/hukukihaber\/aymnin-2020-18989-basvuru-numarali-karari\/\"},\"author\":{\"name\":\"Hukuki Haber.net\",\"@id\":\"https:\/\/denizcankizil.tr\/#\/schema\/person\/001a271de994a0aa3f90eea084424822\"},\"headline\":\"AYM&#8217;nin 2020\/18989 ba\u015fvuru numaral\u0131 karar\u0131\",\"datePublished\":\"2025-02-28T16:23:00+00:00\",\"mainEntityOfPage\":{\"@id\":\"https:\/\/denizcankizil.tr\/ru\/hukukihaber\/aymnin-2020-18989-basvuru-numarali-karari\/\"},\"wordCount\":1170,\"commentCount\":0,\"publisher\":{\"@id\":\"https:\/\/denizcankizil.tr\/#organization\"},\"articleSection\":[\"Hukuki Haberler\"],\"inLanguage\":\"de\",\"potentialAction\":[{\"@type\":\"CommentAction\",\"name\":\"Comment\",\"target\":[\"https:\/\/denizcankizil.tr\/ru\/hukukihaber\/aymnin-2020-18989-basvuru-numarali-karari\/#respond\"]}]},{\"@type\":\"WebPage\",\"@id\":\"https:\/\/denizcankizil.tr\/ru\/hukukihaber\/aymnin-2020-18989-basvuru-numarali-karari\/\",\"url\":\"https:\/\/denizcankizil.tr\/ru\/hukukihaber\/aymnin-2020-18989-basvuru-numarali-karari\/\",\"name\":\"AYM'nin 2020\/18989 ba\u015fvuru numaral\u0131 karar\u0131 - Av. Deniz Can K\u0131z\u0131l\",\"isPartOf\":{\"@id\":\"https:\/\/denizcankizil.tr\/#website\"},\"datePublished\":\"2025-02-28T16:23:00+00:00\",\"breadcrumb\":{\"@id\":\"https:\/\/denizcankizil.tr\/ru\/hukukihaber\/aymnin-2020-18989-basvuru-numarali-karari\/#breadcrumb\"},\"inLanguage\":\"de\",\"potentialAction\":[{\"@type\":\"ReadAction\",\"target\":[\"https:\/\/denizcankizil.tr\/ru\/hukukihaber\/aymnin-2020-18989-basvuru-numarali-karari\/\"]}]},{\"@type\":\"BreadcrumbList\",\"@id\":\"https:\/\/denizcankizil.tr\/ru\/hukukihaber\/aymnin-2020-18989-basvuru-numarali-karari\/#breadcrumb\",\"itemListElement\":[{\"@type\":\"ListItem\",\"position\":1,\"name\":\"Home\",\"item\":\"https:\/\/denizcankizil.tr\/de\/\"},{\"@type\":\"ListItem\",\"position\":2,\"name\":\"AYM&#8217;nin 2020\/18989 ba\u015fvuru numaral\u0131 karar\u0131\"}]},{\"@type\":\"WebSite\",\"@id\":\"https:\/\/denizcankizil.tr\/#website\",\"url\":\"https:\/\/denizcankizil.tr\/\",\"name\":\"Av. Deniz Can K\u0131z\u0131l\",\"description\":\"Avukat Deniz Can K\u0131z\u0131l Antalya Barosu\",\"publisher\":{\"@id\":\"https:\/\/denizcankizil.tr\/#organization\"},\"potentialAction\":[{\"@type\":\"SearchAction\",\"target\":{\"@type\":\"EntryPoint\",\"urlTemplate\":\"https:\/\/denizcankizil.tr\/?s={search_term_string}\"},\"query-input\":{\"@type\":\"PropertyValueSpecification\",\"valueRequired\":true,\"valueName\":\"search_term_string\"}}],\"inLanguage\":\"de\"},{\"@type\":\"Organization\",\"@id\":\"https:\/\/denizcankizil.tr\/#organization\",\"name\":\"Av. Deniz Can K\u0131z\u0131l\",\"url\":\"https:\/\/denizcankizil.tr\/\",\"logo\":{\"@type\":\"ImageObject\",\"inLanguage\":\"de\",\"@id\":\"https:\/\/denizcankizil.tr\/#\/schema\/logo\/image\/\",\"url\":\"https:\/\/denizcankizil.tr\/wp-content\/uploads\/2024\/10\/siyah-logo-svg.svg\",\"contentUrl\":\"https:\/\/denizcankizil.tr\/wp-content\/uploads\/2024\/10\/siyah-logo-svg.svg\",\"width\":1080,\"height\":1080,\"caption\":\"Av. Deniz Can K\u0131z\u0131l\"},\"image\":{\"@id\":\"https:\/\/denizcankizil.tr\/#\/schema\/logo\/image\/\"}},{\"@type\":\"Person\",\"@id\":\"https:\/\/denizcankizil.tr\/#\/schema\/person\/001a271de994a0aa3f90eea084424822\",\"name\":\"Hukuki Haber.net\",\"image\":{\"@type\":\"ImageObject\",\"inLanguage\":\"de\",\"@id\":\"https:\/\/denizcankizil.tr\/#\/schema\/person\/image\/\",\"url\":\"https:\/\/secure.gravatar.com\/avatar\/57d8a49151495586611a149d29fc42865b951dc053a84709a3172ccb5abf3118?s=96&d=mm&r=g\",\"contentUrl\":\"https:\/\/secure.gravatar.com\/avatar\/57d8a49151495586611a149d29fc42865b951dc053a84709a3172ccb5abf3118?s=96&d=mm&r=g\",\"caption\":\"Hukuki Haber.net\"},\"sameAs\":[\"http:\/\/www.hukukihaber.net\"],\"url\":\"https:\/\/denizcankizil.tr\/de\/author\/hukukihabernet\/\"}]}<\/script>\n<!-- \/ Yoast SEO Premium plugin. -->","yoast_head_json":{"title":"AYM'nin 2020\/18989 ba\u015fvuru numaral\u0131 karar\u0131 - Av. Deniz Can K\u0131z\u0131l","robots":{"index":"index","follow":"follow","max-snippet":"max-snippet:-1","max-image-preview":"max-image-preview:large","max-video-preview":"max-video-preview:-1"},"canonical":"https:\/\/denizcankizil.tr\/de\/hukukihaber\/aymnin-2020-18989-basvuru-numarali-karari\/","og_locale":"de_DE","og_type":"article","og_title":"AYM'nin 2020\/18989 ba\u015fvuru numaral\u0131 karar\u0131","og_description":"T\u00dcRK\u0130YE CUMHUR\u0130YET\u0130 ANAYASA MAHKEMES\u0130 \u00a0 \u00a0 B\u0130R\u0130NC\u0130 B\u00d6L\u00dcM \u00a0 KARAR \u00a0 RUHSAR KESENL\u0130 BA\u015eVURUSU (Ba\u015fvuru Numaras\u0131: 2020\/18989) \u00a0 Karar Tarihi: 10\/12\/2024 B\u0130R\u0130NC\u0130 B\u00d6L\u00dcM \u00a0 KARAR \u00a0 \u00a0 Ba\u015fkan : Hasan Tahsin G\u00d6KCAN \u00dcyeler : Recai AKYEL \u00a0 \u00a0 Selahaddin MENTE\u015e \u00a0 \u00a0 Muhterem \u0130NCE \u00a0 \u00a0 Y\u0131lmaz AK\u00c7\u0130L Raport\u00f6r : Mehmet Yavuz YA\u015eAR Ba\u015fvurucu : Ruhsar KESENL\u0130 Vekili : Av. Hanifi BAYRI \u00a0 I. BA\u015eVURUNUN \u00d6ZET\u0130 1. Ba\u015fvuru, gerek\u00e7esi a\u00e7\u0131klanmayan karar\u0131n temyiz s\u00fcresinin tefhim tarihinden ba\u015flat\u0131larak temyiz talebinin s\u00fcre a\u015f\u0131m\u0131ndan reddedilmesi nedeniyle mahkemeye eri\u015fim hakk\u0131n\u0131n, yarg\u0131laman\u0131n makul s\u00fcrede tamamlanmamas\u0131 nedeniyle de makul s\u00fcrede yarg\u0131lanma hakk\u0131n\u0131n ihlal edildi\u011fi iddialar\u0131na ili\u015fkindir. Ba\u015fvurucu, a\u00e7t\u0131\u011f\u0131 itiraz\u0131n kald\u0131r\u0131lmas\u0131 davas\u0131nda verilen karara kar\u015f\u0131 temyiz talebinde bulunmu\u015ftur. Temyiz s\u00fcresinin ilk derece mahkemesi karar\u0131n\u0131n tefhimi tarihinden ba\u015flat\u0131larak hesaplanmas\u0131 nedeniyle ba\u015fvurucunun temyiz talebi Yarg\u0131tayca s\u00fcre y\u00f6n\u00fcnden reddedilmi\u015ftir. Bu karara kar\u015f\u0131 ba\u015fvurucunun karar d\u00fczeltme talebi Yarg\u0131tay taraf\u0131ndan reddedilmi\u015ftir. Ba\u015fvurucu nihai karar\u0131n 3\/3\/2020 tarihinde tebli\u011fi \u00fczerine s\u00fcresinde bireysel ba\u015fvuruda bulunmu\u015ftur. Ba\u015fvurunun kabul edilebilirlik ve esas incelemesinin B\u00f6l\u00fcm taraf\u0131ndan yap\u0131lmas\u0131na karar verilmi\u015ftir. II. DE\u011eERLEND\u0130RME A. Mahkemeye Eri\u015fim Hakk\u0131n\u0131n \u0130hlal Edildi\u011fine \u0130li\u015fkin \u0130ddia 2. Ba\u015fvurucu, gerek\u00e7esi a\u00e7\u0131klanmayan karar\u0131n temyiz s\u00fcresinin tefhim tarihinden ba\u015flat\u0131larak temyiz talebinin s\u00fcre a\u015f\u0131m\u0131ndan reddedildi\u011fini ileri s\u00fcrm\u00fc\u015ft\u00fcr. Ba\u015fvurucu ayr\u0131ca k\u0131sa kararda istinaf kanun yoluna ba\u015fvurulaca\u011f\u0131n\u0131n belirtildi\u011fi h\u00e2lde gerek\u00e7eli kararda temyiz &hellip;","og_url":"https:\/\/denizcankizil.tr\/de\/hukukihaber\/aymnin-2020-18989-basvuru-numarali-karari\/","og_site_name":"Av. Deniz Can K\u0131z\u0131l","article_published_time":"2025-02-28T16:23:00+00:00","author":"Hukuki Haber.net","twitter_card":"summary_large_image","twitter_misc":{"Verfasst von":"Hukuki Haber.net","Gesch\u00e4tzte Lesezeit":"6\u00a0Minuten"},"schema":{"@context":"https:\/\/schema.org","@graph":[{"@type":"Article","@id":"https:\/\/denizcankizil.tr\/ru\/hukukihaber\/aymnin-2020-18989-basvuru-numarali-karari\/#article","isPartOf":{"@id":"https:\/\/denizcankizil.tr\/ru\/hukukihaber\/aymnin-2020-18989-basvuru-numarali-karari\/"},"author":{"name":"Hukuki Haber.net","@id":"https:\/\/denizcankizil.tr\/#\/schema\/person\/001a271de994a0aa3f90eea084424822"},"headline":"AYM&#8217;nin 2020\/18989 ba\u015fvuru numaral\u0131 karar\u0131","datePublished":"2025-02-28T16:23:00+00:00","mainEntityOfPage":{"@id":"https:\/\/denizcankizil.tr\/ru\/hukukihaber\/aymnin-2020-18989-basvuru-numarali-karari\/"},"wordCount":1170,"commentCount":0,"publisher":{"@id":"https:\/\/denizcankizil.tr\/#organization"},"articleSection":["Hukuki Haberler"],"inLanguage":"de","potentialAction":[{"@type":"CommentAction","name":"Comment","target":["https:\/\/denizcankizil.tr\/ru\/hukukihaber\/aymnin-2020-18989-basvuru-numarali-karari\/#respond"]}]},{"@type":"WebPage","@id":"https:\/\/denizcankizil.tr\/ru\/hukukihaber\/aymnin-2020-18989-basvuru-numarali-karari\/","url":"https:\/\/denizcankizil.tr\/ru\/hukukihaber\/aymnin-2020-18989-basvuru-numarali-karari\/","name":"AYM'nin 2020\/18989 ba\u015fvuru numaral\u0131 karar\u0131 - Av. Deniz Can K\u0131z\u0131l","isPartOf":{"@id":"https:\/\/denizcankizil.tr\/#website"},"datePublished":"2025-02-28T16:23:00+00:00","breadcrumb":{"@id":"https:\/\/denizcankizil.tr\/ru\/hukukihaber\/aymnin-2020-18989-basvuru-numarali-karari\/#breadcrumb"},"inLanguage":"de","potentialAction":[{"@type":"ReadAction","target":["https:\/\/denizcankizil.tr\/ru\/hukukihaber\/aymnin-2020-18989-basvuru-numarali-karari\/"]}]},{"@type":"BreadcrumbList","@id":"https:\/\/denizcankizil.tr\/ru\/hukukihaber\/aymnin-2020-18989-basvuru-numarali-karari\/#breadcrumb","itemListElement":[{"@type":"ListItem","position":1,"name":"Home","item":"https:\/\/denizcankizil.tr\/de\/"},{"@type":"ListItem","position":2,"name":"AYM&#8217;nin 2020\/18989 ba\u015fvuru numaral\u0131 karar\u0131"}]},{"@type":"WebSite","@id":"https:\/\/denizcankizil.tr\/#website","url":"https:\/\/denizcankizil.tr\/","name":"Av. Deniz Can K\u0131z\u0131l","description":"Avukat Deniz Can K\u0131z\u0131l Antalya Barosu","publisher":{"@id":"https:\/\/denizcankizil.tr\/#organization"},"potentialAction":[{"@type":"SearchAction","target":{"@type":"EntryPoint","urlTemplate":"https:\/\/denizcankizil.tr\/?s={search_term_string}"},"query-input":{"@type":"PropertyValueSpecification","valueRequired":true,"valueName":"search_term_string"}}],"inLanguage":"de"},{"@type":"Organization","@id":"https:\/\/denizcankizil.tr\/#organization","name":"Av. Deniz Can K\u0131z\u0131l","url":"https:\/\/denizcankizil.tr\/","logo":{"@type":"ImageObject","inLanguage":"de","@id":"https:\/\/denizcankizil.tr\/#\/schema\/logo\/image\/","url":"https:\/\/denizcankizil.tr\/wp-content\/uploads\/2024\/10\/siyah-logo-svg.svg","contentUrl":"https:\/\/denizcankizil.tr\/wp-content\/uploads\/2024\/10\/siyah-logo-svg.svg","width":1080,"height":1080,"caption":"Av. Deniz Can K\u0131z\u0131l"},"image":{"@id":"https:\/\/denizcankizil.tr\/#\/schema\/logo\/image\/"}},{"@type":"Person","@id":"https:\/\/denizcankizil.tr\/#\/schema\/person\/001a271de994a0aa3f90eea084424822","name":"Hukuki Haber.net","image":{"@type":"ImageObject","inLanguage":"de","@id":"https:\/\/denizcankizil.tr\/#\/schema\/person\/image\/","url":"https:\/\/secure.gravatar.com\/avatar\/57d8a49151495586611a149d29fc42865b951dc053a84709a3172ccb5abf3118?s=96&d=mm&r=g","contentUrl":"https:\/\/secure.gravatar.com\/avatar\/57d8a49151495586611a149d29fc42865b951dc053a84709a3172ccb5abf3118?s=96&d=mm&r=g","caption":"Hukuki Haber.net"},"sameAs":["http:\/\/www.hukukihaber.net"],"url":"https:\/\/denizcankizil.tr\/de\/author\/hukukihabernet\/"}]}},"_links":{"self":[{"href":"https:\/\/denizcankizil.tr\/de\/wp-json\/wp\/v2\/posts\/34419","targetHints":{"allow":["GET"]}}],"collection":[{"href":"https:\/\/denizcankizil.tr\/de\/wp-json\/wp\/v2\/posts"}],"about":[{"href":"https:\/\/denizcankizil.tr\/de\/wp-json\/wp\/v2\/types\/post"}],"author":[{"embeddable":true,"href":"https:\/\/denizcankizil.tr\/de\/wp-json\/wp\/v2\/users\/3"}],"replies":[{"embeddable":true,"href":"https:\/\/denizcankizil.tr\/de\/wp-json\/wp\/v2\/comments?post=34419"}],"version-history":[{"count":0,"href":"https:\/\/denizcankizil.tr\/de\/wp-json\/wp\/v2\/posts\/34419\/revisions"}],"wp:attachment":[{"href":"https:\/\/denizcankizil.tr\/de\/wp-json\/wp\/v2\/media?parent=34419"}],"wp:term":[{"taxonomy":"category","embeddable":true,"href":"https:\/\/denizcankizil.tr\/de\/wp-json\/wp\/v2\/categories?post=34419"},{"taxonomy":"post_tag","embeddable":true,"href":"https:\/\/denizcankizil.tr\/de\/wp-json\/wp\/v2\/tags?post=34419"}],"curies":[{"name":"wp","href":"https:\/\/api.w.org\/{rel}","templated":true}]}}