{"id":34328,"date":"2025-02-28T11:41:54","date_gmt":"2025-02-28T08:41:54","guid":{"rendered":"https:\/\/denizcankizil.tr\/uncategorized-tr\/baracli-kocaelinin-efsanelerini-agirladi\/"},"modified":"2025-02-28T11:41:54","modified_gmt":"2025-02-28T08:41:54","slug":"baracli-kocaelinin-efsanelerini-agirladi","status":"publish","type":"post","link":"https:\/\/denizcankizil.tr\/de\/haberler\/gundem\/baracli-kocaelinin-efsanelerini-agirladi\/","title":{"rendered":"Bara\u00e7l\u0131, Kocaeli&#8217;nin efsanelerini a\u011f\u0131rlad\u0131"},"content":{"rendered":"<p>Kocaeli B\u00fcy\u00fck\u015fehir Genel Sekreteri Dr. Hayri Bara\u00e7l\u0131, Kocaelispor camias\u0131n\u0131n duayen isimlerini a\u011f\u0131rlad\u0131.KOCAEL\u0130 (\u0130GFA) &#8211; Kocaeli\u00a0B\u00fcy\u00fck\u015fehir Belediyesi Genel Sekreteri Dr. Hayri Bara\u00e7l\u0131, \u015fehrin spor tarihine damga vurmu\u015f ve farkl\u0131 bran\u015flarda b\u00fcy\u00fck ba\u015far\u0131lara imza atm\u0131\u015f spor adamlar\u0131n\u0131 a\u011f\u0131rlad\u0131. Bara\u00e7l\u0131, sporun kent k\u00fclt\u00fcr\u00fcndeki \u00f6nemine vurgu yapt\u0131.<br \/>\nEFSANELERE K\u00d6KT\u00dcRK E\u015eL\u0130K ETT\u0130<br \/>\nKocaeli\u2019de spora damga vurmu\u015f isimler, B\u00fcy\u00fck\u015fehir Belediyesi Genel Sekreteri Dr. Hayri Bara\u00e7l\u0131\u2019y\u0131 ziyaret etti. Genel Sekreterlik makam\u0131nda ger\u00e7ekle\u015fen ziyarete; Merkez Hakem Kurulu\u2019nun (MHK) eski ba\u015fkan\u0131 Mustafa \u00c7ulcu, Kocaelispor eski teknik direkt\u00f6r\u00fc G\u00fcven\u00e7 Kurtar, Galatasaray\u2019da forma giyen eski milli futbolcu Yusuf Alt\u0131nta\u015f, Kocaelispor eski milli futbolcusu Ya\u015far Alt\u0131nta\u015f, d\u00fcnya \u015fampiyonu karateci Haldun Alaga\u015f, olimpiyat ve d\u00fcnya \u015fampiyonu eski milli judocu H\u00fcseyin \u00d6zkan, K\u0131rkp\u0131nar\u2019\u0131n alt\u0131n kemerli ba\u015fpehlivanlar\u0131 Ahmet Ta\u015f\u00e7\u0131 ve B\u00fclent G\u00fcrb\u00fcz, eski milli atlet Hasan Antika ile eski futbol hakemi ve milli g\u00fcre\u015f\u00e7i Erg\u00fcn Berdan kat\u0131ld\u0131. Ziyarette B\u00fcy\u00fck\u015fehir Koordinat\u00f6r\u00fc Abdullah K\u00f6kt\u00fcrk de efsane sporculara e\u015flik etti.<br \/>\n\u201cSPORU TABANA YAYIYORUZ\u201d<br \/>\nSpor camias\u0131n\u0131n de\u011ferli isimlerini a\u011f\u0131rlamaktan b\u00fcy\u00fck mutluluk ve onur duydu\u011funu belirten Genel Sekreter Bara\u00e7l\u0131, Kocaeli B\u00fcy\u00fck\u015fehir Belediyesi olarak \u201cSpor Kenti Kocaeli\u201d mottosuyla hareket ettiklerini ve bu do\u011frultuda kentin d\u00f6rt bir yan\u0131nda sporun her dal\u0131na destek verdiklerini ifade etti. Sporculara ve kul\u00fcplere y\u00f6nelik yat\u0131r\u0131mlar\u0131n artarak devam etti\u011fini belirten Bara\u00e7l\u0131, gen\u00e7 yeteneklerin ke\u015ffedilmesi ve sporun tabana yay\u0131lmas\u0131 i\u00e7in \u00e7e\u015fitli projeler y\u00fcr\u00fctt\u00fcklerini dile getirdi.<br \/>\nSPOR K\u00dcLT\u00dcR\u00dc YAYGINLA\u015eTIRILMALI<br \/>\nKocaeli\u2019nin spor altyap\u0131s\u0131, mevcut tesisler ve gelecekte hayata ge\u00e7irilmesi planlanan projelerin de konu\u015fuldu\u011fu bulu\u015fmada Bara\u00e7l\u0131, Kocaeli\u2019nin ulusal ve uluslararas\u0131 arenada daha fazla ba\u015far\u0131 elde etmesi i\u00e7in sporcular\u0131n her zaman yan\u0131nda olacaklar\u0131n\u0131 vurgulad\u0131. Sporun birle\u015ftirici g\u00fcc\u00fcne dikkat \u00e7eken Bara\u00e7l\u0131, \u00f6zellikle gen\u00e7leri spora te\u015fvik etmenin ve sa\u011fl\u0131kl\u0131 nesiller yeti\u015ftirmek ad\u0131na spor k\u00fclt\u00fcr\u00fcn\u00fc yayg\u0131nla\u015ft\u0131rman\u0131n \u00f6nemine de\u011findi.<br \/>\nMEMNUN\u0130YETLER\u0130N\u0130 D\u0130LE GET\u0130RD\u0130LER<br \/>\nZiyarette Kocaeli\u2019nin spor tarihine katk\u0131da bulunmu\u015f efsane isimler deneyimlerini payla\u015f\u0131rken, Kocaeli\u2019nde sporun geli\u015fimi ad\u0131na at\u0131lan ad\u0131mlardan duyduklar\u0131 memnuniyeti dile getirerek, desteklerinden dolay\u0131 B\u00fcy\u00fck\u015fehir Belediyesi\u2019ne te\u015fekk\u00fcr etti.<\/p>\n<p>\u200bKocaeli B\u00fcy\u00fck\u015fehir Genel Sekreteri Dr. Hayri Bara\u00e7l\u0131, Kocaelispor camias\u0131n\u0131n duayen isimlerini a\u011f\u0131rlad\u0131.KOCAEL\u0130 (\u0130GFA) &#8211; Kocaeli\u00a0B\u00fcy\u00fck\u015fehir Belediyesi Genel Sekreteri Dr. Hayri Bara\u00e7l\u0131, \u015fehrin spor tarihine damga vurmu\u015f ve farkl\u0131 bran\u015flarda b\u00fcy\u00fck ba\u015far\u0131lara imza atm\u0131\u015f spor adamlar\u0131n\u0131 a\u011f\u0131rlad\u0131. Bara\u00e7l\u0131, sporun kent k\u00fclt\u00fcr\u00fcndeki \u00f6nemine vurgu yapt\u0131.<br \/>\nEFSANELERE K\u00d6KT\u00dcRK E\u015eL\u0130K ETT\u0130<br \/>\nKocaeli\u2019de spora damga vurmu\u015f isimler, B\u00fcy\u00fck\u015fehir Belediyesi Genel Sekreteri Dr. Hayri Bara\u00e7l\u0131\u2019y\u0131 ziyaret etti. Genel Sekreterlik makam\u0131nda ger\u00e7ekle\u015fen ziyarete; Merkez Hakem Kurulu\u2019nun (MHK) eski ba\u015fkan\u0131 Mustafa \u00c7ulcu, Kocaelispor eski teknik direkt\u00f6r\u00fc G\u00fcven\u00e7 Kurtar, Galatasaray\u2019da forma giyen eski milli futbolcu Yusuf Alt\u0131nta\u015f, Kocaelispor eski milli futbolcusu Ya\u015far Alt\u0131nta\u015f, d\u00fcnya \u015fampiyonu karateci Haldun Alaga\u015f, olimpiyat ve d\u00fcnya \u015fampiyonu eski milli judocu H\u00fcseyin \u00d6zkan, K\u0131rkp\u0131nar\u2019\u0131n alt\u0131n kemerli ba\u015fpehlivanlar\u0131 Ahmet Ta\u015f\u00e7\u0131 ve B\u00fclent G\u00fcrb\u00fcz, eski milli atlet Hasan Antika ile eski futbol hakemi ve milli g\u00fcre\u015f\u00e7i Erg\u00fcn Berdan kat\u0131ld\u0131. Ziyarette B\u00fcy\u00fck\u015fehir Koordinat\u00f6r\u00fc Abdullah K\u00f6kt\u00fcrk de efsane sporculara e\u015flik etti.<br \/>\n\u201cSPORU TABANA YAYIYORUZ\u201d<br \/>\nSpor camias\u0131n\u0131n de\u011ferli isimlerini a\u011f\u0131rlamaktan b\u00fcy\u00fck mutluluk ve onur duydu\u011funu belirten Genel Sekreter Bara\u00e7l\u0131, Kocaeli B\u00fcy\u00fck\u015fehir Belediyesi olarak \u201cSpor Kenti Kocaeli\u201d mottosuyla hareket ettiklerini ve bu do\u011frultuda kentin d\u00f6rt bir yan\u0131nda sporun her dal\u0131na destek verdiklerini ifade etti. Sporculara ve kul\u00fcplere y\u00f6nelik yat\u0131r\u0131mlar\u0131n artarak devam etti\u011fini belirten Bara\u00e7l\u0131, gen\u00e7 yeteneklerin ke\u015ffedilmesi ve sporun tabana yay\u0131lmas\u0131 i\u00e7in \u00e7e\u015fitli projeler y\u00fcr\u00fctt\u00fcklerini dile getirdi.<br \/>\nSPOR K\u00dcLT\u00dcR\u00dc YAYGINLA\u015eTIRILMALI<br \/>\nKocaeli\u2019nin spor altyap\u0131s\u0131, mevcut tesisler ve gelecekte hayata ge\u00e7irilmesi planlanan projelerin de konu\u015fuldu\u011fu bulu\u015fmada Bara\u00e7l\u0131, Kocaeli\u2019nin ulusal ve uluslararas\u0131 arenada daha fazla ba\u015far\u0131 elde etmesi i\u00e7in sporcular\u0131n her zaman yan\u0131nda olacaklar\u0131n\u0131 vurgulad\u0131. Sporun birle\u015ftirici g\u00fcc\u00fcne dikkat \u00e7eken Bara\u00e7l\u0131, \u00f6zellikle gen\u00e7leri spora te\u015fvik etmenin ve sa\u011fl\u0131kl\u0131 nesiller yeti\u015ftirmek ad\u0131na spor k\u00fclt\u00fcr\u00fcn\u00fc yayg\u0131nla\u015ft\u0131rman\u0131n \u00f6nemine de\u011findi.<br \/>\nMEMNUN\u0130YETLER\u0130N\u0130 D\u0130LE GET\u0130RD\u0130LER<br \/>\nZiyarette Kocaeli\u2019nin spor tarihine katk\u0131da bulunmu\u015f efsane isimler deneyimlerini payla\u015f\u0131rken, Kocaeli\u2019nde sporun geli\u015fimi ad\u0131na at\u0131lan ad\u0131mlardan duyduklar\u0131 memnuniyeti dile getirerek, desteklerinden dolay\u0131 B\u00fcy\u00fck\u015fehir Belediyesi\u2019ne te\u015fekk\u00fcr etti.\u00a0<\/p>\n<p>\u200bHaberin Al\u0131nt\u0131land\u0131\u011f\u0131 Kaynak: www.iskenderun.org<\/p>","protected":false},"excerpt":{"rendered":"<p>Kocaeli B\u00fcy\u00fck\u015fehir Genel Sekreteri Dr. Hayri Bara\u00e7l\u0131, Kocaelispor camias\u0131n\u0131n duayen isimlerini a\u011f\u0131rlad\u0131.KOCAEL\u0130 (\u0130GFA) &#8211; Kocaeli\u00a0B\u00fcy\u00fck\u015fehir Belediyesi Genel Sekreteri Dr. Hayri Bara\u00e7l\u0131, \u015fehrin spor tarihine damga vurmu\u015f ve farkl\u0131 bran\u015flarda b\u00fcy\u00fck ba\u015far\u0131lara imza atm\u0131\u015f spor adamlar\u0131n\u0131 a\u011f\u0131rlad\u0131. Bara\u00e7l\u0131, sporun kent k\u00fclt\u00fcr\u00fcndeki \u00f6nemine vurgu yapt\u0131. EFSANELERE K\u00d6KT\u00dcRK E\u015eL\u0130K ETT\u0130 Kocaeli\u2019de spora damga vurmu\u015f isimler, B\u00fcy\u00fck\u015fehir Belediyesi Genel Sekreteri Dr. Hayri Bara\u00e7l\u0131\u2019y\u0131 ziyaret etti. Genel Sekreterlik makam\u0131nda ger\u00e7ekle\u015fen ziyarete; Merkez Hakem Kurulu\u2019nun (MHK) eski ba\u015fkan\u0131 Mustafa \u00c7ulcu, Kocaelispor eski teknik direkt\u00f6r\u00fc G\u00fcven\u00e7 Kurtar, Galatasaray\u2019da forma giyen eski milli futbolcu Yusuf Alt\u0131nta\u015f, Kocaelispor eski milli futbolcusu Ya\u015far Alt\u0131nta\u015f, d\u00fcnya \u015fampiyonu karateci Haldun Alaga\u015f, olimpiyat ve d\u00fcnya \u015fampiyonu eski milli judocu H\u00fcseyin \u00d6zkan, K\u0131rkp\u0131nar\u2019\u0131n alt\u0131n kemerli ba\u015fpehlivanlar\u0131 Ahmet Ta\u015f\u00e7\u0131 ve B\u00fclent G\u00fcrb\u00fcz, eski milli atlet Hasan Antika ile eski futbol hakemi ve milli g\u00fcre\u015f\u00e7i Erg\u00fcn Berdan kat\u0131ld\u0131. Ziyarette B\u00fcy\u00fck\u015fehir Koordinat\u00f6r\u00fc Abdullah K\u00f6kt\u00fcrk de efsane sporculara e\u015flik etti. \u201cSPORU TABANA YAYIYORUZ\u201d Spor camias\u0131n\u0131n de\u011ferli isimlerini a\u011f\u0131rlamaktan b\u00fcy\u00fck mutluluk ve onur duydu\u011funu belirten Genel Sekreter Bara\u00e7l\u0131, Kocaeli B\u00fcy\u00fck\u015fehir Belediyesi olarak \u201cSpor Kenti Kocaeli\u201d mottosuyla hareket ettiklerini ve bu do\u011frultuda kentin d\u00f6rt bir yan\u0131nda sporun her dal\u0131na destek verdiklerini ifade etti. Sporculara ve kul\u00fcplere y\u00f6nelik yat\u0131r\u0131mlar\u0131n artarak devam etti\u011fini belirten Bara\u00e7l\u0131, gen\u00e7 yeteneklerin ke\u015ffedilmesi ve sporun tabana yay\u0131lmas\u0131 &hellip;<\/p>","protected":false},"author":1,"featured_media":0,"comment_status":"open","ping_status":"open","sticky":false,"template":"","format":"standard","meta":{"_acf_changed":false,"footnotes":""},"categories":[24],"tags":[],"class_list":["post-34328","post","type-post","status-publish","format-standard","has-post-thumbnail","hentry","category-gundem"],"acf":[],"yoast_head":"<!-- This site is optimized with the Yoast SEO Premium plugin v26.6 (Yoast SEO v27.1.1) - https:\/\/yoast.com\/product\/yoast-seo-premium-wordpress\/ -->\n<title>Bara\u00e7l\u0131, Kocaeli&#039;nin efsanelerini a\u011f\u0131rlad\u0131 - Av. Deniz Can K\u0131z\u0131l<\/title>\n<meta name=\"robots\" content=\"index, follow, max-snippet:-1, max-image-preview:large, max-video-preview:-1\" \/>\n<link rel=\"canonical\" href=\"https:\/\/denizcankizil.tr\/de\/haberler\/gundem\/baracli-kocaelinin-efsanelerini-agirladi\/\" \/>\n<meta property=\"og:locale\" content=\"de_DE\" \/>\n<meta property=\"og:type\" content=\"article\" \/>\n<meta property=\"og:title\" content=\"Bara\u00e7l\u0131, Kocaeli&#039;nin efsanelerini a\u011f\u0131rlad\u0131\" \/>\n<meta property=\"og:description\" content=\"Kocaeli B\u00fcy\u00fck\u015fehir Genel Sekreteri Dr. Hayri Bara\u00e7l\u0131, Kocaelispor camias\u0131n\u0131n duayen isimlerini a\u011f\u0131rlad\u0131.KOCAEL\u0130 (\u0130GFA) &#8211; Kocaeli\u00a0B\u00fcy\u00fck\u015fehir Belediyesi Genel Sekreteri Dr. Hayri Bara\u00e7l\u0131, \u015fehrin spor tarihine damga vurmu\u015f ve farkl\u0131 bran\u015flarda b\u00fcy\u00fck ba\u015far\u0131lara imza atm\u0131\u015f spor adamlar\u0131n\u0131 a\u011f\u0131rlad\u0131. Bara\u00e7l\u0131, sporun kent k\u00fclt\u00fcr\u00fcndeki \u00f6nemine vurgu yapt\u0131. EFSANELERE K\u00d6KT\u00dcRK E\u015eL\u0130K ETT\u0130 Kocaeli\u2019de spora damga vurmu\u015f isimler, B\u00fcy\u00fck\u015fehir Belediyesi Genel Sekreteri Dr. Hayri Bara\u00e7l\u0131\u2019y\u0131 ziyaret etti. Genel Sekreterlik makam\u0131nda ger\u00e7ekle\u015fen ziyarete; Merkez Hakem Kurulu\u2019nun (MHK) eski ba\u015fkan\u0131 Mustafa \u00c7ulcu, Kocaelispor eski teknik direkt\u00f6r\u00fc G\u00fcven\u00e7 Kurtar, Galatasaray\u2019da forma giyen eski milli futbolcu Yusuf Alt\u0131nta\u015f, Kocaelispor eski milli futbolcusu Ya\u015far Alt\u0131nta\u015f, d\u00fcnya \u015fampiyonu karateci Haldun Alaga\u015f, olimpiyat ve d\u00fcnya \u015fampiyonu eski milli judocu H\u00fcseyin \u00d6zkan, K\u0131rkp\u0131nar\u2019\u0131n alt\u0131n kemerli ba\u015fpehlivanlar\u0131 Ahmet Ta\u015f\u00e7\u0131 ve B\u00fclent G\u00fcrb\u00fcz, eski milli atlet Hasan Antika ile eski futbol hakemi ve milli g\u00fcre\u015f\u00e7i Erg\u00fcn Berdan kat\u0131ld\u0131. Ziyarette B\u00fcy\u00fck\u015fehir Koordinat\u00f6r\u00fc Abdullah K\u00f6kt\u00fcrk de efsane sporculara e\u015flik etti. \u201cSPORU TABANA YAYIYORUZ\u201d Spor camias\u0131n\u0131n de\u011ferli isimlerini a\u011f\u0131rlamaktan b\u00fcy\u00fck mutluluk ve onur duydu\u011funu belirten Genel Sekreter Bara\u00e7l\u0131, Kocaeli B\u00fcy\u00fck\u015fehir Belediyesi olarak \u201cSpor Kenti Kocaeli\u201d mottosuyla hareket ettiklerini ve bu do\u011frultuda kentin d\u00f6rt bir yan\u0131nda sporun her dal\u0131na destek verdiklerini ifade etti. Sporculara ve kul\u00fcplere y\u00f6nelik yat\u0131r\u0131mlar\u0131n artarak devam etti\u011fini belirten Bara\u00e7l\u0131, gen\u00e7 yeteneklerin ke\u015ffedilmesi ve sporun tabana yay\u0131lmas\u0131 &hellip;\" \/>\n<meta property=\"og:url\" content=\"https:\/\/denizcankizil.tr\/de\/haberler\/gundem\/baracli-kocaelinin-efsanelerini-agirladi\/\" \/>\n<meta property=\"og:site_name\" content=\"Av. Deniz Can K\u0131z\u0131l\" \/>\n<meta property=\"article:published_time\" content=\"2025-02-28T08:41:54+00:00\" \/>\n<meta name=\"author\" content=\"admin\" \/>\n<meta name=\"twitter:card\" content=\"summary_large_image\" \/>\n<meta name=\"twitter:label1\" content=\"Verfasst von\" \/>\n\t<meta name=\"twitter:data1\" content=\"admin\" \/>\n\t<meta name=\"twitter:label2\" content=\"Gesch\u00e4tzte Lesezeit\" \/>\n\t<meta name=\"twitter:data2\" content=\"4\u00a0Minuten\" \/>\n<script type=\"application\/ld+json\" class=\"yoast-schema-graph\">{\"@context\":\"https:\/\/schema.org\",\"@graph\":[{\"@type\":\"Article\",\"@id\":\"https:\/\/denizcankizil.tr\/de\/haberler\/gundem\/baracli-kocaelinin-efsanelerini-agirladi\/#article\",\"isPartOf\":{\"@id\":\"https:\/\/denizcankizil.tr\/de\/haberler\/gundem\/baracli-kocaelinin-efsanelerini-agirladi\/\"},\"author\":{\"name\":\"admin\",\"@id\":\"https:\/\/denizcankizil.tr\/de\/#\/schema\/person\/be3c05fe6a12686905512445d8185489\"},\"headline\":\"Bara\u00e7l\u0131, Kocaeli&#8217;nin efsanelerini a\u011f\u0131rlad\u0131\",\"datePublished\":\"2025-02-28T08:41:54+00:00\",\"mainEntityOfPage\":{\"@id\":\"https:\/\/denizcankizil.tr\/de\/haberler\/gundem\/baracli-kocaelinin-efsanelerini-agirladi\/\"},\"wordCount\":895,\"commentCount\":0,\"publisher\":{\"@id\":\"https:\/\/denizcankizil.tr\/de\/#organization\"},\"articleSection\":[\"G\u00fcndem\"],\"inLanguage\":\"de\",\"potentialAction\":[{\"@type\":\"CommentAction\",\"name\":\"Comment\",\"target\":[\"https:\/\/denizcankizil.tr\/de\/haberler\/gundem\/baracli-kocaelinin-efsanelerini-agirladi\/#respond\"]}]},{\"@type\":\"WebPage\",\"@id\":\"https:\/\/denizcankizil.tr\/de\/haberler\/gundem\/baracli-kocaelinin-efsanelerini-agirladi\/\",\"url\":\"https:\/\/denizcankizil.tr\/de\/haberler\/gundem\/baracli-kocaelinin-efsanelerini-agirladi\/\",\"name\":\"Bara\u00e7l\u0131, Kocaeli'nin efsanelerini a\u011f\u0131rlad\u0131 - Av. Deniz Can K\u0131z\u0131l\",\"isPartOf\":{\"@id\":\"https:\/\/denizcankizil.tr\/de\/#website\"},\"datePublished\":\"2025-02-28T08:41:54+00:00\",\"breadcrumb\":{\"@id\":\"https:\/\/denizcankizil.tr\/de\/haberler\/gundem\/baracli-kocaelinin-efsanelerini-agirladi\/#breadcrumb\"},\"inLanguage\":\"de\",\"potentialAction\":[{\"@type\":\"ReadAction\",\"target\":[\"https:\/\/denizcankizil.tr\/de\/haberler\/gundem\/baracli-kocaelinin-efsanelerini-agirladi\/\"]}]},{\"@type\":\"BreadcrumbList\",\"@id\":\"https:\/\/denizcankizil.tr\/de\/haberler\/gundem\/baracli-kocaelinin-efsanelerini-agirladi\/#breadcrumb\",\"itemListElement\":[{\"@type\":\"ListItem\",\"position\":1,\"name\":\"Home\",\"item\":\"https:\/\/denizcankizil.tr\/de\/\"},{\"@type\":\"ListItem\",\"position\":2,\"name\":\"Bara\u00e7l\u0131, Kocaeli&#8217;nin efsanelerini a\u011f\u0131rlad\u0131\"}]},{\"@type\":\"WebSite\",\"@id\":\"https:\/\/denizcankizil.tr\/de\/#website\",\"url\":\"https:\/\/denizcankizil.tr\/de\/\",\"name\":\"Av. Deniz Can K\u0131z\u0131l\",\"description\":\"Avukat Deniz Can K\u0131z\u0131l Antalya Barosu\",\"publisher\":{\"@id\":\"https:\/\/denizcankizil.tr\/de\/#organization\"},\"potentialAction\":[{\"@type\":\"SearchAction\",\"target\":{\"@type\":\"EntryPoint\",\"urlTemplate\":\"https:\/\/denizcankizil.tr\/de\/?s={search_term_string}\"},\"query-input\":{\"@type\":\"PropertyValueSpecification\",\"valueRequired\":true,\"valueName\":\"search_term_string\"}}],\"inLanguage\":\"de\"},{\"@type\":\"Organization\",\"@id\":\"https:\/\/denizcankizil.tr\/de\/#organization\",\"name\":\"Av. Deniz Can K\u0131z\u0131l\",\"url\":\"https:\/\/denizcankizil.tr\/de\/\",\"logo\":{\"@type\":\"ImageObject\",\"inLanguage\":\"de\",\"@id\":\"https:\/\/denizcankizil.tr\/de\/#\/schema\/logo\/image\/\",\"url\":\"https:\/\/denizcankizil.tr\/wp-content\/uploads\/2024\/10\/siyah-logo-svg.svg\",\"contentUrl\":\"https:\/\/denizcankizil.tr\/wp-content\/uploads\/2024\/10\/siyah-logo-svg.svg\",\"width\":1080,\"height\":1080,\"caption\":\"Av. Deniz Can K\u0131z\u0131l\"},\"image\":{\"@id\":\"https:\/\/denizcankizil.tr\/de\/#\/schema\/logo\/image\/\"}},{\"@type\":\"Person\",\"@id\":\"https:\/\/denizcankizil.tr\/de\/#\/schema\/person\/be3c05fe6a12686905512445d8185489\",\"name\":\"admin\",\"image\":{\"@type\":\"ImageObject\",\"inLanguage\":\"de\",\"@id\":\"https:\/\/denizcankizil.tr\/de\/#\/schema\/person\/image\/\",\"url\":\"https:\/\/secure.gravatar.com\/avatar\/c1fce94c830dc79107e174f890d7210541c4a63e8e5d816341794a2151c9d58c?s=96&d=mm&r=g\",\"contentUrl\":\"https:\/\/secure.gravatar.com\/avatar\/c1fce94c830dc79107e174f890d7210541c4a63e8e5d816341794a2151c9d58c?s=96&d=mm&r=g\",\"caption\":\"admin\"},\"sameAs\":[\"http:\/\/denizcankizil.tr\"],\"url\":\"https:\/\/www.iskenderun.org\/baracli-kocaelinin-efsanelerini-agirladi\"}]}<\/script>\n<!-- \/ Yoast SEO Premium plugin. -->","yoast_head_json":{"title":"Bara\u00e7l\u0131, Kocaeli'nin efsanelerini a\u011f\u0131rlad\u0131 - Av. Deniz Can K\u0131z\u0131l","robots":{"index":"index","follow":"follow","max-snippet":"max-snippet:-1","max-image-preview":"max-image-preview:large","max-video-preview":"max-video-preview:-1"},"canonical":"https:\/\/denizcankizil.tr\/de\/haberler\/gundem\/baracli-kocaelinin-efsanelerini-agirladi\/","og_locale":"de_DE","og_type":"article","og_title":"Bara\u00e7l\u0131, Kocaeli'nin efsanelerini a\u011f\u0131rlad\u0131","og_description":"Kocaeli B\u00fcy\u00fck\u015fehir Genel Sekreteri Dr. Hayri Bara\u00e7l\u0131, Kocaelispor camias\u0131n\u0131n duayen isimlerini a\u011f\u0131rlad\u0131.KOCAEL\u0130 (\u0130GFA) &#8211; Kocaeli\u00a0B\u00fcy\u00fck\u015fehir Belediyesi Genel Sekreteri Dr. Hayri Bara\u00e7l\u0131, \u015fehrin spor tarihine damga vurmu\u015f ve farkl\u0131 bran\u015flarda b\u00fcy\u00fck ba\u015far\u0131lara imza atm\u0131\u015f spor adamlar\u0131n\u0131 a\u011f\u0131rlad\u0131. Bara\u00e7l\u0131, sporun kent k\u00fclt\u00fcr\u00fcndeki \u00f6nemine vurgu yapt\u0131. EFSANELERE K\u00d6KT\u00dcRK E\u015eL\u0130K ETT\u0130 Kocaeli\u2019de spora damga vurmu\u015f isimler, B\u00fcy\u00fck\u015fehir Belediyesi Genel Sekreteri Dr. Hayri Bara\u00e7l\u0131\u2019y\u0131 ziyaret etti. Genel Sekreterlik makam\u0131nda ger\u00e7ekle\u015fen ziyarete; Merkez Hakem Kurulu\u2019nun (MHK) eski ba\u015fkan\u0131 Mustafa \u00c7ulcu, Kocaelispor eski teknik direkt\u00f6r\u00fc G\u00fcven\u00e7 Kurtar, Galatasaray\u2019da forma giyen eski milli futbolcu Yusuf Alt\u0131nta\u015f, Kocaelispor eski milli futbolcusu Ya\u015far Alt\u0131nta\u015f, d\u00fcnya \u015fampiyonu karateci Haldun Alaga\u015f, olimpiyat ve d\u00fcnya \u015fampiyonu eski milli judocu H\u00fcseyin \u00d6zkan, K\u0131rkp\u0131nar\u2019\u0131n alt\u0131n kemerli ba\u015fpehlivanlar\u0131 Ahmet Ta\u015f\u00e7\u0131 ve B\u00fclent G\u00fcrb\u00fcz, eski milli atlet Hasan Antika ile eski futbol hakemi ve milli g\u00fcre\u015f\u00e7i Erg\u00fcn Berdan kat\u0131ld\u0131. Ziyarette B\u00fcy\u00fck\u015fehir Koordinat\u00f6r\u00fc Abdullah K\u00f6kt\u00fcrk de efsane sporculara e\u015flik etti. \u201cSPORU TABANA YAYIYORUZ\u201d Spor camias\u0131n\u0131n de\u011ferli isimlerini a\u011f\u0131rlamaktan b\u00fcy\u00fck mutluluk ve onur duydu\u011funu belirten Genel Sekreter Bara\u00e7l\u0131, Kocaeli B\u00fcy\u00fck\u015fehir Belediyesi olarak \u201cSpor Kenti Kocaeli\u201d mottosuyla hareket ettiklerini ve bu do\u011frultuda kentin d\u00f6rt bir yan\u0131nda sporun her dal\u0131na destek verdiklerini ifade etti. Sporculara ve kul\u00fcplere y\u00f6nelik yat\u0131r\u0131mlar\u0131n artarak devam etti\u011fini belirten Bara\u00e7l\u0131, gen\u00e7 yeteneklerin ke\u015ffedilmesi ve sporun tabana yay\u0131lmas\u0131 &hellip;","og_url":"https:\/\/denizcankizil.tr\/de\/haberler\/gundem\/baracli-kocaelinin-efsanelerini-agirladi\/","og_site_name":"Av. Deniz Can K\u0131z\u0131l","article_published_time":"2025-02-28T08:41:54+00:00","author":"admin","twitter_card":"summary_large_image","twitter_misc":{"Verfasst von":"admin","Gesch\u00e4tzte Lesezeit":"4\u00a0Minuten"},"schema":{"@context":"https:\/\/schema.org","@graph":[{"@type":"Article","@id":"https:\/\/denizcankizil.tr\/de\/haberler\/gundem\/baracli-kocaelinin-efsanelerini-agirladi\/#article","isPartOf":{"@id":"https:\/\/denizcankizil.tr\/de\/haberler\/gundem\/baracli-kocaelinin-efsanelerini-agirladi\/"},"author":{"name":"admin","@id":"https:\/\/denizcankizil.tr\/de\/#\/schema\/person\/be3c05fe6a12686905512445d8185489"},"headline":"Bara\u00e7l\u0131, Kocaeli&#8217;nin efsanelerini a\u011f\u0131rlad\u0131","datePublished":"2025-02-28T08:41:54+00:00","mainEntityOfPage":{"@id":"https:\/\/denizcankizil.tr\/de\/haberler\/gundem\/baracli-kocaelinin-efsanelerini-agirladi\/"},"wordCount":895,"commentCount":0,"publisher":{"@id":"https:\/\/denizcankizil.tr\/de\/#organization"},"articleSection":["G\u00fcndem"],"inLanguage":"de","potentialAction":[{"@type":"CommentAction","name":"Comment","target":["https:\/\/denizcankizil.tr\/de\/haberler\/gundem\/baracli-kocaelinin-efsanelerini-agirladi\/#respond"]}]},{"@type":"WebPage","@id":"https:\/\/denizcankizil.tr\/de\/haberler\/gundem\/baracli-kocaelinin-efsanelerini-agirladi\/","url":"https:\/\/denizcankizil.tr\/de\/haberler\/gundem\/baracli-kocaelinin-efsanelerini-agirladi\/","name":"Bara\u00e7l\u0131, Kocaeli'nin efsanelerini a\u011f\u0131rlad\u0131 - Av. Deniz Can K\u0131z\u0131l","isPartOf":{"@id":"https:\/\/denizcankizil.tr\/de\/#website"},"datePublished":"2025-02-28T08:41:54+00:00","breadcrumb":{"@id":"https:\/\/denizcankizil.tr\/de\/haberler\/gundem\/baracli-kocaelinin-efsanelerini-agirladi\/#breadcrumb"},"inLanguage":"de","potentialAction":[{"@type":"ReadAction","target":["https:\/\/denizcankizil.tr\/de\/haberler\/gundem\/baracli-kocaelinin-efsanelerini-agirladi\/"]}]},{"@type":"BreadcrumbList","@id":"https:\/\/denizcankizil.tr\/de\/haberler\/gundem\/baracli-kocaelinin-efsanelerini-agirladi\/#breadcrumb","itemListElement":[{"@type":"ListItem","position":1,"name":"Home","item":"https:\/\/denizcankizil.tr\/de\/"},{"@type":"ListItem","position":2,"name":"Bara\u00e7l\u0131, Kocaeli&#8217;nin efsanelerini a\u011f\u0131rlad\u0131"}]},{"@type":"WebSite","@id":"https:\/\/denizcankizil.tr\/de\/#website","url":"https:\/\/denizcankizil.tr\/de\/","name":"Av. Deniz Can K\u0131z\u0131l","description":"Avukat Deniz Can K\u0131z\u0131l Antalya Barosu","publisher":{"@id":"https:\/\/denizcankizil.tr\/de\/#organization"},"potentialAction":[{"@type":"SearchAction","target":{"@type":"EntryPoint","urlTemplate":"https:\/\/denizcankizil.tr\/de\/?s={search_term_string}"},"query-input":{"@type":"PropertyValueSpecification","valueRequired":true,"valueName":"search_term_string"}}],"inLanguage":"de"},{"@type":"Organization","@id":"https:\/\/denizcankizil.tr\/de\/#organization","name":"Av. Deniz Can K\u0131z\u0131l","url":"https:\/\/denizcankizil.tr\/de\/","logo":{"@type":"ImageObject","inLanguage":"de","@id":"https:\/\/denizcankizil.tr\/de\/#\/schema\/logo\/image\/","url":"https:\/\/denizcankizil.tr\/wp-content\/uploads\/2024\/10\/siyah-logo-svg.svg","contentUrl":"https:\/\/denizcankizil.tr\/wp-content\/uploads\/2024\/10\/siyah-logo-svg.svg","width":1080,"height":1080,"caption":"Av. Deniz Can K\u0131z\u0131l"},"image":{"@id":"https:\/\/denizcankizil.tr\/de\/#\/schema\/logo\/image\/"}},{"@type":"Person","@id":"https:\/\/denizcankizil.tr\/de\/#\/schema\/person\/be3c05fe6a12686905512445d8185489","name":"Administrator","image":{"@type":"ImageObject","inLanguage":"de","@id":"https:\/\/denizcankizil.tr\/de\/#\/schema\/person\/image\/","url":"https:\/\/secure.gravatar.com\/avatar\/c1fce94c830dc79107e174f890d7210541c4a63e8e5d816341794a2151c9d58c?s=96&d=mm&r=g","contentUrl":"https:\/\/secure.gravatar.com\/avatar\/c1fce94c830dc79107e174f890d7210541c4a63e8e5d816341794a2151c9d58c?s=96&d=mm&r=g","caption":"admin"},"sameAs":["http:\/\/denizcankizil.tr"],"url":"https:\/\/www.iskenderun.org\/baracli-kocaelinin-efsanelerini-agirladi"}]}},"_links":{"self":[{"href":"https:\/\/denizcankizil.tr\/de\/wp-json\/wp\/v2\/posts\/34328","targetHints":{"allow":["GET"]}}],"collection":[{"href":"https:\/\/denizcankizil.tr\/de\/wp-json\/wp\/v2\/posts"}],"about":[{"href":"https:\/\/denizcankizil.tr\/de\/wp-json\/wp\/v2\/types\/post"}],"author":[{"embeddable":true,"href":"https:\/\/denizcankizil.tr\/de\/wp-json\/wp\/v2\/users\/1"}],"replies":[{"embeddable":true,"href":"https:\/\/denizcankizil.tr\/de\/wp-json\/wp\/v2\/comments?post=34328"}],"version-history":[{"count":0,"href":"https:\/\/denizcankizil.tr\/de\/wp-json\/wp\/v2\/posts\/34328\/revisions"}],"wp:attachment":[{"href":"https:\/\/denizcankizil.tr\/de\/wp-json\/wp\/v2\/media?parent=34328"}],"wp:term":[{"taxonomy":"category","embeddable":true,"href":"https:\/\/denizcankizil.tr\/de\/wp-json\/wp\/v2\/categories?post=34328"},{"taxonomy":"post_tag","embeddable":true,"href":"https:\/\/denizcankizil.tr\/de\/wp-json\/wp\/v2\/tags?post=34328"}],"curies":[{"name":"wp","href":"https:\/\/api.w.org\/{rel}","templated":true}]}}