{"id":34267,"date":"2025-02-27T13:41:51","date_gmt":"2025-02-27T10:41:51","guid":{"rendered":"https:\/\/denizcankizil.tr\/uncategorized-tr\/antalyanin-tarihi-gunleri-yeniden-yasanacak\/"},"modified":"2025-02-27T13:41:51","modified_gmt":"2025-02-27T10:41:51","slug":"antalyanin-tarihi-gunleri-yeniden-yasanacak","status":"publish","type":"post","link":"https:\/\/denizcankizil.tr\/de\/haberler\/antalya\/antalyanin-tarihi-gunleri-yeniden-yasanacak\/","title":{"rendered":"Antalya&#8217;n\u0131n tarihi g\u00fcnleri yeniden ya\u015fanacak"},"content":{"rendered":"<p>Vali Hulusi \u015eahin, Antalya&#8217;n\u0131n Fethi&#8217;nin 818. y\u0131l d\u00f6n\u00fcm\u00fc ve Gazi Mustafa Kemal Atat\u00fcrk&#8217;\u00fcn Antalya&#8217;ya geli\u015finin 95. y\u0131l d\u00f6n\u00fcm\u00fc dolay\u0131s\u0131yla d\u00fczenlenecek etkinlikleri bas\u0131n toplant\u0131s\u0131yla duyurdu. Antalya Valili\u011fi himayelerinde, Antalya B\u00fcy\u00fck\u015fehir Belediyesi, Akdeniz \u00dcniversitesi ve \u00e7e\u015fitli kurumlar\u0131n katk\u0131lar\u0131yla ger\u00e7ekle\u015ftirilecek olan kutlamalar, Antalya&#8217;n\u0131n tarihi a\u00e7\u0131s\u0131ndan b\u00fcy\u00fck \u00f6nem ta\u015f\u0131yor.<br \/>\nAntalya&#8217;n\u0131n Fethi&#8217;nin 818. y\u0131l d\u00f6n\u00fcm\u00fc kutlamalar\u0131; 5 Mart \u00c7ar\u015famba g\u00fcn\u00fc Akdeniz \u00dcniversitesi taraf\u0131ndan geleneksel olarak d\u00fczenlenen Uluslararas\u0131 Antalya Fetih Sempozyumu kapsam\u0131nda, Edebiyat Fak\u00fcltesi&#8217;nde Prof. Dr. Ha\u015fim \u015eahin&#8217;in &#8220;Antalya&#8217;n\u0131n Fethi ve T\u00fcrk Tarihi A\u00e7\u0131s\u0131ndan \u00d6nemi&#8221; konferans\u0131yla ba\u015flayacak. Program, Muratpa\u015fa Camii&#8217;nde okutulacak Mevlid-i \u015eerif ve Antalya K\u00fclt\u00fcr Merkezi&#8217;nde ger\u00e7ekle\u015fecek etkinliklerle devam edecek.<\/p>\n<p>&#8220;1071&#8217;den de \u00e7ok \u00f6nce geldik&#8221;<br \/>\nAntalya&#8217;n\u0131n fethiyle ilgili de\u011ferlendirmelerde bulunan Vali \u015eahin, Anadolu&#8217;nun T\u00fcrkle\u015fme s\u00fcrecinde 1071 Malazgirt Zaferi kadar, Antalya&#8217;n\u0131n 1207 y\u0131l\u0131nda fethedilmesinin de \u00f6nemli bir d\u00f6n\u00fcm noktas\u0131 oldu\u011funu belirtti. \u015eahin, &#8220;Biliyoruz ki Anadolu&#8217;ya \u00e7ok \u00f6nce geldik. 1071&#8217;den de \u00e7ok \u00f6nce geldik. Ama 1071 ve sonras\u0131ndaki bu tarihler i\u015fte denize gelip Antalya&#8217;y\u0131 fethetti\u011fimiz 1207 de bunlardan biridir. Bu tarihler bizim devletimizi kurdu\u011fumuz yani art\u0131k tapu senedini ald\u0131\u011f\u0131m\u0131z kal\u0131c\u0131 oldu\u011fumuz tarihler. Ve bu kal\u0131c\u0131l\u0131k yakla\u015f\u0131k bin y\u0131ld\u0131r devam ediyor. Bu co\u011frafya art\u0131k bizim vatan\u0131m\u0131z. Akdeniz&#8217;de bizim evimiz art\u0131k Mavi Vatan&#8217;dan da g\u00f6k vatandan da bahsediyoruz. Bunlar ecdad\u0131n b\u00fcy\u00fck m\u00fccadeleleri emekleriyle oldu&#8221; ifadelerini kulland\u0131.<\/p>\n<p>&#8220;Atat\u00fcrk&#8217;\u00fcn bu ziyareti bir mesaj niteli\u011findeydi&#8221;<br \/>\nAtat\u00fcrk&#8217;\u00fcn 6 Mart 1930&#8217;daki Antalya ziyaretinin tarih\u00ee \u00f6nemine de de\u011finen Vali \u015eahin, bu gezinin sadece bir \u015fehir ziyareti olmad\u0131\u011f\u0131n\u0131, d\u00f6nemin uluslararas\u0131 geli\u015fmeleri meyan\u0131nda b\u00fcy\u00fck bir mesaj i\u00e7erdi\u011fini vurgulad\u0131. O d\u00f6nemde fa\u015fist Mussolini \u0130talya&#8217;s\u0131n\u0131n Antalya ba\u015fta olmak \u00fczere Akdeniz ve Ege k\u0131y\u0131lar\u0131nda hak iddia etti\u011fini hat\u0131rlatan Vali \u015eahin, Atat\u00fcrk&#8217;\u00fcn bu ziyaretle T\u00fcrkiye&#8217;nin kararl\u0131l\u0131\u011f\u0131n\u0131 net bir \u015fekilde g\u00f6sterdi\u011fini belirterek, \u015f\u00f6yle devam etti:<br \/>\n&#8220;Atat\u00fcrk&#8217;\u00fcn bu ziyareti bir mesaj niteli\u011findeydi. &#8216;Bu topraklar bizim vatan\u0131m\u0131z. Biz bu topraklar\u0131 kimseye vermeyiz. Ne gerekirse onu yapmaya da haz\u0131r\u0131z. Sava\u015fsa sava\u015f.&#8217; Bu mesaj\u0131 Antalya&#8217;dan verdi. Ve son derecede cayd\u0131r\u0131c\u0131 oldu. Mussolini \u0130talya&#8217;s\u0131, T\u00fcrkiye&#8217;ye kar\u015f\u0131 bir ileri harekattan ya da bir sava\u015ftan ka\u00e7\u0131nd\u0131. Daha sonra 1939&#8217;da da \u0130kinci D\u00fcnya Sava\u015f\u0131 patlak verdi. T\u00fcrkiye&#8217;nin Anadolu co\u011frafyas\u0131 ba\u015fta olmak \u00fczere birli\u011finin, b\u00fct\u00fcnl\u00fc\u011f\u00fcn\u00fcn bunlar kilometre ta\u015flar\u0131d\u0131r. Biz Antalya olarak bu kilometre ta\u015flar\u0131n\u0131 yeni nesle anlatmak, tan\u0131tmak istiyoruz.&#8221;<\/p>\n<p>Kaynak: www.kanalv.com.tr Haber Sitesinden Al\u0131nm\u0131\u015ft\u0131r.<\/p>","protected":false},"excerpt":{"rendered":"<p>Vali Hulusi \u015eahin, Antalya&#8217;n\u0131n Fethi&#8217;nin 818. y\u0131l d\u00f6n\u00fcm\u00fc ve Gazi Mustafa Kemal Atat\u00fcrk&#8217;\u00fcn Antalya&#8217;ya geli\u015finin 95. y\u0131l d\u00f6n\u00fcm\u00fc dolay\u0131s\u0131yla d\u00fczenlenecek etkinlikleri bas\u0131n toplant\u0131s\u0131yla duyurdu. Antalya Valili\u011fi himayelerinde, Antalya B\u00fcy\u00fck\u015fehir Belediyesi, Akdeniz \u00dcniversitesi ve \u00e7e\u015fitli kurumlar\u0131n katk\u0131lar\u0131yla ger\u00e7ekle\u015ftirilecek olan kutlamalar, Antalya&#8217;n\u0131n tarihi a\u00e7\u0131s\u0131ndan b\u00fcy\u00fck \u00f6nem ta\u015f\u0131yor. Antalya&#8217;n\u0131n Fethi&#8217;nin 818. y\u0131l d\u00f6n\u00fcm\u00fc kutlamalar\u0131; 5 Mart \u00c7ar\u015famba g\u00fcn\u00fc Akdeniz \u00dcniversitesi taraf\u0131ndan geleneksel olarak d\u00fczenlenen Uluslararas\u0131 Antalya Fetih Sempozyumu kapsam\u0131nda, Edebiyat Fak\u00fcltesi&#8217;nde Prof. Dr. Ha\u015fim \u015eahin&#8217;in &#8220;Antalya&#8217;n\u0131n Fethi ve T\u00fcrk Tarihi A\u00e7\u0131s\u0131ndan \u00d6nemi&#8221; konferans\u0131yla ba\u015flayacak. Program, Muratpa\u015fa Camii&#8217;nde okutulacak Mevlid-i \u015eerif ve Antalya K\u00fclt\u00fcr Merkezi&#8217;nde ger\u00e7ekle\u015fecek etkinliklerle devam edecek. &#8220;1071&#8217;den de \u00e7ok \u00f6nce geldik&#8221; Antalya&#8217;n\u0131n fethiyle ilgili de\u011ferlendirmelerde bulunan Vali \u015eahin, Anadolu&#8217;nun T\u00fcrkle\u015fme s\u00fcrecinde 1071 Malazgirt Zaferi kadar, Antalya&#8217;n\u0131n 1207 y\u0131l\u0131nda fethedilmesinin de \u00f6nemli bir d\u00f6n\u00fcm noktas\u0131 oldu\u011funu belirtti. \u015eahin, &#8220;Biliyoruz ki Anadolu&#8217;ya \u00e7ok \u00f6nce geldik. 1071&#8217;den de \u00e7ok \u00f6nce geldik. Ama 1071 ve sonras\u0131ndaki bu tarihler i\u015fte denize gelip Antalya&#8217;y\u0131 fethetti\u011fimiz 1207 de bunlardan biridir. Bu tarihler bizim devletimizi kurdu\u011fumuz yani art\u0131k tapu senedini ald\u0131\u011f\u0131m\u0131z kal\u0131c\u0131 oldu\u011fumuz tarihler. Ve bu kal\u0131c\u0131l\u0131k yakla\u015f\u0131k bin y\u0131ld\u0131r devam ediyor. Bu co\u011frafya art\u0131k bizim vatan\u0131m\u0131z. Akdeniz&#8217;de bizim evimiz art\u0131k Mavi Vatan&#8217;dan da g\u00f6k vatandan da bahsediyoruz. Bunlar ecdad\u0131n b\u00fcy\u00fck m\u00fccadeleleri emekleriyle oldu&#8221; ifadelerini kulland\u0131. &#8220;Atat\u00fcrk&#8217;\u00fcn bu ziyareti &hellip;<\/p>","protected":false},"author":4,"featured_media":34268,"comment_status":"open","ping_status":"open","sticky":false,"template":"","format":"standard","meta":{"_acf_changed":false,"footnotes":""},"categories":[26],"tags":[],"class_list":["post-34267","post","type-post","status-publish","format-standard","has-post-thumbnail","hentry","category-antalya"],"acf":[],"yoast_head":"<!-- This site is optimized with the Yoast SEO Premium plugin v26.6 (Yoast SEO v27.1.1) - https:\/\/yoast.com\/product\/yoast-seo-premium-wordpress\/ -->\n<title>Antalya&#039;n\u0131n tarihi g\u00fcnleri yeniden ya\u015fanacak - Av. Deniz Can K\u0131z\u0131l<\/title>\n<meta name=\"robots\" content=\"index, follow, max-snippet:-1, max-image-preview:large, max-video-preview:-1\" \/>\n<link rel=\"canonical\" href=\"https:\/\/denizcankizil.tr\/de\/haberler\/antalya\/antalyanin-tarihi-gunleri-yeniden-yasanacak\/\" \/>\n<meta property=\"og:locale\" content=\"de_DE\" \/>\n<meta property=\"og:type\" content=\"article\" \/>\n<meta property=\"og:title\" content=\"Antalya&#039;n\u0131n tarihi g\u00fcnleri yeniden ya\u015fanacak\" \/>\n<meta property=\"og:description\" content=\"Vali Hulusi \u015eahin, Antalya&#8217;n\u0131n Fethi&#8217;nin 818. y\u0131l d\u00f6n\u00fcm\u00fc ve Gazi Mustafa Kemal Atat\u00fcrk&#8217;\u00fcn Antalya&#8217;ya geli\u015finin 95. y\u0131l d\u00f6n\u00fcm\u00fc dolay\u0131s\u0131yla d\u00fczenlenecek etkinlikleri bas\u0131n toplant\u0131s\u0131yla duyurdu. Antalya Valili\u011fi himayelerinde, Antalya B\u00fcy\u00fck\u015fehir Belediyesi, Akdeniz \u00dcniversitesi ve \u00e7e\u015fitli kurumlar\u0131n katk\u0131lar\u0131yla ger\u00e7ekle\u015ftirilecek olan kutlamalar, Antalya&#8217;n\u0131n tarihi a\u00e7\u0131s\u0131ndan b\u00fcy\u00fck \u00f6nem ta\u015f\u0131yor. Antalya&#8217;n\u0131n Fethi&#8217;nin 818. y\u0131l d\u00f6n\u00fcm\u00fc kutlamalar\u0131; 5 Mart \u00c7ar\u015famba g\u00fcn\u00fc Akdeniz \u00dcniversitesi taraf\u0131ndan geleneksel olarak d\u00fczenlenen Uluslararas\u0131 Antalya Fetih Sempozyumu kapsam\u0131nda, Edebiyat Fak\u00fcltesi&#8217;nde Prof. Dr. Ha\u015fim \u015eahin&#8217;in &#8220;Antalya&#8217;n\u0131n Fethi ve T\u00fcrk Tarihi A\u00e7\u0131s\u0131ndan \u00d6nemi&#8221; konferans\u0131yla ba\u015flayacak. Program, Muratpa\u015fa Camii&#8217;nde okutulacak Mevlid-i \u015eerif ve Antalya K\u00fclt\u00fcr Merkezi&#8217;nde ger\u00e7ekle\u015fecek etkinliklerle devam edecek. &#8220;1071&#8217;den de \u00e7ok \u00f6nce geldik&#8221; Antalya&#8217;n\u0131n fethiyle ilgili de\u011ferlendirmelerde bulunan Vali \u015eahin, Anadolu&#8217;nun T\u00fcrkle\u015fme s\u00fcrecinde 1071 Malazgirt Zaferi kadar, Antalya&#8217;n\u0131n 1207 y\u0131l\u0131nda fethedilmesinin de \u00f6nemli bir d\u00f6n\u00fcm noktas\u0131 oldu\u011funu belirtti. \u015eahin, &#8220;Biliyoruz ki Anadolu&#8217;ya \u00e7ok \u00f6nce geldik. 1071&#8217;den de \u00e7ok \u00f6nce geldik. Ama 1071 ve sonras\u0131ndaki bu tarihler i\u015fte denize gelip Antalya&#8217;y\u0131 fethetti\u011fimiz 1207 de bunlardan biridir. Bu tarihler bizim devletimizi kurdu\u011fumuz yani art\u0131k tapu senedini ald\u0131\u011f\u0131m\u0131z kal\u0131c\u0131 oldu\u011fumuz tarihler. Ve bu kal\u0131c\u0131l\u0131k yakla\u015f\u0131k bin y\u0131ld\u0131r devam ediyor. Bu co\u011frafya art\u0131k bizim vatan\u0131m\u0131z. Akdeniz&#8217;de bizim evimiz art\u0131k Mavi Vatan&#8217;dan da g\u00f6k vatandan da bahsediyoruz. Bunlar ecdad\u0131n b\u00fcy\u00fck m\u00fccadeleleri emekleriyle oldu&#8221; ifadelerini kulland\u0131. &#8220;Atat\u00fcrk&#8217;\u00fcn bu ziyareti &hellip;\" \/>\n<meta property=\"og:url\" content=\"https:\/\/denizcankizil.tr\/de\/haberler\/antalya\/antalyanin-tarihi-gunleri-yeniden-yasanacak\/\" \/>\n<meta property=\"og:site_name\" content=\"Av. Deniz Can K\u0131z\u0131l\" \/>\n<meta property=\"article:published_time\" content=\"2025-02-27T10:41:51+00:00\" \/>\n<meta property=\"og:image\" content=\"https:\/\/denizcankizil.tr\/wp-content\/uploads\/2025\/02\/5213-01-o0Bcy6.jpeg\" \/>\n\t<meta property=\"og:image:width\" content=\"1280\" \/>\n\t<meta property=\"og:image:height\" content=\"720\" \/>\n\t<meta property=\"og:image:type\" content=\"image\/jpeg\" \/>\n<meta name=\"author\" content=\"Av. Deniz Can K\u0131z\u0131l\" \/>\n<meta name=\"twitter:card\" content=\"summary_large_image\" \/>\n<meta name=\"twitter:label1\" content=\"Verfasst von\" \/>\n\t<meta name=\"twitter:data1\" content=\"Av. Deniz Can K\u0131z\u0131l\" \/>\n\t<meta name=\"twitter:label2\" content=\"Gesch\u00e4tzte Lesezeit\" \/>\n\t<meta name=\"twitter:data2\" content=\"2\u00a0Minuten\" \/>\n<script type=\"application\/ld+json\" class=\"yoast-schema-graph\">{\"@context\":\"https:\/\/schema.org\",\"@graph\":[{\"@type\":\"Article\",\"@id\":\"https:\/\/denizcankizil.tr\/de\/haberler\/antalya\/antalyanin-tarihi-gunleri-yeniden-yasanacak\/#article\",\"isPartOf\":{\"@id\":\"https:\/\/denizcankizil.tr\/de\/haberler\/antalya\/antalyanin-tarihi-gunleri-yeniden-yasanacak\/\"},\"author\":{\"name\":\"Av. Deniz Can K\u0131z\u0131l\",\"@id\":\"https:\/\/denizcankizil.tr\/#\/schema\/person\/5dc1b22991bd7ac833867c10afc9b0ff\"},\"headline\":\"Antalya&#8217;n\u0131n tarihi g\u00fcnleri yeniden ya\u015fanacak\",\"datePublished\":\"2025-02-27T10:41:51+00:00\",\"mainEntityOfPage\":{\"@id\":\"https:\/\/denizcankizil.tr\/de\/haberler\/antalya\/antalyanin-tarihi-gunleri-yeniden-yasanacak\/\"},\"wordCount\":522,\"commentCount\":0,\"publisher\":{\"@id\":\"https:\/\/denizcankizil.tr\/#organization\"},\"image\":{\"@id\":\"https:\/\/denizcankizil.tr\/de\/haberler\/antalya\/antalyanin-tarihi-gunleri-yeniden-yasanacak\/#primaryimage\"},\"thumbnailUrl\":\"https:\/\/denizcankizil.tr\/wp-content\/uploads\/2025\/02\/5213-01-o0Bcy6.jpeg\",\"articleSection\":[\"Antalya\"],\"inLanguage\":\"de\",\"potentialAction\":[{\"@type\":\"CommentAction\",\"name\":\"Comment\",\"target\":[\"https:\/\/denizcankizil.tr\/de\/haberler\/antalya\/antalyanin-tarihi-gunleri-yeniden-yasanacak\/#respond\"]}]},{\"@type\":\"WebPage\",\"@id\":\"https:\/\/denizcankizil.tr\/de\/haberler\/antalya\/antalyanin-tarihi-gunleri-yeniden-yasanacak\/\",\"url\":\"https:\/\/denizcankizil.tr\/de\/haberler\/antalya\/antalyanin-tarihi-gunleri-yeniden-yasanacak\/\",\"name\":\"Antalya'n\u0131n tarihi g\u00fcnleri yeniden ya\u015fanacak - Av. Deniz Can K\u0131z\u0131l\",\"isPartOf\":{\"@id\":\"https:\/\/denizcankizil.tr\/#website\"},\"primaryImageOfPage\":{\"@id\":\"https:\/\/denizcankizil.tr\/de\/haberler\/antalya\/antalyanin-tarihi-gunleri-yeniden-yasanacak\/#primaryimage\"},\"image\":{\"@id\":\"https:\/\/denizcankizil.tr\/de\/haberler\/antalya\/antalyanin-tarihi-gunleri-yeniden-yasanacak\/#primaryimage\"},\"thumbnailUrl\":\"https:\/\/denizcankizil.tr\/wp-content\/uploads\/2025\/02\/5213-01-o0Bcy6.jpeg\",\"datePublished\":\"2025-02-27T10:41:51+00:00\",\"breadcrumb\":{\"@id\":\"https:\/\/denizcankizil.tr\/de\/haberler\/antalya\/antalyanin-tarihi-gunleri-yeniden-yasanacak\/#breadcrumb\"},\"inLanguage\":\"de\",\"potentialAction\":[{\"@type\":\"ReadAction\",\"target\":[\"https:\/\/denizcankizil.tr\/de\/haberler\/antalya\/antalyanin-tarihi-gunleri-yeniden-yasanacak\/\"]}]},{\"@type\":\"ImageObject\",\"inLanguage\":\"de\",\"@id\":\"https:\/\/denizcankizil.tr\/de\/haberler\/antalya\/antalyanin-tarihi-gunleri-yeniden-yasanacak\/#primaryimage\",\"url\":\"https:\/\/denizcankizil.tr\/wp-content\/uploads\/2025\/02\/5213-01-o0Bcy6.jpeg\",\"contentUrl\":\"https:\/\/denizcankizil.tr\/wp-content\/uploads\/2025\/02\/5213-01-o0Bcy6.jpeg\",\"width\":1280,\"height\":720},{\"@type\":\"BreadcrumbList\",\"@id\":\"https:\/\/denizcankizil.tr\/de\/haberler\/antalya\/antalyanin-tarihi-gunleri-yeniden-yasanacak\/#breadcrumb\",\"itemListElement\":[{\"@type\":\"ListItem\",\"position\":1,\"name\":\"Home\",\"item\":\"https:\/\/denizcankizil.tr\/de\/\"},{\"@type\":\"ListItem\",\"position\":2,\"name\":\"Antalya&#8217;n\u0131n tarihi g\u00fcnleri yeniden ya\u015fanacak\"}]},{\"@type\":\"WebSite\",\"@id\":\"https:\/\/denizcankizil.tr\/#website\",\"url\":\"https:\/\/denizcankizil.tr\/\",\"name\":\"Av. Deniz Can K\u0131z\u0131l\",\"description\":\"Avukat Deniz Can K\u0131z\u0131l Antalya Barosu\",\"publisher\":{\"@id\":\"https:\/\/denizcankizil.tr\/#organization\"},\"potentialAction\":[{\"@type\":\"SearchAction\",\"target\":{\"@type\":\"EntryPoint\",\"urlTemplate\":\"https:\/\/denizcankizil.tr\/?s={search_term_string}\"},\"query-input\":{\"@type\":\"PropertyValueSpecification\",\"valueRequired\":true,\"valueName\":\"search_term_string\"}}],\"inLanguage\":\"de\"},{\"@type\":\"Organization\",\"@id\":\"https:\/\/denizcankizil.tr\/#organization\",\"name\":\"Av. Deniz Can K\u0131z\u0131l\",\"url\":\"https:\/\/denizcankizil.tr\/\",\"logo\":{\"@type\":\"ImageObject\",\"inLanguage\":\"de\",\"@id\":\"https:\/\/denizcankizil.tr\/#\/schema\/logo\/image\/\",\"url\":\"https:\/\/denizcankizil.tr\/wp-content\/uploads\/2024\/10\/siyah-logo-svg.svg\",\"contentUrl\":\"https:\/\/denizcankizil.tr\/wp-content\/uploads\/2024\/10\/siyah-logo-svg.svg\",\"width\":1080,\"height\":1080,\"caption\":\"Av. Deniz Can K\u0131z\u0131l\"},\"image\":{\"@id\":\"https:\/\/denizcankizil.tr\/#\/schema\/logo\/image\/\"}},{\"@type\":\"Person\",\"@id\":\"https:\/\/denizcankizil.tr\/#\/schema\/person\/5dc1b22991bd7ac833867c10afc9b0ff\",\"name\":\"Av. Deniz Can K\u0131z\u0131l\",\"image\":{\"@type\":\"ImageObject\",\"inLanguage\":\"de\",\"@id\":\"https:\/\/denizcankizil.tr\/#\/schema\/person\/image\/\",\"url\":\"https:\/\/secure.gravatar.com\/avatar\/a0b128fb9855c79efc976d5640eedb31dc35ec297594d6016d2cf7c60e975bb6?s=96&d=mm&r=g\",\"contentUrl\":\"https:\/\/secure.gravatar.com\/avatar\/a0b128fb9855c79efc976d5640eedb31dc35ec297594d6016d2cf7c60e975bb6?s=96&d=mm&r=g\",\"caption\":\"Av. Deniz Can K\u0131z\u0131l\"},\"sameAs\":[\"http:\/\/www.denizcankizil.tr\"],\"url\":\"https:\/\/denizcankizil.tr\/de\/author\/denizcankizil\/\"}]}<\/script>\n<!-- \/ Yoast SEO Premium plugin. -->","yoast_head_json":{"title":"Antalya'n\u0131n tarihi g\u00fcnleri yeniden ya\u015fanacak - Av. Deniz Can K\u0131z\u0131l","robots":{"index":"index","follow":"follow","max-snippet":"max-snippet:-1","max-image-preview":"max-image-preview:large","max-video-preview":"max-video-preview:-1"},"canonical":"https:\/\/denizcankizil.tr\/de\/haberler\/antalya\/antalyanin-tarihi-gunleri-yeniden-yasanacak\/","og_locale":"de_DE","og_type":"article","og_title":"Antalya'n\u0131n tarihi g\u00fcnleri yeniden ya\u015fanacak","og_description":"Vali Hulusi \u015eahin, Antalya&#8217;n\u0131n Fethi&#8217;nin 818. y\u0131l d\u00f6n\u00fcm\u00fc ve Gazi Mustafa Kemal Atat\u00fcrk&#8217;\u00fcn Antalya&#8217;ya geli\u015finin 95. y\u0131l d\u00f6n\u00fcm\u00fc dolay\u0131s\u0131yla d\u00fczenlenecek etkinlikleri bas\u0131n toplant\u0131s\u0131yla duyurdu. Antalya Valili\u011fi himayelerinde, Antalya B\u00fcy\u00fck\u015fehir Belediyesi, Akdeniz \u00dcniversitesi ve \u00e7e\u015fitli kurumlar\u0131n katk\u0131lar\u0131yla ger\u00e7ekle\u015ftirilecek olan kutlamalar, Antalya&#8217;n\u0131n tarihi a\u00e7\u0131s\u0131ndan b\u00fcy\u00fck \u00f6nem ta\u015f\u0131yor. Antalya&#8217;n\u0131n Fethi&#8217;nin 818. y\u0131l d\u00f6n\u00fcm\u00fc kutlamalar\u0131; 5 Mart \u00c7ar\u015famba g\u00fcn\u00fc Akdeniz \u00dcniversitesi taraf\u0131ndan geleneksel olarak d\u00fczenlenen Uluslararas\u0131 Antalya Fetih Sempozyumu kapsam\u0131nda, Edebiyat Fak\u00fcltesi&#8217;nde Prof. Dr. Ha\u015fim \u015eahin&#8217;in &#8220;Antalya&#8217;n\u0131n Fethi ve T\u00fcrk Tarihi A\u00e7\u0131s\u0131ndan \u00d6nemi&#8221; konferans\u0131yla ba\u015flayacak. Program, Muratpa\u015fa Camii&#8217;nde okutulacak Mevlid-i \u015eerif ve Antalya K\u00fclt\u00fcr Merkezi&#8217;nde ger\u00e7ekle\u015fecek etkinliklerle devam edecek. &#8220;1071&#8217;den de \u00e7ok \u00f6nce geldik&#8221; Antalya&#8217;n\u0131n fethiyle ilgili de\u011ferlendirmelerde bulunan Vali \u015eahin, Anadolu&#8217;nun T\u00fcrkle\u015fme s\u00fcrecinde 1071 Malazgirt Zaferi kadar, Antalya&#8217;n\u0131n 1207 y\u0131l\u0131nda fethedilmesinin de \u00f6nemli bir d\u00f6n\u00fcm noktas\u0131 oldu\u011funu belirtti. \u015eahin, &#8220;Biliyoruz ki Anadolu&#8217;ya \u00e7ok \u00f6nce geldik. 1071&#8217;den de \u00e7ok \u00f6nce geldik. Ama 1071 ve sonras\u0131ndaki bu tarihler i\u015fte denize gelip Antalya&#8217;y\u0131 fethetti\u011fimiz 1207 de bunlardan biridir. Bu tarihler bizim devletimizi kurdu\u011fumuz yani art\u0131k tapu senedini ald\u0131\u011f\u0131m\u0131z kal\u0131c\u0131 oldu\u011fumuz tarihler. Ve bu kal\u0131c\u0131l\u0131k yakla\u015f\u0131k bin y\u0131ld\u0131r devam ediyor. Bu co\u011frafya art\u0131k bizim vatan\u0131m\u0131z. Akdeniz&#8217;de bizim evimiz art\u0131k Mavi Vatan&#8217;dan da g\u00f6k vatandan da bahsediyoruz. Bunlar ecdad\u0131n b\u00fcy\u00fck m\u00fccadeleleri emekleriyle oldu&#8221; ifadelerini kulland\u0131. &#8220;Atat\u00fcrk&#8217;\u00fcn bu ziyareti &hellip;","og_url":"https:\/\/denizcankizil.tr\/de\/haberler\/antalya\/antalyanin-tarihi-gunleri-yeniden-yasanacak\/","og_site_name":"Av. Deniz Can K\u0131z\u0131l","article_published_time":"2025-02-27T10:41:51+00:00","og_image":[{"width":1280,"height":720,"url":"https:\/\/denizcankizil.tr\/wp-content\/uploads\/2025\/02\/5213-01-o0Bcy6.jpeg","type":"image\/jpeg"}],"author":"Av. Deniz Can K\u0131z\u0131l","twitter_card":"summary_large_image","twitter_misc":{"Verfasst von":"Av. Deniz Can K\u0131z\u0131l","Gesch\u00e4tzte Lesezeit":"2\u00a0Minuten"},"schema":{"@context":"https:\/\/schema.org","@graph":[{"@type":"Article","@id":"https:\/\/denizcankizil.tr\/de\/haberler\/antalya\/antalyanin-tarihi-gunleri-yeniden-yasanacak\/#article","isPartOf":{"@id":"https:\/\/denizcankizil.tr\/de\/haberler\/antalya\/antalyanin-tarihi-gunleri-yeniden-yasanacak\/"},"author":{"name":"Av. Deniz Can K\u0131z\u0131l","@id":"https:\/\/denizcankizil.tr\/#\/schema\/person\/5dc1b22991bd7ac833867c10afc9b0ff"},"headline":"Antalya&#8217;n\u0131n tarihi g\u00fcnleri yeniden ya\u015fanacak","datePublished":"2025-02-27T10:41:51+00:00","mainEntityOfPage":{"@id":"https:\/\/denizcankizil.tr\/de\/haberler\/antalya\/antalyanin-tarihi-gunleri-yeniden-yasanacak\/"},"wordCount":522,"commentCount":0,"publisher":{"@id":"https:\/\/denizcankizil.tr\/#organization"},"image":{"@id":"https:\/\/denizcankizil.tr\/de\/haberler\/antalya\/antalyanin-tarihi-gunleri-yeniden-yasanacak\/#primaryimage"},"thumbnailUrl":"https:\/\/denizcankizil.tr\/wp-content\/uploads\/2025\/02\/5213-01-o0Bcy6.jpeg","articleSection":["Antalya"],"inLanguage":"de","potentialAction":[{"@type":"CommentAction","name":"Comment","target":["https:\/\/denizcankizil.tr\/de\/haberler\/antalya\/antalyanin-tarihi-gunleri-yeniden-yasanacak\/#respond"]}]},{"@type":"WebPage","@id":"https:\/\/denizcankizil.tr\/de\/haberler\/antalya\/antalyanin-tarihi-gunleri-yeniden-yasanacak\/","url":"https:\/\/denizcankizil.tr\/de\/haberler\/antalya\/antalyanin-tarihi-gunleri-yeniden-yasanacak\/","name":"Antalya'n\u0131n tarihi g\u00fcnleri yeniden ya\u015fanacak - Av. Deniz Can K\u0131z\u0131l","isPartOf":{"@id":"https:\/\/denizcankizil.tr\/#website"},"primaryImageOfPage":{"@id":"https:\/\/denizcankizil.tr\/de\/haberler\/antalya\/antalyanin-tarihi-gunleri-yeniden-yasanacak\/#primaryimage"},"image":{"@id":"https:\/\/denizcankizil.tr\/de\/haberler\/antalya\/antalyanin-tarihi-gunleri-yeniden-yasanacak\/#primaryimage"},"thumbnailUrl":"https:\/\/denizcankizil.tr\/wp-content\/uploads\/2025\/02\/5213-01-o0Bcy6.jpeg","datePublished":"2025-02-27T10:41:51+00:00","breadcrumb":{"@id":"https:\/\/denizcankizil.tr\/de\/haberler\/antalya\/antalyanin-tarihi-gunleri-yeniden-yasanacak\/#breadcrumb"},"inLanguage":"de","potentialAction":[{"@type":"ReadAction","target":["https:\/\/denizcankizil.tr\/de\/haberler\/antalya\/antalyanin-tarihi-gunleri-yeniden-yasanacak\/"]}]},{"@type":"ImageObject","inLanguage":"de","@id":"https:\/\/denizcankizil.tr\/de\/haberler\/antalya\/antalyanin-tarihi-gunleri-yeniden-yasanacak\/#primaryimage","url":"https:\/\/denizcankizil.tr\/wp-content\/uploads\/2025\/02\/5213-01-o0Bcy6.jpeg","contentUrl":"https:\/\/denizcankizil.tr\/wp-content\/uploads\/2025\/02\/5213-01-o0Bcy6.jpeg","width":1280,"height":720},{"@type":"BreadcrumbList","@id":"https:\/\/denizcankizil.tr\/de\/haberler\/antalya\/antalyanin-tarihi-gunleri-yeniden-yasanacak\/#breadcrumb","itemListElement":[{"@type":"ListItem","position":1,"name":"Home","item":"https:\/\/denizcankizil.tr\/de\/"},{"@type":"ListItem","position":2,"name":"Antalya&#8217;n\u0131n tarihi g\u00fcnleri yeniden ya\u015fanacak"}]},{"@type":"WebSite","@id":"https:\/\/denizcankizil.tr\/#website","url":"https:\/\/denizcankizil.tr\/","name":"Av. Deniz Can K\u0131z\u0131l","description":"Avukat Deniz Can K\u0131z\u0131l Antalya Barosu","publisher":{"@id":"https:\/\/denizcankizil.tr\/#organization"},"potentialAction":[{"@type":"SearchAction","target":{"@type":"EntryPoint","urlTemplate":"https:\/\/denizcankizil.tr\/?s={search_term_string}"},"query-input":{"@type":"PropertyValueSpecification","valueRequired":true,"valueName":"search_term_string"}}],"inLanguage":"de"},{"@type":"Organization","@id":"https:\/\/denizcankizil.tr\/#organization","name":"Av. Deniz Can K\u0131z\u0131l","url":"https:\/\/denizcankizil.tr\/","logo":{"@type":"ImageObject","inLanguage":"de","@id":"https:\/\/denizcankizil.tr\/#\/schema\/logo\/image\/","url":"https:\/\/denizcankizil.tr\/wp-content\/uploads\/2024\/10\/siyah-logo-svg.svg","contentUrl":"https:\/\/denizcankizil.tr\/wp-content\/uploads\/2024\/10\/siyah-logo-svg.svg","width":1080,"height":1080,"caption":"Av. Deniz Can K\u0131z\u0131l"},"image":{"@id":"https:\/\/denizcankizil.tr\/#\/schema\/logo\/image\/"}},{"@type":"Person","@id":"https:\/\/denizcankizil.tr\/#\/schema\/person\/5dc1b22991bd7ac833867c10afc9b0ff","name":"Av. Deniz Can K\u0131z\u0131l","image":{"@type":"ImageObject","inLanguage":"de","@id":"https:\/\/denizcankizil.tr\/#\/schema\/person\/image\/","url":"https:\/\/secure.gravatar.com\/avatar\/a0b128fb9855c79efc976d5640eedb31dc35ec297594d6016d2cf7c60e975bb6?s=96&d=mm&r=g","contentUrl":"https:\/\/secure.gravatar.com\/avatar\/a0b128fb9855c79efc976d5640eedb31dc35ec297594d6016d2cf7c60e975bb6?s=96&d=mm&r=g","caption":"Av. Deniz Can K\u0131z\u0131l"},"sameAs":["http:\/\/www.denizcankizil.tr"],"url":"https:\/\/denizcankizil.tr\/de\/author\/denizcankizil\/"}]}},"_links":{"self":[{"href":"https:\/\/denizcankizil.tr\/de\/wp-json\/wp\/v2\/posts\/34267","targetHints":{"allow":["GET"]}}],"collection":[{"href":"https:\/\/denizcankizil.tr\/de\/wp-json\/wp\/v2\/posts"}],"about":[{"href":"https:\/\/denizcankizil.tr\/de\/wp-json\/wp\/v2\/types\/post"}],"author":[{"embeddable":true,"href":"https:\/\/denizcankizil.tr\/de\/wp-json\/wp\/v2\/users\/4"}],"replies":[{"embeddable":true,"href":"https:\/\/denizcankizil.tr\/de\/wp-json\/wp\/v2\/comments?post=34267"}],"version-history":[{"count":0,"href":"https:\/\/denizcankizil.tr\/de\/wp-json\/wp\/v2\/posts\/34267\/revisions"}],"wp:featuredmedia":[{"embeddable":true,"href":"https:\/\/denizcankizil.tr\/de\/wp-json\/wp\/v2\/media\/34268"}],"wp:attachment":[{"href":"https:\/\/denizcankizil.tr\/de\/wp-json\/wp\/v2\/media?parent=34267"}],"wp:term":[{"taxonomy":"category","embeddable":true,"href":"https:\/\/denizcankizil.tr\/de\/wp-json\/wp\/v2\/categories?post=34267"},{"taxonomy":"post_tag","embeddable":true,"href":"https:\/\/denizcankizil.tr\/de\/wp-json\/wp\/v2\/tags?post=34267"}],"curies":[{"name":"wp","href":"https:\/\/api.w.org\/{rel}","templated":true}]}}